{"id":37468,"date":"2021-11-10T14:10:57","date_gmt":"2021-11-10T12:10:57","guid":{"rendered":"https:\/\/www.laguiadepamplona.com\/actualidad\/?p=37468"},"modified":"2023-04-11T11:48:47","modified_gmt":"2023-04-11T09:48:47","slug":"el-vi-foro-de-la-diversidad-cultural-de-pamplona-pasa-revista-a-un-ano-de-acciones-en-la-ciudad-y-avanza-contenidos-para-2022","status":"publish","type":"post","link":"https:\/\/www.laguiadepamplona.com\/actualidad\/el-vi-foro-de-la-diversidad-cultural-de-pamplona-pasa-revista-a-un-ano-de-acciones-en-la-ciudad-y-avanza-contenidos-para-2022\/","title":{"rendered":"El VI Foro de la Diversidad Cultural de Pamplona pasa revista a un a\u00f1o de acciones en la ciudad y avanza contenidos para 2022"},"content":{"rendered":"<h5>La reuni\u00f3n se ha realizado bajo la presidencia del concejal delegado del \u00c1rea de Educaci\u00f3n, Participaci\u00f3n y Juventud, Fernando Sesma<\/h5>\n<p><!--more--><\/p>\n<p>Los locales municipales de la calle Calderer\u00eda han acogido la reuni\u00f3n del VI Foro de la Diversidad Cultural de Pamplona, bajo la presidencia del concejal delegado del \u00c1rea de Educaci\u00f3n, Participaci\u00f3n y Juventud, Fernando Sesma, que ha estado acompa\u00f1ado por t\u00e9cnicos municipales. A la reuni\u00f3n estaban invitadas las asociaciones registradas en la ciudad que trabajan en el \u00e1mbito de la diversidad y la interculturalidad y, concretamente, han asistido representaciones de Asvena, Morenada de los Andes, Diablada Urus, Federaci\u00f3n de Casas Regionales de Navarra, Aproena, Casa Chile, Centro Argentino Navarro, Renacer Andino, Lar Gallego, Asociaci\u00f3n de Amigos del Camino de Santiago y Abrasnorte, as\u00ed como representantes de los grupos municipales.<\/p>\n<p><script async src=\"\/\/pagead2.googlesyndication.com\/pagead\/js\/adsbygoogle.js\"><\/script><br \/>\n<!-- Noticias La Guia de Pamplona --><br \/>\n<ins class=\"adsbygoogle\"\nstyle=\"display:block\"\ndata-ad-client=\"ca-pub-6943679897239327\"\ndata-ad-slot=\"7048180777\"\ndata-ad-format=\"auto\"><\/ins><br \/>\n<script>\n(adsbygoogle = window.adsbygoogle || []).push({});\n<\/script><\/p>\n<p>Siguiendo el orden del d\u00eda, se ha abordado el estado de los trabajos preliminares para el \u201cDiagn\u00f3stico de Diversidad Cultural y Ciudadan\u00eda Inclusiva de Pamplona\u201d, un trabajo emprendido por el Ayuntamiento de Pamplona que busca conocer el grado y la calidad de la coexistencia entre las diferentes culturas que conforman la sociedad pamplonesa. Este diagn\u00f3stico ha venido apoyado por un sistema de encuestas <em>on line<\/em> que han respondido 994 personas y seguir\u00e1 abierto hasta el viernes 12 de noviembre en la web de Participaci\u00f3n Ciudadana <a href=\"https:\/\/erabaki.pamplona.es\/processes\/PlanDiversidadCultural\/f\/234\/\" target=\"_blank\" rel=\"noopener\">Erabaki.<\/a> Este documento ser\u00e1 uno de los pasos previos a la redacci\u00f3n del \u201c<a href=\"https:\/\/erabaki.pamplona.es\/processes\/PlanDiversidadCultural\" target=\"_blank\" rel=\"noopener\">I Plan de Diversidad Cultural y Ciudadan\u00eda Inclusiva de Pamplona<\/a>\u201d, que est\u00e1 previsto concluir en 2022. El Plan recoger\u00e1 las acciones y las propuestas dirigidas a toda la ciudadan\u00eda para que Pamplona avance y mejore en materia de diversidad cultural.<\/p>\n<p>En la sesi\u00f3n se ha avanzado sobre los proyectos de trabajo para 2022 en el \u00e1mbito de la diversidad cultural, poniendo especial \u00e9nfasis a la detecci\u00f3n de nuevas necesidades. Entre las acciones ya previstas: la realizaci\u00f3n de talleres para recoger propuestas en el primer trimestre del a\u00f1o o, de forma m\u00e1s pr\u00f3xima, la celebraci\u00f3n el 18 de diciembre del D\u00eda del Migrante. Seg\u00fan datos del Padr\u00f3n del Ayuntamiento de Pamplona, en abril de este a\u00f1o, un 20,4% de la poblaci\u00f3n de la ciudad ha nacido en el extranjero (42.442 personas). El Foro de la Diversidad Cultural de Pamplona es lugar de encuentro que el Ayuntamiento constituy\u00f3 en diciembre de 2016 para trabajar por el ejercicio efectivo de los derechos y por la igualdad de oportunidades de toda la ciudadan\u00eda y que parte de la base de que la diversidad cultural es enriquecedora y patrimonio com\u00fan de los habitantes de Pamplona.<\/p>\n<p><script async src=\"\/\/pagead2.googlesyndication.com\/pagead\/js\/adsbygoogle.js\"><\/script><br \/>\n<!-- Noticias La Guia de Pamplona --><br \/>\n<ins class=\"adsbygoogle\"\nstyle=\"display:block\"\ndata-ad-client=\"ca-pub-6943679897239327\"\ndata-ad-slot=\"7048180777\"\ndata-ad-format=\"auto\"><\/ins><br \/>\n<script>\n(adsbygoogle = window.adsbygoogle || []).push({});\n<\/script><\/p>\n<p><strong>Un a\u00f1o de acciones por la diversidad<\/strong><\/p>\n<p>En el transcurso de la reuni\u00f3n tambi\u00e9n se ha realizado un resumen de las actividades impulsadas por el Consistorio este a\u00f1o. Adem\u00e1s de la recepci\u00f3n oficial por el D\u00eda de la Hispanidad el pasado octubre, en septiembre se programaron seis talleres participativos gratuitos cara a identificar las fortalezas y oportunidades que trae aparejada la convivencia entre culturas en los que participaron 30 personas, y en la Ciudadela se celebr\u00f3 el primer ciclo \u2018Folklore del mundo\u2019 con m\u00e1s de 300 int\u00e9rpretes y al que acudieron m\u00e1s de 1.200 personas. Tambi\u00e9n se ha destacado la exposici\u00f3n \u201cInstant\u00e1neas, frases que desmontan el racismo\u201d que este pr\u00f3ximo a\u00f1o se va a llevar de forma itinerante a los centros escolares para trabajar con su alumnado contenidos contra el racismo.<\/p>\n<p>El apoyo municipal tambi\u00e9n se ha traducido este a\u00f1o en las subvenciones que han repartido 40.000 euros entre 18 asociaciones diferentes o en el apoyo a \u2018Uniendo lazos\u2019, una feria de asociaciones de diversidad cultural que se ha celebrado este oto\u00f1o en los andenes de la antigua estaci\u00f3n de autobuses. Este 2021, en el mes de mayo, y coincidiendo con la celebraci\u00f3n del \u2018D\u00eda Internacional de la Diversidad Cultural\u2019, adem\u00e1s de un encuentro oficial con asociaciones, el Ayuntamiento por primera vez lanz\u00f3 la campa\u00f1a institucional audiovisual, a\u00fan activa en el espacio p\u00fablico: \u2018Pamplona polita\/cosmopolita\u2019 por una ciudad diversa, integradora, multicultural y abierta. Parte de estas acciones han sido posibles gracias al acuerdo presupuestario alcanzado por los grupos municipales Navarra Suma y Socialistas del Ayuntamiento de Pamplona.<\/p>\n","protected":false},"excerpt":{"rendered":"<p>La reuni\u00f3n se ha realizado bajo la presidencia del concejal delegado del \u00c1rea de Educaci\u00f3n, Participaci\u00f3n y Juventud, Fernando Sesma<\/p>\n","protected":false},"author":1,"featured_media":36074,"comment_status":"open","ping_status":"closed","sticky":false,"template":"","format":"standard","meta":{"footnotes":""},"categories":[2],"tags":[],"class_list":["post-37468","post","type-post","status-publish","format-standard","has-post-thumbnail","hentry","category-ayuntamiento-pamplona"],"yoast_head":"<!-- This site is optimized with the Yoast SEO plugin v27.5 - https:\/\/yoast.com\/product\/yoast-seo-wordpress\/ -->\n<title>El VI Foro de la Diversidad Cultural de Pamplona pasa revista a un a\u00f1o de acciones en la ciudad y avanza contenidos para 2022<\/title>\n<meta name=\"description\" content=\"La reuni\u00f3n se ha realizado bajo la presidencia del concejal delegado del \u00c1rea de Educaci\u00f3n, Participaci\u00f3n y Juventud, Fernando Sesma\" \/>\n<meta name=\"robots\" content=\"index, follow, max-snippet:-1, max-image-preview:large, max-video-preview:-1\" \/>\n<link rel=\"canonical\" href=\"https:\/\/www.laguiadepamplona.com\/actualidad\/el-vi-foro-de-la-diversidad-cultural-de-pamplona-pasa-revista-a-un-ano-de-acciones-en-la-ciudad-y-avanza-contenidos-para-2022\/\" \/>\n<meta property=\"og:locale\" content=\"es_ES\" \/>\n<meta property=\"og:type\" content=\"article\" \/>\n<meta property=\"og:title\" content=\"El VI Foro de la Diversidad Cultural de Pamplona pasa revista a un a\u00f1o de acciones en la ciudad y avanza contenidos para 2022\" \/>\n<meta property=\"og:description\" content=\"La reuni\u00f3n se ha realizado bajo la presidencia del concejal delegado del \u00c1rea de Educaci\u00f3n, Participaci\u00f3n y Juventud, Fernando Sesma\" \/>\n<meta property=\"og:url\" content=\"https:\/\/www.laguiadepamplona.com\/actualidad\/el-vi-foro-de-la-diversidad-cultural-de-pamplona-pasa-revista-a-un-ano-de-acciones-en-la-ciudad-y-avanza-contenidos-para-2022\/\" \/>\n<meta property=\"og:site_name\" content=\"La Gu\u00eda de Pamplona\" \/>\n<meta property=\"article:publisher\" content=\"https:\/\/www.facebook.com\/laguiadepamplonacom-133175176762273\/?ref=hl\" \/>\n<meta property=\"article:published_time\" content=\"2021-11-10T12:10:57+00:00\" \/>\n<meta property=\"article:modified_time\" content=\"2023-04-11T09:48:47+00:00\" \/>\n<meta property=\"og:image\" content=\"https:\/\/www.laguiadepamplona.com\/actualidad\/wp-content\/uploads\/2021\/08\/ayuntamiento-pamplona2.jpg\" \/>\n\t<meta property=\"og:image:width\" content=\"1920\" \/>\n\t<meta property=\"og:image:height\" content=\"1080\" \/>\n\t<meta property=\"og:image:type\" content=\"image\/jpeg\" \/>\n<meta name=\"author\" content=\"La Gu\u00eda de Pamplona\" \/>\n<meta name=\"twitter:card\" content=\"summary_large_image\" \/>\n<meta name=\"twitter:creator\" content=\"@LaGuiadPamplona\" \/>\n<meta name=\"twitter:site\" content=\"@LaGuiadPamplona\" \/>\n<meta name=\"twitter:label1\" content=\"Escrito por\" \/>\n\t<meta name=\"twitter:data1\" content=\"La Gu\u00eda de Pamplona\" \/>\n\t<meta name=\"twitter:label2\" content=\"Tiempo de lectura\" \/>\n\t<meta name=\"twitter:data2\" content=\"3 minutos\" \/>\n<script type=\"application\/ld+json\" class=\"yoast-schema-graph\">{\"@context\":\"https:\\\/\\\/schema.org\",\"@graph\":[{\"@type\":\"Article\",\"@id\":\"https:\\\/\\\/www.laguiadepamplona.com\\\/actualidad\\\/el-vi-foro-de-la-diversidad-cultural-de-pamplona-pasa-revista-a-un-ano-de-acciones-en-la-ciudad-y-avanza-contenidos-para-2022\\\/#article\",\"isPartOf\":{\"@id\":\"https:\\\/\\\/www.laguiadepamplona.com\\\/actualidad\\\/el-vi-foro-de-la-diversidad-cultural-de-pamplona-pasa-revista-a-un-ano-de-acciones-en-la-ciudad-y-avanza-contenidos-para-2022\\\/\"},\"author\":{\"name\":\"La Gu\u00eda de Pamplona\",\"@id\":\"https:\\\/\\\/www.laguiadepamplona.com\\\/actualidad\\\/#\\\/schema\\\/person\\\/efe887376f0213d4657c93adc50b1fdb\"},\"headline\":\"El VI Foro de la Diversidad Cultural de Pamplona pasa revista a un a\u00f1o de acciones en la ciudad y avanza contenidos para 2022\",\"datePublished\":\"2021-11-10T12:10:57+00:00\",\"dateModified\":\"2023-04-11T09:48:47+00:00\",\"mainEntityOfPage\":{\"@id\":\"https:\\\/\\\/www.laguiadepamplona.com\\\/actualidad\\\/el-vi-foro-de-la-diversidad-cultural-de-pamplona-pasa-revista-a-un-ano-de-acciones-en-la-ciudad-y-avanza-contenidos-para-2022\\\/\"},\"wordCount\":744,\"commentCount\":0,\"publisher\":{\"@id\":\"https:\\\/\\\/www.laguiadepamplona.com\\\/actualidad\\\/#organization\"},\"image\":{\"@id\":\"https:\\\/\\\/www.laguiadepamplona.com\\\/actualidad\\\/el-vi-foro-de-la-diversidad-cultural-de-pamplona-pasa-revista-a-un-ano-de-acciones-en-la-ciudad-y-avanza-contenidos-para-2022\\\/#primaryimage\"},\"thumbnailUrl\":\"https:\\\/\\\/www.laguiadepamplona.com\\\/actualidad\\\/wp-content\\\/uploads\\\/2021\\\/08\\\/ayuntamiento-pamplona2.jpg\",\"articleSection\":[\"Ayto Pamplona\"],\"inLanguage\":\"es\",\"potentialAction\":[{\"@type\":\"CommentAction\",\"name\":\"Comment\",\"target\":[\"https:\\\/\\\/www.laguiadepamplona.com\\\/actualidad\\\/el-vi-foro-de-la-diversidad-cultural-de-pamplona-pasa-revista-a-un-ano-de-acciones-en-la-ciudad-y-avanza-contenidos-para-2022\\\/#respond\"]}]},{\"@type\":\"WebPage\",\"@id\":\"https:\\\/\\\/www.laguiadepamplona.com\\\/actualidad\\\/el-vi-foro-de-la-diversidad-cultural-de-pamplona-pasa-revista-a-un-ano-de-acciones-en-la-ciudad-y-avanza-contenidos-para-2022\\\/\",\"url\":\"https:\\\/\\\/www.laguiadepamplona.com\\\/actualidad\\\/el-vi-foro-de-la-diversidad-cultural-de-pamplona-pasa-revista-a-un-ano-de-acciones-en-la-ciudad-y-avanza-contenidos-para-2022\\\/\",\"name\":\"El VI Foro de la Diversidad Cultural de Pamplona pasa revista a un a\u00f1o de acciones en la ciudad y avanza contenidos para 2022\",\"isPartOf\":{\"@id\":\"https:\\\/\\\/www.laguiadepamplona.com\\\/actualidad\\\/#website\"},\"primaryImageOfPage\":{\"@id\":\"https:\\\/\\\/www.laguiadepamplona.com\\\/actualidad\\\/el-vi-foro-de-la-diversidad-cultural-de-pamplona-pasa-revista-a-un-ano-de-acciones-en-la-ciudad-y-avanza-contenidos-para-2022\\\/#primaryimage\"},\"image\":{\"@id\":\"https:\\\/\\\/www.laguiadepamplona.com\\\/actualidad\\\/el-vi-foro-de-la-diversidad-cultural-de-pamplona-pasa-revista-a-un-ano-de-acciones-en-la-ciudad-y-avanza-contenidos-para-2022\\\/#primaryimage\"},\"thumbnailUrl\":\"https:\\\/\\\/www.laguiadepamplona.com\\\/actualidad\\\/wp-content\\\/uploads\\\/2021\\\/08\\\/ayuntamiento-pamplona2.jpg\",\"datePublished\":\"2021-11-10T12:10:57+00:00\",\"dateModified\":\"2023-04-11T09:48:47+00:00\",\"description\":\"La reuni\u00f3n se ha realizado bajo la presidencia del concejal delegado del \u00c1rea de Educaci\u00f3n, Participaci\u00f3n y Juventud, Fernando Sesma\",\"breadcrumb\":{\"@id\":\"https:\\\/\\\/www.laguiadepamplona.com\\\/actualidad\\\/el-vi-foro-de-la-diversidad-cultural-de-pamplona-pasa-revista-a-un-ano-de-acciones-en-la-ciudad-y-avanza-contenidos-para-2022\\\/#breadcrumb\"},\"inLanguage\":\"es\",\"potentialAction\":[{\"@type\":\"ReadAction\",\"target\":[\"https:\\\/\\\/www.laguiadepamplona.com\\\/actualidad\\\/el-vi-foro-de-la-diversidad-cultural-de-pamplona-pasa-revista-a-un-ano-de-acciones-en-la-ciudad-y-avanza-contenidos-para-2022\\\/\"]}]},{\"@type\":\"ImageObject\",\"inLanguage\":\"es\",\"@id\":\"https:\\\/\\\/www.laguiadepamplona.com\\\/actualidad\\\/el-vi-foro-de-la-diversidad-cultural-de-pamplona-pasa-revista-a-un-ano-de-acciones-en-la-ciudad-y-avanza-contenidos-para-2022\\\/#primaryimage\",\"url\":\"https:\\\/\\\/www.laguiadepamplona.com\\\/actualidad\\\/wp-content\\\/uploads\\\/2021\\\/08\\\/ayuntamiento-pamplona2.jpg\",\"contentUrl\":\"https:\\\/\\\/www.laguiadepamplona.com\\\/actualidad\\\/wp-content\\\/uploads\\\/2021\\\/08\\\/ayuntamiento-pamplona2.jpg\",\"width\":1920,\"height\":1080,\"caption\":\"ayuntamiento pamplona\"},{\"@type\":\"BreadcrumbList\",\"@id\":\"https:\\\/\\\/www.laguiadepamplona.com\\\/actualidad\\\/el-vi-foro-de-la-diversidad-cultural-de-pamplona-pasa-revista-a-un-ano-de-acciones-en-la-ciudad-y-avanza-contenidos-para-2022\\\/#breadcrumb\",\"itemListElement\":[{\"@type\":\"ListItem\",\"position\":1,\"name\":\"Portada\",\"item\":\"https:\\\/\\\/www.laguiadepamplona.com\\\/actualidad\\\/\"},{\"@type\":\"ListItem\",\"position\":2,\"name\":\"El VI Foro de la Diversidad Cultural de Pamplona pasa revista a un a\u00f1o de acciones en la ciudad y avanza contenidos para 2022\"}]},{\"@type\":\"WebSite\",\"@id\":\"https:\\\/\\\/www.laguiadepamplona.com\\\/actualidad\\\/#website\",\"url\":\"https:\\\/\\\/www.laguiadepamplona.com\\\/actualidad\\\/\",\"name\":\"La gu\u00eda de Pamplona\",\"description\":\"Noticias de Pamplona\",\"publisher\":{\"@id\":\"https:\\\/\\\/www.laguiadepamplona.com\\\/actualidad\\\/#organization\"},\"potentialAction\":[{\"@type\":\"SearchAction\",\"target\":{\"@type\":\"EntryPoint\",\"urlTemplate\":\"https:\\\/\\\/www.laguiadepamplona.com\\\/actualidad\\\/?s={search_term_string}\"},\"query-input\":{\"@type\":\"PropertyValueSpecification\",\"valueRequired\":true,\"valueName\":\"search_term_string\"}}],\"inLanguage\":\"es\"},{\"@type\":\"Organization\",\"@id\":\"https:\\\/\\\/www.laguiadepamplona.com\\\/actualidad\\\/#organization\",\"name\":\"La Gu\u00eda de Pamplona \\\/ Noticias\",\"url\":\"https:\\\/\\\/www.laguiadepamplona.com\\\/actualidad\\\/\",\"logo\":{\"@type\":\"ImageObject\",\"inLanguage\":\"es\",\"@id\":\"https:\\\/\\\/www.laguiadepamplona.com\\\/actualidad\\\/#\\\/schema\\\/logo\\\/image\\\/\",\"url\":\"https:\\\/\\\/www.laguiadepamplona.com\\\/actualidad\\\/wp-content\\\/uploads\\\/2018\\\/11\\\/logo-laguiadepamplona18-web1.png\",\"contentUrl\":\"https:\\\/\\\/www.laguiadepamplona.com\\\/actualidad\\\/wp-content\\\/uploads\\\/2018\\\/11\\\/logo-laguiadepamplona18-web1.png\",\"width\":600,\"height\":196,\"caption\":\"La Gu\u00eda de Pamplona \\\/ Noticias\"},\"image\":{\"@id\":\"https:\\\/\\\/www.laguiadepamplona.com\\\/actualidad\\\/#\\\/schema\\\/logo\\\/image\\\/\"},\"sameAs\":[\"https:\\\/\\\/www.facebook.com\\\/laguiadepamplonacom-133175176762273\\\/?ref=hl\",\"https:\\\/\\\/x.com\\\/LaGuiadPamplona\",\"https:\\\/\\\/www.instagram.com\\\/la_guia_de_pamplona\\\/\",\"https:\\\/\\\/www.youtube.com\\\/user\\\/laguiadepamplona\"]},{\"@type\":\"Person\",\"@id\":\"https:\\\/\\\/www.laguiadepamplona.com\\\/actualidad\\\/#\\\/schema\\\/person\\\/efe887376f0213d4657c93adc50b1fdb\",\"name\":\"La Gu\u00eda de Pamplona\",\"image\":{\"@type\":\"ImageObject\",\"inLanguage\":\"es\",\"@id\":\"https:\\\/\\\/secure.gravatar.com\\\/avatar\\\/b6992f131dc8d30ab0dff15446e9d346d9dbd95992de0fef795073f5ea83a81c?s=96&d=mm&r=g\",\"url\":\"https:\\\/\\\/secure.gravatar.com\\\/avatar\\\/b6992f131dc8d30ab0dff15446e9d346d9dbd95992de0fef795073f5ea83a81c?s=96&d=mm&r=g\",\"contentUrl\":\"https:\\\/\\\/secure.gravatar.com\\\/avatar\\\/b6992f131dc8d30ab0dff15446e9d346d9dbd95992de0fef795073f5ea83a81c?s=96&d=mm&r=g\",\"caption\":\"La Gu\u00eda de Pamplona\"}}]}<\/script>\n<!-- \/ Yoast SEO plugin. -->","yoast_head_json":{"title":"El VI Foro de la Diversidad Cultural de Pamplona pasa revista a un a\u00f1o de acciones en la ciudad y avanza contenidos para 2022","description":"La reuni\u00f3n se ha realizado bajo la presidencia del concejal delegado del \u00c1rea de Educaci\u00f3n, Participaci\u00f3n y Juventud, Fernando Sesma","robots":{"index":"index","follow":"follow","max-snippet":"max-snippet:-1","max-image-preview":"max-image-preview:large","max-video-preview":"max-video-preview:-1"},"canonical":"https:\/\/www.laguiadepamplona.com\/actualidad\/el-vi-foro-de-la-diversidad-cultural-de-pamplona-pasa-revista-a-un-ano-de-acciones-en-la-ciudad-y-avanza-contenidos-para-2022\/","og_locale":"es_ES","og_type":"article","og_title":"El VI Foro de la Diversidad Cultural de Pamplona pasa revista a un a\u00f1o de acciones en la ciudad y avanza contenidos para 2022","og_description":"La reuni\u00f3n se ha realizado bajo la presidencia del concejal delegado del \u00c1rea de Educaci\u00f3n, Participaci\u00f3n y Juventud, Fernando Sesma","og_url":"https:\/\/www.laguiadepamplona.com\/actualidad\/el-vi-foro-de-la-diversidad-cultural-de-pamplona-pasa-revista-a-un-ano-de-acciones-en-la-ciudad-y-avanza-contenidos-para-2022\/","og_site_name":"La Gu\u00eda de Pamplona","article_publisher":"https:\/\/www.facebook.com\/laguiadepamplonacom-133175176762273\/?ref=hl","article_published_time":"2021-11-10T12:10:57+00:00","article_modified_time":"2023-04-11T09:48:47+00:00","og_image":[{"width":1920,"height":1080,"url":"https:\/\/www.laguiadepamplona.com\/actualidad\/wp-content\/uploads\/2021\/08\/ayuntamiento-pamplona2.jpg","type":"image\/jpeg"}],"author":"La Gu\u00eda de Pamplona","twitter_card":"summary_large_image","twitter_creator":"@LaGuiadPamplona","twitter_site":"@LaGuiadPamplona","twitter_misc":{"Escrito por":"La Gu\u00eda de Pamplona","Tiempo de lectura":"3 minutos"},"schema":{"@context":"https:\/\/schema.org","@graph":[{"@type":"Article","@id":"https:\/\/www.laguiadepamplona.com\/actualidad\/el-vi-foro-de-la-diversidad-cultural-de-pamplona-pasa-revista-a-un-ano-de-acciones-en-la-ciudad-y-avanza-contenidos-para-2022\/#article","isPartOf":{"@id":"https:\/\/www.laguiadepamplona.com\/actualidad\/el-vi-foro-de-la-diversidad-cultural-de-pamplona-pasa-revista-a-un-ano-de-acciones-en-la-ciudad-y-avanza-contenidos-para-2022\/"},"author":{"name":"La Gu\u00eda de Pamplona","@id":"https:\/\/www.laguiadepamplona.com\/actualidad\/#\/schema\/person\/efe887376f0213d4657c93adc50b1fdb"},"headline":"El VI Foro de la Diversidad Cultural de Pamplona pasa revista a un a\u00f1o de acciones en la ciudad y avanza contenidos para 2022","datePublished":"2021-11-10T12:10:57+00:00","dateModified":"2023-04-11T09:48:47+00:00","mainEntityOfPage":{"@id":"https:\/\/www.laguiadepamplona.com\/actualidad\/el-vi-foro-de-la-diversidad-cultural-de-pamplona-pasa-revista-a-un-ano-de-acciones-en-la-ciudad-y-avanza-contenidos-para-2022\/"},"wordCount":744,"commentCount":0,"publisher":{"@id":"https:\/\/www.laguiadepamplona.com\/actualidad\/#organization"},"image":{"@id":"https:\/\/www.laguiadepamplona.com\/actualidad\/el-vi-foro-de-la-diversidad-cultural-de-pamplona-pasa-revista-a-un-ano-de-acciones-en-la-ciudad-y-avanza-contenidos-para-2022\/#primaryimage"},"thumbnailUrl":"https:\/\/www.laguiadepamplona.com\/actualidad\/wp-content\/uploads\/2021\/08\/ayuntamiento-pamplona2.jpg","articleSection":["Ayto Pamplona"],"inLanguage":"es","potentialAction":[{"@type":"CommentAction","name":"Comment","target":["https:\/\/www.laguiadepamplona.com\/actualidad\/el-vi-foro-de-la-diversidad-cultural-de-pamplona-pasa-revista-a-un-ano-de-acciones-en-la-ciudad-y-avanza-contenidos-para-2022\/#respond"]}]},{"@type":"WebPage","@id":"https:\/\/www.laguiadepamplona.com\/actualidad\/el-vi-foro-de-la-diversidad-cultural-de-pamplona-pasa-revista-a-un-ano-de-acciones-en-la-ciudad-y-avanza-contenidos-para-2022\/","url":"https:\/\/www.laguiadepamplona.com\/actualidad\/el-vi-foro-de-la-diversidad-cultural-de-pamplona-pasa-revista-a-un-ano-de-acciones-en-la-ciudad-y-avanza-contenidos-para-2022\/","name":"El VI Foro de la Diversidad Cultural de Pamplona pasa revista a un a\u00f1o de acciones en la ciudad y avanza contenidos para 2022","isPartOf":{"@id":"https:\/\/www.laguiadepamplona.com\/actualidad\/#website"},"primaryImageOfPage":{"@id":"https:\/\/www.laguiadepamplona.com\/actualidad\/el-vi-foro-de-la-diversidad-cultural-de-pamplona-pasa-revista-a-un-ano-de-acciones-en-la-ciudad-y-avanza-contenidos-para-2022\/#primaryimage"},"image":{"@id":"https:\/\/www.laguiadepamplona.com\/actualidad\/el-vi-foro-de-la-diversidad-cultural-de-pamplona-pasa-revista-a-un-ano-de-acciones-en-la-ciudad-y-avanza-contenidos-para-2022\/#primaryimage"},"thumbnailUrl":"https:\/\/www.laguiadepamplona.com\/actualidad\/wp-content\/uploads\/2021\/08\/ayuntamiento-pamplona2.jpg","datePublished":"2021-11-10T12:10:57+00:00","dateModified":"2023-04-11T09:48:47+00:00","description":"La reuni\u00f3n se ha realizado bajo la presidencia del concejal delegado del \u00c1rea de Educaci\u00f3n, Participaci\u00f3n y Juventud, Fernando Sesma","breadcrumb":{"@id":"https:\/\/www.laguiadepamplona.com\/actualidad\/el-vi-foro-de-la-diversidad-cultural-de-pamplona-pasa-revista-a-un-ano-de-acciones-en-la-ciudad-y-avanza-contenidos-para-2022\/#breadcrumb"},"inLanguage":"es","potentialAction":[{"@type":"ReadAction","target":["https:\/\/www.laguiadepamplona.com\/actualidad\/el-vi-foro-de-la-diversidad-cultural-de-pamplona-pasa-revista-a-un-ano-de-acciones-en-la-ciudad-y-avanza-contenidos-para-2022\/"]}]},{"@type":"ImageObject","inLanguage":"es","@id":"https:\/\/www.laguiadepamplona.com\/actualidad\/el-vi-foro-de-la-diversidad-cultural-de-pamplona-pasa-revista-a-un-ano-de-acciones-en-la-ciudad-y-avanza-contenidos-para-2022\/#primaryimage","url":"https:\/\/www.laguiadepamplona.com\/actualidad\/wp-content\/uploads\/2021\/08\/ayuntamiento-pamplona2.jpg","contentUrl":"https:\/\/www.laguiadepamplona.com\/actualidad\/wp-content\/uploads\/2021\/08\/ayuntamiento-pamplona2.jpg","width":1920,"height":1080,"caption":"ayuntamiento pamplona"},{"@type":"BreadcrumbList","@id":"https:\/\/www.laguiadepamplona.com\/actualidad\/el-vi-foro-de-la-diversidad-cultural-de-pamplona-pasa-revista-a-un-ano-de-acciones-en-la-ciudad-y-avanza-contenidos-para-2022\/#breadcrumb","itemListElement":[{"@type":"ListItem","position":1,"name":"Portada","item":"https:\/\/www.laguiadepamplona.com\/actualidad\/"},{"@type":"ListItem","position":2,"name":"El VI Foro de la Diversidad Cultural de Pamplona pasa revista a un a\u00f1o de acciones en la ciudad y avanza contenidos para 2022"}]},{"@type":"WebSite","@id":"https:\/\/www.laguiadepamplona.com\/actualidad\/#website","url":"https:\/\/www.laguiadepamplona.com\/actualidad\/","name":"La gu\u00eda de Pamplona","description":"Noticias de Pamplona","publisher":{"@id":"https:\/\/www.laguiadepamplona.com\/actualidad\/#organization"},"potentialAction":[{"@type":"SearchAction","target":{"@type":"EntryPoint","urlTemplate":"https:\/\/www.laguiadepamplona.com\/actualidad\/?s={search_term_string}"},"query-input":{"@type":"PropertyValueSpecification","valueRequired":true,"valueName":"search_term_string"}}],"inLanguage":"es"},{"@type":"Organization","@id":"https:\/\/www.laguiadepamplona.com\/actualidad\/#organization","name":"La Gu\u00eda de Pamplona \/ Noticias","url":"https:\/\/www.laguiadepamplona.com\/actualidad\/","logo":{"@type":"ImageObject","inLanguage":"es","@id":"https:\/\/www.laguiadepamplona.com\/actualidad\/#\/schema\/logo\/image\/","url":"https:\/\/www.laguiadepamplona.com\/actualidad\/wp-content\/uploads\/2018\/11\/logo-laguiadepamplona18-web1.png","contentUrl":"https:\/\/www.laguiadepamplona.com\/actualidad\/wp-content\/uploads\/2018\/11\/logo-laguiadepamplona18-web1.png","width":600,"height":196,"caption":"La Gu\u00eda de Pamplona \/ Noticias"},"image":{"@id":"https:\/\/www.laguiadepamplona.com\/actualidad\/#\/schema\/logo\/image\/"},"sameAs":["https:\/\/www.facebook.com\/laguiadepamplonacom-133175176762273\/?ref=hl","https:\/\/x.com\/LaGuiadPamplona","https:\/\/www.instagram.com\/la_guia_de_pamplona\/","https:\/\/www.youtube.com\/user\/laguiadepamplona"]},{"@type":"Person","@id":"https:\/\/www.laguiadepamplona.com\/actualidad\/#\/schema\/person\/efe887376f0213d4657c93adc50b1fdb","name":"La Gu\u00eda de Pamplona","image":{"@type":"ImageObject","inLanguage":"es","@id":"https:\/\/secure.gravatar.com\/avatar\/b6992f131dc8d30ab0dff15446e9d346d9dbd95992de0fef795073f5ea83a81c?s=96&d=mm&r=g","url":"https:\/\/secure.gravatar.com\/avatar\/b6992f131dc8d30ab0dff15446e9d346d9dbd95992de0fef795073f5ea83a81c?s=96&d=mm&r=g","contentUrl":"https:\/\/secure.gravatar.com\/avatar\/b6992f131dc8d30ab0dff15446e9d346d9dbd95992de0fef795073f5ea83a81c?s=96&d=mm&r=g","caption":"La Gu\u00eda de Pamplona"}}]}},"post_mailing_queue_ids":[],"_links":{"self":[{"href":"https:\/\/www.laguiadepamplona.com\/actualidad\/wp-json\/wp\/v2\/posts\/37468","targetHints":{"allow":["GET"]}}],"collection":[{"href":"https:\/\/www.laguiadepamplona.com\/actualidad\/wp-json\/wp\/v2\/posts"}],"about":[{"href":"https:\/\/www.laguiadepamplona.com\/actualidad\/wp-json\/wp\/v2\/types\/post"}],"author":[{"embeddable":true,"href":"https:\/\/www.laguiadepamplona.com\/actualidad\/wp-json\/wp\/v2\/users\/1"}],"replies":[{"embeddable":true,"href":"https:\/\/www.laguiadepamplona.com\/actualidad\/wp-json\/wp\/v2\/comments?post=37468"}],"version-history":[{"count":0,"href":"https:\/\/www.laguiadepamplona.com\/actualidad\/wp-json\/wp\/v2\/posts\/37468\/revisions"}],"wp:featuredmedia":[{"embeddable":true,"href":"https:\/\/www.laguiadepamplona.com\/actualidad\/wp-json\/wp\/v2\/media\/36074"}],"wp:attachment":[{"href":"https:\/\/www.laguiadepamplona.com\/actualidad\/wp-json\/wp\/v2\/media?parent=37468"}],"wp:term":[{"taxonomy":"category","embeddable":true,"href":"https:\/\/www.laguiadepamplona.com\/actualidad\/wp-json\/wp\/v2\/categories?post=37468"},{"taxonomy":"post_tag","embeddable":true,"href":"https:\/\/www.laguiadepamplona.com\/actualidad\/wp-json\/wp\/v2\/tags?post=37468"}],"curies":[{"name":"wp","href":"https:\/\/api.w.org\/{rel}","templated":true}]}}