{"id":37465,"date":"2021-11-10T13:16:43","date_gmt":"2021-11-10T11:16:43","guid":{"rendered":"https:\/\/www.laguiadepamplona.com\/actualidad\/?p=37465"},"modified":"2023-04-11T11:48:47","modified_gmt":"2023-04-11T09:48:47","slug":"pamplona-volvera-a-celebrar-el-29-de-noviembre-la-festividad-de-su-patron-san-saturnino-con-procesion-en-honor-al-santo-y-salida-de-la-comparsa-de-gigantes-y-cabezudos","status":"publish","type":"post","link":"https:\/\/www.laguiadepamplona.com\/actualidad\/pamplona-volvera-a-celebrar-el-29-de-noviembre-la-festividad-de-su-patron-san-saturnino-con-procesion-en-honor-al-santo-y-salida-de-la-comparsa-de-gigantes-y-cabezudos\/","title":{"rendered":"Pamplona volver\u00e1 a celebrar el 29 de noviembre la festividad de su patr\u00f3n, San Saturnino, con procesi\u00f3n en honor al santo y salida de la comparsa de Gigantes y Cabezudos"},"content":{"rendered":"<h5>Si el tiempo lo permite, el Ayuntamiento retomar\u00e1 los actos tradicionales de esa fecha, que el a\u00f1o pasado se tuvieron que suspender por la pandemia<\/h5>\n<p><!--more--><\/p>\n<p>El lunes 29 de noviembre Pamplona celebrar\u00e1 la festividad de San Saturnino, patr\u00f3n de la ciudad. Si la meteorolog\u00eda lo permite en esa fecha, la ciudad recuperar\u00e1 los actos habituales que el a\u00f1o pasado tuvieron que suspenderse debido a la pandemia de la COVID-19. Habr\u00e1 procesi\u00f3n y misa en honor al santo, salida de la Comparsa de Gigantes y Cabezudos, concierto de La Pamplonesa y se inaugurar\u00e1 el bel\u00e9n del zagu\u00e1n de la Casa Consistorial.<\/p>\n<p><script async src=\"\/\/pagead2.googlesyndication.com\/pagead\/js\/adsbygoogle.js\"><\/script><br \/>\n<!-- Noticias La Guia de Pamplona --><br \/>\n<ins class=\"adsbygoogle\"\nstyle=\"display:block\"\ndata-ad-client=\"ca-pub-6943679897239327\"\ndata-ad-slot=\"7048180777\"\ndata-ad-format=\"auto\"><\/ins><br \/>\n<script>\n(adsbygoogle = window.adsbygoogle || []).push({});\n<\/script><\/p>\n<p>Los actos comenzar\u00e1n en torno a las 10 horas, con la salida de la Corporaci\u00f3n municipal en cuerpo de ciudad desde la Casa Consistorial para dirigirse a la iglesia de San Saturnino. All\u00ed se unir\u00e1n a la procesi\u00f3n en honor al santo patr\u00f3n de Pamplona, que saldr\u00e1 a las 10.15 horas, y recorrer\u00e1 las calles San Saturnino, Mayor, el paseo del Dr. Arazuri, la calle Nueva y de nuevo la calle San Saturnino hasta entrar en la iglesia.<\/p>\n<p>Participar\u00e1n en la procesi\u00f3n la comparsa de Gigantes y Cabezudos; el grupo de dantzaris Duguna; los txistularis, timbaleros, clarineros, maceros y libreas municipales; La Pamplonesa; la Polic\u00eda Municipal de gala; el clero parroquial; el cabildo de la Catedral; y la Corporaci\u00f3n. La misa se prev\u00e9 que comience sobre las 11 horas. Aproximadamente a las 12.15 horas, la Corporaci\u00f3n municipal regresar\u00e1 a la Casa Consistorial.<\/p>\n<p><script async src=\"\/\/pagead2.googlesyndication.com\/pagead\/js\/adsbygoogle.js\"><\/script><br \/>\n<!-- Noticias La Guia de Pamplona --><br \/>\n<ins class=\"adsbygoogle\"\nstyle=\"display:block\"\ndata-ad-client=\"ca-pub-6943679897239327\"\ndata-ad-slot=\"7048180777\"\ndata-ad-format=\"auto\"><\/ins><br \/>\n<script>\n(adsbygoogle = window.adsbygoogle || []).push({});\n<\/script><\/p>\n<p><strong>Bel\u00e9n del zagu\u00e1n y conciertos de La Pamplonesa<\/strong><\/p>\n<p>Ya por la tarde, sobre las 18 horas, se inaugurar\u00e1 el tradicional bel\u00e9n que se instala en el zagu\u00e1n de la Casa Consistorial. Un a\u00f1o m\u00e1s, la Asociaci\u00f3n de Belenistas de Pamplona se encargar\u00e1 de su creaci\u00f3n e instalaci\u00f3n, habitualmente reflejando estampas, rincones o lugares de la propia ciudad. Frente al bel\u00e9n, se colocar\u00e1n las im\u00e1genes de los tres Reyes Magos de Oriente y de Olentzero.<\/p>\n<p>No faltar\u00e1 tampoco la cita que en torno a la festividad de San Saturnino tiene la banda de m\u00fasica La Pamplonesa con la zarzuela. El Teatro Gayarre acoger\u00e1 el domingo 28 y el lunes 29 dos \u2018Tardes de zarzuela\u2019, a partir de las 20 horas, que contar\u00e1n adem\u00e1s con la colaboraci\u00f3n de la soprano navarra Andrea Jim\u00e9nez, que cantar\u00e1 una selecci\u00f3n de romanzas, alternadas con oberturas y preludios del llamado \u2018g\u00e9nero chico\u2019. Las entradas para estos conciertos oscilan entre los 5 y los 10 euros y pueden adquirirse en las taquillas del Teatro Gayarre o a trav\u00e9s de la web, <a href=\"http:\/\/www.teatrogayarre.com\" target=\"_blank\" rel=\"noopener\">www.teatrogayarre.com<\/a>.<\/p>\n<p><script async src=\"\/\/pagead2.googlesyndication.com\/pagead\/js\/adsbygoogle.js\"><\/script><br \/>\n<!-- Noticias La Guia de Pamplona --><br \/>\n<ins class=\"adsbygoogle\"\nstyle=\"display:block\"\ndata-ad-client=\"ca-pub-6943679897239327\"\ndata-ad-slot=\"7048180777\"\ndata-ad-format=\"auto\"><\/ins><br \/>\n<script>\n(adsbygoogle = window.adsbygoogle || []).push({});\n<\/script><\/p>\n<p>El a\u00f1o pasado \u00fanicamente pudieron celebrarse los conciertos de La Pamplonesa en el Teatro Gayarre y la misa en honor al santo en la iglesia de San Saturnino, en ambos casos con las restricciones de aforo que ordenaba la normativa vigente. Adem\u00e1s, el Ayuntamiento de Pamplona organiz\u00f3 un espect\u00e1culo cultural on line en el que participaron La Pamplonesa, la Comparsa de Gigantes y Cabezudos, la Asociaci\u00f3n de Gaiteros y la Asociaci\u00f3n de Txistularis de Pamplona y el grupo de danzas Duguna Folklore Taldea.<\/p>\n","protected":false},"excerpt":{"rendered":"<p>Si el tiempo lo permite, el Ayuntamiento retomar\u00e1 los actos tradicionales de esa fecha, que el a\u00f1o pasado se tuvieron que suspender por la pandemia<\/p>\n","protected":false},"author":1,"featured_media":37466,"comment_status":"open","ping_status":"closed","sticky":false,"template":"","format":"standard","meta":{"footnotes":""},"categories":[2],"tags":[],"class_list":["post-37465","post","type-post","status-publish","format-standard","has-post-thumbnail","hentry","category-ayuntamiento-pamplona"],"yoast_head":"<!-- This site is optimized with the Yoast SEO plugin v27.5 - https:\/\/yoast.com\/product\/yoast-seo-wordpress\/ -->\n<title>Pamplona volver\u00e1 a celebrar el 29 de noviembre la festividad de su patr\u00f3n, San Saturnino, con procesi\u00f3n en honor al santo y salida de la comparsa de Gigantes y Cabezudos<\/title>\n<meta name=\"description\" content=\"Si el tiempo lo permite, el Ayuntamiento retomar\u00e1 los actos tradicionales de esa fecha, que el a\u00f1o pasado se tuvieron que suspender por la pandemia\" \/>\n<meta name=\"robots\" content=\"index, follow, max-snippet:-1, max-image-preview:large, max-video-preview:-1\" \/>\n<link rel=\"canonical\" href=\"https:\/\/www.laguiadepamplona.com\/actualidad\/pamplona-volvera-a-celebrar-el-29-de-noviembre-la-festividad-de-su-patron-san-saturnino-con-procesion-en-honor-al-santo-y-salida-de-la-comparsa-de-gigantes-y-cabezudos\/\" \/>\n<meta property=\"og:locale\" content=\"es_ES\" \/>\n<meta property=\"og:type\" content=\"article\" \/>\n<meta property=\"og:title\" content=\"Pamplona volver\u00e1 a celebrar el 29 de noviembre la festividad de su patr\u00f3n, San Saturnino, con procesi\u00f3n en honor al santo y salida de la comparsa de Gigantes y Cabezudos\" \/>\n<meta property=\"og:description\" content=\"Si el tiempo lo permite, el Ayuntamiento retomar\u00e1 los actos tradicionales de esa fecha, que el a\u00f1o pasado se tuvieron que suspender por la pandemia\" \/>\n<meta property=\"og:url\" content=\"https:\/\/www.laguiadepamplona.com\/actualidad\/pamplona-volvera-a-celebrar-el-29-de-noviembre-la-festividad-de-su-patron-san-saturnino-con-procesion-en-honor-al-santo-y-salida-de-la-comparsa-de-gigantes-y-cabezudos\/\" \/>\n<meta property=\"og:site_name\" content=\"La Gu\u00eda de Pamplona\" \/>\n<meta property=\"article:publisher\" content=\"https:\/\/www.facebook.com\/laguiadepamplonacom-133175176762273\/?ref=hl\" \/>\n<meta property=\"article:published_time\" content=\"2021-11-10T11:16:43+00:00\" \/>\n<meta property=\"article:modified_time\" content=\"2023-04-11T09:48:47+00:00\" \/>\n<meta property=\"og:image\" content=\"https:\/\/www.laguiadepamplona.com\/actualidad\/wp-content\/uploads\/2021\/11\/san-saturnino.jpg\" \/>\n\t<meta property=\"og:image:width\" content=\"1771\" \/>\n\t<meta property=\"og:image:height\" content=\"1181\" \/>\n\t<meta property=\"og:image:type\" content=\"image\/jpeg\" \/>\n<meta name=\"author\" content=\"La Gu\u00eda de Pamplona\" \/>\n<meta name=\"twitter:card\" content=\"summary_large_image\" \/>\n<meta name=\"twitter:creator\" content=\"@LaGuiadPamplona\" \/>\n<meta name=\"twitter:site\" content=\"@LaGuiadPamplona\" \/>\n<meta name=\"twitter:label1\" content=\"Escrito por\" \/>\n\t<meta name=\"twitter:data1\" content=\"La Gu\u00eda de Pamplona\" \/>\n\t<meta name=\"twitter:label2\" content=\"Tiempo de lectura\" \/>\n\t<meta name=\"twitter:data2\" content=\"3 minutos\" \/>\n<script type=\"application\/ld+json\" class=\"yoast-schema-graph\">{\"@context\":\"https:\\\/\\\/schema.org\",\"@graph\":[{\"@type\":\"Article\",\"@id\":\"https:\\\/\\\/www.laguiadepamplona.com\\\/actualidad\\\/pamplona-volvera-a-celebrar-el-29-de-noviembre-la-festividad-de-su-patron-san-saturnino-con-procesion-en-honor-al-santo-y-salida-de-la-comparsa-de-gigantes-y-cabezudos\\\/#article\",\"isPartOf\":{\"@id\":\"https:\\\/\\\/www.laguiadepamplona.com\\\/actualidad\\\/pamplona-volvera-a-celebrar-el-29-de-noviembre-la-festividad-de-su-patron-san-saturnino-con-procesion-en-honor-al-santo-y-salida-de-la-comparsa-de-gigantes-y-cabezudos\\\/\"},\"author\":{\"name\":\"La Gu\u00eda de Pamplona\",\"@id\":\"https:\\\/\\\/www.laguiadepamplona.com\\\/actualidad\\\/#\\\/schema\\\/person\\\/efe887376f0213d4657c93adc50b1fdb\"},\"headline\":\"Pamplona volver\u00e1 a celebrar el 29 de noviembre la festividad de su patr\u00f3n, San Saturnino, con procesi\u00f3n en honor al santo y salida de la comparsa de Gigantes y Cabezudos\",\"datePublished\":\"2021-11-10T11:16:43+00:00\",\"dateModified\":\"2023-04-11T09:48:47+00:00\",\"mainEntityOfPage\":{\"@id\":\"https:\\\/\\\/www.laguiadepamplona.com\\\/actualidad\\\/pamplona-volvera-a-celebrar-el-29-de-noviembre-la-festividad-de-su-patron-san-saturnino-con-procesion-en-honor-al-santo-y-salida-de-la-comparsa-de-gigantes-y-cabezudos\\\/\"},\"wordCount\":564,\"commentCount\":0,\"publisher\":{\"@id\":\"https:\\\/\\\/www.laguiadepamplona.com\\\/actualidad\\\/#organization\"},\"image\":{\"@id\":\"https:\\\/\\\/www.laguiadepamplona.com\\\/actualidad\\\/pamplona-volvera-a-celebrar-el-29-de-noviembre-la-festividad-de-su-patron-san-saturnino-con-procesion-en-honor-al-santo-y-salida-de-la-comparsa-de-gigantes-y-cabezudos\\\/#primaryimage\"},\"thumbnailUrl\":\"https:\\\/\\\/www.laguiadepamplona.com\\\/actualidad\\\/wp-content\\\/uploads\\\/2021\\\/11\\\/san-saturnino.jpg\",\"articleSection\":[\"Ayto Pamplona\"],\"inLanguage\":\"es\",\"potentialAction\":[{\"@type\":\"CommentAction\",\"name\":\"Comment\",\"target\":[\"https:\\\/\\\/www.laguiadepamplona.com\\\/actualidad\\\/pamplona-volvera-a-celebrar-el-29-de-noviembre-la-festividad-de-su-patron-san-saturnino-con-procesion-en-honor-al-santo-y-salida-de-la-comparsa-de-gigantes-y-cabezudos\\\/#respond\"]}]},{\"@type\":\"WebPage\",\"@id\":\"https:\\\/\\\/www.laguiadepamplona.com\\\/actualidad\\\/pamplona-volvera-a-celebrar-el-29-de-noviembre-la-festividad-de-su-patron-san-saturnino-con-procesion-en-honor-al-santo-y-salida-de-la-comparsa-de-gigantes-y-cabezudos\\\/\",\"url\":\"https:\\\/\\\/www.laguiadepamplona.com\\\/actualidad\\\/pamplona-volvera-a-celebrar-el-29-de-noviembre-la-festividad-de-su-patron-san-saturnino-con-procesion-en-honor-al-santo-y-salida-de-la-comparsa-de-gigantes-y-cabezudos\\\/\",\"name\":\"Pamplona volver\u00e1 a celebrar el 29 de noviembre la festividad de su patr\u00f3n, San Saturnino, con procesi\u00f3n en honor al santo y salida de la comparsa de Gigantes y Cabezudos\",\"isPartOf\":{\"@id\":\"https:\\\/\\\/www.laguiadepamplona.com\\\/actualidad\\\/#website\"},\"primaryImageOfPage\":{\"@id\":\"https:\\\/\\\/www.laguiadepamplona.com\\\/actualidad\\\/pamplona-volvera-a-celebrar-el-29-de-noviembre-la-festividad-de-su-patron-san-saturnino-con-procesion-en-honor-al-santo-y-salida-de-la-comparsa-de-gigantes-y-cabezudos\\\/#primaryimage\"},\"image\":{\"@id\":\"https:\\\/\\\/www.laguiadepamplona.com\\\/actualidad\\\/pamplona-volvera-a-celebrar-el-29-de-noviembre-la-festividad-de-su-patron-san-saturnino-con-procesion-en-honor-al-santo-y-salida-de-la-comparsa-de-gigantes-y-cabezudos\\\/#primaryimage\"},\"thumbnailUrl\":\"https:\\\/\\\/www.laguiadepamplona.com\\\/actualidad\\\/wp-content\\\/uploads\\\/2021\\\/11\\\/san-saturnino.jpg\",\"datePublished\":\"2021-11-10T11:16:43+00:00\",\"dateModified\":\"2023-04-11T09:48:47+00:00\",\"description\":\"Si el tiempo lo permite, el Ayuntamiento retomar\u00e1 los actos tradicionales de esa fecha, que el a\u00f1o pasado se tuvieron que suspender por la pandemia\",\"breadcrumb\":{\"@id\":\"https:\\\/\\\/www.laguiadepamplona.com\\\/actualidad\\\/pamplona-volvera-a-celebrar-el-29-de-noviembre-la-festividad-de-su-patron-san-saturnino-con-procesion-en-honor-al-santo-y-salida-de-la-comparsa-de-gigantes-y-cabezudos\\\/#breadcrumb\"},\"inLanguage\":\"es\",\"potentialAction\":[{\"@type\":\"ReadAction\",\"target\":[\"https:\\\/\\\/www.laguiadepamplona.com\\\/actualidad\\\/pamplona-volvera-a-celebrar-el-29-de-noviembre-la-festividad-de-su-patron-san-saturnino-con-procesion-en-honor-al-santo-y-salida-de-la-comparsa-de-gigantes-y-cabezudos\\\/\"]}]},{\"@type\":\"ImageObject\",\"inLanguage\":\"es\",\"@id\":\"https:\\\/\\\/www.laguiadepamplona.com\\\/actualidad\\\/pamplona-volvera-a-celebrar-el-29-de-noviembre-la-festividad-de-su-patron-san-saturnino-con-procesion-en-honor-al-santo-y-salida-de-la-comparsa-de-gigantes-y-cabezudos\\\/#primaryimage\",\"url\":\"https:\\\/\\\/www.laguiadepamplona.com\\\/actualidad\\\/wp-content\\\/uploads\\\/2021\\\/11\\\/san-saturnino.jpg\",\"contentUrl\":\"https:\\\/\\\/www.laguiadepamplona.com\\\/actualidad\\\/wp-content\\\/uploads\\\/2021\\\/11\\\/san-saturnino.jpg\",\"width\":1771,\"height\":1181,\"caption\":\"A: Jes\u00fas Caso F: 29-11-2019 P: L: Pamplona T: Procesi\u00f3n de San Saturnino.\"},{\"@type\":\"BreadcrumbList\",\"@id\":\"https:\\\/\\\/www.laguiadepamplona.com\\\/actualidad\\\/pamplona-volvera-a-celebrar-el-29-de-noviembre-la-festividad-de-su-patron-san-saturnino-con-procesion-en-honor-al-santo-y-salida-de-la-comparsa-de-gigantes-y-cabezudos\\\/#breadcrumb\",\"itemListElement\":[{\"@type\":\"ListItem\",\"position\":1,\"name\":\"Portada\",\"item\":\"https:\\\/\\\/www.laguiadepamplona.com\\\/actualidad\\\/\"},{\"@type\":\"ListItem\",\"position\":2,\"name\":\"Pamplona volver\u00e1 a celebrar el 29 de noviembre la festividad de su patr\u00f3n, San Saturnino, con procesi\u00f3n en honor al santo y salida de la comparsa de Gigantes y Cabezudos\"}]},{\"@type\":\"WebSite\",\"@id\":\"https:\\\/\\\/www.laguiadepamplona.com\\\/actualidad\\\/#website\",\"url\":\"https:\\\/\\\/www.laguiadepamplona.com\\\/actualidad\\\/\",\"name\":\"La gu\u00eda de Pamplona\",\"description\":\"Noticias de Pamplona\",\"publisher\":{\"@id\":\"https:\\\/\\\/www.laguiadepamplona.com\\\/actualidad\\\/#organization\"},\"potentialAction\":[{\"@type\":\"SearchAction\",\"target\":{\"@type\":\"EntryPoint\",\"urlTemplate\":\"https:\\\/\\\/www.laguiadepamplona.com\\\/actualidad\\\/?s={search_term_string}\"},\"query-input\":{\"@type\":\"PropertyValueSpecification\",\"valueRequired\":true,\"valueName\":\"search_term_string\"}}],\"inLanguage\":\"es\"},{\"@type\":\"Organization\",\"@id\":\"https:\\\/\\\/www.laguiadepamplona.com\\\/actualidad\\\/#organization\",\"name\":\"La Gu\u00eda de Pamplona \\\/ Noticias\",\"url\":\"https:\\\/\\\/www.laguiadepamplona.com\\\/actualidad\\\/\",\"logo\":{\"@type\":\"ImageObject\",\"inLanguage\":\"es\",\"@id\":\"https:\\\/\\\/www.laguiadepamplona.com\\\/actualidad\\\/#\\\/schema\\\/logo\\\/image\\\/\",\"url\":\"https:\\\/\\\/www.laguiadepamplona.com\\\/actualidad\\\/wp-content\\\/uploads\\\/2018\\\/11\\\/logo-laguiadepamplona18-web1.png\",\"contentUrl\":\"https:\\\/\\\/www.laguiadepamplona.com\\\/actualidad\\\/wp-content\\\/uploads\\\/2018\\\/11\\\/logo-laguiadepamplona18-web1.png\",\"width\":600,\"height\":196,\"caption\":\"La Gu\u00eda de Pamplona \\\/ Noticias\"},\"image\":{\"@id\":\"https:\\\/\\\/www.laguiadepamplona.com\\\/actualidad\\\/#\\\/schema\\\/logo\\\/image\\\/\"},\"sameAs\":[\"https:\\\/\\\/www.facebook.com\\\/laguiadepamplonacom-133175176762273\\\/?ref=hl\",\"https:\\\/\\\/x.com\\\/LaGuiadPamplona\",\"https:\\\/\\\/www.instagram.com\\\/la_guia_de_pamplona\\\/\",\"https:\\\/\\\/www.youtube.com\\\/user\\\/laguiadepamplona\"]},{\"@type\":\"Person\",\"@id\":\"https:\\\/\\\/www.laguiadepamplona.com\\\/actualidad\\\/#\\\/schema\\\/person\\\/efe887376f0213d4657c93adc50b1fdb\",\"name\":\"La Gu\u00eda de Pamplona\",\"image\":{\"@type\":\"ImageObject\",\"inLanguage\":\"es\",\"@id\":\"https:\\\/\\\/secure.gravatar.com\\\/avatar\\\/b6992f131dc8d30ab0dff15446e9d346d9dbd95992de0fef795073f5ea83a81c?s=96&d=mm&r=g\",\"url\":\"https:\\\/\\\/secure.gravatar.com\\\/avatar\\\/b6992f131dc8d30ab0dff15446e9d346d9dbd95992de0fef795073f5ea83a81c?s=96&d=mm&r=g\",\"contentUrl\":\"https:\\\/\\\/secure.gravatar.com\\\/avatar\\\/b6992f131dc8d30ab0dff15446e9d346d9dbd95992de0fef795073f5ea83a81c?s=96&d=mm&r=g\",\"caption\":\"La Gu\u00eda de Pamplona\"}}]}<\/script>\n<!-- \/ Yoast SEO plugin. -->","yoast_head_json":{"title":"Pamplona volver\u00e1 a celebrar el 29 de noviembre la festividad de su patr\u00f3n, San Saturnino, con procesi\u00f3n en honor al santo y salida de la comparsa de Gigantes y Cabezudos","description":"Si el tiempo lo permite, el Ayuntamiento retomar\u00e1 los actos tradicionales de esa fecha, que el a\u00f1o pasado se tuvieron que suspender por la pandemia","robots":{"index":"index","follow":"follow","max-snippet":"max-snippet:-1","max-image-preview":"max-image-preview:large","max-video-preview":"max-video-preview:-1"},"canonical":"https:\/\/www.laguiadepamplona.com\/actualidad\/pamplona-volvera-a-celebrar-el-29-de-noviembre-la-festividad-de-su-patron-san-saturnino-con-procesion-en-honor-al-santo-y-salida-de-la-comparsa-de-gigantes-y-cabezudos\/","og_locale":"es_ES","og_type":"article","og_title":"Pamplona volver\u00e1 a celebrar el 29 de noviembre la festividad de su patr\u00f3n, San Saturnino, con procesi\u00f3n en honor al santo y salida de la comparsa de Gigantes y Cabezudos","og_description":"Si el tiempo lo permite, el Ayuntamiento retomar\u00e1 los actos tradicionales de esa fecha, que el a\u00f1o pasado se tuvieron que suspender por la pandemia","og_url":"https:\/\/www.laguiadepamplona.com\/actualidad\/pamplona-volvera-a-celebrar-el-29-de-noviembre-la-festividad-de-su-patron-san-saturnino-con-procesion-en-honor-al-santo-y-salida-de-la-comparsa-de-gigantes-y-cabezudos\/","og_site_name":"La Gu\u00eda de Pamplona","article_publisher":"https:\/\/www.facebook.com\/laguiadepamplonacom-133175176762273\/?ref=hl","article_published_time":"2021-11-10T11:16:43+00:00","article_modified_time":"2023-04-11T09:48:47+00:00","og_image":[{"width":1771,"height":1181,"url":"https:\/\/www.laguiadepamplona.com\/actualidad\/wp-content\/uploads\/2021\/11\/san-saturnino.jpg","type":"image\/jpeg"}],"author":"La Gu\u00eda de Pamplona","twitter_card":"summary_large_image","twitter_creator":"@LaGuiadPamplona","twitter_site":"@LaGuiadPamplona","twitter_misc":{"Escrito por":"La Gu\u00eda de Pamplona","Tiempo de lectura":"3 minutos"},"schema":{"@context":"https:\/\/schema.org","@graph":[{"@type":"Article","@id":"https:\/\/www.laguiadepamplona.com\/actualidad\/pamplona-volvera-a-celebrar-el-29-de-noviembre-la-festividad-de-su-patron-san-saturnino-con-procesion-en-honor-al-santo-y-salida-de-la-comparsa-de-gigantes-y-cabezudos\/#article","isPartOf":{"@id":"https:\/\/www.laguiadepamplona.com\/actualidad\/pamplona-volvera-a-celebrar-el-29-de-noviembre-la-festividad-de-su-patron-san-saturnino-con-procesion-en-honor-al-santo-y-salida-de-la-comparsa-de-gigantes-y-cabezudos\/"},"author":{"name":"La Gu\u00eda de Pamplona","@id":"https:\/\/www.laguiadepamplona.com\/actualidad\/#\/schema\/person\/efe887376f0213d4657c93adc50b1fdb"},"headline":"Pamplona volver\u00e1 a celebrar el 29 de noviembre la festividad de su patr\u00f3n, San Saturnino, con procesi\u00f3n en honor al santo y salida de la comparsa de Gigantes y Cabezudos","datePublished":"2021-11-10T11:16:43+00:00","dateModified":"2023-04-11T09:48:47+00:00","mainEntityOfPage":{"@id":"https:\/\/www.laguiadepamplona.com\/actualidad\/pamplona-volvera-a-celebrar-el-29-de-noviembre-la-festividad-de-su-patron-san-saturnino-con-procesion-en-honor-al-santo-y-salida-de-la-comparsa-de-gigantes-y-cabezudos\/"},"wordCount":564,"commentCount":0,"publisher":{"@id":"https:\/\/www.laguiadepamplona.com\/actualidad\/#organization"},"image":{"@id":"https:\/\/www.laguiadepamplona.com\/actualidad\/pamplona-volvera-a-celebrar-el-29-de-noviembre-la-festividad-de-su-patron-san-saturnino-con-procesion-en-honor-al-santo-y-salida-de-la-comparsa-de-gigantes-y-cabezudos\/#primaryimage"},"thumbnailUrl":"https:\/\/www.laguiadepamplona.com\/actualidad\/wp-content\/uploads\/2021\/11\/san-saturnino.jpg","articleSection":["Ayto Pamplona"],"inLanguage":"es","potentialAction":[{"@type":"CommentAction","name":"Comment","target":["https:\/\/www.laguiadepamplona.com\/actualidad\/pamplona-volvera-a-celebrar-el-29-de-noviembre-la-festividad-de-su-patron-san-saturnino-con-procesion-en-honor-al-santo-y-salida-de-la-comparsa-de-gigantes-y-cabezudos\/#respond"]}]},{"@type":"WebPage","@id":"https:\/\/www.laguiadepamplona.com\/actualidad\/pamplona-volvera-a-celebrar-el-29-de-noviembre-la-festividad-de-su-patron-san-saturnino-con-procesion-en-honor-al-santo-y-salida-de-la-comparsa-de-gigantes-y-cabezudos\/","url":"https:\/\/www.laguiadepamplona.com\/actualidad\/pamplona-volvera-a-celebrar-el-29-de-noviembre-la-festividad-de-su-patron-san-saturnino-con-procesion-en-honor-al-santo-y-salida-de-la-comparsa-de-gigantes-y-cabezudos\/","name":"Pamplona volver\u00e1 a celebrar el 29 de noviembre la festividad de su patr\u00f3n, San Saturnino, con procesi\u00f3n en honor al santo y salida de la comparsa de Gigantes y Cabezudos","isPartOf":{"@id":"https:\/\/www.laguiadepamplona.com\/actualidad\/#website"},"primaryImageOfPage":{"@id":"https:\/\/www.laguiadepamplona.com\/actualidad\/pamplona-volvera-a-celebrar-el-29-de-noviembre-la-festividad-de-su-patron-san-saturnino-con-procesion-en-honor-al-santo-y-salida-de-la-comparsa-de-gigantes-y-cabezudos\/#primaryimage"},"image":{"@id":"https:\/\/www.laguiadepamplona.com\/actualidad\/pamplona-volvera-a-celebrar-el-29-de-noviembre-la-festividad-de-su-patron-san-saturnino-con-procesion-en-honor-al-santo-y-salida-de-la-comparsa-de-gigantes-y-cabezudos\/#primaryimage"},"thumbnailUrl":"https:\/\/www.laguiadepamplona.com\/actualidad\/wp-content\/uploads\/2021\/11\/san-saturnino.jpg","datePublished":"2021-11-10T11:16:43+00:00","dateModified":"2023-04-11T09:48:47+00:00","description":"Si el tiempo lo permite, el Ayuntamiento retomar\u00e1 los actos tradicionales de esa fecha, que el a\u00f1o pasado se tuvieron que suspender por la pandemia","breadcrumb":{"@id":"https:\/\/www.laguiadepamplona.com\/actualidad\/pamplona-volvera-a-celebrar-el-29-de-noviembre-la-festividad-de-su-patron-san-saturnino-con-procesion-en-honor-al-santo-y-salida-de-la-comparsa-de-gigantes-y-cabezudos\/#breadcrumb"},"inLanguage":"es","potentialAction":[{"@type":"ReadAction","target":["https:\/\/www.laguiadepamplona.com\/actualidad\/pamplona-volvera-a-celebrar-el-29-de-noviembre-la-festividad-de-su-patron-san-saturnino-con-procesion-en-honor-al-santo-y-salida-de-la-comparsa-de-gigantes-y-cabezudos\/"]}]},{"@type":"ImageObject","inLanguage":"es","@id":"https:\/\/www.laguiadepamplona.com\/actualidad\/pamplona-volvera-a-celebrar-el-29-de-noviembre-la-festividad-de-su-patron-san-saturnino-con-procesion-en-honor-al-santo-y-salida-de-la-comparsa-de-gigantes-y-cabezudos\/#primaryimage","url":"https:\/\/www.laguiadepamplona.com\/actualidad\/wp-content\/uploads\/2021\/11\/san-saturnino.jpg","contentUrl":"https:\/\/www.laguiadepamplona.com\/actualidad\/wp-content\/uploads\/2021\/11\/san-saturnino.jpg","width":1771,"height":1181,"caption":"A: Jes\u00fas Caso F: 29-11-2019 P: L: Pamplona T: Procesi\u00f3n de San Saturnino."},{"@type":"BreadcrumbList","@id":"https:\/\/www.laguiadepamplona.com\/actualidad\/pamplona-volvera-a-celebrar-el-29-de-noviembre-la-festividad-de-su-patron-san-saturnino-con-procesion-en-honor-al-santo-y-salida-de-la-comparsa-de-gigantes-y-cabezudos\/#breadcrumb","itemListElement":[{"@type":"ListItem","position":1,"name":"Portada","item":"https:\/\/www.laguiadepamplona.com\/actualidad\/"},{"@type":"ListItem","position":2,"name":"Pamplona volver\u00e1 a celebrar el 29 de noviembre la festividad de su patr\u00f3n, San Saturnino, con procesi\u00f3n en honor al santo y salida de la comparsa de Gigantes y Cabezudos"}]},{"@type":"WebSite","@id":"https:\/\/www.laguiadepamplona.com\/actualidad\/#website","url":"https:\/\/www.laguiadepamplona.com\/actualidad\/","name":"La gu\u00eda de Pamplona","description":"Noticias de Pamplona","publisher":{"@id":"https:\/\/www.laguiadepamplona.com\/actualidad\/#organization"},"potentialAction":[{"@type":"SearchAction","target":{"@type":"EntryPoint","urlTemplate":"https:\/\/www.laguiadepamplona.com\/actualidad\/?s={search_term_string}"},"query-input":{"@type":"PropertyValueSpecification","valueRequired":true,"valueName":"search_term_string"}}],"inLanguage":"es"},{"@type":"Organization","@id":"https:\/\/www.laguiadepamplona.com\/actualidad\/#organization","name":"La Gu\u00eda de Pamplona \/ Noticias","url":"https:\/\/www.laguiadepamplona.com\/actualidad\/","logo":{"@type":"ImageObject","inLanguage":"es","@id":"https:\/\/www.laguiadepamplona.com\/actualidad\/#\/schema\/logo\/image\/","url":"https:\/\/www.laguiadepamplona.com\/actualidad\/wp-content\/uploads\/2018\/11\/logo-laguiadepamplona18-web1.png","contentUrl":"https:\/\/www.laguiadepamplona.com\/actualidad\/wp-content\/uploads\/2018\/11\/logo-laguiadepamplona18-web1.png","width":600,"height":196,"caption":"La Gu\u00eda de Pamplona \/ Noticias"},"image":{"@id":"https:\/\/www.laguiadepamplona.com\/actualidad\/#\/schema\/logo\/image\/"},"sameAs":["https:\/\/www.facebook.com\/laguiadepamplonacom-133175176762273\/?ref=hl","https:\/\/x.com\/LaGuiadPamplona","https:\/\/www.instagram.com\/la_guia_de_pamplona\/","https:\/\/www.youtube.com\/user\/laguiadepamplona"]},{"@type":"Person","@id":"https:\/\/www.laguiadepamplona.com\/actualidad\/#\/schema\/person\/efe887376f0213d4657c93adc50b1fdb","name":"La Gu\u00eda de Pamplona","image":{"@type":"ImageObject","inLanguage":"es","@id":"https:\/\/secure.gravatar.com\/avatar\/b6992f131dc8d30ab0dff15446e9d346d9dbd95992de0fef795073f5ea83a81c?s=96&d=mm&r=g","url":"https:\/\/secure.gravatar.com\/avatar\/b6992f131dc8d30ab0dff15446e9d346d9dbd95992de0fef795073f5ea83a81c?s=96&d=mm&r=g","contentUrl":"https:\/\/secure.gravatar.com\/avatar\/b6992f131dc8d30ab0dff15446e9d346d9dbd95992de0fef795073f5ea83a81c?s=96&d=mm&r=g","caption":"La Gu\u00eda de Pamplona"}}]}},"post_mailing_queue_ids":[],"_links":{"self":[{"href":"https:\/\/www.laguiadepamplona.com\/actualidad\/wp-json\/wp\/v2\/posts\/37465","targetHints":{"allow":["GET"]}}],"collection":[{"href":"https:\/\/www.laguiadepamplona.com\/actualidad\/wp-json\/wp\/v2\/posts"}],"about":[{"href":"https:\/\/www.laguiadepamplona.com\/actualidad\/wp-json\/wp\/v2\/types\/post"}],"author":[{"embeddable":true,"href":"https:\/\/www.laguiadepamplona.com\/actualidad\/wp-json\/wp\/v2\/users\/1"}],"replies":[{"embeddable":true,"href":"https:\/\/www.laguiadepamplona.com\/actualidad\/wp-json\/wp\/v2\/comments?post=37465"}],"version-history":[{"count":0,"href":"https:\/\/www.laguiadepamplona.com\/actualidad\/wp-json\/wp\/v2\/posts\/37465\/revisions"}],"wp:featuredmedia":[{"embeddable":true,"href":"https:\/\/www.laguiadepamplona.com\/actualidad\/wp-json\/wp\/v2\/media\/37466"}],"wp:attachment":[{"href":"https:\/\/www.laguiadepamplona.com\/actualidad\/wp-json\/wp\/v2\/media?parent=37465"}],"wp:term":[{"taxonomy":"category","embeddable":true,"href":"https:\/\/www.laguiadepamplona.com\/actualidad\/wp-json\/wp\/v2\/categories?post=37465"},{"taxonomy":"post_tag","embeddable":true,"href":"https:\/\/www.laguiadepamplona.com\/actualidad\/wp-json\/wp\/v2\/tags?post=37465"}],"curies":[{"name":"wp","href":"https:\/\/api.w.org\/{rel}","templated":true}]}}