{"id":37462,"date":"2021-11-10T13:14:53","date_gmt":"2021-11-10T11:14:53","guid":{"rendered":"https:\/\/www.laguiadepamplona.com\/actualidad\/?p=37462"},"modified":"2023-04-11T11:48:47","modified_gmt":"2023-04-11T09:48:47","slug":"se-inician-los-trabajos-en-la-txantrea-para-renovar-la-imagen-de-la-conocida-como-plaza-del-reloj-y-mejorar-su-accesibilidad","status":"publish","type":"post","link":"https:\/\/www.laguiadepamplona.com\/actualidad\/se-inician-los-trabajos-en-la-txantrea-para-renovar-la-imagen-de-la-conocida-como-plaza-del-reloj-y-mejorar-su-accesibilidad\/","title":{"rendered":"Se inician los trabajos en la Txantrea para renovar la imagen de la conocida como \u2018plaza del reloj\u2019 y mejorar su accesibilidad"},"content":{"rendered":"<h5>Se van a eliminar muros y escaleras y se va a repavimentar la zona. La nueva distribuci\u00f3n permitir\u00e1 la colocaci\u00f3n de una marquesina para esperar al autob\u00fas<\/h5>\n<p><!--more--><\/p>\n<p>El Ayuntamiento ha iniciado los trabajos de transformaci\u00f3n de la plaza situada en la confluencia de las calles san Crist\u00f3bal y Etxalar de la Txantrea, la popularmente conocida como \u2018plaza del reloj\u2019. El objetivo de esta intervenci\u00f3n es renovar la imagen de este transitado punto del barrio y mejorar su accesibilidad. Para ello se van a demoler los muros que exist\u00edan hasta el momento y se van a eliminar las escaleras que se encontraban en la parte norte, adem\u00e1s de repavimentar gran parte de la plaza. La nueva distribuci\u00f3n de elementos libera un espacio que permite la colocaci\u00f3n de una marquesina, una demanda que desde hace tiempo llevaban haciendo los vecinos del barrio.<\/p>\n<p><script async src=\"\/\/pagead2.googlesyndication.com\/pagead\/js\/adsbygoogle.js\"><\/script><br \/>\n<!-- Noticias La Guia de Pamplona --><br \/>\n<ins class=\"adsbygoogle\"\nstyle=\"display:block\"\ndata-ad-client=\"ca-pub-6943679897239327\"\ndata-ad-slot=\"7048180777\"\ndata-ad-format=\"auto\"><\/ins><br \/>\n<script>\n(adsbygoogle = window.adsbygoogle || []).push({});\n<\/script><\/p>\n<p>Una de las plazas m\u00e1s conocidas y transitadas del barrio de la Txantrea presentar\u00e1 antes de Navidades una nueva imagen, gracias a los trabajos de mejora que ya se han iniciado y que se alargar\u00e1n durante unas seis semanas. Esta actuaci\u00f3n, que se realiza gracias al acuerdo presupuestario entre los grupos municipales de Navarra Suma y Socialistas del Ayuntamiento de Pamplona, cuenta con un presupuesto de 30.000 euros.<\/p>\n<p>En la parte norte de la plaza, junto a la calle San Crist\u00f3bal, se demoler\u00e1n todos los muros y escaleras que han sido parte de la imagen de la zona hasta el momento. As\u00ed, se ganar\u00e1 un nuevo espacio en el que se podr\u00e1 situar una marquesina para la parada de autob\u00fas, demandada desde hace tiempo por los vecinos. Tambi\u00e9n se colocar\u00e1n jardineras, y se crear\u00e1n dos espacios verdes, con los que se conseguir\u00e1 suavizar el aspecto urbano de la plaza y homogeneizar este espacio con el entorno.<\/p>\n<p><script async src=\"\/\/pagead2.googlesyndication.com\/pagead\/js\/adsbygoogle.js\"><\/script><br \/>\n<!-- Noticias La Guia de Pamplona --><br \/>\n<ins class=\"adsbygoogle\"\nstyle=\"display:block\"\ndata-ad-client=\"ca-pub-6943679897239327\"\ndata-ad-slot=\"7048180777\"\ndata-ad-format=\"auto\"><\/ins><br \/>\n<script>\n(adsbygoogle = window.adsbygoogle || []).push({});\n<\/script><\/p>\n<p>La accesibilidad se completar\u00e1 con una peque\u00f1a rampa dispuesta en la parte sur, desde la calle Etxalar, para lo que ser\u00e1 necesario demoler la estructura actual y rellenar la zona hundida. Adem\u00e1s, se renovar\u00e1 el pavimento, equiparando el de la plaza al que recientemente se ha colocado en las calles adyacentes. Se trata de la utilizaci\u00f3n de baldosa hidr\u00e1ulica en piezas de 30&#215;30 cent\u00edmetros con alguna zona de estancia de color rojizo pavimentada con losa o adoqu\u00edn monocapa.<\/p>\n","protected":false},"excerpt":{"rendered":"<p>Se van a eliminar muros y escaleras y se va a repavimentar la zona. La nueva distribuci\u00f3n permitir\u00e1 la colocaci\u00f3n de una marquesina para esperar al autob\u00fas<\/p>\n","protected":false},"author":1,"featured_media":37463,"comment_status":"open","ping_status":"closed","sticky":false,"template":"","format":"standard","meta":{"footnotes":""},"categories":[2],"tags":[],"class_list":["post-37462","post","type-post","status-publish","format-standard","has-post-thumbnail","hentry","category-ayuntamiento-pamplona"],"yoast_head":"<!-- This site is optimized with the Yoast SEO plugin v27.5 - https:\/\/yoast.com\/product\/yoast-seo-wordpress\/ -->\n<title>Se inician los trabajos en la Txantrea para renovar la imagen de la conocida como \u2018plaza del reloj\u2019 y mejorar su accesibilidad<\/title>\n<meta name=\"description\" content=\"Se van a eliminar muros y escaleras y se va a repavimentar la zona. La nueva distribuci\u00f3n permitir\u00e1 la colocaci\u00f3n de una marquesina para esperar al autob\u00fas\" \/>\n<meta name=\"robots\" content=\"index, follow, max-snippet:-1, max-image-preview:large, max-video-preview:-1\" \/>\n<link rel=\"canonical\" href=\"https:\/\/www.laguiadepamplona.com\/actualidad\/se-inician-los-trabajos-en-la-txantrea-para-renovar-la-imagen-de-la-conocida-como-plaza-del-reloj-y-mejorar-su-accesibilidad\/\" \/>\n<meta property=\"og:locale\" content=\"es_ES\" \/>\n<meta property=\"og:type\" content=\"article\" \/>\n<meta property=\"og:title\" content=\"Se inician los trabajos en la Txantrea para renovar la imagen de la conocida como \u2018plaza del reloj\u2019 y mejorar su accesibilidad\" \/>\n<meta property=\"og:description\" content=\"Se van a eliminar muros y escaleras y se va a repavimentar la zona. La nueva distribuci\u00f3n permitir\u00e1 la colocaci\u00f3n de una marquesina para esperar al autob\u00fas\" \/>\n<meta property=\"og:url\" content=\"https:\/\/www.laguiadepamplona.com\/actualidad\/se-inician-los-trabajos-en-la-txantrea-para-renovar-la-imagen-de-la-conocida-como-plaza-del-reloj-y-mejorar-su-accesibilidad\/\" \/>\n<meta property=\"og:site_name\" content=\"La Gu\u00eda de Pamplona\" \/>\n<meta property=\"article:publisher\" content=\"https:\/\/www.facebook.com\/laguiadepamplonacom-133175176762273\/?ref=hl\" \/>\n<meta property=\"article:published_time\" content=\"2021-11-10T11:14:53+00:00\" \/>\n<meta property=\"article:modified_time\" content=\"2023-04-11T09:48:47+00:00\" \/>\n<meta property=\"og:image\" content=\"https:\/\/www.laguiadepamplona.com\/actualidad\/wp-content\/uploads\/2021\/11\/plaza-reloj-txantrea.jpg\" \/>\n\t<meta property=\"og:image:width\" content=\"1287\" \/>\n\t<meta property=\"og:image:height\" content=\"835\" \/>\n\t<meta property=\"og:image:type\" content=\"image\/jpeg\" \/>\n<meta name=\"author\" content=\"La Gu\u00eda de Pamplona\" \/>\n<meta name=\"twitter:card\" content=\"summary_large_image\" \/>\n<meta name=\"twitter:creator\" content=\"@LaGuiadPamplona\" \/>\n<meta name=\"twitter:site\" content=\"@LaGuiadPamplona\" \/>\n<meta name=\"twitter:label1\" content=\"Escrito por\" \/>\n\t<meta name=\"twitter:data1\" content=\"La Gu\u00eda de Pamplona\" \/>\n\t<meta name=\"twitter:label2\" content=\"Tiempo de lectura\" \/>\n\t<meta name=\"twitter:data2\" content=\"2 minutos\" \/>\n<script type=\"application\/ld+json\" class=\"yoast-schema-graph\">{\"@context\":\"https:\\\/\\\/schema.org\",\"@graph\":[{\"@type\":\"Article\",\"@id\":\"https:\\\/\\\/www.laguiadepamplona.com\\\/actualidad\\\/se-inician-los-trabajos-en-la-txantrea-para-renovar-la-imagen-de-la-conocida-como-plaza-del-reloj-y-mejorar-su-accesibilidad\\\/#article\",\"isPartOf\":{\"@id\":\"https:\\\/\\\/www.laguiadepamplona.com\\\/actualidad\\\/se-inician-los-trabajos-en-la-txantrea-para-renovar-la-imagen-de-la-conocida-como-plaza-del-reloj-y-mejorar-su-accesibilidad\\\/\"},\"author\":{\"name\":\"La Gu\u00eda de Pamplona\",\"@id\":\"https:\\\/\\\/www.laguiadepamplona.com\\\/actualidad\\\/#\\\/schema\\\/person\\\/efe887376f0213d4657c93adc50b1fdb\"},\"headline\":\"Se inician los trabajos en la Txantrea para renovar la imagen de la conocida como \u2018plaza del reloj\u2019 y mejorar su accesibilidad\",\"datePublished\":\"2021-11-10T11:14:53+00:00\",\"dateModified\":\"2023-04-11T09:48:47+00:00\",\"mainEntityOfPage\":{\"@id\":\"https:\\\/\\\/www.laguiadepamplona.com\\\/actualidad\\\/se-inician-los-trabajos-en-la-txantrea-para-renovar-la-imagen-de-la-conocida-como-plaza-del-reloj-y-mejorar-su-accesibilidad\\\/\"},\"wordCount\":420,\"commentCount\":0,\"publisher\":{\"@id\":\"https:\\\/\\\/www.laguiadepamplona.com\\\/actualidad\\\/#organization\"},\"image\":{\"@id\":\"https:\\\/\\\/www.laguiadepamplona.com\\\/actualidad\\\/se-inician-los-trabajos-en-la-txantrea-para-renovar-la-imagen-de-la-conocida-como-plaza-del-reloj-y-mejorar-su-accesibilidad\\\/#primaryimage\"},\"thumbnailUrl\":\"https:\\\/\\\/www.laguiadepamplona.com\\\/actualidad\\\/wp-content\\\/uploads\\\/2021\\\/11\\\/plaza-reloj-txantrea.jpg\",\"articleSection\":[\"Ayto Pamplona\"],\"inLanguage\":\"es\",\"potentialAction\":[{\"@type\":\"CommentAction\",\"name\":\"Comment\",\"target\":[\"https:\\\/\\\/www.laguiadepamplona.com\\\/actualidad\\\/se-inician-los-trabajos-en-la-txantrea-para-renovar-la-imagen-de-la-conocida-como-plaza-del-reloj-y-mejorar-su-accesibilidad\\\/#respond\"]}]},{\"@type\":\"WebPage\",\"@id\":\"https:\\\/\\\/www.laguiadepamplona.com\\\/actualidad\\\/se-inician-los-trabajos-en-la-txantrea-para-renovar-la-imagen-de-la-conocida-como-plaza-del-reloj-y-mejorar-su-accesibilidad\\\/\",\"url\":\"https:\\\/\\\/www.laguiadepamplona.com\\\/actualidad\\\/se-inician-los-trabajos-en-la-txantrea-para-renovar-la-imagen-de-la-conocida-como-plaza-del-reloj-y-mejorar-su-accesibilidad\\\/\",\"name\":\"Se inician los trabajos en la Txantrea para renovar la imagen de la conocida como \u2018plaza del reloj\u2019 y mejorar su accesibilidad\",\"isPartOf\":{\"@id\":\"https:\\\/\\\/www.laguiadepamplona.com\\\/actualidad\\\/#website\"},\"primaryImageOfPage\":{\"@id\":\"https:\\\/\\\/www.laguiadepamplona.com\\\/actualidad\\\/se-inician-los-trabajos-en-la-txantrea-para-renovar-la-imagen-de-la-conocida-como-plaza-del-reloj-y-mejorar-su-accesibilidad\\\/#primaryimage\"},\"image\":{\"@id\":\"https:\\\/\\\/www.laguiadepamplona.com\\\/actualidad\\\/se-inician-los-trabajos-en-la-txantrea-para-renovar-la-imagen-de-la-conocida-como-plaza-del-reloj-y-mejorar-su-accesibilidad\\\/#primaryimage\"},\"thumbnailUrl\":\"https:\\\/\\\/www.laguiadepamplona.com\\\/actualidad\\\/wp-content\\\/uploads\\\/2021\\\/11\\\/plaza-reloj-txantrea.jpg\",\"datePublished\":\"2021-11-10T11:14:53+00:00\",\"dateModified\":\"2023-04-11T09:48:47+00:00\",\"description\":\"Se van a eliminar muros y escaleras y se va a repavimentar la zona. La nueva distribuci\u00f3n permitir\u00e1 la colocaci\u00f3n de una marquesina para esperar al autob\u00fas\",\"breadcrumb\":{\"@id\":\"https:\\\/\\\/www.laguiadepamplona.com\\\/actualidad\\\/se-inician-los-trabajos-en-la-txantrea-para-renovar-la-imagen-de-la-conocida-como-plaza-del-reloj-y-mejorar-su-accesibilidad\\\/#breadcrumb\"},\"inLanguage\":\"es\",\"potentialAction\":[{\"@type\":\"ReadAction\",\"target\":[\"https:\\\/\\\/www.laguiadepamplona.com\\\/actualidad\\\/se-inician-los-trabajos-en-la-txantrea-para-renovar-la-imagen-de-la-conocida-como-plaza-del-reloj-y-mejorar-su-accesibilidad\\\/\"]}]},{\"@type\":\"ImageObject\",\"inLanguage\":\"es\",\"@id\":\"https:\\\/\\\/www.laguiadepamplona.com\\\/actualidad\\\/se-inician-los-trabajos-en-la-txantrea-para-renovar-la-imagen-de-la-conocida-como-plaza-del-reloj-y-mejorar-su-accesibilidad\\\/#primaryimage\",\"url\":\"https:\\\/\\\/www.laguiadepamplona.com\\\/actualidad\\\/wp-content\\\/uploads\\\/2021\\\/11\\\/plaza-reloj-txantrea.jpg\",\"contentUrl\":\"https:\\\/\\\/www.laguiadepamplona.com\\\/actualidad\\\/wp-content\\\/uploads\\\/2021\\\/11\\\/plaza-reloj-txantrea.jpg\",\"width\":1287,\"height\":835},{\"@type\":\"BreadcrumbList\",\"@id\":\"https:\\\/\\\/www.laguiadepamplona.com\\\/actualidad\\\/se-inician-los-trabajos-en-la-txantrea-para-renovar-la-imagen-de-la-conocida-como-plaza-del-reloj-y-mejorar-su-accesibilidad\\\/#breadcrumb\",\"itemListElement\":[{\"@type\":\"ListItem\",\"position\":1,\"name\":\"Portada\",\"item\":\"https:\\\/\\\/www.laguiadepamplona.com\\\/actualidad\\\/\"},{\"@type\":\"ListItem\",\"position\":2,\"name\":\"Se inician los trabajos en la Txantrea para renovar la imagen de la conocida como \u2018plaza del reloj\u2019 y mejorar su accesibilidad\"}]},{\"@type\":\"WebSite\",\"@id\":\"https:\\\/\\\/www.laguiadepamplona.com\\\/actualidad\\\/#website\",\"url\":\"https:\\\/\\\/www.laguiadepamplona.com\\\/actualidad\\\/\",\"name\":\"La gu\u00eda de Pamplona\",\"description\":\"Noticias de Pamplona\",\"publisher\":{\"@id\":\"https:\\\/\\\/www.laguiadepamplona.com\\\/actualidad\\\/#organization\"},\"potentialAction\":[{\"@type\":\"SearchAction\",\"target\":{\"@type\":\"EntryPoint\",\"urlTemplate\":\"https:\\\/\\\/www.laguiadepamplona.com\\\/actualidad\\\/?s={search_term_string}\"},\"query-input\":{\"@type\":\"PropertyValueSpecification\",\"valueRequired\":true,\"valueName\":\"search_term_string\"}}],\"inLanguage\":\"es\"},{\"@type\":\"Organization\",\"@id\":\"https:\\\/\\\/www.laguiadepamplona.com\\\/actualidad\\\/#organization\",\"name\":\"La Gu\u00eda de Pamplona \\\/ Noticias\",\"url\":\"https:\\\/\\\/www.laguiadepamplona.com\\\/actualidad\\\/\",\"logo\":{\"@type\":\"ImageObject\",\"inLanguage\":\"es\",\"@id\":\"https:\\\/\\\/www.laguiadepamplona.com\\\/actualidad\\\/#\\\/schema\\\/logo\\\/image\\\/\",\"url\":\"https:\\\/\\\/www.laguiadepamplona.com\\\/actualidad\\\/wp-content\\\/uploads\\\/2018\\\/11\\\/logo-laguiadepamplona18-web1.png\",\"contentUrl\":\"https:\\\/\\\/www.laguiadepamplona.com\\\/actualidad\\\/wp-content\\\/uploads\\\/2018\\\/11\\\/logo-laguiadepamplona18-web1.png\",\"width\":600,\"height\":196,\"caption\":\"La Gu\u00eda de Pamplona \\\/ Noticias\"},\"image\":{\"@id\":\"https:\\\/\\\/www.laguiadepamplona.com\\\/actualidad\\\/#\\\/schema\\\/logo\\\/image\\\/\"},\"sameAs\":[\"https:\\\/\\\/www.facebook.com\\\/laguiadepamplonacom-133175176762273\\\/?ref=hl\",\"https:\\\/\\\/x.com\\\/LaGuiadPamplona\",\"https:\\\/\\\/www.instagram.com\\\/la_guia_de_pamplona\\\/\",\"https:\\\/\\\/www.youtube.com\\\/user\\\/laguiadepamplona\"]},{\"@type\":\"Person\",\"@id\":\"https:\\\/\\\/www.laguiadepamplona.com\\\/actualidad\\\/#\\\/schema\\\/person\\\/efe887376f0213d4657c93adc50b1fdb\",\"name\":\"La Gu\u00eda de Pamplona\",\"image\":{\"@type\":\"ImageObject\",\"inLanguage\":\"es\",\"@id\":\"https:\\\/\\\/secure.gravatar.com\\\/avatar\\\/b6992f131dc8d30ab0dff15446e9d346d9dbd95992de0fef795073f5ea83a81c?s=96&d=mm&r=g\",\"url\":\"https:\\\/\\\/secure.gravatar.com\\\/avatar\\\/b6992f131dc8d30ab0dff15446e9d346d9dbd95992de0fef795073f5ea83a81c?s=96&d=mm&r=g\",\"contentUrl\":\"https:\\\/\\\/secure.gravatar.com\\\/avatar\\\/b6992f131dc8d30ab0dff15446e9d346d9dbd95992de0fef795073f5ea83a81c?s=96&d=mm&r=g\",\"caption\":\"La Gu\u00eda de Pamplona\"}}]}<\/script>\n<!-- \/ Yoast SEO plugin. -->","yoast_head_json":{"title":"Se inician los trabajos en la Txantrea para renovar la imagen de la conocida como \u2018plaza del reloj\u2019 y mejorar su accesibilidad","description":"Se van a eliminar muros y escaleras y se va a repavimentar la zona. La nueva distribuci\u00f3n permitir\u00e1 la colocaci\u00f3n de una marquesina para esperar al autob\u00fas","robots":{"index":"index","follow":"follow","max-snippet":"max-snippet:-1","max-image-preview":"max-image-preview:large","max-video-preview":"max-video-preview:-1"},"canonical":"https:\/\/www.laguiadepamplona.com\/actualidad\/se-inician-los-trabajos-en-la-txantrea-para-renovar-la-imagen-de-la-conocida-como-plaza-del-reloj-y-mejorar-su-accesibilidad\/","og_locale":"es_ES","og_type":"article","og_title":"Se inician los trabajos en la Txantrea para renovar la imagen de la conocida como \u2018plaza del reloj\u2019 y mejorar su accesibilidad","og_description":"Se van a eliminar muros y escaleras y se va a repavimentar la zona. La nueva distribuci\u00f3n permitir\u00e1 la colocaci\u00f3n de una marquesina para esperar al autob\u00fas","og_url":"https:\/\/www.laguiadepamplona.com\/actualidad\/se-inician-los-trabajos-en-la-txantrea-para-renovar-la-imagen-de-la-conocida-como-plaza-del-reloj-y-mejorar-su-accesibilidad\/","og_site_name":"La Gu\u00eda de Pamplona","article_publisher":"https:\/\/www.facebook.com\/laguiadepamplonacom-133175176762273\/?ref=hl","article_published_time":"2021-11-10T11:14:53+00:00","article_modified_time":"2023-04-11T09:48:47+00:00","og_image":[{"width":1287,"height":835,"url":"https:\/\/www.laguiadepamplona.com\/actualidad\/wp-content\/uploads\/2021\/11\/plaza-reloj-txantrea.jpg","type":"image\/jpeg"}],"author":"La Gu\u00eda de Pamplona","twitter_card":"summary_large_image","twitter_creator":"@LaGuiadPamplona","twitter_site":"@LaGuiadPamplona","twitter_misc":{"Escrito por":"La Gu\u00eda de Pamplona","Tiempo de lectura":"2 minutos"},"schema":{"@context":"https:\/\/schema.org","@graph":[{"@type":"Article","@id":"https:\/\/www.laguiadepamplona.com\/actualidad\/se-inician-los-trabajos-en-la-txantrea-para-renovar-la-imagen-de-la-conocida-como-plaza-del-reloj-y-mejorar-su-accesibilidad\/#article","isPartOf":{"@id":"https:\/\/www.laguiadepamplona.com\/actualidad\/se-inician-los-trabajos-en-la-txantrea-para-renovar-la-imagen-de-la-conocida-como-plaza-del-reloj-y-mejorar-su-accesibilidad\/"},"author":{"name":"La Gu\u00eda de Pamplona","@id":"https:\/\/www.laguiadepamplona.com\/actualidad\/#\/schema\/person\/efe887376f0213d4657c93adc50b1fdb"},"headline":"Se inician los trabajos en la Txantrea para renovar la imagen de la conocida como \u2018plaza del reloj\u2019 y mejorar su accesibilidad","datePublished":"2021-11-10T11:14:53+00:00","dateModified":"2023-04-11T09:48:47+00:00","mainEntityOfPage":{"@id":"https:\/\/www.laguiadepamplona.com\/actualidad\/se-inician-los-trabajos-en-la-txantrea-para-renovar-la-imagen-de-la-conocida-como-plaza-del-reloj-y-mejorar-su-accesibilidad\/"},"wordCount":420,"commentCount":0,"publisher":{"@id":"https:\/\/www.laguiadepamplona.com\/actualidad\/#organization"},"image":{"@id":"https:\/\/www.laguiadepamplona.com\/actualidad\/se-inician-los-trabajos-en-la-txantrea-para-renovar-la-imagen-de-la-conocida-como-plaza-del-reloj-y-mejorar-su-accesibilidad\/#primaryimage"},"thumbnailUrl":"https:\/\/www.laguiadepamplona.com\/actualidad\/wp-content\/uploads\/2021\/11\/plaza-reloj-txantrea.jpg","articleSection":["Ayto Pamplona"],"inLanguage":"es","potentialAction":[{"@type":"CommentAction","name":"Comment","target":["https:\/\/www.laguiadepamplona.com\/actualidad\/se-inician-los-trabajos-en-la-txantrea-para-renovar-la-imagen-de-la-conocida-como-plaza-del-reloj-y-mejorar-su-accesibilidad\/#respond"]}]},{"@type":"WebPage","@id":"https:\/\/www.laguiadepamplona.com\/actualidad\/se-inician-los-trabajos-en-la-txantrea-para-renovar-la-imagen-de-la-conocida-como-plaza-del-reloj-y-mejorar-su-accesibilidad\/","url":"https:\/\/www.laguiadepamplona.com\/actualidad\/se-inician-los-trabajos-en-la-txantrea-para-renovar-la-imagen-de-la-conocida-como-plaza-del-reloj-y-mejorar-su-accesibilidad\/","name":"Se inician los trabajos en la Txantrea para renovar la imagen de la conocida como \u2018plaza del reloj\u2019 y mejorar su accesibilidad","isPartOf":{"@id":"https:\/\/www.laguiadepamplona.com\/actualidad\/#website"},"primaryImageOfPage":{"@id":"https:\/\/www.laguiadepamplona.com\/actualidad\/se-inician-los-trabajos-en-la-txantrea-para-renovar-la-imagen-de-la-conocida-como-plaza-del-reloj-y-mejorar-su-accesibilidad\/#primaryimage"},"image":{"@id":"https:\/\/www.laguiadepamplona.com\/actualidad\/se-inician-los-trabajos-en-la-txantrea-para-renovar-la-imagen-de-la-conocida-como-plaza-del-reloj-y-mejorar-su-accesibilidad\/#primaryimage"},"thumbnailUrl":"https:\/\/www.laguiadepamplona.com\/actualidad\/wp-content\/uploads\/2021\/11\/plaza-reloj-txantrea.jpg","datePublished":"2021-11-10T11:14:53+00:00","dateModified":"2023-04-11T09:48:47+00:00","description":"Se van a eliminar muros y escaleras y se va a repavimentar la zona. La nueva distribuci\u00f3n permitir\u00e1 la colocaci\u00f3n de una marquesina para esperar al autob\u00fas","breadcrumb":{"@id":"https:\/\/www.laguiadepamplona.com\/actualidad\/se-inician-los-trabajos-en-la-txantrea-para-renovar-la-imagen-de-la-conocida-como-plaza-del-reloj-y-mejorar-su-accesibilidad\/#breadcrumb"},"inLanguage":"es","potentialAction":[{"@type":"ReadAction","target":["https:\/\/www.laguiadepamplona.com\/actualidad\/se-inician-los-trabajos-en-la-txantrea-para-renovar-la-imagen-de-la-conocida-como-plaza-del-reloj-y-mejorar-su-accesibilidad\/"]}]},{"@type":"ImageObject","inLanguage":"es","@id":"https:\/\/www.laguiadepamplona.com\/actualidad\/se-inician-los-trabajos-en-la-txantrea-para-renovar-la-imagen-de-la-conocida-como-plaza-del-reloj-y-mejorar-su-accesibilidad\/#primaryimage","url":"https:\/\/www.laguiadepamplona.com\/actualidad\/wp-content\/uploads\/2021\/11\/plaza-reloj-txantrea.jpg","contentUrl":"https:\/\/www.laguiadepamplona.com\/actualidad\/wp-content\/uploads\/2021\/11\/plaza-reloj-txantrea.jpg","width":1287,"height":835},{"@type":"BreadcrumbList","@id":"https:\/\/www.laguiadepamplona.com\/actualidad\/se-inician-los-trabajos-en-la-txantrea-para-renovar-la-imagen-de-la-conocida-como-plaza-del-reloj-y-mejorar-su-accesibilidad\/#breadcrumb","itemListElement":[{"@type":"ListItem","position":1,"name":"Portada","item":"https:\/\/www.laguiadepamplona.com\/actualidad\/"},{"@type":"ListItem","position":2,"name":"Se inician los trabajos en la Txantrea para renovar la imagen de la conocida como \u2018plaza del reloj\u2019 y mejorar su accesibilidad"}]},{"@type":"WebSite","@id":"https:\/\/www.laguiadepamplona.com\/actualidad\/#website","url":"https:\/\/www.laguiadepamplona.com\/actualidad\/","name":"La gu\u00eda de Pamplona","description":"Noticias de Pamplona","publisher":{"@id":"https:\/\/www.laguiadepamplona.com\/actualidad\/#organization"},"potentialAction":[{"@type":"SearchAction","target":{"@type":"EntryPoint","urlTemplate":"https:\/\/www.laguiadepamplona.com\/actualidad\/?s={search_term_string}"},"query-input":{"@type":"PropertyValueSpecification","valueRequired":true,"valueName":"search_term_string"}}],"inLanguage":"es"},{"@type":"Organization","@id":"https:\/\/www.laguiadepamplona.com\/actualidad\/#organization","name":"La Gu\u00eda de Pamplona \/ Noticias","url":"https:\/\/www.laguiadepamplona.com\/actualidad\/","logo":{"@type":"ImageObject","inLanguage":"es","@id":"https:\/\/www.laguiadepamplona.com\/actualidad\/#\/schema\/logo\/image\/","url":"https:\/\/www.laguiadepamplona.com\/actualidad\/wp-content\/uploads\/2018\/11\/logo-laguiadepamplona18-web1.png","contentUrl":"https:\/\/www.laguiadepamplona.com\/actualidad\/wp-content\/uploads\/2018\/11\/logo-laguiadepamplona18-web1.png","width":600,"height":196,"caption":"La Gu\u00eda de Pamplona \/ Noticias"},"image":{"@id":"https:\/\/www.laguiadepamplona.com\/actualidad\/#\/schema\/logo\/image\/"},"sameAs":["https:\/\/www.facebook.com\/laguiadepamplonacom-133175176762273\/?ref=hl","https:\/\/x.com\/LaGuiadPamplona","https:\/\/www.instagram.com\/la_guia_de_pamplona\/","https:\/\/www.youtube.com\/user\/laguiadepamplona"]},{"@type":"Person","@id":"https:\/\/www.laguiadepamplona.com\/actualidad\/#\/schema\/person\/efe887376f0213d4657c93adc50b1fdb","name":"La Gu\u00eda de Pamplona","image":{"@type":"ImageObject","inLanguage":"es","@id":"https:\/\/secure.gravatar.com\/avatar\/b6992f131dc8d30ab0dff15446e9d346d9dbd95992de0fef795073f5ea83a81c?s=96&d=mm&r=g","url":"https:\/\/secure.gravatar.com\/avatar\/b6992f131dc8d30ab0dff15446e9d346d9dbd95992de0fef795073f5ea83a81c?s=96&d=mm&r=g","contentUrl":"https:\/\/secure.gravatar.com\/avatar\/b6992f131dc8d30ab0dff15446e9d346d9dbd95992de0fef795073f5ea83a81c?s=96&d=mm&r=g","caption":"La Gu\u00eda de Pamplona"}}]}},"post_mailing_queue_ids":[],"_links":{"self":[{"href":"https:\/\/www.laguiadepamplona.com\/actualidad\/wp-json\/wp\/v2\/posts\/37462","targetHints":{"allow":["GET"]}}],"collection":[{"href":"https:\/\/www.laguiadepamplona.com\/actualidad\/wp-json\/wp\/v2\/posts"}],"about":[{"href":"https:\/\/www.laguiadepamplona.com\/actualidad\/wp-json\/wp\/v2\/types\/post"}],"author":[{"embeddable":true,"href":"https:\/\/www.laguiadepamplona.com\/actualidad\/wp-json\/wp\/v2\/users\/1"}],"replies":[{"embeddable":true,"href":"https:\/\/www.laguiadepamplona.com\/actualidad\/wp-json\/wp\/v2\/comments?post=37462"}],"version-history":[{"count":0,"href":"https:\/\/www.laguiadepamplona.com\/actualidad\/wp-json\/wp\/v2\/posts\/37462\/revisions"}],"wp:featuredmedia":[{"embeddable":true,"href":"https:\/\/www.laguiadepamplona.com\/actualidad\/wp-json\/wp\/v2\/media\/37463"}],"wp:attachment":[{"href":"https:\/\/www.laguiadepamplona.com\/actualidad\/wp-json\/wp\/v2\/media?parent=37462"}],"wp:term":[{"taxonomy":"category","embeddable":true,"href":"https:\/\/www.laguiadepamplona.com\/actualidad\/wp-json\/wp\/v2\/categories?post=37462"},{"taxonomy":"post_tag","embeddable":true,"href":"https:\/\/www.laguiadepamplona.com\/actualidad\/wp-json\/wp\/v2\/tags?post=37462"}],"curies":[{"name":"wp","href":"https:\/\/api.w.org\/{rel}","templated":true}]}}