{"id":37449,"date":"2021-11-09T13:10:13","date_gmt":"2021-11-09T11:10:13","guid":{"rendered":"https:\/\/www.laguiadepamplona.com\/actualidad\/?p=37449"},"modified":"2023-04-11T11:48:47","modified_gmt":"2023-04-11T09:48:47","slug":"el-ayuntamiento-de-pamplona-dedicara-el-ano-que-viene-1-920-horas-a-formacion-complementaria-a-personas-en-riesgo-de-exclusion-provenientes-de-los-servicios-sociales","status":"publish","type":"post","link":"https:\/\/www.laguiadepamplona.com\/actualidad\/el-ayuntamiento-de-pamplona-dedicara-el-ano-que-viene-1-920-horas-a-formacion-complementaria-a-personas-en-riesgo-de-exclusion-provenientes-de-los-servicios-sociales\/","title":{"rendered":"El Ayuntamiento de Pamplona dedicar\u00e1 el a\u00f1o que viene 1.920 horas a formaci\u00f3n complementaria a personas en riesgo de exclusi\u00f3n provenientes de los servicios sociales"},"content":{"rendered":"<h5>Se prorroga el contrato con Asociaci\u00f3n Alaiz y Fundaci\u00f3n Gaztelan para el dise\u00f1o participado de itinerarios de incorporaci\u00f3n<\/h5>\n<p><!--more--><\/p>\n<p>La Junta de Gobierno Local ha aprobado la \u00faltima pr\u00f3rroga del acuerdo marco para el desarrollo de acciones formativas que se dirigen a personas usuarias de los servicios sociales municipales. La UTE formada por Asociaci\u00f3n Alaiz \u2013 Fundaci\u00f3n Gaztelan mantiene un contrato de asistencia t\u00e9cnica mediante el que su personal refuerza con 1.920 horas de intervenciones grupales las acciones de los distintos servicios y programas del \u00c1rea de Servicios Sociales del Ayuntamiento de Pamplona. Los contenidos se programan a demanda del Consistorio y se dise\u00f1an de forma espec\u00edfica para cada grupo de personas. Este tipo de iniciativa lleva m\u00e1s de dos d\u00e9cadas de recorrido y Alaiz y Gaztelan llevan desarroll\u00e1ndola desde el a\u00f1o 2007.<\/p>\n<p><script async src=\"\/\/pagead2.googlesyndication.com\/pagead\/js\/adsbygoogle.js\"><\/script><br \/>\n<!-- Noticias La Guia de Pamplona --><br \/>\n<ins class=\"adsbygoogle\"\nstyle=\"display:block\"\ndata-ad-client=\"ca-pub-6943679897239327\"\ndata-ad-slot=\"7048180777\"\ndata-ad-format=\"auto\"><\/ins><br \/>\n<script>\n(adsbygoogle = window.adsbygoogle || []).push({});\n<\/script><\/p>\n<p>Estas acciones de formaci\u00f3n en habilidades b\u00e1sicas y de la vida diaria y b\u00fasqueda de empleo se enmarcan dentro de los programas de Servicios Sociales municipales y buscan formar a personas en situaci\u00f3n de riesgo o exclusi\u00f3n mediante el dise\u00f1o participado de itinerarios de incorporaci\u00f3n, individualizados y con acompa\u00f1amiento socioeducativo. La pr\u00f3rroga aprobada tiene como horizonte temporal de 31 de diciembre de 2022 y establece el pago de 32,55 euros la hora (IVA excluido).<\/p>\n<p>La iniciativa formativa tiene una tambi\u00e9n una dimensi\u00f3n comunitaria al colaborar en la promoci\u00f3n o dinamizaci\u00f3n de las redes socio-comunitarias que comparten estos objetivos. Se trata de que, en este segundo \u00e1mbito, las personas en situaci\u00f3n social vulnerable participen y accedan a los recursos socio-vecinales de los barrios. Desde este Programa tambi\u00e9n se proporciona asesoramiento psicol\u00f3gico, tanto a profesionales, como a personas usuarias del mismo<br \/>\n<script async src=\"\/\/pagead2.googlesyndication.com\/pagead\/js\/adsbygoogle.js\"><\/script><br \/>\n<!-- Noticias La Guia de Pamplona --><br \/>\n<ins class=\"adsbygoogle\"\nstyle=\"display:block\"\ndata-ad-client=\"ca-pub-6943679897239327\"\ndata-ad-slot=\"7048180777\"\ndata-ad-format=\"auto\"><\/ins><br \/>\n<script>\n(adsbygoogle = window.adsbygoogle || []).push({});\n<\/script><\/p>\n<p>En 2020 entre marzo y septiembre no se pudieron realizar formaciones por causa de la COVID 19 y, desde entonces, las normas de seguridad sanitaria obligaron a doblar los grupos, que pasaron de ser de alrededor de 15 personas a un aforo restringido (7). Pese a ello el programa se sigui\u00f3 desarrollando y algunas de las formaciones impartidas han sido \u2018Cocina saludable\u2019. \u2018Reciclaje y creatividad\u2019, \u2018Deporte y piscina\u2019 (que se realiza de forma gratuita en las piscinas de Aranzadi), \u2018Sensibilizaci\u00f3n ambiental\u2019, \u2018Resoluci\u00f3n de conflictos\u2019, \u2018Habilidades sociales para la vida diaria\u2019, \u2018Igualdad de g\u00e9nero\u2019, \u2018Competencias digitales\u2019, \u2018Normativa laboral\u2019, \u2018Interculturalidad\u2019, \u2018Buenas pr\u00e1cticas TIC\u2019, \u2018Uso del m\u00f3vil en tr\u00e1mites administrativos\u2019 o \u2018Mueve tu curr\u00edculum vitae por internet\u2019.<\/p>\n","protected":false},"excerpt":{"rendered":"<p>Se prorroga el contrato con Asociaci\u00f3n Alaiz y Fundaci\u00f3n Gaztelan para el dise\u00f1o participado de itinerarios de incorporaci\u00f3n<\/p>\n","protected":false},"author":1,"featured_media":32757,"comment_status":"open","ping_status":"closed","sticky":false,"template":"","format":"standard","meta":{"footnotes":""},"categories":[2],"tags":[],"class_list":["post-37449","post","type-post","status-publish","format-standard","has-post-thumbnail","hentry","category-ayuntamiento-pamplona"],"yoast_head":"<!-- This site is optimized with the Yoast SEO plugin v27.5 - https:\/\/yoast.com\/product\/yoast-seo-wordpress\/ -->\n<title>El Ayuntamiento de Pamplona dedicar\u00e1 el a\u00f1o que viene 1.920 horas a formaci\u00f3n complementaria a personas en riesgo de exclusi\u00f3n provenientes de los servicios sociales<\/title>\n<meta name=\"description\" content=\"Se prorroga el contrato con Asociaci\u00f3n Alaiz y Fundaci\u00f3n Gaztelan para el dise\u00f1o participado de itinerarios de incorporaci\u00f3n\" \/>\n<meta name=\"robots\" content=\"index, follow, max-snippet:-1, max-image-preview:large, max-video-preview:-1\" \/>\n<link rel=\"canonical\" href=\"https:\/\/www.laguiadepamplona.com\/actualidad\/el-ayuntamiento-de-pamplona-dedicara-el-ano-que-viene-1-920-horas-a-formacion-complementaria-a-personas-en-riesgo-de-exclusion-provenientes-de-los-servicios-sociales\/\" \/>\n<meta property=\"og:locale\" content=\"es_ES\" \/>\n<meta property=\"og:type\" content=\"article\" \/>\n<meta property=\"og:title\" content=\"El Ayuntamiento de Pamplona dedicar\u00e1 el a\u00f1o que viene 1.920 horas a formaci\u00f3n complementaria a personas en riesgo de exclusi\u00f3n provenientes de los servicios sociales\" \/>\n<meta property=\"og:description\" content=\"Se prorroga el contrato con Asociaci\u00f3n Alaiz y Fundaci\u00f3n Gaztelan para el dise\u00f1o participado de itinerarios de incorporaci\u00f3n\" \/>\n<meta property=\"og:url\" content=\"https:\/\/www.laguiadepamplona.com\/actualidad\/el-ayuntamiento-de-pamplona-dedicara-el-ano-que-viene-1-920-horas-a-formacion-complementaria-a-personas-en-riesgo-de-exclusion-provenientes-de-los-servicios-sociales\/\" \/>\n<meta property=\"og:site_name\" content=\"La Gu\u00eda de Pamplona\" \/>\n<meta property=\"article:publisher\" content=\"https:\/\/www.facebook.com\/laguiadepamplonacom-133175176762273\/?ref=hl\" \/>\n<meta property=\"article:published_time\" content=\"2021-11-09T11:10:13+00:00\" \/>\n<meta property=\"article:modified_time\" content=\"2023-04-11T09:48:47+00:00\" \/>\n<meta property=\"og:image\" content=\"https:\/\/www.laguiadepamplona.com\/actualidad\/wp-content\/uploads\/2021\/01\/diagnostico-situacion-mayores-pamplona.jpg\" \/>\n\t<meta property=\"og:image:width\" content=\"1920\" \/>\n\t<meta property=\"og:image:height\" content=\"1082\" \/>\n\t<meta property=\"og:image:type\" content=\"image\/jpeg\" \/>\n<meta name=\"author\" content=\"La Gu\u00eda de Pamplona\" \/>\n<meta name=\"twitter:card\" content=\"summary_large_image\" \/>\n<meta name=\"twitter:creator\" content=\"@LaGuiadPamplona\" \/>\n<meta name=\"twitter:site\" content=\"@LaGuiadPamplona\" \/>\n<meta name=\"twitter:label1\" content=\"Escrito por\" \/>\n\t<meta name=\"twitter:data1\" content=\"La Gu\u00eda de Pamplona\" \/>\n\t<meta name=\"twitter:label2\" content=\"Tiempo de lectura\" \/>\n\t<meta name=\"twitter:data2\" content=\"2 minutos\" \/>\n<script type=\"application\/ld+json\" class=\"yoast-schema-graph\">{\"@context\":\"https:\\\/\\\/schema.org\",\"@graph\":[{\"@type\":\"Article\",\"@id\":\"https:\\\/\\\/www.laguiadepamplona.com\\\/actualidad\\\/el-ayuntamiento-de-pamplona-dedicara-el-ano-que-viene-1-920-horas-a-formacion-complementaria-a-personas-en-riesgo-de-exclusion-provenientes-de-los-servicios-sociales\\\/#article\",\"isPartOf\":{\"@id\":\"https:\\\/\\\/www.laguiadepamplona.com\\\/actualidad\\\/el-ayuntamiento-de-pamplona-dedicara-el-ano-que-viene-1-920-horas-a-formacion-complementaria-a-personas-en-riesgo-de-exclusion-provenientes-de-los-servicios-sociales\\\/\"},\"author\":{\"name\":\"La Gu\u00eda de Pamplona\",\"@id\":\"https:\\\/\\\/www.laguiadepamplona.com\\\/actualidad\\\/#\\\/schema\\\/person\\\/efe887376f0213d4657c93adc50b1fdb\"},\"headline\":\"El Ayuntamiento de Pamplona dedicar\u00e1 el a\u00f1o que viene 1.920 horas a formaci\u00f3n complementaria a personas en riesgo de exclusi\u00f3n provenientes de los servicios sociales\",\"datePublished\":\"2021-11-09T11:10:13+00:00\",\"dateModified\":\"2023-04-11T09:48:47+00:00\",\"mainEntityOfPage\":{\"@id\":\"https:\\\/\\\/www.laguiadepamplona.com\\\/actualidad\\\/el-ayuntamiento-de-pamplona-dedicara-el-ano-que-viene-1-920-horas-a-formacion-complementaria-a-personas-en-riesgo-de-exclusion-provenientes-de-los-servicios-sociales\\\/\"},\"wordCount\":439,\"commentCount\":0,\"publisher\":{\"@id\":\"https:\\\/\\\/www.laguiadepamplona.com\\\/actualidad\\\/#organization\"},\"image\":{\"@id\":\"https:\\\/\\\/www.laguiadepamplona.com\\\/actualidad\\\/el-ayuntamiento-de-pamplona-dedicara-el-ano-que-viene-1-920-horas-a-formacion-complementaria-a-personas-en-riesgo-de-exclusion-provenientes-de-los-servicios-sociales\\\/#primaryimage\"},\"thumbnailUrl\":\"https:\\\/\\\/www.laguiadepamplona.com\\\/actualidad\\\/wp-content\\\/uploads\\\/2021\\\/01\\\/diagnostico-situacion-mayores-pamplona.jpg\",\"articleSection\":[\"Ayto Pamplona\"],\"inLanguage\":\"es\",\"potentialAction\":[{\"@type\":\"CommentAction\",\"name\":\"Comment\",\"target\":[\"https:\\\/\\\/www.laguiadepamplona.com\\\/actualidad\\\/el-ayuntamiento-de-pamplona-dedicara-el-ano-que-viene-1-920-horas-a-formacion-complementaria-a-personas-en-riesgo-de-exclusion-provenientes-de-los-servicios-sociales\\\/#respond\"]}]},{\"@type\":\"WebPage\",\"@id\":\"https:\\\/\\\/www.laguiadepamplona.com\\\/actualidad\\\/el-ayuntamiento-de-pamplona-dedicara-el-ano-que-viene-1-920-horas-a-formacion-complementaria-a-personas-en-riesgo-de-exclusion-provenientes-de-los-servicios-sociales\\\/\",\"url\":\"https:\\\/\\\/www.laguiadepamplona.com\\\/actualidad\\\/el-ayuntamiento-de-pamplona-dedicara-el-ano-que-viene-1-920-horas-a-formacion-complementaria-a-personas-en-riesgo-de-exclusion-provenientes-de-los-servicios-sociales\\\/\",\"name\":\"El Ayuntamiento de Pamplona dedicar\u00e1 el a\u00f1o que viene 1.920 horas a formaci\u00f3n complementaria a personas en riesgo de exclusi\u00f3n provenientes de los servicios sociales\",\"isPartOf\":{\"@id\":\"https:\\\/\\\/www.laguiadepamplona.com\\\/actualidad\\\/#website\"},\"primaryImageOfPage\":{\"@id\":\"https:\\\/\\\/www.laguiadepamplona.com\\\/actualidad\\\/el-ayuntamiento-de-pamplona-dedicara-el-ano-que-viene-1-920-horas-a-formacion-complementaria-a-personas-en-riesgo-de-exclusion-provenientes-de-los-servicios-sociales\\\/#primaryimage\"},\"image\":{\"@id\":\"https:\\\/\\\/www.laguiadepamplona.com\\\/actualidad\\\/el-ayuntamiento-de-pamplona-dedicara-el-ano-que-viene-1-920-horas-a-formacion-complementaria-a-personas-en-riesgo-de-exclusion-provenientes-de-los-servicios-sociales\\\/#primaryimage\"},\"thumbnailUrl\":\"https:\\\/\\\/www.laguiadepamplona.com\\\/actualidad\\\/wp-content\\\/uploads\\\/2021\\\/01\\\/diagnostico-situacion-mayores-pamplona.jpg\",\"datePublished\":\"2021-11-09T11:10:13+00:00\",\"dateModified\":\"2023-04-11T09:48:47+00:00\",\"description\":\"Se prorroga el contrato con Asociaci\u00f3n Alaiz y Fundaci\u00f3n Gaztelan para el dise\u00f1o participado de itinerarios de incorporaci\u00f3n\",\"breadcrumb\":{\"@id\":\"https:\\\/\\\/www.laguiadepamplona.com\\\/actualidad\\\/el-ayuntamiento-de-pamplona-dedicara-el-ano-que-viene-1-920-horas-a-formacion-complementaria-a-personas-en-riesgo-de-exclusion-provenientes-de-los-servicios-sociales\\\/#breadcrumb\"},\"inLanguage\":\"es\",\"potentialAction\":[{\"@type\":\"ReadAction\",\"target\":[\"https:\\\/\\\/www.laguiadepamplona.com\\\/actualidad\\\/el-ayuntamiento-de-pamplona-dedicara-el-ano-que-viene-1-920-horas-a-formacion-complementaria-a-personas-en-riesgo-de-exclusion-provenientes-de-los-servicios-sociales\\\/\"]}]},{\"@type\":\"ImageObject\",\"inLanguage\":\"es\",\"@id\":\"https:\\\/\\\/www.laguiadepamplona.com\\\/actualidad\\\/el-ayuntamiento-de-pamplona-dedicara-el-ano-que-viene-1-920-horas-a-formacion-complementaria-a-personas-en-riesgo-de-exclusion-provenientes-de-los-servicios-sociales\\\/#primaryimage\",\"url\":\"https:\\\/\\\/www.laguiadepamplona.com\\\/actualidad\\\/wp-content\\\/uploads\\\/2021\\\/01\\\/diagnostico-situacion-mayores-pamplona.jpg\",\"contentUrl\":\"https:\\\/\\\/www.laguiadepamplona.com\\\/actualidad\\\/wp-content\\\/uploads\\\/2021\\\/01\\\/diagnostico-situacion-mayores-pamplona.jpg\",\"width\":1920,\"height\":1082},{\"@type\":\"BreadcrumbList\",\"@id\":\"https:\\\/\\\/www.laguiadepamplona.com\\\/actualidad\\\/el-ayuntamiento-de-pamplona-dedicara-el-ano-que-viene-1-920-horas-a-formacion-complementaria-a-personas-en-riesgo-de-exclusion-provenientes-de-los-servicios-sociales\\\/#breadcrumb\",\"itemListElement\":[{\"@type\":\"ListItem\",\"position\":1,\"name\":\"Portada\",\"item\":\"https:\\\/\\\/www.laguiadepamplona.com\\\/actualidad\\\/\"},{\"@type\":\"ListItem\",\"position\":2,\"name\":\"El Ayuntamiento de Pamplona dedicar\u00e1 el a\u00f1o que viene 1.920 horas a formaci\u00f3n complementaria a personas en riesgo de exclusi\u00f3n provenientes de los servicios sociales\"}]},{\"@type\":\"WebSite\",\"@id\":\"https:\\\/\\\/www.laguiadepamplona.com\\\/actualidad\\\/#website\",\"url\":\"https:\\\/\\\/www.laguiadepamplona.com\\\/actualidad\\\/\",\"name\":\"La gu\u00eda de Pamplona\",\"description\":\"Noticias de Pamplona\",\"publisher\":{\"@id\":\"https:\\\/\\\/www.laguiadepamplona.com\\\/actualidad\\\/#organization\"},\"potentialAction\":[{\"@type\":\"SearchAction\",\"target\":{\"@type\":\"EntryPoint\",\"urlTemplate\":\"https:\\\/\\\/www.laguiadepamplona.com\\\/actualidad\\\/?s={search_term_string}\"},\"query-input\":{\"@type\":\"PropertyValueSpecification\",\"valueRequired\":true,\"valueName\":\"search_term_string\"}}],\"inLanguage\":\"es\"},{\"@type\":\"Organization\",\"@id\":\"https:\\\/\\\/www.laguiadepamplona.com\\\/actualidad\\\/#organization\",\"name\":\"La Gu\u00eda de Pamplona \\\/ Noticias\",\"url\":\"https:\\\/\\\/www.laguiadepamplona.com\\\/actualidad\\\/\",\"logo\":{\"@type\":\"ImageObject\",\"inLanguage\":\"es\",\"@id\":\"https:\\\/\\\/www.laguiadepamplona.com\\\/actualidad\\\/#\\\/schema\\\/logo\\\/image\\\/\",\"url\":\"https:\\\/\\\/www.laguiadepamplona.com\\\/actualidad\\\/wp-content\\\/uploads\\\/2018\\\/11\\\/logo-laguiadepamplona18-web1.png\",\"contentUrl\":\"https:\\\/\\\/www.laguiadepamplona.com\\\/actualidad\\\/wp-content\\\/uploads\\\/2018\\\/11\\\/logo-laguiadepamplona18-web1.png\",\"width\":600,\"height\":196,\"caption\":\"La Gu\u00eda de Pamplona \\\/ Noticias\"},\"image\":{\"@id\":\"https:\\\/\\\/www.laguiadepamplona.com\\\/actualidad\\\/#\\\/schema\\\/logo\\\/image\\\/\"},\"sameAs\":[\"https:\\\/\\\/www.facebook.com\\\/laguiadepamplonacom-133175176762273\\\/?ref=hl\",\"https:\\\/\\\/x.com\\\/LaGuiadPamplona\",\"https:\\\/\\\/www.instagram.com\\\/la_guia_de_pamplona\\\/\",\"https:\\\/\\\/www.youtube.com\\\/user\\\/laguiadepamplona\"]},{\"@type\":\"Person\",\"@id\":\"https:\\\/\\\/www.laguiadepamplona.com\\\/actualidad\\\/#\\\/schema\\\/person\\\/efe887376f0213d4657c93adc50b1fdb\",\"name\":\"La Gu\u00eda de Pamplona\",\"image\":{\"@type\":\"ImageObject\",\"inLanguage\":\"es\",\"@id\":\"https:\\\/\\\/secure.gravatar.com\\\/avatar\\\/b6992f131dc8d30ab0dff15446e9d346d9dbd95992de0fef795073f5ea83a81c?s=96&d=mm&r=g\",\"url\":\"https:\\\/\\\/secure.gravatar.com\\\/avatar\\\/b6992f131dc8d30ab0dff15446e9d346d9dbd95992de0fef795073f5ea83a81c?s=96&d=mm&r=g\",\"contentUrl\":\"https:\\\/\\\/secure.gravatar.com\\\/avatar\\\/b6992f131dc8d30ab0dff15446e9d346d9dbd95992de0fef795073f5ea83a81c?s=96&d=mm&r=g\",\"caption\":\"La Gu\u00eda de Pamplona\"}}]}<\/script>\n<!-- \/ Yoast SEO plugin. -->","yoast_head_json":{"title":"El Ayuntamiento de Pamplona dedicar\u00e1 el a\u00f1o que viene 1.920 horas a formaci\u00f3n complementaria a personas en riesgo de exclusi\u00f3n provenientes de los servicios sociales","description":"Se prorroga el contrato con Asociaci\u00f3n Alaiz y Fundaci\u00f3n Gaztelan para el dise\u00f1o participado de itinerarios de incorporaci\u00f3n","robots":{"index":"index","follow":"follow","max-snippet":"max-snippet:-1","max-image-preview":"max-image-preview:large","max-video-preview":"max-video-preview:-1"},"canonical":"https:\/\/www.laguiadepamplona.com\/actualidad\/el-ayuntamiento-de-pamplona-dedicara-el-ano-que-viene-1-920-horas-a-formacion-complementaria-a-personas-en-riesgo-de-exclusion-provenientes-de-los-servicios-sociales\/","og_locale":"es_ES","og_type":"article","og_title":"El Ayuntamiento de Pamplona dedicar\u00e1 el a\u00f1o que viene 1.920 horas a formaci\u00f3n complementaria a personas en riesgo de exclusi\u00f3n provenientes de los servicios sociales","og_description":"Se prorroga el contrato con Asociaci\u00f3n Alaiz y Fundaci\u00f3n Gaztelan para el dise\u00f1o participado de itinerarios de incorporaci\u00f3n","og_url":"https:\/\/www.laguiadepamplona.com\/actualidad\/el-ayuntamiento-de-pamplona-dedicara-el-ano-que-viene-1-920-horas-a-formacion-complementaria-a-personas-en-riesgo-de-exclusion-provenientes-de-los-servicios-sociales\/","og_site_name":"La Gu\u00eda de Pamplona","article_publisher":"https:\/\/www.facebook.com\/laguiadepamplonacom-133175176762273\/?ref=hl","article_published_time":"2021-11-09T11:10:13+00:00","article_modified_time":"2023-04-11T09:48:47+00:00","og_image":[{"width":1920,"height":1082,"url":"https:\/\/www.laguiadepamplona.com\/actualidad\/wp-content\/uploads\/2021\/01\/diagnostico-situacion-mayores-pamplona.jpg","type":"image\/jpeg"}],"author":"La Gu\u00eda de Pamplona","twitter_card":"summary_large_image","twitter_creator":"@LaGuiadPamplona","twitter_site":"@LaGuiadPamplona","twitter_misc":{"Escrito por":"La Gu\u00eda de Pamplona","Tiempo de lectura":"2 minutos"},"schema":{"@context":"https:\/\/schema.org","@graph":[{"@type":"Article","@id":"https:\/\/www.laguiadepamplona.com\/actualidad\/el-ayuntamiento-de-pamplona-dedicara-el-ano-que-viene-1-920-horas-a-formacion-complementaria-a-personas-en-riesgo-de-exclusion-provenientes-de-los-servicios-sociales\/#article","isPartOf":{"@id":"https:\/\/www.laguiadepamplona.com\/actualidad\/el-ayuntamiento-de-pamplona-dedicara-el-ano-que-viene-1-920-horas-a-formacion-complementaria-a-personas-en-riesgo-de-exclusion-provenientes-de-los-servicios-sociales\/"},"author":{"name":"La Gu\u00eda de Pamplona","@id":"https:\/\/www.laguiadepamplona.com\/actualidad\/#\/schema\/person\/efe887376f0213d4657c93adc50b1fdb"},"headline":"El Ayuntamiento de Pamplona dedicar\u00e1 el a\u00f1o que viene 1.920 horas a formaci\u00f3n complementaria a personas en riesgo de exclusi\u00f3n provenientes de los servicios sociales","datePublished":"2021-11-09T11:10:13+00:00","dateModified":"2023-04-11T09:48:47+00:00","mainEntityOfPage":{"@id":"https:\/\/www.laguiadepamplona.com\/actualidad\/el-ayuntamiento-de-pamplona-dedicara-el-ano-que-viene-1-920-horas-a-formacion-complementaria-a-personas-en-riesgo-de-exclusion-provenientes-de-los-servicios-sociales\/"},"wordCount":439,"commentCount":0,"publisher":{"@id":"https:\/\/www.laguiadepamplona.com\/actualidad\/#organization"},"image":{"@id":"https:\/\/www.laguiadepamplona.com\/actualidad\/el-ayuntamiento-de-pamplona-dedicara-el-ano-que-viene-1-920-horas-a-formacion-complementaria-a-personas-en-riesgo-de-exclusion-provenientes-de-los-servicios-sociales\/#primaryimage"},"thumbnailUrl":"https:\/\/www.laguiadepamplona.com\/actualidad\/wp-content\/uploads\/2021\/01\/diagnostico-situacion-mayores-pamplona.jpg","articleSection":["Ayto Pamplona"],"inLanguage":"es","potentialAction":[{"@type":"CommentAction","name":"Comment","target":["https:\/\/www.laguiadepamplona.com\/actualidad\/el-ayuntamiento-de-pamplona-dedicara-el-ano-que-viene-1-920-horas-a-formacion-complementaria-a-personas-en-riesgo-de-exclusion-provenientes-de-los-servicios-sociales\/#respond"]}]},{"@type":"WebPage","@id":"https:\/\/www.laguiadepamplona.com\/actualidad\/el-ayuntamiento-de-pamplona-dedicara-el-ano-que-viene-1-920-horas-a-formacion-complementaria-a-personas-en-riesgo-de-exclusion-provenientes-de-los-servicios-sociales\/","url":"https:\/\/www.laguiadepamplona.com\/actualidad\/el-ayuntamiento-de-pamplona-dedicara-el-ano-que-viene-1-920-horas-a-formacion-complementaria-a-personas-en-riesgo-de-exclusion-provenientes-de-los-servicios-sociales\/","name":"El Ayuntamiento de Pamplona dedicar\u00e1 el a\u00f1o que viene 1.920 horas a formaci\u00f3n complementaria a personas en riesgo de exclusi\u00f3n provenientes de los servicios sociales","isPartOf":{"@id":"https:\/\/www.laguiadepamplona.com\/actualidad\/#website"},"primaryImageOfPage":{"@id":"https:\/\/www.laguiadepamplona.com\/actualidad\/el-ayuntamiento-de-pamplona-dedicara-el-ano-que-viene-1-920-horas-a-formacion-complementaria-a-personas-en-riesgo-de-exclusion-provenientes-de-los-servicios-sociales\/#primaryimage"},"image":{"@id":"https:\/\/www.laguiadepamplona.com\/actualidad\/el-ayuntamiento-de-pamplona-dedicara-el-ano-que-viene-1-920-horas-a-formacion-complementaria-a-personas-en-riesgo-de-exclusion-provenientes-de-los-servicios-sociales\/#primaryimage"},"thumbnailUrl":"https:\/\/www.laguiadepamplona.com\/actualidad\/wp-content\/uploads\/2021\/01\/diagnostico-situacion-mayores-pamplona.jpg","datePublished":"2021-11-09T11:10:13+00:00","dateModified":"2023-04-11T09:48:47+00:00","description":"Se prorroga el contrato con Asociaci\u00f3n Alaiz y Fundaci\u00f3n Gaztelan para el dise\u00f1o participado de itinerarios de incorporaci\u00f3n","breadcrumb":{"@id":"https:\/\/www.laguiadepamplona.com\/actualidad\/el-ayuntamiento-de-pamplona-dedicara-el-ano-que-viene-1-920-horas-a-formacion-complementaria-a-personas-en-riesgo-de-exclusion-provenientes-de-los-servicios-sociales\/#breadcrumb"},"inLanguage":"es","potentialAction":[{"@type":"ReadAction","target":["https:\/\/www.laguiadepamplona.com\/actualidad\/el-ayuntamiento-de-pamplona-dedicara-el-ano-que-viene-1-920-horas-a-formacion-complementaria-a-personas-en-riesgo-de-exclusion-provenientes-de-los-servicios-sociales\/"]}]},{"@type":"ImageObject","inLanguage":"es","@id":"https:\/\/www.laguiadepamplona.com\/actualidad\/el-ayuntamiento-de-pamplona-dedicara-el-ano-que-viene-1-920-horas-a-formacion-complementaria-a-personas-en-riesgo-de-exclusion-provenientes-de-los-servicios-sociales\/#primaryimage","url":"https:\/\/www.laguiadepamplona.com\/actualidad\/wp-content\/uploads\/2021\/01\/diagnostico-situacion-mayores-pamplona.jpg","contentUrl":"https:\/\/www.laguiadepamplona.com\/actualidad\/wp-content\/uploads\/2021\/01\/diagnostico-situacion-mayores-pamplona.jpg","width":1920,"height":1082},{"@type":"BreadcrumbList","@id":"https:\/\/www.laguiadepamplona.com\/actualidad\/el-ayuntamiento-de-pamplona-dedicara-el-ano-que-viene-1-920-horas-a-formacion-complementaria-a-personas-en-riesgo-de-exclusion-provenientes-de-los-servicios-sociales\/#breadcrumb","itemListElement":[{"@type":"ListItem","position":1,"name":"Portada","item":"https:\/\/www.laguiadepamplona.com\/actualidad\/"},{"@type":"ListItem","position":2,"name":"El Ayuntamiento de Pamplona dedicar\u00e1 el a\u00f1o que viene 1.920 horas a formaci\u00f3n complementaria a personas en riesgo de exclusi\u00f3n provenientes de los servicios sociales"}]},{"@type":"WebSite","@id":"https:\/\/www.laguiadepamplona.com\/actualidad\/#website","url":"https:\/\/www.laguiadepamplona.com\/actualidad\/","name":"La gu\u00eda de Pamplona","description":"Noticias de Pamplona","publisher":{"@id":"https:\/\/www.laguiadepamplona.com\/actualidad\/#organization"},"potentialAction":[{"@type":"SearchAction","target":{"@type":"EntryPoint","urlTemplate":"https:\/\/www.laguiadepamplona.com\/actualidad\/?s={search_term_string}"},"query-input":{"@type":"PropertyValueSpecification","valueRequired":true,"valueName":"search_term_string"}}],"inLanguage":"es"},{"@type":"Organization","@id":"https:\/\/www.laguiadepamplona.com\/actualidad\/#organization","name":"La Gu\u00eda de Pamplona \/ Noticias","url":"https:\/\/www.laguiadepamplona.com\/actualidad\/","logo":{"@type":"ImageObject","inLanguage":"es","@id":"https:\/\/www.laguiadepamplona.com\/actualidad\/#\/schema\/logo\/image\/","url":"https:\/\/www.laguiadepamplona.com\/actualidad\/wp-content\/uploads\/2018\/11\/logo-laguiadepamplona18-web1.png","contentUrl":"https:\/\/www.laguiadepamplona.com\/actualidad\/wp-content\/uploads\/2018\/11\/logo-laguiadepamplona18-web1.png","width":600,"height":196,"caption":"La Gu\u00eda de Pamplona \/ Noticias"},"image":{"@id":"https:\/\/www.laguiadepamplona.com\/actualidad\/#\/schema\/logo\/image\/"},"sameAs":["https:\/\/www.facebook.com\/laguiadepamplonacom-133175176762273\/?ref=hl","https:\/\/x.com\/LaGuiadPamplona","https:\/\/www.instagram.com\/la_guia_de_pamplona\/","https:\/\/www.youtube.com\/user\/laguiadepamplona"]},{"@type":"Person","@id":"https:\/\/www.laguiadepamplona.com\/actualidad\/#\/schema\/person\/efe887376f0213d4657c93adc50b1fdb","name":"La Gu\u00eda de Pamplona","image":{"@type":"ImageObject","inLanguage":"es","@id":"https:\/\/secure.gravatar.com\/avatar\/b6992f131dc8d30ab0dff15446e9d346d9dbd95992de0fef795073f5ea83a81c?s=96&d=mm&r=g","url":"https:\/\/secure.gravatar.com\/avatar\/b6992f131dc8d30ab0dff15446e9d346d9dbd95992de0fef795073f5ea83a81c?s=96&d=mm&r=g","contentUrl":"https:\/\/secure.gravatar.com\/avatar\/b6992f131dc8d30ab0dff15446e9d346d9dbd95992de0fef795073f5ea83a81c?s=96&d=mm&r=g","caption":"La Gu\u00eda de Pamplona"}}]}},"post_mailing_queue_ids":[],"_links":{"self":[{"href":"https:\/\/www.laguiadepamplona.com\/actualidad\/wp-json\/wp\/v2\/posts\/37449","targetHints":{"allow":["GET"]}}],"collection":[{"href":"https:\/\/www.laguiadepamplona.com\/actualidad\/wp-json\/wp\/v2\/posts"}],"about":[{"href":"https:\/\/www.laguiadepamplona.com\/actualidad\/wp-json\/wp\/v2\/types\/post"}],"author":[{"embeddable":true,"href":"https:\/\/www.laguiadepamplona.com\/actualidad\/wp-json\/wp\/v2\/users\/1"}],"replies":[{"embeddable":true,"href":"https:\/\/www.laguiadepamplona.com\/actualidad\/wp-json\/wp\/v2\/comments?post=37449"}],"version-history":[{"count":0,"href":"https:\/\/www.laguiadepamplona.com\/actualidad\/wp-json\/wp\/v2\/posts\/37449\/revisions"}],"wp:featuredmedia":[{"embeddable":true,"href":"https:\/\/www.laguiadepamplona.com\/actualidad\/wp-json\/wp\/v2\/media\/32757"}],"wp:attachment":[{"href":"https:\/\/www.laguiadepamplona.com\/actualidad\/wp-json\/wp\/v2\/media?parent=37449"}],"wp:term":[{"taxonomy":"category","embeddable":true,"href":"https:\/\/www.laguiadepamplona.com\/actualidad\/wp-json\/wp\/v2\/categories?post=37449"},{"taxonomy":"post_tag","embeddable":true,"href":"https:\/\/www.laguiadepamplona.com\/actualidad\/wp-json\/wp\/v2\/tags?post=37449"}],"curies":[{"name":"wp","href":"https:\/\/api.w.org\/{rel}","templated":true}]}}