{"id":37447,"date":"2021-11-09T13:08:48","date_gmt":"2021-11-09T11:08:48","guid":{"rendered":"https:\/\/www.laguiadepamplona.com\/actualidad\/?p=37447"},"modified":"2023-04-11T11:48:47","modified_gmt":"2023-04-11T09:48:47","slug":"el-ayuntamiento-busca-un-programa-y-una-empresa-gestora-para-el-centro-multimedia-de-informacion-y-formacion-en-tic-para-las-mujeres-de-pamplona","status":"publish","type":"post","link":"https:\/\/www.laguiadepamplona.com\/actualidad\/el-ayuntamiento-busca-un-programa-y-una-empresa-gestora-para-el-centro-multimedia-de-informacion-y-formacion-en-tic-para-las-mujeres-de-pamplona\/","title":{"rendered":"El Ayuntamiento busca un programa y una empresa gestora para el centro multimedia de informaci\u00f3n y formaci\u00f3n en TIC para las mujeres de Pamplona"},"content":{"rendered":"<h5>EMATIC, como servicio municipal, lleva m\u00e1s de 20 trabajando en continua actualizaci\u00f3n contra la brecha digital que afecta a mujeres y ni\u00f1as<\/h5>\n<p><!--more--><\/p>\n<p>El centro multimedia de informaci\u00f3n, formaci\u00f3n y asesoramiento en TIC para las mujeres de Pamplona EMATIC, en 20 a\u00f1os de existencia, ha ido adaptando sus contenidos a las necesidades de las mujeres y a los vertiginosos cambios en las tecnolog\u00edas disponibles. Hoy la Junta de Gobierno Local ha aprobado los contenidos que deber\u00e1 ofrecer el centro entre el 1 de enero y el 31 de diciembre de 2022 y las condiciones que regir\u00e1n este servicio municipal y el procedimiento para seleccionar a la empresa que gestionar\u00e1 EMATIC mediante un contrato de servicios. El presupuesto inicial previsto para el a\u00f1o 2022 es de 125.700 euros.<\/p>\n<p>EL centro (calle Compa\u00f1\u00eda, 29) deber\u00e1 estar abierto al p\u00fablico 35 horas semanales, distribuidas en horario de ma\u00f1ana y tarde durante seis d\u00edas a la semana, salvo en fechas festivas prefijadas y la primera quincena de julio. Lo deber\u00e1n atender al menos tres personas: una a jornada completa y dos a media jornada con perfiles altamente cualificados y en continua actualizaci\u00f3n sobre formaci\u00f3n, nuevos recursos y comunicaciones en el \u00e1mbito TIC. Este recurso municipal se enmarca en las pol\u00edticas p\u00fablicas desarrolladas para la implantaci\u00f3n de las tecnolog\u00edas de la informaci\u00f3n y de la sociedad impulsando acciones positivas para eliminar la brecha digital de mujeres y ni\u00f1as, tanto en el uso de las tecnolog\u00edas, como en la creaci\u00f3n de contenidos. Parte de la labor de EMATIC se podr\u00e1 desarrollar en la Casa de las Mujeres.<\/p>\n<p>El impulso de este centro se enmarca en la ordenanza para la Igualdad del Ayuntamiento de Pamplona y busca el cumplimiento de objetivos recogidos en el Plan para la Igualdad de Mujeres y Hombres del Ayuntamiento de Pamplona, dentro de la l\u00ednea estrat\u00e9gica que busca empoderar a las mujeres y promover el cambio de valores, en este caso referido espec\u00edficamente a imagen, medios de comunicaci\u00f3n y brecha digital. El a\u00f1o pasado m\u00e1s de 250 mujeres y ni\u00f1as usaron individualmente cada mes sus ordenadores y conexiones y el centro imparti\u00f3 49 cursos a mujeres de muy diversos perfiles, pese a las restricciones sanitarias.<br \/>\n<script async src=\"\/\/pagead2.googlesyndication.com\/pagead\/js\/adsbygoogle.js\"><\/script><br \/>\n<!-- Noticias La Guia de Pamplona --><br \/>\n<ins class=\"adsbygoogle\"\nstyle=\"display:block\"\ndata-ad-client=\"ca-pub-6943679897239327\"\ndata-ad-slot=\"7048180777\"\ndata-ad-format=\"auto\"><\/ins><br \/>\n<script>\n(adsbygoogle = window.adsbygoogle || []).push({});\n<\/script><\/p>\n<p><strong>Valorando el trabajo a realizar<\/strong><\/p>\n<p>Los criterios que se seguir\u00e1n en la valoraci\u00f3n de proyectos se refieren a la formaci\u00f3n, informaci\u00f3n y asesoramiento para el uso de recursos TIC\u2019s dirigidos a las mujeres de todas las edades, as\u00ed como al empoderamiento de las mujeres, las j\u00f3venes y las ni\u00f1as a trav\u00e9s de estas tecnolog\u00edas. De este modo, en el pliego de prescripciones que rige la licitaci\u00f3n se atribuyen hasta 45 puntos por el plan de trabajo que explique y contextualice el proyecto en el marco de la sociedad actual y las necesidades emergentes, adem\u00e1s de las amenazas que supondr\u00eda la profundizaci\u00f3n en la brecha digital de g\u00e9nero, y otro m\u00e1ximo de 45 puntos por la oferta econ\u00f3mica. En la licitaci\u00f3n se valorar\u00e1 la oferta de servicios personalizados de atenci\u00f3n y asesoramiento a la medida de las diferentes edades de las mujeres, as\u00ed como una oferta formativa b\u00e1sica y avanzada que permita ir recorriendo etapas adecuada a la diversidad de necesidades y capacidades de aprendizaje de las mujeres. Tambi\u00e9n desarrollar acciones que impulsen la participaci\u00f3n de las mujeres o a las ni\u00f1as como generadoras de contenidos, no solo como usuarias.<\/p>\n<p>Los \u00faltimos 10 puntos (criterio social) tendr\u00e1n que ver con el fomento de la igualdad en la composici\u00f3n del equipo de trabajo como refuerzo a la presencia de las mujeres como formadoras y ocupando puestos de responsabilidad en un entorno en el que se encuentran sub-representadas. Tambi\u00e9n con las condiciones de flexibilidad laboral, incidiendo en la contrataci\u00f3n de mujeres en especial riesgo de exclusi\u00f3n o precariedad laboral y en la existencia en la empresa solicitante de un plan de conciliaci\u00f3n. La plantilla que ejecute el contrato deber\u00e1 tener previstas al menos 10 horas anuales de formaci\u00f3n en materia de igualdad en entornos TIC.<\/p>\n<p>Los pliegos se publicar\u00e1n pr\u00f3ximamente en el Portal de Contrataci\u00f3n de Navarra y el plazo de presentaci\u00f3n ser\u00e1 de al menos 15 d\u00edas a partir de la fecha de publicaci\u00f3n del anuncio de licitaci\u00f3n.<br \/>\n<script async src=\"\/\/pagead2.googlesyndication.com\/pagead\/js\/adsbygoogle.js\"><\/script><br \/>\n<!-- Noticias La Guia de Pamplona --><br \/>\n<ins class=\"adsbygoogle\"\nstyle=\"display:block\"\ndata-ad-client=\"ca-pub-6943679897239327\"\ndata-ad-slot=\"7048180777\"\ndata-ad-format=\"auto\"><\/ins><br \/>\n<script>\n(adsbygoogle = window.adsbygoogle || []).push({});\n<\/script><\/p>\n<p><strong>Medios t\u00e9cnicos para un centro de referencia<\/strong><\/p>\n<p>El Centro EMATIC dispone de una superficie aproximada de 90 m<sup>2<\/sup> distribuida en dos salas de formaci\u00f3n, informaci\u00f3n y consultas y un peque\u00f1o espacio de trabajo y reuni\u00f3n para cuatro personas, con posibilidad de conexi\u00f3n de PCs privados. El centro cuenta, adem\u00e1s, con 19 ordenadores de mesa, 1 port\u00e1til, 2 tabletas y una impresora l\u00e1ser. El centro est\u00e1 dotado tambi\u00e9n con proyector de datos, lectores de tarjetas digitales, 11 c\u00e1maras web y cuatro c\u00e1maras digitales de fotograf\u00eda.<\/p>\n<p>La empresa adjudicataria deber\u00e1 comprometerse a solventar las tareas de soporte t\u00e9cnico y mantenimiento habitual de los equipos. El Ayuntamiento de Pamplona asumir\u00e1 los costes de nuevas licencias que estime necesarias para el desarrollo de la programaci\u00f3n, las infraestructuras de redes necesarias para implementar el programa, el mantenimiento anual de los equipos existentes, as\u00ed como su sustituci\u00f3n en caso de que sea preciso. Los gastos de mantenimiento del centro, calefacci\u00f3n, agua, limpieza y electricidad ser\u00e1n asumidos por el Consistorio. La adjudicataria, para el desarrollo del servicio, correr\u00e1 con los gastos de material fungible y de oficina, vestuario, protecci\u00f3n sanitaria individual del personal y otros que considere propios y necesarios para la realizaci\u00f3n objeto del contrato.<br \/>\n<script async src=\"\/\/pagead2.googlesyndication.com\/pagead\/js\/adsbygoogle.js\"><\/script><br \/>\n<!-- Noticias La Guia de Pamplona --><br \/>\n<ins class=\"adsbygoogle\"\nstyle=\"display:block\"\ndata-ad-client=\"ca-pub-6943679897239327\"\ndata-ad-slot=\"7048180777\"\ndata-ad-format=\"auto\"><\/ins><br \/>\n<script>\n(adsbygoogle = window.adsbygoogle || []).push({});\n<\/script><\/p>\n<p><strong>Una peque\u00f1a foto del a\u00f1o COVID<\/strong><\/p>\n<p>El pasado a\u00f1o 2020 pese a los problemas de desarrollo de los programas del centro originados por el confinamiento y las posteriores normas de seguridad sanitaria, especialmente en lo relativo a aforos (que bajaron a un 50%), se realizaron 49 cursos, talleres y tutor\u00edas (15 para mujeres mayores de 60 a\u00f1os y cuatro infantiles y juveniles), con m\u00e1s de 463 horas de formaci\u00f3n para 294 alumnas. El perfil de nivel de estudios es homog\u00e9neo: 114 mujeres presentaban estudios primarios o de graduado escolar, 90 BUP, COU o Bachillerato y 86 licenciatura.<\/p>\n<p>La oferta formativa ha pivotado sobre cuatro programas ENRED@TIC, acciones de sensibilizaci\u00f3n, formaci\u00f3n y capacitaci\u00f3n en TICs de niveles b\u00e1sico, medio y avanzado, para uso particular, profesional y asociativo; ADAPT@TIC para capacitar a mujeres con necesidades espec\u00edficas: mujeres desempleadas o mujeres que quieren mejorar su empleo, mujeres procedentes de minor\u00edas \u00e9tnicas, en empleos precarios, que desean retornar al mercado laboral o con especiales dificultades de inserci\u00f3n laboral y CRE@TIC dirigido a facilitar el acercamiento creativo de las ni\u00f1as a las TIC y estimular su tecno-inter\u00e9s.<\/p>\n<p>Entre los contenidos de los cursos desde scratch junior, hasta Google Maps, pasando por creaci\u00f3n de hojas de c\u00e1lculo, identidad digital, certificado digital y firma electr\u00f3nica, uso del correo electr\u00f3nico o creaci\u00f3n de \u00e1lbumes fotogr\u00e1ficos digitales on line.<\/p>\n<p>En uso libre, 219 mujeres de promedio mensual trabajaron con los dispositivos del centro siendo los barrios de procedencia m\u00e1s frecuentes el Casco Antiguo, san Juan y Ermitaga\u00f1a\/Mendebaldea.<\/p>\n","protected":false},"excerpt":{"rendered":"<p>EMATIC, como servicio municipal, lleva m\u00e1s de 20 trabajando en continua actualizaci\u00f3n contra la brecha digital que afecta a mujeres y ni\u00f1as<\/p>\n","protected":false},"author":1,"featured_media":30569,"comment_status":"open","ping_status":"closed","sticky":false,"template":"","format":"standard","meta":{"footnotes":""},"categories":[2],"tags":[],"class_list":["post-37447","post","type-post","status-publish","format-standard","has-post-thumbnail","hentry","category-ayuntamiento-pamplona"],"yoast_head":"<!-- This site is optimized with the Yoast SEO plugin v27.5 - https:\/\/yoast.com\/product\/yoast-seo-wordpress\/ -->\n<title>El Ayuntamiento busca un programa y una empresa gestora para el centro multimedia de informaci\u00f3n y formaci\u00f3n en TIC para las mujeres de Pamplona<\/title>\n<meta name=\"description\" content=\"EMATIC, como servicio municipal, lleva m\u00e1s de 20 trabajando en continua actualizaci\u00f3n contra la brecha digital que afecta a mujeres y ni\u00f1as\" \/>\n<meta name=\"robots\" content=\"index, follow, max-snippet:-1, max-image-preview:large, max-video-preview:-1\" \/>\n<link rel=\"canonical\" href=\"https:\/\/www.laguiadepamplona.com\/actualidad\/el-ayuntamiento-busca-un-programa-y-una-empresa-gestora-para-el-centro-multimedia-de-informacion-y-formacion-en-tic-para-las-mujeres-de-pamplona\/\" \/>\n<meta property=\"og:locale\" content=\"es_ES\" \/>\n<meta property=\"og:type\" content=\"article\" \/>\n<meta property=\"og:title\" content=\"El Ayuntamiento busca un programa y una empresa gestora para el centro multimedia de informaci\u00f3n y formaci\u00f3n en TIC para las mujeres de Pamplona\" \/>\n<meta property=\"og:description\" content=\"EMATIC, como servicio municipal, lleva m\u00e1s de 20 trabajando en continua actualizaci\u00f3n contra la brecha digital que afecta a mujeres y ni\u00f1as\" \/>\n<meta property=\"og:url\" content=\"https:\/\/www.laguiadepamplona.com\/actualidad\/el-ayuntamiento-busca-un-programa-y-una-empresa-gestora-para-el-centro-multimedia-de-informacion-y-formacion-en-tic-para-las-mujeres-de-pamplona\/\" \/>\n<meta property=\"og:site_name\" content=\"La Gu\u00eda de Pamplona\" \/>\n<meta property=\"article:publisher\" content=\"https:\/\/www.facebook.com\/laguiadepamplonacom-133175176762273\/?ref=hl\" \/>\n<meta property=\"article:published_time\" content=\"2021-11-09T11:08:48+00:00\" \/>\n<meta property=\"article:modified_time\" content=\"2023-04-11T09:48:47+00:00\" \/>\n<meta property=\"og:image\" content=\"https:\/\/www.laguiadepamplona.com\/actualidad\/wp-content\/uploads\/2020\/06\/ematic.jpg\" \/>\n\t<meta property=\"og:image:width\" content=\"1758\" \/>\n\t<meta property=\"og:image:height\" content=\"1792\" \/>\n\t<meta property=\"og:image:type\" content=\"image\/jpeg\" \/>\n<meta name=\"author\" content=\"La Gu\u00eda de Pamplona\" \/>\n<meta name=\"twitter:card\" content=\"summary_large_image\" \/>\n<meta name=\"twitter:creator\" content=\"@LaGuiadPamplona\" \/>\n<meta name=\"twitter:site\" content=\"@LaGuiadPamplona\" \/>\n<meta name=\"twitter:label1\" content=\"Escrito por\" \/>\n\t<meta name=\"twitter:data1\" content=\"La Gu\u00eda de Pamplona\" \/>\n\t<meta name=\"twitter:label2\" content=\"Tiempo de lectura\" \/>\n\t<meta name=\"twitter:data2\" content=\"5 minutos\" \/>\n<script type=\"application\/ld+json\" class=\"yoast-schema-graph\">{\"@context\":\"https:\\\/\\\/schema.org\",\"@graph\":[{\"@type\":\"Article\",\"@id\":\"https:\\\/\\\/www.laguiadepamplona.com\\\/actualidad\\\/el-ayuntamiento-busca-un-programa-y-una-empresa-gestora-para-el-centro-multimedia-de-informacion-y-formacion-en-tic-para-las-mujeres-de-pamplona\\\/#article\",\"isPartOf\":{\"@id\":\"https:\\\/\\\/www.laguiadepamplona.com\\\/actualidad\\\/el-ayuntamiento-busca-un-programa-y-una-empresa-gestora-para-el-centro-multimedia-de-informacion-y-formacion-en-tic-para-las-mujeres-de-pamplona\\\/\"},\"author\":{\"name\":\"La Gu\u00eda de Pamplona\",\"@id\":\"https:\\\/\\\/www.laguiadepamplona.com\\\/actualidad\\\/#\\\/schema\\\/person\\\/efe887376f0213d4657c93adc50b1fdb\"},\"headline\":\"El Ayuntamiento busca un programa y una empresa gestora para el centro multimedia de informaci\u00f3n y formaci\u00f3n en TIC para las mujeres de Pamplona\",\"datePublished\":\"2021-11-09T11:08:48+00:00\",\"dateModified\":\"2023-04-11T09:48:47+00:00\",\"mainEntityOfPage\":{\"@id\":\"https:\\\/\\\/www.laguiadepamplona.com\\\/actualidad\\\/el-ayuntamiento-busca-un-programa-y-una-empresa-gestora-para-el-centro-multimedia-de-informacion-y-formacion-en-tic-para-las-mujeres-de-pamplona\\\/\"},\"wordCount\":1245,\"commentCount\":0,\"publisher\":{\"@id\":\"https:\\\/\\\/www.laguiadepamplona.com\\\/actualidad\\\/#organization\"},\"image\":{\"@id\":\"https:\\\/\\\/www.laguiadepamplona.com\\\/actualidad\\\/el-ayuntamiento-busca-un-programa-y-una-empresa-gestora-para-el-centro-multimedia-de-informacion-y-formacion-en-tic-para-las-mujeres-de-pamplona\\\/#primaryimage\"},\"thumbnailUrl\":\"https:\\\/\\\/www.laguiadepamplona.com\\\/actualidad\\\/wp-content\\\/uploads\\\/2020\\\/06\\\/ematic.jpg\",\"articleSection\":[\"Ayto Pamplona\"],\"inLanguage\":\"es\",\"potentialAction\":[{\"@type\":\"CommentAction\",\"name\":\"Comment\",\"target\":[\"https:\\\/\\\/www.laguiadepamplona.com\\\/actualidad\\\/el-ayuntamiento-busca-un-programa-y-una-empresa-gestora-para-el-centro-multimedia-de-informacion-y-formacion-en-tic-para-las-mujeres-de-pamplona\\\/#respond\"]}]},{\"@type\":\"WebPage\",\"@id\":\"https:\\\/\\\/www.laguiadepamplona.com\\\/actualidad\\\/el-ayuntamiento-busca-un-programa-y-una-empresa-gestora-para-el-centro-multimedia-de-informacion-y-formacion-en-tic-para-las-mujeres-de-pamplona\\\/\",\"url\":\"https:\\\/\\\/www.laguiadepamplona.com\\\/actualidad\\\/el-ayuntamiento-busca-un-programa-y-una-empresa-gestora-para-el-centro-multimedia-de-informacion-y-formacion-en-tic-para-las-mujeres-de-pamplona\\\/\",\"name\":\"El Ayuntamiento busca un programa y una empresa gestora para el centro multimedia de informaci\u00f3n y formaci\u00f3n en TIC para las mujeres de Pamplona\",\"isPartOf\":{\"@id\":\"https:\\\/\\\/www.laguiadepamplona.com\\\/actualidad\\\/#website\"},\"primaryImageOfPage\":{\"@id\":\"https:\\\/\\\/www.laguiadepamplona.com\\\/actualidad\\\/el-ayuntamiento-busca-un-programa-y-una-empresa-gestora-para-el-centro-multimedia-de-informacion-y-formacion-en-tic-para-las-mujeres-de-pamplona\\\/#primaryimage\"},\"image\":{\"@id\":\"https:\\\/\\\/www.laguiadepamplona.com\\\/actualidad\\\/el-ayuntamiento-busca-un-programa-y-una-empresa-gestora-para-el-centro-multimedia-de-informacion-y-formacion-en-tic-para-las-mujeres-de-pamplona\\\/#primaryimage\"},\"thumbnailUrl\":\"https:\\\/\\\/www.laguiadepamplona.com\\\/actualidad\\\/wp-content\\\/uploads\\\/2020\\\/06\\\/ematic.jpg\",\"datePublished\":\"2021-11-09T11:08:48+00:00\",\"dateModified\":\"2023-04-11T09:48:47+00:00\",\"description\":\"EMATIC, como servicio municipal, lleva m\u00e1s de 20 trabajando en continua actualizaci\u00f3n contra la brecha digital que afecta a mujeres y ni\u00f1as\",\"breadcrumb\":{\"@id\":\"https:\\\/\\\/www.laguiadepamplona.com\\\/actualidad\\\/el-ayuntamiento-busca-un-programa-y-una-empresa-gestora-para-el-centro-multimedia-de-informacion-y-formacion-en-tic-para-las-mujeres-de-pamplona\\\/#breadcrumb\"},\"inLanguage\":\"es\",\"potentialAction\":[{\"@type\":\"ReadAction\",\"target\":[\"https:\\\/\\\/www.laguiadepamplona.com\\\/actualidad\\\/el-ayuntamiento-busca-un-programa-y-una-empresa-gestora-para-el-centro-multimedia-de-informacion-y-formacion-en-tic-para-las-mujeres-de-pamplona\\\/\"]}]},{\"@type\":\"ImageObject\",\"inLanguage\":\"es\",\"@id\":\"https:\\\/\\\/www.laguiadepamplona.com\\\/actualidad\\\/el-ayuntamiento-busca-un-programa-y-una-empresa-gestora-para-el-centro-multimedia-de-informacion-y-formacion-en-tic-para-las-mujeres-de-pamplona\\\/#primaryimage\",\"url\":\"https:\\\/\\\/www.laguiadepamplona.com\\\/actualidad\\\/wp-content\\\/uploads\\\/2020\\\/06\\\/ematic.jpg\",\"contentUrl\":\"https:\\\/\\\/www.laguiadepamplona.com\\\/actualidad\\\/wp-content\\\/uploads\\\/2020\\\/06\\\/ematic.jpg\",\"width\":1758,\"height\":1792},{\"@type\":\"BreadcrumbList\",\"@id\":\"https:\\\/\\\/www.laguiadepamplona.com\\\/actualidad\\\/el-ayuntamiento-busca-un-programa-y-una-empresa-gestora-para-el-centro-multimedia-de-informacion-y-formacion-en-tic-para-las-mujeres-de-pamplona\\\/#breadcrumb\",\"itemListElement\":[{\"@type\":\"ListItem\",\"position\":1,\"name\":\"Portada\",\"item\":\"https:\\\/\\\/www.laguiadepamplona.com\\\/actualidad\\\/\"},{\"@type\":\"ListItem\",\"position\":2,\"name\":\"El Ayuntamiento busca un programa y una empresa gestora para el centro multimedia de informaci\u00f3n y formaci\u00f3n en TIC para las mujeres de Pamplona\"}]},{\"@type\":\"WebSite\",\"@id\":\"https:\\\/\\\/www.laguiadepamplona.com\\\/actualidad\\\/#website\",\"url\":\"https:\\\/\\\/www.laguiadepamplona.com\\\/actualidad\\\/\",\"name\":\"La gu\u00eda de Pamplona\",\"description\":\"Noticias de Pamplona\",\"publisher\":{\"@id\":\"https:\\\/\\\/www.laguiadepamplona.com\\\/actualidad\\\/#organization\"},\"potentialAction\":[{\"@type\":\"SearchAction\",\"target\":{\"@type\":\"EntryPoint\",\"urlTemplate\":\"https:\\\/\\\/www.laguiadepamplona.com\\\/actualidad\\\/?s={search_term_string}\"},\"query-input\":{\"@type\":\"PropertyValueSpecification\",\"valueRequired\":true,\"valueName\":\"search_term_string\"}}],\"inLanguage\":\"es\"},{\"@type\":\"Organization\",\"@id\":\"https:\\\/\\\/www.laguiadepamplona.com\\\/actualidad\\\/#organization\",\"name\":\"La Gu\u00eda de Pamplona \\\/ Noticias\",\"url\":\"https:\\\/\\\/www.laguiadepamplona.com\\\/actualidad\\\/\",\"logo\":{\"@type\":\"ImageObject\",\"inLanguage\":\"es\",\"@id\":\"https:\\\/\\\/www.laguiadepamplona.com\\\/actualidad\\\/#\\\/schema\\\/logo\\\/image\\\/\",\"url\":\"https:\\\/\\\/www.laguiadepamplona.com\\\/actualidad\\\/wp-content\\\/uploads\\\/2018\\\/11\\\/logo-laguiadepamplona18-web1.png\",\"contentUrl\":\"https:\\\/\\\/www.laguiadepamplona.com\\\/actualidad\\\/wp-content\\\/uploads\\\/2018\\\/11\\\/logo-laguiadepamplona18-web1.png\",\"width\":600,\"height\":196,\"caption\":\"La Gu\u00eda de Pamplona \\\/ Noticias\"},\"image\":{\"@id\":\"https:\\\/\\\/www.laguiadepamplona.com\\\/actualidad\\\/#\\\/schema\\\/logo\\\/image\\\/\"},\"sameAs\":[\"https:\\\/\\\/www.facebook.com\\\/laguiadepamplonacom-133175176762273\\\/?ref=hl\",\"https:\\\/\\\/x.com\\\/LaGuiadPamplona\",\"https:\\\/\\\/www.instagram.com\\\/la_guia_de_pamplona\\\/\",\"https:\\\/\\\/www.youtube.com\\\/user\\\/laguiadepamplona\"]},{\"@type\":\"Person\",\"@id\":\"https:\\\/\\\/www.laguiadepamplona.com\\\/actualidad\\\/#\\\/schema\\\/person\\\/efe887376f0213d4657c93adc50b1fdb\",\"name\":\"La Gu\u00eda de Pamplona\",\"image\":{\"@type\":\"ImageObject\",\"inLanguage\":\"es\",\"@id\":\"https:\\\/\\\/secure.gravatar.com\\\/avatar\\\/b6992f131dc8d30ab0dff15446e9d346d9dbd95992de0fef795073f5ea83a81c?s=96&d=mm&r=g\",\"url\":\"https:\\\/\\\/secure.gravatar.com\\\/avatar\\\/b6992f131dc8d30ab0dff15446e9d346d9dbd95992de0fef795073f5ea83a81c?s=96&d=mm&r=g\",\"contentUrl\":\"https:\\\/\\\/secure.gravatar.com\\\/avatar\\\/b6992f131dc8d30ab0dff15446e9d346d9dbd95992de0fef795073f5ea83a81c?s=96&d=mm&r=g\",\"caption\":\"La Gu\u00eda de Pamplona\"}}]}<\/script>\n<!-- \/ Yoast SEO plugin. -->","yoast_head_json":{"title":"El Ayuntamiento busca un programa y una empresa gestora para el centro multimedia de informaci\u00f3n y formaci\u00f3n en TIC para las mujeres de Pamplona","description":"EMATIC, como servicio municipal, lleva m\u00e1s de 20 trabajando en continua actualizaci\u00f3n contra la brecha digital que afecta a mujeres y ni\u00f1as","robots":{"index":"index","follow":"follow","max-snippet":"max-snippet:-1","max-image-preview":"max-image-preview:large","max-video-preview":"max-video-preview:-1"},"canonical":"https:\/\/www.laguiadepamplona.com\/actualidad\/el-ayuntamiento-busca-un-programa-y-una-empresa-gestora-para-el-centro-multimedia-de-informacion-y-formacion-en-tic-para-las-mujeres-de-pamplona\/","og_locale":"es_ES","og_type":"article","og_title":"El Ayuntamiento busca un programa y una empresa gestora para el centro multimedia de informaci\u00f3n y formaci\u00f3n en TIC para las mujeres de Pamplona","og_description":"EMATIC, como servicio municipal, lleva m\u00e1s de 20 trabajando en continua actualizaci\u00f3n contra la brecha digital que afecta a mujeres y ni\u00f1as","og_url":"https:\/\/www.laguiadepamplona.com\/actualidad\/el-ayuntamiento-busca-un-programa-y-una-empresa-gestora-para-el-centro-multimedia-de-informacion-y-formacion-en-tic-para-las-mujeres-de-pamplona\/","og_site_name":"La Gu\u00eda de Pamplona","article_publisher":"https:\/\/www.facebook.com\/laguiadepamplonacom-133175176762273\/?ref=hl","article_published_time":"2021-11-09T11:08:48+00:00","article_modified_time":"2023-04-11T09:48:47+00:00","og_image":[{"width":1758,"height":1792,"url":"https:\/\/www.laguiadepamplona.com\/actualidad\/wp-content\/uploads\/2020\/06\/ematic.jpg","type":"image\/jpeg"}],"author":"La Gu\u00eda de Pamplona","twitter_card":"summary_large_image","twitter_creator":"@LaGuiadPamplona","twitter_site":"@LaGuiadPamplona","twitter_misc":{"Escrito por":"La Gu\u00eda de Pamplona","Tiempo de lectura":"5 minutos"},"schema":{"@context":"https:\/\/schema.org","@graph":[{"@type":"Article","@id":"https:\/\/www.laguiadepamplona.com\/actualidad\/el-ayuntamiento-busca-un-programa-y-una-empresa-gestora-para-el-centro-multimedia-de-informacion-y-formacion-en-tic-para-las-mujeres-de-pamplona\/#article","isPartOf":{"@id":"https:\/\/www.laguiadepamplona.com\/actualidad\/el-ayuntamiento-busca-un-programa-y-una-empresa-gestora-para-el-centro-multimedia-de-informacion-y-formacion-en-tic-para-las-mujeres-de-pamplona\/"},"author":{"name":"La Gu\u00eda de Pamplona","@id":"https:\/\/www.laguiadepamplona.com\/actualidad\/#\/schema\/person\/efe887376f0213d4657c93adc50b1fdb"},"headline":"El Ayuntamiento busca un programa y una empresa gestora para el centro multimedia de informaci\u00f3n y formaci\u00f3n en TIC para las mujeres de Pamplona","datePublished":"2021-11-09T11:08:48+00:00","dateModified":"2023-04-11T09:48:47+00:00","mainEntityOfPage":{"@id":"https:\/\/www.laguiadepamplona.com\/actualidad\/el-ayuntamiento-busca-un-programa-y-una-empresa-gestora-para-el-centro-multimedia-de-informacion-y-formacion-en-tic-para-las-mujeres-de-pamplona\/"},"wordCount":1245,"commentCount":0,"publisher":{"@id":"https:\/\/www.laguiadepamplona.com\/actualidad\/#organization"},"image":{"@id":"https:\/\/www.laguiadepamplona.com\/actualidad\/el-ayuntamiento-busca-un-programa-y-una-empresa-gestora-para-el-centro-multimedia-de-informacion-y-formacion-en-tic-para-las-mujeres-de-pamplona\/#primaryimage"},"thumbnailUrl":"https:\/\/www.laguiadepamplona.com\/actualidad\/wp-content\/uploads\/2020\/06\/ematic.jpg","articleSection":["Ayto Pamplona"],"inLanguage":"es","potentialAction":[{"@type":"CommentAction","name":"Comment","target":["https:\/\/www.laguiadepamplona.com\/actualidad\/el-ayuntamiento-busca-un-programa-y-una-empresa-gestora-para-el-centro-multimedia-de-informacion-y-formacion-en-tic-para-las-mujeres-de-pamplona\/#respond"]}]},{"@type":"WebPage","@id":"https:\/\/www.laguiadepamplona.com\/actualidad\/el-ayuntamiento-busca-un-programa-y-una-empresa-gestora-para-el-centro-multimedia-de-informacion-y-formacion-en-tic-para-las-mujeres-de-pamplona\/","url":"https:\/\/www.laguiadepamplona.com\/actualidad\/el-ayuntamiento-busca-un-programa-y-una-empresa-gestora-para-el-centro-multimedia-de-informacion-y-formacion-en-tic-para-las-mujeres-de-pamplona\/","name":"El Ayuntamiento busca un programa y una empresa gestora para el centro multimedia de informaci\u00f3n y formaci\u00f3n en TIC para las mujeres de Pamplona","isPartOf":{"@id":"https:\/\/www.laguiadepamplona.com\/actualidad\/#website"},"primaryImageOfPage":{"@id":"https:\/\/www.laguiadepamplona.com\/actualidad\/el-ayuntamiento-busca-un-programa-y-una-empresa-gestora-para-el-centro-multimedia-de-informacion-y-formacion-en-tic-para-las-mujeres-de-pamplona\/#primaryimage"},"image":{"@id":"https:\/\/www.laguiadepamplona.com\/actualidad\/el-ayuntamiento-busca-un-programa-y-una-empresa-gestora-para-el-centro-multimedia-de-informacion-y-formacion-en-tic-para-las-mujeres-de-pamplona\/#primaryimage"},"thumbnailUrl":"https:\/\/www.laguiadepamplona.com\/actualidad\/wp-content\/uploads\/2020\/06\/ematic.jpg","datePublished":"2021-11-09T11:08:48+00:00","dateModified":"2023-04-11T09:48:47+00:00","description":"EMATIC, como servicio municipal, lleva m\u00e1s de 20 trabajando en continua actualizaci\u00f3n contra la brecha digital que afecta a mujeres y ni\u00f1as","breadcrumb":{"@id":"https:\/\/www.laguiadepamplona.com\/actualidad\/el-ayuntamiento-busca-un-programa-y-una-empresa-gestora-para-el-centro-multimedia-de-informacion-y-formacion-en-tic-para-las-mujeres-de-pamplona\/#breadcrumb"},"inLanguage":"es","potentialAction":[{"@type":"ReadAction","target":["https:\/\/www.laguiadepamplona.com\/actualidad\/el-ayuntamiento-busca-un-programa-y-una-empresa-gestora-para-el-centro-multimedia-de-informacion-y-formacion-en-tic-para-las-mujeres-de-pamplona\/"]}]},{"@type":"ImageObject","inLanguage":"es","@id":"https:\/\/www.laguiadepamplona.com\/actualidad\/el-ayuntamiento-busca-un-programa-y-una-empresa-gestora-para-el-centro-multimedia-de-informacion-y-formacion-en-tic-para-las-mujeres-de-pamplona\/#primaryimage","url":"https:\/\/www.laguiadepamplona.com\/actualidad\/wp-content\/uploads\/2020\/06\/ematic.jpg","contentUrl":"https:\/\/www.laguiadepamplona.com\/actualidad\/wp-content\/uploads\/2020\/06\/ematic.jpg","width":1758,"height":1792},{"@type":"BreadcrumbList","@id":"https:\/\/www.laguiadepamplona.com\/actualidad\/el-ayuntamiento-busca-un-programa-y-una-empresa-gestora-para-el-centro-multimedia-de-informacion-y-formacion-en-tic-para-las-mujeres-de-pamplona\/#breadcrumb","itemListElement":[{"@type":"ListItem","position":1,"name":"Portada","item":"https:\/\/www.laguiadepamplona.com\/actualidad\/"},{"@type":"ListItem","position":2,"name":"El Ayuntamiento busca un programa y una empresa gestora para el centro multimedia de informaci\u00f3n y formaci\u00f3n en TIC para las mujeres de Pamplona"}]},{"@type":"WebSite","@id":"https:\/\/www.laguiadepamplona.com\/actualidad\/#website","url":"https:\/\/www.laguiadepamplona.com\/actualidad\/","name":"La gu\u00eda de Pamplona","description":"Noticias de Pamplona","publisher":{"@id":"https:\/\/www.laguiadepamplona.com\/actualidad\/#organization"},"potentialAction":[{"@type":"SearchAction","target":{"@type":"EntryPoint","urlTemplate":"https:\/\/www.laguiadepamplona.com\/actualidad\/?s={search_term_string}"},"query-input":{"@type":"PropertyValueSpecification","valueRequired":true,"valueName":"search_term_string"}}],"inLanguage":"es"},{"@type":"Organization","@id":"https:\/\/www.laguiadepamplona.com\/actualidad\/#organization","name":"La Gu\u00eda de Pamplona \/ Noticias","url":"https:\/\/www.laguiadepamplona.com\/actualidad\/","logo":{"@type":"ImageObject","inLanguage":"es","@id":"https:\/\/www.laguiadepamplona.com\/actualidad\/#\/schema\/logo\/image\/","url":"https:\/\/www.laguiadepamplona.com\/actualidad\/wp-content\/uploads\/2018\/11\/logo-laguiadepamplona18-web1.png","contentUrl":"https:\/\/www.laguiadepamplona.com\/actualidad\/wp-content\/uploads\/2018\/11\/logo-laguiadepamplona18-web1.png","width":600,"height":196,"caption":"La Gu\u00eda de Pamplona \/ Noticias"},"image":{"@id":"https:\/\/www.laguiadepamplona.com\/actualidad\/#\/schema\/logo\/image\/"},"sameAs":["https:\/\/www.facebook.com\/laguiadepamplonacom-133175176762273\/?ref=hl","https:\/\/x.com\/LaGuiadPamplona","https:\/\/www.instagram.com\/la_guia_de_pamplona\/","https:\/\/www.youtube.com\/user\/laguiadepamplona"]},{"@type":"Person","@id":"https:\/\/www.laguiadepamplona.com\/actualidad\/#\/schema\/person\/efe887376f0213d4657c93adc50b1fdb","name":"La Gu\u00eda de Pamplona","image":{"@type":"ImageObject","inLanguage":"es","@id":"https:\/\/secure.gravatar.com\/avatar\/b6992f131dc8d30ab0dff15446e9d346d9dbd95992de0fef795073f5ea83a81c?s=96&d=mm&r=g","url":"https:\/\/secure.gravatar.com\/avatar\/b6992f131dc8d30ab0dff15446e9d346d9dbd95992de0fef795073f5ea83a81c?s=96&d=mm&r=g","contentUrl":"https:\/\/secure.gravatar.com\/avatar\/b6992f131dc8d30ab0dff15446e9d346d9dbd95992de0fef795073f5ea83a81c?s=96&d=mm&r=g","caption":"La Gu\u00eda de Pamplona"}}]}},"post_mailing_queue_ids":[],"_links":{"self":[{"href":"https:\/\/www.laguiadepamplona.com\/actualidad\/wp-json\/wp\/v2\/posts\/37447","targetHints":{"allow":["GET"]}}],"collection":[{"href":"https:\/\/www.laguiadepamplona.com\/actualidad\/wp-json\/wp\/v2\/posts"}],"about":[{"href":"https:\/\/www.laguiadepamplona.com\/actualidad\/wp-json\/wp\/v2\/types\/post"}],"author":[{"embeddable":true,"href":"https:\/\/www.laguiadepamplona.com\/actualidad\/wp-json\/wp\/v2\/users\/1"}],"replies":[{"embeddable":true,"href":"https:\/\/www.laguiadepamplona.com\/actualidad\/wp-json\/wp\/v2\/comments?post=37447"}],"version-history":[{"count":0,"href":"https:\/\/www.laguiadepamplona.com\/actualidad\/wp-json\/wp\/v2\/posts\/37447\/revisions"}],"wp:featuredmedia":[{"embeddable":true,"href":"https:\/\/www.laguiadepamplona.com\/actualidad\/wp-json\/wp\/v2\/media\/30569"}],"wp:attachment":[{"href":"https:\/\/www.laguiadepamplona.com\/actualidad\/wp-json\/wp\/v2\/media?parent=37447"}],"wp:term":[{"taxonomy":"category","embeddable":true,"href":"https:\/\/www.laguiadepamplona.com\/actualidad\/wp-json\/wp\/v2\/categories?post=37447"},{"taxonomy":"post_tag","embeddable":true,"href":"https:\/\/www.laguiadepamplona.com\/actualidad\/wp-json\/wp\/v2\/tags?post=37447"}],"curies":[{"name":"wp","href":"https:\/\/api.w.org\/{rel}","templated":true}]}}