{"id":37437,"date":"2021-11-08T14:45:17","date_gmt":"2021-11-08T12:45:17","guid":{"rendered":"https:\/\/www.laguiadepamplona.com\/actualidad\/?p=37437"},"modified":"2023-04-11T11:48:47","modified_gmt":"2023-04-11T09:48:47","slug":"gerencia-de-urbanismo-tratara-el-miercoles-la-adjudicacion-del-contrato-para-la-redaccion-de-las-separatas-de-las-fases-2a-y-3a-del-parque-del-camino-de-santiago-en-txantrea","status":"publish","type":"post","link":"https:\/\/www.laguiadepamplona.com\/actualidad\/gerencia-de-urbanismo-tratara-el-miercoles-la-adjudicacion-del-contrato-para-la-redaccion-de-las-separatas-de-las-fases-2a-y-3a-del-parque-del-camino-de-santiago-en-txantrea\/","title":{"rendered":"Gerencia de Urbanismo tratar\u00e1 el mi\u00e9rcoles la adjudicaci\u00f3n del contrato para la redacci\u00f3n de las separatas de las fases 2\u00aa y 3\u00aa del parque del Camino de Santiago en Txantrea"},"content":{"rendered":"<h5>La fase 2\u00aa prioriza el paseo de borde con la nueva urbanizaci\u00f3n al norte del parque y la 3\u00aa el \u00e1mbito restante hasta los l\u00edmites con Magdalena y Burlada<\/h5>\n<p><!--more--><\/p>\n<p>Gerencia de Urbanismo conocer\u00e1 en su reuni\u00f3n del mi\u00e9rcoles la propuesta de adjudicaci\u00f3n del contrato de redacci\u00f3n de las separatas de la 2\u00aa y 3\u00aa fase del proyecto del parque del Camino de Santiago en el barrio de Txantrea y, en su caso, la direcci\u00f3n de las obras que se puedan llevar a cabo. La 2\u00aa fase prioriza la realizaci\u00f3n del paseo de borde del parque que limita al norte con la nueva urbanizaci\u00f3n, as\u00ed como las zonas de estancia que acompa\u00f1an a dicho paseo y zonas verdes provistas de riego; la 3\u00aa fase abarca el \u00e1mbito restante del parque hasta sus l\u00edmites sur y este con las viviendas de la Magdalena y el t\u00e9rmino municipal de Burlada.<\/p>\n<p><script async src=\"\/\/pagead2.googlesyndication.com\/pagead\/js\/adsbygoogle.js\"><\/script><br \/>\n<!-- Noticias La Guia de Pamplona --><br \/>\n<ins class=\"adsbygoogle\"\nstyle=\"display:block\"\ndata-ad-client=\"ca-pub-6943679897239327\"\ndata-ad-slot=\"7048180777\"\ndata-ad-format=\"auto\"><\/ins><br \/>\n<script>\n(adsbygoogle = window.adsbygoogle || []).push({});\n<\/script><\/p>\n<p>Estas separatas servir\u00e1n de base para la contrataci\u00f3n de las obras pendientes para la terminaci\u00f3n del parque Camino de Santiago. El contrato se ha adjudicado a la empresa Alinea Ingenier\u00eda y Territorio S.L. por un importe de 165.165 euros, con un 25,8% de baja respecto a los 222.640 euros del precio de licitaci\u00f3n, e incluye los trabajos de redacci\u00f3n de ambas separatas y los honorarios de direcci\u00f3n de obra de las mismas. El plazo para la redacci\u00f3n de ambas separatas es de tres meses, por lo que deber\u00e1 estar ejecutado para el primer trimestre del a\u00f1o que viene.<\/p>\n<p>Los trabajos a realizar correspondientes a la 2\u00aa fase consisten en la pavimentaci\u00f3n de las zonas de estancia ubicadas al norte del parque y la generaci\u00f3n de las conexiones con los accesos desde el camino de Burlada. Tambi\u00e9n se crear\u00e1n las zonas verdes que quedan limitadas por estos caminos. En lo referente a las instalaciones se dotar\u00e1 la zona de alumbrado, drenaje y riego.<\/p>\n<p><script async src=\"\/\/pagead2.googlesyndication.com\/pagead\/js\/adsbygoogle.js\"><\/script><br \/>\n<!-- Noticias La Guia de Pamplona --><br \/>\n<ins class=\"adsbygoogle\"\nstyle=\"display:block\"\ndata-ad-client=\"ca-pub-6943679897239327\"\ndata-ad-slot=\"7048180777\"\ndata-ad-format=\"auto\"><\/ins><br \/>\n<script>\n(adsbygoogle = window.adsbygoogle || []).push({});\n<\/script><\/p>\n<p>La 3\u00aa fase del proyecto completa la zona de juegos con la instalaci\u00f3n de las pistas de parkour y <em>skate<\/em>, ejecuta las praderas naturalizadas (sin riego) y el bosque de robledal que limita con el termino de Burlada, y recupera la regata Iturriapurria y la orla de ribera. Al sur, se crean las zonas de huertas familiares, huerto de concesi\u00f3n, \u00e1rea de picnic y esparcimiento canino. En cuanto a las instalaciones de abastecimiento y saneamiento, se dotar\u00e1 a la zona tambi\u00e9n del alumbrado, el drenaje y el riego necesarios.<\/p>\n","protected":false},"excerpt":{"rendered":"<p>La fase 2\u00aa prioriza el paseo de borde con la nueva urbanizaci\u00f3n al norte del parque y la 3\u00aa el \u00e1mbito restante hasta los l\u00edmites con Magdalena y Burlada<\/p>\n","protected":false},"author":1,"featured_media":37292,"comment_status":"open","ping_status":"closed","sticky":false,"template":"","format":"standard","meta":{"footnotes":""},"categories":[2],"tags":[],"class_list":["post-37437","post","type-post","status-publish","format-standard","has-post-thumbnail","hentry","category-ayuntamiento-pamplona"],"yoast_head":"<!-- This site is optimized with the Yoast SEO plugin v27.5 - https:\/\/yoast.com\/product\/yoast-seo-wordpress\/ -->\n<title>Gerencia de Urbanismo tratar\u00e1 el mi\u00e9rcoles la adjudicaci\u00f3n del contrato para la redacci\u00f3n de las separatas de las fases 2\u00aa y 3\u00aa del parque del Camino de Santiago en Txantrea<\/title>\n<meta name=\"description\" content=\"La fase 2\u00aa prioriza el paseo de borde con la nueva urbanizaci\u00f3n al norte del parque y la 3\u00aa el \u00e1mbito restante hasta los l\u00edmites con Magdalena y Burlada\" \/>\n<meta name=\"robots\" content=\"index, follow, max-snippet:-1, max-image-preview:large, max-video-preview:-1\" \/>\n<link rel=\"canonical\" href=\"https:\/\/www.laguiadepamplona.com\/actualidad\/gerencia-de-urbanismo-tratara-el-miercoles-la-adjudicacion-del-contrato-para-la-redaccion-de-las-separatas-de-las-fases-2a-y-3a-del-parque-del-camino-de-santiago-en-txantrea\/\" \/>\n<meta property=\"og:locale\" content=\"es_ES\" \/>\n<meta property=\"og:type\" content=\"article\" \/>\n<meta property=\"og:title\" content=\"Gerencia de Urbanismo tratar\u00e1 el mi\u00e9rcoles la adjudicaci\u00f3n del contrato para la redacci\u00f3n de las separatas de las fases 2\u00aa y 3\u00aa del parque del Camino de Santiago en Txantrea\" \/>\n<meta property=\"og:description\" content=\"La fase 2\u00aa prioriza el paseo de borde con la nueva urbanizaci\u00f3n al norte del parque y la 3\u00aa el \u00e1mbito restante hasta los l\u00edmites con Magdalena y Burlada\" \/>\n<meta property=\"og:url\" content=\"https:\/\/www.laguiadepamplona.com\/actualidad\/gerencia-de-urbanismo-tratara-el-miercoles-la-adjudicacion-del-contrato-para-la-redaccion-de-las-separatas-de-las-fases-2a-y-3a-del-parque-del-camino-de-santiago-en-txantrea\/\" \/>\n<meta property=\"og:site_name\" content=\"La Gu\u00eda de Pamplona\" \/>\n<meta property=\"article:publisher\" content=\"https:\/\/www.facebook.com\/laguiadepamplonacom-133175176762273\/?ref=hl\" \/>\n<meta property=\"article:published_time\" content=\"2021-11-08T12:45:17+00:00\" \/>\n<meta property=\"article:modified_time\" content=\"2023-04-11T09:48:47+00:00\" \/>\n<meta property=\"og:image\" content=\"https:\/\/www.laguiadepamplona.com\/actualidad\/wp-content\/uploads\/2021\/11\/txantrea_barrio_1.jpg\" \/>\n\t<meta property=\"og:image:width\" content=\"1920\" \/>\n\t<meta property=\"og:image:height\" content=\"1280\" \/>\n\t<meta property=\"og:image:type\" content=\"image\/jpeg\" \/>\n<meta name=\"author\" content=\"La Gu\u00eda de Pamplona\" \/>\n<meta name=\"twitter:card\" content=\"summary_large_image\" \/>\n<meta name=\"twitter:creator\" content=\"@LaGuiadPamplona\" \/>\n<meta name=\"twitter:site\" content=\"@LaGuiadPamplona\" \/>\n<meta name=\"twitter:label1\" content=\"Escrito por\" \/>\n\t<meta name=\"twitter:data1\" content=\"La Gu\u00eda de Pamplona\" \/>\n\t<meta name=\"twitter:label2\" content=\"Tiempo de lectura\" \/>\n\t<meta name=\"twitter:data2\" content=\"2 minutos\" \/>\n<script type=\"application\/ld+json\" class=\"yoast-schema-graph\">{\"@context\":\"https:\\\/\\\/schema.org\",\"@graph\":[{\"@type\":\"Article\",\"@id\":\"https:\\\/\\\/www.laguiadepamplona.com\\\/actualidad\\\/gerencia-de-urbanismo-tratara-el-miercoles-la-adjudicacion-del-contrato-para-la-redaccion-de-las-separatas-de-las-fases-2a-y-3a-del-parque-del-camino-de-santiago-en-txantrea\\\/#article\",\"isPartOf\":{\"@id\":\"https:\\\/\\\/www.laguiadepamplona.com\\\/actualidad\\\/gerencia-de-urbanismo-tratara-el-miercoles-la-adjudicacion-del-contrato-para-la-redaccion-de-las-separatas-de-las-fases-2a-y-3a-del-parque-del-camino-de-santiago-en-txantrea\\\/\"},\"author\":{\"name\":\"La Gu\u00eda de Pamplona\",\"@id\":\"https:\\\/\\\/www.laguiadepamplona.com\\\/actualidad\\\/#\\\/schema\\\/person\\\/efe887376f0213d4657c93adc50b1fdb\"},\"headline\":\"Gerencia de Urbanismo tratar\u00e1 el mi\u00e9rcoles la adjudicaci\u00f3n del contrato para la redacci\u00f3n de las separatas de las fases 2\u00aa y 3\u00aa del parque del Camino de Santiago en Txantrea\",\"datePublished\":\"2021-11-08T12:45:17+00:00\",\"dateModified\":\"2023-04-11T09:48:47+00:00\",\"mainEntityOfPage\":{\"@id\":\"https:\\\/\\\/www.laguiadepamplona.com\\\/actualidad\\\/gerencia-de-urbanismo-tratara-el-miercoles-la-adjudicacion-del-contrato-para-la-redaccion-de-las-separatas-de-las-fases-2a-y-3a-del-parque-del-camino-de-santiago-en-txantrea\\\/\"},\"wordCount\":447,\"commentCount\":0,\"publisher\":{\"@id\":\"https:\\\/\\\/www.laguiadepamplona.com\\\/actualidad\\\/#organization\"},\"image\":{\"@id\":\"https:\\\/\\\/www.laguiadepamplona.com\\\/actualidad\\\/gerencia-de-urbanismo-tratara-el-miercoles-la-adjudicacion-del-contrato-para-la-redaccion-de-las-separatas-de-las-fases-2a-y-3a-del-parque-del-camino-de-santiago-en-txantrea\\\/#primaryimage\"},\"thumbnailUrl\":\"https:\\\/\\\/www.laguiadepamplona.com\\\/actualidad\\\/wp-content\\\/uploads\\\/2021\\\/11\\\/txantrea_barrio_1.jpg\",\"articleSection\":[\"Ayto Pamplona\"],\"inLanguage\":\"es\",\"potentialAction\":[{\"@type\":\"CommentAction\",\"name\":\"Comment\",\"target\":[\"https:\\\/\\\/www.laguiadepamplona.com\\\/actualidad\\\/gerencia-de-urbanismo-tratara-el-miercoles-la-adjudicacion-del-contrato-para-la-redaccion-de-las-separatas-de-las-fases-2a-y-3a-del-parque-del-camino-de-santiago-en-txantrea\\\/#respond\"]}]},{\"@type\":\"WebPage\",\"@id\":\"https:\\\/\\\/www.laguiadepamplona.com\\\/actualidad\\\/gerencia-de-urbanismo-tratara-el-miercoles-la-adjudicacion-del-contrato-para-la-redaccion-de-las-separatas-de-las-fases-2a-y-3a-del-parque-del-camino-de-santiago-en-txantrea\\\/\",\"url\":\"https:\\\/\\\/www.laguiadepamplona.com\\\/actualidad\\\/gerencia-de-urbanismo-tratara-el-miercoles-la-adjudicacion-del-contrato-para-la-redaccion-de-las-separatas-de-las-fases-2a-y-3a-del-parque-del-camino-de-santiago-en-txantrea\\\/\",\"name\":\"Gerencia de Urbanismo tratar\u00e1 el mi\u00e9rcoles la adjudicaci\u00f3n del contrato para la redacci\u00f3n de las separatas de las fases 2\u00aa y 3\u00aa del parque del Camino de Santiago en Txantrea\",\"isPartOf\":{\"@id\":\"https:\\\/\\\/www.laguiadepamplona.com\\\/actualidad\\\/#website\"},\"primaryImageOfPage\":{\"@id\":\"https:\\\/\\\/www.laguiadepamplona.com\\\/actualidad\\\/gerencia-de-urbanismo-tratara-el-miercoles-la-adjudicacion-del-contrato-para-la-redaccion-de-las-separatas-de-las-fases-2a-y-3a-del-parque-del-camino-de-santiago-en-txantrea\\\/#primaryimage\"},\"image\":{\"@id\":\"https:\\\/\\\/www.laguiadepamplona.com\\\/actualidad\\\/gerencia-de-urbanismo-tratara-el-miercoles-la-adjudicacion-del-contrato-para-la-redaccion-de-las-separatas-de-las-fases-2a-y-3a-del-parque-del-camino-de-santiago-en-txantrea\\\/#primaryimage\"},\"thumbnailUrl\":\"https:\\\/\\\/www.laguiadepamplona.com\\\/actualidad\\\/wp-content\\\/uploads\\\/2021\\\/11\\\/txantrea_barrio_1.jpg\",\"datePublished\":\"2021-11-08T12:45:17+00:00\",\"dateModified\":\"2023-04-11T09:48:47+00:00\",\"description\":\"La fase 2\u00aa prioriza el paseo de borde con la nueva urbanizaci\u00f3n al norte del parque y la 3\u00aa el \u00e1mbito restante hasta los l\u00edmites con Magdalena y Burlada\",\"breadcrumb\":{\"@id\":\"https:\\\/\\\/www.laguiadepamplona.com\\\/actualidad\\\/gerencia-de-urbanismo-tratara-el-miercoles-la-adjudicacion-del-contrato-para-la-redaccion-de-las-separatas-de-las-fases-2a-y-3a-del-parque-del-camino-de-santiago-en-txantrea\\\/#breadcrumb\"},\"inLanguage\":\"es\",\"potentialAction\":[{\"@type\":\"ReadAction\",\"target\":[\"https:\\\/\\\/www.laguiadepamplona.com\\\/actualidad\\\/gerencia-de-urbanismo-tratara-el-miercoles-la-adjudicacion-del-contrato-para-la-redaccion-de-las-separatas-de-las-fases-2a-y-3a-del-parque-del-camino-de-santiago-en-txantrea\\\/\"]}]},{\"@type\":\"ImageObject\",\"inLanguage\":\"es\",\"@id\":\"https:\\\/\\\/www.laguiadepamplona.com\\\/actualidad\\\/gerencia-de-urbanismo-tratara-el-miercoles-la-adjudicacion-del-contrato-para-la-redaccion-de-las-separatas-de-las-fases-2a-y-3a-del-parque-del-camino-de-santiago-en-txantrea\\\/#primaryimage\",\"url\":\"https:\\\/\\\/www.laguiadepamplona.com\\\/actualidad\\\/wp-content\\\/uploads\\\/2021\\\/11\\\/txantrea_barrio_1.jpg\",\"contentUrl\":\"https:\\\/\\\/www.laguiadepamplona.com\\\/actualidad\\\/wp-content\\\/uploads\\\/2021\\\/11\\\/txantrea_barrio_1.jpg\",\"width\":1920,\"height\":1280,\"caption\":\"A* Jes\u00fas Garzaron F* 2020_12_01 T* Barrios de Pamplona L* Calle San Crits\u00f3bal, Txantrea\"},{\"@type\":\"BreadcrumbList\",\"@id\":\"https:\\\/\\\/www.laguiadepamplona.com\\\/actualidad\\\/gerencia-de-urbanismo-tratara-el-miercoles-la-adjudicacion-del-contrato-para-la-redaccion-de-las-separatas-de-las-fases-2a-y-3a-del-parque-del-camino-de-santiago-en-txantrea\\\/#breadcrumb\",\"itemListElement\":[{\"@type\":\"ListItem\",\"position\":1,\"name\":\"Portada\",\"item\":\"https:\\\/\\\/www.laguiadepamplona.com\\\/actualidad\\\/\"},{\"@type\":\"ListItem\",\"position\":2,\"name\":\"Gerencia de Urbanismo tratar\u00e1 el mi\u00e9rcoles la adjudicaci\u00f3n del contrato para la redacci\u00f3n de las separatas de las fases 2\u00aa y 3\u00aa del parque del Camino de Santiago en Txantrea\"}]},{\"@type\":\"WebSite\",\"@id\":\"https:\\\/\\\/www.laguiadepamplona.com\\\/actualidad\\\/#website\",\"url\":\"https:\\\/\\\/www.laguiadepamplona.com\\\/actualidad\\\/\",\"name\":\"La gu\u00eda de Pamplona\",\"description\":\"Noticias de Pamplona\",\"publisher\":{\"@id\":\"https:\\\/\\\/www.laguiadepamplona.com\\\/actualidad\\\/#organization\"},\"potentialAction\":[{\"@type\":\"SearchAction\",\"target\":{\"@type\":\"EntryPoint\",\"urlTemplate\":\"https:\\\/\\\/www.laguiadepamplona.com\\\/actualidad\\\/?s={search_term_string}\"},\"query-input\":{\"@type\":\"PropertyValueSpecification\",\"valueRequired\":true,\"valueName\":\"search_term_string\"}}],\"inLanguage\":\"es\"},{\"@type\":\"Organization\",\"@id\":\"https:\\\/\\\/www.laguiadepamplona.com\\\/actualidad\\\/#organization\",\"name\":\"La Gu\u00eda de Pamplona \\\/ Noticias\",\"url\":\"https:\\\/\\\/www.laguiadepamplona.com\\\/actualidad\\\/\",\"logo\":{\"@type\":\"ImageObject\",\"inLanguage\":\"es\",\"@id\":\"https:\\\/\\\/www.laguiadepamplona.com\\\/actualidad\\\/#\\\/schema\\\/logo\\\/image\\\/\",\"url\":\"https:\\\/\\\/www.laguiadepamplona.com\\\/actualidad\\\/wp-content\\\/uploads\\\/2018\\\/11\\\/logo-laguiadepamplona18-web1.png\",\"contentUrl\":\"https:\\\/\\\/www.laguiadepamplona.com\\\/actualidad\\\/wp-content\\\/uploads\\\/2018\\\/11\\\/logo-laguiadepamplona18-web1.png\",\"width\":600,\"height\":196,\"caption\":\"La Gu\u00eda de Pamplona \\\/ Noticias\"},\"image\":{\"@id\":\"https:\\\/\\\/www.laguiadepamplona.com\\\/actualidad\\\/#\\\/schema\\\/logo\\\/image\\\/\"},\"sameAs\":[\"https:\\\/\\\/www.facebook.com\\\/laguiadepamplonacom-133175176762273\\\/?ref=hl\",\"https:\\\/\\\/x.com\\\/LaGuiadPamplona\",\"https:\\\/\\\/www.instagram.com\\\/la_guia_de_pamplona\\\/\",\"https:\\\/\\\/www.youtube.com\\\/user\\\/laguiadepamplona\"]},{\"@type\":\"Person\",\"@id\":\"https:\\\/\\\/www.laguiadepamplona.com\\\/actualidad\\\/#\\\/schema\\\/person\\\/efe887376f0213d4657c93adc50b1fdb\",\"name\":\"La Gu\u00eda de Pamplona\",\"image\":{\"@type\":\"ImageObject\",\"inLanguage\":\"es\",\"@id\":\"https:\\\/\\\/secure.gravatar.com\\\/avatar\\\/b6992f131dc8d30ab0dff15446e9d346d9dbd95992de0fef795073f5ea83a81c?s=96&d=mm&r=g\",\"url\":\"https:\\\/\\\/secure.gravatar.com\\\/avatar\\\/b6992f131dc8d30ab0dff15446e9d346d9dbd95992de0fef795073f5ea83a81c?s=96&d=mm&r=g\",\"contentUrl\":\"https:\\\/\\\/secure.gravatar.com\\\/avatar\\\/b6992f131dc8d30ab0dff15446e9d346d9dbd95992de0fef795073f5ea83a81c?s=96&d=mm&r=g\",\"caption\":\"La Gu\u00eda de Pamplona\"}}]}<\/script>\n<!-- \/ Yoast SEO plugin. -->","yoast_head_json":{"title":"Gerencia de Urbanismo tratar\u00e1 el mi\u00e9rcoles la adjudicaci\u00f3n del contrato para la redacci\u00f3n de las separatas de las fases 2\u00aa y 3\u00aa del parque del Camino de Santiago en Txantrea","description":"La fase 2\u00aa prioriza el paseo de borde con la nueva urbanizaci\u00f3n al norte del parque y la 3\u00aa el \u00e1mbito restante hasta los l\u00edmites con Magdalena y Burlada","robots":{"index":"index","follow":"follow","max-snippet":"max-snippet:-1","max-image-preview":"max-image-preview:large","max-video-preview":"max-video-preview:-1"},"canonical":"https:\/\/www.laguiadepamplona.com\/actualidad\/gerencia-de-urbanismo-tratara-el-miercoles-la-adjudicacion-del-contrato-para-la-redaccion-de-las-separatas-de-las-fases-2a-y-3a-del-parque-del-camino-de-santiago-en-txantrea\/","og_locale":"es_ES","og_type":"article","og_title":"Gerencia de Urbanismo tratar\u00e1 el mi\u00e9rcoles la adjudicaci\u00f3n del contrato para la redacci\u00f3n de las separatas de las fases 2\u00aa y 3\u00aa del parque del Camino de Santiago en Txantrea","og_description":"La fase 2\u00aa prioriza el paseo de borde con la nueva urbanizaci\u00f3n al norte del parque y la 3\u00aa el \u00e1mbito restante hasta los l\u00edmites con Magdalena y Burlada","og_url":"https:\/\/www.laguiadepamplona.com\/actualidad\/gerencia-de-urbanismo-tratara-el-miercoles-la-adjudicacion-del-contrato-para-la-redaccion-de-las-separatas-de-las-fases-2a-y-3a-del-parque-del-camino-de-santiago-en-txantrea\/","og_site_name":"La Gu\u00eda de Pamplona","article_publisher":"https:\/\/www.facebook.com\/laguiadepamplonacom-133175176762273\/?ref=hl","article_published_time":"2021-11-08T12:45:17+00:00","article_modified_time":"2023-04-11T09:48:47+00:00","og_image":[{"width":1920,"height":1280,"url":"https:\/\/www.laguiadepamplona.com\/actualidad\/wp-content\/uploads\/2021\/11\/txantrea_barrio_1.jpg","type":"image\/jpeg"}],"author":"La Gu\u00eda de Pamplona","twitter_card":"summary_large_image","twitter_creator":"@LaGuiadPamplona","twitter_site":"@LaGuiadPamplona","twitter_misc":{"Escrito por":"La Gu\u00eda de Pamplona","Tiempo de lectura":"2 minutos"},"schema":{"@context":"https:\/\/schema.org","@graph":[{"@type":"Article","@id":"https:\/\/www.laguiadepamplona.com\/actualidad\/gerencia-de-urbanismo-tratara-el-miercoles-la-adjudicacion-del-contrato-para-la-redaccion-de-las-separatas-de-las-fases-2a-y-3a-del-parque-del-camino-de-santiago-en-txantrea\/#article","isPartOf":{"@id":"https:\/\/www.laguiadepamplona.com\/actualidad\/gerencia-de-urbanismo-tratara-el-miercoles-la-adjudicacion-del-contrato-para-la-redaccion-de-las-separatas-de-las-fases-2a-y-3a-del-parque-del-camino-de-santiago-en-txantrea\/"},"author":{"name":"La Gu\u00eda de Pamplona","@id":"https:\/\/www.laguiadepamplona.com\/actualidad\/#\/schema\/person\/efe887376f0213d4657c93adc50b1fdb"},"headline":"Gerencia de Urbanismo tratar\u00e1 el mi\u00e9rcoles la adjudicaci\u00f3n del contrato para la redacci\u00f3n de las separatas de las fases 2\u00aa y 3\u00aa del parque del Camino de Santiago en Txantrea","datePublished":"2021-11-08T12:45:17+00:00","dateModified":"2023-04-11T09:48:47+00:00","mainEntityOfPage":{"@id":"https:\/\/www.laguiadepamplona.com\/actualidad\/gerencia-de-urbanismo-tratara-el-miercoles-la-adjudicacion-del-contrato-para-la-redaccion-de-las-separatas-de-las-fases-2a-y-3a-del-parque-del-camino-de-santiago-en-txantrea\/"},"wordCount":447,"commentCount":0,"publisher":{"@id":"https:\/\/www.laguiadepamplona.com\/actualidad\/#organization"},"image":{"@id":"https:\/\/www.laguiadepamplona.com\/actualidad\/gerencia-de-urbanismo-tratara-el-miercoles-la-adjudicacion-del-contrato-para-la-redaccion-de-las-separatas-de-las-fases-2a-y-3a-del-parque-del-camino-de-santiago-en-txantrea\/#primaryimage"},"thumbnailUrl":"https:\/\/www.laguiadepamplona.com\/actualidad\/wp-content\/uploads\/2021\/11\/txantrea_barrio_1.jpg","articleSection":["Ayto Pamplona"],"inLanguage":"es","potentialAction":[{"@type":"CommentAction","name":"Comment","target":["https:\/\/www.laguiadepamplona.com\/actualidad\/gerencia-de-urbanismo-tratara-el-miercoles-la-adjudicacion-del-contrato-para-la-redaccion-de-las-separatas-de-las-fases-2a-y-3a-del-parque-del-camino-de-santiago-en-txantrea\/#respond"]}]},{"@type":"WebPage","@id":"https:\/\/www.laguiadepamplona.com\/actualidad\/gerencia-de-urbanismo-tratara-el-miercoles-la-adjudicacion-del-contrato-para-la-redaccion-de-las-separatas-de-las-fases-2a-y-3a-del-parque-del-camino-de-santiago-en-txantrea\/","url":"https:\/\/www.laguiadepamplona.com\/actualidad\/gerencia-de-urbanismo-tratara-el-miercoles-la-adjudicacion-del-contrato-para-la-redaccion-de-las-separatas-de-las-fases-2a-y-3a-del-parque-del-camino-de-santiago-en-txantrea\/","name":"Gerencia de Urbanismo tratar\u00e1 el mi\u00e9rcoles la adjudicaci\u00f3n del contrato para la redacci\u00f3n de las separatas de las fases 2\u00aa y 3\u00aa del parque del Camino de Santiago en Txantrea","isPartOf":{"@id":"https:\/\/www.laguiadepamplona.com\/actualidad\/#website"},"primaryImageOfPage":{"@id":"https:\/\/www.laguiadepamplona.com\/actualidad\/gerencia-de-urbanismo-tratara-el-miercoles-la-adjudicacion-del-contrato-para-la-redaccion-de-las-separatas-de-las-fases-2a-y-3a-del-parque-del-camino-de-santiago-en-txantrea\/#primaryimage"},"image":{"@id":"https:\/\/www.laguiadepamplona.com\/actualidad\/gerencia-de-urbanismo-tratara-el-miercoles-la-adjudicacion-del-contrato-para-la-redaccion-de-las-separatas-de-las-fases-2a-y-3a-del-parque-del-camino-de-santiago-en-txantrea\/#primaryimage"},"thumbnailUrl":"https:\/\/www.laguiadepamplona.com\/actualidad\/wp-content\/uploads\/2021\/11\/txantrea_barrio_1.jpg","datePublished":"2021-11-08T12:45:17+00:00","dateModified":"2023-04-11T09:48:47+00:00","description":"La fase 2\u00aa prioriza el paseo de borde con la nueva urbanizaci\u00f3n al norte del parque y la 3\u00aa el \u00e1mbito restante hasta los l\u00edmites con Magdalena y Burlada","breadcrumb":{"@id":"https:\/\/www.laguiadepamplona.com\/actualidad\/gerencia-de-urbanismo-tratara-el-miercoles-la-adjudicacion-del-contrato-para-la-redaccion-de-las-separatas-de-las-fases-2a-y-3a-del-parque-del-camino-de-santiago-en-txantrea\/#breadcrumb"},"inLanguage":"es","potentialAction":[{"@type":"ReadAction","target":["https:\/\/www.laguiadepamplona.com\/actualidad\/gerencia-de-urbanismo-tratara-el-miercoles-la-adjudicacion-del-contrato-para-la-redaccion-de-las-separatas-de-las-fases-2a-y-3a-del-parque-del-camino-de-santiago-en-txantrea\/"]}]},{"@type":"ImageObject","inLanguage":"es","@id":"https:\/\/www.laguiadepamplona.com\/actualidad\/gerencia-de-urbanismo-tratara-el-miercoles-la-adjudicacion-del-contrato-para-la-redaccion-de-las-separatas-de-las-fases-2a-y-3a-del-parque-del-camino-de-santiago-en-txantrea\/#primaryimage","url":"https:\/\/www.laguiadepamplona.com\/actualidad\/wp-content\/uploads\/2021\/11\/txantrea_barrio_1.jpg","contentUrl":"https:\/\/www.laguiadepamplona.com\/actualidad\/wp-content\/uploads\/2021\/11\/txantrea_barrio_1.jpg","width":1920,"height":1280,"caption":"A* Jes\u00fas Garzaron F* 2020_12_01 T* Barrios de Pamplona L* Calle San Crits\u00f3bal, Txantrea"},{"@type":"BreadcrumbList","@id":"https:\/\/www.laguiadepamplona.com\/actualidad\/gerencia-de-urbanismo-tratara-el-miercoles-la-adjudicacion-del-contrato-para-la-redaccion-de-las-separatas-de-las-fases-2a-y-3a-del-parque-del-camino-de-santiago-en-txantrea\/#breadcrumb","itemListElement":[{"@type":"ListItem","position":1,"name":"Portada","item":"https:\/\/www.laguiadepamplona.com\/actualidad\/"},{"@type":"ListItem","position":2,"name":"Gerencia de Urbanismo tratar\u00e1 el mi\u00e9rcoles la adjudicaci\u00f3n del contrato para la redacci\u00f3n de las separatas de las fases 2\u00aa y 3\u00aa del parque del Camino de Santiago en Txantrea"}]},{"@type":"WebSite","@id":"https:\/\/www.laguiadepamplona.com\/actualidad\/#website","url":"https:\/\/www.laguiadepamplona.com\/actualidad\/","name":"La gu\u00eda de Pamplona","description":"Noticias de Pamplona","publisher":{"@id":"https:\/\/www.laguiadepamplona.com\/actualidad\/#organization"},"potentialAction":[{"@type":"SearchAction","target":{"@type":"EntryPoint","urlTemplate":"https:\/\/www.laguiadepamplona.com\/actualidad\/?s={search_term_string}"},"query-input":{"@type":"PropertyValueSpecification","valueRequired":true,"valueName":"search_term_string"}}],"inLanguage":"es"},{"@type":"Organization","@id":"https:\/\/www.laguiadepamplona.com\/actualidad\/#organization","name":"La Gu\u00eda de Pamplona \/ Noticias","url":"https:\/\/www.laguiadepamplona.com\/actualidad\/","logo":{"@type":"ImageObject","inLanguage":"es","@id":"https:\/\/www.laguiadepamplona.com\/actualidad\/#\/schema\/logo\/image\/","url":"https:\/\/www.laguiadepamplona.com\/actualidad\/wp-content\/uploads\/2018\/11\/logo-laguiadepamplona18-web1.png","contentUrl":"https:\/\/www.laguiadepamplona.com\/actualidad\/wp-content\/uploads\/2018\/11\/logo-laguiadepamplona18-web1.png","width":600,"height":196,"caption":"La Gu\u00eda de Pamplona \/ Noticias"},"image":{"@id":"https:\/\/www.laguiadepamplona.com\/actualidad\/#\/schema\/logo\/image\/"},"sameAs":["https:\/\/www.facebook.com\/laguiadepamplonacom-133175176762273\/?ref=hl","https:\/\/x.com\/LaGuiadPamplona","https:\/\/www.instagram.com\/la_guia_de_pamplona\/","https:\/\/www.youtube.com\/user\/laguiadepamplona"]},{"@type":"Person","@id":"https:\/\/www.laguiadepamplona.com\/actualidad\/#\/schema\/person\/efe887376f0213d4657c93adc50b1fdb","name":"La Gu\u00eda de Pamplona","image":{"@type":"ImageObject","inLanguage":"es","@id":"https:\/\/secure.gravatar.com\/avatar\/b6992f131dc8d30ab0dff15446e9d346d9dbd95992de0fef795073f5ea83a81c?s=96&d=mm&r=g","url":"https:\/\/secure.gravatar.com\/avatar\/b6992f131dc8d30ab0dff15446e9d346d9dbd95992de0fef795073f5ea83a81c?s=96&d=mm&r=g","contentUrl":"https:\/\/secure.gravatar.com\/avatar\/b6992f131dc8d30ab0dff15446e9d346d9dbd95992de0fef795073f5ea83a81c?s=96&d=mm&r=g","caption":"La Gu\u00eda de Pamplona"}}]}},"post_mailing_queue_ids":[],"_links":{"self":[{"href":"https:\/\/www.laguiadepamplona.com\/actualidad\/wp-json\/wp\/v2\/posts\/37437","targetHints":{"allow":["GET"]}}],"collection":[{"href":"https:\/\/www.laguiadepamplona.com\/actualidad\/wp-json\/wp\/v2\/posts"}],"about":[{"href":"https:\/\/www.laguiadepamplona.com\/actualidad\/wp-json\/wp\/v2\/types\/post"}],"author":[{"embeddable":true,"href":"https:\/\/www.laguiadepamplona.com\/actualidad\/wp-json\/wp\/v2\/users\/1"}],"replies":[{"embeddable":true,"href":"https:\/\/www.laguiadepamplona.com\/actualidad\/wp-json\/wp\/v2\/comments?post=37437"}],"version-history":[{"count":0,"href":"https:\/\/www.laguiadepamplona.com\/actualidad\/wp-json\/wp\/v2\/posts\/37437\/revisions"}],"wp:featuredmedia":[{"embeddable":true,"href":"https:\/\/www.laguiadepamplona.com\/actualidad\/wp-json\/wp\/v2\/media\/37292"}],"wp:attachment":[{"href":"https:\/\/www.laguiadepamplona.com\/actualidad\/wp-json\/wp\/v2\/media?parent=37437"}],"wp:term":[{"taxonomy":"category","embeddable":true,"href":"https:\/\/www.laguiadepamplona.com\/actualidad\/wp-json\/wp\/v2\/categories?post=37437"},{"taxonomy":"post_tag","embeddable":true,"href":"https:\/\/www.laguiadepamplona.com\/actualidad\/wp-json\/wp\/v2\/tags?post=37437"}],"curies":[{"name":"wp","href":"https:\/\/api.w.org\/{rel}","templated":true}]}}