{"id":37393,"date":"2021-11-08T14:06:41","date_gmt":"2021-11-08T12:06:41","guid":{"rendered":"https:\/\/www.laguiadepamplona.com\/actualidad\/?p=37393"},"modified":"2023-04-11T11:48:47","modified_gmt":"2023-04-11T09:48:47","slug":"la-obra-ganadora-del-oscar-al-mejor-documental-se-proyecta-en-condestable-en-un-ciclo-dedicado-al-conocimiento-cientifico","status":"publish","type":"post","link":"https:\/\/www.laguiadepamplona.com\/actualidad\/la-obra-ganadora-del-oscar-al-mejor-documental-se-proyecta-en-condestable-en-un-ciclo-dedicado-al-conocimiento-cientifico\/","title":{"rendered":"La obra ganadora del \u00d3scar al mejor documental se proyecta en Condestable en un ciclo dedicado al conocimiento cient\u00edfico"},"content":{"rendered":"<h5>\u2018Mi maestro el pulpo\u2019 y otras tres obras documentales se proyectar\u00e1n gratuitamente y se comentar\u00e1n posteriormente en foros con expertos<\/h5>\n<p><!--more--><\/p>\n<p>El cine documental vuelve a la programaci\u00f3n de actividades del Equipo de Educaci\u00f3n Ambiental con una selecci\u00f3n del festival #LabMeCrazy!, iniciativa del Museo de Ciencias de la Universidad de Navarra apoyada por el Ayuntamiento de Pamplona. Se trata de una mirada actual al conocimiento cient\u00edfico a trav\u00e9s de cuatro obras a las que seguir\u00e1n sendos coloquios con expertos. Inaugura el ciclo, este martes a las siete de la tarde en Condestable la obra que consigui\u00f3 el \u00d3scar al mejor documental, \u2018Mi maestro el pulpo\u2019. Se podr\u00e1 acceder a las proyecciones de manera gratuita hasta completar los aforos de las salas del Palacio de Condestable y el Museo de Educaci\u00f3n Ambiental, donde tendr\u00e1n lugar.<\/p>\n<p><script async src=\"\/\/pagead2.googlesyndication.com\/pagead\/js\/adsbygoogle.js\"><\/script><br \/>\n<!-- Noticias La Guia de Pamplona --><br \/>\n<ins class=\"adsbygoogle\"\nstyle=\"display:block\"\ndata-ad-client=\"ca-pub-6943679897239327\"\ndata-ad-slot=\"7048180777\"\ndata-ad-format=\"auto\"><\/ins><br \/>\n<script>\n(adsbygoogle = window.adsbygoogle || []).push({});\n<\/script><\/p>\n<p>El Equipo de Educaci\u00f3n Ambiental del Ayuntamiento de Pamplona trabaja para transmitir a la ciudadan\u00eda la necesidad de apostar en la vida cotidiana por la sostenibilidad, como paso necesario para mantener la salud del medio ambiente y de las personas. En este sentido, y ante la emergencia ambiental y clim\u00e1tica actual, se hace imprescindible impulsar la creatividad y la cultura cient\u00edfica para llegar con estas ideas al mayor n\u00famero posible de p\u00fablico. Este ciclo documental y la iniciativa #LabMeCrazy! \u00a0Science Film Festival demuestran, adem\u00e1s, hasta qu\u00e9 punto la ciencia y las soluciones a la crisis ambiental son amenas, posibles y cercanas, convirti\u00e9ndose en una importante herramienta para sensibilizar a la ciudadan\u00eda de la realidad por la que atraviesa el planeta. Estas actividades de transmisi\u00f3n de conocimiento se enmarcan dentro de la iniciativa municipal \u2018Go Green Pamplona\u2019, que integra todas las medidas para la necesaria transici\u00f3n ecol\u00f3gica.<\/p>\n<p>My octopus teacher (Mi maestro el pulpo) cuenta c\u00f3mo tras a\u00f1os nadando a diario en el oc\u00e9ano helado de la punta meridional de \u00c1frica, Craig Foster encuentra un maestro inesperado: un pulpo joven que muestra una curiosidad fuera de lo com\u00fan. Se trata de una pel\u00edcula que redefine la comprensi\u00f3n que se puede alcanzar de las criaturas con las que compartimos el planeta. Se proyectar\u00e1 en versi\u00f3n original subtitulada, y tras ella tendr\u00e1 lugar un coloquio en el que participar\u00e1n el director del festival \u2018LabMeCrazy! \u00a0Science\u2019, Bienvenido Le\u00f3n, y Miriam Hern\u00e1ndez, profesora de Biolog\u00eda Ambiental de la Universidad de Navarra.<\/p>\n<p><script async src=\"\/\/pagead2.googlesyndication.com\/pagead\/js\/adsbygoogle.js\"><\/script><br \/>\n<!-- Noticias La Guia de Pamplona --><br \/>\n<ins class=\"adsbygoogle\"\nstyle=\"display:block\"\ndata-ad-client=\"ca-pub-6943679897239327\"\ndata-ad-slot=\"7048180777\"\ndata-ad-format=\"auto\"><\/ins><br \/>\n<script>\n(adsbygoogle = window.adsbygoogle || []).push({});\n<\/script><\/p>\n<p><strong>Historias cercanas e internacionales para concienciar a trav\u00e9s del lenguaje audiovisual<\/strong><\/p>\n<p>El ciclo continuar\u00e1 el jueves a las siete de la tarde en las instalaciones del Museo de Educaci\u00f3n Ambiental del Ayuntamiento de Pamplona, en la Rochapea. Se proyectar\u00e1, tambi\u00e9n en versi\u00f3n original subtitulada \u2018Human nature\u2019 (\u2018Naturaleza humana\u2019), que cuenta c\u00f3mo un avance llamado \u2018CRISPR\u2019 ha dado un control sin precedentes sobre los componentes b\u00e1sicos de la vida. Abre la puerta a curar enfermedades, remodelar la biosfera y a dise\u00f1ar a los propios hijos. Esta obra plantea cuestiones entorno a c\u00f3mo cambiar\u00e1 este nuevo poder la relaci\u00f3n del ser humano con la naturaleza, o qu\u00e9 significar\u00e1 para la evoluci\u00f3n humana. Tras la proyecci\u00f3n tendr\u00e1 lugar un coloquio con expertos.<\/p>\n<p>El documental \u2018Lurretik plazara!\u2019 (\u2018De la tierra a la plaza\u2019) muestra la forma de vida de cinco productores que hacen agricultura y ganader\u00eda ecol\u00f3gica en Tierra Estella, sus dificultades para sobrevivir con una producci\u00f3n en ecol\u00f3gico y las opciones de comercializaci\u00f3n de sus productos, con mercados como Plazara!. Agroecolog\u00eda, venta directa, canales cortos de comercializaci\u00f3n, kil\u00f3metro cero, sostenibilidad, cuidado del territorio o soberan\u00eda alimentaria son algunos de los conceptos que comparten. Se proyectar\u00e1 el martes d\u00eda 16 a partir de las siete de la tarde en el sal\u00f3n de actos del palacio del Condestable y tambi\u00e9n contar\u00e1 con un coloquio posterior con Olaia Santxez, directora del documental, y Ester Montero, de ARREA Asociaci\u00f3n Agroecol\u00f3gica .<\/p>\n<p><script async src=\"\/\/pagead2.googlesyndication.com\/pagead\/js\/adsbygoogle.js\"><\/script><br \/>\n<!-- Noticias La Guia de Pamplona --><br \/>\n<ins class=\"adsbygoogle\"\nstyle=\"display:block\"\ndata-ad-client=\"ca-pub-6943679897239327\"\ndata-ad-slot=\"7048180777\"\ndata-ad-format=\"auto\"><\/ins><br \/>\n<script>\n(adsbygoogle = window.adsbygoogle || []).push({});\n<\/script><\/p>\n<p>Por \u00faltimo, el jueves d\u00eda 18 se proyectar\u00e1 \u2018The Serengeti rules\u2019 (\u2018Las leyes de Serengueti\u2019), que narra una historia con profundas implicaciones para el destino de la vida en el planeta. A partir de 1960, un grupo de j\u00f3venes cient\u00edficos se adentraron en la naturaleza, impulsados por una curiosidad insaciable por conocer su funcionamiento. Ahora, en el ocaso de sus eminentes carreras, estos h\u00e9roes an\u00f3nimos de la ecolog\u00eda comparten sus historias. La proyecci\u00f3n, en versi\u00f3n original subtitulada, tendr\u00e1 lugar en el Museo de Educaci\u00f3n Ambiental a las siete de la tarde, y tras ella se llevar\u00e1 a cabo una mesa redonda con el director del festival, Bienvenido Le\u00f3n, y un experto en biolog\u00eda.<\/p>\n","protected":false},"excerpt":{"rendered":"<p>\u2018Mi maestro el pulpo\u2019 y otras tres obras documentales se proyectar\u00e1n gratuitamente y se comentar\u00e1n posteriormente en foros con expertos<\/p>\n","protected":false},"author":1,"featured_media":37394,"comment_status":"open","ping_status":"closed","sticky":false,"template":"","format":"standard","meta":{"footnotes":""},"categories":[2],"tags":[],"class_list":["post-37393","post","type-post","status-publish","format-standard","has-post-thumbnail","hentry","category-ayuntamiento-pamplona"],"yoast_head":"<!-- This site is optimized with the Yoast SEO plugin v27.5 - https:\/\/yoast.com\/product\/yoast-seo-wordpress\/ -->\n<title>La obra ganadora del \u00d3scar al mejor documental se proyecta en Condestable en un ciclo dedicado al conocimiento cient\u00edfico<\/title>\n<meta name=\"description\" content=\"\u2018Mi maestro el pulpo\u2019 y otras tres obras documentales se proyectar\u00e1n gratuitamente y se comentar\u00e1n posteriormente en foros con expertos\" \/>\n<meta name=\"robots\" content=\"index, follow, max-snippet:-1, max-image-preview:large, max-video-preview:-1\" \/>\n<link rel=\"canonical\" href=\"https:\/\/www.laguiadepamplona.com\/actualidad\/la-obra-ganadora-del-oscar-al-mejor-documental-se-proyecta-en-condestable-en-un-ciclo-dedicado-al-conocimiento-cientifico\/\" \/>\n<meta property=\"og:locale\" content=\"es_ES\" \/>\n<meta property=\"og:type\" content=\"article\" \/>\n<meta property=\"og:title\" content=\"La obra ganadora del \u00d3scar al mejor documental se proyecta en Condestable en un ciclo dedicado al conocimiento cient\u00edfico\" \/>\n<meta property=\"og:description\" content=\"\u2018Mi maestro el pulpo\u2019 y otras tres obras documentales se proyectar\u00e1n gratuitamente y se comentar\u00e1n posteriormente en foros con expertos\" \/>\n<meta property=\"og:url\" content=\"https:\/\/www.laguiadepamplona.com\/actualidad\/la-obra-ganadora-del-oscar-al-mejor-documental-se-proyecta-en-condestable-en-un-ciclo-dedicado-al-conocimiento-cientifico\/\" \/>\n<meta property=\"og:site_name\" content=\"La Gu\u00eda de Pamplona\" \/>\n<meta property=\"article:publisher\" content=\"https:\/\/www.facebook.com\/laguiadepamplonacom-133175176762273\/?ref=hl\" \/>\n<meta property=\"article:published_time\" content=\"2021-11-08T12:06:41+00:00\" \/>\n<meta property=\"article:modified_time\" content=\"2023-04-11T09:48:47+00:00\" \/>\n<meta property=\"og:image\" content=\"https:\/\/www.laguiadepamplona.com\/actualidad\/wp-content\/uploads\/2021\/11\/mi-maestro-el-pulpo.jpg\" \/>\n\t<meta property=\"og:image:width\" content=\"1200\" \/>\n\t<meta property=\"og:image:height\" content=\"630\" \/>\n\t<meta property=\"og:image:type\" content=\"image\/jpeg\" \/>\n<meta name=\"author\" content=\"La Gu\u00eda de Pamplona\" \/>\n<meta name=\"twitter:card\" content=\"summary_large_image\" \/>\n<meta name=\"twitter:creator\" content=\"@LaGuiadPamplona\" \/>\n<meta name=\"twitter:site\" content=\"@LaGuiadPamplona\" \/>\n<meta name=\"twitter:label1\" content=\"Escrito por\" \/>\n\t<meta name=\"twitter:data1\" content=\"La Gu\u00eda de Pamplona\" \/>\n\t<meta name=\"twitter:label2\" content=\"Tiempo de lectura\" \/>\n\t<meta name=\"twitter:data2\" content=\"4 minutos\" \/>\n<script type=\"application\/ld+json\" class=\"yoast-schema-graph\">{\"@context\":\"https:\\\/\\\/schema.org\",\"@graph\":[{\"@type\":\"Article\",\"@id\":\"https:\\\/\\\/www.laguiadepamplona.com\\\/actualidad\\\/la-obra-ganadora-del-oscar-al-mejor-documental-se-proyecta-en-condestable-en-un-ciclo-dedicado-al-conocimiento-cientifico\\\/#article\",\"isPartOf\":{\"@id\":\"https:\\\/\\\/www.laguiadepamplona.com\\\/actualidad\\\/la-obra-ganadora-del-oscar-al-mejor-documental-se-proyecta-en-condestable-en-un-ciclo-dedicado-al-conocimiento-cientifico\\\/\"},\"author\":{\"name\":\"La Gu\u00eda de Pamplona\",\"@id\":\"https:\\\/\\\/www.laguiadepamplona.com\\\/actualidad\\\/#\\\/schema\\\/person\\\/efe887376f0213d4657c93adc50b1fdb\"},\"headline\":\"La obra ganadora del \u00d3scar al mejor documental se proyecta en Condestable en un ciclo dedicado al conocimiento cient\u00edfico\",\"datePublished\":\"2021-11-08T12:06:41+00:00\",\"dateModified\":\"2023-04-11T09:48:47+00:00\",\"mainEntityOfPage\":{\"@id\":\"https:\\\/\\\/www.laguiadepamplona.com\\\/actualidad\\\/la-obra-ganadora-del-oscar-al-mejor-documental-se-proyecta-en-condestable-en-un-ciclo-dedicado-al-conocimiento-cientifico\\\/\"},\"wordCount\":811,\"commentCount\":0,\"publisher\":{\"@id\":\"https:\\\/\\\/www.laguiadepamplona.com\\\/actualidad\\\/#organization\"},\"image\":{\"@id\":\"https:\\\/\\\/www.laguiadepamplona.com\\\/actualidad\\\/la-obra-ganadora-del-oscar-al-mejor-documental-se-proyecta-en-condestable-en-un-ciclo-dedicado-al-conocimiento-cientifico\\\/#primaryimage\"},\"thumbnailUrl\":\"https:\\\/\\\/www.laguiadepamplona.com\\\/actualidad\\\/wp-content\\\/uploads\\\/2021\\\/11\\\/mi-maestro-el-pulpo.jpg\",\"articleSection\":[\"Ayto Pamplona\"],\"inLanguage\":\"es\",\"potentialAction\":[{\"@type\":\"CommentAction\",\"name\":\"Comment\",\"target\":[\"https:\\\/\\\/www.laguiadepamplona.com\\\/actualidad\\\/la-obra-ganadora-del-oscar-al-mejor-documental-se-proyecta-en-condestable-en-un-ciclo-dedicado-al-conocimiento-cientifico\\\/#respond\"]}]},{\"@type\":\"WebPage\",\"@id\":\"https:\\\/\\\/www.laguiadepamplona.com\\\/actualidad\\\/la-obra-ganadora-del-oscar-al-mejor-documental-se-proyecta-en-condestable-en-un-ciclo-dedicado-al-conocimiento-cientifico\\\/\",\"url\":\"https:\\\/\\\/www.laguiadepamplona.com\\\/actualidad\\\/la-obra-ganadora-del-oscar-al-mejor-documental-se-proyecta-en-condestable-en-un-ciclo-dedicado-al-conocimiento-cientifico\\\/\",\"name\":\"La obra ganadora del \u00d3scar al mejor documental se proyecta en Condestable en un ciclo dedicado al conocimiento cient\u00edfico\",\"isPartOf\":{\"@id\":\"https:\\\/\\\/www.laguiadepamplona.com\\\/actualidad\\\/#website\"},\"primaryImageOfPage\":{\"@id\":\"https:\\\/\\\/www.laguiadepamplona.com\\\/actualidad\\\/la-obra-ganadora-del-oscar-al-mejor-documental-se-proyecta-en-condestable-en-un-ciclo-dedicado-al-conocimiento-cientifico\\\/#primaryimage\"},\"image\":{\"@id\":\"https:\\\/\\\/www.laguiadepamplona.com\\\/actualidad\\\/la-obra-ganadora-del-oscar-al-mejor-documental-se-proyecta-en-condestable-en-un-ciclo-dedicado-al-conocimiento-cientifico\\\/#primaryimage\"},\"thumbnailUrl\":\"https:\\\/\\\/www.laguiadepamplona.com\\\/actualidad\\\/wp-content\\\/uploads\\\/2021\\\/11\\\/mi-maestro-el-pulpo.jpg\",\"datePublished\":\"2021-11-08T12:06:41+00:00\",\"dateModified\":\"2023-04-11T09:48:47+00:00\",\"description\":\"\u2018Mi maestro el pulpo\u2019 y otras tres obras documentales se proyectar\u00e1n gratuitamente y se comentar\u00e1n posteriormente en foros con expertos\",\"breadcrumb\":{\"@id\":\"https:\\\/\\\/www.laguiadepamplona.com\\\/actualidad\\\/la-obra-ganadora-del-oscar-al-mejor-documental-se-proyecta-en-condestable-en-un-ciclo-dedicado-al-conocimiento-cientifico\\\/#breadcrumb\"},\"inLanguage\":\"es\",\"potentialAction\":[{\"@type\":\"ReadAction\",\"target\":[\"https:\\\/\\\/www.laguiadepamplona.com\\\/actualidad\\\/la-obra-ganadora-del-oscar-al-mejor-documental-se-proyecta-en-condestable-en-un-ciclo-dedicado-al-conocimiento-cientifico\\\/\"]}]},{\"@type\":\"ImageObject\",\"inLanguage\":\"es\",\"@id\":\"https:\\\/\\\/www.laguiadepamplona.com\\\/actualidad\\\/la-obra-ganadora-del-oscar-al-mejor-documental-se-proyecta-en-condestable-en-un-ciclo-dedicado-al-conocimiento-cientifico\\\/#primaryimage\",\"url\":\"https:\\\/\\\/www.laguiadepamplona.com\\\/actualidad\\\/wp-content\\\/uploads\\\/2021\\\/11\\\/mi-maestro-el-pulpo.jpg\",\"contentUrl\":\"https:\\\/\\\/www.laguiadepamplona.com\\\/actualidad\\\/wp-content\\\/uploads\\\/2021\\\/11\\\/mi-maestro-el-pulpo.jpg\",\"width\":1200,\"height\":630},{\"@type\":\"BreadcrumbList\",\"@id\":\"https:\\\/\\\/www.laguiadepamplona.com\\\/actualidad\\\/la-obra-ganadora-del-oscar-al-mejor-documental-se-proyecta-en-condestable-en-un-ciclo-dedicado-al-conocimiento-cientifico\\\/#breadcrumb\",\"itemListElement\":[{\"@type\":\"ListItem\",\"position\":1,\"name\":\"Portada\",\"item\":\"https:\\\/\\\/www.laguiadepamplona.com\\\/actualidad\\\/\"},{\"@type\":\"ListItem\",\"position\":2,\"name\":\"La obra ganadora del \u00d3scar al mejor documental se proyecta en Condestable en un ciclo dedicado al conocimiento cient\u00edfico\"}]},{\"@type\":\"WebSite\",\"@id\":\"https:\\\/\\\/www.laguiadepamplona.com\\\/actualidad\\\/#website\",\"url\":\"https:\\\/\\\/www.laguiadepamplona.com\\\/actualidad\\\/\",\"name\":\"La gu\u00eda de Pamplona\",\"description\":\"Noticias de Pamplona\",\"publisher\":{\"@id\":\"https:\\\/\\\/www.laguiadepamplona.com\\\/actualidad\\\/#organization\"},\"potentialAction\":[{\"@type\":\"SearchAction\",\"target\":{\"@type\":\"EntryPoint\",\"urlTemplate\":\"https:\\\/\\\/www.laguiadepamplona.com\\\/actualidad\\\/?s={search_term_string}\"},\"query-input\":{\"@type\":\"PropertyValueSpecification\",\"valueRequired\":true,\"valueName\":\"search_term_string\"}}],\"inLanguage\":\"es\"},{\"@type\":\"Organization\",\"@id\":\"https:\\\/\\\/www.laguiadepamplona.com\\\/actualidad\\\/#organization\",\"name\":\"La Gu\u00eda de Pamplona \\\/ Noticias\",\"url\":\"https:\\\/\\\/www.laguiadepamplona.com\\\/actualidad\\\/\",\"logo\":{\"@type\":\"ImageObject\",\"inLanguage\":\"es\",\"@id\":\"https:\\\/\\\/www.laguiadepamplona.com\\\/actualidad\\\/#\\\/schema\\\/logo\\\/image\\\/\",\"url\":\"https:\\\/\\\/www.laguiadepamplona.com\\\/actualidad\\\/wp-content\\\/uploads\\\/2018\\\/11\\\/logo-laguiadepamplona18-web1.png\",\"contentUrl\":\"https:\\\/\\\/www.laguiadepamplona.com\\\/actualidad\\\/wp-content\\\/uploads\\\/2018\\\/11\\\/logo-laguiadepamplona18-web1.png\",\"width\":600,\"height\":196,\"caption\":\"La Gu\u00eda de Pamplona \\\/ Noticias\"},\"image\":{\"@id\":\"https:\\\/\\\/www.laguiadepamplona.com\\\/actualidad\\\/#\\\/schema\\\/logo\\\/image\\\/\"},\"sameAs\":[\"https:\\\/\\\/www.facebook.com\\\/laguiadepamplonacom-133175176762273\\\/?ref=hl\",\"https:\\\/\\\/x.com\\\/LaGuiadPamplona\",\"https:\\\/\\\/www.instagram.com\\\/la_guia_de_pamplona\\\/\",\"https:\\\/\\\/www.youtube.com\\\/user\\\/laguiadepamplona\"]},{\"@type\":\"Person\",\"@id\":\"https:\\\/\\\/www.laguiadepamplona.com\\\/actualidad\\\/#\\\/schema\\\/person\\\/efe887376f0213d4657c93adc50b1fdb\",\"name\":\"La Gu\u00eda de Pamplona\",\"image\":{\"@type\":\"ImageObject\",\"inLanguage\":\"es\",\"@id\":\"https:\\\/\\\/secure.gravatar.com\\\/avatar\\\/b6992f131dc8d30ab0dff15446e9d346d9dbd95992de0fef795073f5ea83a81c?s=96&d=mm&r=g\",\"url\":\"https:\\\/\\\/secure.gravatar.com\\\/avatar\\\/b6992f131dc8d30ab0dff15446e9d346d9dbd95992de0fef795073f5ea83a81c?s=96&d=mm&r=g\",\"contentUrl\":\"https:\\\/\\\/secure.gravatar.com\\\/avatar\\\/b6992f131dc8d30ab0dff15446e9d346d9dbd95992de0fef795073f5ea83a81c?s=96&d=mm&r=g\",\"caption\":\"La Gu\u00eda de Pamplona\"}}]}<\/script>\n<!-- \/ Yoast SEO plugin. -->","yoast_head_json":{"title":"La obra ganadora del \u00d3scar al mejor documental se proyecta en Condestable en un ciclo dedicado al conocimiento cient\u00edfico","description":"\u2018Mi maestro el pulpo\u2019 y otras tres obras documentales se proyectar\u00e1n gratuitamente y se comentar\u00e1n posteriormente en foros con expertos","robots":{"index":"index","follow":"follow","max-snippet":"max-snippet:-1","max-image-preview":"max-image-preview:large","max-video-preview":"max-video-preview:-1"},"canonical":"https:\/\/www.laguiadepamplona.com\/actualidad\/la-obra-ganadora-del-oscar-al-mejor-documental-se-proyecta-en-condestable-en-un-ciclo-dedicado-al-conocimiento-cientifico\/","og_locale":"es_ES","og_type":"article","og_title":"La obra ganadora del \u00d3scar al mejor documental se proyecta en Condestable en un ciclo dedicado al conocimiento cient\u00edfico","og_description":"\u2018Mi maestro el pulpo\u2019 y otras tres obras documentales se proyectar\u00e1n gratuitamente y se comentar\u00e1n posteriormente en foros con expertos","og_url":"https:\/\/www.laguiadepamplona.com\/actualidad\/la-obra-ganadora-del-oscar-al-mejor-documental-se-proyecta-en-condestable-en-un-ciclo-dedicado-al-conocimiento-cientifico\/","og_site_name":"La Gu\u00eda de Pamplona","article_publisher":"https:\/\/www.facebook.com\/laguiadepamplonacom-133175176762273\/?ref=hl","article_published_time":"2021-11-08T12:06:41+00:00","article_modified_time":"2023-04-11T09:48:47+00:00","og_image":[{"width":1200,"height":630,"url":"https:\/\/www.laguiadepamplona.com\/actualidad\/wp-content\/uploads\/2021\/11\/mi-maestro-el-pulpo.jpg","type":"image\/jpeg"}],"author":"La Gu\u00eda de Pamplona","twitter_card":"summary_large_image","twitter_creator":"@LaGuiadPamplona","twitter_site":"@LaGuiadPamplona","twitter_misc":{"Escrito por":"La Gu\u00eda de Pamplona","Tiempo de lectura":"4 minutos"},"schema":{"@context":"https:\/\/schema.org","@graph":[{"@type":"Article","@id":"https:\/\/www.laguiadepamplona.com\/actualidad\/la-obra-ganadora-del-oscar-al-mejor-documental-se-proyecta-en-condestable-en-un-ciclo-dedicado-al-conocimiento-cientifico\/#article","isPartOf":{"@id":"https:\/\/www.laguiadepamplona.com\/actualidad\/la-obra-ganadora-del-oscar-al-mejor-documental-se-proyecta-en-condestable-en-un-ciclo-dedicado-al-conocimiento-cientifico\/"},"author":{"name":"La Gu\u00eda de Pamplona","@id":"https:\/\/www.laguiadepamplona.com\/actualidad\/#\/schema\/person\/efe887376f0213d4657c93adc50b1fdb"},"headline":"La obra ganadora del \u00d3scar al mejor documental se proyecta en Condestable en un ciclo dedicado al conocimiento cient\u00edfico","datePublished":"2021-11-08T12:06:41+00:00","dateModified":"2023-04-11T09:48:47+00:00","mainEntityOfPage":{"@id":"https:\/\/www.laguiadepamplona.com\/actualidad\/la-obra-ganadora-del-oscar-al-mejor-documental-se-proyecta-en-condestable-en-un-ciclo-dedicado-al-conocimiento-cientifico\/"},"wordCount":811,"commentCount":0,"publisher":{"@id":"https:\/\/www.laguiadepamplona.com\/actualidad\/#organization"},"image":{"@id":"https:\/\/www.laguiadepamplona.com\/actualidad\/la-obra-ganadora-del-oscar-al-mejor-documental-se-proyecta-en-condestable-en-un-ciclo-dedicado-al-conocimiento-cientifico\/#primaryimage"},"thumbnailUrl":"https:\/\/www.laguiadepamplona.com\/actualidad\/wp-content\/uploads\/2021\/11\/mi-maestro-el-pulpo.jpg","articleSection":["Ayto Pamplona"],"inLanguage":"es","potentialAction":[{"@type":"CommentAction","name":"Comment","target":["https:\/\/www.laguiadepamplona.com\/actualidad\/la-obra-ganadora-del-oscar-al-mejor-documental-se-proyecta-en-condestable-en-un-ciclo-dedicado-al-conocimiento-cientifico\/#respond"]}]},{"@type":"WebPage","@id":"https:\/\/www.laguiadepamplona.com\/actualidad\/la-obra-ganadora-del-oscar-al-mejor-documental-se-proyecta-en-condestable-en-un-ciclo-dedicado-al-conocimiento-cientifico\/","url":"https:\/\/www.laguiadepamplona.com\/actualidad\/la-obra-ganadora-del-oscar-al-mejor-documental-se-proyecta-en-condestable-en-un-ciclo-dedicado-al-conocimiento-cientifico\/","name":"La obra ganadora del \u00d3scar al mejor documental se proyecta en Condestable en un ciclo dedicado al conocimiento cient\u00edfico","isPartOf":{"@id":"https:\/\/www.laguiadepamplona.com\/actualidad\/#website"},"primaryImageOfPage":{"@id":"https:\/\/www.laguiadepamplona.com\/actualidad\/la-obra-ganadora-del-oscar-al-mejor-documental-se-proyecta-en-condestable-en-un-ciclo-dedicado-al-conocimiento-cientifico\/#primaryimage"},"image":{"@id":"https:\/\/www.laguiadepamplona.com\/actualidad\/la-obra-ganadora-del-oscar-al-mejor-documental-se-proyecta-en-condestable-en-un-ciclo-dedicado-al-conocimiento-cientifico\/#primaryimage"},"thumbnailUrl":"https:\/\/www.laguiadepamplona.com\/actualidad\/wp-content\/uploads\/2021\/11\/mi-maestro-el-pulpo.jpg","datePublished":"2021-11-08T12:06:41+00:00","dateModified":"2023-04-11T09:48:47+00:00","description":"\u2018Mi maestro el pulpo\u2019 y otras tres obras documentales se proyectar\u00e1n gratuitamente y se comentar\u00e1n posteriormente en foros con expertos","breadcrumb":{"@id":"https:\/\/www.laguiadepamplona.com\/actualidad\/la-obra-ganadora-del-oscar-al-mejor-documental-se-proyecta-en-condestable-en-un-ciclo-dedicado-al-conocimiento-cientifico\/#breadcrumb"},"inLanguage":"es","potentialAction":[{"@type":"ReadAction","target":["https:\/\/www.laguiadepamplona.com\/actualidad\/la-obra-ganadora-del-oscar-al-mejor-documental-se-proyecta-en-condestable-en-un-ciclo-dedicado-al-conocimiento-cientifico\/"]}]},{"@type":"ImageObject","inLanguage":"es","@id":"https:\/\/www.laguiadepamplona.com\/actualidad\/la-obra-ganadora-del-oscar-al-mejor-documental-se-proyecta-en-condestable-en-un-ciclo-dedicado-al-conocimiento-cientifico\/#primaryimage","url":"https:\/\/www.laguiadepamplona.com\/actualidad\/wp-content\/uploads\/2021\/11\/mi-maestro-el-pulpo.jpg","contentUrl":"https:\/\/www.laguiadepamplona.com\/actualidad\/wp-content\/uploads\/2021\/11\/mi-maestro-el-pulpo.jpg","width":1200,"height":630},{"@type":"BreadcrumbList","@id":"https:\/\/www.laguiadepamplona.com\/actualidad\/la-obra-ganadora-del-oscar-al-mejor-documental-se-proyecta-en-condestable-en-un-ciclo-dedicado-al-conocimiento-cientifico\/#breadcrumb","itemListElement":[{"@type":"ListItem","position":1,"name":"Portada","item":"https:\/\/www.laguiadepamplona.com\/actualidad\/"},{"@type":"ListItem","position":2,"name":"La obra ganadora del \u00d3scar al mejor documental se proyecta en Condestable en un ciclo dedicado al conocimiento cient\u00edfico"}]},{"@type":"WebSite","@id":"https:\/\/www.laguiadepamplona.com\/actualidad\/#website","url":"https:\/\/www.laguiadepamplona.com\/actualidad\/","name":"La gu\u00eda de Pamplona","description":"Noticias de Pamplona","publisher":{"@id":"https:\/\/www.laguiadepamplona.com\/actualidad\/#organization"},"potentialAction":[{"@type":"SearchAction","target":{"@type":"EntryPoint","urlTemplate":"https:\/\/www.laguiadepamplona.com\/actualidad\/?s={search_term_string}"},"query-input":{"@type":"PropertyValueSpecification","valueRequired":true,"valueName":"search_term_string"}}],"inLanguage":"es"},{"@type":"Organization","@id":"https:\/\/www.laguiadepamplona.com\/actualidad\/#organization","name":"La Gu\u00eda de Pamplona \/ Noticias","url":"https:\/\/www.laguiadepamplona.com\/actualidad\/","logo":{"@type":"ImageObject","inLanguage":"es","@id":"https:\/\/www.laguiadepamplona.com\/actualidad\/#\/schema\/logo\/image\/","url":"https:\/\/www.laguiadepamplona.com\/actualidad\/wp-content\/uploads\/2018\/11\/logo-laguiadepamplona18-web1.png","contentUrl":"https:\/\/www.laguiadepamplona.com\/actualidad\/wp-content\/uploads\/2018\/11\/logo-laguiadepamplona18-web1.png","width":600,"height":196,"caption":"La Gu\u00eda de Pamplona \/ Noticias"},"image":{"@id":"https:\/\/www.laguiadepamplona.com\/actualidad\/#\/schema\/logo\/image\/"},"sameAs":["https:\/\/www.facebook.com\/laguiadepamplonacom-133175176762273\/?ref=hl","https:\/\/x.com\/LaGuiadPamplona","https:\/\/www.instagram.com\/la_guia_de_pamplona\/","https:\/\/www.youtube.com\/user\/laguiadepamplona"]},{"@type":"Person","@id":"https:\/\/www.laguiadepamplona.com\/actualidad\/#\/schema\/person\/efe887376f0213d4657c93adc50b1fdb","name":"La Gu\u00eda de Pamplona","image":{"@type":"ImageObject","inLanguage":"es","@id":"https:\/\/secure.gravatar.com\/avatar\/b6992f131dc8d30ab0dff15446e9d346d9dbd95992de0fef795073f5ea83a81c?s=96&d=mm&r=g","url":"https:\/\/secure.gravatar.com\/avatar\/b6992f131dc8d30ab0dff15446e9d346d9dbd95992de0fef795073f5ea83a81c?s=96&d=mm&r=g","contentUrl":"https:\/\/secure.gravatar.com\/avatar\/b6992f131dc8d30ab0dff15446e9d346d9dbd95992de0fef795073f5ea83a81c?s=96&d=mm&r=g","caption":"La Gu\u00eda de Pamplona"}}]}},"post_mailing_queue_ids":[],"_links":{"self":[{"href":"https:\/\/www.laguiadepamplona.com\/actualidad\/wp-json\/wp\/v2\/posts\/37393","targetHints":{"allow":["GET"]}}],"collection":[{"href":"https:\/\/www.laguiadepamplona.com\/actualidad\/wp-json\/wp\/v2\/posts"}],"about":[{"href":"https:\/\/www.laguiadepamplona.com\/actualidad\/wp-json\/wp\/v2\/types\/post"}],"author":[{"embeddable":true,"href":"https:\/\/www.laguiadepamplona.com\/actualidad\/wp-json\/wp\/v2\/users\/1"}],"replies":[{"embeddable":true,"href":"https:\/\/www.laguiadepamplona.com\/actualidad\/wp-json\/wp\/v2\/comments?post=37393"}],"version-history":[{"count":0,"href":"https:\/\/www.laguiadepamplona.com\/actualidad\/wp-json\/wp\/v2\/posts\/37393\/revisions"}],"wp:featuredmedia":[{"embeddable":true,"href":"https:\/\/www.laguiadepamplona.com\/actualidad\/wp-json\/wp\/v2\/media\/37394"}],"wp:attachment":[{"href":"https:\/\/www.laguiadepamplona.com\/actualidad\/wp-json\/wp\/v2\/media?parent=37393"}],"wp:term":[{"taxonomy":"category","embeddable":true,"href":"https:\/\/www.laguiadepamplona.com\/actualidad\/wp-json\/wp\/v2\/categories?post=37393"},{"taxonomy":"post_tag","embeddable":true,"href":"https:\/\/www.laguiadepamplona.com\/actualidad\/wp-json\/wp\/v2\/tags?post=37393"}],"curies":[{"name":"wp","href":"https:\/\/api.w.org\/{rel}","templated":true}]}}