{"id":37380,"date":"2021-11-05T14:17:23","date_gmt":"2021-11-05T12:17:23","guid":{"rendered":"https:\/\/www.laguiadepamplona.com\/actualidad\/?p=37380"},"modified":"2023-04-11T11:48:48","modified_gmt":"2023-04-11T09:48:48","slug":"los-gaiteros-y-txistularis-de-pamplona-retoman-los-domingos-del-mes-de-noviembre-sus-tradicionales-dianas-matinales-por-distintos-barrios-de-la-ciudad","status":"publish","type":"post","link":"https:\/\/www.laguiadepamplona.com\/actualidad\/los-gaiteros-y-txistularis-de-pamplona-retoman-los-domingos-del-mes-de-noviembre-sus-tradicionales-dianas-matinales-por-distintos-barrios-de-la-ciudad\/","title":{"rendered":"Los gaiteros y txistularis de Pamplona retoman los domingos del mes de noviembre sus tradicionales dianas matinales por distintos barrios de la ciudad"},"content":{"rendered":"<h5>Tras a\u00f1o y medio sin dianas por las restricciones sanitarias derivadas de la COVID, saldr\u00e1n los d\u00edas 7, 14, 21 y 28 de noviembre, de 9 a 10 horas<\/h5>\n<p><!--more--><\/p>\n<p>Las tradicionales dianas matinales de los domingos, a cargo de los txistularis y gaiteros de Pamplona, vuelven a las calles de la ciudad durante este mes de noviembre. Los d\u00edas 7, 14, 21 y 28 de noviembre, y tras casi un a\u00f1o y medio sin salir debido a las restricciones provocadas por la pandemia de la COVID-19, la m\u00fasica del txistu y la gaita retorna a las ma\u00f1anas oto\u00f1ales, con el a\u00f1adido adem\u00e1s de que sonar\u00e1 por diferentes barrios de Pamplona.<\/p>\n<p>Este domingo tanto gaiteros como txistularis recorrer\u00e1n las calles del Casco Antiguo, con salida y llegada ambos a la Plaza Consistorial. Los txistularis transitar\u00e1n por Mercaderes, Estafeta, Duque de Ahumada, Carlos III, paseo Sarasate, Comedias, Plaza Castillo, Chapitela y vuelta al Ayuntamiento; mientras que los gaiteros tocar\u00e1n Zapater\u00eda, San Ant\u00f3n, paseo de Arazuri, calle Mayor y, de nuevo, a la Plaza Consistorial.<\/p>\n<p><script async src=\"\/\/pagead2.googlesyndication.com\/pagead\/js\/adsbygoogle.js\"><\/script><br \/>\n<!-- Noticias La Guia de Pamplona --><br \/>\n<ins class=\"adsbygoogle\"\nstyle=\"display:block\"\ndata-ad-client=\"ca-pub-6943679897239327\"\ndata-ad-slot=\"7048180777\"\ndata-ad-format=\"auto\"><\/ins><br \/>\n<script>\n(adsbygoogle = window.adsbygoogle || []).push({});\n<\/script><\/p>\n<p>Ser\u00e1 a partir de la pr\u00f3xima semana cuando ambos grupos se trasladen a diferentes barrios de la ciudad. El domingo 14 de noviembre los txistularis estar\u00e1n en San Juan y los gaiteros en Azpilaga\u00f1a; el 21 de noviembre, visita de los txistularis a la Txantrea y de los gaiteros a Etxabakoitz; y, por \u00faltimo, el 28 de noviembre, dianas con los txistularis en Iturrama y con los gaiteros en Buztintxuri. Todas las dianas tendr\u00e1n el mismo horario, de 9 a 10 de la ma\u00f1ana, con una hora de m\u00fasica en recorrido por las calles de la ciudad.<\/p>\n<p>Estas actuaciones se enmarcan en sendos contratos que tanto la asociaci\u00f3n Gaiteros de Pamplona \u2013 Iru\u00f1eko Gaiteroak como la asociaci\u00f3n Iruinako Txistulari Taldea \u2013 Banda de Txistularis de Pamplona tienen firmados con el Ayuntamiento. En \u00e9l, se recoge la celebraci\u00f3n en torno a 34 dianas entre noviembre y junio con la interpretaci\u00f3n de piezas musicales por las calles de Pamplona la ma\u00f1ana del s\u00e1bado o domingo.<br \/>\n<script async src=\"\/\/pagead2.googlesyndication.com\/pagead\/js\/adsbygoogle.js\"><\/script><br \/>\n<!-- Noticias La Guia de Pamplona --><br \/>\n<ins class=\"adsbygoogle\"\nstyle=\"display:block\"\ndata-ad-client=\"ca-pub-6943679897239327\"\ndata-ad-slot=\"7048180777\"\ndata-ad-format=\"auto\"><\/ins><br \/>\n<script>\n(adsbygoogle = window.adsbygoogle || []).push({});\n<\/script><\/p>\n<p>&nbsp;<\/p>\n<h3>Dianas<\/h3>\n<ul>\n<li><strong><u>Domingo<\/u><\/strong><strong> 7 de noviembre, de 9 a 10 horas<\/strong>\n<ul>\n<li>Txistularis: Casco Viejo. Plaza Consistorial, Mercaderes, Estafeta, Duque de Ahumada, Carlos III, paseo Sarasate, Comedias, subida a la Plaza Castillo, Chapitela, Mercaderes y Plaza Consistorial<\/li>\n<li>Gaiteros: Casco Viejo. Plaza del Ayuntamiento, Zapater\u00eda, San Ant\u00f3n, paseo de Arazuri, calle Mayor y vuelta a Plaza Consistorial<\/li>\n<\/ul>\n<\/li>\n<li><strong><u>Domingo<\/u><\/strong><strong> 14 noviembre, de 9 a 10 horas<\/strong>\n<ul>\n<li>Txistularis: San Juan<\/li>\n<li>Gaiteros: Azpilaga\u00f1a<\/li>\n<\/ul>\n<\/li>\n<li><strong><u>Domingo<\/u><\/strong><strong> 21 de noviembre, de 9 a 10 horas<\/strong>\n<ul>\n<li>Txistularis: Txantrea<\/li>\n<li>Gaiteros: Etxabakoiz<\/li>\n<\/ul>\n<\/li>\n<li><strong><u>Domingo<\/u><\/strong><strong> 28 de noviembre, de 9 a 10 horas<\/strong>\n<ul>\n<li>Txistularis: Iturrama<\/li>\n<li>Gaiteros: Buztintxuri<\/li>\n<\/ul>\n<\/li>\n<\/ul>\n","protected":false},"excerpt":{"rendered":"<p>Tras a\u00f1o y medio sin dianas por las restricciones sanitarias derivadas de la COVID, saldr\u00e1n los d\u00edas 7, 14, 21 y 28 de noviembre, de 9 a 10 horas<\/p>\n","protected":false},"author":1,"featured_media":36215,"comment_status":"open","ping_status":"closed","sticky":false,"template":"","format":"standard","meta":{"footnotes":""},"categories":[2],"tags":[],"class_list":["post-37380","post","type-post","status-publish","format-standard","has-post-thumbnail","hentry","category-ayuntamiento-pamplona"],"yoast_head":"<!-- This site is optimized with the Yoast SEO plugin v27.5 - https:\/\/yoast.com\/product\/yoast-seo-wordpress\/ -->\n<title>Los gaiteros y txistularis de Pamplona retoman los domingos del mes de noviembre sus tradicionales dianas matinales por distintos barrios de la ciudad<\/title>\n<meta name=\"description\" content=\"Tras a\u00f1o y medio sin dianas por las restricciones sanitarias derivadas de la COVID, saldr\u00e1n los d\u00edas 7, 14, 21 y 28 de noviembre, de 9 a 10 horas\" \/>\n<meta name=\"robots\" content=\"index, follow, max-snippet:-1, max-image-preview:large, max-video-preview:-1\" \/>\n<link rel=\"canonical\" href=\"https:\/\/www.laguiadepamplona.com\/actualidad\/los-gaiteros-y-txistularis-de-pamplona-retoman-los-domingos-del-mes-de-noviembre-sus-tradicionales-dianas-matinales-por-distintos-barrios-de-la-ciudad\/\" \/>\n<meta property=\"og:locale\" content=\"es_ES\" \/>\n<meta property=\"og:type\" content=\"article\" \/>\n<meta property=\"og:title\" content=\"Los gaiteros y txistularis de Pamplona retoman los domingos del mes de noviembre sus tradicionales dianas matinales por distintos barrios de la ciudad\" \/>\n<meta property=\"og:description\" content=\"Tras a\u00f1o y medio sin dianas por las restricciones sanitarias derivadas de la COVID, saldr\u00e1n los d\u00edas 7, 14, 21 y 28 de noviembre, de 9 a 10 horas\" \/>\n<meta property=\"og:url\" content=\"https:\/\/www.laguiadepamplona.com\/actualidad\/los-gaiteros-y-txistularis-de-pamplona-retoman-los-domingos-del-mes-de-noviembre-sus-tradicionales-dianas-matinales-por-distintos-barrios-de-la-ciudad\/\" \/>\n<meta property=\"og:site_name\" content=\"La Gu\u00eda de Pamplona\" \/>\n<meta property=\"article:publisher\" content=\"https:\/\/www.facebook.com\/laguiadepamplonacom-133175176762273\/?ref=hl\" \/>\n<meta property=\"article:published_time\" content=\"2021-11-05T12:17:23+00:00\" \/>\n<meta property=\"article:modified_time\" content=\"2023-04-11T09:48:48+00:00\" \/>\n<meta property=\"og:image\" content=\"https:\/\/www.laguiadepamplona.com\/actualidad\/wp-content\/uploads\/2021\/08\/BAILABLES-PLZA-CASTILLO_EE5A8979.jpg\" \/>\n\t<meta property=\"og:image:width\" content=\"1920\" \/>\n\t<meta property=\"og:image:height\" content=\"1280\" \/>\n\t<meta property=\"og:image:type\" content=\"image\/jpeg\" \/>\n<meta name=\"author\" content=\"La Gu\u00eda de Pamplona\" \/>\n<meta name=\"twitter:card\" content=\"summary_large_image\" \/>\n<meta name=\"twitter:creator\" content=\"@LaGuiadPamplona\" \/>\n<meta name=\"twitter:site\" content=\"@LaGuiadPamplona\" \/>\n<meta name=\"twitter:label1\" content=\"Escrito por\" \/>\n\t<meta name=\"twitter:data1\" content=\"La Gu\u00eda de Pamplona\" \/>\n\t<meta name=\"twitter:label2\" content=\"Tiempo de lectura\" \/>\n\t<meta name=\"twitter:data2\" content=\"2 minutos\" \/>\n<script type=\"application\/ld+json\" class=\"yoast-schema-graph\">{\"@context\":\"https:\\\/\\\/schema.org\",\"@graph\":[{\"@type\":\"Article\",\"@id\":\"https:\\\/\\\/www.laguiadepamplona.com\\\/actualidad\\\/los-gaiteros-y-txistularis-de-pamplona-retoman-los-domingos-del-mes-de-noviembre-sus-tradicionales-dianas-matinales-por-distintos-barrios-de-la-ciudad\\\/#article\",\"isPartOf\":{\"@id\":\"https:\\\/\\\/www.laguiadepamplona.com\\\/actualidad\\\/los-gaiteros-y-txistularis-de-pamplona-retoman-los-domingos-del-mes-de-noviembre-sus-tradicionales-dianas-matinales-por-distintos-barrios-de-la-ciudad\\\/\"},\"author\":{\"name\":\"La Gu\u00eda de Pamplona\",\"@id\":\"https:\\\/\\\/www.laguiadepamplona.com\\\/actualidad\\\/#\\\/schema\\\/person\\\/efe887376f0213d4657c93adc50b1fdb\"},\"headline\":\"Los gaiteros y txistularis de Pamplona retoman los domingos del mes de noviembre sus tradicionales dianas matinales por distintos barrios de la ciudad\",\"datePublished\":\"2021-11-05T12:17:23+00:00\",\"dateModified\":\"2023-04-11T09:48:48+00:00\",\"mainEntityOfPage\":{\"@id\":\"https:\\\/\\\/www.laguiadepamplona.com\\\/actualidad\\\/los-gaiteros-y-txistularis-de-pamplona-retoman-los-domingos-del-mes-de-noviembre-sus-tradicionales-dianas-matinales-por-distintos-barrios-de-la-ciudad\\\/\"},\"wordCount\":453,\"commentCount\":0,\"publisher\":{\"@id\":\"https:\\\/\\\/www.laguiadepamplona.com\\\/actualidad\\\/#organization\"},\"image\":{\"@id\":\"https:\\\/\\\/www.laguiadepamplona.com\\\/actualidad\\\/los-gaiteros-y-txistularis-de-pamplona-retoman-los-domingos-del-mes-de-noviembre-sus-tradicionales-dianas-matinales-por-distintos-barrios-de-la-ciudad\\\/#primaryimage\"},\"thumbnailUrl\":\"https:\\\/\\\/www.laguiadepamplona.com\\\/actualidad\\\/wp-content\\\/uploads\\\/2021\\\/08\\\/BAILABLES-PLZA-CASTILLO_EE5A8979.jpg\",\"articleSection\":[\"Ayto Pamplona\"],\"inLanguage\":\"es\",\"potentialAction\":[{\"@type\":\"CommentAction\",\"name\":\"Comment\",\"target\":[\"https:\\\/\\\/www.laguiadepamplona.com\\\/actualidad\\\/los-gaiteros-y-txistularis-de-pamplona-retoman-los-domingos-del-mes-de-noviembre-sus-tradicionales-dianas-matinales-por-distintos-barrios-de-la-ciudad\\\/#respond\"]}]},{\"@type\":\"WebPage\",\"@id\":\"https:\\\/\\\/www.laguiadepamplona.com\\\/actualidad\\\/los-gaiteros-y-txistularis-de-pamplona-retoman-los-domingos-del-mes-de-noviembre-sus-tradicionales-dianas-matinales-por-distintos-barrios-de-la-ciudad\\\/\",\"url\":\"https:\\\/\\\/www.laguiadepamplona.com\\\/actualidad\\\/los-gaiteros-y-txistularis-de-pamplona-retoman-los-domingos-del-mes-de-noviembre-sus-tradicionales-dianas-matinales-por-distintos-barrios-de-la-ciudad\\\/\",\"name\":\"Los gaiteros y txistularis de Pamplona retoman los domingos del mes de noviembre sus tradicionales dianas matinales por distintos barrios de la ciudad\",\"isPartOf\":{\"@id\":\"https:\\\/\\\/www.laguiadepamplona.com\\\/actualidad\\\/#website\"},\"primaryImageOfPage\":{\"@id\":\"https:\\\/\\\/www.laguiadepamplona.com\\\/actualidad\\\/los-gaiteros-y-txistularis-de-pamplona-retoman-los-domingos-del-mes-de-noviembre-sus-tradicionales-dianas-matinales-por-distintos-barrios-de-la-ciudad\\\/#primaryimage\"},\"image\":{\"@id\":\"https:\\\/\\\/www.laguiadepamplona.com\\\/actualidad\\\/los-gaiteros-y-txistularis-de-pamplona-retoman-los-domingos-del-mes-de-noviembre-sus-tradicionales-dianas-matinales-por-distintos-barrios-de-la-ciudad\\\/#primaryimage\"},\"thumbnailUrl\":\"https:\\\/\\\/www.laguiadepamplona.com\\\/actualidad\\\/wp-content\\\/uploads\\\/2021\\\/08\\\/BAILABLES-PLZA-CASTILLO_EE5A8979.jpg\",\"datePublished\":\"2021-11-05T12:17:23+00:00\",\"dateModified\":\"2023-04-11T09:48:48+00:00\",\"description\":\"Tras a\u00f1o y medio sin dianas por las restricciones sanitarias derivadas de la COVID, saldr\u00e1n los d\u00edas 7, 14, 21 y 28 de noviembre, de 9 a 10 horas\",\"breadcrumb\":{\"@id\":\"https:\\\/\\\/www.laguiadepamplona.com\\\/actualidad\\\/los-gaiteros-y-txistularis-de-pamplona-retoman-los-domingos-del-mes-de-noviembre-sus-tradicionales-dianas-matinales-por-distintos-barrios-de-la-ciudad\\\/#breadcrumb\"},\"inLanguage\":\"es\",\"potentialAction\":[{\"@type\":\"ReadAction\",\"target\":[\"https:\\\/\\\/www.laguiadepamplona.com\\\/actualidad\\\/los-gaiteros-y-txistularis-de-pamplona-retoman-los-domingos-del-mes-de-noviembre-sus-tradicionales-dianas-matinales-por-distintos-barrios-de-la-ciudad\\\/\"]}]},{\"@type\":\"ImageObject\",\"inLanguage\":\"es\",\"@id\":\"https:\\\/\\\/www.laguiadepamplona.com\\\/actualidad\\\/los-gaiteros-y-txistularis-de-pamplona-retoman-los-domingos-del-mes-de-noviembre-sus-tradicionales-dianas-matinales-por-distintos-barrios-de-la-ciudad\\\/#primaryimage\",\"url\":\"https:\\\/\\\/www.laguiadepamplona.com\\\/actualidad\\\/wp-content\\\/uploads\\\/2021\\\/08\\\/BAILABLES-PLZA-CASTILLO_EE5A8979.jpg\",\"contentUrl\":\"https:\\\/\\\/www.laguiadepamplona.com\\\/actualidad\\\/wp-content\\\/uploads\\\/2021\\\/08\\\/BAILABLES-PLZA-CASTILLO_EE5A8979.jpg\",\"width\":1920,\"height\":1280,\"caption\":\"bailables\"},{\"@type\":\"BreadcrumbList\",\"@id\":\"https:\\\/\\\/www.laguiadepamplona.com\\\/actualidad\\\/los-gaiteros-y-txistularis-de-pamplona-retoman-los-domingos-del-mes-de-noviembre-sus-tradicionales-dianas-matinales-por-distintos-barrios-de-la-ciudad\\\/#breadcrumb\",\"itemListElement\":[{\"@type\":\"ListItem\",\"position\":1,\"name\":\"Portada\",\"item\":\"https:\\\/\\\/www.laguiadepamplona.com\\\/actualidad\\\/\"},{\"@type\":\"ListItem\",\"position\":2,\"name\":\"Los gaiteros y txistularis de Pamplona retoman los domingos del mes de noviembre sus tradicionales dianas matinales por distintos barrios de la ciudad\"}]},{\"@type\":\"WebSite\",\"@id\":\"https:\\\/\\\/www.laguiadepamplona.com\\\/actualidad\\\/#website\",\"url\":\"https:\\\/\\\/www.laguiadepamplona.com\\\/actualidad\\\/\",\"name\":\"La gu\u00eda de Pamplona\",\"description\":\"Noticias de Pamplona\",\"publisher\":{\"@id\":\"https:\\\/\\\/www.laguiadepamplona.com\\\/actualidad\\\/#organization\"},\"potentialAction\":[{\"@type\":\"SearchAction\",\"target\":{\"@type\":\"EntryPoint\",\"urlTemplate\":\"https:\\\/\\\/www.laguiadepamplona.com\\\/actualidad\\\/?s={search_term_string}\"},\"query-input\":{\"@type\":\"PropertyValueSpecification\",\"valueRequired\":true,\"valueName\":\"search_term_string\"}}],\"inLanguage\":\"es\"},{\"@type\":\"Organization\",\"@id\":\"https:\\\/\\\/www.laguiadepamplona.com\\\/actualidad\\\/#organization\",\"name\":\"La Gu\u00eda de Pamplona \\\/ Noticias\",\"url\":\"https:\\\/\\\/www.laguiadepamplona.com\\\/actualidad\\\/\",\"logo\":{\"@type\":\"ImageObject\",\"inLanguage\":\"es\",\"@id\":\"https:\\\/\\\/www.laguiadepamplona.com\\\/actualidad\\\/#\\\/schema\\\/logo\\\/image\\\/\",\"url\":\"https:\\\/\\\/www.laguiadepamplona.com\\\/actualidad\\\/wp-content\\\/uploads\\\/2018\\\/11\\\/logo-laguiadepamplona18-web1.png\",\"contentUrl\":\"https:\\\/\\\/www.laguiadepamplona.com\\\/actualidad\\\/wp-content\\\/uploads\\\/2018\\\/11\\\/logo-laguiadepamplona18-web1.png\",\"width\":600,\"height\":196,\"caption\":\"La Gu\u00eda de Pamplona \\\/ Noticias\"},\"image\":{\"@id\":\"https:\\\/\\\/www.laguiadepamplona.com\\\/actualidad\\\/#\\\/schema\\\/logo\\\/image\\\/\"},\"sameAs\":[\"https:\\\/\\\/www.facebook.com\\\/laguiadepamplonacom-133175176762273\\\/?ref=hl\",\"https:\\\/\\\/x.com\\\/LaGuiadPamplona\",\"https:\\\/\\\/www.instagram.com\\\/la_guia_de_pamplona\\\/\",\"https:\\\/\\\/www.youtube.com\\\/user\\\/laguiadepamplona\"]},{\"@type\":\"Person\",\"@id\":\"https:\\\/\\\/www.laguiadepamplona.com\\\/actualidad\\\/#\\\/schema\\\/person\\\/efe887376f0213d4657c93adc50b1fdb\",\"name\":\"La Gu\u00eda de Pamplona\",\"image\":{\"@type\":\"ImageObject\",\"inLanguage\":\"es\",\"@id\":\"https:\\\/\\\/secure.gravatar.com\\\/avatar\\\/b6992f131dc8d30ab0dff15446e9d346d9dbd95992de0fef795073f5ea83a81c?s=96&d=mm&r=g\",\"url\":\"https:\\\/\\\/secure.gravatar.com\\\/avatar\\\/b6992f131dc8d30ab0dff15446e9d346d9dbd95992de0fef795073f5ea83a81c?s=96&d=mm&r=g\",\"contentUrl\":\"https:\\\/\\\/secure.gravatar.com\\\/avatar\\\/b6992f131dc8d30ab0dff15446e9d346d9dbd95992de0fef795073f5ea83a81c?s=96&d=mm&r=g\",\"caption\":\"La Gu\u00eda de Pamplona\"}}]}<\/script>\n<!-- \/ Yoast SEO plugin. -->","yoast_head_json":{"title":"Los gaiteros y txistularis de Pamplona retoman los domingos del mes de noviembre sus tradicionales dianas matinales por distintos barrios de la ciudad","description":"Tras a\u00f1o y medio sin dianas por las restricciones sanitarias derivadas de la COVID, saldr\u00e1n los d\u00edas 7, 14, 21 y 28 de noviembre, de 9 a 10 horas","robots":{"index":"index","follow":"follow","max-snippet":"max-snippet:-1","max-image-preview":"max-image-preview:large","max-video-preview":"max-video-preview:-1"},"canonical":"https:\/\/www.laguiadepamplona.com\/actualidad\/los-gaiteros-y-txistularis-de-pamplona-retoman-los-domingos-del-mes-de-noviembre-sus-tradicionales-dianas-matinales-por-distintos-barrios-de-la-ciudad\/","og_locale":"es_ES","og_type":"article","og_title":"Los gaiteros y txistularis de Pamplona retoman los domingos del mes de noviembre sus tradicionales dianas matinales por distintos barrios de la ciudad","og_description":"Tras a\u00f1o y medio sin dianas por las restricciones sanitarias derivadas de la COVID, saldr\u00e1n los d\u00edas 7, 14, 21 y 28 de noviembre, de 9 a 10 horas","og_url":"https:\/\/www.laguiadepamplona.com\/actualidad\/los-gaiteros-y-txistularis-de-pamplona-retoman-los-domingos-del-mes-de-noviembre-sus-tradicionales-dianas-matinales-por-distintos-barrios-de-la-ciudad\/","og_site_name":"La Gu\u00eda de Pamplona","article_publisher":"https:\/\/www.facebook.com\/laguiadepamplonacom-133175176762273\/?ref=hl","article_published_time":"2021-11-05T12:17:23+00:00","article_modified_time":"2023-04-11T09:48:48+00:00","og_image":[{"width":1920,"height":1280,"url":"https:\/\/www.laguiadepamplona.com\/actualidad\/wp-content\/uploads\/2021\/08\/BAILABLES-PLZA-CASTILLO_EE5A8979.jpg","type":"image\/jpeg"}],"author":"La Gu\u00eda de Pamplona","twitter_card":"summary_large_image","twitter_creator":"@LaGuiadPamplona","twitter_site":"@LaGuiadPamplona","twitter_misc":{"Escrito por":"La Gu\u00eda de Pamplona","Tiempo de lectura":"2 minutos"},"schema":{"@context":"https:\/\/schema.org","@graph":[{"@type":"Article","@id":"https:\/\/www.laguiadepamplona.com\/actualidad\/los-gaiteros-y-txistularis-de-pamplona-retoman-los-domingos-del-mes-de-noviembre-sus-tradicionales-dianas-matinales-por-distintos-barrios-de-la-ciudad\/#article","isPartOf":{"@id":"https:\/\/www.laguiadepamplona.com\/actualidad\/los-gaiteros-y-txistularis-de-pamplona-retoman-los-domingos-del-mes-de-noviembre-sus-tradicionales-dianas-matinales-por-distintos-barrios-de-la-ciudad\/"},"author":{"name":"La Gu\u00eda de Pamplona","@id":"https:\/\/www.laguiadepamplona.com\/actualidad\/#\/schema\/person\/efe887376f0213d4657c93adc50b1fdb"},"headline":"Los gaiteros y txistularis de Pamplona retoman los domingos del mes de noviembre sus tradicionales dianas matinales por distintos barrios de la ciudad","datePublished":"2021-11-05T12:17:23+00:00","dateModified":"2023-04-11T09:48:48+00:00","mainEntityOfPage":{"@id":"https:\/\/www.laguiadepamplona.com\/actualidad\/los-gaiteros-y-txistularis-de-pamplona-retoman-los-domingos-del-mes-de-noviembre-sus-tradicionales-dianas-matinales-por-distintos-barrios-de-la-ciudad\/"},"wordCount":453,"commentCount":0,"publisher":{"@id":"https:\/\/www.laguiadepamplona.com\/actualidad\/#organization"},"image":{"@id":"https:\/\/www.laguiadepamplona.com\/actualidad\/los-gaiteros-y-txistularis-de-pamplona-retoman-los-domingos-del-mes-de-noviembre-sus-tradicionales-dianas-matinales-por-distintos-barrios-de-la-ciudad\/#primaryimage"},"thumbnailUrl":"https:\/\/www.laguiadepamplona.com\/actualidad\/wp-content\/uploads\/2021\/08\/BAILABLES-PLZA-CASTILLO_EE5A8979.jpg","articleSection":["Ayto Pamplona"],"inLanguage":"es","potentialAction":[{"@type":"CommentAction","name":"Comment","target":["https:\/\/www.laguiadepamplona.com\/actualidad\/los-gaiteros-y-txistularis-de-pamplona-retoman-los-domingos-del-mes-de-noviembre-sus-tradicionales-dianas-matinales-por-distintos-barrios-de-la-ciudad\/#respond"]}]},{"@type":"WebPage","@id":"https:\/\/www.laguiadepamplona.com\/actualidad\/los-gaiteros-y-txistularis-de-pamplona-retoman-los-domingos-del-mes-de-noviembre-sus-tradicionales-dianas-matinales-por-distintos-barrios-de-la-ciudad\/","url":"https:\/\/www.laguiadepamplona.com\/actualidad\/los-gaiteros-y-txistularis-de-pamplona-retoman-los-domingos-del-mes-de-noviembre-sus-tradicionales-dianas-matinales-por-distintos-barrios-de-la-ciudad\/","name":"Los gaiteros y txistularis de Pamplona retoman los domingos del mes de noviembre sus tradicionales dianas matinales por distintos barrios de la ciudad","isPartOf":{"@id":"https:\/\/www.laguiadepamplona.com\/actualidad\/#website"},"primaryImageOfPage":{"@id":"https:\/\/www.laguiadepamplona.com\/actualidad\/los-gaiteros-y-txistularis-de-pamplona-retoman-los-domingos-del-mes-de-noviembre-sus-tradicionales-dianas-matinales-por-distintos-barrios-de-la-ciudad\/#primaryimage"},"image":{"@id":"https:\/\/www.laguiadepamplona.com\/actualidad\/los-gaiteros-y-txistularis-de-pamplona-retoman-los-domingos-del-mes-de-noviembre-sus-tradicionales-dianas-matinales-por-distintos-barrios-de-la-ciudad\/#primaryimage"},"thumbnailUrl":"https:\/\/www.laguiadepamplona.com\/actualidad\/wp-content\/uploads\/2021\/08\/BAILABLES-PLZA-CASTILLO_EE5A8979.jpg","datePublished":"2021-11-05T12:17:23+00:00","dateModified":"2023-04-11T09:48:48+00:00","description":"Tras a\u00f1o y medio sin dianas por las restricciones sanitarias derivadas de la COVID, saldr\u00e1n los d\u00edas 7, 14, 21 y 28 de noviembre, de 9 a 10 horas","breadcrumb":{"@id":"https:\/\/www.laguiadepamplona.com\/actualidad\/los-gaiteros-y-txistularis-de-pamplona-retoman-los-domingos-del-mes-de-noviembre-sus-tradicionales-dianas-matinales-por-distintos-barrios-de-la-ciudad\/#breadcrumb"},"inLanguage":"es","potentialAction":[{"@type":"ReadAction","target":["https:\/\/www.laguiadepamplona.com\/actualidad\/los-gaiteros-y-txistularis-de-pamplona-retoman-los-domingos-del-mes-de-noviembre-sus-tradicionales-dianas-matinales-por-distintos-barrios-de-la-ciudad\/"]}]},{"@type":"ImageObject","inLanguage":"es","@id":"https:\/\/www.laguiadepamplona.com\/actualidad\/los-gaiteros-y-txistularis-de-pamplona-retoman-los-domingos-del-mes-de-noviembre-sus-tradicionales-dianas-matinales-por-distintos-barrios-de-la-ciudad\/#primaryimage","url":"https:\/\/www.laguiadepamplona.com\/actualidad\/wp-content\/uploads\/2021\/08\/BAILABLES-PLZA-CASTILLO_EE5A8979.jpg","contentUrl":"https:\/\/www.laguiadepamplona.com\/actualidad\/wp-content\/uploads\/2021\/08\/BAILABLES-PLZA-CASTILLO_EE5A8979.jpg","width":1920,"height":1280,"caption":"bailables"},{"@type":"BreadcrumbList","@id":"https:\/\/www.laguiadepamplona.com\/actualidad\/los-gaiteros-y-txistularis-de-pamplona-retoman-los-domingos-del-mes-de-noviembre-sus-tradicionales-dianas-matinales-por-distintos-barrios-de-la-ciudad\/#breadcrumb","itemListElement":[{"@type":"ListItem","position":1,"name":"Portada","item":"https:\/\/www.laguiadepamplona.com\/actualidad\/"},{"@type":"ListItem","position":2,"name":"Los gaiteros y txistularis de Pamplona retoman los domingos del mes de noviembre sus tradicionales dianas matinales por distintos barrios de la ciudad"}]},{"@type":"WebSite","@id":"https:\/\/www.laguiadepamplona.com\/actualidad\/#website","url":"https:\/\/www.laguiadepamplona.com\/actualidad\/","name":"La gu\u00eda de Pamplona","description":"Noticias de Pamplona","publisher":{"@id":"https:\/\/www.laguiadepamplona.com\/actualidad\/#organization"},"potentialAction":[{"@type":"SearchAction","target":{"@type":"EntryPoint","urlTemplate":"https:\/\/www.laguiadepamplona.com\/actualidad\/?s={search_term_string}"},"query-input":{"@type":"PropertyValueSpecification","valueRequired":true,"valueName":"search_term_string"}}],"inLanguage":"es"},{"@type":"Organization","@id":"https:\/\/www.laguiadepamplona.com\/actualidad\/#organization","name":"La Gu\u00eda de Pamplona \/ Noticias","url":"https:\/\/www.laguiadepamplona.com\/actualidad\/","logo":{"@type":"ImageObject","inLanguage":"es","@id":"https:\/\/www.laguiadepamplona.com\/actualidad\/#\/schema\/logo\/image\/","url":"https:\/\/www.laguiadepamplona.com\/actualidad\/wp-content\/uploads\/2018\/11\/logo-laguiadepamplona18-web1.png","contentUrl":"https:\/\/www.laguiadepamplona.com\/actualidad\/wp-content\/uploads\/2018\/11\/logo-laguiadepamplona18-web1.png","width":600,"height":196,"caption":"La Gu\u00eda de Pamplona \/ Noticias"},"image":{"@id":"https:\/\/www.laguiadepamplona.com\/actualidad\/#\/schema\/logo\/image\/"},"sameAs":["https:\/\/www.facebook.com\/laguiadepamplonacom-133175176762273\/?ref=hl","https:\/\/x.com\/LaGuiadPamplona","https:\/\/www.instagram.com\/la_guia_de_pamplona\/","https:\/\/www.youtube.com\/user\/laguiadepamplona"]},{"@type":"Person","@id":"https:\/\/www.laguiadepamplona.com\/actualidad\/#\/schema\/person\/efe887376f0213d4657c93adc50b1fdb","name":"La Gu\u00eda de Pamplona","image":{"@type":"ImageObject","inLanguage":"es","@id":"https:\/\/secure.gravatar.com\/avatar\/b6992f131dc8d30ab0dff15446e9d346d9dbd95992de0fef795073f5ea83a81c?s=96&d=mm&r=g","url":"https:\/\/secure.gravatar.com\/avatar\/b6992f131dc8d30ab0dff15446e9d346d9dbd95992de0fef795073f5ea83a81c?s=96&d=mm&r=g","contentUrl":"https:\/\/secure.gravatar.com\/avatar\/b6992f131dc8d30ab0dff15446e9d346d9dbd95992de0fef795073f5ea83a81c?s=96&d=mm&r=g","caption":"La Gu\u00eda de Pamplona"}}]}},"post_mailing_queue_ids":[],"_links":{"self":[{"href":"https:\/\/www.laguiadepamplona.com\/actualidad\/wp-json\/wp\/v2\/posts\/37380","targetHints":{"allow":["GET"]}}],"collection":[{"href":"https:\/\/www.laguiadepamplona.com\/actualidad\/wp-json\/wp\/v2\/posts"}],"about":[{"href":"https:\/\/www.laguiadepamplona.com\/actualidad\/wp-json\/wp\/v2\/types\/post"}],"author":[{"embeddable":true,"href":"https:\/\/www.laguiadepamplona.com\/actualidad\/wp-json\/wp\/v2\/users\/1"}],"replies":[{"embeddable":true,"href":"https:\/\/www.laguiadepamplona.com\/actualidad\/wp-json\/wp\/v2\/comments?post=37380"}],"version-history":[{"count":0,"href":"https:\/\/www.laguiadepamplona.com\/actualidad\/wp-json\/wp\/v2\/posts\/37380\/revisions"}],"wp:featuredmedia":[{"embeddable":true,"href":"https:\/\/www.laguiadepamplona.com\/actualidad\/wp-json\/wp\/v2\/media\/36215"}],"wp:attachment":[{"href":"https:\/\/www.laguiadepamplona.com\/actualidad\/wp-json\/wp\/v2\/media?parent=37380"}],"wp:term":[{"taxonomy":"category","embeddable":true,"href":"https:\/\/www.laguiadepamplona.com\/actualidad\/wp-json\/wp\/v2\/categories?post=37380"},{"taxonomy":"post_tag","embeddable":true,"href":"https:\/\/www.laguiadepamplona.com\/actualidad\/wp-json\/wp\/v2\/tags?post=37380"}],"curies":[{"name":"wp","href":"https:\/\/api.w.org\/{rel}","templated":true}]}}