{"id":37374,"date":"2021-11-05T14:14:17","date_gmt":"2021-11-05T12:14:17","guid":{"rendered":"https:\/\/www.laguiadepamplona.com\/actualidad\/?p=37374"},"modified":"2023-04-11T11:48:48","modified_gmt":"2023-04-11T09:48:48","slug":"el-ayuntamiento-dara-continuidad-al-carril-bici-de-la-calle-ezcaba-hasta-la-avenida-de-villava-y-ampliara-el-espacio-peatonal-frente-al-ies-eunate","status":"publish","type":"post","link":"https:\/\/www.laguiadepamplona.com\/actualidad\/el-ayuntamiento-dara-continuidad-al-carril-bici-de-la-calle-ezcaba-hasta-la-avenida-de-villava-y-ampliara-el-espacio-peatonal-frente-al-ies-eunate\/","title":{"rendered":"El Ayuntamiento dar\u00e1 continuidad al carril bici de la calle Ezcaba hasta la avenida de Villava y ampliar\u00e1 el espacio peatonal frente al IES Eunate"},"content":{"rendered":"<h5>Este proyecto cuenta con un presupuesto de 90.212 euros y se llevar\u00e1 a cabo antes de final de a\u00f1o<\/h5>\n<p><!--more--><\/p>\n<p>La Junta de Movilidad ha conocido esta ma\u00f1ana el proyecto de carril bici, de nuevos espacios peatonales y zonas verdes y de mejora de la movilidad en la calle Ezcaba del barrio de Txantrea. Se actuar\u00e1 en el tramo comprendido entre el IES Eunate y la avenida de Villava dando continuidad a la red ciclista ya existente y aprovechando la actuaci\u00f3n para generar espacios de estancia y de paso peatonales, accesibles y seguros. Los trabajos comenzar\u00e1n este mes de noviembre y estar\u00e1n finalizados para final de a\u00f1o.<\/p>\n<p>Estas actuaciones cuentan con un presupuesto de 90.212 euros y se ejecutan en el \u00e1mbito del acuerdo marco para la ejecuci\u00f3n de obras de mejora de la movilidad y de urbanismo t\u00e1ctico que fue licitado y adjudicado en el a\u00f1o 2020. Este proyecto se enmarca en la estrategia municipal GoGreen, emprendida por el Ayuntamiento de Pamplona con medidas de lucha contra el cambio clim\u00e1tico, y en el caso de las intervenciones en torno al IES Eunate, se incluye tambi\u00e9n en la planificaci\u00f3n de creaci\u00f3n de entornos escolares seguros que implementa el Consistorio.<\/p>\n<p><script async src=\"\/\/pagead2.googlesyndication.com\/pagead\/js\/adsbygoogle.js\"><\/script><br \/>\n<!-- Noticias La Guia de Pamplona --><br \/>\n<ins class=\"adsbygoogle\"\nstyle=\"display:block\"\ndata-ad-client=\"ca-pub-6943679897239327\"\ndata-ad-slot=\"7048180777\"\ndata-ad-format=\"auto\"><\/ins><br \/>\n<script>\n(adsbygoogle = window.adsbygoogle || []).push({});\n<\/script><\/p>\n<p>El proyecto conecta el actual carril que llega hasta el Instituto Eunate con la avenida de Villava. Se trata de un nuevo recorrido de unos 300 metros de longitud, que discurrir\u00e1 por la calzada, con su consiguiente banda de protecci\u00f3n y con una anchura de 2,5 \u2013 3 metros. El carril bidireccional transitar\u00e1 por el margen derecho de la v\u00eda, en sentido hacia la avenida de Villava. Esta nueva infraestructura generar\u00e1 un cambio en los estacionamientos de la plaza de Ezcaba, que se mantendr\u00e1n, pero ser\u00e1n retranqueados hacia el centro de la calzada.<\/p>\n<p>Frente a la entrada al Instituto Eunate, en la intersecci\u00f3n de las calles Ezcaba y Miravalles, se va a aprovechar para crear un gran espacio peatonal. En la actualidad, es una zona de calzada con un cebreado y un aparcamiento para motos, que se modificar\u00e1 ampliando la acera y dejando un \u00fanico carril de circulaci\u00f3n de 3,40 metros de anchura. El paso peatonal existente elevar\u00e1 su cota a la altura de la acera, aumentando la seguridad de quienes lo atraviesen y obligando a los veh\u00edculos a reducir la velocidad para superar la rampa.<\/p>\n<p>Se da la circunstancia, en este caso, que el IES Eunate es un centro especialmente sensibilizado con la seguridad en las entradas y salidas al instituto, y que contribuye a la educaci\u00f3n para la sostenibilidad y la lucha contra el cambio clim\u00e1tico, fomentando entre el alumnado y la comunidad educativa en su conjunto los desplazamientos a pie y en bicicleta. Es uno de los institutos que cada curso participa en el programa formativo municipal \u2018La Bicicleta en la Escuela\u2019 y un importante porcentaje de sus estudiantes y profesorado acuden al centro en bicicleta.<\/p>\n<p><script async src=\"\/\/pagead2.googlesyndication.com\/pagead\/js\/adsbygoogle.js\"><\/script><br \/>\n<!-- Noticias La Guia de Pamplona --><br \/>\n<ins class=\"adsbygoogle\"\nstyle=\"display:block\"\ndata-ad-client=\"ca-pub-6943679897239327\"\ndata-ad-slot=\"7048180777\"\ndata-ad-format=\"auto\"><\/ins><br \/>\n<script>\n(adsbygoogle = window.adsbygoogle || []).push({});\n<\/script><\/p>\n<p><strong>Jardines con drenaje sostenible<\/strong><\/p>\n<p>El espacio peatonal que se genera frente al instituto, en ese cruce de Ezcaba con Miravalles, acoger\u00e1 cuatro zonas ajardinadas, con una superficie total de 200 m<sup>2<\/sup> y sistemas de drenaje sostenible. De esta forma, las aguas pluviales se verter\u00e1n en dichos jardines que, con una profundidad de m\u00e1s de 1,5 metros, la retendr\u00e1n para que posteriormente se filtre al terreno natural. Estos sistemas de drenaje sostenible permiten, adem\u00e1s, que puedan ser renaturalizados espacios de calzada, con las consecuentes ventajas en cuanto a la retenci\u00f3n de CO<sub>2<\/sub>, la disminuci\u00f3n de islas de calor, el incremento de la biodiversidad urbana, la reducci\u00f3n de la escorrent\u00eda del agua de lluvia evitando inundaciones, la mejora del paisaje urbano y otras medidas colaboradoras en la adaptaci\u00f3n de Pamplona al cambio clim\u00e1tico.<\/p>\n<p>Todas estas intervenciones conllevar\u00e1n el calmado de tr\u00e1fico de la zona. El estrechamiento de los actuales carriles de circulaci\u00f3n, fundamentalmente en el entorno de la plaza Ezcaba, provocar\u00e1 una disminuci\u00f3n de la velocidad en los veh\u00edculos que transiten por all\u00ed. La creaci\u00f3n del paso elevado en la entrada al Instituto Eunate mejorar\u00e1 tambi\u00e9n la movilidad peatonal y reducir\u00e1 la velocidad de los veh\u00edculos al tener estos que superar la rampa de la nueva cota del paso, todo ello mejorando considerablemente la seguridad en el acceso al centro educativo, y favoreciendo la promoci\u00f3n de los desplazamientos a pie y en bicicleta que el propio instituto fomenta entre alumnado.<\/p>\n<p><script async src=\"\/\/pagead2.googlesyndication.com\/pagead\/js\/adsbygoogle.js\"><\/script><br \/>\n<!-- Noticias La Guia de Pamplona --><br \/>\n<ins class=\"adsbygoogle\"\nstyle=\"display:block\"\ndata-ad-client=\"ca-pub-6943679897239327\"\ndata-ad-slot=\"7048180777\"\ndata-ad-format=\"auto\"><\/ins><br \/>\n<script>\n(adsbygoogle = window.adsbygoogle || []).push({});\n<\/script><\/p>\n<p>Esta actuaci\u00f3n en el entorno escolar incorpora principalmente la mejora de la seguridad vial, pero es adem\u00e1s una actuaci\u00f3n que integra otros beneficios, entendiendo que adem\u00e1s de evitar accidentes, es necesario mejorar las cualidades del entorno de los centros educativos, desde la perspectiva ambiental: menos ruido, mejor calidad del aire, m\u00e1s espacio libre de coches en los accesos y el conjunto del entorno urbano. Un entorno urbano de estas caracter\u00edsticas es adem\u00e1s educativo en valores de sostenibilidad ambiental, por lo que contribuye a reforzar la labor del centro.<\/p>\n","protected":false},"excerpt":{"rendered":"<p>Este proyecto cuenta con un presupuesto de 90.212 euros y se llevar\u00e1 a cabo antes de final de a\u00f1o<\/p>\n","protected":false},"author":1,"featured_media":37375,"comment_status":"open","ping_status":"closed","sticky":false,"template":"","format":"standard","meta":{"footnotes":""},"categories":[2],"tags":[],"class_list":["post-37374","post","type-post","status-publish","format-standard","has-post-thumbnail","hentry","category-ayuntamiento-pamplona"],"yoast_head":"<!-- This site is optimized with the Yoast SEO plugin v27.5 - https:\/\/yoast.com\/product\/yoast-seo-wordpress\/ -->\n<title>El Ayuntamiento dar\u00e1 continuidad al carril bici de la calle Ezcaba hasta la avenida de Villava y ampliar\u00e1 el espacio peatonal frente al IES Eunate<\/title>\n<meta name=\"description\" content=\"Este proyecto cuenta con un presupuesto de 90.212 euros y se llevar\u00e1 a cabo antes de final de a\u00f1o\" \/>\n<meta name=\"robots\" content=\"index, follow, max-snippet:-1, max-image-preview:large, max-video-preview:-1\" \/>\n<link rel=\"canonical\" href=\"https:\/\/www.laguiadepamplona.com\/actualidad\/el-ayuntamiento-dara-continuidad-al-carril-bici-de-la-calle-ezcaba-hasta-la-avenida-de-villava-y-ampliara-el-espacio-peatonal-frente-al-ies-eunate\/\" \/>\n<meta property=\"og:locale\" content=\"es_ES\" \/>\n<meta property=\"og:type\" content=\"article\" \/>\n<meta property=\"og:title\" content=\"El Ayuntamiento dar\u00e1 continuidad al carril bici de la calle Ezcaba hasta la avenida de Villava y ampliar\u00e1 el espacio peatonal frente al IES Eunate\" \/>\n<meta property=\"og:description\" content=\"Este proyecto cuenta con un presupuesto de 90.212 euros y se llevar\u00e1 a cabo antes de final de a\u00f1o\" \/>\n<meta property=\"og:url\" content=\"https:\/\/www.laguiadepamplona.com\/actualidad\/el-ayuntamiento-dara-continuidad-al-carril-bici-de-la-calle-ezcaba-hasta-la-avenida-de-villava-y-ampliara-el-espacio-peatonal-frente-al-ies-eunate\/\" \/>\n<meta property=\"og:site_name\" content=\"La Gu\u00eda de Pamplona\" \/>\n<meta property=\"article:publisher\" content=\"https:\/\/www.facebook.com\/laguiadepamplonacom-133175176762273\/?ref=hl\" \/>\n<meta property=\"article:published_time\" content=\"2021-11-05T12:14:17+00:00\" \/>\n<meta property=\"article:modified_time\" content=\"2023-04-11T09:48:48+00:00\" \/>\n<meta property=\"og:image\" content=\"https:\/\/www.laguiadepamplona.com\/actualidad\/wp-content\/uploads\/2021\/11\/carril-bici-ezkabarte-villava.jpg\" \/>\n\t<meta property=\"og:image:width\" content=\"1264\" \/>\n\t<meta property=\"og:image:height\" content=\"319\" \/>\n\t<meta property=\"og:image:type\" content=\"image\/jpeg\" \/>\n<meta name=\"author\" content=\"La Gu\u00eda de Pamplona\" \/>\n<meta name=\"twitter:card\" content=\"summary_large_image\" \/>\n<meta name=\"twitter:creator\" content=\"@LaGuiadPamplona\" \/>\n<meta name=\"twitter:site\" content=\"@LaGuiadPamplona\" \/>\n<meta name=\"twitter:label1\" content=\"Escrito por\" \/>\n\t<meta name=\"twitter:data1\" content=\"La Gu\u00eda de Pamplona\" \/>\n\t<meta name=\"twitter:label2\" content=\"Tiempo de lectura\" \/>\n\t<meta name=\"twitter:data2\" content=\"4 minutos\" \/>\n<script type=\"application\/ld+json\" class=\"yoast-schema-graph\">{\"@context\":\"https:\\\/\\\/schema.org\",\"@graph\":[{\"@type\":\"Article\",\"@id\":\"https:\\\/\\\/www.laguiadepamplona.com\\\/actualidad\\\/el-ayuntamiento-dara-continuidad-al-carril-bici-de-la-calle-ezcaba-hasta-la-avenida-de-villava-y-ampliara-el-espacio-peatonal-frente-al-ies-eunate\\\/#article\",\"isPartOf\":{\"@id\":\"https:\\\/\\\/www.laguiadepamplona.com\\\/actualidad\\\/el-ayuntamiento-dara-continuidad-al-carril-bici-de-la-calle-ezcaba-hasta-la-avenida-de-villava-y-ampliara-el-espacio-peatonal-frente-al-ies-eunate\\\/\"},\"author\":{\"name\":\"La Gu\u00eda de Pamplona\",\"@id\":\"https:\\\/\\\/www.laguiadepamplona.com\\\/actualidad\\\/#\\\/schema\\\/person\\\/efe887376f0213d4657c93adc50b1fdb\"},\"headline\":\"El Ayuntamiento dar\u00e1 continuidad al carril bici de la calle Ezcaba hasta la avenida de Villava y ampliar\u00e1 el espacio peatonal frente al IES Eunate\",\"datePublished\":\"2021-11-05T12:14:17+00:00\",\"dateModified\":\"2023-04-11T09:48:48+00:00\",\"mainEntityOfPage\":{\"@id\":\"https:\\\/\\\/www.laguiadepamplona.com\\\/actualidad\\\/el-ayuntamiento-dara-continuidad-al-carril-bici-de-la-calle-ezcaba-hasta-la-avenida-de-villava-y-ampliara-el-espacio-peatonal-frente-al-ies-eunate\\\/\"},\"wordCount\":866,\"commentCount\":0,\"publisher\":{\"@id\":\"https:\\\/\\\/www.laguiadepamplona.com\\\/actualidad\\\/#organization\"},\"image\":{\"@id\":\"https:\\\/\\\/www.laguiadepamplona.com\\\/actualidad\\\/el-ayuntamiento-dara-continuidad-al-carril-bici-de-la-calle-ezcaba-hasta-la-avenida-de-villava-y-ampliara-el-espacio-peatonal-frente-al-ies-eunate\\\/#primaryimage\"},\"thumbnailUrl\":\"https:\\\/\\\/www.laguiadepamplona.com\\\/actualidad\\\/wp-content\\\/uploads\\\/2021\\\/11\\\/carril-bici-ezkabarte-villava.jpg\",\"articleSection\":[\"Ayto Pamplona\"],\"inLanguage\":\"es\",\"potentialAction\":[{\"@type\":\"CommentAction\",\"name\":\"Comment\",\"target\":[\"https:\\\/\\\/www.laguiadepamplona.com\\\/actualidad\\\/el-ayuntamiento-dara-continuidad-al-carril-bici-de-la-calle-ezcaba-hasta-la-avenida-de-villava-y-ampliara-el-espacio-peatonal-frente-al-ies-eunate\\\/#respond\"]}]},{\"@type\":\"WebPage\",\"@id\":\"https:\\\/\\\/www.laguiadepamplona.com\\\/actualidad\\\/el-ayuntamiento-dara-continuidad-al-carril-bici-de-la-calle-ezcaba-hasta-la-avenida-de-villava-y-ampliara-el-espacio-peatonal-frente-al-ies-eunate\\\/\",\"url\":\"https:\\\/\\\/www.laguiadepamplona.com\\\/actualidad\\\/el-ayuntamiento-dara-continuidad-al-carril-bici-de-la-calle-ezcaba-hasta-la-avenida-de-villava-y-ampliara-el-espacio-peatonal-frente-al-ies-eunate\\\/\",\"name\":\"El Ayuntamiento dar\u00e1 continuidad al carril bici de la calle Ezcaba hasta la avenida de Villava y ampliar\u00e1 el espacio peatonal frente al IES Eunate\",\"isPartOf\":{\"@id\":\"https:\\\/\\\/www.laguiadepamplona.com\\\/actualidad\\\/#website\"},\"primaryImageOfPage\":{\"@id\":\"https:\\\/\\\/www.laguiadepamplona.com\\\/actualidad\\\/el-ayuntamiento-dara-continuidad-al-carril-bici-de-la-calle-ezcaba-hasta-la-avenida-de-villava-y-ampliara-el-espacio-peatonal-frente-al-ies-eunate\\\/#primaryimage\"},\"image\":{\"@id\":\"https:\\\/\\\/www.laguiadepamplona.com\\\/actualidad\\\/el-ayuntamiento-dara-continuidad-al-carril-bici-de-la-calle-ezcaba-hasta-la-avenida-de-villava-y-ampliara-el-espacio-peatonal-frente-al-ies-eunate\\\/#primaryimage\"},\"thumbnailUrl\":\"https:\\\/\\\/www.laguiadepamplona.com\\\/actualidad\\\/wp-content\\\/uploads\\\/2021\\\/11\\\/carril-bici-ezkabarte-villava.jpg\",\"datePublished\":\"2021-11-05T12:14:17+00:00\",\"dateModified\":\"2023-04-11T09:48:48+00:00\",\"description\":\"Este proyecto cuenta con un presupuesto de 90.212 euros y se llevar\u00e1 a cabo antes de final de a\u00f1o\",\"breadcrumb\":{\"@id\":\"https:\\\/\\\/www.laguiadepamplona.com\\\/actualidad\\\/el-ayuntamiento-dara-continuidad-al-carril-bici-de-la-calle-ezcaba-hasta-la-avenida-de-villava-y-ampliara-el-espacio-peatonal-frente-al-ies-eunate\\\/#breadcrumb\"},\"inLanguage\":\"es\",\"potentialAction\":[{\"@type\":\"ReadAction\",\"target\":[\"https:\\\/\\\/www.laguiadepamplona.com\\\/actualidad\\\/el-ayuntamiento-dara-continuidad-al-carril-bici-de-la-calle-ezcaba-hasta-la-avenida-de-villava-y-ampliara-el-espacio-peatonal-frente-al-ies-eunate\\\/\"]}]},{\"@type\":\"ImageObject\",\"inLanguage\":\"es\",\"@id\":\"https:\\\/\\\/www.laguiadepamplona.com\\\/actualidad\\\/el-ayuntamiento-dara-continuidad-al-carril-bici-de-la-calle-ezcaba-hasta-la-avenida-de-villava-y-ampliara-el-espacio-peatonal-frente-al-ies-eunate\\\/#primaryimage\",\"url\":\"https:\\\/\\\/www.laguiadepamplona.com\\\/actualidad\\\/wp-content\\\/uploads\\\/2021\\\/11\\\/carril-bici-ezkabarte-villava.jpg\",\"contentUrl\":\"https:\\\/\\\/www.laguiadepamplona.com\\\/actualidad\\\/wp-content\\\/uploads\\\/2021\\\/11\\\/carril-bici-ezkabarte-villava.jpg\",\"width\":1264,\"height\":319},{\"@type\":\"BreadcrumbList\",\"@id\":\"https:\\\/\\\/www.laguiadepamplona.com\\\/actualidad\\\/el-ayuntamiento-dara-continuidad-al-carril-bici-de-la-calle-ezcaba-hasta-la-avenida-de-villava-y-ampliara-el-espacio-peatonal-frente-al-ies-eunate\\\/#breadcrumb\",\"itemListElement\":[{\"@type\":\"ListItem\",\"position\":1,\"name\":\"Portada\",\"item\":\"https:\\\/\\\/www.laguiadepamplona.com\\\/actualidad\\\/\"},{\"@type\":\"ListItem\",\"position\":2,\"name\":\"El Ayuntamiento dar\u00e1 continuidad al carril bici de la calle Ezcaba hasta la avenida de Villava y ampliar\u00e1 el espacio peatonal frente al IES Eunate\"}]},{\"@type\":\"WebSite\",\"@id\":\"https:\\\/\\\/www.laguiadepamplona.com\\\/actualidad\\\/#website\",\"url\":\"https:\\\/\\\/www.laguiadepamplona.com\\\/actualidad\\\/\",\"name\":\"La gu\u00eda de Pamplona\",\"description\":\"Noticias de Pamplona\",\"publisher\":{\"@id\":\"https:\\\/\\\/www.laguiadepamplona.com\\\/actualidad\\\/#organization\"},\"potentialAction\":[{\"@type\":\"SearchAction\",\"target\":{\"@type\":\"EntryPoint\",\"urlTemplate\":\"https:\\\/\\\/www.laguiadepamplona.com\\\/actualidad\\\/?s={search_term_string}\"},\"query-input\":{\"@type\":\"PropertyValueSpecification\",\"valueRequired\":true,\"valueName\":\"search_term_string\"}}],\"inLanguage\":\"es\"},{\"@type\":\"Organization\",\"@id\":\"https:\\\/\\\/www.laguiadepamplona.com\\\/actualidad\\\/#organization\",\"name\":\"La Gu\u00eda de Pamplona \\\/ Noticias\",\"url\":\"https:\\\/\\\/www.laguiadepamplona.com\\\/actualidad\\\/\",\"logo\":{\"@type\":\"ImageObject\",\"inLanguage\":\"es\",\"@id\":\"https:\\\/\\\/www.laguiadepamplona.com\\\/actualidad\\\/#\\\/schema\\\/logo\\\/image\\\/\",\"url\":\"https:\\\/\\\/www.laguiadepamplona.com\\\/actualidad\\\/wp-content\\\/uploads\\\/2018\\\/11\\\/logo-laguiadepamplona18-web1.png\",\"contentUrl\":\"https:\\\/\\\/www.laguiadepamplona.com\\\/actualidad\\\/wp-content\\\/uploads\\\/2018\\\/11\\\/logo-laguiadepamplona18-web1.png\",\"width\":600,\"height\":196,\"caption\":\"La Gu\u00eda de Pamplona \\\/ Noticias\"},\"image\":{\"@id\":\"https:\\\/\\\/www.laguiadepamplona.com\\\/actualidad\\\/#\\\/schema\\\/logo\\\/image\\\/\"},\"sameAs\":[\"https:\\\/\\\/www.facebook.com\\\/laguiadepamplonacom-133175176762273\\\/?ref=hl\",\"https:\\\/\\\/x.com\\\/LaGuiadPamplona\",\"https:\\\/\\\/www.instagram.com\\\/la_guia_de_pamplona\\\/\",\"https:\\\/\\\/www.youtube.com\\\/user\\\/laguiadepamplona\"]},{\"@type\":\"Person\",\"@id\":\"https:\\\/\\\/www.laguiadepamplona.com\\\/actualidad\\\/#\\\/schema\\\/person\\\/efe887376f0213d4657c93adc50b1fdb\",\"name\":\"La Gu\u00eda de Pamplona\",\"image\":{\"@type\":\"ImageObject\",\"inLanguage\":\"es\",\"@id\":\"https:\\\/\\\/secure.gravatar.com\\\/avatar\\\/b6992f131dc8d30ab0dff15446e9d346d9dbd95992de0fef795073f5ea83a81c?s=96&d=mm&r=g\",\"url\":\"https:\\\/\\\/secure.gravatar.com\\\/avatar\\\/b6992f131dc8d30ab0dff15446e9d346d9dbd95992de0fef795073f5ea83a81c?s=96&d=mm&r=g\",\"contentUrl\":\"https:\\\/\\\/secure.gravatar.com\\\/avatar\\\/b6992f131dc8d30ab0dff15446e9d346d9dbd95992de0fef795073f5ea83a81c?s=96&d=mm&r=g\",\"caption\":\"La Gu\u00eda de Pamplona\"}}]}<\/script>\n<!-- \/ Yoast SEO plugin. -->","yoast_head_json":{"title":"El Ayuntamiento dar\u00e1 continuidad al carril bici de la calle Ezcaba hasta la avenida de Villava y ampliar\u00e1 el espacio peatonal frente al IES Eunate","description":"Este proyecto cuenta con un presupuesto de 90.212 euros y se llevar\u00e1 a cabo antes de final de a\u00f1o","robots":{"index":"index","follow":"follow","max-snippet":"max-snippet:-1","max-image-preview":"max-image-preview:large","max-video-preview":"max-video-preview:-1"},"canonical":"https:\/\/www.laguiadepamplona.com\/actualidad\/el-ayuntamiento-dara-continuidad-al-carril-bici-de-la-calle-ezcaba-hasta-la-avenida-de-villava-y-ampliara-el-espacio-peatonal-frente-al-ies-eunate\/","og_locale":"es_ES","og_type":"article","og_title":"El Ayuntamiento dar\u00e1 continuidad al carril bici de la calle Ezcaba hasta la avenida de Villava y ampliar\u00e1 el espacio peatonal frente al IES Eunate","og_description":"Este proyecto cuenta con un presupuesto de 90.212 euros y se llevar\u00e1 a cabo antes de final de a\u00f1o","og_url":"https:\/\/www.laguiadepamplona.com\/actualidad\/el-ayuntamiento-dara-continuidad-al-carril-bici-de-la-calle-ezcaba-hasta-la-avenida-de-villava-y-ampliara-el-espacio-peatonal-frente-al-ies-eunate\/","og_site_name":"La Gu\u00eda de Pamplona","article_publisher":"https:\/\/www.facebook.com\/laguiadepamplonacom-133175176762273\/?ref=hl","article_published_time":"2021-11-05T12:14:17+00:00","article_modified_time":"2023-04-11T09:48:48+00:00","og_image":[{"width":1264,"height":319,"url":"https:\/\/www.laguiadepamplona.com\/actualidad\/wp-content\/uploads\/2021\/11\/carril-bici-ezkabarte-villava.jpg","type":"image\/jpeg"}],"author":"La Gu\u00eda de Pamplona","twitter_card":"summary_large_image","twitter_creator":"@LaGuiadPamplona","twitter_site":"@LaGuiadPamplona","twitter_misc":{"Escrito por":"La Gu\u00eda de Pamplona","Tiempo de lectura":"4 minutos"},"schema":{"@context":"https:\/\/schema.org","@graph":[{"@type":"Article","@id":"https:\/\/www.laguiadepamplona.com\/actualidad\/el-ayuntamiento-dara-continuidad-al-carril-bici-de-la-calle-ezcaba-hasta-la-avenida-de-villava-y-ampliara-el-espacio-peatonal-frente-al-ies-eunate\/#article","isPartOf":{"@id":"https:\/\/www.laguiadepamplona.com\/actualidad\/el-ayuntamiento-dara-continuidad-al-carril-bici-de-la-calle-ezcaba-hasta-la-avenida-de-villava-y-ampliara-el-espacio-peatonal-frente-al-ies-eunate\/"},"author":{"name":"La Gu\u00eda de Pamplona","@id":"https:\/\/www.laguiadepamplona.com\/actualidad\/#\/schema\/person\/efe887376f0213d4657c93adc50b1fdb"},"headline":"El Ayuntamiento dar\u00e1 continuidad al carril bici de la calle Ezcaba hasta la avenida de Villava y ampliar\u00e1 el espacio peatonal frente al IES Eunate","datePublished":"2021-11-05T12:14:17+00:00","dateModified":"2023-04-11T09:48:48+00:00","mainEntityOfPage":{"@id":"https:\/\/www.laguiadepamplona.com\/actualidad\/el-ayuntamiento-dara-continuidad-al-carril-bici-de-la-calle-ezcaba-hasta-la-avenida-de-villava-y-ampliara-el-espacio-peatonal-frente-al-ies-eunate\/"},"wordCount":866,"commentCount":0,"publisher":{"@id":"https:\/\/www.laguiadepamplona.com\/actualidad\/#organization"},"image":{"@id":"https:\/\/www.laguiadepamplona.com\/actualidad\/el-ayuntamiento-dara-continuidad-al-carril-bici-de-la-calle-ezcaba-hasta-la-avenida-de-villava-y-ampliara-el-espacio-peatonal-frente-al-ies-eunate\/#primaryimage"},"thumbnailUrl":"https:\/\/www.laguiadepamplona.com\/actualidad\/wp-content\/uploads\/2021\/11\/carril-bici-ezkabarte-villava.jpg","articleSection":["Ayto Pamplona"],"inLanguage":"es","potentialAction":[{"@type":"CommentAction","name":"Comment","target":["https:\/\/www.laguiadepamplona.com\/actualidad\/el-ayuntamiento-dara-continuidad-al-carril-bici-de-la-calle-ezcaba-hasta-la-avenida-de-villava-y-ampliara-el-espacio-peatonal-frente-al-ies-eunate\/#respond"]}]},{"@type":"WebPage","@id":"https:\/\/www.laguiadepamplona.com\/actualidad\/el-ayuntamiento-dara-continuidad-al-carril-bici-de-la-calle-ezcaba-hasta-la-avenida-de-villava-y-ampliara-el-espacio-peatonal-frente-al-ies-eunate\/","url":"https:\/\/www.laguiadepamplona.com\/actualidad\/el-ayuntamiento-dara-continuidad-al-carril-bici-de-la-calle-ezcaba-hasta-la-avenida-de-villava-y-ampliara-el-espacio-peatonal-frente-al-ies-eunate\/","name":"El Ayuntamiento dar\u00e1 continuidad al carril bici de la calle Ezcaba hasta la avenida de Villava y ampliar\u00e1 el espacio peatonal frente al IES Eunate","isPartOf":{"@id":"https:\/\/www.laguiadepamplona.com\/actualidad\/#website"},"primaryImageOfPage":{"@id":"https:\/\/www.laguiadepamplona.com\/actualidad\/el-ayuntamiento-dara-continuidad-al-carril-bici-de-la-calle-ezcaba-hasta-la-avenida-de-villava-y-ampliara-el-espacio-peatonal-frente-al-ies-eunate\/#primaryimage"},"image":{"@id":"https:\/\/www.laguiadepamplona.com\/actualidad\/el-ayuntamiento-dara-continuidad-al-carril-bici-de-la-calle-ezcaba-hasta-la-avenida-de-villava-y-ampliara-el-espacio-peatonal-frente-al-ies-eunate\/#primaryimage"},"thumbnailUrl":"https:\/\/www.laguiadepamplona.com\/actualidad\/wp-content\/uploads\/2021\/11\/carril-bici-ezkabarte-villava.jpg","datePublished":"2021-11-05T12:14:17+00:00","dateModified":"2023-04-11T09:48:48+00:00","description":"Este proyecto cuenta con un presupuesto de 90.212 euros y se llevar\u00e1 a cabo antes de final de a\u00f1o","breadcrumb":{"@id":"https:\/\/www.laguiadepamplona.com\/actualidad\/el-ayuntamiento-dara-continuidad-al-carril-bici-de-la-calle-ezcaba-hasta-la-avenida-de-villava-y-ampliara-el-espacio-peatonal-frente-al-ies-eunate\/#breadcrumb"},"inLanguage":"es","potentialAction":[{"@type":"ReadAction","target":["https:\/\/www.laguiadepamplona.com\/actualidad\/el-ayuntamiento-dara-continuidad-al-carril-bici-de-la-calle-ezcaba-hasta-la-avenida-de-villava-y-ampliara-el-espacio-peatonal-frente-al-ies-eunate\/"]}]},{"@type":"ImageObject","inLanguage":"es","@id":"https:\/\/www.laguiadepamplona.com\/actualidad\/el-ayuntamiento-dara-continuidad-al-carril-bici-de-la-calle-ezcaba-hasta-la-avenida-de-villava-y-ampliara-el-espacio-peatonal-frente-al-ies-eunate\/#primaryimage","url":"https:\/\/www.laguiadepamplona.com\/actualidad\/wp-content\/uploads\/2021\/11\/carril-bici-ezkabarte-villava.jpg","contentUrl":"https:\/\/www.laguiadepamplona.com\/actualidad\/wp-content\/uploads\/2021\/11\/carril-bici-ezkabarte-villava.jpg","width":1264,"height":319},{"@type":"BreadcrumbList","@id":"https:\/\/www.laguiadepamplona.com\/actualidad\/el-ayuntamiento-dara-continuidad-al-carril-bici-de-la-calle-ezcaba-hasta-la-avenida-de-villava-y-ampliara-el-espacio-peatonal-frente-al-ies-eunate\/#breadcrumb","itemListElement":[{"@type":"ListItem","position":1,"name":"Portada","item":"https:\/\/www.laguiadepamplona.com\/actualidad\/"},{"@type":"ListItem","position":2,"name":"El Ayuntamiento dar\u00e1 continuidad al carril bici de la calle Ezcaba hasta la avenida de Villava y ampliar\u00e1 el espacio peatonal frente al IES Eunate"}]},{"@type":"WebSite","@id":"https:\/\/www.laguiadepamplona.com\/actualidad\/#website","url":"https:\/\/www.laguiadepamplona.com\/actualidad\/","name":"La gu\u00eda de Pamplona","description":"Noticias de Pamplona","publisher":{"@id":"https:\/\/www.laguiadepamplona.com\/actualidad\/#organization"},"potentialAction":[{"@type":"SearchAction","target":{"@type":"EntryPoint","urlTemplate":"https:\/\/www.laguiadepamplona.com\/actualidad\/?s={search_term_string}"},"query-input":{"@type":"PropertyValueSpecification","valueRequired":true,"valueName":"search_term_string"}}],"inLanguage":"es"},{"@type":"Organization","@id":"https:\/\/www.laguiadepamplona.com\/actualidad\/#organization","name":"La Gu\u00eda de Pamplona \/ Noticias","url":"https:\/\/www.laguiadepamplona.com\/actualidad\/","logo":{"@type":"ImageObject","inLanguage":"es","@id":"https:\/\/www.laguiadepamplona.com\/actualidad\/#\/schema\/logo\/image\/","url":"https:\/\/www.laguiadepamplona.com\/actualidad\/wp-content\/uploads\/2018\/11\/logo-laguiadepamplona18-web1.png","contentUrl":"https:\/\/www.laguiadepamplona.com\/actualidad\/wp-content\/uploads\/2018\/11\/logo-laguiadepamplona18-web1.png","width":600,"height":196,"caption":"La Gu\u00eda de Pamplona \/ Noticias"},"image":{"@id":"https:\/\/www.laguiadepamplona.com\/actualidad\/#\/schema\/logo\/image\/"},"sameAs":["https:\/\/www.facebook.com\/laguiadepamplonacom-133175176762273\/?ref=hl","https:\/\/x.com\/LaGuiadPamplona","https:\/\/www.instagram.com\/la_guia_de_pamplona\/","https:\/\/www.youtube.com\/user\/laguiadepamplona"]},{"@type":"Person","@id":"https:\/\/www.laguiadepamplona.com\/actualidad\/#\/schema\/person\/efe887376f0213d4657c93adc50b1fdb","name":"La Gu\u00eda de Pamplona","image":{"@type":"ImageObject","inLanguage":"es","@id":"https:\/\/secure.gravatar.com\/avatar\/b6992f131dc8d30ab0dff15446e9d346d9dbd95992de0fef795073f5ea83a81c?s=96&d=mm&r=g","url":"https:\/\/secure.gravatar.com\/avatar\/b6992f131dc8d30ab0dff15446e9d346d9dbd95992de0fef795073f5ea83a81c?s=96&d=mm&r=g","contentUrl":"https:\/\/secure.gravatar.com\/avatar\/b6992f131dc8d30ab0dff15446e9d346d9dbd95992de0fef795073f5ea83a81c?s=96&d=mm&r=g","caption":"La Gu\u00eda de Pamplona"}}]}},"post_mailing_queue_ids":[],"_links":{"self":[{"href":"https:\/\/www.laguiadepamplona.com\/actualidad\/wp-json\/wp\/v2\/posts\/37374","targetHints":{"allow":["GET"]}}],"collection":[{"href":"https:\/\/www.laguiadepamplona.com\/actualidad\/wp-json\/wp\/v2\/posts"}],"about":[{"href":"https:\/\/www.laguiadepamplona.com\/actualidad\/wp-json\/wp\/v2\/types\/post"}],"author":[{"embeddable":true,"href":"https:\/\/www.laguiadepamplona.com\/actualidad\/wp-json\/wp\/v2\/users\/1"}],"replies":[{"embeddable":true,"href":"https:\/\/www.laguiadepamplona.com\/actualidad\/wp-json\/wp\/v2\/comments?post=37374"}],"version-history":[{"count":0,"href":"https:\/\/www.laguiadepamplona.com\/actualidad\/wp-json\/wp\/v2\/posts\/37374\/revisions"}],"wp:featuredmedia":[{"embeddable":true,"href":"https:\/\/www.laguiadepamplona.com\/actualidad\/wp-json\/wp\/v2\/media\/37375"}],"wp:attachment":[{"href":"https:\/\/www.laguiadepamplona.com\/actualidad\/wp-json\/wp\/v2\/media?parent=37374"}],"wp:term":[{"taxonomy":"category","embeddable":true,"href":"https:\/\/www.laguiadepamplona.com\/actualidad\/wp-json\/wp\/v2\/categories?post=37374"},{"taxonomy":"post_tag","embeddable":true,"href":"https:\/\/www.laguiadepamplona.com\/actualidad\/wp-json\/wp\/v2\/tags?post=37374"}],"curies":[{"name":"wp","href":"https:\/\/api.w.org\/{rel}","templated":true}]}}