{"id":37350,"date":"2021-11-05T13:24:58","date_gmt":"2021-11-05T11:24:58","guid":{"rendered":"https:\/\/www.laguiadepamplona.com\/actualidad\/?p=37350"},"modified":"2023-04-11T11:48:48","modified_gmt":"2023-04-11T09:48:48","slug":"roberta-de-nicola-presenta-una-reflexion-fotografica-sobre-los-sentimientos-en-su-muestra-moods-en-el-polvorin-de-la-ciudadela","status":"publish","type":"post","link":"https:\/\/www.laguiadepamplona.com\/actualidad\/roberta-de-nicola-presenta-una-reflexion-fotografica-sobre-los-sentimientos-en-su-muestra-moods-en-el-polvorin-de-la-ciudadela\/","title":{"rendered":"Roberta de Nicola presenta una reflexi\u00f3n fotogr\u00e1fica sobre los sentimientos en su muestra MOODS, en el Polvor\u00edn de la Ciudadela"},"content":{"rendered":"<h5>La exposici\u00f3n estar\u00e1 abierta al p\u00fablico hasta el 19 de diciembre<\/h5>\n<p><!--more--><\/p>\n<p>El Polvor\u00edn de la Ciudadela acoge, hasta el 19 de diciembre, la muestra MOODS, de la creadora italiana Roberta de Nicola. La exposici\u00f3n consta de 41 fotograf\u00edas en blanco y negro realizadas en los \u00faltimos a\u00f1os en localidades de Italia, Suiza y Espa\u00f1a. El trabajo de la fot\u00f3grafa es una reflexi\u00f3n sobre lo que subyace, un estudio conceptual en el que, usando la luz, acerca a la naturaleza sin artificios y a los los objetos de creaci\u00f3n humana, todos ellos suspendidos entre los animado y lo inanimado. De Nicola interpela al espectador a que redescubra la belleza de los que le rodea y los estados de \u00e1nimo que sugieren.<\/p>\n<p><script async src=\"\/\/pagead2.googlesyndication.com\/pagead\/js\/adsbygoogle.js\"><\/script><br \/>\n<!-- Noticias La Guia de Pamplona --><br \/>\n<ins class=\"adsbygoogle\"\nstyle=\"display:block\"\ndata-ad-client=\"ca-pub-6943679897239327\"\ndata-ad-slot=\"7048180777\"\ndata-ad-format=\"auto\"><\/ins><br \/>\n<script>\n(adsbygoogle = window.adsbygoogle || []).push({});\n<\/script><\/p>\n<p>Esta ma\u00f1ana han presentado la nueva muestra expositiva su autora, Roberta de Nicola, y el T\u00e9cnico de Artes Pl\u00e1sticas del Ayuntamiento de Pamplona Javier Manzanos. La exposici\u00f3n se podr\u00e1 visitar en horario de martes a s\u00e1bado, de 11.30 a 13.30 y de 18 a 20.30 horas; domingos y festivos de 11.30 a 13.30 horas.<\/p>\n<p>Roberta de Nicola (Italia, 1986) es licenciada en Ciencias del Patrimonio Cultural por la Universidad de Parma y Graduada en Historia del Arte por la Universidad de Bologna. Entre los a\u00f1os 2014 y 2016 desarroll\u00f3 diferentes pr\u00e1cticas en varios Centros de Arte Contempor\u00e1neo de Espa\u00f1a, entre ellos el Centro de Arte Contempor\u00e1neo de Huarte, el Espai d\u2019Art Contempor\u00e1neo de Castell\u00f3n de la Plana y el Centro de Arte Contempor\u00e1neo de M\u00e1laga. Fot\u00f3grafa anal\u00f3gica y digital autodidacta hasta 2019, a\u00f1o en el que se forma el CEF Escuela de Artes Audiovisuales de Palma de Mallorca, actualmente trabaja como profesional de la fotograf\u00eda comercial.<\/p>\n<p><script async src=\"\/\/pagead2.googlesyndication.com\/pagead\/js\/adsbygoogle.js\"><\/script><br \/>\n<!-- Noticias La Guia de Pamplona --><br \/>\n<ins class=\"adsbygoogle\"\nstyle=\"display:block\"\ndata-ad-client=\"ca-pub-6943679897239327\"\ndata-ad-slot=\"7048180777\"\ndata-ad-format=\"auto\"><\/ins><br \/>\n<script>\n(adsbygoogle = window.adsbygoogle || []).push({});\n<\/script><\/p>\n<p>Afincada en Palma de Mallorca la artista ha vivido y viajado por Italia, Per\u00fa, Espa\u00f1a y Suiza. A lo largo de su trayectoria ha dise\u00f1ado y desarrollado talleres de arte para ni\u00f1os y ha colaborado en diferentes proyectos art\u00edsticos, destacando la exposici\u00f3n colectiva BEERLOWSKY en el barrio del Carmen de Valencia (2016); su participaci\u00f3n en FotoEventi Group en Gran Canaria (2017) y su trabajo con el colectivo Diaphanes en expo IncArt 2020 \/ Estudio 16 Palma 2019.<\/p>\n<p>El a\u00f1o pasado Roberta de Nicola fue galardonada con el premio Castellitx Fotograf\u00eda de Palma de Mallorca.<\/p>\n","protected":false},"excerpt":{"rendered":"<p>La exposici\u00f3n estar\u00e1 abierta al p\u00fablico hasta el 19 de diciembre<\/p>\n","protected":false},"author":1,"featured_media":37351,"comment_status":"open","ping_status":"closed","sticky":false,"template":"","format":"standard","meta":{"footnotes":""},"categories":[2],"tags":[],"class_list":["post-37350","post","type-post","status-publish","format-standard","has-post-thumbnail","hentry","category-ayuntamiento-pamplona"],"yoast_head":"<!-- This site is optimized with the Yoast SEO plugin v27.5 - https:\/\/yoast.com\/product\/yoast-seo-wordpress\/ -->\n<title>Roberta de Nicola presenta una reflexi\u00f3n fotogr\u00e1fica sobre los sentimientos en su muestra MOODS, en el Polvor\u00edn de la Ciudadela<\/title>\n<meta name=\"description\" content=\"La exposici\u00f3n estar\u00e1 abierta al p\u00fablico hasta el 19 de diciembre\" \/>\n<meta name=\"robots\" content=\"index, follow, max-snippet:-1, max-image-preview:large, max-video-preview:-1\" \/>\n<link rel=\"canonical\" href=\"https:\/\/www.laguiadepamplona.com\/actualidad\/roberta-de-nicola-presenta-una-reflexion-fotografica-sobre-los-sentimientos-en-su-muestra-moods-en-el-polvorin-de-la-ciudadela\/\" \/>\n<meta property=\"og:locale\" content=\"es_ES\" \/>\n<meta property=\"og:type\" content=\"article\" \/>\n<meta property=\"og:title\" content=\"Roberta de Nicola presenta una reflexi\u00f3n fotogr\u00e1fica sobre los sentimientos en su muestra MOODS, en el Polvor\u00edn de la Ciudadela\" \/>\n<meta property=\"og:description\" content=\"La exposici\u00f3n estar\u00e1 abierta al p\u00fablico hasta el 19 de diciembre\" \/>\n<meta property=\"og:url\" content=\"https:\/\/www.laguiadepamplona.com\/actualidad\/roberta-de-nicola-presenta-una-reflexion-fotografica-sobre-los-sentimientos-en-su-muestra-moods-en-el-polvorin-de-la-ciudadela\/\" \/>\n<meta property=\"og:site_name\" content=\"La Gu\u00eda de Pamplona\" \/>\n<meta property=\"article:publisher\" content=\"https:\/\/www.facebook.com\/laguiadepamplonacom-133175176762273\/?ref=hl\" \/>\n<meta property=\"article:published_time\" content=\"2021-11-05T11:24:58+00:00\" \/>\n<meta property=\"article:modified_time\" content=\"2023-04-11T09:48:48+00:00\" \/>\n<meta property=\"og:image\" content=\"https:\/\/www.laguiadepamplona.com\/actualidad\/wp-content\/uploads\/2021\/11\/roberta-de-nicola.jpeg\" \/>\n\t<meta property=\"og:image:width\" content=\"1600\" \/>\n\t<meta property=\"og:image:height\" content=\"1200\" \/>\n\t<meta property=\"og:image:type\" content=\"image\/jpeg\" \/>\n<meta name=\"author\" content=\"La Gu\u00eda de Pamplona\" \/>\n<meta name=\"twitter:card\" content=\"summary_large_image\" \/>\n<meta name=\"twitter:creator\" content=\"@LaGuiadPamplona\" \/>\n<meta name=\"twitter:site\" content=\"@LaGuiadPamplona\" \/>\n<meta name=\"twitter:label1\" content=\"Escrito por\" \/>\n\t<meta name=\"twitter:data1\" content=\"La Gu\u00eda de Pamplona\" \/>\n\t<meta name=\"twitter:label2\" content=\"Tiempo de lectura\" \/>\n\t<meta name=\"twitter:data2\" content=\"2 minutos\" \/>\n<script type=\"application\/ld+json\" class=\"yoast-schema-graph\">{\"@context\":\"https:\\\/\\\/schema.org\",\"@graph\":[{\"@type\":\"Article\",\"@id\":\"https:\\\/\\\/www.laguiadepamplona.com\\\/actualidad\\\/roberta-de-nicola-presenta-una-reflexion-fotografica-sobre-los-sentimientos-en-su-muestra-moods-en-el-polvorin-de-la-ciudadela\\\/#article\",\"isPartOf\":{\"@id\":\"https:\\\/\\\/www.laguiadepamplona.com\\\/actualidad\\\/roberta-de-nicola-presenta-una-reflexion-fotografica-sobre-los-sentimientos-en-su-muestra-moods-en-el-polvorin-de-la-ciudadela\\\/\"},\"author\":{\"name\":\"La Gu\u00eda de Pamplona\",\"@id\":\"https:\\\/\\\/www.laguiadepamplona.com\\\/actualidad\\\/#\\\/schema\\\/person\\\/efe887376f0213d4657c93adc50b1fdb\"},\"headline\":\"Roberta de Nicola presenta una reflexi\u00f3n fotogr\u00e1fica sobre los sentimientos en su muestra MOODS, en el Polvor\u00edn de la Ciudadela\",\"datePublished\":\"2021-11-05T11:24:58+00:00\",\"dateModified\":\"2023-04-11T09:48:48+00:00\",\"mainEntityOfPage\":{\"@id\":\"https:\\\/\\\/www.laguiadepamplona.com\\\/actualidad\\\/roberta-de-nicola-presenta-una-reflexion-fotografica-sobre-los-sentimientos-en-su-muestra-moods-en-el-polvorin-de-la-ciudadela\\\/\"},\"wordCount\":411,\"commentCount\":0,\"publisher\":{\"@id\":\"https:\\\/\\\/www.laguiadepamplona.com\\\/actualidad\\\/#organization\"},\"image\":{\"@id\":\"https:\\\/\\\/www.laguiadepamplona.com\\\/actualidad\\\/roberta-de-nicola-presenta-una-reflexion-fotografica-sobre-los-sentimientos-en-su-muestra-moods-en-el-polvorin-de-la-ciudadela\\\/#primaryimage\"},\"thumbnailUrl\":\"https:\\\/\\\/www.laguiadepamplona.com\\\/actualidad\\\/wp-content\\\/uploads\\\/2021\\\/11\\\/roberta-de-nicola.jpeg\",\"articleSection\":[\"Ayto Pamplona\"],\"inLanguage\":\"es\",\"potentialAction\":[{\"@type\":\"CommentAction\",\"name\":\"Comment\",\"target\":[\"https:\\\/\\\/www.laguiadepamplona.com\\\/actualidad\\\/roberta-de-nicola-presenta-una-reflexion-fotografica-sobre-los-sentimientos-en-su-muestra-moods-en-el-polvorin-de-la-ciudadela\\\/#respond\"]}]},{\"@type\":\"WebPage\",\"@id\":\"https:\\\/\\\/www.laguiadepamplona.com\\\/actualidad\\\/roberta-de-nicola-presenta-una-reflexion-fotografica-sobre-los-sentimientos-en-su-muestra-moods-en-el-polvorin-de-la-ciudadela\\\/\",\"url\":\"https:\\\/\\\/www.laguiadepamplona.com\\\/actualidad\\\/roberta-de-nicola-presenta-una-reflexion-fotografica-sobre-los-sentimientos-en-su-muestra-moods-en-el-polvorin-de-la-ciudadela\\\/\",\"name\":\"Roberta de Nicola presenta una reflexi\u00f3n fotogr\u00e1fica sobre los sentimientos en su muestra MOODS, en el Polvor\u00edn de la Ciudadela\",\"isPartOf\":{\"@id\":\"https:\\\/\\\/www.laguiadepamplona.com\\\/actualidad\\\/#website\"},\"primaryImageOfPage\":{\"@id\":\"https:\\\/\\\/www.laguiadepamplona.com\\\/actualidad\\\/roberta-de-nicola-presenta-una-reflexion-fotografica-sobre-los-sentimientos-en-su-muestra-moods-en-el-polvorin-de-la-ciudadela\\\/#primaryimage\"},\"image\":{\"@id\":\"https:\\\/\\\/www.laguiadepamplona.com\\\/actualidad\\\/roberta-de-nicola-presenta-una-reflexion-fotografica-sobre-los-sentimientos-en-su-muestra-moods-en-el-polvorin-de-la-ciudadela\\\/#primaryimage\"},\"thumbnailUrl\":\"https:\\\/\\\/www.laguiadepamplona.com\\\/actualidad\\\/wp-content\\\/uploads\\\/2021\\\/11\\\/roberta-de-nicola.jpeg\",\"datePublished\":\"2021-11-05T11:24:58+00:00\",\"dateModified\":\"2023-04-11T09:48:48+00:00\",\"description\":\"La exposici\u00f3n estar\u00e1 abierta al p\u00fablico hasta el 19 de diciembre\",\"breadcrumb\":{\"@id\":\"https:\\\/\\\/www.laguiadepamplona.com\\\/actualidad\\\/roberta-de-nicola-presenta-una-reflexion-fotografica-sobre-los-sentimientos-en-su-muestra-moods-en-el-polvorin-de-la-ciudadela\\\/#breadcrumb\"},\"inLanguage\":\"es\",\"potentialAction\":[{\"@type\":\"ReadAction\",\"target\":[\"https:\\\/\\\/www.laguiadepamplona.com\\\/actualidad\\\/roberta-de-nicola-presenta-una-reflexion-fotografica-sobre-los-sentimientos-en-su-muestra-moods-en-el-polvorin-de-la-ciudadela\\\/\"]}]},{\"@type\":\"ImageObject\",\"inLanguage\":\"es\",\"@id\":\"https:\\\/\\\/www.laguiadepamplona.com\\\/actualidad\\\/roberta-de-nicola-presenta-una-reflexion-fotografica-sobre-los-sentimientos-en-su-muestra-moods-en-el-polvorin-de-la-ciudadela\\\/#primaryimage\",\"url\":\"https:\\\/\\\/www.laguiadepamplona.com\\\/actualidad\\\/wp-content\\\/uploads\\\/2021\\\/11\\\/roberta-de-nicola.jpeg\",\"contentUrl\":\"https:\\\/\\\/www.laguiadepamplona.com\\\/actualidad\\\/wp-content\\\/uploads\\\/2021\\\/11\\\/roberta-de-nicola.jpeg\",\"width\":1600,\"height\":1200},{\"@type\":\"BreadcrumbList\",\"@id\":\"https:\\\/\\\/www.laguiadepamplona.com\\\/actualidad\\\/roberta-de-nicola-presenta-una-reflexion-fotografica-sobre-los-sentimientos-en-su-muestra-moods-en-el-polvorin-de-la-ciudadela\\\/#breadcrumb\",\"itemListElement\":[{\"@type\":\"ListItem\",\"position\":1,\"name\":\"Portada\",\"item\":\"https:\\\/\\\/www.laguiadepamplona.com\\\/actualidad\\\/\"},{\"@type\":\"ListItem\",\"position\":2,\"name\":\"Roberta de Nicola presenta una reflexi\u00f3n fotogr\u00e1fica sobre los sentimientos en su muestra MOODS, en el Polvor\u00edn de la Ciudadela\"}]},{\"@type\":\"WebSite\",\"@id\":\"https:\\\/\\\/www.laguiadepamplona.com\\\/actualidad\\\/#website\",\"url\":\"https:\\\/\\\/www.laguiadepamplona.com\\\/actualidad\\\/\",\"name\":\"La gu\u00eda de Pamplona\",\"description\":\"Noticias de Pamplona\",\"publisher\":{\"@id\":\"https:\\\/\\\/www.laguiadepamplona.com\\\/actualidad\\\/#organization\"},\"potentialAction\":[{\"@type\":\"SearchAction\",\"target\":{\"@type\":\"EntryPoint\",\"urlTemplate\":\"https:\\\/\\\/www.laguiadepamplona.com\\\/actualidad\\\/?s={search_term_string}\"},\"query-input\":{\"@type\":\"PropertyValueSpecification\",\"valueRequired\":true,\"valueName\":\"search_term_string\"}}],\"inLanguage\":\"es\"},{\"@type\":\"Organization\",\"@id\":\"https:\\\/\\\/www.laguiadepamplona.com\\\/actualidad\\\/#organization\",\"name\":\"La Gu\u00eda de Pamplona \\\/ Noticias\",\"url\":\"https:\\\/\\\/www.laguiadepamplona.com\\\/actualidad\\\/\",\"logo\":{\"@type\":\"ImageObject\",\"inLanguage\":\"es\",\"@id\":\"https:\\\/\\\/www.laguiadepamplona.com\\\/actualidad\\\/#\\\/schema\\\/logo\\\/image\\\/\",\"url\":\"https:\\\/\\\/www.laguiadepamplona.com\\\/actualidad\\\/wp-content\\\/uploads\\\/2018\\\/11\\\/logo-laguiadepamplona18-web1.png\",\"contentUrl\":\"https:\\\/\\\/www.laguiadepamplona.com\\\/actualidad\\\/wp-content\\\/uploads\\\/2018\\\/11\\\/logo-laguiadepamplona18-web1.png\",\"width\":600,\"height\":196,\"caption\":\"La Gu\u00eda de Pamplona \\\/ Noticias\"},\"image\":{\"@id\":\"https:\\\/\\\/www.laguiadepamplona.com\\\/actualidad\\\/#\\\/schema\\\/logo\\\/image\\\/\"},\"sameAs\":[\"https:\\\/\\\/www.facebook.com\\\/laguiadepamplonacom-133175176762273\\\/?ref=hl\",\"https:\\\/\\\/x.com\\\/LaGuiadPamplona\",\"https:\\\/\\\/www.instagram.com\\\/la_guia_de_pamplona\\\/\",\"https:\\\/\\\/www.youtube.com\\\/user\\\/laguiadepamplona\"]},{\"@type\":\"Person\",\"@id\":\"https:\\\/\\\/www.laguiadepamplona.com\\\/actualidad\\\/#\\\/schema\\\/person\\\/efe887376f0213d4657c93adc50b1fdb\",\"name\":\"La Gu\u00eda de Pamplona\",\"image\":{\"@type\":\"ImageObject\",\"inLanguage\":\"es\",\"@id\":\"https:\\\/\\\/secure.gravatar.com\\\/avatar\\\/b6992f131dc8d30ab0dff15446e9d346d9dbd95992de0fef795073f5ea83a81c?s=96&d=mm&r=g\",\"url\":\"https:\\\/\\\/secure.gravatar.com\\\/avatar\\\/b6992f131dc8d30ab0dff15446e9d346d9dbd95992de0fef795073f5ea83a81c?s=96&d=mm&r=g\",\"contentUrl\":\"https:\\\/\\\/secure.gravatar.com\\\/avatar\\\/b6992f131dc8d30ab0dff15446e9d346d9dbd95992de0fef795073f5ea83a81c?s=96&d=mm&r=g\",\"caption\":\"La Gu\u00eda de Pamplona\"}}]}<\/script>\n<!-- \/ Yoast SEO plugin. -->","yoast_head_json":{"title":"Roberta de Nicola presenta una reflexi\u00f3n fotogr\u00e1fica sobre los sentimientos en su muestra MOODS, en el Polvor\u00edn de la Ciudadela","description":"La exposici\u00f3n estar\u00e1 abierta al p\u00fablico hasta el 19 de diciembre","robots":{"index":"index","follow":"follow","max-snippet":"max-snippet:-1","max-image-preview":"max-image-preview:large","max-video-preview":"max-video-preview:-1"},"canonical":"https:\/\/www.laguiadepamplona.com\/actualidad\/roberta-de-nicola-presenta-una-reflexion-fotografica-sobre-los-sentimientos-en-su-muestra-moods-en-el-polvorin-de-la-ciudadela\/","og_locale":"es_ES","og_type":"article","og_title":"Roberta de Nicola presenta una reflexi\u00f3n fotogr\u00e1fica sobre los sentimientos en su muestra MOODS, en el Polvor\u00edn de la Ciudadela","og_description":"La exposici\u00f3n estar\u00e1 abierta al p\u00fablico hasta el 19 de diciembre","og_url":"https:\/\/www.laguiadepamplona.com\/actualidad\/roberta-de-nicola-presenta-una-reflexion-fotografica-sobre-los-sentimientos-en-su-muestra-moods-en-el-polvorin-de-la-ciudadela\/","og_site_name":"La Gu\u00eda de Pamplona","article_publisher":"https:\/\/www.facebook.com\/laguiadepamplonacom-133175176762273\/?ref=hl","article_published_time":"2021-11-05T11:24:58+00:00","article_modified_time":"2023-04-11T09:48:48+00:00","og_image":[{"width":1600,"height":1200,"url":"https:\/\/www.laguiadepamplona.com\/actualidad\/wp-content\/uploads\/2021\/11\/roberta-de-nicola.jpeg","type":"image\/jpeg"}],"author":"La Gu\u00eda de Pamplona","twitter_card":"summary_large_image","twitter_creator":"@LaGuiadPamplona","twitter_site":"@LaGuiadPamplona","twitter_misc":{"Escrito por":"La Gu\u00eda de Pamplona","Tiempo de lectura":"2 minutos"},"schema":{"@context":"https:\/\/schema.org","@graph":[{"@type":"Article","@id":"https:\/\/www.laguiadepamplona.com\/actualidad\/roberta-de-nicola-presenta-una-reflexion-fotografica-sobre-los-sentimientos-en-su-muestra-moods-en-el-polvorin-de-la-ciudadela\/#article","isPartOf":{"@id":"https:\/\/www.laguiadepamplona.com\/actualidad\/roberta-de-nicola-presenta-una-reflexion-fotografica-sobre-los-sentimientos-en-su-muestra-moods-en-el-polvorin-de-la-ciudadela\/"},"author":{"name":"La Gu\u00eda de Pamplona","@id":"https:\/\/www.laguiadepamplona.com\/actualidad\/#\/schema\/person\/efe887376f0213d4657c93adc50b1fdb"},"headline":"Roberta de Nicola presenta una reflexi\u00f3n fotogr\u00e1fica sobre los sentimientos en su muestra MOODS, en el Polvor\u00edn de la Ciudadela","datePublished":"2021-11-05T11:24:58+00:00","dateModified":"2023-04-11T09:48:48+00:00","mainEntityOfPage":{"@id":"https:\/\/www.laguiadepamplona.com\/actualidad\/roberta-de-nicola-presenta-una-reflexion-fotografica-sobre-los-sentimientos-en-su-muestra-moods-en-el-polvorin-de-la-ciudadela\/"},"wordCount":411,"commentCount":0,"publisher":{"@id":"https:\/\/www.laguiadepamplona.com\/actualidad\/#organization"},"image":{"@id":"https:\/\/www.laguiadepamplona.com\/actualidad\/roberta-de-nicola-presenta-una-reflexion-fotografica-sobre-los-sentimientos-en-su-muestra-moods-en-el-polvorin-de-la-ciudadela\/#primaryimage"},"thumbnailUrl":"https:\/\/www.laguiadepamplona.com\/actualidad\/wp-content\/uploads\/2021\/11\/roberta-de-nicola.jpeg","articleSection":["Ayto Pamplona"],"inLanguage":"es","potentialAction":[{"@type":"CommentAction","name":"Comment","target":["https:\/\/www.laguiadepamplona.com\/actualidad\/roberta-de-nicola-presenta-una-reflexion-fotografica-sobre-los-sentimientos-en-su-muestra-moods-en-el-polvorin-de-la-ciudadela\/#respond"]}]},{"@type":"WebPage","@id":"https:\/\/www.laguiadepamplona.com\/actualidad\/roberta-de-nicola-presenta-una-reflexion-fotografica-sobre-los-sentimientos-en-su-muestra-moods-en-el-polvorin-de-la-ciudadela\/","url":"https:\/\/www.laguiadepamplona.com\/actualidad\/roberta-de-nicola-presenta-una-reflexion-fotografica-sobre-los-sentimientos-en-su-muestra-moods-en-el-polvorin-de-la-ciudadela\/","name":"Roberta de Nicola presenta una reflexi\u00f3n fotogr\u00e1fica sobre los sentimientos en su muestra MOODS, en el Polvor\u00edn de la Ciudadela","isPartOf":{"@id":"https:\/\/www.laguiadepamplona.com\/actualidad\/#website"},"primaryImageOfPage":{"@id":"https:\/\/www.laguiadepamplona.com\/actualidad\/roberta-de-nicola-presenta-una-reflexion-fotografica-sobre-los-sentimientos-en-su-muestra-moods-en-el-polvorin-de-la-ciudadela\/#primaryimage"},"image":{"@id":"https:\/\/www.laguiadepamplona.com\/actualidad\/roberta-de-nicola-presenta-una-reflexion-fotografica-sobre-los-sentimientos-en-su-muestra-moods-en-el-polvorin-de-la-ciudadela\/#primaryimage"},"thumbnailUrl":"https:\/\/www.laguiadepamplona.com\/actualidad\/wp-content\/uploads\/2021\/11\/roberta-de-nicola.jpeg","datePublished":"2021-11-05T11:24:58+00:00","dateModified":"2023-04-11T09:48:48+00:00","description":"La exposici\u00f3n estar\u00e1 abierta al p\u00fablico hasta el 19 de diciembre","breadcrumb":{"@id":"https:\/\/www.laguiadepamplona.com\/actualidad\/roberta-de-nicola-presenta-una-reflexion-fotografica-sobre-los-sentimientos-en-su-muestra-moods-en-el-polvorin-de-la-ciudadela\/#breadcrumb"},"inLanguage":"es","potentialAction":[{"@type":"ReadAction","target":["https:\/\/www.laguiadepamplona.com\/actualidad\/roberta-de-nicola-presenta-una-reflexion-fotografica-sobre-los-sentimientos-en-su-muestra-moods-en-el-polvorin-de-la-ciudadela\/"]}]},{"@type":"ImageObject","inLanguage":"es","@id":"https:\/\/www.laguiadepamplona.com\/actualidad\/roberta-de-nicola-presenta-una-reflexion-fotografica-sobre-los-sentimientos-en-su-muestra-moods-en-el-polvorin-de-la-ciudadela\/#primaryimage","url":"https:\/\/www.laguiadepamplona.com\/actualidad\/wp-content\/uploads\/2021\/11\/roberta-de-nicola.jpeg","contentUrl":"https:\/\/www.laguiadepamplona.com\/actualidad\/wp-content\/uploads\/2021\/11\/roberta-de-nicola.jpeg","width":1600,"height":1200},{"@type":"BreadcrumbList","@id":"https:\/\/www.laguiadepamplona.com\/actualidad\/roberta-de-nicola-presenta-una-reflexion-fotografica-sobre-los-sentimientos-en-su-muestra-moods-en-el-polvorin-de-la-ciudadela\/#breadcrumb","itemListElement":[{"@type":"ListItem","position":1,"name":"Portada","item":"https:\/\/www.laguiadepamplona.com\/actualidad\/"},{"@type":"ListItem","position":2,"name":"Roberta de Nicola presenta una reflexi\u00f3n fotogr\u00e1fica sobre los sentimientos en su muestra MOODS, en el Polvor\u00edn de la Ciudadela"}]},{"@type":"WebSite","@id":"https:\/\/www.laguiadepamplona.com\/actualidad\/#website","url":"https:\/\/www.laguiadepamplona.com\/actualidad\/","name":"La gu\u00eda de Pamplona","description":"Noticias de Pamplona","publisher":{"@id":"https:\/\/www.laguiadepamplona.com\/actualidad\/#organization"},"potentialAction":[{"@type":"SearchAction","target":{"@type":"EntryPoint","urlTemplate":"https:\/\/www.laguiadepamplona.com\/actualidad\/?s={search_term_string}"},"query-input":{"@type":"PropertyValueSpecification","valueRequired":true,"valueName":"search_term_string"}}],"inLanguage":"es"},{"@type":"Organization","@id":"https:\/\/www.laguiadepamplona.com\/actualidad\/#organization","name":"La Gu\u00eda de Pamplona \/ Noticias","url":"https:\/\/www.laguiadepamplona.com\/actualidad\/","logo":{"@type":"ImageObject","inLanguage":"es","@id":"https:\/\/www.laguiadepamplona.com\/actualidad\/#\/schema\/logo\/image\/","url":"https:\/\/www.laguiadepamplona.com\/actualidad\/wp-content\/uploads\/2018\/11\/logo-laguiadepamplona18-web1.png","contentUrl":"https:\/\/www.laguiadepamplona.com\/actualidad\/wp-content\/uploads\/2018\/11\/logo-laguiadepamplona18-web1.png","width":600,"height":196,"caption":"La Gu\u00eda de Pamplona \/ Noticias"},"image":{"@id":"https:\/\/www.laguiadepamplona.com\/actualidad\/#\/schema\/logo\/image\/"},"sameAs":["https:\/\/www.facebook.com\/laguiadepamplonacom-133175176762273\/?ref=hl","https:\/\/x.com\/LaGuiadPamplona","https:\/\/www.instagram.com\/la_guia_de_pamplona\/","https:\/\/www.youtube.com\/user\/laguiadepamplona"]},{"@type":"Person","@id":"https:\/\/www.laguiadepamplona.com\/actualidad\/#\/schema\/person\/efe887376f0213d4657c93adc50b1fdb","name":"La Gu\u00eda de Pamplona","image":{"@type":"ImageObject","inLanguage":"es","@id":"https:\/\/secure.gravatar.com\/avatar\/b6992f131dc8d30ab0dff15446e9d346d9dbd95992de0fef795073f5ea83a81c?s=96&d=mm&r=g","url":"https:\/\/secure.gravatar.com\/avatar\/b6992f131dc8d30ab0dff15446e9d346d9dbd95992de0fef795073f5ea83a81c?s=96&d=mm&r=g","contentUrl":"https:\/\/secure.gravatar.com\/avatar\/b6992f131dc8d30ab0dff15446e9d346d9dbd95992de0fef795073f5ea83a81c?s=96&d=mm&r=g","caption":"La Gu\u00eda de Pamplona"}}]}},"post_mailing_queue_ids":[],"_links":{"self":[{"href":"https:\/\/www.laguiadepamplona.com\/actualidad\/wp-json\/wp\/v2\/posts\/37350","targetHints":{"allow":["GET"]}}],"collection":[{"href":"https:\/\/www.laguiadepamplona.com\/actualidad\/wp-json\/wp\/v2\/posts"}],"about":[{"href":"https:\/\/www.laguiadepamplona.com\/actualidad\/wp-json\/wp\/v2\/types\/post"}],"author":[{"embeddable":true,"href":"https:\/\/www.laguiadepamplona.com\/actualidad\/wp-json\/wp\/v2\/users\/1"}],"replies":[{"embeddable":true,"href":"https:\/\/www.laguiadepamplona.com\/actualidad\/wp-json\/wp\/v2\/comments?post=37350"}],"version-history":[{"count":0,"href":"https:\/\/www.laguiadepamplona.com\/actualidad\/wp-json\/wp\/v2\/posts\/37350\/revisions"}],"wp:featuredmedia":[{"embeddable":true,"href":"https:\/\/www.laguiadepamplona.com\/actualidad\/wp-json\/wp\/v2\/media\/37351"}],"wp:attachment":[{"href":"https:\/\/www.laguiadepamplona.com\/actualidad\/wp-json\/wp\/v2\/media?parent=37350"}],"wp:term":[{"taxonomy":"category","embeddable":true,"href":"https:\/\/www.laguiadepamplona.com\/actualidad\/wp-json\/wp\/v2\/categories?post=37350"},{"taxonomy":"post_tag","embeddable":true,"href":"https:\/\/www.laguiadepamplona.com\/actualidad\/wp-json\/wp\/v2\/tags?post=37350"}],"curies":[{"name":"wp","href":"https:\/\/api.w.org\/{rel}","templated":true}]}}