{"id":37347,"date":"2021-11-04T17:36:51","date_gmt":"2021-11-04T15:36:51","guid":{"rendered":"https:\/\/www.laguiadepamplona.com\/actualidad\/?p=37347"},"modified":"2023-04-11T11:48:48","modified_gmt":"2023-04-11T09:48:48","slug":"el-alcalde-de-pamplona-se-reune-con-la-asociacion-besarkada-abrazo-de-personas-afectadas-por-el-suicidio-de-una-persona-querida","status":"publish","type":"post","link":"https:\/\/www.laguiadepamplona.com\/actualidad\/el-alcalde-de-pamplona-se-reune-con-la-asociacion-besarkada-abrazo-de-personas-afectadas-por-el-suicidio-de-una-persona-querida\/","title":{"rendered":"El alcalde de Pamplona se re\u00fane con la asociaci\u00f3n Besarkada \u2013 Abrazo, de personas afectadas por el suicidio de una persona querida"},"content":{"rendered":"<p><!--more--><\/p>\n<p>El alcalde de Pamplona, Enrique Maya, se ha reunido esta ma\u00f1ana en su despacho de la Casa Consistorial con la presidenta de la asociaci\u00f3n Besarkada \u2013 Abrazo, Elena A\u00edsa. Esta asociaci\u00f3n agrupa a personas afectadas por el suicidio de una persona querida. En el encuentro han participado tambi\u00e9n la concejala delegada de Servicios Sociales, Acci\u00f3n Comunitaria y Deporte, Mar\u00eda Caballero, y los miembros de Besarkada \u2013 Abrazo, Carmen Huarte y Francisco Carcavilla.<\/p>\n<p><script async src=\"\/\/pagead2.googlesyndication.com\/pagead\/js\/adsbygoogle.js\"><\/script><br \/>\n<!-- Noticias La Guia de Pamplona --><br \/>\n<ins class=\"adsbygoogle\"\nstyle=\"display:block\"\ndata-ad-client=\"ca-pub-6943679897239327\"\ndata-ad-slot=\"7048180777\"\ndata-ad-format=\"auto\"><\/ins><br \/>\n<script>\n(adsbygoogle = window.adsbygoogle || []).push({});\n<\/script><\/p>\n<p>La asociaci\u00f3n Besarkada \u2013 Abrazo concibe su labor como un apoyo, como un recurso para todas las personas afectadas por el suicidio de un ser querido. Pretenden ser un espacio abierto y tolerante con cualquiera posicionamiento, desde el m\u00e1s absoluto respeto hacia cada persona. Este tipo de muerte hace descubrir en muchos casos lo que es vivir un duelo en soledad, ante una sociedad que tampoco est\u00e1 preparada para ello.<\/p>\n<p>En su labor intervienen principalmente en tres aspectos: acoger y compartir vivencias con las personas que est\u00e1n sufriendo la p\u00e9rdida; la tarea de prevenci\u00f3n en una vertiente social, que incluye rescatar la voz y dignidad de las personas que ya no est\u00e1n y la sensibilizaci\u00f3n y la educaci\u00f3n de la sociedad; y la colaboraci\u00f3n, promoci\u00f3n y participaci\u00f3n en proyectos (incluidos los de investigaci\u00f3n) con otras entidades que contribuyan a profundizar en esta realidad y a intervenir de forma m\u00e1s eficiente en su tratamiento.<\/p>\n","protected":false},"excerpt":{"rendered":"","protected":false},"author":1,"featured_media":37348,"comment_status":"open","ping_status":"closed","sticky":false,"template":"","format":"standard","meta":{"footnotes":""},"categories":[2],"tags":[],"class_list":["post-37347","post","type-post","status-publish","format-standard","has-post-thumbnail","hentry","category-ayuntamiento-pamplona"],"yoast_head":"<!-- This site is optimized with the Yoast SEO plugin v27.5 - https:\/\/yoast.com\/product\/yoast-seo-wordpress\/ -->\n<title>El alcalde de Pamplona se re\u00fane con la asociaci\u00f3n Besarkada \u2013 Abrazo, de personas afectadas por el suicidio de una persona querida<\/title>\n<meta name=\"description\" content=\"Esta asociaci\u00f3n agrupa a personas afectadas por el suicidio de una persona querida.\" \/>\n<meta name=\"robots\" content=\"index, follow, max-snippet:-1, max-image-preview:large, max-video-preview:-1\" \/>\n<link rel=\"canonical\" href=\"https:\/\/www.laguiadepamplona.com\/actualidad\/el-alcalde-de-pamplona-se-reune-con-la-asociacion-besarkada-abrazo-de-personas-afectadas-por-el-suicidio-de-una-persona-querida\/\" \/>\n<meta property=\"og:locale\" content=\"es_ES\" \/>\n<meta property=\"og:type\" content=\"article\" \/>\n<meta property=\"og:title\" content=\"El alcalde de Pamplona se re\u00fane con la asociaci\u00f3n Besarkada \u2013 Abrazo, de personas afectadas por el suicidio de una persona querida\" \/>\n<meta property=\"og:description\" content=\"Esta asociaci\u00f3n agrupa a personas afectadas por el suicidio de una persona querida.\" \/>\n<meta property=\"og:url\" content=\"https:\/\/www.laguiadepamplona.com\/actualidad\/el-alcalde-de-pamplona-se-reune-con-la-asociacion-besarkada-abrazo-de-personas-afectadas-por-el-suicidio-de-una-persona-querida\/\" \/>\n<meta property=\"og:site_name\" content=\"La Gu\u00eda de Pamplona\" \/>\n<meta property=\"article:publisher\" content=\"https:\/\/www.facebook.com\/laguiadepamplonacom-133175176762273\/?ref=hl\" \/>\n<meta property=\"article:published_time\" content=\"2021-11-04T15:36:51+00:00\" \/>\n<meta property=\"article:modified_time\" content=\"2023-04-11T09:48:48+00:00\" \/>\n<meta property=\"og:image\" content=\"https:\/\/www.laguiadepamplona.com\/actualidad\/wp-content\/uploads\/2021\/11\/besarkadaabrazo20211104jmg3846.jpg\" \/>\n\t<meta property=\"og:image:width\" content=\"1920\" \/>\n\t<meta property=\"og:image:height\" content=\"1280\" \/>\n\t<meta property=\"og:image:type\" content=\"image\/jpeg\" \/>\n<meta name=\"author\" content=\"La Gu\u00eda de Pamplona\" \/>\n<meta name=\"twitter:card\" content=\"summary_large_image\" \/>\n<meta name=\"twitter:creator\" content=\"@LaGuiadPamplona\" \/>\n<meta name=\"twitter:site\" content=\"@LaGuiadPamplona\" \/>\n<meta name=\"twitter:label1\" content=\"Escrito por\" \/>\n\t<meta name=\"twitter:data1\" content=\"La Gu\u00eda de Pamplona\" \/>\n\t<meta name=\"twitter:label2\" content=\"Tiempo de lectura\" \/>\n\t<meta name=\"twitter:data2\" content=\"1 minuto\" \/>\n<script type=\"application\/ld+json\" class=\"yoast-schema-graph\">{\"@context\":\"https:\\\/\\\/schema.org\",\"@graph\":[{\"@type\":\"Article\",\"@id\":\"https:\\\/\\\/www.laguiadepamplona.com\\\/actualidad\\\/el-alcalde-de-pamplona-se-reune-con-la-asociacion-besarkada-abrazo-de-personas-afectadas-por-el-suicidio-de-una-persona-querida\\\/#article\",\"isPartOf\":{\"@id\":\"https:\\\/\\\/www.laguiadepamplona.com\\\/actualidad\\\/el-alcalde-de-pamplona-se-reune-con-la-asociacion-besarkada-abrazo-de-personas-afectadas-por-el-suicidio-de-una-persona-querida\\\/\"},\"author\":{\"name\":\"La Gu\u00eda de Pamplona\",\"@id\":\"https:\\\/\\\/www.laguiadepamplona.com\\\/actualidad\\\/#\\\/schema\\\/person\\\/efe887376f0213d4657c93adc50b1fdb\"},\"headline\":\"El alcalde de Pamplona se re\u00fane con la asociaci\u00f3n Besarkada \u2013 Abrazo, de personas afectadas por el suicidio de una persona querida\",\"datePublished\":\"2021-11-04T15:36:51+00:00\",\"dateModified\":\"2023-04-11T09:48:48+00:00\",\"mainEntityOfPage\":{\"@id\":\"https:\\\/\\\/www.laguiadepamplona.com\\\/actualidad\\\/el-alcalde-de-pamplona-se-reune-con-la-asociacion-besarkada-abrazo-de-personas-afectadas-por-el-suicidio-de-una-persona-querida\\\/\"},\"wordCount\":265,\"commentCount\":0,\"publisher\":{\"@id\":\"https:\\\/\\\/www.laguiadepamplona.com\\\/actualidad\\\/#organization\"},\"image\":{\"@id\":\"https:\\\/\\\/www.laguiadepamplona.com\\\/actualidad\\\/el-alcalde-de-pamplona-se-reune-con-la-asociacion-besarkada-abrazo-de-personas-afectadas-por-el-suicidio-de-una-persona-querida\\\/#primaryimage\"},\"thumbnailUrl\":\"https:\\\/\\\/www.laguiadepamplona.com\\\/actualidad\\\/wp-content\\\/uploads\\\/2021\\\/11\\\/besarkadaabrazo20211104jmg3846.jpg\",\"articleSection\":[\"Ayto Pamplona\"],\"inLanguage\":\"es\",\"potentialAction\":[{\"@type\":\"CommentAction\",\"name\":\"Comment\",\"target\":[\"https:\\\/\\\/www.laguiadepamplona.com\\\/actualidad\\\/el-alcalde-de-pamplona-se-reune-con-la-asociacion-besarkada-abrazo-de-personas-afectadas-por-el-suicidio-de-una-persona-querida\\\/#respond\"]}]},{\"@type\":\"WebPage\",\"@id\":\"https:\\\/\\\/www.laguiadepamplona.com\\\/actualidad\\\/el-alcalde-de-pamplona-se-reune-con-la-asociacion-besarkada-abrazo-de-personas-afectadas-por-el-suicidio-de-una-persona-querida\\\/\",\"url\":\"https:\\\/\\\/www.laguiadepamplona.com\\\/actualidad\\\/el-alcalde-de-pamplona-se-reune-con-la-asociacion-besarkada-abrazo-de-personas-afectadas-por-el-suicidio-de-una-persona-querida\\\/\",\"name\":\"El alcalde de Pamplona se re\u00fane con la asociaci\u00f3n Besarkada \u2013 Abrazo, de personas afectadas por el suicidio de una persona querida\",\"isPartOf\":{\"@id\":\"https:\\\/\\\/www.laguiadepamplona.com\\\/actualidad\\\/#website\"},\"primaryImageOfPage\":{\"@id\":\"https:\\\/\\\/www.laguiadepamplona.com\\\/actualidad\\\/el-alcalde-de-pamplona-se-reune-con-la-asociacion-besarkada-abrazo-de-personas-afectadas-por-el-suicidio-de-una-persona-querida\\\/#primaryimage\"},\"image\":{\"@id\":\"https:\\\/\\\/www.laguiadepamplona.com\\\/actualidad\\\/el-alcalde-de-pamplona-se-reune-con-la-asociacion-besarkada-abrazo-de-personas-afectadas-por-el-suicidio-de-una-persona-querida\\\/#primaryimage\"},\"thumbnailUrl\":\"https:\\\/\\\/www.laguiadepamplona.com\\\/actualidad\\\/wp-content\\\/uploads\\\/2021\\\/11\\\/besarkadaabrazo20211104jmg3846.jpg\",\"datePublished\":\"2021-11-04T15:36:51+00:00\",\"dateModified\":\"2023-04-11T09:48:48+00:00\",\"description\":\"Esta asociaci\u00f3n agrupa a personas afectadas por el suicidio de una persona querida.\",\"breadcrumb\":{\"@id\":\"https:\\\/\\\/www.laguiadepamplona.com\\\/actualidad\\\/el-alcalde-de-pamplona-se-reune-con-la-asociacion-besarkada-abrazo-de-personas-afectadas-por-el-suicidio-de-una-persona-querida\\\/#breadcrumb\"},\"inLanguage\":\"es\",\"potentialAction\":[{\"@type\":\"ReadAction\",\"target\":[\"https:\\\/\\\/www.laguiadepamplona.com\\\/actualidad\\\/el-alcalde-de-pamplona-se-reune-con-la-asociacion-besarkada-abrazo-de-personas-afectadas-por-el-suicidio-de-una-persona-querida\\\/\"]}]},{\"@type\":\"ImageObject\",\"inLanguage\":\"es\",\"@id\":\"https:\\\/\\\/www.laguiadepamplona.com\\\/actualidad\\\/el-alcalde-de-pamplona-se-reune-con-la-asociacion-besarkada-abrazo-de-personas-afectadas-por-el-suicidio-de-una-persona-querida\\\/#primaryimage\",\"url\":\"https:\\\/\\\/www.laguiadepamplona.com\\\/actualidad\\\/wp-content\\\/uploads\\\/2021\\\/11\\\/besarkadaabrazo20211104jmg3846.jpg\",\"contentUrl\":\"https:\\\/\\\/www.laguiadepamplona.com\\\/actualidad\\\/wp-content\\\/uploads\\\/2021\\\/11\\\/besarkadaabrazo20211104jmg3846.jpg\",\"width\":1920,\"height\":1280,\"caption\":\"A* Jesus Garzaron F* 2021_11_04 T* Reuni\u00f3n con la asociaci\u00f3n Besarkada Abrazo L* Despacho alcald\u00eda\"},{\"@type\":\"BreadcrumbList\",\"@id\":\"https:\\\/\\\/www.laguiadepamplona.com\\\/actualidad\\\/el-alcalde-de-pamplona-se-reune-con-la-asociacion-besarkada-abrazo-de-personas-afectadas-por-el-suicidio-de-una-persona-querida\\\/#breadcrumb\",\"itemListElement\":[{\"@type\":\"ListItem\",\"position\":1,\"name\":\"Portada\",\"item\":\"https:\\\/\\\/www.laguiadepamplona.com\\\/actualidad\\\/\"},{\"@type\":\"ListItem\",\"position\":2,\"name\":\"El alcalde de Pamplona se re\u00fane con la asociaci\u00f3n Besarkada \u2013 Abrazo, de personas afectadas por el suicidio de una persona querida\"}]},{\"@type\":\"WebSite\",\"@id\":\"https:\\\/\\\/www.laguiadepamplona.com\\\/actualidad\\\/#website\",\"url\":\"https:\\\/\\\/www.laguiadepamplona.com\\\/actualidad\\\/\",\"name\":\"La gu\u00eda de Pamplona\",\"description\":\"Noticias de Pamplona\",\"publisher\":{\"@id\":\"https:\\\/\\\/www.laguiadepamplona.com\\\/actualidad\\\/#organization\"},\"potentialAction\":[{\"@type\":\"SearchAction\",\"target\":{\"@type\":\"EntryPoint\",\"urlTemplate\":\"https:\\\/\\\/www.laguiadepamplona.com\\\/actualidad\\\/?s={search_term_string}\"},\"query-input\":{\"@type\":\"PropertyValueSpecification\",\"valueRequired\":true,\"valueName\":\"search_term_string\"}}],\"inLanguage\":\"es\"},{\"@type\":\"Organization\",\"@id\":\"https:\\\/\\\/www.laguiadepamplona.com\\\/actualidad\\\/#organization\",\"name\":\"La Gu\u00eda de Pamplona \\\/ Noticias\",\"url\":\"https:\\\/\\\/www.laguiadepamplona.com\\\/actualidad\\\/\",\"logo\":{\"@type\":\"ImageObject\",\"inLanguage\":\"es\",\"@id\":\"https:\\\/\\\/www.laguiadepamplona.com\\\/actualidad\\\/#\\\/schema\\\/logo\\\/image\\\/\",\"url\":\"https:\\\/\\\/www.laguiadepamplona.com\\\/actualidad\\\/wp-content\\\/uploads\\\/2018\\\/11\\\/logo-laguiadepamplona18-web1.png\",\"contentUrl\":\"https:\\\/\\\/www.laguiadepamplona.com\\\/actualidad\\\/wp-content\\\/uploads\\\/2018\\\/11\\\/logo-laguiadepamplona18-web1.png\",\"width\":600,\"height\":196,\"caption\":\"La Gu\u00eda de Pamplona \\\/ Noticias\"},\"image\":{\"@id\":\"https:\\\/\\\/www.laguiadepamplona.com\\\/actualidad\\\/#\\\/schema\\\/logo\\\/image\\\/\"},\"sameAs\":[\"https:\\\/\\\/www.facebook.com\\\/laguiadepamplonacom-133175176762273\\\/?ref=hl\",\"https:\\\/\\\/x.com\\\/LaGuiadPamplona\",\"https:\\\/\\\/www.instagram.com\\\/la_guia_de_pamplona\\\/\",\"https:\\\/\\\/www.youtube.com\\\/user\\\/laguiadepamplona\"]},{\"@type\":\"Person\",\"@id\":\"https:\\\/\\\/www.laguiadepamplona.com\\\/actualidad\\\/#\\\/schema\\\/person\\\/efe887376f0213d4657c93adc50b1fdb\",\"name\":\"La Gu\u00eda de Pamplona\",\"image\":{\"@type\":\"ImageObject\",\"inLanguage\":\"es\",\"@id\":\"https:\\\/\\\/secure.gravatar.com\\\/avatar\\\/b6992f131dc8d30ab0dff15446e9d346d9dbd95992de0fef795073f5ea83a81c?s=96&d=mm&r=g\",\"url\":\"https:\\\/\\\/secure.gravatar.com\\\/avatar\\\/b6992f131dc8d30ab0dff15446e9d346d9dbd95992de0fef795073f5ea83a81c?s=96&d=mm&r=g\",\"contentUrl\":\"https:\\\/\\\/secure.gravatar.com\\\/avatar\\\/b6992f131dc8d30ab0dff15446e9d346d9dbd95992de0fef795073f5ea83a81c?s=96&d=mm&r=g\",\"caption\":\"La Gu\u00eda de Pamplona\"}}]}<\/script>\n<!-- \/ Yoast SEO plugin. -->","yoast_head_json":{"title":"El alcalde de Pamplona se re\u00fane con la asociaci\u00f3n Besarkada \u2013 Abrazo, de personas afectadas por el suicidio de una persona querida","description":"Esta asociaci\u00f3n agrupa a personas afectadas por el suicidio de una persona querida.","robots":{"index":"index","follow":"follow","max-snippet":"max-snippet:-1","max-image-preview":"max-image-preview:large","max-video-preview":"max-video-preview:-1"},"canonical":"https:\/\/www.laguiadepamplona.com\/actualidad\/el-alcalde-de-pamplona-se-reune-con-la-asociacion-besarkada-abrazo-de-personas-afectadas-por-el-suicidio-de-una-persona-querida\/","og_locale":"es_ES","og_type":"article","og_title":"El alcalde de Pamplona se re\u00fane con la asociaci\u00f3n Besarkada \u2013 Abrazo, de personas afectadas por el suicidio de una persona querida","og_description":"Esta asociaci\u00f3n agrupa a personas afectadas por el suicidio de una persona querida.","og_url":"https:\/\/www.laguiadepamplona.com\/actualidad\/el-alcalde-de-pamplona-se-reune-con-la-asociacion-besarkada-abrazo-de-personas-afectadas-por-el-suicidio-de-una-persona-querida\/","og_site_name":"La Gu\u00eda de Pamplona","article_publisher":"https:\/\/www.facebook.com\/laguiadepamplonacom-133175176762273\/?ref=hl","article_published_time":"2021-11-04T15:36:51+00:00","article_modified_time":"2023-04-11T09:48:48+00:00","og_image":[{"width":1920,"height":1280,"url":"https:\/\/www.laguiadepamplona.com\/actualidad\/wp-content\/uploads\/2021\/11\/besarkadaabrazo20211104jmg3846.jpg","type":"image\/jpeg"}],"author":"La Gu\u00eda de Pamplona","twitter_card":"summary_large_image","twitter_creator":"@LaGuiadPamplona","twitter_site":"@LaGuiadPamplona","twitter_misc":{"Escrito por":"La Gu\u00eda de Pamplona","Tiempo de lectura":"1 minuto"},"schema":{"@context":"https:\/\/schema.org","@graph":[{"@type":"Article","@id":"https:\/\/www.laguiadepamplona.com\/actualidad\/el-alcalde-de-pamplona-se-reune-con-la-asociacion-besarkada-abrazo-de-personas-afectadas-por-el-suicidio-de-una-persona-querida\/#article","isPartOf":{"@id":"https:\/\/www.laguiadepamplona.com\/actualidad\/el-alcalde-de-pamplona-se-reune-con-la-asociacion-besarkada-abrazo-de-personas-afectadas-por-el-suicidio-de-una-persona-querida\/"},"author":{"name":"La Gu\u00eda de Pamplona","@id":"https:\/\/www.laguiadepamplona.com\/actualidad\/#\/schema\/person\/efe887376f0213d4657c93adc50b1fdb"},"headline":"El alcalde de Pamplona se re\u00fane con la asociaci\u00f3n Besarkada \u2013 Abrazo, de personas afectadas por el suicidio de una persona querida","datePublished":"2021-11-04T15:36:51+00:00","dateModified":"2023-04-11T09:48:48+00:00","mainEntityOfPage":{"@id":"https:\/\/www.laguiadepamplona.com\/actualidad\/el-alcalde-de-pamplona-se-reune-con-la-asociacion-besarkada-abrazo-de-personas-afectadas-por-el-suicidio-de-una-persona-querida\/"},"wordCount":265,"commentCount":0,"publisher":{"@id":"https:\/\/www.laguiadepamplona.com\/actualidad\/#organization"},"image":{"@id":"https:\/\/www.laguiadepamplona.com\/actualidad\/el-alcalde-de-pamplona-se-reune-con-la-asociacion-besarkada-abrazo-de-personas-afectadas-por-el-suicidio-de-una-persona-querida\/#primaryimage"},"thumbnailUrl":"https:\/\/www.laguiadepamplona.com\/actualidad\/wp-content\/uploads\/2021\/11\/besarkadaabrazo20211104jmg3846.jpg","articleSection":["Ayto Pamplona"],"inLanguage":"es","potentialAction":[{"@type":"CommentAction","name":"Comment","target":["https:\/\/www.laguiadepamplona.com\/actualidad\/el-alcalde-de-pamplona-se-reune-con-la-asociacion-besarkada-abrazo-de-personas-afectadas-por-el-suicidio-de-una-persona-querida\/#respond"]}]},{"@type":"WebPage","@id":"https:\/\/www.laguiadepamplona.com\/actualidad\/el-alcalde-de-pamplona-se-reune-con-la-asociacion-besarkada-abrazo-de-personas-afectadas-por-el-suicidio-de-una-persona-querida\/","url":"https:\/\/www.laguiadepamplona.com\/actualidad\/el-alcalde-de-pamplona-se-reune-con-la-asociacion-besarkada-abrazo-de-personas-afectadas-por-el-suicidio-de-una-persona-querida\/","name":"El alcalde de Pamplona se re\u00fane con la asociaci\u00f3n Besarkada \u2013 Abrazo, de personas afectadas por el suicidio de una persona querida","isPartOf":{"@id":"https:\/\/www.laguiadepamplona.com\/actualidad\/#website"},"primaryImageOfPage":{"@id":"https:\/\/www.laguiadepamplona.com\/actualidad\/el-alcalde-de-pamplona-se-reune-con-la-asociacion-besarkada-abrazo-de-personas-afectadas-por-el-suicidio-de-una-persona-querida\/#primaryimage"},"image":{"@id":"https:\/\/www.laguiadepamplona.com\/actualidad\/el-alcalde-de-pamplona-se-reune-con-la-asociacion-besarkada-abrazo-de-personas-afectadas-por-el-suicidio-de-una-persona-querida\/#primaryimage"},"thumbnailUrl":"https:\/\/www.laguiadepamplona.com\/actualidad\/wp-content\/uploads\/2021\/11\/besarkadaabrazo20211104jmg3846.jpg","datePublished":"2021-11-04T15:36:51+00:00","dateModified":"2023-04-11T09:48:48+00:00","description":"Esta asociaci\u00f3n agrupa a personas afectadas por el suicidio de una persona querida.","breadcrumb":{"@id":"https:\/\/www.laguiadepamplona.com\/actualidad\/el-alcalde-de-pamplona-se-reune-con-la-asociacion-besarkada-abrazo-de-personas-afectadas-por-el-suicidio-de-una-persona-querida\/#breadcrumb"},"inLanguage":"es","potentialAction":[{"@type":"ReadAction","target":["https:\/\/www.laguiadepamplona.com\/actualidad\/el-alcalde-de-pamplona-se-reune-con-la-asociacion-besarkada-abrazo-de-personas-afectadas-por-el-suicidio-de-una-persona-querida\/"]}]},{"@type":"ImageObject","inLanguage":"es","@id":"https:\/\/www.laguiadepamplona.com\/actualidad\/el-alcalde-de-pamplona-se-reune-con-la-asociacion-besarkada-abrazo-de-personas-afectadas-por-el-suicidio-de-una-persona-querida\/#primaryimage","url":"https:\/\/www.laguiadepamplona.com\/actualidad\/wp-content\/uploads\/2021\/11\/besarkadaabrazo20211104jmg3846.jpg","contentUrl":"https:\/\/www.laguiadepamplona.com\/actualidad\/wp-content\/uploads\/2021\/11\/besarkadaabrazo20211104jmg3846.jpg","width":1920,"height":1280,"caption":"A* Jesus Garzaron F* 2021_11_04 T* Reuni\u00f3n con la asociaci\u00f3n Besarkada Abrazo L* Despacho alcald\u00eda"},{"@type":"BreadcrumbList","@id":"https:\/\/www.laguiadepamplona.com\/actualidad\/el-alcalde-de-pamplona-se-reune-con-la-asociacion-besarkada-abrazo-de-personas-afectadas-por-el-suicidio-de-una-persona-querida\/#breadcrumb","itemListElement":[{"@type":"ListItem","position":1,"name":"Portada","item":"https:\/\/www.laguiadepamplona.com\/actualidad\/"},{"@type":"ListItem","position":2,"name":"El alcalde de Pamplona se re\u00fane con la asociaci\u00f3n Besarkada \u2013 Abrazo, de personas afectadas por el suicidio de una persona querida"}]},{"@type":"WebSite","@id":"https:\/\/www.laguiadepamplona.com\/actualidad\/#website","url":"https:\/\/www.laguiadepamplona.com\/actualidad\/","name":"La gu\u00eda de Pamplona","description":"Noticias de Pamplona","publisher":{"@id":"https:\/\/www.laguiadepamplona.com\/actualidad\/#organization"},"potentialAction":[{"@type":"SearchAction","target":{"@type":"EntryPoint","urlTemplate":"https:\/\/www.laguiadepamplona.com\/actualidad\/?s={search_term_string}"},"query-input":{"@type":"PropertyValueSpecification","valueRequired":true,"valueName":"search_term_string"}}],"inLanguage":"es"},{"@type":"Organization","@id":"https:\/\/www.laguiadepamplona.com\/actualidad\/#organization","name":"La Gu\u00eda de Pamplona \/ Noticias","url":"https:\/\/www.laguiadepamplona.com\/actualidad\/","logo":{"@type":"ImageObject","inLanguage":"es","@id":"https:\/\/www.laguiadepamplona.com\/actualidad\/#\/schema\/logo\/image\/","url":"https:\/\/www.laguiadepamplona.com\/actualidad\/wp-content\/uploads\/2018\/11\/logo-laguiadepamplona18-web1.png","contentUrl":"https:\/\/www.laguiadepamplona.com\/actualidad\/wp-content\/uploads\/2018\/11\/logo-laguiadepamplona18-web1.png","width":600,"height":196,"caption":"La Gu\u00eda de Pamplona \/ Noticias"},"image":{"@id":"https:\/\/www.laguiadepamplona.com\/actualidad\/#\/schema\/logo\/image\/"},"sameAs":["https:\/\/www.facebook.com\/laguiadepamplonacom-133175176762273\/?ref=hl","https:\/\/x.com\/LaGuiadPamplona","https:\/\/www.instagram.com\/la_guia_de_pamplona\/","https:\/\/www.youtube.com\/user\/laguiadepamplona"]},{"@type":"Person","@id":"https:\/\/www.laguiadepamplona.com\/actualidad\/#\/schema\/person\/efe887376f0213d4657c93adc50b1fdb","name":"La Gu\u00eda de Pamplona","image":{"@type":"ImageObject","inLanguage":"es","@id":"https:\/\/secure.gravatar.com\/avatar\/b6992f131dc8d30ab0dff15446e9d346d9dbd95992de0fef795073f5ea83a81c?s=96&d=mm&r=g","url":"https:\/\/secure.gravatar.com\/avatar\/b6992f131dc8d30ab0dff15446e9d346d9dbd95992de0fef795073f5ea83a81c?s=96&d=mm&r=g","contentUrl":"https:\/\/secure.gravatar.com\/avatar\/b6992f131dc8d30ab0dff15446e9d346d9dbd95992de0fef795073f5ea83a81c?s=96&d=mm&r=g","caption":"La Gu\u00eda de Pamplona"}}]}},"post_mailing_queue_ids":[],"_links":{"self":[{"href":"https:\/\/www.laguiadepamplona.com\/actualidad\/wp-json\/wp\/v2\/posts\/37347","targetHints":{"allow":["GET"]}}],"collection":[{"href":"https:\/\/www.laguiadepamplona.com\/actualidad\/wp-json\/wp\/v2\/posts"}],"about":[{"href":"https:\/\/www.laguiadepamplona.com\/actualidad\/wp-json\/wp\/v2\/types\/post"}],"author":[{"embeddable":true,"href":"https:\/\/www.laguiadepamplona.com\/actualidad\/wp-json\/wp\/v2\/users\/1"}],"replies":[{"embeddable":true,"href":"https:\/\/www.laguiadepamplona.com\/actualidad\/wp-json\/wp\/v2\/comments?post=37347"}],"version-history":[{"count":0,"href":"https:\/\/www.laguiadepamplona.com\/actualidad\/wp-json\/wp\/v2\/posts\/37347\/revisions"}],"wp:featuredmedia":[{"embeddable":true,"href":"https:\/\/www.laguiadepamplona.com\/actualidad\/wp-json\/wp\/v2\/media\/37348"}],"wp:attachment":[{"href":"https:\/\/www.laguiadepamplona.com\/actualidad\/wp-json\/wp\/v2\/media?parent=37347"}],"wp:term":[{"taxonomy":"category","embeddable":true,"href":"https:\/\/www.laguiadepamplona.com\/actualidad\/wp-json\/wp\/v2\/categories?post=37347"},{"taxonomy":"post_tag","embeddable":true,"href":"https:\/\/www.laguiadepamplona.com\/actualidad\/wp-json\/wp\/v2\/tags?post=37347"}],"curies":[{"name":"wp","href":"https:\/\/api.w.org\/{rel}","templated":true}]}}