{"id":37341,"date":"2021-11-04T14:00:34","date_gmt":"2021-11-04T12:00:34","guid":{"rendered":"https:\/\/www.laguiadepamplona.com\/actualidad\/?p=37341"},"modified":"2023-04-11T11:48:48","modified_gmt":"2023-04-11T09:48:48","slug":"la-plaza-de-los-burgos-acoge-los-sabados-6-y-13-de-noviembre-sendos-festivales-organizados-por-duguna-taldea-con-la-participacion-de-otros-grupos-de-dantzas","status":"publish","type":"post","link":"https:\/\/www.laguiadepamplona.com\/actualidad\/la-plaza-de-los-burgos-acoge-los-sabados-6-y-13-de-noviembre-sendos-festivales-organizados-por-duguna-taldea-con-la-participacion-de-otros-grupos-de-dantzas\/","title":{"rendered":"La plaza de los Burgos acoge los s\u00e1bados 6 y 13 de noviembre sendos festivales organizados por Duguna Taldea con la participaci\u00f3n de otros grupos de dantzas"},"content":{"rendered":"<h5>El d\u00eda 6 actuar\u00e1n Kezka Dantza Taldea y el grupo de dantzas de Iurreta, y el 13 de noviembre bailar\u00e1n el grupo de danzas de O\u00f1ati y Baztandarrak<\/h5>\n<p><!--more--><\/p>\n<p>El grupo de dantzaris Duguna Taldea ha organizado para los s\u00e1bados 6 y 13 de noviembre, a las 12 horas, dos festivales en la plaza de los Burgos. Duguna Taldea actuar\u00e1 junto a otros grupos de dantzas, interpretando bailes t\u00edpicos de las zonas y localidades de donde proceden. El 6 de noviembre bailar\u00e1n Kezka Dantza Taldea (Eibar) y Iurretako Dantzariak (Iurreta). El 13 de noviembre actuar\u00e1n O\u00f1atz Dantza Taldea (O\u00f1ate) y Baztandarrak Dantza Taldea (Baztan).<\/p>\n<p><script async src=\"\/\/pagead2.googlesyndication.com\/pagead\/js\/adsbygoogle.js\"><\/script><br \/>\n<!-- Noticias La Guia de Pamplona --><br \/>\n<ins class=\"adsbygoogle\"\nstyle=\"display:block\"\ndata-ad-client=\"ca-pub-6943679897239327\"\ndata-ad-slot=\"7048180777\"\ndata-ad-format=\"auto\"><\/ins><br \/>\n<script>\n(adsbygoogle = window.adsbygoogle || []).push({});\n<\/script><\/p>\n<p>Kezka Dantza Taldea interpretar\u00e1 las danzas de Arrate, que habitualmente se bailan el d\u00eda 8 de septiembre en las campas de Arrate de Eibar, en los alrededores de la ermita del mismo nombre. All\u00ed se fund\u00f3 en 1927 la Asociaci\u00f3n de Txistularis del Pa\u00eds Vasco y, al igual que los txistularis, los trikitilaris tambi\u00e9n han considerado a Arrate como patrona de su asociaci\u00f3n. En la procesi\u00f3n del 8 de septiembre, y en la romer\u00eda posterior, las danzas han sido habituales durante mucho tiempo. Desde el a\u00f1o 2005, se bailan de la forma en que se presentar\u00e1n este s\u00e1bado tanto la ezpata-dantza como las trokeo-dantzak (makila txikiena, makila handiena y brokel-makilena). Kezka Dantza Taldea surgi\u00f3 en 1958 en el seno del Club Deportivo de Eibar y se encarga de representar las danzas del calendario festivo de la localidad guipuzcoana.<\/p>\n<p>A pesar de su larga historia anterior, el grupo de danza de Iurreta naci\u00f3 oficialmente en 1989 tras la desanexi\u00f3n de la localidad de Durango. En sus actuaciones presentan las distintas danzas del Duranguesado, como \u201cDantzari-dantza\u201d, que se bailar\u00e1 el s\u00e1bado, \u201cGorulariak\u201d y la \u201cSoka-dantza\u201d. Las distintas generaciones han ido modificando el car\u00e1cter del grupo. En un principio s\u00f3lo los chicos ten\u00edan la oportunidad de bailar, aunque ya tras el paso hacia la paridad dado en 2018, act\u00faan tanto chicos como chicas. A punto de perderse las danzas de la zona tras la Guerra Civil, con la ayuda de otros apasionados de la danza, varios miembros del grupo consiguieron recuperar la dantzari-dantza. Posteriormente, se recuperaron tambi\u00e9n la danza de gorularis y la soka-dantza femenina.<\/p>\n<p><script async src=\"\/\/pagead2.googlesyndication.com\/pagead\/js\/adsbygoogle.js\"><\/script><br \/>\n<!-- Noticias La Guia de Pamplona --><br \/>\n<ins class=\"adsbygoogle\"\nstyle=\"display:block\"\ndata-ad-client=\"ca-pub-6943679897239327\"\ndata-ad-slot=\"7048180777\"\ndata-ad-format=\"auto\"><\/ins><br \/>\n<script>\n(adsbygoogle = window.adsbygoogle || []).push({});\n<\/script><\/p>\n<p><strong>O\u00f1atz Dantza Taldea y Baztandarrak, grupos de la actuaci\u00f3n del d\u00eda 13 de noviembre<\/strong><\/p>\n<p><strong>El 13 de noviembre actuar\u00e1n los grupos O\u00f1atz Dantza Taldea de O\u00f1ati y Baztandarrak de Baztan. <\/strong>El grupo de danza<strong> O\u00f1atz Dantza Taldea<\/strong> fue fundado en 1970. En los primeros a\u00f1os fue un grupo de danzas infantiles y, a partir de 1975, cuenta tambi\u00e9n con un grupo de dantzaris adultos. En la actualidad el grupo est\u00e1 compuesto por casi 400 dantzaris, 300 menores y 75 personas adultas. La actividad principal de O\u00f1atz Dantza Taldea ha sido conocer, trabajar y bailar las danzas tradicionales vascas, sobre todo las danzas de Corpus de O\u00f1ati. Ofrecer\u00e1n las danzas \u201cSan Miguel\u201d, \u201cBanako\u201d, \u201cLaunako\u201d, \u201cZortziko\u201d o \u201cArku-dantza\u201d de O\u00f1ati.<\/p>\n<p>La escuela de danza Baztandarrak es la rama de danza del grupo cultural Jo ala jo. Su objetivo es practicar, vivir, ense\u00f1ar, investigar, recrear y difundir las danzas populares de Baztan, entendiendo como principio b\u00e1sico el mantenimiento vivo de la danza desde y para el pueblo. Alejados del modelo del grupo de danza urbano, los miembros de la escuela de danza Baztandarrak son dantzaris de todas las edades.<\/p>\n<p><script async src=\"\/\/pagead2.googlesyndication.com\/pagead\/js\/adsbygoogle.js\"><\/script><br \/>\n<!-- Noticias La Guia de Pamplona --><br \/>\n<ins class=\"adsbygoogle\"\nstyle=\"display:block\"\ndata-ad-client=\"ca-pub-6943679897239327\"\ndata-ad-slot=\"7048180777\"\ndata-ad-format=\"auto\"><\/ins><br \/>\n<script>\n(adsbygoogle = window.adsbygoogle || []).push({});\n<\/script><\/p>\n<p>&nbsp;<\/p>\n<h3>Actuaciones de Duguna taldea y otros grupos de dantzas<\/h3>\n<ul>\n<li>S\u00e1bado 6 de noviembre, 12 horas. Plaza de los Burgos\n<ul>\n<li>Kezka Dantza Taldea (Eibar) &#8211; Danzas de Arrate<\/li>\n<li>Iurretako Dantzariak (Iurreta) &#8211; Dantzari-dantza del Duranguesado<\/li>\n<li>Duguna Taldea<\/li>\n<\/ul>\n<\/li>\n<li>S\u00e1bado 13 de noviembre, 12 horas. Plaza de los Burgos\n<ul>\n<li>O\u00f1atz Dantza Taldea (O\u00f1ate) &#8211; Danzas del Corpus de O\u00f1ati<\/li>\n<li>Baztandarrak Dantza Taldea (Baztan) &#8211; Diferentes bailes del valle del Baztan<\/li>\n<li>Duguna Taldea<\/li>\n<\/ul>\n<\/li>\n<\/ul>\n","protected":false},"excerpt":{"rendered":"<p>El d\u00eda 6 actuar\u00e1n Kezka Dantza Taldea y el grupo de dantzas de Iurreta, y el 13 de noviembre bailar\u00e1n el grupo de danzas de O\u00f1ati y Baztandarrak<\/p>\n","protected":false},"author":1,"featured_media":37342,"comment_status":"open","ping_status":"closed","sticky":false,"template":"","format":"standard","meta":{"footnotes":""},"categories":[2],"tags":[],"class_list":["post-37341","post","type-post","status-publish","format-standard","has-post-thumbnail","hentry","category-ayuntamiento-pamplona"],"yoast_head":"<!-- This site is optimized with the Yoast SEO plugin v27.5 - https:\/\/yoast.com\/product\/yoast-seo-wordpress\/ -->\n<title>La plaza de los Burgos acoge los s\u00e1bados 6 y 13 de noviembre sendos festivales organizados por Duguna Taldea con la participaci\u00f3n de otros grupos de dantzas<\/title>\n<meta name=\"description\" content=\"El d\u00eda 6 actuar\u00e1n Kezka Dantza Taldea y el grupo de dantzas de Iurreta, y el 13 de noviembre bailar\u00e1n el grupo de danzas de O\u00f1ati y Baztandarrak\" \/>\n<meta name=\"robots\" content=\"index, follow, max-snippet:-1, max-image-preview:large, max-video-preview:-1\" \/>\n<link rel=\"canonical\" href=\"https:\/\/www.laguiadepamplona.com\/actualidad\/la-plaza-de-los-burgos-acoge-los-sabados-6-y-13-de-noviembre-sendos-festivales-organizados-por-duguna-taldea-con-la-participacion-de-otros-grupos-de-dantzas\/\" \/>\n<meta property=\"og:locale\" content=\"es_ES\" \/>\n<meta property=\"og:type\" content=\"article\" \/>\n<meta property=\"og:title\" content=\"La plaza de los Burgos acoge los s\u00e1bados 6 y 13 de noviembre sendos festivales organizados por Duguna Taldea con la participaci\u00f3n de otros grupos de dantzas\" \/>\n<meta property=\"og:description\" content=\"El d\u00eda 6 actuar\u00e1n Kezka Dantza Taldea y el grupo de dantzas de Iurreta, y el 13 de noviembre bailar\u00e1n el grupo de danzas de O\u00f1ati y Baztandarrak\" \/>\n<meta property=\"og:url\" content=\"https:\/\/www.laguiadepamplona.com\/actualidad\/la-plaza-de-los-burgos-acoge-los-sabados-6-y-13-de-noviembre-sendos-festivales-organizados-por-duguna-taldea-con-la-participacion-de-otros-grupos-de-dantzas\/\" \/>\n<meta property=\"og:site_name\" content=\"La Gu\u00eda de Pamplona\" \/>\n<meta property=\"article:publisher\" content=\"https:\/\/www.facebook.com\/laguiadepamplonacom-133175176762273\/?ref=hl\" \/>\n<meta property=\"article:published_time\" content=\"2021-11-04T12:00:34+00:00\" \/>\n<meta property=\"article:modified_time\" content=\"2023-04-11T09:48:48+00:00\" \/>\n<meta property=\"og:image\" content=\"https:\/\/www.laguiadepamplona.com\/actualidad\/wp-content\/uploads\/2021\/11\/Duguna.jpg\" \/>\n\t<meta property=\"og:image:width\" content=\"1500\" \/>\n\t<meta property=\"og:image:height\" content=\"1000\" \/>\n\t<meta property=\"og:image:type\" content=\"image\/jpeg\" \/>\n<meta name=\"author\" content=\"La Gu\u00eda de Pamplona\" \/>\n<meta name=\"twitter:card\" content=\"summary_large_image\" \/>\n<meta name=\"twitter:creator\" content=\"@LaGuiadPamplona\" \/>\n<meta name=\"twitter:site\" content=\"@LaGuiadPamplona\" \/>\n<meta name=\"twitter:label1\" content=\"Escrito por\" \/>\n\t<meta name=\"twitter:data1\" content=\"La Gu\u00eda de Pamplona\" \/>\n\t<meta name=\"twitter:label2\" content=\"Tiempo de lectura\" \/>\n\t<meta name=\"twitter:data2\" content=\"3 minutos\" \/>\n<script type=\"application\/ld+json\" class=\"yoast-schema-graph\">{\"@context\":\"https:\\\/\\\/schema.org\",\"@graph\":[{\"@type\":\"Article\",\"@id\":\"https:\\\/\\\/www.laguiadepamplona.com\\\/actualidad\\\/la-plaza-de-los-burgos-acoge-los-sabados-6-y-13-de-noviembre-sendos-festivales-organizados-por-duguna-taldea-con-la-participacion-de-otros-grupos-de-dantzas\\\/#article\",\"isPartOf\":{\"@id\":\"https:\\\/\\\/www.laguiadepamplona.com\\\/actualidad\\\/la-plaza-de-los-burgos-acoge-los-sabados-6-y-13-de-noviembre-sendos-festivales-organizados-por-duguna-taldea-con-la-participacion-de-otros-grupos-de-dantzas\\\/\"},\"author\":{\"name\":\"La Gu\u00eda de Pamplona\",\"@id\":\"https:\\\/\\\/www.laguiadepamplona.com\\\/actualidad\\\/#\\\/schema\\\/person\\\/efe887376f0213d4657c93adc50b1fdb\"},\"headline\":\"La plaza de los Burgos acoge los s\u00e1bados 6 y 13 de noviembre sendos festivales organizados por Duguna Taldea con la participaci\u00f3n de otros grupos de dantzas\",\"datePublished\":\"2021-11-04T12:00:34+00:00\",\"dateModified\":\"2023-04-11T09:48:48+00:00\",\"mainEntityOfPage\":{\"@id\":\"https:\\\/\\\/www.laguiadepamplona.com\\\/actualidad\\\/la-plaza-de-los-burgos-acoge-los-sabados-6-y-13-de-noviembre-sendos-festivales-organizados-por-duguna-taldea-con-la-participacion-de-otros-grupos-de-dantzas\\\/\"},\"wordCount\":670,\"commentCount\":0,\"publisher\":{\"@id\":\"https:\\\/\\\/www.laguiadepamplona.com\\\/actualidad\\\/#organization\"},\"image\":{\"@id\":\"https:\\\/\\\/www.laguiadepamplona.com\\\/actualidad\\\/la-plaza-de-los-burgos-acoge-los-sabados-6-y-13-de-noviembre-sendos-festivales-organizados-por-duguna-taldea-con-la-participacion-de-otros-grupos-de-dantzas\\\/#primaryimage\"},\"thumbnailUrl\":\"https:\\\/\\\/www.laguiadepamplona.com\\\/actualidad\\\/wp-content\\\/uploads\\\/2021\\\/11\\\/Duguna.jpg\",\"articleSection\":[\"Ayto Pamplona\"],\"inLanguage\":\"es\",\"potentialAction\":[{\"@type\":\"CommentAction\",\"name\":\"Comment\",\"target\":[\"https:\\\/\\\/www.laguiadepamplona.com\\\/actualidad\\\/la-plaza-de-los-burgos-acoge-los-sabados-6-y-13-de-noviembre-sendos-festivales-organizados-por-duguna-taldea-con-la-participacion-de-otros-grupos-de-dantzas\\\/#respond\"]}]},{\"@type\":\"WebPage\",\"@id\":\"https:\\\/\\\/www.laguiadepamplona.com\\\/actualidad\\\/la-plaza-de-los-burgos-acoge-los-sabados-6-y-13-de-noviembre-sendos-festivales-organizados-por-duguna-taldea-con-la-participacion-de-otros-grupos-de-dantzas\\\/\",\"url\":\"https:\\\/\\\/www.laguiadepamplona.com\\\/actualidad\\\/la-plaza-de-los-burgos-acoge-los-sabados-6-y-13-de-noviembre-sendos-festivales-organizados-por-duguna-taldea-con-la-participacion-de-otros-grupos-de-dantzas\\\/\",\"name\":\"La plaza de los Burgos acoge los s\u00e1bados 6 y 13 de noviembre sendos festivales organizados por Duguna Taldea con la participaci\u00f3n de otros grupos de dantzas\",\"isPartOf\":{\"@id\":\"https:\\\/\\\/www.laguiadepamplona.com\\\/actualidad\\\/#website\"},\"primaryImageOfPage\":{\"@id\":\"https:\\\/\\\/www.laguiadepamplona.com\\\/actualidad\\\/la-plaza-de-los-burgos-acoge-los-sabados-6-y-13-de-noviembre-sendos-festivales-organizados-por-duguna-taldea-con-la-participacion-de-otros-grupos-de-dantzas\\\/#primaryimage\"},\"image\":{\"@id\":\"https:\\\/\\\/www.laguiadepamplona.com\\\/actualidad\\\/la-plaza-de-los-burgos-acoge-los-sabados-6-y-13-de-noviembre-sendos-festivales-organizados-por-duguna-taldea-con-la-participacion-de-otros-grupos-de-dantzas\\\/#primaryimage\"},\"thumbnailUrl\":\"https:\\\/\\\/www.laguiadepamplona.com\\\/actualidad\\\/wp-content\\\/uploads\\\/2021\\\/11\\\/Duguna.jpg\",\"datePublished\":\"2021-11-04T12:00:34+00:00\",\"dateModified\":\"2023-04-11T09:48:48+00:00\",\"description\":\"El d\u00eda 6 actuar\u00e1n Kezka Dantza Taldea y el grupo de dantzas de Iurreta, y el 13 de noviembre bailar\u00e1n el grupo de danzas de O\u00f1ati y Baztandarrak\",\"breadcrumb\":{\"@id\":\"https:\\\/\\\/www.laguiadepamplona.com\\\/actualidad\\\/la-plaza-de-los-burgos-acoge-los-sabados-6-y-13-de-noviembre-sendos-festivales-organizados-por-duguna-taldea-con-la-participacion-de-otros-grupos-de-dantzas\\\/#breadcrumb\"},\"inLanguage\":\"es\",\"potentialAction\":[{\"@type\":\"ReadAction\",\"target\":[\"https:\\\/\\\/www.laguiadepamplona.com\\\/actualidad\\\/la-plaza-de-los-burgos-acoge-los-sabados-6-y-13-de-noviembre-sendos-festivales-organizados-por-duguna-taldea-con-la-participacion-de-otros-grupos-de-dantzas\\\/\"]}]},{\"@type\":\"ImageObject\",\"inLanguage\":\"es\",\"@id\":\"https:\\\/\\\/www.laguiadepamplona.com\\\/actualidad\\\/la-plaza-de-los-burgos-acoge-los-sabados-6-y-13-de-noviembre-sendos-festivales-organizados-por-duguna-taldea-con-la-participacion-de-otros-grupos-de-dantzas\\\/#primaryimage\",\"url\":\"https:\\\/\\\/www.laguiadepamplona.com\\\/actualidad\\\/wp-content\\\/uploads\\\/2021\\\/11\\\/Duguna.jpg\",\"contentUrl\":\"https:\\\/\\\/www.laguiadepamplona.com\\\/actualidad\\\/wp-content\\\/uploads\\\/2021\\\/11\\\/Duguna.jpg\",\"width\":1500,\"height\":1000},{\"@type\":\"BreadcrumbList\",\"@id\":\"https:\\\/\\\/www.laguiadepamplona.com\\\/actualidad\\\/la-plaza-de-los-burgos-acoge-los-sabados-6-y-13-de-noviembre-sendos-festivales-organizados-por-duguna-taldea-con-la-participacion-de-otros-grupos-de-dantzas\\\/#breadcrumb\",\"itemListElement\":[{\"@type\":\"ListItem\",\"position\":1,\"name\":\"Portada\",\"item\":\"https:\\\/\\\/www.laguiadepamplona.com\\\/actualidad\\\/\"},{\"@type\":\"ListItem\",\"position\":2,\"name\":\"La plaza de los Burgos acoge los s\u00e1bados 6 y 13 de noviembre sendos festivales organizados por Duguna Taldea con la participaci\u00f3n de otros grupos de dantzas\"}]},{\"@type\":\"WebSite\",\"@id\":\"https:\\\/\\\/www.laguiadepamplona.com\\\/actualidad\\\/#website\",\"url\":\"https:\\\/\\\/www.laguiadepamplona.com\\\/actualidad\\\/\",\"name\":\"La gu\u00eda de Pamplona\",\"description\":\"Noticias de Pamplona\",\"publisher\":{\"@id\":\"https:\\\/\\\/www.laguiadepamplona.com\\\/actualidad\\\/#organization\"},\"potentialAction\":[{\"@type\":\"SearchAction\",\"target\":{\"@type\":\"EntryPoint\",\"urlTemplate\":\"https:\\\/\\\/www.laguiadepamplona.com\\\/actualidad\\\/?s={search_term_string}\"},\"query-input\":{\"@type\":\"PropertyValueSpecification\",\"valueRequired\":true,\"valueName\":\"search_term_string\"}}],\"inLanguage\":\"es\"},{\"@type\":\"Organization\",\"@id\":\"https:\\\/\\\/www.laguiadepamplona.com\\\/actualidad\\\/#organization\",\"name\":\"La Gu\u00eda de Pamplona \\\/ Noticias\",\"url\":\"https:\\\/\\\/www.laguiadepamplona.com\\\/actualidad\\\/\",\"logo\":{\"@type\":\"ImageObject\",\"inLanguage\":\"es\",\"@id\":\"https:\\\/\\\/www.laguiadepamplona.com\\\/actualidad\\\/#\\\/schema\\\/logo\\\/image\\\/\",\"url\":\"https:\\\/\\\/www.laguiadepamplona.com\\\/actualidad\\\/wp-content\\\/uploads\\\/2018\\\/11\\\/logo-laguiadepamplona18-web1.png\",\"contentUrl\":\"https:\\\/\\\/www.laguiadepamplona.com\\\/actualidad\\\/wp-content\\\/uploads\\\/2018\\\/11\\\/logo-laguiadepamplona18-web1.png\",\"width\":600,\"height\":196,\"caption\":\"La Gu\u00eda de Pamplona \\\/ Noticias\"},\"image\":{\"@id\":\"https:\\\/\\\/www.laguiadepamplona.com\\\/actualidad\\\/#\\\/schema\\\/logo\\\/image\\\/\"},\"sameAs\":[\"https:\\\/\\\/www.facebook.com\\\/laguiadepamplonacom-133175176762273\\\/?ref=hl\",\"https:\\\/\\\/x.com\\\/LaGuiadPamplona\",\"https:\\\/\\\/www.instagram.com\\\/la_guia_de_pamplona\\\/\",\"https:\\\/\\\/www.youtube.com\\\/user\\\/laguiadepamplona\"]},{\"@type\":\"Person\",\"@id\":\"https:\\\/\\\/www.laguiadepamplona.com\\\/actualidad\\\/#\\\/schema\\\/person\\\/efe887376f0213d4657c93adc50b1fdb\",\"name\":\"La Gu\u00eda de Pamplona\",\"image\":{\"@type\":\"ImageObject\",\"inLanguage\":\"es\",\"@id\":\"https:\\\/\\\/secure.gravatar.com\\\/avatar\\\/b6992f131dc8d30ab0dff15446e9d346d9dbd95992de0fef795073f5ea83a81c?s=96&d=mm&r=g\",\"url\":\"https:\\\/\\\/secure.gravatar.com\\\/avatar\\\/b6992f131dc8d30ab0dff15446e9d346d9dbd95992de0fef795073f5ea83a81c?s=96&d=mm&r=g\",\"contentUrl\":\"https:\\\/\\\/secure.gravatar.com\\\/avatar\\\/b6992f131dc8d30ab0dff15446e9d346d9dbd95992de0fef795073f5ea83a81c?s=96&d=mm&r=g\",\"caption\":\"La Gu\u00eda de Pamplona\"}}]}<\/script>\n<!-- \/ Yoast SEO plugin. -->","yoast_head_json":{"title":"La plaza de los Burgos acoge los s\u00e1bados 6 y 13 de noviembre sendos festivales organizados por Duguna Taldea con la participaci\u00f3n de otros grupos de dantzas","description":"El d\u00eda 6 actuar\u00e1n Kezka Dantza Taldea y el grupo de dantzas de Iurreta, y el 13 de noviembre bailar\u00e1n el grupo de danzas de O\u00f1ati y Baztandarrak","robots":{"index":"index","follow":"follow","max-snippet":"max-snippet:-1","max-image-preview":"max-image-preview:large","max-video-preview":"max-video-preview:-1"},"canonical":"https:\/\/www.laguiadepamplona.com\/actualidad\/la-plaza-de-los-burgos-acoge-los-sabados-6-y-13-de-noviembre-sendos-festivales-organizados-por-duguna-taldea-con-la-participacion-de-otros-grupos-de-dantzas\/","og_locale":"es_ES","og_type":"article","og_title":"La plaza de los Burgos acoge los s\u00e1bados 6 y 13 de noviembre sendos festivales organizados por Duguna Taldea con la participaci\u00f3n de otros grupos de dantzas","og_description":"El d\u00eda 6 actuar\u00e1n Kezka Dantza Taldea y el grupo de dantzas de Iurreta, y el 13 de noviembre bailar\u00e1n el grupo de danzas de O\u00f1ati y Baztandarrak","og_url":"https:\/\/www.laguiadepamplona.com\/actualidad\/la-plaza-de-los-burgos-acoge-los-sabados-6-y-13-de-noviembre-sendos-festivales-organizados-por-duguna-taldea-con-la-participacion-de-otros-grupos-de-dantzas\/","og_site_name":"La Gu\u00eda de Pamplona","article_publisher":"https:\/\/www.facebook.com\/laguiadepamplonacom-133175176762273\/?ref=hl","article_published_time":"2021-11-04T12:00:34+00:00","article_modified_time":"2023-04-11T09:48:48+00:00","og_image":[{"width":1500,"height":1000,"url":"https:\/\/www.laguiadepamplona.com\/actualidad\/wp-content\/uploads\/2021\/11\/Duguna.jpg","type":"image\/jpeg"}],"author":"La Gu\u00eda de Pamplona","twitter_card":"summary_large_image","twitter_creator":"@LaGuiadPamplona","twitter_site":"@LaGuiadPamplona","twitter_misc":{"Escrito por":"La Gu\u00eda de Pamplona","Tiempo de lectura":"3 minutos"},"schema":{"@context":"https:\/\/schema.org","@graph":[{"@type":"Article","@id":"https:\/\/www.laguiadepamplona.com\/actualidad\/la-plaza-de-los-burgos-acoge-los-sabados-6-y-13-de-noviembre-sendos-festivales-organizados-por-duguna-taldea-con-la-participacion-de-otros-grupos-de-dantzas\/#article","isPartOf":{"@id":"https:\/\/www.laguiadepamplona.com\/actualidad\/la-plaza-de-los-burgos-acoge-los-sabados-6-y-13-de-noviembre-sendos-festivales-organizados-por-duguna-taldea-con-la-participacion-de-otros-grupos-de-dantzas\/"},"author":{"name":"La Gu\u00eda de Pamplona","@id":"https:\/\/www.laguiadepamplona.com\/actualidad\/#\/schema\/person\/efe887376f0213d4657c93adc50b1fdb"},"headline":"La plaza de los Burgos acoge los s\u00e1bados 6 y 13 de noviembre sendos festivales organizados por Duguna Taldea con la participaci\u00f3n de otros grupos de dantzas","datePublished":"2021-11-04T12:00:34+00:00","dateModified":"2023-04-11T09:48:48+00:00","mainEntityOfPage":{"@id":"https:\/\/www.laguiadepamplona.com\/actualidad\/la-plaza-de-los-burgos-acoge-los-sabados-6-y-13-de-noviembre-sendos-festivales-organizados-por-duguna-taldea-con-la-participacion-de-otros-grupos-de-dantzas\/"},"wordCount":670,"commentCount":0,"publisher":{"@id":"https:\/\/www.laguiadepamplona.com\/actualidad\/#organization"},"image":{"@id":"https:\/\/www.laguiadepamplona.com\/actualidad\/la-plaza-de-los-burgos-acoge-los-sabados-6-y-13-de-noviembre-sendos-festivales-organizados-por-duguna-taldea-con-la-participacion-de-otros-grupos-de-dantzas\/#primaryimage"},"thumbnailUrl":"https:\/\/www.laguiadepamplona.com\/actualidad\/wp-content\/uploads\/2021\/11\/Duguna.jpg","articleSection":["Ayto Pamplona"],"inLanguage":"es","potentialAction":[{"@type":"CommentAction","name":"Comment","target":["https:\/\/www.laguiadepamplona.com\/actualidad\/la-plaza-de-los-burgos-acoge-los-sabados-6-y-13-de-noviembre-sendos-festivales-organizados-por-duguna-taldea-con-la-participacion-de-otros-grupos-de-dantzas\/#respond"]}]},{"@type":"WebPage","@id":"https:\/\/www.laguiadepamplona.com\/actualidad\/la-plaza-de-los-burgos-acoge-los-sabados-6-y-13-de-noviembre-sendos-festivales-organizados-por-duguna-taldea-con-la-participacion-de-otros-grupos-de-dantzas\/","url":"https:\/\/www.laguiadepamplona.com\/actualidad\/la-plaza-de-los-burgos-acoge-los-sabados-6-y-13-de-noviembre-sendos-festivales-organizados-por-duguna-taldea-con-la-participacion-de-otros-grupos-de-dantzas\/","name":"La plaza de los Burgos acoge los s\u00e1bados 6 y 13 de noviembre sendos festivales organizados por Duguna Taldea con la participaci\u00f3n de otros grupos de dantzas","isPartOf":{"@id":"https:\/\/www.laguiadepamplona.com\/actualidad\/#website"},"primaryImageOfPage":{"@id":"https:\/\/www.laguiadepamplona.com\/actualidad\/la-plaza-de-los-burgos-acoge-los-sabados-6-y-13-de-noviembre-sendos-festivales-organizados-por-duguna-taldea-con-la-participacion-de-otros-grupos-de-dantzas\/#primaryimage"},"image":{"@id":"https:\/\/www.laguiadepamplona.com\/actualidad\/la-plaza-de-los-burgos-acoge-los-sabados-6-y-13-de-noviembre-sendos-festivales-organizados-por-duguna-taldea-con-la-participacion-de-otros-grupos-de-dantzas\/#primaryimage"},"thumbnailUrl":"https:\/\/www.laguiadepamplona.com\/actualidad\/wp-content\/uploads\/2021\/11\/Duguna.jpg","datePublished":"2021-11-04T12:00:34+00:00","dateModified":"2023-04-11T09:48:48+00:00","description":"El d\u00eda 6 actuar\u00e1n Kezka Dantza Taldea y el grupo de dantzas de Iurreta, y el 13 de noviembre bailar\u00e1n el grupo de danzas de O\u00f1ati y Baztandarrak","breadcrumb":{"@id":"https:\/\/www.laguiadepamplona.com\/actualidad\/la-plaza-de-los-burgos-acoge-los-sabados-6-y-13-de-noviembre-sendos-festivales-organizados-por-duguna-taldea-con-la-participacion-de-otros-grupos-de-dantzas\/#breadcrumb"},"inLanguage":"es","potentialAction":[{"@type":"ReadAction","target":["https:\/\/www.laguiadepamplona.com\/actualidad\/la-plaza-de-los-burgos-acoge-los-sabados-6-y-13-de-noviembre-sendos-festivales-organizados-por-duguna-taldea-con-la-participacion-de-otros-grupos-de-dantzas\/"]}]},{"@type":"ImageObject","inLanguage":"es","@id":"https:\/\/www.laguiadepamplona.com\/actualidad\/la-plaza-de-los-burgos-acoge-los-sabados-6-y-13-de-noviembre-sendos-festivales-organizados-por-duguna-taldea-con-la-participacion-de-otros-grupos-de-dantzas\/#primaryimage","url":"https:\/\/www.laguiadepamplona.com\/actualidad\/wp-content\/uploads\/2021\/11\/Duguna.jpg","contentUrl":"https:\/\/www.laguiadepamplona.com\/actualidad\/wp-content\/uploads\/2021\/11\/Duguna.jpg","width":1500,"height":1000},{"@type":"BreadcrumbList","@id":"https:\/\/www.laguiadepamplona.com\/actualidad\/la-plaza-de-los-burgos-acoge-los-sabados-6-y-13-de-noviembre-sendos-festivales-organizados-por-duguna-taldea-con-la-participacion-de-otros-grupos-de-dantzas\/#breadcrumb","itemListElement":[{"@type":"ListItem","position":1,"name":"Portada","item":"https:\/\/www.laguiadepamplona.com\/actualidad\/"},{"@type":"ListItem","position":2,"name":"La plaza de los Burgos acoge los s\u00e1bados 6 y 13 de noviembre sendos festivales organizados por Duguna Taldea con la participaci\u00f3n de otros grupos de dantzas"}]},{"@type":"WebSite","@id":"https:\/\/www.laguiadepamplona.com\/actualidad\/#website","url":"https:\/\/www.laguiadepamplona.com\/actualidad\/","name":"La gu\u00eda de Pamplona","description":"Noticias de Pamplona","publisher":{"@id":"https:\/\/www.laguiadepamplona.com\/actualidad\/#organization"},"potentialAction":[{"@type":"SearchAction","target":{"@type":"EntryPoint","urlTemplate":"https:\/\/www.laguiadepamplona.com\/actualidad\/?s={search_term_string}"},"query-input":{"@type":"PropertyValueSpecification","valueRequired":true,"valueName":"search_term_string"}}],"inLanguage":"es"},{"@type":"Organization","@id":"https:\/\/www.laguiadepamplona.com\/actualidad\/#organization","name":"La Gu\u00eda de Pamplona \/ Noticias","url":"https:\/\/www.laguiadepamplona.com\/actualidad\/","logo":{"@type":"ImageObject","inLanguage":"es","@id":"https:\/\/www.laguiadepamplona.com\/actualidad\/#\/schema\/logo\/image\/","url":"https:\/\/www.laguiadepamplona.com\/actualidad\/wp-content\/uploads\/2018\/11\/logo-laguiadepamplona18-web1.png","contentUrl":"https:\/\/www.laguiadepamplona.com\/actualidad\/wp-content\/uploads\/2018\/11\/logo-laguiadepamplona18-web1.png","width":600,"height":196,"caption":"La Gu\u00eda de Pamplona \/ Noticias"},"image":{"@id":"https:\/\/www.laguiadepamplona.com\/actualidad\/#\/schema\/logo\/image\/"},"sameAs":["https:\/\/www.facebook.com\/laguiadepamplonacom-133175176762273\/?ref=hl","https:\/\/x.com\/LaGuiadPamplona","https:\/\/www.instagram.com\/la_guia_de_pamplona\/","https:\/\/www.youtube.com\/user\/laguiadepamplona"]},{"@type":"Person","@id":"https:\/\/www.laguiadepamplona.com\/actualidad\/#\/schema\/person\/efe887376f0213d4657c93adc50b1fdb","name":"La Gu\u00eda de Pamplona","image":{"@type":"ImageObject","inLanguage":"es","@id":"https:\/\/secure.gravatar.com\/avatar\/b6992f131dc8d30ab0dff15446e9d346d9dbd95992de0fef795073f5ea83a81c?s=96&d=mm&r=g","url":"https:\/\/secure.gravatar.com\/avatar\/b6992f131dc8d30ab0dff15446e9d346d9dbd95992de0fef795073f5ea83a81c?s=96&d=mm&r=g","contentUrl":"https:\/\/secure.gravatar.com\/avatar\/b6992f131dc8d30ab0dff15446e9d346d9dbd95992de0fef795073f5ea83a81c?s=96&d=mm&r=g","caption":"La Gu\u00eda de Pamplona"}}]}},"post_mailing_queue_ids":[],"_links":{"self":[{"href":"https:\/\/www.laguiadepamplona.com\/actualidad\/wp-json\/wp\/v2\/posts\/37341","targetHints":{"allow":["GET"]}}],"collection":[{"href":"https:\/\/www.laguiadepamplona.com\/actualidad\/wp-json\/wp\/v2\/posts"}],"about":[{"href":"https:\/\/www.laguiadepamplona.com\/actualidad\/wp-json\/wp\/v2\/types\/post"}],"author":[{"embeddable":true,"href":"https:\/\/www.laguiadepamplona.com\/actualidad\/wp-json\/wp\/v2\/users\/1"}],"replies":[{"embeddable":true,"href":"https:\/\/www.laguiadepamplona.com\/actualidad\/wp-json\/wp\/v2\/comments?post=37341"}],"version-history":[{"count":0,"href":"https:\/\/www.laguiadepamplona.com\/actualidad\/wp-json\/wp\/v2\/posts\/37341\/revisions"}],"wp:featuredmedia":[{"embeddable":true,"href":"https:\/\/www.laguiadepamplona.com\/actualidad\/wp-json\/wp\/v2\/media\/37342"}],"wp:attachment":[{"href":"https:\/\/www.laguiadepamplona.com\/actualidad\/wp-json\/wp\/v2\/media?parent=37341"}],"wp:term":[{"taxonomy":"category","embeddable":true,"href":"https:\/\/www.laguiadepamplona.com\/actualidad\/wp-json\/wp\/v2\/categories?post=37341"},{"taxonomy":"post_tag","embeddable":true,"href":"https:\/\/www.laguiadepamplona.com\/actualidad\/wp-json\/wp\/v2\/tags?post=37341"}],"curies":[{"name":"wp","href":"https:\/\/api.w.org\/{rel}","templated":true}]}}