{"id":37338,"date":"2021-11-04T13:58:21","date_gmt":"2021-11-04T11:58:21","guid":{"rendered":"https:\/\/www.laguiadepamplona.com\/actualidad\/?p=37338"},"modified":"2023-04-11T11:48:48","modified_gmt":"2023-04-11T09:48:48","slug":"la-tradicion-de-tejido-africano-y-la-moda-mas-actual-el-pabellon-de-mixtos-acoge-hasta-el-16-de-enero-la-exposicion-el-lenguaje-de-las-telas","status":"publish","type":"post","link":"https:\/\/www.laguiadepamplona.com\/actualidad\/la-tradicion-de-tejido-africano-y-la-moda-mas-actual-el-pabellon-de-mixtos-acoge-hasta-el-16-de-enero-la-exposicion-el-lenguaje-de-las-telas\/","title":{"rendered":"La tradici\u00f3n de tejido africano y la moda m\u00e1s actual: el Pabell\u00f3n de Mixtos acoge hasta el 16 de enero la exposici\u00f3n \u2018El lenguaje de las telas\u2019"},"content":{"rendered":"<h5>La muestra es una actividad de la XXI edici\u00f3n de \u2018\u00c1frica Imprescindible\u2019, un programa de sensibilizaci\u00f3n que apoya el Consistorio desde sus inicios<\/h5>\n<p><!--more--><\/p>\n<p>Esta ma\u00f1ana se ha presentado en la Ciudadela la nueva muestra de sensibilizaci\u00f3n para el desarrollo del consorcio \u00c1frica Imprescindible. La exposici\u00f3n \u2018El lenguaje de las telas. Arte textil en \u00c1frica occidental\u2019 recoge fotograf\u00edas de Kim Manresa y creaciones de moda-fusi\u00f3n de Maica de la Carrera, adem\u00e1s de algunos objetos vinculados y se encuentra en la primera planta del Pabell\u00f3n de Mixtos. La exposici\u00f3n se mantendr\u00e1 abierta al p\u00fablico hasta el 16 de enero.<\/p>\n<p>El trabajo de los artistas gira en torno a la vestimenta, cuyo origen, como el de los seres humanos, est\u00e1 precisamente en \u00c1frica. La forma de vestir, m\u00e1s all\u00e1 de una necesidad b\u00e1sica, se ha convertido tambi\u00e9n en una se\u00f1a de identidad individual y de pertenencia a un grupo, desde una \u201ctribu urbana\u201d, a una clase social determinada. Lo que se lleva puesto es tambi\u00e9n un lenguaje: comunica qui\u00e9n se es. En el acto de apertura de la exposici\u00f3n han participado la concejala delegada de Cultura e Igualdad, Mar\u00eda Garc\u00eda Barberena; Kim Manresa, fotoperiodista; Laura Carrera, de la Asociaci\u00f3n Mamah \u00c1frica y comisaria de la exposici\u00f3n, y Andr\u00e9s Carbonero, director general de Protecci\u00f3n Social y Cooperaci\u00f3n al Desarrollo de Gobierno de Navarra.<\/p>\n<p><script async src=\"\/\/pagead2.googlesyndication.com\/pagead\/js\/adsbygoogle.js\"><\/script><br \/>\n<!-- Noticias La Guia de Pamplona --><br \/>\n<ins class=\"adsbygoogle\"\nstyle=\"display:block\"\ndata-ad-client=\"ca-pub-6943679897239327\"\ndata-ad-slot=\"7048180777\"\ndata-ad-format=\"auto\"><\/ins><br \/>\n<script>\n(adsbygoogle = window.adsbygoogle || []).push({});\n<\/script><\/p>\n<p>\u00c1frica tiene un lenguaje diferente, un c\u00f3digo que tambi\u00e9n est\u00e1 impreso en los tejidos. Materiales, colores, formas y motivos ayudan a identificar la pertenencia a un pa\u00eds o una etnia, el estatus social de una persona, su profesi\u00f3n o el rango adquirido por la edad. Estas ricas tradiciones textiles est\u00e1n especialmente vivas en \u00c1frica occidental, donde contin\u00faan funcionando los ancestrales telares en los que se producen las bellas telas kente, adinkra, batik, bogolan y korhogo, que pueden verse en las im\u00e1genes de esta exposici\u00f3n. Pero la belleza est\u00e1 tambi\u00e9n vinculada a la t\u00e9cnica y esta es la propuesta de un viaje \u201cvisual\u201d a trav\u00e9s de las fotograf\u00edas de Kim Manresa.<\/p>\n<p>Manresa ha captado en telas de Ghana, Mal\u00ed y Costa de Marfil, cada una con su propia simbolog\u00eda, la esencia de los procesos de elaboraci\u00f3n: tejido, estampaci\u00f3n, fijaci\u00f3n del color, almidonado, etc. Parte de los objetos e instrumentos fotografiados \u201csalen\u201d de las im\u00e1genes para tomar forma y tama\u00f1o en las vitrinas de la muestra. El contrapunto de actualidad lo ponen las modernas creaciones de la dise\u00f1adora Maica de la Carrera, promotora de un original canal de comunicaci\u00f3n entre \u00c1frica y Europa a trav\u00e9s de la moda.<\/p>\n<p>La muestra se podr\u00e1 visitar de forma gratuita hasta el 16 de enero en horario de martes a s\u00e1bado, de 11.30 a 13.30 y de 18 a 20.30 horas; domingos y festivos de 11.30 a 13.30 horas.<\/p>\n<p><script async src=\"\/\/pagead2.googlesyndication.com\/pagead\/js\/adsbygoogle.js\"><\/script><br \/>\n<!-- Noticias La Guia de Pamplona --><br \/>\n<ins class=\"adsbygoogle\"\nstyle=\"display:block\"\ndata-ad-client=\"ca-pub-6943679897239327\"\ndata-ad-slot=\"7048180777\"\ndata-ad-format=\"auto\"><\/ins><br \/>\n<script>\n(adsbygoogle = window.adsbygoogle || []).push({});\n<\/script><\/p>\n<p><strong>Colaboraci\u00f3n fot\u00f3grafo-dise\u00f1adora<\/strong><\/p>\n<p>Kim Manresa empieza a fotografiar las luchas obreras de Barcelona a los 14 a\u00f1os. Sus reportajes tienen un gran contenido de denuncia social y de apoyo a los derechos humanos. Ha expuesto en salas de todo el mundo, publicado una treintena de libros y recibido numerosos premios. La agencia de noticias internacional Associated Press escogi\u00f3 su reportaje sobre la ablaci\u00f3n en Burkina Faso como uno de los cien mejores del siglo XX.<\/p>\n<p>Maica de la Carrera, tras finalizar sus estudios de dise\u00f1o de moda, se especializ\u00f3 en el tejido africano, encontrando su sello de identidad en la naturalidad de sus tejidos y el proceso artesanal de esta tradici\u00f3n textil tan arraigada. Desde La Galer\u00eda de Mamah \u00c1frica desarrolla su trabajo dise\u00f1ando colecciones de moda, una tarea en la que lleva 20 a\u00f1os de ejercicio profesional, con unos modelos que realzan la belleza de la mujer actual, \u00fanica y universal, adaptando lo tradicional a lo contempor\u00e1neo.<\/p>\n<p><script async src=\"\/\/pagead2.googlesyndication.com\/pagead\/js\/adsbygoogle.js\"><\/script><br \/>\n<!-- Noticias La Guia de Pamplona --><br \/>\n<ins class=\"adsbygoogle\"\nstyle=\"display:block\"\ndata-ad-client=\"ca-pub-6943679897239327\"\ndata-ad-slot=\"7048180777\"\ndata-ad-format=\"auto\"><\/ins><br \/>\n<script>\n(adsbygoogle = window.adsbygoogle || []).push({});\n<\/script><\/p>\n<p><strong>La XXI propuesta \u2018\u00c1frica Imprescindible\u2019<\/strong><\/p>\n<p>El Ayuntamiento de Pamplona, adem\u00e1s de programar esta exposici\u00f3n, colabora desde su inicio con la iniciativa de \u2018\u00c1frica Imprescindible\u2019 a trav\u00e9s del Programa Municipal de Cooperaci\u00f3n al Desarrollo, v\u00eda convocatoria de subvenciones municipales de sensibilizaci\u00f3n. La iniciativa de las ONG que forman este consorcio busca a\u00f1o tras a\u00f1o desmontar los estereotipos sobre el \u00c1frica Subsahariana y recordar que es necesaria una cooperaci\u00f3n en t\u00e9rminos de equidad y apoyo mutuo, ofreciendo especial protagonismo a las mujeres.<\/p>\n<p>En esta ocasi\u00f3n el proyecto ha sido presentado por la ONGD Asamblea de Cooperaci\u00f3n por la Paz encabezando un grupo de siete entidades: la propia ACPP junto a Fundaci\u00f3n TAU, MedicusMundi, Oxfam Interm\u00f3n, SED, Proclade Yanapay y Fundaci\u00f3n Felipe Rinaldi.<\/p>\n<p>Para la edici\u00f3n de este a\u00f1o, la n\u00famero XXI del programa, el importe de la subvenci\u00f3n municipal ha sido de 8.000 euros, la m\u00e1xima financiaci\u00f3n posible seg\u00fan las bases de la subvenci\u00f3n. El \u00c1rea de Cultura e Igualdad corre, adem\u00e1s, con los gastos de producci\u00f3n de desarrollo de la exposici\u00f3n. La propuesta \u2018\u00c1frica Imprescindible\u2019 recoge 37 actividades en 10 formatos (exposiciones, visitas guiadas, di\u00e1logos, cinematograf\u00edas, club de lectura, presentaci\u00f3n de libro, encuentros-debate, recital musical, espacio digital, grabaciones streaming, folletos, fichas y cat\u00e1logo) y cuenta con la participaci\u00f3n de personas de procedencia africana. Destaca a lo largo de todo el desarrollo del proyecto la importante apuesta por un enfoque de g\u00e9nero.<\/p>\n","protected":false},"excerpt":{"rendered":"<p>La muestra es una actividad de la XXI edici\u00f3n de \u2018\u00c1frica Imprescindible\u2019, un programa de sensibilizaci\u00f3n que apoya el Consistorio desde sus inicios<\/p>\n","protected":false},"author":1,"featured_media":37339,"comment_status":"open","ping_status":"closed","sticky":false,"template":"","format":"standard","meta":{"footnotes":""},"categories":[2],"tags":[],"class_list":["post-37338","post","type-post","status-publish","format-standard","has-post-thumbnail","hentry","category-ayuntamiento-pamplona"],"yoast_head":"<!-- This site is optimized with the Yoast SEO plugin v27.5 - https:\/\/yoast.com\/product\/yoast-seo-wordpress\/ -->\n<title>La tradici\u00f3n de tejido africano y la moda m\u00e1s actual: el Pabell\u00f3n de Mixtos acoge hasta el 16 de enero la exposici\u00f3n \u2018El lenguaje de las telas\u2019<\/title>\n<meta name=\"description\" content=\"La muestra es una actividad de la XXI edici\u00f3n de \u2018\u00c1frica Imprescindible\u2019, un programa de sensibilizaci\u00f3n que apoya el Consistorio desde sus inicios\" \/>\n<meta name=\"robots\" content=\"index, follow, max-snippet:-1, max-image-preview:large, max-video-preview:-1\" \/>\n<link rel=\"canonical\" href=\"https:\/\/www.laguiadepamplona.com\/actualidad\/la-tradicion-de-tejido-africano-y-la-moda-mas-actual-el-pabellon-de-mixtos-acoge-hasta-el-16-de-enero-la-exposicion-el-lenguaje-de-las-telas\/\" \/>\n<meta property=\"og:locale\" content=\"es_ES\" \/>\n<meta property=\"og:type\" content=\"article\" \/>\n<meta property=\"og:title\" content=\"La tradici\u00f3n de tejido africano y la moda m\u00e1s actual: el Pabell\u00f3n de Mixtos acoge hasta el 16 de enero la exposici\u00f3n \u2018El lenguaje de las telas\u2019\" \/>\n<meta property=\"og:description\" content=\"La muestra es una actividad de la XXI edici\u00f3n de \u2018\u00c1frica Imprescindible\u2019, un programa de sensibilizaci\u00f3n que apoya el Consistorio desde sus inicios\" \/>\n<meta property=\"og:url\" content=\"https:\/\/www.laguiadepamplona.com\/actualidad\/la-tradicion-de-tejido-africano-y-la-moda-mas-actual-el-pabellon-de-mixtos-acoge-hasta-el-16-de-enero-la-exposicion-el-lenguaje-de-las-telas\/\" \/>\n<meta property=\"og:site_name\" content=\"La Gu\u00eda de Pamplona\" \/>\n<meta property=\"article:publisher\" content=\"https:\/\/www.facebook.com\/laguiadepamplonacom-133175176762273\/?ref=hl\" \/>\n<meta property=\"article:published_time\" content=\"2021-11-04T11:58:21+00:00\" \/>\n<meta property=\"article:modified_time\" content=\"2023-04-11T09:48:48+00:00\" \/>\n<meta property=\"og:image\" content=\"https:\/\/www.laguiadepamplona.com\/actualidad\/wp-content\/uploads\/2021\/11\/africa-imprescindible.jpeg\" \/>\n\t<meta property=\"og:image:width\" content=\"1600\" \/>\n\t<meta property=\"og:image:height\" content=\"1200\" \/>\n\t<meta property=\"og:image:type\" content=\"image\/jpeg\" \/>\n<meta name=\"author\" content=\"La Gu\u00eda de Pamplona\" \/>\n<meta name=\"twitter:card\" content=\"summary_large_image\" \/>\n<meta name=\"twitter:creator\" content=\"@LaGuiadPamplona\" \/>\n<meta name=\"twitter:site\" content=\"@LaGuiadPamplona\" \/>\n<meta name=\"twitter:label1\" content=\"Escrito por\" \/>\n\t<meta name=\"twitter:data1\" content=\"La Gu\u00eda de Pamplona\" \/>\n\t<meta name=\"twitter:label2\" content=\"Tiempo de lectura\" \/>\n\t<meta name=\"twitter:data2\" content=\"4 minutos\" \/>\n<script type=\"application\/ld+json\" class=\"yoast-schema-graph\">{\"@context\":\"https:\\\/\\\/schema.org\",\"@graph\":[{\"@type\":\"Article\",\"@id\":\"https:\\\/\\\/www.laguiadepamplona.com\\\/actualidad\\\/la-tradicion-de-tejido-africano-y-la-moda-mas-actual-el-pabellon-de-mixtos-acoge-hasta-el-16-de-enero-la-exposicion-el-lenguaje-de-las-telas\\\/#article\",\"isPartOf\":{\"@id\":\"https:\\\/\\\/www.laguiadepamplona.com\\\/actualidad\\\/la-tradicion-de-tejido-africano-y-la-moda-mas-actual-el-pabellon-de-mixtos-acoge-hasta-el-16-de-enero-la-exposicion-el-lenguaje-de-las-telas\\\/\"},\"author\":{\"name\":\"La Gu\u00eda de Pamplona\",\"@id\":\"https:\\\/\\\/www.laguiadepamplona.com\\\/actualidad\\\/#\\\/schema\\\/person\\\/efe887376f0213d4657c93adc50b1fdb\"},\"headline\":\"La tradici\u00f3n de tejido africano y la moda m\u00e1s actual: el Pabell\u00f3n de Mixtos acoge hasta el 16 de enero la exposici\u00f3n \u2018El lenguaje de las telas\u2019\",\"datePublished\":\"2021-11-04T11:58:21+00:00\",\"dateModified\":\"2023-04-11T09:48:48+00:00\",\"mainEntityOfPage\":{\"@id\":\"https:\\\/\\\/www.laguiadepamplona.com\\\/actualidad\\\/la-tradicion-de-tejido-africano-y-la-moda-mas-actual-el-pabellon-de-mixtos-acoge-hasta-el-16-de-enero-la-exposicion-el-lenguaje-de-las-telas\\\/\"},\"wordCount\":946,\"commentCount\":0,\"publisher\":{\"@id\":\"https:\\\/\\\/www.laguiadepamplona.com\\\/actualidad\\\/#organization\"},\"image\":{\"@id\":\"https:\\\/\\\/www.laguiadepamplona.com\\\/actualidad\\\/la-tradicion-de-tejido-africano-y-la-moda-mas-actual-el-pabellon-de-mixtos-acoge-hasta-el-16-de-enero-la-exposicion-el-lenguaje-de-las-telas\\\/#primaryimage\"},\"thumbnailUrl\":\"https:\\\/\\\/www.laguiadepamplona.com\\\/actualidad\\\/wp-content\\\/uploads\\\/2021\\\/11\\\/africa-imprescindible.jpeg\",\"articleSection\":[\"Ayto Pamplona\"],\"inLanguage\":\"es\",\"potentialAction\":[{\"@type\":\"CommentAction\",\"name\":\"Comment\",\"target\":[\"https:\\\/\\\/www.laguiadepamplona.com\\\/actualidad\\\/la-tradicion-de-tejido-africano-y-la-moda-mas-actual-el-pabellon-de-mixtos-acoge-hasta-el-16-de-enero-la-exposicion-el-lenguaje-de-las-telas\\\/#respond\"]}]},{\"@type\":\"WebPage\",\"@id\":\"https:\\\/\\\/www.laguiadepamplona.com\\\/actualidad\\\/la-tradicion-de-tejido-africano-y-la-moda-mas-actual-el-pabellon-de-mixtos-acoge-hasta-el-16-de-enero-la-exposicion-el-lenguaje-de-las-telas\\\/\",\"url\":\"https:\\\/\\\/www.laguiadepamplona.com\\\/actualidad\\\/la-tradicion-de-tejido-africano-y-la-moda-mas-actual-el-pabellon-de-mixtos-acoge-hasta-el-16-de-enero-la-exposicion-el-lenguaje-de-las-telas\\\/\",\"name\":\"La tradici\u00f3n de tejido africano y la moda m\u00e1s actual: el Pabell\u00f3n de Mixtos acoge hasta el 16 de enero la exposici\u00f3n \u2018El lenguaje de las telas\u2019\",\"isPartOf\":{\"@id\":\"https:\\\/\\\/www.laguiadepamplona.com\\\/actualidad\\\/#website\"},\"primaryImageOfPage\":{\"@id\":\"https:\\\/\\\/www.laguiadepamplona.com\\\/actualidad\\\/la-tradicion-de-tejido-africano-y-la-moda-mas-actual-el-pabellon-de-mixtos-acoge-hasta-el-16-de-enero-la-exposicion-el-lenguaje-de-las-telas\\\/#primaryimage\"},\"image\":{\"@id\":\"https:\\\/\\\/www.laguiadepamplona.com\\\/actualidad\\\/la-tradicion-de-tejido-africano-y-la-moda-mas-actual-el-pabellon-de-mixtos-acoge-hasta-el-16-de-enero-la-exposicion-el-lenguaje-de-las-telas\\\/#primaryimage\"},\"thumbnailUrl\":\"https:\\\/\\\/www.laguiadepamplona.com\\\/actualidad\\\/wp-content\\\/uploads\\\/2021\\\/11\\\/africa-imprescindible.jpeg\",\"datePublished\":\"2021-11-04T11:58:21+00:00\",\"dateModified\":\"2023-04-11T09:48:48+00:00\",\"description\":\"La muestra es una actividad de la XXI edici\u00f3n de \u2018\u00c1frica Imprescindible\u2019, un programa de sensibilizaci\u00f3n que apoya el Consistorio desde sus inicios\",\"breadcrumb\":{\"@id\":\"https:\\\/\\\/www.laguiadepamplona.com\\\/actualidad\\\/la-tradicion-de-tejido-africano-y-la-moda-mas-actual-el-pabellon-de-mixtos-acoge-hasta-el-16-de-enero-la-exposicion-el-lenguaje-de-las-telas\\\/#breadcrumb\"},\"inLanguage\":\"es\",\"potentialAction\":[{\"@type\":\"ReadAction\",\"target\":[\"https:\\\/\\\/www.laguiadepamplona.com\\\/actualidad\\\/la-tradicion-de-tejido-africano-y-la-moda-mas-actual-el-pabellon-de-mixtos-acoge-hasta-el-16-de-enero-la-exposicion-el-lenguaje-de-las-telas\\\/\"]}]},{\"@type\":\"ImageObject\",\"inLanguage\":\"es\",\"@id\":\"https:\\\/\\\/www.laguiadepamplona.com\\\/actualidad\\\/la-tradicion-de-tejido-africano-y-la-moda-mas-actual-el-pabellon-de-mixtos-acoge-hasta-el-16-de-enero-la-exposicion-el-lenguaje-de-las-telas\\\/#primaryimage\",\"url\":\"https:\\\/\\\/www.laguiadepamplona.com\\\/actualidad\\\/wp-content\\\/uploads\\\/2021\\\/11\\\/africa-imprescindible.jpeg\",\"contentUrl\":\"https:\\\/\\\/www.laguiadepamplona.com\\\/actualidad\\\/wp-content\\\/uploads\\\/2021\\\/11\\\/africa-imprescindible.jpeg\",\"width\":1600,\"height\":1200},{\"@type\":\"BreadcrumbList\",\"@id\":\"https:\\\/\\\/www.laguiadepamplona.com\\\/actualidad\\\/la-tradicion-de-tejido-africano-y-la-moda-mas-actual-el-pabellon-de-mixtos-acoge-hasta-el-16-de-enero-la-exposicion-el-lenguaje-de-las-telas\\\/#breadcrumb\",\"itemListElement\":[{\"@type\":\"ListItem\",\"position\":1,\"name\":\"Portada\",\"item\":\"https:\\\/\\\/www.laguiadepamplona.com\\\/actualidad\\\/\"},{\"@type\":\"ListItem\",\"position\":2,\"name\":\"La tradici\u00f3n de tejido africano y la moda m\u00e1s actual: el Pabell\u00f3n de Mixtos acoge hasta el 16 de enero la exposici\u00f3n \u2018El lenguaje de las telas\u2019\"}]},{\"@type\":\"WebSite\",\"@id\":\"https:\\\/\\\/www.laguiadepamplona.com\\\/actualidad\\\/#website\",\"url\":\"https:\\\/\\\/www.laguiadepamplona.com\\\/actualidad\\\/\",\"name\":\"La gu\u00eda de Pamplona\",\"description\":\"Noticias de Pamplona\",\"publisher\":{\"@id\":\"https:\\\/\\\/www.laguiadepamplona.com\\\/actualidad\\\/#organization\"},\"potentialAction\":[{\"@type\":\"SearchAction\",\"target\":{\"@type\":\"EntryPoint\",\"urlTemplate\":\"https:\\\/\\\/www.laguiadepamplona.com\\\/actualidad\\\/?s={search_term_string}\"},\"query-input\":{\"@type\":\"PropertyValueSpecification\",\"valueRequired\":true,\"valueName\":\"search_term_string\"}}],\"inLanguage\":\"es\"},{\"@type\":\"Organization\",\"@id\":\"https:\\\/\\\/www.laguiadepamplona.com\\\/actualidad\\\/#organization\",\"name\":\"La Gu\u00eda de Pamplona \\\/ Noticias\",\"url\":\"https:\\\/\\\/www.laguiadepamplona.com\\\/actualidad\\\/\",\"logo\":{\"@type\":\"ImageObject\",\"inLanguage\":\"es\",\"@id\":\"https:\\\/\\\/www.laguiadepamplona.com\\\/actualidad\\\/#\\\/schema\\\/logo\\\/image\\\/\",\"url\":\"https:\\\/\\\/www.laguiadepamplona.com\\\/actualidad\\\/wp-content\\\/uploads\\\/2018\\\/11\\\/logo-laguiadepamplona18-web1.png\",\"contentUrl\":\"https:\\\/\\\/www.laguiadepamplona.com\\\/actualidad\\\/wp-content\\\/uploads\\\/2018\\\/11\\\/logo-laguiadepamplona18-web1.png\",\"width\":600,\"height\":196,\"caption\":\"La Gu\u00eda de Pamplona \\\/ Noticias\"},\"image\":{\"@id\":\"https:\\\/\\\/www.laguiadepamplona.com\\\/actualidad\\\/#\\\/schema\\\/logo\\\/image\\\/\"},\"sameAs\":[\"https:\\\/\\\/www.facebook.com\\\/laguiadepamplonacom-133175176762273\\\/?ref=hl\",\"https:\\\/\\\/x.com\\\/LaGuiadPamplona\",\"https:\\\/\\\/www.instagram.com\\\/la_guia_de_pamplona\\\/\",\"https:\\\/\\\/www.youtube.com\\\/user\\\/laguiadepamplona\"]},{\"@type\":\"Person\",\"@id\":\"https:\\\/\\\/www.laguiadepamplona.com\\\/actualidad\\\/#\\\/schema\\\/person\\\/efe887376f0213d4657c93adc50b1fdb\",\"name\":\"La Gu\u00eda de Pamplona\",\"image\":{\"@type\":\"ImageObject\",\"inLanguage\":\"es\",\"@id\":\"https:\\\/\\\/secure.gravatar.com\\\/avatar\\\/b6992f131dc8d30ab0dff15446e9d346d9dbd95992de0fef795073f5ea83a81c?s=96&d=mm&r=g\",\"url\":\"https:\\\/\\\/secure.gravatar.com\\\/avatar\\\/b6992f131dc8d30ab0dff15446e9d346d9dbd95992de0fef795073f5ea83a81c?s=96&d=mm&r=g\",\"contentUrl\":\"https:\\\/\\\/secure.gravatar.com\\\/avatar\\\/b6992f131dc8d30ab0dff15446e9d346d9dbd95992de0fef795073f5ea83a81c?s=96&d=mm&r=g\",\"caption\":\"La Gu\u00eda de Pamplona\"}}]}<\/script>\n<!-- \/ Yoast SEO plugin. -->","yoast_head_json":{"title":"La tradici\u00f3n de tejido africano y la moda m\u00e1s actual: el Pabell\u00f3n de Mixtos acoge hasta el 16 de enero la exposici\u00f3n \u2018El lenguaje de las telas\u2019","description":"La muestra es una actividad de la XXI edici\u00f3n de \u2018\u00c1frica Imprescindible\u2019, un programa de sensibilizaci\u00f3n que apoya el Consistorio desde sus inicios","robots":{"index":"index","follow":"follow","max-snippet":"max-snippet:-1","max-image-preview":"max-image-preview:large","max-video-preview":"max-video-preview:-1"},"canonical":"https:\/\/www.laguiadepamplona.com\/actualidad\/la-tradicion-de-tejido-africano-y-la-moda-mas-actual-el-pabellon-de-mixtos-acoge-hasta-el-16-de-enero-la-exposicion-el-lenguaje-de-las-telas\/","og_locale":"es_ES","og_type":"article","og_title":"La tradici\u00f3n de tejido africano y la moda m\u00e1s actual: el Pabell\u00f3n de Mixtos acoge hasta el 16 de enero la exposici\u00f3n \u2018El lenguaje de las telas\u2019","og_description":"La muestra es una actividad de la XXI edici\u00f3n de \u2018\u00c1frica Imprescindible\u2019, un programa de sensibilizaci\u00f3n que apoya el Consistorio desde sus inicios","og_url":"https:\/\/www.laguiadepamplona.com\/actualidad\/la-tradicion-de-tejido-africano-y-la-moda-mas-actual-el-pabellon-de-mixtos-acoge-hasta-el-16-de-enero-la-exposicion-el-lenguaje-de-las-telas\/","og_site_name":"La Gu\u00eda de Pamplona","article_publisher":"https:\/\/www.facebook.com\/laguiadepamplonacom-133175176762273\/?ref=hl","article_published_time":"2021-11-04T11:58:21+00:00","article_modified_time":"2023-04-11T09:48:48+00:00","og_image":[{"width":1600,"height":1200,"url":"https:\/\/www.laguiadepamplona.com\/actualidad\/wp-content\/uploads\/2021\/11\/africa-imprescindible.jpeg","type":"image\/jpeg"}],"author":"La Gu\u00eda de Pamplona","twitter_card":"summary_large_image","twitter_creator":"@LaGuiadPamplona","twitter_site":"@LaGuiadPamplona","twitter_misc":{"Escrito por":"La Gu\u00eda de Pamplona","Tiempo de lectura":"4 minutos"},"schema":{"@context":"https:\/\/schema.org","@graph":[{"@type":"Article","@id":"https:\/\/www.laguiadepamplona.com\/actualidad\/la-tradicion-de-tejido-africano-y-la-moda-mas-actual-el-pabellon-de-mixtos-acoge-hasta-el-16-de-enero-la-exposicion-el-lenguaje-de-las-telas\/#article","isPartOf":{"@id":"https:\/\/www.laguiadepamplona.com\/actualidad\/la-tradicion-de-tejido-africano-y-la-moda-mas-actual-el-pabellon-de-mixtos-acoge-hasta-el-16-de-enero-la-exposicion-el-lenguaje-de-las-telas\/"},"author":{"name":"La Gu\u00eda de Pamplona","@id":"https:\/\/www.laguiadepamplona.com\/actualidad\/#\/schema\/person\/efe887376f0213d4657c93adc50b1fdb"},"headline":"La tradici\u00f3n de tejido africano y la moda m\u00e1s actual: el Pabell\u00f3n de Mixtos acoge hasta el 16 de enero la exposici\u00f3n \u2018El lenguaje de las telas\u2019","datePublished":"2021-11-04T11:58:21+00:00","dateModified":"2023-04-11T09:48:48+00:00","mainEntityOfPage":{"@id":"https:\/\/www.laguiadepamplona.com\/actualidad\/la-tradicion-de-tejido-africano-y-la-moda-mas-actual-el-pabellon-de-mixtos-acoge-hasta-el-16-de-enero-la-exposicion-el-lenguaje-de-las-telas\/"},"wordCount":946,"commentCount":0,"publisher":{"@id":"https:\/\/www.laguiadepamplona.com\/actualidad\/#organization"},"image":{"@id":"https:\/\/www.laguiadepamplona.com\/actualidad\/la-tradicion-de-tejido-africano-y-la-moda-mas-actual-el-pabellon-de-mixtos-acoge-hasta-el-16-de-enero-la-exposicion-el-lenguaje-de-las-telas\/#primaryimage"},"thumbnailUrl":"https:\/\/www.laguiadepamplona.com\/actualidad\/wp-content\/uploads\/2021\/11\/africa-imprescindible.jpeg","articleSection":["Ayto Pamplona"],"inLanguage":"es","potentialAction":[{"@type":"CommentAction","name":"Comment","target":["https:\/\/www.laguiadepamplona.com\/actualidad\/la-tradicion-de-tejido-africano-y-la-moda-mas-actual-el-pabellon-de-mixtos-acoge-hasta-el-16-de-enero-la-exposicion-el-lenguaje-de-las-telas\/#respond"]}]},{"@type":"WebPage","@id":"https:\/\/www.laguiadepamplona.com\/actualidad\/la-tradicion-de-tejido-africano-y-la-moda-mas-actual-el-pabellon-de-mixtos-acoge-hasta-el-16-de-enero-la-exposicion-el-lenguaje-de-las-telas\/","url":"https:\/\/www.laguiadepamplona.com\/actualidad\/la-tradicion-de-tejido-africano-y-la-moda-mas-actual-el-pabellon-de-mixtos-acoge-hasta-el-16-de-enero-la-exposicion-el-lenguaje-de-las-telas\/","name":"La tradici\u00f3n de tejido africano y la moda m\u00e1s actual: el Pabell\u00f3n de Mixtos acoge hasta el 16 de enero la exposici\u00f3n \u2018El lenguaje de las telas\u2019","isPartOf":{"@id":"https:\/\/www.laguiadepamplona.com\/actualidad\/#website"},"primaryImageOfPage":{"@id":"https:\/\/www.laguiadepamplona.com\/actualidad\/la-tradicion-de-tejido-africano-y-la-moda-mas-actual-el-pabellon-de-mixtos-acoge-hasta-el-16-de-enero-la-exposicion-el-lenguaje-de-las-telas\/#primaryimage"},"image":{"@id":"https:\/\/www.laguiadepamplona.com\/actualidad\/la-tradicion-de-tejido-africano-y-la-moda-mas-actual-el-pabellon-de-mixtos-acoge-hasta-el-16-de-enero-la-exposicion-el-lenguaje-de-las-telas\/#primaryimage"},"thumbnailUrl":"https:\/\/www.laguiadepamplona.com\/actualidad\/wp-content\/uploads\/2021\/11\/africa-imprescindible.jpeg","datePublished":"2021-11-04T11:58:21+00:00","dateModified":"2023-04-11T09:48:48+00:00","description":"La muestra es una actividad de la XXI edici\u00f3n de \u2018\u00c1frica Imprescindible\u2019, un programa de sensibilizaci\u00f3n que apoya el Consistorio desde sus inicios","breadcrumb":{"@id":"https:\/\/www.laguiadepamplona.com\/actualidad\/la-tradicion-de-tejido-africano-y-la-moda-mas-actual-el-pabellon-de-mixtos-acoge-hasta-el-16-de-enero-la-exposicion-el-lenguaje-de-las-telas\/#breadcrumb"},"inLanguage":"es","potentialAction":[{"@type":"ReadAction","target":["https:\/\/www.laguiadepamplona.com\/actualidad\/la-tradicion-de-tejido-africano-y-la-moda-mas-actual-el-pabellon-de-mixtos-acoge-hasta-el-16-de-enero-la-exposicion-el-lenguaje-de-las-telas\/"]}]},{"@type":"ImageObject","inLanguage":"es","@id":"https:\/\/www.laguiadepamplona.com\/actualidad\/la-tradicion-de-tejido-africano-y-la-moda-mas-actual-el-pabellon-de-mixtos-acoge-hasta-el-16-de-enero-la-exposicion-el-lenguaje-de-las-telas\/#primaryimage","url":"https:\/\/www.laguiadepamplona.com\/actualidad\/wp-content\/uploads\/2021\/11\/africa-imprescindible.jpeg","contentUrl":"https:\/\/www.laguiadepamplona.com\/actualidad\/wp-content\/uploads\/2021\/11\/africa-imprescindible.jpeg","width":1600,"height":1200},{"@type":"BreadcrumbList","@id":"https:\/\/www.laguiadepamplona.com\/actualidad\/la-tradicion-de-tejido-africano-y-la-moda-mas-actual-el-pabellon-de-mixtos-acoge-hasta-el-16-de-enero-la-exposicion-el-lenguaje-de-las-telas\/#breadcrumb","itemListElement":[{"@type":"ListItem","position":1,"name":"Portada","item":"https:\/\/www.laguiadepamplona.com\/actualidad\/"},{"@type":"ListItem","position":2,"name":"La tradici\u00f3n de tejido africano y la moda m\u00e1s actual: el Pabell\u00f3n de Mixtos acoge hasta el 16 de enero la exposici\u00f3n \u2018El lenguaje de las telas\u2019"}]},{"@type":"WebSite","@id":"https:\/\/www.laguiadepamplona.com\/actualidad\/#website","url":"https:\/\/www.laguiadepamplona.com\/actualidad\/","name":"La gu\u00eda de Pamplona","description":"Noticias de Pamplona","publisher":{"@id":"https:\/\/www.laguiadepamplona.com\/actualidad\/#organization"},"potentialAction":[{"@type":"SearchAction","target":{"@type":"EntryPoint","urlTemplate":"https:\/\/www.laguiadepamplona.com\/actualidad\/?s={search_term_string}"},"query-input":{"@type":"PropertyValueSpecification","valueRequired":true,"valueName":"search_term_string"}}],"inLanguage":"es"},{"@type":"Organization","@id":"https:\/\/www.laguiadepamplona.com\/actualidad\/#organization","name":"La Gu\u00eda de Pamplona \/ Noticias","url":"https:\/\/www.laguiadepamplona.com\/actualidad\/","logo":{"@type":"ImageObject","inLanguage":"es","@id":"https:\/\/www.laguiadepamplona.com\/actualidad\/#\/schema\/logo\/image\/","url":"https:\/\/www.laguiadepamplona.com\/actualidad\/wp-content\/uploads\/2018\/11\/logo-laguiadepamplona18-web1.png","contentUrl":"https:\/\/www.laguiadepamplona.com\/actualidad\/wp-content\/uploads\/2018\/11\/logo-laguiadepamplona18-web1.png","width":600,"height":196,"caption":"La Gu\u00eda de Pamplona \/ Noticias"},"image":{"@id":"https:\/\/www.laguiadepamplona.com\/actualidad\/#\/schema\/logo\/image\/"},"sameAs":["https:\/\/www.facebook.com\/laguiadepamplonacom-133175176762273\/?ref=hl","https:\/\/x.com\/LaGuiadPamplona","https:\/\/www.instagram.com\/la_guia_de_pamplona\/","https:\/\/www.youtube.com\/user\/laguiadepamplona"]},{"@type":"Person","@id":"https:\/\/www.laguiadepamplona.com\/actualidad\/#\/schema\/person\/efe887376f0213d4657c93adc50b1fdb","name":"La Gu\u00eda de Pamplona","image":{"@type":"ImageObject","inLanguage":"es","@id":"https:\/\/secure.gravatar.com\/avatar\/b6992f131dc8d30ab0dff15446e9d346d9dbd95992de0fef795073f5ea83a81c?s=96&d=mm&r=g","url":"https:\/\/secure.gravatar.com\/avatar\/b6992f131dc8d30ab0dff15446e9d346d9dbd95992de0fef795073f5ea83a81c?s=96&d=mm&r=g","contentUrl":"https:\/\/secure.gravatar.com\/avatar\/b6992f131dc8d30ab0dff15446e9d346d9dbd95992de0fef795073f5ea83a81c?s=96&d=mm&r=g","caption":"La Gu\u00eda de Pamplona"}}]}},"post_mailing_queue_ids":[],"_links":{"self":[{"href":"https:\/\/www.laguiadepamplona.com\/actualidad\/wp-json\/wp\/v2\/posts\/37338","targetHints":{"allow":["GET"]}}],"collection":[{"href":"https:\/\/www.laguiadepamplona.com\/actualidad\/wp-json\/wp\/v2\/posts"}],"about":[{"href":"https:\/\/www.laguiadepamplona.com\/actualidad\/wp-json\/wp\/v2\/types\/post"}],"author":[{"embeddable":true,"href":"https:\/\/www.laguiadepamplona.com\/actualidad\/wp-json\/wp\/v2\/users\/1"}],"replies":[{"embeddable":true,"href":"https:\/\/www.laguiadepamplona.com\/actualidad\/wp-json\/wp\/v2\/comments?post=37338"}],"version-history":[{"count":0,"href":"https:\/\/www.laguiadepamplona.com\/actualidad\/wp-json\/wp\/v2\/posts\/37338\/revisions"}],"wp:featuredmedia":[{"embeddable":true,"href":"https:\/\/www.laguiadepamplona.com\/actualidad\/wp-json\/wp\/v2\/media\/37339"}],"wp:attachment":[{"href":"https:\/\/www.laguiadepamplona.com\/actualidad\/wp-json\/wp\/v2\/media?parent=37338"}],"wp:term":[{"taxonomy":"category","embeddable":true,"href":"https:\/\/www.laguiadepamplona.com\/actualidad\/wp-json\/wp\/v2\/categories?post=37338"},{"taxonomy":"post_tag","embeddable":true,"href":"https:\/\/www.laguiadepamplona.com\/actualidad\/wp-json\/wp\/v2\/tags?post=37338"}],"curies":[{"name":"wp","href":"https:\/\/api.w.org\/{rel}","templated":true}]}}