{"id":37329,"date":"2021-11-03T15:12:17","date_gmt":"2021-11-03T13:12:17","guid":{"rendered":"https:\/\/www.laguiadepamplona.com\/actualidad\/?p=37329"},"modified":"2023-04-11T11:48:48","modified_gmt":"2023-04-11T09:48:48","slug":"ayuntamiento-y-anaf-firman-la-concesion-administrativa-para-la-gestion-del-futuro-centro-de-interpretacion-del-ferrocarril-y-las-vias-verdes-de-navarra-en-trinitarios","status":"publish","type":"post","link":"https:\/\/www.laguiadepamplona.com\/actualidad\/ayuntamiento-y-anaf-firman-la-concesion-administrativa-para-la-gestion-del-futuro-centro-de-interpretacion-del-ferrocarril-y-las-vias-verdes-de-navarra-en-trinitarios\/","title":{"rendered":"Ayuntamiento y ANAF firman la concesi\u00f3n administrativa para la gesti\u00f3n del futuro Centro de Interpretaci\u00f3n del Ferrocarril y las V\u00edas Verdes de Navarra en Trinitarios"},"content":{"rendered":"<h5>La Asociaci\u00f3n de Amigos del Ferrocarril de Navarra gestionar\u00e1 durante 15 a\u00f1os un espacio que recrear\u00e1 el ambiente ferroviario de los a\u00f1os 50<\/h5>\n<p><!--more--><\/p>\n<p>El alcalde de Pamplona, Enrique Maya, y el presidente de la Asociaci\u00f3n Navarra de Amigos del Ferrocarril (ANAF), \u00c1ngel Os\u00e1car, han firmado esta ma\u00f1ana el documento administrativo por el que se formaliza la concesi\u00f3n administrativa del llamado \u2018parque del tren\u2019 de Trinitarios para convertirlo en un Centro de Interpretaci\u00f3n del Ferrocarril y las V\u00edas Verdes de Navarra. El plazo de concesi\u00f3n es de 15 a\u00f1os improrrogables, con una aportaci\u00f3n econ\u00f3mica anual por parte del Ayuntamiento de 16.600 euros, con los que ANAF ejecutar\u00e1 diferentes obras y edificaciones para completar el nuevo centro de interpretaci\u00f3n.<\/p>\n<p><script async src=\"\/\/pagead2.googlesyndication.com\/pagead\/js\/adsbygoogle.js\"><\/script><br \/>\n<!-- Noticias La Guia de Pamplona --><br \/>\n<ins class=\"adsbygoogle\"\nstyle=\"display:block\"\ndata-ad-client=\"ca-pub-6943679897239327\"\ndata-ad-slot=\"7048180777\"\ndata-ad-format=\"auto\"><\/ins><br \/>\n<script>\n(adsbygoogle = window.adsbygoogle || []).push({});\n<\/script><\/p>\n<p>En la actualidad, el espacio del futuro Centro de Interpretaci\u00f3n del Ferrocarril y las V\u00edas Verdes de Navarra se distribuye en unos 6.740 metros cuadrados en el parque de Trinitarios, junto al paseo de Kosterapea. En el solar existe un edificio de cocheras y el circuito ferroviario con t\u00faneles, puentes y taludes. Una vez formalizada la concesi\u00f3n administrativa, ANAF podr\u00e1 comenzar los tr\u00e1mites necesarios para la construcci\u00f3n de lo que ser\u00e1 el edificio principal del complejo, la estaci\u00f3n de tren, que albergar\u00e1 en sus dos vol\u00famenes previstos la zona expositiva y el espacio de usos m\u00faltiples. El centro combinar\u00e1 la experiencia del recorrido por el circuito ferroviario en un \u2018tren de jard\u00edn\u2019, con la exposici\u00f3n de maquetas, material ferroviario restaurado y el desarrollo de diferentes actividades durante el a\u00f1o.<\/p>\n<p>La Asociaci\u00f3n Navarra de Amigos del Ferrocarril se fund\u00f3 en 1959 y, entre sus objetivos, se encuentra la difusi\u00f3n de la historia del ferrocarril en la Comunidad Foral, que es lo que se pretende con ese centro de interpretaci\u00f3n. El centro se prev\u00e9 que abra cada a\u00f1o entre Semana Santa y el 31 de octubre, adem\u00e1s de en Navidad. El precio de la entrada ser\u00e1 de un m\u00e1ximo de 2,5 euros para persona adulta y de 1,5 euros para menores de 15 a\u00f1os. Abrir\u00e1 las ma\u00f1anas de los d\u00edas laborables en periodo escolar para visitas y actividades concertadas con centros escolares o asociaciones.<\/p>\n<p><script async src=\"\/\/pagead2.googlesyndication.com\/pagead\/js\/adsbygoogle.js\"><\/script><br \/>\n<!-- Noticias La Guia de Pamplona --><br \/>\n<ins class=\"adsbygoogle\"\nstyle=\"display:block\"\ndata-ad-client=\"ca-pub-6943679897239327\"\ndata-ad-slot=\"7048180777\"\ndata-ad-format=\"auto\"><\/ins><br \/>\n<script>\n(adsbygoogle = window.adsbygoogle || []).push({});\n<\/script><\/p>\n<p><strong>Recrear el ambiente ferroviario de los a\u00f1os 50<\/strong><\/p>\n<p>El objetivo del Centro de Interpretaci\u00f3n del Ferrocarril y las V\u00edas Verdes de Navarra es conseguir que el p\u00fablico que se acerque a su estaci\u00f3n se sienta inmerso en el ambiente ferroviario de los a\u00f1os 50. La tematizaci\u00f3n y recreaci\u00f3n de todo el recorrido se realizar\u00e1 poniendo elementos decorativos como vallas de madera, se\u00f1ales, marmitas, desv\u00edos o sem\u00e1foros. Se colocar\u00e1 un pato giratorio \u00fanico en Espa\u00f1a por sus detalles para poder aparcar la locomotora o una aguada para la carga de agua de las locomotoras de vapor.<\/p>\n<p>En la zona del plato giratorio habr\u00e1 un bando circular o grada para que los grupos de visitantes puedan admirar las diferentes locomotoras de vapor, el\u00e9ctricas, de gasolina o un quitanieves tipo turbino como los que usan los ferrocarriles suizos. Y es que la recuperaci\u00f3n de elementos ferroviarios reales y restaurados por ANAF ser\u00e1 otra de las se\u00f1as de identidad del centro de interpretaci\u00f3n. Para las personas visitantes se cuenta con 18 vagones de pasajeros y vagones de carga para el transporte de mochilas y abrigos de los menores, as\u00ed como con vagones para personas con movilidad reducida.<\/p>\n<p>En la zona de estaci\u00f3n se prev\u00e9n unos bancos para que el p\u00fablico pueda contemplar el paso de los trenes mientras se espera a los viajeros. La carteler\u00eda, las se\u00f1ales indicativas de la \u00e9poca, el reloj o la campa\u00f1a ser\u00e1n como en las estaciones reales.<\/p>\n<p><script async src=\"\/\/pagead2.googlesyndication.com\/pagead\/js\/adsbygoogle.js\"><\/script><br \/>\n<!-- Noticias La Guia de Pamplona --><br \/>\n<ins class=\"adsbygoogle\"\nstyle=\"display:block\"\ndata-ad-client=\"ca-pub-6943679897239327\"\ndata-ad-slot=\"7048180777\"\ndata-ad-format=\"auto\"><\/ins><br \/>\n<script>\n(adsbygoogle = window.adsbygoogle || []).push({});\n<\/script><\/p>\n<p><strong>Impulso y difusi\u00f3n de las v\u00edas verdes<\/strong><\/p>\n<p>La principal actividad del parque ser\u00e1 ese recorrido por la instalaci\u00f3n en un \u2018tren de jard\u00edn\u2019, con una locomotora de vapor y vagones, para poder disfrutar en familia o en grupo y contemplar todos los detalles del circuito (t\u00faneles, puentes, ambientaci\u00f3n\u2026). Adem\u00e1s, el centro acoger\u00e1 otras actividades como cursos de conducci\u00f3n de maquinista, exposiciones de maquetas modulares, cursos de restauraci\u00f3n de material ferroviario, cursos de maquetismo, digitalizaci\u00f3n y electricidad, o charlas especializadas.<\/p>\n<p>Las instalaciones contar\u00e1n tambi\u00e9n con una biblioteca ferroviaria con m\u00e1s de 100 ejemplares y se promover\u00e1n, como el propio nombre del centro de interpretaci\u00f3n recoge, todo tipo de actividades para la difusi\u00f3n y conocimiento de las cinco v\u00edas verdes existentes en Navarra (Tarazonica, Vasconavarro, Bidasoa, Plazaola e Irati). Y es que precisamente, la ubicaci\u00f3n de este Centro de Interpretaci\u00f3n coincide con dos de las l\u00edneas de ferrocarril hist\u00f3rica en Navarra, el Irati, que enlazaba Aoiz y Sang\u00fcesa y fue el primer tren impulsado por energ\u00eda el\u00e9ctrica en Espa\u00f1a, y el Plazaola, que llegaba hasta San Sebasti\u00e1n. En esa zona de Trinitarios se conservan el t\u00fanel y el puente del Plazaola.<\/p>\n","protected":false},"excerpt":{"rendered":"<p>La Asociaci\u00f3n de Amigos del Ferrocarril de Navarra gestionar\u00e1 durante 15 a\u00f1os un espacio que recrear\u00e1 el ambiente ferroviario de los a\u00f1os 50<\/p>\n","protected":false},"author":1,"featured_media":37330,"comment_status":"open","ping_status":"closed","sticky":false,"template":"","format":"standard","meta":{"footnotes":""},"categories":[2],"tags":[],"class_list":["post-37329","post","type-post","status-publish","format-standard","has-post-thumbnail","hentry","category-ayuntamiento-pamplona"],"yoast_head":"<!-- This site is optimized with the Yoast SEO plugin v27.5 - https:\/\/yoast.com\/product\/yoast-seo-wordpress\/ -->\n<title>Ayuntamiento y ANAF firman la concesi\u00f3n administrativa para la gesti\u00f3n del futuro Centro de Interpretaci\u00f3n del Ferrocarril y las V\u00edas Verdes de Navarra en Trinitarios<\/title>\n<meta name=\"description\" content=\"La Asociaci\u00f3n de Amigos del Ferrocarril de Navarra gestionar\u00e1 durante 15 a\u00f1os un espacio que recrear\u00e1 el ambiente ferroviario de los a\u00f1os 50\" \/>\n<meta name=\"robots\" content=\"index, follow, max-snippet:-1, max-image-preview:large, max-video-preview:-1\" \/>\n<link rel=\"canonical\" href=\"https:\/\/www.laguiadepamplona.com\/actualidad\/ayuntamiento-y-anaf-firman-la-concesion-administrativa-para-la-gestion-del-futuro-centro-de-interpretacion-del-ferrocarril-y-las-vias-verdes-de-navarra-en-trinitarios\/\" \/>\n<meta property=\"og:locale\" content=\"es_ES\" \/>\n<meta property=\"og:type\" content=\"article\" \/>\n<meta property=\"og:title\" content=\"Ayuntamiento y ANAF firman la concesi\u00f3n administrativa para la gesti\u00f3n del futuro Centro de Interpretaci\u00f3n del Ferrocarril y las V\u00edas Verdes de Navarra en Trinitarios\" \/>\n<meta property=\"og:description\" content=\"La Asociaci\u00f3n de Amigos del Ferrocarril de Navarra gestionar\u00e1 durante 15 a\u00f1os un espacio que recrear\u00e1 el ambiente ferroviario de los a\u00f1os 50\" \/>\n<meta property=\"og:url\" content=\"https:\/\/www.laguiadepamplona.com\/actualidad\/ayuntamiento-y-anaf-firman-la-concesion-administrativa-para-la-gestion-del-futuro-centro-de-interpretacion-del-ferrocarril-y-las-vias-verdes-de-navarra-en-trinitarios\/\" \/>\n<meta property=\"og:site_name\" content=\"La Gu\u00eda de Pamplona\" \/>\n<meta property=\"article:publisher\" content=\"https:\/\/www.facebook.com\/laguiadepamplonacom-133175176762273\/?ref=hl\" \/>\n<meta property=\"article:published_time\" content=\"2021-11-03T13:12:17+00:00\" \/>\n<meta property=\"article:modified_time\" content=\"2023-04-11T09:48:48+00:00\" \/>\n<meta property=\"og:image\" content=\"https:\/\/www.laguiadepamplona.com\/actualidad\/wp-content\/uploads\/2021\/11\/maquetastren20211102jmg3515.jpg\" \/>\n\t<meta property=\"og:image:width\" content=\"1920\" \/>\n\t<meta property=\"og:image:height\" content=\"1280\" \/>\n\t<meta property=\"og:image:type\" content=\"image\/jpeg\" \/>\n<meta name=\"author\" content=\"La Gu\u00eda de Pamplona\" \/>\n<meta name=\"twitter:card\" content=\"summary_large_image\" \/>\n<meta name=\"twitter:creator\" content=\"@LaGuiadPamplona\" \/>\n<meta name=\"twitter:site\" content=\"@LaGuiadPamplona\" \/>\n<meta name=\"twitter:label1\" content=\"Escrito por\" \/>\n\t<meta name=\"twitter:data1\" content=\"La Gu\u00eda de Pamplona\" \/>\n\t<meta name=\"twitter:label2\" content=\"Tiempo de lectura\" \/>\n\t<meta name=\"twitter:data2\" content=\"4 minutos\" \/>\n<script type=\"application\/ld+json\" class=\"yoast-schema-graph\">{\"@context\":\"https:\\\/\\\/schema.org\",\"@graph\":[{\"@type\":\"Article\",\"@id\":\"https:\\\/\\\/www.laguiadepamplona.com\\\/actualidad\\\/ayuntamiento-y-anaf-firman-la-concesion-administrativa-para-la-gestion-del-futuro-centro-de-interpretacion-del-ferrocarril-y-las-vias-verdes-de-navarra-en-trinitarios\\\/#article\",\"isPartOf\":{\"@id\":\"https:\\\/\\\/www.laguiadepamplona.com\\\/actualidad\\\/ayuntamiento-y-anaf-firman-la-concesion-administrativa-para-la-gestion-del-futuro-centro-de-interpretacion-del-ferrocarril-y-las-vias-verdes-de-navarra-en-trinitarios\\\/\"},\"author\":{\"name\":\"La Gu\u00eda de Pamplona\",\"@id\":\"https:\\\/\\\/www.laguiadepamplona.com\\\/actualidad\\\/#\\\/schema\\\/person\\\/efe887376f0213d4657c93adc50b1fdb\"},\"headline\":\"Ayuntamiento y ANAF firman la concesi\u00f3n administrativa para la gesti\u00f3n del futuro Centro de Interpretaci\u00f3n del Ferrocarril y las V\u00edas Verdes de Navarra en Trinitarios\",\"datePublished\":\"2021-11-03T13:12:17+00:00\",\"dateModified\":\"2023-04-11T09:48:48+00:00\",\"mainEntityOfPage\":{\"@id\":\"https:\\\/\\\/www.laguiadepamplona.com\\\/actualidad\\\/ayuntamiento-y-anaf-firman-la-concesion-administrativa-para-la-gestion-del-futuro-centro-de-interpretacion-del-ferrocarril-y-las-vias-verdes-de-navarra-en-trinitarios\\\/\"},\"wordCount\":876,\"commentCount\":0,\"publisher\":{\"@id\":\"https:\\\/\\\/www.laguiadepamplona.com\\\/actualidad\\\/#organization\"},\"image\":{\"@id\":\"https:\\\/\\\/www.laguiadepamplona.com\\\/actualidad\\\/ayuntamiento-y-anaf-firman-la-concesion-administrativa-para-la-gestion-del-futuro-centro-de-interpretacion-del-ferrocarril-y-las-vias-verdes-de-navarra-en-trinitarios\\\/#primaryimage\"},\"thumbnailUrl\":\"https:\\\/\\\/www.laguiadepamplona.com\\\/actualidad\\\/wp-content\\\/uploads\\\/2021\\\/11\\\/maquetastren20211102jmg3515.jpg\",\"articleSection\":[\"Ayto Pamplona\"],\"inLanguage\":\"es\",\"potentialAction\":[{\"@type\":\"CommentAction\",\"name\":\"Comment\",\"target\":[\"https:\\\/\\\/www.laguiadepamplona.com\\\/actualidad\\\/ayuntamiento-y-anaf-firman-la-concesion-administrativa-para-la-gestion-del-futuro-centro-de-interpretacion-del-ferrocarril-y-las-vias-verdes-de-navarra-en-trinitarios\\\/#respond\"]}]},{\"@type\":\"WebPage\",\"@id\":\"https:\\\/\\\/www.laguiadepamplona.com\\\/actualidad\\\/ayuntamiento-y-anaf-firman-la-concesion-administrativa-para-la-gestion-del-futuro-centro-de-interpretacion-del-ferrocarril-y-las-vias-verdes-de-navarra-en-trinitarios\\\/\",\"url\":\"https:\\\/\\\/www.laguiadepamplona.com\\\/actualidad\\\/ayuntamiento-y-anaf-firman-la-concesion-administrativa-para-la-gestion-del-futuro-centro-de-interpretacion-del-ferrocarril-y-las-vias-verdes-de-navarra-en-trinitarios\\\/\",\"name\":\"Ayuntamiento y ANAF firman la concesi\u00f3n administrativa para la gesti\u00f3n del futuro Centro de Interpretaci\u00f3n del Ferrocarril y las V\u00edas Verdes de Navarra en Trinitarios\",\"isPartOf\":{\"@id\":\"https:\\\/\\\/www.laguiadepamplona.com\\\/actualidad\\\/#website\"},\"primaryImageOfPage\":{\"@id\":\"https:\\\/\\\/www.laguiadepamplona.com\\\/actualidad\\\/ayuntamiento-y-anaf-firman-la-concesion-administrativa-para-la-gestion-del-futuro-centro-de-interpretacion-del-ferrocarril-y-las-vias-verdes-de-navarra-en-trinitarios\\\/#primaryimage\"},\"image\":{\"@id\":\"https:\\\/\\\/www.laguiadepamplona.com\\\/actualidad\\\/ayuntamiento-y-anaf-firman-la-concesion-administrativa-para-la-gestion-del-futuro-centro-de-interpretacion-del-ferrocarril-y-las-vias-verdes-de-navarra-en-trinitarios\\\/#primaryimage\"},\"thumbnailUrl\":\"https:\\\/\\\/www.laguiadepamplona.com\\\/actualidad\\\/wp-content\\\/uploads\\\/2021\\\/11\\\/maquetastren20211102jmg3515.jpg\",\"datePublished\":\"2021-11-03T13:12:17+00:00\",\"dateModified\":\"2023-04-11T09:48:48+00:00\",\"description\":\"La Asociaci\u00f3n de Amigos del Ferrocarril de Navarra gestionar\u00e1 durante 15 a\u00f1os un espacio que recrear\u00e1 el ambiente ferroviario de los a\u00f1os 50\",\"breadcrumb\":{\"@id\":\"https:\\\/\\\/www.laguiadepamplona.com\\\/actualidad\\\/ayuntamiento-y-anaf-firman-la-concesion-administrativa-para-la-gestion-del-futuro-centro-de-interpretacion-del-ferrocarril-y-las-vias-verdes-de-navarra-en-trinitarios\\\/#breadcrumb\"},\"inLanguage\":\"es\",\"potentialAction\":[{\"@type\":\"ReadAction\",\"target\":[\"https:\\\/\\\/www.laguiadepamplona.com\\\/actualidad\\\/ayuntamiento-y-anaf-firman-la-concesion-administrativa-para-la-gestion-del-futuro-centro-de-interpretacion-del-ferrocarril-y-las-vias-verdes-de-navarra-en-trinitarios\\\/\"]}]},{\"@type\":\"ImageObject\",\"inLanguage\":\"es\",\"@id\":\"https:\\\/\\\/www.laguiadepamplona.com\\\/actualidad\\\/ayuntamiento-y-anaf-firman-la-concesion-administrativa-para-la-gestion-del-futuro-centro-de-interpretacion-del-ferrocarril-y-las-vias-verdes-de-navarra-en-trinitarios\\\/#primaryimage\",\"url\":\"https:\\\/\\\/www.laguiadepamplona.com\\\/actualidad\\\/wp-content\\\/uploads\\\/2021\\\/11\\\/maquetastren20211102jmg3515.jpg\",\"contentUrl\":\"https:\\\/\\\/www.laguiadepamplona.com\\\/actualidad\\\/wp-content\\\/uploads\\\/2021\\\/11\\\/maquetastren20211102jmg3515.jpg\",\"width\":1920,\"height\":1280,\"caption\":\"A* Jesus Garzaron F* 2021_11_02 T* Maquetas de trenes que se instalar\u00e1n en Trinitarios L* Almacenes autobuses\"},{\"@type\":\"BreadcrumbList\",\"@id\":\"https:\\\/\\\/www.laguiadepamplona.com\\\/actualidad\\\/ayuntamiento-y-anaf-firman-la-concesion-administrativa-para-la-gestion-del-futuro-centro-de-interpretacion-del-ferrocarril-y-las-vias-verdes-de-navarra-en-trinitarios\\\/#breadcrumb\",\"itemListElement\":[{\"@type\":\"ListItem\",\"position\":1,\"name\":\"Portada\",\"item\":\"https:\\\/\\\/www.laguiadepamplona.com\\\/actualidad\\\/\"},{\"@type\":\"ListItem\",\"position\":2,\"name\":\"Ayuntamiento y ANAF firman la concesi\u00f3n administrativa para la gesti\u00f3n del futuro Centro de Interpretaci\u00f3n del Ferrocarril y las V\u00edas Verdes de Navarra en Trinitarios\"}]},{\"@type\":\"WebSite\",\"@id\":\"https:\\\/\\\/www.laguiadepamplona.com\\\/actualidad\\\/#website\",\"url\":\"https:\\\/\\\/www.laguiadepamplona.com\\\/actualidad\\\/\",\"name\":\"La gu\u00eda de Pamplona\",\"description\":\"Noticias de Pamplona\",\"publisher\":{\"@id\":\"https:\\\/\\\/www.laguiadepamplona.com\\\/actualidad\\\/#organization\"},\"potentialAction\":[{\"@type\":\"SearchAction\",\"target\":{\"@type\":\"EntryPoint\",\"urlTemplate\":\"https:\\\/\\\/www.laguiadepamplona.com\\\/actualidad\\\/?s={search_term_string}\"},\"query-input\":{\"@type\":\"PropertyValueSpecification\",\"valueRequired\":true,\"valueName\":\"search_term_string\"}}],\"inLanguage\":\"es\"},{\"@type\":\"Organization\",\"@id\":\"https:\\\/\\\/www.laguiadepamplona.com\\\/actualidad\\\/#organization\",\"name\":\"La Gu\u00eda de Pamplona \\\/ Noticias\",\"url\":\"https:\\\/\\\/www.laguiadepamplona.com\\\/actualidad\\\/\",\"logo\":{\"@type\":\"ImageObject\",\"inLanguage\":\"es\",\"@id\":\"https:\\\/\\\/www.laguiadepamplona.com\\\/actualidad\\\/#\\\/schema\\\/logo\\\/image\\\/\",\"url\":\"https:\\\/\\\/www.laguiadepamplona.com\\\/actualidad\\\/wp-content\\\/uploads\\\/2018\\\/11\\\/logo-laguiadepamplona18-web1.png\",\"contentUrl\":\"https:\\\/\\\/www.laguiadepamplona.com\\\/actualidad\\\/wp-content\\\/uploads\\\/2018\\\/11\\\/logo-laguiadepamplona18-web1.png\",\"width\":600,\"height\":196,\"caption\":\"La Gu\u00eda de Pamplona \\\/ Noticias\"},\"image\":{\"@id\":\"https:\\\/\\\/www.laguiadepamplona.com\\\/actualidad\\\/#\\\/schema\\\/logo\\\/image\\\/\"},\"sameAs\":[\"https:\\\/\\\/www.facebook.com\\\/laguiadepamplonacom-133175176762273\\\/?ref=hl\",\"https:\\\/\\\/x.com\\\/LaGuiadPamplona\",\"https:\\\/\\\/www.instagram.com\\\/la_guia_de_pamplona\\\/\",\"https:\\\/\\\/www.youtube.com\\\/user\\\/laguiadepamplona\"]},{\"@type\":\"Person\",\"@id\":\"https:\\\/\\\/www.laguiadepamplona.com\\\/actualidad\\\/#\\\/schema\\\/person\\\/efe887376f0213d4657c93adc50b1fdb\",\"name\":\"La Gu\u00eda de Pamplona\",\"image\":{\"@type\":\"ImageObject\",\"inLanguage\":\"es\",\"@id\":\"https:\\\/\\\/secure.gravatar.com\\\/avatar\\\/b6992f131dc8d30ab0dff15446e9d346d9dbd95992de0fef795073f5ea83a81c?s=96&d=mm&r=g\",\"url\":\"https:\\\/\\\/secure.gravatar.com\\\/avatar\\\/b6992f131dc8d30ab0dff15446e9d346d9dbd95992de0fef795073f5ea83a81c?s=96&d=mm&r=g\",\"contentUrl\":\"https:\\\/\\\/secure.gravatar.com\\\/avatar\\\/b6992f131dc8d30ab0dff15446e9d346d9dbd95992de0fef795073f5ea83a81c?s=96&d=mm&r=g\",\"caption\":\"La Gu\u00eda de Pamplona\"}}]}<\/script>\n<!-- \/ Yoast SEO plugin. -->","yoast_head_json":{"title":"Ayuntamiento y ANAF firman la concesi\u00f3n administrativa para la gesti\u00f3n del futuro Centro de Interpretaci\u00f3n del Ferrocarril y las V\u00edas Verdes de Navarra en Trinitarios","description":"La Asociaci\u00f3n de Amigos del Ferrocarril de Navarra gestionar\u00e1 durante 15 a\u00f1os un espacio que recrear\u00e1 el ambiente ferroviario de los a\u00f1os 50","robots":{"index":"index","follow":"follow","max-snippet":"max-snippet:-1","max-image-preview":"max-image-preview:large","max-video-preview":"max-video-preview:-1"},"canonical":"https:\/\/www.laguiadepamplona.com\/actualidad\/ayuntamiento-y-anaf-firman-la-concesion-administrativa-para-la-gestion-del-futuro-centro-de-interpretacion-del-ferrocarril-y-las-vias-verdes-de-navarra-en-trinitarios\/","og_locale":"es_ES","og_type":"article","og_title":"Ayuntamiento y ANAF firman la concesi\u00f3n administrativa para la gesti\u00f3n del futuro Centro de Interpretaci\u00f3n del Ferrocarril y las V\u00edas Verdes de Navarra en Trinitarios","og_description":"La Asociaci\u00f3n de Amigos del Ferrocarril de Navarra gestionar\u00e1 durante 15 a\u00f1os un espacio que recrear\u00e1 el ambiente ferroviario de los a\u00f1os 50","og_url":"https:\/\/www.laguiadepamplona.com\/actualidad\/ayuntamiento-y-anaf-firman-la-concesion-administrativa-para-la-gestion-del-futuro-centro-de-interpretacion-del-ferrocarril-y-las-vias-verdes-de-navarra-en-trinitarios\/","og_site_name":"La Gu\u00eda de Pamplona","article_publisher":"https:\/\/www.facebook.com\/laguiadepamplonacom-133175176762273\/?ref=hl","article_published_time":"2021-11-03T13:12:17+00:00","article_modified_time":"2023-04-11T09:48:48+00:00","og_image":[{"width":1920,"height":1280,"url":"https:\/\/www.laguiadepamplona.com\/actualidad\/wp-content\/uploads\/2021\/11\/maquetastren20211102jmg3515.jpg","type":"image\/jpeg"}],"author":"La Gu\u00eda de Pamplona","twitter_card":"summary_large_image","twitter_creator":"@LaGuiadPamplona","twitter_site":"@LaGuiadPamplona","twitter_misc":{"Escrito por":"La Gu\u00eda de Pamplona","Tiempo de lectura":"4 minutos"},"schema":{"@context":"https:\/\/schema.org","@graph":[{"@type":"Article","@id":"https:\/\/www.laguiadepamplona.com\/actualidad\/ayuntamiento-y-anaf-firman-la-concesion-administrativa-para-la-gestion-del-futuro-centro-de-interpretacion-del-ferrocarril-y-las-vias-verdes-de-navarra-en-trinitarios\/#article","isPartOf":{"@id":"https:\/\/www.laguiadepamplona.com\/actualidad\/ayuntamiento-y-anaf-firman-la-concesion-administrativa-para-la-gestion-del-futuro-centro-de-interpretacion-del-ferrocarril-y-las-vias-verdes-de-navarra-en-trinitarios\/"},"author":{"name":"La Gu\u00eda de Pamplona","@id":"https:\/\/www.laguiadepamplona.com\/actualidad\/#\/schema\/person\/efe887376f0213d4657c93adc50b1fdb"},"headline":"Ayuntamiento y ANAF firman la concesi\u00f3n administrativa para la gesti\u00f3n del futuro Centro de Interpretaci\u00f3n del Ferrocarril y las V\u00edas Verdes de Navarra en Trinitarios","datePublished":"2021-11-03T13:12:17+00:00","dateModified":"2023-04-11T09:48:48+00:00","mainEntityOfPage":{"@id":"https:\/\/www.laguiadepamplona.com\/actualidad\/ayuntamiento-y-anaf-firman-la-concesion-administrativa-para-la-gestion-del-futuro-centro-de-interpretacion-del-ferrocarril-y-las-vias-verdes-de-navarra-en-trinitarios\/"},"wordCount":876,"commentCount":0,"publisher":{"@id":"https:\/\/www.laguiadepamplona.com\/actualidad\/#organization"},"image":{"@id":"https:\/\/www.laguiadepamplona.com\/actualidad\/ayuntamiento-y-anaf-firman-la-concesion-administrativa-para-la-gestion-del-futuro-centro-de-interpretacion-del-ferrocarril-y-las-vias-verdes-de-navarra-en-trinitarios\/#primaryimage"},"thumbnailUrl":"https:\/\/www.laguiadepamplona.com\/actualidad\/wp-content\/uploads\/2021\/11\/maquetastren20211102jmg3515.jpg","articleSection":["Ayto Pamplona"],"inLanguage":"es","potentialAction":[{"@type":"CommentAction","name":"Comment","target":["https:\/\/www.laguiadepamplona.com\/actualidad\/ayuntamiento-y-anaf-firman-la-concesion-administrativa-para-la-gestion-del-futuro-centro-de-interpretacion-del-ferrocarril-y-las-vias-verdes-de-navarra-en-trinitarios\/#respond"]}]},{"@type":"WebPage","@id":"https:\/\/www.laguiadepamplona.com\/actualidad\/ayuntamiento-y-anaf-firman-la-concesion-administrativa-para-la-gestion-del-futuro-centro-de-interpretacion-del-ferrocarril-y-las-vias-verdes-de-navarra-en-trinitarios\/","url":"https:\/\/www.laguiadepamplona.com\/actualidad\/ayuntamiento-y-anaf-firman-la-concesion-administrativa-para-la-gestion-del-futuro-centro-de-interpretacion-del-ferrocarril-y-las-vias-verdes-de-navarra-en-trinitarios\/","name":"Ayuntamiento y ANAF firman la concesi\u00f3n administrativa para la gesti\u00f3n del futuro Centro de Interpretaci\u00f3n del Ferrocarril y las V\u00edas Verdes de Navarra en Trinitarios","isPartOf":{"@id":"https:\/\/www.laguiadepamplona.com\/actualidad\/#website"},"primaryImageOfPage":{"@id":"https:\/\/www.laguiadepamplona.com\/actualidad\/ayuntamiento-y-anaf-firman-la-concesion-administrativa-para-la-gestion-del-futuro-centro-de-interpretacion-del-ferrocarril-y-las-vias-verdes-de-navarra-en-trinitarios\/#primaryimage"},"image":{"@id":"https:\/\/www.laguiadepamplona.com\/actualidad\/ayuntamiento-y-anaf-firman-la-concesion-administrativa-para-la-gestion-del-futuro-centro-de-interpretacion-del-ferrocarril-y-las-vias-verdes-de-navarra-en-trinitarios\/#primaryimage"},"thumbnailUrl":"https:\/\/www.laguiadepamplona.com\/actualidad\/wp-content\/uploads\/2021\/11\/maquetastren20211102jmg3515.jpg","datePublished":"2021-11-03T13:12:17+00:00","dateModified":"2023-04-11T09:48:48+00:00","description":"La Asociaci\u00f3n de Amigos del Ferrocarril de Navarra gestionar\u00e1 durante 15 a\u00f1os un espacio que recrear\u00e1 el ambiente ferroviario de los a\u00f1os 50","breadcrumb":{"@id":"https:\/\/www.laguiadepamplona.com\/actualidad\/ayuntamiento-y-anaf-firman-la-concesion-administrativa-para-la-gestion-del-futuro-centro-de-interpretacion-del-ferrocarril-y-las-vias-verdes-de-navarra-en-trinitarios\/#breadcrumb"},"inLanguage":"es","potentialAction":[{"@type":"ReadAction","target":["https:\/\/www.laguiadepamplona.com\/actualidad\/ayuntamiento-y-anaf-firman-la-concesion-administrativa-para-la-gestion-del-futuro-centro-de-interpretacion-del-ferrocarril-y-las-vias-verdes-de-navarra-en-trinitarios\/"]}]},{"@type":"ImageObject","inLanguage":"es","@id":"https:\/\/www.laguiadepamplona.com\/actualidad\/ayuntamiento-y-anaf-firman-la-concesion-administrativa-para-la-gestion-del-futuro-centro-de-interpretacion-del-ferrocarril-y-las-vias-verdes-de-navarra-en-trinitarios\/#primaryimage","url":"https:\/\/www.laguiadepamplona.com\/actualidad\/wp-content\/uploads\/2021\/11\/maquetastren20211102jmg3515.jpg","contentUrl":"https:\/\/www.laguiadepamplona.com\/actualidad\/wp-content\/uploads\/2021\/11\/maquetastren20211102jmg3515.jpg","width":1920,"height":1280,"caption":"A* Jesus Garzaron F* 2021_11_02 T* Maquetas de trenes que se instalar\u00e1n en Trinitarios L* Almacenes autobuses"},{"@type":"BreadcrumbList","@id":"https:\/\/www.laguiadepamplona.com\/actualidad\/ayuntamiento-y-anaf-firman-la-concesion-administrativa-para-la-gestion-del-futuro-centro-de-interpretacion-del-ferrocarril-y-las-vias-verdes-de-navarra-en-trinitarios\/#breadcrumb","itemListElement":[{"@type":"ListItem","position":1,"name":"Portada","item":"https:\/\/www.laguiadepamplona.com\/actualidad\/"},{"@type":"ListItem","position":2,"name":"Ayuntamiento y ANAF firman la concesi\u00f3n administrativa para la gesti\u00f3n del futuro Centro de Interpretaci\u00f3n del Ferrocarril y las V\u00edas Verdes de Navarra en Trinitarios"}]},{"@type":"WebSite","@id":"https:\/\/www.laguiadepamplona.com\/actualidad\/#website","url":"https:\/\/www.laguiadepamplona.com\/actualidad\/","name":"La gu\u00eda de Pamplona","description":"Noticias de Pamplona","publisher":{"@id":"https:\/\/www.laguiadepamplona.com\/actualidad\/#organization"},"potentialAction":[{"@type":"SearchAction","target":{"@type":"EntryPoint","urlTemplate":"https:\/\/www.laguiadepamplona.com\/actualidad\/?s={search_term_string}"},"query-input":{"@type":"PropertyValueSpecification","valueRequired":true,"valueName":"search_term_string"}}],"inLanguage":"es"},{"@type":"Organization","@id":"https:\/\/www.laguiadepamplona.com\/actualidad\/#organization","name":"La Gu\u00eda de Pamplona \/ Noticias","url":"https:\/\/www.laguiadepamplona.com\/actualidad\/","logo":{"@type":"ImageObject","inLanguage":"es","@id":"https:\/\/www.laguiadepamplona.com\/actualidad\/#\/schema\/logo\/image\/","url":"https:\/\/www.laguiadepamplona.com\/actualidad\/wp-content\/uploads\/2018\/11\/logo-laguiadepamplona18-web1.png","contentUrl":"https:\/\/www.laguiadepamplona.com\/actualidad\/wp-content\/uploads\/2018\/11\/logo-laguiadepamplona18-web1.png","width":600,"height":196,"caption":"La Gu\u00eda de Pamplona \/ Noticias"},"image":{"@id":"https:\/\/www.laguiadepamplona.com\/actualidad\/#\/schema\/logo\/image\/"},"sameAs":["https:\/\/www.facebook.com\/laguiadepamplonacom-133175176762273\/?ref=hl","https:\/\/x.com\/LaGuiadPamplona","https:\/\/www.instagram.com\/la_guia_de_pamplona\/","https:\/\/www.youtube.com\/user\/laguiadepamplona"]},{"@type":"Person","@id":"https:\/\/www.laguiadepamplona.com\/actualidad\/#\/schema\/person\/efe887376f0213d4657c93adc50b1fdb","name":"La Gu\u00eda de Pamplona","image":{"@type":"ImageObject","inLanguage":"es","@id":"https:\/\/secure.gravatar.com\/avatar\/b6992f131dc8d30ab0dff15446e9d346d9dbd95992de0fef795073f5ea83a81c?s=96&d=mm&r=g","url":"https:\/\/secure.gravatar.com\/avatar\/b6992f131dc8d30ab0dff15446e9d346d9dbd95992de0fef795073f5ea83a81c?s=96&d=mm&r=g","contentUrl":"https:\/\/secure.gravatar.com\/avatar\/b6992f131dc8d30ab0dff15446e9d346d9dbd95992de0fef795073f5ea83a81c?s=96&d=mm&r=g","caption":"La Gu\u00eda de Pamplona"}}]}},"post_mailing_queue_ids":[],"_links":{"self":[{"href":"https:\/\/www.laguiadepamplona.com\/actualidad\/wp-json\/wp\/v2\/posts\/37329","targetHints":{"allow":["GET"]}}],"collection":[{"href":"https:\/\/www.laguiadepamplona.com\/actualidad\/wp-json\/wp\/v2\/posts"}],"about":[{"href":"https:\/\/www.laguiadepamplona.com\/actualidad\/wp-json\/wp\/v2\/types\/post"}],"author":[{"embeddable":true,"href":"https:\/\/www.laguiadepamplona.com\/actualidad\/wp-json\/wp\/v2\/users\/1"}],"replies":[{"embeddable":true,"href":"https:\/\/www.laguiadepamplona.com\/actualidad\/wp-json\/wp\/v2\/comments?post=37329"}],"version-history":[{"count":0,"href":"https:\/\/www.laguiadepamplona.com\/actualidad\/wp-json\/wp\/v2\/posts\/37329\/revisions"}],"wp:featuredmedia":[{"embeddable":true,"href":"https:\/\/www.laguiadepamplona.com\/actualidad\/wp-json\/wp\/v2\/media\/37330"}],"wp:attachment":[{"href":"https:\/\/www.laguiadepamplona.com\/actualidad\/wp-json\/wp\/v2\/media?parent=37329"}],"wp:term":[{"taxonomy":"category","embeddable":true,"href":"https:\/\/www.laguiadepamplona.com\/actualidad\/wp-json\/wp\/v2\/categories?post=37329"},{"taxonomy":"post_tag","embeddable":true,"href":"https:\/\/www.laguiadepamplona.com\/actualidad\/wp-json\/wp\/v2\/tags?post=37329"}],"curies":[{"name":"wp","href":"https:\/\/api.w.org\/{rel}","templated":true}]}}