{"id":37282,"date":"2021-10-29T13:17:38","date_gmt":"2021-10-29T11:17:38","guid":{"rendered":"https:\/\/www.laguiadepamplona.com\/actualidad\/?p=37282"},"modified":"2023-04-11T11:48:49","modified_gmt":"2023-04-11T09:48:49","slug":"el-ayuntamiento-celebrara-este-proximo-lunes-en-el-cementerio-de-san-jose-el-responso-homenaje-anual-en-memoria-de-pablo-sarasate","status":"publish","type":"post","link":"https:\/\/www.laguiadepamplona.com\/actualidad\/el-ayuntamiento-celebrara-este-proximo-lunes-en-el-cementerio-de-san-jose-el-responso-homenaje-anual-en-memoria-de-pablo-sarasate\/","title":{"rendered":"El Ayuntamiento celebrar\u00e1 este pr\u00f3ximo lunes en el cementerio de San Jos\u00e9 el responso-homenaje anual en memoria de Pablo Sarasate"},"content":{"rendered":"<h5>El acto tendr\u00e1 lugar a las 11.30 horas ante el mausoleo del prestigioso m\u00fasico pamplon\u00e9s, conocido en su tiempo como \u2018El viol\u00edn de Europa\u2019<\/h5>\n<p><!--more--><\/p>\n<p>El Ayuntamiento de Pamplona celebrar\u00e1 el pr\u00f3ximo lunes, 1 de noviembre, el tradicional responso ante el mausoleo de Pablo Sarasate que se encuentra situado en el cementerio de San Jos\u00e9. Coincidiendo con la festividad de Todos los Santos, el alcalde de Pamplona, Enrique Maya, y miembros de la corporaci\u00f3n municipal participar\u00e1n a las 11.30 horas en un homenaje en recuerdo al violinista y compositor pamplon\u00e9s que triunf\u00f3 internacionalmente en su \u00e9poca. En el responso se tendr\u00e1 tambi\u00e9n un recuerdo para todas las personas cuyos restos reposan en el cementerio. La teniente de alcalde Ana Elizalde ser\u00e1 la encargada de colocar la corona de flores en el mausoleo del m\u00fasico y compositor.<\/p>\n<p><script async src=\"\/\/pagead2.googlesyndication.com\/pagead\/js\/adsbygoogle.js\"><\/script><br \/>\n<!-- Noticias La Guia de Pamplona --><br \/>\n<ins class=\"adsbygoogle\"\nstyle=\"display:block\"\ndata-ad-client=\"ca-pub-6943679897239327\"\ndata-ad-slot=\"7048180777\"\ndata-ad-format=\"auto\"><\/ins><br \/>\n<script>\n(adsbygoogle = window.adsbygoogle || []).push({});\n<\/script><\/p>\n<p>En el acto tocar\u00e1n cuatro componentes de la Orquesta Sinf\u00f3nica de Navarra las piezas \u201cReverie\u201d y \u201cRomanza Andaluza\u201d op.22 n. 1, de Pablo Sarasate. En caso de lluvia, esta parte del homenaje no tendr\u00e1 lugar. A continuaci\u00f3n, a las 13 horas, se celebrar\u00e1 en la iglesia de San Nicol\u00e1s una misa responso organizada por la Sociedad de Conciertos Santa Cecilia.<\/p>\n<p>Pablo Sarasate naci\u00f3 en Pamplona en 1844 y muri\u00f3 en Biarritz en 1908. E 10 de febrero de 1900 fue declarado \u2018Hijo Predilecto de Pamplona\u2019 y un a\u00f1o despu\u00e9s la ciudad, en honor a su fama y trayectoria profesional de reconocido prestigio mundial, le dedic\u00f3 uno de los paseos m\u00e1s importantes de Pamplona. Cuenta con un pante\u00f3n en el Cementerio Municipal de San Jos\u00e9 desde 1879, el mismo a\u00f1o en que fund\u00f3 la Orquesta Pablo Sarasate, actual Orquesta Sinf\u00f3nica de Navarra (OSN). Sarasate leg\u00f3 a Pamplona sus partituras, cuadros, diplomas, trofeos e instrumentos que pueden verse en el Museo ubicado en la primera planta del Palacio de Condestable (calle Mayor, 2).<\/p>\n","protected":false},"excerpt":{"rendered":"<p>El acto tendr\u00e1 lugar a las 11.30 horas ante el mausoleo del prestigioso m\u00fasico pamplon\u00e9s, conocido en su tiempo como \u2018El viol\u00edn de Europa\u2019<\/p>\n","protected":false},"author":1,"featured_media":10999,"comment_status":"open","ping_status":"closed","sticky":false,"template":"","format":"standard","meta":{"footnotes":""},"categories":[2],"tags":[],"class_list":["post-37282","post","type-post","status-publish","format-standard","has-post-thumbnail","hentry","category-ayuntamiento-pamplona"],"yoast_head":"<!-- This site is optimized with the Yoast SEO plugin v27.5 - https:\/\/yoast.com\/product\/yoast-seo-wordpress\/ -->\n<title>El Ayuntamiento celebrar\u00e1 este pr\u00f3ximo lunes en el cementerio de San Jos\u00e9 el responso-homenaje anual en memoria de Pablo Sarasate<\/title>\n<meta name=\"description\" content=\"El acto tendr\u00e1 lugar a las 11.30 horas ante el mausoleo del prestigioso m\u00fasico pamplon\u00e9s, conocido en su tiempo como \u2018El viol\u00edn de Europa\u2019\" \/>\n<meta name=\"robots\" content=\"index, follow, max-snippet:-1, max-image-preview:large, max-video-preview:-1\" \/>\n<link rel=\"canonical\" href=\"https:\/\/www.laguiadepamplona.com\/actualidad\/el-ayuntamiento-celebrara-este-proximo-lunes-en-el-cementerio-de-san-jose-el-responso-homenaje-anual-en-memoria-de-pablo-sarasate\/\" \/>\n<meta property=\"og:locale\" content=\"es_ES\" \/>\n<meta property=\"og:type\" content=\"article\" \/>\n<meta property=\"og:title\" content=\"El Ayuntamiento celebrar\u00e1 este pr\u00f3ximo lunes en el cementerio de San Jos\u00e9 el responso-homenaje anual en memoria de Pablo Sarasate\" \/>\n<meta property=\"og:description\" content=\"El acto tendr\u00e1 lugar a las 11.30 horas ante el mausoleo del prestigioso m\u00fasico pamplon\u00e9s, conocido en su tiempo como \u2018El viol\u00edn de Europa\u2019\" \/>\n<meta property=\"og:url\" content=\"https:\/\/www.laguiadepamplona.com\/actualidad\/el-ayuntamiento-celebrara-este-proximo-lunes-en-el-cementerio-de-san-jose-el-responso-homenaje-anual-en-memoria-de-pablo-sarasate\/\" \/>\n<meta property=\"og:site_name\" content=\"La Gu\u00eda de Pamplona\" \/>\n<meta property=\"article:publisher\" content=\"https:\/\/www.facebook.com\/laguiadepamplonacom-133175176762273\/?ref=hl\" \/>\n<meta property=\"article:published_time\" content=\"2021-10-29T11:17:38+00:00\" \/>\n<meta property=\"article:modified_time\" content=\"2023-04-11T09:48:49+00:00\" \/>\n<meta property=\"og:image\" content=\"https:\/\/www.laguiadepamplona.com\/actualidad\/wp-content\/uploads\/2016\/12\/sarasate-cementerio.jpg\" \/>\n\t<meta property=\"og:image:width\" content=\"500\" \/>\n\t<meta property=\"og:image:height\" content=\"375\" \/>\n\t<meta property=\"og:image:type\" content=\"image\/jpeg\" \/>\n<meta name=\"author\" content=\"La Gu\u00eda de Pamplona\" \/>\n<meta name=\"twitter:card\" content=\"summary_large_image\" \/>\n<meta name=\"twitter:creator\" content=\"@LaGuiadPamplona\" \/>\n<meta name=\"twitter:site\" content=\"@LaGuiadPamplona\" \/>\n<meta name=\"twitter:label1\" content=\"Escrito por\" \/>\n\t<meta name=\"twitter:data1\" content=\"La Gu\u00eda de Pamplona\" \/>\n\t<meta name=\"twitter:label2\" content=\"Tiempo de lectura\" \/>\n\t<meta name=\"twitter:data2\" content=\"2 minutos\" \/>\n<script type=\"application\/ld+json\" class=\"yoast-schema-graph\">{\"@context\":\"https:\\\/\\\/schema.org\",\"@graph\":[{\"@type\":\"Article\",\"@id\":\"https:\\\/\\\/www.laguiadepamplona.com\\\/actualidad\\\/el-ayuntamiento-celebrara-este-proximo-lunes-en-el-cementerio-de-san-jose-el-responso-homenaje-anual-en-memoria-de-pablo-sarasate\\\/#article\",\"isPartOf\":{\"@id\":\"https:\\\/\\\/www.laguiadepamplona.com\\\/actualidad\\\/el-ayuntamiento-celebrara-este-proximo-lunes-en-el-cementerio-de-san-jose-el-responso-homenaje-anual-en-memoria-de-pablo-sarasate\\\/\"},\"author\":{\"name\":\"La Gu\u00eda de Pamplona\",\"@id\":\"https:\\\/\\\/www.laguiadepamplona.com\\\/actualidad\\\/#\\\/schema\\\/person\\\/efe887376f0213d4657c93adc50b1fdb\"},\"headline\":\"El Ayuntamiento celebrar\u00e1 este pr\u00f3ximo lunes en el cementerio de San Jos\u00e9 el responso-homenaje anual en memoria de Pablo Sarasate\",\"datePublished\":\"2021-10-29T11:17:38+00:00\",\"dateModified\":\"2023-04-11T09:48:49+00:00\",\"mainEntityOfPage\":{\"@id\":\"https:\\\/\\\/www.laguiadepamplona.com\\\/actualidad\\\/el-ayuntamiento-celebrara-este-proximo-lunes-en-el-cementerio-de-san-jose-el-responso-homenaje-anual-en-memoria-de-pablo-sarasate\\\/\"},\"wordCount\":335,\"commentCount\":0,\"publisher\":{\"@id\":\"https:\\\/\\\/www.laguiadepamplona.com\\\/actualidad\\\/#organization\"},\"image\":{\"@id\":\"https:\\\/\\\/www.laguiadepamplona.com\\\/actualidad\\\/el-ayuntamiento-celebrara-este-proximo-lunes-en-el-cementerio-de-san-jose-el-responso-homenaje-anual-en-memoria-de-pablo-sarasate\\\/#primaryimage\"},\"thumbnailUrl\":\"https:\\\/\\\/www.laguiadepamplona.com\\\/actualidad\\\/wp-content\\\/uploads\\\/2016\\\/12\\\/sarasate-cementerio.jpg\",\"articleSection\":[\"Ayto Pamplona\"],\"inLanguage\":\"es\",\"potentialAction\":[{\"@type\":\"CommentAction\",\"name\":\"Comment\",\"target\":[\"https:\\\/\\\/www.laguiadepamplona.com\\\/actualidad\\\/el-ayuntamiento-celebrara-este-proximo-lunes-en-el-cementerio-de-san-jose-el-responso-homenaje-anual-en-memoria-de-pablo-sarasate\\\/#respond\"]}]},{\"@type\":\"WebPage\",\"@id\":\"https:\\\/\\\/www.laguiadepamplona.com\\\/actualidad\\\/el-ayuntamiento-celebrara-este-proximo-lunes-en-el-cementerio-de-san-jose-el-responso-homenaje-anual-en-memoria-de-pablo-sarasate\\\/\",\"url\":\"https:\\\/\\\/www.laguiadepamplona.com\\\/actualidad\\\/el-ayuntamiento-celebrara-este-proximo-lunes-en-el-cementerio-de-san-jose-el-responso-homenaje-anual-en-memoria-de-pablo-sarasate\\\/\",\"name\":\"El Ayuntamiento celebrar\u00e1 este pr\u00f3ximo lunes en el cementerio de San Jos\u00e9 el responso-homenaje anual en memoria de Pablo Sarasate\",\"isPartOf\":{\"@id\":\"https:\\\/\\\/www.laguiadepamplona.com\\\/actualidad\\\/#website\"},\"primaryImageOfPage\":{\"@id\":\"https:\\\/\\\/www.laguiadepamplona.com\\\/actualidad\\\/el-ayuntamiento-celebrara-este-proximo-lunes-en-el-cementerio-de-san-jose-el-responso-homenaje-anual-en-memoria-de-pablo-sarasate\\\/#primaryimage\"},\"image\":{\"@id\":\"https:\\\/\\\/www.laguiadepamplona.com\\\/actualidad\\\/el-ayuntamiento-celebrara-este-proximo-lunes-en-el-cementerio-de-san-jose-el-responso-homenaje-anual-en-memoria-de-pablo-sarasate\\\/#primaryimage\"},\"thumbnailUrl\":\"https:\\\/\\\/www.laguiadepamplona.com\\\/actualidad\\\/wp-content\\\/uploads\\\/2016\\\/12\\\/sarasate-cementerio.jpg\",\"datePublished\":\"2021-10-29T11:17:38+00:00\",\"dateModified\":\"2023-04-11T09:48:49+00:00\",\"description\":\"El acto tendr\u00e1 lugar a las 11.30 horas ante el mausoleo del prestigioso m\u00fasico pamplon\u00e9s, conocido en su tiempo como \u2018El viol\u00edn de Europa\u2019\",\"breadcrumb\":{\"@id\":\"https:\\\/\\\/www.laguiadepamplona.com\\\/actualidad\\\/el-ayuntamiento-celebrara-este-proximo-lunes-en-el-cementerio-de-san-jose-el-responso-homenaje-anual-en-memoria-de-pablo-sarasate\\\/#breadcrumb\"},\"inLanguage\":\"es\",\"potentialAction\":[{\"@type\":\"ReadAction\",\"target\":[\"https:\\\/\\\/www.laguiadepamplona.com\\\/actualidad\\\/el-ayuntamiento-celebrara-este-proximo-lunes-en-el-cementerio-de-san-jose-el-responso-homenaje-anual-en-memoria-de-pablo-sarasate\\\/\"]}]},{\"@type\":\"ImageObject\",\"inLanguage\":\"es\",\"@id\":\"https:\\\/\\\/www.laguiadepamplona.com\\\/actualidad\\\/el-ayuntamiento-celebrara-este-proximo-lunes-en-el-cementerio-de-san-jose-el-responso-homenaje-anual-en-memoria-de-pablo-sarasate\\\/#primaryimage\",\"url\":\"https:\\\/\\\/www.laguiadepamplona.com\\\/actualidad\\\/wp-content\\\/uploads\\\/2016\\\/12\\\/sarasate-cementerio.jpg\",\"contentUrl\":\"https:\\\/\\\/www.laguiadepamplona.com\\\/actualidad\\\/wp-content\\\/uploads\\\/2016\\\/12\\\/sarasate-cementerio.jpg\",\"width\":500,\"height\":375},{\"@type\":\"BreadcrumbList\",\"@id\":\"https:\\\/\\\/www.laguiadepamplona.com\\\/actualidad\\\/el-ayuntamiento-celebrara-este-proximo-lunes-en-el-cementerio-de-san-jose-el-responso-homenaje-anual-en-memoria-de-pablo-sarasate\\\/#breadcrumb\",\"itemListElement\":[{\"@type\":\"ListItem\",\"position\":1,\"name\":\"Portada\",\"item\":\"https:\\\/\\\/www.laguiadepamplona.com\\\/actualidad\\\/\"},{\"@type\":\"ListItem\",\"position\":2,\"name\":\"El Ayuntamiento celebrar\u00e1 este pr\u00f3ximo lunes en el cementerio de San Jos\u00e9 el responso-homenaje anual en memoria de Pablo Sarasate\"}]},{\"@type\":\"WebSite\",\"@id\":\"https:\\\/\\\/www.laguiadepamplona.com\\\/actualidad\\\/#website\",\"url\":\"https:\\\/\\\/www.laguiadepamplona.com\\\/actualidad\\\/\",\"name\":\"La gu\u00eda de Pamplona\",\"description\":\"Noticias de Pamplona\",\"publisher\":{\"@id\":\"https:\\\/\\\/www.laguiadepamplona.com\\\/actualidad\\\/#organization\"},\"potentialAction\":[{\"@type\":\"SearchAction\",\"target\":{\"@type\":\"EntryPoint\",\"urlTemplate\":\"https:\\\/\\\/www.laguiadepamplona.com\\\/actualidad\\\/?s={search_term_string}\"},\"query-input\":{\"@type\":\"PropertyValueSpecification\",\"valueRequired\":true,\"valueName\":\"search_term_string\"}}],\"inLanguage\":\"es\"},{\"@type\":\"Organization\",\"@id\":\"https:\\\/\\\/www.laguiadepamplona.com\\\/actualidad\\\/#organization\",\"name\":\"La Gu\u00eda de Pamplona \\\/ Noticias\",\"url\":\"https:\\\/\\\/www.laguiadepamplona.com\\\/actualidad\\\/\",\"logo\":{\"@type\":\"ImageObject\",\"inLanguage\":\"es\",\"@id\":\"https:\\\/\\\/www.laguiadepamplona.com\\\/actualidad\\\/#\\\/schema\\\/logo\\\/image\\\/\",\"url\":\"https:\\\/\\\/www.laguiadepamplona.com\\\/actualidad\\\/wp-content\\\/uploads\\\/2018\\\/11\\\/logo-laguiadepamplona18-web1.png\",\"contentUrl\":\"https:\\\/\\\/www.laguiadepamplona.com\\\/actualidad\\\/wp-content\\\/uploads\\\/2018\\\/11\\\/logo-laguiadepamplona18-web1.png\",\"width\":600,\"height\":196,\"caption\":\"La Gu\u00eda de Pamplona \\\/ Noticias\"},\"image\":{\"@id\":\"https:\\\/\\\/www.laguiadepamplona.com\\\/actualidad\\\/#\\\/schema\\\/logo\\\/image\\\/\"},\"sameAs\":[\"https:\\\/\\\/www.facebook.com\\\/laguiadepamplonacom-133175176762273\\\/?ref=hl\",\"https:\\\/\\\/x.com\\\/LaGuiadPamplona\",\"https:\\\/\\\/www.instagram.com\\\/la_guia_de_pamplona\\\/\",\"https:\\\/\\\/www.youtube.com\\\/user\\\/laguiadepamplona\"]},{\"@type\":\"Person\",\"@id\":\"https:\\\/\\\/www.laguiadepamplona.com\\\/actualidad\\\/#\\\/schema\\\/person\\\/efe887376f0213d4657c93adc50b1fdb\",\"name\":\"La Gu\u00eda de Pamplona\",\"image\":{\"@type\":\"ImageObject\",\"inLanguage\":\"es\",\"@id\":\"https:\\\/\\\/secure.gravatar.com\\\/avatar\\\/b6992f131dc8d30ab0dff15446e9d346d9dbd95992de0fef795073f5ea83a81c?s=96&d=mm&r=g\",\"url\":\"https:\\\/\\\/secure.gravatar.com\\\/avatar\\\/b6992f131dc8d30ab0dff15446e9d346d9dbd95992de0fef795073f5ea83a81c?s=96&d=mm&r=g\",\"contentUrl\":\"https:\\\/\\\/secure.gravatar.com\\\/avatar\\\/b6992f131dc8d30ab0dff15446e9d346d9dbd95992de0fef795073f5ea83a81c?s=96&d=mm&r=g\",\"caption\":\"La Gu\u00eda de Pamplona\"}}]}<\/script>\n<!-- \/ Yoast SEO plugin. -->","yoast_head_json":{"title":"El Ayuntamiento celebrar\u00e1 este pr\u00f3ximo lunes en el cementerio de San Jos\u00e9 el responso-homenaje anual en memoria de Pablo Sarasate","description":"El acto tendr\u00e1 lugar a las 11.30 horas ante el mausoleo del prestigioso m\u00fasico pamplon\u00e9s, conocido en su tiempo como \u2018El viol\u00edn de Europa\u2019","robots":{"index":"index","follow":"follow","max-snippet":"max-snippet:-1","max-image-preview":"max-image-preview:large","max-video-preview":"max-video-preview:-1"},"canonical":"https:\/\/www.laguiadepamplona.com\/actualidad\/el-ayuntamiento-celebrara-este-proximo-lunes-en-el-cementerio-de-san-jose-el-responso-homenaje-anual-en-memoria-de-pablo-sarasate\/","og_locale":"es_ES","og_type":"article","og_title":"El Ayuntamiento celebrar\u00e1 este pr\u00f3ximo lunes en el cementerio de San Jos\u00e9 el responso-homenaje anual en memoria de Pablo Sarasate","og_description":"El acto tendr\u00e1 lugar a las 11.30 horas ante el mausoleo del prestigioso m\u00fasico pamplon\u00e9s, conocido en su tiempo como \u2018El viol\u00edn de Europa\u2019","og_url":"https:\/\/www.laguiadepamplona.com\/actualidad\/el-ayuntamiento-celebrara-este-proximo-lunes-en-el-cementerio-de-san-jose-el-responso-homenaje-anual-en-memoria-de-pablo-sarasate\/","og_site_name":"La Gu\u00eda de Pamplona","article_publisher":"https:\/\/www.facebook.com\/laguiadepamplonacom-133175176762273\/?ref=hl","article_published_time":"2021-10-29T11:17:38+00:00","article_modified_time":"2023-04-11T09:48:49+00:00","og_image":[{"width":500,"height":375,"url":"https:\/\/www.laguiadepamplona.com\/actualidad\/wp-content\/uploads\/2016\/12\/sarasate-cementerio.jpg","type":"image\/jpeg"}],"author":"La Gu\u00eda de Pamplona","twitter_card":"summary_large_image","twitter_creator":"@LaGuiadPamplona","twitter_site":"@LaGuiadPamplona","twitter_misc":{"Escrito por":"La Gu\u00eda de Pamplona","Tiempo de lectura":"2 minutos"},"schema":{"@context":"https:\/\/schema.org","@graph":[{"@type":"Article","@id":"https:\/\/www.laguiadepamplona.com\/actualidad\/el-ayuntamiento-celebrara-este-proximo-lunes-en-el-cementerio-de-san-jose-el-responso-homenaje-anual-en-memoria-de-pablo-sarasate\/#article","isPartOf":{"@id":"https:\/\/www.laguiadepamplona.com\/actualidad\/el-ayuntamiento-celebrara-este-proximo-lunes-en-el-cementerio-de-san-jose-el-responso-homenaje-anual-en-memoria-de-pablo-sarasate\/"},"author":{"name":"La Gu\u00eda de Pamplona","@id":"https:\/\/www.laguiadepamplona.com\/actualidad\/#\/schema\/person\/efe887376f0213d4657c93adc50b1fdb"},"headline":"El Ayuntamiento celebrar\u00e1 este pr\u00f3ximo lunes en el cementerio de San Jos\u00e9 el responso-homenaje anual en memoria de Pablo Sarasate","datePublished":"2021-10-29T11:17:38+00:00","dateModified":"2023-04-11T09:48:49+00:00","mainEntityOfPage":{"@id":"https:\/\/www.laguiadepamplona.com\/actualidad\/el-ayuntamiento-celebrara-este-proximo-lunes-en-el-cementerio-de-san-jose-el-responso-homenaje-anual-en-memoria-de-pablo-sarasate\/"},"wordCount":335,"commentCount":0,"publisher":{"@id":"https:\/\/www.laguiadepamplona.com\/actualidad\/#organization"},"image":{"@id":"https:\/\/www.laguiadepamplona.com\/actualidad\/el-ayuntamiento-celebrara-este-proximo-lunes-en-el-cementerio-de-san-jose-el-responso-homenaje-anual-en-memoria-de-pablo-sarasate\/#primaryimage"},"thumbnailUrl":"https:\/\/www.laguiadepamplona.com\/actualidad\/wp-content\/uploads\/2016\/12\/sarasate-cementerio.jpg","articleSection":["Ayto Pamplona"],"inLanguage":"es","potentialAction":[{"@type":"CommentAction","name":"Comment","target":["https:\/\/www.laguiadepamplona.com\/actualidad\/el-ayuntamiento-celebrara-este-proximo-lunes-en-el-cementerio-de-san-jose-el-responso-homenaje-anual-en-memoria-de-pablo-sarasate\/#respond"]}]},{"@type":"WebPage","@id":"https:\/\/www.laguiadepamplona.com\/actualidad\/el-ayuntamiento-celebrara-este-proximo-lunes-en-el-cementerio-de-san-jose-el-responso-homenaje-anual-en-memoria-de-pablo-sarasate\/","url":"https:\/\/www.laguiadepamplona.com\/actualidad\/el-ayuntamiento-celebrara-este-proximo-lunes-en-el-cementerio-de-san-jose-el-responso-homenaje-anual-en-memoria-de-pablo-sarasate\/","name":"El Ayuntamiento celebrar\u00e1 este pr\u00f3ximo lunes en el cementerio de San Jos\u00e9 el responso-homenaje anual en memoria de Pablo Sarasate","isPartOf":{"@id":"https:\/\/www.laguiadepamplona.com\/actualidad\/#website"},"primaryImageOfPage":{"@id":"https:\/\/www.laguiadepamplona.com\/actualidad\/el-ayuntamiento-celebrara-este-proximo-lunes-en-el-cementerio-de-san-jose-el-responso-homenaje-anual-en-memoria-de-pablo-sarasate\/#primaryimage"},"image":{"@id":"https:\/\/www.laguiadepamplona.com\/actualidad\/el-ayuntamiento-celebrara-este-proximo-lunes-en-el-cementerio-de-san-jose-el-responso-homenaje-anual-en-memoria-de-pablo-sarasate\/#primaryimage"},"thumbnailUrl":"https:\/\/www.laguiadepamplona.com\/actualidad\/wp-content\/uploads\/2016\/12\/sarasate-cementerio.jpg","datePublished":"2021-10-29T11:17:38+00:00","dateModified":"2023-04-11T09:48:49+00:00","description":"El acto tendr\u00e1 lugar a las 11.30 horas ante el mausoleo del prestigioso m\u00fasico pamplon\u00e9s, conocido en su tiempo como \u2018El viol\u00edn de Europa\u2019","breadcrumb":{"@id":"https:\/\/www.laguiadepamplona.com\/actualidad\/el-ayuntamiento-celebrara-este-proximo-lunes-en-el-cementerio-de-san-jose-el-responso-homenaje-anual-en-memoria-de-pablo-sarasate\/#breadcrumb"},"inLanguage":"es","potentialAction":[{"@type":"ReadAction","target":["https:\/\/www.laguiadepamplona.com\/actualidad\/el-ayuntamiento-celebrara-este-proximo-lunes-en-el-cementerio-de-san-jose-el-responso-homenaje-anual-en-memoria-de-pablo-sarasate\/"]}]},{"@type":"ImageObject","inLanguage":"es","@id":"https:\/\/www.laguiadepamplona.com\/actualidad\/el-ayuntamiento-celebrara-este-proximo-lunes-en-el-cementerio-de-san-jose-el-responso-homenaje-anual-en-memoria-de-pablo-sarasate\/#primaryimage","url":"https:\/\/www.laguiadepamplona.com\/actualidad\/wp-content\/uploads\/2016\/12\/sarasate-cementerio.jpg","contentUrl":"https:\/\/www.laguiadepamplona.com\/actualidad\/wp-content\/uploads\/2016\/12\/sarasate-cementerio.jpg","width":500,"height":375},{"@type":"BreadcrumbList","@id":"https:\/\/www.laguiadepamplona.com\/actualidad\/el-ayuntamiento-celebrara-este-proximo-lunes-en-el-cementerio-de-san-jose-el-responso-homenaje-anual-en-memoria-de-pablo-sarasate\/#breadcrumb","itemListElement":[{"@type":"ListItem","position":1,"name":"Portada","item":"https:\/\/www.laguiadepamplona.com\/actualidad\/"},{"@type":"ListItem","position":2,"name":"El Ayuntamiento celebrar\u00e1 este pr\u00f3ximo lunes en el cementerio de San Jos\u00e9 el responso-homenaje anual en memoria de Pablo Sarasate"}]},{"@type":"WebSite","@id":"https:\/\/www.laguiadepamplona.com\/actualidad\/#website","url":"https:\/\/www.laguiadepamplona.com\/actualidad\/","name":"La gu\u00eda de Pamplona","description":"Noticias de Pamplona","publisher":{"@id":"https:\/\/www.laguiadepamplona.com\/actualidad\/#organization"},"potentialAction":[{"@type":"SearchAction","target":{"@type":"EntryPoint","urlTemplate":"https:\/\/www.laguiadepamplona.com\/actualidad\/?s={search_term_string}"},"query-input":{"@type":"PropertyValueSpecification","valueRequired":true,"valueName":"search_term_string"}}],"inLanguage":"es"},{"@type":"Organization","@id":"https:\/\/www.laguiadepamplona.com\/actualidad\/#organization","name":"La Gu\u00eda de Pamplona \/ Noticias","url":"https:\/\/www.laguiadepamplona.com\/actualidad\/","logo":{"@type":"ImageObject","inLanguage":"es","@id":"https:\/\/www.laguiadepamplona.com\/actualidad\/#\/schema\/logo\/image\/","url":"https:\/\/www.laguiadepamplona.com\/actualidad\/wp-content\/uploads\/2018\/11\/logo-laguiadepamplona18-web1.png","contentUrl":"https:\/\/www.laguiadepamplona.com\/actualidad\/wp-content\/uploads\/2018\/11\/logo-laguiadepamplona18-web1.png","width":600,"height":196,"caption":"La Gu\u00eda de Pamplona \/ Noticias"},"image":{"@id":"https:\/\/www.laguiadepamplona.com\/actualidad\/#\/schema\/logo\/image\/"},"sameAs":["https:\/\/www.facebook.com\/laguiadepamplonacom-133175176762273\/?ref=hl","https:\/\/x.com\/LaGuiadPamplona","https:\/\/www.instagram.com\/la_guia_de_pamplona\/","https:\/\/www.youtube.com\/user\/laguiadepamplona"]},{"@type":"Person","@id":"https:\/\/www.laguiadepamplona.com\/actualidad\/#\/schema\/person\/efe887376f0213d4657c93adc50b1fdb","name":"La Gu\u00eda de Pamplona","image":{"@type":"ImageObject","inLanguage":"es","@id":"https:\/\/secure.gravatar.com\/avatar\/b6992f131dc8d30ab0dff15446e9d346d9dbd95992de0fef795073f5ea83a81c?s=96&d=mm&r=g","url":"https:\/\/secure.gravatar.com\/avatar\/b6992f131dc8d30ab0dff15446e9d346d9dbd95992de0fef795073f5ea83a81c?s=96&d=mm&r=g","contentUrl":"https:\/\/secure.gravatar.com\/avatar\/b6992f131dc8d30ab0dff15446e9d346d9dbd95992de0fef795073f5ea83a81c?s=96&d=mm&r=g","caption":"La Gu\u00eda de Pamplona"}}]}},"post_mailing_queue_ids":[],"_links":{"self":[{"href":"https:\/\/www.laguiadepamplona.com\/actualidad\/wp-json\/wp\/v2\/posts\/37282","targetHints":{"allow":["GET"]}}],"collection":[{"href":"https:\/\/www.laguiadepamplona.com\/actualidad\/wp-json\/wp\/v2\/posts"}],"about":[{"href":"https:\/\/www.laguiadepamplona.com\/actualidad\/wp-json\/wp\/v2\/types\/post"}],"author":[{"embeddable":true,"href":"https:\/\/www.laguiadepamplona.com\/actualidad\/wp-json\/wp\/v2\/users\/1"}],"replies":[{"embeddable":true,"href":"https:\/\/www.laguiadepamplona.com\/actualidad\/wp-json\/wp\/v2\/comments?post=37282"}],"version-history":[{"count":0,"href":"https:\/\/www.laguiadepamplona.com\/actualidad\/wp-json\/wp\/v2\/posts\/37282\/revisions"}],"wp:featuredmedia":[{"embeddable":true,"href":"https:\/\/www.laguiadepamplona.com\/actualidad\/wp-json\/wp\/v2\/media\/10999"}],"wp:attachment":[{"href":"https:\/\/www.laguiadepamplona.com\/actualidad\/wp-json\/wp\/v2\/media?parent=37282"}],"wp:term":[{"taxonomy":"category","embeddable":true,"href":"https:\/\/www.laguiadepamplona.com\/actualidad\/wp-json\/wp\/v2\/categories?post=37282"},{"taxonomy":"post_tag","embeddable":true,"href":"https:\/\/www.laguiadepamplona.com\/actualidad\/wp-json\/wp\/v2\/tags?post=37282"}],"curies":[{"name":"wp","href":"https:\/\/api.w.org\/{rel}","templated":true}]}}