{"id":37278,"date":"2021-10-29T13:15:40","date_gmt":"2021-10-29T11:15:40","guid":{"rendered":"https:\/\/www.laguiadepamplona.com\/actualidad\/?p=37278"},"modified":"2023-04-11T11:48:49","modified_gmt":"2023-04-11T09:48:49","slug":"civivox-iturrama-dedica-el-mes-de-noviembre-a-la-memoria-intergeneracional-del-barrio-con-talleres-mesas-redondas-espectaculo-teatral-cuentacuentos-y-una-exposicion","status":"publish","type":"post","link":"https:\/\/www.laguiadepamplona.com\/actualidad\/civivox-iturrama-dedica-el-mes-de-noviembre-a-la-memoria-intergeneracional-del-barrio-con-talleres-mesas-redondas-espectaculo-teatral-cuentacuentos-y-una-exposicion\/","title":{"rendered":"Civivox Iturrama dedica el mes de noviembre a la memoria intergeneracional del barrio con talleres, mesas redondas, espect\u00e1culo teatral, cuentacuentos y una exposici\u00f3n"},"content":{"rendered":"<h5>Las actividades son gratuitas, previa inscripci\u00f3n en el 010, la red Civivox y <a href=\"http:\/\/www.pamplonaescultura.es\" target=\"_blank\" rel=\"noopener\">www.pamplonaescultura.es<\/a>, excepto los casos del teatro y los talleres<\/h5>\n<p><!--more--><\/p>\n<p>Recuperar la memoria de un barrio como Iturrama con un di\u00e1logo entre el pasado y el presente para fijar una mirada hacia el futuro. La red Civivox ha organizado durante el mes de noviembre, desde el martes 2 hasta el martes 30, un programa de actividades, que engloba una exposici\u00f3n, cuentacuentos, un espect\u00e1culo teatral, una mesa redonda y talleres intergeneracionales creativos y de salud. Excepto el teatro y los talleres, el resto de citas del programa tiene la entrada libre, previa inscripci\u00f3n en el 010, la red Civivox o <a href=\"http:\/\/www.pamplonaescultura.es\" target=\"_blank\" rel=\"noopener\">www.pamplonaescultura.es<\/a><\/p>\n<p><script async src=\"\/\/pagead2.googlesyndication.com\/pagead\/js\/adsbygoogle.js\"><\/script><br \/>\n<!-- Noticias La Guia de Pamplona --><br \/>\n<ins class=\"adsbygoogle\"\nstyle=\"display:block\"\ndata-ad-client=\"ca-pub-6943679897239327\"\ndata-ad-slot=\"7048180777\"\ndata-ad-format=\"auto\"><\/ins><br \/>\n<script>\n(adsbygoogle = window.adsbygoogle || []).push({});\n<\/script><\/p>\n<p>\u2018Iturrama: memoria intergeneracional\u2019, que as\u00ed se titula el programa, comienza este martes con la apertura al p\u00fablico en Civivox Iturrama de una exposici\u00f3n de fotograf\u00eda sobre el antes y el ahora del barrio. La muestra a\u00fana fotograf\u00edas realizadas en el taller impartido por el profesional Adolfo Lacunza y una selecci\u00f3n de instant\u00e1neas del Archivo Municipal de Pamplona en las que se puede apreciar c\u00f3mo ha cambiado el barrio de Iturrama en las \u00faltimas d\u00e9cadas. La exposici\u00f3n se ha organizado en colaboraci\u00f3n con el Foro Social de Iturrama. Para el 17 de noviembre a las 17 horas, se ha programado un cuentacuentos con kamishibai, dirigido a p\u00fablico infantil mayor de 5 a\u00f1os. La sesi\u00f3n, intergeneracional e inclusiva, forma parte del Programa de Envejecimiento Activo de ANFAS.<\/p>\n<p>El s\u00e1bado 20 de noviembre la cita ser\u00e1 con el teatro. Producciones Kinser pone en escena en Civivox Iturrama, a las 18 horas, \u2018Entre recuerdos y ternura\u2019, una obra para todos los p\u00fablicos con entradas clownescas cl\u00e1sicas y de nueva creaci\u00f3n, malabares, canciones, m\u00fasica en directo, pantomima\u2026 Las entradas est\u00e1n a la venta al precio de 2 euros a trav\u00e9s del 010, la red Civivox y la web municipal <a href=\"http:\/\/www.pamplonaescultura.es\" target=\"_blank\" rel=\"noopener\">www.pamplonaescultura.es<\/a>. Y el 24 de noviembre, a las 19 horas, mesa redonda con un di\u00e1logo de distintas experiencias enriquecedoras cercanas del entorno del barrio de Iturrama de encuentro entre diferentes generaciones. Participar\u00e1n, la psic\u00f3loga de la Casa de Misericordia, Yolanda Liberal, la miembro de \u2018Huertas Amigas\u2019 y de la Asociaci\u00f3n de Mayores Lacarra, Sagrario Lekunberri, y el fundador de Ayuda COVID Iturrama, Borja Gamboa.<\/p>\n<p><script async src=\"\/\/pagead2.googlesyndication.com\/pagead\/js\/adsbygoogle.js\"><\/script><br \/>\n<!-- Noticias La Guia de Pamplona --><br \/>\n<ins class=\"adsbygoogle\"\nstyle=\"display:block\"\ndata-ad-client=\"ca-pub-6943679897239327\"\ndata-ad-slot=\"7048180777\"\ndata-ad-format=\"auto\"><\/ins><br \/>\n<script>\n(adsbygoogle = window.adsbygoogle || []).push({});\n<\/script><\/p>\n<p><strong>Talleres creativos y talleres para envejecer<\/strong><\/p>\n<p>El ciclo incluye dos talleres creativos intergeneracionales para que ni\u00f1os y ni\u00f1as de 4 a 7 a\u00f1os, junto a sus abuelas y abuelos, realicen actividades pl\u00e1sticas. Bajo el t\u00edtulo de \u2018Ra\u00edces y sue\u00f1os\u2019, se explorar\u00e1n diferentes t\u00e9cnicas y materiales art\u00edsticos, ayud\u00e1ndoles a estimular los sentidos, desarrollando la creatividad, la imaginaci\u00f3n y las emociones. El primer taller, \u2018Lo que nos une\u2019, tendr\u00e1 lugar el 5 de noviembre y el segundo, \u2018Vuestro reflejo\u2019, una semana despu\u00e9s, el 12. Ambos, de 17.30 a 19 horas, impartidos por Elena Eraso, de Art &amp; Peques.<\/p>\n<p>Los d\u00edas 2, 4, 9 y 11 de noviembre, de 17 a 19 horas, en el Centro San Juan Bosco se desarrollar\u00e1 el taller \u2018Envejecer con salud\u2019, cuatro sesiones dirigidas a personas mayores de 60 a\u00f1os que quieran desarrollar un envejecimiento activo y saludable. Mediante diferentes din\u00e1micas en equipo, se aprender\u00e1 a reorganizar las informaciones y desarrollar recursos y habilidades para envejecer con el m\u00e1ximo de capacidad funcional. Esta actividad se organiza en colaboraci\u00f3n con el Instituto de Salud P\u00fablica y Laboral de Navarra.<\/p>\n","protected":false},"excerpt":{"rendered":"<p>Las actividades son gratuitas, previa inscripci\u00f3n en el 010, la red Civivox y www.pamplonaescultura.es, excepto los casos del teatro y los talleres<\/p>\n","protected":false},"author":1,"featured_media":28184,"comment_status":"open","ping_status":"closed","sticky":false,"template":"","format":"standard","meta":{"footnotes":""},"categories":[2],"tags":[],"class_list":["post-37278","post","type-post","status-publish","format-standard","has-post-thumbnail","hentry","category-ayuntamiento-pamplona"],"yoast_head":"<!-- This site is optimized with the Yoast SEO plugin v27.5 - https:\/\/yoast.com\/product\/yoast-seo-wordpress\/ -->\n<title>Civivox Iturrama dedica el mes de noviembre a la memoria intergeneracional del barrio con talleres, mesas redondas, espect\u00e1culo teatral, cuentacuentos y una exposici\u00f3n<\/title>\n<meta name=\"description\" content=\"Las actividades son gratuitas, previa inscripci\u00f3n en el 010, la red Civivox y www.pamplonaescultura.es, excepto los casos del teatro y los talleres\" \/>\n<meta name=\"robots\" content=\"index, follow, max-snippet:-1, max-image-preview:large, max-video-preview:-1\" \/>\n<link rel=\"canonical\" href=\"https:\/\/www.laguiadepamplona.com\/actualidad\/civivox-iturrama-dedica-el-mes-de-noviembre-a-la-memoria-intergeneracional-del-barrio-con-talleres-mesas-redondas-espectaculo-teatral-cuentacuentos-y-una-exposicion\/\" \/>\n<meta property=\"og:locale\" content=\"es_ES\" \/>\n<meta property=\"og:type\" content=\"article\" \/>\n<meta property=\"og:title\" content=\"Civivox Iturrama dedica el mes de noviembre a la memoria intergeneracional del barrio con talleres, mesas redondas, espect\u00e1culo teatral, cuentacuentos y una exposici\u00f3n\" \/>\n<meta property=\"og:description\" content=\"Las actividades son gratuitas, previa inscripci\u00f3n en el 010, la red Civivox y www.pamplonaescultura.es, excepto los casos del teatro y los talleres\" \/>\n<meta property=\"og:url\" content=\"https:\/\/www.laguiadepamplona.com\/actualidad\/civivox-iturrama-dedica-el-mes-de-noviembre-a-la-memoria-intergeneracional-del-barrio-con-talleres-mesas-redondas-espectaculo-teatral-cuentacuentos-y-una-exposicion\/\" \/>\n<meta property=\"og:site_name\" content=\"La Gu\u00eda de Pamplona\" \/>\n<meta property=\"article:publisher\" content=\"https:\/\/www.facebook.com\/laguiadepamplonacom-133175176762273\/?ref=hl\" \/>\n<meta property=\"article:published_time\" content=\"2021-10-29T11:15:40+00:00\" \/>\n<meta property=\"article:modified_time\" content=\"2023-04-11T09:48:49+00:00\" \/>\n<meta property=\"og:image\" content=\"https:\/\/www.laguiadepamplona.com\/actualidad\/wp-content\/uploads\/2020\/02\/civivox-iturrama-2020.jpeg\" \/>\n\t<meta property=\"og:image:width\" content=\"1920\" \/>\n\t<meta property=\"og:image:height\" content=\"1187\" \/>\n\t<meta property=\"og:image:type\" content=\"image\/jpeg\" \/>\n<meta name=\"author\" content=\"La Gu\u00eda de Pamplona\" \/>\n<meta name=\"twitter:card\" content=\"summary_large_image\" \/>\n<meta name=\"twitter:creator\" content=\"@LaGuiadPamplona\" \/>\n<meta name=\"twitter:site\" content=\"@LaGuiadPamplona\" \/>\n<meta name=\"twitter:label1\" content=\"Escrito por\" \/>\n\t<meta name=\"twitter:data1\" content=\"La Gu\u00eda de Pamplona\" \/>\n\t<meta name=\"twitter:label2\" content=\"Tiempo de lectura\" \/>\n\t<meta name=\"twitter:data2\" content=\"3 minutos\" \/>\n<script type=\"application\/ld+json\" class=\"yoast-schema-graph\">{\"@context\":\"https:\\\/\\\/schema.org\",\"@graph\":[{\"@type\":\"Article\",\"@id\":\"https:\\\/\\\/www.laguiadepamplona.com\\\/actualidad\\\/civivox-iturrama-dedica-el-mes-de-noviembre-a-la-memoria-intergeneracional-del-barrio-con-talleres-mesas-redondas-espectaculo-teatral-cuentacuentos-y-una-exposicion\\\/#article\",\"isPartOf\":{\"@id\":\"https:\\\/\\\/www.laguiadepamplona.com\\\/actualidad\\\/civivox-iturrama-dedica-el-mes-de-noviembre-a-la-memoria-intergeneracional-del-barrio-con-talleres-mesas-redondas-espectaculo-teatral-cuentacuentos-y-una-exposicion\\\/\"},\"author\":{\"name\":\"La Gu\u00eda de Pamplona\",\"@id\":\"https:\\\/\\\/www.laguiadepamplona.com\\\/actualidad\\\/#\\\/schema\\\/person\\\/efe887376f0213d4657c93adc50b1fdb\"},\"headline\":\"Civivox Iturrama dedica el mes de noviembre a la memoria intergeneracional del barrio con talleres, mesas redondas, espect\u00e1culo teatral, cuentacuentos y una exposici\u00f3n\",\"datePublished\":\"2021-10-29T11:15:40+00:00\",\"dateModified\":\"2023-04-11T09:48:49+00:00\",\"mainEntityOfPage\":{\"@id\":\"https:\\\/\\\/www.laguiadepamplona.com\\\/actualidad\\\/civivox-iturrama-dedica-el-mes-de-noviembre-a-la-memoria-intergeneracional-del-barrio-con-talleres-mesas-redondas-espectaculo-teatral-cuentacuentos-y-una-exposicion\\\/\"},\"wordCount\":604,\"commentCount\":0,\"publisher\":{\"@id\":\"https:\\\/\\\/www.laguiadepamplona.com\\\/actualidad\\\/#organization\"},\"image\":{\"@id\":\"https:\\\/\\\/www.laguiadepamplona.com\\\/actualidad\\\/civivox-iturrama-dedica-el-mes-de-noviembre-a-la-memoria-intergeneracional-del-barrio-con-talleres-mesas-redondas-espectaculo-teatral-cuentacuentos-y-una-exposicion\\\/#primaryimage\"},\"thumbnailUrl\":\"https:\\\/\\\/www.laguiadepamplona.com\\\/actualidad\\\/wp-content\\\/uploads\\\/2020\\\/02\\\/civivox-iturrama-2020.jpeg\",\"articleSection\":[\"Ayto Pamplona\"],\"inLanguage\":\"es\",\"potentialAction\":[{\"@type\":\"CommentAction\",\"name\":\"Comment\",\"target\":[\"https:\\\/\\\/www.laguiadepamplona.com\\\/actualidad\\\/civivox-iturrama-dedica-el-mes-de-noviembre-a-la-memoria-intergeneracional-del-barrio-con-talleres-mesas-redondas-espectaculo-teatral-cuentacuentos-y-una-exposicion\\\/#respond\"]}]},{\"@type\":\"WebPage\",\"@id\":\"https:\\\/\\\/www.laguiadepamplona.com\\\/actualidad\\\/civivox-iturrama-dedica-el-mes-de-noviembre-a-la-memoria-intergeneracional-del-barrio-con-talleres-mesas-redondas-espectaculo-teatral-cuentacuentos-y-una-exposicion\\\/\",\"url\":\"https:\\\/\\\/www.laguiadepamplona.com\\\/actualidad\\\/civivox-iturrama-dedica-el-mes-de-noviembre-a-la-memoria-intergeneracional-del-barrio-con-talleres-mesas-redondas-espectaculo-teatral-cuentacuentos-y-una-exposicion\\\/\",\"name\":\"Civivox Iturrama dedica el mes de noviembre a la memoria intergeneracional del barrio con talleres, mesas redondas, espect\u00e1culo teatral, cuentacuentos y una exposici\u00f3n\",\"isPartOf\":{\"@id\":\"https:\\\/\\\/www.laguiadepamplona.com\\\/actualidad\\\/#website\"},\"primaryImageOfPage\":{\"@id\":\"https:\\\/\\\/www.laguiadepamplona.com\\\/actualidad\\\/civivox-iturrama-dedica-el-mes-de-noviembre-a-la-memoria-intergeneracional-del-barrio-con-talleres-mesas-redondas-espectaculo-teatral-cuentacuentos-y-una-exposicion\\\/#primaryimage\"},\"image\":{\"@id\":\"https:\\\/\\\/www.laguiadepamplona.com\\\/actualidad\\\/civivox-iturrama-dedica-el-mes-de-noviembre-a-la-memoria-intergeneracional-del-barrio-con-talleres-mesas-redondas-espectaculo-teatral-cuentacuentos-y-una-exposicion\\\/#primaryimage\"},\"thumbnailUrl\":\"https:\\\/\\\/www.laguiadepamplona.com\\\/actualidad\\\/wp-content\\\/uploads\\\/2020\\\/02\\\/civivox-iturrama-2020.jpeg\",\"datePublished\":\"2021-10-29T11:15:40+00:00\",\"dateModified\":\"2023-04-11T09:48:49+00:00\",\"description\":\"Las actividades son gratuitas, previa inscripci\u00f3n en el 010, la red Civivox y www.pamplonaescultura.es, excepto los casos del teatro y los talleres\",\"breadcrumb\":{\"@id\":\"https:\\\/\\\/www.laguiadepamplona.com\\\/actualidad\\\/civivox-iturrama-dedica-el-mes-de-noviembre-a-la-memoria-intergeneracional-del-barrio-con-talleres-mesas-redondas-espectaculo-teatral-cuentacuentos-y-una-exposicion\\\/#breadcrumb\"},\"inLanguage\":\"es\",\"potentialAction\":[{\"@type\":\"ReadAction\",\"target\":[\"https:\\\/\\\/www.laguiadepamplona.com\\\/actualidad\\\/civivox-iturrama-dedica-el-mes-de-noviembre-a-la-memoria-intergeneracional-del-barrio-con-talleres-mesas-redondas-espectaculo-teatral-cuentacuentos-y-una-exposicion\\\/\"]}]},{\"@type\":\"ImageObject\",\"inLanguage\":\"es\",\"@id\":\"https:\\\/\\\/www.laguiadepamplona.com\\\/actualidad\\\/civivox-iturrama-dedica-el-mes-de-noviembre-a-la-memoria-intergeneracional-del-barrio-con-talleres-mesas-redondas-espectaculo-teatral-cuentacuentos-y-una-exposicion\\\/#primaryimage\",\"url\":\"https:\\\/\\\/www.laguiadepamplona.com\\\/actualidad\\\/wp-content\\\/uploads\\\/2020\\\/02\\\/civivox-iturrama-2020.jpeg\",\"contentUrl\":\"https:\\\/\\\/www.laguiadepamplona.com\\\/actualidad\\\/wp-content\\\/uploads\\\/2020\\\/02\\\/civivox-iturrama-2020.jpeg\",\"width\":1920,\"height\":1187,\"caption\":\"dav\"},{\"@type\":\"BreadcrumbList\",\"@id\":\"https:\\\/\\\/www.laguiadepamplona.com\\\/actualidad\\\/civivox-iturrama-dedica-el-mes-de-noviembre-a-la-memoria-intergeneracional-del-barrio-con-talleres-mesas-redondas-espectaculo-teatral-cuentacuentos-y-una-exposicion\\\/#breadcrumb\",\"itemListElement\":[{\"@type\":\"ListItem\",\"position\":1,\"name\":\"Portada\",\"item\":\"https:\\\/\\\/www.laguiadepamplona.com\\\/actualidad\\\/\"},{\"@type\":\"ListItem\",\"position\":2,\"name\":\"Civivox Iturrama dedica el mes de noviembre a la memoria intergeneracional del barrio con talleres, mesas redondas, espect\u00e1culo teatral, cuentacuentos y una exposici\u00f3n\"}]},{\"@type\":\"WebSite\",\"@id\":\"https:\\\/\\\/www.laguiadepamplona.com\\\/actualidad\\\/#website\",\"url\":\"https:\\\/\\\/www.laguiadepamplona.com\\\/actualidad\\\/\",\"name\":\"La gu\u00eda de Pamplona\",\"description\":\"Noticias de Pamplona\",\"publisher\":{\"@id\":\"https:\\\/\\\/www.laguiadepamplona.com\\\/actualidad\\\/#organization\"},\"potentialAction\":[{\"@type\":\"SearchAction\",\"target\":{\"@type\":\"EntryPoint\",\"urlTemplate\":\"https:\\\/\\\/www.laguiadepamplona.com\\\/actualidad\\\/?s={search_term_string}\"},\"query-input\":{\"@type\":\"PropertyValueSpecification\",\"valueRequired\":true,\"valueName\":\"search_term_string\"}}],\"inLanguage\":\"es\"},{\"@type\":\"Organization\",\"@id\":\"https:\\\/\\\/www.laguiadepamplona.com\\\/actualidad\\\/#organization\",\"name\":\"La Gu\u00eda de Pamplona \\\/ Noticias\",\"url\":\"https:\\\/\\\/www.laguiadepamplona.com\\\/actualidad\\\/\",\"logo\":{\"@type\":\"ImageObject\",\"inLanguage\":\"es\",\"@id\":\"https:\\\/\\\/www.laguiadepamplona.com\\\/actualidad\\\/#\\\/schema\\\/logo\\\/image\\\/\",\"url\":\"https:\\\/\\\/www.laguiadepamplona.com\\\/actualidad\\\/wp-content\\\/uploads\\\/2018\\\/11\\\/logo-laguiadepamplona18-web1.png\",\"contentUrl\":\"https:\\\/\\\/www.laguiadepamplona.com\\\/actualidad\\\/wp-content\\\/uploads\\\/2018\\\/11\\\/logo-laguiadepamplona18-web1.png\",\"width\":600,\"height\":196,\"caption\":\"La Gu\u00eda de Pamplona \\\/ Noticias\"},\"image\":{\"@id\":\"https:\\\/\\\/www.laguiadepamplona.com\\\/actualidad\\\/#\\\/schema\\\/logo\\\/image\\\/\"},\"sameAs\":[\"https:\\\/\\\/www.facebook.com\\\/laguiadepamplonacom-133175176762273\\\/?ref=hl\",\"https:\\\/\\\/x.com\\\/LaGuiadPamplona\",\"https:\\\/\\\/www.instagram.com\\\/la_guia_de_pamplona\\\/\",\"https:\\\/\\\/www.youtube.com\\\/user\\\/laguiadepamplona\"]},{\"@type\":\"Person\",\"@id\":\"https:\\\/\\\/www.laguiadepamplona.com\\\/actualidad\\\/#\\\/schema\\\/person\\\/efe887376f0213d4657c93adc50b1fdb\",\"name\":\"La Gu\u00eda de Pamplona\",\"image\":{\"@type\":\"ImageObject\",\"inLanguage\":\"es\",\"@id\":\"https:\\\/\\\/secure.gravatar.com\\\/avatar\\\/b6992f131dc8d30ab0dff15446e9d346d9dbd95992de0fef795073f5ea83a81c?s=96&d=mm&r=g\",\"url\":\"https:\\\/\\\/secure.gravatar.com\\\/avatar\\\/b6992f131dc8d30ab0dff15446e9d346d9dbd95992de0fef795073f5ea83a81c?s=96&d=mm&r=g\",\"contentUrl\":\"https:\\\/\\\/secure.gravatar.com\\\/avatar\\\/b6992f131dc8d30ab0dff15446e9d346d9dbd95992de0fef795073f5ea83a81c?s=96&d=mm&r=g\",\"caption\":\"La Gu\u00eda de Pamplona\"}}]}<\/script>\n<!-- \/ Yoast SEO plugin. -->","yoast_head_json":{"title":"Civivox Iturrama dedica el mes de noviembre a la memoria intergeneracional del barrio con talleres, mesas redondas, espect\u00e1culo teatral, cuentacuentos y una exposici\u00f3n","description":"Las actividades son gratuitas, previa inscripci\u00f3n en el 010, la red Civivox y www.pamplonaescultura.es, excepto los casos del teatro y los talleres","robots":{"index":"index","follow":"follow","max-snippet":"max-snippet:-1","max-image-preview":"max-image-preview:large","max-video-preview":"max-video-preview:-1"},"canonical":"https:\/\/www.laguiadepamplona.com\/actualidad\/civivox-iturrama-dedica-el-mes-de-noviembre-a-la-memoria-intergeneracional-del-barrio-con-talleres-mesas-redondas-espectaculo-teatral-cuentacuentos-y-una-exposicion\/","og_locale":"es_ES","og_type":"article","og_title":"Civivox Iturrama dedica el mes de noviembre a la memoria intergeneracional del barrio con talleres, mesas redondas, espect\u00e1culo teatral, cuentacuentos y una exposici\u00f3n","og_description":"Las actividades son gratuitas, previa inscripci\u00f3n en el 010, la red Civivox y www.pamplonaescultura.es, excepto los casos del teatro y los talleres","og_url":"https:\/\/www.laguiadepamplona.com\/actualidad\/civivox-iturrama-dedica-el-mes-de-noviembre-a-la-memoria-intergeneracional-del-barrio-con-talleres-mesas-redondas-espectaculo-teatral-cuentacuentos-y-una-exposicion\/","og_site_name":"La Gu\u00eda de Pamplona","article_publisher":"https:\/\/www.facebook.com\/laguiadepamplonacom-133175176762273\/?ref=hl","article_published_time":"2021-10-29T11:15:40+00:00","article_modified_time":"2023-04-11T09:48:49+00:00","og_image":[{"width":1920,"height":1187,"url":"https:\/\/www.laguiadepamplona.com\/actualidad\/wp-content\/uploads\/2020\/02\/civivox-iturrama-2020.jpeg","type":"image\/jpeg"}],"author":"La Gu\u00eda de Pamplona","twitter_card":"summary_large_image","twitter_creator":"@LaGuiadPamplona","twitter_site":"@LaGuiadPamplona","twitter_misc":{"Escrito por":"La Gu\u00eda de Pamplona","Tiempo de lectura":"3 minutos"},"schema":{"@context":"https:\/\/schema.org","@graph":[{"@type":"Article","@id":"https:\/\/www.laguiadepamplona.com\/actualidad\/civivox-iturrama-dedica-el-mes-de-noviembre-a-la-memoria-intergeneracional-del-barrio-con-talleres-mesas-redondas-espectaculo-teatral-cuentacuentos-y-una-exposicion\/#article","isPartOf":{"@id":"https:\/\/www.laguiadepamplona.com\/actualidad\/civivox-iturrama-dedica-el-mes-de-noviembre-a-la-memoria-intergeneracional-del-barrio-con-talleres-mesas-redondas-espectaculo-teatral-cuentacuentos-y-una-exposicion\/"},"author":{"name":"La Gu\u00eda de Pamplona","@id":"https:\/\/www.laguiadepamplona.com\/actualidad\/#\/schema\/person\/efe887376f0213d4657c93adc50b1fdb"},"headline":"Civivox Iturrama dedica el mes de noviembre a la memoria intergeneracional del barrio con talleres, mesas redondas, espect\u00e1culo teatral, cuentacuentos y una exposici\u00f3n","datePublished":"2021-10-29T11:15:40+00:00","dateModified":"2023-04-11T09:48:49+00:00","mainEntityOfPage":{"@id":"https:\/\/www.laguiadepamplona.com\/actualidad\/civivox-iturrama-dedica-el-mes-de-noviembre-a-la-memoria-intergeneracional-del-barrio-con-talleres-mesas-redondas-espectaculo-teatral-cuentacuentos-y-una-exposicion\/"},"wordCount":604,"commentCount":0,"publisher":{"@id":"https:\/\/www.laguiadepamplona.com\/actualidad\/#organization"},"image":{"@id":"https:\/\/www.laguiadepamplona.com\/actualidad\/civivox-iturrama-dedica-el-mes-de-noviembre-a-la-memoria-intergeneracional-del-barrio-con-talleres-mesas-redondas-espectaculo-teatral-cuentacuentos-y-una-exposicion\/#primaryimage"},"thumbnailUrl":"https:\/\/www.laguiadepamplona.com\/actualidad\/wp-content\/uploads\/2020\/02\/civivox-iturrama-2020.jpeg","articleSection":["Ayto Pamplona"],"inLanguage":"es","potentialAction":[{"@type":"CommentAction","name":"Comment","target":["https:\/\/www.laguiadepamplona.com\/actualidad\/civivox-iturrama-dedica-el-mes-de-noviembre-a-la-memoria-intergeneracional-del-barrio-con-talleres-mesas-redondas-espectaculo-teatral-cuentacuentos-y-una-exposicion\/#respond"]}]},{"@type":"WebPage","@id":"https:\/\/www.laguiadepamplona.com\/actualidad\/civivox-iturrama-dedica-el-mes-de-noviembre-a-la-memoria-intergeneracional-del-barrio-con-talleres-mesas-redondas-espectaculo-teatral-cuentacuentos-y-una-exposicion\/","url":"https:\/\/www.laguiadepamplona.com\/actualidad\/civivox-iturrama-dedica-el-mes-de-noviembre-a-la-memoria-intergeneracional-del-barrio-con-talleres-mesas-redondas-espectaculo-teatral-cuentacuentos-y-una-exposicion\/","name":"Civivox Iturrama dedica el mes de noviembre a la memoria intergeneracional del barrio con talleres, mesas redondas, espect\u00e1culo teatral, cuentacuentos y una exposici\u00f3n","isPartOf":{"@id":"https:\/\/www.laguiadepamplona.com\/actualidad\/#website"},"primaryImageOfPage":{"@id":"https:\/\/www.laguiadepamplona.com\/actualidad\/civivox-iturrama-dedica-el-mes-de-noviembre-a-la-memoria-intergeneracional-del-barrio-con-talleres-mesas-redondas-espectaculo-teatral-cuentacuentos-y-una-exposicion\/#primaryimage"},"image":{"@id":"https:\/\/www.laguiadepamplona.com\/actualidad\/civivox-iturrama-dedica-el-mes-de-noviembre-a-la-memoria-intergeneracional-del-barrio-con-talleres-mesas-redondas-espectaculo-teatral-cuentacuentos-y-una-exposicion\/#primaryimage"},"thumbnailUrl":"https:\/\/www.laguiadepamplona.com\/actualidad\/wp-content\/uploads\/2020\/02\/civivox-iturrama-2020.jpeg","datePublished":"2021-10-29T11:15:40+00:00","dateModified":"2023-04-11T09:48:49+00:00","description":"Las actividades son gratuitas, previa inscripci\u00f3n en el 010, la red Civivox y www.pamplonaescultura.es, excepto los casos del teatro y los talleres","breadcrumb":{"@id":"https:\/\/www.laguiadepamplona.com\/actualidad\/civivox-iturrama-dedica-el-mes-de-noviembre-a-la-memoria-intergeneracional-del-barrio-con-talleres-mesas-redondas-espectaculo-teatral-cuentacuentos-y-una-exposicion\/#breadcrumb"},"inLanguage":"es","potentialAction":[{"@type":"ReadAction","target":["https:\/\/www.laguiadepamplona.com\/actualidad\/civivox-iturrama-dedica-el-mes-de-noviembre-a-la-memoria-intergeneracional-del-barrio-con-talleres-mesas-redondas-espectaculo-teatral-cuentacuentos-y-una-exposicion\/"]}]},{"@type":"ImageObject","inLanguage":"es","@id":"https:\/\/www.laguiadepamplona.com\/actualidad\/civivox-iturrama-dedica-el-mes-de-noviembre-a-la-memoria-intergeneracional-del-barrio-con-talleres-mesas-redondas-espectaculo-teatral-cuentacuentos-y-una-exposicion\/#primaryimage","url":"https:\/\/www.laguiadepamplona.com\/actualidad\/wp-content\/uploads\/2020\/02\/civivox-iturrama-2020.jpeg","contentUrl":"https:\/\/www.laguiadepamplona.com\/actualidad\/wp-content\/uploads\/2020\/02\/civivox-iturrama-2020.jpeg","width":1920,"height":1187,"caption":"dav"},{"@type":"BreadcrumbList","@id":"https:\/\/www.laguiadepamplona.com\/actualidad\/civivox-iturrama-dedica-el-mes-de-noviembre-a-la-memoria-intergeneracional-del-barrio-con-talleres-mesas-redondas-espectaculo-teatral-cuentacuentos-y-una-exposicion\/#breadcrumb","itemListElement":[{"@type":"ListItem","position":1,"name":"Portada","item":"https:\/\/www.laguiadepamplona.com\/actualidad\/"},{"@type":"ListItem","position":2,"name":"Civivox Iturrama dedica el mes de noviembre a la memoria intergeneracional del barrio con talleres, mesas redondas, espect\u00e1culo teatral, cuentacuentos y una exposici\u00f3n"}]},{"@type":"WebSite","@id":"https:\/\/www.laguiadepamplona.com\/actualidad\/#website","url":"https:\/\/www.laguiadepamplona.com\/actualidad\/","name":"La gu\u00eda de Pamplona","description":"Noticias de Pamplona","publisher":{"@id":"https:\/\/www.laguiadepamplona.com\/actualidad\/#organization"},"potentialAction":[{"@type":"SearchAction","target":{"@type":"EntryPoint","urlTemplate":"https:\/\/www.laguiadepamplona.com\/actualidad\/?s={search_term_string}"},"query-input":{"@type":"PropertyValueSpecification","valueRequired":true,"valueName":"search_term_string"}}],"inLanguage":"es"},{"@type":"Organization","@id":"https:\/\/www.laguiadepamplona.com\/actualidad\/#organization","name":"La Gu\u00eda de Pamplona \/ Noticias","url":"https:\/\/www.laguiadepamplona.com\/actualidad\/","logo":{"@type":"ImageObject","inLanguage":"es","@id":"https:\/\/www.laguiadepamplona.com\/actualidad\/#\/schema\/logo\/image\/","url":"https:\/\/www.laguiadepamplona.com\/actualidad\/wp-content\/uploads\/2018\/11\/logo-laguiadepamplona18-web1.png","contentUrl":"https:\/\/www.laguiadepamplona.com\/actualidad\/wp-content\/uploads\/2018\/11\/logo-laguiadepamplona18-web1.png","width":600,"height":196,"caption":"La Gu\u00eda de Pamplona \/ Noticias"},"image":{"@id":"https:\/\/www.laguiadepamplona.com\/actualidad\/#\/schema\/logo\/image\/"},"sameAs":["https:\/\/www.facebook.com\/laguiadepamplonacom-133175176762273\/?ref=hl","https:\/\/x.com\/LaGuiadPamplona","https:\/\/www.instagram.com\/la_guia_de_pamplona\/","https:\/\/www.youtube.com\/user\/laguiadepamplona"]},{"@type":"Person","@id":"https:\/\/www.laguiadepamplona.com\/actualidad\/#\/schema\/person\/efe887376f0213d4657c93adc50b1fdb","name":"La Gu\u00eda de Pamplona","image":{"@type":"ImageObject","inLanguage":"es","@id":"https:\/\/secure.gravatar.com\/avatar\/b6992f131dc8d30ab0dff15446e9d346d9dbd95992de0fef795073f5ea83a81c?s=96&d=mm&r=g","url":"https:\/\/secure.gravatar.com\/avatar\/b6992f131dc8d30ab0dff15446e9d346d9dbd95992de0fef795073f5ea83a81c?s=96&d=mm&r=g","contentUrl":"https:\/\/secure.gravatar.com\/avatar\/b6992f131dc8d30ab0dff15446e9d346d9dbd95992de0fef795073f5ea83a81c?s=96&d=mm&r=g","caption":"La Gu\u00eda de Pamplona"}}]}},"post_mailing_queue_ids":[],"_links":{"self":[{"href":"https:\/\/www.laguiadepamplona.com\/actualidad\/wp-json\/wp\/v2\/posts\/37278","targetHints":{"allow":["GET"]}}],"collection":[{"href":"https:\/\/www.laguiadepamplona.com\/actualidad\/wp-json\/wp\/v2\/posts"}],"about":[{"href":"https:\/\/www.laguiadepamplona.com\/actualidad\/wp-json\/wp\/v2\/types\/post"}],"author":[{"embeddable":true,"href":"https:\/\/www.laguiadepamplona.com\/actualidad\/wp-json\/wp\/v2\/users\/1"}],"replies":[{"embeddable":true,"href":"https:\/\/www.laguiadepamplona.com\/actualidad\/wp-json\/wp\/v2\/comments?post=37278"}],"version-history":[{"count":0,"href":"https:\/\/www.laguiadepamplona.com\/actualidad\/wp-json\/wp\/v2\/posts\/37278\/revisions"}],"wp:featuredmedia":[{"embeddable":true,"href":"https:\/\/www.laguiadepamplona.com\/actualidad\/wp-json\/wp\/v2\/media\/28184"}],"wp:attachment":[{"href":"https:\/\/www.laguiadepamplona.com\/actualidad\/wp-json\/wp\/v2\/media?parent=37278"}],"wp:term":[{"taxonomy":"category","embeddable":true,"href":"https:\/\/www.laguiadepamplona.com\/actualidad\/wp-json\/wp\/v2\/categories?post=37278"},{"taxonomy":"post_tag","embeddable":true,"href":"https:\/\/www.laguiadepamplona.com\/actualidad\/wp-json\/wp\/v2\/tags?post=37278"}],"curies":[{"name":"wp","href":"https:\/\/api.w.org\/{rel}","templated":true}]}}