{"id":37275,"date":"2021-10-29T13:14:25","date_gmt":"2021-10-29T11:14:25","guid":{"rendered":"https:\/\/www.laguiadepamplona.com\/actualidad\/?p=37275"},"modified":"2023-04-11T11:48:49","modified_gmt":"2023-04-11T09:48:49","slug":"los-jardines-de-la-ciudadela-acogen-una-exposicion-al-aire-libre-con-las-fotografias-de-navarra-seleccionadas-en-el-concurso-visitspain","status":"publish","type":"post","link":"https:\/\/www.laguiadepamplona.com\/actualidad\/los-jardines-de-la-ciudadela-acogen-una-exposicion-al-aire-libre-con-las-fotografias-de-navarra-seleccionadas-en-el-concurso-visitspain\/","title":{"rendered":"Los jardines de la Ciudadela acogen una exposici\u00f3n al aire libre con las fotograf\u00edas de Navarra seleccionadas en el concurso \u2018VisitSpain\u2019"},"content":{"rendered":"<h5>El Ayuntamiento de Pamplona, junto con otros consistorios, ha participado en esta iniciativa, que invitaba a dar a conocer el entorno y la cultura<\/h5>\n<p><!--more--><\/p>\n<p><a href=\"https:\/\/www.laguiadepamplona.com\/actualidad\/wp-content\/uploads\/2021\/10\/collage-visitspain.jpg\"><img loading=\"lazy\" decoding=\"async\" class=\"alignleft size-medium wp-image-37276\" src=\"https:\/\/www.laguiadepamplona.com\/actualidad\/wp-content\/uploads\/2021\/10\/collage-visitspain-542x300.jpg\" alt=\"\" width=\"542\" height=\"300\" srcset=\"https:\/\/www.laguiadepamplona.com\/actualidad\/wp-content\/uploads\/2021\/10\/collage-visitspain-542x300.jpg 542w, https:\/\/www.laguiadepamplona.com\/actualidad\/wp-content\/uploads\/2021\/10\/collage-visitspain-1024x567.jpg 1024w, https:\/\/www.laguiadepamplona.com\/actualidad\/wp-content\/uploads\/2021\/10\/collage-visitspain-768x425.jpg 768w, https:\/\/www.laguiadepamplona.com\/actualidad\/wp-content\/uploads\/2021\/10\/collage-visitspain-1536x850.jpg 1536w, https:\/\/www.laguiadepamplona.com\/actualidad\/wp-content\/uploads\/2021\/10\/collage-visitspain-640x354.jpg 640w, https:\/\/www.laguiadepamplona.com\/actualidad\/wp-content\/uploads\/2021\/10\/collage-visitspain.jpg 1920w\" sizes=\"auto, (max-width: 542px) 100vw, 542px\" \/><\/a>La plaza central del recinto interior de la Ciudadela acoge hasta el pr\u00f3ximo 12 de diciembre una muestra al aire libre en la que se exponen las fotograf\u00edas de Navarra seleccionadas en el concurso \u2018VisitSpain\u2019, en el que el Ayuntamiento de Pamplona particip\u00f3 junto con una veintena de entidades locales. Se trata de 22 fotograf\u00edas enviadas por autores de esta Comunidad en las que se ha valorado la manera en la que dan a conocer el entorno y la cultura de la zona.<\/p>\n<p>La muestra, que ya se puede visitar de manera gratuita, es fruto de la convocatoria fotogr\u00e1fica \u2018VisitSpain\u2019 emprendida por PhotoEspa\u00f1a en la que la colaboraci\u00f3n del Ayuntamiento de Pamplona. Una convocatoria tanto para las ciudades como para sus habitantes que buscaba la ilusi\u00f3n colectiva y realizar un homenaje a la creatividad de todos los ciudadanos.<\/p>\n<p>La iniciativa \u2018VisitSpain\u2019 ha recibido un total de 14,200 im\u00e1genes de toda Espa\u00f1a con las que fot\u00f3grafos profesionales y aficionados han retratados los rincones naturales y el patrimonio de nuestro pa\u00eds. Adem\u00e1s de la de Pamplona, a lo largo de esta semana se inaugurar\u00e1n las exposiciones al aire libre en ciudades como Alcal\u00e1 de Henares, Alicante, Badajoz, Burgos, Collado Villalba, Gij\u00f3n, Las Rozas, Le\u00f3n, Majadahonda, Madrid, Pozuelo de Alarc\u00f3n, Salamanca, Segovia, Soria, Torrej\u00f3n de Ardoz y Zaragoza.<\/p>\n<p><script async src=\"\/\/pagead2.googlesyndication.com\/pagead\/js\/adsbygoogle.js\"><\/script><br \/>\n<!-- Noticias La Guia de Pamplona --><br \/>\n<ins class=\"adsbygoogle\"\nstyle=\"display:block\"\ndata-ad-client=\"ca-pub-6943679897239327\"\ndata-ad-slot=\"7048180777\"\ndata-ad-format=\"auto\"><\/ins><br \/>\n<script>\n(adsbygoogle = window.adsbygoogle || []).push({});\n<\/script><\/p>\n<p><strong>Ciudad y naturaleza para mostrar en im\u00e1genes algunas de las bondades de Pamplona y Navarra<\/strong><\/p>\n<p>Entre las instant\u00e1neas enviadas por navarros y navarras seleccionadas se puede apreciar un equilibrio entre la diversidad de los paisajes naturales que ofrece la Comunidad foral y la belleza de alguno de los rincones, explorados o desconocidos para la mayor\u00eda de los vecinos, con los que cuenta la capital, Pamplona. As\u00ed, a trav\u00e9s de la exposici\u00f3n se puede realizar un viaje virtual desde la frondosidad de los valles del norte de la Comunidad hasta los curiosos parajes que ofrecen las Bardenas Reales. Momentos \u00fanicos, como la preparaci\u00f3n del torero Juan Jos\u00e9 Padilla para una corrida, o el trabajo para hacer sonar la campana Mar\u00eda de la Catedral, se alternan con escenas cotidianas que realzan la belleza de alguno de los puntos de la ciudad transitados a diario por cientos de personas, vistos desde una perspectiva diferente.<\/p>\n<p>\u2018VisitSpain\u2019 toma como fuente de inspiraci\u00f3n la obra de Ram\u00f3n Masats (Caldes de Montbui, Barcelona, 1931) uno de los protagonistas de la renovaci\u00f3n del reportaje documental de los a\u00f1os sesenta. Entre 1955 y 1965 recorri\u00f3 la geograf\u00eda espa\u00f1ola con su c\u00e1mara. Un encargo sobre los valores patrios que permiti\u00f3 el desarrollo de un lenguaje nuevo, sint\u00e9tico, certero en el contenido y espl\u00e9ndido en su grafismo. Una mirada nada nost\u00e1lgica que invita al deleite.<\/p>\n","protected":false},"excerpt":{"rendered":"<p>El Ayuntamiento de Pamplona, junto con otros consistorios, ha participado en esta iniciativa, que invitaba a dar a conocer el entorno y la cultura<\/p>\n","protected":false},"author":1,"featured_media":37276,"comment_status":"open","ping_status":"closed","sticky":false,"template":"","format":"standard","meta":{"footnotes":""},"categories":[2],"tags":[],"class_list":["post-37275","post","type-post","status-publish","format-standard","has-post-thumbnail","hentry","category-ayuntamiento-pamplona"],"yoast_head":"<!-- This site is optimized with the Yoast SEO plugin v27.5 - https:\/\/yoast.com\/product\/yoast-seo-wordpress\/ -->\n<title>Los jardines de la Ciudadela acogen una exposici\u00f3n al aire libre con las fotograf\u00edas de Navarra seleccionadas en el concurso \u2018VisitSpain\u2019<\/title>\n<meta name=\"description\" content=\"El Ayuntamiento de Pamplona, junto con otros consistorios, ha participado en esta iniciativa, que invitaba a dar a conocer el entorno y la cultura\" \/>\n<meta name=\"robots\" content=\"index, follow, max-snippet:-1, max-image-preview:large, max-video-preview:-1\" \/>\n<link rel=\"canonical\" href=\"https:\/\/www.laguiadepamplona.com\/actualidad\/los-jardines-de-la-ciudadela-acogen-una-exposicion-al-aire-libre-con-las-fotografias-de-navarra-seleccionadas-en-el-concurso-visitspain\/\" \/>\n<meta property=\"og:locale\" content=\"es_ES\" \/>\n<meta property=\"og:type\" content=\"article\" \/>\n<meta property=\"og:title\" content=\"Los jardines de la Ciudadela acogen una exposici\u00f3n al aire libre con las fotograf\u00edas de Navarra seleccionadas en el concurso \u2018VisitSpain\u2019\" \/>\n<meta property=\"og:description\" content=\"El Ayuntamiento de Pamplona, junto con otros consistorios, ha participado en esta iniciativa, que invitaba a dar a conocer el entorno y la cultura\" \/>\n<meta property=\"og:url\" content=\"https:\/\/www.laguiadepamplona.com\/actualidad\/los-jardines-de-la-ciudadela-acogen-una-exposicion-al-aire-libre-con-las-fotografias-de-navarra-seleccionadas-en-el-concurso-visitspain\/\" \/>\n<meta property=\"og:site_name\" content=\"La Gu\u00eda de Pamplona\" \/>\n<meta property=\"article:publisher\" content=\"https:\/\/www.facebook.com\/laguiadepamplonacom-133175176762273\/?ref=hl\" \/>\n<meta property=\"article:published_time\" content=\"2021-10-29T11:14:25+00:00\" \/>\n<meta property=\"article:modified_time\" content=\"2023-04-11T09:48:49+00:00\" \/>\n<meta property=\"og:image\" content=\"https:\/\/www.laguiadepamplona.com\/actualidad\/wp-content\/uploads\/2021\/10\/collage-visitspain.jpg\" \/>\n\t<meta property=\"og:image:width\" content=\"1920\" \/>\n\t<meta property=\"og:image:height\" content=\"1063\" \/>\n\t<meta property=\"og:image:type\" content=\"image\/jpeg\" \/>\n<meta name=\"author\" content=\"La Gu\u00eda de Pamplona\" \/>\n<meta name=\"twitter:card\" content=\"summary_large_image\" \/>\n<meta name=\"twitter:creator\" content=\"@LaGuiadPamplona\" \/>\n<meta name=\"twitter:site\" content=\"@LaGuiadPamplona\" \/>\n<meta name=\"twitter:label1\" content=\"Escrito por\" \/>\n\t<meta name=\"twitter:data1\" content=\"La Gu\u00eda de Pamplona\" \/>\n\t<meta name=\"twitter:label2\" content=\"Tiempo de lectura\" \/>\n\t<meta name=\"twitter:data2\" content=\"3 minutos\" \/>\n<script type=\"application\/ld+json\" class=\"yoast-schema-graph\">{\"@context\":\"https:\\\/\\\/schema.org\",\"@graph\":[{\"@type\":\"Article\",\"@id\":\"https:\\\/\\\/www.laguiadepamplona.com\\\/actualidad\\\/los-jardines-de-la-ciudadela-acogen-una-exposicion-al-aire-libre-con-las-fotografias-de-navarra-seleccionadas-en-el-concurso-visitspain\\\/#article\",\"isPartOf\":{\"@id\":\"https:\\\/\\\/www.laguiadepamplona.com\\\/actualidad\\\/los-jardines-de-la-ciudadela-acogen-una-exposicion-al-aire-libre-con-las-fotografias-de-navarra-seleccionadas-en-el-concurso-visitspain\\\/\"},\"author\":{\"name\":\"La Gu\u00eda de Pamplona\",\"@id\":\"https:\\\/\\\/www.laguiadepamplona.com\\\/actualidad\\\/#\\\/schema\\\/person\\\/efe887376f0213d4657c93adc50b1fdb\"},\"headline\":\"Los jardines de la Ciudadela acogen una exposici\u00f3n al aire libre con las fotograf\u00edas de Navarra seleccionadas en el concurso \u2018VisitSpain\u2019\",\"datePublished\":\"2021-10-29T11:14:25+00:00\",\"dateModified\":\"2023-04-11T09:48:49+00:00\",\"mainEntityOfPage\":{\"@id\":\"https:\\\/\\\/www.laguiadepamplona.com\\\/actualidad\\\/los-jardines-de-la-ciudadela-acogen-una-exposicion-al-aire-libre-con-las-fotografias-de-navarra-seleccionadas-en-el-concurso-visitspain\\\/\"},\"wordCount\":514,\"commentCount\":0,\"publisher\":{\"@id\":\"https:\\\/\\\/www.laguiadepamplona.com\\\/actualidad\\\/#organization\"},\"image\":{\"@id\":\"https:\\\/\\\/www.laguiadepamplona.com\\\/actualidad\\\/los-jardines-de-la-ciudadela-acogen-una-exposicion-al-aire-libre-con-las-fotografias-de-navarra-seleccionadas-en-el-concurso-visitspain\\\/#primaryimage\"},\"thumbnailUrl\":\"https:\\\/\\\/www.laguiadepamplona.com\\\/actualidad\\\/wp-content\\\/uploads\\\/2021\\\/10\\\/collage-visitspain.jpg\",\"articleSection\":[\"Ayto Pamplona\"],\"inLanguage\":\"es\",\"potentialAction\":[{\"@type\":\"CommentAction\",\"name\":\"Comment\",\"target\":[\"https:\\\/\\\/www.laguiadepamplona.com\\\/actualidad\\\/los-jardines-de-la-ciudadela-acogen-una-exposicion-al-aire-libre-con-las-fotografias-de-navarra-seleccionadas-en-el-concurso-visitspain\\\/#respond\"]}]},{\"@type\":\"WebPage\",\"@id\":\"https:\\\/\\\/www.laguiadepamplona.com\\\/actualidad\\\/los-jardines-de-la-ciudadela-acogen-una-exposicion-al-aire-libre-con-las-fotografias-de-navarra-seleccionadas-en-el-concurso-visitspain\\\/\",\"url\":\"https:\\\/\\\/www.laguiadepamplona.com\\\/actualidad\\\/los-jardines-de-la-ciudadela-acogen-una-exposicion-al-aire-libre-con-las-fotografias-de-navarra-seleccionadas-en-el-concurso-visitspain\\\/\",\"name\":\"Los jardines de la Ciudadela acogen una exposici\u00f3n al aire libre con las fotograf\u00edas de Navarra seleccionadas en el concurso \u2018VisitSpain\u2019\",\"isPartOf\":{\"@id\":\"https:\\\/\\\/www.laguiadepamplona.com\\\/actualidad\\\/#website\"},\"primaryImageOfPage\":{\"@id\":\"https:\\\/\\\/www.laguiadepamplona.com\\\/actualidad\\\/los-jardines-de-la-ciudadela-acogen-una-exposicion-al-aire-libre-con-las-fotografias-de-navarra-seleccionadas-en-el-concurso-visitspain\\\/#primaryimage\"},\"image\":{\"@id\":\"https:\\\/\\\/www.laguiadepamplona.com\\\/actualidad\\\/los-jardines-de-la-ciudadela-acogen-una-exposicion-al-aire-libre-con-las-fotografias-de-navarra-seleccionadas-en-el-concurso-visitspain\\\/#primaryimage\"},\"thumbnailUrl\":\"https:\\\/\\\/www.laguiadepamplona.com\\\/actualidad\\\/wp-content\\\/uploads\\\/2021\\\/10\\\/collage-visitspain.jpg\",\"datePublished\":\"2021-10-29T11:14:25+00:00\",\"dateModified\":\"2023-04-11T09:48:49+00:00\",\"description\":\"El Ayuntamiento de Pamplona, junto con otros consistorios, ha participado en esta iniciativa, que invitaba a dar a conocer el entorno y la cultura\",\"breadcrumb\":{\"@id\":\"https:\\\/\\\/www.laguiadepamplona.com\\\/actualidad\\\/los-jardines-de-la-ciudadela-acogen-una-exposicion-al-aire-libre-con-las-fotografias-de-navarra-seleccionadas-en-el-concurso-visitspain\\\/#breadcrumb\"},\"inLanguage\":\"es\",\"potentialAction\":[{\"@type\":\"ReadAction\",\"target\":[\"https:\\\/\\\/www.laguiadepamplona.com\\\/actualidad\\\/los-jardines-de-la-ciudadela-acogen-una-exposicion-al-aire-libre-con-las-fotografias-de-navarra-seleccionadas-en-el-concurso-visitspain\\\/\"]}]},{\"@type\":\"ImageObject\",\"inLanguage\":\"es\",\"@id\":\"https:\\\/\\\/www.laguiadepamplona.com\\\/actualidad\\\/los-jardines-de-la-ciudadela-acogen-una-exposicion-al-aire-libre-con-las-fotografias-de-navarra-seleccionadas-en-el-concurso-visitspain\\\/#primaryimage\",\"url\":\"https:\\\/\\\/www.laguiadepamplona.com\\\/actualidad\\\/wp-content\\\/uploads\\\/2021\\\/10\\\/collage-visitspain.jpg\",\"contentUrl\":\"https:\\\/\\\/www.laguiadepamplona.com\\\/actualidad\\\/wp-content\\\/uploads\\\/2021\\\/10\\\/collage-visitspain.jpg\",\"width\":1920,\"height\":1063},{\"@type\":\"BreadcrumbList\",\"@id\":\"https:\\\/\\\/www.laguiadepamplona.com\\\/actualidad\\\/los-jardines-de-la-ciudadela-acogen-una-exposicion-al-aire-libre-con-las-fotografias-de-navarra-seleccionadas-en-el-concurso-visitspain\\\/#breadcrumb\",\"itemListElement\":[{\"@type\":\"ListItem\",\"position\":1,\"name\":\"Portada\",\"item\":\"https:\\\/\\\/www.laguiadepamplona.com\\\/actualidad\\\/\"},{\"@type\":\"ListItem\",\"position\":2,\"name\":\"Los jardines de la Ciudadela acogen una exposici\u00f3n al aire libre con las fotograf\u00edas de Navarra seleccionadas en el concurso \u2018VisitSpain\u2019\"}]},{\"@type\":\"WebSite\",\"@id\":\"https:\\\/\\\/www.laguiadepamplona.com\\\/actualidad\\\/#website\",\"url\":\"https:\\\/\\\/www.laguiadepamplona.com\\\/actualidad\\\/\",\"name\":\"La gu\u00eda de Pamplona\",\"description\":\"Noticias de Pamplona\",\"publisher\":{\"@id\":\"https:\\\/\\\/www.laguiadepamplona.com\\\/actualidad\\\/#organization\"},\"potentialAction\":[{\"@type\":\"SearchAction\",\"target\":{\"@type\":\"EntryPoint\",\"urlTemplate\":\"https:\\\/\\\/www.laguiadepamplona.com\\\/actualidad\\\/?s={search_term_string}\"},\"query-input\":{\"@type\":\"PropertyValueSpecification\",\"valueRequired\":true,\"valueName\":\"search_term_string\"}}],\"inLanguage\":\"es\"},{\"@type\":\"Organization\",\"@id\":\"https:\\\/\\\/www.laguiadepamplona.com\\\/actualidad\\\/#organization\",\"name\":\"La Gu\u00eda de Pamplona \\\/ Noticias\",\"url\":\"https:\\\/\\\/www.laguiadepamplona.com\\\/actualidad\\\/\",\"logo\":{\"@type\":\"ImageObject\",\"inLanguage\":\"es\",\"@id\":\"https:\\\/\\\/www.laguiadepamplona.com\\\/actualidad\\\/#\\\/schema\\\/logo\\\/image\\\/\",\"url\":\"https:\\\/\\\/www.laguiadepamplona.com\\\/actualidad\\\/wp-content\\\/uploads\\\/2018\\\/11\\\/logo-laguiadepamplona18-web1.png\",\"contentUrl\":\"https:\\\/\\\/www.laguiadepamplona.com\\\/actualidad\\\/wp-content\\\/uploads\\\/2018\\\/11\\\/logo-laguiadepamplona18-web1.png\",\"width\":600,\"height\":196,\"caption\":\"La Gu\u00eda de Pamplona \\\/ Noticias\"},\"image\":{\"@id\":\"https:\\\/\\\/www.laguiadepamplona.com\\\/actualidad\\\/#\\\/schema\\\/logo\\\/image\\\/\"},\"sameAs\":[\"https:\\\/\\\/www.facebook.com\\\/laguiadepamplonacom-133175176762273\\\/?ref=hl\",\"https:\\\/\\\/x.com\\\/LaGuiadPamplona\",\"https:\\\/\\\/www.instagram.com\\\/la_guia_de_pamplona\\\/\",\"https:\\\/\\\/www.youtube.com\\\/user\\\/laguiadepamplona\"]},{\"@type\":\"Person\",\"@id\":\"https:\\\/\\\/www.laguiadepamplona.com\\\/actualidad\\\/#\\\/schema\\\/person\\\/efe887376f0213d4657c93adc50b1fdb\",\"name\":\"La Gu\u00eda de Pamplona\",\"image\":{\"@type\":\"ImageObject\",\"inLanguage\":\"es\",\"@id\":\"https:\\\/\\\/secure.gravatar.com\\\/avatar\\\/b6992f131dc8d30ab0dff15446e9d346d9dbd95992de0fef795073f5ea83a81c?s=96&d=mm&r=g\",\"url\":\"https:\\\/\\\/secure.gravatar.com\\\/avatar\\\/b6992f131dc8d30ab0dff15446e9d346d9dbd95992de0fef795073f5ea83a81c?s=96&d=mm&r=g\",\"contentUrl\":\"https:\\\/\\\/secure.gravatar.com\\\/avatar\\\/b6992f131dc8d30ab0dff15446e9d346d9dbd95992de0fef795073f5ea83a81c?s=96&d=mm&r=g\",\"caption\":\"La Gu\u00eda de Pamplona\"}}]}<\/script>\n<!-- \/ Yoast SEO plugin. -->","yoast_head_json":{"title":"Los jardines de la Ciudadela acogen una exposici\u00f3n al aire libre con las fotograf\u00edas de Navarra seleccionadas en el concurso \u2018VisitSpain\u2019","description":"El Ayuntamiento de Pamplona, junto con otros consistorios, ha participado en esta iniciativa, que invitaba a dar a conocer el entorno y la cultura","robots":{"index":"index","follow":"follow","max-snippet":"max-snippet:-1","max-image-preview":"max-image-preview:large","max-video-preview":"max-video-preview:-1"},"canonical":"https:\/\/www.laguiadepamplona.com\/actualidad\/los-jardines-de-la-ciudadela-acogen-una-exposicion-al-aire-libre-con-las-fotografias-de-navarra-seleccionadas-en-el-concurso-visitspain\/","og_locale":"es_ES","og_type":"article","og_title":"Los jardines de la Ciudadela acogen una exposici\u00f3n al aire libre con las fotograf\u00edas de Navarra seleccionadas en el concurso \u2018VisitSpain\u2019","og_description":"El Ayuntamiento de Pamplona, junto con otros consistorios, ha participado en esta iniciativa, que invitaba a dar a conocer el entorno y la cultura","og_url":"https:\/\/www.laguiadepamplona.com\/actualidad\/los-jardines-de-la-ciudadela-acogen-una-exposicion-al-aire-libre-con-las-fotografias-de-navarra-seleccionadas-en-el-concurso-visitspain\/","og_site_name":"La Gu\u00eda de Pamplona","article_publisher":"https:\/\/www.facebook.com\/laguiadepamplonacom-133175176762273\/?ref=hl","article_published_time":"2021-10-29T11:14:25+00:00","article_modified_time":"2023-04-11T09:48:49+00:00","og_image":[{"width":1920,"height":1063,"url":"https:\/\/www.laguiadepamplona.com\/actualidad\/wp-content\/uploads\/2021\/10\/collage-visitspain.jpg","type":"image\/jpeg"}],"author":"La Gu\u00eda de Pamplona","twitter_card":"summary_large_image","twitter_creator":"@LaGuiadPamplona","twitter_site":"@LaGuiadPamplona","twitter_misc":{"Escrito por":"La Gu\u00eda de Pamplona","Tiempo de lectura":"3 minutos"},"schema":{"@context":"https:\/\/schema.org","@graph":[{"@type":"Article","@id":"https:\/\/www.laguiadepamplona.com\/actualidad\/los-jardines-de-la-ciudadela-acogen-una-exposicion-al-aire-libre-con-las-fotografias-de-navarra-seleccionadas-en-el-concurso-visitspain\/#article","isPartOf":{"@id":"https:\/\/www.laguiadepamplona.com\/actualidad\/los-jardines-de-la-ciudadela-acogen-una-exposicion-al-aire-libre-con-las-fotografias-de-navarra-seleccionadas-en-el-concurso-visitspain\/"},"author":{"name":"La Gu\u00eda de Pamplona","@id":"https:\/\/www.laguiadepamplona.com\/actualidad\/#\/schema\/person\/efe887376f0213d4657c93adc50b1fdb"},"headline":"Los jardines de la Ciudadela acogen una exposici\u00f3n al aire libre con las fotograf\u00edas de Navarra seleccionadas en el concurso \u2018VisitSpain\u2019","datePublished":"2021-10-29T11:14:25+00:00","dateModified":"2023-04-11T09:48:49+00:00","mainEntityOfPage":{"@id":"https:\/\/www.laguiadepamplona.com\/actualidad\/los-jardines-de-la-ciudadela-acogen-una-exposicion-al-aire-libre-con-las-fotografias-de-navarra-seleccionadas-en-el-concurso-visitspain\/"},"wordCount":514,"commentCount":0,"publisher":{"@id":"https:\/\/www.laguiadepamplona.com\/actualidad\/#organization"},"image":{"@id":"https:\/\/www.laguiadepamplona.com\/actualidad\/los-jardines-de-la-ciudadela-acogen-una-exposicion-al-aire-libre-con-las-fotografias-de-navarra-seleccionadas-en-el-concurso-visitspain\/#primaryimage"},"thumbnailUrl":"https:\/\/www.laguiadepamplona.com\/actualidad\/wp-content\/uploads\/2021\/10\/collage-visitspain.jpg","articleSection":["Ayto Pamplona"],"inLanguage":"es","potentialAction":[{"@type":"CommentAction","name":"Comment","target":["https:\/\/www.laguiadepamplona.com\/actualidad\/los-jardines-de-la-ciudadela-acogen-una-exposicion-al-aire-libre-con-las-fotografias-de-navarra-seleccionadas-en-el-concurso-visitspain\/#respond"]}]},{"@type":"WebPage","@id":"https:\/\/www.laguiadepamplona.com\/actualidad\/los-jardines-de-la-ciudadela-acogen-una-exposicion-al-aire-libre-con-las-fotografias-de-navarra-seleccionadas-en-el-concurso-visitspain\/","url":"https:\/\/www.laguiadepamplona.com\/actualidad\/los-jardines-de-la-ciudadela-acogen-una-exposicion-al-aire-libre-con-las-fotografias-de-navarra-seleccionadas-en-el-concurso-visitspain\/","name":"Los jardines de la Ciudadela acogen una exposici\u00f3n al aire libre con las fotograf\u00edas de Navarra seleccionadas en el concurso \u2018VisitSpain\u2019","isPartOf":{"@id":"https:\/\/www.laguiadepamplona.com\/actualidad\/#website"},"primaryImageOfPage":{"@id":"https:\/\/www.laguiadepamplona.com\/actualidad\/los-jardines-de-la-ciudadela-acogen-una-exposicion-al-aire-libre-con-las-fotografias-de-navarra-seleccionadas-en-el-concurso-visitspain\/#primaryimage"},"image":{"@id":"https:\/\/www.laguiadepamplona.com\/actualidad\/los-jardines-de-la-ciudadela-acogen-una-exposicion-al-aire-libre-con-las-fotografias-de-navarra-seleccionadas-en-el-concurso-visitspain\/#primaryimage"},"thumbnailUrl":"https:\/\/www.laguiadepamplona.com\/actualidad\/wp-content\/uploads\/2021\/10\/collage-visitspain.jpg","datePublished":"2021-10-29T11:14:25+00:00","dateModified":"2023-04-11T09:48:49+00:00","description":"El Ayuntamiento de Pamplona, junto con otros consistorios, ha participado en esta iniciativa, que invitaba a dar a conocer el entorno y la cultura","breadcrumb":{"@id":"https:\/\/www.laguiadepamplona.com\/actualidad\/los-jardines-de-la-ciudadela-acogen-una-exposicion-al-aire-libre-con-las-fotografias-de-navarra-seleccionadas-en-el-concurso-visitspain\/#breadcrumb"},"inLanguage":"es","potentialAction":[{"@type":"ReadAction","target":["https:\/\/www.laguiadepamplona.com\/actualidad\/los-jardines-de-la-ciudadela-acogen-una-exposicion-al-aire-libre-con-las-fotografias-de-navarra-seleccionadas-en-el-concurso-visitspain\/"]}]},{"@type":"ImageObject","inLanguage":"es","@id":"https:\/\/www.laguiadepamplona.com\/actualidad\/los-jardines-de-la-ciudadela-acogen-una-exposicion-al-aire-libre-con-las-fotografias-de-navarra-seleccionadas-en-el-concurso-visitspain\/#primaryimage","url":"https:\/\/www.laguiadepamplona.com\/actualidad\/wp-content\/uploads\/2021\/10\/collage-visitspain.jpg","contentUrl":"https:\/\/www.laguiadepamplona.com\/actualidad\/wp-content\/uploads\/2021\/10\/collage-visitspain.jpg","width":1920,"height":1063},{"@type":"BreadcrumbList","@id":"https:\/\/www.laguiadepamplona.com\/actualidad\/los-jardines-de-la-ciudadela-acogen-una-exposicion-al-aire-libre-con-las-fotografias-de-navarra-seleccionadas-en-el-concurso-visitspain\/#breadcrumb","itemListElement":[{"@type":"ListItem","position":1,"name":"Portada","item":"https:\/\/www.laguiadepamplona.com\/actualidad\/"},{"@type":"ListItem","position":2,"name":"Los jardines de la Ciudadela acogen una exposici\u00f3n al aire libre con las fotograf\u00edas de Navarra seleccionadas en el concurso \u2018VisitSpain\u2019"}]},{"@type":"WebSite","@id":"https:\/\/www.laguiadepamplona.com\/actualidad\/#website","url":"https:\/\/www.laguiadepamplona.com\/actualidad\/","name":"La gu\u00eda de Pamplona","description":"Noticias de Pamplona","publisher":{"@id":"https:\/\/www.laguiadepamplona.com\/actualidad\/#organization"},"potentialAction":[{"@type":"SearchAction","target":{"@type":"EntryPoint","urlTemplate":"https:\/\/www.laguiadepamplona.com\/actualidad\/?s={search_term_string}"},"query-input":{"@type":"PropertyValueSpecification","valueRequired":true,"valueName":"search_term_string"}}],"inLanguage":"es"},{"@type":"Organization","@id":"https:\/\/www.laguiadepamplona.com\/actualidad\/#organization","name":"La Gu\u00eda de Pamplona \/ Noticias","url":"https:\/\/www.laguiadepamplona.com\/actualidad\/","logo":{"@type":"ImageObject","inLanguage":"es","@id":"https:\/\/www.laguiadepamplona.com\/actualidad\/#\/schema\/logo\/image\/","url":"https:\/\/www.laguiadepamplona.com\/actualidad\/wp-content\/uploads\/2018\/11\/logo-laguiadepamplona18-web1.png","contentUrl":"https:\/\/www.laguiadepamplona.com\/actualidad\/wp-content\/uploads\/2018\/11\/logo-laguiadepamplona18-web1.png","width":600,"height":196,"caption":"La Gu\u00eda de Pamplona \/ Noticias"},"image":{"@id":"https:\/\/www.laguiadepamplona.com\/actualidad\/#\/schema\/logo\/image\/"},"sameAs":["https:\/\/www.facebook.com\/laguiadepamplonacom-133175176762273\/?ref=hl","https:\/\/x.com\/LaGuiadPamplona","https:\/\/www.instagram.com\/la_guia_de_pamplona\/","https:\/\/www.youtube.com\/user\/laguiadepamplona"]},{"@type":"Person","@id":"https:\/\/www.laguiadepamplona.com\/actualidad\/#\/schema\/person\/efe887376f0213d4657c93adc50b1fdb","name":"La Gu\u00eda de Pamplona","image":{"@type":"ImageObject","inLanguage":"es","@id":"https:\/\/secure.gravatar.com\/avatar\/b6992f131dc8d30ab0dff15446e9d346d9dbd95992de0fef795073f5ea83a81c?s=96&d=mm&r=g","url":"https:\/\/secure.gravatar.com\/avatar\/b6992f131dc8d30ab0dff15446e9d346d9dbd95992de0fef795073f5ea83a81c?s=96&d=mm&r=g","contentUrl":"https:\/\/secure.gravatar.com\/avatar\/b6992f131dc8d30ab0dff15446e9d346d9dbd95992de0fef795073f5ea83a81c?s=96&d=mm&r=g","caption":"La Gu\u00eda de Pamplona"}}]}},"post_mailing_queue_ids":[],"_links":{"self":[{"href":"https:\/\/www.laguiadepamplona.com\/actualidad\/wp-json\/wp\/v2\/posts\/37275","targetHints":{"allow":["GET"]}}],"collection":[{"href":"https:\/\/www.laguiadepamplona.com\/actualidad\/wp-json\/wp\/v2\/posts"}],"about":[{"href":"https:\/\/www.laguiadepamplona.com\/actualidad\/wp-json\/wp\/v2\/types\/post"}],"author":[{"embeddable":true,"href":"https:\/\/www.laguiadepamplona.com\/actualidad\/wp-json\/wp\/v2\/users\/1"}],"replies":[{"embeddable":true,"href":"https:\/\/www.laguiadepamplona.com\/actualidad\/wp-json\/wp\/v2\/comments?post=37275"}],"version-history":[{"count":0,"href":"https:\/\/www.laguiadepamplona.com\/actualidad\/wp-json\/wp\/v2\/posts\/37275\/revisions"}],"wp:featuredmedia":[{"embeddable":true,"href":"https:\/\/www.laguiadepamplona.com\/actualidad\/wp-json\/wp\/v2\/media\/37276"}],"wp:attachment":[{"href":"https:\/\/www.laguiadepamplona.com\/actualidad\/wp-json\/wp\/v2\/media?parent=37275"}],"wp:term":[{"taxonomy":"category","embeddable":true,"href":"https:\/\/www.laguiadepamplona.com\/actualidad\/wp-json\/wp\/v2\/categories?post=37275"},{"taxonomy":"post_tag","embeddable":true,"href":"https:\/\/www.laguiadepamplona.com\/actualidad\/wp-json\/wp\/v2\/tags?post=37275"}],"curies":[{"name":"wp","href":"https:\/\/api.w.org\/{rel}","templated":true}]}}