{"id":37272,"date":"2021-10-29T13:11:51","date_gmt":"2021-10-29T11:11:51","guid":{"rendered":"https:\/\/www.laguiadepamplona.com\/actualidad\/?p=37272"},"modified":"2023-04-11T11:48:49","modified_gmt":"2023-04-11T09:48:49","slug":"comienza-la-colocacion-de-las-torres-y-cimbras-previas-a-los-trabajos-de-refuerzo-estructural-y-acondicionamiento-de-la-pasarela-del-labrit","status":"publish","type":"post","link":"https:\/\/www.laguiadepamplona.com\/actualidad\/comienza-la-colocacion-de-las-torres-y-cimbras-previas-a-los-trabajos-de-refuerzo-estructural-y-acondicionamiento-de-la-pasarela-del-labrit\/","title":{"rendered":"Comienza la colocaci\u00f3n de las torres y cimbras previas a los trabajos de refuerzo estructural y acondicionamiento de la pasarela del Labrit"},"content":{"rendered":"<h5>Est\u00e1 previsto que los trabajos finalicen para el verano<\/h5>\n<p><!--more--><\/p>\n<p>Hoy ha comenzado la colocaci\u00f3n de las cuatro torres de apoyo y la cimbra que van a dotar de condiciones de seguridad y comodidad a las personas encargadas de realizar los trabajos para el refuerzo estructural y acondicionamiento de la pasarela del Labrit. Esto permitir\u00e1 asegurar la estructura durante la reparaci\u00f3n, as\u00ed como el acceso de los trabajadores a la zona inferior del tablero. La colocaci\u00f3n de estos elementos finalizar\u00e1 a lo largo de d\u00eda y ser\u00e1 necesario interrumpir el tr\u00e1fico de uno de los carriles de subida de la cuesta de Labrit, el del lado derecho.<\/p>\n<p>El Ayuntamiento de Pamplona va a reclamar a las partes a las que se exigen responsabilidades por el proyecto, la direcci\u00f3n t\u00e9cnica y la ejecuci\u00f3n de la obra el abono de todos los gastos ocasionados por los da\u00f1os en la pasarela y el proceso de indagaci\u00f3n de soluciones, as\u00ed como de los costes de la reparaci\u00f3n. El proyecto licitado para el refuerzo estructural y el acondicionamiento cuenta con un presupuesto de 593.717 euros.<\/p>\n<p><script async src=\"\/\/pagead2.googlesyndication.com\/pagead\/js\/adsbygoogle.js\"><\/script><br \/>\n<!-- Noticias La Guia de Pamplona --><br \/>\n<ins class=\"adsbygoogle\"\nstyle=\"display:block\"\ndata-ad-client=\"ca-pub-6943679897239327\"\ndata-ad-slot=\"7048180777\"\ndata-ad-format=\"auto\"><\/ins><br \/>\n<script>\n(adsbygoogle = window.adsbygoogle || []).push({});\n<\/script><\/p>\n<p><strong>Mantener estructura y est\u00e9tica reforzando cimentaciones y reparando elementos da\u00f1ados<\/strong><\/p>\n<p>El objetivo de la actuaci\u00f3n es proceder a la reapertura de la pasarela en las condiciones de uso y puesta en servicio para las que fue dise\u00f1ada y ejecutada para el pr\u00f3ximo verano. El proyecto que se va a ejecutar mantiene la misma estructura y la est\u00e9tica actual e incluye el refuerzo de las cimentaciones y de otros elementos de la pasarela, adem\u00e1s de la hidrolimpieza para eliminar la corrosi\u00f3n y reposici\u00f3n de chapas da\u00f1adas.<\/p>\n<p>La secci\u00f3n transversal de la pasarela es una \u201cU\u201d de 1,9 metros de canto y 3,43 metros de anchura. Para poder trabajar correctamente se colocar\u00e1 una pasarela lateral que facilite el tratamiento de las chapas de los lados y el refuerzo del llamado cord\u00f3n superior de la pasarela.<\/p>\n<p>La cimbra, que es una estructura de apoyo para los trabajos abarca un volumen de 2.300. Tendr\u00e1 una anchura de 6 metros y dos niveles permitiendo el trabajo en los laterales y en el fondo de la estructura. Adem\u00e1s, se disponen 4 torres en el nudo, en la parte cercana al front\u00f3n Labrit y que tiene forma de \u201cY\u201d. Estos elementos soportan cargas de hasta 48 toneladas.<\/p>\n","protected":false},"excerpt":{"rendered":"<p>Est\u00e1 previsto que los trabajos finalicen para el verano<\/p>\n","protected":false},"author":1,"featured_media":37273,"comment_status":"open","ping_status":"closed","sticky":false,"template":"","format":"standard","meta":{"footnotes":""},"categories":[2],"tags":[],"class_list":["post-37272","post","type-post","status-publish","format-standard","has-post-thumbnail","hentry","category-ayuntamiento-pamplona"],"yoast_head":"<!-- This site is optimized with the Yoast SEO plugin v27.5 - https:\/\/yoast.com\/product\/yoast-seo-wordpress\/ -->\n<title>Comienza la colocaci\u00f3n de las torres y cimbras previas a los trabajos de refuerzo estructural y acondicionamiento de la pasarela del Labrit<\/title>\n<meta name=\"description\" content=\"Est\u00e1 previsto que los trabajos finalicen para el verano\" \/>\n<meta name=\"robots\" content=\"index, follow, max-snippet:-1, max-image-preview:large, max-video-preview:-1\" \/>\n<link rel=\"canonical\" href=\"https:\/\/www.laguiadepamplona.com\/actualidad\/comienza-la-colocacion-de-las-torres-y-cimbras-previas-a-los-trabajos-de-refuerzo-estructural-y-acondicionamiento-de-la-pasarela-del-labrit\/\" \/>\n<meta property=\"og:locale\" content=\"es_ES\" \/>\n<meta property=\"og:type\" content=\"article\" \/>\n<meta property=\"og:title\" content=\"Comienza la colocaci\u00f3n de las torres y cimbras previas a los trabajos de refuerzo estructural y acondicionamiento de la pasarela del Labrit\" \/>\n<meta property=\"og:description\" content=\"Est\u00e1 previsto que los trabajos finalicen para el verano\" \/>\n<meta property=\"og:url\" content=\"https:\/\/www.laguiadepamplona.com\/actualidad\/comienza-la-colocacion-de-las-torres-y-cimbras-previas-a-los-trabajos-de-refuerzo-estructural-y-acondicionamiento-de-la-pasarela-del-labrit\/\" \/>\n<meta property=\"og:site_name\" content=\"La Gu\u00eda de Pamplona\" \/>\n<meta property=\"article:publisher\" content=\"https:\/\/www.facebook.com\/laguiadepamplonacom-133175176762273\/?ref=hl\" \/>\n<meta property=\"article:published_time\" content=\"2021-10-29T11:11:51+00:00\" \/>\n<meta property=\"article:modified_time\" content=\"2023-04-11T09:48:49+00:00\" \/>\n<meta property=\"og:image\" content=\"https:\/\/www.laguiadepamplona.com\/actualidad\/wp-content\/uploads\/2021\/10\/Pasarela-Labrit_P1160494_0.jpg\" \/>\n\t<meta property=\"og:image:width\" content=\"1920\" \/>\n\t<meta property=\"og:image:height\" content=\"1281\" \/>\n\t<meta property=\"og:image:type\" content=\"image\/jpeg\" \/>\n<meta name=\"author\" content=\"La Gu\u00eda de Pamplona\" \/>\n<meta name=\"twitter:card\" content=\"summary_large_image\" \/>\n<meta name=\"twitter:creator\" content=\"@LaGuiadPamplona\" \/>\n<meta name=\"twitter:site\" content=\"@LaGuiadPamplona\" \/>\n<meta name=\"twitter:label1\" content=\"Escrito por\" \/>\n\t<meta name=\"twitter:data1\" content=\"La Gu\u00eda de Pamplona\" \/>\n\t<meta name=\"twitter:label2\" content=\"Tiempo de lectura\" \/>\n\t<meta name=\"twitter:data2\" content=\"2 minutos\" \/>\n<script type=\"application\/ld+json\" class=\"yoast-schema-graph\">{\"@context\":\"https:\\\/\\\/schema.org\",\"@graph\":[{\"@type\":\"Article\",\"@id\":\"https:\\\/\\\/www.laguiadepamplona.com\\\/actualidad\\\/comienza-la-colocacion-de-las-torres-y-cimbras-previas-a-los-trabajos-de-refuerzo-estructural-y-acondicionamiento-de-la-pasarela-del-labrit\\\/#article\",\"isPartOf\":{\"@id\":\"https:\\\/\\\/www.laguiadepamplona.com\\\/actualidad\\\/comienza-la-colocacion-de-las-torres-y-cimbras-previas-a-los-trabajos-de-refuerzo-estructural-y-acondicionamiento-de-la-pasarela-del-labrit\\\/\"},\"author\":{\"name\":\"La Gu\u00eda de Pamplona\",\"@id\":\"https:\\\/\\\/www.laguiadepamplona.com\\\/actualidad\\\/#\\\/schema\\\/person\\\/efe887376f0213d4657c93adc50b1fdb\"},\"headline\":\"Comienza la colocaci\u00f3n de las torres y cimbras previas a los trabajos de refuerzo estructural y acondicionamiento de la pasarela del Labrit\",\"datePublished\":\"2021-10-29T11:11:51+00:00\",\"dateModified\":\"2023-04-11T09:48:49+00:00\",\"mainEntityOfPage\":{\"@id\":\"https:\\\/\\\/www.laguiadepamplona.com\\\/actualidad\\\/comienza-la-colocacion-de-las-torres-y-cimbras-previas-a-los-trabajos-de-refuerzo-estructural-y-acondicionamiento-de-la-pasarela-del-labrit\\\/\"},\"wordCount\":420,\"commentCount\":0,\"publisher\":{\"@id\":\"https:\\\/\\\/www.laguiadepamplona.com\\\/actualidad\\\/#organization\"},\"image\":{\"@id\":\"https:\\\/\\\/www.laguiadepamplona.com\\\/actualidad\\\/comienza-la-colocacion-de-las-torres-y-cimbras-previas-a-los-trabajos-de-refuerzo-estructural-y-acondicionamiento-de-la-pasarela-del-labrit\\\/#primaryimage\"},\"thumbnailUrl\":\"https:\\\/\\\/www.laguiadepamplona.com\\\/actualidad\\\/wp-content\\\/uploads\\\/2021\\\/10\\\/Pasarela-Labrit_P1160494_0.jpg\",\"articleSection\":[\"Ayto Pamplona\"],\"inLanguage\":\"es\",\"potentialAction\":[{\"@type\":\"CommentAction\",\"name\":\"Comment\",\"target\":[\"https:\\\/\\\/www.laguiadepamplona.com\\\/actualidad\\\/comienza-la-colocacion-de-las-torres-y-cimbras-previas-a-los-trabajos-de-refuerzo-estructural-y-acondicionamiento-de-la-pasarela-del-labrit\\\/#respond\"]}]},{\"@type\":\"WebPage\",\"@id\":\"https:\\\/\\\/www.laguiadepamplona.com\\\/actualidad\\\/comienza-la-colocacion-de-las-torres-y-cimbras-previas-a-los-trabajos-de-refuerzo-estructural-y-acondicionamiento-de-la-pasarela-del-labrit\\\/\",\"url\":\"https:\\\/\\\/www.laguiadepamplona.com\\\/actualidad\\\/comienza-la-colocacion-de-las-torres-y-cimbras-previas-a-los-trabajos-de-refuerzo-estructural-y-acondicionamiento-de-la-pasarela-del-labrit\\\/\",\"name\":\"Comienza la colocaci\u00f3n de las torres y cimbras previas a los trabajos de refuerzo estructural y acondicionamiento de la pasarela del Labrit\",\"isPartOf\":{\"@id\":\"https:\\\/\\\/www.laguiadepamplona.com\\\/actualidad\\\/#website\"},\"primaryImageOfPage\":{\"@id\":\"https:\\\/\\\/www.laguiadepamplona.com\\\/actualidad\\\/comienza-la-colocacion-de-las-torres-y-cimbras-previas-a-los-trabajos-de-refuerzo-estructural-y-acondicionamiento-de-la-pasarela-del-labrit\\\/#primaryimage\"},\"image\":{\"@id\":\"https:\\\/\\\/www.laguiadepamplona.com\\\/actualidad\\\/comienza-la-colocacion-de-las-torres-y-cimbras-previas-a-los-trabajos-de-refuerzo-estructural-y-acondicionamiento-de-la-pasarela-del-labrit\\\/#primaryimage\"},\"thumbnailUrl\":\"https:\\\/\\\/www.laguiadepamplona.com\\\/actualidad\\\/wp-content\\\/uploads\\\/2021\\\/10\\\/Pasarela-Labrit_P1160494_0.jpg\",\"datePublished\":\"2021-10-29T11:11:51+00:00\",\"dateModified\":\"2023-04-11T09:48:49+00:00\",\"description\":\"Est\u00e1 previsto que los trabajos finalicen para el verano\",\"breadcrumb\":{\"@id\":\"https:\\\/\\\/www.laguiadepamplona.com\\\/actualidad\\\/comienza-la-colocacion-de-las-torres-y-cimbras-previas-a-los-trabajos-de-refuerzo-estructural-y-acondicionamiento-de-la-pasarela-del-labrit\\\/#breadcrumb\"},\"inLanguage\":\"es\",\"potentialAction\":[{\"@type\":\"ReadAction\",\"target\":[\"https:\\\/\\\/www.laguiadepamplona.com\\\/actualidad\\\/comienza-la-colocacion-de-las-torres-y-cimbras-previas-a-los-trabajos-de-refuerzo-estructural-y-acondicionamiento-de-la-pasarela-del-labrit\\\/\"]}]},{\"@type\":\"ImageObject\",\"inLanguage\":\"es\",\"@id\":\"https:\\\/\\\/www.laguiadepamplona.com\\\/actualidad\\\/comienza-la-colocacion-de-las-torres-y-cimbras-previas-a-los-trabajos-de-refuerzo-estructural-y-acondicionamiento-de-la-pasarela-del-labrit\\\/#primaryimage\",\"url\":\"https:\\\/\\\/www.laguiadepamplona.com\\\/actualidad\\\/wp-content\\\/uploads\\\/2021\\\/10\\\/Pasarela-Labrit_P1160494_0.jpg\",\"contentUrl\":\"https:\\\/\\\/www.laguiadepamplona.com\\\/actualidad\\\/wp-content\\\/uploads\\\/2021\\\/10\\\/Pasarela-Labrit_P1160494_0.jpg\",\"width\":1920,\"height\":1281},{\"@type\":\"BreadcrumbList\",\"@id\":\"https:\\\/\\\/www.laguiadepamplona.com\\\/actualidad\\\/comienza-la-colocacion-de-las-torres-y-cimbras-previas-a-los-trabajos-de-refuerzo-estructural-y-acondicionamiento-de-la-pasarela-del-labrit\\\/#breadcrumb\",\"itemListElement\":[{\"@type\":\"ListItem\",\"position\":1,\"name\":\"Portada\",\"item\":\"https:\\\/\\\/www.laguiadepamplona.com\\\/actualidad\\\/\"},{\"@type\":\"ListItem\",\"position\":2,\"name\":\"Comienza la colocaci\u00f3n de las torres y cimbras previas a los trabajos de refuerzo estructural y acondicionamiento de la pasarela del Labrit\"}]},{\"@type\":\"WebSite\",\"@id\":\"https:\\\/\\\/www.laguiadepamplona.com\\\/actualidad\\\/#website\",\"url\":\"https:\\\/\\\/www.laguiadepamplona.com\\\/actualidad\\\/\",\"name\":\"La gu\u00eda de Pamplona\",\"description\":\"Noticias de Pamplona\",\"publisher\":{\"@id\":\"https:\\\/\\\/www.laguiadepamplona.com\\\/actualidad\\\/#organization\"},\"potentialAction\":[{\"@type\":\"SearchAction\",\"target\":{\"@type\":\"EntryPoint\",\"urlTemplate\":\"https:\\\/\\\/www.laguiadepamplona.com\\\/actualidad\\\/?s={search_term_string}\"},\"query-input\":{\"@type\":\"PropertyValueSpecification\",\"valueRequired\":true,\"valueName\":\"search_term_string\"}}],\"inLanguage\":\"es\"},{\"@type\":\"Organization\",\"@id\":\"https:\\\/\\\/www.laguiadepamplona.com\\\/actualidad\\\/#organization\",\"name\":\"La Gu\u00eda de Pamplona \\\/ Noticias\",\"url\":\"https:\\\/\\\/www.laguiadepamplona.com\\\/actualidad\\\/\",\"logo\":{\"@type\":\"ImageObject\",\"inLanguage\":\"es\",\"@id\":\"https:\\\/\\\/www.laguiadepamplona.com\\\/actualidad\\\/#\\\/schema\\\/logo\\\/image\\\/\",\"url\":\"https:\\\/\\\/www.laguiadepamplona.com\\\/actualidad\\\/wp-content\\\/uploads\\\/2018\\\/11\\\/logo-laguiadepamplona18-web1.png\",\"contentUrl\":\"https:\\\/\\\/www.laguiadepamplona.com\\\/actualidad\\\/wp-content\\\/uploads\\\/2018\\\/11\\\/logo-laguiadepamplona18-web1.png\",\"width\":600,\"height\":196,\"caption\":\"La Gu\u00eda de Pamplona \\\/ Noticias\"},\"image\":{\"@id\":\"https:\\\/\\\/www.laguiadepamplona.com\\\/actualidad\\\/#\\\/schema\\\/logo\\\/image\\\/\"},\"sameAs\":[\"https:\\\/\\\/www.facebook.com\\\/laguiadepamplonacom-133175176762273\\\/?ref=hl\",\"https:\\\/\\\/x.com\\\/LaGuiadPamplona\",\"https:\\\/\\\/www.instagram.com\\\/la_guia_de_pamplona\\\/\",\"https:\\\/\\\/www.youtube.com\\\/user\\\/laguiadepamplona\"]},{\"@type\":\"Person\",\"@id\":\"https:\\\/\\\/www.laguiadepamplona.com\\\/actualidad\\\/#\\\/schema\\\/person\\\/efe887376f0213d4657c93adc50b1fdb\",\"name\":\"La Gu\u00eda de Pamplona\",\"image\":{\"@type\":\"ImageObject\",\"inLanguage\":\"es\",\"@id\":\"https:\\\/\\\/secure.gravatar.com\\\/avatar\\\/b6992f131dc8d30ab0dff15446e9d346d9dbd95992de0fef795073f5ea83a81c?s=96&d=mm&r=g\",\"url\":\"https:\\\/\\\/secure.gravatar.com\\\/avatar\\\/b6992f131dc8d30ab0dff15446e9d346d9dbd95992de0fef795073f5ea83a81c?s=96&d=mm&r=g\",\"contentUrl\":\"https:\\\/\\\/secure.gravatar.com\\\/avatar\\\/b6992f131dc8d30ab0dff15446e9d346d9dbd95992de0fef795073f5ea83a81c?s=96&d=mm&r=g\",\"caption\":\"La Gu\u00eda de Pamplona\"}}]}<\/script>\n<!-- \/ Yoast SEO plugin. -->","yoast_head_json":{"title":"Comienza la colocaci\u00f3n de las torres y cimbras previas a los trabajos de refuerzo estructural y acondicionamiento de la pasarela del Labrit","description":"Est\u00e1 previsto que los trabajos finalicen para el verano","robots":{"index":"index","follow":"follow","max-snippet":"max-snippet:-1","max-image-preview":"max-image-preview:large","max-video-preview":"max-video-preview:-1"},"canonical":"https:\/\/www.laguiadepamplona.com\/actualidad\/comienza-la-colocacion-de-las-torres-y-cimbras-previas-a-los-trabajos-de-refuerzo-estructural-y-acondicionamiento-de-la-pasarela-del-labrit\/","og_locale":"es_ES","og_type":"article","og_title":"Comienza la colocaci\u00f3n de las torres y cimbras previas a los trabajos de refuerzo estructural y acondicionamiento de la pasarela del Labrit","og_description":"Est\u00e1 previsto que los trabajos finalicen para el verano","og_url":"https:\/\/www.laguiadepamplona.com\/actualidad\/comienza-la-colocacion-de-las-torres-y-cimbras-previas-a-los-trabajos-de-refuerzo-estructural-y-acondicionamiento-de-la-pasarela-del-labrit\/","og_site_name":"La Gu\u00eda de Pamplona","article_publisher":"https:\/\/www.facebook.com\/laguiadepamplonacom-133175176762273\/?ref=hl","article_published_time":"2021-10-29T11:11:51+00:00","article_modified_time":"2023-04-11T09:48:49+00:00","og_image":[{"width":1920,"height":1281,"url":"https:\/\/www.laguiadepamplona.com\/actualidad\/wp-content\/uploads\/2021\/10\/Pasarela-Labrit_P1160494_0.jpg","type":"image\/jpeg"}],"author":"La Gu\u00eda de Pamplona","twitter_card":"summary_large_image","twitter_creator":"@LaGuiadPamplona","twitter_site":"@LaGuiadPamplona","twitter_misc":{"Escrito por":"La Gu\u00eda de Pamplona","Tiempo de lectura":"2 minutos"},"schema":{"@context":"https:\/\/schema.org","@graph":[{"@type":"Article","@id":"https:\/\/www.laguiadepamplona.com\/actualidad\/comienza-la-colocacion-de-las-torres-y-cimbras-previas-a-los-trabajos-de-refuerzo-estructural-y-acondicionamiento-de-la-pasarela-del-labrit\/#article","isPartOf":{"@id":"https:\/\/www.laguiadepamplona.com\/actualidad\/comienza-la-colocacion-de-las-torres-y-cimbras-previas-a-los-trabajos-de-refuerzo-estructural-y-acondicionamiento-de-la-pasarela-del-labrit\/"},"author":{"name":"La Gu\u00eda de Pamplona","@id":"https:\/\/www.laguiadepamplona.com\/actualidad\/#\/schema\/person\/efe887376f0213d4657c93adc50b1fdb"},"headline":"Comienza la colocaci\u00f3n de las torres y cimbras previas a los trabajos de refuerzo estructural y acondicionamiento de la pasarela del Labrit","datePublished":"2021-10-29T11:11:51+00:00","dateModified":"2023-04-11T09:48:49+00:00","mainEntityOfPage":{"@id":"https:\/\/www.laguiadepamplona.com\/actualidad\/comienza-la-colocacion-de-las-torres-y-cimbras-previas-a-los-trabajos-de-refuerzo-estructural-y-acondicionamiento-de-la-pasarela-del-labrit\/"},"wordCount":420,"commentCount":0,"publisher":{"@id":"https:\/\/www.laguiadepamplona.com\/actualidad\/#organization"},"image":{"@id":"https:\/\/www.laguiadepamplona.com\/actualidad\/comienza-la-colocacion-de-las-torres-y-cimbras-previas-a-los-trabajos-de-refuerzo-estructural-y-acondicionamiento-de-la-pasarela-del-labrit\/#primaryimage"},"thumbnailUrl":"https:\/\/www.laguiadepamplona.com\/actualidad\/wp-content\/uploads\/2021\/10\/Pasarela-Labrit_P1160494_0.jpg","articleSection":["Ayto Pamplona"],"inLanguage":"es","potentialAction":[{"@type":"CommentAction","name":"Comment","target":["https:\/\/www.laguiadepamplona.com\/actualidad\/comienza-la-colocacion-de-las-torres-y-cimbras-previas-a-los-trabajos-de-refuerzo-estructural-y-acondicionamiento-de-la-pasarela-del-labrit\/#respond"]}]},{"@type":"WebPage","@id":"https:\/\/www.laguiadepamplona.com\/actualidad\/comienza-la-colocacion-de-las-torres-y-cimbras-previas-a-los-trabajos-de-refuerzo-estructural-y-acondicionamiento-de-la-pasarela-del-labrit\/","url":"https:\/\/www.laguiadepamplona.com\/actualidad\/comienza-la-colocacion-de-las-torres-y-cimbras-previas-a-los-trabajos-de-refuerzo-estructural-y-acondicionamiento-de-la-pasarela-del-labrit\/","name":"Comienza la colocaci\u00f3n de las torres y cimbras previas a los trabajos de refuerzo estructural y acondicionamiento de la pasarela del Labrit","isPartOf":{"@id":"https:\/\/www.laguiadepamplona.com\/actualidad\/#website"},"primaryImageOfPage":{"@id":"https:\/\/www.laguiadepamplona.com\/actualidad\/comienza-la-colocacion-de-las-torres-y-cimbras-previas-a-los-trabajos-de-refuerzo-estructural-y-acondicionamiento-de-la-pasarela-del-labrit\/#primaryimage"},"image":{"@id":"https:\/\/www.laguiadepamplona.com\/actualidad\/comienza-la-colocacion-de-las-torres-y-cimbras-previas-a-los-trabajos-de-refuerzo-estructural-y-acondicionamiento-de-la-pasarela-del-labrit\/#primaryimage"},"thumbnailUrl":"https:\/\/www.laguiadepamplona.com\/actualidad\/wp-content\/uploads\/2021\/10\/Pasarela-Labrit_P1160494_0.jpg","datePublished":"2021-10-29T11:11:51+00:00","dateModified":"2023-04-11T09:48:49+00:00","description":"Est\u00e1 previsto que los trabajos finalicen para el verano","breadcrumb":{"@id":"https:\/\/www.laguiadepamplona.com\/actualidad\/comienza-la-colocacion-de-las-torres-y-cimbras-previas-a-los-trabajos-de-refuerzo-estructural-y-acondicionamiento-de-la-pasarela-del-labrit\/#breadcrumb"},"inLanguage":"es","potentialAction":[{"@type":"ReadAction","target":["https:\/\/www.laguiadepamplona.com\/actualidad\/comienza-la-colocacion-de-las-torres-y-cimbras-previas-a-los-trabajos-de-refuerzo-estructural-y-acondicionamiento-de-la-pasarela-del-labrit\/"]}]},{"@type":"ImageObject","inLanguage":"es","@id":"https:\/\/www.laguiadepamplona.com\/actualidad\/comienza-la-colocacion-de-las-torres-y-cimbras-previas-a-los-trabajos-de-refuerzo-estructural-y-acondicionamiento-de-la-pasarela-del-labrit\/#primaryimage","url":"https:\/\/www.laguiadepamplona.com\/actualidad\/wp-content\/uploads\/2021\/10\/Pasarela-Labrit_P1160494_0.jpg","contentUrl":"https:\/\/www.laguiadepamplona.com\/actualidad\/wp-content\/uploads\/2021\/10\/Pasarela-Labrit_P1160494_0.jpg","width":1920,"height":1281},{"@type":"BreadcrumbList","@id":"https:\/\/www.laguiadepamplona.com\/actualidad\/comienza-la-colocacion-de-las-torres-y-cimbras-previas-a-los-trabajos-de-refuerzo-estructural-y-acondicionamiento-de-la-pasarela-del-labrit\/#breadcrumb","itemListElement":[{"@type":"ListItem","position":1,"name":"Portada","item":"https:\/\/www.laguiadepamplona.com\/actualidad\/"},{"@type":"ListItem","position":2,"name":"Comienza la colocaci\u00f3n de las torres y cimbras previas a los trabajos de refuerzo estructural y acondicionamiento de la pasarela del Labrit"}]},{"@type":"WebSite","@id":"https:\/\/www.laguiadepamplona.com\/actualidad\/#website","url":"https:\/\/www.laguiadepamplona.com\/actualidad\/","name":"La gu\u00eda de Pamplona","description":"Noticias de Pamplona","publisher":{"@id":"https:\/\/www.laguiadepamplona.com\/actualidad\/#organization"},"potentialAction":[{"@type":"SearchAction","target":{"@type":"EntryPoint","urlTemplate":"https:\/\/www.laguiadepamplona.com\/actualidad\/?s={search_term_string}"},"query-input":{"@type":"PropertyValueSpecification","valueRequired":true,"valueName":"search_term_string"}}],"inLanguage":"es"},{"@type":"Organization","@id":"https:\/\/www.laguiadepamplona.com\/actualidad\/#organization","name":"La Gu\u00eda de Pamplona \/ Noticias","url":"https:\/\/www.laguiadepamplona.com\/actualidad\/","logo":{"@type":"ImageObject","inLanguage":"es","@id":"https:\/\/www.laguiadepamplona.com\/actualidad\/#\/schema\/logo\/image\/","url":"https:\/\/www.laguiadepamplona.com\/actualidad\/wp-content\/uploads\/2018\/11\/logo-laguiadepamplona18-web1.png","contentUrl":"https:\/\/www.laguiadepamplona.com\/actualidad\/wp-content\/uploads\/2018\/11\/logo-laguiadepamplona18-web1.png","width":600,"height":196,"caption":"La Gu\u00eda de Pamplona \/ Noticias"},"image":{"@id":"https:\/\/www.laguiadepamplona.com\/actualidad\/#\/schema\/logo\/image\/"},"sameAs":["https:\/\/www.facebook.com\/laguiadepamplonacom-133175176762273\/?ref=hl","https:\/\/x.com\/LaGuiadPamplona","https:\/\/www.instagram.com\/la_guia_de_pamplona\/","https:\/\/www.youtube.com\/user\/laguiadepamplona"]},{"@type":"Person","@id":"https:\/\/www.laguiadepamplona.com\/actualidad\/#\/schema\/person\/efe887376f0213d4657c93adc50b1fdb","name":"La Gu\u00eda de Pamplona","image":{"@type":"ImageObject","inLanguage":"es","@id":"https:\/\/secure.gravatar.com\/avatar\/b6992f131dc8d30ab0dff15446e9d346d9dbd95992de0fef795073f5ea83a81c?s=96&d=mm&r=g","url":"https:\/\/secure.gravatar.com\/avatar\/b6992f131dc8d30ab0dff15446e9d346d9dbd95992de0fef795073f5ea83a81c?s=96&d=mm&r=g","contentUrl":"https:\/\/secure.gravatar.com\/avatar\/b6992f131dc8d30ab0dff15446e9d346d9dbd95992de0fef795073f5ea83a81c?s=96&d=mm&r=g","caption":"La Gu\u00eda de Pamplona"}}]}},"post_mailing_queue_ids":[],"_links":{"self":[{"href":"https:\/\/www.laguiadepamplona.com\/actualidad\/wp-json\/wp\/v2\/posts\/37272","targetHints":{"allow":["GET"]}}],"collection":[{"href":"https:\/\/www.laguiadepamplona.com\/actualidad\/wp-json\/wp\/v2\/posts"}],"about":[{"href":"https:\/\/www.laguiadepamplona.com\/actualidad\/wp-json\/wp\/v2\/types\/post"}],"author":[{"embeddable":true,"href":"https:\/\/www.laguiadepamplona.com\/actualidad\/wp-json\/wp\/v2\/users\/1"}],"replies":[{"embeddable":true,"href":"https:\/\/www.laguiadepamplona.com\/actualidad\/wp-json\/wp\/v2\/comments?post=37272"}],"version-history":[{"count":0,"href":"https:\/\/www.laguiadepamplona.com\/actualidad\/wp-json\/wp\/v2\/posts\/37272\/revisions"}],"wp:featuredmedia":[{"embeddable":true,"href":"https:\/\/www.laguiadepamplona.com\/actualidad\/wp-json\/wp\/v2\/media\/37273"}],"wp:attachment":[{"href":"https:\/\/www.laguiadepamplona.com\/actualidad\/wp-json\/wp\/v2\/media?parent=37272"}],"wp:term":[{"taxonomy":"category","embeddable":true,"href":"https:\/\/www.laguiadepamplona.com\/actualidad\/wp-json\/wp\/v2\/categories?post=37272"},{"taxonomy":"post_tag","embeddable":true,"href":"https:\/\/www.laguiadepamplona.com\/actualidad\/wp-json\/wp\/v2\/tags?post=37272"}],"curies":[{"name":"wp","href":"https:\/\/api.w.org\/{rel}","templated":true}]}}