{"id":37269,"date":"2021-10-29T13:09:55","date_gmt":"2021-10-29T11:09:55","guid":{"rendered":"https:\/\/www.laguiadepamplona.com\/actualidad\/?p=37269"},"modified":"2023-04-11T11:48:49","modified_gmt":"2023-04-11T09:48:49","slug":"un-montaje-artistico-materializa-en-el-horno-de-la-ciudadela-el-homenaje-a-la-poesia-del-autor-cubano-jose-lezama","status":"publish","type":"post","link":"https:\/\/www.laguiadepamplona.com\/actualidad\/un-montaje-artistico-materializa-en-el-horno-de-la-ciudadela-el-homenaje-a-la-poesia-del-autor-cubano-jose-lezama\/","title":{"rendered":"Un montaje art\u00edstico materializa en el Horno de la Ciudadela el homenaje a la poes\u00eda del autor cubano Jos\u00e9 Lezama"},"content":{"rendered":"<h5>\u2018El estampido de la vacuidad\u2019, la propuesta de los artistas Eugenio Ortiz y Javier Mugueta, se puede visitar de manera gratuita hasta el 12 de diciembre<\/h5>\n<p><!--more--><\/p>\n<p>El edificio El Horno de la Ciudadela acoge la propuesta expositiva \u2018El estampido de la vacuidad\u2019, una obra de los artistas Eugenio Ortiz y Javier Mugueta con la que quieren homenajear la poes\u00eda del escritor y pensador cubano Jos\u00e9 Lezama, considerado uno de los autores m\u00e1s importantes de su pa\u00eds y de la literatura hispanoamericana. En concreto, la creaci\u00f3n que hasta el d\u00eda 12 de diciembre se puede visitar de manera gratuita en la Ciudadela, pretende materializar la idea del poema \u201cEl pabell\u00f3n del Vac\u00edo\u201d, \u00faltimo publicado por el autor en 1976, incluido en el libro \u201cFragmentos a su Im\u00e1n\u201d.<\/p>\n<p><script async src=\"\/\/pagead2.googlesyndication.com\/pagead\/js\/adsbygoogle.js\"><\/script><br \/>\n<!-- Noticias La Guia de Pamplona --><br \/>\n<ins class=\"adsbygoogle\"\nstyle=\"display:block\"\ndata-ad-client=\"ca-pub-6943679897239327\"\ndata-ad-slot=\"7048180777\"\ndata-ad-format=\"auto\"><\/ins><br \/>\n<script>\n(adsbygoogle = window.adsbygoogle || []).push({});\n<\/script><\/p>\n<p>El homenaje a Lezama se completa en esta obra con una reflexi\u00f3n sobre la gran tradici\u00f3n que ha tenido la figura del \u2018Pabell\u00f3n\u2019 a lo largo de toda la historia de la arquitectura a trav\u00e9s del aspecto ef\u00edmero, colosal, conceptual e \u00edntimo impreso que expresa el poeta cubano en su obra. Se toma como referencia art\u00edstica el \u2018tokonoma\u2019 o peque\u00f1o vac\u00edo alcanzado en su interior, y se propone como un silencio y un estampido que se retroalimentan inevitablemente. El azar, de hecho, se muestra en esta propuesta como elemento oculto e ineludible, que impregna el ambiente descubriendo el tokonoma lezamiano y su pabell\u00f3n, de tal manera que el pabell\u00f3n se activa, como activa un tokonoma el espacio.<\/p>\n<p>La obra se articula en torno a la inserci\u00f3n de varios elementos secuenciales estructurales de color y geometr\u00eda y una serie de maquetas arquitect\u00f3nicas que abren la posibilidad de materializar el Pabell\u00f3n con su resonancia y privada vacuidad. Cabe destacar que se trata de una obra \u2018port\u00e1til\u2019, mediante la lectura de un c\u00f3digo QR. El visitante podr\u00e1 descargar en su tel\u00e9fono m\u00f3vil un archivo digital que podr\u00e1 reproducir en cualquier momento, para volver a disfrutar de la obra.<\/p>\n<p><script async src=\"\/\/pagead2.googlesyndication.com\/pagead\/js\/adsbygoogle.js\"><\/script><br \/>\n<!-- Noticias La Guia de Pamplona --><br \/>\n<ins class=\"adsbygoogle\"\nstyle=\"display:block\"\ndata-ad-client=\"ca-pub-6943679897239327\"\ndata-ad-slot=\"7048180777\"\ndata-ad-format=\"auto\"><\/ins><br \/>\n<script>\n(adsbygoogle = window.adsbygoogle || []).push({});\n<\/script><\/p>\n<p><strong>El punto de encuentro de dos artistas, que se empez\u00f3 a fraguar en 2014<\/strong><\/p>\n<p>La idea de esta muestra surgi\u00f3 hace siete a\u00f1os en un encuentro de los dos artistas en la Feria Internacional de Arte de Lima, tras la que empezaron a intercambiar ideas. Eugenio Ortiz ya hab\u00eda trabajado con la figura de Jos\u00e9 Lezama, de la que especialmente valoraba una obra po\u00e9tica son un campo inmenso de relaciones materiales y del lenguaje.<\/p>\n<p><strong>Jos\u00e9 Lezama Lima<\/strong> fue un escritor cubano, que naci\u00f3 en La Habana en 1910, y fallecido en la misma ciudad en 1976. Aunque se dedic\u00f3 sobre todo a la poes\u00eda y al ensayo, se le recuerda tambi\u00e9n por su faceta de novelista, en concreto por su obra\u00a0\u2018<strong>Paradiso\u2019<\/strong>, publicada en 1966 y de gran repercusi\u00f3n internacional. De estilo barroco, y considerado uno de los autores m\u00e1s importantes de la literatura hispanoamericana, ha influido en una gran cantidad de escritores de su \u00e9poca y posteriores.<\/p>\n<p>En cuanto a la trayectoria de los autores, Eugenio Ortiz Miguel ha expuesto en multitud de ciudades de Europa y Estados Unidos: Par\u00eds, Roma, Nueva York&#8230; Es el primer artista espa\u00f1ol en recibir la invitaci\u00f3n a la Residencia Art\u00edstica en la Annie &amp; Joseph Albers Fondation. Su obra forma parte de importantes colecciones tanto p\u00fablicas como privadas. En los \u00faltimos a\u00f1os ha participado en Kair\u00f3s, Museo San Telmo, y actualmente en la doble colectiva en Bayona\/Tarn\u00f3s, a cargo del comisario Fran\u00e7ois Loustau. Por su parte, Javier Mugueta Jur\u00edo es arquitecto por la Universidad de Navarra, ha desarrollado su carrera entre Espa\u00f1a y Per\u00fa. Su trabajo ha recibido m\u00faltiples reconocimientos, destacando su participaci\u00f3n en el dise\u00f1o del laureado proyecto de reurbanizaci\u00f3n de la \u2018Plaza de la Cultura\u2019 de Talavera de la Reina y un \u00e1ccesit en el contexto de la bienal de arte Expresarte 2012.<\/p>\n<p><script async src=\"\/\/pagead2.googlesyndication.com\/pagead\/js\/adsbygoogle.js\"><\/script><br \/>\n<!-- Noticias La Guia de Pamplona --><br \/>\n<ins class=\"adsbygoogle\"\nstyle=\"display:block\"\ndata-ad-client=\"ca-pub-6943679897239327\"\ndata-ad-slot=\"7048180777\"\ndata-ad-format=\"auto\"><\/ins><br \/>\n<script>\n(adsbygoogle = window.adsbygoogle || []).push({});\n<\/script><\/p>\n<p><strong>Una variedad de propuestas art\u00edsticas gratuitas en La Ciudadela<\/strong><\/p>\n<p>Esta muestra se suma a las que estos d\u00edas ya ofrecen el resto de salas de la Ciudadela, que se pueden visitar de martes a s\u00e1bado en horario de 11.30 a 13.30 horas y de 18.00 a 20.30 horas, y los domingos y festivos \u00fanicamente en horario de ma\u00f1anas.<\/p>\n<p><strong>La primera planta de la Sala de Armas acoge hasta el 13 de febrero, \u2018Audiovisiones\u2019, una mirada al mundo contempor\u00e1neo con diferentes t\u00e9cnicas, formatos y lenguajes expresivos. En la muestra, compuesta por 27 obras y comisariada por Alicia Ventura, la Colecci\u00f3n de Arte Contempor\u00e1neo municipal \u201cdialoga\u201d con otras colecciones privadas de la Asociaci\u00f3n 9915<\/strong>. El foco de inter\u00e9s de la muestra se centra en la confluencia entre las dimensiones visual y sonora, los dos grandes vectores que condicionan la percepci\u00f3n humana del mundo.<\/p>\n<p><strong>\u2018Solo aquello que pasa por todas las puertas\u2019 es el t\u00edtulo de la exposici\u00f3n que C\u00e9sar Barrio presenta en el Pabell\u00f3n de Mixtos hasta el 9 de noviembre.\u00a0<\/strong>La muestra consta de toda la obra realizada espec\u00edficamente por el artista durante el \u00faltimo a\u00f1o para este espacio y supone el final de un recorrido de investigaci\u00f3n que surgido hace cinco a\u00f1os. Es la exposici\u00f3n m\u00e1s amplia de las realizadas por el autor, con alrededor de 30 piezas de gran formato. Las t\u00e9cnicas utilizadas son muy variadas, mezclando diferentes materiales para crear grandes collages \u201cescultopict\u00f3ricos\u201d. La exposici\u00f3n aprovecha las dos salas existentes en el edificio para realizar un juego de espejos. En la primera, en blanco y negro, aparece la materialidad de esa piel mientras que en la segunda, unos collages de color de gran formato representan el env\u00e9s de la piel, la carne interior al cuadro, ese rev\u00e9s ocultado de la pintura con toda su profundidad.<\/p>\n","protected":false},"excerpt":{"rendered":"<p>\u2018El estampido de la vacuidad\u2019, la propuesta de los artistas Eugenio Ortiz y Javier Mugueta, se puede visitar de manera gratuita hasta el 12 de diciembre<\/p>\n","protected":false},"author":1,"featured_media":37270,"comment_status":"open","ping_status":"closed","sticky":false,"template":"","format":"standard","meta":{"footnotes":""},"categories":[2],"tags":[],"class_list":["post-37269","post","type-post","status-publish","format-standard","has-post-thumbnail","hentry","category-ayuntamiento-pamplona"],"yoast_head":"<!-- This site is optimized with the Yoast SEO plugin v27.5 - https:\/\/yoast.com\/product\/yoast-seo-wordpress\/ -->\n<title>Un montaje art\u00edstico materializa en el Horno de la Ciudadela el homenaje a la poes\u00eda del autor cubano Jos\u00e9 Lezama<\/title>\n<meta name=\"description\" content=\"\u2018El estampido de la vacuidad\u2019, la propuesta de los artistas Eugenio Ortiz y Javier Mugueta, se puede visitar de manera gratuita hasta el 12 de diciembre\" \/>\n<meta name=\"robots\" content=\"index, follow, max-snippet:-1, max-image-preview:large, max-video-preview:-1\" \/>\n<link rel=\"canonical\" href=\"https:\/\/www.laguiadepamplona.com\/actualidad\/un-montaje-artistico-materializa-en-el-horno-de-la-ciudadela-el-homenaje-a-la-poesia-del-autor-cubano-jose-lezama\/\" \/>\n<meta property=\"og:locale\" content=\"es_ES\" \/>\n<meta property=\"og:type\" content=\"article\" \/>\n<meta property=\"og:title\" content=\"Un montaje art\u00edstico materializa en el Horno de la Ciudadela el homenaje a la poes\u00eda del autor cubano Jos\u00e9 Lezama\" \/>\n<meta property=\"og:description\" content=\"\u2018El estampido de la vacuidad\u2019, la propuesta de los artistas Eugenio Ortiz y Javier Mugueta, se puede visitar de manera gratuita hasta el 12 de diciembre\" \/>\n<meta property=\"og:url\" content=\"https:\/\/www.laguiadepamplona.com\/actualidad\/un-montaje-artistico-materializa-en-el-horno-de-la-ciudadela-el-homenaje-a-la-poesia-del-autor-cubano-jose-lezama\/\" \/>\n<meta property=\"og:site_name\" content=\"La Gu\u00eda de Pamplona\" \/>\n<meta property=\"article:publisher\" content=\"https:\/\/www.facebook.com\/laguiadepamplonacom-133175176762273\/?ref=hl\" \/>\n<meta property=\"article:published_time\" content=\"2021-10-29T11:09:55+00:00\" \/>\n<meta property=\"article:modified_time\" content=\"2023-04-11T09:48:49+00:00\" \/>\n<meta property=\"og:image\" content=\"https:\/\/www.laguiadepamplona.com\/actualidad\/wp-content\/uploads\/2021\/10\/eugenio-ortiz-javier-mugueta.jpeg\" \/>\n\t<meta property=\"og:image:width\" content=\"1600\" \/>\n\t<meta property=\"og:image:height\" content=\"720\" \/>\n\t<meta property=\"og:image:type\" content=\"image\/jpeg\" \/>\n<meta name=\"author\" content=\"La Gu\u00eda de Pamplona\" \/>\n<meta name=\"twitter:card\" content=\"summary_large_image\" \/>\n<meta name=\"twitter:creator\" content=\"@LaGuiadPamplona\" \/>\n<meta name=\"twitter:site\" content=\"@LaGuiadPamplona\" \/>\n<meta name=\"twitter:label1\" content=\"Escrito por\" \/>\n\t<meta name=\"twitter:data1\" content=\"La Gu\u00eda de Pamplona\" \/>\n\t<meta name=\"twitter:label2\" content=\"Tiempo de lectura\" \/>\n\t<meta name=\"twitter:data2\" content=\"5 minutos\" \/>\n<script type=\"application\/ld+json\" class=\"yoast-schema-graph\">{\"@context\":\"https:\\\/\\\/schema.org\",\"@graph\":[{\"@type\":\"Article\",\"@id\":\"https:\\\/\\\/www.laguiadepamplona.com\\\/actualidad\\\/un-montaje-artistico-materializa-en-el-horno-de-la-ciudadela-el-homenaje-a-la-poesia-del-autor-cubano-jose-lezama\\\/#article\",\"isPartOf\":{\"@id\":\"https:\\\/\\\/www.laguiadepamplona.com\\\/actualidad\\\/un-montaje-artistico-materializa-en-el-horno-de-la-ciudadela-el-homenaje-a-la-poesia-del-autor-cubano-jose-lezama\\\/\"},\"author\":{\"name\":\"La Gu\u00eda de Pamplona\",\"@id\":\"https:\\\/\\\/www.laguiadepamplona.com\\\/actualidad\\\/#\\\/schema\\\/person\\\/efe887376f0213d4657c93adc50b1fdb\"},\"headline\":\"Un montaje art\u00edstico materializa en el Horno de la Ciudadela el homenaje a la poes\u00eda del autor cubano Jos\u00e9 Lezama\",\"datePublished\":\"2021-10-29T11:09:55+00:00\",\"dateModified\":\"2023-04-11T09:48:49+00:00\",\"mainEntityOfPage\":{\"@id\":\"https:\\\/\\\/www.laguiadepamplona.com\\\/actualidad\\\/un-montaje-artistico-materializa-en-el-horno-de-la-ciudadela-el-homenaje-a-la-poesia-del-autor-cubano-jose-lezama\\\/\"},\"wordCount\":1000,\"commentCount\":0,\"publisher\":{\"@id\":\"https:\\\/\\\/www.laguiadepamplona.com\\\/actualidad\\\/#organization\"},\"image\":{\"@id\":\"https:\\\/\\\/www.laguiadepamplona.com\\\/actualidad\\\/un-montaje-artistico-materializa-en-el-horno-de-la-ciudadela-el-homenaje-a-la-poesia-del-autor-cubano-jose-lezama\\\/#primaryimage\"},\"thumbnailUrl\":\"https:\\\/\\\/www.laguiadepamplona.com\\\/actualidad\\\/wp-content\\\/uploads\\\/2021\\\/10\\\/eugenio-ortiz-javier-mugueta.jpeg\",\"articleSection\":[\"Ayto Pamplona\"],\"inLanguage\":\"es\",\"potentialAction\":[{\"@type\":\"CommentAction\",\"name\":\"Comment\",\"target\":[\"https:\\\/\\\/www.laguiadepamplona.com\\\/actualidad\\\/un-montaje-artistico-materializa-en-el-horno-de-la-ciudadela-el-homenaje-a-la-poesia-del-autor-cubano-jose-lezama\\\/#respond\"]}]},{\"@type\":\"WebPage\",\"@id\":\"https:\\\/\\\/www.laguiadepamplona.com\\\/actualidad\\\/un-montaje-artistico-materializa-en-el-horno-de-la-ciudadela-el-homenaje-a-la-poesia-del-autor-cubano-jose-lezama\\\/\",\"url\":\"https:\\\/\\\/www.laguiadepamplona.com\\\/actualidad\\\/un-montaje-artistico-materializa-en-el-horno-de-la-ciudadela-el-homenaje-a-la-poesia-del-autor-cubano-jose-lezama\\\/\",\"name\":\"Un montaje art\u00edstico materializa en el Horno de la Ciudadela el homenaje a la poes\u00eda del autor cubano Jos\u00e9 Lezama\",\"isPartOf\":{\"@id\":\"https:\\\/\\\/www.laguiadepamplona.com\\\/actualidad\\\/#website\"},\"primaryImageOfPage\":{\"@id\":\"https:\\\/\\\/www.laguiadepamplona.com\\\/actualidad\\\/un-montaje-artistico-materializa-en-el-horno-de-la-ciudadela-el-homenaje-a-la-poesia-del-autor-cubano-jose-lezama\\\/#primaryimage\"},\"image\":{\"@id\":\"https:\\\/\\\/www.laguiadepamplona.com\\\/actualidad\\\/un-montaje-artistico-materializa-en-el-horno-de-la-ciudadela-el-homenaje-a-la-poesia-del-autor-cubano-jose-lezama\\\/#primaryimage\"},\"thumbnailUrl\":\"https:\\\/\\\/www.laguiadepamplona.com\\\/actualidad\\\/wp-content\\\/uploads\\\/2021\\\/10\\\/eugenio-ortiz-javier-mugueta.jpeg\",\"datePublished\":\"2021-10-29T11:09:55+00:00\",\"dateModified\":\"2023-04-11T09:48:49+00:00\",\"description\":\"\u2018El estampido de la vacuidad\u2019, la propuesta de los artistas Eugenio Ortiz y Javier Mugueta, se puede visitar de manera gratuita hasta el 12 de diciembre\",\"breadcrumb\":{\"@id\":\"https:\\\/\\\/www.laguiadepamplona.com\\\/actualidad\\\/un-montaje-artistico-materializa-en-el-horno-de-la-ciudadela-el-homenaje-a-la-poesia-del-autor-cubano-jose-lezama\\\/#breadcrumb\"},\"inLanguage\":\"es\",\"potentialAction\":[{\"@type\":\"ReadAction\",\"target\":[\"https:\\\/\\\/www.laguiadepamplona.com\\\/actualidad\\\/un-montaje-artistico-materializa-en-el-horno-de-la-ciudadela-el-homenaje-a-la-poesia-del-autor-cubano-jose-lezama\\\/\"]}]},{\"@type\":\"ImageObject\",\"inLanguage\":\"es\",\"@id\":\"https:\\\/\\\/www.laguiadepamplona.com\\\/actualidad\\\/un-montaje-artistico-materializa-en-el-horno-de-la-ciudadela-el-homenaje-a-la-poesia-del-autor-cubano-jose-lezama\\\/#primaryimage\",\"url\":\"https:\\\/\\\/www.laguiadepamplona.com\\\/actualidad\\\/wp-content\\\/uploads\\\/2021\\\/10\\\/eugenio-ortiz-javier-mugueta.jpeg\",\"contentUrl\":\"https:\\\/\\\/www.laguiadepamplona.com\\\/actualidad\\\/wp-content\\\/uploads\\\/2021\\\/10\\\/eugenio-ortiz-javier-mugueta.jpeg\",\"width\":1600,\"height\":720},{\"@type\":\"BreadcrumbList\",\"@id\":\"https:\\\/\\\/www.laguiadepamplona.com\\\/actualidad\\\/un-montaje-artistico-materializa-en-el-horno-de-la-ciudadela-el-homenaje-a-la-poesia-del-autor-cubano-jose-lezama\\\/#breadcrumb\",\"itemListElement\":[{\"@type\":\"ListItem\",\"position\":1,\"name\":\"Portada\",\"item\":\"https:\\\/\\\/www.laguiadepamplona.com\\\/actualidad\\\/\"},{\"@type\":\"ListItem\",\"position\":2,\"name\":\"Un montaje art\u00edstico materializa en el Horno de la Ciudadela el homenaje a la poes\u00eda del autor cubano Jos\u00e9 Lezama\"}]},{\"@type\":\"WebSite\",\"@id\":\"https:\\\/\\\/www.laguiadepamplona.com\\\/actualidad\\\/#website\",\"url\":\"https:\\\/\\\/www.laguiadepamplona.com\\\/actualidad\\\/\",\"name\":\"La gu\u00eda de Pamplona\",\"description\":\"Noticias de Pamplona\",\"publisher\":{\"@id\":\"https:\\\/\\\/www.laguiadepamplona.com\\\/actualidad\\\/#organization\"},\"potentialAction\":[{\"@type\":\"SearchAction\",\"target\":{\"@type\":\"EntryPoint\",\"urlTemplate\":\"https:\\\/\\\/www.laguiadepamplona.com\\\/actualidad\\\/?s={search_term_string}\"},\"query-input\":{\"@type\":\"PropertyValueSpecification\",\"valueRequired\":true,\"valueName\":\"search_term_string\"}}],\"inLanguage\":\"es\"},{\"@type\":\"Organization\",\"@id\":\"https:\\\/\\\/www.laguiadepamplona.com\\\/actualidad\\\/#organization\",\"name\":\"La Gu\u00eda de Pamplona \\\/ Noticias\",\"url\":\"https:\\\/\\\/www.laguiadepamplona.com\\\/actualidad\\\/\",\"logo\":{\"@type\":\"ImageObject\",\"inLanguage\":\"es\",\"@id\":\"https:\\\/\\\/www.laguiadepamplona.com\\\/actualidad\\\/#\\\/schema\\\/logo\\\/image\\\/\",\"url\":\"https:\\\/\\\/www.laguiadepamplona.com\\\/actualidad\\\/wp-content\\\/uploads\\\/2018\\\/11\\\/logo-laguiadepamplona18-web1.png\",\"contentUrl\":\"https:\\\/\\\/www.laguiadepamplona.com\\\/actualidad\\\/wp-content\\\/uploads\\\/2018\\\/11\\\/logo-laguiadepamplona18-web1.png\",\"width\":600,\"height\":196,\"caption\":\"La Gu\u00eda de Pamplona \\\/ Noticias\"},\"image\":{\"@id\":\"https:\\\/\\\/www.laguiadepamplona.com\\\/actualidad\\\/#\\\/schema\\\/logo\\\/image\\\/\"},\"sameAs\":[\"https:\\\/\\\/www.facebook.com\\\/laguiadepamplonacom-133175176762273\\\/?ref=hl\",\"https:\\\/\\\/x.com\\\/LaGuiadPamplona\",\"https:\\\/\\\/www.instagram.com\\\/la_guia_de_pamplona\\\/\",\"https:\\\/\\\/www.youtube.com\\\/user\\\/laguiadepamplona\"]},{\"@type\":\"Person\",\"@id\":\"https:\\\/\\\/www.laguiadepamplona.com\\\/actualidad\\\/#\\\/schema\\\/person\\\/efe887376f0213d4657c93adc50b1fdb\",\"name\":\"La Gu\u00eda de Pamplona\",\"image\":{\"@type\":\"ImageObject\",\"inLanguage\":\"es\",\"@id\":\"https:\\\/\\\/secure.gravatar.com\\\/avatar\\\/b6992f131dc8d30ab0dff15446e9d346d9dbd95992de0fef795073f5ea83a81c?s=96&d=mm&r=g\",\"url\":\"https:\\\/\\\/secure.gravatar.com\\\/avatar\\\/b6992f131dc8d30ab0dff15446e9d346d9dbd95992de0fef795073f5ea83a81c?s=96&d=mm&r=g\",\"contentUrl\":\"https:\\\/\\\/secure.gravatar.com\\\/avatar\\\/b6992f131dc8d30ab0dff15446e9d346d9dbd95992de0fef795073f5ea83a81c?s=96&d=mm&r=g\",\"caption\":\"La Gu\u00eda de Pamplona\"}}]}<\/script>\n<!-- \/ Yoast SEO plugin. -->","yoast_head_json":{"title":"Un montaje art\u00edstico materializa en el Horno de la Ciudadela el homenaje a la poes\u00eda del autor cubano Jos\u00e9 Lezama","description":"\u2018El estampido de la vacuidad\u2019, la propuesta de los artistas Eugenio Ortiz y Javier Mugueta, se puede visitar de manera gratuita hasta el 12 de diciembre","robots":{"index":"index","follow":"follow","max-snippet":"max-snippet:-1","max-image-preview":"max-image-preview:large","max-video-preview":"max-video-preview:-1"},"canonical":"https:\/\/www.laguiadepamplona.com\/actualidad\/un-montaje-artistico-materializa-en-el-horno-de-la-ciudadela-el-homenaje-a-la-poesia-del-autor-cubano-jose-lezama\/","og_locale":"es_ES","og_type":"article","og_title":"Un montaje art\u00edstico materializa en el Horno de la Ciudadela el homenaje a la poes\u00eda del autor cubano Jos\u00e9 Lezama","og_description":"\u2018El estampido de la vacuidad\u2019, la propuesta de los artistas Eugenio Ortiz y Javier Mugueta, se puede visitar de manera gratuita hasta el 12 de diciembre","og_url":"https:\/\/www.laguiadepamplona.com\/actualidad\/un-montaje-artistico-materializa-en-el-horno-de-la-ciudadela-el-homenaje-a-la-poesia-del-autor-cubano-jose-lezama\/","og_site_name":"La Gu\u00eda de Pamplona","article_publisher":"https:\/\/www.facebook.com\/laguiadepamplonacom-133175176762273\/?ref=hl","article_published_time":"2021-10-29T11:09:55+00:00","article_modified_time":"2023-04-11T09:48:49+00:00","og_image":[{"width":1600,"height":720,"url":"https:\/\/www.laguiadepamplona.com\/actualidad\/wp-content\/uploads\/2021\/10\/eugenio-ortiz-javier-mugueta.jpeg","type":"image\/jpeg"}],"author":"La Gu\u00eda de Pamplona","twitter_card":"summary_large_image","twitter_creator":"@LaGuiadPamplona","twitter_site":"@LaGuiadPamplona","twitter_misc":{"Escrito por":"La Gu\u00eda de Pamplona","Tiempo de lectura":"5 minutos"},"schema":{"@context":"https:\/\/schema.org","@graph":[{"@type":"Article","@id":"https:\/\/www.laguiadepamplona.com\/actualidad\/un-montaje-artistico-materializa-en-el-horno-de-la-ciudadela-el-homenaje-a-la-poesia-del-autor-cubano-jose-lezama\/#article","isPartOf":{"@id":"https:\/\/www.laguiadepamplona.com\/actualidad\/un-montaje-artistico-materializa-en-el-horno-de-la-ciudadela-el-homenaje-a-la-poesia-del-autor-cubano-jose-lezama\/"},"author":{"name":"La Gu\u00eda de Pamplona","@id":"https:\/\/www.laguiadepamplona.com\/actualidad\/#\/schema\/person\/efe887376f0213d4657c93adc50b1fdb"},"headline":"Un montaje art\u00edstico materializa en el Horno de la Ciudadela el homenaje a la poes\u00eda del autor cubano Jos\u00e9 Lezama","datePublished":"2021-10-29T11:09:55+00:00","dateModified":"2023-04-11T09:48:49+00:00","mainEntityOfPage":{"@id":"https:\/\/www.laguiadepamplona.com\/actualidad\/un-montaje-artistico-materializa-en-el-horno-de-la-ciudadela-el-homenaje-a-la-poesia-del-autor-cubano-jose-lezama\/"},"wordCount":1000,"commentCount":0,"publisher":{"@id":"https:\/\/www.laguiadepamplona.com\/actualidad\/#organization"},"image":{"@id":"https:\/\/www.laguiadepamplona.com\/actualidad\/un-montaje-artistico-materializa-en-el-horno-de-la-ciudadela-el-homenaje-a-la-poesia-del-autor-cubano-jose-lezama\/#primaryimage"},"thumbnailUrl":"https:\/\/www.laguiadepamplona.com\/actualidad\/wp-content\/uploads\/2021\/10\/eugenio-ortiz-javier-mugueta.jpeg","articleSection":["Ayto Pamplona"],"inLanguage":"es","potentialAction":[{"@type":"CommentAction","name":"Comment","target":["https:\/\/www.laguiadepamplona.com\/actualidad\/un-montaje-artistico-materializa-en-el-horno-de-la-ciudadela-el-homenaje-a-la-poesia-del-autor-cubano-jose-lezama\/#respond"]}]},{"@type":"WebPage","@id":"https:\/\/www.laguiadepamplona.com\/actualidad\/un-montaje-artistico-materializa-en-el-horno-de-la-ciudadela-el-homenaje-a-la-poesia-del-autor-cubano-jose-lezama\/","url":"https:\/\/www.laguiadepamplona.com\/actualidad\/un-montaje-artistico-materializa-en-el-horno-de-la-ciudadela-el-homenaje-a-la-poesia-del-autor-cubano-jose-lezama\/","name":"Un montaje art\u00edstico materializa en el Horno de la Ciudadela el homenaje a la poes\u00eda del autor cubano Jos\u00e9 Lezama","isPartOf":{"@id":"https:\/\/www.laguiadepamplona.com\/actualidad\/#website"},"primaryImageOfPage":{"@id":"https:\/\/www.laguiadepamplona.com\/actualidad\/un-montaje-artistico-materializa-en-el-horno-de-la-ciudadela-el-homenaje-a-la-poesia-del-autor-cubano-jose-lezama\/#primaryimage"},"image":{"@id":"https:\/\/www.laguiadepamplona.com\/actualidad\/un-montaje-artistico-materializa-en-el-horno-de-la-ciudadela-el-homenaje-a-la-poesia-del-autor-cubano-jose-lezama\/#primaryimage"},"thumbnailUrl":"https:\/\/www.laguiadepamplona.com\/actualidad\/wp-content\/uploads\/2021\/10\/eugenio-ortiz-javier-mugueta.jpeg","datePublished":"2021-10-29T11:09:55+00:00","dateModified":"2023-04-11T09:48:49+00:00","description":"\u2018El estampido de la vacuidad\u2019, la propuesta de los artistas Eugenio Ortiz y Javier Mugueta, se puede visitar de manera gratuita hasta el 12 de diciembre","breadcrumb":{"@id":"https:\/\/www.laguiadepamplona.com\/actualidad\/un-montaje-artistico-materializa-en-el-horno-de-la-ciudadela-el-homenaje-a-la-poesia-del-autor-cubano-jose-lezama\/#breadcrumb"},"inLanguage":"es","potentialAction":[{"@type":"ReadAction","target":["https:\/\/www.laguiadepamplona.com\/actualidad\/un-montaje-artistico-materializa-en-el-horno-de-la-ciudadela-el-homenaje-a-la-poesia-del-autor-cubano-jose-lezama\/"]}]},{"@type":"ImageObject","inLanguage":"es","@id":"https:\/\/www.laguiadepamplona.com\/actualidad\/un-montaje-artistico-materializa-en-el-horno-de-la-ciudadela-el-homenaje-a-la-poesia-del-autor-cubano-jose-lezama\/#primaryimage","url":"https:\/\/www.laguiadepamplona.com\/actualidad\/wp-content\/uploads\/2021\/10\/eugenio-ortiz-javier-mugueta.jpeg","contentUrl":"https:\/\/www.laguiadepamplona.com\/actualidad\/wp-content\/uploads\/2021\/10\/eugenio-ortiz-javier-mugueta.jpeg","width":1600,"height":720},{"@type":"BreadcrumbList","@id":"https:\/\/www.laguiadepamplona.com\/actualidad\/un-montaje-artistico-materializa-en-el-horno-de-la-ciudadela-el-homenaje-a-la-poesia-del-autor-cubano-jose-lezama\/#breadcrumb","itemListElement":[{"@type":"ListItem","position":1,"name":"Portada","item":"https:\/\/www.laguiadepamplona.com\/actualidad\/"},{"@type":"ListItem","position":2,"name":"Un montaje art\u00edstico materializa en el Horno de la Ciudadela el homenaje a la poes\u00eda del autor cubano Jos\u00e9 Lezama"}]},{"@type":"WebSite","@id":"https:\/\/www.laguiadepamplona.com\/actualidad\/#website","url":"https:\/\/www.laguiadepamplona.com\/actualidad\/","name":"La gu\u00eda de Pamplona","description":"Noticias de Pamplona","publisher":{"@id":"https:\/\/www.laguiadepamplona.com\/actualidad\/#organization"},"potentialAction":[{"@type":"SearchAction","target":{"@type":"EntryPoint","urlTemplate":"https:\/\/www.laguiadepamplona.com\/actualidad\/?s={search_term_string}"},"query-input":{"@type":"PropertyValueSpecification","valueRequired":true,"valueName":"search_term_string"}}],"inLanguage":"es"},{"@type":"Organization","@id":"https:\/\/www.laguiadepamplona.com\/actualidad\/#organization","name":"La Gu\u00eda de Pamplona \/ Noticias","url":"https:\/\/www.laguiadepamplona.com\/actualidad\/","logo":{"@type":"ImageObject","inLanguage":"es","@id":"https:\/\/www.laguiadepamplona.com\/actualidad\/#\/schema\/logo\/image\/","url":"https:\/\/www.laguiadepamplona.com\/actualidad\/wp-content\/uploads\/2018\/11\/logo-laguiadepamplona18-web1.png","contentUrl":"https:\/\/www.laguiadepamplona.com\/actualidad\/wp-content\/uploads\/2018\/11\/logo-laguiadepamplona18-web1.png","width":600,"height":196,"caption":"La Gu\u00eda de Pamplona \/ Noticias"},"image":{"@id":"https:\/\/www.laguiadepamplona.com\/actualidad\/#\/schema\/logo\/image\/"},"sameAs":["https:\/\/www.facebook.com\/laguiadepamplonacom-133175176762273\/?ref=hl","https:\/\/x.com\/LaGuiadPamplona","https:\/\/www.instagram.com\/la_guia_de_pamplona\/","https:\/\/www.youtube.com\/user\/laguiadepamplona"]},{"@type":"Person","@id":"https:\/\/www.laguiadepamplona.com\/actualidad\/#\/schema\/person\/efe887376f0213d4657c93adc50b1fdb","name":"La Gu\u00eda de Pamplona","image":{"@type":"ImageObject","inLanguage":"es","@id":"https:\/\/secure.gravatar.com\/avatar\/b6992f131dc8d30ab0dff15446e9d346d9dbd95992de0fef795073f5ea83a81c?s=96&d=mm&r=g","url":"https:\/\/secure.gravatar.com\/avatar\/b6992f131dc8d30ab0dff15446e9d346d9dbd95992de0fef795073f5ea83a81c?s=96&d=mm&r=g","contentUrl":"https:\/\/secure.gravatar.com\/avatar\/b6992f131dc8d30ab0dff15446e9d346d9dbd95992de0fef795073f5ea83a81c?s=96&d=mm&r=g","caption":"La Gu\u00eda de Pamplona"}}]}},"post_mailing_queue_ids":[],"_links":{"self":[{"href":"https:\/\/www.laguiadepamplona.com\/actualidad\/wp-json\/wp\/v2\/posts\/37269","targetHints":{"allow":["GET"]}}],"collection":[{"href":"https:\/\/www.laguiadepamplona.com\/actualidad\/wp-json\/wp\/v2\/posts"}],"about":[{"href":"https:\/\/www.laguiadepamplona.com\/actualidad\/wp-json\/wp\/v2\/types\/post"}],"author":[{"embeddable":true,"href":"https:\/\/www.laguiadepamplona.com\/actualidad\/wp-json\/wp\/v2\/users\/1"}],"replies":[{"embeddable":true,"href":"https:\/\/www.laguiadepamplona.com\/actualidad\/wp-json\/wp\/v2\/comments?post=37269"}],"version-history":[{"count":0,"href":"https:\/\/www.laguiadepamplona.com\/actualidad\/wp-json\/wp\/v2\/posts\/37269\/revisions"}],"wp:featuredmedia":[{"embeddable":true,"href":"https:\/\/www.laguiadepamplona.com\/actualidad\/wp-json\/wp\/v2\/media\/37270"}],"wp:attachment":[{"href":"https:\/\/www.laguiadepamplona.com\/actualidad\/wp-json\/wp\/v2\/media?parent=37269"}],"wp:term":[{"taxonomy":"category","embeddable":true,"href":"https:\/\/www.laguiadepamplona.com\/actualidad\/wp-json\/wp\/v2\/categories?post=37269"},{"taxonomy":"post_tag","embeddable":true,"href":"https:\/\/www.laguiadepamplona.com\/actualidad\/wp-json\/wp\/v2\/tags?post=37269"}],"curies":[{"name":"wp","href":"https:\/\/api.w.org\/{rel}","templated":true}]}}