{"id":37210,"date":"2021-10-27T12:49:41","date_gmt":"2021-10-27T10:49:41","guid":{"rendered":"https:\/\/www.laguiadepamplona.com\/actualidad\/?p=37210"},"modified":"2023-04-11T11:48:50","modified_gmt":"2023-04-11T09:48:50","slug":"el-ayuntamiento-de-pamplona-construye-una-pasarela-peatonal-para-hacer-tambien-accesible-la-plaza-de-la-txantrea-desde-la-calle-maria-auxiliadora","status":"publish","type":"post","link":"https:\/\/www.laguiadepamplona.com\/actualidad\/el-ayuntamiento-de-pamplona-construye-una-pasarela-peatonal-para-hacer-tambien-accesible-la-plaza-de-la-txantrea-desde-la-calle-maria-auxiliadora\/","title":{"rendered":"El Ayuntamiento de Pamplona construye una pasarela peatonal para hacer tambi\u00e9n accesible la plaza de la Txantrea desde la calle Mar\u00eda Auxiliadora"},"content":{"rendered":"<h5>La nueva rampa se est\u00e1 levantando junto a las escaleras que quedan enfrente de la calle Subiza<\/h5>\n<p><!--more--><\/p>\n<p>El Ayuntamiento de Pamplona est\u00e1 construyendo una rampa para facilitar el acceso a la plaza de la Txantrea desde la calle Mar\u00eda Auxiliadora. Hasta ahora, la plaza es accesible sin escaleras por las dos entradas desde la calle Patern\u00e1in. Los trabajos, que se iniciaron la semana pasada, se est\u00e1n realizando en las escaleras situadas en la calle Mar\u00eda Auxiliadora enfrente de la calle Subiza.<\/p>\n<p><script async src=\"\/\/pagead2.googlesyndication.com\/pagead\/js\/adsbygoogle.js\"><\/script><br \/>\n<!-- Noticias La Guia de Pamplona --><br \/>\n<ins class=\"adsbygoogle\"\nstyle=\"display:block\"\ndata-ad-client=\"ca-pub-6943679897239327\"\ndata-ad-slot=\"7048180777\"\ndata-ad-format=\"auto\"><\/ins><br \/>\n<script>\n(adsbygoogle = window.adsbygoogle || []).push({});\n<\/script><\/p>\n<p>La mitad de la escalera, la zona m\u00e1s cercana a la calle San Crist\u00f3bal, ser\u00e1 demolida y en su lugar se construir\u00e1 una pasarela peatonal. El dise\u00f1o incluye dos tramos y una zona de descanso para adaptarse as\u00ed a la normativa vigente, con lo que tendr\u00e1 una forma parecida a una \u201cL\u201d inclinada. Uno de los tramos medir\u00e1 6 metros y el otro 5,26 metros, con una anchura ambos de 1,8 metros, anchura que se ampl\u00eda a los 2 metros en la zona de descanso. Todo el recorrido estar\u00e1 dotado de barandillas.<\/p>\n<p>Los trabajos concluir\u00e1n en tres semanas y se realizan mediante el acuerdo marco para las \u201cObras de rehabilitaci\u00f3n y acondicionamiento de espacios de v\u00eda p\u00fablica del Ayuntamiento de Pamplona\u201d. Se corresponden con la adecuaci\u00f3n de las aceras y espacios comunes en el barrio de la Txantrea. Los est\u00e1 llevando a cabo la empresa Erriberri con un presupuesto es de 51.500 euros, tras el acuerdo presupuestario entre los grupos de Navarra Suma y Socialistas del Ayuntamiento de Pamplona.<\/p>\n<p><script async src=\"\/\/pagead2.googlesyndication.com\/pagead\/js\/adsbygoogle.js\"><\/script><br \/>\n<!-- Noticias La Guia de Pamplona --><br \/>\n<ins class=\"adsbygoogle\"\nstyle=\"display:block\"\ndata-ad-client=\"ca-pub-6943679897239327\"\ndata-ad-slot=\"7048180777\"\ndata-ad-format=\"auto\"><\/ins><br \/>\n<script>\n(adsbygoogle = window.adsbygoogle || []).push({});\n<\/script><\/p>\n<p>Durante las obras, el murete de mamposter\u00eda de piedra ser\u00e1 desmontado para colocarse posteriormente en el cierre lateral del lado Este de la nueva rampa, y se ocupar\u00e1 un espacio colindante en la zona ajardinada que se encuentra actualmente en la pendiente que separa la calle Mar\u00eda Auxiliadora de la plaza.<\/p>\n","protected":false},"excerpt":{"rendered":"<p>La nueva rampa se est\u00e1 levantando junto a las escaleras que quedan enfrente de la calle Subiza<\/p>\n","protected":false},"author":1,"featured_media":36415,"comment_status":"open","ping_status":"closed","sticky":false,"template":"","format":"standard","meta":{"footnotes":""},"categories":[2],"tags":[],"class_list":["post-37210","post","type-post","status-publish","format-standard","has-post-thumbnail","hentry","category-ayuntamiento-pamplona"],"yoast_head":"<!-- This site is optimized with the Yoast SEO plugin v27.5 - https:\/\/yoast.com\/product\/yoast-seo-wordpress\/ -->\n<title>El Ayuntamiento de Pamplona construye una pasarela peatonal para hacer tambi\u00e9n accesible la plaza de la Txantrea desde la calle Mar\u00eda Auxiliadora<\/title>\n<meta name=\"description\" content=\"La nueva rampa se est\u00e1 levantando junto a las escaleras que quedan enfrente de la calle Subiza\" \/>\n<meta name=\"robots\" content=\"index, follow, max-snippet:-1, max-image-preview:large, max-video-preview:-1\" \/>\n<link rel=\"canonical\" href=\"https:\/\/www.laguiadepamplona.com\/actualidad\/el-ayuntamiento-de-pamplona-construye-una-pasarela-peatonal-para-hacer-tambien-accesible-la-plaza-de-la-txantrea-desde-la-calle-maria-auxiliadora\/\" \/>\n<meta property=\"og:locale\" content=\"es_ES\" \/>\n<meta property=\"og:type\" content=\"article\" \/>\n<meta property=\"og:title\" content=\"El Ayuntamiento de Pamplona construye una pasarela peatonal para hacer tambi\u00e9n accesible la plaza de la Txantrea desde la calle Mar\u00eda Auxiliadora\" \/>\n<meta property=\"og:description\" content=\"La nueva rampa se est\u00e1 levantando junto a las escaleras que quedan enfrente de la calle Subiza\" \/>\n<meta property=\"og:url\" content=\"https:\/\/www.laguiadepamplona.com\/actualidad\/el-ayuntamiento-de-pamplona-construye-una-pasarela-peatonal-para-hacer-tambien-accesible-la-plaza-de-la-txantrea-desde-la-calle-maria-auxiliadora\/\" \/>\n<meta property=\"og:site_name\" content=\"La Gu\u00eda de Pamplona\" \/>\n<meta property=\"article:publisher\" content=\"https:\/\/www.facebook.com\/laguiadepamplonacom-133175176762273\/?ref=hl\" \/>\n<meta property=\"article:published_time\" content=\"2021-10-27T10:49:41+00:00\" \/>\n<meta property=\"article:modified_time\" content=\"2023-04-11T09:48:50+00:00\" \/>\n<meta property=\"og:image\" content=\"https:\/\/www.laguiadepamplona.com\/actualidad\/wp-content\/uploads\/2021\/09\/chantrea.jpg\" \/>\n\t<meta property=\"og:image:width\" content=\"977\" \/>\n\t<meta property=\"og:image:height\" content=\"703\" \/>\n\t<meta property=\"og:image:type\" content=\"image\/jpeg\" \/>\n<meta name=\"author\" content=\"La Gu\u00eda de Pamplona\" \/>\n<meta name=\"twitter:card\" content=\"summary_large_image\" \/>\n<meta name=\"twitter:creator\" content=\"@LaGuiadPamplona\" \/>\n<meta name=\"twitter:site\" content=\"@LaGuiadPamplona\" \/>\n<meta name=\"twitter:label1\" content=\"Escrito por\" \/>\n\t<meta name=\"twitter:data1\" content=\"La Gu\u00eda de Pamplona\" \/>\n\t<meta name=\"twitter:label2\" content=\"Tiempo de lectura\" \/>\n\t<meta name=\"twitter:data2\" content=\"2 minutos\" \/>\n<script type=\"application\/ld+json\" class=\"yoast-schema-graph\">{\"@context\":\"https:\\\/\\\/schema.org\",\"@graph\":[{\"@type\":\"Article\",\"@id\":\"https:\\\/\\\/www.laguiadepamplona.com\\\/actualidad\\\/el-ayuntamiento-de-pamplona-construye-una-pasarela-peatonal-para-hacer-tambien-accesible-la-plaza-de-la-txantrea-desde-la-calle-maria-auxiliadora\\\/#article\",\"isPartOf\":{\"@id\":\"https:\\\/\\\/www.laguiadepamplona.com\\\/actualidad\\\/el-ayuntamiento-de-pamplona-construye-una-pasarela-peatonal-para-hacer-tambien-accesible-la-plaza-de-la-txantrea-desde-la-calle-maria-auxiliadora\\\/\"},\"author\":{\"name\":\"La Gu\u00eda de Pamplona\",\"@id\":\"https:\\\/\\\/www.laguiadepamplona.com\\\/actualidad\\\/#\\\/schema\\\/person\\\/efe887376f0213d4657c93adc50b1fdb\"},\"headline\":\"El Ayuntamiento de Pamplona construye una pasarela peatonal para hacer tambi\u00e9n accesible la plaza de la Txantrea desde la calle Mar\u00eda Auxiliadora\",\"datePublished\":\"2021-10-27T10:49:41+00:00\",\"dateModified\":\"2023-04-11T09:48:50+00:00\",\"mainEntityOfPage\":{\"@id\":\"https:\\\/\\\/www.laguiadepamplona.com\\\/actualidad\\\/el-ayuntamiento-de-pamplona-construye-una-pasarela-peatonal-para-hacer-tambien-accesible-la-plaza-de-la-txantrea-desde-la-calle-maria-auxiliadora\\\/\"},\"wordCount\":335,\"commentCount\":0,\"publisher\":{\"@id\":\"https:\\\/\\\/www.laguiadepamplona.com\\\/actualidad\\\/#organization\"},\"image\":{\"@id\":\"https:\\\/\\\/www.laguiadepamplona.com\\\/actualidad\\\/el-ayuntamiento-de-pamplona-construye-una-pasarela-peatonal-para-hacer-tambien-accesible-la-plaza-de-la-txantrea-desde-la-calle-maria-auxiliadora\\\/#primaryimage\"},\"thumbnailUrl\":\"https:\\\/\\\/www.laguiadepamplona.com\\\/actualidad\\\/wp-content\\\/uploads\\\/2021\\\/09\\\/chantrea.jpg\",\"articleSection\":[\"Ayto Pamplona\"],\"inLanguage\":\"es\",\"potentialAction\":[{\"@type\":\"CommentAction\",\"name\":\"Comment\",\"target\":[\"https:\\\/\\\/www.laguiadepamplona.com\\\/actualidad\\\/el-ayuntamiento-de-pamplona-construye-una-pasarela-peatonal-para-hacer-tambien-accesible-la-plaza-de-la-txantrea-desde-la-calle-maria-auxiliadora\\\/#respond\"]}]},{\"@type\":\"WebPage\",\"@id\":\"https:\\\/\\\/www.laguiadepamplona.com\\\/actualidad\\\/el-ayuntamiento-de-pamplona-construye-una-pasarela-peatonal-para-hacer-tambien-accesible-la-plaza-de-la-txantrea-desde-la-calle-maria-auxiliadora\\\/\",\"url\":\"https:\\\/\\\/www.laguiadepamplona.com\\\/actualidad\\\/el-ayuntamiento-de-pamplona-construye-una-pasarela-peatonal-para-hacer-tambien-accesible-la-plaza-de-la-txantrea-desde-la-calle-maria-auxiliadora\\\/\",\"name\":\"El Ayuntamiento de Pamplona construye una pasarela peatonal para hacer tambi\u00e9n accesible la plaza de la Txantrea desde la calle Mar\u00eda Auxiliadora\",\"isPartOf\":{\"@id\":\"https:\\\/\\\/www.laguiadepamplona.com\\\/actualidad\\\/#website\"},\"primaryImageOfPage\":{\"@id\":\"https:\\\/\\\/www.laguiadepamplona.com\\\/actualidad\\\/el-ayuntamiento-de-pamplona-construye-una-pasarela-peatonal-para-hacer-tambien-accesible-la-plaza-de-la-txantrea-desde-la-calle-maria-auxiliadora\\\/#primaryimage\"},\"image\":{\"@id\":\"https:\\\/\\\/www.laguiadepamplona.com\\\/actualidad\\\/el-ayuntamiento-de-pamplona-construye-una-pasarela-peatonal-para-hacer-tambien-accesible-la-plaza-de-la-txantrea-desde-la-calle-maria-auxiliadora\\\/#primaryimage\"},\"thumbnailUrl\":\"https:\\\/\\\/www.laguiadepamplona.com\\\/actualidad\\\/wp-content\\\/uploads\\\/2021\\\/09\\\/chantrea.jpg\",\"datePublished\":\"2021-10-27T10:49:41+00:00\",\"dateModified\":\"2023-04-11T09:48:50+00:00\",\"description\":\"La nueva rampa se est\u00e1 levantando junto a las escaleras que quedan enfrente de la calle Subiza\",\"breadcrumb\":{\"@id\":\"https:\\\/\\\/www.laguiadepamplona.com\\\/actualidad\\\/el-ayuntamiento-de-pamplona-construye-una-pasarela-peatonal-para-hacer-tambien-accesible-la-plaza-de-la-txantrea-desde-la-calle-maria-auxiliadora\\\/#breadcrumb\"},\"inLanguage\":\"es\",\"potentialAction\":[{\"@type\":\"ReadAction\",\"target\":[\"https:\\\/\\\/www.laguiadepamplona.com\\\/actualidad\\\/el-ayuntamiento-de-pamplona-construye-una-pasarela-peatonal-para-hacer-tambien-accesible-la-plaza-de-la-txantrea-desde-la-calle-maria-auxiliadora\\\/\"]}]},{\"@type\":\"ImageObject\",\"inLanguage\":\"es\",\"@id\":\"https:\\\/\\\/www.laguiadepamplona.com\\\/actualidad\\\/el-ayuntamiento-de-pamplona-construye-una-pasarela-peatonal-para-hacer-tambien-accesible-la-plaza-de-la-txantrea-desde-la-calle-maria-auxiliadora\\\/#primaryimage\",\"url\":\"https:\\\/\\\/www.laguiadepamplona.com\\\/actualidad\\\/wp-content\\\/uploads\\\/2021\\\/09\\\/chantrea.jpg\",\"contentUrl\":\"https:\\\/\\\/www.laguiadepamplona.com\\\/actualidad\\\/wp-content\\\/uploads\\\/2021\\\/09\\\/chantrea.jpg\",\"width\":977,\"height\":703,\"caption\":\"*A: MONTXO A.G. *F: 00-05-2001 *P: *L: PAMPLONA *T: CHANTREA\"},{\"@type\":\"BreadcrumbList\",\"@id\":\"https:\\\/\\\/www.laguiadepamplona.com\\\/actualidad\\\/el-ayuntamiento-de-pamplona-construye-una-pasarela-peatonal-para-hacer-tambien-accesible-la-plaza-de-la-txantrea-desde-la-calle-maria-auxiliadora\\\/#breadcrumb\",\"itemListElement\":[{\"@type\":\"ListItem\",\"position\":1,\"name\":\"Portada\",\"item\":\"https:\\\/\\\/www.laguiadepamplona.com\\\/actualidad\\\/\"},{\"@type\":\"ListItem\",\"position\":2,\"name\":\"El Ayuntamiento de Pamplona construye una pasarela peatonal para hacer tambi\u00e9n accesible la plaza de la Txantrea desde la calle Mar\u00eda Auxiliadora\"}]},{\"@type\":\"WebSite\",\"@id\":\"https:\\\/\\\/www.laguiadepamplona.com\\\/actualidad\\\/#website\",\"url\":\"https:\\\/\\\/www.laguiadepamplona.com\\\/actualidad\\\/\",\"name\":\"La gu\u00eda de Pamplona\",\"description\":\"Noticias de Pamplona\",\"publisher\":{\"@id\":\"https:\\\/\\\/www.laguiadepamplona.com\\\/actualidad\\\/#organization\"},\"potentialAction\":[{\"@type\":\"SearchAction\",\"target\":{\"@type\":\"EntryPoint\",\"urlTemplate\":\"https:\\\/\\\/www.laguiadepamplona.com\\\/actualidad\\\/?s={search_term_string}\"},\"query-input\":{\"@type\":\"PropertyValueSpecification\",\"valueRequired\":true,\"valueName\":\"search_term_string\"}}],\"inLanguage\":\"es\"},{\"@type\":\"Organization\",\"@id\":\"https:\\\/\\\/www.laguiadepamplona.com\\\/actualidad\\\/#organization\",\"name\":\"La Gu\u00eda de Pamplona \\\/ Noticias\",\"url\":\"https:\\\/\\\/www.laguiadepamplona.com\\\/actualidad\\\/\",\"logo\":{\"@type\":\"ImageObject\",\"inLanguage\":\"es\",\"@id\":\"https:\\\/\\\/www.laguiadepamplona.com\\\/actualidad\\\/#\\\/schema\\\/logo\\\/image\\\/\",\"url\":\"https:\\\/\\\/www.laguiadepamplona.com\\\/actualidad\\\/wp-content\\\/uploads\\\/2018\\\/11\\\/logo-laguiadepamplona18-web1.png\",\"contentUrl\":\"https:\\\/\\\/www.laguiadepamplona.com\\\/actualidad\\\/wp-content\\\/uploads\\\/2018\\\/11\\\/logo-laguiadepamplona18-web1.png\",\"width\":600,\"height\":196,\"caption\":\"La Gu\u00eda de Pamplona \\\/ Noticias\"},\"image\":{\"@id\":\"https:\\\/\\\/www.laguiadepamplona.com\\\/actualidad\\\/#\\\/schema\\\/logo\\\/image\\\/\"},\"sameAs\":[\"https:\\\/\\\/www.facebook.com\\\/laguiadepamplonacom-133175176762273\\\/?ref=hl\",\"https:\\\/\\\/x.com\\\/LaGuiadPamplona\",\"https:\\\/\\\/www.instagram.com\\\/la_guia_de_pamplona\\\/\",\"https:\\\/\\\/www.youtube.com\\\/user\\\/laguiadepamplona\"]},{\"@type\":\"Person\",\"@id\":\"https:\\\/\\\/www.laguiadepamplona.com\\\/actualidad\\\/#\\\/schema\\\/person\\\/efe887376f0213d4657c93adc50b1fdb\",\"name\":\"La Gu\u00eda de Pamplona\",\"image\":{\"@type\":\"ImageObject\",\"inLanguage\":\"es\",\"@id\":\"https:\\\/\\\/secure.gravatar.com\\\/avatar\\\/b6992f131dc8d30ab0dff15446e9d346d9dbd95992de0fef795073f5ea83a81c?s=96&d=mm&r=g\",\"url\":\"https:\\\/\\\/secure.gravatar.com\\\/avatar\\\/b6992f131dc8d30ab0dff15446e9d346d9dbd95992de0fef795073f5ea83a81c?s=96&d=mm&r=g\",\"contentUrl\":\"https:\\\/\\\/secure.gravatar.com\\\/avatar\\\/b6992f131dc8d30ab0dff15446e9d346d9dbd95992de0fef795073f5ea83a81c?s=96&d=mm&r=g\",\"caption\":\"La Gu\u00eda de Pamplona\"}}]}<\/script>\n<!-- \/ Yoast SEO plugin. -->","yoast_head_json":{"title":"El Ayuntamiento de Pamplona construye una pasarela peatonal para hacer tambi\u00e9n accesible la plaza de la Txantrea desde la calle Mar\u00eda Auxiliadora","description":"La nueva rampa se est\u00e1 levantando junto a las escaleras que quedan enfrente de la calle Subiza","robots":{"index":"index","follow":"follow","max-snippet":"max-snippet:-1","max-image-preview":"max-image-preview:large","max-video-preview":"max-video-preview:-1"},"canonical":"https:\/\/www.laguiadepamplona.com\/actualidad\/el-ayuntamiento-de-pamplona-construye-una-pasarela-peatonal-para-hacer-tambien-accesible-la-plaza-de-la-txantrea-desde-la-calle-maria-auxiliadora\/","og_locale":"es_ES","og_type":"article","og_title":"El Ayuntamiento de Pamplona construye una pasarela peatonal para hacer tambi\u00e9n accesible la plaza de la Txantrea desde la calle Mar\u00eda Auxiliadora","og_description":"La nueva rampa se est\u00e1 levantando junto a las escaleras que quedan enfrente de la calle Subiza","og_url":"https:\/\/www.laguiadepamplona.com\/actualidad\/el-ayuntamiento-de-pamplona-construye-una-pasarela-peatonal-para-hacer-tambien-accesible-la-plaza-de-la-txantrea-desde-la-calle-maria-auxiliadora\/","og_site_name":"La Gu\u00eda de Pamplona","article_publisher":"https:\/\/www.facebook.com\/laguiadepamplonacom-133175176762273\/?ref=hl","article_published_time":"2021-10-27T10:49:41+00:00","article_modified_time":"2023-04-11T09:48:50+00:00","og_image":[{"width":977,"height":703,"url":"https:\/\/www.laguiadepamplona.com\/actualidad\/wp-content\/uploads\/2021\/09\/chantrea.jpg","type":"image\/jpeg"}],"author":"La Gu\u00eda de Pamplona","twitter_card":"summary_large_image","twitter_creator":"@LaGuiadPamplona","twitter_site":"@LaGuiadPamplona","twitter_misc":{"Escrito por":"La Gu\u00eda de Pamplona","Tiempo de lectura":"2 minutos"},"schema":{"@context":"https:\/\/schema.org","@graph":[{"@type":"Article","@id":"https:\/\/www.laguiadepamplona.com\/actualidad\/el-ayuntamiento-de-pamplona-construye-una-pasarela-peatonal-para-hacer-tambien-accesible-la-plaza-de-la-txantrea-desde-la-calle-maria-auxiliadora\/#article","isPartOf":{"@id":"https:\/\/www.laguiadepamplona.com\/actualidad\/el-ayuntamiento-de-pamplona-construye-una-pasarela-peatonal-para-hacer-tambien-accesible-la-plaza-de-la-txantrea-desde-la-calle-maria-auxiliadora\/"},"author":{"name":"La Gu\u00eda de Pamplona","@id":"https:\/\/www.laguiadepamplona.com\/actualidad\/#\/schema\/person\/efe887376f0213d4657c93adc50b1fdb"},"headline":"El Ayuntamiento de Pamplona construye una pasarela peatonal para hacer tambi\u00e9n accesible la plaza de la Txantrea desde la calle Mar\u00eda Auxiliadora","datePublished":"2021-10-27T10:49:41+00:00","dateModified":"2023-04-11T09:48:50+00:00","mainEntityOfPage":{"@id":"https:\/\/www.laguiadepamplona.com\/actualidad\/el-ayuntamiento-de-pamplona-construye-una-pasarela-peatonal-para-hacer-tambien-accesible-la-plaza-de-la-txantrea-desde-la-calle-maria-auxiliadora\/"},"wordCount":335,"commentCount":0,"publisher":{"@id":"https:\/\/www.laguiadepamplona.com\/actualidad\/#organization"},"image":{"@id":"https:\/\/www.laguiadepamplona.com\/actualidad\/el-ayuntamiento-de-pamplona-construye-una-pasarela-peatonal-para-hacer-tambien-accesible-la-plaza-de-la-txantrea-desde-la-calle-maria-auxiliadora\/#primaryimage"},"thumbnailUrl":"https:\/\/www.laguiadepamplona.com\/actualidad\/wp-content\/uploads\/2021\/09\/chantrea.jpg","articleSection":["Ayto Pamplona"],"inLanguage":"es","potentialAction":[{"@type":"CommentAction","name":"Comment","target":["https:\/\/www.laguiadepamplona.com\/actualidad\/el-ayuntamiento-de-pamplona-construye-una-pasarela-peatonal-para-hacer-tambien-accesible-la-plaza-de-la-txantrea-desde-la-calle-maria-auxiliadora\/#respond"]}]},{"@type":"WebPage","@id":"https:\/\/www.laguiadepamplona.com\/actualidad\/el-ayuntamiento-de-pamplona-construye-una-pasarela-peatonal-para-hacer-tambien-accesible-la-plaza-de-la-txantrea-desde-la-calle-maria-auxiliadora\/","url":"https:\/\/www.laguiadepamplona.com\/actualidad\/el-ayuntamiento-de-pamplona-construye-una-pasarela-peatonal-para-hacer-tambien-accesible-la-plaza-de-la-txantrea-desde-la-calle-maria-auxiliadora\/","name":"El Ayuntamiento de Pamplona construye una pasarela peatonal para hacer tambi\u00e9n accesible la plaza de la Txantrea desde la calle Mar\u00eda Auxiliadora","isPartOf":{"@id":"https:\/\/www.laguiadepamplona.com\/actualidad\/#website"},"primaryImageOfPage":{"@id":"https:\/\/www.laguiadepamplona.com\/actualidad\/el-ayuntamiento-de-pamplona-construye-una-pasarela-peatonal-para-hacer-tambien-accesible-la-plaza-de-la-txantrea-desde-la-calle-maria-auxiliadora\/#primaryimage"},"image":{"@id":"https:\/\/www.laguiadepamplona.com\/actualidad\/el-ayuntamiento-de-pamplona-construye-una-pasarela-peatonal-para-hacer-tambien-accesible-la-plaza-de-la-txantrea-desde-la-calle-maria-auxiliadora\/#primaryimage"},"thumbnailUrl":"https:\/\/www.laguiadepamplona.com\/actualidad\/wp-content\/uploads\/2021\/09\/chantrea.jpg","datePublished":"2021-10-27T10:49:41+00:00","dateModified":"2023-04-11T09:48:50+00:00","description":"La nueva rampa se est\u00e1 levantando junto a las escaleras que quedan enfrente de la calle Subiza","breadcrumb":{"@id":"https:\/\/www.laguiadepamplona.com\/actualidad\/el-ayuntamiento-de-pamplona-construye-una-pasarela-peatonal-para-hacer-tambien-accesible-la-plaza-de-la-txantrea-desde-la-calle-maria-auxiliadora\/#breadcrumb"},"inLanguage":"es","potentialAction":[{"@type":"ReadAction","target":["https:\/\/www.laguiadepamplona.com\/actualidad\/el-ayuntamiento-de-pamplona-construye-una-pasarela-peatonal-para-hacer-tambien-accesible-la-plaza-de-la-txantrea-desde-la-calle-maria-auxiliadora\/"]}]},{"@type":"ImageObject","inLanguage":"es","@id":"https:\/\/www.laguiadepamplona.com\/actualidad\/el-ayuntamiento-de-pamplona-construye-una-pasarela-peatonal-para-hacer-tambien-accesible-la-plaza-de-la-txantrea-desde-la-calle-maria-auxiliadora\/#primaryimage","url":"https:\/\/www.laguiadepamplona.com\/actualidad\/wp-content\/uploads\/2021\/09\/chantrea.jpg","contentUrl":"https:\/\/www.laguiadepamplona.com\/actualidad\/wp-content\/uploads\/2021\/09\/chantrea.jpg","width":977,"height":703,"caption":"*A: MONTXO A.G. *F: 00-05-2001 *P: *L: PAMPLONA *T: CHANTREA"},{"@type":"BreadcrumbList","@id":"https:\/\/www.laguiadepamplona.com\/actualidad\/el-ayuntamiento-de-pamplona-construye-una-pasarela-peatonal-para-hacer-tambien-accesible-la-plaza-de-la-txantrea-desde-la-calle-maria-auxiliadora\/#breadcrumb","itemListElement":[{"@type":"ListItem","position":1,"name":"Portada","item":"https:\/\/www.laguiadepamplona.com\/actualidad\/"},{"@type":"ListItem","position":2,"name":"El Ayuntamiento de Pamplona construye una pasarela peatonal para hacer tambi\u00e9n accesible la plaza de la Txantrea desde la calle Mar\u00eda Auxiliadora"}]},{"@type":"WebSite","@id":"https:\/\/www.laguiadepamplona.com\/actualidad\/#website","url":"https:\/\/www.laguiadepamplona.com\/actualidad\/","name":"La gu\u00eda de Pamplona","description":"Noticias de Pamplona","publisher":{"@id":"https:\/\/www.laguiadepamplona.com\/actualidad\/#organization"},"potentialAction":[{"@type":"SearchAction","target":{"@type":"EntryPoint","urlTemplate":"https:\/\/www.laguiadepamplona.com\/actualidad\/?s={search_term_string}"},"query-input":{"@type":"PropertyValueSpecification","valueRequired":true,"valueName":"search_term_string"}}],"inLanguage":"es"},{"@type":"Organization","@id":"https:\/\/www.laguiadepamplona.com\/actualidad\/#organization","name":"La Gu\u00eda de Pamplona \/ Noticias","url":"https:\/\/www.laguiadepamplona.com\/actualidad\/","logo":{"@type":"ImageObject","inLanguage":"es","@id":"https:\/\/www.laguiadepamplona.com\/actualidad\/#\/schema\/logo\/image\/","url":"https:\/\/www.laguiadepamplona.com\/actualidad\/wp-content\/uploads\/2018\/11\/logo-laguiadepamplona18-web1.png","contentUrl":"https:\/\/www.laguiadepamplona.com\/actualidad\/wp-content\/uploads\/2018\/11\/logo-laguiadepamplona18-web1.png","width":600,"height":196,"caption":"La Gu\u00eda de Pamplona \/ Noticias"},"image":{"@id":"https:\/\/www.laguiadepamplona.com\/actualidad\/#\/schema\/logo\/image\/"},"sameAs":["https:\/\/www.facebook.com\/laguiadepamplonacom-133175176762273\/?ref=hl","https:\/\/x.com\/LaGuiadPamplona","https:\/\/www.instagram.com\/la_guia_de_pamplona\/","https:\/\/www.youtube.com\/user\/laguiadepamplona"]},{"@type":"Person","@id":"https:\/\/www.laguiadepamplona.com\/actualidad\/#\/schema\/person\/efe887376f0213d4657c93adc50b1fdb","name":"La Gu\u00eda de Pamplona","image":{"@type":"ImageObject","inLanguage":"es","@id":"https:\/\/secure.gravatar.com\/avatar\/b6992f131dc8d30ab0dff15446e9d346d9dbd95992de0fef795073f5ea83a81c?s=96&d=mm&r=g","url":"https:\/\/secure.gravatar.com\/avatar\/b6992f131dc8d30ab0dff15446e9d346d9dbd95992de0fef795073f5ea83a81c?s=96&d=mm&r=g","contentUrl":"https:\/\/secure.gravatar.com\/avatar\/b6992f131dc8d30ab0dff15446e9d346d9dbd95992de0fef795073f5ea83a81c?s=96&d=mm&r=g","caption":"La Gu\u00eda de Pamplona"}}]}},"post_mailing_queue_ids":[],"_links":{"self":[{"href":"https:\/\/www.laguiadepamplona.com\/actualidad\/wp-json\/wp\/v2\/posts\/37210","targetHints":{"allow":["GET"]}}],"collection":[{"href":"https:\/\/www.laguiadepamplona.com\/actualidad\/wp-json\/wp\/v2\/posts"}],"about":[{"href":"https:\/\/www.laguiadepamplona.com\/actualidad\/wp-json\/wp\/v2\/types\/post"}],"author":[{"embeddable":true,"href":"https:\/\/www.laguiadepamplona.com\/actualidad\/wp-json\/wp\/v2\/users\/1"}],"replies":[{"embeddable":true,"href":"https:\/\/www.laguiadepamplona.com\/actualidad\/wp-json\/wp\/v2\/comments?post=37210"}],"version-history":[{"count":0,"href":"https:\/\/www.laguiadepamplona.com\/actualidad\/wp-json\/wp\/v2\/posts\/37210\/revisions"}],"wp:featuredmedia":[{"embeddable":true,"href":"https:\/\/www.laguiadepamplona.com\/actualidad\/wp-json\/wp\/v2\/media\/36415"}],"wp:attachment":[{"href":"https:\/\/www.laguiadepamplona.com\/actualidad\/wp-json\/wp\/v2\/media?parent=37210"}],"wp:term":[{"taxonomy":"category","embeddable":true,"href":"https:\/\/www.laguiadepamplona.com\/actualidad\/wp-json\/wp\/v2\/categories?post=37210"},{"taxonomy":"post_tag","embeddable":true,"href":"https:\/\/www.laguiadepamplona.com\/actualidad\/wp-json\/wp\/v2\/tags?post=37210"}],"curies":[{"name":"wp","href":"https:\/\/api.w.org\/{rel}","templated":true}]}}