{"id":37205,"date":"2021-10-26T16:37:49","date_gmt":"2021-10-26T14:37:49","guid":{"rendered":"https:\/\/www.laguiadepamplona.com\/actualidad\/?p=37205"},"modified":"2023-04-11T11:48:50","modified_gmt":"2023-04-11T09:48:50","slug":"la-escuela-infantil-goiz-eder-culmina-la-segunda-fase-de-las-obras-de-adaptacion-de-sus-aulas-y-talleres-interiores-y-las-mejoras-de-accesibilidad-en-los-espacios-exteriores","status":"publish","type":"post","link":"https:\/\/www.laguiadepamplona.com\/actualidad\/la-escuela-infantil-goiz-eder-culmina-la-segunda-fase-de-las-obras-de-adaptacion-de-sus-aulas-y-talleres-interiores-y-las-mejoras-de-accesibilidad-en-los-espacios-exteriores\/","title":{"rendered":"La Escuela Infantil Goiz Eder culmina la segunda fase de las obras de adaptaci\u00f3n de sus aulas y talleres interiores y las mejoras de accesibilidad en los espacios exteriores"},"content":{"rendered":"<h5>En esta fase se ha actuado en los m\u00f3dulos de medianos y mayores y en los patios exteriores para potenciar la seguridad y el bienestar de los menores<\/h5>\n<p><!--more--><\/p>\n<p>La Comisi\u00f3n de Asuntos Ciudadanos del Ayuntamiento de Pamplona ha visitado esta ma\u00f1ana la Escuela Infantil Goiz Eder. Desde el mes de julio se han acometido las obras de la segunda fase de la reforma del centro, que contin\u00faan los trabajos llevados a cabo el a\u00f1o pasado, de cara a la mejora tanto de espacios interiores, con nuevas dependencias, ventilaci\u00f3n, mobiliario\u2026, como de espacios exteriores, con mayor accesibilidad, as\u00ed como la recuperaci\u00f3n del espacio central en torno al \u00e1rbol. Todo ello, en beneficio de la seguridad y el bienestar de los menores.<\/p>\n<p><script async src=\"\/\/pagead2.googlesyndication.com\/pagead\/js\/adsbygoogle.js\"><\/script><br \/>\n<!-- Noticias La Guia de Pamplona --><br \/>\n<ins class=\"adsbygoogle\"\nstyle=\"display:block\"\ndata-ad-client=\"ca-pub-6943679897239327\"\ndata-ad-slot=\"7048180777\"\ndata-ad-format=\"auto\"><\/ins><br \/>\n<script>\n(adsbygoogle = window.adsbygoogle || []).push({});\n<\/script><\/p>\n<p>Los trabajos fueron adjudicados a la empresa Erki Construcciones Sostenibles S.L. por un importe de 297.717,14 euros. En esta segunda fase se busca adaptar los talleres de las aulas destinadas a medianos y mayores, tras haber actuado en agosto de 2020 en los espacios del m\u00f3dulo de lactantes \u2013 caminantes, que se reordenaron para generar dos dormitorios y acoger as\u00ed a los menores de los dos modelos ling\u00fc\u00edsticos que se imparten en el centro. Esas obras de la primera fase contaron con un presupuesto de 48.275,35 euros. En la actualidad, la Escuela Infantil Goiz Eder imparte los modelos de euskera con ingl\u00e9s y castellano con ingl\u00e9s. Cuenta con 64 plazas para menores de 0 a 3 a\u00f1os en jornada completa y 32 en media jornada.<\/p>\n<p>Al igual que esas obras de agosto del a\u00f1o pasado, la adaptaci\u00f3n de los talleres de lactantes \u2013 caminantes se ha realizado mediante un tabique separador con puerta anti-atrapa dedos y la disposici\u00f3n de los lavabos tanto de alumnado como de profesorado. Se ha aprovechado tambi\u00e9n para colocar pavimento continuo de PVC en espacios como el aula de medianos y su comedor, que carec\u00edan de \u00e9l, as\u00ed como en los dormitorios. Se ha incorporado, asimismo, el mobiliario necesario para la transformaci\u00f3n de esos espacios con muebles separadores entre aula y comedor que, aun siendo f\u00edsicamente el mismo lugar, necesitan de diferenciaci\u00f3n; y unas mesas para la ubicaci\u00f3n de equipos tecnol\u00f3gicos para las educadoras.<\/p>\n<p>Las obras han incluido mejoras en los techos de aulas y comedores, la motorizaci\u00f3n de todas las ventanas de los dormitorios y la sustituci\u00f3n de iluminaci\u00f3n por equipamientos de tecnolog\u00eda LED mejores energ\u00e9ticamente. Para completar y uniformizar los trabajos con el resto de instalaciones de la escuela infantil, se han pintado las pareces de aquellas zonas en las que se ha actuado.<\/p>\n<p><script async src=\"\/\/pagead2.googlesyndication.com\/pagead\/js\/adsbygoogle.js\"><\/script><br \/>\n<!-- Noticias La Guia de Pamplona --><br \/>\n<ins class=\"adsbygoogle\"\nstyle=\"display:block\"\ndata-ad-client=\"ca-pub-6943679897239327\"\ndata-ad-slot=\"7048180777\"\ndata-ad-format=\"auto\"><\/ins><br \/>\n<script>\n(adsbygoogle = window.adsbygoogle || []).push({});\n<\/script><\/p>\n<p><strong>Actuaciones en el exterior del centro<\/strong><\/p>\n<p>Las actuaciones de mayor calado se han llevado a cabo en el exterior del centro. Se ha procedido a la adecuaci\u00f3n de los laterales de las plataformas de salida de lactantes \u2013 caminantes, construyendo la parte inferior de los vuelos de las rampas y cerrando por completo esos laterales para evitar que los menores puedan entrar en esos espacios. Se han construido tambi\u00e9n las plataformas de salida de medianos y mayores, como r\u00e9plica de las anteriores, en el lado oeste de la escuela. Asimismo, se sustituyen las carpinter\u00edas de acceso a dichas plataformas para conseguir un acceso con eliminaci\u00f3n de barreras f\u00edsicas.<\/p>\n<p>Para la utilizaci\u00f3n \u00f3ptima de los espacios exteriores por parte del alumnado, se han acometido varios cambios. Se ha procedido al cierre de los espacios perimetrales del edificio que vuelan sobre el pavimento de grava y que hasta ahora estaban cerrados con materiales como cajas de pl\u00e1stico, policarbonatos, pal\u00e9s de madera\u2026 Tambi\u00e9n se han colocado bandejas de chapa perforada en la valla de cierre perimetral de la escuela para evitar riesgos de atrapamiento. Adem\u00e1s, se han llevado a cabo cierres es espacios exteriores, como jardines o superficies duras, mediante un sistema de barrotes de un metro de altura y separados entre ellos por 14 cent\u00edmetros.<\/p>\n<p><script async src=\"\/\/pagead2.googlesyndication.com\/pagead\/js\/adsbygoogle.js\"><\/script><br \/>\n<!-- Noticias La Guia de Pamplona --><br \/>\n<ins class=\"adsbygoogle\"\nstyle=\"display:block\"\ndata-ad-client=\"ca-pub-6943679897239327\"\ndata-ad-slot=\"7048180777\"\ndata-ad-format=\"auto\"><\/ins><br \/>\n<script>\n(adsbygoogle = window.adsbygoogle || []).push({});\n<\/script><\/p>\n<p>Por \u00faltimo, se ha ejecutado una nueva cubierta en el patio exterior, que da continuidad a la existente. De esta forma se permite una discriminaci\u00f3n de grupos en el espacio exterior debido al cierre parcial del mismo. La cubierta est\u00e1 perforada por 6 claraboyas de diferentes di\u00e1metros.<\/p>\n","protected":false},"excerpt":{"rendered":"<p>En esta fase se ha actuado en los m\u00f3dulos de medianos y mayores y en los patios exteriores para potenciar la seguridad y el bienestar de los menores<\/p>\n","protected":false},"author":1,"featured_media":34623,"comment_status":"open","ping_status":"closed","sticky":false,"template":"","format":"standard","meta":{"footnotes":""},"categories":[2],"tags":[],"class_list":["post-37205","post","type-post","status-publish","format-standard","has-post-thumbnail","hentry","category-ayuntamiento-pamplona"],"yoast_head":"<!-- This site is optimized with the Yoast SEO plugin v27.5 - https:\/\/yoast.com\/product\/yoast-seo-wordpress\/ -->\n<title>La Escuela Infantil Goiz Eder culmina la segunda fase de las obras de adaptaci\u00f3n de sus aulas y talleres interiores y las mejoras de accesibilidad en los espacios exteriores<\/title>\n<meta name=\"description\" content=\"En esta fase se ha actuado en los m\u00f3dulos de medianos y mayores y en los patios exteriores para potenciar la seguridad y el bienestar de los menores\" \/>\n<meta name=\"robots\" content=\"index, follow, max-snippet:-1, max-image-preview:large, max-video-preview:-1\" \/>\n<link rel=\"canonical\" href=\"https:\/\/www.laguiadepamplona.com\/actualidad\/la-escuela-infantil-goiz-eder-culmina-la-segunda-fase-de-las-obras-de-adaptacion-de-sus-aulas-y-talleres-interiores-y-las-mejoras-de-accesibilidad-en-los-espacios-exteriores\/\" \/>\n<meta property=\"og:locale\" content=\"es_ES\" \/>\n<meta property=\"og:type\" content=\"article\" \/>\n<meta property=\"og:title\" content=\"La Escuela Infantil Goiz Eder culmina la segunda fase de las obras de adaptaci\u00f3n de sus aulas y talleres interiores y las mejoras de accesibilidad en los espacios exteriores\" \/>\n<meta property=\"og:description\" content=\"En esta fase se ha actuado en los m\u00f3dulos de medianos y mayores y en los patios exteriores para potenciar la seguridad y el bienestar de los menores\" \/>\n<meta property=\"og:url\" content=\"https:\/\/www.laguiadepamplona.com\/actualidad\/la-escuela-infantil-goiz-eder-culmina-la-segunda-fase-de-las-obras-de-adaptacion-de-sus-aulas-y-talleres-interiores-y-las-mejoras-de-accesibilidad-en-los-espacios-exteriores\/\" \/>\n<meta property=\"og:site_name\" content=\"La Gu\u00eda de Pamplona\" \/>\n<meta property=\"article:publisher\" content=\"https:\/\/www.facebook.com\/laguiadepamplonacom-133175176762273\/?ref=hl\" \/>\n<meta property=\"article:published_time\" content=\"2021-10-26T14:37:49+00:00\" \/>\n<meta property=\"article:modified_time\" content=\"2023-04-11T09:48:50+00:00\" \/>\n<meta property=\"og:image\" content=\"https:\/\/www.laguiadepamplona.com\/actualidad\/wp-content\/uploads\/2021\/05\/20.08.23_obras_goiz_eder3_0.jpg\" \/>\n\t<meta property=\"og:image:width\" content=\"1920\" \/>\n\t<meta property=\"og:image:height\" content=\"1440\" \/>\n\t<meta property=\"og:image:type\" content=\"image\/jpeg\" \/>\n<meta name=\"author\" content=\"La Gu\u00eda de Pamplona\" \/>\n<meta name=\"twitter:card\" content=\"summary_large_image\" \/>\n<meta name=\"twitter:creator\" content=\"@LaGuiadPamplona\" \/>\n<meta name=\"twitter:site\" content=\"@LaGuiadPamplona\" \/>\n<meta name=\"twitter:label1\" content=\"Escrito por\" \/>\n\t<meta name=\"twitter:data1\" content=\"La Gu\u00eda de Pamplona\" \/>\n\t<meta name=\"twitter:label2\" content=\"Tiempo de lectura\" \/>\n\t<meta name=\"twitter:data2\" content=\"3 minutos\" \/>\n<script type=\"application\/ld+json\" class=\"yoast-schema-graph\">{\"@context\":\"https:\\\/\\\/schema.org\",\"@graph\":[{\"@type\":\"Article\",\"@id\":\"https:\\\/\\\/www.laguiadepamplona.com\\\/actualidad\\\/la-escuela-infantil-goiz-eder-culmina-la-segunda-fase-de-las-obras-de-adaptacion-de-sus-aulas-y-talleres-interiores-y-las-mejoras-de-accesibilidad-en-los-espacios-exteriores\\\/#article\",\"isPartOf\":{\"@id\":\"https:\\\/\\\/www.laguiadepamplona.com\\\/actualidad\\\/la-escuela-infantil-goiz-eder-culmina-la-segunda-fase-de-las-obras-de-adaptacion-de-sus-aulas-y-talleres-interiores-y-las-mejoras-de-accesibilidad-en-los-espacios-exteriores\\\/\"},\"author\":{\"name\":\"La Gu\u00eda de Pamplona\",\"@id\":\"https:\\\/\\\/www.laguiadepamplona.com\\\/actualidad\\\/#\\\/schema\\\/person\\\/efe887376f0213d4657c93adc50b1fdb\"},\"headline\":\"La Escuela Infantil Goiz Eder culmina la segunda fase de las obras de adaptaci\u00f3n de sus aulas y talleres interiores y las mejoras de accesibilidad en los espacios exteriores\",\"datePublished\":\"2021-10-26T14:37:49+00:00\",\"dateModified\":\"2023-04-11T09:48:50+00:00\",\"mainEntityOfPage\":{\"@id\":\"https:\\\/\\\/www.laguiadepamplona.com\\\/actualidad\\\/la-escuela-infantil-goiz-eder-culmina-la-segunda-fase-de-las-obras-de-adaptacion-de-sus-aulas-y-talleres-interiores-y-las-mejoras-de-accesibilidad-en-los-espacios-exteriores\\\/\"},\"wordCount\":740,\"commentCount\":0,\"publisher\":{\"@id\":\"https:\\\/\\\/www.laguiadepamplona.com\\\/actualidad\\\/#organization\"},\"image\":{\"@id\":\"https:\\\/\\\/www.laguiadepamplona.com\\\/actualidad\\\/la-escuela-infantil-goiz-eder-culmina-la-segunda-fase-de-las-obras-de-adaptacion-de-sus-aulas-y-talleres-interiores-y-las-mejoras-de-accesibilidad-en-los-espacios-exteriores\\\/#primaryimage\"},\"thumbnailUrl\":\"https:\\\/\\\/www.laguiadepamplona.com\\\/actualidad\\\/wp-content\\\/uploads\\\/2021\\\/05\\\/20.08.23_obras_goiz_eder3_0.jpg\",\"articleSection\":[\"Ayto Pamplona\"],\"inLanguage\":\"es\",\"potentialAction\":[{\"@type\":\"CommentAction\",\"name\":\"Comment\",\"target\":[\"https:\\\/\\\/www.laguiadepamplona.com\\\/actualidad\\\/la-escuela-infantil-goiz-eder-culmina-la-segunda-fase-de-las-obras-de-adaptacion-de-sus-aulas-y-talleres-interiores-y-las-mejoras-de-accesibilidad-en-los-espacios-exteriores\\\/#respond\"]}]},{\"@type\":\"WebPage\",\"@id\":\"https:\\\/\\\/www.laguiadepamplona.com\\\/actualidad\\\/la-escuela-infantil-goiz-eder-culmina-la-segunda-fase-de-las-obras-de-adaptacion-de-sus-aulas-y-talleres-interiores-y-las-mejoras-de-accesibilidad-en-los-espacios-exteriores\\\/\",\"url\":\"https:\\\/\\\/www.laguiadepamplona.com\\\/actualidad\\\/la-escuela-infantil-goiz-eder-culmina-la-segunda-fase-de-las-obras-de-adaptacion-de-sus-aulas-y-talleres-interiores-y-las-mejoras-de-accesibilidad-en-los-espacios-exteriores\\\/\",\"name\":\"La Escuela Infantil Goiz Eder culmina la segunda fase de las obras de adaptaci\u00f3n de sus aulas y talleres interiores y las mejoras de accesibilidad en los espacios exteriores\",\"isPartOf\":{\"@id\":\"https:\\\/\\\/www.laguiadepamplona.com\\\/actualidad\\\/#website\"},\"primaryImageOfPage\":{\"@id\":\"https:\\\/\\\/www.laguiadepamplona.com\\\/actualidad\\\/la-escuela-infantil-goiz-eder-culmina-la-segunda-fase-de-las-obras-de-adaptacion-de-sus-aulas-y-talleres-interiores-y-las-mejoras-de-accesibilidad-en-los-espacios-exteriores\\\/#primaryimage\"},\"image\":{\"@id\":\"https:\\\/\\\/www.laguiadepamplona.com\\\/actualidad\\\/la-escuela-infantil-goiz-eder-culmina-la-segunda-fase-de-las-obras-de-adaptacion-de-sus-aulas-y-talleres-interiores-y-las-mejoras-de-accesibilidad-en-los-espacios-exteriores\\\/#primaryimage\"},\"thumbnailUrl\":\"https:\\\/\\\/www.laguiadepamplona.com\\\/actualidad\\\/wp-content\\\/uploads\\\/2021\\\/05\\\/20.08.23_obras_goiz_eder3_0.jpg\",\"datePublished\":\"2021-10-26T14:37:49+00:00\",\"dateModified\":\"2023-04-11T09:48:50+00:00\",\"description\":\"En esta fase se ha actuado en los m\u00f3dulos de medianos y mayores y en los patios exteriores para potenciar la seguridad y el bienestar de los menores\",\"breadcrumb\":{\"@id\":\"https:\\\/\\\/www.laguiadepamplona.com\\\/actualidad\\\/la-escuela-infantil-goiz-eder-culmina-la-segunda-fase-de-las-obras-de-adaptacion-de-sus-aulas-y-talleres-interiores-y-las-mejoras-de-accesibilidad-en-los-espacios-exteriores\\\/#breadcrumb\"},\"inLanguage\":\"es\",\"potentialAction\":[{\"@type\":\"ReadAction\",\"target\":[\"https:\\\/\\\/www.laguiadepamplona.com\\\/actualidad\\\/la-escuela-infantil-goiz-eder-culmina-la-segunda-fase-de-las-obras-de-adaptacion-de-sus-aulas-y-talleres-interiores-y-las-mejoras-de-accesibilidad-en-los-espacios-exteriores\\\/\"]}]},{\"@type\":\"ImageObject\",\"inLanguage\":\"es\",\"@id\":\"https:\\\/\\\/www.laguiadepamplona.com\\\/actualidad\\\/la-escuela-infantil-goiz-eder-culmina-la-segunda-fase-de-las-obras-de-adaptacion-de-sus-aulas-y-talleres-interiores-y-las-mejoras-de-accesibilidad-en-los-espacios-exteriores\\\/#primaryimage\",\"url\":\"https:\\\/\\\/www.laguiadepamplona.com\\\/actualidad\\\/wp-content\\\/uploads\\\/2021\\\/05\\\/20.08.23_obras_goiz_eder3_0.jpg\",\"contentUrl\":\"https:\\\/\\\/www.laguiadepamplona.com\\\/actualidad\\\/wp-content\\\/uploads\\\/2021\\\/05\\\/20.08.23_obras_goiz_eder3_0.jpg\",\"width\":1920,\"height\":1440},{\"@type\":\"BreadcrumbList\",\"@id\":\"https:\\\/\\\/www.laguiadepamplona.com\\\/actualidad\\\/la-escuela-infantil-goiz-eder-culmina-la-segunda-fase-de-las-obras-de-adaptacion-de-sus-aulas-y-talleres-interiores-y-las-mejoras-de-accesibilidad-en-los-espacios-exteriores\\\/#breadcrumb\",\"itemListElement\":[{\"@type\":\"ListItem\",\"position\":1,\"name\":\"Portada\",\"item\":\"https:\\\/\\\/www.laguiadepamplona.com\\\/actualidad\\\/\"},{\"@type\":\"ListItem\",\"position\":2,\"name\":\"La Escuela Infantil Goiz Eder culmina la segunda fase de las obras de adaptaci\u00f3n de sus aulas y talleres interiores y las mejoras de accesibilidad en los espacios exteriores\"}]},{\"@type\":\"WebSite\",\"@id\":\"https:\\\/\\\/www.laguiadepamplona.com\\\/actualidad\\\/#website\",\"url\":\"https:\\\/\\\/www.laguiadepamplona.com\\\/actualidad\\\/\",\"name\":\"La gu\u00eda de Pamplona\",\"description\":\"Noticias de Pamplona\",\"publisher\":{\"@id\":\"https:\\\/\\\/www.laguiadepamplona.com\\\/actualidad\\\/#organization\"},\"potentialAction\":[{\"@type\":\"SearchAction\",\"target\":{\"@type\":\"EntryPoint\",\"urlTemplate\":\"https:\\\/\\\/www.laguiadepamplona.com\\\/actualidad\\\/?s={search_term_string}\"},\"query-input\":{\"@type\":\"PropertyValueSpecification\",\"valueRequired\":true,\"valueName\":\"search_term_string\"}}],\"inLanguage\":\"es\"},{\"@type\":\"Organization\",\"@id\":\"https:\\\/\\\/www.laguiadepamplona.com\\\/actualidad\\\/#organization\",\"name\":\"La Gu\u00eda de Pamplona \\\/ Noticias\",\"url\":\"https:\\\/\\\/www.laguiadepamplona.com\\\/actualidad\\\/\",\"logo\":{\"@type\":\"ImageObject\",\"inLanguage\":\"es\",\"@id\":\"https:\\\/\\\/www.laguiadepamplona.com\\\/actualidad\\\/#\\\/schema\\\/logo\\\/image\\\/\",\"url\":\"https:\\\/\\\/www.laguiadepamplona.com\\\/actualidad\\\/wp-content\\\/uploads\\\/2018\\\/11\\\/logo-laguiadepamplona18-web1.png\",\"contentUrl\":\"https:\\\/\\\/www.laguiadepamplona.com\\\/actualidad\\\/wp-content\\\/uploads\\\/2018\\\/11\\\/logo-laguiadepamplona18-web1.png\",\"width\":600,\"height\":196,\"caption\":\"La Gu\u00eda de Pamplona \\\/ Noticias\"},\"image\":{\"@id\":\"https:\\\/\\\/www.laguiadepamplona.com\\\/actualidad\\\/#\\\/schema\\\/logo\\\/image\\\/\"},\"sameAs\":[\"https:\\\/\\\/www.facebook.com\\\/laguiadepamplonacom-133175176762273\\\/?ref=hl\",\"https:\\\/\\\/x.com\\\/LaGuiadPamplona\",\"https:\\\/\\\/www.instagram.com\\\/la_guia_de_pamplona\\\/\",\"https:\\\/\\\/www.youtube.com\\\/user\\\/laguiadepamplona\"]},{\"@type\":\"Person\",\"@id\":\"https:\\\/\\\/www.laguiadepamplona.com\\\/actualidad\\\/#\\\/schema\\\/person\\\/efe887376f0213d4657c93adc50b1fdb\",\"name\":\"La Gu\u00eda de Pamplona\",\"image\":{\"@type\":\"ImageObject\",\"inLanguage\":\"es\",\"@id\":\"https:\\\/\\\/secure.gravatar.com\\\/avatar\\\/b6992f131dc8d30ab0dff15446e9d346d9dbd95992de0fef795073f5ea83a81c?s=96&d=mm&r=g\",\"url\":\"https:\\\/\\\/secure.gravatar.com\\\/avatar\\\/b6992f131dc8d30ab0dff15446e9d346d9dbd95992de0fef795073f5ea83a81c?s=96&d=mm&r=g\",\"contentUrl\":\"https:\\\/\\\/secure.gravatar.com\\\/avatar\\\/b6992f131dc8d30ab0dff15446e9d346d9dbd95992de0fef795073f5ea83a81c?s=96&d=mm&r=g\",\"caption\":\"La Gu\u00eda de Pamplona\"}}]}<\/script>\n<!-- \/ Yoast SEO plugin. -->","yoast_head_json":{"title":"La Escuela Infantil Goiz Eder culmina la segunda fase de las obras de adaptaci\u00f3n de sus aulas y talleres interiores y las mejoras de accesibilidad en los espacios exteriores","description":"En esta fase se ha actuado en los m\u00f3dulos de medianos y mayores y en los patios exteriores para potenciar la seguridad y el bienestar de los menores","robots":{"index":"index","follow":"follow","max-snippet":"max-snippet:-1","max-image-preview":"max-image-preview:large","max-video-preview":"max-video-preview:-1"},"canonical":"https:\/\/www.laguiadepamplona.com\/actualidad\/la-escuela-infantil-goiz-eder-culmina-la-segunda-fase-de-las-obras-de-adaptacion-de-sus-aulas-y-talleres-interiores-y-las-mejoras-de-accesibilidad-en-los-espacios-exteriores\/","og_locale":"es_ES","og_type":"article","og_title":"La Escuela Infantil Goiz Eder culmina la segunda fase de las obras de adaptaci\u00f3n de sus aulas y talleres interiores y las mejoras de accesibilidad en los espacios exteriores","og_description":"En esta fase se ha actuado en los m\u00f3dulos de medianos y mayores y en los patios exteriores para potenciar la seguridad y el bienestar de los menores","og_url":"https:\/\/www.laguiadepamplona.com\/actualidad\/la-escuela-infantil-goiz-eder-culmina-la-segunda-fase-de-las-obras-de-adaptacion-de-sus-aulas-y-talleres-interiores-y-las-mejoras-de-accesibilidad-en-los-espacios-exteriores\/","og_site_name":"La Gu\u00eda de Pamplona","article_publisher":"https:\/\/www.facebook.com\/laguiadepamplonacom-133175176762273\/?ref=hl","article_published_time":"2021-10-26T14:37:49+00:00","article_modified_time":"2023-04-11T09:48:50+00:00","og_image":[{"width":1920,"height":1440,"url":"https:\/\/www.laguiadepamplona.com\/actualidad\/wp-content\/uploads\/2021\/05\/20.08.23_obras_goiz_eder3_0.jpg","type":"image\/jpeg"}],"author":"La Gu\u00eda de Pamplona","twitter_card":"summary_large_image","twitter_creator":"@LaGuiadPamplona","twitter_site":"@LaGuiadPamplona","twitter_misc":{"Escrito por":"La Gu\u00eda de Pamplona","Tiempo de lectura":"3 minutos"},"schema":{"@context":"https:\/\/schema.org","@graph":[{"@type":"Article","@id":"https:\/\/www.laguiadepamplona.com\/actualidad\/la-escuela-infantil-goiz-eder-culmina-la-segunda-fase-de-las-obras-de-adaptacion-de-sus-aulas-y-talleres-interiores-y-las-mejoras-de-accesibilidad-en-los-espacios-exteriores\/#article","isPartOf":{"@id":"https:\/\/www.laguiadepamplona.com\/actualidad\/la-escuela-infantil-goiz-eder-culmina-la-segunda-fase-de-las-obras-de-adaptacion-de-sus-aulas-y-talleres-interiores-y-las-mejoras-de-accesibilidad-en-los-espacios-exteriores\/"},"author":{"name":"La Gu\u00eda de Pamplona","@id":"https:\/\/www.laguiadepamplona.com\/actualidad\/#\/schema\/person\/efe887376f0213d4657c93adc50b1fdb"},"headline":"La Escuela Infantil Goiz Eder culmina la segunda fase de las obras de adaptaci\u00f3n de sus aulas y talleres interiores y las mejoras de accesibilidad en los espacios exteriores","datePublished":"2021-10-26T14:37:49+00:00","dateModified":"2023-04-11T09:48:50+00:00","mainEntityOfPage":{"@id":"https:\/\/www.laguiadepamplona.com\/actualidad\/la-escuela-infantil-goiz-eder-culmina-la-segunda-fase-de-las-obras-de-adaptacion-de-sus-aulas-y-talleres-interiores-y-las-mejoras-de-accesibilidad-en-los-espacios-exteriores\/"},"wordCount":740,"commentCount":0,"publisher":{"@id":"https:\/\/www.laguiadepamplona.com\/actualidad\/#organization"},"image":{"@id":"https:\/\/www.laguiadepamplona.com\/actualidad\/la-escuela-infantil-goiz-eder-culmina-la-segunda-fase-de-las-obras-de-adaptacion-de-sus-aulas-y-talleres-interiores-y-las-mejoras-de-accesibilidad-en-los-espacios-exteriores\/#primaryimage"},"thumbnailUrl":"https:\/\/www.laguiadepamplona.com\/actualidad\/wp-content\/uploads\/2021\/05\/20.08.23_obras_goiz_eder3_0.jpg","articleSection":["Ayto Pamplona"],"inLanguage":"es","potentialAction":[{"@type":"CommentAction","name":"Comment","target":["https:\/\/www.laguiadepamplona.com\/actualidad\/la-escuela-infantil-goiz-eder-culmina-la-segunda-fase-de-las-obras-de-adaptacion-de-sus-aulas-y-talleres-interiores-y-las-mejoras-de-accesibilidad-en-los-espacios-exteriores\/#respond"]}]},{"@type":"WebPage","@id":"https:\/\/www.laguiadepamplona.com\/actualidad\/la-escuela-infantil-goiz-eder-culmina-la-segunda-fase-de-las-obras-de-adaptacion-de-sus-aulas-y-talleres-interiores-y-las-mejoras-de-accesibilidad-en-los-espacios-exteriores\/","url":"https:\/\/www.laguiadepamplona.com\/actualidad\/la-escuela-infantil-goiz-eder-culmina-la-segunda-fase-de-las-obras-de-adaptacion-de-sus-aulas-y-talleres-interiores-y-las-mejoras-de-accesibilidad-en-los-espacios-exteriores\/","name":"La Escuela Infantil Goiz Eder culmina la segunda fase de las obras de adaptaci\u00f3n de sus aulas y talleres interiores y las mejoras de accesibilidad en los espacios exteriores","isPartOf":{"@id":"https:\/\/www.laguiadepamplona.com\/actualidad\/#website"},"primaryImageOfPage":{"@id":"https:\/\/www.laguiadepamplona.com\/actualidad\/la-escuela-infantil-goiz-eder-culmina-la-segunda-fase-de-las-obras-de-adaptacion-de-sus-aulas-y-talleres-interiores-y-las-mejoras-de-accesibilidad-en-los-espacios-exteriores\/#primaryimage"},"image":{"@id":"https:\/\/www.laguiadepamplona.com\/actualidad\/la-escuela-infantil-goiz-eder-culmina-la-segunda-fase-de-las-obras-de-adaptacion-de-sus-aulas-y-talleres-interiores-y-las-mejoras-de-accesibilidad-en-los-espacios-exteriores\/#primaryimage"},"thumbnailUrl":"https:\/\/www.laguiadepamplona.com\/actualidad\/wp-content\/uploads\/2021\/05\/20.08.23_obras_goiz_eder3_0.jpg","datePublished":"2021-10-26T14:37:49+00:00","dateModified":"2023-04-11T09:48:50+00:00","description":"En esta fase se ha actuado en los m\u00f3dulos de medianos y mayores y en los patios exteriores para potenciar la seguridad y el bienestar de los menores","breadcrumb":{"@id":"https:\/\/www.laguiadepamplona.com\/actualidad\/la-escuela-infantil-goiz-eder-culmina-la-segunda-fase-de-las-obras-de-adaptacion-de-sus-aulas-y-talleres-interiores-y-las-mejoras-de-accesibilidad-en-los-espacios-exteriores\/#breadcrumb"},"inLanguage":"es","potentialAction":[{"@type":"ReadAction","target":["https:\/\/www.laguiadepamplona.com\/actualidad\/la-escuela-infantil-goiz-eder-culmina-la-segunda-fase-de-las-obras-de-adaptacion-de-sus-aulas-y-talleres-interiores-y-las-mejoras-de-accesibilidad-en-los-espacios-exteriores\/"]}]},{"@type":"ImageObject","inLanguage":"es","@id":"https:\/\/www.laguiadepamplona.com\/actualidad\/la-escuela-infantil-goiz-eder-culmina-la-segunda-fase-de-las-obras-de-adaptacion-de-sus-aulas-y-talleres-interiores-y-las-mejoras-de-accesibilidad-en-los-espacios-exteriores\/#primaryimage","url":"https:\/\/www.laguiadepamplona.com\/actualidad\/wp-content\/uploads\/2021\/05\/20.08.23_obras_goiz_eder3_0.jpg","contentUrl":"https:\/\/www.laguiadepamplona.com\/actualidad\/wp-content\/uploads\/2021\/05\/20.08.23_obras_goiz_eder3_0.jpg","width":1920,"height":1440},{"@type":"BreadcrumbList","@id":"https:\/\/www.laguiadepamplona.com\/actualidad\/la-escuela-infantil-goiz-eder-culmina-la-segunda-fase-de-las-obras-de-adaptacion-de-sus-aulas-y-talleres-interiores-y-las-mejoras-de-accesibilidad-en-los-espacios-exteriores\/#breadcrumb","itemListElement":[{"@type":"ListItem","position":1,"name":"Portada","item":"https:\/\/www.laguiadepamplona.com\/actualidad\/"},{"@type":"ListItem","position":2,"name":"La Escuela Infantil Goiz Eder culmina la segunda fase de las obras de adaptaci\u00f3n de sus aulas y talleres interiores y las mejoras de accesibilidad en los espacios exteriores"}]},{"@type":"WebSite","@id":"https:\/\/www.laguiadepamplona.com\/actualidad\/#website","url":"https:\/\/www.laguiadepamplona.com\/actualidad\/","name":"La gu\u00eda de Pamplona","description":"Noticias de Pamplona","publisher":{"@id":"https:\/\/www.laguiadepamplona.com\/actualidad\/#organization"},"potentialAction":[{"@type":"SearchAction","target":{"@type":"EntryPoint","urlTemplate":"https:\/\/www.laguiadepamplona.com\/actualidad\/?s={search_term_string}"},"query-input":{"@type":"PropertyValueSpecification","valueRequired":true,"valueName":"search_term_string"}}],"inLanguage":"es"},{"@type":"Organization","@id":"https:\/\/www.laguiadepamplona.com\/actualidad\/#organization","name":"La Gu\u00eda de Pamplona \/ Noticias","url":"https:\/\/www.laguiadepamplona.com\/actualidad\/","logo":{"@type":"ImageObject","inLanguage":"es","@id":"https:\/\/www.laguiadepamplona.com\/actualidad\/#\/schema\/logo\/image\/","url":"https:\/\/www.laguiadepamplona.com\/actualidad\/wp-content\/uploads\/2018\/11\/logo-laguiadepamplona18-web1.png","contentUrl":"https:\/\/www.laguiadepamplona.com\/actualidad\/wp-content\/uploads\/2018\/11\/logo-laguiadepamplona18-web1.png","width":600,"height":196,"caption":"La Gu\u00eda de Pamplona \/ Noticias"},"image":{"@id":"https:\/\/www.laguiadepamplona.com\/actualidad\/#\/schema\/logo\/image\/"},"sameAs":["https:\/\/www.facebook.com\/laguiadepamplonacom-133175176762273\/?ref=hl","https:\/\/x.com\/LaGuiadPamplona","https:\/\/www.instagram.com\/la_guia_de_pamplona\/","https:\/\/www.youtube.com\/user\/laguiadepamplona"]},{"@type":"Person","@id":"https:\/\/www.laguiadepamplona.com\/actualidad\/#\/schema\/person\/efe887376f0213d4657c93adc50b1fdb","name":"La Gu\u00eda de Pamplona","image":{"@type":"ImageObject","inLanguage":"es","@id":"https:\/\/secure.gravatar.com\/avatar\/b6992f131dc8d30ab0dff15446e9d346d9dbd95992de0fef795073f5ea83a81c?s=96&d=mm&r=g","url":"https:\/\/secure.gravatar.com\/avatar\/b6992f131dc8d30ab0dff15446e9d346d9dbd95992de0fef795073f5ea83a81c?s=96&d=mm&r=g","contentUrl":"https:\/\/secure.gravatar.com\/avatar\/b6992f131dc8d30ab0dff15446e9d346d9dbd95992de0fef795073f5ea83a81c?s=96&d=mm&r=g","caption":"La Gu\u00eda de Pamplona"}}]}},"post_mailing_queue_ids":[],"_links":{"self":[{"href":"https:\/\/www.laguiadepamplona.com\/actualidad\/wp-json\/wp\/v2\/posts\/37205","targetHints":{"allow":["GET"]}}],"collection":[{"href":"https:\/\/www.laguiadepamplona.com\/actualidad\/wp-json\/wp\/v2\/posts"}],"about":[{"href":"https:\/\/www.laguiadepamplona.com\/actualidad\/wp-json\/wp\/v2\/types\/post"}],"author":[{"embeddable":true,"href":"https:\/\/www.laguiadepamplona.com\/actualidad\/wp-json\/wp\/v2\/users\/1"}],"replies":[{"embeddable":true,"href":"https:\/\/www.laguiadepamplona.com\/actualidad\/wp-json\/wp\/v2\/comments?post=37205"}],"version-history":[{"count":0,"href":"https:\/\/www.laguiadepamplona.com\/actualidad\/wp-json\/wp\/v2\/posts\/37205\/revisions"}],"wp:featuredmedia":[{"embeddable":true,"href":"https:\/\/www.laguiadepamplona.com\/actualidad\/wp-json\/wp\/v2\/media\/34623"}],"wp:attachment":[{"href":"https:\/\/www.laguiadepamplona.com\/actualidad\/wp-json\/wp\/v2\/media?parent=37205"}],"wp:term":[{"taxonomy":"category","embeddable":true,"href":"https:\/\/www.laguiadepamplona.com\/actualidad\/wp-json\/wp\/v2\/categories?post=37205"},{"taxonomy":"post_tag","embeddable":true,"href":"https:\/\/www.laguiadepamplona.com\/actualidad\/wp-json\/wp\/v2\/tags?post=37205"}],"curies":[{"name":"wp","href":"https:\/\/api.w.org\/{rel}","templated":true}]}}