{"id":37201,"date":"2021-10-26T12:56:03","date_gmt":"2021-10-26T10:56:03","guid":{"rendered":"https:\/\/www.laguiadepamplona.com\/actualidad\/?p=37201"},"modified":"2023-04-11T11:48:50","modified_gmt":"2023-04-11T09:48:50","slug":"regresan-los-foros-de-barrio-con-una-sesion-presencial-este-miercoles-en-el-colegio-elorri-de-mendillorri-con-opcion-de-seguirla-en-directo-a-traves-de-la-web","status":"publish","type":"post","link":"https:\/\/www.laguiadepamplona.com\/actualidad\/regresan-los-foros-de-barrio-con-una-sesion-presencial-este-miercoles-en-el-colegio-elorri-de-mendillorri-con-opcion-de-seguirla-en-directo-a-traves-de-la-web\/","title":{"rendered":"Regresan los foros de barrio con una sesi\u00f3n presencial este mi\u00e9rcoles en el colegio Elorri de Mendillorri con opci\u00f3n de seguirla en directo a trav\u00e9s de la web"},"content":{"rendered":"<p>Hasta ma\u00f1ana a las dos de la tarde se pueden enviar preguntar que ser\u00e1n abordadas en el foro al correo <a href=\"mailto:foros@pamplona.es\">foros@pamplona.es<\/a> o por la <a href=\"https:\/\/erabaki.pamplona.es\/assemblies\/ForosDeBarrio\" target=\"_blank\" rel=\"noopener\">web<\/a><\/p>\n<p><!--more--><\/p>\n<p><a href=\"https:\/\/www.laguiadepamplona.com\/actualidad\/wp-content\/uploads\/2021\/10\/FORO-DE-BARRIO-CARTEL-A3-MENDILLORRI-CAST.jpg\"><img loading=\"lazy\" decoding=\"async\" class=\"alignleft size-medium wp-image-37203\" src=\"https:\/\/www.laguiadepamplona.com\/actualidad\/wp-content\/uploads\/2021\/10\/FORO-DE-BARRIO-CARTEL-A3-MENDILLORRI-CAST-212x300.jpg\" alt=\"\" width=\"212\" height=\"300\" srcset=\"https:\/\/www.laguiadepamplona.com\/actualidad\/wp-content\/uploads\/2021\/10\/FORO-DE-BARRIO-CARTEL-A3-MENDILLORRI-CAST-212x300.jpg 212w, https:\/\/www.laguiadepamplona.com\/actualidad\/wp-content\/uploads\/2021\/10\/FORO-DE-BARRIO-CARTEL-A3-MENDILLORRI-CAST-482x682.jpg 482w, https:\/\/www.laguiadepamplona.com\/actualidad\/wp-content\/uploads\/2021\/10\/FORO-DE-BARRIO-CARTEL-A3-MENDILLORRI-CAST-768x1086.jpg 768w, https:\/\/www.laguiadepamplona.com\/actualidad\/wp-content\/uploads\/2021\/10\/FORO-DE-BARRIO-CARTEL-A3-MENDILLORRI-CAST-1086x1536.jpg 1086w, https:\/\/www.laguiadepamplona.com\/actualidad\/wp-content\/uploads\/2021\/10\/FORO-DE-BARRIO-CARTEL-A3-MENDILLORRI-CAST-640x905.jpg 640w, https:\/\/www.laguiadepamplona.com\/actualidad\/wp-content\/uploads\/2021\/10\/FORO-DE-BARRIO-CARTEL-A3-MENDILLORRI-CAST.jpg 1169w\" sizes=\"auto, (max-width: 212px) 100vw, 212px\" \/><\/a>El Ayuntamiento de Pamplona retoma este mi\u00e9rcoles en Mendillorri los foros de barrio tras el levantamiento de las restricciones derivadas de la pandemia. Esta primera sesi\u00f3n tendr\u00e1 lugar en el colegio Elorri a las 18.30 horas, aunque ser\u00e1 de car\u00e1cter mixto ya que podr\u00e1 seguirse presencialmente o en directo trav\u00e9s de la p\u00e1gina <a href=\"https:\/\/www.youtube.com\/channel\/UCzDUWuosgg5y3PeE7PT_IWw\" target=\"_blank\" rel=\"noopener\">web<\/a> de <a href=\"https:\/\/erabaki.pamplona.es\/?locale=es\" target=\"_blank\" rel=\"noopener\">erabaki.pamplona<\/a>. Hasta las dos de la tarde del mismo mi\u00e9rcoles se podr\u00e1n enviar preguntar que ser\u00e1n abordadas en el foro al correo electr\u00f3nico <a href=\"mailto:foros@pamplona.es\">foros@pamplona.es<\/a> o tambi\u00e9n a trav\u00e9s de la <a href=\"https:\/\/erabaki.pamplona.es\/assemblies\/ForosDeBarrio\" target=\"_blank\" rel=\"noopener\">web<\/a> de <a href=\"https:\/\/erabaki.pamplona.es\/?locale=es\" target=\"_blank\" rel=\"noopener\">erabaki.pamplona<\/a>.<\/p>\n<p>En la sesi\u00f3n del mi\u00e9rcoles estar\u00e1n presentes el alcalde de Pamplona, Enrique Maya, y la primera teniente alcalde, Ana Elizalde, como concejala del barrio. La asistencia presencial de los vecinos ser\u00e1 libre hasta completar el aforo de la sala. De esta manera se retoma un espacio de encuentro que tuvo que suspenderse por la pandemia y que regresa una vez levantadas las restricciones derivadas de la crisis sanitaria.<\/p>\n<p><script async src=\"\/\/pagead2.googlesyndication.com\/pagead\/js\/adsbygoogle.js\"><\/script><br \/>\n<!-- Noticias La Guia de Pamplona --><br \/>\n<ins class=\"adsbygoogle\"\nstyle=\"display:block\"\ndata-ad-client=\"ca-pub-6943679897239327\"\ndata-ad-slot=\"7048180777\"\ndata-ad-format=\"auto\"><\/ins><br \/>\n<script>\n(adsbygoogle = window.adsbygoogle || []).push({});\n<\/script><\/p>\n<p>El contenido de este foro, al igual que el resto, ser\u00e1 traducido en el momento al lenguaje de signos, gracias a la asociaci\u00f3n Eunate. Los asistentes podr\u00e1n intervenir y realizar aportaciones en directo, que se sumar\u00e1n a las propuestas y preguntas que se hayan recibido previamente a trav\u00e9s de la web y del correo electr\u00f3nico.<\/p>\n<p>Los foros de barrio organizados por el Ayuntamiento de Pamplona son espacios de di\u00e1logo para que la ciudadan\u00eda formule sus propuestas, consulte, aporte y reciba informaci\u00f3n cercana relativa a su entorno m\u00e1s cercano. El alcalde Enrique Maya y el concejal del barrio en el que se celebre el foro son los encargados de responder de manera directa a los ciudadanos en una cita que extiende durante una hora y media.<\/p>\n<p><script async src=\"\/\/pagead2.googlesyndication.com\/pagead\/js\/adsbygoogle.js\"><\/script><br \/>\n<!-- Noticias La Guia de Pamplona --><br \/>\n<ins class=\"adsbygoogle\"\nstyle=\"display:block\"\ndata-ad-client=\"ca-pub-6943679897239327\"\ndata-ad-slot=\"7048180777\"\ndata-ad-format=\"auto\"><\/ins><br \/>\n<script>\n(adsbygoogle = window.adsbygoogle || []).push({});\n<\/script><\/p>\n<p>El calendario de foros de barrio continuar\u00e1 el jueves 11 de noviembre con el de Milagrosa-Arrosad\u00eda-Azpilaga\u00f1a en la ikastola Hegoalde y el 25 de noviembre ser\u00e1 el turno de San Jorge con un encuentro en el colegio p\u00fablico del barrio.<\/p>\n","protected":false},"excerpt":{"rendered":"<p>Hasta ma\u00f1ana a las dos de la tarde se pueden enviar preguntar que ser\u00e1n abordadas en el foro al correo foros@pamplona.es o por la web<\/p>\n","protected":false},"author":1,"featured_media":37202,"comment_status":"open","ping_status":"closed","sticky":false,"template":"","format":"standard","meta":{"footnotes":""},"categories":[2],"tags":[],"class_list":["post-37201","post","type-post","status-publish","format-standard","has-post-thumbnail","hentry","category-ayuntamiento-pamplona"],"yoast_head":"<!-- This site is optimized with the Yoast SEO plugin v27.5 - https:\/\/yoast.com\/product\/yoast-seo-wordpress\/ -->\n<title>Regresan los foros de barrio con una sesi\u00f3n presencial este mi\u00e9rcoles en el colegio Elorri de Mendillorri con opci\u00f3n de seguirla en directo a trav\u00e9s de la web<\/title>\n<meta name=\"description\" content=\"Hasta ma\u00f1ana a las dos de la tarde se pueden enviar preguntar que ser\u00e1n abordadas en el foro al correo foros@pamplona.es o por la web\" \/>\n<meta name=\"robots\" content=\"index, follow, max-snippet:-1, max-image-preview:large, max-video-preview:-1\" \/>\n<link rel=\"canonical\" href=\"https:\/\/www.laguiadepamplona.com\/actualidad\/regresan-los-foros-de-barrio-con-una-sesion-presencial-este-miercoles-en-el-colegio-elorri-de-mendillorri-con-opcion-de-seguirla-en-directo-a-traves-de-la-web\/\" \/>\n<meta property=\"og:locale\" content=\"es_ES\" \/>\n<meta property=\"og:type\" content=\"article\" \/>\n<meta property=\"og:title\" content=\"Regresan los foros de barrio con una sesi\u00f3n presencial este mi\u00e9rcoles en el colegio Elorri de Mendillorri con opci\u00f3n de seguirla en directo a trav\u00e9s de la web\" \/>\n<meta property=\"og:description\" content=\"Hasta ma\u00f1ana a las dos de la tarde se pueden enviar preguntar que ser\u00e1n abordadas en el foro al correo foros@pamplona.es o por la web\" \/>\n<meta property=\"og:url\" content=\"https:\/\/www.laguiadepamplona.com\/actualidad\/regresan-los-foros-de-barrio-con-una-sesion-presencial-este-miercoles-en-el-colegio-elorri-de-mendillorri-con-opcion-de-seguirla-en-directo-a-traves-de-la-web\/\" \/>\n<meta property=\"og:site_name\" content=\"La Gu\u00eda de Pamplona\" \/>\n<meta property=\"article:publisher\" content=\"https:\/\/www.facebook.com\/laguiadepamplonacom-133175176762273\/?ref=hl\" \/>\n<meta property=\"article:published_time\" content=\"2021-10-26T10:56:03+00:00\" \/>\n<meta property=\"article:modified_time\" content=\"2023-04-11T09:48:50+00:00\" \/>\n<meta property=\"og:image\" content=\"https:\/\/www.laguiadepamplona.com\/actualidad\/wp-content\/uploads\/2021\/10\/FORO-DE-BARRIO-CARTEL-A3-MENDILLORRI-CAST-1.jpg\" \/>\n\t<meta property=\"og:image:width\" content=\"1169\" \/>\n\t<meta property=\"og:image:height\" content=\"677\" \/>\n\t<meta property=\"og:image:type\" content=\"image\/jpeg\" \/>\n<meta name=\"author\" content=\"La Gu\u00eda de Pamplona\" \/>\n<meta name=\"twitter:card\" content=\"summary_large_image\" \/>\n<meta name=\"twitter:creator\" content=\"@LaGuiadPamplona\" \/>\n<meta name=\"twitter:site\" content=\"@LaGuiadPamplona\" \/>\n<meta name=\"twitter:label1\" content=\"Escrito por\" \/>\n\t<meta name=\"twitter:data1\" content=\"La Gu\u00eda de Pamplona\" \/>\n\t<meta name=\"twitter:label2\" content=\"Tiempo de lectura\" \/>\n\t<meta name=\"twitter:data2\" content=\"2 minutos\" \/>\n<script type=\"application\/ld+json\" class=\"yoast-schema-graph\">{\"@context\":\"https:\\\/\\\/schema.org\",\"@graph\":[{\"@type\":\"Article\",\"@id\":\"https:\\\/\\\/www.laguiadepamplona.com\\\/actualidad\\\/regresan-los-foros-de-barrio-con-una-sesion-presencial-este-miercoles-en-el-colegio-elorri-de-mendillorri-con-opcion-de-seguirla-en-directo-a-traves-de-la-web\\\/#article\",\"isPartOf\":{\"@id\":\"https:\\\/\\\/www.laguiadepamplona.com\\\/actualidad\\\/regresan-los-foros-de-barrio-con-una-sesion-presencial-este-miercoles-en-el-colegio-elorri-de-mendillorri-con-opcion-de-seguirla-en-directo-a-traves-de-la-web\\\/\"},\"author\":{\"name\":\"La Gu\u00eda de Pamplona\",\"@id\":\"https:\\\/\\\/www.laguiadepamplona.com\\\/actualidad\\\/#\\\/schema\\\/person\\\/efe887376f0213d4657c93adc50b1fdb\"},\"headline\":\"Regresan los foros de barrio con una sesi\u00f3n presencial este mi\u00e9rcoles en el colegio Elorri de Mendillorri con opci\u00f3n de seguirla en directo a trav\u00e9s de la web\",\"datePublished\":\"2021-10-26T10:56:03+00:00\",\"dateModified\":\"2023-04-11T09:48:50+00:00\",\"mainEntityOfPage\":{\"@id\":\"https:\\\/\\\/www.laguiadepamplona.com\\\/actualidad\\\/regresan-los-foros-de-barrio-con-una-sesion-presencial-este-miercoles-en-el-colegio-elorri-de-mendillorri-con-opcion-de-seguirla-en-directo-a-traves-de-la-web\\\/\"},\"wordCount\":409,\"commentCount\":0,\"publisher\":{\"@id\":\"https:\\\/\\\/www.laguiadepamplona.com\\\/actualidad\\\/#organization\"},\"image\":{\"@id\":\"https:\\\/\\\/www.laguiadepamplona.com\\\/actualidad\\\/regresan-los-foros-de-barrio-con-una-sesion-presencial-este-miercoles-en-el-colegio-elorri-de-mendillorri-con-opcion-de-seguirla-en-directo-a-traves-de-la-web\\\/#primaryimage\"},\"thumbnailUrl\":\"https:\\\/\\\/www.laguiadepamplona.com\\\/actualidad\\\/wp-content\\\/uploads\\\/2021\\\/10\\\/FORO-DE-BARRIO-CARTEL-A3-MENDILLORRI-CAST-1.jpg\",\"articleSection\":[\"Ayto Pamplona\"],\"inLanguage\":\"es\",\"potentialAction\":[{\"@type\":\"CommentAction\",\"name\":\"Comment\",\"target\":[\"https:\\\/\\\/www.laguiadepamplona.com\\\/actualidad\\\/regresan-los-foros-de-barrio-con-una-sesion-presencial-este-miercoles-en-el-colegio-elorri-de-mendillorri-con-opcion-de-seguirla-en-directo-a-traves-de-la-web\\\/#respond\"]}]},{\"@type\":\"WebPage\",\"@id\":\"https:\\\/\\\/www.laguiadepamplona.com\\\/actualidad\\\/regresan-los-foros-de-barrio-con-una-sesion-presencial-este-miercoles-en-el-colegio-elorri-de-mendillorri-con-opcion-de-seguirla-en-directo-a-traves-de-la-web\\\/\",\"url\":\"https:\\\/\\\/www.laguiadepamplona.com\\\/actualidad\\\/regresan-los-foros-de-barrio-con-una-sesion-presencial-este-miercoles-en-el-colegio-elorri-de-mendillorri-con-opcion-de-seguirla-en-directo-a-traves-de-la-web\\\/\",\"name\":\"Regresan los foros de barrio con una sesi\u00f3n presencial este mi\u00e9rcoles en el colegio Elorri de Mendillorri con opci\u00f3n de seguirla en directo a trav\u00e9s de la web\",\"isPartOf\":{\"@id\":\"https:\\\/\\\/www.laguiadepamplona.com\\\/actualidad\\\/#website\"},\"primaryImageOfPage\":{\"@id\":\"https:\\\/\\\/www.laguiadepamplona.com\\\/actualidad\\\/regresan-los-foros-de-barrio-con-una-sesion-presencial-este-miercoles-en-el-colegio-elorri-de-mendillorri-con-opcion-de-seguirla-en-directo-a-traves-de-la-web\\\/#primaryimage\"},\"image\":{\"@id\":\"https:\\\/\\\/www.laguiadepamplona.com\\\/actualidad\\\/regresan-los-foros-de-barrio-con-una-sesion-presencial-este-miercoles-en-el-colegio-elorri-de-mendillorri-con-opcion-de-seguirla-en-directo-a-traves-de-la-web\\\/#primaryimage\"},\"thumbnailUrl\":\"https:\\\/\\\/www.laguiadepamplona.com\\\/actualidad\\\/wp-content\\\/uploads\\\/2021\\\/10\\\/FORO-DE-BARRIO-CARTEL-A3-MENDILLORRI-CAST-1.jpg\",\"datePublished\":\"2021-10-26T10:56:03+00:00\",\"dateModified\":\"2023-04-11T09:48:50+00:00\",\"description\":\"Hasta ma\u00f1ana a las dos de la tarde se pueden enviar preguntar que ser\u00e1n abordadas en el foro al correo foros@pamplona.es o por la web\",\"breadcrumb\":{\"@id\":\"https:\\\/\\\/www.laguiadepamplona.com\\\/actualidad\\\/regresan-los-foros-de-barrio-con-una-sesion-presencial-este-miercoles-en-el-colegio-elorri-de-mendillorri-con-opcion-de-seguirla-en-directo-a-traves-de-la-web\\\/#breadcrumb\"},\"inLanguage\":\"es\",\"potentialAction\":[{\"@type\":\"ReadAction\",\"target\":[\"https:\\\/\\\/www.laguiadepamplona.com\\\/actualidad\\\/regresan-los-foros-de-barrio-con-una-sesion-presencial-este-miercoles-en-el-colegio-elorri-de-mendillorri-con-opcion-de-seguirla-en-directo-a-traves-de-la-web\\\/\"]}]},{\"@type\":\"ImageObject\",\"inLanguage\":\"es\",\"@id\":\"https:\\\/\\\/www.laguiadepamplona.com\\\/actualidad\\\/regresan-los-foros-de-barrio-con-una-sesion-presencial-este-miercoles-en-el-colegio-elorri-de-mendillorri-con-opcion-de-seguirla-en-directo-a-traves-de-la-web\\\/#primaryimage\",\"url\":\"https:\\\/\\\/www.laguiadepamplona.com\\\/actualidad\\\/wp-content\\\/uploads\\\/2021\\\/10\\\/FORO-DE-BARRIO-CARTEL-A3-MENDILLORRI-CAST-1.jpg\",\"contentUrl\":\"https:\\\/\\\/www.laguiadepamplona.com\\\/actualidad\\\/wp-content\\\/uploads\\\/2021\\\/10\\\/FORO-DE-BARRIO-CARTEL-A3-MENDILLORRI-CAST-1.jpg\",\"width\":1169,\"height\":677},{\"@type\":\"BreadcrumbList\",\"@id\":\"https:\\\/\\\/www.laguiadepamplona.com\\\/actualidad\\\/regresan-los-foros-de-barrio-con-una-sesion-presencial-este-miercoles-en-el-colegio-elorri-de-mendillorri-con-opcion-de-seguirla-en-directo-a-traves-de-la-web\\\/#breadcrumb\",\"itemListElement\":[{\"@type\":\"ListItem\",\"position\":1,\"name\":\"Portada\",\"item\":\"https:\\\/\\\/www.laguiadepamplona.com\\\/actualidad\\\/\"},{\"@type\":\"ListItem\",\"position\":2,\"name\":\"Regresan los foros de barrio con una sesi\u00f3n presencial este mi\u00e9rcoles en el colegio Elorri de Mendillorri con opci\u00f3n de seguirla en directo a trav\u00e9s de la web\"}]},{\"@type\":\"WebSite\",\"@id\":\"https:\\\/\\\/www.laguiadepamplona.com\\\/actualidad\\\/#website\",\"url\":\"https:\\\/\\\/www.laguiadepamplona.com\\\/actualidad\\\/\",\"name\":\"La gu\u00eda de Pamplona\",\"description\":\"Noticias de Pamplona\",\"publisher\":{\"@id\":\"https:\\\/\\\/www.laguiadepamplona.com\\\/actualidad\\\/#organization\"},\"potentialAction\":[{\"@type\":\"SearchAction\",\"target\":{\"@type\":\"EntryPoint\",\"urlTemplate\":\"https:\\\/\\\/www.laguiadepamplona.com\\\/actualidad\\\/?s={search_term_string}\"},\"query-input\":{\"@type\":\"PropertyValueSpecification\",\"valueRequired\":true,\"valueName\":\"search_term_string\"}}],\"inLanguage\":\"es\"},{\"@type\":\"Organization\",\"@id\":\"https:\\\/\\\/www.laguiadepamplona.com\\\/actualidad\\\/#organization\",\"name\":\"La Gu\u00eda de Pamplona \\\/ Noticias\",\"url\":\"https:\\\/\\\/www.laguiadepamplona.com\\\/actualidad\\\/\",\"logo\":{\"@type\":\"ImageObject\",\"inLanguage\":\"es\",\"@id\":\"https:\\\/\\\/www.laguiadepamplona.com\\\/actualidad\\\/#\\\/schema\\\/logo\\\/image\\\/\",\"url\":\"https:\\\/\\\/www.laguiadepamplona.com\\\/actualidad\\\/wp-content\\\/uploads\\\/2018\\\/11\\\/logo-laguiadepamplona18-web1.png\",\"contentUrl\":\"https:\\\/\\\/www.laguiadepamplona.com\\\/actualidad\\\/wp-content\\\/uploads\\\/2018\\\/11\\\/logo-laguiadepamplona18-web1.png\",\"width\":600,\"height\":196,\"caption\":\"La Gu\u00eda de Pamplona \\\/ Noticias\"},\"image\":{\"@id\":\"https:\\\/\\\/www.laguiadepamplona.com\\\/actualidad\\\/#\\\/schema\\\/logo\\\/image\\\/\"},\"sameAs\":[\"https:\\\/\\\/www.facebook.com\\\/laguiadepamplonacom-133175176762273\\\/?ref=hl\",\"https:\\\/\\\/x.com\\\/LaGuiadPamplona\",\"https:\\\/\\\/www.instagram.com\\\/la_guia_de_pamplona\\\/\",\"https:\\\/\\\/www.youtube.com\\\/user\\\/laguiadepamplona\"]},{\"@type\":\"Person\",\"@id\":\"https:\\\/\\\/www.laguiadepamplona.com\\\/actualidad\\\/#\\\/schema\\\/person\\\/efe887376f0213d4657c93adc50b1fdb\",\"name\":\"La Gu\u00eda de Pamplona\",\"image\":{\"@type\":\"ImageObject\",\"inLanguage\":\"es\",\"@id\":\"https:\\\/\\\/secure.gravatar.com\\\/avatar\\\/b6992f131dc8d30ab0dff15446e9d346d9dbd95992de0fef795073f5ea83a81c?s=96&d=mm&r=g\",\"url\":\"https:\\\/\\\/secure.gravatar.com\\\/avatar\\\/b6992f131dc8d30ab0dff15446e9d346d9dbd95992de0fef795073f5ea83a81c?s=96&d=mm&r=g\",\"contentUrl\":\"https:\\\/\\\/secure.gravatar.com\\\/avatar\\\/b6992f131dc8d30ab0dff15446e9d346d9dbd95992de0fef795073f5ea83a81c?s=96&d=mm&r=g\",\"caption\":\"La Gu\u00eda de Pamplona\"}}]}<\/script>\n<!-- \/ Yoast SEO plugin. -->","yoast_head_json":{"title":"Regresan los foros de barrio con una sesi\u00f3n presencial este mi\u00e9rcoles en el colegio Elorri de Mendillorri con opci\u00f3n de seguirla en directo a trav\u00e9s de la web","description":"Hasta ma\u00f1ana a las dos de la tarde se pueden enviar preguntar que ser\u00e1n abordadas en el foro al correo foros@pamplona.es o por la web","robots":{"index":"index","follow":"follow","max-snippet":"max-snippet:-1","max-image-preview":"max-image-preview:large","max-video-preview":"max-video-preview:-1"},"canonical":"https:\/\/www.laguiadepamplona.com\/actualidad\/regresan-los-foros-de-barrio-con-una-sesion-presencial-este-miercoles-en-el-colegio-elorri-de-mendillorri-con-opcion-de-seguirla-en-directo-a-traves-de-la-web\/","og_locale":"es_ES","og_type":"article","og_title":"Regresan los foros de barrio con una sesi\u00f3n presencial este mi\u00e9rcoles en el colegio Elorri de Mendillorri con opci\u00f3n de seguirla en directo a trav\u00e9s de la web","og_description":"Hasta ma\u00f1ana a las dos de la tarde se pueden enviar preguntar que ser\u00e1n abordadas en el foro al correo foros@pamplona.es o por la web","og_url":"https:\/\/www.laguiadepamplona.com\/actualidad\/regresan-los-foros-de-barrio-con-una-sesion-presencial-este-miercoles-en-el-colegio-elorri-de-mendillorri-con-opcion-de-seguirla-en-directo-a-traves-de-la-web\/","og_site_name":"La Gu\u00eda de Pamplona","article_publisher":"https:\/\/www.facebook.com\/laguiadepamplonacom-133175176762273\/?ref=hl","article_published_time":"2021-10-26T10:56:03+00:00","article_modified_time":"2023-04-11T09:48:50+00:00","og_image":[{"width":1169,"height":677,"url":"https:\/\/www.laguiadepamplona.com\/actualidad\/wp-content\/uploads\/2021\/10\/FORO-DE-BARRIO-CARTEL-A3-MENDILLORRI-CAST-1.jpg","type":"image\/jpeg"}],"author":"La Gu\u00eda de Pamplona","twitter_card":"summary_large_image","twitter_creator":"@LaGuiadPamplona","twitter_site":"@LaGuiadPamplona","twitter_misc":{"Escrito por":"La Gu\u00eda de Pamplona","Tiempo de lectura":"2 minutos"},"schema":{"@context":"https:\/\/schema.org","@graph":[{"@type":"Article","@id":"https:\/\/www.laguiadepamplona.com\/actualidad\/regresan-los-foros-de-barrio-con-una-sesion-presencial-este-miercoles-en-el-colegio-elorri-de-mendillorri-con-opcion-de-seguirla-en-directo-a-traves-de-la-web\/#article","isPartOf":{"@id":"https:\/\/www.laguiadepamplona.com\/actualidad\/regresan-los-foros-de-barrio-con-una-sesion-presencial-este-miercoles-en-el-colegio-elorri-de-mendillorri-con-opcion-de-seguirla-en-directo-a-traves-de-la-web\/"},"author":{"name":"La Gu\u00eda de Pamplona","@id":"https:\/\/www.laguiadepamplona.com\/actualidad\/#\/schema\/person\/efe887376f0213d4657c93adc50b1fdb"},"headline":"Regresan los foros de barrio con una sesi\u00f3n presencial este mi\u00e9rcoles en el colegio Elorri de Mendillorri con opci\u00f3n de seguirla en directo a trav\u00e9s de la web","datePublished":"2021-10-26T10:56:03+00:00","dateModified":"2023-04-11T09:48:50+00:00","mainEntityOfPage":{"@id":"https:\/\/www.laguiadepamplona.com\/actualidad\/regresan-los-foros-de-barrio-con-una-sesion-presencial-este-miercoles-en-el-colegio-elorri-de-mendillorri-con-opcion-de-seguirla-en-directo-a-traves-de-la-web\/"},"wordCount":409,"commentCount":0,"publisher":{"@id":"https:\/\/www.laguiadepamplona.com\/actualidad\/#organization"},"image":{"@id":"https:\/\/www.laguiadepamplona.com\/actualidad\/regresan-los-foros-de-barrio-con-una-sesion-presencial-este-miercoles-en-el-colegio-elorri-de-mendillorri-con-opcion-de-seguirla-en-directo-a-traves-de-la-web\/#primaryimage"},"thumbnailUrl":"https:\/\/www.laguiadepamplona.com\/actualidad\/wp-content\/uploads\/2021\/10\/FORO-DE-BARRIO-CARTEL-A3-MENDILLORRI-CAST-1.jpg","articleSection":["Ayto Pamplona"],"inLanguage":"es","potentialAction":[{"@type":"CommentAction","name":"Comment","target":["https:\/\/www.laguiadepamplona.com\/actualidad\/regresan-los-foros-de-barrio-con-una-sesion-presencial-este-miercoles-en-el-colegio-elorri-de-mendillorri-con-opcion-de-seguirla-en-directo-a-traves-de-la-web\/#respond"]}]},{"@type":"WebPage","@id":"https:\/\/www.laguiadepamplona.com\/actualidad\/regresan-los-foros-de-barrio-con-una-sesion-presencial-este-miercoles-en-el-colegio-elorri-de-mendillorri-con-opcion-de-seguirla-en-directo-a-traves-de-la-web\/","url":"https:\/\/www.laguiadepamplona.com\/actualidad\/regresan-los-foros-de-barrio-con-una-sesion-presencial-este-miercoles-en-el-colegio-elorri-de-mendillorri-con-opcion-de-seguirla-en-directo-a-traves-de-la-web\/","name":"Regresan los foros de barrio con una sesi\u00f3n presencial este mi\u00e9rcoles en el colegio Elorri de Mendillorri con opci\u00f3n de seguirla en directo a trav\u00e9s de la web","isPartOf":{"@id":"https:\/\/www.laguiadepamplona.com\/actualidad\/#website"},"primaryImageOfPage":{"@id":"https:\/\/www.laguiadepamplona.com\/actualidad\/regresan-los-foros-de-barrio-con-una-sesion-presencial-este-miercoles-en-el-colegio-elorri-de-mendillorri-con-opcion-de-seguirla-en-directo-a-traves-de-la-web\/#primaryimage"},"image":{"@id":"https:\/\/www.laguiadepamplona.com\/actualidad\/regresan-los-foros-de-barrio-con-una-sesion-presencial-este-miercoles-en-el-colegio-elorri-de-mendillorri-con-opcion-de-seguirla-en-directo-a-traves-de-la-web\/#primaryimage"},"thumbnailUrl":"https:\/\/www.laguiadepamplona.com\/actualidad\/wp-content\/uploads\/2021\/10\/FORO-DE-BARRIO-CARTEL-A3-MENDILLORRI-CAST-1.jpg","datePublished":"2021-10-26T10:56:03+00:00","dateModified":"2023-04-11T09:48:50+00:00","description":"Hasta ma\u00f1ana a las dos de la tarde se pueden enviar preguntar que ser\u00e1n abordadas en el foro al correo foros@pamplona.es o por la web","breadcrumb":{"@id":"https:\/\/www.laguiadepamplona.com\/actualidad\/regresan-los-foros-de-barrio-con-una-sesion-presencial-este-miercoles-en-el-colegio-elorri-de-mendillorri-con-opcion-de-seguirla-en-directo-a-traves-de-la-web\/#breadcrumb"},"inLanguage":"es","potentialAction":[{"@type":"ReadAction","target":["https:\/\/www.laguiadepamplona.com\/actualidad\/regresan-los-foros-de-barrio-con-una-sesion-presencial-este-miercoles-en-el-colegio-elorri-de-mendillorri-con-opcion-de-seguirla-en-directo-a-traves-de-la-web\/"]}]},{"@type":"ImageObject","inLanguage":"es","@id":"https:\/\/www.laguiadepamplona.com\/actualidad\/regresan-los-foros-de-barrio-con-una-sesion-presencial-este-miercoles-en-el-colegio-elorri-de-mendillorri-con-opcion-de-seguirla-en-directo-a-traves-de-la-web\/#primaryimage","url":"https:\/\/www.laguiadepamplona.com\/actualidad\/wp-content\/uploads\/2021\/10\/FORO-DE-BARRIO-CARTEL-A3-MENDILLORRI-CAST-1.jpg","contentUrl":"https:\/\/www.laguiadepamplona.com\/actualidad\/wp-content\/uploads\/2021\/10\/FORO-DE-BARRIO-CARTEL-A3-MENDILLORRI-CAST-1.jpg","width":1169,"height":677},{"@type":"BreadcrumbList","@id":"https:\/\/www.laguiadepamplona.com\/actualidad\/regresan-los-foros-de-barrio-con-una-sesion-presencial-este-miercoles-en-el-colegio-elorri-de-mendillorri-con-opcion-de-seguirla-en-directo-a-traves-de-la-web\/#breadcrumb","itemListElement":[{"@type":"ListItem","position":1,"name":"Portada","item":"https:\/\/www.laguiadepamplona.com\/actualidad\/"},{"@type":"ListItem","position":2,"name":"Regresan los foros de barrio con una sesi\u00f3n presencial este mi\u00e9rcoles en el colegio Elorri de Mendillorri con opci\u00f3n de seguirla en directo a trav\u00e9s de la web"}]},{"@type":"WebSite","@id":"https:\/\/www.laguiadepamplona.com\/actualidad\/#website","url":"https:\/\/www.laguiadepamplona.com\/actualidad\/","name":"La gu\u00eda de Pamplona","description":"Noticias de Pamplona","publisher":{"@id":"https:\/\/www.laguiadepamplona.com\/actualidad\/#organization"},"potentialAction":[{"@type":"SearchAction","target":{"@type":"EntryPoint","urlTemplate":"https:\/\/www.laguiadepamplona.com\/actualidad\/?s={search_term_string}"},"query-input":{"@type":"PropertyValueSpecification","valueRequired":true,"valueName":"search_term_string"}}],"inLanguage":"es"},{"@type":"Organization","@id":"https:\/\/www.laguiadepamplona.com\/actualidad\/#organization","name":"La Gu\u00eda de Pamplona \/ Noticias","url":"https:\/\/www.laguiadepamplona.com\/actualidad\/","logo":{"@type":"ImageObject","inLanguage":"es","@id":"https:\/\/www.laguiadepamplona.com\/actualidad\/#\/schema\/logo\/image\/","url":"https:\/\/www.laguiadepamplona.com\/actualidad\/wp-content\/uploads\/2018\/11\/logo-laguiadepamplona18-web1.png","contentUrl":"https:\/\/www.laguiadepamplona.com\/actualidad\/wp-content\/uploads\/2018\/11\/logo-laguiadepamplona18-web1.png","width":600,"height":196,"caption":"La Gu\u00eda de Pamplona \/ Noticias"},"image":{"@id":"https:\/\/www.laguiadepamplona.com\/actualidad\/#\/schema\/logo\/image\/"},"sameAs":["https:\/\/www.facebook.com\/laguiadepamplonacom-133175176762273\/?ref=hl","https:\/\/x.com\/LaGuiadPamplona","https:\/\/www.instagram.com\/la_guia_de_pamplona\/","https:\/\/www.youtube.com\/user\/laguiadepamplona"]},{"@type":"Person","@id":"https:\/\/www.laguiadepamplona.com\/actualidad\/#\/schema\/person\/efe887376f0213d4657c93adc50b1fdb","name":"La Gu\u00eda de Pamplona","image":{"@type":"ImageObject","inLanguage":"es","@id":"https:\/\/secure.gravatar.com\/avatar\/b6992f131dc8d30ab0dff15446e9d346d9dbd95992de0fef795073f5ea83a81c?s=96&d=mm&r=g","url":"https:\/\/secure.gravatar.com\/avatar\/b6992f131dc8d30ab0dff15446e9d346d9dbd95992de0fef795073f5ea83a81c?s=96&d=mm&r=g","contentUrl":"https:\/\/secure.gravatar.com\/avatar\/b6992f131dc8d30ab0dff15446e9d346d9dbd95992de0fef795073f5ea83a81c?s=96&d=mm&r=g","caption":"La Gu\u00eda de Pamplona"}}]}},"post_mailing_queue_ids":[],"_links":{"self":[{"href":"https:\/\/www.laguiadepamplona.com\/actualidad\/wp-json\/wp\/v2\/posts\/37201","targetHints":{"allow":["GET"]}}],"collection":[{"href":"https:\/\/www.laguiadepamplona.com\/actualidad\/wp-json\/wp\/v2\/posts"}],"about":[{"href":"https:\/\/www.laguiadepamplona.com\/actualidad\/wp-json\/wp\/v2\/types\/post"}],"author":[{"embeddable":true,"href":"https:\/\/www.laguiadepamplona.com\/actualidad\/wp-json\/wp\/v2\/users\/1"}],"replies":[{"embeddable":true,"href":"https:\/\/www.laguiadepamplona.com\/actualidad\/wp-json\/wp\/v2\/comments?post=37201"}],"version-history":[{"count":0,"href":"https:\/\/www.laguiadepamplona.com\/actualidad\/wp-json\/wp\/v2\/posts\/37201\/revisions"}],"wp:featuredmedia":[{"embeddable":true,"href":"https:\/\/www.laguiadepamplona.com\/actualidad\/wp-json\/wp\/v2\/media\/37202"}],"wp:attachment":[{"href":"https:\/\/www.laguiadepamplona.com\/actualidad\/wp-json\/wp\/v2\/media?parent=37201"}],"wp:term":[{"taxonomy":"category","embeddable":true,"href":"https:\/\/www.laguiadepamplona.com\/actualidad\/wp-json\/wp\/v2\/categories?post=37201"},{"taxonomy":"post_tag","embeddable":true,"href":"https:\/\/www.laguiadepamplona.com\/actualidad\/wp-json\/wp\/v2\/tags?post=37201"}],"curies":[{"name":"wp","href":"https:\/\/api.w.org\/{rel}","templated":true}]}}