{"id":37161,"date":"2021-10-25T18:19:45","date_gmt":"2021-10-25T16:19:45","guid":{"rendered":"https:\/\/www.laguiadepamplona.com\/actualidad\/?p=37161"},"modified":"2023-04-11T11:48:50","modified_gmt":"2023-04-11T09:48:50","slug":"el-ayuntamiento-de-pamplona-servira-el-ano-que-viene-mas-de-27-00-comidas-y-cenas-y-12-000-desayunos-en-el-comedor-municipal-de-la-calle-del-carmen","status":"publish","type":"post","link":"https:\/\/www.laguiadepamplona.com\/actualidad\/el-ayuntamiento-de-pamplona-servira-el-ano-que-viene-mas-de-27-00-comidas-y-cenas-y-12-000-desayunos-en-el-comedor-municipal-de-la-calle-del-carmen\/","title":{"rendered":"El Ayuntamiento de Pamplona servir\u00e1 el a\u00f1o que viene m\u00e1s de 27.00 comidas y cenas y 12.000 desayunos en el comedor municipal de la calle del Carmen"},"content":{"rendered":"<h5>La Junta de Gobierno Local ha aprobado la segunda pr\u00f3rroga del contrato que tiene una inversi\u00f3n municipal de 157.281 euros<\/h5>\n<p><!--more--><\/p>\n<p>El Ayuntamiento de Pamplona va a servir 13.687 comidas, 13.687 cenas y 12.000 desayunos durante el a\u00f1o que viene en el comedor municipal de la calle del Carmen. La Junta de Gobierno local ha aprobado la segunda pr\u00f3rroga del contrato con una inversi\u00f3n municipal de 157.281 euros (IVA incluido). El contrato de elaboraci\u00f3n y suministro de comidas preparada fue adjudicado a Tallunce, S.L. y la pr\u00f3rroga ser\u00e1 para el periodo comprendido entre el 1 de enero y el 31 de diciembre de 2022.<\/p>\n<p><script async src=\"\/\/pagead2.googlesyndication.com\/pagead\/js\/adsbygoogle.js\"><\/script><br \/>\n<!-- Noticias La Guia de Pamplona --><br \/>\n<ins class=\"adsbygoogle\"\nstyle=\"display:block\"\ndata-ad-client=\"ca-pub-6943679897239327\"\ndata-ad-slot=\"7048180777\"\ndata-ad-format=\"auto\"><\/ins><br \/>\n<script>\n(adsbygoogle = window.adsbygoogle || []).push({});\n<\/script><\/p>\n<p>Est\u00e1 previsto ofrecer unos 50 servicios diarios de comidas y cenas, adem\u00e1s de unos 35 desayunos. Se trata de cantidades no cerradas, ya que cada d\u00eda se encargar\u00e1 el n\u00famero de men\u00fas que el comedor municipal requiera, pudiendo ser inferior o mayor cuando los picos de ocupaci\u00f3n as\u00ed lo requieran. El n\u00famero exacto de men\u00fas se comunica la v\u00edspera del d\u00eda de suministro.<\/p>\n<p>En todos los casos, el objetivo es ofrecer un men\u00fa equilibrado y adecuado a las necesidades y permitiendo al mismo tiempo un espacio diario de convivencia. La comida y la cena constan de un primer plato, un segundo, postre, pan y caf\u00e9 con leche y az\u00facar. El desayuno tiene, al menos, una pieza de fruta, un producto l\u00e1cteo y pan, una pieza de boller\u00eda o un producto derivado de cereales.<\/p>\n<p><script async src=\"\/\/pagead2.googlesyndication.com\/pagead\/js\/adsbygoogle.js\"><\/script><br \/>\n<!-- Noticias La Guia de Pamplona --><br \/>\n<ins class=\"adsbygoogle\"\nstyle=\"display:block\"\ndata-ad-client=\"ca-pub-6943679897239327\"\ndata-ad-slot=\"7048180777\"\ndata-ad-format=\"auto\"><\/ins><br \/>\n<script>\n(adsbygoogle = window.adsbygoogle || []).push({});\n<\/script><\/p>\n<p><strong>Recurso complementario<\/strong><\/p>\n<p>El comedor municipal de la calle del Carmen funciona durante todo el a\u00f1o, excepto en las fiestas de San Ferm\u00edn. Es un recurso complementario a la acci\u00f3n profesional de trabajo social en las unidades de barrio y\/o servicios sociales. Contribuye como instrumento espec\u00edfico paliativo de las situaciones de pobreza end\u00e9mica o coyuntural y bajo autovalimiento, para paliar tambi\u00e9n situaciones que puedan provocar o agudizar el desarraigo o la marginaci\u00f3n social y como instrumento de acci\u00f3n profesional y apoyo en los procesos de incorporaci\u00f3n social dise\u00f1ados desde los servicios sociales municipales. Al perfil de las personas que habitualmente acuden a este recurso, tras la crisis causada por la pandemia se han unido otros como los de unidades familiares.<\/p>\n<p>En estos momentos se est\u00e1 trabajando en las medidas de seguridad que permitan volver de nuevo presencialmente al comedor ya que, durante la crisis sanitaria se ha optado por suministrar la comida en t\u00e1peres para llevarla a casa y as\u00ed favorecer la seguridad de las personas usuarias.<\/p>\n","protected":false},"excerpt":{"rendered":"<p>La Junta de Gobierno Local ha aprobado la segunda pr\u00f3rroga del contrato que tiene una inversi\u00f3n municipal de 157.281 euros<\/p>\n","protected":false},"author":1,"featured_media":37162,"comment_status":"open","ping_status":"closed","sticky":false,"template":"","format":"standard","meta":{"footnotes":""},"categories":[2],"tags":[],"class_list":["post-37161","post","type-post","status-publish","format-standard","has-post-thumbnail","hentry","category-ayuntamiento-pamplona"],"yoast_head":"<!-- This site is optimized with the Yoast SEO plugin v27.5 - https:\/\/yoast.com\/product\/yoast-seo-wordpress\/ -->\n<title>El Ayuntamiento de Pamplona servir\u00e1 el a\u00f1o que viene m\u00e1s de 27.00 comidas y cenas y 12.000 desayunos en el comedor municipal de la calle del Carmen<\/title>\n<meta name=\"description\" content=\"La Junta de Gobierno Local ha aprobado la segunda pr\u00f3rroga del contrato que tiene una inversi\u00f3n municipal de 157.281 euros\" \/>\n<meta name=\"robots\" content=\"index, follow, max-snippet:-1, max-image-preview:large, max-video-preview:-1\" \/>\n<link rel=\"canonical\" href=\"https:\/\/www.laguiadepamplona.com\/actualidad\/el-ayuntamiento-de-pamplona-servira-el-ano-que-viene-mas-de-27-00-comidas-y-cenas-y-12-000-desayunos-en-el-comedor-municipal-de-la-calle-del-carmen\/\" \/>\n<meta property=\"og:locale\" content=\"es_ES\" \/>\n<meta property=\"og:type\" content=\"article\" \/>\n<meta property=\"og:title\" content=\"El Ayuntamiento de Pamplona servir\u00e1 el a\u00f1o que viene m\u00e1s de 27.00 comidas y cenas y 12.000 desayunos en el comedor municipal de la calle del Carmen\" \/>\n<meta property=\"og:description\" content=\"La Junta de Gobierno Local ha aprobado la segunda pr\u00f3rroga del contrato que tiene una inversi\u00f3n municipal de 157.281 euros\" \/>\n<meta property=\"og:url\" content=\"https:\/\/www.laguiadepamplona.com\/actualidad\/el-ayuntamiento-de-pamplona-servira-el-ano-que-viene-mas-de-27-00-comidas-y-cenas-y-12-000-desayunos-en-el-comedor-municipal-de-la-calle-del-carmen\/\" \/>\n<meta property=\"og:site_name\" content=\"La Gu\u00eda de Pamplona\" \/>\n<meta property=\"article:publisher\" content=\"https:\/\/www.facebook.com\/laguiadepamplonacom-133175176762273\/?ref=hl\" \/>\n<meta property=\"article:published_time\" content=\"2021-10-25T16:19:45+00:00\" \/>\n<meta property=\"article:modified_time\" content=\"2023-04-11T09:48:50+00:00\" \/>\n<meta property=\"og:image\" content=\"https:\/\/www.laguiadepamplona.com\/actualidad\/wp-content\/uploads\/2021\/10\/comedor-municipal.jpg\" \/>\n\t<meta property=\"og:image:width\" content=\"1620\" \/>\n\t<meta property=\"og:image:height\" content=\"1080\" \/>\n\t<meta property=\"og:image:type\" content=\"image\/jpeg\" \/>\n<meta name=\"author\" content=\"La Gu\u00eda de Pamplona\" \/>\n<meta name=\"twitter:card\" content=\"summary_large_image\" \/>\n<meta name=\"twitter:creator\" content=\"@LaGuiadPamplona\" \/>\n<meta name=\"twitter:site\" content=\"@LaGuiadPamplona\" \/>\n<meta name=\"twitter:label1\" content=\"Escrito por\" \/>\n\t<meta name=\"twitter:data1\" content=\"La Gu\u00eda de Pamplona\" \/>\n\t<meta name=\"twitter:label2\" content=\"Tiempo de lectura\" \/>\n\t<meta name=\"twitter:data2\" content=\"2 minutos\" \/>\n<script type=\"application\/ld+json\" class=\"yoast-schema-graph\">{\"@context\":\"https:\\\/\\\/schema.org\",\"@graph\":[{\"@type\":\"Article\",\"@id\":\"https:\\\/\\\/www.laguiadepamplona.com\\\/actualidad\\\/el-ayuntamiento-de-pamplona-servira-el-ano-que-viene-mas-de-27-00-comidas-y-cenas-y-12-000-desayunos-en-el-comedor-municipal-de-la-calle-del-carmen\\\/#article\",\"isPartOf\":{\"@id\":\"https:\\\/\\\/www.laguiadepamplona.com\\\/actualidad\\\/el-ayuntamiento-de-pamplona-servira-el-ano-que-viene-mas-de-27-00-comidas-y-cenas-y-12-000-desayunos-en-el-comedor-municipal-de-la-calle-del-carmen\\\/\"},\"author\":{\"name\":\"La Gu\u00eda de Pamplona\",\"@id\":\"https:\\\/\\\/www.laguiadepamplona.com\\\/actualidad\\\/#\\\/schema\\\/person\\\/efe887376f0213d4657c93adc50b1fdb\"},\"headline\":\"El Ayuntamiento de Pamplona servir\u00e1 el a\u00f1o que viene m\u00e1s de 27.00 comidas y cenas y 12.000 desayunos en el comedor municipal de la calle del Carmen\",\"datePublished\":\"2021-10-25T16:19:45+00:00\",\"dateModified\":\"2023-04-11T09:48:50+00:00\",\"mainEntityOfPage\":{\"@id\":\"https:\\\/\\\/www.laguiadepamplona.com\\\/actualidad\\\/el-ayuntamiento-de-pamplona-servira-el-ano-que-viene-mas-de-27-00-comidas-y-cenas-y-12-000-desayunos-en-el-comedor-municipal-de-la-calle-del-carmen\\\/\"},\"wordCount\":451,\"commentCount\":0,\"publisher\":{\"@id\":\"https:\\\/\\\/www.laguiadepamplona.com\\\/actualidad\\\/#organization\"},\"image\":{\"@id\":\"https:\\\/\\\/www.laguiadepamplona.com\\\/actualidad\\\/el-ayuntamiento-de-pamplona-servira-el-ano-que-viene-mas-de-27-00-comidas-y-cenas-y-12-000-desayunos-en-el-comedor-municipal-de-la-calle-del-carmen\\\/#primaryimage\"},\"thumbnailUrl\":\"https:\\\/\\\/www.laguiadepamplona.com\\\/actualidad\\\/wp-content\\\/uploads\\\/2021\\\/10\\\/comedor-municipal.jpg\",\"articleSection\":[\"Ayto Pamplona\"],\"inLanguage\":\"es\",\"potentialAction\":[{\"@type\":\"CommentAction\",\"name\":\"Comment\",\"target\":[\"https:\\\/\\\/www.laguiadepamplona.com\\\/actualidad\\\/el-ayuntamiento-de-pamplona-servira-el-ano-que-viene-mas-de-27-00-comidas-y-cenas-y-12-000-desayunos-en-el-comedor-municipal-de-la-calle-del-carmen\\\/#respond\"]}]},{\"@type\":\"WebPage\",\"@id\":\"https:\\\/\\\/www.laguiadepamplona.com\\\/actualidad\\\/el-ayuntamiento-de-pamplona-servira-el-ano-que-viene-mas-de-27-00-comidas-y-cenas-y-12-000-desayunos-en-el-comedor-municipal-de-la-calle-del-carmen\\\/\",\"url\":\"https:\\\/\\\/www.laguiadepamplona.com\\\/actualidad\\\/el-ayuntamiento-de-pamplona-servira-el-ano-que-viene-mas-de-27-00-comidas-y-cenas-y-12-000-desayunos-en-el-comedor-municipal-de-la-calle-del-carmen\\\/\",\"name\":\"El Ayuntamiento de Pamplona servir\u00e1 el a\u00f1o que viene m\u00e1s de 27.00 comidas y cenas y 12.000 desayunos en el comedor municipal de la calle del Carmen\",\"isPartOf\":{\"@id\":\"https:\\\/\\\/www.laguiadepamplona.com\\\/actualidad\\\/#website\"},\"primaryImageOfPage\":{\"@id\":\"https:\\\/\\\/www.laguiadepamplona.com\\\/actualidad\\\/el-ayuntamiento-de-pamplona-servira-el-ano-que-viene-mas-de-27-00-comidas-y-cenas-y-12-000-desayunos-en-el-comedor-municipal-de-la-calle-del-carmen\\\/#primaryimage\"},\"image\":{\"@id\":\"https:\\\/\\\/www.laguiadepamplona.com\\\/actualidad\\\/el-ayuntamiento-de-pamplona-servira-el-ano-que-viene-mas-de-27-00-comidas-y-cenas-y-12-000-desayunos-en-el-comedor-municipal-de-la-calle-del-carmen\\\/#primaryimage\"},\"thumbnailUrl\":\"https:\\\/\\\/www.laguiadepamplona.com\\\/actualidad\\\/wp-content\\\/uploads\\\/2021\\\/10\\\/comedor-municipal.jpg\",\"datePublished\":\"2021-10-25T16:19:45+00:00\",\"dateModified\":\"2023-04-11T09:48:50+00:00\",\"description\":\"La Junta de Gobierno Local ha aprobado la segunda pr\u00f3rroga del contrato que tiene una inversi\u00f3n municipal de 157.281 euros\",\"breadcrumb\":{\"@id\":\"https:\\\/\\\/www.laguiadepamplona.com\\\/actualidad\\\/el-ayuntamiento-de-pamplona-servira-el-ano-que-viene-mas-de-27-00-comidas-y-cenas-y-12-000-desayunos-en-el-comedor-municipal-de-la-calle-del-carmen\\\/#breadcrumb\"},\"inLanguage\":\"es\",\"potentialAction\":[{\"@type\":\"ReadAction\",\"target\":[\"https:\\\/\\\/www.laguiadepamplona.com\\\/actualidad\\\/el-ayuntamiento-de-pamplona-servira-el-ano-que-viene-mas-de-27-00-comidas-y-cenas-y-12-000-desayunos-en-el-comedor-municipal-de-la-calle-del-carmen\\\/\"]}]},{\"@type\":\"ImageObject\",\"inLanguage\":\"es\",\"@id\":\"https:\\\/\\\/www.laguiadepamplona.com\\\/actualidad\\\/el-ayuntamiento-de-pamplona-servira-el-ano-que-viene-mas-de-27-00-comidas-y-cenas-y-12-000-desayunos-en-el-comedor-municipal-de-la-calle-del-carmen\\\/#primaryimage\",\"url\":\"https:\\\/\\\/www.laguiadepamplona.com\\\/actualidad\\\/wp-content\\\/uploads\\\/2021\\\/10\\\/comedor-municipal.jpg\",\"contentUrl\":\"https:\\\/\\\/www.laguiadepamplona.com\\\/actualidad\\\/wp-content\\\/uploads\\\/2021\\\/10\\\/comedor-municipal.jpg\",\"width\":1620,\"height\":1080},{\"@type\":\"BreadcrumbList\",\"@id\":\"https:\\\/\\\/www.laguiadepamplona.com\\\/actualidad\\\/el-ayuntamiento-de-pamplona-servira-el-ano-que-viene-mas-de-27-00-comidas-y-cenas-y-12-000-desayunos-en-el-comedor-municipal-de-la-calle-del-carmen\\\/#breadcrumb\",\"itemListElement\":[{\"@type\":\"ListItem\",\"position\":1,\"name\":\"Portada\",\"item\":\"https:\\\/\\\/www.laguiadepamplona.com\\\/actualidad\\\/\"},{\"@type\":\"ListItem\",\"position\":2,\"name\":\"El Ayuntamiento de Pamplona servir\u00e1 el a\u00f1o que viene m\u00e1s de 27.00 comidas y cenas y 12.000 desayunos en el comedor municipal de la calle del Carmen\"}]},{\"@type\":\"WebSite\",\"@id\":\"https:\\\/\\\/www.laguiadepamplona.com\\\/actualidad\\\/#website\",\"url\":\"https:\\\/\\\/www.laguiadepamplona.com\\\/actualidad\\\/\",\"name\":\"La gu\u00eda de Pamplona\",\"description\":\"Noticias de Pamplona\",\"publisher\":{\"@id\":\"https:\\\/\\\/www.laguiadepamplona.com\\\/actualidad\\\/#organization\"},\"potentialAction\":[{\"@type\":\"SearchAction\",\"target\":{\"@type\":\"EntryPoint\",\"urlTemplate\":\"https:\\\/\\\/www.laguiadepamplona.com\\\/actualidad\\\/?s={search_term_string}\"},\"query-input\":{\"@type\":\"PropertyValueSpecification\",\"valueRequired\":true,\"valueName\":\"search_term_string\"}}],\"inLanguage\":\"es\"},{\"@type\":\"Organization\",\"@id\":\"https:\\\/\\\/www.laguiadepamplona.com\\\/actualidad\\\/#organization\",\"name\":\"La Gu\u00eda de Pamplona \\\/ Noticias\",\"url\":\"https:\\\/\\\/www.laguiadepamplona.com\\\/actualidad\\\/\",\"logo\":{\"@type\":\"ImageObject\",\"inLanguage\":\"es\",\"@id\":\"https:\\\/\\\/www.laguiadepamplona.com\\\/actualidad\\\/#\\\/schema\\\/logo\\\/image\\\/\",\"url\":\"https:\\\/\\\/www.laguiadepamplona.com\\\/actualidad\\\/wp-content\\\/uploads\\\/2018\\\/11\\\/logo-laguiadepamplona18-web1.png\",\"contentUrl\":\"https:\\\/\\\/www.laguiadepamplona.com\\\/actualidad\\\/wp-content\\\/uploads\\\/2018\\\/11\\\/logo-laguiadepamplona18-web1.png\",\"width\":600,\"height\":196,\"caption\":\"La Gu\u00eda de Pamplona \\\/ Noticias\"},\"image\":{\"@id\":\"https:\\\/\\\/www.laguiadepamplona.com\\\/actualidad\\\/#\\\/schema\\\/logo\\\/image\\\/\"},\"sameAs\":[\"https:\\\/\\\/www.facebook.com\\\/laguiadepamplonacom-133175176762273\\\/?ref=hl\",\"https:\\\/\\\/x.com\\\/LaGuiadPamplona\",\"https:\\\/\\\/www.instagram.com\\\/la_guia_de_pamplona\\\/\",\"https:\\\/\\\/www.youtube.com\\\/user\\\/laguiadepamplona\"]},{\"@type\":\"Person\",\"@id\":\"https:\\\/\\\/www.laguiadepamplona.com\\\/actualidad\\\/#\\\/schema\\\/person\\\/efe887376f0213d4657c93adc50b1fdb\",\"name\":\"La Gu\u00eda de Pamplona\",\"image\":{\"@type\":\"ImageObject\",\"inLanguage\":\"es\",\"@id\":\"https:\\\/\\\/secure.gravatar.com\\\/avatar\\\/b6992f131dc8d30ab0dff15446e9d346d9dbd95992de0fef795073f5ea83a81c?s=96&d=mm&r=g\",\"url\":\"https:\\\/\\\/secure.gravatar.com\\\/avatar\\\/b6992f131dc8d30ab0dff15446e9d346d9dbd95992de0fef795073f5ea83a81c?s=96&d=mm&r=g\",\"contentUrl\":\"https:\\\/\\\/secure.gravatar.com\\\/avatar\\\/b6992f131dc8d30ab0dff15446e9d346d9dbd95992de0fef795073f5ea83a81c?s=96&d=mm&r=g\",\"caption\":\"La Gu\u00eda de Pamplona\"}}]}<\/script>\n<!-- \/ Yoast SEO plugin. -->","yoast_head_json":{"title":"El Ayuntamiento de Pamplona servir\u00e1 el a\u00f1o que viene m\u00e1s de 27.00 comidas y cenas y 12.000 desayunos en el comedor municipal de la calle del Carmen","description":"La Junta de Gobierno Local ha aprobado la segunda pr\u00f3rroga del contrato que tiene una inversi\u00f3n municipal de 157.281 euros","robots":{"index":"index","follow":"follow","max-snippet":"max-snippet:-1","max-image-preview":"max-image-preview:large","max-video-preview":"max-video-preview:-1"},"canonical":"https:\/\/www.laguiadepamplona.com\/actualidad\/el-ayuntamiento-de-pamplona-servira-el-ano-que-viene-mas-de-27-00-comidas-y-cenas-y-12-000-desayunos-en-el-comedor-municipal-de-la-calle-del-carmen\/","og_locale":"es_ES","og_type":"article","og_title":"El Ayuntamiento de Pamplona servir\u00e1 el a\u00f1o que viene m\u00e1s de 27.00 comidas y cenas y 12.000 desayunos en el comedor municipal de la calle del Carmen","og_description":"La Junta de Gobierno Local ha aprobado la segunda pr\u00f3rroga del contrato que tiene una inversi\u00f3n municipal de 157.281 euros","og_url":"https:\/\/www.laguiadepamplona.com\/actualidad\/el-ayuntamiento-de-pamplona-servira-el-ano-que-viene-mas-de-27-00-comidas-y-cenas-y-12-000-desayunos-en-el-comedor-municipal-de-la-calle-del-carmen\/","og_site_name":"La Gu\u00eda de Pamplona","article_publisher":"https:\/\/www.facebook.com\/laguiadepamplonacom-133175176762273\/?ref=hl","article_published_time":"2021-10-25T16:19:45+00:00","article_modified_time":"2023-04-11T09:48:50+00:00","og_image":[{"width":1620,"height":1080,"url":"https:\/\/www.laguiadepamplona.com\/actualidad\/wp-content\/uploads\/2021\/10\/comedor-municipal.jpg","type":"image\/jpeg"}],"author":"La Gu\u00eda de Pamplona","twitter_card":"summary_large_image","twitter_creator":"@LaGuiadPamplona","twitter_site":"@LaGuiadPamplona","twitter_misc":{"Escrito por":"La Gu\u00eda de Pamplona","Tiempo de lectura":"2 minutos"},"schema":{"@context":"https:\/\/schema.org","@graph":[{"@type":"Article","@id":"https:\/\/www.laguiadepamplona.com\/actualidad\/el-ayuntamiento-de-pamplona-servira-el-ano-que-viene-mas-de-27-00-comidas-y-cenas-y-12-000-desayunos-en-el-comedor-municipal-de-la-calle-del-carmen\/#article","isPartOf":{"@id":"https:\/\/www.laguiadepamplona.com\/actualidad\/el-ayuntamiento-de-pamplona-servira-el-ano-que-viene-mas-de-27-00-comidas-y-cenas-y-12-000-desayunos-en-el-comedor-municipal-de-la-calle-del-carmen\/"},"author":{"name":"La Gu\u00eda de Pamplona","@id":"https:\/\/www.laguiadepamplona.com\/actualidad\/#\/schema\/person\/efe887376f0213d4657c93adc50b1fdb"},"headline":"El Ayuntamiento de Pamplona servir\u00e1 el a\u00f1o que viene m\u00e1s de 27.00 comidas y cenas y 12.000 desayunos en el comedor municipal de la calle del Carmen","datePublished":"2021-10-25T16:19:45+00:00","dateModified":"2023-04-11T09:48:50+00:00","mainEntityOfPage":{"@id":"https:\/\/www.laguiadepamplona.com\/actualidad\/el-ayuntamiento-de-pamplona-servira-el-ano-que-viene-mas-de-27-00-comidas-y-cenas-y-12-000-desayunos-en-el-comedor-municipal-de-la-calle-del-carmen\/"},"wordCount":451,"commentCount":0,"publisher":{"@id":"https:\/\/www.laguiadepamplona.com\/actualidad\/#organization"},"image":{"@id":"https:\/\/www.laguiadepamplona.com\/actualidad\/el-ayuntamiento-de-pamplona-servira-el-ano-que-viene-mas-de-27-00-comidas-y-cenas-y-12-000-desayunos-en-el-comedor-municipal-de-la-calle-del-carmen\/#primaryimage"},"thumbnailUrl":"https:\/\/www.laguiadepamplona.com\/actualidad\/wp-content\/uploads\/2021\/10\/comedor-municipal.jpg","articleSection":["Ayto Pamplona"],"inLanguage":"es","potentialAction":[{"@type":"CommentAction","name":"Comment","target":["https:\/\/www.laguiadepamplona.com\/actualidad\/el-ayuntamiento-de-pamplona-servira-el-ano-que-viene-mas-de-27-00-comidas-y-cenas-y-12-000-desayunos-en-el-comedor-municipal-de-la-calle-del-carmen\/#respond"]}]},{"@type":"WebPage","@id":"https:\/\/www.laguiadepamplona.com\/actualidad\/el-ayuntamiento-de-pamplona-servira-el-ano-que-viene-mas-de-27-00-comidas-y-cenas-y-12-000-desayunos-en-el-comedor-municipal-de-la-calle-del-carmen\/","url":"https:\/\/www.laguiadepamplona.com\/actualidad\/el-ayuntamiento-de-pamplona-servira-el-ano-que-viene-mas-de-27-00-comidas-y-cenas-y-12-000-desayunos-en-el-comedor-municipal-de-la-calle-del-carmen\/","name":"El Ayuntamiento de Pamplona servir\u00e1 el a\u00f1o que viene m\u00e1s de 27.00 comidas y cenas y 12.000 desayunos en el comedor municipal de la calle del Carmen","isPartOf":{"@id":"https:\/\/www.laguiadepamplona.com\/actualidad\/#website"},"primaryImageOfPage":{"@id":"https:\/\/www.laguiadepamplona.com\/actualidad\/el-ayuntamiento-de-pamplona-servira-el-ano-que-viene-mas-de-27-00-comidas-y-cenas-y-12-000-desayunos-en-el-comedor-municipal-de-la-calle-del-carmen\/#primaryimage"},"image":{"@id":"https:\/\/www.laguiadepamplona.com\/actualidad\/el-ayuntamiento-de-pamplona-servira-el-ano-que-viene-mas-de-27-00-comidas-y-cenas-y-12-000-desayunos-en-el-comedor-municipal-de-la-calle-del-carmen\/#primaryimage"},"thumbnailUrl":"https:\/\/www.laguiadepamplona.com\/actualidad\/wp-content\/uploads\/2021\/10\/comedor-municipal.jpg","datePublished":"2021-10-25T16:19:45+00:00","dateModified":"2023-04-11T09:48:50+00:00","description":"La Junta de Gobierno Local ha aprobado la segunda pr\u00f3rroga del contrato que tiene una inversi\u00f3n municipal de 157.281 euros","breadcrumb":{"@id":"https:\/\/www.laguiadepamplona.com\/actualidad\/el-ayuntamiento-de-pamplona-servira-el-ano-que-viene-mas-de-27-00-comidas-y-cenas-y-12-000-desayunos-en-el-comedor-municipal-de-la-calle-del-carmen\/#breadcrumb"},"inLanguage":"es","potentialAction":[{"@type":"ReadAction","target":["https:\/\/www.laguiadepamplona.com\/actualidad\/el-ayuntamiento-de-pamplona-servira-el-ano-que-viene-mas-de-27-00-comidas-y-cenas-y-12-000-desayunos-en-el-comedor-municipal-de-la-calle-del-carmen\/"]}]},{"@type":"ImageObject","inLanguage":"es","@id":"https:\/\/www.laguiadepamplona.com\/actualidad\/el-ayuntamiento-de-pamplona-servira-el-ano-que-viene-mas-de-27-00-comidas-y-cenas-y-12-000-desayunos-en-el-comedor-municipal-de-la-calle-del-carmen\/#primaryimage","url":"https:\/\/www.laguiadepamplona.com\/actualidad\/wp-content\/uploads\/2021\/10\/comedor-municipal.jpg","contentUrl":"https:\/\/www.laguiadepamplona.com\/actualidad\/wp-content\/uploads\/2021\/10\/comedor-municipal.jpg","width":1620,"height":1080},{"@type":"BreadcrumbList","@id":"https:\/\/www.laguiadepamplona.com\/actualidad\/el-ayuntamiento-de-pamplona-servira-el-ano-que-viene-mas-de-27-00-comidas-y-cenas-y-12-000-desayunos-en-el-comedor-municipal-de-la-calle-del-carmen\/#breadcrumb","itemListElement":[{"@type":"ListItem","position":1,"name":"Portada","item":"https:\/\/www.laguiadepamplona.com\/actualidad\/"},{"@type":"ListItem","position":2,"name":"El Ayuntamiento de Pamplona servir\u00e1 el a\u00f1o que viene m\u00e1s de 27.00 comidas y cenas y 12.000 desayunos en el comedor municipal de la calle del Carmen"}]},{"@type":"WebSite","@id":"https:\/\/www.laguiadepamplona.com\/actualidad\/#website","url":"https:\/\/www.laguiadepamplona.com\/actualidad\/","name":"La gu\u00eda de Pamplona","description":"Noticias de Pamplona","publisher":{"@id":"https:\/\/www.laguiadepamplona.com\/actualidad\/#organization"},"potentialAction":[{"@type":"SearchAction","target":{"@type":"EntryPoint","urlTemplate":"https:\/\/www.laguiadepamplona.com\/actualidad\/?s={search_term_string}"},"query-input":{"@type":"PropertyValueSpecification","valueRequired":true,"valueName":"search_term_string"}}],"inLanguage":"es"},{"@type":"Organization","@id":"https:\/\/www.laguiadepamplona.com\/actualidad\/#organization","name":"La Gu\u00eda de Pamplona \/ Noticias","url":"https:\/\/www.laguiadepamplona.com\/actualidad\/","logo":{"@type":"ImageObject","inLanguage":"es","@id":"https:\/\/www.laguiadepamplona.com\/actualidad\/#\/schema\/logo\/image\/","url":"https:\/\/www.laguiadepamplona.com\/actualidad\/wp-content\/uploads\/2018\/11\/logo-laguiadepamplona18-web1.png","contentUrl":"https:\/\/www.laguiadepamplona.com\/actualidad\/wp-content\/uploads\/2018\/11\/logo-laguiadepamplona18-web1.png","width":600,"height":196,"caption":"La Gu\u00eda de Pamplona \/ Noticias"},"image":{"@id":"https:\/\/www.laguiadepamplona.com\/actualidad\/#\/schema\/logo\/image\/"},"sameAs":["https:\/\/www.facebook.com\/laguiadepamplonacom-133175176762273\/?ref=hl","https:\/\/x.com\/LaGuiadPamplona","https:\/\/www.instagram.com\/la_guia_de_pamplona\/","https:\/\/www.youtube.com\/user\/laguiadepamplona"]},{"@type":"Person","@id":"https:\/\/www.laguiadepamplona.com\/actualidad\/#\/schema\/person\/efe887376f0213d4657c93adc50b1fdb","name":"La Gu\u00eda de Pamplona","image":{"@type":"ImageObject","inLanguage":"es","@id":"https:\/\/secure.gravatar.com\/avatar\/b6992f131dc8d30ab0dff15446e9d346d9dbd95992de0fef795073f5ea83a81c?s=96&d=mm&r=g","url":"https:\/\/secure.gravatar.com\/avatar\/b6992f131dc8d30ab0dff15446e9d346d9dbd95992de0fef795073f5ea83a81c?s=96&d=mm&r=g","contentUrl":"https:\/\/secure.gravatar.com\/avatar\/b6992f131dc8d30ab0dff15446e9d346d9dbd95992de0fef795073f5ea83a81c?s=96&d=mm&r=g","caption":"La Gu\u00eda de Pamplona"}}]}},"post_mailing_queue_ids":[],"_links":{"self":[{"href":"https:\/\/www.laguiadepamplona.com\/actualidad\/wp-json\/wp\/v2\/posts\/37161","targetHints":{"allow":["GET"]}}],"collection":[{"href":"https:\/\/www.laguiadepamplona.com\/actualidad\/wp-json\/wp\/v2\/posts"}],"about":[{"href":"https:\/\/www.laguiadepamplona.com\/actualidad\/wp-json\/wp\/v2\/types\/post"}],"author":[{"embeddable":true,"href":"https:\/\/www.laguiadepamplona.com\/actualidad\/wp-json\/wp\/v2\/users\/1"}],"replies":[{"embeddable":true,"href":"https:\/\/www.laguiadepamplona.com\/actualidad\/wp-json\/wp\/v2\/comments?post=37161"}],"version-history":[{"count":0,"href":"https:\/\/www.laguiadepamplona.com\/actualidad\/wp-json\/wp\/v2\/posts\/37161\/revisions"}],"wp:featuredmedia":[{"embeddable":true,"href":"https:\/\/www.laguiadepamplona.com\/actualidad\/wp-json\/wp\/v2\/media\/37162"}],"wp:attachment":[{"href":"https:\/\/www.laguiadepamplona.com\/actualidad\/wp-json\/wp\/v2\/media?parent=37161"}],"wp:term":[{"taxonomy":"category","embeddable":true,"href":"https:\/\/www.laguiadepamplona.com\/actualidad\/wp-json\/wp\/v2\/categories?post=37161"},{"taxonomy":"post_tag","embeddable":true,"href":"https:\/\/www.laguiadepamplona.com\/actualidad\/wp-json\/wp\/v2\/tags?post=37161"}],"curies":[{"name":"wp","href":"https:\/\/api.w.org\/{rel}","templated":true}]}}