{"id":37129,"date":"2021-10-22T17:49:06","date_gmt":"2021-10-22T15:49:06","guid":{"rendered":"https:\/\/www.laguiadepamplona.com\/actualidad\/?p=37129"},"modified":"2023-04-11T11:48:50","modified_gmt":"2023-04-11T09:48:50","slug":"el-alcalde-de-pamplona-clausura-el-encuentro-dialogo-sobre-el-futuro-de-la-desigualdad-y-la-pobreza-que-ha-acogido-condestable-este-jueves-y-viernes","status":"publish","type":"post","link":"https:\/\/www.laguiadepamplona.com\/actualidad\/el-alcalde-de-pamplona-clausura-el-encuentro-dialogo-sobre-el-futuro-de-la-desigualdad-y-la-pobreza-que-ha-acogido-condestable-este-jueves-y-viernes\/","title":{"rendered":"El alcalde de Pamplona clausura el encuentro \u2018Di\u00e1logo sobre el futuro de la desigualdad y la pobreza\u2019 que ha acogido Condestable este jueves y viernes"},"content":{"rendered":"<h5>Mediante talleres, ponencias y mesas redondas se han abordado las oportunidades y los desaf\u00edos de la sociedad post-COVID en esos dos temas<\/h5>\n<p><!--more--><\/p>\n<p>Este mediod\u00eda ha concluido en Condestable el \u2018Di\u00e1logo sobre el futuro de la desigualdad y la pobreza\u2019, un foro organizado por el Gobierno de Espa\u00f1a, a trav\u00e9s de la Oficina Nacional de Prospectiva y Estrategia \u2013 Espa\u00f1a 2050, la Comisi\u00f3n Europea, el Parlamento Europeo y 70 instituciones (ayuntamientos, fundaciones, autonom\u00edas, universidades). El alcalde de Pamplona, Enrique Maya, ha clausurado este foro, con talleres, ponencias y mesas redondas en las que se ha reflexionado sobre las\u00a0oportunidades y los desaf\u00edos en el mundo post-COVID.<\/p>\n<p><script async src=\"\/\/pagead2.googlesyndication.com\/pagead\/js\/adsbygoogle.js\"><\/script><br \/>\n<!-- Noticias La Guia de Pamplona --><br \/>\n<ins class=\"adsbygoogle\"\nstyle=\"display:block\"\ndata-ad-client=\"ca-pub-6943679897239327\"\ndata-ad-slot=\"7048180777\"\ndata-ad-format=\"auto\"><\/ins><br \/>\n<script>\n(adsbygoogle = window.adsbygoogle || []).push({});\n<\/script><\/p>\n<p>En su intervenci\u00f3n, el alcalde ha recordado que Navarra es la comunidad espa\u00f1ola con menor riesgo de pobreza y exclusi\u00f3n social y ocupa la d\u00e9cima posici\u00f3n en la lista de regiones europeas con menor \u00edndice de pobreza. La tasa de pobreza en Navarra ronda el 12%, mientras que la media espa\u00f1ola asciende al 26,4%, seg\u00fan la tasa AROPE, indicador utilizado por la Uni\u00f3n Europea para medir ese riesgo de pobreza y exclusi\u00f3n social. En cuanto a Pamplona, el estudio se\u00f1ala que \u201cSan Jorge ha desplazado a Etxabakoitz como el barrio con la tasa m\u00e1s alta de pobreza (32%). Y que, adem\u00e1s de esos dos barrios, Buztintxuri, Casco Antiguo, Milagrosa y Rochapea presenten \u00edndices superiores a la media de Pamplona\u201d.<\/p>\n<p>El foro ha contado durante dos d\u00edas, jueves y viernes, con la presencia de autoridades como la ministra de Derechos Sociales y Agenda 2030, Ione Belarra, la presidenta del Gobierno de Navarra, Mar\u00eda Chivite, el secretario de Estado de Derechos Sociales, Nacho \u00c1lvarez, o la secretaria de Estado de Cooperaci\u00f3n Internacional, Pilar Cancela, adem\u00e1s de otras personas expertas en el tema. Entre septiembre y noviembre, 17 ciudades espa\u00f1olas est\u00e1n acogiendo estos di\u00e1logos sobre diferentes temas (energ\u00eda, empresas, envejecimiento, digitalizaci\u00f3n, innovaci\u00f3n\u2026), en los que est\u00e1n participando m\u00e1s de 500 ponentes y toda la ciudadan\u00eda que se suma de forma presencial o virtual.<\/p>\n<p><script async src=\"\/\/pagead2.googlesyndication.com\/pagead\/js\/adsbygoogle.js\"><\/script><br \/>\n<!-- Noticias La Guia de Pamplona --><br \/>\n<ins class=\"adsbygoogle\"\nstyle=\"display:block\"\ndata-ad-client=\"ca-pub-6943679897239327\"\ndata-ad-slot=\"7048180777\"\ndata-ad-format=\"auto\"><\/ins><br \/>\n<script>\n(adsbygoogle = window.adsbygoogle || []).push({});\n<\/script><\/p>\n<p>La concejala delegada de Servicios Sociales, Acci\u00f3n Comunitaria y Deporte, Mar\u00eda Caballero, ha participado esta ma\u00f1ana en una de las mesas redondas, junto al director general de Save The Children, Andr\u00e9s Conde Sol\u00e9, y al diputado del PSOE, Pau-Mari Klose. Bajo el t\u00edtulo \u2018\u00bfHay igualdad de oportunidades en Espa\u00f1a?, Caballero ha resaltado las actuaciones que el Ayuntamiento de Pamplona lleva a cabo en programas de servicios sociales, en convocatorias de ayudas y en otras acciones para tratar de paliar la desigualdad y la pobreza en la poblaci\u00f3n pamplonesa.<\/p>\n","protected":false},"excerpt":{"rendered":"<p>Mediante talleres, ponencias y mesas redondas se han abordado las oportunidades y los desaf\u00edos de la sociedad post-COVID en esos dos temas<\/p>\n","protected":false},"author":1,"featured_media":37130,"comment_status":"open","ping_status":"closed","sticky":false,"template":"","format":"standard","meta":{"footnotes":""},"categories":[2],"tags":[],"class_list":["post-37129","post","type-post","status-publish","format-standard","has-post-thumbnail","hentry","category-ayuntamiento-pamplona"],"yoast_head":"<!-- This site is optimized with the Yoast SEO plugin v27.5 - https:\/\/yoast.com\/product\/yoast-seo-wordpress\/ -->\n<title>El alcalde de Pamplona clausura el encuentro \u2018Di\u00e1logo sobre el futuro de la desigualdad y la pobreza\u2019 que ha acogido Condestable este jueves y viernes<\/title>\n<meta name=\"description\" content=\"Mediante talleres, ponencias y mesas redondas se han abordado las oportunidades y los desaf\u00edos de la sociedad post-COVID en esos dos temas\" \/>\n<meta name=\"robots\" content=\"index, follow, max-snippet:-1, max-image-preview:large, max-video-preview:-1\" \/>\n<link rel=\"canonical\" href=\"https:\/\/www.laguiadepamplona.com\/actualidad\/el-alcalde-de-pamplona-clausura-el-encuentro-dialogo-sobre-el-futuro-de-la-desigualdad-y-la-pobreza-que-ha-acogido-condestable-este-jueves-y-viernes\/\" \/>\n<meta property=\"og:locale\" content=\"es_ES\" \/>\n<meta property=\"og:type\" content=\"article\" \/>\n<meta property=\"og:title\" content=\"El alcalde de Pamplona clausura el encuentro \u2018Di\u00e1logo sobre el futuro de la desigualdad y la pobreza\u2019 que ha acogido Condestable este jueves y viernes\" \/>\n<meta property=\"og:description\" content=\"Mediante talleres, ponencias y mesas redondas se han abordado las oportunidades y los desaf\u00edos de la sociedad post-COVID en esos dos temas\" \/>\n<meta property=\"og:url\" content=\"https:\/\/www.laguiadepamplona.com\/actualidad\/el-alcalde-de-pamplona-clausura-el-encuentro-dialogo-sobre-el-futuro-de-la-desigualdad-y-la-pobreza-que-ha-acogido-condestable-este-jueves-y-viernes\/\" \/>\n<meta property=\"og:site_name\" content=\"La Gu\u00eda de Pamplona\" \/>\n<meta property=\"article:publisher\" content=\"https:\/\/www.facebook.com\/laguiadepamplonacom-133175176762273\/?ref=hl\" \/>\n<meta property=\"article:published_time\" content=\"2021-10-22T15:49:06+00:00\" \/>\n<meta property=\"article:modified_time\" content=\"2023-04-11T09:48:50+00:00\" \/>\n<meta property=\"og:image\" content=\"https:\/\/www.laguiadepamplona.com\/actualidad\/wp-content\/uploads\/2021\/10\/211022congresopobrezamariacaballero1.jpg\" \/>\n\t<meta property=\"og:image:width\" content=\"1920\" \/>\n\t<meta property=\"og:image:height\" content=\"1280\" \/>\n\t<meta property=\"og:image:type\" content=\"image\/jpeg\" \/>\n<meta name=\"author\" content=\"La Gu\u00eda de Pamplona\" \/>\n<meta name=\"twitter:card\" content=\"summary_large_image\" \/>\n<meta name=\"twitter:creator\" content=\"@LaGuiadPamplona\" \/>\n<meta name=\"twitter:site\" content=\"@LaGuiadPamplona\" \/>\n<meta name=\"twitter:label1\" content=\"Escrito por\" \/>\n\t<meta name=\"twitter:data1\" content=\"La Gu\u00eda de Pamplona\" \/>\n\t<meta name=\"twitter:label2\" content=\"Tiempo de lectura\" \/>\n\t<meta name=\"twitter:data2\" content=\"2 minutos\" \/>\n<script type=\"application\/ld+json\" class=\"yoast-schema-graph\">{\"@context\":\"https:\\\/\\\/schema.org\",\"@graph\":[{\"@type\":\"Article\",\"@id\":\"https:\\\/\\\/www.laguiadepamplona.com\\\/actualidad\\\/el-alcalde-de-pamplona-clausura-el-encuentro-dialogo-sobre-el-futuro-de-la-desigualdad-y-la-pobreza-que-ha-acogido-condestable-este-jueves-y-viernes\\\/#article\",\"isPartOf\":{\"@id\":\"https:\\\/\\\/www.laguiadepamplona.com\\\/actualidad\\\/el-alcalde-de-pamplona-clausura-el-encuentro-dialogo-sobre-el-futuro-de-la-desigualdad-y-la-pobreza-que-ha-acogido-condestable-este-jueves-y-viernes\\\/\"},\"author\":{\"name\":\"La Gu\u00eda de Pamplona\",\"@id\":\"https:\\\/\\\/www.laguiadepamplona.com\\\/actualidad\\\/#\\\/schema\\\/person\\\/efe887376f0213d4657c93adc50b1fdb\"},\"headline\":\"El alcalde de Pamplona clausura el encuentro \u2018Di\u00e1logo sobre el futuro de la desigualdad y la pobreza\u2019 que ha acogido Condestable este jueves y viernes\",\"datePublished\":\"2021-10-22T15:49:06+00:00\",\"dateModified\":\"2023-04-11T09:48:50+00:00\",\"mainEntityOfPage\":{\"@id\":\"https:\\\/\\\/www.laguiadepamplona.com\\\/actualidad\\\/el-alcalde-de-pamplona-clausura-el-encuentro-dialogo-sobre-el-futuro-de-la-desigualdad-y-la-pobreza-que-ha-acogido-condestable-este-jueves-y-viernes\\\/\"},\"wordCount\":471,\"commentCount\":0,\"publisher\":{\"@id\":\"https:\\\/\\\/www.laguiadepamplona.com\\\/actualidad\\\/#organization\"},\"image\":{\"@id\":\"https:\\\/\\\/www.laguiadepamplona.com\\\/actualidad\\\/el-alcalde-de-pamplona-clausura-el-encuentro-dialogo-sobre-el-futuro-de-la-desigualdad-y-la-pobreza-que-ha-acogido-condestable-este-jueves-y-viernes\\\/#primaryimage\"},\"thumbnailUrl\":\"https:\\\/\\\/www.laguiadepamplona.com\\\/actualidad\\\/wp-content\\\/uploads\\\/2021\\\/10\\\/211022congresopobrezamariacaballero1.jpg\",\"articleSection\":[\"Ayto Pamplona\"],\"inLanguage\":\"es\",\"potentialAction\":[{\"@type\":\"CommentAction\",\"name\":\"Comment\",\"target\":[\"https:\\\/\\\/www.laguiadepamplona.com\\\/actualidad\\\/el-alcalde-de-pamplona-clausura-el-encuentro-dialogo-sobre-el-futuro-de-la-desigualdad-y-la-pobreza-que-ha-acogido-condestable-este-jueves-y-viernes\\\/#respond\"]}]},{\"@type\":\"WebPage\",\"@id\":\"https:\\\/\\\/www.laguiadepamplona.com\\\/actualidad\\\/el-alcalde-de-pamplona-clausura-el-encuentro-dialogo-sobre-el-futuro-de-la-desigualdad-y-la-pobreza-que-ha-acogido-condestable-este-jueves-y-viernes\\\/\",\"url\":\"https:\\\/\\\/www.laguiadepamplona.com\\\/actualidad\\\/el-alcalde-de-pamplona-clausura-el-encuentro-dialogo-sobre-el-futuro-de-la-desigualdad-y-la-pobreza-que-ha-acogido-condestable-este-jueves-y-viernes\\\/\",\"name\":\"El alcalde de Pamplona clausura el encuentro \u2018Di\u00e1logo sobre el futuro de la desigualdad y la pobreza\u2019 que ha acogido Condestable este jueves y viernes\",\"isPartOf\":{\"@id\":\"https:\\\/\\\/www.laguiadepamplona.com\\\/actualidad\\\/#website\"},\"primaryImageOfPage\":{\"@id\":\"https:\\\/\\\/www.laguiadepamplona.com\\\/actualidad\\\/el-alcalde-de-pamplona-clausura-el-encuentro-dialogo-sobre-el-futuro-de-la-desigualdad-y-la-pobreza-que-ha-acogido-condestable-este-jueves-y-viernes\\\/#primaryimage\"},\"image\":{\"@id\":\"https:\\\/\\\/www.laguiadepamplona.com\\\/actualidad\\\/el-alcalde-de-pamplona-clausura-el-encuentro-dialogo-sobre-el-futuro-de-la-desigualdad-y-la-pobreza-que-ha-acogido-condestable-este-jueves-y-viernes\\\/#primaryimage\"},\"thumbnailUrl\":\"https:\\\/\\\/www.laguiadepamplona.com\\\/actualidad\\\/wp-content\\\/uploads\\\/2021\\\/10\\\/211022congresopobrezamariacaballero1.jpg\",\"datePublished\":\"2021-10-22T15:49:06+00:00\",\"dateModified\":\"2023-04-11T09:48:50+00:00\",\"description\":\"Mediante talleres, ponencias y mesas redondas se han abordado las oportunidades y los desaf\u00edos de la sociedad post-COVID en esos dos temas\",\"breadcrumb\":{\"@id\":\"https:\\\/\\\/www.laguiadepamplona.com\\\/actualidad\\\/el-alcalde-de-pamplona-clausura-el-encuentro-dialogo-sobre-el-futuro-de-la-desigualdad-y-la-pobreza-que-ha-acogido-condestable-este-jueves-y-viernes\\\/#breadcrumb\"},\"inLanguage\":\"es\",\"potentialAction\":[{\"@type\":\"ReadAction\",\"target\":[\"https:\\\/\\\/www.laguiadepamplona.com\\\/actualidad\\\/el-alcalde-de-pamplona-clausura-el-encuentro-dialogo-sobre-el-futuro-de-la-desigualdad-y-la-pobreza-que-ha-acogido-condestable-este-jueves-y-viernes\\\/\"]}]},{\"@type\":\"ImageObject\",\"inLanguage\":\"es\",\"@id\":\"https:\\\/\\\/www.laguiadepamplona.com\\\/actualidad\\\/el-alcalde-de-pamplona-clausura-el-encuentro-dialogo-sobre-el-futuro-de-la-desigualdad-y-la-pobreza-que-ha-acogido-condestable-este-jueves-y-viernes\\\/#primaryimage\",\"url\":\"https:\\\/\\\/www.laguiadepamplona.com\\\/actualidad\\\/wp-content\\\/uploads\\\/2021\\\/10\\\/211022congresopobrezamariacaballero1.jpg\",\"contentUrl\":\"https:\\\/\\\/www.laguiadepamplona.com\\\/actualidad\\\/wp-content\\\/uploads\\\/2021\\\/10\\\/211022congresopobrezamariacaballero1.jpg\",\"width\":1920,\"height\":1280},{\"@type\":\"BreadcrumbList\",\"@id\":\"https:\\\/\\\/www.laguiadepamplona.com\\\/actualidad\\\/el-alcalde-de-pamplona-clausura-el-encuentro-dialogo-sobre-el-futuro-de-la-desigualdad-y-la-pobreza-que-ha-acogido-condestable-este-jueves-y-viernes\\\/#breadcrumb\",\"itemListElement\":[{\"@type\":\"ListItem\",\"position\":1,\"name\":\"Portada\",\"item\":\"https:\\\/\\\/www.laguiadepamplona.com\\\/actualidad\\\/\"},{\"@type\":\"ListItem\",\"position\":2,\"name\":\"El alcalde de Pamplona clausura el encuentro \u2018Di\u00e1logo sobre el futuro de la desigualdad y la pobreza\u2019 que ha acogido Condestable este jueves y viernes\"}]},{\"@type\":\"WebSite\",\"@id\":\"https:\\\/\\\/www.laguiadepamplona.com\\\/actualidad\\\/#website\",\"url\":\"https:\\\/\\\/www.laguiadepamplona.com\\\/actualidad\\\/\",\"name\":\"La gu\u00eda de Pamplona\",\"description\":\"Noticias de Pamplona\",\"publisher\":{\"@id\":\"https:\\\/\\\/www.laguiadepamplona.com\\\/actualidad\\\/#organization\"},\"potentialAction\":[{\"@type\":\"SearchAction\",\"target\":{\"@type\":\"EntryPoint\",\"urlTemplate\":\"https:\\\/\\\/www.laguiadepamplona.com\\\/actualidad\\\/?s={search_term_string}\"},\"query-input\":{\"@type\":\"PropertyValueSpecification\",\"valueRequired\":true,\"valueName\":\"search_term_string\"}}],\"inLanguage\":\"es\"},{\"@type\":\"Organization\",\"@id\":\"https:\\\/\\\/www.laguiadepamplona.com\\\/actualidad\\\/#organization\",\"name\":\"La Gu\u00eda de Pamplona \\\/ Noticias\",\"url\":\"https:\\\/\\\/www.laguiadepamplona.com\\\/actualidad\\\/\",\"logo\":{\"@type\":\"ImageObject\",\"inLanguage\":\"es\",\"@id\":\"https:\\\/\\\/www.laguiadepamplona.com\\\/actualidad\\\/#\\\/schema\\\/logo\\\/image\\\/\",\"url\":\"https:\\\/\\\/www.laguiadepamplona.com\\\/actualidad\\\/wp-content\\\/uploads\\\/2018\\\/11\\\/logo-laguiadepamplona18-web1.png\",\"contentUrl\":\"https:\\\/\\\/www.laguiadepamplona.com\\\/actualidad\\\/wp-content\\\/uploads\\\/2018\\\/11\\\/logo-laguiadepamplona18-web1.png\",\"width\":600,\"height\":196,\"caption\":\"La Gu\u00eda de Pamplona \\\/ Noticias\"},\"image\":{\"@id\":\"https:\\\/\\\/www.laguiadepamplona.com\\\/actualidad\\\/#\\\/schema\\\/logo\\\/image\\\/\"},\"sameAs\":[\"https:\\\/\\\/www.facebook.com\\\/laguiadepamplonacom-133175176762273\\\/?ref=hl\",\"https:\\\/\\\/x.com\\\/LaGuiadPamplona\",\"https:\\\/\\\/www.instagram.com\\\/la_guia_de_pamplona\\\/\",\"https:\\\/\\\/www.youtube.com\\\/user\\\/laguiadepamplona\"]},{\"@type\":\"Person\",\"@id\":\"https:\\\/\\\/www.laguiadepamplona.com\\\/actualidad\\\/#\\\/schema\\\/person\\\/efe887376f0213d4657c93adc50b1fdb\",\"name\":\"La Gu\u00eda de Pamplona\",\"image\":{\"@type\":\"ImageObject\",\"inLanguage\":\"es\",\"@id\":\"https:\\\/\\\/secure.gravatar.com\\\/avatar\\\/b6992f131dc8d30ab0dff15446e9d346d9dbd95992de0fef795073f5ea83a81c?s=96&d=mm&r=g\",\"url\":\"https:\\\/\\\/secure.gravatar.com\\\/avatar\\\/b6992f131dc8d30ab0dff15446e9d346d9dbd95992de0fef795073f5ea83a81c?s=96&d=mm&r=g\",\"contentUrl\":\"https:\\\/\\\/secure.gravatar.com\\\/avatar\\\/b6992f131dc8d30ab0dff15446e9d346d9dbd95992de0fef795073f5ea83a81c?s=96&d=mm&r=g\",\"caption\":\"La Gu\u00eda de Pamplona\"}}]}<\/script>\n<!-- \/ Yoast SEO plugin. -->","yoast_head_json":{"title":"El alcalde de Pamplona clausura el encuentro \u2018Di\u00e1logo sobre el futuro de la desigualdad y la pobreza\u2019 que ha acogido Condestable este jueves y viernes","description":"Mediante talleres, ponencias y mesas redondas se han abordado las oportunidades y los desaf\u00edos de la sociedad post-COVID en esos dos temas","robots":{"index":"index","follow":"follow","max-snippet":"max-snippet:-1","max-image-preview":"max-image-preview:large","max-video-preview":"max-video-preview:-1"},"canonical":"https:\/\/www.laguiadepamplona.com\/actualidad\/el-alcalde-de-pamplona-clausura-el-encuentro-dialogo-sobre-el-futuro-de-la-desigualdad-y-la-pobreza-que-ha-acogido-condestable-este-jueves-y-viernes\/","og_locale":"es_ES","og_type":"article","og_title":"El alcalde de Pamplona clausura el encuentro \u2018Di\u00e1logo sobre el futuro de la desigualdad y la pobreza\u2019 que ha acogido Condestable este jueves y viernes","og_description":"Mediante talleres, ponencias y mesas redondas se han abordado las oportunidades y los desaf\u00edos de la sociedad post-COVID en esos dos temas","og_url":"https:\/\/www.laguiadepamplona.com\/actualidad\/el-alcalde-de-pamplona-clausura-el-encuentro-dialogo-sobre-el-futuro-de-la-desigualdad-y-la-pobreza-que-ha-acogido-condestable-este-jueves-y-viernes\/","og_site_name":"La Gu\u00eda de Pamplona","article_publisher":"https:\/\/www.facebook.com\/laguiadepamplonacom-133175176762273\/?ref=hl","article_published_time":"2021-10-22T15:49:06+00:00","article_modified_time":"2023-04-11T09:48:50+00:00","og_image":[{"width":1920,"height":1280,"url":"https:\/\/www.laguiadepamplona.com\/actualidad\/wp-content\/uploads\/2021\/10\/211022congresopobrezamariacaballero1.jpg","type":"image\/jpeg"}],"author":"La Gu\u00eda de Pamplona","twitter_card":"summary_large_image","twitter_creator":"@LaGuiadPamplona","twitter_site":"@LaGuiadPamplona","twitter_misc":{"Escrito por":"La Gu\u00eda de Pamplona","Tiempo de lectura":"2 minutos"},"schema":{"@context":"https:\/\/schema.org","@graph":[{"@type":"Article","@id":"https:\/\/www.laguiadepamplona.com\/actualidad\/el-alcalde-de-pamplona-clausura-el-encuentro-dialogo-sobre-el-futuro-de-la-desigualdad-y-la-pobreza-que-ha-acogido-condestable-este-jueves-y-viernes\/#article","isPartOf":{"@id":"https:\/\/www.laguiadepamplona.com\/actualidad\/el-alcalde-de-pamplona-clausura-el-encuentro-dialogo-sobre-el-futuro-de-la-desigualdad-y-la-pobreza-que-ha-acogido-condestable-este-jueves-y-viernes\/"},"author":{"name":"La Gu\u00eda de Pamplona","@id":"https:\/\/www.laguiadepamplona.com\/actualidad\/#\/schema\/person\/efe887376f0213d4657c93adc50b1fdb"},"headline":"El alcalde de Pamplona clausura el encuentro \u2018Di\u00e1logo sobre el futuro de la desigualdad y la pobreza\u2019 que ha acogido Condestable este jueves y viernes","datePublished":"2021-10-22T15:49:06+00:00","dateModified":"2023-04-11T09:48:50+00:00","mainEntityOfPage":{"@id":"https:\/\/www.laguiadepamplona.com\/actualidad\/el-alcalde-de-pamplona-clausura-el-encuentro-dialogo-sobre-el-futuro-de-la-desigualdad-y-la-pobreza-que-ha-acogido-condestable-este-jueves-y-viernes\/"},"wordCount":471,"commentCount":0,"publisher":{"@id":"https:\/\/www.laguiadepamplona.com\/actualidad\/#organization"},"image":{"@id":"https:\/\/www.laguiadepamplona.com\/actualidad\/el-alcalde-de-pamplona-clausura-el-encuentro-dialogo-sobre-el-futuro-de-la-desigualdad-y-la-pobreza-que-ha-acogido-condestable-este-jueves-y-viernes\/#primaryimage"},"thumbnailUrl":"https:\/\/www.laguiadepamplona.com\/actualidad\/wp-content\/uploads\/2021\/10\/211022congresopobrezamariacaballero1.jpg","articleSection":["Ayto Pamplona"],"inLanguage":"es","potentialAction":[{"@type":"CommentAction","name":"Comment","target":["https:\/\/www.laguiadepamplona.com\/actualidad\/el-alcalde-de-pamplona-clausura-el-encuentro-dialogo-sobre-el-futuro-de-la-desigualdad-y-la-pobreza-que-ha-acogido-condestable-este-jueves-y-viernes\/#respond"]}]},{"@type":"WebPage","@id":"https:\/\/www.laguiadepamplona.com\/actualidad\/el-alcalde-de-pamplona-clausura-el-encuentro-dialogo-sobre-el-futuro-de-la-desigualdad-y-la-pobreza-que-ha-acogido-condestable-este-jueves-y-viernes\/","url":"https:\/\/www.laguiadepamplona.com\/actualidad\/el-alcalde-de-pamplona-clausura-el-encuentro-dialogo-sobre-el-futuro-de-la-desigualdad-y-la-pobreza-que-ha-acogido-condestable-este-jueves-y-viernes\/","name":"El alcalde de Pamplona clausura el encuentro \u2018Di\u00e1logo sobre el futuro de la desigualdad y la pobreza\u2019 que ha acogido Condestable este jueves y viernes","isPartOf":{"@id":"https:\/\/www.laguiadepamplona.com\/actualidad\/#website"},"primaryImageOfPage":{"@id":"https:\/\/www.laguiadepamplona.com\/actualidad\/el-alcalde-de-pamplona-clausura-el-encuentro-dialogo-sobre-el-futuro-de-la-desigualdad-y-la-pobreza-que-ha-acogido-condestable-este-jueves-y-viernes\/#primaryimage"},"image":{"@id":"https:\/\/www.laguiadepamplona.com\/actualidad\/el-alcalde-de-pamplona-clausura-el-encuentro-dialogo-sobre-el-futuro-de-la-desigualdad-y-la-pobreza-que-ha-acogido-condestable-este-jueves-y-viernes\/#primaryimage"},"thumbnailUrl":"https:\/\/www.laguiadepamplona.com\/actualidad\/wp-content\/uploads\/2021\/10\/211022congresopobrezamariacaballero1.jpg","datePublished":"2021-10-22T15:49:06+00:00","dateModified":"2023-04-11T09:48:50+00:00","description":"Mediante talleres, ponencias y mesas redondas se han abordado las oportunidades y los desaf\u00edos de la sociedad post-COVID en esos dos temas","breadcrumb":{"@id":"https:\/\/www.laguiadepamplona.com\/actualidad\/el-alcalde-de-pamplona-clausura-el-encuentro-dialogo-sobre-el-futuro-de-la-desigualdad-y-la-pobreza-que-ha-acogido-condestable-este-jueves-y-viernes\/#breadcrumb"},"inLanguage":"es","potentialAction":[{"@type":"ReadAction","target":["https:\/\/www.laguiadepamplona.com\/actualidad\/el-alcalde-de-pamplona-clausura-el-encuentro-dialogo-sobre-el-futuro-de-la-desigualdad-y-la-pobreza-que-ha-acogido-condestable-este-jueves-y-viernes\/"]}]},{"@type":"ImageObject","inLanguage":"es","@id":"https:\/\/www.laguiadepamplona.com\/actualidad\/el-alcalde-de-pamplona-clausura-el-encuentro-dialogo-sobre-el-futuro-de-la-desigualdad-y-la-pobreza-que-ha-acogido-condestable-este-jueves-y-viernes\/#primaryimage","url":"https:\/\/www.laguiadepamplona.com\/actualidad\/wp-content\/uploads\/2021\/10\/211022congresopobrezamariacaballero1.jpg","contentUrl":"https:\/\/www.laguiadepamplona.com\/actualidad\/wp-content\/uploads\/2021\/10\/211022congresopobrezamariacaballero1.jpg","width":1920,"height":1280},{"@type":"BreadcrumbList","@id":"https:\/\/www.laguiadepamplona.com\/actualidad\/el-alcalde-de-pamplona-clausura-el-encuentro-dialogo-sobre-el-futuro-de-la-desigualdad-y-la-pobreza-que-ha-acogido-condestable-este-jueves-y-viernes\/#breadcrumb","itemListElement":[{"@type":"ListItem","position":1,"name":"Portada","item":"https:\/\/www.laguiadepamplona.com\/actualidad\/"},{"@type":"ListItem","position":2,"name":"El alcalde de Pamplona clausura el encuentro \u2018Di\u00e1logo sobre el futuro de la desigualdad y la pobreza\u2019 que ha acogido Condestable este jueves y viernes"}]},{"@type":"WebSite","@id":"https:\/\/www.laguiadepamplona.com\/actualidad\/#website","url":"https:\/\/www.laguiadepamplona.com\/actualidad\/","name":"La gu\u00eda de Pamplona","description":"Noticias de Pamplona","publisher":{"@id":"https:\/\/www.laguiadepamplona.com\/actualidad\/#organization"},"potentialAction":[{"@type":"SearchAction","target":{"@type":"EntryPoint","urlTemplate":"https:\/\/www.laguiadepamplona.com\/actualidad\/?s={search_term_string}"},"query-input":{"@type":"PropertyValueSpecification","valueRequired":true,"valueName":"search_term_string"}}],"inLanguage":"es"},{"@type":"Organization","@id":"https:\/\/www.laguiadepamplona.com\/actualidad\/#organization","name":"La Gu\u00eda de Pamplona \/ Noticias","url":"https:\/\/www.laguiadepamplona.com\/actualidad\/","logo":{"@type":"ImageObject","inLanguage":"es","@id":"https:\/\/www.laguiadepamplona.com\/actualidad\/#\/schema\/logo\/image\/","url":"https:\/\/www.laguiadepamplona.com\/actualidad\/wp-content\/uploads\/2018\/11\/logo-laguiadepamplona18-web1.png","contentUrl":"https:\/\/www.laguiadepamplona.com\/actualidad\/wp-content\/uploads\/2018\/11\/logo-laguiadepamplona18-web1.png","width":600,"height":196,"caption":"La Gu\u00eda de Pamplona \/ Noticias"},"image":{"@id":"https:\/\/www.laguiadepamplona.com\/actualidad\/#\/schema\/logo\/image\/"},"sameAs":["https:\/\/www.facebook.com\/laguiadepamplonacom-133175176762273\/?ref=hl","https:\/\/x.com\/LaGuiadPamplona","https:\/\/www.instagram.com\/la_guia_de_pamplona\/","https:\/\/www.youtube.com\/user\/laguiadepamplona"]},{"@type":"Person","@id":"https:\/\/www.laguiadepamplona.com\/actualidad\/#\/schema\/person\/efe887376f0213d4657c93adc50b1fdb","name":"La Gu\u00eda de Pamplona","image":{"@type":"ImageObject","inLanguage":"es","@id":"https:\/\/secure.gravatar.com\/avatar\/b6992f131dc8d30ab0dff15446e9d346d9dbd95992de0fef795073f5ea83a81c?s=96&d=mm&r=g","url":"https:\/\/secure.gravatar.com\/avatar\/b6992f131dc8d30ab0dff15446e9d346d9dbd95992de0fef795073f5ea83a81c?s=96&d=mm&r=g","contentUrl":"https:\/\/secure.gravatar.com\/avatar\/b6992f131dc8d30ab0dff15446e9d346d9dbd95992de0fef795073f5ea83a81c?s=96&d=mm&r=g","caption":"La Gu\u00eda de Pamplona"}}]}},"post_mailing_queue_ids":[],"_links":{"self":[{"href":"https:\/\/www.laguiadepamplona.com\/actualidad\/wp-json\/wp\/v2\/posts\/37129","targetHints":{"allow":["GET"]}}],"collection":[{"href":"https:\/\/www.laguiadepamplona.com\/actualidad\/wp-json\/wp\/v2\/posts"}],"about":[{"href":"https:\/\/www.laguiadepamplona.com\/actualidad\/wp-json\/wp\/v2\/types\/post"}],"author":[{"embeddable":true,"href":"https:\/\/www.laguiadepamplona.com\/actualidad\/wp-json\/wp\/v2\/users\/1"}],"replies":[{"embeddable":true,"href":"https:\/\/www.laguiadepamplona.com\/actualidad\/wp-json\/wp\/v2\/comments?post=37129"}],"version-history":[{"count":0,"href":"https:\/\/www.laguiadepamplona.com\/actualidad\/wp-json\/wp\/v2\/posts\/37129\/revisions"}],"wp:featuredmedia":[{"embeddable":true,"href":"https:\/\/www.laguiadepamplona.com\/actualidad\/wp-json\/wp\/v2\/media\/37130"}],"wp:attachment":[{"href":"https:\/\/www.laguiadepamplona.com\/actualidad\/wp-json\/wp\/v2\/media?parent=37129"}],"wp:term":[{"taxonomy":"category","embeddable":true,"href":"https:\/\/www.laguiadepamplona.com\/actualidad\/wp-json\/wp\/v2\/categories?post=37129"},{"taxonomy":"post_tag","embeddable":true,"href":"https:\/\/www.laguiadepamplona.com\/actualidad\/wp-json\/wp\/v2\/tags?post=37129"}],"curies":[{"name":"wp","href":"https:\/\/api.w.org\/{rel}","templated":true}]}}