{"id":37126,"date":"2021-10-22T17:47:23","date_gmt":"2021-10-22T15:47:23","guid":{"rendered":"https:\/\/www.laguiadepamplona.com\/actualidad\/?p=37126"},"modified":"2023-04-11T11:48:50","modified_gmt":"2023-04-11T09:48:50","slug":"pamplona-recuerda-la-primera-sesion-cinematografica-en-el-teatro-principal-en-1896-con-un-monolito-conmemorativo-en-la-confluencia-de-la-plaza-del-castillo-con-carlos-iii","status":"publish","type":"post","link":"https:\/\/www.laguiadepamplona.com\/actualidad\/pamplona-recuerda-la-primera-sesion-cinematografica-en-el-teatro-principal-en-1896-con-un-monolito-conmemorativo-en-la-confluencia-de-la-plaza-del-castillo-con-carlos-iii\/","title":{"rendered":"Pamplona recuerda la primera sesi\u00f3n cinematogr\u00e1fica en el Teatro Principal en 1896 con un monolito conmemorativo en la confluencia de la Plaza del Castillo con Carlos III"},"content":{"rendered":"<h5>El domingo el Teatro Gayarre acoge una sesi\u00f3n con los ocho t\u00edtulos que se proyectaron en ese estreno del cine en Pamplona un 24 de octubre de 1896<\/h5>\n<p><!--more--><\/p>\n<p>Fue un 24 de octubre de 1896 en el antiguo Teatro Principal. En el cartel original se hablaba del \u201cKinemat\u00f3grafo (fotograf\u00eda animada)\u201d como una \u201cmaravillosa invenci\u00f3n de Edison\u201d, con un programa que inclu\u00eda ocho proyecciones. Suced\u00eda hace 125 a\u00f1os y era la primera proyecci\u00f3n cinematogr\u00e1fica que tuvo lugar en Pamplona. Desde esta ma\u00f1ana, un monolito conmemorativo recuerda ese hecho hist\u00f3rico en la confluencia de la Plaza del Castillo con la avenida de Carlos III, lugar en el que se encontraba a finales de ese siglo XIX el Teatro Principal.<\/p>\n<p><script async src=\"\/\/pagead2.googlesyndication.com\/pagead\/js\/adsbygoogle.js\"><\/script><br \/>\n<!-- Noticias La Guia de Pamplona --><br \/>\n<ins class=\"adsbygoogle\"\nstyle=\"display:block\"\ndata-ad-client=\"ca-pub-6943679897239327\"\ndata-ad-slot=\"7048180777\"\ndata-ad-format=\"auto\"><\/ins><br \/>\n<script>\n(adsbygoogle = window.adsbygoogle || []).push({});\n<\/script><\/p>\n<p>El alcalde de Pamplona, Enrique Maya, la consejera de Cultura y Deporte, Rebeca Esnaola, y el coordinador de la Filmoteca de Navarra, Alberto Ca\u00f1ada, han sido los encargados de descubrir ese nuevo hito en la ciudad, vinculado al s\u00e9ptimo arte y al recuerdo de esa primera proyecci\u00f3n cinematogr\u00e1fica. Al acto han asistido tambi\u00e9n el director general de Cultura \u2013 Instituci\u00f3n Pr\u00edncipe de Viana, I\u00f1aki Apeztegu\u00eda, la concejala delegada de Cultura e Igualdad del Ayuntamiento de Pamplona, Mar\u00eda Garc\u00eda-Barberena, y el director del \u00e1rea Jorge Urd\u00e1noz.<\/p>\n<p>Se trata de un monolito de granito con una placa que plasma un texto que hace referencia a la antigua ubicaci\u00f3n del Teatro Principal y a la efem\u00e9ride cinematogr\u00e1fica. Adem\u00e1s, incluye una panor\u00e1mica del lugar de finales del siglo XIX donde se pueden ver las casas del frente sur de la plaza, con el Teatro Principal en el centro. En la imagen tambi\u00e9n se muestra la fuente de la Beneficencia, m\u00e1s conocida como la Mari Blanca, ubicada en el lugar en el que ahora est\u00e1 el quiosco. Esta era una de las fuentes monumentales dise\u00f1adas por Luis Paret para Pamplona un siglo antes, cuya figura de remate se encuentra actualmente en el parque de la Taconera.<\/p>\n<p>En 1896 Pamplona contaba con apenas 29.000 habitantes que viv\u00edan en lo que actualmente ser\u00eda el Casco Antiguo de la ciudad. Ocho a\u00f1os antes se hab\u00edan derribado los dos baluartes interiores de la Ciudades para facilitar la construcci\u00f3n del Primer Ensanche. En esa \u00e9poca, Pamplona era una ciudad sin coches ni veh\u00edculos a motor y Navarra era reconocida culturalmente en el mundo gracias a dos grandes figuras musicales, el violinista y compositor Pablo Sarasate y el tenor Juli\u00e1n Gayarre. El Teatro Principal, por su parte, hab\u00eda abierto sus puertas en 1841 en la Plaza de la Constituci\u00f3n (actual Plaza del Castillo). En 1903 cambi\u00f3 su nombre por el de Teatro Gayarre hasta la actualidad, aunque desde 1932 en distinta ubicaci\u00f3n, no muy lejana de su lugar original.<\/p>\n<p><script async src=\"\/\/pagead2.googlesyndication.com\/pagead\/js\/adsbygoogle.js\"><\/script><br \/>\n<!-- Noticias La Guia de Pamplona --><br \/>\n<ins class=\"adsbygoogle\"\nstyle=\"display:block\"\ndata-ad-client=\"ca-pub-6943679897239327\"\ndata-ad-slot=\"7048180777\"\ndata-ad-format=\"auto\"><\/ins><br \/>\n<script>\n(adsbygoogle = window.adsbygoogle || []).push({});\n<\/script><\/p>\n<p><strong>Diez minutos de cine en ocho proyecciones<\/strong><\/p>\n<p>Esa primera sesi\u00f3n de cine en 1896 dur\u00f3 apenas 10 minutos, con la proyecci\u00f3n de ocho t\u00edtulos, la mayor\u00eda procedentes del cat\u00e1logo de los hermanos Lumi\u00e9re. Esos mismos ocho t\u00edtulos se podr\u00e1n ver el domingo en el Teatro Gayarre, en una sesi\u00f3n especial y conmemorativa de esta efem\u00e9ride. Comenzar\u00e1 a las 19 horas, con entradas al precio de 5 euros, que se pueden adquirir en <a href=\"http:\/\/www.teatrogayarre.com\" target=\"_blank\" rel=\"noopener\">www.teatrogayarre.com<\/a>.<\/p>\n<p>La idea es recordar aquella sesi\u00f3n, por lo que se proyectar\u00e1n las pel\u00edculas que se vieron aquel 24 de octubre de 1896: \u2018Una pelea de negros\u2019, \u2018Una fragua en la que se ve el martillear del hierro\u2019, \u2018Un paso de coches en el que los carruajes pasan a trote\u2019, \u2018Un campo de labradores\u2019, \u2018Una playa, una barca por el mar y unas ni\u00f1as con su madre\u2019, \u2018El baile de la serpentina cambiando de color el traje tal como se representa en el teatro\u2019, \u2018Los boulevares de Par\u00eds con su aglomeraci\u00f3n de gentes y chiches que van y vienen\u201d y \u201cLa llegada de un tren a la estaci\u00f3n con la salida y entrada de viajeros\u201d.<\/p>\n<p>La sesi\u00f3n se iniciar\u00e1 con una sucesi\u00f3n de im\u00e1genes fijas de la Pamplona de finales del siglo XIX y textos del historiador Juan Jos\u00e9 Martinena. Tras los ocho t\u00edtulos de aquel estreno de 1896, se proyectar\u00e1 \u2018Evocaci\u00f3n de los cinemat\u00f3grafos pamploneses (1896 \u2013 2021)\u2019, un homenaje a los principales salones cinematogr\u00e1ficos de Pamplona que iniciaron y han mantenido hasta hoy la exhibici\u00f3n de pel\u00edculas como elemento de distracci\u00f3n, negocio y difusi\u00f3n cultural. Una evocaci\u00f3n nost\u00e1lgica que llevar\u00e1 al p\u00fablico a las barracas de feria en San Ferm\u00edn, a locales del Primer Ensanche, a salones parroquiales y de colegios o a las distintas salas de cine que habido en la ciudad. Javier As\u00edn se encargar\u00e1 de amenizar este montaje con m\u00fasica de piano en directo.<\/p>\n","protected":false},"excerpt":{"rendered":"<p>El domingo el Teatro Gayarre acoge una sesi\u00f3n con los ocho t\u00edtulos que se proyectaron en ese estreno del cine en Pamplona un 24 de octubre de 1896<\/p>\n","protected":false},"author":1,"featured_media":37127,"comment_status":"open","ping_status":"closed","sticky":false,"template":"","format":"standard","meta":{"footnotes":""},"categories":[2],"tags":[],"class_list":["post-37126","post","type-post","status-publish","format-standard","has-post-thumbnail","hentry","category-ayuntamiento-pamplona"],"yoast_head":"<!-- This site is optimized with the Yoast SEO plugin v27.5 - https:\/\/yoast.com\/product\/yoast-seo-wordpress\/ -->\n<title>Pamplona recuerda la primera sesi\u00f3n cinematogr\u00e1fica en el Teatro Principal en 1896 con un monolito conmemorativo en la confluencia de la Plaza del Castillo con Carlos III<\/title>\n<meta name=\"description\" content=\"El domingo el Teatro Gayarre acoge una sesi\u00f3n con los ocho t\u00edtulos que se proyectaron en ese estreno del cine en Pamplona un 24 de octubre de 1896\" \/>\n<meta name=\"robots\" content=\"index, follow, max-snippet:-1, max-image-preview:large, max-video-preview:-1\" \/>\n<link rel=\"canonical\" href=\"https:\/\/www.laguiadepamplona.com\/actualidad\/pamplona-recuerda-la-primera-sesion-cinematografica-en-el-teatro-principal-en-1896-con-un-monolito-conmemorativo-en-la-confluencia-de-la-plaza-del-castillo-con-carlos-iii\/\" \/>\n<meta property=\"og:locale\" content=\"es_ES\" \/>\n<meta property=\"og:type\" content=\"article\" \/>\n<meta property=\"og:title\" content=\"Pamplona recuerda la primera sesi\u00f3n cinematogr\u00e1fica en el Teatro Principal en 1896 con un monolito conmemorativo en la confluencia de la Plaza del Castillo con Carlos III\" \/>\n<meta property=\"og:description\" content=\"El domingo el Teatro Gayarre acoge una sesi\u00f3n con los ocho t\u00edtulos que se proyectaron en ese estreno del cine en Pamplona un 24 de octubre de 1896\" \/>\n<meta property=\"og:url\" content=\"https:\/\/www.laguiadepamplona.com\/actualidad\/pamplona-recuerda-la-primera-sesion-cinematografica-en-el-teatro-principal-en-1896-con-un-monolito-conmemorativo-en-la-confluencia-de-la-plaza-del-castillo-con-carlos-iii\/\" \/>\n<meta property=\"og:site_name\" content=\"La Gu\u00eda de Pamplona\" \/>\n<meta property=\"article:publisher\" content=\"https:\/\/www.facebook.com\/laguiadepamplonacom-133175176762273\/?ref=hl\" \/>\n<meta property=\"article:published_time\" content=\"2021-10-22T15:47:23+00:00\" \/>\n<meta property=\"article:modified_time\" content=\"2023-04-11T09:48:50+00:00\" \/>\n<meta property=\"og:image\" content=\"https:\/\/www.laguiadepamplona.com\/actualidad\/wp-content\/uploads\/2021\/10\/teatroprincipaljgv5311.jpg\" \/>\n\t<meta property=\"og:image:width\" content=\"1920\" \/>\n\t<meta property=\"og:image:height\" content=\"1280\" \/>\n\t<meta property=\"og:image:type\" content=\"image\/jpeg\" \/>\n<meta name=\"author\" content=\"La Gu\u00eda de Pamplona\" \/>\n<meta name=\"twitter:card\" content=\"summary_large_image\" \/>\n<meta name=\"twitter:creator\" content=\"@LaGuiadPamplona\" \/>\n<meta name=\"twitter:site\" content=\"@LaGuiadPamplona\" \/>\n<meta name=\"twitter:label1\" content=\"Escrito por\" \/>\n\t<meta name=\"twitter:data1\" content=\"La Gu\u00eda de Pamplona\" \/>\n\t<meta name=\"twitter:label2\" content=\"Tiempo de lectura\" \/>\n\t<meta name=\"twitter:data2\" content=\"4 minutos\" \/>\n<script type=\"application\/ld+json\" class=\"yoast-schema-graph\">{\"@context\":\"https:\\\/\\\/schema.org\",\"@graph\":[{\"@type\":\"Article\",\"@id\":\"https:\\\/\\\/www.laguiadepamplona.com\\\/actualidad\\\/pamplona-recuerda-la-primera-sesion-cinematografica-en-el-teatro-principal-en-1896-con-un-monolito-conmemorativo-en-la-confluencia-de-la-plaza-del-castillo-con-carlos-iii\\\/#article\",\"isPartOf\":{\"@id\":\"https:\\\/\\\/www.laguiadepamplona.com\\\/actualidad\\\/pamplona-recuerda-la-primera-sesion-cinematografica-en-el-teatro-principal-en-1896-con-un-monolito-conmemorativo-en-la-confluencia-de-la-plaza-del-castillo-con-carlos-iii\\\/\"},\"author\":{\"name\":\"La Gu\u00eda de Pamplona\",\"@id\":\"https:\\\/\\\/www.laguiadepamplona.com\\\/actualidad\\\/#\\\/schema\\\/person\\\/efe887376f0213d4657c93adc50b1fdb\"},\"headline\":\"Pamplona recuerda la primera sesi\u00f3n cinematogr\u00e1fica en el Teatro Principal en 1896 con un monolito conmemorativo en la confluencia de la Plaza del Castillo con Carlos III\",\"datePublished\":\"2021-10-22T15:47:23+00:00\",\"dateModified\":\"2023-04-11T09:48:50+00:00\",\"mainEntityOfPage\":{\"@id\":\"https:\\\/\\\/www.laguiadepamplona.com\\\/actualidad\\\/pamplona-recuerda-la-primera-sesion-cinematografica-en-el-teatro-principal-en-1896-con-un-monolito-conmemorativo-en-la-confluencia-de-la-plaza-del-castillo-con-carlos-iii\\\/\"},\"wordCount\":841,\"commentCount\":0,\"publisher\":{\"@id\":\"https:\\\/\\\/www.laguiadepamplona.com\\\/actualidad\\\/#organization\"},\"image\":{\"@id\":\"https:\\\/\\\/www.laguiadepamplona.com\\\/actualidad\\\/pamplona-recuerda-la-primera-sesion-cinematografica-en-el-teatro-principal-en-1896-con-un-monolito-conmemorativo-en-la-confluencia-de-la-plaza-del-castillo-con-carlos-iii\\\/#primaryimage\"},\"thumbnailUrl\":\"https:\\\/\\\/www.laguiadepamplona.com\\\/actualidad\\\/wp-content\\\/uploads\\\/2021\\\/10\\\/teatroprincipaljgv5311.jpg\",\"articleSection\":[\"Ayto Pamplona\"],\"inLanguage\":\"es\",\"potentialAction\":[{\"@type\":\"CommentAction\",\"name\":\"Comment\",\"target\":[\"https:\\\/\\\/www.laguiadepamplona.com\\\/actualidad\\\/pamplona-recuerda-la-primera-sesion-cinematografica-en-el-teatro-principal-en-1896-con-un-monolito-conmemorativo-en-la-confluencia-de-la-plaza-del-castillo-con-carlos-iii\\\/#respond\"]}]},{\"@type\":\"WebPage\",\"@id\":\"https:\\\/\\\/www.laguiadepamplona.com\\\/actualidad\\\/pamplona-recuerda-la-primera-sesion-cinematografica-en-el-teatro-principal-en-1896-con-un-monolito-conmemorativo-en-la-confluencia-de-la-plaza-del-castillo-con-carlos-iii\\\/\",\"url\":\"https:\\\/\\\/www.laguiadepamplona.com\\\/actualidad\\\/pamplona-recuerda-la-primera-sesion-cinematografica-en-el-teatro-principal-en-1896-con-un-monolito-conmemorativo-en-la-confluencia-de-la-plaza-del-castillo-con-carlos-iii\\\/\",\"name\":\"Pamplona recuerda la primera sesi\u00f3n cinematogr\u00e1fica en el Teatro Principal en 1896 con un monolito conmemorativo en la confluencia de la Plaza del Castillo con Carlos III\",\"isPartOf\":{\"@id\":\"https:\\\/\\\/www.laguiadepamplona.com\\\/actualidad\\\/#website\"},\"primaryImageOfPage\":{\"@id\":\"https:\\\/\\\/www.laguiadepamplona.com\\\/actualidad\\\/pamplona-recuerda-la-primera-sesion-cinematografica-en-el-teatro-principal-en-1896-con-un-monolito-conmemorativo-en-la-confluencia-de-la-plaza-del-castillo-con-carlos-iii\\\/#primaryimage\"},\"image\":{\"@id\":\"https:\\\/\\\/www.laguiadepamplona.com\\\/actualidad\\\/pamplona-recuerda-la-primera-sesion-cinematografica-en-el-teatro-principal-en-1896-con-un-monolito-conmemorativo-en-la-confluencia-de-la-plaza-del-castillo-con-carlos-iii\\\/#primaryimage\"},\"thumbnailUrl\":\"https:\\\/\\\/www.laguiadepamplona.com\\\/actualidad\\\/wp-content\\\/uploads\\\/2021\\\/10\\\/teatroprincipaljgv5311.jpg\",\"datePublished\":\"2021-10-22T15:47:23+00:00\",\"dateModified\":\"2023-04-11T09:48:50+00:00\",\"description\":\"El domingo el Teatro Gayarre acoge una sesi\u00f3n con los ocho t\u00edtulos que se proyectaron en ese estreno del cine en Pamplona un 24 de octubre de 1896\",\"breadcrumb\":{\"@id\":\"https:\\\/\\\/www.laguiadepamplona.com\\\/actualidad\\\/pamplona-recuerda-la-primera-sesion-cinematografica-en-el-teatro-principal-en-1896-con-un-monolito-conmemorativo-en-la-confluencia-de-la-plaza-del-castillo-con-carlos-iii\\\/#breadcrumb\"},\"inLanguage\":\"es\",\"potentialAction\":[{\"@type\":\"ReadAction\",\"target\":[\"https:\\\/\\\/www.laguiadepamplona.com\\\/actualidad\\\/pamplona-recuerda-la-primera-sesion-cinematografica-en-el-teatro-principal-en-1896-con-un-monolito-conmemorativo-en-la-confluencia-de-la-plaza-del-castillo-con-carlos-iii\\\/\"]}]},{\"@type\":\"ImageObject\",\"inLanguage\":\"es\",\"@id\":\"https:\\\/\\\/www.laguiadepamplona.com\\\/actualidad\\\/pamplona-recuerda-la-primera-sesion-cinematografica-en-el-teatro-principal-en-1896-con-un-monolito-conmemorativo-en-la-confluencia-de-la-plaza-del-castillo-con-carlos-iii\\\/#primaryimage\",\"url\":\"https:\\\/\\\/www.laguiadepamplona.com\\\/actualidad\\\/wp-content\\\/uploads\\\/2021\\\/10\\\/teatroprincipaljgv5311.jpg\",\"contentUrl\":\"https:\\\/\\\/www.laguiadepamplona.com\\\/actualidad\\\/wp-content\\\/uploads\\\/2021\\\/10\\\/teatroprincipaljgv5311.jpg\",\"width\":1920,\"height\":1280,\"caption\":\"A* Jes\u00fas Garzaron F* 2021_10_22 T* Colocaci\u00f3n de una placa conmemorativa del antiguo Teatro Principal. 125 Aniversario de la primera sesi\u00f3n de cine en Navarra L* Carlos II y Plaza del Castillo\"},{\"@type\":\"BreadcrumbList\",\"@id\":\"https:\\\/\\\/www.laguiadepamplona.com\\\/actualidad\\\/pamplona-recuerda-la-primera-sesion-cinematografica-en-el-teatro-principal-en-1896-con-un-monolito-conmemorativo-en-la-confluencia-de-la-plaza-del-castillo-con-carlos-iii\\\/#breadcrumb\",\"itemListElement\":[{\"@type\":\"ListItem\",\"position\":1,\"name\":\"Portada\",\"item\":\"https:\\\/\\\/www.laguiadepamplona.com\\\/actualidad\\\/\"},{\"@type\":\"ListItem\",\"position\":2,\"name\":\"Pamplona recuerda la primera sesi\u00f3n cinematogr\u00e1fica en el Teatro Principal en 1896 con un monolito conmemorativo en la confluencia de la Plaza del Castillo con Carlos III\"}]},{\"@type\":\"WebSite\",\"@id\":\"https:\\\/\\\/www.laguiadepamplona.com\\\/actualidad\\\/#website\",\"url\":\"https:\\\/\\\/www.laguiadepamplona.com\\\/actualidad\\\/\",\"name\":\"La gu\u00eda de Pamplona\",\"description\":\"Noticias de Pamplona\",\"publisher\":{\"@id\":\"https:\\\/\\\/www.laguiadepamplona.com\\\/actualidad\\\/#organization\"},\"potentialAction\":[{\"@type\":\"SearchAction\",\"target\":{\"@type\":\"EntryPoint\",\"urlTemplate\":\"https:\\\/\\\/www.laguiadepamplona.com\\\/actualidad\\\/?s={search_term_string}\"},\"query-input\":{\"@type\":\"PropertyValueSpecification\",\"valueRequired\":true,\"valueName\":\"search_term_string\"}}],\"inLanguage\":\"es\"},{\"@type\":\"Organization\",\"@id\":\"https:\\\/\\\/www.laguiadepamplona.com\\\/actualidad\\\/#organization\",\"name\":\"La Gu\u00eda de Pamplona \\\/ Noticias\",\"url\":\"https:\\\/\\\/www.laguiadepamplona.com\\\/actualidad\\\/\",\"logo\":{\"@type\":\"ImageObject\",\"inLanguage\":\"es\",\"@id\":\"https:\\\/\\\/www.laguiadepamplona.com\\\/actualidad\\\/#\\\/schema\\\/logo\\\/image\\\/\",\"url\":\"https:\\\/\\\/www.laguiadepamplona.com\\\/actualidad\\\/wp-content\\\/uploads\\\/2018\\\/11\\\/logo-laguiadepamplona18-web1.png\",\"contentUrl\":\"https:\\\/\\\/www.laguiadepamplona.com\\\/actualidad\\\/wp-content\\\/uploads\\\/2018\\\/11\\\/logo-laguiadepamplona18-web1.png\",\"width\":600,\"height\":196,\"caption\":\"La Gu\u00eda de Pamplona \\\/ Noticias\"},\"image\":{\"@id\":\"https:\\\/\\\/www.laguiadepamplona.com\\\/actualidad\\\/#\\\/schema\\\/logo\\\/image\\\/\"},\"sameAs\":[\"https:\\\/\\\/www.facebook.com\\\/laguiadepamplonacom-133175176762273\\\/?ref=hl\",\"https:\\\/\\\/x.com\\\/LaGuiadPamplona\",\"https:\\\/\\\/www.instagram.com\\\/la_guia_de_pamplona\\\/\",\"https:\\\/\\\/www.youtube.com\\\/user\\\/laguiadepamplona\"]},{\"@type\":\"Person\",\"@id\":\"https:\\\/\\\/www.laguiadepamplona.com\\\/actualidad\\\/#\\\/schema\\\/person\\\/efe887376f0213d4657c93adc50b1fdb\",\"name\":\"La Gu\u00eda de Pamplona\",\"image\":{\"@type\":\"ImageObject\",\"inLanguage\":\"es\",\"@id\":\"https:\\\/\\\/secure.gravatar.com\\\/avatar\\\/b6992f131dc8d30ab0dff15446e9d346d9dbd95992de0fef795073f5ea83a81c?s=96&d=mm&r=g\",\"url\":\"https:\\\/\\\/secure.gravatar.com\\\/avatar\\\/b6992f131dc8d30ab0dff15446e9d346d9dbd95992de0fef795073f5ea83a81c?s=96&d=mm&r=g\",\"contentUrl\":\"https:\\\/\\\/secure.gravatar.com\\\/avatar\\\/b6992f131dc8d30ab0dff15446e9d346d9dbd95992de0fef795073f5ea83a81c?s=96&d=mm&r=g\",\"caption\":\"La Gu\u00eda de Pamplona\"}}]}<\/script>\n<!-- \/ Yoast SEO plugin. -->","yoast_head_json":{"title":"Pamplona recuerda la primera sesi\u00f3n cinematogr\u00e1fica en el Teatro Principal en 1896 con un monolito conmemorativo en la confluencia de la Plaza del Castillo con Carlos III","description":"El domingo el Teatro Gayarre acoge una sesi\u00f3n con los ocho t\u00edtulos que se proyectaron en ese estreno del cine en Pamplona un 24 de octubre de 1896","robots":{"index":"index","follow":"follow","max-snippet":"max-snippet:-1","max-image-preview":"max-image-preview:large","max-video-preview":"max-video-preview:-1"},"canonical":"https:\/\/www.laguiadepamplona.com\/actualidad\/pamplona-recuerda-la-primera-sesion-cinematografica-en-el-teatro-principal-en-1896-con-un-monolito-conmemorativo-en-la-confluencia-de-la-plaza-del-castillo-con-carlos-iii\/","og_locale":"es_ES","og_type":"article","og_title":"Pamplona recuerda la primera sesi\u00f3n cinematogr\u00e1fica en el Teatro Principal en 1896 con un monolito conmemorativo en la confluencia de la Plaza del Castillo con Carlos III","og_description":"El domingo el Teatro Gayarre acoge una sesi\u00f3n con los ocho t\u00edtulos que se proyectaron en ese estreno del cine en Pamplona un 24 de octubre de 1896","og_url":"https:\/\/www.laguiadepamplona.com\/actualidad\/pamplona-recuerda-la-primera-sesion-cinematografica-en-el-teatro-principal-en-1896-con-un-monolito-conmemorativo-en-la-confluencia-de-la-plaza-del-castillo-con-carlos-iii\/","og_site_name":"La Gu\u00eda de Pamplona","article_publisher":"https:\/\/www.facebook.com\/laguiadepamplonacom-133175176762273\/?ref=hl","article_published_time":"2021-10-22T15:47:23+00:00","article_modified_time":"2023-04-11T09:48:50+00:00","og_image":[{"width":1920,"height":1280,"url":"https:\/\/www.laguiadepamplona.com\/actualidad\/wp-content\/uploads\/2021\/10\/teatroprincipaljgv5311.jpg","type":"image\/jpeg"}],"author":"La Gu\u00eda de Pamplona","twitter_card":"summary_large_image","twitter_creator":"@LaGuiadPamplona","twitter_site":"@LaGuiadPamplona","twitter_misc":{"Escrito por":"La Gu\u00eda de Pamplona","Tiempo de lectura":"4 minutos"},"schema":{"@context":"https:\/\/schema.org","@graph":[{"@type":"Article","@id":"https:\/\/www.laguiadepamplona.com\/actualidad\/pamplona-recuerda-la-primera-sesion-cinematografica-en-el-teatro-principal-en-1896-con-un-monolito-conmemorativo-en-la-confluencia-de-la-plaza-del-castillo-con-carlos-iii\/#article","isPartOf":{"@id":"https:\/\/www.laguiadepamplona.com\/actualidad\/pamplona-recuerda-la-primera-sesion-cinematografica-en-el-teatro-principal-en-1896-con-un-monolito-conmemorativo-en-la-confluencia-de-la-plaza-del-castillo-con-carlos-iii\/"},"author":{"name":"La Gu\u00eda de Pamplona","@id":"https:\/\/www.laguiadepamplona.com\/actualidad\/#\/schema\/person\/efe887376f0213d4657c93adc50b1fdb"},"headline":"Pamplona recuerda la primera sesi\u00f3n cinematogr\u00e1fica en el Teatro Principal en 1896 con un monolito conmemorativo en la confluencia de la Plaza del Castillo con Carlos III","datePublished":"2021-10-22T15:47:23+00:00","dateModified":"2023-04-11T09:48:50+00:00","mainEntityOfPage":{"@id":"https:\/\/www.laguiadepamplona.com\/actualidad\/pamplona-recuerda-la-primera-sesion-cinematografica-en-el-teatro-principal-en-1896-con-un-monolito-conmemorativo-en-la-confluencia-de-la-plaza-del-castillo-con-carlos-iii\/"},"wordCount":841,"commentCount":0,"publisher":{"@id":"https:\/\/www.laguiadepamplona.com\/actualidad\/#organization"},"image":{"@id":"https:\/\/www.laguiadepamplona.com\/actualidad\/pamplona-recuerda-la-primera-sesion-cinematografica-en-el-teatro-principal-en-1896-con-un-monolito-conmemorativo-en-la-confluencia-de-la-plaza-del-castillo-con-carlos-iii\/#primaryimage"},"thumbnailUrl":"https:\/\/www.laguiadepamplona.com\/actualidad\/wp-content\/uploads\/2021\/10\/teatroprincipaljgv5311.jpg","articleSection":["Ayto Pamplona"],"inLanguage":"es","potentialAction":[{"@type":"CommentAction","name":"Comment","target":["https:\/\/www.laguiadepamplona.com\/actualidad\/pamplona-recuerda-la-primera-sesion-cinematografica-en-el-teatro-principal-en-1896-con-un-monolito-conmemorativo-en-la-confluencia-de-la-plaza-del-castillo-con-carlos-iii\/#respond"]}]},{"@type":"WebPage","@id":"https:\/\/www.laguiadepamplona.com\/actualidad\/pamplona-recuerda-la-primera-sesion-cinematografica-en-el-teatro-principal-en-1896-con-un-monolito-conmemorativo-en-la-confluencia-de-la-plaza-del-castillo-con-carlos-iii\/","url":"https:\/\/www.laguiadepamplona.com\/actualidad\/pamplona-recuerda-la-primera-sesion-cinematografica-en-el-teatro-principal-en-1896-con-un-monolito-conmemorativo-en-la-confluencia-de-la-plaza-del-castillo-con-carlos-iii\/","name":"Pamplona recuerda la primera sesi\u00f3n cinematogr\u00e1fica en el Teatro Principal en 1896 con un monolito conmemorativo en la confluencia de la Plaza del Castillo con Carlos III","isPartOf":{"@id":"https:\/\/www.laguiadepamplona.com\/actualidad\/#website"},"primaryImageOfPage":{"@id":"https:\/\/www.laguiadepamplona.com\/actualidad\/pamplona-recuerda-la-primera-sesion-cinematografica-en-el-teatro-principal-en-1896-con-un-monolito-conmemorativo-en-la-confluencia-de-la-plaza-del-castillo-con-carlos-iii\/#primaryimage"},"image":{"@id":"https:\/\/www.laguiadepamplona.com\/actualidad\/pamplona-recuerda-la-primera-sesion-cinematografica-en-el-teatro-principal-en-1896-con-un-monolito-conmemorativo-en-la-confluencia-de-la-plaza-del-castillo-con-carlos-iii\/#primaryimage"},"thumbnailUrl":"https:\/\/www.laguiadepamplona.com\/actualidad\/wp-content\/uploads\/2021\/10\/teatroprincipaljgv5311.jpg","datePublished":"2021-10-22T15:47:23+00:00","dateModified":"2023-04-11T09:48:50+00:00","description":"El domingo el Teatro Gayarre acoge una sesi\u00f3n con los ocho t\u00edtulos que se proyectaron en ese estreno del cine en Pamplona un 24 de octubre de 1896","breadcrumb":{"@id":"https:\/\/www.laguiadepamplona.com\/actualidad\/pamplona-recuerda-la-primera-sesion-cinematografica-en-el-teatro-principal-en-1896-con-un-monolito-conmemorativo-en-la-confluencia-de-la-plaza-del-castillo-con-carlos-iii\/#breadcrumb"},"inLanguage":"es","potentialAction":[{"@type":"ReadAction","target":["https:\/\/www.laguiadepamplona.com\/actualidad\/pamplona-recuerda-la-primera-sesion-cinematografica-en-el-teatro-principal-en-1896-con-un-monolito-conmemorativo-en-la-confluencia-de-la-plaza-del-castillo-con-carlos-iii\/"]}]},{"@type":"ImageObject","inLanguage":"es","@id":"https:\/\/www.laguiadepamplona.com\/actualidad\/pamplona-recuerda-la-primera-sesion-cinematografica-en-el-teatro-principal-en-1896-con-un-monolito-conmemorativo-en-la-confluencia-de-la-plaza-del-castillo-con-carlos-iii\/#primaryimage","url":"https:\/\/www.laguiadepamplona.com\/actualidad\/wp-content\/uploads\/2021\/10\/teatroprincipaljgv5311.jpg","contentUrl":"https:\/\/www.laguiadepamplona.com\/actualidad\/wp-content\/uploads\/2021\/10\/teatroprincipaljgv5311.jpg","width":1920,"height":1280,"caption":"A* Jes\u00fas Garzaron F* 2021_10_22 T* Colocaci\u00f3n de una placa conmemorativa del antiguo Teatro Principal. 125 Aniversario de la primera sesi\u00f3n de cine en Navarra L* Carlos II y Plaza del Castillo"},{"@type":"BreadcrumbList","@id":"https:\/\/www.laguiadepamplona.com\/actualidad\/pamplona-recuerda-la-primera-sesion-cinematografica-en-el-teatro-principal-en-1896-con-un-monolito-conmemorativo-en-la-confluencia-de-la-plaza-del-castillo-con-carlos-iii\/#breadcrumb","itemListElement":[{"@type":"ListItem","position":1,"name":"Portada","item":"https:\/\/www.laguiadepamplona.com\/actualidad\/"},{"@type":"ListItem","position":2,"name":"Pamplona recuerda la primera sesi\u00f3n cinematogr\u00e1fica en el Teatro Principal en 1896 con un monolito conmemorativo en la confluencia de la Plaza del Castillo con Carlos III"}]},{"@type":"WebSite","@id":"https:\/\/www.laguiadepamplona.com\/actualidad\/#website","url":"https:\/\/www.laguiadepamplona.com\/actualidad\/","name":"La gu\u00eda de Pamplona","description":"Noticias de Pamplona","publisher":{"@id":"https:\/\/www.laguiadepamplona.com\/actualidad\/#organization"},"potentialAction":[{"@type":"SearchAction","target":{"@type":"EntryPoint","urlTemplate":"https:\/\/www.laguiadepamplona.com\/actualidad\/?s={search_term_string}"},"query-input":{"@type":"PropertyValueSpecification","valueRequired":true,"valueName":"search_term_string"}}],"inLanguage":"es"},{"@type":"Organization","@id":"https:\/\/www.laguiadepamplona.com\/actualidad\/#organization","name":"La Gu\u00eda de Pamplona \/ Noticias","url":"https:\/\/www.laguiadepamplona.com\/actualidad\/","logo":{"@type":"ImageObject","inLanguage":"es","@id":"https:\/\/www.laguiadepamplona.com\/actualidad\/#\/schema\/logo\/image\/","url":"https:\/\/www.laguiadepamplona.com\/actualidad\/wp-content\/uploads\/2018\/11\/logo-laguiadepamplona18-web1.png","contentUrl":"https:\/\/www.laguiadepamplona.com\/actualidad\/wp-content\/uploads\/2018\/11\/logo-laguiadepamplona18-web1.png","width":600,"height":196,"caption":"La Gu\u00eda de Pamplona \/ Noticias"},"image":{"@id":"https:\/\/www.laguiadepamplona.com\/actualidad\/#\/schema\/logo\/image\/"},"sameAs":["https:\/\/www.facebook.com\/laguiadepamplonacom-133175176762273\/?ref=hl","https:\/\/x.com\/LaGuiadPamplona","https:\/\/www.instagram.com\/la_guia_de_pamplona\/","https:\/\/www.youtube.com\/user\/laguiadepamplona"]},{"@type":"Person","@id":"https:\/\/www.laguiadepamplona.com\/actualidad\/#\/schema\/person\/efe887376f0213d4657c93adc50b1fdb","name":"La Gu\u00eda de Pamplona","image":{"@type":"ImageObject","inLanguage":"es","@id":"https:\/\/secure.gravatar.com\/avatar\/b6992f131dc8d30ab0dff15446e9d346d9dbd95992de0fef795073f5ea83a81c?s=96&d=mm&r=g","url":"https:\/\/secure.gravatar.com\/avatar\/b6992f131dc8d30ab0dff15446e9d346d9dbd95992de0fef795073f5ea83a81c?s=96&d=mm&r=g","contentUrl":"https:\/\/secure.gravatar.com\/avatar\/b6992f131dc8d30ab0dff15446e9d346d9dbd95992de0fef795073f5ea83a81c?s=96&d=mm&r=g","caption":"La Gu\u00eda de Pamplona"}}]}},"post_mailing_queue_ids":[],"_links":{"self":[{"href":"https:\/\/www.laguiadepamplona.com\/actualidad\/wp-json\/wp\/v2\/posts\/37126","targetHints":{"allow":["GET"]}}],"collection":[{"href":"https:\/\/www.laguiadepamplona.com\/actualidad\/wp-json\/wp\/v2\/posts"}],"about":[{"href":"https:\/\/www.laguiadepamplona.com\/actualidad\/wp-json\/wp\/v2\/types\/post"}],"author":[{"embeddable":true,"href":"https:\/\/www.laguiadepamplona.com\/actualidad\/wp-json\/wp\/v2\/users\/1"}],"replies":[{"embeddable":true,"href":"https:\/\/www.laguiadepamplona.com\/actualidad\/wp-json\/wp\/v2\/comments?post=37126"}],"version-history":[{"count":0,"href":"https:\/\/www.laguiadepamplona.com\/actualidad\/wp-json\/wp\/v2\/posts\/37126\/revisions"}],"wp:featuredmedia":[{"embeddable":true,"href":"https:\/\/www.laguiadepamplona.com\/actualidad\/wp-json\/wp\/v2\/media\/37127"}],"wp:attachment":[{"href":"https:\/\/www.laguiadepamplona.com\/actualidad\/wp-json\/wp\/v2\/media?parent=37126"}],"wp:term":[{"taxonomy":"category","embeddable":true,"href":"https:\/\/www.laguiadepamplona.com\/actualidad\/wp-json\/wp\/v2\/categories?post=37126"},{"taxonomy":"post_tag","embeddable":true,"href":"https:\/\/www.laguiadepamplona.com\/actualidad\/wp-json\/wp\/v2\/tags?post=37126"}],"curies":[{"name":"wp","href":"https:\/\/api.w.org\/{rel}","templated":true}]}}