{"id":37124,"date":"2021-10-22T17:45:19","date_gmt":"2021-10-22T15:45:19","guid":{"rendered":"https:\/\/www.laguiadepamplona.com\/actualidad\/?p=37124"},"modified":"2023-04-11T11:48:50","modified_gmt":"2023-04-11T09:48:50","slug":"la-comision-covid-19-celebra-su-ultima-sesion-tras-21-reuniones-abordando-medidas-para-incrementar-servicios-sociales-o-ayudas-economicas-en-pamplona","status":"publish","type":"post","link":"https:\/\/www.laguiadepamplona.com\/actualidad\/la-comision-covid-19-celebra-su-ultima-sesion-tras-21-reuniones-abordando-medidas-para-incrementar-servicios-sociales-o-ayudas-economicas-en-pamplona\/","title":{"rendered":"La Comisi\u00f3n COVID-19 celebra su \u00faltima sesi\u00f3n tras 21 reuniones abordando medidas para incrementar servicios sociales o ayudas econ\u00f3micas en Pamplona"},"content":{"rendered":"<h5>Constituida en septiembre de 2020, tambi\u00e9n ha abordado temas de Seguridad Ciudadana y del funcionamiento de los servicios municipales<\/h5>\n<p><!--more--><\/p>\n<p>La Comisi\u00f3n COVID-19 del Ayuntamiento de Pamplona ha celebrado hoy su \u00faltima sesi\u00f3n. Creada mediante una resoluci\u00f3n de alcald\u00eda el 28 de septiembre de 2020, celebr\u00f3 su primera sesi\u00f3n el 2 de octubre y desde entonces, incluyendo la de hoy, se ha reunido en 21 ocasiones m\u00e1s. En esas 22 reuniones se han abordado medidas para incrementar los servicios sociales como la apertura de nuevos espacios para personas sin hogar o que necesitaban aislarse por tema sanitario; el aumento de ayudas econ\u00f3micas para las emergencias sociales o para apoyar al comercio y la hosteler\u00eda y el desarrollo de normativa que abriera nuevas v\u00edas econ\u00f3micas en el sector hostelero con la creaci\u00f3n de terrazas temporales que podr\u00e1n estar abiertas hasta el 7 de enero.<\/p>\n<p>Tambi\u00e9n se han tratado otros temas relacionados con la crisis sanitaria como las actuaciones de Polic\u00eda Municipal o las propuestas de denuncias; las consecuencias de la pandemia en la econom\u00eda municipal, la cultura o en las entidades sociales; el funcionamiento de los servicios municipales o de la afecci\u00f3n de la COVID-19 en el personal del Ayuntamiento.<\/p>\n<p><script async src=\"\/\/pagead2.googlesyndication.com\/pagead\/js\/adsbygoogle.js\"><\/script><br \/>\n<!-- Noticias La Guia de Pamplona --><br \/>\n<ins class=\"adsbygoogle\"\nstyle=\"display:block\"\ndata-ad-client=\"ca-pub-6943679897239327\"\ndata-ad-slot=\"7048180777\"\ndata-ad-format=\"auto\"><\/ins><br \/>\n<script>\n(adsbygoogle = window.adsbygoogle || []).push({});\n<\/script><\/p>\n<p><strong>Funcionamiento de la Comisi\u00f3n COVID-19<\/strong><\/p>\n<p>La Comisi\u00f3n COVID-19 ha sido un \u00f3rgano del Pleno de car\u00e1cter no permanente, destinado al estudio, elaboraci\u00f3n de propuestas u otros de naturaleza an\u00e1loga, relacionadas con la pandemia y sus consecuencias sociales y econ\u00f3micas. Esta comisi\u00f3n eman\u00f3 de una moci\u00f3n aprobada en el Pleno del pasado 3 de septiembre.<\/p>\n<p>La comisi\u00f3n se ha regido, en cuanto a organizaci\u00f3n y funcionamiento, por las normas de las comisiones permanentes tal y como se refleja en el propio Reglamento, aunque con dos especificidades: en lo referente a su composici\u00f3n se ha reflejado la misma se\u00f1alada para las actuales comisiones permanentes y en lo relativo a la periodicidad se acord\u00f3 su convocatoria con periodicidad quincenal.<\/p>\n<p>Ha contado con representaci\u00f3n de todos los grupos municipales. Por Navarra Suma (5) han estado presentes el alcalde de Pamplona, Enrique Maya y las ediles Ana Elizalde, Maria Echavarri y Mar\u00eda Caballero, as\u00ed como el concejal Javier Labairu. Por parte de EH Bildu (3) han formado parte Joseba Asiron, Joxe Abaurrea y Eva Aranguren; por Socialistas del Ayuntamiento de Pamplona (2) Maite Esporrin y Xabier Sagardoy; el concejal de Geroa Bai Patxi Leuza (1) ha completado la composici\u00f3n de este \u00f3rgano. En algunas sesiones han intervenido, adem\u00e1s de manera puntual, t\u00e9cnicos de los \u00e1mbitos social y cultural y representantes de la hosteler\u00eda.<\/p>\n<p><script async src=\"\/\/pagead2.googlesyndication.com\/pagead\/js\/adsbygoogle.js\"><\/script><br \/>\n<!-- Noticias La Guia de Pamplona --><br \/>\n<ins class=\"adsbygoogle\"\nstyle=\"display:block\"\ndata-ad-client=\"ca-pub-6943679897239327\"\ndata-ad-slot=\"7048180777\"\ndata-ad-format=\"auto\"><\/ins><br \/>\n<script>\n(adsbygoogle = window.adsbygoogle || []).push({});\n<\/script><\/p>\n<p><strong>I Plan de Medidas Covid-19 con 5 millones de euros e incremento ayudas sociales<\/strong><\/p>\n<p>En las sesiones de la Comisi\u00f3n se han ido presentando las afecciones econ\u00f3micas que ha causado la crisis econ\u00f3mica en los presupuestos municipales. El Ayuntamiento puso en marcha un plan de choque socioecon\u00f3mico, con acciones directas para los sectores m\u00e1s afectados por la crisis y con medidas de alcance tributario para aliviar la carga fiscal. El I Plan de Medidas Covid-19 contaba con 15 acciones y 5 millones de euros para apoyar los servicios sociales, la econom\u00eda y el empleo. Por ejemplo, este a\u00f1o, el Consistorio ha destinado cerca de 2 mill\u00f3n de euros para ayudas directas al comercio y la hosteler\u00eda y para la campa\u00f1a de bonos PamplonUp.<\/p>\n<p>El aumento del gasto por la crisis sanitaria tambi\u00e9n se ha centrado en el \u00e1mbito social de ayuda y protecci\u00f3n a las personas y familias m\u00e1s vulnerables. En 2020, el Ayuntamiento de Pamplona concedi\u00f3 ayudas de emergencia por un valor de 802.876 euros frente a los 479.797 euros de 2019. En los ocho primeros meses de este a\u00f1o han sumado 522.681 euros. En las comisiones COVID-19 se ofrecieron los detalles de las personas beneficiarias, siendo en 2020 la mayor\u00eda mujeres. Tambi\u00e9n se informaba de los nuevos recursos que se un\u00edan al Centro de Atenci\u00f3n a Personas sin Hogar como el Albergue Jes\u00fas y Mar\u00eda para atender a personas en situaci\u00f3n vulnerable.<\/p>\n<p><script async src=\"\/\/pagead2.googlesyndication.com\/pagead\/js\/adsbygoogle.js\"><\/script><br \/>\n<!-- Noticias La Guia de Pamplona --><br \/>\n<ins class=\"adsbygoogle\"\nstyle=\"display:block\"\ndata-ad-client=\"ca-pub-6943679897239327\"\ndata-ad-slot=\"7048180777\"\ndata-ad-format=\"auto\"><\/ins><br \/>\n<script>\n(adsbygoogle = window.adsbygoogle || []).push({});\n<\/script><\/p>\n<p><strong>Seguridad Ciudadana: actuaciones de Polic\u00eda Municipal y modificaciones de terrazas<\/strong><\/p>\n<p>Desde Seguridad Ciudadana se ha ido informando en cada sesi\u00f3n de diferentes temas, desde el n\u00famero de propuestas de denuncias hasta actuaciones de Polic\u00eda Municipal frente al incumplimiento de las normas o recomendaciones para mantener la responsabilidad. Tambi\u00e9n ha gestionado los temas relacionados con la instalaci\u00f3n de terrazas temporales de hosteler\u00eda que se han situado en paseo de Sarasate, Plaza de Toros, Jito-Alai, plaza de la Cruz, Archivo, Museo de Navarra, Navarrer\u00eda o Calderer\u00eda.<\/p>\n<p>El \u00e1rea de Seguridad Ciudadana ha recibido m\u00e1s de 1.600 solicitudes relacionadas con terrazas, entre las que se encuentran ampliaciones, instalaciones y modificaciones, tanto de terrazas temporales como de no temporales. La Comisi\u00f3n COVID-19 fue la encargada de aprobar los criterios para las terrazas puntuales en el Casco Antiguo estableciendo distancias y participaci\u00f3n ciudadana en espacios singulares. El objetivo ha sido minimizar el impacto econ\u00f3mico negativo en el sector que ha tenido la crisis sanitaria.<\/p>\n<p><script async src=\"\/\/pagead2.googlesyndication.com\/pagead\/js\/adsbygoogle.js\"><\/script><br \/>\n<!-- Noticias La Guia de Pamplona --><br \/>\n<ins class=\"adsbygoogle\"\nstyle=\"display:block\"\ndata-ad-client=\"ca-pub-6943679897239327\"\ndata-ad-slot=\"7048180777\"\ndata-ad-format=\"auto\"><\/ins><br \/>\n<script>\n(adsbygoogle = window.adsbygoogle || []).push({});\n<\/script><\/p>\n<p><strong>Informaci\u00f3n sobre la plantilla y servicios municipales<\/strong><\/p>\n<p>Otra informaci\u00f3n fija que se ha conocido en cada reuni\u00f3n ha sido la del n\u00famero de casos de COVID-19 en la plantilla municipal. Finalmente, el total de personas con casos confirmados ha llegado a 223, lo que supone una incidencia del 12,74% sobre el total de la plantilla. De ellos, \u00fanicamente 12 han sido casos por contacto laboral.<\/p>\n<p>Esa informaci\u00f3n tambi\u00e9n ha abarcado la organizaci\u00f3n del trabajo y el teletrabajo, la adquisici\u00f3n de nuevo material como el medidor de CO<sub>2<\/sub> para controlar el nivel de ventilaci\u00f3n de los espacios y prevenir la propagaci\u00f3n de la COVID-19 o la influencia de la pandemia en los recursos educativos como las escuelas infantiles, la Escuela de M\u00fasica Joaqu\u00edn Maya, la Escuela de Arte Catalina de Osc\u00e1riz o las escuelas-taller.<\/p>\n<p>Adem\u00e1s de temas econ\u00f3micos, del \u00e1mbito social, de seguridad ciudadana y de organizaci\u00f3n municipal, en las 20 sesiones se han abordado otros asuntos como el incremento de gasto en limpieza y desinfecci\u00f3n de centros escolares, las medidas excepcionales para acceder al Cementerio en Todos los Santo, la instalaci\u00f3n de la T\u00f3mbola de C\u00e1ritas en el paseo de Sarasate o la repercusi\u00f3n de la crisis sanitaria en el sector cultura.<\/p>\n","protected":false},"excerpt":{"rendered":"<p>Constituida en septiembre de 2020, tambi\u00e9n ha abordado temas de Seguridad Ciudadana y del funcionamiento de los servicios municipales<\/p>\n","protected":false},"author":1,"featured_media":30022,"comment_status":"open","ping_status":"closed","sticky":false,"template":"","format":"standard","meta":{"footnotes":""},"categories":[2],"tags":[],"class_list":["post-37124","post","type-post","status-publish","format-standard","has-post-thumbnail","hentry","category-ayuntamiento-pamplona"],"yoast_head":"<!-- This site is optimized with the Yoast SEO plugin v27.5 - https:\/\/yoast.com\/product\/yoast-seo-wordpress\/ -->\n<title>La Comisi\u00f3n COVID-19 celebra su \u00faltima sesi\u00f3n tras 21 reuniones abordando medidas para incrementar servicios sociales o ayudas econ\u00f3micas en Pamplona<\/title>\n<meta name=\"description\" content=\"Constituida en septiembre de 2020, tambi\u00e9n ha abordado temas de Seguridad Ciudadana y del funcionamiento de los servicios municipales\" \/>\n<meta name=\"robots\" content=\"index, follow, max-snippet:-1, max-image-preview:large, max-video-preview:-1\" \/>\n<link rel=\"canonical\" href=\"https:\/\/www.laguiadepamplona.com\/actualidad\/la-comision-covid-19-celebra-su-ultima-sesion-tras-21-reuniones-abordando-medidas-para-incrementar-servicios-sociales-o-ayudas-economicas-en-pamplona\/\" \/>\n<meta property=\"og:locale\" content=\"es_ES\" \/>\n<meta property=\"og:type\" content=\"article\" \/>\n<meta property=\"og:title\" content=\"La Comisi\u00f3n COVID-19 celebra su \u00faltima sesi\u00f3n tras 21 reuniones abordando medidas para incrementar servicios sociales o ayudas econ\u00f3micas en Pamplona\" \/>\n<meta property=\"og:description\" content=\"Constituida en septiembre de 2020, tambi\u00e9n ha abordado temas de Seguridad Ciudadana y del funcionamiento de los servicios municipales\" \/>\n<meta property=\"og:url\" content=\"https:\/\/www.laguiadepamplona.com\/actualidad\/la-comision-covid-19-celebra-su-ultima-sesion-tras-21-reuniones-abordando-medidas-para-incrementar-servicios-sociales-o-ayudas-economicas-en-pamplona\/\" \/>\n<meta property=\"og:site_name\" content=\"La Gu\u00eda de Pamplona\" \/>\n<meta property=\"article:publisher\" content=\"https:\/\/www.facebook.com\/laguiadepamplonacom-133175176762273\/?ref=hl\" \/>\n<meta property=\"article:published_time\" content=\"2021-10-22T15:45:19+00:00\" \/>\n<meta property=\"article:modified_time\" content=\"2023-04-11T09:48:50+00:00\" \/>\n<meta property=\"og:image\" content=\"https:\/\/www.laguiadepamplona.com\/actualidad\/wp-content\/uploads\/2020\/05\/test-rapidos-para-la-COVID-19.jpg\" \/>\n\t<meta property=\"og:image:width\" content=\"1020\" \/>\n\t<meta property=\"og:image:height\" content=\"480\" \/>\n\t<meta property=\"og:image:type\" content=\"image\/jpeg\" \/>\n<meta name=\"author\" content=\"La Gu\u00eda de Pamplona\" \/>\n<meta name=\"twitter:card\" content=\"summary_large_image\" \/>\n<meta name=\"twitter:creator\" content=\"@LaGuiadPamplona\" \/>\n<meta name=\"twitter:site\" content=\"@LaGuiadPamplona\" \/>\n<meta name=\"twitter:label1\" content=\"Escrito por\" \/>\n\t<meta name=\"twitter:data1\" content=\"La Gu\u00eda de Pamplona\" \/>\n\t<meta name=\"twitter:label2\" content=\"Tiempo de lectura\" \/>\n\t<meta name=\"twitter:data2\" content=\"5 minutos\" \/>\n<script type=\"application\/ld+json\" class=\"yoast-schema-graph\">{\"@context\":\"https:\\\/\\\/schema.org\",\"@graph\":[{\"@type\":\"Article\",\"@id\":\"https:\\\/\\\/www.laguiadepamplona.com\\\/actualidad\\\/la-comision-covid-19-celebra-su-ultima-sesion-tras-21-reuniones-abordando-medidas-para-incrementar-servicios-sociales-o-ayudas-economicas-en-pamplona\\\/#article\",\"isPartOf\":{\"@id\":\"https:\\\/\\\/www.laguiadepamplona.com\\\/actualidad\\\/la-comision-covid-19-celebra-su-ultima-sesion-tras-21-reuniones-abordando-medidas-para-incrementar-servicios-sociales-o-ayudas-economicas-en-pamplona\\\/\"},\"author\":{\"name\":\"La Gu\u00eda de Pamplona\",\"@id\":\"https:\\\/\\\/www.laguiadepamplona.com\\\/actualidad\\\/#\\\/schema\\\/person\\\/efe887376f0213d4657c93adc50b1fdb\"},\"headline\":\"La Comisi\u00f3n COVID-19 celebra su \u00faltima sesi\u00f3n tras 21 reuniones abordando medidas para incrementar servicios sociales o ayudas econ\u00f3micas en Pamplona\",\"datePublished\":\"2021-10-22T15:45:19+00:00\",\"dateModified\":\"2023-04-11T09:48:50+00:00\",\"mainEntityOfPage\":{\"@id\":\"https:\\\/\\\/www.laguiadepamplona.com\\\/actualidad\\\/la-comision-covid-19-celebra-su-ultima-sesion-tras-21-reuniones-abordando-medidas-para-incrementar-servicios-sociales-o-ayudas-economicas-en-pamplona\\\/\"},\"wordCount\":1097,\"commentCount\":0,\"publisher\":{\"@id\":\"https:\\\/\\\/www.laguiadepamplona.com\\\/actualidad\\\/#organization\"},\"image\":{\"@id\":\"https:\\\/\\\/www.laguiadepamplona.com\\\/actualidad\\\/la-comision-covid-19-celebra-su-ultima-sesion-tras-21-reuniones-abordando-medidas-para-incrementar-servicios-sociales-o-ayudas-economicas-en-pamplona\\\/#primaryimage\"},\"thumbnailUrl\":\"https:\\\/\\\/www.laguiadepamplona.com\\\/actualidad\\\/wp-content\\\/uploads\\\/2020\\\/05\\\/test-rapidos-para-la-COVID-19.jpg\",\"articleSection\":[\"Ayto Pamplona\"],\"inLanguage\":\"es\",\"potentialAction\":[{\"@type\":\"CommentAction\",\"name\":\"Comment\",\"target\":[\"https:\\\/\\\/www.laguiadepamplona.com\\\/actualidad\\\/la-comision-covid-19-celebra-su-ultima-sesion-tras-21-reuniones-abordando-medidas-para-incrementar-servicios-sociales-o-ayudas-economicas-en-pamplona\\\/#respond\"]}]},{\"@type\":\"WebPage\",\"@id\":\"https:\\\/\\\/www.laguiadepamplona.com\\\/actualidad\\\/la-comision-covid-19-celebra-su-ultima-sesion-tras-21-reuniones-abordando-medidas-para-incrementar-servicios-sociales-o-ayudas-economicas-en-pamplona\\\/\",\"url\":\"https:\\\/\\\/www.laguiadepamplona.com\\\/actualidad\\\/la-comision-covid-19-celebra-su-ultima-sesion-tras-21-reuniones-abordando-medidas-para-incrementar-servicios-sociales-o-ayudas-economicas-en-pamplona\\\/\",\"name\":\"La Comisi\u00f3n COVID-19 celebra su \u00faltima sesi\u00f3n tras 21 reuniones abordando medidas para incrementar servicios sociales o ayudas econ\u00f3micas en Pamplona\",\"isPartOf\":{\"@id\":\"https:\\\/\\\/www.laguiadepamplona.com\\\/actualidad\\\/#website\"},\"primaryImageOfPage\":{\"@id\":\"https:\\\/\\\/www.laguiadepamplona.com\\\/actualidad\\\/la-comision-covid-19-celebra-su-ultima-sesion-tras-21-reuniones-abordando-medidas-para-incrementar-servicios-sociales-o-ayudas-economicas-en-pamplona\\\/#primaryimage\"},\"image\":{\"@id\":\"https:\\\/\\\/www.laguiadepamplona.com\\\/actualidad\\\/la-comision-covid-19-celebra-su-ultima-sesion-tras-21-reuniones-abordando-medidas-para-incrementar-servicios-sociales-o-ayudas-economicas-en-pamplona\\\/#primaryimage\"},\"thumbnailUrl\":\"https:\\\/\\\/www.laguiadepamplona.com\\\/actualidad\\\/wp-content\\\/uploads\\\/2020\\\/05\\\/test-rapidos-para-la-COVID-19.jpg\",\"datePublished\":\"2021-10-22T15:45:19+00:00\",\"dateModified\":\"2023-04-11T09:48:50+00:00\",\"description\":\"Constituida en septiembre de 2020, tambi\u00e9n ha abordado temas de Seguridad Ciudadana y del funcionamiento de los servicios municipales\",\"breadcrumb\":{\"@id\":\"https:\\\/\\\/www.laguiadepamplona.com\\\/actualidad\\\/la-comision-covid-19-celebra-su-ultima-sesion-tras-21-reuniones-abordando-medidas-para-incrementar-servicios-sociales-o-ayudas-economicas-en-pamplona\\\/#breadcrumb\"},\"inLanguage\":\"es\",\"potentialAction\":[{\"@type\":\"ReadAction\",\"target\":[\"https:\\\/\\\/www.laguiadepamplona.com\\\/actualidad\\\/la-comision-covid-19-celebra-su-ultima-sesion-tras-21-reuniones-abordando-medidas-para-incrementar-servicios-sociales-o-ayudas-economicas-en-pamplona\\\/\"]}]},{\"@type\":\"ImageObject\",\"inLanguage\":\"es\",\"@id\":\"https:\\\/\\\/www.laguiadepamplona.com\\\/actualidad\\\/la-comision-covid-19-celebra-su-ultima-sesion-tras-21-reuniones-abordando-medidas-para-incrementar-servicios-sociales-o-ayudas-economicas-en-pamplona\\\/#primaryimage\",\"url\":\"https:\\\/\\\/www.laguiadepamplona.com\\\/actualidad\\\/wp-content\\\/uploads\\\/2020\\\/05\\\/test-rapidos-para-la-COVID-19.jpg\",\"contentUrl\":\"https:\\\/\\\/www.laguiadepamplona.com\\\/actualidad\\\/wp-content\\\/uploads\\\/2020\\\/05\\\/test-rapidos-para-la-COVID-19.jpg\",\"width\":1020,\"height\":480},{\"@type\":\"BreadcrumbList\",\"@id\":\"https:\\\/\\\/www.laguiadepamplona.com\\\/actualidad\\\/la-comision-covid-19-celebra-su-ultima-sesion-tras-21-reuniones-abordando-medidas-para-incrementar-servicios-sociales-o-ayudas-economicas-en-pamplona\\\/#breadcrumb\",\"itemListElement\":[{\"@type\":\"ListItem\",\"position\":1,\"name\":\"Portada\",\"item\":\"https:\\\/\\\/www.laguiadepamplona.com\\\/actualidad\\\/\"},{\"@type\":\"ListItem\",\"position\":2,\"name\":\"La Comisi\u00f3n COVID-19 celebra su \u00faltima sesi\u00f3n tras 21 reuniones abordando medidas para incrementar servicios sociales o ayudas econ\u00f3micas en Pamplona\"}]},{\"@type\":\"WebSite\",\"@id\":\"https:\\\/\\\/www.laguiadepamplona.com\\\/actualidad\\\/#website\",\"url\":\"https:\\\/\\\/www.laguiadepamplona.com\\\/actualidad\\\/\",\"name\":\"La gu\u00eda de Pamplona\",\"description\":\"Noticias de Pamplona\",\"publisher\":{\"@id\":\"https:\\\/\\\/www.laguiadepamplona.com\\\/actualidad\\\/#organization\"},\"potentialAction\":[{\"@type\":\"SearchAction\",\"target\":{\"@type\":\"EntryPoint\",\"urlTemplate\":\"https:\\\/\\\/www.laguiadepamplona.com\\\/actualidad\\\/?s={search_term_string}\"},\"query-input\":{\"@type\":\"PropertyValueSpecification\",\"valueRequired\":true,\"valueName\":\"search_term_string\"}}],\"inLanguage\":\"es\"},{\"@type\":\"Organization\",\"@id\":\"https:\\\/\\\/www.laguiadepamplona.com\\\/actualidad\\\/#organization\",\"name\":\"La Gu\u00eda de Pamplona \\\/ Noticias\",\"url\":\"https:\\\/\\\/www.laguiadepamplona.com\\\/actualidad\\\/\",\"logo\":{\"@type\":\"ImageObject\",\"inLanguage\":\"es\",\"@id\":\"https:\\\/\\\/www.laguiadepamplona.com\\\/actualidad\\\/#\\\/schema\\\/logo\\\/image\\\/\",\"url\":\"https:\\\/\\\/www.laguiadepamplona.com\\\/actualidad\\\/wp-content\\\/uploads\\\/2018\\\/11\\\/logo-laguiadepamplona18-web1.png\",\"contentUrl\":\"https:\\\/\\\/www.laguiadepamplona.com\\\/actualidad\\\/wp-content\\\/uploads\\\/2018\\\/11\\\/logo-laguiadepamplona18-web1.png\",\"width\":600,\"height\":196,\"caption\":\"La Gu\u00eda de Pamplona \\\/ Noticias\"},\"image\":{\"@id\":\"https:\\\/\\\/www.laguiadepamplona.com\\\/actualidad\\\/#\\\/schema\\\/logo\\\/image\\\/\"},\"sameAs\":[\"https:\\\/\\\/www.facebook.com\\\/laguiadepamplonacom-133175176762273\\\/?ref=hl\",\"https:\\\/\\\/x.com\\\/LaGuiadPamplona\",\"https:\\\/\\\/www.instagram.com\\\/la_guia_de_pamplona\\\/\",\"https:\\\/\\\/www.youtube.com\\\/user\\\/laguiadepamplona\"]},{\"@type\":\"Person\",\"@id\":\"https:\\\/\\\/www.laguiadepamplona.com\\\/actualidad\\\/#\\\/schema\\\/person\\\/efe887376f0213d4657c93adc50b1fdb\",\"name\":\"La Gu\u00eda de Pamplona\",\"image\":{\"@type\":\"ImageObject\",\"inLanguage\":\"es\",\"@id\":\"https:\\\/\\\/secure.gravatar.com\\\/avatar\\\/b6992f131dc8d30ab0dff15446e9d346d9dbd95992de0fef795073f5ea83a81c?s=96&d=mm&r=g\",\"url\":\"https:\\\/\\\/secure.gravatar.com\\\/avatar\\\/b6992f131dc8d30ab0dff15446e9d346d9dbd95992de0fef795073f5ea83a81c?s=96&d=mm&r=g\",\"contentUrl\":\"https:\\\/\\\/secure.gravatar.com\\\/avatar\\\/b6992f131dc8d30ab0dff15446e9d346d9dbd95992de0fef795073f5ea83a81c?s=96&d=mm&r=g\",\"caption\":\"La Gu\u00eda de Pamplona\"}}]}<\/script>\n<!-- \/ Yoast SEO plugin. -->","yoast_head_json":{"title":"La Comisi\u00f3n COVID-19 celebra su \u00faltima sesi\u00f3n tras 21 reuniones abordando medidas para incrementar servicios sociales o ayudas econ\u00f3micas en Pamplona","description":"Constituida en septiembre de 2020, tambi\u00e9n ha abordado temas de Seguridad Ciudadana y del funcionamiento de los servicios municipales","robots":{"index":"index","follow":"follow","max-snippet":"max-snippet:-1","max-image-preview":"max-image-preview:large","max-video-preview":"max-video-preview:-1"},"canonical":"https:\/\/www.laguiadepamplona.com\/actualidad\/la-comision-covid-19-celebra-su-ultima-sesion-tras-21-reuniones-abordando-medidas-para-incrementar-servicios-sociales-o-ayudas-economicas-en-pamplona\/","og_locale":"es_ES","og_type":"article","og_title":"La Comisi\u00f3n COVID-19 celebra su \u00faltima sesi\u00f3n tras 21 reuniones abordando medidas para incrementar servicios sociales o ayudas econ\u00f3micas en Pamplona","og_description":"Constituida en septiembre de 2020, tambi\u00e9n ha abordado temas de Seguridad Ciudadana y del funcionamiento de los servicios municipales","og_url":"https:\/\/www.laguiadepamplona.com\/actualidad\/la-comision-covid-19-celebra-su-ultima-sesion-tras-21-reuniones-abordando-medidas-para-incrementar-servicios-sociales-o-ayudas-economicas-en-pamplona\/","og_site_name":"La Gu\u00eda de Pamplona","article_publisher":"https:\/\/www.facebook.com\/laguiadepamplonacom-133175176762273\/?ref=hl","article_published_time":"2021-10-22T15:45:19+00:00","article_modified_time":"2023-04-11T09:48:50+00:00","og_image":[{"width":1020,"height":480,"url":"https:\/\/www.laguiadepamplona.com\/actualidad\/wp-content\/uploads\/2020\/05\/test-rapidos-para-la-COVID-19.jpg","type":"image\/jpeg"}],"author":"La Gu\u00eda de Pamplona","twitter_card":"summary_large_image","twitter_creator":"@LaGuiadPamplona","twitter_site":"@LaGuiadPamplona","twitter_misc":{"Escrito por":"La Gu\u00eda de Pamplona","Tiempo de lectura":"5 minutos"},"schema":{"@context":"https:\/\/schema.org","@graph":[{"@type":"Article","@id":"https:\/\/www.laguiadepamplona.com\/actualidad\/la-comision-covid-19-celebra-su-ultima-sesion-tras-21-reuniones-abordando-medidas-para-incrementar-servicios-sociales-o-ayudas-economicas-en-pamplona\/#article","isPartOf":{"@id":"https:\/\/www.laguiadepamplona.com\/actualidad\/la-comision-covid-19-celebra-su-ultima-sesion-tras-21-reuniones-abordando-medidas-para-incrementar-servicios-sociales-o-ayudas-economicas-en-pamplona\/"},"author":{"name":"La Gu\u00eda de Pamplona","@id":"https:\/\/www.laguiadepamplona.com\/actualidad\/#\/schema\/person\/efe887376f0213d4657c93adc50b1fdb"},"headline":"La Comisi\u00f3n COVID-19 celebra su \u00faltima sesi\u00f3n tras 21 reuniones abordando medidas para incrementar servicios sociales o ayudas econ\u00f3micas en Pamplona","datePublished":"2021-10-22T15:45:19+00:00","dateModified":"2023-04-11T09:48:50+00:00","mainEntityOfPage":{"@id":"https:\/\/www.laguiadepamplona.com\/actualidad\/la-comision-covid-19-celebra-su-ultima-sesion-tras-21-reuniones-abordando-medidas-para-incrementar-servicios-sociales-o-ayudas-economicas-en-pamplona\/"},"wordCount":1097,"commentCount":0,"publisher":{"@id":"https:\/\/www.laguiadepamplona.com\/actualidad\/#organization"},"image":{"@id":"https:\/\/www.laguiadepamplona.com\/actualidad\/la-comision-covid-19-celebra-su-ultima-sesion-tras-21-reuniones-abordando-medidas-para-incrementar-servicios-sociales-o-ayudas-economicas-en-pamplona\/#primaryimage"},"thumbnailUrl":"https:\/\/www.laguiadepamplona.com\/actualidad\/wp-content\/uploads\/2020\/05\/test-rapidos-para-la-COVID-19.jpg","articleSection":["Ayto Pamplona"],"inLanguage":"es","potentialAction":[{"@type":"CommentAction","name":"Comment","target":["https:\/\/www.laguiadepamplona.com\/actualidad\/la-comision-covid-19-celebra-su-ultima-sesion-tras-21-reuniones-abordando-medidas-para-incrementar-servicios-sociales-o-ayudas-economicas-en-pamplona\/#respond"]}]},{"@type":"WebPage","@id":"https:\/\/www.laguiadepamplona.com\/actualidad\/la-comision-covid-19-celebra-su-ultima-sesion-tras-21-reuniones-abordando-medidas-para-incrementar-servicios-sociales-o-ayudas-economicas-en-pamplona\/","url":"https:\/\/www.laguiadepamplona.com\/actualidad\/la-comision-covid-19-celebra-su-ultima-sesion-tras-21-reuniones-abordando-medidas-para-incrementar-servicios-sociales-o-ayudas-economicas-en-pamplona\/","name":"La Comisi\u00f3n COVID-19 celebra su \u00faltima sesi\u00f3n tras 21 reuniones abordando medidas para incrementar servicios sociales o ayudas econ\u00f3micas en Pamplona","isPartOf":{"@id":"https:\/\/www.laguiadepamplona.com\/actualidad\/#website"},"primaryImageOfPage":{"@id":"https:\/\/www.laguiadepamplona.com\/actualidad\/la-comision-covid-19-celebra-su-ultima-sesion-tras-21-reuniones-abordando-medidas-para-incrementar-servicios-sociales-o-ayudas-economicas-en-pamplona\/#primaryimage"},"image":{"@id":"https:\/\/www.laguiadepamplona.com\/actualidad\/la-comision-covid-19-celebra-su-ultima-sesion-tras-21-reuniones-abordando-medidas-para-incrementar-servicios-sociales-o-ayudas-economicas-en-pamplona\/#primaryimage"},"thumbnailUrl":"https:\/\/www.laguiadepamplona.com\/actualidad\/wp-content\/uploads\/2020\/05\/test-rapidos-para-la-COVID-19.jpg","datePublished":"2021-10-22T15:45:19+00:00","dateModified":"2023-04-11T09:48:50+00:00","description":"Constituida en septiembre de 2020, tambi\u00e9n ha abordado temas de Seguridad Ciudadana y del funcionamiento de los servicios municipales","breadcrumb":{"@id":"https:\/\/www.laguiadepamplona.com\/actualidad\/la-comision-covid-19-celebra-su-ultima-sesion-tras-21-reuniones-abordando-medidas-para-incrementar-servicios-sociales-o-ayudas-economicas-en-pamplona\/#breadcrumb"},"inLanguage":"es","potentialAction":[{"@type":"ReadAction","target":["https:\/\/www.laguiadepamplona.com\/actualidad\/la-comision-covid-19-celebra-su-ultima-sesion-tras-21-reuniones-abordando-medidas-para-incrementar-servicios-sociales-o-ayudas-economicas-en-pamplona\/"]}]},{"@type":"ImageObject","inLanguage":"es","@id":"https:\/\/www.laguiadepamplona.com\/actualidad\/la-comision-covid-19-celebra-su-ultima-sesion-tras-21-reuniones-abordando-medidas-para-incrementar-servicios-sociales-o-ayudas-economicas-en-pamplona\/#primaryimage","url":"https:\/\/www.laguiadepamplona.com\/actualidad\/wp-content\/uploads\/2020\/05\/test-rapidos-para-la-COVID-19.jpg","contentUrl":"https:\/\/www.laguiadepamplona.com\/actualidad\/wp-content\/uploads\/2020\/05\/test-rapidos-para-la-COVID-19.jpg","width":1020,"height":480},{"@type":"BreadcrumbList","@id":"https:\/\/www.laguiadepamplona.com\/actualidad\/la-comision-covid-19-celebra-su-ultima-sesion-tras-21-reuniones-abordando-medidas-para-incrementar-servicios-sociales-o-ayudas-economicas-en-pamplona\/#breadcrumb","itemListElement":[{"@type":"ListItem","position":1,"name":"Portada","item":"https:\/\/www.laguiadepamplona.com\/actualidad\/"},{"@type":"ListItem","position":2,"name":"La Comisi\u00f3n COVID-19 celebra su \u00faltima sesi\u00f3n tras 21 reuniones abordando medidas para incrementar servicios sociales o ayudas econ\u00f3micas en Pamplona"}]},{"@type":"WebSite","@id":"https:\/\/www.laguiadepamplona.com\/actualidad\/#website","url":"https:\/\/www.laguiadepamplona.com\/actualidad\/","name":"La gu\u00eda de Pamplona","description":"Noticias de Pamplona","publisher":{"@id":"https:\/\/www.laguiadepamplona.com\/actualidad\/#organization"},"potentialAction":[{"@type":"SearchAction","target":{"@type":"EntryPoint","urlTemplate":"https:\/\/www.laguiadepamplona.com\/actualidad\/?s={search_term_string}"},"query-input":{"@type":"PropertyValueSpecification","valueRequired":true,"valueName":"search_term_string"}}],"inLanguage":"es"},{"@type":"Organization","@id":"https:\/\/www.laguiadepamplona.com\/actualidad\/#organization","name":"La Gu\u00eda de Pamplona \/ Noticias","url":"https:\/\/www.laguiadepamplona.com\/actualidad\/","logo":{"@type":"ImageObject","inLanguage":"es","@id":"https:\/\/www.laguiadepamplona.com\/actualidad\/#\/schema\/logo\/image\/","url":"https:\/\/www.laguiadepamplona.com\/actualidad\/wp-content\/uploads\/2018\/11\/logo-laguiadepamplona18-web1.png","contentUrl":"https:\/\/www.laguiadepamplona.com\/actualidad\/wp-content\/uploads\/2018\/11\/logo-laguiadepamplona18-web1.png","width":600,"height":196,"caption":"La Gu\u00eda de Pamplona \/ Noticias"},"image":{"@id":"https:\/\/www.laguiadepamplona.com\/actualidad\/#\/schema\/logo\/image\/"},"sameAs":["https:\/\/www.facebook.com\/laguiadepamplonacom-133175176762273\/?ref=hl","https:\/\/x.com\/LaGuiadPamplona","https:\/\/www.instagram.com\/la_guia_de_pamplona\/","https:\/\/www.youtube.com\/user\/laguiadepamplona"]},{"@type":"Person","@id":"https:\/\/www.laguiadepamplona.com\/actualidad\/#\/schema\/person\/efe887376f0213d4657c93adc50b1fdb","name":"La Gu\u00eda de Pamplona","image":{"@type":"ImageObject","inLanguage":"es","@id":"https:\/\/secure.gravatar.com\/avatar\/b6992f131dc8d30ab0dff15446e9d346d9dbd95992de0fef795073f5ea83a81c?s=96&d=mm&r=g","url":"https:\/\/secure.gravatar.com\/avatar\/b6992f131dc8d30ab0dff15446e9d346d9dbd95992de0fef795073f5ea83a81c?s=96&d=mm&r=g","contentUrl":"https:\/\/secure.gravatar.com\/avatar\/b6992f131dc8d30ab0dff15446e9d346d9dbd95992de0fef795073f5ea83a81c?s=96&d=mm&r=g","caption":"La Gu\u00eda de Pamplona"}}]}},"post_mailing_queue_ids":[],"_links":{"self":[{"href":"https:\/\/www.laguiadepamplona.com\/actualidad\/wp-json\/wp\/v2\/posts\/37124","targetHints":{"allow":["GET"]}}],"collection":[{"href":"https:\/\/www.laguiadepamplona.com\/actualidad\/wp-json\/wp\/v2\/posts"}],"about":[{"href":"https:\/\/www.laguiadepamplona.com\/actualidad\/wp-json\/wp\/v2\/types\/post"}],"author":[{"embeddable":true,"href":"https:\/\/www.laguiadepamplona.com\/actualidad\/wp-json\/wp\/v2\/users\/1"}],"replies":[{"embeddable":true,"href":"https:\/\/www.laguiadepamplona.com\/actualidad\/wp-json\/wp\/v2\/comments?post=37124"}],"version-history":[{"count":0,"href":"https:\/\/www.laguiadepamplona.com\/actualidad\/wp-json\/wp\/v2\/posts\/37124\/revisions"}],"wp:featuredmedia":[{"embeddable":true,"href":"https:\/\/www.laguiadepamplona.com\/actualidad\/wp-json\/wp\/v2\/media\/30022"}],"wp:attachment":[{"href":"https:\/\/www.laguiadepamplona.com\/actualidad\/wp-json\/wp\/v2\/media?parent=37124"}],"wp:term":[{"taxonomy":"category","embeddable":true,"href":"https:\/\/www.laguiadepamplona.com\/actualidad\/wp-json\/wp\/v2\/categories?post=37124"},{"taxonomy":"post_tag","embeddable":true,"href":"https:\/\/www.laguiadepamplona.com\/actualidad\/wp-json\/wp\/v2\/tags?post=37124"}],"curies":[{"name":"wp","href":"https:\/\/api.w.org\/{rel}","templated":true}]}}