{"id":37119,"date":"2021-10-22T17:42:50","date_gmt":"2021-10-22T15:42:50","guid":{"rendered":"https:\/\/www.laguiadepamplona.com\/actualidad\/?p=37119"},"modified":"2023-04-11T11:48:50","modified_gmt":"2023-04-11T09:48:50","slug":"cuanto-pesa-el-miedo-acertar-tiene-premio-en-forma-de-novelas-graficas-y-obras-literarias-del-genero-gotico-en-la-casa-de-la-juventud","status":"publish","type":"post","link":"https:\/\/www.laguiadepamplona.com\/actualidad\/cuanto-pesa-el-miedo-acertar-tiene-premio-en-forma-de-novelas-graficas-y-obras-literarias-del-genero-gotico-en-la-casa-de-la-juventud\/","title":{"rendered":"\u00bfCu\u00e1nto pesa el miedo?: acertar tiene premio en forma de novelas gr\u00e1ficas y obras literarias del g\u00e9nero g\u00f3tico en la Casa de la Juventud"},"content":{"rendered":"<h5>Al hilo del Festival de Cine Fant\u00e1stico y de Terror, las tardes de 25 al 30 de octubre ser\u00e1n una cuenta atr\u00e1s que se desarrollar\u00e1 hasta Halloween<\/h5>\n<p><!--more--><\/p>\n<p>Si el miedo es, seg\u00fan el diccionario, la perturbaci\u00f3n angustiosa del \u00e1nimo por un riesgo o da\u00f1o real o imaginario, la Casa de la Juventud reta a los j\u00f3venes de 14 a 30 a\u00f1os a echarle imaginaci\u00f3n esta pr\u00f3xima semana y ha programado del 25 al 29 de octubre una serie de actividades complementarias al X Festival Internacional de Cine Fant\u00e1stico y de Terror \/ Horror Online Art de Navarra. Y para cerrar la semana, el d\u00eda 30, con la clausura del festival la tarde ser\u00e1 un intensivo de preparaci\u00f3n de la cita anual con Halloween.<\/p>\n<p>A lo largo de esos seis d\u00edas, un n\u00famero ya de por s\u00ed muy recurrente en las historias de miedo, est\u00e1n previstas 25 sesiones de cuatro escapes diferentes, citas de juegos de mesa y de cartas vinculadas a situaciones de las que es dif\u00edcil salir sin sudar, juegos de rol, talleres monotem\u00e1ticos centrados en el miedo y dos concursos: uno para fan\u00e1ticos del g\u00e9nero que quieran desplegar en p\u00fablico sus conocimientos y otro, \u2018\u201dQue te sea leve\u201d, una propuesta que se desarrollar\u00e1 de lunes a viernes y en la que se deber\u00e1 acertar el \u201cpeso\u201d del terror personificado en objetos cl\u00e1sicos del g\u00e9nero. Las personas ganadoras recibir\u00e1n a cambio de la precisi\u00f3n de su buen ojo novelas gr\u00e1ficas y cl\u00e1sicos literarios de tem\u00e1tica g\u00f3tica.<\/p>\n<p>Adem\u00e1s, para empezar fuerte, de lunes a viernes habr\u00e1 cada tarde dos sesiones el escape room de espiritismo \u2018\u00bfSe atrever\u00e1n a entrar?\u2019. Y por supuesto la Casa estar\u00e1 terriblemente decorada toda la semana, con photocall incluido, para que quien lo desee pueda trasladar el miedo a su entono digital.<\/p>\n<p><script async src=\"\/\/pagead2.googlesyndication.com\/pagead\/js\/adsbygoogle.js\"><\/script><br \/>\n<!-- Noticias La Guia de Pamplona --><br \/>\n<ins class=\"adsbygoogle\"\nstyle=\"display:block\"\ndata-ad-client=\"ca-pub-6943679897239327\"\ndata-ad-slot=\"7048180777\"\ndata-ad-format=\"auto\"><\/ins><br \/>\n<script>\n(adsbygoogle = window.adsbygoogle || []).push({});\n<\/script><\/p>\n<p><strong>El peso justo del terror y la \u201cCasa de los esp\u00edritus\u201d<\/strong><\/p>\n<p>El lunes, 25 de octubre, los adictos al g\u00e9nero tendr\u00e1n la posibilidad de demostrarlo en un \u201cConcurso de Preguntas de Terror\u201d: una sucesi\u00f3n de conocimiento sobre personajes y monstruos, mitos, lugares e historias l\u00f3bregas de todos los tiempos. Pero hay otro concurso \u201cde peso\u201d que se desarrollar\u00e1 todas las tardes del 25 al 29 de octubre.<\/p>\n<p>Quienes quieran participar deber\u00e1n estimar los gramos (o kilos) de un objeto expuesto en la Casa: desde una rata de las de Edgar Allan Poe, hasta la dentadura de Nosferatu. Sus apuestas ir\u00e1n a parar a una urna y el d\u00eda siguiente se conocer\u00e1 a la persona ganadora. Quien se haya aproximado m\u00e1s al peso justo, ser\u00e1 premiado con un libro de relato cl\u00e1sico, cuentos o novela gr\u00e1fica en la que ese objeto tenga presencia: desde el \u2018Dr\u00e1cula\u2019 de Bram Stoker a los \u2018Cuentos macabros\u2019 de Poe.<\/p>\n<p>Y la Casa se convertir\u00e1 en la \u2018Casa de los esp\u00edritus\u2019 durante 90 minutos cada tarde de la mano del escape room \u2018\u00bfSe atrever\u00e1n a entrar?\u2019, una actividad que se desarrollar\u00e1 en una sala preparada para la ocasi\u00f3n y en dos pasas diarios: a las 17 y a las 18 horas. Una casa se\u00f1orial, ruidos extra\u00f1os, una ouija y la oscuridad ser\u00e1n los protagonistas de esta propuesta dise\u00f1ada para grupos de cinco personas por pase de 12 a 30 a\u00f1os. Para participar es necesario inscribirse en el tel\u00e9fono 948 23 35 12 o acudiendo a la calle Sang\u00fcesa, 30.<\/p>\n<p>El s\u00e1bado 30, en la jornada pre-Hallowen la oferta de escapes est\u00e1 compuestas por tres aventuras-flash de 30 minutos cada una: en una habr\u00e1 que salir del purgatorio, en otra resolver una situaci\u00f3n compleja en la consulta de una psic\u00f3loga y la tercera se centra en un homicidio en un circo. Los pases ser\u00e1n para grupos de 6 a 10 personas a las 17.15, 18, 18.45, 19.30 y 20.15 horas y hay que inscribirse previamente desde el lunes 25. Junto con los escapes f\u00edsicos habr\u00e1 durante toda la tarde un escape con cartas (\u2018The game: prisi\u00f3n break\u2019) en partidas de 60 minutos de duraci\u00f3n.<\/p>\n<p><script async src=\"\/\/pagead2.googlesyndication.com\/pagead\/js\/adsbygoogle.js\"><\/script><br \/>\n<!-- Noticias La Guia de Pamplona --><br \/>\n<ins class=\"adsbygoogle\"\nstyle=\"display:block\"\ndata-ad-client=\"ca-pub-6943679897239327\"\ndata-ad-slot=\"7048180777\"\ndata-ad-format=\"auto\"><\/ins><br \/>\n<script>\n(adsbygoogle = window.adsbygoogle || []).push({});\n<\/script><\/p>\n<p><strong>Las propuestas diarias<\/strong><\/p>\n<p>Adem\u00e1s, todos los d\u00edas, del 25 al 29 de octubre a las 17 horas, quienes se acerquen hasta la Casa, adem\u00e1s de poder disfrutar de las proyecciones de cortos del festival, podr\u00e1n participar en otras propuestas de entrada libre que no necesitan inscripci\u00f3n. Si el lunes la propuesta es el concurso \u2018quiz\u2019, para el martes 26, la idea es expresar el susto ya que el miedo se podr\u00e1 exteriorizar customizando camisetas en un \u201cTaller de Camisetas terror\u00edficas\u201d que pretende que la ropa que pase por las manos de los participantes tenga un efecto tan hipn\u00f3tico como la mirada de un vampiro. La organizaci\u00f3n ser\u00e1 la que aporte todos los materiales para el taller.<\/p>\n<p>Mediada la semana, el mi\u00e9rcoles, la sesi\u00f3n de juegos de cartas o de tablero habitual en \u2018Cafeteando\u2019 se convertir\u00e1 en un \u201cCombo de Juegos de Terror\u201d. En ese tiempo se podr\u00e1n practicar desde una competici\u00f3n de \u201cbolos fantasmag\u00f3ricos\u201d a una \u201ccarrera de ojos\u201d o recibir la desasosegante \u201cllamada telef\u00f3nica del terror\u201d. En un recurso cl\u00e1sico de los miedos at\u00e1vicos, para los \u201camantes\u201d de los artr\u00f3podos est\u00e1 dise\u00f1ada la actividad del jueves 28, porque de lo que se trata es de hacer una tar\u00e1ntula con \u201climpiapipas\u201d. La pretensi\u00f3n es que cada uno pueda llevarse a casa una mascota que, al menos en apariencia, est\u00e9 viva. Finalmente, el viernes el karaoke habitual de la cafeter\u00eda se transformar\u00e1 en un \u201cKaraoke espeluznante\u201d ya que, por una vez, quienes canten mal obtendr\u00e1n las mejores posiciones en la clasificaci\u00f3n, m\u00e1s a\u00fan si cogen el micr\u00f3fono disfrazados.<\/p>\n<p><script async src=\"\/\/pagead2.googlesyndication.com\/pagead\/js\/adsbygoogle.js\"><\/script><br \/>\n<!-- Noticias La Guia de Pamplona --><br \/>\n<ins class=\"adsbygoogle\"\nstyle=\"display:block\"\ndata-ad-client=\"ca-pub-6943679897239327\"\ndata-ad-slot=\"7048180777\"\ndata-ad-format=\"auto\"><\/ins><br \/>\n<script>\n(adsbygoogle = window.adsbygoogle || []).push({});\n<\/script><\/p>\n<p><strong>La antesala de Halloween: el s\u00e1bado tarde de terror<\/strong><\/p>\n<p>Para quienes necesiten una dosis m\u00e1s fuerte de emociones o quieran llegar ya aterrorizados a Halloween, el s\u00e1bado 30 habr\u00e1 una buena concentraci\u00f3n de actividades vinculadas al miedo en una \u2018Tarde de Terror\u2019 de la mano de la asociaci\u00f3n juvenil LYT. Adem\u00e1s de los escape-flash y el de cartas, la Casa acoger\u00e1 durante toda la tarde otras propuestas.<\/p>\n<p>De 17.15 a 21 horas se proponen partidas de juegos de mesa como \u2018Black Stories\u2019, \u2018La cosa\u2019, \u2018Jugarse al alma a los dados\u2019 y \u2018El hombre lobo\u2019. Las partidas ser\u00e1n de libre participaci\u00f3n en orden de llegada hasta completar el aforo de cada turno. Y la tarde de LYT tambi\u00e9n propone participar en alguno de los tres pases del juego de rol \u2018El Asesinato misterioso\u2019, con la muerte de una exc\u00e9ntrica mujer adinerada en la que los 10 jugadores y jugadoras ser\u00e1n sospechosas. Todos tendr\u00e1n un m\u00f3vil, pero habr\u00e1 que descubrir qui\u00e9n ten\u00eda el mejor.<\/p>\n<p>Para poder participar, en los juegos de rol y los escapes har\u00e1 falta inscribirse de forma gratuita en la Casa de la Juventud, desde el 25 al 30 de octubre, de manera presencial o llamando por tel\u00e9fono al 948 23 35 12. La asociaci\u00f3n Learn &amp; Teach lleva a\u00f1os colaborando con el Ayuntamiento de Pamplona en la organizaci\u00f3n de Tardes de ocio que pretenden posibilitar nuevas opciones de ocio para los j\u00f3venes.<\/p>\n","protected":false},"excerpt":{"rendered":"<p>Al hilo del Festival de Cine Fant\u00e1stico y de Terror, las tardes de 25 al 30 de octubre ser\u00e1n una cuenta atr\u00e1s que se desarrollar\u00e1 hasta Halloween<\/p>\n","protected":false},"author":1,"featured_media":37120,"comment_status":"open","ping_status":"closed","sticky":false,"template":"","format":"standard","meta":{"footnotes":""},"categories":[2],"tags":[],"class_list":["post-37119","post","type-post","status-publish","format-standard","has-post-thumbnail","hentry","category-ayuntamiento-pamplona"],"yoast_head":"<!-- This site is optimized with the Yoast SEO plugin v27.5 - https:\/\/yoast.com\/product\/yoast-seo-wordpress\/ -->\n<title>\u00bfCu\u00e1nto pesa el miedo?: acertar tiene premio en forma de novelas gr\u00e1ficas y obras literarias del g\u00e9nero g\u00f3tico en la Casa de la Juventud<\/title>\n<meta name=\"description\" content=\"Al hilo del Festival de Cine Fant\u00e1stico y de Terror, las tardes de 25 al 30 de octubre ser\u00e1n una cuenta atr\u00e1s que se desarrollar\u00e1 hasta Halloween\" \/>\n<meta name=\"robots\" content=\"index, follow, max-snippet:-1, max-image-preview:large, max-video-preview:-1\" \/>\n<link rel=\"canonical\" href=\"https:\/\/www.laguiadepamplona.com\/actualidad\/cuanto-pesa-el-miedo-acertar-tiene-premio-en-forma-de-novelas-graficas-y-obras-literarias-del-genero-gotico-en-la-casa-de-la-juventud\/\" \/>\n<meta property=\"og:locale\" content=\"es_ES\" \/>\n<meta property=\"og:type\" content=\"article\" \/>\n<meta property=\"og:title\" content=\"\u00bfCu\u00e1nto pesa el miedo?: acertar tiene premio en forma de novelas gr\u00e1ficas y obras literarias del g\u00e9nero g\u00f3tico en la Casa de la Juventud\" \/>\n<meta property=\"og:description\" content=\"Al hilo del Festival de Cine Fant\u00e1stico y de Terror, las tardes de 25 al 30 de octubre ser\u00e1n una cuenta atr\u00e1s que se desarrollar\u00e1 hasta Halloween\" \/>\n<meta property=\"og:url\" content=\"https:\/\/www.laguiadepamplona.com\/actualidad\/cuanto-pesa-el-miedo-acertar-tiene-premio-en-forma-de-novelas-graficas-y-obras-literarias-del-genero-gotico-en-la-casa-de-la-juventud\/\" \/>\n<meta property=\"og:site_name\" content=\"La Gu\u00eda de Pamplona\" \/>\n<meta property=\"article:publisher\" content=\"https:\/\/www.facebook.com\/laguiadepamplonacom-133175176762273\/?ref=hl\" \/>\n<meta property=\"article:published_time\" content=\"2021-10-22T15:42:50+00:00\" \/>\n<meta property=\"article:modified_time\" content=\"2023-04-11T09:48:50+00:00\" \/>\n<meta property=\"og:image\" content=\"https:\/\/www.laguiadepamplona.com\/actualidad\/wp-content\/uploads\/2021\/10\/20211025-Cartel-Semana-del-Terror-Cast.jpg\" \/>\n\t<meta property=\"og:image:width\" content=\"1920\" \/>\n\t<meta property=\"og:image:height\" content=\"1357\" \/>\n\t<meta property=\"og:image:type\" content=\"image\/jpeg\" \/>\n<meta name=\"author\" content=\"La Gu\u00eda de Pamplona\" \/>\n<meta name=\"twitter:card\" content=\"summary_large_image\" \/>\n<meta name=\"twitter:creator\" content=\"@LaGuiadPamplona\" \/>\n<meta name=\"twitter:site\" content=\"@LaGuiadPamplona\" \/>\n<meta name=\"twitter:label1\" content=\"Escrito por\" \/>\n\t<meta name=\"twitter:data1\" content=\"La Gu\u00eda de Pamplona\" \/>\n\t<meta name=\"twitter:label2\" content=\"Tiempo de lectura\" \/>\n\t<meta name=\"twitter:data2\" content=\"6 minutos\" \/>\n<script type=\"application\/ld+json\" class=\"yoast-schema-graph\">{\"@context\":\"https:\\\/\\\/schema.org\",\"@graph\":[{\"@type\":\"Article\",\"@id\":\"https:\\\/\\\/www.laguiadepamplona.com\\\/actualidad\\\/cuanto-pesa-el-miedo-acertar-tiene-premio-en-forma-de-novelas-graficas-y-obras-literarias-del-genero-gotico-en-la-casa-de-la-juventud\\\/#article\",\"isPartOf\":{\"@id\":\"https:\\\/\\\/www.laguiadepamplona.com\\\/actualidad\\\/cuanto-pesa-el-miedo-acertar-tiene-premio-en-forma-de-novelas-graficas-y-obras-literarias-del-genero-gotico-en-la-casa-de-la-juventud\\\/\"},\"author\":{\"name\":\"La Gu\u00eda de Pamplona\",\"@id\":\"https:\\\/\\\/www.laguiadepamplona.com\\\/actualidad\\\/#\\\/schema\\\/person\\\/efe887376f0213d4657c93adc50b1fdb\"},\"headline\":\"\u00bfCu\u00e1nto pesa el miedo?: acertar tiene premio en forma de novelas gr\u00e1ficas y obras literarias del g\u00e9nero g\u00f3tico en la Casa de la Juventud\",\"datePublished\":\"2021-10-22T15:42:50+00:00\",\"dateModified\":\"2023-04-11T09:48:50+00:00\",\"mainEntityOfPage\":{\"@id\":\"https:\\\/\\\/www.laguiadepamplona.com\\\/actualidad\\\/cuanto-pesa-el-miedo-acertar-tiene-premio-en-forma-de-novelas-graficas-y-obras-literarias-del-genero-gotico-en-la-casa-de-la-juventud\\\/\"},\"wordCount\":1230,\"commentCount\":0,\"publisher\":{\"@id\":\"https:\\\/\\\/www.laguiadepamplona.com\\\/actualidad\\\/#organization\"},\"image\":{\"@id\":\"https:\\\/\\\/www.laguiadepamplona.com\\\/actualidad\\\/cuanto-pesa-el-miedo-acertar-tiene-premio-en-forma-de-novelas-graficas-y-obras-literarias-del-genero-gotico-en-la-casa-de-la-juventud\\\/#primaryimage\"},\"thumbnailUrl\":\"https:\\\/\\\/www.laguiadepamplona.com\\\/actualidad\\\/wp-content\\\/uploads\\\/2021\\\/10\\\/20211025-Cartel-Semana-del-Terror-Cast.jpg\",\"articleSection\":[\"Ayto Pamplona\"],\"inLanguage\":\"es\",\"potentialAction\":[{\"@type\":\"CommentAction\",\"name\":\"Comment\",\"target\":[\"https:\\\/\\\/www.laguiadepamplona.com\\\/actualidad\\\/cuanto-pesa-el-miedo-acertar-tiene-premio-en-forma-de-novelas-graficas-y-obras-literarias-del-genero-gotico-en-la-casa-de-la-juventud\\\/#respond\"]}]},{\"@type\":\"WebPage\",\"@id\":\"https:\\\/\\\/www.laguiadepamplona.com\\\/actualidad\\\/cuanto-pesa-el-miedo-acertar-tiene-premio-en-forma-de-novelas-graficas-y-obras-literarias-del-genero-gotico-en-la-casa-de-la-juventud\\\/\",\"url\":\"https:\\\/\\\/www.laguiadepamplona.com\\\/actualidad\\\/cuanto-pesa-el-miedo-acertar-tiene-premio-en-forma-de-novelas-graficas-y-obras-literarias-del-genero-gotico-en-la-casa-de-la-juventud\\\/\",\"name\":\"\u00bfCu\u00e1nto pesa el miedo?: acertar tiene premio en forma de novelas gr\u00e1ficas y obras literarias del g\u00e9nero g\u00f3tico en la Casa de la Juventud\",\"isPartOf\":{\"@id\":\"https:\\\/\\\/www.laguiadepamplona.com\\\/actualidad\\\/#website\"},\"primaryImageOfPage\":{\"@id\":\"https:\\\/\\\/www.laguiadepamplona.com\\\/actualidad\\\/cuanto-pesa-el-miedo-acertar-tiene-premio-en-forma-de-novelas-graficas-y-obras-literarias-del-genero-gotico-en-la-casa-de-la-juventud\\\/#primaryimage\"},\"image\":{\"@id\":\"https:\\\/\\\/www.laguiadepamplona.com\\\/actualidad\\\/cuanto-pesa-el-miedo-acertar-tiene-premio-en-forma-de-novelas-graficas-y-obras-literarias-del-genero-gotico-en-la-casa-de-la-juventud\\\/#primaryimage\"},\"thumbnailUrl\":\"https:\\\/\\\/www.laguiadepamplona.com\\\/actualidad\\\/wp-content\\\/uploads\\\/2021\\\/10\\\/20211025-Cartel-Semana-del-Terror-Cast.jpg\",\"datePublished\":\"2021-10-22T15:42:50+00:00\",\"dateModified\":\"2023-04-11T09:48:50+00:00\",\"description\":\"Al hilo del Festival de Cine Fant\u00e1stico y de Terror, las tardes de 25 al 30 de octubre ser\u00e1n una cuenta atr\u00e1s que se desarrollar\u00e1 hasta Halloween\",\"breadcrumb\":{\"@id\":\"https:\\\/\\\/www.laguiadepamplona.com\\\/actualidad\\\/cuanto-pesa-el-miedo-acertar-tiene-premio-en-forma-de-novelas-graficas-y-obras-literarias-del-genero-gotico-en-la-casa-de-la-juventud\\\/#breadcrumb\"},\"inLanguage\":\"es\",\"potentialAction\":[{\"@type\":\"ReadAction\",\"target\":[\"https:\\\/\\\/www.laguiadepamplona.com\\\/actualidad\\\/cuanto-pesa-el-miedo-acertar-tiene-premio-en-forma-de-novelas-graficas-y-obras-literarias-del-genero-gotico-en-la-casa-de-la-juventud\\\/\"]}]},{\"@type\":\"ImageObject\",\"inLanguage\":\"es\",\"@id\":\"https:\\\/\\\/www.laguiadepamplona.com\\\/actualidad\\\/cuanto-pesa-el-miedo-acertar-tiene-premio-en-forma-de-novelas-graficas-y-obras-literarias-del-genero-gotico-en-la-casa-de-la-juventud\\\/#primaryimage\",\"url\":\"https:\\\/\\\/www.laguiadepamplona.com\\\/actualidad\\\/wp-content\\\/uploads\\\/2021\\\/10\\\/20211025-Cartel-Semana-del-Terror-Cast.jpg\",\"contentUrl\":\"https:\\\/\\\/www.laguiadepamplona.com\\\/actualidad\\\/wp-content\\\/uploads\\\/2021\\\/10\\\/20211025-Cartel-Semana-del-Terror-Cast.jpg\",\"width\":1920,\"height\":1357},{\"@type\":\"BreadcrumbList\",\"@id\":\"https:\\\/\\\/www.laguiadepamplona.com\\\/actualidad\\\/cuanto-pesa-el-miedo-acertar-tiene-premio-en-forma-de-novelas-graficas-y-obras-literarias-del-genero-gotico-en-la-casa-de-la-juventud\\\/#breadcrumb\",\"itemListElement\":[{\"@type\":\"ListItem\",\"position\":1,\"name\":\"Portada\",\"item\":\"https:\\\/\\\/www.laguiadepamplona.com\\\/actualidad\\\/\"},{\"@type\":\"ListItem\",\"position\":2,\"name\":\"\u00bfCu\u00e1nto pesa el miedo?: acertar tiene premio en forma de novelas gr\u00e1ficas y obras literarias del g\u00e9nero g\u00f3tico en la Casa de la Juventud\"}]},{\"@type\":\"WebSite\",\"@id\":\"https:\\\/\\\/www.laguiadepamplona.com\\\/actualidad\\\/#website\",\"url\":\"https:\\\/\\\/www.laguiadepamplona.com\\\/actualidad\\\/\",\"name\":\"La gu\u00eda de Pamplona\",\"description\":\"Noticias de Pamplona\",\"publisher\":{\"@id\":\"https:\\\/\\\/www.laguiadepamplona.com\\\/actualidad\\\/#organization\"},\"potentialAction\":[{\"@type\":\"SearchAction\",\"target\":{\"@type\":\"EntryPoint\",\"urlTemplate\":\"https:\\\/\\\/www.laguiadepamplona.com\\\/actualidad\\\/?s={search_term_string}\"},\"query-input\":{\"@type\":\"PropertyValueSpecification\",\"valueRequired\":true,\"valueName\":\"search_term_string\"}}],\"inLanguage\":\"es\"},{\"@type\":\"Organization\",\"@id\":\"https:\\\/\\\/www.laguiadepamplona.com\\\/actualidad\\\/#organization\",\"name\":\"La Gu\u00eda de Pamplona \\\/ Noticias\",\"url\":\"https:\\\/\\\/www.laguiadepamplona.com\\\/actualidad\\\/\",\"logo\":{\"@type\":\"ImageObject\",\"inLanguage\":\"es\",\"@id\":\"https:\\\/\\\/www.laguiadepamplona.com\\\/actualidad\\\/#\\\/schema\\\/logo\\\/image\\\/\",\"url\":\"https:\\\/\\\/www.laguiadepamplona.com\\\/actualidad\\\/wp-content\\\/uploads\\\/2018\\\/11\\\/logo-laguiadepamplona18-web1.png\",\"contentUrl\":\"https:\\\/\\\/www.laguiadepamplona.com\\\/actualidad\\\/wp-content\\\/uploads\\\/2018\\\/11\\\/logo-laguiadepamplona18-web1.png\",\"width\":600,\"height\":196,\"caption\":\"La Gu\u00eda de Pamplona \\\/ Noticias\"},\"image\":{\"@id\":\"https:\\\/\\\/www.laguiadepamplona.com\\\/actualidad\\\/#\\\/schema\\\/logo\\\/image\\\/\"},\"sameAs\":[\"https:\\\/\\\/www.facebook.com\\\/laguiadepamplonacom-133175176762273\\\/?ref=hl\",\"https:\\\/\\\/x.com\\\/LaGuiadPamplona\",\"https:\\\/\\\/www.instagram.com\\\/la_guia_de_pamplona\\\/\",\"https:\\\/\\\/www.youtube.com\\\/user\\\/laguiadepamplona\"]},{\"@type\":\"Person\",\"@id\":\"https:\\\/\\\/www.laguiadepamplona.com\\\/actualidad\\\/#\\\/schema\\\/person\\\/efe887376f0213d4657c93adc50b1fdb\",\"name\":\"La Gu\u00eda de Pamplona\",\"image\":{\"@type\":\"ImageObject\",\"inLanguage\":\"es\",\"@id\":\"https:\\\/\\\/secure.gravatar.com\\\/avatar\\\/b6992f131dc8d30ab0dff15446e9d346d9dbd95992de0fef795073f5ea83a81c?s=96&d=mm&r=g\",\"url\":\"https:\\\/\\\/secure.gravatar.com\\\/avatar\\\/b6992f131dc8d30ab0dff15446e9d346d9dbd95992de0fef795073f5ea83a81c?s=96&d=mm&r=g\",\"contentUrl\":\"https:\\\/\\\/secure.gravatar.com\\\/avatar\\\/b6992f131dc8d30ab0dff15446e9d346d9dbd95992de0fef795073f5ea83a81c?s=96&d=mm&r=g\",\"caption\":\"La Gu\u00eda de Pamplona\"}}]}<\/script>\n<!-- \/ Yoast SEO plugin. -->","yoast_head_json":{"title":"\u00bfCu\u00e1nto pesa el miedo?: acertar tiene premio en forma de novelas gr\u00e1ficas y obras literarias del g\u00e9nero g\u00f3tico en la Casa de la Juventud","description":"Al hilo del Festival de Cine Fant\u00e1stico y de Terror, las tardes de 25 al 30 de octubre ser\u00e1n una cuenta atr\u00e1s que se desarrollar\u00e1 hasta Halloween","robots":{"index":"index","follow":"follow","max-snippet":"max-snippet:-1","max-image-preview":"max-image-preview:large","max-video-preview":"max-video-preview:-1"},"canonical":"https:\/\/www.laguiadepamplona.com\/actualidad\/cuanto-pesa-el-miedo-acertar-tiene-premio-en-forma-de-novelas-graficas-y-obras-literarias-del-genero-gotico-en-la-casa-de-la-juventud\/","og_locale":"es_ES","og_type":"article","og_title":"\u00bfCu\u00e1nto pesa el miedo?: acertar tiene premio en forma de novelas gr\u00e1ficas y obras literarias del g\u00e9nero g\u00f3tico en la Casa de la Juventud","og_description":"Al hilo del Festival de Cine Fant\u00e1stico y de Terror, las tardes de 25 al 30 de octubre ser\u00e1n una cuenta atr\u00e1s que se desarrollar\u00e1 hasta Halloween","og_url":"https:\/\/www.laguiadepamplona.com\/actualidad\/cuanto-pesa-el-miedo-acertar-tiene-premio-en-forma-de-novelas-graficas-y-obras-literarias-del-genero-gotico-en-la-casa-de-la-juventud\/","og_site_name":"La Gu\u00eda de Pamplona","article_publisher":"https:\/\/www.facebook.com\/laguiadepamplonacom-133175176762273\/?ref=hl","article_published_time":"2021-10-22T15:42:50+00:00","article_modified_time":"2023-04-11T09:48:50+00:00","og_image":[{"width":1920,"height":1357,"url":"https:\/\/www.laguiadepamplona.com\/actualidad\/wp-content\/uploads\/2021\/10\/20211025-Cartel-Semana-del-Terror-Cast.jpg","type":"image\/jpeg"}],"author":"La Gu\u00eda de Pamplona","twitter_card":"summary_large_image","twitter_creator":"@LaGuiadPamplona","twitter_site":"@LaGuiadPamplona","twitter_misc":{"Escrito por":"La Gu\u00eda de Pamplona","Tiempo de lectura":"6 minutos"},"schema":{"@context":"https:\/\/schema.org","@graph":[{"@type":"Article","@id":"https:\/\/www.laguiadepamplona.com\/actualidad\/cuanto-pesa-el-miedo-acertar-tiene-premio-en-forma-de-novelas-graficas-y-obras-literarias-del-genero-gotico-en-la-casa-de-la-juventud\/#article","isPartOf":{"@id":"https:\/\/www.laguiadepamplona.com\/actualidad\/cuanto-pesa-el-miedo-acertar-tiene-premio-en-forma-de-novelas-graficas-y-obras-literarias-del-genero-gotico-en-la-casa-de-la-juventud\/"},"author":{"name":"La Gu\u00eda de Pamplona","@id":"https:\/\/www.laguiadepamplona.com\/actualidad\/#\/schema\/person\/efe887376f0213d4657c93adc50b1fdb"},"headline":"\u00bfCu\u00e1nto pesa el miedo?: acertar tiene premio en forma de novelas gr\u00e1ficas y obras literarias del g\u00e9nero g\u00f3tico en la Casa de la Juventud","datePublished":"2021-10-22T15:42:50+00:00","dateModified":"2023-04-11T09:48:50+00:00","mainEntityOfPage":{"@id":"https:\/\/www.laguiadepamplona.com\/actualidad\/cuanto-pesa-el-miedo-acertar-tiene-premio-en-forma-de-novelas-graficas-y-obras-literarias-del-genero-gotico-en-la-casa-de-la-juventud\/"},"wordCount":1230,"commentCount":0,"publisher":{"@id":"https:\/\/www.laguiadepamplona.com\/actualidad\/#organization"},"image":{"@id":"https:\/\/www.laguiadepamplona.com\/actualidad\/cuanto-pesa-el-miedo-acertar-tiene-premio-en-forma-de-novelas-graficas-y-obras-literarias-del-genero-gotico-en-la-casa-de-la-juventud\/#primaryimage"},"thumbnailUrl":"https:\/\/www.laguiadepamplona.com\/actualidad\/wp-content\/uploads\/2021\/10\/20211025-Cartel-Semana-del-Terror-Cast.jpg","articleSection":["Ayto Pamplona"],"inLanguage":"es","potentialAction":[{"@type":"CommentAction","name":"Comment","target":["https:\/\/www.laguiadepamplona.com\/actualidad\/cuanto-pesa-el-miedo-acertar-tiene-premio-en-forma-de-novelas-graficas-y-obras-literarias-del-genero-gotico-en-la-casa-de-la-juventud\/#respond"]}]},{"@type":"WebPage","@id":"https:\/\/www.laguiadepamplona.com\/actualidad\/cuanto-pesa-el-miedo-acertar-tiene-premio-en-forma-de-novelas-graficas-y-obras-literarias-del-genero-gotico-en-la-casa-de-la-juventud\/","url":"https:\/\/www.laguiadepamplona.com\/actualidad\/cuanto-pesa-el-miedo-acertar-tiene-premio-en-forma-de-novelas-graficas-y-obras-literarias-del-genero-gotico-en-la-casa-de-la-juventud\/","name":"\u00bfCu\u00e1nto pesa el miedo?: acertar tiene premio en forma de novelas gr\u00e1ficas y obras literarias del g\u00e9nero g\u00f3tico en la Casa de la Juventud","isPartOf":{"@id":"https:\/\/www.laguiadepamplona.com\/actualidad\/#website"},"primaryImageOfPage":{"@id":"https:\/\/www.laguiadepamplona.com\/actualidad\/cuanto-pesa-el-miedo-acertar-tiene-premio-en-forma-de-novelas-graficas-y-obras-literarias-del-genero-gotico-en-la-casa-de-la-juventud\/#primaryimage"},"image":{"@id":"https:\/\/www.laguiadepamplona.com\/actualidad\/cuanto-pesa-el-miedo-acertar-tiene-premio-en-forma-de-novelas-graficas-y-obras-literarias-del-genero-gotico-en-la-casa-de-la-juventud\/#primaryimage"},"thumbnailUrl":"https:\/\/www.laguiadepamplona.com\/actualidad\/wp-content\/uploads\/2021\/10\/20211025-Cartel-Semana-del-Terror-Cast.jpg","datePublished":"2021-10-22T15:42:50+00:00","dateModified":"2023-04-11T09:48:50+00:00","description":"Al hilo del Festival de Cine Fant\u00e1stico y de Terror, las tardes de 25 al 30 de octubre ser\u00e1n una cuenta atr\u00e1s que se desarrollar\u00e1 hasta Halloween","breadcrumb":{"@id":"https:\/\/www.laguiadepamplona.com\/actualidad\/cuanto-pesa-el-miedo-acertar-tiene-premio-en-forma-de-novelas-graficas-y-obras-literarias-del-genero-gotico-en-la-casa-de-la-juventud\/#breadcrumb"},"inLanguage":"es","potentialAction":[{"@type":"ReadAction","target":["https:\/\/www.laguiadepamplona.com\/actualidad\/cuanto-pesa-el-miedo-acertar-tiene-premio-en-forma-de-novelas-graficas-y-obras-literarias-del-genero-gotico-en-la-casa-de-la-juventud\/"]}]},{"@type":"ImageObject","inLanguage":"es","@id":"https:\/\/www.laguiadepamplona.com\/actualidad\/cuanto-pesa-el-miedo-acertar-tiene-premio-en-forma-de-novelas-graficas-y-obras-literarias-del-genero-gotico-en-la-casa-de-la-juventud\/#primaryimage","url":"https:\/\/www.laguiadepamplona.com\/actualidad\/wp-content\/uploads\/2021\/10\/20211025-Cartel-Semana-del-Terror-Cast.jpg","contentUrl":"https:\/\/www.laguiadepamplona.com\/actualidad\/wp-content\/uploads\/2021\/10\/20211025-Cartel-Semana-del-Terror-Cast.jpg","width":1920,"height":1357},{"@type":"BreadcrumbList","@id":"https:\/\/www.laguiadepamplona.com\/actualidad\/cuanto-pesa-el-miedo-acertar-tiene-premio-en-forma-de-novelas-graficas-y-obras-literarias-del-genero-gotico-en-la-casa-de-la-juventud\/#breadcrumb","itemListElement":[{"@type":"ListItem","position":1,"name":"Portada","item":"https:\/\/www.laguiadepamplona.com\/actualidad\/"},{"@type":"ListItem","position":2,"name":"\u00bfCu\u00e1nto pesa el miedo?: acertar tiene premio en forma de novelas gr\u00e1ficas y obras literarias del g\u00e9nero g\u00f3tico en la Casa de la Juventud"}]},{"@type":"WebSite","@id":"https:\/\/www.laguiadepamplona.com\/actualidad\/#website","url":"https:\/\/www.laguiadepamplona.com\/actualidad\/","name":"La gu\u00eda de Pamplona","description":"Noticias de Pamplona","publisher":{"@id":"https:\/\/www.laguiadepamplona.com\/actualidad\/#organization"},"potentialAction":[{"@type":"SearchAction","target":{"@type":"EntryPoint","urlTemplate":"https:\/\/www.laguiadepamplona.com\/actualidad\/?s={search_term_string}"},"query-input":{"@type":"PropertyValueSpecification","valueRequired":true,"valueName":"search_term_string"}}],"inLanguage":"es"},{"@type":"Organization","@id":"https:\/\/www.laguiadepamplona.com\/actualidad\/#organization","name":"La Gu\u00eda de Pamplona \/ Noticias","url":"https:\/\/www.laguiadepamplona.com\/actualidad\/","logo":{"@type":"ImageObject","inLanguage":"es","@id":"https:\/\/www.laguiadepamplona.com\/actualidad\/#\/schema\/logo\/image\/","url":"https:\/\/www.laguiadepamplona.com\/actualidad\/wp-content\/uploads\/2018\/11\/logo-laguiadepamplona18-web1.png","contentUrl":"https:\/\/www.laguiadepamplona.com\/actualidad\/wp-content\/uploads\/2018\/11\/logo-laguiadepamplona18-web1.png","width":600,"height":196,"caption":"La Gu\u00eda de Pamplona \/ Noticias"},"image":{"@id":"https:\/\/www.laguiadepamplona.com\/actualidad\/#\/schema\/logo\/image\/"},"sameAs":["https:\/\/www.facebook.com\/laguiadepamplonacom-133175176762273\/?ref=hl","https:\/\/x.com\/LaGuiadPamplona","https:\/\/www.instagram.com\/la_guia_de_pamplona\/","https:\/\/www.youtube.com\/user\/laguiadepamplona"]},{"@type":"Person","@id":"https:\/\/www.laguiadepamplona.com\/actualidad\/#\/schema\/person\/efe887376f0213d4657c93adc50b1fdb","name":"La Gu\u00eda de Pamplona","image":{"@type":"ImageObject","inLanguage":"es","@id":"https:\/\/secure.gravatar.com\/avatar\/b6992f131dc8d30ab0dff15446e9d346d9dbd95992de0fef795073f5ea83a81c?s=96&d=mm&r=g","url":"https:\/\/secure.gravatar.com\/avatar\/b6992f131dc8d30ab0dff15446e9d346d9dbd95992de0fef795073f5ea83a81c?s=96&d=mm&r=g","contentUrl":"https:\/\/secure.gravatar.com\/avatar\/b6992f131dc8d30ab0dff15446e9d346d9dbd95992de0fef795073f5ea83a81c?s=96&d=mm&r=g","caption":"La Gu\u00eda de Pamplona"}}]}},"post_mailing_queue_ids":[],"_links":{"self":[{"href":"https:\/\/www.laguiadepamplona.com\/actualidad\/wp-json\/wp\/v2\/posts\/37119","targetHints":{"allow":["GET"]}}],"collection":[{"href":"https:\/\/www.laguiadepamplona.com\/actualidad\/wp-json\/wp\/v2\/posts"}],"about":[{"href":"https:\/\/www.laguiadepamplona.com\/actualidad\/wp-json\/wp\/v2\/types\/post"}],"author":[{"embeddable":true,"href":"https:\/\/www.laguiadepamplona.com\/actualidad\/wp-json\/wp\/v2\/users\/1"}],"replies":[{"embeddable":true,"href":"https:\/\/www.laguiadepamplona.com\/actualidad\/wp-json\/wp\/v2\/comments?post=37119"}],"version-history":[{"count":0,"href":"https:\/\/www.laguiadepamplona.com\/actualidad\/wp-json\/wp\/v2\/posts\/37119\/revisions"}],"wp:featuredmedia":[{"embeddable":true,"href":"https:\/\/www.laguiadepamplona.com\/actualidad\/wp-json\/wp\/v2\/media\/37120"}],"wp:attachment":[{"href":"https:\/\/www.laguiadepamplona.com\/actualidad\/wp-json\/wp\/v2\/media?parent=37119"}],"wp:term":[{"taxonomy":"category","embeddable":true,"href":"https:\/\/www.laguiadepamplona.com\/actualidad\/wp-json\/wp\/v2\/categories?post=37119"},{"taxonomy":"post_tag","embeddable":true,"href":"https:\/\/www.laguiadepamplona.com\/actualidad\/wp-json\/wp\/v2\/tags?post=37119"}],"curies":[{"name":"wp","href":"https:\/\/api.w.org\/{rel}","templated":true}]}}