{"id":3707,"date":"2014-11-05T16:49:36","date_gmt":"2014-11-05T14:49:36","guid":{"rendered":"http:\/\/laguiadepamplona.com\/actualidad\/?p=3707"},"modified":"2014-11-05T16:49:36","modified_gmt":"2014-11-05T14:49:36","slug":"el-ayuntamiento-reitera-que-el-despliegue-de-la-fibra-optica-en-el-i-y-ii-ensanche-depende-de-la-empresa-a-la-que-hace-un-ano-se-concedio-la-licencia-para-implantarla","status":"publish","type":"post","link":"https:\/\/www.laguiadepamplona.com\/actualidad\/el-ayuntamiento-reitera-que-el-despliegue-de-la-fibra-optica-en-el-i-y-ii-ensanche-depende-de-la-empresa-a-la-que-hace-un-ano-se-concedio-la-licencia-para-implantarla\/","title":{"rendered":"El Ayuntamiento reitera que el despliegue de la fibra \u00f3ptica en el I y II Ensanche depende de la empresa a la que hace un a\u00f1o se concedi\u00f3 la licencia para implantarla"},"content":{"rendered":"<h4>En noviembre de 2013 el Ayuntamiento otorg\u00f3 a Telef\u00f3nica de Espa\u00f1a, S.A.U., la licencia de obras para implantar la fibra \u00f3ptica en esos barrios<\/h4>\n<p><a href=\"http:\/\/laguiadepamplona.com\/actualidad\/wp-content\/uploads\/2014\/11\/fibra.jpg\"><img loading=\"lazy\" decoding=\"async\" class=\"alignleft size-medium wp-image-3708\" src=\"http:\/\/laguiadepamplona.com\/actualidad\/wp-content\/uploads\/2014\/11\/fibra-300x225.jpg\" alt=\"fibra\" width=\"300\" height=\"225\" \/><\/a>Ante las numerosas llamadas recibidas en el \u00e1rea de Urbanismo y el 010 sobre la implantaci\u00f3n de la fibra \u00f3ptica en el I y II Ensanche, el Ayuntamiento informa de que hace un a\u00f1o, en noviembre de 2013, el Consistorio concedi\u00f3 a Telef\u00f3nica de Espa\u00f1a, S.A.U., la\u00a0 licencia para las obras de despliegue de fibra \u00f3ptica en el I y II Ensanche, condicionada al cumplimiento de una serie de condiciones. Por tanto, es la empresa la que debe responder a las solicitudes de los ciudadanos, ya que el Ayuntamiento ha cumplido con los requisitos exigidos con la concesi\u00f3n de la licencia.<\/p>\n<p>Seg\u00fan esta, los trabajos no afectar\u00e1n a la estructura del edificio y no supondr\u00e1n modificaci\u00f3n de su aspecto exterior, quedando prohibidas, tal y como determina la Ordenanza General de Edificaci\u00f3n del Plan Municipal, las instalaciones en fachadas. La implantaci\u00f3n de la fibra \u00f3ptica se efectuar\u00e1 diferenciando aquellos edificios en los que el servicio es recibido por patios y aquellos que lo reciben desde la v\u00eda p\u00fablica.<\/p>\n<p><strong>Edificios que reciben el servicio por patios<\/strong><\/p>\n<p>En cuanto a los primeros, las redes de alimentaci\u00f3n y de distribuci\u00f3n se colocar\u00e1n de forma paralela a la red actual. Las cajas CTO se podr\u00e1n colocar en fachada a patio de luces o a patio de manzana, de manera que no sean visibles desde la v\u00eda p\u00fablica. Se considera el interior del edificio como la colocaci\u00f3n m\u00e1s id\u00f3nea.<\/p>\n<p>Adem\u00e1s, la red de dispersi\u00f3n se organizar\u00e1 de manera que discurra por el interior de los edificios en aquellos que dispongan de la infraestructura necesaria. En caso contrario, se permitir\u00e1 su colocaci\u00f3n en fachada a patio de luces o patio de manzana, siempre que coincida con la instalaci\u00f3n existente llevando a cabo su sustituci\u00f3n. En este caso, se colocar\u00e1 en las mismas condiciones de ocultaci\u00f3n actuales. Tampoco aparecer\u00e1n cableados de telefon\u00eda en tramos ni en ubicaciones, donde antes no exist\u00edan, especialmente en aquellos edificios que se encuentran rehabilitados.<\/p>\n<p>La aceptaci\u00f3n de la colocaci\u00f3n de la instalaci\u00f3n en fachadas a patio de manzana, se permite como soluci\u00f3n provisional, hasta que el edificio al que da servicio, realice obras de rehabilitaci\u00f3n en la fachada afectada. Siendo entonces, el momento de acometer las obras necesarias para ejecutar su traslado al interior del edificio.<\/p>\n<p><strong>Servicio por fachada que da a v\u00eda p\u00fablica<\/strong><\/p>\n<p>Si se trata de edificios con fachadas recayentes a v\u00eda p\u00fablica, las redes de alimentaci\u00f3n y de distribuci\u00f3n a\u00e9reas se colocar\u00e1n paralelas, en la misma ubicaci\u00f3n y con las mismas condiciones que las existentes. No aparecer\u00e1n en tramos ni en ubicaciones donde antes no exist\u00edan cableados de telefon\u00eda. Las cajas CTO se colocar\u00e1n en el interior de cada uno de los portales a los que de servicio y la red de dispersi\u00f3n se organizar\u00e1 de manera que discurra por el interior de los edificios.<\/p>\n<p>Previamente al inicio de los trabajos de cada proyecto (zona) se proceder\u00e1 a replantear la instalaci\u00f3n de cualquier cableado visto con el personal t\u00e9cnico de la ORV (Oficina de Rehabilitaci\u00f3n de Viviendas), ajustando la instalaci\u00f3n a las necesidades concretas de cada caso. No se instalar\u00e1 ning\u00fan cableado en fachada sin haber sido replanteado y autorizado por ese personal t\u00e9cnico de la ORV. Aquellos cableados y cajas colocados con anterioridad a la presente autorizaci\u00f3n, disconformes con los criterios citados, se ajustar\u00e1n a los mismos.<\/p>\n<p>Previamente al inicio de las obras, deber\u00e1 solicitar licencia de ocupaci\u00f3n de la v\u00eda p\u00fablica si fuera necesario.<\/p>\n<p>&nbsp;<\/p>\n","protected":false},"excerpt":{"rendered":"<p>En noviembre de 2013 el Ayuntamiento otorg\u00f3 a Telef\u00f3nica de Espa\u00f1a, S.A.U., la licencia de obras para implantar la fibra \u00f3ptica en esos barrios Ante las numerosas llamadas recibidas en&#8230;<\/p>\n","protected":false},"author":1,"featured_media":3708,"comment_status":"open","ping_status":"open","sticky":false,"template":"","format":"standard","meta":{"footnotes":""},"categories":[2],"tags":[5,6,509,3201,3202,3203,3204,8,9,3205,3206],"class_list":["post-3707","post","type-post","status-publish","format-standard","has-post-thumbnail","hentry","category-ayuntamiento-pamplona","tag-actualidad","tag-ayto-pamplona","tag-ayuntamiento-de-pamplona","tag-depende","tag-despliegue","tag-fibra-optica","tag-i-y-ii-ensanche","tag-noticias","tag-pamplona","tag-reitera","tag-telefonica"],"yoast_head":"<!-- This site is optimized with the Yoast SEO plugin v27.5 - https:\/\/yoast.com\/product\/yoast-seo-wordpress\/ -->\n<title>El Ayuntamiento reitera que el despliegue de la fibra \u00f3ptica en el I y II Ensanche depende de la empresa a la que hace un a\u00f1o se concedi\u00f3 la licencia para implantarla<\/title>\n<meta name=\"robots\" content=\"index, follow, max-snippet:-1, max-image-preview:large, max-video-preview:-1\" \/>\n<link rel=\"canonical\" href=\"https:\/\/www.laguiadepamplona.com\/actualidad\/el-ayuntamiento-reitera-que-el-despliegue-de-la-fibra-optica-en-el-i-y-ii-ensanche-depende-de-la-empresa-a-la-que-hace-un-ano-se-concedio-la-licencia-para-implantarla\/\" \/>\n<meta property=\"og:locale\" content=\"es_ES\" \/>\n<meta property=\"og:type\" content=\"article\" \/>\n<meta property=\"og:title\" content=\"El Ayuntamiento reitera que el despliegue de la fibra \u00f3ptica en el I y II Ensanche depende de la empresa a la que hace un a\u00f1o se concedi\u00f3 la licencia para implantarla\" \/>\n<meta property=\"og:description\" content=\"En noviembre de 2013 el Ayuntamiento otorg\u00f3 a Telef\u00f3nica de Espa\u00f1a, S.A.U., la licencia de obras para implantar la fibra \u00f3ptica en esos barrios Ante las numerosas llamadas recibidas en...\" \/>\n<meta property=\"og:url\" content=\"https:\/\/www.laguiadepamplona.com\/actualidad\/el-ayuntamiento-reitera-que-el-despliegue-de-la-fibra-optica-en-el-i-y-ii-ensanche-depende-de-la-empresa-a-la-que-hace-un-ano-se-concedio-la-licencia-para-implantarla\/\" \/>\n<meta property=\"og:site_name\" content=\"La Gu\u00eda de Pamplona\" \/>\n<meta property=\"article:publisher\" content=\"https:\/\/www.facebook.com\/laguiadepamplonacom-133175176762273\/?ref=hl\" \/>\n<meta property=\"article:published_time\" content=\"2014-11-05T14:49:36+00:00\" \/>\n<meta name=\"author\" content=\"La Gu\u00eda de Pamplona\" \/>\n<meta name=\"twitter:card\" content=\"summary_large_image\" \/>\n<meta name=\"twitter:creator\" content=\"@LaGuiadPamplona\" \/>\n<meta name=\"twitter:site\" content=\"@LaGuiadPamplona\" \/>\n<meta name=\"twitter:label1\" content=\"Escrito por\" \/>\n\t<meta name=\"twitter:data1\" content=\"La Gu\u00eda de Pamplona\" \/>\n\t<meta name=\"twitter:label2\" content=\"Tiempo de lectura\" \/>\n\t<meta name=\"twitter:data2\" content=\"3 minutos\" \/>\n<script type=\"application\/ld+json\" class=\"yoast-schema-graph\">{\"@context\":\"https:\\\/\\\/schema.org\",\"@graph\":[{\"@type\":\"Article\",\"@id\":\"https:\\\/\\\/www.laguiadepamplona.com\\\/actualidad\\\/el-ayuntamiento-reitera-que-el-despliegue-de-la-fibra-optica-en-el-i-y-ii-ensanche-depende-de-la-empresa-a-la-que-hace-un-ano-se-concedio-la-licencia-para-implantarla\\\/#article\",\"isPartOf\":{\"@id\":\"https:\\\/\\\/www.laguiadepamplona.com\\\/actualidad\\\/el-ayuntamiento-reitera-que-el-despliegue-de-la-fibra-optica-en-el-i-y-ii-ensanche-depende-de-la-empresa-a-la-que-hace-un-ano-se-concedio-la-licencia-para-implantarla\\\/\"},\"author\":{\"name\":\"La Gu\u00eda de Pamplona\",\"@id\":\"https:\\\/\\\/www.laguiadepamplona.com\\\/actualidad\\\/#\\\/schema\\\/person\\\/efe887376f0213d4657c93adc50b1fdb\"},\"headline\":\"El Ayuntamiento reitera que el despliegue de la fibra \u00f3ptica en el I y II Ensanche depende de la empresa a la que hace un a\u00f1o se concedi\u00f3 la licencia para implantarla\",\"datePublished\":\"2014-11-05T14:49:36+00:00\",\"mainEntityOfPage\":{\"@id\":\"https:\\\/\\\/www.laguiadepamplona.com\\\/actualidad\\\/el-ayuntamiento-reitera-que-el-despliegue-de-la-fibra-optica-en-el-i-y-ii-ensanche-depende-de-la-empresa-a-la-que-hace-un-ano-se-concedio-la-licencia-para-implantarla\\\/\"},\"wordCount\":688,\"commentCount\":0,\"publisher\":{\"@id\":\"https:\\\/\\\/www.laguiadepamplona.com\\\/actualidad\\\/#organization\"},\"image\":{\"@id\":\"https:\\\/\\\/www.laguiadepamplona.com\\\/actualidad\\\/el-ayuntamiento-reitera-que-el-despliegue-de-la-fibra-optica-en-el-i-y-ii-ensanche-depende-de-la-empresa-a-la-que-hace-un-ano-se-concedio-la-licencia-para-implantarla\\\/#primaryimage\"},\"thumbnailUrl\":\"\",\"keywords\":[\"actualidad\",\"ayto pamplona\",\"Ayuntamiento de Pamplona\",\"depende\",\"despliegue\",\"fibra \u00f3ptica\",\"I y II ensanche\",\"noticias\",\"pamplona\",\"reitera\",\"telef\u00f3nica\"],\"articleSection\":[\"Ayto Pamplona\"],\"inLanguage\":\"es\",\"potentialAction\":[{\"@type\":\"CommentAction\",\"name\":\"Comment\",\"target\":[\"https:\\\/\\\/www.laguiadepamplona.com\\\/actualidad\\\/el-ayuntamiento-reitera-que-el-despliegue-de-la-fibra-optica-en-el-i-y-ii-ensanche-depende-de-la-empresa-a-la-que-hace-un-ano-se-concedio-la-licencia-para-implantarla\\\/#respond\"]}]},{\"@type\":\"WebPage\",\"@id\":\"https:\\\/\\\/www.laguiadepamplona.com\\\/actualidad\\\/el-ayuntamiento-reitera-que-el-despliegue-de-la-fibra-optica-en-el-i-y-ii-ensanche-depende-de-la-empresa-a-la-que-hace-un-ano-se-concedio-la-licencia-para-implantarla\\\/\",\"url\":\"https:\\\/\\\/www.laguiadepamplona.com\\\/actualidad\\\/el-ayuntamiento-reitera-que-el-despliegue-de-la-fibra-optica-en-el-i-y-ii-ensanche-depende-de-la-empresa-a-la-que-hace-un-ano-se-concedio-la-licencia-para-implantarla\\\/\",\"name\":\"El Ayuntamiento reitera que el despliegue de la fibra \u00f3ptica en el I y II Ensanche depende de la empresa a la que hace un a\u00f1o se concedi\u00f3 la licencia para implantarla\",\"isPartOf\":{\"@id\":\"https:\\\/\\\/www.laguiadepamplona.com\\\/actualidad\\\/#website\"},\"primaryImageOfPage\":{\"@id\":\"https:\\\/\\\/www.laguiadepamplona.com\\\/actualidad\\\/el-ayuntamiento-reitera-que-el-despliegue-de-la-fibra-optica-en-el-i-y-ii-ensanche-depende-de-la-empresa-a-la-que-hace-un-ano-se-concedio-la-licencia-para-implantarla\\\/#primaryimage\"},\"image\":{\"@id\":\"https:\\\/\\\/www.laguiadepamplona.com\\\/actualidad\\\/el-ayuntamiento-reitera-que-el-despliegue-de-la-fibra-optica-en-el-i-y-ii-ensanche-depende-de-la-empresa-a-la-que-hace-un-ano-se-concedio-la-licencia-para-implantarla\\\/#primaryimage\"},\"thumbnailUrl\":\"\",\"datePublished\":\"2014-11-05T14:49:36+00:00\",\"breadcrumb\":{\"@id\":\"https:\\\/\\\/www.laguiadepamplona.com\\\/actualidad\\\/el-ayuntamiento-reitera-que-el-despliegue-de-la-fibra-optica-en-el-i-y-ii-ensanche-depende-de-la-empresa-a-la-que-hace-un-ano-se-concedio-la-licencia-para-implantarla\\\/#breadcrumb\"},\"inLanguage\":\"es\",\"potentialAction\":[{\"@type\":\"ReadAction\",\"target\":[\"https:\\\/\\\/www.laguiadepamplona.com\\\/actualidad\\\/el-ayuntamiento-reitera-que-el-despliegue-de-la-fibra-optica-en-el-i-y-ii-ensanche-depende-de-la-empresa-a-la-que-hace-un-ano-se-concedio-la-licencia-para-implantarla\\\/\"]}]},{\"@type\":\"ImageObject\",\"inLanguage\":\"es\",\"@id\":\"https:\\\/\\\/www.laguiadepamplona.com\\\/actualidad\\\/el-ayuntamiento-reitera-que-el-despliegue-de-la-fibra-optica-en-el-i-y-ii-ensanche-depende-de-la-empresa-a-la-que-hace-un-ano-se-concedio-la-licencia-para-implantarla\\\/#primaryimage\",\"url\":\"\",\"contentUrl\":\"\"},{\"@type\":\"BreadcrumbList\",\"@id\":\"https:\\\/\\\/www.laguiadepamplona.com\\\/actualidad\\\/el-ayuntamiento-reitera-que-el-despliegue-de-la-fibra-optica-en-el-i-y-ii-ensanche-depende-de-la-empresa-a-la-que-hace-un-ano-se-concedio-la-licencia-para-implantarla\\\/#breadcrumb\",\"itemListElement\":[{\"@type\":\"ListItem\",\"position\":1,\"name\":\"Portada\",\"item\":\"https:\\\/\\\/www.laguiadepamplona.com\\\/actualidad\\\/\"},{\"@type\":\"ListItem\",\"position\":2,\"name\":\"El Ayuntamiento reitera que el despliegue de la fibra \u00f3ptica en el I y II Ensanche depende de la empresa a la que hace un a\u00f1o se concedi\u00f3 la licencia para implantarla\"}]},{\"@type\":\"WebSite\",\"@id\":\"https:\\\/\\\/www.laguiadepamplona.com\\\/actualidad\\\/#website\",\"url\":\"https:\\\/\\\/www.laguiadepamplona.com\\\/actualidad\\\/\",\"name\":\"La gu\u00eda de Pamplona\",\"description\":\"Noticias de Pamplona\",\"publisher\":{\"@id\":\"https:\\\/\\\/www.laguiadepamplona.com\\\/actualidad\\\/#organization\"},\"potentialAction\":[{\"@type\":\"SearchAction\",\"target\":{\"@type\":\"EntryPoint\",\"urlTemplate\":\"https:\\\/\\\/www.laguiadepamplona.com\\\/actualidad\\\/?s={search_term_string}\"},\"query-input\":{\"@type\":\"PropertyValueSpecification\",\"valueRequired\":true,\"valueName\":\"search_term_string\"}}],\"inLanguage\":\"es\"},{\"@type\":\"Organization\",\"@id\":\"https:\\\/\\\/www.laguiadepamplona.com\\\/actualidad\\\/#organization\",\"name\":\"La Gu\u00eda de Pamplona \\\/ Noticias\",\"url\":\"https:\\\/\\\/www.laguiadepamplona.com\\\/actualidad\\\/\",\"logo\":{\"@type\":\"ImageObject\",\"inLanguage\":\"es\",\"@id\":\"https:\\\/\\\/www.laguiadepamplona.com\\\/actualidad\\\/#\\\/schema\\\/logo\\\/image\\\/\",\"url\":\"https:\\\/\\\/www.laguiadepamplona.com\\\/actualidad\\\/wp-content\\\/uploads\\\/2018\\\/11\\\/logo-laguiadepamplona18-web1.png\",\"contentUrl\":\"https:\\\/\\\/www.laguiadepamplona.com\\\/actualidad\\\/wp-content\\\/uploads\\\/2018\\\/11\\\/logo-laguiadepamplona18-web1.png\",\"width\":600,\"height\":196,\"caption\":\"La Gu\u00eda de Pamplona \\\/ Noticias\"},\"image\":{\"@id\":\"https:\\\/\\\/www.laguiadepamplona.com\\\/actualidad\\\/#\\\/schema\\\/logo\\\/image\\\/\"},\"sameAs\":[\"https:\\\/\\\/www.facebook.com\\\/laguiadepamplonacom-133175176762273\\\/?ref=hl\",\"https:\\\/\\\/x.com\\\/LaGuiadPamplona\",\"https:\\\/\\\/www.instagram.com\\\/la_guia_de_pamplona\\\/\",\"https:\\\/\\\/www.youtube.com\\\/user\\\/laguiadepamplona\"]},{\"@type\":\"Person\",\"@id\":\"https:\\\/\\\/www.laguiadepamplona.com\\\/actualidad\\\/#\\\/schema\\\/person\\\/efe887376f0213d4657c93adc50b1fdb\",\"name\":\"La Gu\u00eda de Pamplona\",\"image\":{\"@type\":\"ImageObject\",\"inLanguage\":\"es\",\"@id\":\"https:\\\/\\\/secure.gravatar.com\\\/avatar\\\/b6992f131dc8d30ab0dff15446e9d346d9dbd95992de0fef795073f5ea83a81c?s=96&d=mm&r=g\",\"url\":\"https:\\\/\\\/secure.gravatar.com\\\/avatar\\\/b6992f131dc8d30ab0dff15446e9d346d9dbd95992de0fef795073f5ea83a81c?s=96&d=mm&r=g\",\"contentUrl\":\"https:\\\/\\\/secure.gravatar.com\\\/avatar\\\/b6992f131dc8d30ab0dff15446e9d346d9dbd95992de0fef795073f5ea83a81c?s=96&d=mm&r=g\",\"caption\":\"La Gu\u00eda de Pamplona\"}}]}<\/script>\n<!-- \/ Yoast SEO plugin. -->","yoast_head_json":{"title":"El Ayuntamiento reitera que el despliegue de la fibra \u00f3ptica en el I y II Ensanche depende de la empresa a la que hace un a\u00f1o se concedi\u00f3 la licencia para implantarla","robots":{"index":"index","follow":"follow","max-snippet":"max-snippet:-1","max-image-preview":"max-image-preview:large","max-video-preview":"max-video-preview:-1"},"canonical":"https:\/\/www.laguiadepamplona.com\/actualidad\/el-ayuntamiento-reitera-que-el-despliegue-de-la-fibra-optica-en-el-i-y-ii-ensanche-depende-de-la-empresa-a-la-que-hace-un-ano-se-concedio-la-licencia-para-implantarla\/","og_locale":"es_ES","og_type":"article","og_title":"El Ayuntamiento reitera que el despliegue de la fibra \u00f3ptica en el I y II Ensanche depende de la empresa a la que hace un a\u00f1o se concedi\u00f3 la licencia para implantarla","og_description":"En noviembre de 2013 el Ayuntamiento otorg\u00f3 a Telef\u00f3nica de Espa\u00f1a, S.A.U., la licencia de obras para implantar la fibra \u00f3ptica en esos barrios Ante las numerosas llamadas recibidas en...","og_url":"https:\/\/www.laguiadepamplona.com\/actualidad\/el-ayuntamiento-reitera-que-el-despliegue-de-la-fibra-optica-en-el-i-y-ii-ensanche-depende-de-la-empresa-a-la-que-hace-un-ano-se-concedio-la-licencia-para-implantarla\/","og_site_name":"La Gu\u00eda de Pamplona","article_publisher":"https:\/\/www.facebook.com\/laguiadepamplonacom-133175176762273\/?ref=hl","article_published_time":"2014-11-05T14:49:36+00:00","author":"La Gu\u00eda de Pamplona","twitter_card":"summary_large_image","twitter_creator":"@LaGuiadPamplona","twitter_site":"@LaGuiadPamplona","twitter_misc":{"Escrito por":"La Gu\u00eda de Pamplona","Tiempo de lectura":"3 minutos"},"schema":{"@context":"https:\/\/schema.org","@graph":[{"@type":"Article","@id":"https:\/\/www.laguiadepamplona.com\/actualidad\/el-ayuntamiento-reitera-que-el-despliegue-de-la-fibra-optica-en-el-i-y-ii-ensanche-depende-de-la-empresa-a-la-que-hace-un-ano-se-concedio-la-licencia-para-implantarla\/#article","isPartOf":{"@id":"https:\/\/www.laguiadepamplona.com\/actualidad\/el-ayuntamiento-reitera-que-el-despliegue-de-la-fibra-optica-en-el-i-y-ii-ensanche-depende-de-la-empresa-a-la-que-hace-un-ano-se-concedio-la-licencia-para-implantarla\/"},"author":{"name":"La Gu\u00eda de Pamplona","@id":"https:\/\/www.laguiadepamplona.com\/actualidad\/#\/schema\/person\/efe887376f0213d4657c93adc50b1fdb"},"headline":"El Ayuntamiento reitera que el despliegue de la fibra \u00f3ptica en el I y II Ensanche depende de la empresa a la que hace un a\u00f1o se concedi\u00f3 la licencia para implantarla","datePublished":"2014-11-05T14:49:36+00:00","mainEntityOfPage":{"@id":"https:\/\/www.laguiadepamplona.com\/actualidad\/el-ayuntamiento-reitera-que-el-despliegue-de-la-fibra-optica-en-el-i-y-ii-ensanche-depende-de-la-empresa-a-la-que-hace-un-ano-se-concedio-la-licencia-para-implantarla\/"},"wordCount":688,"commentCount":0,"publisher":{"@id":"https:\/\/www.laguiadepamplona.com\/actualidad\/#organization"},"image":{"@id":"https:\/\/www.laguiadepamplona.com\/actualidad\/el-ayuntamiento-reitera-que-el-despliegue-de-la-fibra-optica-en-el-i-y-ii-ensanche-depende-de-la-empresa-a-la-que-hace-un-ano-se-concedio-la-licencia-para-implantarla\/#primaryimage"},"thumbnailUrl":"","keywords":["actualidad","ayto pamplona","Ayuntamiento de Pamplona","depende","despliegue","fibra \u00f3ptica","I y II ensanche","noticias","pamplona","reitera","telef\u00f3nica"],"articleSection":["Ayto Pamplona"],"inLanguage":"es","potentialAction":[{"@type":"CommentAction","name":"Comment","target":["https:\/\/www.laguiadepamplona.com\/actualidad\/el-ayuntamiento-reitera-que-el-despliegue-de-la-fibra-optica-en-el-i-y-ii-ensanche-depende-de-la-empresa-a-la-que-hace-un-ano-se-concedio-la-licencia-para-implantarla\/#respond"]}]},{"@type":"WebPage","@id":"https:\/\/www.laguiadepamplona.com\/actualidad\/el-ayuntamiento-reitera-que-el-despliegue-de-la-fibra-optica-en-el-i-y-ii-ensanche-depende-de-la-empresa-a-la-que-hace-un-ano-se-concedio-la-licencia-para-implantarla\/","url":"https:\/\/www.laguiadepamplona.com\/actualidad\/el-ayuntamiento-reitera-que-el-despliegue-de-la-fibra-optica-en-el-i-y-ii-ensanche-depende-de-la-empresa-a-la-que-hace-un-ano-se-concedio-la-licencia-para-implantarla\/","name":"El Ayuntamiento reitera que el despliegue de la fibra \u00f3ptica en el I y II Ensanche depende de la empresa a la que hace un a\u00f1o se concedi\u00f3 la licencia para implantarla","isPartOf":{"@id":"https:\/\/www.laguiadepamplona.com\/actualidad\/#website"},"primaryImageOfPage":{"@id":"https:\/\/www.laguiadepamplona.com\/actualidad\/el-ayuntamiento-reitera-que-el-despliegue-de-la-fibra-optica-en-el-i-y-ii-ensanche-depende-de-la-empresa-a-la-que-hace-un-ano-se-concedio-la-licencia-para-implantarla\/#primaryimage"},"image":{"@id":"https:\/\/www.laguiadepamplona.com\/actualidad\/el-ayuntamiento-reitera-que-el-despliegue-de-la-fibra-optica-en-el-i-y-ii-ensanche-depende-de-la-empresa-a-la-que-hace-un-ano-se-concedio-la-licencia-para-implantarla\/#primaryimage"},"thumbnailUrl":"","datePublished":"2014-11-05T14:49:36+00:00","breadcrumb":{"@id":"https:\/\/www.laguiadepamplona.com\/actualidad\/el-ayuntamiento-reitera-que-el-despliegue-de-la-fibra-optica-en-el-i-y-ii-ensanche-depende-de-la-empresa-a-la-que-hace-un-ano-se-concedio-la-licencia-para-implantarla\/#breadcrumb"},"inLanguage":"es","potentialAction":[{"@type":"ReadAction","target":["https:\/\/www.laguiadepamplona.com\/actualidad\/el-ayuntamiento-reitera-que-el-despliegue-de-la-fibra-optica-en-el-i-y-ii-ensanche-depende-de-la-empresa-a-la-que-hace-un-ano-se-concedio-la-licencia-para-implantarla\/"]}]},{"@type":"ImageObject","inLanguage":"es","@id":"https:\/\/www.laguiadepamplona.com\/actualidad\/el-ayuntamiento-reitera-que-el-despliegue-de-la-fibra-optica-en-el-i-y-ii-ensanche-depende-de-la-empresa-a-la-que-hace-un-ano-se-concedio-la-licencia-para-implantarla\/#primaryimage","url":"","contentUrl":""},{"@type":"BreadcrumbList","@id":"https:\/\/www.laguiadepamplona.com\/actualidad\/el-ayuntamiento-reitera-que-el-despliegue-de-la-fibra-optica-en-el-i-y-ii-ensanche-depende-de-la-empresa-a-la-que-hace-un-ano-se-concedio-la-licencia-para-implantarla\/#breadcrumb","itemListElement":[{"@type":"ListItem","position":1,"name":"Portada","item":"https:\/\/www.laguiadepamplona.com\/actualidad\/"},{"@type":"ListItem","position":2,"name":"El Ayuntamiento reitera que el despliegue de la fibra \u00f3ptica en el I y II Ensanche depende de la empresa a la que hace un a\u00f1o se concedi\u00f3 la licencia para implantarla"}]},{"@type":"WebSite","@id":"https:\/\/www.laguiadepamplona.com\/actualidad\/#website","url":"https:\/\/www.laguiadepamplona.com\/actualidad\/","name":"La gu\u00eda de Pamplona","description":"Noticias de Pamplona","publisher":{"@id":"https:\/\/www.laguiadepamplona.com\/actualidad\/#organization"},"potentialAction":[{"@type":"SearchAction","target":{"@type":"EntryPoint","urlTemplate":"https:\/\/www.laguiadepamplona.com\/actualidad\/?s={search_term_string}"},"query-input":{"@type":"PropertyValueSpecification","valueRequired":true,"valueName":"search_term_string"}}],"inLanguage":"es"},{"@type":"Organization","@id":"https:\/\/www.laguiadepamplona.com\/actualidad\/#organization","name":"La Gu\u00eda de Pamplona \/ Noticias","url":"https:\/\/www.laguiadepamplona.com\/actualidad\/","logo":{"@type":"ImageObject","inLanguage":"es","@id":"https:\/\/www.laguiadepamplona.com\/actualidad\/#\/schema\/logo\/image\/","url":"https:\/\/www.laguiadepamplona.com\/actualidad\/wp-content\/uploads\/2018\/11\/logo-laguiadepamplona18-web1.png","contentUrl":"https:\/\/www.laguiadepamplona.com\/actualidad\/wp-content\/uploads\/2018\/11\/logo-laguiadepamplona18-web1.png","width":600,"height":196,"caption":"La Gu\u00eda de Pamplona \/ Noticias"},"image":{"@id":"https:\/\/www.laguiadepamplona.com\/actualidad\/#\/schema\/logo\/image\/"},"sameAs":["https:\/\/www.facebook.com\/laguiadepamplonacom-133175176762273\/?ref=hl","https:\/\/x.com\/LaGuiadPamplona","https:\/\/www.instagram.com\/la_guia_de_pamplona\/","https:\/\/www.youtube.com\/user\/laguiadepamplona"]},{"@type":"Person","@id":"https:\/\/www.laguiadepamplona.com\/actualidad\/#\/schema\/person\/efe887376f0213d4657c93adc50b1fdb","name":"La Gu\u00eda de Pamplona","image":{"@type":"ImageObject","inLanguage":"es","@id":"https:\/\/secure.gravatar.com\/avatar\/b6992f131dc8d30ab0dff15446e9d346d9dbd95992de0fef795073f5ea83a81c?s=96&d=mm&r=g","url":"https:\/\/secure.gravatar.com\/avatar\/b6992f131dc8d30ab0dff15446e9d346d9dbd95992de0fef795073f5ea83a81c?s=96&d=mm&r=g","contentUrl":"https:\/\/secure.gravatar.com\/avatar\/b6992f131dc8d30ab0dff15446e9d346d9dbd95992de0fef795073f5ea83a81c?s=96&d=mm&r=g","caption":"La Gu\u00eda de Pamplona"}}]}},"post_mailing_queue_ids":[],"_links":{"self":[{"href":"https:\/\/www.laguiadepamplona.com\/actualidad\/wp-json\/wp\/v2\/posts\/3707","targetHints":{"allow":["GET"]}}],"collection":[{"href":"https:\/\/www.laguiadepamplona.com\/actualidad\/wp-json\/wp\/v2\/posts"}],"about":[{"href":"https:\/\/www.laguiadepamplona.com\/actualidad\/wp-json\/wp\/v2\/types\/post"}],"author":[{"embeddable":true,"href":"https:\/\/www.laguiadepamplona.com\/actualidad\/wp-json\/wp\/v2\/users\/1"}],"replies":[{"embeddable":true,"href":"https:\/\/www.laguiadepamplona.com\/actualidad\/wp-json\/wp\/v2\/comments?post=3707"}],"version-history":[{"count":0,"href":"https:\/\/www.laguiadepamplona.com\/actualidad\/wp-json\/wp\/v2\/posts\/3707\/revisions"}],"wp:featuredmedia":[{"embeddable":true,"href":"https:\/\/www.laguiadepamplona.com\/actualidad\/wp-json\/"}],"wp:attachment":[{"href":"https:\/\/www.laguiadepamplona.com\/actualidad\/wp-json\/wp\/v2\/media?parent=3707"}],"wp:term":[{"taxonomy":"category","embeddable":true,"href":"https:\/\/www.laguiadepamplona.com\/actualidad\/wp-json\/wp\/v2\/categories?post=3707"},{"taxonomy":"post_tag","embeddable":true,"href":"https:\/\/www.laguiadepamplona.com\/actualidad\/wp-json\/wp\/v2\/tags?post=3707"}],"curies":[{"name":"wp","href":"https:\/\/api.w.org\/{rel}","templated":true}]}}