{"id":37059,"date":"2021-10-19T17:48:08","date_gmt":"2021-10-19T15:48:08","guid":{"rendered":"https:\/\/www.laguiadepamplona.com\/actualidad\/?p=37059"},"modified":"2023-04-11T11:48:51","modified_gmt":"2023-04-11T09:48:51","slug":"el-ayuntamiento-anima-a-participar-en-la-encuesta-sobre-la-convivencia-entre-las-diferentes-culturas-de-pamplona-que-ya-ha-sido-cumplimentada-por-mas-de-700-personas","status":"publish","type":"post","link":"https:\/\/www.laguiadepamplona.com\/actualidad\/el-ayuntamiento-anima-a-participar-en-la-encuesta-sobre-la-convivencia-entre-las-diferentes-culturas-de-pamplona-que-ya-ha-sido-cumplimentada-por-mas-de-700-personas\/","title":{"rendered":"El Ayuntamiento anima a participar en la encuesta sobre la convivencia entre las diferentes culturas de Pamplona que ya ha sido cumplimentada por m\u00e1s de 700 personas"},"content":{"rendered":"<h5>La encuesta se puede rellenar hasta el 29 de octubre y el objetivo municipal es que sea una muestra amplia de diferentes edades, or\u00edgenes y barrios<\/h5>\n<p><!--more--><\/p>\n<p>El 29 de octubre finaliza el plazo para cumplimentar la encuesta preparada por el Ayuntamiento para conocer las opiniones de quienes viven en Pamplona sobre la vida en la ciudad y la calidad de la convivencia intercultural, como parte de su diagn\u00f3stico para conocer el grado y la calidad de la coexistencia entre las diferentes culturas que conforman la sociedad pamplonesa.<\/p>\n<p>La encuesta, que se responde en 10 minutos, se puede hacer online, por tel\u00e9fono o presencialmente. Pueden rellenarla las personas mayores de 18 a\u00f1os de cualquier procedencia nacional o internacional que vivan en Pamplona. Existe la opci\u00f3n de contestar en castellano, euskera, ingl\u00e9s y franc\u00e9s.<\/p>\n<p><script async src=\"\/\/pagead2.googlesyndication.com\/pagead\/js\/adsbygoogle.js\"><\/script><br \/>\n<!-- Noticias La Guia de Pamplona --><br \/>\n<ins class=\"adsbygoogle\"\nstyle=\"display:block\"\ndata-ad-client=\"ca-pub-6943679897239327\"\ndata-ad-slot=\"7048180777\"\ndata-ad-format=\"auto\"><\/ins><br \/>\n<script>\n(adsbygoogle = window.adsbygoogle || []).push({});\n<\/script><\/p>\n<p><strong>C\u00f3mo cumplimentarla<\/strong><\/p>\n<p>La encuesta est\u00e1 disponible en un <a href=\"https:\/\/erabaki.pamplona.es\/processes\/PlanDiversidadCultural\/f\/234\/\" target=\"_blank\" rel=\"noopener\">enlace<\/a> de la p\u00e1gina web erabaki.pamplona.es. Con el fin de facilitar al m\u00e1ximo la participaci\u00f3n de la ciudadan\u00eda, el Servicio municipal de Dinamizaci\u00f3n acompa\u00f1a de manera telef\u00f3nica o presencial a quienes quieran responderla. Para poder hacerla de manera presencial, pueden dirigirse a Zentro (Civivox Condestable, 2\u00ba Planta), de 9 a 14 y de 17 a 20 horas de lunes a viernes o a los Civivox Iturrama (martes y jueves), Juslarrocha (lunes y mi\u00e9rcoles) y Mendillorri (martes y jueves), en horario de 16 a 20 horas. Tambi\u00e9n se podr\u00e1 contestarla llamando al 948420464 o al 948420266.<\/p>\n<p>En estos momentos, m\u00e1s de 700 personas han participado en el estudio, pero el objetivo del Consistorio es que se reciban el mayor n\u00famero de respuestas posibles para que los resultados sean lo m\u00e1s representativos posibles. Y que sea una muestra lo m\u00e1s amplia posible de personas de diferentes edades, sexos, or\u00edgenes y barrios de acuerdo a la distribuci\u00f3n de la poblaci\u00f3n de Pamplona para que as\u00ed sea representativa de la realidad actual de la ciudad.<\/p>\n<p><script async src=\"\/\/pagead2.googlesyndication.com\/pagead\/js\/adsbygoogle.js\"><\/script><br \/>\n<!-- Noticias La Guia de Pamplona --><br \/>\n<ins class=\"adsbygoogle\"\nstyle=\"display:block\"\ndata-ad-client=\"ca-pub-6943679897239327\"\ndata-ad-slot=\"7048180777\"\ndata-ad-format=\"auto\"><\/ins><br \/>\n<script>\n(adsbygoogle = window.adsbygoogle || []).push({});\n<\/script><\/p>\n<p><strong>Una parte del Diagn\u00f3stico de Diversidad Cultural y Ciudadan\u00eda Inclusiva de Pamplona\u201d<\/strong><\/p>\n<p>La encuesta forma parte del \u201cDiagn\u00f3stico de Diversidad Cultural y Ciudadan\u00eda Inclusiva de Pamplona\u201d, uno de los pasos previos a la redacci\u00f3n del \u201cI <a href=\"https:\/\/erabaki.pamplona.es\/processes\/PlanDiversidadCultural\" target=\"_blank\" rel=\"noopener\">Plan<\/a> de Diversidad Cultural y Ciudadan\u00eda Inclusiva de Pamplona\u201d que estar\u00e1 elaborado hacia el segundo semestre de 2022. Este documento recoger\u00e1 las acciones y las propuestas para poder avanzar y mejorar en materia de diversidad cultural. Ser\u00e1 un plan para trabajar y potenciar la diversidad cultural de la ciudad y estar\u00e1 dirigido a toda la ciudadan\u00eda.<\/p>\n<p>La investigaci\u00f3n, impulsada por el \u00e1rea de Educaci\u00f3n, Participaci\u00f3n Ciudadana y Juventud, comenz\u00f3 en septiembre con una serie de talleres participativos compuestos por personas de distintos colectivos y asociaciones de la ciudad. Est\u00e9 trabajo se est\u00e1 realizando con perspectiva de g\u00e9nero e interseccional, es decir, analizando las respuestas seg\u00fan el sexo y el origen de quienes participan. De este modo, se garantiza recoger una visi\u00f3n amplia de la pluralidad de opiniones, inquietudes, necesidades, expectativas, esperanzas y dudas de las personas, los agentes y los colectivos que conforman la diversidad cultural de Pamplona.<\/p>\n<p><script async src=\"\/\/pagead2.googlesyndication.com\/pagead\/js\/adsbygoogle.js\"><\/script><br \/>\n<!-- Noticias La Guia de Pamplona --><br \/>\n<ins class=\"adsbygoogle\"\nstyle=\"display:block\"\ndata-ad-client=\"ca-pub-6943679897239327\"\ndata-ad-slot=\"7048180777\"\ndata-ad-format=\"auto\"><\/ins><br \/>\n<script>\n(adsbygoogle = window.adsbygoogle || []).push({});\n<\/script><\/p>\n<p><strong>Encuesta an\u00f3nima y la informaci\u00f3n ser\u00e1 tratada de forma confidencial<\/strong><\/p>\n<p>La encuesta es totalmente an\u00f3nima y la informaci\u00f3n relevada ser\u00e1 tratada de forma confidencial por el \u00e1rea y por Equala Iniciativas, la consultora encargada de la asistencia t\u00e9cnica del diagn\u00f3stico. El enfoque del trabajo se nutre del marco conceptual del profesor Carlos Gim\u00e9nez, catedr\u00e1tico de Antropolog\u00eda de la Universidad Aut\u00f3noma de Madrid, y los estudios realizados, desde 2010, por su equipo a trav\u00e9s del Proyecto de Intervenci\u00f3n Comunitaria Intercultural (Proyecto ICI).<\/p>\n<p>Seg\u00fan datos del Padr\u00f3n del Ayuntamiento de Pamplona, en abril de este a\u00f1o, un 20,4% de su poblaci\u00f3n es nacida en el extranjero, sumando 42.442 personas. El dato supone un incremento del 7,9% frente a 2020, cuando el porcentaje era del 18,9%. Por sexo, el 53% son mujeres y el 47% hombres. Teniendo en cuenta su origen, casi la mitad son de Latinoam\u00e9rica, una cuarta parte de otros pa\u00edses de Europa y poco m\u00e1s del 10% de \u00c1frica.<\/p>\n","protected":false},"excerpt":{"rendered":"<p>La encuesta se puede rellenar hasta el 29 de octubre y el objetivo municipal es que sea una muestra amplia de diferentes edades, or\u00edgenes y barrios<\/p>\n","protected":false},"author":1,"featured_media":37060,"comment_status":"open","ping_status":"closed","sticky":false,"template":"","format":"standard","meta":{"footnotes":""},"categories":[2],"tags":[],"class_list":["post-37059","post","type-post","status-publish","format-standard","has-post-thumbnail","hentry","category-ayuntamiento-pamplona"],"yoast_head":"<!-- This site is optimized with the Yoast SEO plugin v27.5 - https:\/\/yoast.com\/product\/yoast-seo-wordpress\/ -->\n<title>El Ayuntamiento anima a participar en la encuesta sobre la convivencia entre las diferentes culturas de Pamplona que ya ha sido cumplimentada por m\u00e1s de 700 personas<\/title>\n<meta name=\"description\" content=\"La encuesta se puede rellenar hasta el 29 de octubre y el objetivo municipal es que sea una muestra amplia de diferentes edades, or\u00edgenes y barrios\" \/>\n<meta name=\"robots\" content=\"index, follow, max-snippet:-1, max-image-preview:large, max-video-preview:-1\" \/>\n<link rel=\"canonical\" href=\"https:\/\/www.laguiadepamplona.com\/actualidad\/el-ayuntamiento-anima-a-participar-en-la-encuesta-sobre-la-convivencia-entre-las-diferentes-culturas-de-pamplona-que-ya-ha-sido-cumplimentada-por-mas-de-700-personas\/\" \/>\n<meta property=\"og:locale\" content=\"es_ES\" \/>\n<meta property=\"og:type\" content=\"article\" \/>\n<meta property=\"og:title\" content=\"El Ayuntamiento anima a participar en la encuesta sobre la convivencia entre las diferentes culturas de Pamplona que ya ha sido cumplimentada por m\u00e1s de 700 personas\" \/>\n<meta property=\"og:description\" content=\"La encuesta se puede rellenar hasta el 29 de octubre y el objetivo municipal es que sea una muestra amplia de diferentes edades, or\u00edgenes y barrios\" \/>\n<meta property=\"og:url\" content=\"https:\/\/www.laguiadepamplona.com\/actualidad\/el-ayuntamiento-anima-a-participar-en-la-encuesta-sobre-la-convivencia-entre-las-diferentes-culturas-de-pamplona-que-ya-ha-sido-cumplimentada-por-mas-de-700-personas\/\" \/>\n<meta property=\"og:site_name\" content=\"La Gu\u00eda de Pamplona\" \/>\n<meta property=\"article:publisher\" content=\"https:\/\/www.facebook.com\/laguiadepamplonacom-133175176762273\/?ref=hl\" \/>\n<meta property=\"article:published_time\" content=\"2021-10-19T15:48:08+00:00\" \/>\n<meta property=\"article:modified_time\" content=\"2023-04-11T09:48:51+00:00\" \/>\n<meta property=\"og:image\" content=\"https:\/\/www.laguiadepamplona.com\/actualidad\/wp-content\/uploads\/2021\/10\/destacadoencuesta.jpg\" \/>\n\t<meta property=\"og:image:width\" content=\"714\" \/>\n\t<meta property=\"og:image:height\" content=\"698\" \/>\n\t<meta property=\"og:image:type\" content=\"image\/jpeg\" \/>\n<meta name=\"author\" content=\"La Gu\u00eda de Pamplona\" \/>\n<meta name=\"twitter:card\" content=\"summary_large_image\" \/>\n<meta name=\"twitter:creator\" content=\"@LaGuiadPamplona\" \/>\n<meta name=\"twitter:site\" content=\"@LaGuiadPamplona\" \/>\n<meta name=\"twitter:label1\" content=\"Escrito por\" \/>\n\t<meta name=\"twitter:data1\" content=\"La Gu\u00eda de Pamplona\" \/>\n\t<meta name=\"twitter:label2\" content=\"Tiempo de lectura\" \/>\n\t<meta name=\"twitter:data2\" content=\"3 minutos\" \/>\n<script type=\"application\/ld+json\" class=\"yoast-schema-graph\">{\"@context\":\"https:\\\/\\\/schema.org\",\"@graph\":[{\"@type\":\"Article\",\"@id\":\"https:\\\/\\\/www.laguiadepamplona.com\\\/actualidad\\\/el-ayuntamiento-anima-a-participar-en-la-encuesta-sobre-la-convivencia-entre-las-diferentes-culturas-de-pamplona-que-ya-ha-sido-cumplimentada-por-mas-de-700-personas\\\/#article\",\"isPartOf\":{\"@id\":\"https:\\\/\\\/www.laguiadepamplona.com\\\/actualidad\\\/el-ayuntamiento-anima-a-participar-en-la-encuesta-sobre-la-convivencia-entre-las-diferentes-culturas-de-pamplona-que-ya-ha-sido-cumplimentada-por-mas-de-700-personas\\\/\"},\"author\":{\"name\":\"La Gu\u00eda de Pamplona\",\"@id\":\"https:\\\/\\\/www.laguiadepamplona.com\\\/actualidad\\\/#\\\/schema\\\/person\\\/efe887376f0213d4657c93adc50b1fdb\"},\"headline\":\"El Ayuntamiento anima a participar en la encuesta sobre la convivencia entre las diferentes culturas de Pamplona que ya ha sido cumplimentada por m\u00e1s de 700 personas\",\"datePublished\":\"2021-10-19T15:48:08+00:00\",\"dateModified\":\"2023-04-11T09:48:51+00:00\",\"mainEntityOfPage\":{\"@id\":\"https:\\\/\\\/www.laguiadepamplona.com\\\/actualidad\\\/el-ayuntamiento-anima-a-participar-en-la-encuesta-sobre-la-convivencia-entre-las-diferentes-culturas-de-pamplona-que-ya-ha-sido-cumplimentada-por-mas-de-700-personas\\\/\"},\"wordCount\":715,\"commentCount\":0,\"publisher\":{\"@id\":\"https:\\\/\\\/www.laguiadepamplona.com\\\/actualidad\\\/#organization\"},\"image\":{\"@id\":\"https:\\\/\\\/www.laguiadepamplona.com\\\/actualidad\\\/el-ayuntamiento-anima-a-participar-en-la-encuesta-sobre-la-convivencia-entre-las-diferentes-culturas-de-pamplona-que-ya-ha-sido-cumplimentada-por-mas-de-700-personas\\\/#primaryimage\"},\"thumbnailUrl\":\"https:\\\/\\\/www.laguiadepamplona.com\\\/actualidad\\\/wp-content\\\/uploads\\\/2021\\\/10\\\/destacadoencuesta.jpg\",\"articleSection\":[\"Ayto Pamplona\"],\"inLanguage\":\"es\",\"potentialAction\":[{\"@type\":\"CommentAction\",\"name\":\"Comment\",\"target\":[\"https:\\\/\\\/www.laguiadepamplona.com\\\/actualidad\\\/el-ayuntamiento-anima-a-participar-en-la-encuesta-sobre-la-convivencia-entre-las-diferentes-culturas-de-pamplona-que-ya-ha-sido-cumplimentada-por-mas-de-700-personas\\\/#respond\"]}]},{\"@type\":\"WebPage\",\"@id\":\"https:\\\/\\\/www.laguiadepamplona.com\\\/actualidad\\\/el-ayuntamiento-anima-a-participar-en-la-encuesta-sobre-la-convivencia-entre-las-diferentes-culturas-de-pamplona-que-ya-ha-sido-cumplimentada-por-mas-de-700-personas\\\/\",\"url\":\"https:\\\/\\\/www.laguiadepamplona.com\\\/actualidad\\\/el-ayuntamiento-anima-a-participar-en-la-encuesta-sobre-la-convivencia-entre-las-diferentes-culturas-de-pamplona-que-ya-ha-sido-cumplimentada-por-mas-de-700-personas\\\/\",\"name\":\"El Ayuntamiento anima a participar en la encuesta sobre la convivencia entre las diferentes culturas de Pamplona que ya ha sido cumplimentada por m\u00e1s de 700 personas\",\"isPartOf\":{\"@id\":\"https:\\\/\\\/www.laguiadepamplona.com\\\/actualidad\\\/#website\"},\"primaryImageOfPage\":{\"@id\":\"https:\\\/\\\/www.laguiadepamplona.com\\\/actualidad\\\/el-ayuntamiento-anima-a-participar-en-la-encuesta-sobre-la-convivencia-entre-las-diferentes-culturas-de-pamplona-que-ya-ha-sido-cumplimentada-por-mas-de-700-personas\\\/#primaryimage\"},\"image\":{\"@id\":\"https:\\\/\\\/www.laguiadepamplona.com\\\/actualidad\\\/el-ayuntamiento-anima-a-participar-en-la-encuesta-sobre-la-convivencia-entre-las-diferentes-culturas-de-pamplona-que-ya-ha-sido-cumplimentada-por-mas-de-700-personas\\\/#primaryimage\"},\"thumbnailUrl\":\"https:\\\/\\\/www.laguiadepamplona.com\\\/actualidad\\\/wp-content\\\/uploads\\\/2021\\\/10\\\/destacadoencuesta.jpg\",\"datePublished\":\"2021-10-19T15:48:08+00:00\",\"dateModified\":\"2023-04-11T09:48:51+00:00\",\"description\":\"La encuesta se puede rellenar hasta el 29 de octubre y el objetivo municipal es que sea una muestra amplia de diferentes edades, or\u00edgenes y barrios\",\"breadcrumb\":{\"@id\":\"https:\\\/\\\/www.laguiadepamplona.com\\\/actualidad\\\/el-ayuntamiento-anima-a-participar-en-la-encuesta-sobre-la-convivencia-entre-las-diferentes-culturas-de-pamplona-que-ya-ha-sido-cumplimentada-por-mas-de-700-personas\\\/#breadcrumb\"},\"inLanguage\":\"es\",\"potentialAction\":[{\"@type\":\"ReadAction\",\"target\":[\"https:\\\/\\\/www.laguiadepamplona.com\\\/actualidad\\\/el-ayuntamiento-anima-a-participar-en-la-encuesta-sobre-la-convivencia-entre-las-diferentes-culturas-de-pamplona-que-ya-ha-sido-cumplimentada-por-mas-de-700-personas\\\/\"]}]},{\"@type\":\"ImageObject\",\"inLanguage\":\"es\",\"@id\":\"https:\\\/\\\/www.laguiadepamplona.com\\\/actualidad\\\/el-ayuntamiento-anima-a-participar-en-la-encuesta-sobre-la-convivencia-entre-las-diferentes-culturas-de-pamplona-que-ya-ha-sido-cumplimentada-por-mas-de-700-personas\\\/#primaryimage\",\"url\":\"https:\\\/\\\/www.laguiadepamplona.com\\\/actualidad\\\/wp-content\\\/uploads\\\/2021\\\/10\\\/destacadoencuesta.jpg\",\"contentUrl\":\"https:\\\/\\\/www.laguiadepamplona.com\\\/actualidad\\\/wp-content\\\/uploads\\\/2021\\\/10\\\/destacadoencuesta.jpg\",\"width\":714,\"height\":698},{\"@type\":\"BreadcrumbList\",\"@id\":\"https:\\\/\\\/www.laguiadepamplona.com\\\/actualidad\\\/el-ayuntamiento-anima-a-participar-en-la-encuesta-sobre-la-convivencia-entre-las-diferentes-culturas-de-pamplona-que-ya-ha-sido-cumplimentada-por-mas-de-700-personas\\\/#breadcrumb\",\"itemListElement\":[{\"@type\":\"ListItem\",\"position\":1,\"name\":\"Portada\",\"item\":\"https:\\\/\\\/www.laguiadepamplona.com\\\/actualidad\\\/\"},{\"@type\":\"ListItem\",\"position\":2,\"name\":\"El Ayuntamiento anima a participar en la encuesta sobre la convivencia entre las diferentes culturas de Pamplona que ya ha sido cumplimentada por m\u00e1s de 700 personas\"}]},{\"@type\":\"WebSite\",\"@id\":\"https:\\\/\\\/www.laguiadepamplona.com\\\/actualidad\\\/#website\",\"url\":\"https:\\\/\\\/www.laguiadepamplona.com\\\/actualidad\\\/\",\"name\":\"La gu\u00eda de Pamplona\",\"description\":\"Noticias de Pamplona\",\"publisher\":{\"@id\":\"https:\\\/\\\/www.laguiadepamplona.com\\\/actualidad\\\/#organization\"},\"potentialAction\":[{\"@type\":\"SearchAction\",\"target\":{\"@type\":\"EntryPoint\",\"urlTemplate\":\"https:\\\/\\\/www.laguiadepamplona.com\\\/actualidad\\\/?s={search_term_string}\"},\"query-input\":{\"@type\":\"PropertyValueSpecification\",\"valueRequired\":true,\"valueName\":\"search_term_string\"}}],\"inLanguage\":\"es\"},{\"@type\":\"Organization\",\"@id\":\"https:\\\/\\\/www.laguiadepamplona.com\\\/actualidad\\\/#organization\",\"name\":\"La Gu\u00eda de Pamplona \\\/ Noticias\",\"url\":\"https:\\\/\\\/www.laguiadepamplona.com\\\/actualidad\\\/\",\"logo\":{\"@type\":\"ImageObject\",\"inLanguage\":\"es\",\"@id\":\"https:\\\/\\\/www.laguiadepamplona.com\\\/actualidad\\\/#\\\/schema\\\/logo\\\/image\\\/\",\"url\":\"https:\\\/\\\/www.laguiadepamplona.com\\\/actualidad\\\/wp-content\\\/uploads\\\/2018\\\/11\\\/logo-laguiadepamplona18-web1.png\",\"contentUrl\":\"https:\\\/\\\/www.laguiadepamplona.com\\\/actualidad\\\/wp-content\\\/uploads\\\/2018\\\/11\\\/logo-laguiadepamplona18-web1.png\",\"width\":600,\"height\":196,\"caption\":\"La Gu\u00eda de Pamplona \\\/ Noticias\"},\"image\":{\"@id\":\"https:\\\/\\\/www.laguiadepamplona.com\\\/actualidad\\\/#\\\/schema\\\/logo\\\/image\\\/\"},\"sameAs\":[\"https:\\\/\\\/www.facebook.com\\\/laguiadepamplonacom-133175176762273\\\/?ref=hl\",\"https:\\\/\\\/x.com\\\/LaGuiadPamplona\",\"https:\\\/\\\/www.instagram.com\\\/la_guia_de_pamplona\\\/\",\"https:\\\/\\\/www.youtube.com\\\/user\\\/laguiadepamplona\"]},{\"@type\":\"Person\",\"@id\":\"https:\\\/\\\/www.laguiadepamplona.com\\\/actualidad\\\/#\\\/schema\\\/person\\\/efe887376f0213d4657c93adc50b1fdb\",\"name\":\"La Gu\u00eda de Pamplona\",\"image\":{\"@type\":\"ImageObject\",\"inLanguage\":\"es\",\"@id\":\"https:\\\/\\\/secure.gravatar.com\\\/avatar\\\/b6992f131dc8d30ab0dff15446e9d346d9dbd95992de0fef795073f5ea83a81c?s=96&d=mm&r=g\",\"url\":\"https:\\\/\\\/secure.gravatar.com\\\/avatar\\\/b6992f131dc8d30ab0dff15446e9d346d9dbd95992de0fef795073f5ea83a81c?s=96&d=mm&r=g\",\"contentUrl\":\"https:\\\/\\\/secure.gravatar.com\\\/avatar\\\/b6992f131dc8d30ab0dff15446e9d346d9dbd95992de0fef795073f5ea83a81c?s=96&d=mm&r=g\",\"caption\":\"La Gu\u00eda de Pamplona\"}}]}<\/script>\n<!-- \/ Yoast SEO plugin. -->","yoast_head_json":{"title":"El Ayuntamiento anima a participar en la encuesta sobre la convivencia entre las diferentes culturas de Pamplona que ya ha sido cumplimentada por m\u00e1s de 700 personas","description":"La encuesta se puede rellenar hasta el 29 de octubre y el objetivo municipal es que sea una muestra amplia de diferentes edades, or\u00edgenes y barrios","robots":{"index":"index","follow":"follow","max-snippet":"max-snippet:-1","max-image-preview":"max-image-preview:large","max-video-preview":"max-video-preview:-1"},"canonical":"https:\/\/www.laguiadepamplona.com\/actualidad\/el-ayuntamiento-anima-a-participar-en-la-encuesta-sobre-la-convivencia-entre-las-diferentes-culturas-de-pamplona-que-ya-ha-sido-cumplimentada-por-mas-de-700-personas\/","og_locale":"es_ES","og_type":"article","og_title":"El Ayuntamiento anima a participar en la encuesta sobre la convivencia entre las diferentes culturas de Pamplona que ya ha sido cumplimentada por m\u00e1s de 700 personas","og_description":"La encuesta se puede rellenar hasta el 29 de octubre y el objetivo municipal es que sea una muestra amplia de diferentes edades, or\u00edgenes y barrios","og_url":"https:\/\/www.laguiadepamplona.com\/actualidad\/el-ayuntamiento-anima-a-participar-en-la-encuesta-sobre-la-convivencia-entre-las-diferentes-culturas-de-pamplona-que-ya-ha-sido-cumplimentada-por-mas-de-700-personas\/","og_site_name":"La Gu\u00eda de Pamplona","article_publisher":"https:\/\/www.facebook.com\/laguiadepamplonacom-133175176762273\/?ref=hl","article_published_time":"2021-10-19T15:48:08+00:00","article_modified_time":"2023-04-11T09:48:51+00:00","og_image":[{"width":714,"height":698,"url":"https:\/\/www.laguiadepamplona.com\/actualidad\/wp-content\/uploads\/2021\/10\/destacadoencuesta.jpg","type":"image\/jpeg"}],"author":"La Gu\u00eda de Pamplona","twitter_card":"summary_large_image","twitter_creator":"@LaGuiadPamplona","twitter_site":"@LaGuiadPamplona","twitter_misc":{"Escrito por":"La Gu\u00eda de Pamplona","Tiempo de lectura":"3 minutos"},"schema":{"@context":"https:\/\/schema.org","@graph":[{"@type":"Article","@id":"https:\/\/www.laguiadepamplona.com\/actualidad\/el-ayuntamiento-anima-a-participar-en-la-encuesta-sobre-la-convivencia-entre-las-diferentes-culturas-de-pamplona-que-ya-ha-sido-cumplimentada-por-mas-de-700-personas\/#article","isPartOf":{"@id":"https:\/\/www.laguiadepamplona.com\/actualidad\/el-ayuntamiento-anima-a-participar-en-la-encuesta-sobre-la-convivencia-entre-las-diferentes-culturas-de-pamplona-que-ya-ha-sido-cumplimentada-por-mas-de-700-personas\/"},"author":{"name":"La Gu\u00eda de Pamplona","@id":"https:\/\/www.laguiadepamplona.com\/actualidad\/#\/schema\/person\/efe887376f0213d4657c93adc50b1fdb"},"headline":"El Ayuntamiento anima a participar en la encuesta sobre la convivencia entre las diferentes culturas de Pamplona que ya ha sido cumplimentada por m\u00e1s de 700 personas","datePublished":"2021-10-19T15:48:08+00:00","dateModified":"2023-04-11T09:48:51+00:00","mainEntityOfPage":{"@id":"https:\/\/www.laguiadepamplona.com\/actualidad\/el-ayuntamiento-anima-a-participar-en-la-encuesta-sobre-la-convivencia-entre-las-diferentes-culturas-de-pamplona-que-ya-ha-sido-cumplimentada-por-mas-de-700-personas\/"},"wordCount":715,"commentCount":0,"publisher":{"@id":"https:\/\/www.laguiadepamplona.com\/actualidad\/#organization"},"image":{"@id":"https:\/\/www.laguiadepamplona.com\/actualidad\/el-ayuntamiento-anima-a-participar-en-la-encuesta-sobre-la-convivencia-entre-las-diferentes-culturas-de-pamplona-que-ya-ha-sido-cumplimentada-por-mas-de-700-personas\/#primaryimage"},"thumbnailUrl":"https:\/\/www.laguiadepamplona.com\/actualidad\/wp-content\/uploads\/2021\/10\/destacadoencuesta.jpg","articleSection":["Ayto Pamplona"],"inLanguage":"es","potentialAction":[{"@type":"CommentAction","name":"Comment","target":["https:\/\/www.laguiadepamplona.com\/actualidad\/el-ayuntamiento-anima-a-participar-en-la-encuesta-sobre-la-convivencia-entre-las-diferentes-culturas-de-pamplona-que-ya-ha-sido-cumplimentada-por-mas-de-700-personas\/#respond"]}]},{"@type":"WebPage","@id":"https:\/\/www.laguiadepamplona.com\/actualidad\/el-ayuntamiento-anima-a-participar-en-la-encuesta-sobre-la-convivencia-entre-las-diferentes-culturas-de-pamplona-que-ya-ha-sido-cumplimentada-por-mas-de-700-personas\/","url":"https:\/\/www.laguiadepamplona.com\/actualidad\/el-ayuntamiento-anima-a-participar-en-la-encuesta-sobre-la-convivencia-entre-las-diferentes-culturas-de-pamplona-que-ya-ha-sido-cumplimentada-por-mas-de-700-personas\/","name":"El Ayuntamiento anima a participar en la encuesta sobre la convivencia entre las diferentes culturas de Pamplona que ya ha sido cumplimentada por m\u00e1s de 700 personas","isPartOf":{"@id":"https:\/\/www.laguiadepamplona.com\/actualidad\/#website"},"primaryImageOfPage":{"@id":"https:\/\/www.laguiadepamplona.com\/actualidad\/el-ayuntamiento-anima-a-participar-en-la-encuesta-sobre-la-convivencia-entre-las-diferentes-culturas-de-pamplona-que-ya-ha-sido-cumplimentada-por-mas-de-700-personas\/#primaryimage"},"image":{"@id":"https:\/\/www.laguiadepamplona.com\/actualidad\/el-ayuntamiento-anima-a-participar-en-la-encuesta-sobre-la-convivencia-entre-las-diferentes-culturas-de-pamplona-que-ya-ha-sido-cumplimentada-por-mas-de-700-personas\/#primaryimage"},"thumbnailUrl":"https:\/\/www.laguiadepamplona.com\/actualidad\/wp-content\/uploads\/2021\/10\/destacadoencuesta.jpg","datePublished":"2021-10-19T15:48:08+00:00","dateModified":"2023-04-11T09:48:51+00:00","description":"La encuesta se puede rellenar hasta el 29 de octubre y el objetivo municipal es que sea una muestra amplia de diferentes edades, or\u00edgenes y barrios","breadcrumb":{"@id":"https:\/\/www.laguiadepamplona.com\/actualidad\/el-ayuntamiento-anima-a-participar-en-la-encuesta-sobre-la-convivencia-entre-las-diferentes-culturas-de-pamplona-que-ya-ha-sido-cumplimentada-por-mas-de-700-personas\/#breadcrumb"},"inLanguage":"es","potentialAction":[{"@type":"ReadAction","target":["https:\/\/www.laguiadepamplona.com\/actualidad\/el-ayuntamiento-anima-a-participar-en-la-encuesta-sobre-la-convivencia-entre-las-diferentes-culturas-de-pamplona-que-ya-ha-sido-cumplimentada-por-mas-de-700-personas\/"]}]},{"@type":"ImageObject","inLanguage":"es","@id":"https:\/\/www.laguiadepamplona.com\/actualidad\/el-ayuntamiento-anima-a-participar-en-la-encuesta-sobre-la-convivencia-entre-las-diferentes-culturas-de-pamplona-que-ya-ha-sido-cumplimentada-por-mas-de-700-personas\/#primaryimage","url":"https:\/\/www.laguiadepamplona.com\/actualidad\/wp-content\/uploads\/2021\/10\/destacadoencuesta.jpg","contentUrl":"https:\/\/www.laguiadepamplona.com\/actualidad\/wp-content\/uploads\/2021\/10\/destacadoencuesta.jpg","width":714,"height":698},{"@type":"BreadcrumbList","@id":"https:\/\/www.laguiadepamplona.com\/actualidad\/el-ayuntamiento-anima-a-participar-en-la-encuesta-sobre-la-convivencia-entre-las-diferentes-culturas-de-pamplona-que-ya-ha-sido-cumplimentada-por-mas-de-700-personas\/#breadcrumb","itemListElement":[{"@type":"ListItem","position":1,"name":"Portada","item":"https:\/\/www.laguiadepamplona.com\/actualidad\/"},{"@type":"ListItem","position":2,"name":"El Ayuntamiento anima a participar en la encuesta sobre la convivencia entre las diferentes culturas de Pamplona que ya ha sido cumplimentada por m\u00e1s de 700 personas"}]},{"@type":"WebSite","@id":"https:\/\/www.laguiadepamplona.com\/actualidad\/#website","url":"https:\/\/www.laguiadepamplona.com\/actualidad\/","name":"La gu\u00eda de Pamplona","description":"Noticias de Pamplona","publisher":{"@id":"https:\/\/www.laguiadepamplona.com\/actualidad\/#organization"},"potentialAction":[{"@type":"SearchAction","target":{"@type":"EntryPoint","urlTemplate":"https:\/\/www.laguiadepamplona.com\/actualidad\/?s={search_term_string}"},"query-input":{"@type":"PropertyValueSpecification","valueRequired":true,"valueName":"search_term_string"}}],"inLanguage":"es"},{"@type":"Organization","@id":"https:\/\/www.laguiadepamplona.com\/actualidad\/#organization","name":"La Gu\u00eda de Pamplona \/ Noticias","url":"https:\/\/www.laguiadepamplona.com\/actualidad\/","logo":{"@type":"ImageObject","inLanguage":"es","@id":"https:\/\/www.laguiadepamplona.com\/actualidad\/#\/schema\/logo\/image\/","url":"https:\/\/www.laguiadepamplona.com\/actualidad\/wp-content\/uploads\/2018\/11\/logo-laguiadepamplona18-web1.png","contentUrl":"https:\/\/www.laguiadepamplona.com\/actualidad\/wp-content\/uploads\/2018\/11\/logo-laguiadepamplona18-web1.png","width":600,"height":196,"caption":"La Gu\u00eda de Pamplona \/ Noticias"},"image":{"@id":"https:\/\/www.laguiadepamplona.com\/actualidad\/#\/schema\/logo\/image\/"},"sameAs":["https:\/\/www.facebook.com\/laguiadepamplonacom-133175176762273\/?ref=hl","https:\/\/x.com\/LaGuiadPamplona","https:\/\/www.instagram.com\/la_guia_de_pamplona\/","https:\/\/www.youtube.com\/user\/laguiadepamplona"]},{"@type":"Person","@id":"https:\/\/www.laguiadepamplona.com\/actualidad\/#\/schema\/person\/efe887376f0213d4657c93adc50b1fdb","name":"La Gu\u00eda de Pamplona","image":{"@type":"ImageObject","inLanguage":"es","@id":"https:\/\/secure.gravatar.com\/avatar\/b6992f131dc8d30ab0dff15446e9d346d9dbd95992de0fef795073f5ea83a81c?s=96&d=mm&r=g","url":"https:\/\/secure.gravatar.com\/avatar\/b6992f131dc8d30ab0dff15446e9d346d9dbd95992de0fef795073f5ea83a81c?s=96&d=mm&r=g","contentUrl":"https:\/\/secure.gravatar.com\/avatar\/b6992f131dc8d30ab0dff15446e9d346d9dbd95992de0fef795073f5ea83a81c?s=96&d=mm&r=g","caption":"La Gu\u00eda de Pamplona"}}]}},"post_mailing_queue_ids":[],"_links":{"self":[{"href":"https:\/\/www.laguiadepamplona.com\/actualidad\/wp-json\/wp\/v2\/posts\/37059","targetHints":{"allow":["GET"]}}],"collection":[{"href":"https:\/\/www.laguiadepamplona.com\/actualidad\/wp-json\/wp\/v2\/posts"}],"about":[{"href":"https:\/\/www.laguiadepamplona.com\/actualidad\/wp-json\/wp\/v2\/types\/post"}],"author":[{"embeddable":true,"href":"https:\/\/www.laguiadepamplona.com\/actualidad\/wp-json\/wp\/v2\/users\/1"}],"replies":[{"embeddable":true,"href":"https:\/\/www.laguiadepamplona.com\/actualidad\/wp-json\/wp\/v2\/comments?post=37059"}],"version-history":[{"count":0,"href":"https:\/\/www.laguiadepamplona.com\/actualidad\/wp-json\/wp\/v2\/posts\/37059\/revisions"}],"wp:featuredmedia":[{"embeddable":true,"href":"https:\/\/www.laguiadepamplona.com\/actualidad\/wp-json\/wp\/v2\/media\/37060"}],"wp:attachment":[{"href":"https:\/\/www.laguiadepamplona.com\/actualidad\/wp-json\/wp\/v2\/media?parent=37059"}],"wp:term":[{"taxonomy":"category","embeddable":true,"href":"https:\/\/www.laguiadepamplona.com\/actualidad\/wp-json\/wp\/v2\/categories?post=37059"},{"taxonomy":"post_tag","embeddable":true,"href":"https:\/\/www.laguiadepamplona.com\/actualidad\/wp-json\/wp\/v2\/tags?post=37059"}],"curies":[{"name":"wp","href":"https:\/\/api.w.org\/{rel}","templated":true}]}}