{"id":37044,"date":"2021-10-18T12:45:15","date_gmt":"2021-10-18T10:45:15","guid":{"rendered":"https:\/\/www.laguiadepamplona.com\/actualidad\/?p=37044"},"modified":"2023-04-11T11:48:51","modified_gmt":"2023-04-11T09:48:51","slug":"saboteado-el-mural-presentado-el-viernes-y-que-fue-disenado-por-los-ninos-y-ninas-que-participaron-en-el-campamento-de-coworkids-de-la-pasada-semana-santa","status":"publish","type":"post","link":"https:\/\/www.laguiadepamplona.com\/actualidad\/saboteado-el-mural-presentado-el-viernes-y-que-fue-disenado-por-los-ninos-y-ninas-que-participaron-en-el-campamento-de-coworkids-de-la-pasada-semana-santa\/","title":{"rendered":"Saboteado el mural presentado el viernes y que fue dise\u00f1ado por los ni\u00f1os y ni\u00f1as que participaron en el campamento de COworkids de la pasada Semana Santa"},"content":{"rendered":"<h5>El mural se encuentra en el Centro Comunitario Ermitaga\u00f1a y representa un \u00e1rbol de cuyas ramas cuelgan los Objetivos de Desarrollo Sostenible<\/h5>\n<p><!--more--><\/p>\n<p><a href=\"https:\/\/www.laguiadepamplona.com\/actualidad\/wp-content\/uploads\/2021\/10\/arbolcoworkids1.jpg\"><img loading=\"lazy\" decoding=\"async\" class=\"alignleft size-medium wp-image-37046\" src=\"https:\/\/www.laguiadepamplona.com\/actualidad\/wp-content\/uploads\/2021\/10\/arbolcoworkids1-225x300.jpg\" alt=\"\" width=\"225\" height=\"300\" srcset=\"https:\/\/www.laguiadepamplona.com\/actualidad\/wp-content\/uploads\/2021\/10\/arbolcoworkids1-225x300.jpg 225w, https:\/\/www.laguiadepamplona.com\/actualidad\/wp-content\/uploads\/2021\/10\/arbolcoworkids1-512x682.jpg 512w, https:\/\/www.laguiadepamplona.com\/actualidad\/wp-content\/uploads\/2021\/10\/arbolcoworkids1-768x1024.jpg 768w, https:\/\/www.laguiadepamplona.com\/actualidad\/wp-content\/uploads\/2021\/10\/arbolcoworkids1-640x853.jpg 640w, https:\/\/www.laguiadepamplona.com\/actualidad\/wp-content\/uploads\/2021\/10\/arbolcoworkids1.jpg 900w\" sizes=\"auto, (max-width: 225px) 100vw, 225px\" \/><\/a>El mural presentado el viernes, que hab\u00eda sido dise\u00f1ado por los ni\u00f1os y ni\u00f1as que participaron en el campamento de COworkids de la pasada Semana Santa \u2018Pamplona 2030. \u00bfQu\u00e9 ciudad imaginas en el futuro?\u2019, ha sido saboteado. El dibujo representa un \u00e1rbol, de cuyas ramas cuelgan los Objetivos de Desarrollo Sostenible (ODS) y con unas hojas de colores realizadas con las manos de los ni\u00f1os y ni\u00f1as.<\/p>\n<p>Ubicado en el Centro Comunitario de Ermitaga\u00f1a, donde COworkids desarrolla las actividades en el barrio, ha aparecido borrado con pintura blanca en la zona del dibujo del \u00e1rbol y negra en d\u00f3nde se hablaba de los Objetivos de Desarrollo Sostenible. El Ayuntamiento de Pamplona va a trabajar para su reconstrucci\u00f3n tal y como estaba para reconocer el trabajo realizado por los ni\u00f1os y ni\u00f1as.<\/p>\n<p><script async src=\"\/\/pagead2.googlesyndication.com\/pagead\/js\/adsbygoogle.js\"><\/script><br \/>\n<!-- Noticias La Guia de Pamplona --><br \/>\n<ins class=\"adsbygoogle\"\nstyle=\"display:block\"\ndata-ad-client=\"ca-pub-6943679897239327\"\ndata-ad-slot=\"7048180777\"\ndata-ad-format=\"auto\"><\/ins><br \/>\n<script>\n(adsbygoogle = window.adsbygoogle || []).push({});\n<\/script><\/p>\n<p>Durante la Semana Santa, 130 ni\u00f1os y ni\u00f1as que acudieron a los campamentos de COworkids elaboraron 13 ideas para mejorar. De ellas, 4 fueron seleccionadas por un jurado externo formado por personal t\u00e9cnico municipal de diferentes \u00e1reas y por representantes de UNICEF Navarra y Caja Rural de Navarra. Esta \u00faltima aporta 2.000 euros para el desarrollo de las dos propuestas que m\u00e1s votos recibieron entre los 308 emitidos por ni\u00f1os y ni\u00f1as que participan en COworkids. Esas dos propuestas fueron el mural y unos minicontenedores de reciclaje decorados por los menores y colocados a su altura.<\/p>\n<p>En el mes de junio, los ni\u00f1os y ni\u00f1as que participaron en las actividades de COworkids seleccionaron ubicaciones de todos los barrios de Pamplona para colocar tanto los minicontenedores de reciclaje como el mural. El equipo multidisciplinar de COworkids recogi\u00f3 todas las propuestas y valor\u00f3 las ubicaciones. Se decidi\u00f3 entonces, a propuesta del grupo de Coworkids de Ermitaga\u00f1a, que el lugar donde desarrollan sus actividades, el Centro Comunitario Ermitaga\u00f1a, acogiera la representaci\u00f3n del mural que se estren\u00f3 el viernes.<\/p>\n","protected":false},"excerpt":{"rendered":"<p>El mural se encuentra en el Centro Comunitario Ermitaga\u00f1a y representa un \u00e1rbol de cuyas ramas cuelgan los Objetivos de Desarrollo Sostenible<\/p>\n","protected":false},"author":1,"featured_media":37045,"comment_status":"open","ping_status":"closed","sticky":false,"template":"","format":"standard","meta":{"footnotes":""},"categories":[2],"tags":[],"class_list":["post-37044","post","type-post","status-publish","format-standard","has-post-thumbnail","hentry","category-ayuntamiento-pamplona"],"yoast_head":"<!-- This site is optimized with the Yoast SEO plugin v27.5 - https:\/\/yoast.com\/product\/yoast-seo-wordpress\/ -->\n<title>Saboteado el mural presentado el viernes y que fue dise\u00f1ado por los ni\u00f1os y ni\u00f1as que participaron en el campamento de COworkids de la pasada Semana Santa<\/title>\n<meta name=\"description\" content=\"El mural se encuentra en el Centro Comunitario Ermitaga\u00f1a y representa un \u00e1rbol de cuyas ramas cuelgan los Objetivos de Desarrollo Sostenible\" \/>\n<meta name=\"robots\" content=\"index, follow, max-snippet:-1, max-image-preview:large, max-video-preview:-1\" \/>\n<link rel=\"canonical\" href=\"https:\/\/www.laguiadepamplona.com\/actualidad\/saboteado-el-mural-presentado-el-viernes-y-que-fue-disenado-por-los-ninos-y-ninas-que-participaron-en-el-campamento-de-coworkids-de-la-pasada-semana-santa\/\" \/>\n<meta property=\"og:locale\" content=\"es_ES\" \/>\n<meta property=\"og:type\" content=\"article\" \/>\n<meta property=\"og:title\" content=\"Saboteado el mural presentado el viernes y que fue dise\u00f1ado por los ni\u00f1os y ni\u00f1as que participaron en el campamento de COworkids de la pasada Semana Santa\" \/>\n<meta property=\"og:description\" content=\"El mural se encuentra en el Centro Comunitario Ermitaga\u00f1a y representa un \u00e1rbol de cuyas ramas cuelgan los Objetivos de Desarrollo Sostenible\" \/>\n<meta property=\"og:url\" content=\"https:\/\/www.laguiadepamplona.com\/actualidad\/saboteado-el-mural-presentado-el-viernes-y-que-fue-disenado-por-los-ninos-y-ninas-que-participaron-en-el-campamento-de-coworkids-de-la-pasada-semana-santa\/\" \/>\n<meta property=\"og:site_name\" content=\"La Gu\u00eda de Pamplona\" \/>\n<meta property=\"article:publisher\" content=\"https:\/\/www.facebook.com\/laguiadepamplonacom-133175176762273\/?ref=hl\" \/>\n<meta property=\"article:published_time\" content=\"2021-10-18T10:45:15+00:00\" \/>\n<meta property=\"article:modified_time\" content=\"2023-04-11T09:48:51+00:00\" \/>\n<meta property=\"og:image\" content=\"https:\/\/www.laguiadepamplona.com\/actualidad\/wp-content\/uploads\/2021\/10\/muralermitaganaee5a6110.jpg\" \/>\n\t<meta property=\"og:image:width\" content=\"1920\" \/>\n\t<meta property=\"og:image:height\" content=\"1278\" \/>\n\t<meta property=\"og:image:type\" content=\"image\/jpeg\" \/>\n<meta name=\"author\" content=\"La Gu\u00eda de Pamplona\" \/>\n<meta name=\"twitter:card\" content=\"summary_large_image\" \/>\n<meta name=\"twitter:creator\" content=\"@LaGuiadPamplona\" \/>\n<meta name=\"twitter:site\" content=\"@LaGuiadPamplona\" \/>\n<meta name=\"twitter:label1\" content=\"Escrito por\" \/>\n\t<meta name=\"twitter:data1\" content=\"La Gu\u00eda de Pamplona\" \/>\n\t<meta name=\"twitter:label2\" content=\"Tiempo de lectura\" \/>\n\t<meta name=\"twitter:data2\" content=\"2 minutos\" \/>\n<script type=\"application\/ld+json\" class=\"yoast-schema-graph\">{\"@context\":\"https:\\\/\\\/schema.org\",\"@graph\":[{\"@type\":\"Article\",\"@id\":\"https:\\\/\\\/www.laguiadepamplona.com\\\/actualidad\\\/saboteado-el-mural-presentado-el-viernes-y-que-fue-disenado-por-los-ninos-y-ninas-que-participaron-en-el-campamento-de-coworkids-de-la-pasada-semana-santa\\\/#article\",\"isPartOf\":{\"@id\":\"https:\\\/\\\/www.laguiadepamplona.com\\\/actualidad\\\/saboteado-el-mural-presentado-el-viernes-y-que-fue-disenado-por-los-ninos-y-ninas-que-participaron-en-el-campamento-de-coworkids-de-la-pasada-semana-santa\\\/\"},\"author\":{\"name\":\"La Gu\u00eda de Pamplona\",\"@id\":\"https:\\\/\\\/www.laguiadepamplona.com\\\/actualidad\\\/#\\\/schema\\\/person\\\/efe887376f0213d4657c93adc50b1fdb\"},\"headline\":\"Saboteado el mural presentado el viernes y que fue dise\u00f1ado por los ni\u00f1os y ni\u00f1as que participaron en el campamento de COworkids de la pasada Semana Santa\",\"datePublished\":\"2021-10-18T10:45:15+00:00\",\"dateModified\":\"2023-04-11T09:48:51+00:00\",\"mainEntityOfPage\":{\"@id\":\"https:\\\/\\\/www.laguiadepamplona.com\\\/actualidad\\\/saboteado-el-mural-presentado-el-viernes-y-que-fue-disenado-por-los-ninos-y-ninas-que-participaron-en-el-campamento-de-coworkids-de-la-pasada-semana-santa\\\/\"},\"wordCount\":375,\"commentCount\":0,\"publisher\":{\"@id\":\"https:\\\/\\\/www.laguiadepamplona.com\\\/actualidad\\\/#organization\"},\"image\":{\"@id\":\"https:\\\/\\\/www.laguiadepamplona.com\\\/actualidad\\\/saboteado-el-mural-presentado-el-viernes-y-que-fue-disenado-por-los-ninos-y-ninas-que-participaron-en-el-campamento-de-coworkids-de-la-pasada-semana-santa\\\/#primaryimage\"},\"thumbnailUrl\":\"https:\\\/\\\/www.laguiadepamplona.com\\\/actualidad\\\/wp-content\\\/uploads\\\/2021\\\/10\\\/muralermitaganaee5a6110.jpg\",\"articleSection\":[\"Ayto Pamplona\"],\"inLanguage\":\"es\",\"potentialAction\":[{\"@type\":\"CommentAction\",\"name\":\"Comment\",\"target\":[\"https:\\\/\\\/www.laguiadepamplona.com\\\/actualidad\\\/saboteado-el-mural-presentado-el-viernes-y-que-fue-disenado-por-los-ninos-y-ninas-que-participaron-en-el-campamento-de-coworkids-de-la-pasada-semana-santa\\\/#respond\"]}]},{\"@type\":\"WebPage\",\"@id\":\"https:\\\/\\\/www.laguiadepamplona.com\\\/actualidad\\\/saboteado-el-mural-presentado-el-viernes-y-que-fue-disenado-por-los-ninos-y-ninas-que-participaron-en-el-campamento-de-coworkids-de-la-pasada-semana-santa\\\/\",\"url\":\"https:\\\/\\\/www.laguiadepamplona.com\\\/actualidad\\\/saboteado-el-mural-presentado-el-viernes-y-que-fue-disenado-por-los-ninos-y-ninas-que-participaron-en-el-campamento-de-coworkids-de-la-pasada-semana-santa\\\/\",\"name\":\"Saboteado el mural presentado el viernes y que fue dise\u00f1ado por los ni\u00f1os y ni\u00f1as que participaron en el campamento de COworkids de la pasada Semana Santa\",\"isPartOf\":{\"@id\":\"https:\\\/\\\/www.laguiadepamplona.com\\\/actualidad\\\/#website\"},\"primaryImageOfPage\":{\"@id\":\"https:\\\/\\\/www.laguiadepamplona.com\\\/actualidad\\\/saboteado-el-mural-presentado-el-viernes-y-que-fue-disenado-por-los-ninos-y-ninas-que-participaron-en-el-campamento-de-coworkids-de-la-pasada-semana-santa\\\/#primaryimage\"},\"image\":{\"@id\":\"https:\\\/\\\/www.laguiadepamplona.com\\\/actualidad\\\/saboteado-el-mural-presentado-el-viernes-y-que-fue-disenado-por-los-ninos-y-ninas-que-participaron-en-el-campamento-de-coworkids-de-la-pasada-semana-santa\\\/#primaryimage\"},\"thumbnailUrl\":\"https:\\\/\\\/www.laguiadepamplona.com\\\/actualidad\\\/wp-content\\\/uploads\\\/2021\\\/10\\\/muralermitaganaee5a6110.jpg\",\"datePublished\":\"2021-10-18T10:45:15+00:00\",\"dateModified\":\"2023-04-11T09:48:51+00:00\",\"description\":\"El mural se encuentra en el Centro Comunitario Ermitaga\u00f1a y representa un \u00e1rbol de cuyas ramas cuelgan los Objetivos de Desarrollo Sostenible\",\"breadcrumb\":{\"@id\":\"https:\\\/\\\/www.laguiadepamplona.com\\\/actualidad\\\/saboteado-el-mural-presentado-el-viernes-y-que-fue-disenado-por-los-ninos-y-ninas-que-participaron-en-el-campamento-de-coworkids-de-la-pasada-semana-santa\\\/#breadcrumb\"},\"inLanguage\":\"es\",\"potentialAction\":[{\"@type\":\"ReadAction\",\"target\":[\"https:\\\/\\\/www.laguiadepamplona.com\\\/actualidad\\\/saboteado-el-mural-presentado-el-viernes-y-que-fue-disenado-por-los-ninos-y-ninas-que-participaron-en-el-campamento-de-coworkids-de-la-pasada-semana-santa\\\/\"]}]},{\"@type\":\"ImageObject\",\"inLanguage\":\"es\",\"@id\":\"https:\\\/\\\/www.laguiadepamplona.com\\\/actualidad\\\/saboteado-el-mural-presentado-el-viernes-y-que-fue-disenado-por-los-ninos-y-ninas-que-participaron-en-el-campamento-de-coworkids-de-la-pasada-semana-santa\\\/#primaryimage\",\"url\":\"https:\\\/\\\/www.laguiadepamplona.com\\\/actualidad\\\/wp-content\\\/uploads\\\/2021\\\/10\\\/muralermitaganaee5a6110.jpg\",\"contentUrl\":\"https:\\\/\\\/www.laguiadepamplona.com\\\/actualidad\\\/wp-content\\\/uploads\\\/2021\\\/10\\\/muralermitaganaee5a6110.jpg\",\"width\":1920,\"height\":1278},{\"@type\":\"BreadcrumbList\",\"@id\":\"https:\\\/\\\/www.laguiadepamplona.com\\\/actualidad\\\/saboteado-el-mural-presentado-el-viernes-y-que-fue-disenado-por-los-ninos-y-ninas-que-participaron-en-el-campamento-de-coworkids-de-la-pasada-semana-santa\\\/#breadcrumb\",\"itemListElement\":[{\"@type\":\"ListItem\",\"position\":1,\"name\":\"Portada\",\"item\":\"https:\\\/\\\/www.laguiadepamplona.com\\\/actualidad\\\/\"},{\"@type\":\"ListItem\",\"position\":2,\"name\":\"Saboteado el mural presentado el viernes y que fue dise\u00f1ado por los ni\u00f1os y ni\u00f1as que participaron en el campamento de COworkids de la pasada Semana Santa\"}]},{\"@type\":\"WebSite\",\"@id\":\"https:\\\/\\\/www.laguiadepamplona.com\\\/actualidad\\\/#website\",\"url\":\"https:\\\/\\\/www.laguiadepamplona.com\\\/actualidad\\\/\",\"name\":\"La gu\u00eda de Pamplona\",\"description\":\"Noticias de Pamplona\",\"publisher\":{\"@id\":\"https:\\\/\\\/www.laguiadepamplona.com\\\/actualidad\\\/#organization\"},\"potentialAction\":[{\"@type\":\"SearchAction\",\"target\":{\"@type\":\"EntryPoint\",\"urlTemplate\":\"https:\\\/\\\/www.laguiadepamplona.com\\\/actualidad\\\/?s={search_term_string}\"},\"query-input\":{\"@type\":\"PropertyValueSpecification\",\"valueRequired\":true,\"valueName\":\"search_term_string\"}}],\"inLanguage\":\"es\"},{\"@type\":\"Organization\",\"@id\":\"https:\\\/\\\/www.laguiadepamplona.com\\\/actualidad\\\/#organization\",\"name\":\"La Gu\u00eda de Pamplona \\\/ Noticias\",\"url\":\"https:\\\/\\\/www.laguiadepamplona.com\\\/actualidad\\\/\",\"logo\":{\"@type\":\"ImageObject\",\"inLanguage\":\"es\",\"@id\":\"https:\\\/\\\/www.laguiadepamplona.com\\\/actualidad\\\/#\\\/schema\\\/logo\\\/image\\\/\",\"url\":\"https:\\\/\\\/www.laguiadepamplona.com\\\/actualidad\\\/wp-content\\\/uploads\\\/2018\\\/11\\\/logo-laguiadepamplona18-web1.png\",\"contentUrl\":\"https:\\\/\\\/www.laguiadepamplona.com\\\/actualidad\\\/wp-content\\\/uploads\\\/2018\\\/11\\\/logo-laguiadepamplona18-web1.png\",\"width\":600,\"height\":196,\"caption\":\"La Gu\u00eda de Pamplona \\\/ Noticias\"},\"image\":{\"@id\":\"https:\\\/\\\/www.laguiadepamplona.com\\\/actualidad\\\/#\\\/schema\\\/logo\\\/image\\\/\"},\"sameAs\":[\"https:\\\/\\\/www.facebook.com\\\/laguiadepamplonacom-133175176762273\\\/?ref=hl\",\"https:\\\/\\\/x.com\\\/LaGuiadPamplona\",\"https:\\\/\\\/www.instagram.com\\\/la_guia_de_pamplona\\\/\",\"https:\\\/\\\/www.youtube.com\\\/user\\\/laguiadepamplona\"]},{\"@type\":\"Person\",\"@id\":\"https:\\\/\\\/www.laguiadepamplona.com\\\/actualidad\\\/#\\\/schema\\\/person\\\/efe887376f0213d4657c93adc50b1fdb\",\"name\":\"La Gu\u00eda de Pamplona\",\"image\":{\"@type\":\"ImageObject\",\"inLanguage\":\"es\",\"@id\":\"https:\\\/\\\/secure.gravatar.com\\\/avatar\\\/b6992f131dc8d30ab0dff15446e9d346d9dbd95992de0fef795073f5ea83a81c?s=96&d=mm&r=g\",\"url\":\"https:\\\/\\\/secure.gravatar.com\\\/avatar\\\/b6992f131dc8d30ab0dff15446e9d346d9dbd95992de0fef795073f5ea83a81c?s=96&d=mm&r=g\",\"contentUrl\":\"https:\\\/\\\/secure.gravatar.com\\\/avatar\\\/b6992f131dc8d30ab0dff15446e9d346d9dbd95992de0fef795073f5ea83a81c?s=96&d=mm&r=g\",\"caption\":\"La Gu\u00eda de Pamplona\"}}]}<\/script>\n<!-- \/ Yoast SEO plugin. -->","yoast_head_json":{"title":"Saboteado el mural presentado el viernes y que fue dise\u00f1ado por los ni\u00f1os y ni\u00f1as que participaron en el campamento de COworkids de la pasada Semana Santa","description":"El mural se encuentra en el Centro Comunitario Ermitaga\u00f1a y representa un \u00e1rbol de cuyas ramas cuelgan los Objetivos de Desarrollo Sostenible","robots":{"index":"index","follow":"follow","max-snippet":"max-snippet:-1","max-image-preview":"max-image-preview:large","max-video-preview":"max-video-preview:-1"},"canonical":"https:\/\/www.laguiadepamplona.com\/actualidad\/saboteado-el-mural-presentado-el-viernes-y-que-fue-disenado-por-los-ninos-y-ninas-que-participaron-en-el-campamento-de-coworkids-de-la-pasada-semana-santa\/","og_locale":"es_ES","og_type":"article","og_title":"Saboteado el mural presentado el viernes y que fue dise\u00f1ado por los ni\u00f1os y ni\u00f1as que participaron en el campamento de COworkids de la pasada Semana Santa","og_description":"El mural se encuentra en el Centro Comunitario Ermitaga\u00f1a y representa un \u00e1rbol de cuyas ramas cuelgan los Objetivos de Desarrollo Sostenible","og_url":"https:\/\/www.laguiadepamplona.com\/actualidad\/saboteado-el-mural-presentado-el-viernes-y-que-fue-disenado-por-los-ninos-y-ninas-que-participaron-en-el-campamento-de-coworkids-de-la-pasada-semana-santa\/","og_site_name":"La Gu\u00eda de Pamplona","article_publisher":"https:\/\/www.facebook.com\/laguiadepamplonacom-133175176762273\/?ref=hl","article_published_time":"2021-10-18T10:45:15+00:00","article_modified_time":"2023-04-11T09:48:51+00:00","og_image":[{"width":1920,"height":1278,"url":"https:\/\/www.laguiadepamplona.com\/actualidad\/wp-content\/uploads\/2021\/10\/muralermitaganaee5a6110.jpg","type":"image\/jpeg"}],"author":"La Gu\u00eda de Pamplona","twitter_card":"summary_large_image","twitter_creator":"@LaGuiadPamplona","twitter_site":"@LaGuiadPamplona","twitter_misc":{"Escrito por":"La Gu\u00eda de Pamplona","Tiempo de lectura":"2 minutos"},"schema":{"@context":"https:\/\/schema.org","@graph":[{"@type":"Article","@id":"https:\/\/www.laguiadepamplona.com\/actualidad\/saboteado-el-mural-presentado-el-viernes-y-que-fue-disenado-por-los-ninos-y-ninas-que-participaron-en-el-campamento-de-coworkids-de-la-pasada-semana-santa\/#article","isPartOf":{"@id":"https:\/\/www.laguiadepamplona.com\/actualidad\/saboteado-el-mural-presentado-el-viernes-y-que-fue-disenado-por-los-ninos-y-ninas-que-participaron-en-el-campamento-de-coworkids-de-la-pasada-semana-santa\/"},"author":{"name":"La Gu\u00eda de Pamplona","@id":"https:\/\/www.laguiadepamplona.com\/actualidad\/#\/schema\/person\/efe887376f0213d4657c93adc50b1fdb"},"headline":"Saboteado el mural presentado el viernes y que fue dise\u00f1ado por los ni\u00f1os y ni\u00f1as que participaron en el campamento de COworkids de la pasada Semana Santa","datePublished":"2021-10-18T10:45:15+00:00","dateModified":"2023-04-11T09:48:51+00:00","mainEntityOfPage":{"@id":"https:\/\/www.laguiadepamplona.com\/actualidad\/saboteado-el-mural-presentado-el-viernes-y-que-fue-disenado-por-los-ninos-y-ninas-que-participaron-en-el-campamento-de-coworkids-de-la-pasada-semana-santa\/"},"wordCount":375,"commentCount":0,"publisher":{"@id":"https:\/\/www.laguiadepamplona.com\/actualidad\/#organization"},"image":{"@id":"https:\/\/www.laguiadepamplona.com\/actualidad\/saboteado-el-mural-presentado-el-viernes-y-que-fue-disenado-por-los-ninos-y-ninas-que-participaron-en-el-campamento-de-coworkids-de-la-pasada-semana-santa\/#primaryimage"},"thumbnailUrl":"https:\/\/www.laguiadepamplona.com\/actualidad\/wp-content\/uploads\/2021\/10\/muralermitaganaee5a6110.jpg","articleSection":["Ayto Pamplona"],"inLanguage":"es","potentialAction":[{"@type":"CommentAction","name":"Comment","target":["https:\/\/www.laguiadepamplona.com\/actualidad\/saboteado-el-mural-presentado-el-viernes-y-que-fue-disenado-por-los-ninos-y-ninas-que-participaron-en-el-campamento-de-coworkids-de-la-pasada-semana-santa\/#respond"]}]},{"@type":"WebPage","@id":"https:\/\/www.laguiadepamplona.com\/actualidad\/saboteado-el-mural-presentado-el-viernes-y-que-fue-disenado-por-los-ninos-y-ninas-que-participaron-en-el-campamento-de-coworkids-de-la-pasada-semana-santa\/","url":"https:\/\/www.laguiadepamplona.com\/actualidad\/saboteado-el-mural-presentado-el-viernes-y-que-fue-disenado-por-los-ninos-y-ninas-que-participaron-en-el-campamento-de-coworkids-de-la-pasada-semana-santa\/","name":"Saboteado el mural presentado el viernes y que fue dise\u00f1ado por los ni\u00f1os y ni\u00f1as que participaron en el campamento de COworkids de la pasada Semana Santa","isPartOf":{"@id":"https:\/\/www.laguiadepamplona.com\/actualidad\/#website"},"primaryImageOfPage":{"@id":"https:\/\/www.laguiadepamplona.com\/actualidad\/saboteado-el-mural-presentado-el-viernes-y-que-fue-disenado-por-los-ninos-y-ninas-que-participaron-en-el-campamento-de-coworkids-de-la-pasada-semana-santa\/#primaryimage"},"image":{"@id":"https:\/\/www.laguiadepamplona.com\/actualidad\/saboteado-el-mural-presentado-el-viernes-y-que-fue-disenado-por-los-ninos-y-ninas-que-participaron-en-el-campamento-de-coworkids-de-la-pasada-semana-santa\/#primaryimage"},"thumbnailUrl":"https:\/\/www.laguiadepamplona.com\/actualidad\/wp-content\/uploads\/2021\/10\/muralermitaganaee5a6110.jpg","datePublished":"2021-10-18T10:45:15+00:00","dateModified":"2023-04-11T09:48:51+00:00","description":"El mural se encuentra en el Centro Comunitario Ermitaga\u00f1a y representa un \u00e1rbol de cuyas ramas cuelgan los Objetivos de Desarrollo Sostenible","breadcrumb":{"@id":"https:\/\/www.laguiadepamplona.com\/actualidad\/saboteado-el-mural-presentado-el-viernes-y-que-fue-disenado-por-los-ninos-y-ninas-que-participaron-en-el-campamento-de-coworkids-de-la-pasada-semana-santa\/#breadcrumb"},"inLanguage":"es","potentialAction":[{"@type":"ReadAction","target":["https:\/\/www.laguiadepamplona.com\/actualidad\/saboteado-el-mural-presentado-el-viernes-y-que-fue-disenado-por-los-ninos-y-ninas-que-participaron-en-el-campamento-de-coworkids-de-la-pasada-semana-santa\/"]}]},{"@type":"ImageObject","inLanguage":"es","@id":"https:\/\/www.laguiadepamplona.com\/actualidad\/saboteado-el-mural-presentado-el-viernes-y-que-fue-disenado-por-los-ninos-y-ninas-que-participaron-en-el-campamento-de-coworkids-de-la-pasada-semana-santa\/#primaryimage","url":"https:\/\/www.laguiadepamplona.com\/actualidad\/wp-content\/uploads\/2021\/10\/muralermitaganaee5a6110.jpg","contentUrl":"https:\/\/www.laguiadepamplona.com\/actualidad\/wp-content\/uploads\/2021\/10\/muralermitaganaee5a6110.jpg","width":1920,"height":1278},{"@type":"BreadcrumbList","@id":"https:\/\/www.laguiadepamplona.com\/actualidad\/saboteado-el-mural-presentado-el-viernes-y-que-fue-disenado-por-los-ninos-y-ninas-que-participaron-en-el-campamento-de-coworkids-de-la-pasada-semana-santa\/#breadcrumb","itemListElement":[{"@type":"ListItem","position":1,"name":"Portada","item":"https:\/\/www.laguiadepamplona.com\/actualidad\/"},{"@type":"ListItem","position":2,"name":"Saboteado el mural presentado el viernes y que fue dise\u00f1ado por los ni\u00f1os y ni\u00f1as que participaron en el campamento de COworkids de la pasada Semana Santa"}]},{"@type":"WebSite","@id":"https:\/\/www.laguiadepamplona.com\/actualidad\/#website","url":"https:\/\/www.laguiadepamplona.com\/actualidad\/","name":"La gu\u00eda de Pamplona","description":"Noticias de Pamplona","publisher":{"@id":"https:\/\/www.laguiadepamplona.com\/actualidad\/#organization"},"potentialAction":[{"@type":"SearchAction","target":{"@type":"EntryPoint","urlTemplate":"https:\/\/www.laguiadepamplona.com\/actualidad\/?s={search_term_string}"},"query-input":{"@type":"PropertyValueSpecification","valueRequired":true,"valueName":"search_term_string"}}],"inLanguage":"es"},{"@type":"Organization","@id":"https:\/\/www.laguiadepamplona.com\/actualidad\/#organization","name":"La Gu\u00eda de Pamplona \/ Noticias","url":"https:\/\/www.laguiadepamplona.com\/actualidad\/","logo":{"@type":"ImageObject","inLanguage":"es","@id":"https:\/\/www.laguiadepamplona.com\/actualidad\/#\/schema\/logo\/image\/","url":"https:\/\/www.laguiadepamplona.com\/actualidad\/wp-content\/uploads\/2018\/11\/logo-laguiadepamplona18-web1.png","contentUrl":"https:\/\/www.laguiadepamplona.com\/actualidad\/wp-content\/uploads\/2018\/11\/logo-laguiadepamplona18-web1.png","width":600,"height":196,"caption":"La Gu\u00eda de Pamplona \/ Noticias"},"image":{"@id":"https:\/\/www.laguiadepamplona.com\/actualidad\/#\/schema\/logo\/image\/"},"sameAs":["https:\/\/www.facebook.com\/laguiadepamplonacom-133175176762273\/?ref=hl","https:\/\/x.com\/LaGuiadPamplona","https:\/\/www.instagram.com\/la_guia_de_pamplona\/","https:\/\/www.youtube.com\/user\/laguiadepamplona"]},{"@type":"Person","@id":"https:\/\/www.laguiadepamplona.com\/actualidad\/#\/schema\/person\/efe887376f0213d4657c93adc50b1fdb","name":"La Gu\u00eda de Pamplona","image":{"@type":"ImageObject","inLanguage":"es","@id":"https:\/\/secure.gravatar.com\/avatar\/b6992f131dc8d30ab0dff15446e9d346d9dbd95992de0fef795073f5ea83a81c?s=96&d=mm&r=g","url":"https:\/\/secure.gravatar.com\/avatar\/b6992f131dc8d30ab0dff15446e9d346d9dbd95992de0fef795073f5ea83a81c?s=96&d=mm&r=g","contentUrl":"https:\/\/secure.gravatar.com\/avatar\/b6992f131dc8d30ab0dff15446e9d346d9dbd95992de0fef795073f5ea83a81c?s=96&d=mm&r=g","caption":"La Gu\u00eda de Pamplona"}}]}},"post_mailing_queue_ids":[],"_links":{"self":[{"href":"https:\/\/www.laguiadepamplona.com\/actualidad\/wp-json\/wp\/v2\/posts\/37044","targetHints":{"allow":["GET"]}}],"collection":[{"href":"https:\/\/www.laguiadepamplona.com\/actualidad\/wp-json\/wp\/v2\/posts"}],"about":[{"href":"https:\/\/www.laguiadepamplona.com\/actualidad\/wp-json\/wp\/v2\/types\/post"}],"author":[{"embeddable":true,"href":"https:\/\/www.laguiadepamplona.com\/actualidad\/wp-json\/wp\/v2\/users\/1"}],"replies":[{"embeddable":true,"href":"https:\/\/www.laguiadepamplona.com\/actualidad\/wp-json\/wp\/v2\/comments?post=37044"}],"version-history":[{"count":0,"href":"https:\/\/www.laguiadepamplona.com\/actualidad\/wp-json\/wp\/v2\/posts\/37044\/revisions"}],"wp:featuredmedia":[{"embeddable":true,"href":"https:\/\/www.laguiadepamplona.com\/actualidad\/wp-json\/wp\/v2\/media\/37045"}],"wp:attachment":[{"href":"https:\/\/www.laguiadepamplona.com\/actualidad\/wp-json\/wp\/v2\/media?parent=37044"}],"wp:term":[{"taxonomy":"category","embeddable":true,"href":"https:\/\/www.laguiadepamplona.com\/actualidad\/wp-json\/wp\/v2\/categories?post=37044"},{"taxonomy":"post_tag","embeddable":true,"href":"https:\/\/www.laguiadepamplona.com\/actualidad\/wp-json\/wp\/v2\/tags?post=37044"}],"curies":[{"name":"wp","href":"https:\/\/api.w.org\/{rel}","templated":true}]}}