{"id":37041,"date":"2021-10-18T12:42:39","date_gmt":"2021-10-18T10:42:39","guid":{"rendered":"https:\/\/www.laguiadepamplona.com\/actualidad\/?p=37041"},"modified":"2023-04-11T11:48:52","modified_gmt":"2023-04-11T09:48:52","slug":"el-fronton-labrit-contara-con-nueva-iluminacion-de-tecnologia-led-para-el-primer-trimestre-del-ano-que-viene","status":"publish","type":"post","link":"https:\/\/www.laguiadepamplona.com\/actualidad\/el-fronton-labrit-contara-con-nueva-iluminacion-de-tecnologia-led-para-el-primer-trimestre-del-ano-que-viene\/","title":{"rendered":"El front\u00f3n Labrit contar\u00e1 con nueva iluminaci\u00f3n de tecnolog\u00eda LED para el primer trimestre del a\u00f1o que viene"},"content":{"rendered":"<h5>El Ayuntamiento de Pamplona va a invertir en este cambio de iluminaci\u00f3n 63.772,26 euros<\/h5>\n<p><!--more--><\/p>\n<p>La Junta de Gobierno Local del Ayuntamiento de Pamplona ha aprobado esta ma\u00f1ana la adjudicaci\u00f3n del contrato para la sustituci\u00f3n del alumbrado hal\u00f3geno del front\u00f3n Labrit por iluminaci\u00f3n con tecnolog\u00eda LED. La empresa Electricidad Pipaon S.L. se encargar\u00e1 de la ejecuci\u00f3n del contrato, por un importe de 63.772,26 euros y un plazo de ejecuci\u00f3n de 90 d\u00edas, por lo que se prev\u00e9 que est\u00e9 en funcionamiento durante el primer trimestre del a\u00f1o que viene.<\/p>\n<p><script async src=\"\/\/pagead2.googlesyndication.com\/pagead\/js\/adsbygoogle.js\"><\/script><br \/>\n<!-- Noticias La Guia de Pamplona --><br \/>\n<ins class=\"adsbygoogle\"\nstyle=\"display:block\"\ndata-ad-client=\"ca-pub-6943679897239327\"\ndata-ad-slot=\"7048180777\"\ndata-ad-format=\"auto\"><\/ins><br \/>\n<script>\n(adsbygoogle = window.adsbygoogle || []).push({});\n<\/script><\/p>\n<p>El contrato incluye el suministro y la instalaci\u00f3n, con el desmontaje y montaje, de una nueva iluminaci\u00f3n que reduzca el consumo el\u00e9ctrico y mantenga las correctas condiciones de uso. Actualmente, el front\u00f3n cuenta con un sistema de alumbrado formado por l\u00e1mparas hal\u00f3genas, que se accionan en funci\u00f3n del uso (nivel entrenamiento, nivel competici\u00f3n y competici\u00f3n con retransmisi\u00f3n por televisi\u00f3n). Desde septiembre de 2018 ya no es posible adquirir focos hal\u00f3genos, por lo que se ha querido apostar por el cambio de toda la instalaci\u00f3n.<\/p>\n<p>El front\u00f3n tiene 30 proyectores de descarga de 400 W para los niveles de entrenamiento y competici\u00f3n, a los que se a\u00f1aden 12 unidades de 2.000 W para las retransmisiones de televisi\u00f3n. Las nuevas luminarias LED de bajo consumo dispondr\u00e1n de un sistema de control DALI, que permite regular su intensidad en funci\u00f3n del uso del front\u00f3n, a diferencia de los sistemas convencionales de regulaci\u00f3n, como el actual, que se basaba en el encendido de una mayor o menor cantidad de focos.<\/p>\n","protected":false},"excerpt":{"rendered":"<p>El Ayuntamiento de Pamplona va a invertir en este cambio de iluminaci\u00f3n 63.772,26 euros<\/p>\n","protected":false},"author":1,"featured_media":37042,"comment_status":"open","ping_status":"closed","sticky":false,"template":"","format":"standard","meta":{"footnotes":""},"categories":[2],"tags":[],"class_list":["post-37041","post","type-post","status-publish","format-standard","has-post-thumbnail","hentry","category-ayuntamiento-pamplona"],"yoast_head":"<!-- This site is optimized with the Yoast SEO plugin v27.5 - https:\/\/yoast.com\/product\/yoast-seo-wordpress\/ -->\n<title>El front\u00f3n Labrit contar\u00e1 con nueva iluminaci\u00f3n de tecnolog\u00eda LED para el primer trimestre del a\u00f1o que viene<\/title>\n<meta name=\"description\" content=\"El Ayuntamiento de Pamplona va a invertir en este cambio de iluminaci\u00f3n 63.772,26 euros\" \/>\n<meta name=\"robots\" content=\"index, follow, max-snippet:-1, max-image-preview:large, max-video-preview:-1\" \/>\n<link rel=\"canonical\" href=\"https:\/\/www.laguiadepamplona.com\/actualidad\/el-fronton-labrit-contara-con-nueva-iluminacion-de-tecnologia-led-para-el-primer-trimestre-del-ano-que-viene\/\" \/>\n<meta property=\"og:locale\" content=\"es_ES\" \/>\n<meta property=\"og:type\" content=\"article\" \/>\n<meta property=\"og:title\" content=\"El front\u00f3n Labrit contar\u00e1 con nueva iluminaci\u00f3n de tecnolog\u00eda LED para el primer trimestre del a\u00f1o que viene\" \/>\n<meta property=\"og:description\" content=\"El Ayuntamiento de Pamplona va a invertir en este cambio de iluminaci\u00f3n 63.772,26 euros\" \/>\n<meta property=\"og:url\" content=\"https:\/\/www.laguiadepamplona.com\/actualidad\/el-fronton-labrit-contara-con-nueva-iluminacion-de-tecnologia-led-para-el-primer-trimestre-del-ano-que-viene\/\" \/>\n<meta property=\"og:site_name\" content=\"La Gu\u00eda de Pamplona\" \/>\n<meta property=\"article:publisher\" content=\"https:\/\/www.facebook.com\/laguiadepamplonacom-133175176762273\/?ref=hl\" \/>\n<meta property=\"article:published_time\" content=\"2021-10-18T10:42:39+00:00\" \/>\n<meta property=\"article:modified_time\" content=\"2023-04-11T09:48:52+00:00\" \/>\n<meta property=\"og:image\" content=\"https:\/\/www.laguiadepamplona.com\/actualidad\/wp-content\/uploads\/2021\/10\/fronton-labrit-2_3.jpg\" \/>\n\t<meta property=\"og:image:width\" content=\"1920\" \/>\n\t<meta property=\"og:image:height\" content=\"1260\" \/>\n\t<meta property=\"og:image:type\" content=\"image\/jpeg\" \/>\n<meta name=\"author\" content=\"La Gu\u00eda de Pamplona\" \/>\n<meta name=\"twitter:card\" content=\"summary_large_image\" \/>\n<meta name=\"twitter:creator\" content=\"@LaGuiadPamplona\" \/>\n<meta name=\"twitter:site\" content=\"@LaGuiadPamplona\" \/>\n<meta name=\"twitter:label1\" content=\"Escrito por\" \/>\n\t<meta name=\"twitter:data1\" content=\"La Gu\u00eda de Pamplona\" \/>\n\t<meta name=\"twitter:label2\" content=\"Tiempo de lectura\" \/>\n\t<meta name=\"twitter:data2\" content=\"2 minutos\" \/>\n<script type=\"application\/ld+json\" class=\"yoast-schema-graph\">{\"@context\":\"https:\\\/\\\/schema.org\",\"@graph\":[{\"@type\":\"Article\",\"@id\":\"https:\\\/\\\/www.laguiadepamplona.com\\\/actualidad\\\/el-fronton-labrit-contara-con-nueva-iluminacion-de-tecnologia-led-para-el-primer-trimestre-del-ano-que-viene\\\/#article\",\"isPartOf\":{\"@id\":\"https:\\\/\\\/www.laguiadepamplona.com\\\/actualidad\\\/el-fronton-labrit-contara-con-nueva-iluminacion-de-tecnologia-led-para-el-primer-trimestre-del-ano-que-viene\\\/\"},\"author\":{\"name\":\"La Gu\u00eda de Pamplona\",\"@id\":\"https:\\\/\\\/www.laguiadepamplona.com\\\/actualidad\\\/#\\\/schema\\\/person\\\/efe887376f0213d4657c93adc50b1fdb\"},\"headline\":\"El front\u00f3n Labrit contar\u00e1 con nueva iluminaci\u00f3n de tecnolog\u00eda LED para el primer trimestre del a\u00f1o que viene\",\"datePublished\":\"2021-10-18T10:42:39+00:00\",\"dateModified\":\"2023-04-11T09:48:52+00:00\",\"mainEntityOfPage\":{\"@id\":\"https:\\\/\\\/www.laguiadepamplona.com\\\/actualidad\\\/el-fronton-labrit-contara-con-nueva-iluminacion-de-tecnologia-led-para-el-primer-trimestre-del-ano-que-viene\\\/\"},\"wordCount\":302,\"commentCount\":0,\"publisher\":{\"@id\":\"https:\\\/\\\/www.laguiadepamplona.com\\\/actualidad\\\/#organization\"},\"image\":{\"@id\":\"https:\\\/\\\/www.laguiadepamplona.com\\\/actualidad\\\/el-fronton-labrit-contara-con-nueva-iluminacion-de-tecnologia-led-para-el-primer-trimestre-del-ano-que-viene\\\/#primaryimage\"},\"thumbnailUrl\":\"https:\\\/\\\/www.laguiadepamplona.com\\\/actualidad\\\/wp-content\\\/uploads\\\/2021\\\/10\\\/fronton-labrit-2_3.jpg\",\"articleSection\":[\"Ayto Pamplona\"],\"inLanguage\":\"es\",\"potentialAction\":[{\"@type\":\"CommentAction\",\"name\":\"Comment\",\"target\":[\"https:\\\/\\\/www.laguiadepamplona.com\\\/actualidad\\\/el-fronton-labrit-contara-con-nueva-iluminacion-de-tecnologia-led-para-el-primer-trimestre-del-ano-que-viene\\\/#respond\"]}]},{\"@type\":\"WebPage\",\"@id\":\"https:\\\/\\\/www.laguiadepamplona.com\\\/actualidad\\\/el-fronton-labrit-contara-con-nueva-iluminacion-de-tecnologia-led-para-el-primer-trimestre-del-ano-que-viene\\\/\",\"url\":\"https:\\\/\\\/www.laguiadepamplona.com\\\/actualidad\\\/el-fronton-labrit-contara-con-nueva-iluminacion-de-tecnologia-led-para-el-primer-trimestre-del-ano-que-viene\\\/\",\"name\":\"El front\u00f3n Labrit contar\u00e1 con nueva iluminaci\u00f3n de tecnolog\u00eda LED para el primer trimestre del a\u00f1o que viene\",\"isPartOf\":{\"@id\":\"https:\\\/\\\/www.laguiadepamplona.com\\\/actualidad\\\/#website\"},\"primaryImageOfPage\":{\"@id\":\"https:\\\/\\\/www.laguiadepamplona.com\\\/actualidad\\\/el-fronton-labrit-contara-con-nueva-iluminacion-de-tecnologia-led-para-el-primer-trimestre-del-ano-que-viene\\\/#primaryimage\"},\"image\":{\"@id\":\"https:\\\/\\\/www.laguiadepamplona.com\\\/actualidad\\\/el-fronton-labrit-contara-con-nueva-iluminacion-de-tecnologia-led-para-el-primer-trimestre-del-ano-que-viene\\\/#primaryimage\"},\"thumbnailUrl\":\"https:\\\/\\\/www.laguiadepamplona.com\\\/actualidad\\\/wp-content\\\/uploads\\\/2021\\\/10\\\/fronton-labrit-2_3.jpg\",\"datePublished\":\"2021-10-18T10:42:39+00:00\",\"dateModified\":\"2023-04-11T09:48:52+00:00\",\"description\":\"El Ayuntamiento de Pamplona va a invertir en este cambio de iluminaci\u00f3n 63.772,26 euros\",\"breadcrumb\":{\"@id\":\"https:\\\/\\\/www.laguiadepamplona.com\\\/actualidad\\\/el-fronton-labrit-contara-con-nueva-iluminacion-de-tecnologia-led-para-el-primer-trimestre-del-ano-que-viene\\\/#breadcrumb\"},\"inLanguage\":\"es\",\"potentialAction\":[{\"@type\":\"ReadAction\",\"target\":[\"https:\\\/\\\/www.laguiadepamplona.com\\\/actualidad\\\/el-fronton-labrit-contara-con-nueva-iluminacion-de-tecnologia-led-para-el-primer-trimestre-del-ano-que-viene\\\/\"]}]},{\"@type\":\"ImageObject\",\"inLanguage\":\"es\",\"@id\":\"https:\\\/\\\/www.laguiadepamplona.com\\\/actualidad\\\/el-fronton-labrit-contara-con-nueva-iluminacion-de-tecnologia-led-para-el-primer-trimestre-del-ano-que-viene\\\/#primaryimage\",\"url\":\"https:\\\/\\\/www.laguiadepamplona.com\\\/actualidad\\\/wp-content\\\/uploads\\\/2021\\\/10\\\/fronton-labrit-2_3.jpg\",\"contentUrl\":\"https:\\\/\\\/www.laguiadepamplona.com\\\/actualidad\\\/wp-content\\\/uploads\\\/2021\\\/10\\\/fronton-labrit-2_3.jpg\",\"width\":1920,\"height\":1260,\"caption\":\"*A:MONTXO A.G. *F: 00-03-2003 *P: *L: PAMPLONA *T:FRONTON LABRIT\"},{\"@type\":\"BreadcrumbList\",\"@id\":\"https:\\\/\\\/www.laguiadepamplona.com\\\/actualidad\\\/el-fronton-labrit-contara-con-nueva-iluminacion-de-tecnologia-led-para-el-primer-trimestre-del-ano-que-viene\\\/#breadcrumb\",\"itemListElement\":[{\"@type\":\"ListItem\",\"position\":1,\"name\":\"Portada\",\"item\":\"https:\\\/\\\/www.laguiadepamplona.com\\\/actualidad\\\/\"},{\"@type\":\"ListItem\",\"position\":2,\"name\":\"El front\u00f3n Labrit contar\u00e1 con nueva iluminaci\u00f3n de tecnolog\u00eda LED para el primer trimestre del a\u00f1o que viene\"}]},{\"@type\":\"WebSite\",\"@id\":\"https:\\\/\\\/www.laguiadepamplona.com\\\/actualidad\\\/#website\",\"url\":\"https:\\\/\\\/www.laguiadepamplona.com\\\/actualidad\\\/\",\"name\":\"La gu\u00eda de Pamplona\",\"description\":\"Noticias de Pamplona\",\"publisher\":{\"@id\":\"https:\\\/\\\/www.laguiadepamplona.com\\\/actualidad\\\/#organization\"},\"potentialAction\":[{\"@type\":\"SearchAction\",\"target\":{\"@type\":\"EntryPoint\",\"urlTemplate\":\"https:\\\/\\\/www.laguiadepamplona.com\\\/actualidad\\\/?s={search_term_string}\"},\"query-input\":{\"@type\":\"PropertyValueSpecification\",\"valueRequired\":true,\"valueName\":\"search_term_string\"}}],\"inLanguage\":\"es\"},{\"@type\":\"Organization\",\"@id\":\"https:\\\/\\\/www.laguiadepamplona.com\\\/actualidad\\\/#organization\",\"name\":\"La Gu\u00eda de Pamplona \\\/ Noticias\",\"url\":\"https:\\\/\\\/www.laguiadepamplona.com\\\/actualidad\\\/\",\"logo\":{\"@type\":\"ImageObject\",\"inLanguage\":\"es\",\"@id\":\"https:\\\/\\\/www.laguiadepamplona.com\\\/actualidad\\\/#\\\/schema\\\/logo\\\/image\\\/\",\"url\":\"https:\\\/\\\/www.laguiadepamplona.com\\\/actualidad\\\/wp-content\\\/uploads\\\/2018\\\/11\\\/logo-laguiadepamplona18-web1.png\",\"contentUrl\":\"https:\\\/\\\/www.laguiadepamplona.com\\\/actualidad\\\/wp-content\\\/uploads\\\/2018\\\/11\\\/logo-laguiadepamplona18-web1.png\",\"width\":600,\"height\":196,\"caption\":\"La Gu\u00eda de Pamplona \\\/ Noticias\"},\"image\":{\"@id\":\"https:\\\/\\\/www.laguiadepamplona.com\\\/actualidad\\\/#\\\/schema\\\/logo\\\/image\\\/\"},\"sameAs\":[\"https:\\\/\\\/www.facebook.com\\\/laguiadepamplonacom-133175176762273\\\/?ref=hl\",\"https:\\\/\\\/x.com\\\/LaGuiadPamplona\",\"https:\\\/\\\/www.instagram.com\\\/la_guia_de_pamplona\\\/\",\"https:\\\/\\\/www.youtube.com\\\/user\\\/laguiadepamplona\"]},{\"@type\":\"Person\",\"@id\":\"https:\\\/\\\/www.laguiadepamplona.com\\\/actualidad\\\/#\\\/schema\\\/person\\\/efe887376f0213d4657c93adc50b1fdb\",\"name\":\"La Gu\u00eda de Pamplona\",\"image\":{\"@type\":\"ImageObject\",\"inLanguage\":\"es\",\"@id\":\"https:\\\/\\\/secure.gravatar.com\\\/avatar\\\/b6992f131dc8d30ab0dff15446e9d346d9dbd95992de0fef795073f5ea83a81c?s=96&d=mm&r=g\",\"url\":\"https:\\\/\\\/secure.gravatar.com\\\/avatar\\\/b6992f131dc8d30ab0dff15446e9d346d9dbd95992de0fef795073f5ea83a81c?s=96&d=mm&r=g\",\"contentUrl\":\"https:\\\/\\\/secure.gravatar.com\\\/avatar\\\/b6992f131dc8d30ab0dff15446e9d346d9dbd95992de0fef795073f5ea83a81c?s=96&d=mm&r=g\",\"caption\":\"La Gu\u00eda de Pamplona\"}}]}<\/script>\n<!-- \/ Yoast SEO plugin. -->","yoast_head_json":{"title":"El front\u00f3n Labrit contar\u00e1 con nueva iluminaci\u00f3n de tecnolog\u00eda LED para el primer trimestre del a\u00f1o que viene","description":"El Ayuntamiento de Pamplona va a invertir en este cambio de iluminaci\u00f3n 63.772,26 euros","robots":{"index":"index","follow":"follow","max-snippet":"max-snippet:-1","max-image-preview":"max-image-preview:large","max-video-preview":"max-video-preview:-1"},"canonical":"https:\/\/www.laguiadepamplona.com\/actualidad\/el-fronton-labrit-contara-con-nueva-iluminacion-de-tecnologia-led-para-el-primer-trimestre-del-ano-que-viene\/","og_locale":"es_ES","og_type":"article","og_title":"El front\u00f3n Labrit contar\u00e1 con nueva iluminaci\u00f3n de tecnolog\u00eda LED para el primer trimestre del a\u00f1o que viene","og_description":"El Ayuntamiento de Pamplona va a invertir en este cambio de iluminaci\u00f3n 63.772,26 euros","og_url":"https:\/\/www.laguiadepamplona.com\/actualidad\/el-fronton-labrit-contara-con-nueva-iluminacion-de-tecnologia-led-para-el-primer-trimestre-del-ano-que-viene\/","og_site_name":"La Gu\u00eda de Pamplona","article_publisher":"https:\/\/www.facebook.com\/laguiadepamplonacom-133175176762273\/?ref=hl","article_published_time":"2021-10-18T10:42:39+00:00","article_modified_time":"2023-04-11T09:48:52+00:00","og_image":[{"width":1920,"height":1260,"url":"https:\/\/www.laguiadepamplona.com\/actualidad\/wp-content\/uploads\/2021\/10\/fronton-labrit-2_3.jpg","type":"image\/jpeg"}],"author":"La Gu\u00eda de Pamplona","twitter_card":"summary_large_image","twitter_creator":"@LaGuiadPamplona","twitter_site":"@LaGuiadPamplona","twitter_misc":{"Escrito por":"La Gu\u00eda de Pamplona","Tiempo de lectura":"2 minutos"},"schema":{"@context":"https:\/\/schema.org","@graph":[{"@type":"Article","@id":"https:\/\/www.laguiadepamplona.com\/actualidad\/el-fronton-labrit-contara-con-nueva-iluminacion-de-tecnologia-led-para-el-primer-trimestre-del-ano-que-viene\/#article","isPartOf":{"@id":"https:\/\/www.laguiadepamplona.com\/actualidad\/el-fronton-labrit-contara-con-nueva-iluminacion-de-tecnologia-led-para-el-primer-trimestre-del-ano-que-viene\/"},"author":{"name":"La Gu\u00eda de Pamplona","@id":"https:\/\/www.laguiadepamplona.com\/actualidad\/#\/schema\/person\/efe887376f0213d4657c93adc50b1fdb"},"headline":"El front\u00f3n Labrit contar\u00e1 con nueva iluminaci\u00f3n de tecnolog\u00eda LED para el primer trimestre del a\u00f1o que viene","datePublished":"2021-10-18T10:42:39+00:00","dateModified":"2023-04-11T09:48:52+00:00","mainEntityOfPage":{"@id":"https:\/\/www.laguiadepamplona.com\/actualidad\/el-fronton-labrit-contara-con-nueva-iluminacion-de-tecnologia-led-para-el-primer-trimestre-del-ano-que-viene\/"},"wordCount":302,"commentCount":0,"publisher":{"@id":"https:\/\/www.laguiadepamplona.com\/actualidad\/#organization"},"image":{"@id":"https:\/\/www.laguiadepamplona.com\/actualidad\/el-fronton-labrit-contara-con-nueva-iluminacion-de-tecnologia-led-para-el-primer-trimestre-del-ano-que-viene\/#primaryimage"},"thumbnailUrl":"https:\/\/www.laguiadepamplona.com\/actualidad\/wp-content\/uploads\/2021\/10\/fronton-labrit-2_3.jpg","articleSection":["Ayto Pamplona"],"inLanguage":"es","potentialAction":[{"@type":"CommentAction","name":"Comment","target":["https:\/\/www.laguiadepamplona.com\/actualidad\/el-fronton-labrit-contara-con-nueva-iluminacion-de-tecnologia-led-para-el-primer-trimestre-del-ano-que-viene\/#respond"]}]},{"@type":"WebPage","@id":"https:\/\/www.laguiadepamplona.com\/actualidad\/el-fronton-labrit-contara-con-nueva-iluminacion-de-tecnologia-led-para-el-primer-trimestre-del-ano-que-viene\/","url":"https:\/\/www.laguiadepamplona.com\/actualidad\/el-fronton-labrit-contara-con-nueva-iluminacion-de-tecnologia-led-para-el-primer-trimestre-del-ano-que-viene\/","name":"El front\u00f3n Labrit contar\u00e1 con nueva iluminaci\u00f3n de tecnolog\u00eda LED para el primer trimestre del a\u00f1o que viene","isPartOf":{"@id":"https:\/\/www.laguiadepamplona.com\/actualidad\/#website"},"primaryImageOfPage":{"@id":"https:\/\/www.laguiadepamplona.com\/actualidad\/el-fronton-labrit-contara-con-nueva-iluminacion-de-tecnologia-led-para-el-primer-trimestre-del-ano-que-viene\/#primaryimage"},"image":{"@id":"https:\/\/www.laguiadepamplona.com\/actualidad\/el-fronton-labrit-contara-con-nueva-iluminacion-de-tecnologia-led-para-el-primer-trimestre-del-ano-que-viene\/#primaryimage"},"thumbnailUrl":"https:\/\/www.laguiadepamplona.com\/actualidad\/wp-content\/uploads\/2021\/10\/fronton-labrit-2_3.jpg","datePublished":"2021-10-18T10:42:39+00:00","dateModified":"2023-04-11T09:48:52+00:00","description":"El Ayuntamiento de Pamplona va a invertir en este cambio de iluminaci\u00f3n 63.772,26 euros","breadcrumb":{"@id":"https:\/\/www.laguiadepamplona.com\/actualidad\/el-fronton-labrit-contara-con-nueva-iluminacion-de-tecnologia-led-para-el-primer-trimestre-del-ano-que-viene\/#breadcrumb"},"inLanguage":"es","potentialAction":[{"@type":"ReadAction","target":["https:\/\/www.laguiadepamplona.com\/actualidad\/el-fronton-labrit-contara-con-nueva-iluminacion-de-tecnologia-led-para-el-primer-trimestre-del-ano-que-viene\/"]}]},{"@type":"ImageObject","inLanguage":"es","@id":"https:\/\/www.laguiadepamplona.com\/actualidad\/el-fronton-labrit-contara-con-nueva-iluminacion-de-tecnologia-led-para-el-primer-trimestre-del-ano-que-viene\/#primaryimage","url":"https:\/\/www.laguiadepamplona.com\/actualidad\/wp-content\/uploads\/2021\/10\/fronton-labrit-2_3.jpg","contentUrl":"https:\/\/www.laguiadepamplona.com\/actualidad\/wp-content\/uploads\/2021\/10\/fronton-labrit-2_3.jpg","width":1920,"height":1260,"caption":"*A:MONTXO A.G. *F: 00-03-2003 *P: *L: PAMPLONA *T:FRONTON LABRIT"},{"@type":"BreadcrumbList","@id":"https:\/\/www.laguiadepamplona.com\/actualidad\/el-fronton-labrit-contara-con-nueva-iluminacion-de-tecnologia-led-para-el-primer-trimestre-del-ano-que-viene\/#breadcrumb","itemListElement":[{"@type":"ListItem","position":1,"name":"Portada","item":"https:\/\/www.laguiadepamplona.com\/actualidad\/"},{"@type":"ListItem","position":2,"name":"El front\u00f3n Labrit contar\u00e1 con nueva iluminaci\u00f3n de tecnolog\u00eda LED para el primer trimestre del a\u00f1o que viene"}]},{"@type":"WebSite","@id":"https:\/\/www.laguiadepamplona.com\/actualidad\/#website","url":"https:\/\/www.laguiadepamplona.com\/actualidad\/","name":"La gu\u00eda de Pamplona","description":"Noticias de Pamplona","publisher":{"@id":"https:\/\/www.laguiadepamplona.com\/actualidad\/#organization"},"potentialAction":[{"@type":"SearchAction","target":{"@type":"EntryPoint","urlTemplate":"https:\/\/www.laguiadepamplona.com\/actualidad\/?s={search_term_string}"},"query-input":{"@type":"PropertyValueSpecification","valueRequired":true,"valueName":"search_term_string"}}],"inLanguage":"es"},{"@type":"Organization","@id":"https:\/\/www.laguiadepamplona.com\/actualidad\/#organization","name":"La Gu\u00eda de Pamplona \/ Noticias","url":"https:\/\/www.laguiadepamplona.com\/actualidad\/","logo":{"@type":"ImageObject","inLanguage":"es","@id":"https:\/\/www.laguiadepamplona.com\/actualidad\/#\/schema\/logo\/image\/","url":"https:\/\/www.laguiadepamplona.com\/actualidad\/wp-content\/uploads\/2018\/11\/logo-laguiadepamplona18-web1.png","contentUrl":"https:\/\/www.laguiadepamplona.com\/actualidad\/wp-content\/uploads\/2018\/11\/logo-laguiadepamplona18-web1.png","width":600,"height":196,"caption":"La Gu\u00eda de Pamplona \/ Noticias"},"image":{"@id":"https:\/\/www.laguiadepamplona.com\/actualidad\/#\/schema\/logo\/image\/"},"sameAs":["https:\/\/www.facebook.com\/laguiadepamplonacom-133175176762273\/?ref=hl","https:\/\/x.com\/LaGuiadPamplona","https:\/\/www.instagram.com\/la_guia_de_pamplona\/","https:\/\/www.youtube.com\/user\/laguiadepamplona"]},{"@type":"Person","@id":"https:\/\/www.laguiadepamplona.com\/actualidad\/#\/schema\/person\/efe887376f0213d4657c93adc50b1fdb","name":"La Gu\u00eda de Pamplona","image":{"@type":"ImageObject","inLanguage":"es","@id":"https:\/\/secure.gravatar.com\/avatar\/b6992f131dc8d30ab0dff15446e9d346d9dbd95992de0fef795073f5ea83a81c?s=96&d=mm&r=g","url":"https:\/\/secure.gravatar.com\/avatar\/b6992f131dc8d30ab0dff15446e9d346d9dbd95992de0fef795073f5ea83a81c?s=96&d=mm&r=g","contentUrl":"https:\/\/secure.gravatar.com\/avatar\/b6992f131dc8d30ab0dff15446e9d346d9dbd95992de0fef795073f5ea83a81c?s=96&d=mm&r=g","caption":"La Gu\u00eda de Pamplona"}}]}},"post_mailing_queue_ids":[],"_links":{"self":[{"href":"https:\/\/www.laguiadepamplona.com\/actualidad\/wp-json\/wp\/v2\/posts\/37041","targetHints":{"allow":["GET"]}}],"collection":[{"href":"https:\/\/www.laguiadepamplona.com\/actualidad\/wp-json\/wp\/v2\/posts"}],"about":[{"href":"https:\/\/www.laguiadepamplona.com\/actualidad\/wp-json\/wp\/v2\/types\/post"}],"author":[{"embeddable":true,"href":"https:\/\/www.laguiadepamplona.com\/actualidad\/wp-json\/wp\/v2\/users\/1"}],"replies":[{"embeddable":true,"href":"https:\/\/www.laguiadepamplona.com\/actualidad\/wp-json\/wp\/v2\/comments?post=37041"}],"version-history":[{"count":0,"href":"https:\/\/www.laguiadepamplona.com\/actualidad\/wp-json\/wp\/v2\/posts\/37041\/revisions"}],"wp:featuredmedia":[{"embeddable":true,"href":"https:\/\/www.laguiadepamplona.com\/actualidad\/wp-json\/wp\/v2\/media\/37042"}],"wp:attachment":[{"href":"https:\/\/www.laguiadepamplona.com\/actualidad\/wp-json\/wp\/v2\/media?parent=37041"}],"wp:term":[{"taxonomy":"category","embeddable":true,"href":"https:\/\/www.laguiadepamplona.com\/actualidad\/wp-json\/wp\/v2\/categories?post=37041"},{"taxonomy":"post_tag","embeddable":true,"href":"https:\/\/www.laguiadepamplona.com\/actualidad\/wp-json\/wp\/v2\/tags?post=37041"}],"curies":[{"name":"wp","href":"https:\/\/api.w.org\/{rel}","templated":true}]}}