{"id":37031,"date":"2021-10-15T17:17:27","date_gmt":"2021-10-15T15:17:27","guid":{"rendered":"https:\/\/www.laguiadepamplona.com\/actualidad\/?p=37031"},"modified":"2023-04-11T11:48:52","modified_gmt":"2023-04-11T09:48:52","slug":"el-ayuntamiento-de-pamplona-recibe-a-la-federacion-de-casas-regionales-en-navarra-que-esta-celebrando-hasta-el-domingo-su-xxxii-semana-cultural","status":"publish","type":"post","link":"https:\/\/www.laguiadepamplona.com\/actualidad\/el-ayuntamiento-de-pamplona-recibe-a-la-federacion-de-casas-regionales-en-navarra-que-esta-celebrando-hasta-el-domingo-su-xxxii-semana-cultural\/","title":{"rendered":"El Ayuntamiento de Pamplona recibe a la Federaci\u00f3n de Casas Regionales en Navarra que est\u00e1 celebrando hasta el domingo su XXXII Semana Cultural"},"content":{"rendered":"<h5>Forman parte de la federaci\u00f3n casas regionales de Arag\u00f3n Cantabria, Castilla y Le\u00f3n, Extremadura, Galicia y Valencia<\/h5>\n<p><!--more--><\/p>\n<p>El Ayuntamiento de Pamplona ha organizado hoy un acto para recibir a la Federaci\u00f3n de Casas Regionales en Navarra que est\u00e1 celebrando hasta el domingo su XXXII Semana Cultural. En la recepci\u00f3n han participado el alcalde de Pamplona, Enrique Maya, y miembros de la Corporaci\u00f3n municipal junto con representantes de la Federaci\u00f3n de Casas Regionales en Navarra y de las siete casas regionales que conforman la federaci\u00f3n: la Casa de Arag\u00f3n, la Casa de Cantabria, la Casa de Castilla y Le\u00f3n, el Hogar Extreme\u00f1o de Navarra, el Lar Gallego, la Casa Regional de la Comunidad Valenciana y el Centro Cultural Extreme\u00f1o La Encina de Alsasua, que este a\u00f1o ejerce de anfitriona.<\/p>\n<p><script async src=\"\/\/pagead2.googlesyndication.com\/pagead\/js\/adsbygoogle.js\"><\/script><br \/>\n<!-- Noticias La Guia de Pamplona --><br \/>\n<ins class=\"adsbygoogle\"\nstyle=\"display:block\"\ndata-ad-client=\"ca-pub-6943679897239327\"\ndata-ad-slot=\"7048180777\"\ndata-ad-format=\"auto\"><\/ins><br \/>\n<script>\n(adsbygoogle = window.adsbygoogle || []).push({});\n<\/script><\/p>\n<p>Durante el acto, que ha tenido lugar en el Sal\u00f3n de Recepciones de la Casa Consistorial, ha intervenido el alcalde de Pamplona, que ha agradecido a las casas regionales su \u201caportaci\u00f3n cultural a la sociedad pamplonesa y navarra\u201d. \u201cGracias por conservar vuestras tradiciones y por traer aqu\u00ed un poquito de vuestra tierra. Y gracias por vuestra alegr\u00eda, porque siempre que estamos con vosotros nos transmit\u00eds energ\u00eda positiva\u201d.<\/p>\n<p>Por parte de la Federaci\u00f3n de Casas Regionales en Navarra ha hablado su presidente, Jaime Valdeolmillos. El Ayuntamiento le ha entregado al presidente de la federaci\u00f3n, que es tambi\u00e9n presidente de la Casa de la Castilla y Le\u00f3n, una reproducci\u00f3n de la fachada de la Casa Consistorial realizada en l\u00e1ser sobre una pieza de roble macizo. Por su parte, la federaci\u00f3n ha regalado al Consistorio una enmarcaci\u00f3n con los pa\u00f1uelos sanfermineros de todas las casas regionales y el de la propia federaci\u00f3n.<\/p>\n<p><script async src=\"\/\/pagead2.googlesyndication.com\/pagead\/js\/adsbygoogle.js\"><\/script><br \/>\n<!-- Noticias La Guia de Pamplona --><br \/>\n<ins class=\"adsbygoogle\"\nstyle=\"display:block\"\ndata-ad-client=\"ca-pub-6943679897239327\"\ndata-ad-slot=\"7048180777\"\ndata-ad-format=\"auto\"><\/ins><br \/>\n<script>\n(adsbygoogle = window.adsbygoogle || []).push({});\n<\/script><\/p>\n<p><strong>Para agrupar y dar a conocer las diferentes culturas<\/strong><\/p>\n<p>La Federaci\u00f3n de Casas Regionales en Navarra se cre\u00f3 hace m\u00e1s de tres d\u00e9cadas con los objetivos de agrupar a todas las personas residentes de las distintas autonom\u00edas con fines culturales y para estrechar las relaciones entre las administraciones y las comunidades aut\u00f3nomas a las que representan. Asimismo, naci\u00f3 para apoyar y promocionar cuantas actividades se desarrollan en pro del conocimiento y expansi\u00f3n de las costumbres, arte y folklore entre las comunidades aut\u00f3nomas y para coordinar la realizaci\u00f3n de exposiciones, conferencias, coloquios y otros eventos.<\/p>\n<p>Su XXXII Semana Cultural comenz\u00f3 ayer jueves con el preg\u00f3n a cargo de Juan Ram\u00f3n Corpas Maule\u00f3n, el desfile de banderas y con la actuaci\u00f3n del D\u00fao HelloChello. Las actividades continuar\u00e1n ma\u00f1ana. A las 11 horas, se celebrar\u00e1 una misa en la iglesia de San Nicol\u00e1s y a las 12.30 horas se celebrar\u00e1 un pasacalles con los grupos de las casas. El programa del d\u00eda se completa con una recepci\u00f3n en el Palacio de Navarra a las 13 horas seguida de una actuaci\u00f3n de los grupos y una comida. Ya el domingo, se ha programado una salida a primera hora de la ma\u00f1ana, a las 9 horas, para realizar el camino hasta San Pedro de Alsasua. Por \u00faltimo, se celebrar\u00e1 una comida de hermandad en el Centro Extreme\u00f1o La Encina.<\/p>\n","protected":false},"excerpt":{"rendered":"<p>Forman parte de la federaci\u00f3n casas regionales de Arag\u00f3n Cantabria, Castilla y Le\u00f3n, Extremadura, Galicia y Valencia<\/p>\n","protected":false},"author":1,"featured_media":37032,"comment_status":"open","ping_status":"closed","sticky":false,"template":"","format":"standard","meta":{"footnotes":""},"categories":[2],"tags":[],"class_list":["post-37031","post","type-post","status-publish","format-standard","has-post-thumbnail","hentry","category-ayuntamiento-pamplona"],"yoast_head":"<!-- This site is optimized with the Yoast SEO plugin v27.5 - https:\/\/yoast.com\/product\/yoast-seo-wordpress\/ -->\n<title>El Ayuntamiento de Pamplona recibe a la Federaci\u00f3n de Casas Regionales en Navarra que est\u00e1 celebrando hasta el domingo su XXXII Semana Cultural<\/title>\n<meta name=\"description\" content=\"Forman parte de la federaci\u00f3n casas regionales de Arag\u00f3n Cantabria, Castilla y Le\u00f3n, Extremadura, Galicia y Valencia\" \/>\n<meta name=\"robots\" content=\"index, follow, max-snippet:-1, max-image-preview:large, max-video-preview:-1\" \/>\n<link rel=\"canonical\" href=\"https:\/\/www.laguiadepamplona.com\/actualidad\/el-ayuntamiento-de-pamplona-recibe-a-la-federacion-de-casas-regionales-en-navarra-que-esta-celebrando-hasta-el-domingo-su-xxxii-semana-cultural\/\" \/>\n<meta property=\"og:locale\" content=\"es_ES\" \/>\n<meta property=\"og:type\" content=\"article\" \/>\n<meta property=\"og:title\" content=\"El Ayuntamiento de Pamplona recibe a la Federaci\u00f3n de Casas Regionales en Navarra que est\u00e1 celebrando hasta el domingo su XXXII Semana Cultural\" \/>\n<meta property=\"og:description\" content=\"Forman parte de la federaci\u00f3n casas regionales de Arag\u00f3n Cantabria, Castilla y Le\u00f3n, Extremadura, Galicia y Valencia\" \/>\n<meta property=\"og:url\" content=\"https:\/\/www.laguiadepamplona.com\/actualidad\/el-ayuntamiento-de-pamplona-recibe-a-la-federacion-de-casas-regionales-en-navarra-que-esta-celebrando-hasta-el-domingo-su-xxxii-semana-cultural\/\" \/>\n<meta property=\"og:site_name\" content=\"La Gu\u00eda de Pamplona\" \/>\n<meta property=\"article:publisher\" content=\"https:\/\/www.facebook.com\/laguiadepamplonacom-133175176762273\/?ref=hl\" \/>\n<meta property=\"article:published_time\" content=\"2021-10-15T15:17:27+00:00\" \/>\n<meta property=\"article:modified_time\" content=\"2023-04-11T09:48:52+00:00\" \/>\n<meta property=\"og:image\" content=\"https:\/\/www.laguiadepamplona.com\/actualidad\/wp-content\/uploads\/2021\/10\/casasregionalesjmg9685.jpg\" \/>\n\t<meta property=\"og:image:width\" content=\"1920\" \/>\n\t<meta property=\"og:image:height\" content=\"1280\" \/>\n\t<meta property=\"og:image:type\" content=\"image\/jpeg\" \/>\n<meta name=\"author\" content=\"La Gu\u00eda de Pamplona\" \/>\n<meta name=\"twitter:card\" content=\"summary_large_image\" \/>\n<meta name=\"twitter:creator\" content=\"@LaGuiadPamplona\" \/>\n<meta name=\"twitter:site\" content=\"@LaGuiadPamplona\" \/>\n<meta name=\"twitter:label1\" content=\"Escrito por\" \/>\n\t<meta name=\"twitter:data1\" content=\"La Gu\u00eda de Pamplona\" \/>\n\t<meta name=\"twitter:label2\" content=\"Tiempo de lectura\" \/>\n\t<meta name=\"twitter:data2\" content=\"3 minutos\" \/>\n<script type=\"application\/ld+json\" class=\"yoast-schema-graph\">{\"@context\":\"https:\\\/\\\/schema.org\",\"@graph\":[{\"@type\":\"Article\",\"@id\":\"https:\\\/\\\/www.laguiadepamplona.com\\\/actualidad\\\/el-ayuntamiento-de-pamplona-recibe-a-la-federacion-de-casas-regionales-en-navarra-que-esta-celebrando-hasta-el-domingo-su-xxxii-semana-cultural\\\/#article\",\"isPartOf\":{\"@id\":\"https:\\\/\\\/www.laguiadepamplona.com\\\/actualidad\\\/el-ayuntamiento-de-pamplona-recibe-a-la-federacion-de-casas-regionales-en-navarra-que-esta-celebrando-hasta-el-domingo-su-xxxii-semana-cultural\\\/\"},\"author\":{\"name\":\"La Gu\u00eda de Pamplona\",\"@id\":\"https:\\\/\\\/www.laguiadepamplona.com\\\/actualidad\\\/#\\\/schema\\\/person\\\/efe887376f0213d4657c93adc50b1fdb\"},\"headline\":\"El Ayuntamiento de Pamplona recibe a la Federaci\u00f3n de Casas Regionales en Navarra que est\u00e1 celebrando hasta el domingo su XXXII Semana Cultural\",\"datePublished\":\"2021-10-15T15:17:27+00:00\",\"dateModified\":\"2023-04-11T09:48:52+00:00\",\"mainEntityOfPage\":{\"@id\":\"https:\\\/\\\/www.laguiadepamplona.com\\\/actualidad\\\/el-ayuntamiento-de-pamplona-recibe-a-la-federacion-de-casas-regionales-en-navarra-que-esta-celebrando-hasta-el-domingo-su-xxxii-semana-cultural\\\/\"},\"wordCount\":570,\"commentCount\":0,\"publisher\":{\"@id\":\"https:\\\/\\\/www.laguiadepamplona.com\\\/actualidad\\\/#organization\"},\"image\":{\"@id\":\"https:\\\/\\\/www.laguiadepamplona.com\\\/actualidad\\\/el-ayuntamiento-de-pamplona-recibe-a-la-federacion-de-casas-regionales-en-navarra-que-esta-celebrando-hasta-el-domingo-su-xxxii-semana-cultural\\\/#primaryimage\"},\"thumbnailUrl\":\"https:\\\/\\\/www.laguiadepamplona.com\\\/actualidad\\\/wp-content\\\/uploads\\\/2021\\\/10\\\/casasregionalesjmg9685.jpg\",\"articleSection\":[\"Ayto Pamplona\"],\"inLanguage\":\"es\",\"potentialAction\":[{\"@type\":\"CommentAction\",\"name\":\"Comment\",\"target\":[\"https:\\\/\\\/www.laguiadepamplona.com\\\/actualidad\\\/el-ayuntamiento-de-pamplona-recibe-a-la-federacion-de-casas-regionales-en-navarra-que-esta-celebrando-hasta-el-domingo-su-xxxii-semana-cultural\\\/#respond\"]}]},{\"@type\":\"WebPage\",\"@id\":\"https:\\\/\\\/www.laguiadepamplona.com\\\/actualidad\\\/el-ayuntamiento-de-pamplona-recibe-a-la-federacion-de-casas-regionales-en-navarra-que-esta-celebrando-hasta-el-domingo-su-xxxii-semana-cultural\\\/\",\"url\":\"https:\\\/\\\/www.laguiadepamplona.com\\\/actualidad\\\/el-ayuntamiento-de-pamplona-recibe-a-la-federacion-de-casas-regionales-en-navarra-que-esta-celebrando-hasta-el-domingo-su-xxxii-semana-cultural\\\/\",\"name\":\"El Ayuntamiento de Pamplona recibe a la Federaci\u00f3n de Casas Regionales en Navarra que est\u00e1 celebrando hasta el domingo su XXXII Semana Cultural\",\"isPartOf\":{\"@id\":\"https:\\\/\\\/www.laguiadepamplona.com\\\/actualidad\\\/#website\"},\"primaryImageOfPage\":{\"@id\":\"https:\\\/\\\/www.laguiadepamplona.com\\\/actualidad\\\/el-ayuntamiento-de-pamplona-recibe-a-la-federacion-de-casas-regionales-en-navarra-que-esta-celebrando-hasta-el-domingo-su-xxxii-semana-cultural\\\/#primaryimage\"},\"image\":{\"@id\":\"https:\\\/\\\/www.laguiadepamplona.com\\\/actualidad\\\/el-ayuntamiento-de-pamplona-recibe-a-la-federacion-de-casas-regionales-en-navarra-que-esta-celebrando-hasta-el-domingo-su-xxxii-semana-cultural\\\/#primaryimage\"},\"thumbnailUrl\":\"https:\\\/\\\/www.laguiadepamplona.com\\\/actualidad\\\/wp-content\\\/uploads\\\/2021\\\/10\\\/casasregionalesjmg9685.jpg\",\"datePublished\":\"2021-10-15T15:17:27+00:00\",\"dateModified\":\"2023-04-11T09:48:52+00:00\",\"description\":\"Forman parte de la federaci\u00f3n casas regionales de Arag\u00f3n Cantabria, Castilla y Le\u00f3n, Extremadura, Galicia y Valencia\",\"breadcrumb\":{\"@id\":\"https:\\\/\\\/www.laguiadepamplona.com\\\/actualidad\\\/el-ayuntamiento-de-pamplona-recibe-a-la-federacion-de-casas-regionales-en-navarra-que-esta-celebrando-hasta-el-domingo-su-xxxii-semana-cultural\\\/#breadcrumb\"},\"inLanguage\":\"es\",\"potentialAction\":[{\"@type\":\"ReadAction\",\"target\":[\"https:\\\/\\\/www.laguiadepamplona.com\\\/actualidad\\\/el-ayuntamiento-de-pamplona-recibe-a-la-federacion-de-casas-regionales-en-navarra-que-esta-celebrando-hasta-el-domingo-su-xxxii-semana-cultural\\\/\"]}]},{\"@type\":\"ImageObject\",\"inLanguage\":\"es\",\"@id\":\"https:\\\/\\\/www.laguiadepamplona.com\\\/actualidad\\\/el-ayuntamiento-de-pamplona-recibe-a-la-federacion-de-casas-regionales-en-navarra-que-esta-celebrando-hasta-el-domingo-su-xxxii-semana-cultural\\\/#primaryimage\",\"url\":\"https:\\\/\\\/www.laguiadepamplona.com\\\/actualidad\\\/wp-content\\\/uploads\\\/2021\\\/10\\\/casasregionalesjmg9685.jpg\",\"contentUrl\":\"https:\\\/\\\/www.laguiadepamplona.com\\\/actualidad\\\/wp-content\\\/uploads\\\/2021\\\/10\\\/casasregionalesjmg9685.jpg\",\"width\":1920,\"height\":1280,\"caption\":\"A* Jes\u00fas Garzaron F* 2021_10_15 T* Recepci\u00f3n Federaci\u00f3n Casas Regionales L* Ayuntamiento de Pamplona\"},{\"@type\":\"BreadcrumbList\",\"@id\":\"https:\\\/\\\/www.laguiadepamplona.com\\\/actualidad\\\/el-ayuntamiento-de-pamplona-recibe-a-la-federacion-de-casas-regionales-en-navarra-que-esta-celebrando-hasta-el-domingo-su-xxxii-semana-cultural\\\/#breadcrumb\",\"itemListElement\":[{\"@type\":\"ListItem\",\"position\":1,\"name\":\"Portada\",\"item\":\"https:\\\/\\\/www.laguiadepamplona.com\\\/actualidad\\\/\"},{\"@type\":\"ListItem\",\"position\":2,\"name\":\"El Ayuntamiento de Pamplona recibe a la Federaci\u00f3n de Casas Regionales en Navarra que est\u00e1 celebrando hasta el domingo su XXXII Semana Cultural\"}]},{\"@type\":\"WebSite\",\"@id\":\"https:\\\/\\\/www.laguiadepamplona.com\\\/actualidad\\\/#website\",\"url\":\"https:\\\/\\\/www.laguiadepamplona.com\\\/actualidad\\\/\",\"name\":\"La gu\u00eda de Pamplona\",\"description\":\"Noticias de Pamplona\",\"publisher\":{\"@id\":\"https:\\\/\\\/www.laguiadepamplona.com\\\/actualidad\\\/#organization\"},\"potentialAction\":[{\"@type\":\"SearchAction\",\"target\":{\"@type\":\"EntryPoint\",\"urlTemplate\":\"https:\\\/\\\/www.laguiadepamplona.com\\\/actualidad\\\/?s={search_term_string}\"},\"query-input\":{\"@type\":\"PropertyValueSpecification\",\"valueRequired\":true,\"valueName\":\"search_term_string\"}}],\"inLanguage\":\"es\"},{\"@type\":\"Organization\",\"@id\":\"https:\\\/\\\/www.laguiadepamplona.com\\\/actualidad\\\/#organization\",\"name\":\"La Gu\u00eda de Pamplona \\\/ Noticias\",\"url\":\"https:\\\/\\\/www.laguiadepamplona.com\\\/actualidad\\\/\",\"logo\":{\"@type\":\"ImageObject\",\"inLanguage\":\"es\",\"@id\":\"https:\\\/\\\/www.laguiadepamplona.com\\\/actualidad\\\/#\\\/schema\\\/logo\\\/image\\\/\",\"url\":\"https:\\\/\\\/www.laguiadepamplona.com\\\/actualidad\\\/wp-content\\\/uploads\\\/2018\\\/11\\\/logo-laguiadepamplona18-web1.png\",\"contentUrl\":\"https:\\\/\\\/www.laguiadepamplona.com\\\/actualidad\\\/wp-content\\\/uploads\\\/2018\\\/11\\\/logo-laguiadepamplona18-web1.png\",\"width\":600,\"height\":196,\"caption\":\"La Gu\u00eda de Pamplona \\\/ Noticias\"},\"image\":{\"@id\":\"https:\\\/\\\/www.laguiadepamplona.com\\\/actualidad\\\/#\\\/schema\\\/logo\\\/image\\\/\"},\"sameAs\":[\"https:\\\/\\\/www.facebook.com\\\/laguiadepamplonacom-133175176762273\\\/?ref=hl\",\"https:\\\/\\\/x.com\\\/LaGuiadPamplona\",\"https:\\\/\\\/www.instagram.com\\\/la_guia_de_pamplona\\\/\",\"https:\\\/\\\/www.youtube.com\\\/user\\\/laguiadepamplona\"]},{\"@type\":\"Person\",\"@id\":\"https:\\\/\\\/www.laguiadepamplona.com\\\/actualidad\\\/#\\\/schema\\\/person\\\/efe887376f0213d4657c93adc50b1fdb\",\"name\":\"La Gu\u00eda de Pamplona\",\"image\":{\"@type\":\"ImageObject\",\"inLanguage\":\"es\",\"@id\":\"https:\\\/\\\/secure.gravatar.com\\\/avatar\\\/b6992f131dc8d30ab0dff15446e9d346d9dbd95992de0fef795073f5ea83a81c?s=96&d=mm&r=g\",\"url\":\"https:\\\/\\\/secure.gravatar.com\\\/avatar\\\/b6992f131dc8d30ab0dff15446e9d346d9dbd95992de0fef795073f5ea83a81c?s=96&d=mm&r=g\",\"contentUrl\":\"https:\\\/\\\/secure.gravatar.com\\\/avatar\\\/b6992f131dc8d30ab0dff15446e9d346d9dbd95992de0fef795073f5ea83a81c?s=96&d=mm&r=g\",\"caption\":\"La Gu\u00eda de Pamplona\"}}]}<\/script>\n<!-- \/ Yoast SEO plugin. -->","yoast_head_json":{"title":"El Ayuntamiento de Pamplona recibe a la Federaci\u00f3n de Casas Regionales en Navarra que est\u00e1 celebrando hasta el domingo su XXXII Semana Cultural","description":"Forman parte de la federaci\u00f3n casas regionales de Arag\u00f3n Cantabria, Castilla y Le\u00f3n, Extremadura, Galicia y Valencia","robots":{"index":"index","follow":"follow","max-snippet":"max-snippet:-1","max-image-preview":"max-image-preview:large","max-video-preview":"max-video-preview:-1"},"canonical":"https:\/\/www.laguiadepamplona.com\/actualidad\/el-ayuntamiento-de-pamplona-recibe-a-la-federacion-de-casas-regionales-en-navarra-que-esta-celebrando-hasta-el-domingo-su-xxxii-semana-cultural\/","og_locale":"es_ES","og_type":"article","og_title":"El Ayuntamiento de Pamplona recibe a la Federaci\u00f3n de Casas Regionales en Navarra que est\u00e1 celebrando hasta el domingo su XXXII Semana Cultural","og_description":"Forman parte de la federaci\u00f3n casas regionales de Arag\u00f3n Cantabria, Castilla y Le\u00f3n, Extremadura, Galicia y Valencia","og_url":"https:\/\/www.laguiadepamplona.com\/actualidad\/el-ayuntamiento-de-pamplona-recibe-a-la-federacion-de-casas-regionales-en-navarra-que-esta-celebrando-hasta-el-domingo-su-xxxii-semana-cultural\/","og_site_name":"La Gu\u00eda de Pamplona","article_publisher":"https:\/\/www.facebook.com\/laguiadepamplonacom-133175176762273\/?ref=hl","article_published_time":"2021-10-15T15:17:27+00:00","article_modified_time":"2023-04-11T09:48:52+00:00","og_image":[{"width":1920,"height":1280,"url":"https:\/\/www.laguiadepamplona.com\/actualidad\/wp-content\/uploads\/2021\/10\/casasregionalesjmg9685.jpg","type":"image\/jpeg"}],"author":"La Gu\u00eda de Pamplona","twitter_card":"summary_large_image","twitter_creator":"@LaGuiadPamplona","twitter_site":"@LaGuiadPamplona","twitter_misc":{"Escrito por":"La Gu\u00eda de Pamplona","Tiempo de lectura":"3 minutos"},"schema":{"@context":"https:\/\/schema.org","@graph":[{"@type":"Article","@id":"https:\/\/www.laguiadepamplona.com\/actualidad\/el-ayuntamiento-de-pamplona-recibe-a-la-federacion-de-casas-regionales-en-navarra-que-esta-celebrando-hasta-el-domingo-su-xxxii-semana-cultural\/#article","isPartOf":{"@id":"https:\/\/www.laguiadepamplona.com\/actualidad\/el-ayuntamiento-de-pamplona-recibe-a-la-federacion-de-casas-regionales-en-navarra-que-esta-celebrando-hasta-el-domingo-su-xxxii-semana-cultural\/"},"author":{"name":"La Gu\u00eda de Pamplona","@id":"https:\/\/www.laguiadepamplona.com\/actualidad\/#\/schema\/person\/efe887376f0213d4657c93adc50b1fdb"},"headline":"El Ayuntamiento de Pamplona recibe a la Federaci\u00f3n de Casas Regionales en Navarra que est\u00e1 celebrando hasta el domingo su XXXII Semana Cultural","datePublished":"2021-10-15T15:17:27+00:00","dateModified":"2023-04-11T09:48:52+00:00","mainEntityOfPage":{"@id":"https:\/\/www.laguiadepamplona.com\/actualidad\/el-ayuntamiento-de-pamplona-recibe-a-la-federacion-de-casas-regionales-en-navarra-que-esta-celebrando-hasta-el-domingo-su-xxxii-semana-cultural\/"},"wordCount":570,"commentCount":0,"publisher":{"@id":"https:\/\/www.laguiadepamplona.com\/actualidad\/#organization"},"image":{"@id":"https:\/\/www.laguiadepamplona.com\/actualidad\/el-ayuntamiento-de-pamplona-recibe-a-la-federacion-de-casas-regionales-en-navarra-que-esta-celebrando-hasta-el-domingo-su-xxxii-semana-cultural\/#primaryimage"},"thumbnailUrl":"https:\/\/www.laguiadepamplona.com\/actualidad\/wp-content\/uploads\/2021\/10\/casasregionalesjmg9685.jpg","articleSection":["Ayto Pamplona"],"inLanguage":"es","potentialAction":[{"@type":"CommentAction","name":"Comment","target":["https:\/\/www.laguiadepamplona.com\/actualidad\/el-ayuntamiento-de-pamplona-recibe-a-la-federacion-de-casas-regionales-en-navarra-que-esta-celebrando-hasta-el-domingo-su-xxxii-semana-cultural\/#respond"]}]},{"@type":"WebPage","@id":"https:\/\/www.laguiadepamplona.com\/actualidad\/el-ayuntamiento-de-pamplona-recibe-a-la-federacion-de-casas-regionales-en-navarra-que-esta-celebrando-hasta-el-domingo-su-xxxii-semana-cultural\/","url":"https:\/\/www.laguiadepamplona.com\/actualidad\/el-ayuntamiento-de-pamplona-recibe-a-la-federacion-de-casas-regionales-en-navarra-que-esta-celebrando-hasta-el-domingo-su-xxxii-semana-cultural\/","name":"El Ayuntamiento de Pamplona recibe a la Federaci\u00f3n de Casas Regionales en Navarra que est\u00e1 celebrando hasta el domingo su XXXII Semana Cultural","isPartOf":{"@id":"https:\/\/www.laguiadepamplona.com\/actualidad\/#website"},"primaryImageOfPage":{"@id":"https:\/\/www.laguiadepamplona.com\/actualidad\/el-ayuntamiento-de-pamplona-recibe-a-la-federacion-de-casas-regionales-en-navarra-que-esta-celebrando-hasta-el-domingo-su-xxxii-semana-cultural\/#primaryimage"},"image":{"@id":"https:\/\/www.laguiadepamplona.com\/actualidad\/el-ayuntamiento-de-pamplona-recibe-a-la-federacion-de-casas-regionales-en-navarra-que-esta-celebrando-hasta-el-domingo-su-xxxii-semana-cultural\/#primaryimage"},"thumbnailUrl":"https:\/\/www.laguiadepamplona.com\/actualidad\/wp-content\/uploads\/2021\/10\/casasregionalesjmg9685.jpg","datePublished":"2021-10-15T15:17:27+00:00","dateModified":"2023-04-11T09:48:52+00:00","description":"Forman parte de la federaci\u00f3n casas regionales de Arag\u00f3n Cantabria, Castilla y Le\u00f3n, Extremadura, Galicia y Valencia","breadcrumb":{"@id":"https:\/\/www.laguiadepamplona.com\/actualidad\/el-ayuntamiento-de-pamplona-recibe-a-la-federacion-de-casas-regionales-en-navarra-que-esta-celebrando-hasta-el-domingo-su-xxxii-semana-cultural\/#breadcrumb"},"inLanguage":"es","potentialAction":[{"@type":"ReadAction","target":["https:\/\/www.laguiadepamplona.com\/actualidad\/el-ayuntamiento-de-pamplona-recibe-a-la-federacion-de-casas-regionales-en-navarra-que-esta-celebrando-hasta-el-domingo-su-xxxii-semana-cultural\/"]}]},{"@type":"ImageObject","inLanguage":"es","@id":"https:\/\/www.laguiadepamplona.com\/actualidad\/el-ayuntamiento-de-pamplona-recibe-a-la-federacion-de-casas-regionales-en-navarra-que-esta-celebrando-hasta-el-domingo-su-xxxii-semana-cultural\/#primaryimage","url":"https:\/\/www.laguiadepamplona.com\/actualidad\/wp-content\/uploads\/2021\/10\/casasregionalesjmg9685.jpg","contentUrl":"https:\/\/www.laguiadepamplona.com\/actualidad\/wp-content\/uploads\/2021\/10\/casasregionalesjmg9685.jpg","width":1920,"height":1280,"caption":"A* Jes\u00fas Garzaron F* 2021_10_15 T* Recepci\u00f3n Federaci\u00f3n Casas Regionales L* Ayuntamiento de Pamplona"},{"@type":"BreadcrumbList","@id":"https:\/\/www.laguiadepamplona.com\/actualidad\/el-ayuntamiento-de-pamplona-recibe-a-la-federacion-de-casas-regionales-en-navarra-que-esta-celebrando-hasta-el-domingo-su-xxxii-semana-cultural\/#breadcrumb","itemListElement":[{"@type":"ListItem","position":1,"name":"Portada","item":"https:\/\/www.laguiadepamplona.com\/actualidad\/"},{"@type":"ListItem","position":2,"name":"El Ayuntamiento de Pamplona recibe a la Federaci\u00f3n de Casas Regionales en Navarra que est\u00e1 celebrando hasta el domingo su XXXII Semana Cultural"}]},{"@type":"WebSite","@id":"https:\/\/www.laguiadepamplona.com\/actualidad\/#website","url":"https:\/\/www.laguiadepamplona.com\/actualidad\/","name":"La gu\u00eda de Pamplona","description":"Noticias de Pamplona","publisher":{"@id":"https:\/\/www.laguiadepamplona.com\/actualidad\/#organization"},"potentialAction":[{"@type":"SearchAction","target":{"@type":"EntryPoint","urlTemplate":"https:\/\/www.laguiadepamplona.com\/actualidad\/?s={search_term_string}"},"query-input":{"@type":"PropertyValueSpecification","valueRequired":true,"valueName":"search_term_string"}}],"inLanguage":"es"},{"@type":"Organization","@id":"https:\/\/www.laguiadepamplona.com\/actualidad\/#organization","name":"La Gu\u00eda de Pamplona \/ Noticias","url":"https:\/\/www.laguiadepamplona.com\/actualidad\/","logo":{"@type":"ImageObject","inLanguage":"es","@id":"https:\/\/www.laguiadepamplona.com\/actualidad\/#\/schema\/logo\/image\/","url":"https:\/\/www.laguiadepamplona.com\/actualidad\/wp-content\/uploads\/2018\/11\/logo-laguiadepamplona18-web1.png","contentUrl":"https:\/\/www.laguiadepamplona.com\/actualidad\/wp-content\/uploads\/2018\/11\/logo-laguiadepamplona18-web1.png","width":600,"height":196,"caption":"La Gu\u00eda de Pamplona \/ Noticias"},"image":{"@id":"https:\/\/www.laguiadepamplona.com\/actualidad\/#\/schema\/logo\/image\/"},"sameAs":["https:\/\/www.facebook.com\/laguiadepamplonacom-133175176762273\/?ref=hl","https:\/\/x.com\/LaGuiadPamplona","https:\/\/www.instagram.com\/la_guia_de_pamplona\/","https:\/\/www.youtube.com\/user\/laguiadepamplona"]},{"@type":"Person","@id":"https:\/\/www.laguiadepamplona.com\/actualidad\/#\/schema\/person\/efe887376f0213d4657c93adc50b1fdb","name":"La Gu\u00eda de Pamplona","image":{"@type":"ImageObject","inLanguage":"es","@id":"https:\/\/secure.gravatar.com\/avatar\/b6992f131dc8d30ab0dff15446e9d346d9dbd95992de0fef795073f5ea83a81c?s=96&d=mm&r=g","url":"https:\/\/secure.gravatar.com\/avatar\/b6992f131dc8d30ab0dff15446e9d346d9dbd95992de0fef795073f5ea83a81c?s=96&d=mm&r=g","contentUrl":"https:\/\/secure.gravatar.com\/avatar\/b6992f131dc8d30ab0dff15446e9d346d9dbd95992de0fef795073f5ea83a81c?s=96&d=mm&r=g","caption":"La Gu\u00eda de Pamplona"}}]}},"post_mailing_queue_ids":[],"_links":{"self":[{"href":"https:\/\/www.laguiadepamplona.com\/actualidad\/wp-json\/wp\/v2\/posts\/37031","targetHints":{"allow":["GET"]}}],"collection":[{"href":"https:\/\/www.laguiadepamplona.com\/actualidad\/wp-json\/wp\/v2\/posts"}],"about":[{"href":"https:\/\/www.laguiadepamplona.com\/actualidad\/wp-json\/wp\/v2\/types\/post"}],"author":[{"embeddable":true,"href":"https:\/\/www.laguiadepamplona.com\/actualidad\/wp-json\/wp\/v2\/users\/1"}],"replies":[{"embeddable":true,"href":"https:\/\/www.laguiadepamplona.com\/actualidad\/wp-json\/wp\/v2\/comments?post=37031"}],"version-history":[{"count":0,"href":"https:\/\/www.laguiadepamplona.com\/actualidad\/wp-json\/wp\/v2\/posts\/37031\/revisions"}],"wp:featuredmedia":[{"embeddable":true,"href":"https:\/\/www.laguiadepamplona.com\/actualidad\/wp-json\/wp\/v2\/media\/37032"}],"wp:attachment":[{"href":"https:\/\/www.laguiadepamplona.com\/actualidad\/wp-json\/wp\/v2\/media?parent=37031"}],"wp:term":[{"taxonomy":"category","embeddable":true,"href":"https:\/\/www.laguiadepamplona.com\/actualidad\/wp-json\/wp\/v2\/categories?post=37031"},{"taxonomy":"post_tag","embeddable":true,"href":"https:\/\/www.laguiadepamplona.com\/actualidad\/wp-json\/wp\/v2\/tags?post=37031"}],"curies":[{"name":"wp","href":"https:\/\/api.w.org\/{rel}","templated":true}]}}