{"id":37026,"date":"2021-10-15T12:18:46","date_gmt":"2021-10-15T10:18:46","guid":{"rendered":"https:\/\/www.laguiadepamplona.com\/actualidad\/?p=37026"},"modified":"2023-04-11T11:48:52","modified_gmt":"2023-04-11T09:48:52","slug":"la-mesa-de-la-juventud-de-pamplona-recuerda-a-la-sociedad-la-actitud-mayoritaria-de-responsabilidad-y-civismo-en-las-personas-jovenes-durante-la-pandemia","status":"publish","type":"post","link":"https:\/\/www.laguiadepamplona.com\/actualidad\/la-mesa-de-la-juventud-de-pamplona-recuerda-a-la-sociedad-la-actitud-mayoritaria-de-responsabilidad-y-civismo-en-las-personas-jovenes-durante-la-pandemia\/","title":{"rendered":"La Mesa de la Juventud de Pamplona recuerda a la sociedad la actitud mayoritaria de responsabilidad y civismo en las personas j\u00f3venes durante la pandemia"},"content":{"rendered":"<h5>Tras la aprobaci\u00f3n de la declaraci\u00f3n comenz\u00f3 el proceso para definir propuestas de trabajo y objetivos del III Plan de Juventud Pamplona Joven<\/h5>\n<p><!--more--><\/p>\n<p>La Mesa de la Juventud de Pamplona ha mantenido una reuni\u00f3n extraordinaria en la que ha aprobado una declaraci\u00f3n que quiere recordar al conjunto de la sociedad la actitud mayoritaria de responsabilidad y civismo de la juventud pamplonesa a la hora de superar la pandemia por la COVID-19. Tras el levantamiento de las restricciones de seguridad sanitaria, dice el texto \u201chemos asistido en Pamplona a algunas situaciones de comportamientos inc\u00edvicos que han puesto nuevamente la mirada sobre la responsabilidad de la juventud pamplonesa. En este sentido, la Mesa de la Juventud resalta que dichos comportamientos no representan en modo alguno a la poblaci\u00f3n joven de Pamplona\u201d.<\/p>\n<p><script async src=\"\/\/pagead2.googlesyndication.com\/pagead\/js\/adsbygoogle.js\"><\/script><br \/>\n<!-- Noticias La Guia de Pamplona --><br \/>\n<ins class=\"adsbygoogle\"\nstyle=\"display:block\"\ndata-ad-client=\"ca-pub-6943679897239327\"\ndata-ad-slot=\"7048180777\"\ndata-ad-format=\"auto\"><\/ins><br \/>\n<script>\n(adsbygoogle = window.adsbygoogle || []).push({});\n<\/script><\/p>\n<p>Contin\u00faa lo aprobado, \u201cla Mesa de la Juventud quiere poner en valor la mayoritaria actitud de responsabilidad y civismo de la juventud pamplonesa en estos largos meses de restricciones a la vida social, y reitera su compromiso para buscar y promover formas de ocio alternativo, saludable e inclusivo que resulten satisfactorias para las personas j\u00f3venes de la ciudad, que se recoger\u00e1n en el III Plan de Juventud Pamplona Joven, que est\u00e1 en estos momentos en fase de elaboraci\u00f3n\u201d.<\/p>\n<p>La reuni\u00f3n estaba presidida por el concejal delegado de Educaci\u00f3n, Participaci\u00f3n Ciudadana y Juventud, Fernando Sesma y contaba con la presencia de representantes de los grupos pol\u00edticos municipales, adem\u00e1s de miembros designados por organizaciones juveniles.<\/p>\n<p><script async src=\"\/\/pagead2.googlesyndication.com\/pagead\/js\/adsbygoogle.js\"><\/script><br \/>\n<!-- Noticias La Guia de Pamplona --><br \/>\n<ins class=\"adsbygoogle\"\nstyle=\"display:block\"\ndata-ad-client=\"ca-pub-6943679897239327\"\ndata-ad-slot=\"7048180777\"\ndata-ad-format=\"auto\"><\/ins><br \/>\n<script>\n(adsbygoogle = window.adsbygoogle || []).push({});\n<\/script><\/p>\n<p><strong>Propuestas de trabajo y objetivos para el III Plan de Juventud<\/strong><\/p>\n<p>Tras abordar esta cuesti\u00f3n de actualidad en una primera parte de la sesi\u00f3n, un grupo de trabajo formado por una representaci\u00f3n juvenil, prolong\u00f3 el encuentro para seguir trabajando en la definici\u00f3n del nuevo Plan municipal de Juventud.<\/p>\n<p>A partir de los resultados de las encuestas realizadas en junio a personas j\u00f3venes, y del mantenimiento inicial de unos grupos de discusi\u00f3n, una decena de miembros j\u00f3venes de la mesa estuvo haciendo un trabajo de detecci\u00f3n de necesidades de los y las j\u00f3venes en diversos \u00e1mbitos: desde empleo, formaci\u00f3n y vivienda, hasta igualdad de g\u00e9nero, asociacionismo y voluntariado, movilidad o integraci\u00f3n y convivencia. Tras esa tarea concretaron una lista de propuestas sobre las que trabajar.<\/p>\n<p><script async src=\"\/\/pagead2.googlesyndication.com\/pagead\/js\/adsbygoogle.js\"><\/script><br \/>\n<!-- Noticias La Guia de Pamplona --><br \/>\n<ins class=\"adsbygoogle\"\nstyle=\"display:block\"\ndata-ad-client=\"ca-pub-6943679897239327\"\ndata-ad-slot=\"7048180777\"\ndata-ad-format=\"auto\"><\/ins><br \/>\n<script>\n(adsbygoogle = window.adsbygoogle || []).push({});\n<\/script><\/p>\n<p>La Mesa de la Juventud es un \u00f3rgano encuadrado en la organizaci\u00f3n municipal que naci\u00f3 hace ahora dos d\u00e9cadas y que se encarga de canalizar la implicaci\u00f3n de los j\u00f3venes en actuaciones municipales en materia de Juventud mediante la reflexi\u00f3n conjunta, el an\u00e1lisis y la propuesta de diferentes agentes y entidades que conforman el sector juvenil de la ciudad. La mesa actual, con su nueva composici\u00f3n, arranc\u00f3 sus trabajos el pasado mes de mayo.<\/p>\n","protected":false},"excerpt":{"rendered":"<p>Tras la aprobaci\u00f3n de la declaraci\u00f3n comenz\u00f3 el proceso para definir propuestas de trabajo y objetivos del III Plan de Juventud Pamplona Joven<\/p>\n","protected":false},"author":1,"featured_media":37027,"comment_status":"open","ping_status":"closed","sticky":false,"template":"","format":"standard","meta":{"footnotes":""},"categories":[2],"tags":[],"class_list":["post-37026","post","type-post","status-publish","format-standard","has-post-thumbnail","hentry","category-ayuntamiento-pamplona"],"yoast_head":"<!-- This site is optimized with the Yoast SEO plugin v27.5 - https:\/\/yoast.com\/product\/yoast-seo-wordpress\/ -->\n<title>La Mesa de la Juventud de Pamplona recuerda a la sociedad la actitud mayoritaria de responsabilidad y civismo en las personas j\u00f3venes durante la pandemia<\/title>\n<meta name=\"description\" content=\"Tras la aprobaci\u00f3n de la declaraci\u00f3n comenz\u00f3 el proceso para definir propuestas de trabajo y objetivos del III Plan de Juventud Pamplona Joven\" \/>\n<meta name=\"robots\" content=\"index, follow, max-snippet:-1, max-image-preview:large, max-video-preview:-1\" \/>\n<link rel=\"canonical\" href=\"https:\/\/www.laguiadepamplona.com\/actualidad\/la-mesa-de-la-juventud-de-pamplona-recuerda-a-la-sociedad-la-actitud-mayoritaria-de-responsabilidad-y-civismo-en-las-personas-jovenes-durante-la-pandemia\/\" \/>\n<meta property=\"og:locale\" content=\"es_ES\" \/>\n<meta property=\"og:type\" content=\"article\" \/>\n<meta property=\"og:title\" content=\"La Mesa de la Juventud de Pamplona recuerda a la sociedad la actitud mayoritaria de responsabilidad y civismo en las personas j\u00f3venes durante la pandemia\" \/>\n<meta property=\"og:description\" content=\"Tras la aprobaci\u00f3n de la declaraci\u00f3n comenz\u00f3 el proceso para definir propuestas de trabajo y objetivos del III Plan de Juventud Pamplona Joven\" \/>\n<meta property=\"og:url\" content=\"https:\/\/www.laguiadepamplona.com\/actualidad\/la-mesa-de-la-juventud-de-pamplona-recuerda-a-la-sociedad-la-actitud-mayoritaria-de-responsabilidad-y-civismo-en-las-personas-jovenes-durante-la-pandemia\/\" \/>\n<meta property=\"og:site_name\" content=\"La Gu\u00eda de Pamplona\" \/>\n<meta property=\"article:publisher\" content=\"https:\/\/www.facebook.com\/laguiadepamplonacom-133175176762273\/?ref=hl\" \/>\n<meta property=\"article:published_time\" content=\"2021-10-15T10:18:46+00:00\" \/>\n<meta property=\"article:modified_time\" content=\"2023-04-11T09:48:52+00:00\" \/>\n<meta property=\"og:image\" content=\"https:\/\/www.laguiadepamplona.com\/actualidad\/wp-content\/uploads\/2021\/10\/mesadelajuventudee5a6024.jpg\" \/>\n\t<meta property=\"og:image:width\" content=\"1920\" \/>\n\t<meta property=\"og:image:height\" content=\"1282\" \/>\n\t<meta property=\"og:image:type\" content=\"image\/jpeg\" \/>\n<meta name=\"author\" content=\"La Gu\u00eda de Pamplona\" \/>\n<meta name=\"twitter:card\" content=\"summary_large_image\" \/>\n<meta name=\"twitter:creator\" content=\"@LaGuiadPamplona\" \/>\n<meta name=\"twitter:site\" content=\"@LaGuiadPamplona\" \/>\n<meta name=\"twitter:label1\" content=\"Escrito por\" \/>\n\t<meta name=\"twitter:data1\" content=\"La Gu\u00eda de Pamplona\" \/>\n\t<meta name=\"twitter:label2\" content=\"Tiempo de lectura\" \/>\n\t<meta name=\"twitter:data2\" content=\"2 minutos\" \/>\n<script type=\"application\/ld+json\" class=\"yoast-schema-graph\">{\"@context\":\"https:\\\/\\\/schema.org\",\"@graph\":[{\"@type\":\"Article\",\"@id\":\"https:\\\/\\\/www.laguiadepamplona.com\\\/actualidad\\\/la-mesa-de-la-juventud-de-pamplona-recuerda-a-la-sociedad-la-actitud-mayoritaria-de-responsabilidad-y-civismo-en-las-personas-jovenes-durante-la-pandemia\\\/#article\",\"isPartOf\":{\"@id\":\"https:\\\/\\\/www.laguiadepamplona.com\\\/actualidad\\\/la-mesa-de-la-juventud-de-pamplona-recuerda-a-la-sociedad-la-actitud-mayoritaria-de-responsabilidad-y-civismo-en-las-personas-jovenes-durante-la-pandemia\\\/\"},\"author\":{\"name\":\"La Gu\u00eda de Pamplona\",\"@id\":\"https:\\\/\\\/www.laguiadepamplona.com\\\/actualidad\\\/#\\\/schema\\\/person\\\/efe887376f0213d4657c93adc50b1fdb\"},\"headline\":\"La Mesa de la Juventud de Pamplona recuerda a la sociedad la actitud mayoritaria de responsabilidad y civismo en las personas j\u00f3venes durante la pandemia\",\"datePublished\":\"2021-10-15T10:18:46+00:00\",\"dateModified\":\"2023-04-11T09:48:52+00:00\",\"mainEntityOfPage\":{\"@id\":\"https:\\\/\\\/www.laguiadepamplona.com\\\/actualidad\\\/la-mesa-de-la-juventud-de-pamplona-recuerda-a-la-sociedad-la-actitud-mayoritaria-de-responsabilidad-y-civismo-en-las-personas-jovenes-durante-la-pandemia\\\/\"},\"wordCount\":500,\"commentCount\":0,\"publisher\":{\"@id\":\"https:\\\/\\\/www.laguiadepamplona.com\\\/actualidad\\\/#organization\"},\"image\":{\"@id\":\"https:\\\/\\\/www.laguiadepamplona.com\\\/actualidad\\\/la-mesa-de-la-juventud-de-pamplona-recuerda-a-la-sociedad-la-actitud-mayoritaria-de-responsabilidad-y-civismo-en-las-personas-jovenes-durante-la-pandemia\\\/#primaryimage\"},\"thumbnailUrl\":\"https:\\\/\\\/www.laguiadepamplona.com\\\/actualidad\\\/wp-content\\\/uploads\\\/2021\\\/10\\\/mesadelajuventudee5a6024.jpg\",\"articleSection\":[\"Ayto Pamplona\"],\"inLanguage\":\"es\",\"potentialAction\":[{\"@type\":\"CommentAction\",\"name\":\"Comment\",\"target\":[\"https:\\\/\\\/www.laguiadepamplona.com\\\/actualidad\\\/la-mesa-de-la-juventud-de-pamplona-recuerda-a-la-sociedad-la-actitud-mayoritaria-de-responsabilidad-y-civismo-en-las-personas-jovenes-durante-la-pandemia\\\/#respond\"]}]},{\"@type\":\"WebPage\",\"@id\":\"https:\\\/\\\/www.laguiadepamplona.com\\\/actualidad\\\/la-mesa-de-la-juventud-de-pamplona-recuerda-a-la-sociedad-la-actitud-mayoritaria-de-responsabilidad-y-civismo-en-las-personas-jovenes-durante-la-pandemia\\\/\",\"url\":\"https:\\\/\\\/www.laguiadepamplona.com\\\/actualidad\\\/la-mesa-de-la-juventud-de-pamplona-recuerda-a-la-sociedad-la-actitud-mayoritaria-de-responsabilidad-y-civismo-en-las-personas-jovenes-durante-la-pandemia\\\/\",\"name\":\"La Mesa de la Juventud de Pamplona recuerda a la sociedad la actitud mayoritaria de responsabilidad y civismo en las personas j\u00f3venes durante la pandemia\",\"isPartOf\":{\"@id\":\"https:\\\/\\\/www.laguiadepamplona.com\\\/actualidad\\\/#website\"},\"primaryImageOfPage\":{\"@id\":\"https:\\\/\\\/www.laguiadepamplona.com\\\/actualidad\\\/la-mesa-de-la-juventud-de-pamplona-recuerda-a-la-sociedad-la-actitud-mayoritaria-de-responsabilidad-y-civismo-en-las-personas-jovenes-durante-la-pandemia\\\/#primaryimage\"},\"image\":{\"@id\":\"https:\\\/\\\/www.laguiadepamplona.com\\\/actualidad\\\/la-mesa-de-la-juventud-de-pamplona-recuerda-a-la-sociedad-la-actitud-mayoritaria-de-responsabilidad-y-civismo-en-las-personas-jovenes-durante-la-pandemia\\\/#primaryimage\"},\"thumbnailUrl\":\"https:\\\/\\\/www.laguiadepamplona.com\\\/actualidad\\\/wp-content\\\/uploads\\\/2021\\\/10\\\/mesadelajuventudee5a6024.jpg\",\"datePublished\":\"2021-10-15T10:18:46+00:00\",\"dateModified\":\"2023-04-11T09:48:52+00:00\",\"description\":\"Tras la aprobaci\u00f3n de la declaraci\u00f3n comenz\u00f3 el proceso para definir propuestas de trabajo y objetivos del III Plan de Juventud Pamplona Joven\",\"breadcrumb\":{\"@id\":\"https:\\\/\\\/www.laguiadepamplona.com\\\/actualidad\\\/la-mesa-de-la-juventud-de-pamplona-recuerda-a-la-sociedad-la-actitud-mayoritaria-de-responsabilidad-y-civismo-en-las-personas-jovenes-durante-la-pandemia\\\/#breadcrumb\"},\"inLanguage\":\"es\",\"potentialAction\":[{\"@type\":\"ReadAction\",\"target\":[\"https:\\\/\\\/www.laguiadepamplona.com\\\/actualidad\\\/la-mesa-de-la-juventud-de-pamplona-recuerda-a-la-sociedad-la-actitud-mayoritaria-de-responsabilidad-y-civismo-en-las-personas-jovenes-durante-la-pandemia\\\/\"]}]},{\"@type\":\"ImageObject\",\"inLanguage\":\"es\",\"@id\":\"https:\\\/\\\/www.laguiadepamplona.com\\\/actualidad\\\/la-mesa-de-la-juventud-de-pamplona-recuerda-a-la-sociedad-la-actitud-mayoritaria-de-responsabilidad-y-civismo-en-las-personas-jovenes-durante-la-pandemia\\\/#primaryimage\",\"url\":\"https:\\\/\\\/www.laguiadepamplona.com\\\/actualidad\\\/wp-content\\\/uploads\\\/2021\\\/10\\\/mesadelajuventudee5a6024.jpg\",\"contentUrl\":\"https:\\\/\\\/www.laguiadepamplona.com\\\/actualidad\\\/wp-content\\\/uploads\\\/2021\\\/10\\\/mesadelajuventudee5a6024.jpg\",\"width\":1920,\"height\":1282},{\"@type\":\"BreadcrumbList\",\"@id\":\"https:\\\/\\\/www.laguiadepamplona.com\\\/actualidad\\\/la-mesa-de-la-juventud-de-pamplona-recuerda-a-la-sociedad-la-actitud-mayoritaria-de-responsabilidad-y-civismo-en-las-personas-jovenes-durante-la-pandemia\\\/#breadcrumb\",\"itemListElement\":[{\"@type\":\"ListItem\",\"position\":1,\"name\":\"Portada\",\"item\":\"https:\\\/\\\/www.laguiadepamplona.com\\\/actualidad\\\/\"},{\"@type\":\"ListItem\",\"position\":2,\"name\":\"La Mesa de la Juventud de Pamplona recuerda a la sociedad la actitud mayoritaria de responsabilidad y civismo en las personas j\u00f3venes durante la pandemia\"}]},{\"@type\":\"WebSite\",\"@id\":\"https:\\\/\\\/www.laguiadepamplona.com\\\/actualidad\\\/#website\",\"url\":\"https:\\\/\\\/www.laguiadepamplona.com\\\/actualidad\\\/\",\"name\":\"La gu\u00eda de Pamplona\",\"description\":\"Noticias de Pamplona\",\"publisher\":{\"@id\":\"https:\\\/\\\/www.laguiadepamplona.com\\\/actualidad\\\/#organization\"},\"potentialAction\":[{\"@type\":\"SearchAction\",\"target\":{\"@type\":\"EntryPoint\",\"urlTemplate\":\"https:\\\/\\\/www.laguiadepamplona.com\\\/actualidad\\\/?s={search_term_string}\"},\"query-input\":{\"@type\":\"PropertyValueSpecification\",\"valueRequired\":true,\"valueName\":\"search_term_string\"}}],\"inLanguage\":\"es\"},{\"@type\":\"Organization\",\"@id\":\"https:\\\/\\\/www.laguiadepamplona.com\\\/actualidad\\\/#organization\",\"name\":\"La Gu\u00eda de Pamplona \\\/ Noticias\",\"url\":\"https:\\\/\\\/www.laguiadepamplona.com\\\/actualidad\\\/\",\"logo\":{\"@type\":\"ImageObject\",\"inLanguage\":\"es\",\"@id\":\"https:\\\/\\\/www.laguiadepamplona.com\\\/actualidad\\\/#\\\/schema\\\/logo\\\/image\\\/\",\"url\":\"https:\\\/\\\/www.laguiadepamplona.com\\\/actualidad\\\/wp-content\\\/uploads\\\/2018\\\/11\\\/logo-laguiadepamplona18-web1.png\",\"contentUrl\":\"https:\\\/\\\/www.laguiadepamplona.com\\\/actualidad\\\/wp-content\\\/uploads\\\/2018\\\/11\\\/logo-laguiadepamplona18-web1.png\",\"width\":600,\"height\":196,\"caption\":\"La Gu\u00eda de Pamplona \\\/ Noticias\"},\"image\":{\"@id\":\"https:\\\/\\\/www.laguiadepamplona.com\\\/actualidad\\\/#\\\/schema\\\/logo\\\/image\\\/\"},\"sameAs\":[\"https:\\\/\\\/www.facebook.com\\\/laguiadepamplonacom-133175176762273\\\/?ref=hl\",\"https:\\\/\\\/x.com\\\/LaGuiadPamplona\",\"https:\\\/\\\/www.instagram.com\\\/la_guia_de_pamplona\\\/\",\"https:\\\/\\\/www.youtube.com\\\/user\\\/laguiadepamplona\"]},{\"@type\":\"Person\",\"@id\":\"https:\\\/\\\/www.laguiadepamplona.com\\\/actualidad\\\/#\\\/schema\\\/person\\\/efe887376f0213d4657c93adc50b1fdb\",\"name\":\"La Gu\u00eda de Pamplona\",\"image\":{\"@type\":\"ImageObject\",\"inLanguage\":\"es\",\"@id\":\"https:\\\/\\\/secure.gravatar.com\\\/avatar\\\/b6992f131dc8d30ab0dff15446e9d346d9dbd95992de0fef795073f5ea83a81c?s=96&d=mm&r=g\",\"url\":\"https:\\\/\\\/secure.gravatar.com\\\/avatar\\\/b6992f131dc8d30ab0dff15446e9d346d9dbd95992de0fef795073f5ea83a81c?s=96&d=mm&r=g\",\"contentUrl\":\"https:\\\/\\\/secure.gravatar.com\\\/avatar\\\/b6992f131dc8d30ab0dff15446e9d346d9dbd95992de0fef795073f5ea83a81c?s=96&d=mm&r=g\",\"caption\":\"La Gu\u00eda de Pamplona\"}}]}<\/script>\n<!-- \/ Yoast SEO plugin. -->","yoast_head_json":{"title":"La Mesa de la Juventud de Pamplona recuerda a la sociedad la actitud mayoritaria de responsabilidad y civismo en las personas j\u00f3venes durante la pandemia","description":"Tras la aprobaci\u00f3n de la declaraci\u00f3n comenz\u00f3 el proceso para definir propuestas de trabajo y objetivos del III Plan de Juventud Pamplona Joven","robots":{"index":"index","follow":"follow","max-snippet":"max-snippet:-1","max-image-preview":"max-image-preview:large","max-video-preview":"max-video-preview:-1"},"canonical":"https:\/\/www.laguiadepamplona.com\/actualidad\/la-mesa-de-la-juventud-de-pamplona-recuerda-a-la-sociedad-la-actitud-mayoritaria-de-responsabilidad-y-civismo-en-las-personas-jovenes-durante-la-pandemia\/","og_locale":"es_ES","og_type":"article","og_title":"La Mesa de la Juventud de Pamplona recuerda a la sociedad la actitud mayoritaria de responsabilidad y civismo en las personas j\u00f3venes durante la pandemia","og_description":"Tras la aprobaci\u00f3n de la declaraci\u00f3n comenz\u00f3 el proceso para definir propuestas de trabajo y objetivos del III Plan de Juventud Pamplona Joven","og_url":"https:\/\/www.laguiadepamplona.com\/actualidad\/la-mesa-de-la-juventud-de-pamplona-recuerda-a-la-sociedad-la-actitud-mayoritaria-de-responsabilidad-y-civismo-en-las-personas-jovenes-durante-la-pandemia\/","og_site_name":"La Gu\u00eda de Pamplona","article_publisher":"https:\/\/www.facebook.com\/laguiadepamplonacom-133175176762273\/?ref=hl","article_published_time":"2021-10-15T10:18:46+00:00","article_modified_time":"2023-04-11T09:48:52+00:00","og_image":[{"width":1920,"height":1282,"url":"https:\/\/www.laguiadepamplona.com\/actualidad\/wp-content\/uploads\/2021\/10\/mesadelajuventudee5a6024.jpg","type":"image\/jpeg"}],"author":"La Gu\u00eda de Pamplona","twitter_card":"summary_large_image","twitter_creator":"@LaGuiadPamplona","twitter_site":"@LaGuiadPamplona","twitter_misc":{"Escrito por":"La Gu\u00eda de Pamplona","Tiempo de lectura":"2 minutos"},"schema":{"@context":"https:\/\/schema.org","@graph":[{"@type":"Article","@id":"https:\/\/www.laguiadepamplona.com\/actualidad\/la-mesa-de-la-juventud-de-pamplona-recuerda-a-la-sociedad-la-actitud-mayoritaria-de-responsabilidad-y-civismo-en-las-personas-jovenes-durante-la-pandemia\/#article","isPartOf":{"@id":"https:\/\/www.laguiadepamplona.com\/actualidad\/la-mesa-de-la-juventud-de-pamplona-recuerda-a-la-sociedad-la-actitud-mayoritaria-de-responsabilidad-y-civismo-en-las-personas-jovenes-durante-la-pandemia\/"},"author":{"name":"La Gu\u00eda de Pamplona","@id":"https:\/\/www.laguiadepamplona.com\/actualidad\/#\/schema\/person\/efe887376f0213d4657c93adc50b1fdb"},"headline":"La Mesa de la Juventud de Pamplona recuerda a la sociedad la actitud mayoritaria de responsabilidad y civismo en las personas j\u00f3venes durante la pandemia","datePublished":"2021-10-15T10:18:46+00:00","dateModified":"2023-04-11T09:48:52+00:00","mainEntityOfPage":{"@id":"https:\/\/www.laguiadepamplona.com\/actualidad\/la-mesa-de-la-juventud-de-pamplona-recuerda-a-la-sociedad-la-actitud-mayoritaria-de-responsabilidad-y-civismo-en-las-personas-jovenes-durante-la-pandemia\/"},"wordCount":500,"commentCount":0,"publisher":{"@id":"https:\/\/www.laguiadepamplona.com\/actualidad\/#organization"},"image":{"@id":"https:\/\/www.laguiadepamplona.com\/actualidad\/la-mesa-de-la-juventud-de-pamplona-recuerda-a-la-sociedad-la-actitud-mayoritaria-de-responsabilidad-y-civismo-en-las-personas-jovenes-durante-la-pandemia\/#primaryimage"},"thumbnailUrl":"https:\/\/www.laguiadepamplona.com\/actualidad\/wp-content\/uploads\/2021\/10\/mesadelajuventudee5a6024.jpg","articleSection":["Ayto Pamplona"],"inLanguage":"es","potentialAction":[{"@type":"CommentAction","name":"Comment","target":["https:\/\/www.laguiadepamplona.com\/actualidad\/la-mesa-de-la-juventud-de-pamplona-recuerda-a-la-sociedad-la-actitud-mayoritaria-de-responsabilidad-y-civismo-en-las-personas-jovenes-durante-la-pandemia\/#respond"]}]},{"@type":"WebPage","@id":"https:\/\/www.laguiadepamplona.com\/actualidad\/la-mesa-de-la-juventud-de-pamplona-recuerda-a-la-sociedad-la-actitud-mayoritaria-de-responsabilidad-y-civismo-en-las-personas-jovenes-durante-la-pandemia\/","url":"https:\/\/www.laguiadepamplona.com\/actualidad\/la-mesa-de-la-juventud-de-pamplona-recuerda-a-la-sociedad-la-actitud-mayoritaria-de-responsabilidad-y-civismo-en-las-personas-jovenes-durante-la-pandemia\/","name":"La Mesa de la Juventud de Pamplona recuerda a la sociedad la actitud mayoritaria de responsabilidad y civismo en las personas j\u00f3venes durante la pandemia","isPartOf":{"@id":"https:\/\/www.laguiadepamplona.com\/actualidad\/#website"},"primaryImageOfPage":{"@id":"https:\/\/www.laguiadepamplona.com\/actualidad\/la-mesa-de-la-juventud-de-pamplona-recuerda-a-la-sociedad-la-actitud-mayoritaria-de-responsabilidad-y-civismo-en-las-personas-jovenes-durante-la-pandemia\/#primaryimage"},"image":{"@id":"https:\/\/www.laguiadepamplona.com\/actualidad\/la-mesa-de-la-juventud-de-pamplona-recuerda-a-la-sociedad-la-actitud-mayoritaria-de-responsabilidad-y-civismo-en-las-personas-jovenes-durante-la-pandemia\/#primaryimage"},"thumbnailUrl":"https:\/\/www.laguiadepamplona.com\/actualidad\/wp-content\/uploads\/2021\/10\/mesadelajuventudee5a6024.jpg","datePublished":"2021-10-15T10:18:46+00:00","dateModified":"2023-04-11T09:48:52+00:00","description":"Tras la aprobaci\u00f3n de la declaraci\u00f3n comenz\u00f3 el proceso para definir propuestas de trabajo y objetivos del III Plan de Juventud Pamplona Joven","breadcrumb":{"@id":"https:\/\/www.laguiadepamplona.com\/actualidad\/la-mesa-de-la-juventud-de-pamplona-recuerda-a-la-sociedad-la-actitud-mayoritaria-de-responsabilidad-y-civismo-en-las-personas-jovenes-durante-la-pandemia\/#breadcrumb"},"inLanguage":"es","potentialAction":[{"@type":"ReadAction","target":["https:\/\/www.laguiadepamplona.com\/actualidad\/la-mesa-de-la-juventud-de-pamplona-recuerda-a-la-sociedad-la-actitud-mayoritaria-de-responsabilidad-y-civismo-en-las-personas-jovenes-durante-la-pandemia\/"]}]},{"@type":"ImageObject","inLanguage":"es","@id":"https:\/\/www.laguiadepamplona.com\/actualidad\/la-mesa-de-la-juventud-de-pamplona-recuerda-a-la-sociedad-la-actitud-mayoritaria-de-responsabilidad-y-civismo-en-las-personas-jovenes-durante-la-pandemia\/#primaryimage","url":"https:\/\/www.laguiadepamplona.com\/actualidad\/wp-content\/uploads\/2021\/10\/mesadelajuventudee5a6024.jpg","contentUrl":"https:\/\/www.laguiadepamplona.com\/actualidad\/wp-content\/uploads\/2021\/10\/mesadelajuventudee5a6024.jpg","width":1920,"height":1282},{"@type":"BreadcrumbList","@id":"https:\/\/www.laguiadepamplona.com\/actualidad\/la-mesa-de-la-juventud-de-pamplona-recuerda-a-la-sociedad-la-actitud-mayoritaria-de-responsabilidad-y-civismo-en-las-personas-jovenes-durante-la-pandemia\/#breadcrumb","itemListElement":[{"@type":"ListItem","position":1,"name":"Portada","item":"https:\/\/www.laguiadepamplona.com\/actualidad\/"},{"@type":"ListItem","position":2,"name":"La Mesa de la Juventud de Pamplona recuerda a la sociedad la actitud mayoritaria de responsabilidad y civismo en las personas j\u00f3venes durante la pandemia"}]},{"@type":"WebSite","@id":"https:\/\/www.laguiadepamplona.com\/actualidad\/#website","url":"https:\/\/www.laguiadepamplona.com\/actualidad\/","name":"La gu\u00eda de Pamplona","description":"Noticias de Pamplona","publisher":{"@id":"https:\/\/www.laguiadepamplona.com\/actualidad\/#organization"},"potentialAction":[{"@type":"SearchAction","target":{"@type":"EntryPoint","urlTemplate":"https:\/\/www.laguiadepamplona.com\/actualidad\/?s={search_term_string}"},"query-input":{"@type":"PropertyValueSpecification","valueRequired":true,"valueName":"search_term_string"}}],"inLanguage":"es"},{"@type":"Organization","@id":"https:\/\/www.laguiadepamplona.com\/actualidad\/#organization","name":"La Gu\u00eda de Pamplona \/ Noticias","url":"https:\/\/www.laguiadepamplona.com\/actualidad\/","logo":{"@type":"ImageObject","inLanguage":"es","@id":"https:\/\/www.laguiadepamplona.com\/actualidad\/#\/schema\/logo\/image\/","url":"https:\/\/www.laguiadepamplona.com\/actualidad\/wp-content\/uploads\/2018\/11\/logo-laguiadepamplona18-web1.png","contentUrl":"https:\/\/www.laguiadepamplona.com\/actualidad\/wp-content\/uploads\/2018\/11\/logo-laguiadepamplona18-web1.png","width":600,"height":196,"caption":"La Gu\u00eda de Pamplona \/ Noticias"},"image":{"@id":"https:\/\/www.laguiadepamplona.com\/actualidad\/#\/schema\/logo\/image\/"},"sameAs":["https:\/\/www.facebook.com\/laguiadepamplonacom-133175176762273\/?ref=hl","https:\/\/x.com\/LaGuiadPamplona","https:\/\/www.instagram.com\/la_guia_de_pamplona\/","https:\/\/www.youtube.com\/user\/laguiadepamplona"]},{"@type":"Person","@id":"https:\/\/www.laguiadepamplona.com\/actualidad\/#\/schema\/person\/efe887376f0213d4657c93adc50b1fdb","name":"La Gu\u00eda de Pamplona","image":{"@type":"ImageObject","inLanguage":"es","@id":"https:\/\/secure.gravatar.com\/avatar\/b6992f131dc8d30ab0dff15446e9d346d9dbd95992de0fef795073f5ea83a81c?s=96&d=mm&r=g","url":"https:\/\/secure.gravatar.com\/avatar\/b6992f131dc8d30ab0dff15446e9d346d9dbd95992de0fef795073f5ea83a81c?s=96&d=mm&r=g","contentUrl":"https:\/\/secure.gravatar.com\/avatar\/b6992f131dc8d30ab0dff15446e9d346d9dbd95992de0fef795073f5ea83a81c?s=96&d=mm&r=g","caption":"La Gu\u00eda de Pamplona"}}]}},"post_mailing_queue_ids":[],"_links":{"self":[{"href":"https:\/\/www.laguiadepamplona.com\/actualidad\/wp-json\/wp\/v2\/posts\/37026","targetHints":{"allow":["GET"]}}],"collection":[{"href":"https:\/\/www.laguiadepamplona.com\/actualidad\/wp-json\/wp\/v2\/posts"}],"about":[{"href":"https:\/\/www.laguiadepamplona.com\/actualidad\/wp-json\/wp\/v2\/types\/post"}],"author":[{"embeddable":true,"href":"https:\/\/www.laguiadepamplona.com\/actualidad\/wp-json\/wp\/v2\/users\/1"}],"replies":[{"embeddable":true,"href":"https:\/\/www.laguiadepamplona.com\/actualidad\/wp-json\/wp\/v2\/comments?post=37026"}],"version-history":[{"count":0,"href":"https:\/\/www.laguiadepamplona.com\/actualidad\/wp-json\/wp\/v2\/posts\/37026\/revisions"}],"wp:featuredmedia":[{"embeddable":true,"href":"https:\/\/www.laguiadepamplona.com\/actualidad\/wp-json\/wp\/v2\/media\/37027"}],"wp:attachment":[{"href":"https:\/\/www.laguiadepamplona.com\/actualidad\/wp-json\/wp\/v2\/media?parent=37026"}],"wp:term":[{"taxonomy":"category","embeddable":true,"href":"https:\/\/www.laguiadepamplona.com\/actualidad\/wp-json\/wp\/v2\/categories?post=37026"},{"taxonomy":"post_tag","embeddable":true,"href":"https:\/\/www.laguiadepamplona.com\/actualidad\/wp-json\/wp\/v2\/tags?post=37026"}],"curies":[{"name":"wp","href":"https:\/\/api.w.org\/{rel}","templated":true}]}}