{"id":37017,"date":"2021-10-15T12:08:21","date_gmt":"2021-10-15T10:08:21","guid":{"rendered":"https:\/\/www.laguiadepamplona.com\/actualidad\/?p=37017"},"modified":"2023-04-11T11:48:52","modified_gmt":"2023-04-11T09:48:52","slug":"el-parque-de-yamaguchi-contara-con-un-aseo-autolimpiable-frente-al-planetario-antes-de-que-acabe-el-ano","status":"publish","type":"post","link":"https:\/\/www.laguiadepamplona.com\/actualidad\/el-parque-de-yamaguchi-contara-con-un-aseo-autolimpiable-frente-al-planetario-antes-de-que-acabe-el-ano\/","title":{"rendered":"El parque de Yamaguchi contar\u00e1 con un aseo autolimpiable frente al Planetario antes de que acabe el a\u00f1o"},"content":{"rendered":"<h5>La Junta de Gobierno Local ha aprobado el contrato para su instalaci\u00f3n, con un presupuesto de 46.232 euros<\/h5>\n<p><!--more--><\/p>\n<p>El Ayuntamiento de Pamplona va a instalar, antes de que acabe el a\u00f1o, un aseo autolimpiable en el parque de Yamaguchi, que se ubicar\u00e1 frente al Planetario, junto a la zona de juegos infantiles. La Junta de Gobierno Local ha aprobado esta ma\u00f1ana la adjudicaci\u00f3n del contrato por un importe total de 46.232 euros. Incluye el suministro, la instalaci\u00f3n, la puesta en marcha y la realizaci\u00f3n del mantenimiento preventivo correspondiente al periodo de garant\u00eda.<\/p>\n<p><script async src=\"\/\/pagead2.googlesyndication.com\/pagead\/js\/adsbygoogle.js\"><\/script><br \/>\n<!-- Noticias La Guia de Pamplona --><br \/>\n<ins class=\"adsbygoogle\"\nstyle=\"display:block\"\ndata-ad-client=\"ca-pub-6943679897239327\"\ndata-ad-slot=\"7048180777\"\ndata-ad-format=\"auto\"><\/ins><br \/>\n<script>\n(adsbygoogle = window.adsbygoogle || []).push({});\n<\/script><\/p>\n<p>El m\u00f3dulo del aseo autolimpiable contar\u00e1 con tres partes diferenciadas: una cabina de aseo, urinarios exteriores y una zona t\u00e9cnica de control de funcionamiento. Va estar fabricado en hormig\u00f3n armado, con revestimientos interiores y exteriores realizados con materiales de f\u00e1cil limpieza, resistentes a abrasiones y con tratamiento antigrafo.<\/p>\n<p>Su funcionamiento se regular\u00e1 por una c\u00e9lula de detecci\u00f3n de presencia. El dimensionado de la puerta de acceso e interior de la cabina de aseo ser\u00e1 apto para utilizaci\u00f3n mixta y personas discapacitadas ajust\u00e1ndose a la normativa vigente. Los urinarios exteriores contar\u00e1n con dos plazas con un separador vertical entre ellas.<\/p>\n<p><script async src=\"\/\/pagead2.googlesyndication.com\/pagead\/js\/adsbygoogle.js\"><\/script><br \/>\n<!-- Noticias La Guia de Pamplona --><br \/>\n<ins class=\"adsbygoogle\"\nstyle=\"display:block\"\ndata-ad-client=\"ca-pub-6943679897239327\"\ndata-ad-slot=\"7048180777\"\ndata-ad-format=\"auto\"><\/ins><br \/>\n<script>\n(adsbygoogle = window.adsbygoogle || []).push({});\n<\/script><\/p>\n<p>El contrato no incluye la obra civil necesaria para realizar las acometidas hasta las conexiones con las redes de abastecimiento. Estos trabajos son ejecutados por el Ayuntamiento de Pamplona, siguiendo las instrucciones detalladas por parte de la empresa adjudicataria del suministro del aseo. Durante el periodo de garant\u00eda, la adjudicataria realizar\u00e1 el mantenimiento preventivo de la instalaci\u00f3n, que incluye una visita trimestral para garantizar el correcto uso del aseo conforme a las condiciones de suministro.<\/p>\n","protected":false},"excerpt":{"rendered":"<p>La Junta de Gobierno Local ha aprobado el contrato para su instalaci\u00f3n, con un presupuesto de 46.232 euros<\/p>\n","protected":false},"author":1,"featured_media":36371,"comment_status":"open","ping_status":"closed","sticky":false,"template":"","format":"standard","meta":{"footnotes":""},"categories":[2],"tags":[],"class_list":["post-37017","post","type-post","status-publish","format-standard","has-post-thumbnail","hentry","category-ayuntamiento-pamplona"],"yoast_head":"<!-- This site is optimized with the Yoast SEO plugin v27.5 - https:\/\/yoast.com\/product\/yoast-seo-wordpress\/ -->\n<title>El parque de Yamaguchi contar\u00e1 con un aseo autolimpiable frente al Planetario antes de que acabe el a\u00f1o<\/title>\n<meta name=\"description\" content=\"La Junta de Gobierno Local ha aprobado el contrato para su instalaci\u00f3n, con un presupuesto de 46.232 euros\" \/>\n<meta name=\"robots\" content=\"index, follow, max-snippet:-1, max-image-preview:large, max-video-preview:-1\" \/>\n<link rel=\"canonical\" href=\"https:\/\/www.laguiadepamplona.com\/actualidad\/el-parque-de-yamaguchi-contara-con-un-aseo-autolimpiable-frente-al-planetario-antes-de-que-acabe-el-ano\/\" \/>\n<meta property=\"og:locale\" content=\"es_ES\" \/>\n<meta property=\"og:type\" content=\"article\" \/>\n<meta property=\"og:title\" content=\"El parque de Yamaguchi contar\u00e1 con un aseo autolimpiable frente al Planetario antes de que acabe el a\u00f1o\" \/>\n<meta property=\"og:description\" content=\"La Junta de Gobierno Local ha aprobado el contrato para su instalaci\u00f3n, con un presupuesto de 46.232 euros\" \/>\n<meta property=\"og:url\" content=\"https:\/\/www.laguiadepamplona.com\/actualidad\/el-parque-de-yamaguchi-contara-con-un-aseo-autolimpiable-frente-al-planetario-antes-de-que-acabe-el-ano\/\" \/>\n<meta property=\"og:site_name\" content=\"La Gu\u00eda de Pamplona\" \/>\n<meta property=\"article:publisher\" content=\"https:\/\/www.facebook.com\/laguiadepamplonacom-133175176762273\/?ref=hl\" \/>\n<meta property=\"article:published_time\" content=\"2021-10-15T10:08:21+00:00\" \/>\n<meta property=\"article:modified_time\" content=\"2023-04-11T09:48:52+00:00\" \/>\n<meta property=\"og:image\" content=\"https:\/\/www.laguiadepamplona.com\/actualidad\/wp-content\/uploads\/2021\/09\/banos-publicos-aseos-autolimpiables_0.jpg\" \/>\n\t<meta property=\"og:image:width\" content=\"1514\" \/>\n\t<meta property=\"og:image:height\" content=\"1136\" \/>\n\t<meta property=\"og:image:type\" content=\"image\/jpeg\" \/>\n<meta name=\"author\" content=\"La Gu\u00eda de Pamplona\" \/>\n<meta name=\"twitter:card\" content=\"summary_large_image\" \/>\n<meta name=\"twitter:creator\" content=\"@LaGuiadPamplona\" \/>\n<meta name=\"twitter:site\" content=\"@LaGuiadPamplona\" \/>\n<meta name=\"twitter:label1\" content=\"Escrito por\" \/>\n\t<meta name=\"twitter:data1\" content=\"La Gu\u00eda de Pamplona\" \/>\n\t<meta name=\"twitter:label2\" content=\"Tiempo de lectura\" \/>\n\t<meta name=\"twitter:data2\" content=\"2 minutos\" \/>\n<script type=\"application\/ld+json\" class=\"yoast-schema-graph\">{\"@context\":\"https:\\\/\\\/schema.org\",\"@graph\":[{\"@type\":\"Article\",\"@id\":\"https:\\\/\\\/www.laguiadepamplona.com\\\/actualidad\\\/el-parque-de-yamaguchi-contara-con-un-aseo-autolimpiable-frente-al-planetario-antes-de-que-acabe-el-ano\\\/#article\",\"isPartOf\":{\"@id\":\"https:\\\/\\\/www.laguiadepamplona.com\\\/actualidad\\\/el-parque-de-yamaguchi-contara-con-un-aseo-autolimpiable-frente-al-planetario-antes-de-que-acabe-el-ano\\\/\"},\"author\":{\"name\":\"La Gu\u00eda de Pamplona\",\"@id\":\"https:\\\/\\\/www.laguiadepamplona.com\\\/actualidad\\\/#\\\/schema\\\/person\\\/efe887376f0213d4657c93adc50b1fdb\"},\"headline\":\"El parque de Yamaguchi contar\u00e1 con un aseo autolimpiable frente al Planetario antes de que acabe el a\u00f1o\",\"datePublished\":\"2021-10-15T10:08:21+00:00\",\"dateModified\":\"2023-04-11T09:48:52+00:00\",\"mainEntityOfPage\":{\"@id\":\"https:\\\/\\\/www.laguiadepamplona.com\\\/actualidad\\\/el-parque-de-yamaguchi-contara-con-un-aseo-autolimpiable-frente-al-planetario-antes-de-que-acabe-el-ano\\\/\"},\"wordCount\":301,\"commentCount\":0,\"publisher\":{\"@id\":\"https:\\\/\\\/www.laguiadepamplona.com\\\/actualidad\\\/#organization\"},\"image\":{\"@id\":\"https:\\\/\\\/www.laguiadepamplona.com\\\/actualidad\\\/el-parque-de-yamaguchi-contara-con-un-aseo-autolimpiable-frente-al-planetario-antes-de-que-acabe-el-ano\\\/#primaryimage\"},\"thumbnailUrl\":\"https:\\\/\\\/www.laguiadepamplona.com\\\/actualidad\\\/wp-content\\\/uploads\\\/2021\\\/09\\\/banos-publicos-aseos-autolimpiables_0.jpg\",\"articleSection\":[\"Ayto Pamplona\"],\"inLanguage\":\"es\",\"potentialAction\":[{\"@type\":\"CommentAction\",\"name\":\"Comment\",\"target\":[\"https:\\\/\\\/www.laguiadepamplona.com\\\/actualidad\\\/el-parque-de-yamaguchi-contara-con-un-aseo-autolimpiable-frente-al-planetario-antes-de-que-acabe-el-ano\\\/#respond\"]}]},{\"@type\":\"WebPage\",\"@id\":\"https:\\\/\\\/www.laguiadepamplona.com\\\/actualidad\\\/el-parque-de-yamaguchi-contara-con-un-aseo-autolimpiable-frente-al-planetario-antes-de-que-acabe-el-ano\\\/\",\"url\":\"https:\\\/\\\/www.laguiadepamplona.com\\\/actualidad\\\/el-parque-de-yamaguchi-contara-con-un-aseo-autolimpiable-frente-al-planetario-antes-de-que-acabe-el-ano\\\/\",\"name\":\"El parque de Yamaguchi contar\u00e1 con un aseo autolimpiable frente al Planetario antes de que acabe el a\u00f1o\",\"isPartOf\":{\"@id\":\"https:\\\/\\\/www.laguiadepamplona.com\\\/actualidad\\\/#website\"},\"primaryImageOfPage\":{\"@id\":\"https:\\\/\\\/www.laguiadepamplona.com\\\/actualidad\\\/el-parque-de-yamaguchi-contara-con-un-aseo-autolimpiable-frente-al-planetario-antes-de-que-acabe-el-ano\\\/#primaryimage\"},\"image\":{\"@id\":\"https:\\\/\\\/www.laguiadepamplona.com\\\/actualidad\\\/el-parque-de-yamaguchi-contara-con-un-aseo-autolimpiable-frente-al-planetario-antes-de-que-acabe-el-ano\\\/#primaryimage\"},\"thumbnailUrl\":\"https:\\\/\\\/www.laguiadepamplona.com\\\/actualidad\\\/wp-content\\\/uploads\\\/2021\\\/09\\\/banos-publicos-aseos-autolimpiables_0.jpg\",\"datePublished\":\"2021-10-15T10:08:21+00:00\",\"dateModified\":\"2023-04-11T09:48:52+00:00\",\"description\":\"La Junta de Gobierno Local ha aprobado el contrato para su instalaci\u00f3n, con un presupuesto de 46.232 euros\",\"breadcrumb\":{\"@id\":\"https:\\\/\\\/www.laguiadepamplona.com\\\/actualidad\\\/el-parque-de-yamaguchi-contara-con-un-aseo-autolimpiable-frente-al-planetario-antes-de-que-acabe-el-ano\\\/#breadcrumb\"},\"inLanguage\":\"es\",\"potentialAction\":[{\"@type\":\"ReadAction\",\"target\":[\"https:\\\/\\\/www.laguiadepamplona.com\\\/actualidad\\\/el-parque-de-yamaguchi-contara-con-un-aseo-autolimpiable-frente-al-planetario-antes-de-que-acabe-el-ano\\\/\"]}]},{\"@type\":\"ImageObject\",\"inLanguage\":\"es\",\"@id\":\"https:\\\/\\\/www.laguiadepamplona.com\\\/actualidad\\\/el-parque-de-yamaguchi-contara-con-un-aseo-autolimpiable-frente-al-planetario-antes-de-que-acabe-el-ano\\\/#primaryimage\",\"url\":\"https:\\\/\\\/www.laguiadepamplona.com\\\/actualidad\\\/wp-content\\\/uploads\\\/2021\\\/09\\\/banos-publicos-aseos-autolimpiables_0.jpg\",\"contentUrl\":\"https:\\\/\\\/www.laguiadepamplona.com\\\/actualidad\\\/wp-content\\\/uploads\\\/2021\\\/09\\\/banos-publicos-aseos-autolimpiables_0.jpg\",\"width\":1514,\"height\":1136,\"caption\":\"aseos autolimpiables\"},{\"@type\":\"BreadcrumbList\",\"@id\":\"https:\\\/\\\/www.laguiadepamplona.com\\\/actualidad\\\/el-parque-de-yamaguchi-contara-con-un-aseo-autolimpiable-frente-al-planetario-antes-de-que-acabe-el-ano\\\/#breadcrumb\",\"itemListElement\":[{\"@type\":\"ListItem\",\"position\":1,\"name\":\"Portada\",\"item\":\"https:\\\/\\\/www.laguiadepamplona.com\\\/actualidad\\\/\"},{\"@type\":\"ListItem\",\"position\":2,\"name\":\"El parque de Yamaguchi contar\u00e1 con un aseo autolimpiable frente al Planetario antes de que acabe el a\u00f1o\"}]},{\"@type\":\"WebSite\",\"@id\":\"https:\\\/\\\/www.laguiadepamplona.com\\\/actualidad\\\/#website\",\"url\":\"https:\\\/\\\/www.laguiadepamplona.com\\\/actualidad\\\/\",\"name\":\"La gu\u00eda de Pamplona\",\"description\":\"Noticias de Pamplona\",\"publisher\":{\"@id\":\"https:\\\/\\\/www.laguiadepamplona.com\\\/actualidad\\\/#organization\"},\"potentialAction\":[{\"@type\":\"SearchAction\",\"target\":{\"@type\":\"EntryPoint\",\"urlTemplate\":\"https:\\\/\\\/www.laguiadepamplona.com\\\/actualidad\\\/?s={search_term_string}\"},\"query-input\":{\"@type\":\"PropertyValueSpecification\",\"valueRequired\":true,\"valueName\":\"search_term_string\"}}],\"inLanguage\":\"es\"},{\"@type\":\"Organization\",\"@id\":\"https:\\\/\\\/www.laguiadepamplona.com\\\/actualidad\\\/#organization\",\"name\":\"La Gu\u00eda de Pamplona \\\/ Noticias\",\"url\":\"https:\\\/\\\/www.laguiadepamplona.com\\\/actualidad\\\/\",\"logo\":{\"@type\":\"ImageObject\",\"inLanguage\":\"es\",\"@id\":\"https:\\\/\\\/www.laguiadepamplona.com\\\/actualidad\\\/#\\\/schema\\\/logo\\\/image\\\/\",\"url\":\"https:\\\/\\\/www.laguiadepamplona.com\\\/actualidad\\\/wp-content\\\/uploads\\\/2018\\\/11\\\/logo-laguiadepamplona18-web1.png\",\"contentUrl\":\"https:\\\/\\\/www.laguiadepamplona.com\\\/actualidad\\\/wp-content\\\/uploads\\\/2018\\\/11\\\/logo-laguiadepamplona18-web1.png\",\"width\":600,\"height\":196,\"caption\":\"La Gu\u00eda de Pamplona \\\/ Noticias\"},\"image\":{\"@id\":\"https:\\\/\\\/www.laguiadepamplona.com\\\/actualidad\\\/#\\\/schema\\\/logo\\\/image\\\/\"},\"sameAs\":[\"https:\\\/\\\/www.facebook.com\\\/laguiadepamplonacom-133175176762273\\\/?ref=hl\",\"https:\\\/\\\/x.com\\\/LaGuiadPamplona\",\"https:\\\/\\\/www.instagram.com\\\/la_guia_de_pamplona\\\/\",\"https:\\\/\\\/www.youtube.com\\\/user\\\/laguiadepamplona\"]},{\"@type\":\"Person\",\"@id\":\"https:\\\/\\\/www.laguiadepamplona.com\\\/actualidad\\\/#\\\/schema\\\/person\\\/efe887376f0213d4657c93adc50b1fdb\",\"name\":\"La Gu\u00eda de Pamplona\",\"image\":{\"@type\":\"ImageObject\",\"inLanguage\":\"es\",\"@id\":\"https:\\\/\\\/secure.gravatar.com\\\/avatar\\\/b6992f131dc8d30ab0dff15446e9d346d9dbd95992de0fef795073f5ea83a81c?s=96&d=mm&r=g\",\"url\":\"https:\\\/\\\/secure.gravatar.com\\\/avatar\\\/b6992f131dc8d30ab0dff15446e9d346d9dbd95992de0fef795073f5ea83a81c?s=96&d=mm&r=g\",\"contentUrl\":\"https:\\\/\\\/secure.gravatar.com\\\/avatar\\\/b6992f131dc8d30ab0dff15446e9d346d9dbd95992de0fef795073f5ea83a81c?s=96&d=mm&r=g\",\"caption\":\"La Gu\u00eda de Pamplona\"}}]}<\/script>\n<!-- \/ Yoast SEO plugin. -->","yoast_head_json":{"title":"El parque de Yamaguchi contar\u00e1 con un aseo autolimpiable frente al Planetario antes de que acabe el a\u00f1o","description":"La Junta de Gobierno Local ha aprobado el contrato para su instalaci\u00f3n, con un presupuesto de 46.232 euros","robots":{"index":"index","follow":"follow","max-snippet":"max-snippet:-1","max-image-preview":"max-image-preview:large","max-video-preview":"max-video-preview:-1"},"canonical":"https:\/\/www.laguiadepamplona.com\/actualidad\/el-parque-de-yamaguchi-contara-con-un-aseo-autolimpiable-frente-al-planetario-antes-de-que-acabe-el-ano\/","og_locale":"es_ES","og_type":"article","og_title":"El parque de Yamaguchi contar\u00e1 con un aseo autolimpiable frente al Planetario antes de que acabe el a\u00f1o","og_description":"La Junta de Gobierno Local ha aprobado el contrato para su instalaci\u00f3n, con un presupuesto de 46.232 euros","og_url":"https:\/\/www.laguiadepamplona.com\/actualidad\/el-parque-de-yamaguchi-contara-con-un-aseo-autolimpiable-frente-al-planetario-antes-de-que-acabe-el-ano\/","og_site_name":"La Gu\u00eda de Pamplona","article_publisher":"https:\/\/www.facebook.com\/laguiadepamplonacom-133175176762273\/?ref=hl","article_published_time":"2021-10-15T10:08:21+00:00","article_modified_time":"2023-04-11T09:48:52+00:00","og_image":[{"width":1514,"height":1136,"url":"https:\/\/www.laguiadepamplona.com\/actualidad\/wp-content\/uploads\/2021\/09\/banos-publicos-aseos-autolimpiables_0.jpg","type":"image\/jpeg"}],"author":"La Gu\u00eda de Pamplona","twitter_card":"summary_large_image","twitter_creator":"@LaGuiadPamplona","twitter_site":"@LaGuiadPamplona","twitter_misc":{"Escrito por":"La Gu\u00eda de Pamplona","Tiempo de lectura":"2 minutos"},"schema":{"@context":"https:\/\/schema.org","@graph":[{"@type":"Article","@id":"https:\/\/www.laguiadepamplona.com\/actualidad\/el-parque-de-yamaguchi-contara-con-un-aseo-autolimpiable-frente-al-planetario-antes-de-que-acabe-el-ano\/#article","isPartOf":{"@id":"https:\/\/www.laguiadepamplona.com\/actualidad\/el-parque-de-yamaguchi-contara-con-un-aseo-autolimpiable-frente-al-planetario-antes-de-que-acabe-el-ano\/"},"author":{"name":"La Gu\u00eda de Pamplona","@id":"https:\/\/www.laguiadepamplona.com\/actualidad\/#\/schema\/person\/efe887376f0213d4657c93adc50b1fdb"},"headline":"El parque de Yamaguchi contar\u00e1 con un aseo autolimpiable frente al Planetario antes de que acabe el a\u00f1o","datePublished":"2021-10-15T10:08:21+00:00","dateModified":"2023-04-11T09:48:52+00:00","mainEntityOfPage":{"@id":"https:\/\/www.laguiadepamplona.com\/actualidad\/el-parque-de-yamaguchi-contara-con-un-aseo-autolimpiable-frente-al-planetario-antes-de-que-acabe-el-ano\/"},"wordCount":301,"commentCount":0,"publisher":{"@id":"https:\/\/www.laguiadepamplona.com\/actualidad\/#organization"},"image":{"@id":"https:\/\/www.laguiadepamplona.com\/actualidad\/el-parque-de-yamaguchi-contara-con-un-aseo-autolimpiable-frente-al-planetario-antes-de-que-acabe-el-ano\/#primaryimage"},"thumbnailUrl":"https:\/\/www.laguiadepamplona.com\/actualidad\/wp-content\/uploads\/2021\/09\/banos-publicos-aseos-autolimpiables_0.jpg","articleSection":["Ayto Pamplona"],"inLanguage":"es","potentialAction":[{"@type":"CommentAction","name":"Comment","target":["https:\/\/www.laguiadepamplona.com\/actualidad\/el-parque-de-yamaguchi-contara-con-un-aseo-autolimpiable-frente-al-planetario-antes-de-que-acabe-el-ano\/#respond"]}]},{"@type":"WebPage","@id":"https:\/\/www.laguiadepamplona.com\/actualidad\/el-parque-de-yamaguchi-contara-con-un-aseo-autolimpiable-frente-al-planetario-antes-de-que-acabe-el-ano\/","url":"https:\/\/www.laguiadepamplona.com\/actualidad\/el-parque-de-yamaguchi-contara-con-un-aseo-autolimpiable-frente-al-planetario-antes-de-que-acabe-el-ano\/","name":"El parque de Yamaguchi contar\u00e1 con un aseo autolimpiable frente al Planetario antes de que acabe el a\u00f1o","isPartOf":{"@id":"https:\/\/www.laguiadepamplona.com\/actualidad\/#website"},"primaryImageOfPage":{"@id":"https:\/\/www.laguiadepamplona.com\/actualidad\/el-parque-de-yamaguchi-contara-con-un-aseo-autolimpiable-frente-al-planetario-antes-de-que-acabe-el-ano\/#primaryimage"},"image":{"@id":"https:\/\/www.laguiadepamplona.com\/actualidad\/el-parque-de-yamaguchi-contara-con-un-aseo-autolimpiable-frente-al-planetario-antes-de-que-acabe-el-ano\/#primaryimage"},"thumbnailUrl":"https:\/\/www.laguiadepamplona.com\/actualidad\/wp-content\/uploads\/2021\/09\/banos-publicos-aseos-autolimpiables_0.jpg","datePublished":"2021-10-15T10:08:21+00:00","dateModified":"2023-04-11T09:48:52+00:00","description":"La Junta de Gobierno Local ha aprobado el contrato para su instalaci\u00f3n, con un presupuesto de 46.232 euros","breadcrumb":{"@id":"https:\/\/www.laguiadepamplona.com\/actualidad\/el-parque-de-yamaguchi-contara-con-un-aseo-autolimpiable-frente-al-planetario-antes-de-que-acabe-el-ano\/#breadcrumb"},"inLanguage":"es","potentialAction":[{"@type":"ReadAction","target":["https:\/\/www.laguiadepamplona.com\/actualidad\/el-parque-de-yamaguchi-contara-con-un-aseo-autolimpiable-frente-al-planetario-antes-de-que-acabe-el-ano\/"]}]},{"@type":"ImageObject","inLanguage":"es","@id":"https:\/\/www.laguiadepamplona.com\/actualidad\/el-parque-de-yamaguchi-contara-con-un-aseo-autolimpiable-frente-al-planetario-antes-de-que-acabe-el-ano\/#primaryimage","url":"https:\/\/www.laguiadepamplona.com\/actualidad\/wp-content\/uploads\/2021\/09\/banos-publicos-aseos-autolimpiables_0.jpg","contentUrl":"https:\/\/www.laguiadepamplona.com\/actualidad\/wp-content\/uploads\/2021\/09\/banos-publicos-aseos-autolimpiables_0.jpg","width":1514,"height":1136,"caption":"aseos autolimpiables"},{"@type":"BreadcrumbList","@id":"https:\/\/www.laguiadepamplona.com\/actualidad\/el-parque-de-yamaguchi-contara-con-un-aseo-autolimpiable-frente-al-planetario-antes-de-que-acabe-el-ano\/#breadcrumb","itemListElement":[{"@type":"ListItem","position":1,"name":"Portada","item":"https:\/\/www.laguiadepamplona.com\/actualidad\/"},{"@type":"ListItem","position":2,"name":"El parque de Yamaguchi contar\u00e1 con un aseo autolimpiable frente al Planetario antes de que acabe el a\u00f1o"}]},{"@type":"WebSite","@id":"https:\/\/www.laguiadepamplona.com\/actualidad\/#website","url":"https:\/\/www.laguiadepamplona.com\/actualidad\/","name":"La gu\u00eda de Pamplona","description":"Noticias de Pamplona","publisher":{"@id":"https:\/\/www.laguiadepamplona.com\/actualidad\/#organization"},"potentialAction":[{"@type":"SearchAction","target":{"@type":"EntryPoint","urlTemplate":"https:\/\/www.laguiadepamplona.com\/actualidad\/?s={search_term_string}"},"query-input":{"@type":"PropertyValueSpecification","valueRequired":true,"valueName":"search_term_string"}}],"inLanguage":"es"},{"@type":"Organization","@id":"https:\/\/www.laguiadepamplona.com\/actualidad\/#organization","name":"La Gu\u00eda de Pamplona \/ Noticias","url":"https:\/\/www.laguiadepamplona.com\/actualidad\/","logo":{"@type":"ImageObject","inLanguage":"es","@id":"https:\/\/www.laguiadepamplona.com\/actualidad\/#\/schema\/logo\/image\/","url":"https:\/\/www.laguiadepamplona.com\/actualidad\/wp-content\/uploads\/2018\/11\/logo-laguiadepamplona18-web1.png","contentUrl":"https:\/\/www.laguiadepamplona.com\/actualidad\/wp-content\/uploads\/2018\/11\/logo-laguiadepamplona18-web1.png","width":600,"height":196,"caption":"La Gu\u00eda de Pamplona \/ Noticias"},"image":{"@id":"https:\/\/www.laguiadepamplona.com\/actualidad\/#\/schema\/logo\/image\/"},"sameAs":["https:\/\/www.facebook.com\/laguiadepamplonacom-133175176762273\/?ref=hl","https:\/\/x.com\/LaGuiadPamplona","https:\/\/www.instagram.com\/la_guia_de_pamplona\/","https:\/\/www.youtube.com\/user\/laguiadepamplona"]},{"@type":"Person","@id":"https:\/\/www.laguiadepamplona.com\/actualidad\/#\/schema\/person\/efe887376f0213d4657c93adc50b1fdb","name":"La Gu\u00eda de Pamplona","image":{"@type":"ImageObject","inLanguage":"es","@id":"https:\/\/secure.gravatar.com\/avatar\/b6992f131dc8d30ab0dff15446e9d346d9dbd95992de0fef795073f5ea83a81c?s=96&d=mm&r=g","url":"https:\/\/secure.gravatar.com\/avatar\/b6992f131dc8d30ab0dff15446e9d346d9dbd95992de0fef795073f5ea83a81c?s=96&d=mm&r=g","contentUrl":"https:\/\/secure.gravatar.com\/avatar\/b6992f131dc8d30ab0dff15446e9d346d9dbd95992de0fef795073f5ea83a81c?s=96&d=mm&r=g","caption":"La Gu\u00eda de Pamplona"}}]}},"post_mailing_queue_ids":[],"_links":{"self":[{"href":"https:\/\/www.laguiadepamplona.com\/actualidad\/wp-json\/wp\/v2\/posts\/37017","targetHints":{"allow":["GET"]}}],"collection":[{"href":"https:\/\/www.laguiadepamplona.com\/actualidad\/wp-json\/wp\/v2\/posts"}],"about":[{"href":"https:\/\/www.laguiadepamplona.com\/actualidad\/wp-json\/wp\/v2\/types\/post"}],"author":[{"embeddable":true,"href":"https:\/\/www.laguiadepamplona.com\/actualidad\/wp-json\/wp\/v2\/users\/1"}],"replies":[{"embeddable":true,"href":"https:\/\/www.laguiadepamplona.com\/actualidad\/wp-json\/wp\/v2\/comments?post=37017"}],"version-history":[{"count":0,"href":"https:\/\/www.laguiadepamplona.com\/actualidad\/wp-json\/wp\/v2\/posts\/37017\/revisions"}],"wp:featuredmedia":[{"embeddable":true,"href":"https:\/\/www.laguiadepamplona.com\/actualidad\/wp-json\/wp\/v2\/media\/36371"}],"wp:attachment":[{"href":"https:\/\/www.laguiadepamplona.com\/actualidad\/wp-json\/wp\/v2\/media?parent=37017"}],"wp:term":[{"taxonomy":"category","embeddable":true,"href":"https:\/\/www.laguiadepamplona.com\/actualidad\/wp-json\/wp\/v2\/categories?post=37017"},{"taxonomy":"post_tag","embeddable":true,"href":"https:\/\/www.laguiadepamplona.com\/actualidad\/wp-json\/wp\/v2\/tags?post=37017"}],"curies":[{"name":"wp","href":"https:\/\/api.w.org\/{rel}","templated":true}]}}