{"id":36995,"date":"2021-10-14T13:46:07","date_gmt":"2021-10-14T11:46:07","guid":{"rendered":"https:\/\/www.laguiadepamplona.com\/actualidad\/?p=36995"},"modified":"2023-04-11T11:48:52","modified_gmt":"2023-04-11T09:48:52","slug":"las-obras-de-la-pista-deportiva-cubierta-en-etxabakoitz-para-la-practica-del-atletismo-comenzaran-a-principios-del-ano-que-viene-con-un-plazo-de-ejecucion-de-cuatro-meses","status":"publish","type":"post","link":"https:\/\/www.laguiadepamplona.com\/actualidad\/las-obras-de-la-pista-deportiva-cubierta-en-etxabakoitz-para-la-practica-del-atletismo-comenzaran-a-principios-del-ano-que-viene-con-un-plazo-de-ejecucion-de-cuatro-meses\/","title":{"rendered":"Las obras de la pista deportiva cubierta en Etxabakoitz para la pr\u00e1ctica del atletismo comenzar\u00e1n a principios del a\u00f1o que viene, con un plazo de ejecuci\u00f3n de cuatro meses"},"content":{"rendered":"<h5>La Junta de Gobierno Local ha licitado el proyecto con un presupuesto de 782.317,44 euros<\/h5>\n<p><!--more--><\/p>\n<p>La Junta de Gobierno Local de Ayuntamiento de Pamplona ha aprobado la licitaci\u00f3n de las obras para la ejecuci\u00f3n de una pista deportiva cubierta en la SDC Echavacoiz para la pr\u00e1ctica del atletismo. Se aprovechar\u00e1 la estructura met\u00e1lica ya existente, parcialmente ejecutada en cubierta y fachada, se adecuar\u00e1 y equipar\u00e1 para su uso como zona de entrenamiento de atletismo y se crear\u00e1 un control de accesos en la zona oeste, desde la rampa y el ascensor urbano que comunica con la meseta superior de Bara\u00f1\u00e1in y Etxabakoitz norte.<\/p>\n<p><script async src=\"\/\/pagead2.googlesyndication.com\/pagead\/js\/adsbygoogle.js\"><\/script><br \/>\n<!-- Noticias La Guia de Pamplona --><br \/>\n<ins class=\"adsbygoogle\"\nstyle=\"display:block\"\ndata-ad-client=\"ca-pub-6943679897239327\"\ndata-ad-slot=\"7048180777\"\ndata-ad-format=\"auto\"><\/ins><br \/>\n<script>\n(adsbygoogle = window.adsbygoogle || []).push({});\n<\/script><\/p>\n<p>El presupuesto del proyecto asciende a 782.317,44 euros, con la previsi\u00f3n de que las obras comiencen a finales enero o principios de febrero y un plazo de ejecuci\u00f3n de cuatro meses. Este proyecto forma parte de las enmiendas presupuestarias acordadas por los grupos municipales de Navarra Suma y Socialistas del Ayuntamiento de Pamplona. Se busca, en definitiva, mejorar la instalaci\u00f3n deportiva, ahora con unas pistas de p\u00e1del, para poder ser utilizada independientemente de la climatolog\u00eda y con unas condiciones adecuadas para la pr\u00e1ctica y entrenamiento de atletismo. La superficie pavimentada bajo cubierta sobre la que se act\u00faa tiene unas dimensiones de 75 x 22,50 metros, es decir, ocupa una superficie \u00fatil de 1.687,50 m<sup>2<\/sup>.<\/p>\n<p>La edificaci\u00f3n en la que se desarrolla el proyecto se halla parcialmente ejecutada. El volumen se asienta contra un talud natural en su fachada norte. Lo ya construido sigue las alineaciones del front\u00f3n contiguo en su orientaci\u00f3n este, que cambian mediante un giro hasta colocarse de manera sensiblemente paralela al talud. El per\u00edmetro pavimentado y ajardinado tiene una pendiente hacia el r\u00edo Elorz, cerca del vallado perimetral. Solo se han ejecutado las envolventes planteadas (cubierta y fachadas) en la zona este, pr\u00f3xima al front\u00f3n, donde actualmente se ubican cuatro pistas de p\u00e1del.<\/p>\n<p><script async src=\"\/\/pagead2.googlesyndication.com\/pagead\/js\/adsbygoogle.js\"><\/script><br \/>\n<!-- Noticias La Guia de Pamplona --><br \/>\n<ins class=\"adsbygoogle\"\nstyle=\"display:block\"\ndata-ad-client=\"ca-pub-6943679897239327\"\ndata-ad-slot=\"7048180777\"\ndata-ad-format=\"auto\"><\/ins><br \/>\n<script>\n(adsbygoogle = window.adsbygoogle || []).push({});\n<\/script><\/p>\n<p>Se plantea la ejecuci\u00f3n de una envolvente del edificio en cubierta y fachadas no estancas al aire, mediante panel formado por dos l\u00e1minas de acero con aislamiento interior de lana de roca, chapas plegadas microperforadas y policarbonato celular, en funci\u00f3n de cada una de las fachadas. Se acondicionar\u00e1 interiormente el solado, se equipar\u00e1 con material espec\u00edfico y se iluminar\u00e1 el espacio resultante para su uso como zona de entrenamiento de atletismo. De cara a posibilitar un acceso peatonal a la instalaci\u00f3n desde el ascensor urbano del Grupo Urd\u00e1noz, se crear\u00e1 un control de acceso aut\u00f3nomo, sin presencia obligatoria de personal, con molinete y excusa, as\u00ed como con una puerta lateral de apertura ocasional.<\/p>\n","protected":false},"excerpt":{"rendered":"<p>La Junta de Gobierno Local ha licitado el proyecto con un presupuesto de 782.317,44 euros<\/p>\n","protected":false},"author":1,"featured_media":36074,"comment_status":"open","ping_status":"closed","sticky":false,"template":"","format":"standard","meta":{"footnotes":""},"categories":[2],"tags":[],"class_list":["post-36995","post","type-post","status-publish","format-standard","has-post-thumbnail","hentry","category-ayuntamiento-pamplona"],"yoast_head":"<!-- This site is optimized with the Yoast SEO plugin v27.5 - https:\/\/yoast.com\/product\/yoast-seo-wordpress\/ -->\n<title>Las obras de la pista deportiva cubierta en Etxabakoitz para la pr\u00e1ctica del atletismo comenzar\u00e1n a principios del a\u00f1o que viene, con un plazo de ejecuci\u00f3n de cuatro meses<\/title>\n<meta name=\"description\" content=\"La Junta de Gobierno Local ha licitado el proyecto con un presupuesto de 782.317,44 euros\" \/>\n<meta name=\"robots\" content=\"index, follow, max-snippet:-1, max-image-preview:large, max-video-preview:-1\" \/>\n<link rel=\"canonical\" href=\"https:\/\/www.laguiadepamplona.com\/actualidad\/las-obras-de-la-pista-deportiva-cubierta-en-etxabakoitz-para-la-practica-del-atletismo-comenzaran-a-principios-del-ano-que-viene-con-un-plazo-de-ejecucion-de-cuatro-meses\/\" \/>\n<meta property=\"og:locale\" content=\"es_ES\" \/>\n<meta property=\"og:type\" content=\"article\" \/>\n<meta property=\"og:title\" content=\"Las obras de la pista deportiva cubierta en Etxabakoitz para la pr\u00e1ctica del atletismo comenzar\u00e1n a principios del a\u00f1o que viene, con un plazo de ejecuci\u00f3n de cuatro meses\" \/>\n<meta property=\"og:description\" content=\"La Junta de Gobierno Local ha licitado el proyecto con un presupuesto de 782.317,44 euros\" \/>\n<meta property=\"og:url\" content=\"https:\/\/www.laguiadepamplona.com\/actualidad\/las-obras-de-la-pista-deportiva-cubierta-en-etxabakoitz-para-la-practica-del-atletismo-comenzaran-a-principios-del-ano-que-viene-con-un-plazo-de-ejecucion-de-cuatro-meses\/\" \/>\n<meta property=\"og:site_name\" content=\"La Gu\u00eda de Pamplona\" \/>\n<meta property=\"article:publisher\" content=\"https:\/\/www.facebook.com\/laguiadepamplonacom-133175176762273\/?ref=hl\" \/>\n<meta property=\"article:published_time\" content=\"2021-10-14T11:46:07+00:00\" \/>\n<meta property=\"article:modified_time\" content=\"2023-04-11T09:48:52+00:00\" \/>\n<meta property=\"og:image\" content=\"https:\/\/www.laguiadepamplona.com\/actualidad\/wp-content\/uploads\/2021\/08\/ayuntamiento-pamplona2.jpg\" \/>\n\t<meta property=\"og:image:width\" content=\"1920\" \/>\n\t<meta property=\"og:image:height\" content=\"1080\" \/>\n\t<meta property=\"og:image:type\" content=\"image\/jpeg\" \/>\n<meta name=\"author\" content=\"La Gu\u00eda de Pamplona\" \/>\n<meta name=\"twitter:card\" content=\"summary_large_image\" \/>\n<meta name=\"twitter:creator\" content=\"@LaGuiadPamplona\" \/>\n<meta name=\"twitter:site\" content=\"@LaGuiadPamplona\" \/>\n<meta name=\"twitter:label1\" content=\"Escrito por\" \/>\n\t<meta name=\"twitter:data1\" content=\"La Gu\u00eda de Pamplona\" \/>\n\t<meta name=\"twitter:label2\" content=\"Tiempo de lectura\" \/>\n\t<meta name=\"twitter:data2\" content=\"2 minutos\" \/>\n<script type=\"application\/ld+json\" class=\"yoast-schema-graph\">{\"@context\":\"https:\\\/\\\/schema.org\",\"@graph\":[{\"@type\":\"Article\",\"@id\":\"https:\\\/\\\/www.laguiadepamplona.com\\\/actualidad\\\/las-obras-de-la-pista-deportiva-cubierta-en-etxabakoitz-para-la-practica-del-atletismo-comenzaran-a-principios-del-ano-que-viene-con-un-plazo-de-ejecucion-de-cuatro-meses\\\/#article\",\"isPartOf\":{\"@id\":\"https:\\\/\\\/www.laguiadepamplona.com\\\/actualidad\\\/las-obras-de-la-pista-deportiva-cubierta-en-etxabakoitz-para-la-practica-del-atletismo-comenzaran-a-principios-del-ano-que-viene-con-un-plazo-de-ejecucion-de-cuatro-meses\\\/\"},\"author\":{\"name\":\"La Gu\u00eda de Pamplona\",\"@id\":\"https:\\\/\\\/www.laguiadepamplona.com\\\/actualidad\\\/#\\\/schema\\\/person\\\/efe887376f0213d4657c93adc50b1fdb\"},\"headline\":\"Las obras de la pista deportiva cubierta en Etxabakoitz para la pr\u00e1ctica del atletismo comenzar\u00e1n a principios del a\u00f1o que viene, con un plazo de ejecuci\u00f3n de cuatro meses\",\"datePublished\":\"2021-10-14T11:46:07+00:00\",\"dateModified\":\"2023-04-11T09:48:52+00:00\",\"mainEntityOfPage\":{\"@id\":\"https:\\\/\\\/www.laguiadepamplona.com\\\/actualidad\\\/las-obras-de-la-pista-deportiva-cubierta-en-etxabakoitz-para-la-practica-del-atletismo-comenzaran-a-principios-del-ano-que-viene-con-un-plazo-de-ejecucion-de-cuatro-meses\\\/\"},\"wordCount\":477,\"commentCount\":0,\"publisher\":{\"@id\":\"https:\\\/\\\/www.laguiadepamplona.com\\\/actualidad\\\/#organization\"},\"image\":{\"@id\":\"https:\\\/\\\/www.laguiadepamplona.com\\\/actualidad\\\/las-obras-de-la-pista-deportiva-cubierta-en-etxabakoitz-para-la-practica-del-atletismo-comenzaran-a-principios-del-ano-que-viene-con-un-plazo-de-ejecucion-de-cuatro-meses\\\/#primaryimage\"},\"thumbnailUrl\":\"https:\\\/\\\/www.laguiadepamplona.com\\\/actualidad\\\/wp-content\\\/uploads\\\/2021\\\/08\\\/ayuntamiento-pamplona2.jpg\",\"articleSection\":[\"Ayto Pamplona\"],\"inLanguage\":\"es\",\"potentialAction\":[{\"@type\":\"CommentAction\",\"name\":\"Comment\",\"target\":[\"https:\\\/\\\/www.laguiadepamplona.com\\\/actualidad\\\/las-obras-de-la-pista-deportiva-cubierta-en-etxabakoitz-para-la-practica-del-atletismo-comenzaran-a-principios-del-ano-que-viene-con-un-plazo-de-ejecucion-de-cuatro-meses\\\/#respond\"]}]},{\"@type\":\"WebPage\",\"@id\":\"https:\\\/\\\/www.laguiadepamplona.com\\\/actualidad\\\/las-obras-de-la-pista-deportiva-cubierta-en-etxabakoitz-para-la-practica-del-atletismo-comenzaran-a-principios-del-ano-que-viene-con-un-plazo-de-ejecucion-de-cuatro-meses\\\/\",\"url\":\"https:\\\/\\\/www.laguiadepamplona.com\\\/actualidad\\\/las-obras-de-la-pista-deportiva-cubierta-en-etxabakoitz-para-la-practica-del-atletismo-comenzaran-a-principios-del-ano-que-viene-con-un-plazo-de-ejecucion-de-cuatro-meses\\\/\",\"name\":\"Las obras de la pista deportiva cubierta en Etxabakoitz para la pr\u00e1ctica del atletismo comenzar\u00e1n a principios del a\u00f1o que viene, con un plazo de ejecuci\u00f3n de cuatro meses\",\"isPartOf\":{\"@id\":\"https:\\\/\\\/www.laguiadepamplona.com\\\/actualidad\\\/#website\"},\"primaryImageOfPage\":{\"@id\":\"https:\\\/\\\/www.laguiadepamplona.com\\\/actualidad\\\/las-obras-de-la-pista-deportiva-cubierta-en-etxabakoitz-para-la-practica-del-atletismo-comenzaran-a-principios-del-ano-que-viene-con-un-plazo-de-ejecucion-de-cuatro-meses\\\/#primaryimage\"},\"image\":{\"@id\":\"https:\\\/\\\/www.laguiadepamplona.com\\\/actualidad\\\/las-obras-de-la-pista-deportiva-cubierta-en-etxabakoitz-para-la-practica-del-atletismo-comenzaran-a-principios-del-ano-que-viene-con-un-plazo-de-ejecucion-de-cuatro-meses\\\/#primaryimage\"},\"thumbnailUrl\":\"https:\\\/\\\/www.laguiadepamplona.com\\\/actualidad\\\/wp-content\\\/uploads\\\/2021\\\/08\\\/ayuntamiento-pamplona2.jpg\",\"datePublished\":\"2021-10-14T11:46:07+00:00\",\"dateModified\":\"2023-04-11T09:48:52+00:00\",\"description\":\"La Junta de Gobierno Local ha licitado el proyecto con un presupuesto de 782.317,44 euros\",\"breadcrumb\":{\"@id\":\"https:\\\/\\\/www.laguiadepamplona.com\\\/actualidad\\\/las-obras-de-la-pista-deportiva-cubierta-en-etxabakoitz-para-la-practica-del-atletismo-comenzaran-a-principios-del-ano-que-viene-con-un-plazo-de-ejecucion-de-cuatro-meses\\\/#breadcrumb\"},\"inLanguage\":\"es\",\"potentialAction\":[{\"@type\":\"ReadAction\",\"target\":[\"https:\\\/\\\/www.laguiadepamplona.com\\\/actualidad\\\/las-obras-de-la-pista-deportiva-cubierta-en-etxabakoitz-para-la-practica-del-atletismo-comenzaran-a-principios-del-ano-que-viene-con-un-plazo-de-ejecucion-de-cuatro-meses\\\/\"]}]},{\"@type\":\"ImageObject\",\"inLanguage\":\"es\",\"@id\":\"https:\\\/\\\/www.laguiadepamplona.com\\\/actualidad\\\/las-obras-de-la-pista-deportiva-cubierta-en-etxabakoitz-para-la-practica-del-atletismo-comenzaran-a-principios-del-ano-que-viene-con-un-plazo-de-ejecucion-de-cuatro-meses\\\/#primaryimage\",\"url\":\"https:\\\/\\\/www.laguiadepamplona.com\\\/actualidad\\\/wp-content\\\/uploads\\\/2021\\\/08\\\/ayuntamiento-pamplona2.jpg\",\"contentUrl\":\"https:\\\/\\\/www.laguiadepamplona.com\\\/actualidad\\\/wp-content\\\/uploads\\\/2021\\\/08\\\/ayuntamiento-pamplona2.jpg\",\"width\":1920,\"height\":1080,\"caption\":\"ayuntamiento pamplona\"},{\"@type\":\"BreadcrumbList\",\"@id\":\"https:\\\/\\\/www.laguiadepamplona.com\\\/actualidad\\\/las-obras-de-la-pista-deportiva-cubierta-en-etxabakoitz-para-la-practica-del-atletismo-comenzaran-a-principios-del-ano-que-viene-con-un-plazo-de-ejecucion-de-cuatro-meses\\\/#breadcrumb\",\"itemListElement\":[{\"@type\":\"ListItem\",\"position\":1,\"name\":\"Portada\",\"item\":\"https:\\\/\\\/www.laguiadepamplona.com\\\/actualidad\\\/\"},{\"@type\":\"ListItem\",\"position\":2,\"name\":\"Las obras de la pista deportiva cubierta en Etxabakoitz para la pr\u00e1ctica del atletismo comenzar\u00e1n a principios del a\u00f1o que viene, con un plazo de ejecuci\u00f3n de cuatro meses\"}]},{\"@type\":\"WebSite\",\"@id\":\"https:\\\/\\\/www.laguiadepamplona.com\\\/actualidad\\\/#website\",\"url\":\"https:\\\/\\\/www.laguiadepamplona.com\\\/actualidad\\\/\",\"name\":\"La gu\u00eda de Pamplona\",\"description\":\"Noticias de Pamplona\",\"publisher\":{\"@id\":\"https:\\\/\\\/www.laguiadepamplona.com\\\/actualidad\\\/#organization\"},\"potentialAction\":[{\"@type\":\"SearchAction\",\"target\":{\"@type\":\"EntryPoint\",\"urlTemplate\":\"https:\\\/\\\/www.laguiadepamplona.com\\\/actualidad\\\/?s={search_term_string}\"},\"query-input\":{\"@type\":\"PropertyValueSpecification\",\"valueRequired\":true,\"valueName\":\"search_term_string\"}}],\"inLanguage\":\"es\"},{\"@type\":\"Organization\",\"@id\":\"https:\\\/\\\/www.laguiadepamplona.com\\\/actualidad\\\/#organization\",\"name\":\"La Gu\u00eda de Pamplona \\\/ Noticias\",\"url\":\"https:\\\/\\\/www.laguiadepamplona.com\\\/actualidad\\\/\",\"logo\":{\"@type\":\"ImageObject\",\"inLanguage\":\"es\",\"@id\":\"https:\\\/\\\/www.laguiadepamplona.com\\\/actualidad\\\/#\\\/schema\\\/logo\\\/image\\\/\",\"url\":\"https:\\\/\\\/www.laguiadepamplona.com\\\/actualidad\\\/wp-content\\\/uploads\\\/2018\\\/11\\\/logo-laguiadepamplona18-web1.png\",\"contentUrl\":\"https:\\\/\\\/www.laguiadepamplona.com\\\/actualidad\\\/wp-content\\\/uploads\\\/2018\\\/11\\\/logo-laguiadepamplona18-web1.png\",\"width\":600,\"height\":196,\"caption\":\"La Gu\u00eda de Pamplona \\\/ Noticias\"},\"image\":{\"@id\":\"https:\\\/\\\/www.laguiadepamplona.com\\\/actualidad\\\/#\\\/schema\\\/logo\\\/image\\\/\"},\"sameAs\":[\"https:\\\/\\\/www.facebook.com\\\/laguiadepamplonacom-133175176762273\\\/?ref=hl\",\"https:\\\/\\\/x.com\\\/LaGuiadPamplona\",\"https:\\\/\\\/www.instagram.com\\\/la_guia_de_pamplona\\\/\",\"https:\\\/\\\/www.youtube.com\\\/user\\\/laguiadepamplona\"]},{\"@type\":\"Person\",\"@id\":\"https:\\\/\\\/www.laguiadepamplona.com\\\/actualidad\\\/#\\\/schema\\\/person\\\/efe887376f0213d4657c93adc50b1fdb\",\"name\":\"La Gu\u00eda de Pamplona\",\"image\":{\"@type\":\"ImageObject\",\"inLanguage\":\"es\",\"@id\":\"https:\\\/\\\/secure.gravatar.com\\\/avatar\\\/b6992f131dc8d30ab0dff15446e9d346d9dbd95992de0fef795073f5ea83a81c?s=96&d=mm&r=g\",\"url\":\"https:\\\/\\\/secure.gravatar.com\\\/avatar\\\/b6992f131dc8d30ab0dff15446e9d346d9dbd95992de0fef795073f5ea83a81c?s=96&d=mm&r=g\",\"contentUrl\":\"https:\\\/\\\/secure.gravatar.com\\\/avatar\\\/b6992f131dc8d30ab0dff15446e9d346d9dbd95992de0fef795073f5ea83a81c?s=96&d=mm&r=g\",\"caption\":\"La Gu\u00eda de Pamplona\"}}]}<\/script>\n<!-- \/ Yoast SEO plugin. -->","yoast_head_json":{"title":"Las obras de la pista deportiva cubierta en Etxabakoitz para la pr\u00e1ctica del atletismo comenzar\u00e1n a principios del a\u00f1o que viene, con un plazo de ejecuci\u00f3n de cuatro meses","description":"La Junta de Gobierno Local ha licitado el proyecto con un presupuesto de 782.317,44 euros","robots":{"index":"index","follow":"follow","max-snippet":"max-snippet:-1","max-image-preview":"max-image-preview:large","max-video-preview":"max-video-preview:-1"},"canonical":"https:\/\/www.laguiadepamplona.com\/actualidad\/las-obras-de-la-pista-deportiva-cubierta-en-etxabakoitz-para-la-practica-del-atletismo-comenzaran-a-principios-del-ano-que-viene-con-un-plazo-de-ejecucion-de-cuatro-meses\/","og_locale":"es_ES","og_type":"article","og_title":"Las obras de la pista deportiva cubierta en Etxabakoitz para la pr\u00e1ctica del atletismo comenzar\u00e1n a principios del a\u00f1o que viene, con un plazo de ejecuci\u00f3n de cuatro meses","og_description":"La Junta de Gobierno Local ha licitado el proyecto con un presupuesto de 782.317,44 euros","og_url":"https:\/\/www.laguiadepamplona.com\/actualidad\/las-obras-de-la-pista-deportiva-cubierta-en-etxabakoitz-para-la-practica-del-atletismo-comenzaran-a-principios-del-ano-que-viene-con-un-plazo-de-ejecucion-de-cuatro-meses\/","og_site_name":"La Gu\u00eda de Pamplona","article_publisher":"https:\/\/www.facebook.com\/laguiadepamplonacom-133175176762273\/?ref=hl","article_published_time":"2021-10-14T11:46:07+00:00","article_modified_time":"2023-04-11T09:48:52+00:00","og_image":[{"width":1920,"height":1080,"url":"https:\/\/www.laguiadepamplona.com\/actualidad\/wp-content\/uploads\/2021\/08\/ayuntamiento-pamplona2.jpg","type":"image\/jpeg"}],"author":"La Gu\u00eda de Pamplona","twitter_card":"summary_large_image","twitter_creator":"@LaGuiadPamplona","twitter_site":"@LaGuiadPamplona","twitter_misc":{"Escrito por":"La Gu\u00eda de Pamplona","Tiempo de lectura":"2 minutos"},"schema":{"@context":"https:\/\/schema.org","@graph":[{"@type":"Article","@id":"https:\/\/www.laguiadepamplona.com\/actualidad\/las-obras-de-la-pista-deportiva-cubierta-en-etxabakoitz-para-la-practica-del-atletismo-comenzaran-a-principios-del-ano-que-viene-con-un-plazo-de-ejecucion-de-cuatro-meses\/#article","isPartOf":{"@id":"https:\/\/www.laguiadepamplona.com\/actualidad\/las-obras-de-la-pista-deportiva-cubierta-en-etxabakoitz-para-la-practica-del-atletismo-comenzaran-a-principios-del-ano-que-viene-con-un-plazo-de-ejecucion-de-cuatro-meses\/"},"author":{"name":"La Gu\u00eda de Pamplona","@id":"https:\/\/www.laguiadepamplona.com\/actualidad\/#\/schema\/person\/efe887376f0213d4657c93adc50b1fdb"},"headline":"Las obras de la pista deportiva cubierta en Etxabakoitz para la pr\u00e1ctica del atletismo comenzar\u00e1n a principios del a\u00f1o que viene, con un plazo de ejecuci\u00f3n de cuatro meses","datePublished":"2021-10-14T11:46:07+00:00","dateModified":"2023-04-11T09:48:52+00:00","mainEntityOfPage":{"@id":"https:\/\/www.laguiadepamplona.com\/actualidad\/las-obras-de-la-pista-deportiva-cubierta-en-etxabakoitz-para-la-practica-del-atletismo-comenzaran-a-principios-del-ano-que-viene-con-un-plazo-de-ejecucion-de-cuatro-meses\/"},"wordCount":477,"commentCount":0,"publisher":{"@id":"https:\/\/www.laguiadepamplona.com\/actualidad\/#organization"},"image":{"@id":"https:\/\/www.laguiadepamplona.com\/actualidad\/las-obras-de-la-pista-deportiva-cubierta-en-etxabakoitz-para-la-practica-del-atletismo-comenzaran-a-principios-del-ano-que-viene-con-un-plazo-de-ejecucion-de-cuatro-meses\/#primaryimage"},"thumbnailUrl":"https:\/\/www.laguiadepamplona.com\/actualidad\/wp-content\/uploads\/2021\/08\/ayuntamiento-pamplona2.jpg","articleSection":["Ayto Pamplona"],"inLanguage":"es","potentialAction":[{"@type":"CommentAction","name":"Comment","target":["https:\/\/www.laguiadepamplona.com\/actualidad\/las-obras-de-la-pista-deportiva-cubierta-en-etxabakoitz-para-la-practica-del-atletismo-comenzaran-a-principios-del-ano-que-viene-con-un-plazo-de-ejecucion-de-cuatro-meses\/#respond"]}]},{"@type":"WebPage","@id":"https:\/\/www.laguiadepamplona.com\/actualidad\/las-obras-de-la-pista-deportiva-cubierta-en-etxabakoitz-para-la-practica-del-atletismo-comenzaran-a-principios-del-ano-que-viene-con-un-plazo-de-ejecucion-de-cuatro-meses\/","url":"https:\/\/www.laguiadepamplona.com\/actualidad\/las-obras-de-la-pista-deportiva-cubierta-en-etxabakoitz-para-la-practica-del-atletismo-comenzaran-a-principios-del-ano-que-viene-con-un-plazo-de-ejecucion-de-cuatro-meses\/","name":"Las obras de la pista deportiva cubierta en Etxabakoitz para la pr\u00e1ctica del atletismo comenzar\u00e1n a principios del a\u00f1o que viene, con un plazo de ejecuci\u00f3n de cuatro meses","isPartOf":{"@id":"https:\/\/www.laguiadepamplona.com\/actualidad\/#website"},"primaryImageOfPage":{"@id":"https:\/\/www.laguiadepamplona.com\/actualidad\/las-obras-de-la-pista-deportiva-cubierta-en-etxabakoitz-para-la-practica-del-atletismo-comenzaran-a-principios-del-ano-que-viene-con-un-plazo-de-ejecucion-de-cuatro-meses\/#primaryimage"},"image":{"@id":"https:\/\/www.laguiadepamplona.com\/actualidad\/las-obras-de-la-pista-deportiva-cubierta-en-etxabakoitz-para-la-practica-del-atletismo-comenzaran-a-principios-del-ano-que-viene-con-un-plazo-de-ejecucion-de-cuatro-meses\/#primaryimage"},"thumbnailUrl":"https:\/\/www.laguiadepamplona.com\/actualidad\/wp-content\/uploads\/2021\/08\/ayuntamiento-pamplona2.jpg","datePublished":"2021-10-14T11:46:07+00:00","dateModified":"2023-04-11T09:48:52+00:00","description":"La Junta de Gobierno Local ha licitado el proyecto con un presupuesto de 782.317,44 euros","breadcrumb":{"@id":"https:\/\/www.laguiadepamplona.com\/actualidad\/las-obras-de-la-pista-deportiva-cubierta-en-etxabakoitz-para-la-practica-del-atletismo-comenzaran-a-principios-del-ano-que-viene-con-un-plazo-de-ejecucion-de-cuatro-meses\/#breadcrumb"},"inLanguage":"es","potentialAction":[{"@type":"ReadAction","target":["https:\/\/www.laguiadepamplona.com\/actualidad\/las-obras-de-la-pista-deportiva-cubierta-en-etxabakoitz-para-la-practica-del-atletismo-comenzaran-a-principios-del-ano-que-viene-con-un-plazo-de-ejecucion-de-cuatro-meses\/"]}]},{"@type":"ImageObject","inLanguage":"es","@id":"https:\/\/www.laguiadepamplona.com\/actualidad\/las-obras-de-la-pista-deportiva-cubierta-en-etxabakoitz-para-la-practica-del-atletismo-comenzaran-a-principios-del-ano-que-viene-con-un-plazo-de-ejecucion-de-cuatro-meses\/#primaryimage","url":"https:\/\/www.laguiadepamplona.com\/actualidad\/wp-content\/uploads\/2021\/08\/ayuntamiento-pamplona2.jpg","contentUrl":"https:\/\/www.laguiadepamplona.com\/actualidad\/wp-content\/uploads\/2021\/08\/ayuntamiento-pamplona2.jpg","width":1920,"height":1080,"caption":"ayuntamiento pamplona"},{"@type":"BreadcrumbList","@id":"https:\/\/www.laguiadepamplona.com\/actualidad\/las-obras-de-la-pista-deportiva-cubierta-en-etxabakoitz-para-la-practica-del-atletismo-comenzaran-a-principios-del-ano-que-viene-con-un-plazo-de-ejecucion-de-cuatro-meses\/#breadcrumb","itemListElement":[{"@type":"ListItem","position":1,"name":"Portada","item":"https:\/\/www.laguiadepamplona.com\/actualidad\/"},{"@type":"ListItem","position":2,"name":"Las obras de la pista deportiva cubierta en Etxabakoitz para la pr\u00e1ctica del atletismo comenzar\u00e1n a principios del a\u00f1o que viene, con un plazo de ejecuci\u00f3n de cuatro meses"}]},{"@type":"WebSite","@id":"https:\/\/www.laguiadepamplona.com\/actualidad\/#website","url":"https:\/\/www.laguiadepamplona.com\/actualidad\/","name":"La gu\u00eda de Pamplona","description":"Noticias de Pamplona","publisher":{"@id":"https:\/\/www.laguiadepamplona.com\/actualidad\/#organization"},"potentialAction":[{"@type":"SearchAction","target":{"@type":"EntryPoint","urlTemplate":"https:\/\/www.laguiadepamplona.com\/actualidad\/?s={search_term_string}"},"query-input":{"@type":"PropertyValueSpecification","valueRequired":true,"valueName":"search_term_string"}}],"inLanguage":"es"},{"@type":"Organization","@id":"https:\/\/www.laguiadepamplona.com\/actualidad\/#organization","name":"La Gu\u00eda de Pamplona \/ Noticias","url":"https:\/\/www.laguiadepamplona.com\/actualidad\/","logo":{"@type":"ImageObject","inLanguage":"es","@id":"https:\/\/www.laguiadepamplona.com\/actualidad\/#\/schema\/logo\/image\/","url":"https:\/\/www.laguiadepamplona.com\/actualidad\/wp-content\/uploads\/2018\/11\/logo-laguiadepamplona18-web1.png","contentUrl":"https:\/\/www.laguiadepamplona.com\/actualidad\/wp-content\/uploads\/2018\/11\/logo-laguiadepamplona18-web1.png","width":600,"height":196,"caption":"La Gu\u00eda de Pamplona \/ Noticias"},"image":{"@id":"https:\/\/www.laguiadepamplona.com\/actualidad\/#\/schema\/logo\/image\/"},"sameAs":["https:\/\/www.facebook.com\/laguiadepamplonacom-133175176762273\/?ref=hl","https:\/\/x.com\/LaGuiadPamplona","https:\/\/www.instagram.com\/la_guia_de_pamplona\/","https:\/\/www.youtube.com\/user\/laguiadepamplona"]},{"@type":"Person","@id":"https:\/\/www.laguiadepamplona.com\/actualidad\/#\/schema\/person\/efe887376f0213d4657c93adc50b1fdb","name":"La Gu\u00eda de Pamplona","image":{"@type":"ImageObject","inLanguage":"es","@id":"https:\/\/secure.gravatar.com\/avatar\/b6992f131dc8d30ab0dff15446e9d346d9dbd95992de0fef795073f5ea83a81c?s=96&d=mm&r=g","url":"https:\/\/secure.gravatar.com\/avatar\/b6992f131dc8d30ab0dff15446e9d346d9dbd95992de0fef795073f5ea83a81c?s=96&d=mm&r=g","contentUrl":"https:\/\/secure.gravatar.com\/avatar\/b6992f131dc8d30ab0dff15446e9d346d9dbd95992de0fef795073f5ea83a81c?s=96&d=mm&r=g","caption":"La Gu\u00eda de Pamplona"}}]}},"post_mailing_queue_ids":[],"_links":{"self":[{"href":"https:\/\/www.laguiadepamplona.com\/actualidad\/wp-json\/wp\/v2\/posts\/36995","targetHints":{"allow":["GET"]}}],"collection":[{"href":"https:\/\/www.laguiadepamplona.com\/actualidad\/wp-json\/wp\/v2\/posts"}],"about":[{"href":"https:\/\/www.laguiadepamplona.com\/actualidad\/wp-json\/wp\/v2\/types\/post"}],"author":[{"embeddable":true,"href":"https:\/\/www.laguiadepamplona.com\/actualidad\/wp-json\/wp\/v2\/users\/1"}],"replies":[{"embeddable":true,"href":"https:\/\/www.laguiadepamplona.com\/actualidad\/wp-json\/wp\/v2\/comments?post=36995"}],"version-history":[{"count":0,"href":"https:\/\/www.laguiadepamplona.com\/actualidad\/wp-json\/wp\/v2\/posts\/36995\/revisions"}],"wp:featuredmedia":[{"embeddable":true,"href":"https:\/\/www.laguiadepamplona.com\/actualidad\/wp-json\/wp\/v2\/media\/36074"}],"wp:attachment":[{"href":"https:\/\/www.laguiadepamplona.com\/actualidad\/wp-json\/wp\/v2\/media?parent=36995"}],"wp:term":[{"taxonomy":"category","embeddable":true,"href":"https:\/\/www.laguiadepamplona.com\/actualidad\/wp-json\/wp\/v2\/categories?post=36995"},{"taxonomy":"post_tag","embeddable":true,"href":"https:\/\/www.laguiadepamplona.com\/actualidad\/wp-json\/wp\/v2\/tags?post=36995"}],"curies":[{"name":"wp","href":"https:\/\/api.w.org\/{rel}","templated":true}]}}