{"id":36992,"date":"2021-10-14T13:44:11","date_gmt":"2021-10-14T11:44:11","guid":{"rendered":"https:\/\/www.laguiadepamplona.com\/actualidad\/?p=36992"},"modified":"2023-04-11T11:48:52","modified_gmt":"2023-04-11T09:48:52","slug":"la-sala-de-armas-de-la-ciudadela-acoge-audiovisiones-una-mirada-al-mundo-contemporaneo-hibridando-tecnicas-formatos-y-lenguajes-expresivos","status":"publish","type":"post","link":"https:\/\/www.laguiadepamplona.com\/actualidad\/la-sala-de-armas-de-la-ciudadela-acoge-audiovisiones-una-mirada-al-mundo-contemporaneo-hibridando-tecnicas-formatos-y-lenguajes-expresivos\/","title":{"rendered":"La Sala de Armas de la Ciudadela acoge \u2018Audiovisiones\u2019, una mirada al mundo contempor\u00e1neo hibridando t\u00e9cnicas, formatos y lenguajes expresivos"},"content":{"rendered":"<h5>En la muestra, compuesta por 27 obras, la Colecci\u00f3n de Arte Contempor\u00e1neo municipal \u201cdialoga\u201d con las de otras instituciones<\/h5>\n<p><!--more--><\/p>\n<p>El Ayuntamiento de Pamplona y los coleccionistas de la Asociaci\u00f3n 9915 hacen una apuesta por los nuevos lenguajes art\u00edsticos en \u2018Audiovisiones\u2019, la muestra art\u00edstica que se abre en la primera planta de la Sala de Armas de la Ciudadela y que se podr\u00e1 visitar hasta el pr\u00f3ximo 13 de febrero. El foco de inter\u00e9s de la muestra se centra en la confluencia entre las dimensiones visual y sonora, los dos grandes vectores que condicionan la percepci\u00f3n humana del mundo.<\/p>\n<p><script async src=\"\/\/pagead2.googlesyndication.com\/pagead\/js\/adsbygoogle.js\"><\/script><br \/>\n<!-- Noticias La Guia de Pamplona --><br \/>\n<ins class=\"adsbygoogle\"\nstyle=\"display:block\"\ndata-ad-client=\"ca-pub-6943679897239327\"\ndata-ad-slot=\"7048180777\"\ndata-ad-format=\"auto\"><\/ins><br \/>\n<script>\n(adsbygoogle = window.adsbygoogle || []).push({});\n<\/script><\/p>\n<p>Esta ma\u00f1ana han presentado la exposici\u00f3n Mar\u00eda Garc\u00eda-Barberena, concejala delegada de del Cultura e Igualdad, Jaime Sordo, presidente de la Asociaci\u00f3n 9915 de Coleccionistas de Arte Contempor\u00e1neo de Espa\u00f1a y Alicia Ventura, comisaria de la exposici\u00f3n. La muestra se centra en <a href=\"http:\/\/www.pamplonaescultura.es\/exposiciones\/audiovisiones\/\" target=\"_blank\" rel=\"noopener\">27 obras audiovisuales e instalaciones<\/a> de otros tantos artistas y un buen n\u00famero de colecciones, entre ellas 7 de la Colecci\u00f3n de Arte Contempor\u00e1neo del Ayuntamiento de Pamplona.<\/p>\n<p>Las obras reflejan art\u00edsticamente preocupaciones propias de la contemporaneidad. Desde la inteligencia artificial y los aut\u00f3matas, al terrorismo global, los estereotipos de g\u00e9nero, el vertiginoso ritmo de la vida actual, hasta el papel del Arte en el reflejo o la definici\u00f3n de la identidad, las propuestas componen un collage audiovisual de vivencias presentes en el d\u00eda a d\u00eda, sea o no de manera consciente.<\/p>\n<p><script async src=\"\/\/pagead2.googlesyndication.com\/pagead\/js\/adsbygoogle.js\"><\/script><br \/>\n<!-- Noticias La Guia de Pamplona --><br \/>\n<ins class=\"adsbygoogle\"\nstyle=\"display:block\"\ndata-ad-client=\"ca-pub-6943679897239327\"\ndata-ad-slot=\"7048180777\"\ndata-ad-format=\"auto\"><\/ins><br \/>\n<script>\n(adsbygoogle = window.adsbygoogle || []).push({});\n<\/script><\/p>\n<p><strong>Una exposici\u00f3n plural e h\u00edbrida<\/strong><\/p>\n<p>Los creadores son: Alegr\u00eda y Pi\u00f1ero, Eugenio Ampudia, Manu Arregui, Jaime de la Jara, Juan del Junco, Karin Dolk, Nezaket Ekizi, Pep Fajardo, Fiumfoto, Paco Guill\u00e9n, Cao Guimaraes, Ferm\u00edn Jim\u00e9nez Landa, Glenda Le\u00f3n, Ignacio Llamas, Mario M. Mart\u00ednez, Bego\u00f1a Montalb\u00e1n, Coco Moya e Iv\u00e1n Cebri\u00e1n, \u00c1ngel N\u00fa\u00f1ez, Jacco Oliver, Sergio Prego, Samuel Ort\u00ed y Nelo Vinuesa, Eder Santos, Karina Skvirsky y Tim White-Sobieski.<\/p>\n<p>Entre las colecciones presentes en \u2018Audiovisiones\u2019, adem\u00e1s de la de Arte Contempor\u00e1neo del Ayuntamiento de Pamplona, hay obra de colecciones particulares y de Colecci\u00f3n DKV, Colecci\u00f3n Francisco Cantos, Colecci\u00f3n Los Bragales, Colecci\u00f3n Alicia Aza, Colecci\u00f3n Navacerrada, Colecci\u00f3n Jos\u00e9 Mar\u00eda Lafuente Balle y Colecci\u00f3n Valzuela.<\/p>\n<p><script async src=\"\/\/pagead2.googlesyndication.com\/pagead\/js\/adsbygoogle.js\"><\/script><br \/>\n<!-- Noticias La Guia de Pamplona --><br \/>\n<ins class=\"adsbygoogle\"\nstyle=\"display:block\"\ndata-ad-client=\"ca-pub-6943679897239327\"\ndata-ad-slot=\"7048180777\"\ndata-ad-format=\"auto\"><\/ins><br \/>\n<script>\n(adsbygoogle = window.adsbygoogle || []).push({});\n<\/script><\/p>\n<p>La elecci\u00f3n de la Sala de Armas de la Ciudadela como marco de la muestra tiene como valor a\u00f1adido la ubicaci\u00f3n en un espacio contempla y practica valores como la educaci\u00f3n, la investigaci\u00f3n como actividad generadora de conocimiento y la difusi\u00f3n\/ b\u00fasqueda de nuevos p\u00fablicos para el arte contempor\u00e1neo. Y es que el conjunto de pr\u00e1cticas art\u00edsticas que se presentan participan de una cualidad esencial del arte de nuestro tiempo: la interdisciplinariedad y la hibridaci\u00f3n entre t\u00e9cnicas, formatos y lenguajes expresivos. En palabras de Alicia Ventura, comisaria de la muestra \u201cel discurso de la exposici\u00f3n atiende tambi\u00e9n de manera especial a obras que permiten al espectador reflexionar (de manera experiencial, intuitiva, l\u00fadica tambi\u00e9n) sobre el espacio, sobre su propio cuerpo, sobre el entorno expositivo que lo rodea. Espacio y tiempo f\u00edsico, pero tambi\u00e9n espacio y tiempo vividos: sensaci\u00f3n, movimiento, recuerdo, experiencia, memoria\u201d.<\/p>\n","protected":false},"excerpt":{"rendered":"<p>En la muestra, compuesta por 27 obras, la Colecci\u00f3n de Arte Contempor\u00e1neo municipal \u201cdialoga\u201d con las de otras instituciones<\/p>\n","protected":false},"author":1,"featured_media":36993,"comment_status":"open","ping_status":"closed","sticky":false,"template":"","format":"standard","meta":{"footnotes":""},"categories":[2],"tags":[],"class_list":["post-36992","post","type-post","status-publish","format-standard","has-post-thumbnail","hentry","category-ayuntamiento-pamplona"],"yoast_head":"<!-- This site is optimized with the Yoast SEO plugin v27.5 - https:\/\/yoast.com\/product\/yoast-seo-wordpress\/ -->\n<title>La Sala de Armas de la Ciudadela acoge \u2018Audiovisiones\u2019, una mirada al mundo contempor\u00e1neo hibridando t\u00e9cnicas, formatos y lenguajes expresivos<\/title>\n<meta name=\"description\" content=\"En la muestra, compuesta por 27 obras, la Colecci\u00f3n de Arte Contempor\u00e1neo municipal \u201cdialoga\u201d con las de otras instituciones\" \/>\n<meta name=\"robots\" content=\"index, follow, max-snippet:-1, max-image-preview:large, max-video-preview:-1\" \/>\n<link rel=\"canonical\" href=\"https:\/\/www.laguiadepamplona.com\/actualidad\/la-sala-de-armas-de-la-ciudadela-acoge-audiovisiones-una-mirada-al-mundo-contemporaneo-hibridando-tecnicas-formatos-y-lenguajes-expresivos\/\" \/>\n<meta property=\"og:locale\" content=\"es_ES\" \/>\n<meta property=\"og:type\" content=\"article\" \/>\n<meta property=\"og:title\" content=\"La Sala de Armas de la Ciudadela acoge \u2018Audiovisiones\u2019, una mirada al mundo contempor\u00e1neo hibridando t\u00e9cnicas, formatos y lenguajes expresivos\" \/>\n<meta property=\"og:description\" content=\"En la muestra, compuesta por 27 obras, la Colecci\u00f3n de Arte Contempor\u00e1neo municipal \u201cdialoga\u201d con las de otras instituciones\" \/>\n<meta property=\"og:url\" content=\"https:\/\/www.laguiadepamplona.com\/actualidad\/la-sala-de-armas-de-la-ciudadela-acoge-audiovisiones-una-mirada-al-mundo-contemporaneo-hibridando-tecnicas-formatos-y-lenguajes-expresivos\/\" \/>\n<meta property=\"og:site_name\" content=\"La Gu\u00eda de Pamplona\" \/>\n<meta property=\"article:publisher\" content=\"https:\/\/www.facebook.com\/laguiadepamplonacom-133175176762273\/?ref=hl\" \/>\n<meta property=\"article:published_time\" content=\"2021-10-14T11:44:11+00:00\" \/>\n<meta property=\"article:modified_time\" content=\"2023-04-11T09:48:52+00:00\" \/>\n<meta property=\"og:image\" content=\"https:\/\/www.laguiadepamplona.com\/actualidad\/wp-content\/uploads\/2021\/10\/exposicion-audiovisiones.jpg\" \/>\n\t<meta property=\"og:image:width\" content=\"1920\" \/>\n\t<meta property=\"og:image:height\" content=\"1440\" \/>\n\t<meta property=\"og:image:type\" content=\"image\/jpeg\" \/>\n<meta name=\"author\" content=\"La Gu\u00eda de Pamplona\" \/>\n<meta name=\"twitter:card\" content=\"summary_large_image\" \/>\n<meta name=\"twitter:creator\" content=\"@LaGuiadPamplona\" \/>\n<meta name=\"twitter:site\" content=\"@LaGuiadPamplona\" \/>\n<meta name=\"twitter:label1\" content=\"Escrito por\" \/>\n\t<meta name=\"twitter:data1\" content=\"La Gu\u00eda de Pamplona\" \/>\n\t<meta name=\"twitter:label2\" content=\"Tiempo de lectura\" \/>\n\t<meta name=\"twitter:data2\" content=\"3 minutos\" \/>\n<script type=\"application\/ld+json\" class=\"yoast-schema-graph\">{\"@context\":\"https:\\\/\\\/schema.org\",\"@graph\":[{\"@type\":\"Article\",\"@id\":\"https:\\\/\\\/www.laguiadepamplona.com\\\/actualidad\\\/la-sala-de-armas-de-la-ciudadela-acoge-audiovisiones-una-mirada-al-mundo-contemporaneo-hibridando-tecnicas-formatos-y-lenguajes-expresivos\\\/#article\",\"isPartOf\":{\"@id\":\"https:\\\/\\\/www.laguiadepamplona.com\\\/actualidad\\\/la-sala-de-armas-de-la-ciudadela-acoge-audiovisiones-una-mirada-al-mundo-contemporaneo-hibridando-tecnicas-formatos-y-lenguajes-expresivos\\\/\"},\"author\":{\"name\":\"La Gu\u00eda de Pamplona\",\"@id\":\"https:\\\/\\\/www.laguiadepamplona.com\\\/actualidad\\\/#\\\/schema\\\/person\\\/efe887376f0213d4657c93adc50b1fdb\"},\"headline\":\"La Sala de Armas de la Ciudadela acoge \u2018Audiovisiones\u2019, una mirada al mundo contempor\u00e1neo hibridando t\u00e9cnicas, formatos y lenguajes expresivos\",\"datePublished\":\"2021-10-14T11:44:11+00:00\",\"dateModified\":\"2023-04-11T09:48:52+00:00\",\"mainEntityOfPage\":{\"@id\":\"https:\\\/\\\/www.laguiadepamplona.com\\\/actualidad\\\/la-sala-de-armas-de-la-ciudadela-acoge-audiovisiones-una-mirada-al-mundo-contemporaneo-hibridando-tecnicas-formatos-y-lenguajes-expresivos\\\/\"},\"wordCount\":570,\"commentCount\":0,\"publisher\":{\"@id\":\"https:\\\/\\\/www.laguiadepamplona.com\\\/actualidad\\\/#organization\"},\"image\":{\"@id\":\"https:\\\/\\\/www.laguiadepamplona.com\\\/actualidad\\\/la-sala-de-armas-de-la-ciudadela-acoge-audiovisiones-una-mirada-al-mundo-contemporaneo-hibridando-tecnicas-formatos-y-lenguajes-expresivos\\\/#primaryimage\"},\"thumbnailUrl\":\"https:\\\/\\\/www.laguiadepamplona.com\\\/actualidad\\\/wp-content\\\/uploads\\\/2021\\\/10\\\/exposicion-audiovisiones.jpg\",\"articleSection\":[\"Ayto Pamplona\"],\"inLanguage\":\"es\",\"potentialAction\":[{\"@type\":\"CommentAction\",\"name\":\"Comment\",\"target\":[\"https:\\\/\\\/www.laguiadepamplona.com\\\/actualidad\\\/la-sala-de-armas-de-la-ciudadela-acoge-audiovisiones-una-mirada-al-mundo-contemporaneo-hibridando-tecnicas-formatos-y-lenguajes-expresivos\\\/#respond\"]}]},{\"@type\":\"WebPage\",\"@id\":\"https:\\\/\\\/www.laguiadepamplona.com\\\/actualidad\\\/la-sala-de-armas-de-la-ciudadela-acoge-audiovisiones-una-mirada-al-mundo-contemporaneo-hibridando-tecnicas-formatos-y-lenguajes-expresivos\\\/\",\"url\":\"https:\\\/\\\/www.laguiadepamplona.com\\\/actualidad\\\/la-sala-de-armas-de-la-ciudadela-acoge-audiovisiones-una-mirada-al-mundo-contemporaneo-hibridando-tecnicas-formatos-y-lenguajes-expresivos\\\/\",\"name\":\"La Sala de Armas de la Ciudadela acoge \u2018Audiovisiones\u2019, una mirada al mundo contempor\u00e1neo hibridando t\u00e9cnicas, formatos y lenguajes expresivos\",\"isPartOf\":{\"@id\":\"https:\\\/\\\/www.laguiadepamplona.com\\\/actualidad\\\/#website\"},\"primaryImageOfPage\":{\"@id\":\"https:\\\/\\\/www.laguiadepamplona.com\\\/actualidad\\\/la-sala-de-armas-de-la-ciudadela-acoge-audiovisiones-una-mirada-al-mundo-contemporaneo-hibridando-tecnicas-formatos-y-lenguajes-expresivos\\\/#primaryimage\"},\"image\":{\"@id\":\"https:\\\/\\\/www.laguiadepamplona.com\\\/actualidad\\\/la-sala-de-armas-de-la-ciudadela-acoge-audiovisiones-una-mirada-al-mundo-contemporaneo-hibridando-tecnicas-formatos-y-lenguajes-expresivos\\\/#primaryimage\"},\"thumbnailUrl\":\"https:\\\/\\\/www.laguiadepamplona.com\\\/actualidad\\\/wp-content\\\/uploads\\\/2021\\\/10\\\/exposicion-audiovisiones.jpg\",\"datePublished\":\"2021-10-14T11:44:11+00:00\",\"dateModified\":\"2023-04-11T09:48:52+00:00\",\"description\":\"En la muestra, compuesta por 27 obras, la Colecci\u00f3n de Arte Contempor\u00e1neo municipal \u201cdialoga\u201d con las de otras instituciones\",\"breadcrumb\":{\"@id\":\"https:\\\/\\\/www.laguiadepamplona.com\\\/actualidad\\\/la-sala-de-armas-de-la-ciudadela-acoge-audiovisiones-una-mirada-al-mundo-contemporaneo-hibridando-tecnicas-formatos-y-lenguajes-expresivos\\\/#breadcrumb\"},\"inLanguage\":\"es\",\"potentialAction\":[{\"@type\":\"ReadAction\",\"target\":[\"https:\\\/\\\/www.laguiadepamplona.com\\\/actualidad\\\/la-sala-de-armas-de-la-ciudadela-acoge-audiovisiones-una-mirada-al-mundo-contemporaneo-hibridando-tecnicas-formatos-y-lenguajes-expresivos\\\/\"]}]},{\"@type\":\"ImageObject\",\"inLanguage\":\"es\",\"@id\":\"https:\\\/\\\/www.laguiadepamplona.com\\\/actualidad\\\/la-sala-de-armas-de-la-ciudadela-acoge-audiovisiones-una-mirada-al-mundo-contemporaneo-hibridando-tecnicas-formatos-y-lenguajes-expresivos\\\/#primaryimage\",\"url\":\"https:\\\/\\\/www.laguiadepamplona.com\\\/actualidad\\\/wp-content\\\/uploads\\\/2021\\\/10\\\/exposicion-audiovisiones.jpg\",\"contentUrl\":\"https:\\\/\\\/www.laguiadepamplona.com\\\/actualidad\\\/wp-content\\\/uploads\\\/2021\\\/10\\\/exposicion-audiovisiones.jpg\",\"width\":1920,\"height\":1440},{\"@type\":\"BreadcrumbList\",\"@id\":\"https:\\\/\\\/www.laguiadepamplona.com\\\/actualidad\\\/la-sala-de-armas-de-la-ciudadela-acoge-audiovisiones-una-mirada-al-mundo-contemporaneo-hibridando-tecnicas-formatos-y-lenguajes-expresivos\\\/#breadcrumb\",\"itemListElement\":[{\"@type\":\"ListItem\",\"position\":1,\"name\":\"Portada\",\"item\":\"https:\\\/\\\/www.laguiadepamplona.com\\\/actualidad\\\/\"},{\"@type\":\"ListItem\",\"position\":2,\"name\":\"La Sala de Armas de la Ciudadela acoge \u2018Audiovisiones\u2019, una mirada al mundo contempor\u00e1neo hibridando t\u00e9cnicas, formatos y lenguajes expresivos\"}]},{\"@type\":\"WebSite\",\"@id\":\"https:\\\/\\\/www.laguiadepamplona.com\\\/actualidad\\\/#website\",\"url\":\"https:\\\/\\\/www.laguiadepamplona.com\\\/actualidad\\\/\",\"name\":\"La gu\u00eda de Pamplona\",\"description\":\"Noticias de Pamplona\",\"publisher\":{\"@id\":\"https:\\\/\\\/www.laguiadepamplona.com\\\/actualidad\\\/#organization\"},\"potentialAction\":[{\"@type\":\"SearchAction\",\"target\":{\"@type\":\"EntryPoint\",\"urlTemplate\":\"https:\\\/\\\/www.laguiadepamplona.com\\\/actualidad\\\/?s={search_term_string}\"},\"query-input\":{\"@type\":\"PropertyValueSpecification\",\"valueRequired\":true,\"valueName\":\"search_term_string\"}}],\"inLanguage\":\"es\"},{\"@type\":\"Organization\",\"@id\":\"https:\\\/\\\/www.laguiadepamplona.com\\\/actualidad\\\/#organization\",\"name\":\"La Gu\u00eda de Pamplona \\\/ Noticias\",\"url\":\"https:\\\/\\\/www.laguiadepamplona.com\\\/actualidad\\\/\",\"logo\":{\"@type\":\"ImageObject\",\"inLanguage\":\"es\",\"@id\":\"https:\\\/\\\/www.laguiadepamplona.com\\\/actualidad\\\/#\\\/schema\\\/logo\\\/image\\\/\",\"url\":\"https:\\\/\\\/www.laguiadepamplona.com\\\/actualidad\\\/wp-content\\\/uploads\\\/2018\\\/11\\\/logo-laguiadepamplona18-web1.png\",\"contentUrl\":\"https:\\\/\\\/www.laguiadepamplona.com\\\/actualidad\\\/wp-content\\\/uploads\\\/2018\\\/11\\\/logo-laguiadepamplona18-web1.png\",\"width\":600,\"height\":196,\"caption\":\"La Gu\u00eda de Pamplona \\\/ Noticias\"},\"image\":{\"@id\":\"https:\\\/\\\/www.laguiadepamplona.com\\\/actualidad\\\/#\\\/schema\\\/logo\\\/image\\\/\"},\"sameAs\":[\"https:\\\/\\\/www.facebook.com\\\/laguiadepamplonacom-133175176762273\\\/?ref=hl\",\"https:\\\/\\\/x.com\\\/LaGuiadPamplona\",\"https:\\\/\\\/www.instagram.com\\\/la_guia_de_pamplona\\\/\",\"https:\\\/\\\/www.youtube.com\\\/user\\\/laguiadepamplona\"]},{\"@type\":\"Person\",\"@id\":\"https:\\\/\\\/www.laguiadepamplona.com\\\/actualidad\\\/#\\\/schema\\\/person\\\/efe887376f0213d4657c93adc50b1fdb\",\"name\":\"La Gu\u00eda de Pamplona\",\"image\":{\"@type\":\"ImageObject\",\"inLanguage\":\"es\",\"@id\":\"https:\\\/\\\/secure.gravatar.com\\\/avatar\\\/b6992f131dc8d30ab0dff15446e9d346d9dbd95992de0fef795073f5ea83a81c?s=96&d=mm&r=g\",\"url\":\"https:\\\/\\\/secure.gravatar.com\\\/avatar\\\/b6992f131dc8d30ab0dff15446e9d346d9dbd95992de0fef795073f5ea83a81c?s=96&d=mm&r=g\",\"contentUrl\":\"https:\\\/\\\/secure.gravatar.com\\\/avatar\\\/b6992f131dc8d30ab0dff15446e9d346d9dbd95992de0fef795073f5ea83a81c?s=96&d=mm&r=g\",\"caption\":\"La Gu\u00eda de Pamplona\"}}]}<\/script>\n<!-- \/ Yoast SEO plugin. -->","yoast_head_json":{"title":"La Sala de Armas de la Ciudadela acoge \u2018Audiovisiones\u2019, una mirada al mundo contempor\u00e1neo hibridando t\u00e9cnicas, formatos y lenguajes expresivos","description":"En la muestra, compuesta por 27 obras, la Colecci\u00f3n de Arte Contempor\u00e1neo municipal \u201cdialoga\u201d con las de otras instituciones","robots":{"index":"index","follow":"follow","max-snippet":"max-snippet:-1","max-image-preview":"max-image-preview:large","max-video-preview":"max-video-preview:-1"},"canonical":"https:\/\/www.laguiadepamplona.com\/actualidad\/la-sala-de-armas-de-la-ciudadela-acoge-audiovisiones-una-mirada-al-mundo-contemporaneo-hibridando-tecnicas-formatos-y-lenguajes-expresivos\/","og_locale":"es_ES","og_type":"article","og_title":"La Sala de Armas de la Ciudadela acoge \u2018Audiovisiones\u2019, una mirada al mundo contempor\u00e1neo hibridando t\u00e9cnicas, formatos y lenguajes expresivos","og_description":"En la muestra, compuesta por 27 obras, la Colecci\u00f3n de Arte Contempor\u00e1neo municipal \u201cdialoga\u201d con las de otras instituciones","og_url":"https:\/\/www.laguiadepamplona.com\/actualidad\/la-sala-de-armas-de-la-ciudadela-acoge-audiovisiones-una-mirada-al-mundo-contemporaneo-hibridando-tecnicas-formatos-y-lenguajes-expresivos\/","og_site_name":"La Gu\u00eda de Pamplona","article_publisher":"https:\/\/www.facebook.com\/laguiadepamplonacom-133175176762273\/?ref=hl","article_published_time":"2021-10-14T11:44:11+00:00","article_modified_time":"2023-04-11T09:48:52+00:00","og_image":[{"width":1920,"height":1440,"url":"https:\/\/www.laguiadepamplona.com\/actualidad\/wp-content\/uploads\/2021\/10\/exposicion-audiovisiones.jpg","type":"image\/jpeg"}],"author":"La Gu\u00eda de Pamplona","twitter_card":"summary_large_image","twitter_creator":"@LaGuiadPamplona","twitter_site":"@LaGuiadPamplona","twitter_misc":{"Escrito por":"La Gu\u00eda de Pamplona","Tiempo de lectura":"3 minutos"},"schema":{"@context":"https:\/\/schema.org","@graph":[{"@type":"Article","@id":"https:\/\/www.laguiadepamplona.com\/actualidad\/la-sala-de-armas-de-la-ciudadela-acoge-audiovisiones-una-mirada-al-mundo-contemporaneo-hibridando-tecnicas-formatos-y-lenguajes-expresivos\/#article","isPartOf":{"@id":"https:\/\/www.laguiadepamplona.com\/actualidad\/la-sala-de-armas-de-la-ciudadela-acoge-audiovisiones-una-mirada-al-mundo-contemporaneo-hibridando-tecnicas-formatos-y-lenguajes-expresivos\/"},"author":{"name":"La Gu\u00eda de Pamplona","@id":"https:\/\/www.laguiadepamplona.com\/actualidad\/#\/schema\/person\/efe887376f0213d4657c93adc50b1fdb"},"headline":"La Sala de Armas de la Ciudadela acoge \u2018Audiovisiones\u2019, una mirada al mundo contempor\u00e1neo hibridando t\u00e9cnicas, formatos y lenguajes expresivos","datePublished":"2021-10-14T11:44:11+00:00","dateModified":"2023-04-11T09:48:52+00:00","mainEntityOfPage":{"@id":"https:\/\/www.laguiadepamplona.com\/actualidad\/la-sala-de-armas-de-la-ciudadela-acoge-audiovisiones-una-mirada-al-mundo-contemporaneo-hibridando-tecnicas-formatos-y-lenguajes-expresivos\/"},"wordCount":570,"commentCount":0,"publisher":{"@id":"https:\/\/www.laguiadepamplona.com\/actualidad\/#organization"},"image":{"@id":"https:\/\/www.laguiadepamplona.com\/actualidad\/la-sala-de-armas-de-la-ciudadela-acoge-audiovisiones-una-mirada-al-mundo-contemporaneo-hibridando-tecnicas-formatos-y-lenguajes-expresivos\/#primaryimage"},"thumbnailUrl":"https:\/\/www.laguiadepamplona.com\/actualidad\/wp-content\/uploads\/2021\/10\/exposicion-audiovisiones.jpg","articleSection":["Ayto Pamplona"],"inLanguage":"es","potentialAction":[{"@type":"CommentAction","name":"Comment","target":["https:\/\/www.laguiadepamplona.com\/actualidad\/la-sala-de-armas-de-la-ciudadela-acoge-audiovisiones-una-mirada-al-mundo-contemporaneo-hibridando-tecnicas-formatos-y-lenguajes-expresivos\/#respond"]}]},{"@type":"WebPage","@id":"https:\/\/www.laguiadepamplona.com\/actualidad\/la-sala-de-armas-de-la-ciudadela-acoge-audiovisiones-una-mirada-al-mundo-contemporaneo-hibridando-tecnicas-formatos-y-lenguajes-expresivos\/","url":"https:\/\/www.laguiadepamplona.com\/actualidad\/la-sala-de-armas-de-la-ciudadela-acoge-audiovisiones-una-mirada-al-mundo-contemporaneo-hibridando-tecnicas-formatos-y-lenguajes-expresivos\/","name":"La Sala de Armas de la Ciudadela acoge \u2018Audiovisiones\u2019, una mirada al mundo contempor\u00e1neo hibridando t\u00e9cnicas, formatos y lenguajes expresivos","isPartOf":{"@id":"https:\/\/www.laguiadepamplona.com\/actualidad\/#website"},"primaryImageOfPage":{"@id":"https:\/\/www.laguiadepamplona.com\/actualidad\/la-sala-de-armas-de-la-ciudadela-acoge-audiovisiones-una-mirada-al-mundo-contemporaneo-hibridando-tecnicas-formatos-y-lenguajes-expresivos\/#primaryimage"},"image":{"@id":"https:\/\/www.laguiadepamplona.com\/actualidad\/la-sala-de-armas-de-la-ciudadela-acoge-audiovisiones-una-mirada-al-mundo-contemporaneo-hibridando-tecnicas-formatos-y-lenguajes-expresivos\/#primaryimage"},"thumbnailUrl":"https:\/\/www.laguiadepamplona.com\/actualidad\/wp-content\/uploads\/2021\/10\/exposicion-audiovisiones.jpg","datePublished":"2021-10-14T11:44:11+00:00","dateModified":"2023-04-11T09:48:52+00:00","description":"En la muestra, compuesta por 27 obras, la Colecci\u00f3n de Arte Contempor\u00e1neo municipal \u201cdialoga\u201d con las de otras instituciones","breadcrumb":{"@id":"https:\/\/www.laguiadepamplona.com\/actualidad\/la-sala-de-armas-de-la-ciudadela-acoge-audiovisiones-una-mirada-al-mundo-contemporaneo-hibridando-tecnicas-formatos-y-lenguajes-expresivos\/#breadcrumb"},"inLanguage":"es","potentialAction":[{"@type":"ReadAction","target":["https:\/\/www.laguiadepamplona.com\/actualidad\/la-sala-de-armas-de-la-ciudadela-acoge-audiovisiones-una-mirada-al-mundo-contemporaneo-hibridando-tecnicas-formatos-y-lenguajes-expresivos\/"]}]},{"@type":"ImageObject","inLanguage":"es","@id":"https:\/\/www.laguiadepamplona.com\/actualidad\/la-sala-de-armas-de-la-ciudadela-acoge-audiovisiones-una-mirada-al-mundo-contemporaneo-hibridando-tecnicas-formatos-y-lenguajes-expresivos\/#primaryimage","url":"https:\/\/www.laguiadepamplona.com\/actualidad\/wp-content\/uploads\/2021\/10\/exposicion-audiovisiones.jpg","contentUrl":"https:\/\/www.laguiadepamplona.com\/actualidad\/wp-content\/uploads\/2021\/10\/exposicion-audiovisiones.jpg","width":1920,"height":1440},{"@type":"BreadcrumbList","@id":"https:\/\/www.laguiadepamplona.com\/actualidad\/la-sala-de-armas-de-la-ciudadela-acoge-audiovisiones-una-mirada-al-mundo-contemporaneo-hibridando-tecnicas-formatos-y-lenguajes-expresivos\/#breadcrumb","itemListElement":[{"@type":"ListItem","position":1,"name":"Portada","item":"https:\/\/www.laguiadepamplona.com\/actualidad\/"},{"@type":"ListItem","position":2,"name":"La Sala de Armas de la Ciudadela acoge \u2018Audiovisiones\u2019, una mirada al mundo contempor\u00e1neo hibridando t\u00e9cnicas, formatos y lenguajes expresivos"}]},{"@type":"WebSite","@id":"https:\/\/www.laguiadepamplona.com\/actualidad\/#website","url":"https:\/\/www.laguiadepamplona.com\/actualidad\/","name":"La gu\u00eda de Pamplona","description":"Noticias de Pamplona","publisher":{"@id":"https:\/\/www.laguiadepamplona.com\/actualidad\/#organization"},"potentialAction":[{"@type":"SearchAction","target":{"@type":"EntryPoint","urlTemplate":"https:\/\/www.laguiadepamplona.com\/actualidad\/?s={search_term_string}"},"query-input":{"@type":"PropertyValueSpecification","valueRequired":true,"valueName":"search_term_string"}}],"inLanguage":"es"},{"@type":"Organization","@id":"https:\/\/www.laguiadepamplona.com\/actualidad\/#organization","name":"La Gu\u00eda de Pamplona \/ Noticias","url":"https:\/\/www.laguiadepamplona.com\/actualidad\/","logo":{"@type":"ImageObject","inLanguage":"es","@id":"https:\/\/www.laguiadepamplona.com\/actualidad\/#\/schema\/logo\/image\/","url":"https:\/\/www.laguiadepamplona.com\/actualidad\/wp-content\/uploads\/2018\/11\/logo-laguiadepamplona18-web1.png","contentUrl":"https:\/\/www.laguiadepamplona.com\/actualidad\/wp-content\/uploads\/2018\/11\/logo-laguiadepamplona18-web1.png","width":600,"height":196,"caption":"La Gu\u00eda de Pamplona \/ Noticias"},"image":{"@id":"https:\/\/www.laguiadepamplona.com\/actualidad\/#\/schema\/logo\/image\/"},"sameAs":["https:\/\/www.facebook.com\/laguiadepamplonacom-133175176762273\/?ref=hl","https:\/\/x.com\/LaGuiadPamplona","https:\/\/www.instagram.com\/la_guia_de_pamplona\/","https:\/\/www.youtube.com\/user\/laguiadepamplona"]},{"@type":"Person","@id":"https:\/\/www.laguiadepamplona.com\/actualidad\/#\/schema\/person\/efe887376f0213d4657c93adc50b1fdb","name":"La Gu\u00eda de Pamplona","image":{"@type":"ImageObject","inLanguage":"es","@id":"https:\/\/secure.gravatar.com\/avatar\/b6992f131dc8d30ab0dff15446e9d346d9dbd95992de0fef795073f5ea83a81c?s=96&d=mm&r=g","url":"https:\/\/secure.gravatar.com\/avatar\/b6992f131dc8d30ab0dff15446e9d346d9dbd95992de0fef795073f5ea83a81c?s=96&d=mm&r=g","contentUrl":"https:\/\/secure.gravatar.com\/avatar\/b6992f131dc8d30ab0dff15446e9d346d9dbd95992de0fef795073f5ea83a81c?s=96&d=mm&r=g","caption":"La Gu\u00eda de Pamplona"}}]}},"post_mailing_queue_ids":[],"_links":{"self":[{"href":"https:\/\/www.laguiadepamplona.com\/actualidad\/wp-json\/wp\/v2\/posts\/36992","targetHints":{"allow":["GET"]}}],"collection":[{"href":"https:\/\/www.laguiadepamplona.com\/actualidad\/wp-json\/wp\/v2\/posts"}],"about":[{"href":"https:\/\/www.laguiadepamplona.com\/actualidad\/wp-json\/wp\/v2\/types\/post"}],"author":[{"embeddable":true,"href":"https:\/\/www.laguiadepamplona.com\/actualidad\/wp-json\/wp\/v2\/users\/1"}],"replies":[{"embeddable":true,"href":"https:\/\/www.laguiadepamplona.com\/actualidad\/wp-json\/wp\/v2\/comments?post=36992"}],"version-history":[{"count":0,"href":"https:\/\/www.laguiadepamplona.com\/actualidad\/wp-json\/wp\/v2\/posts\/36992\/revisions"}],"wp:featuredmedia":[{"embeddable":true,"href":"https:\/\/www.laguiadepamplona.com\/actualidad\/wp-json\/wp\/v2\/media\/36993"}],"wp:attachment":[{"href":"https:\/\/www.laguiadepamplona.com\/actualidad\/wp-json\/wp\/v2\/media?parent=36992"}],"wp:term":[{"taxonomy":"category","embeddable":true,"href":"https:\/\/www.laguiadepamplona.com\/actualidad\/wp-json\/wp\/v2\/categories?post=36992"},{"taxonomy":"post_tag","embeddable":true,"href":"https:\/\/www.laguiadepamplona.com\/actualidad\/wp-json\/wp\/v2\/tags?post=36992"}],"curies":[{"name":"wp","href":"https:\/\/api.w.org\/{rel}","templated":true}]}}