{"id":36990,"date":"2021-10-14T13:41:56","date_gmt":"2021-10-14T11:41:56","guid":{"rendered":"https:\/\/www.laguiadepamplona.com\/actualidad\/?p=36990"},"modified":"2023-04-11T11:48:52","modified_gmt":"2023-04-11T09:48:52","slug":"diferentes-espacios-de-la-casa-de-la-juventud-contaran-con-nueva-climatizacion-antes-de-que-acabe-el-ano","status":"publish","type":"post","link":"https:\/\/www.laguiadepamplona.com\/actualidad\/diferentes-espacios-de-la-casa-de-la-juventud-contaran-con-nueva-climatizacion-antes-de-que-acabe-el-ano\/","title":{"rendered":"Diferentes espacios de la Casa de la Juventud contar\u00e1n con nueva climatizaci\u00f3n antes de que acabe el a\u00f1o"},"content":{"rendered":"<h5>La Junta de Gobierno Local ha aprobado la adjudicaci\u00f3n del proyecto con una inversi\u00f3n municipal de 80.390 euros<\/h5>\n<p><!--more--><\/p>\n<p>El Ayuntamiento de Pamplona va a proceder a instalar un nuevo sistema de climatizaci\u00f3n en la Casa de la Juventud. La primera fase de las obras, que conllevar\u00e1 una inversi\u00f3n municipal de 80.390 euros, estar\u00e1 finalizada antes de que acabe el a\u00f1o. La Junta de Gobierno Local ha aprobado la adjudicaci\u00f3n de los trabajos a favor de Fersitec Proyectos y Tecnolog\u00edas, S.L.L. con una rebaja del 20% sobre el precio de licitaci\u00f3n.<\/p>\n<p>La instalaci\u00f3n de la nueva climatizaci\u00f3n se basa en un sistema de expansi\u00f3n directa en una bomba de calor independiente para cada una de las fases. El proyecto completo contempla el montaje de todas las tuber\u00edas de la instalaci\u00f3n y la colocaci\u00f3n de unidades evaporadoras en las salas del edificio que se conectar\u00e1n a unidades condensadoras ubicadas en la planta s\u00e9ptima, en la de la cubierta. Para cada fase se ha previsto una unidad condensadora.<\/p>\n<p>El edificio de la Casa de la Juventud tiene 7 niveles. En esta primera fase se instalar\u00e1n las tuber\u00edas y se colocar\u00e1n 7 aparatos de climatizaci\u00f3n conectados a la primera de las unidades condensadoras. Los aparatos estar\u00e1n ubicados en la cafeter\u00eda (planta -1), la sala de inform\u00e1tica (planta 1) y en dos salas de baile (planta 3).<\/p>\n<p><script async src=\"\/\/pagead2.googlesyndication.com\/pagead\/js\/adsbygoogle.js\"><\/script><br \/>\n<!-- Noticias La Guia de Pamplona --><br \/>\n<ins class=\"adsbygoogle\"\nstyle=\"display:block\"\ndata-ad-client=\"ca-pub-6943679897239327\"\ndata-ad-slot=\"7048180777\"\ndata-ad-format=\"auto\"><\/ins><br \/>\n<script>\n(adsbygoogle = window.adsbygoogle || []).push({});\n<\/script><\/p>\n<p><strong>Cada edificio se regular\u00e1 de forma independiente<\/strong><\/p>\n<p>La distribuci\u00f3n de la energ\u00eda se hace mediante gas refrigerante conducido por tuber\u00eda de cobre aislada y protegida, tanto en el interior como en el exterior del edificio, por canaleta y por pared de pladur. Las unidades evaporadoras ir\u00e1n equipadas con soportes antivibratorios con el objetivo de eliminar vibraciones, ruidos y posibles desperfectos en la instalaci\u00f3n, as\u00ed como de bomba de condensados que evacuar\u00e1 a la red de fecales existen en el edificio.<\/p>\n<p>Cada uno de los diferentes espacios climatizados dispone de un termostato ambiente, de manera que cada local se controlar\u00e1 de manera independiente, obteniendo un mayor confort y adecuando el control de la zona a las necesidades energ\u00e9ticas del momento, minimizando el consumo energ\u00e9tico.<\/p>\n<p>Toda la instalaci\u00f3n estar\u00e1 controlada mediante un sistema de regulaci\u00f3n centralizado, con capacidad para ser controlado de manera remota mediante servidor web. Con la aplicaci\u00f3n de \u00e9ste sistema, aparte de la m\u00e1xima autonom\u00eda funcional de cada circuito, el consumo de energ\u00eda para producci\u00f3n de refrigeraci\u00f3n queda asimismo controlada, evitando sobrecostes en la explotaci\u00f3n del edificio.<\/p>\n","protected":false},"excerpt":{"rendered":"<p>La Junta de Gobierno Local ha aprobado la adjudicaci\u00f3n del proyecto con una inversi\u00f3n municipal de 80.390 euros<\/p>\n","protected":false},"author":1,"featured_media":32672,"comment_status":"open","ping_status":"closed","sticky":false,"template":"","format":"standard","meta":{"footnotes":""},"categories":[2],"tags":[],"class_list":["post-36990","post","type-post","status-publish","format-standard","has-post-thumbnail","hentry","category-ayuntamiento-pamplona"],"yoast_head":"<!-- This site is optimized with the Yoast SEO plugin v27.5 - https:\/\/yoast.com\/product\/yoast-seo-wordpress\/ -->\n<title>Diferentes espacios de la Casa de la Juventud contar\u00e1n con nueva climatizaci\u00f3n antes de que acabe el a\u00f1o<\/title>\n<meta name=\"description\" content=\"La Junta de Gobierno Local ha aprobado la adjudicaci\u00f3n del proyecto con una inversi\u00f3n municipal de 80.390 euros\" \/>\n<meta name=\"robots\" content=\"index, follow, max-snippet:-1, max-image-preview:large, max-video-preview:-1\" \/>\n<link rel=\"canonical\" href=\"https:\/\/www.laguiadepamplona.com\/actualidad\/diferentes-espacios-de-la-casa-de-la-juventud-contaran-con-nueva-climatizacion-antes-de-que-acabe-el-ano\/\" \/>\n<meta property=\"og:locale\" content=\"es_ES\" \/>\n<meta property=\"og:type\" content=\"article\" \/>\n<meta property=\"og:title\" content=\"Diferentes espacios de la Casa de la Juventud contar\u00e1n con nueva climatizaci\u00f3n antes de que acabe el a\u00f1o\" \/>\n<meta property=\"og:description\" content=\"La Junta de Gobierno Local ha aprobado la adjudicaci\u00f3n del proyecto con una inversi\u00f3n municipal de 80.390 euros\" \/>\n<meta property=\"og:url\" content=\"https:\/\/www.laguiadepamplona.com\/actualidad\/diferentes-espacios-de-la-casa-de-la-juventud-contaran-con-nueva-climatizacion-antes-de-que-acabe-el-ano\/\" \/>\n<meta property=\"og:site_name\" content=\"La Gu\u00eda de Pamplona\" \/>\n<meta property=\"article:publisher\" content=\"https:\/\/www.facebook.com\/laguiadepamplonacom-133175176762273\/?ref=hl\" \/>\n<meta property=\"article:published_time\" content=\"2021-10-14T11:41:56+00:00\" \/>\n<meta property=\"article:modified_time\" content=\"2023-04-11T09:48:52+00:00\" \/>\n<meta property=\"og:image\" content=\"https:\/\/www.laguiadepamplona.com\/actualidad\/wp-content\/uploads\/2021\/01\/CASA-DE-LA-JUVENTUD.jpg\" \/>\n\t<meta property=\"og:image:width\" content=\"1920\" \/>\n\t<meta property=\"og:image:height\" content=\"1080\" \/>\n\t<meta property=\"og:image:type\" content=\"image\/jpeg\" \/>\n<meta name=\"author\" content=\"La Gu\u00eda de Pamplona\" \/>\n<meta name=\"twitter:card\" content=\"summary_large_image\" \/>\n<meta name=\"twitter:creator\" content=\"@LaGuiadPamplona\" \/>\n<meta name=\"twitter:site\" content=\"@LaGuiadPamplona\" \/>\n<meta name=\"twitter:label1\" content=\"Escrito por\" \/>\n\t<meta name=\"twitter:data1\" content=\"La Gu\u00eda de Pamplona\" \/>\n\t<meta name=\"twitter:label2\" content=\"Tiempo de lectura\" \/>\n\t<meta name=\"twitter:data2\" content=\"2 minutos\" \/>\n<script type=\"application\/ld+json\" class=\"yoast-schema-graph\">{\"@context\":\"https:\\\/\\\/schema.org\",\"@graph\":[{\"@type\":\"Article\",\"@id\":\"https:\\\/\\\/www.laguiadepamplona.com\\\/actualidad\\\/diferentes-espacios-de-la-casa-de-la-juventud-contaran-con-nueva-climatizacion-antes-de-que-acabe-el-ano\\\/#article\",\"isPartOf\":{\"@id\":\"https:\\\/\\\/www.laguiadepamplona.com\\\/actualidad\\\/diferentes-espacios-de-la-casa-de-la-juventud-contaran-con-nueva-climatizacion-antes-de-que-acabe-el-ano\\\/\"},\"author\":{\"name\":\"La Gu\u00eda de Pamplona\",\"@id\":\"https:\\\/\\\/www.laguiadepamplona.com\\\/actualidad\\\/#\\\/schema\\\/person\\\/efe887376f0213d4657c93adc50b1fdb\"},\"headline\":\"Diferentes espacios de la Casa de la Juventud contar\u00e1n con nueva climatizaci\u00f3n antes de que acabe el a\u00f1o\",\"datePublished\":\"2021-10-14T11:41:56+00:00\",\"dateModified\":\"2023-04-11T09:48:52+00:00\",\"mainEntityOfPage\":{\"@id\":\"https:\\\/\\\/www.laguiadepamplona.com\\\/actualidad\\\/diferentes-espacios-de-la-casa-de-la-juventud-contaran-con-nueva-climatizacion-antes-de-que-acabe-el-ano\\\/\"},\"wordCount\":455,\"commentCount\":0,\"publisher\":{\"@id\":\"https:\\\/\\\/www.laguiadepamplona.com\\\/actualidad\\\/#organization\"},\"image\":{\"@id\":\"https:\\\/\\\/www.laguiadepamplona.com\\\/actualidad\\\/diferentes-espacios-de-la-casa-de-la-juventud-contaran-con-nueva-climatizacion-antes-de-que-acabe-el-ano\\\/#primaryimage\"},\"thumbnailUrl\":\"https:\\\/\\\/www.laguiadepamplona.com\\\/actualidad\\\/wp-content\\\/uploads\\\/2021\\\/01\\\/CASA-DE-LA-JUVENTUD.jpg\",\"articleSection\":[\"Ayto Pamplona\"],\"inLanguage\":\"es\",\"potentialAction\":[{\"@type\":\"CommentAction\",\"name\":\"Comment\",\"target\":[\"https:\\\/\\\/www.laguiadepamplona.com\\\/actualidad\\\/diferentes-espacios-de-la-casa-de-la-juventud-contaran-con-nueva-climatizacion-antes-de-que-acabe-el-ano\\\/#respond\"]}]},{\"@type\":\"WebPage\",\"@id\":\"https:\\\/\\\/www.laguiadepamplona.com\\\/actualidad\\\/diferentes-espacios-de-la-casa-de-la-juventud-contaran-con-nueva-climatizacion-antes-de-que-acabe-el-ano\\\/\",\"url\":\"https:\\\/\\\/www.laguiadepamplona.com\\\/actualidad\\\/diferentes-espacios-de-la-casa-de-la-juventud-contaran-con-nueva-climatizacion-antes-de-que-acabe-el-ano\\\/\",\"name\":\"Diferentes espacios de la Casa de la Juventud contar\u00e1n con nueva climatizaci\u00f3n antes de que acabe el a\u00f1o\",\"isPartOf\":{\"@id\":\"https:\\\/\\\/www.laguiadepamplona.com\\\/actualidad\\\/#website\"},\"primaryImageOfPage\":{\"@id\":\"https:\\\/\\\/www.laguiadepamplona.com\\\/actualidad\\\/diferentes-espacios-de-la-casa-de-la-juventud-contaran-con-nueva-climatizacion-antes-de-que-acabe-el-ano\\\/#primaryimage\"},\"image\":{\"@id\":\"https:\\\/\\\/www.laguiadepamplona.com\\\/actualidad\\\/diferentes-espacios-de-la-casa-de-la-juventud-contaran-con-nueva-climatizacion-antes-de-que-acabe-el-ano\\\/#primaryimage\"},\"thumbnailUrl\":\"https:\\\/\\\/www.laguiadepamplona.com\\\/actualidad\\\/wp-content\\\/uploads\\\/2021\\\/01\\\/CASA-DE-LA-JUVENTUD.jpg\",\"datePublished\":\"2021-10-14T11:41:56+00:00\",\"dateModified\":\"2023-04-11T09:48:52+00:00\",\"description\":\"La Junta de Gobierno Local ha aprobado la adjudicaci\u00f3n del proyecto con una inversi\u00f3n municipal de 80.390 euros\",\"breadcrumb\":{\"@id\":\"https:\\\/\\\/www.laguiadepamplona.com\\\/actualidad\\\/diferentes-espacios-de-la-casa-de-la-juventud-contaran-con-nueva-climatizacion-antes-de-que-acabe-el-ano\\\/#breadcrumb\"},\"inLanguage\":\"es\",\"potentialAction\":[{\"@type\":\"ReadAction\",\"target\":[\"https:\\\/\\\/www.laguiadepamplona.com\\\/actualidad\\\/diferentes-espacios-de-la-casa-de-la-juventud-contaran-con-nueva-climatizacion-antes-de-que-acabe-el-ano\\\/\"]}]},{\"@type\":\"ImageObject\",\"inLanguage\":\"es\",\"@id\":\"https:\\\/\\\/www.laguiadepamplona.com\\\/actualidad\\\/diferentes-espacios-de-la-casa-de-la-juventud-contaran-con-nueva-climatizacion-antes-de-que-acabe-el-ano\\\/#primaryimage\",\"url\":\"https:\\\/\\\/www.laguiadepamplona.com\\\/actualidad\\\/wp-content\\\/uploads\\\/2021\\\/01\\\/CASA-DE-LA-JUVENTUD.jpg\",\"contentUrl\":\"https:\\\/\\\/www.laguiadepamplona.com\\\/actualidad\\\/wp-content\\\/uploads\\\/2021\\\/01\\\/CASA-DE-LA-JUVENTUD.jpg\",\"width\":1920,\"height\":1080,\"caption\":\"casa juventud\"},{\"@type\":\"BreadcrumbList\",\"@id\":\"https:\\\/\\\/www.laguiadepamplona.com\\\/actualidad\\\/diferentes-espacios-de-la-casa-de-la-juventud-contaran-con-nueva-climatizacion-antes-de-que-acabe-el-ano\\\/#breadcrumb\",\"itemListElement\":[{\"@type\":\"ListItem\",\"position\":1,\"name\":\"Portada\",\"item\":\"https:\\\/\\\/www.laguiadepamplona.com\\\/actualidad\\\/\"},{\"@type\":\"ListItem\",\"position\":2,\"name\":\"Diferentes espacios de la Casa de la Juventud contar\u00e1n con nueva climatizaci\u00f3n antes de que acabe el a\u00f1o\"}]},{\"@type\":\"WebSite\",\"@id\":\"https:\\\/\\\/www.laguiadepamplona.com\\\/actualidad\\\/#website\",\"url\":\"https:\\\/\\\/www.laguiadepamplona.com\\\/actualidad\\\/\",\"name\":\"La gu\u00eda de Pamplona\",\"description\":\"Noticias de Pamplona\",\"publisher\":{\"@id\":\"https:\\\/\\\/www.laguiadepamplona.com\\\/actualidad\\\/#organization\"},\"potentialAction\":[{\"@type\":\"SearchAction\",\"target\":{\"@type\":\"EntryPoint\",\"urlTemplate\":\"https:\\\/\\\/www.laguiadepamplona.com\\\/actualidad\\\/?s={search_term_string}\"},\"query-input\":{\"@type\":\"PropertyValueSpecification\",\"valueRequired\":true,\"valueName\":\"search_term_string\"}}],\"inLanguage\":\"es\"},{\"@type\":\"Organization\",\"@id\":\"https:\\\/\\\/www.laguiadepamplona.com\\\/actualidad\\\/#organization\",\"name\":\"La Gu\u00eda de Pamplona \\\/ Noticias\",\"url\":\"https:\\\/\\\/www.laguiadepamplona.com\\\/actualidad\\\/\",\"logo\":{\"@type\":\"ImageObject\",\"inLanguage\":\"es\",\"@id\":\"https:\\\/\\\/www.laguiadepamplona.com\\\/actualidad\\\/#\\\/schema\\\/logo\\\/image\\\/\",\"url\":\"https:\\\/\\\/www.laguiadepamplona.com\\\/actualidad\\\/wp-content\\\/uploads\\\/2018\\\/11\\\/logo-laguiadepamplona18-web1.png\",\"contentUrl\":\"https:\\\/\\\/www.laguiadepamplona.com\\\/actualidad\\\/wp-content\\\/uploads\\\/2018\\\/11\\\/logo-laguiadepamplona18-web1.png\",\"width\":600,\"height\":196,\"caption\":\"La Gu\u00eda de Pamplona \\\/ Noticias\"},\"image\":{\"@id\":\"https:\\\/\\\/www.laguiadepamplona.com\\\/actualidad\\\/#\\\/schema\\\/logo\\\/image\\\/\"},\"sameAs\":[\"https:\\\/\\\/www.facebook.com\\\/laguiadepamplonacom-133175176762273\\\/?ref=hl\",\"https:\\\/\\\/x.com\\\/LaGuiadPamplona\",\"https:\\\/\\\/www.instagram.com\\\/la_guia_de_pamplona\\\/\",\"https:\\\/\\\/www.youtube.com\\\/user\\\/laguiadepamplona\"]},{\"@type\":\"Person\",\"@id\":\"https:\\\/\\\/www.laguiadepamplona.com\\\/actualidad\\\/#\\\/schema\\\/person\\\/efe887376f0213d4657c93adc50b1fdb\",\"name\":\"La Gu\u00eda de Pamplona\",\"image\":{\"@type\":\"ImageObject\",\"inLanguage\":\"es\",\"@id\":\"https:\\\/\\\/secure.gravatar.com\\\/avatar\\\/b6992f131dc8d30ab0dff15446e9d346d9dbd95992de0fef795073f5ea83a81c?s=96&d=mm&r=g\",\"url\":\"https:\\\/\\\/secure.gravatar.com\\\/avatar\\\/b6992f131dc8d30ab0dff15446e9d346d9dbd95992de0fef795073f5ea83a81c?s=96&d=mm&r=g\",\"contentUrl\":\"https:\\\/\\\/secure.gravatar.com\\\/avatar\\\/b6992f131dc8d30ab0dff15446e9d346d9dbd95992de0fef795073f5ea83a81c?s=96&d=mm&r=g\",\"caption\":\"La Gu\u00eda de Pamplona\"}}]}<\/script>\n<!-- \/ Yoast SEO plugin. -->","yoast_head_json":{"title":"Diferentes espacios de la Casa de la Juventud contar\u00e1n con nueva climatizaci\u00f3n antes de que acabe el a\u00f1o","description":"La Junta de Gobierno Local ha aprobado la adjudicaci\u00f3n del proyecto con una inversi\u00f3n municipal de 80.390 euros","robots":{"index":"index","follow":"follow","max-snippet":"max-snippet:-1","max-image-preview":"max-image-preview:large","max-video-preview":"max-video-preview:-1"},"canonical":"https:\/\/www.laguiadepamplona.com\/actualidad\/diferentes-espacios-de-la-casa-de-la-juventud-contaran-con-nueva-climatizacion-antes-de-que-acabe-el-ano\/","og_locale":"es_ES","og_type":"article","og_title":"Diferentes espacios de la Casa de la Juventud contar\u00e1n con nueva climatizaci\u00f3n antes de que acabe el a\u00f1o","og_description":"La Junta de Gobierno Local ha aprobado la adjudicaci\u00f3n del proyecto con una inversi\u00f3n municipal de 80.390 euros","og_url":"https:\/\/www.laguiadepamplona.com\/actualidad\/diferentes-espacios-de-la-casa-de-la-juventud-contaran-con-nueva-climatizacion-antes-de-que-acabe-el-ano\/","og_site_name":"La Gu\u00eda de Pamplona","article_publisher":"https:\/\/www.facebook.com\/laguiadepamplonacom-133175176762273\/?ref=hl","article_published_time":"2021-10-14T11:41:56+00:00","article_modified_time":"2023-04-11T09:48:52+00:00","og_image":[{"width":1920,"height":1080,"url":"https:\/\/www.laguiadepamplona.com\/actualidad\/wp-content\/uploads\/2021\/01\/CASA-DE-LA-JUVENTUD.jpg","type":"image\/jpeg"}],"author":"La Gu\u00eda de Pamplona","twitter_card":"summary_large_image","twitter_creator":"@LaGuiadPamplona","twitter_site":"@LaGuiadPamplona","twitter_misc":{"Escrito por":"La Gu\u00eda de Pamplona","Tiempo de lectura":"2 minutos"},"schema":{"@context":"https:\/\/schema.org","@graph":[{"@type":"Article","@id":"https:\/\/www.laguiadepamplona.com\/actualidad\/diferentes-espacios-de-la-casa-de-la-juventud-contaran-con-nueva-climatizacion-antes-de-que-acabe-el-ano\/#article","isPartOf":{"@id":"https:\/\/www.laguiadepamplona.com\/actualidad\/diferentes-espacios-de-la-casa-de-la-juventud-contaran-con-nueva-climatizacion-antes-de-que-acabe-el-ano\/"},"author":{"name":"La Gu\u00eda de Pamplona","@id":"https:\/\/www.laguiadepamplona.com\/actualidad\/#\/schema\/person\/efe887376f0213d4657c93adc50b1fdb"},"headline":"Diferentes espacios de la Casa de la Juventud contar\u00e1n con nueva climatizaci\u00f3n antes de que acabe el a\u00f1o","datePublished":"2021-10-14T11:41:56+00:00","dateModified":"2023-04-11T09:48:52+00:00","mainEntityOfPage":{"@id":"https:\/\/www.laguiadepamplona.com\/actualidad\/diferentes-espacios-de-la-casa-de-la-juventud-contaran-con-nueva-climatizacion-antes-de-que-acabe-el-ano\/"},"wordCount":455,"commentCount":0,"publisher":{"@id":"https:\/\/www.laguiadepamplona.com\/actualidad\/#organization"},"image":{"@id":"https:\/\/www.laguiadepamplona.com\/actualidad\/diferentes-espacios-de-la-casa-de-la-juventud-contaran-con-nueva-climatizacion-antes-de-que-acabe-el-ano\/#primaryimage"},"thumbnailUrl":"https:\/\/www.laguiadepamplona.com\/actualidad\/wp-content\/uploads\/2021\/01\/CASA-DE-LA-JUVENTUD.jpg","articleSection":["Ayto Pamplona"],"inLanguage":"es","potentialAction":[{"@type":"CommentAction","name":"Comment","target":["https:\/\/www.laguiadepamplona.com\/actualidad\/diferentes-espacios-de-la-casa-de-la-juventud-contaran-con-nueva-climatizacion-antes-de-que-acabe-el-ano\/#respond"]}]},{"@type":"WebPage","@id":"https:\/\/www.laguiadepamplona.com\/actualidad\/diferentes-espacios-de-la-casa-de-la-juventud-contaran-con-nueva-climatizacion-antes-de-que-acabe-el-ano\/","url":"https:\/\/www.laguiadepamplona.com\/actualidad\/diferentes-espacios-de-la-casa-de-la-juventud-contaran-con-nueva-climatizacion-antes-de-que-acabe-el-ano\/","name":"Diferentes espacios de la Casa de la Juventud contar\u00e1n con nueva climatizaci\u00f3n antes de que acabe el a\u00f1o","isPartOf":{"@id":"https:\/\/www.laguiadepamplona.com\/actualidad\/#website"},"primaryImageOfPage":{"@id":"https:\/\/www.laguiadepamplona.com\/actualidad\/diferentes-espacios-de-la-casa-de-la-juventud-contaran-con-nueva-climatizacion-antes-de-que-acabe-el-ano\/#primaryimage"},"image":{"@id":"https:\/\/www.laguiadepamplona.com\/actualidad\/diferentes-espacios-de-la-casa-de-la-juventud-contaran-con-nueva-climatizacion-antes-de-que-acabe-el-ano\/#primaryimage"},"thumbnailUrl":"https:\/\/www.laguiadepamplona.com\/actualidad\/wp-content\/uploads\/2021\/01\/CASA-DE-LA-JUVENTUD.jpg","datePublished":"2021-10-14T11:41:56+00:00","dateModified":"2023-04-11T09:48:52+00:00","description":"La Junta de Gobierno Local ha aprobado la adjudicaci\u00f3n del proyecto con una inversi\u00f3n municipal de 80.390 euros","breadcrumb":{"@id":"https:\/\/www.laguiadepamplona.com\/actualidad\/diferentes-espacios-de-la-casa-de-la-juventud-contaran-con-nueva-climatizacion-antes-de-que-acabe-el-ano\/#breadcrumb"},"inLanguage":"es","potentialAction":[{"@type":"ReadAction","target":["https:\/\/www.laguiadepamplona.com\/actualidad\/diferentes-espacios-de-la-casa-de-la-juventud-contaran-con-nueva-climatizacion-antes-de-que-acabe-el-ano\/"]}]},{"@type":"ImageObject","inLanguage":"es","@id":"https:\/\/www.laguiadepamplona.com\/actualidad\/diferentes-espacios-de-la-casa-de-la-juventud-contaran-con-nueva-climatizacion-antes-de-que-acabe-el-ano\/#primaryimage","url":"https:\/\/www.laguiadepamplona.com\/actualidad\/wp-content\/uploads\/2021\/01\/CASA-DE-LA-JUVENTUD.jpg","contentUrl":"https:\/\/www.laguiadepamplona.com\/actualidad\/wp-content\/uploads\/2021\/01\/CASA-DE-LA-JUVENTUD.jpg","width":1920,"height":1080,"caption":"casa juventud"},{"@type":"BreadcrumbList","@id":"https:\/\/www.laguiadepamplona.com\/actualidad\/diferentes-espacios-de-la-casa-de-la-juventud-contaran-con-nueva-climatizacion-antes-de-que-acabe-el-ano\/#breadcrumb","itemListElement":[{"@type":"ListItem","position":1,"name":"Portada","item":"https:\/\/www.laguiadepamplona.com\/actualidad\/"},{"@type":"ListItem","position":2,"name":"Diferentes espacios de la Casa de la Juventud contar\u00e1n con nueva climatizaci\u00f3n antes de que acabe el a\u00f1o"}]},{"@type":"WebSite","@id":"https:\/\/www.laguiadepamplona.com\/actualidad\/#website","url":"https:\/\/www.laguiadepamplona.com\/actualidad\/","name":"La gu\u00eda de Pamplona","description":"Noticias de Pamplona","publisher":{"@id":"https:\/\/www.laguiadepamplona.com\/actualidad\/#organization"},"potentialAction":[{"@type":"SearchAction","target":{"@type":"EntryPoint","urlTemplate":"https:\/\/www.laguiadepamplona.com\/actualidad\/?s={search_term_string}"},"query-input":{"@type":"PropertyValueSpecification","valueRequired":true,"valueName":"search_term_string"}}],"inLanguage":"es"},{"@type":"Organization","@id":"https:\/\/www.laguiadepamplona.com\/actualidad\/#organization","name":"La Gu\u00eda de Pamplona \/ Noticias","url":"https:\/\/www.laguiadepamplona.com\/actualidad\/","logo":{"@type":"ImageObject","inLanguage":"es","@id":"https:\/\/www.laguiadepamplona.com\/actualidad\/#\/schema\/logo\/image\/","url":"https:\/\/www.laguiadepamplona.com\/actualidad\/wp-content\/uploads\/2018\/11\/logo-laguiadepamplona18-web1.png","contentUrl":"https:\/\/www.laguiadepamplona.com\/actualidad\/wp-content\/uploads\/2018\/11\/logo-laguiadepamplona18-web1.png","width":600,"height":196,"caption":"La Gu\u00eda de Pamplona \/ Noticias"},"image":{"@id":"https:\/\/www.laguiadepamplona.com\/actualidad\/#\/schema\/logo\/image\/"},"sameAs":["https:\/\/www.facebook.com\/laguiadepamplonacom-133175176762273\/?ref=hl","https:\/\/x.com\/LaGuiadPamplona","https:\/\/www.instagram.com\/la_guia_de_pamplona\/","https:\/\/www.youtube.com\/user\/laguiadepamplona"]},{"@type":"Person","@id":"https:\/\/www.laguiadepamplona.com\/actualidad\/#\/schema\/person\/efe887376f0213d4657c93adc50b1fdb","name":"La Gu\u00eda de Pamplona","image":{"@type":"ImageObject","inLanguage":"es","@id":"https:\/\/secure.gravatar.com\/avatar\/b6992f131dc8d30ab0dff15446e9d346d9dbd95992de0fef795073f5ea83a81c?s=96&d=mm&r=g","url":"https:\/\/secure.gravatar.com\/avatar\/b6992f131dc8d30ab0dff15446e9d346d9dbd95992de0fef795073f5ea83a81c?s=96&d=mm&r=g","contentUrl":"https:\/\/secure.gravatar.com\/avatar\/b6992f131dc8d30ab0dff15446e9d346d9dbd95992de0fef795073f5ea83a81c?s=96&d=mm&r=g","caption":"La Gu\u00eda de Pamplona"}}]}},"post_mailing_queue_ids":[],"_links":{"self":[{"href":"https:\/\/www.laguiadepamplona.com\/actualidad\/wp-json\/wp\/v2\/posts\/36990","targetHints":{"allow":["GET"]}}],"collection":[{"href":"https:\/\/www.laguiadepamplona.com\/actualidad\/wp-json\/wp\/v2\/posts"}],"about":[{"href":"https:\/\/www.laguiadepamplona.com\/actualidad\/wp-json\/wp\/v2\/types\/post"}],"author":[{"embeddable":true,"href":"https:\/\/www.laguiadepamplona.com\/actualidad\/wp-json\/wp\/v2\/users\/1"}],"replies":[{"embeddable":true,"href":"https:\/\/www.laguiadepamplona.com\/actualidad\/wp-json\/wp\/v2\/comments?post=36990"}],"version-history":[{"count":0,"href":"https:\/\/www.laguiadepamplona.com\/actualidad\/wp-json\/wp\/v2\/posts\/36990\/revisions"}],"wp:featuredmedia":[{"embeddable":true,"href":"https:\/\/www.laguiadepamplona.com\/actualidad\/wp-json\/wp\/v2\/media\/32672"}],"wp:attachment":[{"href":"https:\/\/www.laguiadepamplona.com\/actualidad\/wp-json\/wp\/v2\/media?parent=36990"}],"wp:term":[{"taxonomy":"category","embeddable":true,"href":"https:\/\/www.laguiadepamplona.com\/actualidad\/wp-json\/wp\/v2\/categories?post=36990"},{"taxonomy":"post_tag","embeddable":true,"href":"https:\/\/www.laguiadepamplona.com\/actualidad\/wp-json\/wp\/v2\/tags?post=36990"}],"curies":[{"name":"wp","href":"https:\/\/api.w.org\/{rel}","templated":true}]}}