{"id":36979,"date":"2021-10-14T13:35:40","date_gmt":"2021-10-14T11:35:40","guid":{"rendered":"https:\/\/www.laguiadepamplona.com\/actualidad\/?p=36979"},"modified":"2023-04-11T11:48:52","modified_gmt":"2023-04-11T09:48:52","slug":"personas-con-tarjeta-de-discapacidad-floristerias-y-empresas-de-servicios-ya-pueden-solicitar-el-permiso-de-acceso-en-vehiculo-al-cementerio-en-todos-los-santos","status":"publish","type":"post","link":"https:\/\/www.laguiadepamplona.com\/actualidad\/personas-con-tarjeta-de-discapacidad-floristerias-y-empresas-de-servicios-ya-pueden-solicitar-el-permiso-de-acceso-en-vehiculo-al-cementerio-en-todos-los-santos\/","title":{"rendered":"Personas con tarjeta de discapacidad, florister\u00edas y empresas de servicios ya pueden solicitar el permiso de acceso en veh\u00edculo al Cementerio en Todos los Santos"},"content":{"rendered":"<h5>El tr\u00e1fico de veh\u00edculos particulares se restringe en el entorno del Cementerio del 30 de octubre al 1 de noviembre debido a la gran afluencia de personas<\/h5>\n<p><!--more--><\/p>\n<p>Las personas con tarjetas de discapacidad o las que tengan movilidad reducida que pueda ser justificada, las florister\u00edas y las empresas que prestan servicios en el Cementerio de San Jos\u00e9 ya pueden solicitar el permiso de acceso en veh\u00edculo a la puerta del camposanto en Todos los Santos. Como todos los a\u00f1os, el tr\u00e1fico de veh\u00edculos particulares se restringir\u00e1 en ese entorno entre el 30 de octubre y el 1 de noviembre para garantizar la seguridad de la gran afluencia de personas que esos d\u00edas acuden al recinto para la celebraci\u00f3n del D\u00eda de Todos los Santos.<\/p>\n<p>Las personas que deseen solicitar tarjeta lo pueden hacer a trav\u00e9s del correo electr\u00f3nico <a href=\"mailto:e.navaz@pamplona.es\">e.navaz@pamplona.es<\/a>. Los veh\u00edculos que estacionen en las inmediaciones lo har\u00e1n durante un tiempo limitado de una hora.<\/p>\n<p><script async src=\"\/\/pagead2.googlesyndication.com\/pagead\/js\/adsbygoogle.js\"><\/script><br \/>\n<!-- Noticias La Guia de Pamplona --><br \/>\n<ins class=\"adsbygoogle\"\nstyle=\"display:block\"\ndata-ad-client=\"ca-pub-6943679897239327\"\ndata-ad-slot=\"7048180777\"\ndata-ad-format=\"auto\"><\/ins><br \/>\n<script>\n(adsbygoogle = window.adsbygoogle || []).push({});\n<\/script><\/p>\n<p><strong>Se recomienda realizar las visitas los d\u00edas previos<\/strong><\/p>\n<p>El Ayuntamiento de Pamplona recomienda realizar las visitas al Cementerio San Jos\u00e9, con motivo de Todos los Santos, los d\u00edas previos a la festividad para evitar que pueda coincidir al mismo tiempo un n\u00famero elevado de personas. El horario de apertura es de 8 a 18.30 horas (la \u00faltima puerta se cierra a las 19 horas) hasta el 2 de noviembre.<\/p>\n<p>Este a\u00f1o, de mantenerse la situaci\u00f3n sanitaria como en este momento, no se aplicar\u00e1n medidas como las de 2020 provocadas por la pandemia. En esta ocasi\u00f3n, no se establecer\u00e1 un aforo m\u00e1ximo por lo que no se controlar\u00e1n los accesos y tampoco habr\u00e1 restricciones sobre el n\u00famero de personas m\u00e1ximos que podr\u00e1n congregarse en un grupo. S\u00ed habr\u00e1 que utilizar mascarilla en todo momento y mantener la distancia de seguridad. Los aseos permanecer\u00e1n abiertos y se podr\u00e1n utilizar las plataformas y escaleras de uso com\u00fan adem\u00e1s de las fuentes.<\/p>\n<p><script async src=\"\/\/pagead2.googlesyndication.com\/pagead\/js\/adsbygoogle.js\"><\/script><br \/>\n<!-- Noticias La Guia de Pamplona --><br \/>\n<ins class=\"adsbygoogle\"\nstyle=\"display:block\"\ndata-ad-client=\"ca-pub-6943679897239327\"\ndata-ad-slot=\"7048180777\"\ndata-ad-format=\"auto\"><\/ins><br \/>\n<script>\n(adsbygoogle = window.adsbygoogle || []).push({});\n<\/script><\/p>\n<p><strong>Cierre de acceso en veh\u00edculos como en a\u00f1os anteriores<\/strong><\/p>\n<p>Est\u00e1 previsto que Polic\u00eda Municipal de Pamplona establezca el habitual dispositivo de control de accesos. Los d\u00edas 30 y 31 de octubre y 1 de noviembre el acceso al cementerio desde la avenida de Navarra, junto a la Agrupaci\u00f3n Deportiva San Juan, estar\u00e1 destinado solamente al tr\u00e1nsito peatonal.<\/p>\n<p>Esos tres d\u00edas, de 8 a 20 horas, quedar\u00e1n cerradas al tr\u00e1fico la rotonda de avenida de Navarra, junto a la Agrupaci\u00f3n Deportiva San Juan; la rotonda en la que confluyen las calles Orcoyen y Biurdana, junto al I.E.S. Julio Caro Baroja-La Granja, y la carretera de Miluze a partir de su acceso m\u00e1s pr\u00f3ximo a Bara\u00f1\u00e1in. No obstante, durante las horas en que la asistencia de personas y, sobre todo, de veh\u00edculos no sea muy numerosa, Polic\u00eda Municipal permitir\u00e1n el paso de veh\u00edculos en la rotonda de Orcoyen y Biurdana y en la carretera de Miluze.<\/p>\n<p><script async src=\"\/\/pagead2.googlesyndication.com\/pagead\/js\/adsbygoogle.js\"><\/script><br \/>\n<!-- Noticias La Guia de Pamplona --><br \/>\n<ins class=\"adsbygoogle\"\nstyle=\"display:block\"\ndata-ad-client=\"ca-pub-6943679897239327\"\ndata-ad-slot=\"7048180777\"\ndata-ad-format=\"auto\"><\/ins><br \/>\n<script>\n(adsbygoogle = window.adsbygoogle || []).push({});\n<\/script><\/p>\n<p><strong>Aparcar en el estacionamiento provisional o en San Juan<\/strong><\/p>\n<p>Para quienes lo deseen est\u00e1 disponible el estacionamiento provisional en superficie junto a la rotonda de la avenida de Navarra, entre la Agrupaci\u00f3n Deportiva San Juan y el parque de Biurdana, con acceso desde la avenida de Navarra. Adem\u00e1s, como los viales del Barrio de San Juan cercanos al Cementerio son de estacionamiento regulado, existir\u00e1 un gran n\u00famero de plazas de rotaci\u00f3n disponibles.<\/p>\n<p>Los veh\u00edculos que, por alguno de los motivos de excepci\u00f3n, accedan hasta las inmediaciones del cementerio lo har\u00e1n \u00fanica y exclusivamente por la carretera que parte de la rotonda situada en la confluencia de las calles Orcoyen y Biurdana, junto al I.E.S. Julio Caro Baroja-La Granja, y saldr\u00e1n por la carretera de Miluze en direcci\u00f3n Bara\u00f1\u00e1in.<\/p>\n","protected":false},"excerpt":{"rendered":"<p>El tr\u00e1fico de veh\u00edculos particulares se restringe en el entorno del Cementerio del 30 de octubre al 1 de noviembre debido a la gran afluencia de personas<\/p>\n","protected":false},"author":1,"featured_media":36018,"comment_status":"open","ping_status":"closed","sticky":false,"template":"","format":"standard","meta":{"footnotes":""},"categories":[2],"tags":[],"class_list":["post-36979","post","type-post","status-publish","format-standard","has-post-thumbnail","hentry","category-ayuntamiento-pamplona"],"yoast_head":"<!-- This site is optimized with the Yoast SEO plugin v27.5 - https:\/\/yoast.com\/product\/yoast-seo-wordpress\/ -->\n<title>Personas con tarjeta de discapacidad, florister\u00edas y empresas de servicios ya pueden solicitar el permiso de acceso en veh\u00edculo al Cementerio en Todos los Santos<\/title>\n<meta name=\"description\" content=\"El tr\u00e1fico de veh\u00edculos particulares se restringe en el entorno del Cementerio del 30 de octubre al 1 de noviembre debido a la gran afluencia de personas\" \/>\n<meta name=\"robots\" content=\"index, follow, max-snippet:-1, max-image-preview:large, max-video-preview:-1\" \/>\n<link rel=\"canonical\" href=\"https:\/\/www.laguiadepamplona.com\/actualidad\/personas-con-tarjeta-de-discapacidad-floristerias-y-empresas-de-servicios-ya-pueden-solicitar-el-permiso-de-acceso-en-vehiculo-al-cementerio-en-todos-los-santos\/\" \/>\n<meta property=\"og:locale\" content=\"es_ES\" \/>\n<meta property=\"og:type\" content=\"article\" \/>\n<meta property=\"og:title\" content=\"Personas con tarjeta de discapacidad, florister\u00edas y empresas de servicios ya pueden solicitar el permiso de acceso en veh\u00edculo al Cementerio en Todos los Santos\" \/>\n<meta property=\"og:description\" content=\"El tr\u00e1fico de veh\u00edculos particulares se restringe en el entorno del Cementerio del 30 de octubre al 1 de noviembre debido a la gran afluencia de personas\" \/>\n<meta property=\"og:url\" content=\"https:\/\/www.laguiadepamplona.com\/actualidad\/personas-con-tarjeta-de-discapacidad-floristerias-y-empresas-de-servicios-ya-pueden-solicitar-el-permiso-de-acceso-en-vehiculo-al-cementerio-en-todos-los-santos\/\" \/>\n<meta property=\"og:site_name\" content=\"La Gu\u00eda de Pamplona\" \/>\n<meta property=\"article:publisher\" content=\"https:\/\/www.facebook.com\/laguiadepamplonacom-133175176762273\/?ref=hl\" \/>\n<meta property=\"article:published_time\" content=\"2021-10-14T11:35:40+00:00\" \/>\n<meta property=\"article:modified_time\" content=\"2023-04-11T09:48:52+00:00\" \/>\n<meta property=\"og:image\" content=\"https:\/\/www.laguiadepamplona.com\/actualidad\/wp-content\/uploads\/2021\/07\/cementerio_JMG4903.jpg\" \/>\n\t<meta property=\"og:image:width\" content=\"1920\" \/>\n\t<meta property=\"og:image:height\" content=\"1280\" \/>\n\t<meta property=\"og:image:type\" content=\"image\/jpeg\" \/>\n<meta name=\"author\" content=\"La Gu\u00eda de Pamplona\" \/>\n<meta name=\"twitter:card\" content=\"summary_large_image\" \/>\n<meta name=\"twitter:creator\" content=\"@LaGuiadPamplona\" \/>\n<meta name=\"twitter:site\" content=\"@LaGuiadPamplona\" \/>\n<meta name=\"twitter:label1\" content=\"Escrito por\" \/>\n\t<meta name=\"twitter:data1\" content=\"La Gu\u00eda de Pamplona\" \/>\n\t<meta name=\"twitter:label2\" content=\"Tiempo de lectura\" \/>\n\t<meta name=\"twitter:data2\" content=\"3 minutos\" \/>\n<script type=\"application\/ld+json\" class=\"yoast-schema-graph\">{\"@context\":\"https:\\\/\\\/schema.org\",\"@graph\":[{\"@type\":\"Article\",\"@id\":\"https:\\\/\\\/www.laguiadepamplona.com\\\/actualidad\\\/personas-con-tarjeta-de-discapacidad-floristerias-y-empresas-de-servicios-ya-pueden-solicitar-el-permiso-de-acceso-en-vehiculo-al-cementerio-en-todos-los-santos\\\/#article\",\"isPartOf\":{\"@id\":\"https:\\\/\\\/www.laguiadepamplona.com\\\/actualidad\\\/personas-con-tarjeta-de-discapacidad-floristerias-y-empresas-de-servicios-ya-pueden-solicitar-el-permiso-de-acceso-en-vehiculo-al-cementerio-en-todos-los-santos\\\/\"},\"author\":{\"name\":\"La Gu\u00eda de Pamplona\",\"@id\":\"https:\\\/\\\/www.laguiadepamplona.com\\\/actualidad\\\/#\\\/schema\\\/person\\\/efe887376f0213d4657c93adc50b1fdb\"},\"headline\":\"Personas con tarjeta de discapacidad, florister\u00edas y empresas de servicios ya pueden solicitar el permiso de acceso en veh\u00edculo al Cementerio en Todos los Santos\",\"datePublished\":\"2021-10-14T11:35:40+00:00\",\"dateModified\":\"2023-04-11T09:48:52+00:00\",\"mainEntityOfPage\":{\"@id\":\"https:\\\/\\\/www.laguiadepamplona.com\\\/actualidad\\\/personas-con-tarjeta-de-discapacidad-floristerias-y-empresas-de-servicios-ya-pueden-solicitar-el-permiso-de-acceso-en-vehiculo-al-cementerio-en-todos-los-santos\\\/\"},\"wordCount\":672,\"commentCount\":0,\"publisher\":{\"@id\":\"https:\\\/\\\/www.laguiadepamplona.com\\\/actualidad\\\/#organization\"},\"image\":{\"@id\":\"https:\\\/\\\/www.laguiadepamplona.com\\\/actualidad\\\/personas-con-tarjeta-de-discapacidad-floristerias-y-empresas-de-servicios-ya-pueden-solicitar-el-permiso-de-acceso-en-vehiculo-al-cementerio-en-todos-los-santos\\\/#primaryimage\"},\"thumbnailUrl\":\"https:\\\/\\\/www.laguiadepamplona.com\\\/actualidad\\\/wp-content\\\/uploads\\\/2021\\\/07\\\/cementerio_JMG4903.jpg\",\"articleSection\":[\"Ayto Pamplona\"],\"inLanguage\":\"es\",\"potentialAction\":[{\"@type\":\"CommentAction\",\"name\":\"Comment\",\"target\":[\"https:\\\/\\\/www.laguiadepamplona.com\\\/actualidad\\\/personas-con-tarjeta-de-discapacidad-floristerias-y-empresas-de-servicios-ya-pueden-solicitar-el-permiso-de-acceso-en-vehiculo-al-cementerio-en-todos-los-santos\\\/#respond\"]}]},{\"@type\":\"WebPage\",\"@id\":\"https:\\\/\\\/www.laguiadepamplona.com\\\/actualidad\\\/personas-con-tarjeta-de-discapacidad-floristerias-y-empresas-de-servicios-ya-pueden-solicitar-el-permiso-de-acceso-en-vehiculo-al-cementerio-en-todos-los-santos\\\/\",\"url\":\"https:\\\/\\\/www.laguiadepamplona.com\\\/actualidad\\\/personas-con-tarjeta-de-discapacidad-floristerias-y-empresas-de-servicios-ya-pueden-solicitar-el-permiso-de-acceso-en-vehiculo-al-cementerio-en-todos-los-santos\\\/\",\"name\":\"Personas con tarjeta de discapacidad, florister\u00edas y empresas de servicios ya pueden solicitar el permiso de acceso en veh\u00edculo al Cementerio en Todos los Santos\",\"isPartOf\":{\"@id\":\"https:\\\/\\\/www.laguiadepamplona.com\\\/actualidad\\\/#website\"},\"primaryImageOfPage\":{\"@id\":\"https:\\\/\\\/www.laguiadepamplona.com\\\/actualidad\\\/personas-con-tarjeta-de-discapacidad-floristerias-y-empresas-de-servicios-ya-pueden-solicitar-el-permiso-de-acceso-en-vehiculo-al-cementerio-en-todos-los-santos\\\/#primaryimage\"},\"image\":{\"@id\":\"https:\\\/\\\/www.laguiadepamplona.com\\\/actualidad\\\/personas-con-tarjeta-de-discapacidad-floristerias-y-empresas-de-servicios-ya-pueden-solicitar-el-permiso-de-acceso-en-vehiculo-al-cementerio-en-todos-los-santos\\\/#primaryimage\"},\"thumbnailUrl\":\"https:\\\/\\\/www.laguiadepamplona.com\\\/actualidad\\\/wp-content\\\/uploads\\\/2021\\\/07\\\/cementerio_JMG4903.jpg\",\"datePublished\":\"2021-10-14T11:35:40+00:00\",\"dateModified\":\"2023-04-11T09:48:52+00:00\",\"description\":\"El tr\u00e1fico de veh\u00edculos particulares se restringe en el entorno del Cementerio del 30 de octubre al 1 de noviembre debido a la gran afluencia de personas\",\"breadcrumb\":{\"@id\":\"https:\\\/\\\/www.laguiadepamplona.com\\\/actualidad\\\/personas-con-tarjeta-de-discapacidad-floristerias-y-empresas-de-servicios-ya-pueden-solicitar-el-permiso-de-acceso-en-vehiculo-al-cementerio-en-todos-los-santos\\\/#breadcrumb\"},\"inLanguage\":\"es\",\"potentialAction\":[{\"@type\":\"ReadAction\",\"target\":[\"https:\\\/\\\/www.laguiadepamplona.com\\\/actualidad\\\/personas-con-tarjeta-de-discapacidad-floristerias-y-empresas-de-servicios-ya-pueden-solicitar-el-permiso-de-acceso-en-vehiculo-al-cementerio-en-todos-los-santos\\\/\"]}]},{\"@type\":\"ImageObject\",\"inLanguage\":\"es\",\"@id\":\"https:\\\/\\\/www.laguiadepamplona.com\\\/actualidad\\\/personas-con-tarjeta-de-discapacidad-floristerias-y-empresas-de-servicios-ya-pueden-solicitar-el-permiso-de-acceso-en-vehiculo-al-cementerio-en-todos-los-santos\\\/#primaryimage\",\"url\":\"https:\\\/\\\/www.laguiadepamplona.com\\\/actualidad\\\/wp-content\\\/uploads\\\/2021\\\/07\\\/cementerio_JMG4903.jpg\",\"contentUrl\":\"https:\\\/\\\/www.laguiadepamplona.com\\\/actualidad\\\/wp-content\\\/uploads\\\/2021\\\/07\\\/cementerio_JMG4903.jpg\",\"width\":1920,\"height\":1280},{\"@type\":\"BreadcrumbList\",\"@id\":\"https:\\\/\\\/www.laguiadepamplona.com\\\/actualidad\\\/personas-con-tarjeta-de-discapacidad-floristerias-y-empresas-de-servicios-ya-pueden-solicitar-el-permiso-de-acceso-en-vehiculo-al-cementerio-en-todos-los-santos\\\/#breadcrumb\",\"itemListElement\":[{\"@type\":\"ListItem\",\"position\":1,\"name\":\"Portada\",\"item\":\"https:\\\/\\\/www.laguiadepamplona.com\\\/actualidad\\\/\"},{\"@type\":\"ListItem\",\"position\":2,\"name\":\"Personas con tarjeta de discapacidad, florister\u00edas y empresas de servicios ya pueden solicitar el permiso de acceso en veh\u00edculo al Cementerio en Todos los Santos\"}]},{\"@type\":\"WebSite\",\"@id\":\"https:\\\/\\\/www.laguiadepamplona.com\\\/actualidad\\\/#website\",\"url\":\"https:\\\/\\\/www.laguiadepamplona.com\\\/actualidad\\\/\",\"name\":\"La gu\u00eda de Pamplona\",\"description\":\"Noticias de Pamplona\",\"publisher\":{\"@id\":\"https:\\\/\\\/www.laguiadepamplona.com\\\/actualidad\\\/#organization\"},\"potentialAction\":[{\"@type\":\"SearchAction\",\"target\":{\"@type\":\"EntryPoint\",\"urlTemplate\":\"https:\\\/\\\/www.laguiadepamplona.com\\\/actualidad\\\/?s={search_term_string}\"},\"query-input\":{\"@type\":\"PropertyValueSpecification\",\"valueRequired\":true,\"valueName\":\"search_term_string\"}}],\"inLanguage\":\"es\"},{\"@type\":\"Organization\",\"@id\":\"https:\\\/\\\/www.laguiadepamplona.com\\\/actualidad\\\/#organization\",\"name\":\"La Gu\u00eda de Pamplona \\\/ Noticias\",\"url\":\"https:\\\/\\\/www.laguiadepamplona.com\\\/actualidad\\\/\",\"logo\":{\"@type\":\"ImageObject\",\"inLanguage\":\"es\",\"@id\":\"https:\\\/\\\/www.laguiadepamplona.com\\\/actualidad\\\/#\\\/schema\\\/logo\\\/image\\\/\",\"url\":\"https:\\\/\\\/www.laguiadepamplona.com\\\/actualidad\\\/wp-content\\\/uploads\\\/2018\\\/11\\\/logo-laguiadepamplona18-web1.png\",\"contentUrl\":\"https:\\\/\\\/www.laguiadepamplona.com\\\/actualidad\\\/wp-content\\\/uploads\\\/2018\\\/11\\\/logo-laguiadepamplona18-web1.png\",\"width\":600,\"height\":196,\"caption\":\"La Gu\u00eda de Pamplona \\\/ Noticias\"},\"image\":{\"@id\":\"https:\\\/\\\/www.laguiadepamplona.com\\\/actualidad\\\/#\\\/schema\\\/logo\\\/image\\\/\"},\"sameAs\":[\"https:\\\/\\\/www.facebook.com\\\/laguiadepamplonacom-133175176762273\\\/?ref=hl\",\"https:\\\/\\\/x.com\\\/LaGuiadPamplona\",\"https:\\\/\\\/www.instagram.com\\\/la_guia_de_pamplona\\\/\",\"https:\\\/\\\/www.youtube.com\\\/user\\\/laguiadepamplona\"]},{\"@type\":\"Person\",\"@id\":\"https:\\\/\\\/www.laguiadepamplona.com\\\/actualidad\\\/#\\\/schema\\\/person\\\/efe887376f0213d4657c93adc50b1fdb\",\"name\":\"La Gu\u00eda de Pamplona\",\"image\":{\"@type\":\"ImageObject\",\"inLanguage\":\"es\",\"@id\":\"https:\\\/\\\/secure.gravatar.com\\\/avatar\\\/b6992f131dc8d30ab0dff15446e9d346d9dbd95992de0fef795073f5ea83a81c?s=96&d=mm&r=g\",\"url\":\"https:\\\/\\\/secure.gravatar.com\\\/avatar\\\/b6992f131dc8d30ab0dff15446e9d346d9dbd95992de0fef795073f5ea83a81c?s=96&d=mm&r=g\",\"contentUrl\":\"https:\\\/\\\/secure.gravatar.com\\\/avatar\\\/b6992f131dc8d30ab0dff15446e9d346d9dbd95992de0fef795073f5ea83a81c?s=96&d=mm&r=g\",\"caption\":\"La Gu\u00eda de Pamplona\"}}]}<\/script>\n<!-- \/ Yoast SEO plugin. -->","yoast_head_json":{"title":"Personas con tarjeta de discapacidad, florister\u00edas y empresas de servicios ya pueden solicitar el permiso de acceso en veh\u00edculo al Cementerio en Todos los Santos","description":"El tr\u00e1fico de veh\u00edculos particulares se restringe en el entorno del Cementerio del 30 de octubre al 1 de noviembre debido a la gran afluencia de personas","robots":{"index":"index","follow":"follow","max-snippet":"max-snippet:-1","max-image-preview":"max-image-preview:large","max-video-preview":"max-video-preview:-1"},"canonical":"https:\/\/www.laguiadepamplona.com\/actualidad\/personas-con-tarjeta-de-discapacidad-floristerias-y-empresas-de-servicios-ya-pueden-solicitar-el-permiso-de-acceso-en-vehiculo-al-cementerio-en-todos-los-santos\/","og_locale":"es_ES","og_type":"article","og_title":"Personas con tarjeta de discapacidad, florister\u00edas y empresas de servicios ya pueden solicitar el permiso de acceso en veh\u00edculo al Cementerio en Todos los Santos","og_description":"El tr\u00e1fico de veh\u00edculos particulares se restringe en el entorno del Cementerio del 30 de octubre al 1 de noviembre debido a la gran afluencia de personas","og_url":"https:\/\/www.laguiadepamplona.com\/actualidad\/personas-con-tarjeta-de-discapacidad-floristerias-y-empresas-de-servicios-ya-pueden-solicitar-el-permiso-de-acceso-en-vehiculo-al-cementerio-en-todos-los-santos\/","og_site_name":"La Gu\u00eda de Pamplona","article_publisher":"https:\/\/www.facebook.com\/laguiadepamplonacom-133175176762273\/?ref=hl","article_published_time":"2021-10-14T11:35:40+00:00","article_modified_time":"2023-04-11T09:48:52+00:00","og_image":[{"width":1920,"height":1280,"url":"https:\/\/www.laguiadepamplona.com\/actualidad\/wp-content\/uploads\/2021\/07\/cementerio_JMG4903.jpg","type":"image\/jpeg"}],"author":"La Gu\u00eda de Pamplona","twitter_card":"summary_large_image","twitter_creator":"@LaGuiadPamplona","twitter_site":"@LaGuiadPamplona","twitter_misc":{"Escrito por":"La Gu\u00eda de Pamplona","Tiempo de lectura":"3 minutos"},"schema":{"@context":"https:\/\/schema.org","@graph":[{"@type":"Article","@id":"https:\/\/www.laguiadepamplona.com\/actualidad\/personas-con-tarjeta-de-discapacidad-floristerias-y-empresas-de-servicios-ya-pueden-solicitar-el-permiso-de-acceso-en-vehiculo-al-cementerio-en-todos-los-santos\/#article","isPartOf":{"@id":"https:\/\/www.laguiadepamplona.com\/actualidad\/personas-con-tarjeta-de-discapacidad-floristerias-y-empresas-de-servicios-ya-pueden-solicitar-el-permiso-de-acceso-en-vehiculo-al-cementerio-en-todos-los-santos\/"},"author":{"name":"La Gu\u00eda de Pamplona","@id":"https:\/\/www.laguiadepamplona.com\/actualidad\/#\/schema\/person\/efe887376f0213d4657c93adc50b1fdb"},"headline":"Personas con tarjeta de discapacidad, florister\u00edas y empresas de servicios ya pueden solicitar el permiso de acceso en veh\u00edculo al Cementerio en Todos los Santos","datePublished":"2021-10-14T11:35:40+00:00","dateModified":"2023-04-11T09:48:52+00:00","mainEntityOfPage":{"@id":"https:\/\/www.laguiadepamplona.com\/actualidad\/personas-con-tarjeta-de-discapacidad-floristerias-y-empresas-de-servicios-ya-pueden-solicitar-el-permiso-de-acceso-en-vehiculo-al-cementerio-en-todos-los-santos\/"},"wordCount":672,"commentCount":0,"publisher":{"@id":"https:\/\/www.laguiadepamplona.com\/actualidad\/#organization"},"image":{"@id":"https:\/\/www.laguiadepamplona.com\/actualidad\/personas-con-tarjeta-de-discapacidad-floristerias-y-empresas-de-servicios-ya-pueden-solicitar-el-permiso-de-acceso-en-vehiculo-al-cementerio-en-todos-los-santos\/#primaryimage"},"thumbnailUrl":"https:\/\/www.laguiadepamplona.com\/actualidad\/wp-content\/uploads\/2021\/07\/cementerio_JMG4903.jpg","articleSection":["Ayto Pamplona"],"inLanguage":"es","potentialAction":[{"@type":"CommentAction","name":"Comment","target":["https:\/\/www.laguiadepamplona.com\/actualidad\/personas-con-tarjeta-de-discapacidad-floristerias-y-empresas-de-servicios-ya-pueden-solicitar-el-permiso-de-acceso-en-vehiculo-al-cementerio-en-todos-los-santos\/#respond"]}]},{"@type":"WebPage","@id":"https:\/\/www.laguiadepamplona.com\/actualidad\/personas-con-tarjeta-de-discapacidad-floristerias-y-empresas-de-servicios-ya-pueden-solicitar-el-permiso-de-acceso-en-vehiculo-al-cementerio-en-todos-los-santos\/","url":"https:\/\/www.laguiadepamplona.com\/actualidad\/personas-con-tarjeta-de-discapacidad-floristerias-y-empresas-de-servicios-ya-pueden-solicitar-el-permiso-de-acceso-en-vehiculo-al-cementerio-en-todos-los-santos\/","name":"Personas con tarjeta de discapacidad, florister\u00edas y empresas de servicios ya pueden solicitar el permiso de acceso en veh\u00edculo al Cementerio en Todos los Santos","isPartOf":{"@id":"https:\/\/www.laguiadepamplona.com\/actualidad\/#website"},"primaryImageOfPage":{"@id":"https:\/\/www.laguiadepamplona.com\/actualidad\/personas-con-tarjeta-de-discapacidad-floristerias-y-empresas-de-servicios-ya-pueden-solicitar-el-permiso-de-acceso-en-vehiculo-al-cementerio-en-todos-los-santos\/#primaryimage"},"image":{"@id":"https:\/\/www.laguiadepamplona.com\/actualidad\/personas-con-tarjeta-de-discapacidad-floristerias-y-empresas-de-servicios-ya-pueden-solicitar-el-permiso-de-acceso-en-vehiculo-al-cementerio-en-todos-los-santos\/#primaryimage"},"thumbnailUrl":"https:\/\/www.laguiadepamplona.com\/actualidad\/wp-content\/uploads\/2021\/07\/cementerio_JMG4903.jpg","datePublished":"2021-10-14T11:35:40+00:00","dateModified":"2023-04-11T09:48:52+00:00","description":"El tr\u00e1fico de veh\u00edculos particulares se restringe en el entorno del Cementerio del 30 de octubre al 1 de noviembre debido a la gran afluencia de personas","breadcrumb":{"@id":"https:\/\/www.laguiadepamplona.com\/actualidad\/personas-con-tarjeta-de-discapacidad-floristerias-y-empresas-de-servicios-ya-pueden-solicitar-el-permiso-de-acceso-en-vehiculo-al-cementerio-en-todos-los-santos\/#breadcrumb"},"inLanguage":"es","potentialAction":[{"@type":"ReadAction","target":["https:\/\/www.laguiadepamplona.com\/actualidad\/personas-con-tarjeta-de-discapacidad-floristerias-y-empresas-de-servicios-ya-pueden-solicitar-el-permiso-de-acceso-en-vehiculo-al-cementerio-en-todos-los-santos\/"]}]},{"@type":"ImageObject","inLanguage":"es","@id":"https:\/\/www.laguiadepamplona.com\/actualidad\/personas-con-tarjeta-de-discapacidad-floristerias-y-empresas-de-servicios-ya-pueden-solicitar-el-permiso-de-acceso-en-vehiculo-al-cementerio-en-todos-los-santos\/#primaryimage","url":"https:\/\/www.laguiadepamplona.com\/actualidad\/wp-content\/uploads\/2021\/07\/cementerio_JMG4903.jpg","contentUrl":"https:\/\/www.laguiadepamplona.com\/actualidad\/wp-content\/uploads\/2021\/07\/cementerio_JMG4903.jpg","width":1920,"height":1280},{"@type":"BreadcrumbList","@id":"https:\/\/www.laguiadepamplona.com\/actualidad\/personas-con-tarjeta-de-discapacidad-floristerias-y-empresas-de-servicios-ya-pueden-solicitar-el-permiso-de-acceso-en-vehiculo-al-cementerio-en-todos-los-santos\/#breadcrumb","itemListElement":[{"@type":"ListItem","position":1,"name":"Portada","item":"https:\/\/www.laguiadepamplona.com\/actualidad\/"},{"@type":"ListItem","position":2,"name":"Personas con tarjeta de discapacidad, florister\u00edas y empresas de servicios ya pueden solicitar el permiso de acceso en veh\u00edculo al Cementerio en Todos los Santos"}]},{"@type":"WebSite","@id":"https:\/\/www.laguiadepamplona.com\/actualidad\/#website","url":"https:\/\/www.laguiadepamplona.com\/actualidad\/","name":"La gu\u00eda de Pamplona","description":"Noticias de Pamplona","publisher":{"@id":"https:\/\/www.laguiadepamplona.com\/actualidad\/#organization"},"potentialAction":[{"@type":"SearchAction","target":{"@type":"EntryPoint","urlTemplate":"https:\/\/www.laguiadepamplona.com\/actualidad\/?s={search_term_string}"},"query-input":{"@type":"PropertyValueSpecification","valueRequired":true,"valueName":"search_term_string"}}],"inLanguage":"es"},{"@type":"Organization","@id":"https:\/\/www.laguiadepamplona.com\/actualidad\/#organization","name":"La Gu\u00eda de Pamplona \/ Noticias","url":"https:\/\/www.laguiadepamplona.com\/actualidad\/","logo":{"@type":"ImageObject","inLanguage":"es","@id":"https:\/\/www.laguiadepamplona.com\/actualidad\/#\/schema\/logo\/image\/","url":"https:\/\/www.laguiadepamplona.com\/actualidad\/wp-content\/uploads\/2018\/11\/logo-laguiadepamplona18-web1.png","contentUrl":"https:\/\/www.laguiadepamplona.com\/actualidad\/wp-content\/uploads\/2018\/11\/logo-laguiadepamplona18-web1.png","width":600,"height":196,"caption":"La Gu\u00eda de Pamplona \/ Noticias"},"image":{"@id":"https:\/\/www.laguiadepamplona.com\/actualidad\/#\/schema\/logo\/image\/"},"sameAs":["https:\/\/www.facebook.com\/laguiadepamplonacom-133175176762273\/?ref=hl","https:\/\/x.com\/LaGuiadPamplona","https:\/\/www.instagram.com\/la_guia_de_pamplona\/","https:\/\/www.youtube.com\/user\/laguiadepamplona"]},{"@type":"Person","@id":"https:\/\/www.laguiadepamplona.com\/actualidad\/#\/schema\/person\/efe887376f0213d4657c93adc50b1fdb","name":"La Gu\u00eda de Pamplona","image":{"@type":"ImageObject","inLanguage":"es","@id":"https:\/\/secure.gravatar.com\/avatar\/b6992f131dc8d30ab0dff15446e9d346d9dbd95992de0fef795073f5ea83a81c?s=96&d=mm&r=g","url":"https:\/\/secure.gravatar.com\/avatar\/b6992f131dc8d30ab0dff15446e9d346d9dbd95992de0fef795073f5ea83a81c?s=96&d=mm&r=g","contentUrl":"https:\/\/secure.gravatar.com\/avatar\/b6992f131dc8d30ab0dff15446e9d346d9dbd95992de0fef795073f5ea83a81c?s=96&d=mm&r=g","caption":"La Gu\u00eda de Pamplona"}}]}},"post_mailing_queue_ids":[],"_links":{"self":[{"href":"https:\/\/www.laguiadepamplona.com\/actualidad\/wp-json\/wp\/v2\/posts\/36979","targetHints":{"allow":["GET"]}}],"collection":[{"href":"https:\/\/www.laguiadepamplona.com\/actualidad\/wp-json\/wp\/v2\/posts"}],"about":[{"href":"https:\/\/www.laguiadepamplona.com\/actualidad\/wp-json\/wp\/v2\/types\/post"}],"author":[{"embeddable":true,"href":"https:\/\/www.laguiadepamplona.com\/actualidad\/wp-json\/wp\/v2\/users\/1"}],"replies":[{"embeddable":true,"href":"https:\/\/www.laguiadepamplona.com\/actualidad\/wp-json\/wp\/v2\/comments?post=36979"}],"version-history":[{"count":0,"href":"https:\/\/www.laguiadepamplona.com\/actualidad\/wp-json\/wp\/v2\/posts\/36979\/revisions"}],"wp:featuredmedia":[{"embeddable":true,"href":"https:\/\/www.laguiadepamplona.com\/actualidad\/wp-json\/wp\/v2\/media\/36018"}],"wp:attachment":[{"href":"https:\/\/www.laguiadepamplona.com\/actualidad\/wp-json\/wp\/v2\/media?parent=36979"}],"wp:term":[{"taxonomy":"category","embeddable":true,"href":"https:\/\/www.laguiadepamplona.com\/actualidad\/wp-json\/wp\/v2\/categories?post=36979"},{"taxonomy":"post_tag","embeddable":true,"href":"https:\/\/www.laguiadepamplona.com\/actualidad\/wp-json\/wp\/v2\/tags?post=36979"}],"curies":[{"name":"wp","href":"https:\/\/api.w.org\/{rel}","templated":true}]}}