{"id":36976,"date":"2021-10-13T18:58:37","date_gmt":"2021-10-13T16:58:37","guid":{"rendered":"https:\/\/www.laguiadepamplona.com\/actualidad\/?p=36976"},"modified":"2023-04-11T11:48:52","modified_gmt":"2023-04-11T09:48:52","slug":"el-grupo-de-trabajo-sobre-el-botellon-celebra-su-segunda-reunion-valorando-distintas-propuestas-para-hacer-frente-a-los-problemas-de-convivencia","status":"publish","type":"post","link":"https:\/\/www.laguiadepamplona.com\/actualidad\/el-grupo-de-trabajo-sobre-el-botellon-celebra-su-segunda-reunion-valorando-distintas-propuestas-para-hacer-frente-a-los-problemas-de-convivencia\/","title":{"rendered":"El grupo de trabajo sobre el \u201cbotell\u00f3n\u201d celebra su segunda reuni\u00f3n valorando distintas propuestas para hacer frente a los problemas de convivencia"},"content":{"rendered":"<h5>Representantes de todos los grupos municipales se han sumado a un foro de reflexi\u00f3n en el que se dan cita vecindarios, hosteler\u00eda, juventud e instituciones<\/h5>\n<p><!--more--><\/p>\n<p>El grupo de trabajo transversal que analiza los problemas de convivencia que produce el fen\u00f3meno del \u201cbotell\u00f3n\u201d en la ciudad y sus posibles soluciones se re\u00fane abordando el debate sobre diversas ideas que se aportaron en la reuni\u00f3n inicial del pasado 15 de septiembre, con intervenciones por turnos de los distintos sectores afectados.<\/p>\n<p><script async src=\"\/\/pagead2.googlesyndication.com\/pagead\/js\/adsbygoogle.js\"><\/script><br \/>\n<!-- Noticias La Guia de Pamplona --><br \/>\n<ins class=\"adsbygoogle\"\nstyle=\"display:block\"\ndata-ad-client=\"ca-pub-6943679897239327\"\ndata-ad-slot=\"7048180777\"\ndata-ad-format=\"auto\"><\/ins><br \/>\n<script>\n(adsbygoogle = window.adsbygoogle || []).push({});\n<\/script><\/p>\n<p>El alcalde de Pamplona, por el Ayuntamiento, y Joseba Asiain, director general de Presidencia y Gobierno Abierto, en representaci\u00f3n de Gobierno de Navarra, presiden una sesi\u00f3n a la que se han unido representantes de los grupos municipales de la ciudad. El grupo cuenta tambi\u00e9n con la participaci\u00f3n del presidente del Consejo de la Juventud de Navarra, Juan Guti\u00e9rrez; un representante de la Mesa de la Juventud de Pamplona; Julio P\u00e9rez, en representaci\u00f3n de Convivir en los Viejo; M\u00aa Asunci\u00f3n Zumelaga, en representaci\u00f3n de los vecinos y vecinas de la zona de Yamaguchi; Joaqu\u00edn Arbeloa y Roberto Recasens, del sector de la hosteler\u00eda; el psic\u00f3logo Emilio Garrido; y el jefe de la Polic\u00eda Municipal de Pamplona, Javier Goya.<\/p>\n<p>La mesa valora los efectos de la nueva situaci\u00f3n de flexibilizaci\u00f3n de los horarios y aforos, la habilitaci\u00f3n de los consumos en barra en los locales de hosteler\u00eda y la apertura de bajeras, \u201cpiperos\u201d y pe\u00f1as. Inicialmente estas medidas facilitan, por un lado, la entrada de consumidores a los interiores y una disminuci\u00f3n de los botellones, pero por otro, la liberaci\u00f3n de horarios contribuye a una mayor presencia de personas en la calle, con un Casco Antiguo muy transitado. El an\u00e1lisis recoge tambi\u00e9n lo relativo a la situaci\u00f3n actual de salud mental del sector joven tras las medidas restrictivas impuestas por seguridad sanitaria.<\/p>\n<p><script async src=\"\/\/pagead2.googlesyndication.com\/pagead\/js\/adsbygoogle.js\"><\/script><br \/>\n<!-- Noticias La Guia de Pamplona --><br \/>\n<ins class=\"adsbygoogle\"\nstyle=\"display:block\"\ndata-ad-client=\"ca-pub-6943679897239327\"\ndata-ad-slot=\"7048180777\"\ndata-ad-format=\"auto\"><\/ins><br \/>\n<script>\n(adsbygoogle = window.adsbygoogle || []).push({});\n<\/script><\/p>\n<p><strong>Un enfoque desde diversos frentes<\/strong><\/p>\n<p>A lo largo de la reuni\u00f3n se aborda la diversificaci\u00f3n del ocio juvenil en los distintos barrios de la ciudad mediante propuestas alternativas que sean interesantes para esa franja de edad, como el Ciber-ocio, o el dise\u00f1o de centros de autogesti\u00f3n. Tambi\u00e9n se analiza la posibilidad de realizar campa\u00f1as de concienciaci\u00f3n ciudadana centradas sobre todo en j\u00f3venes para concienciar sobre ocio responsable en esa franja de edad; un mensaje que se podr\u00eda aproximar espec\u00edficamente a institutos, centros formaci\u00f3n profesional y campus universitarios. La mesa reflexiona sobre la cooperaci\u00f3n con la hosteler\u00eda con iniciativas como se\u00f1alizar establecimientos bajo el sello \u201cOcio tranquilo\u201d.<\/p>\n<p>En paralelo, hay propuestas para examinar legislaci\u00f3n vigente e introducir en la regulaci\u00f3n medidas que proh\u00edban la venta de alcohol en locales y gasolineras a partir de unas horas determinadas. En relaci\u00f3n al cumplimiento efectivo de la normativa, de forma especialmente estricta zonas con saturaci\u00f3n, se recuerda la necesidad de mantener puertas y ventanas cerradas, el control de la m\u00fasica, y del consumo de bebidas fuera de locales, adem\u00e1s del efectivo cumplimiento de los horarios y del contenido real de las licencias de actividad.<\/p>\n<p><script async src=\"\/\/pagead2.googlesyndication.com\/pagead\/js\/adsbygoogle.js\"><\/script><br \/>\n<!-- Noticias La Guia de Pamplona --><br \/>\n<ins class=\"adsbygoogle\"\nstyle=\"display:block\"\ndata-ad-client=\"ca-pub-6943679897239327\"\ndata-ad-slot=\"7048180777\"\ndata-ad-format=\"auto\"><\/ins><br \/>\n<script>\n(adsbygoogle = window.adsbygoogle || []).push({});\n<\/script><\/p>\n<p>Entre otras medidas alternativas, los reunidos debaten sobre la iluminaci\u00f3n y posible puesta en funcionamiento de c\u00e1maras en zonas en las que se produzcan botellones de forma habitual y que coincidan con zonas con delincuencia o zonas \u201ccon miedo\u201d; entre los ejemplos aportados: la vuelta del Castillo, Yamaguchi, Lago Mendillorri, etc. Tambi\u00e9n se aborda la posible colocaci\u00f3n de sensores de sonido y luces que se activen en momentos que se sobrepasen los l\u00edmites ac\u00fasticos marcados.<\/p>\n","protected":false},"excerpt":{"rendered":"<p>Representantes de todos los grupos municipales se han sumado a un foro de reflexi\u00f3n en el que se dan cita vecindarios, hosteler\u00eda, juventud e instituciones<\/p>\n","protected":false},"author":1,"featured_media":36074,"comment_status":"open","ping_status":"closed","sticky":false,"template":"","format":"standard","meta":{"footnotes":""},"categories":[2],"tags":[],"class_list":["post-36976","post","type-post","status-publish","format-standard","has-post-thumbnail","hentry","category-ayuntamiento-pamplona"],"yoast_head":"<!-- This site is optimized with the Yoast SEO plugin v27.5 - https:\/\/yoast.com\/product\/yoast-seo-wordpress\/ -->\n<title>El grupo de trabajo sobre el \u201cbotell\u00f3n\u201d celebra su segunda reuni\u00f3n valorando distintas propuestas para hacer frente a los problemas de convivencia<\/title>\n<meta name=\"description\" content=\"Representantes de todos los grupos municipales se han sumado a un foro de reflexi\u00f3n en el que se dan cita vecindarios, hosteler\u00eda, juventud e instituciones\" \/>\n<meta name=\"robots\" content=\"index, follow, max-snippet:-1, max-image-preview:large, max-video-preview:-1\" \/>\n<link rel=\"canonical\" href=\"https:\/\/www.laguiadepamplona.com\/actualidad\/el-grupo-de-trabajo-sobre-el-botellon-celebra-su-segunda-reunion-valorando-distintas-propuestas-para-hacer-frente-a-los-problemas-de-convivencia\/\" \/>\n<meta property=\"og:locale\" content=\"es_ES\" \/>\n<meta property=\"og:type\" content=\"article\" \/>\n<meta property=\"og:title\" content=\"El grupo de trabajo sobre el \u201cbotell\u00f3n\u201d celebra su segunda reuni\u00f3n valorando distintas propuestas para hacer frente a los problemas de convivencia\" \/>\n<meta property=\"og:description\" content=\"Representantes de todos los grupos municipales se han sumado a un foro de reflexi\u00f3n en el que se dan cita vecindarios, hosteler\u00eda, juventud e instituciones\" \/>\n<meta property=\"og:url\" content=\"https:\/\/www.laguiadepamplona.com\/actualidad\/el-grupo-de-trabajo-sobre-el-botellon-celebra-su-segunda-reunion-valorando-distintas-propuestas-para-hacer-frente-a-los-problemas-de-convivencia\/\" \/>\n<meta property=\"og:site_name\" content=\"La Gu\u00eda de Pamplona\" \/>\n<meta property=\"article:publisher\" content=\"https:\/\/www.facebook.com\/laguiadepamplonacom-133175176762273\/?ref=hl\" \/>\n<meta property=\"article:published_time\" content=\"2021-10-13T16:58:37+00:00\" \/>\n<meta property=\"article:modified_time\" content=\"2023-04-11T09:48:52+00:00\" \/>\n<meta property=\"og:image\" content=\"https:\/\/www.laguiadepamplona.com\/actualidad\/wp-content\/uploads\/2021\/08\/ayuntamiento-pamplona2.jpg\" \/>\n\t<meta property=\"og:image:width\" content=\"1920\" \/>\n\t<meta property=\"og:image:height\" content=\"1080\" \/>\n\t<meta property=\"og:image:type\" content=\"image\/jpeg\" \/>\n<meta name=\"author\" content=\"La Gu\u00eda de Pamplona\" \/>\n<meta name=\"twitter:card\" content=\"summary_large_image\" \/>\n<meta name=\"twitter:creator\" content=\"@LaGuiadPamplona\" \/>\n<meta name=\"twitter:site\" content=\"@LaGuiadPamplona\" \/>\n<meta name=\"twitter:label1\" content=\"Escrito por\" \/>\n\t<meta name=\"twitter:data1\" content=\"La Gu\u00eda de Pamplona\" \/>\n\t<meta name=\"twitter:label2\" content=\"Tiempo de lectura\" \/>\n\t<meta name=\"twitter:data2\" content=\"3 minutos\" \/>\n<script type=\"application\/ld+json\" class=\"yoast-schema-graph\">{\"@context\":\"https:\\\/\\\/schema.org\",\"@graph\":[{\"@type\":\"Article\",\"@id\":\"https:\\\/\\\/www.laguiadepamplona.com\\\/actualidad\\\/el-grupo-de-trabajo-sobre-el-botellon-celebra-su-segunda-reunion-valorando-distintas-propuestas-para-hacer-frente-a-los-problemas-de-convivencia\\\/#article\",\"isPartOf\":{\"@id\":\"https:\\\/\\\/www.laguiadepamplona.com\\\/actualidad\\\/el-grupo-de-trabajo-sobre-el-botellon-celebra-su-segunda-reunion-valorando-distintas-propuestas-para-hacer-frente-a-los-problemas-de-convivencia\\\/\"},\"author\":{\"name\":\"La Gu\u00eda de Pamplona\",\"@id\":\"https:\\\/\\\/www.laguiadepamplona.com\\\/actualidad\\\/#\\\/schema\\\/person\\\/efe887376f0213d4657c93adc50b1fdb\"},\"headline\":\"El grupo de trabajo sobre el \u201cbotell\u00f3n\u201d celebra su segunda reuni\u00f3n valorando distintas propuestas para hacer frente a los problemas de convivencia\",\"datePublished\":\"2021-10-13T16:58:37+00:00\",\"dateModified\":\"2023-04-11T09:48:52+00:00\",\"mainEntityOfPage\":{\"@id\":\"https:\\\/\\\/www.laguiadepamplona.com\\\/actualidad\\\/el-grupo-de-trabajo-sobre-el-botellon-celebra-su-segunda-reunion-valorando-distintas-propuestas-para-hacer-frente-a-los-problemas-de-convivencia\\\/\"},\"wordCount\":642,\"commentCount\":0,\"publisher\":{\"@id\":\"https:\\\/\\\/www.laguiadepamplona.com\\\/actualidad\\\/#organization\"},\"image\":{\"@id\":\"https:\\\/\\\/www.laguiadepamplona.com\\\/actualidad\\\/el-grupo-de-trabajo-sobre-el-botellon-celebra-su-segunda-reunion-valorando-distintas-propuestas-para-hacer-frente-a-los-problemas-de-convivencia\\\/#primaryimage\"},\"thumbnailUrl\":\"https:\\\/\\\/www.laguiadepamplona.com\\\/actualidad\\\/wp-content\\\/uploads\\\/2021\\\/08\\\/ayuntamiento-pamplona2.jpg\",\"articleSection\":[\"Ayto Pamplona\"],\"inLanguage\":\"es\",\"potentialAction\":[{\"@type\":\"CommentAction\",\"name\":\"Comment\",\"target\":[\"https:\\\/\\\/www.laguiadepamplona.com\\\/actualidad\\\/el-grupo-de-trabajo-sobre-el-botellon-celebra-su-segunda-reunion-valorando-distintas-propuestas-para-hacer-frente-a-los-problemas-de-convivencia\\\/#respond\"]}]},{\"@type\":\"WebPage\",\"@id\":\"https:\\\/\\\/www.laguiadepamplona.com\\\/actualidad\\\/el-grupo-de-trabajo-sobre-el-botellon-celebra-su-segunda-reunion-valorando-distintas-propuestas-para-hacer-frente-a-los-problemas-de-convivencia\\\/\",\"url\":\"https:\\\/\\\/www.laguiadepamplona.com\\\/actualidad\\\/el-grupo-de-trabajo-sobre-el-botellon-celebra-su-segunda-reunion-valorando-distintas-propuestas-para-hacer-frente-a-los-problemas-de-convivencia\\\/\",\"name\":\"El grupo de trabajo sobre el \u201cbotell\u00f3n\u201d celebra su segunda reuni\u00f3n valorando distintas propuestas para hacer frente a los problemas de convivencia\",\"isPartOf\":{\"@id\":\"https:\\\/\\\/www.laguiadepamplona.com\\\/actualidad\\\/#website\"},\"primaryImageOfPage\":{\"@id\":\"https:\\\/\\\/www.laguiadepamplona.com\\\/actualidad\\\/el-grupo-de-trabajo-sobre-el-botellon-celebra-su-segunda-reunion-valorando-distintas-propuestas-para-hacer-frente-a-los-problemas-de-convivencia\\\/#primaryimage\"},\"image\":{\"@id\":\"https:\\\/\\\/www.laguiadepamplona.com\\\/actualidad\\\/el-grupo-de-trabajo-sobre-el-botellon-celebra-su-segunda-reunion-valorando-distintas-propuestas-para-hacer-frente-a-los-problemas-de-convivencia\\\/#primaryimage\"},\"thumbnailUrl\":\"https:\\\/\\\/www.laguiadepamplona.com\\\/actualidad\\\/wp-content\\\/uploads\\\/2021\\\/08\\\/ayuntamiento-pamplona2.jpg\",\"datePublished\":\"2021-10-13T16:58:37+00:00\",\"dateModified\":\"2023-04-11T09:48:52+00:00\",\"description\":\"Representantes de todos los grupos municipales se han sumado a un foro de reflexi\u00f3n en el que se dan cita vecindarios, hosteler\u00eda, juventud e instituciones\",\"breadcrumb\":{\"@id\":\"https:\\\/\\\/www.laguiadepamplona.com\\\/actualidad\\\/el-grupo-de-trabajo-sobre-el-botellon-celebra-su-segunda-reunion-valorando-distintas-propuestas-para-hacer-frente-a-los-problemas-de-convivencia\\\/#breadcrumb\"},\"inLanguage\":\"es\",\"potentialAction\":[{\"@type\":\"ReadAction\",\"target\":[\"https:\\\/\\\/www.laguiadepamplona.com\\\/actualidad\\\/el-grupo-de-trabajo-sobre-el-botellon-celebra-su-segunda-reunion-valorando-distintas-propuestas-para-hacer-frente-a-los-problemas-de-convivencia\\\/\"]}]},{\"@type\":\"ImageObject\",\"inLanguage\":\"es\",\"@id\":\"https:\\\/\\\/www.laguiadepamplona.com\\\/actualidad\\\/el-grupo-de-trabajo-sobre-el-botellon-celebra-su-segunda-reunion-valorando-distintas-propuestas-para-hacer-frente-a-los-problemas-de-convivencia\\\/#primaryimage\",\"url\":\"https:\\\/\\\/www.laguiadepamplona.com\\\/actualidad\\\/wp-content\\\/uploads\\\/2021\\\/08\\\/ayuntamiento-pamplona2.jpg\",\"contentUrl\":\"https:\\\/\\\/www.laguiadepamplona.com\\\/actualidad\\\/wp-content\\\/uploads\\\/2021\\\/08\\\/ayuntamiento-pamplona2.jpg\",\"width\":1920,\"height\":1080,\"caption\":\"ayuntamiento pamplona\"},{\"@type\":\"BreadcrumbList\",\"@id\":\"https:\\\/\\\/www.laguiadepamplona.com\\\/actualidad\\\/el-grupo-de-trabajo-sobre-el-botellon-celebra-su-segunda-reunion-valorando-distintas-propuestas-para-hacer-frente-a-los-problemas-de-convivencia\\\/#breadcrumb\",\"itemListElement\":[{\"@type\":\"ListItem\",\"position\":1,\"name\":\"Portada\",\"item\":\"https:\\\/\\\/www.laguiadepamplona.com\\\/actualidad\\\/\"},{\"@type\":\"ListItem\",\"position\":2,\"name\":\"El grupo de trabajo sobre el \u201cbotell\u00f3n\u201d celebra su segunda reuni\u00f3n valorando distintas propuestas para hacer frente a los problemas de convivencia\"}]},{\"@type\":\"WebSite\",\"@id\":\"https:\\\/\\\/www.laguiadepamplona.com\\\/actualidad\\\/#website\",\"url\":\"https:\\\/\\\/www.laguiadepamplona.com\\\/actualidad\\\/\",\"name\":\"La gu\u00eda de Pamplona\",\"description\":\"Noticias de Pamplona\",\"publisher\":{\"@id\":\"https:\\\/\\\/www.laguiadepamplona.com\\\/actualidad\\\/#organization\"},\"potentialAction\":[{\"@type\":\"SearchAction\",\"target\":{\"@type\":\"EntryPoint\",\"urlTemplate\":\"https:\\\/\\\/www.laguiadepamplona.com\\\/actualidad\\\/?s={search_term_string}\"},\"query-input\":{\"@type\":\"PropertyValueSpecification\",\"valueRequired\":true,\"valueName\":\"search_term_string\"}}],\"inLanguage\":\"es\"},{\"@type\":\"Organization\",\"@id\":\"https:\\\/\\\/www.laguiadepamplona.com\\\/actualidad\\\/#organization\",\"name\":\"La Gu\u00eda de Pamplona \\\/ Noticias\",\"url\":\"https:\\\/\\\/www.laguiadepamplona.com\\\/actualidad\\\/\",\"logo\":{\"@type\":\"ImageObject\",\"inLanguage\":\"es\",\"@id\":\"https:\\\/\\\/www.laguiadepamplona.com\\\/actualidad\\\/#\\\/schema\\\/logo\\\/image\\\/\",\"url\":\"https:\\\/\\\/www.laguiadepamplona.com\\\/actualidad\\\/wp-content\\\/uploads\\\/2018\\\/11\\\/logo-laguiadepamplona18-web1.png\",\"contentUrl\":\"https:\\\/\\\/www.laguiadepamplona.com\\\/actualidad\\\/wp-content\\\/uploads\\\/2018\\\/11\\\/logo-laguiadepamplona18-web1.png\",\"width\":600,\"height\":196,\"caption\":\"La Gu\u00eda de Pamplona \\\/ Noticias\"},\"image\":{\"@id\":\"https:\\\/\\\/www.laguiadepamplona.com\\\/actualidad\\\/#\\\/schema\\\/logo\\\/image\\\/\"},\"sameAs\":[\"https:\\\/\\\/www.facebook.com\\\/laguiadepamplonacom-133175176762273\\\/?ref=hl\",\"https:\\\/\\\/x.com\\\/LaGuiadPamplona\",\"https:\\\/\\\/www.instagram.com\\\/la_guia_de_pamplona\\\/\",\"https:\\\/\\\/www.youtube.com\\\/user\\\/laguiadepamplona\"]},{\"@type\":\"Person\",\"@id\":\"https:\\\/\\\/www.laguiadepamplona.com\\\/actualidad\\\/#\\\/schema\\\/person\\\/efe887376f0213d4657c93adc50b1fdb\",\"name\":\"La Gu\u00eda de Pamplona\",\"image\":{\"@type\":\"ImageObject\",\"inLanguage\":\"es\",\"@id\":\"https:\\\/\\\/secure.gravatar.com\\\/avatar\\\/b6992f131dc8d30ab0dff15446e9d346d9dbd95992de0fef795073f5ea83a81c?s=96&d=mm&r=g\",\"url\":\"https:\\\/\\\/secure.gravatar.com\\\/avatar\\\/b6992f131dc8d30ab0dff15446e9d346d9dbd95992de0fef795073f5ea83a81c?s=96&d=mm&r=g\",\"contentUrl\":\"https:\\\/\\\/secure.gravatar.com\\\/avatar\\\/b6992f131dc8d30ab0dff15446e9d346d9dbd95992de0fef795073f5ea83a81c?s=96&d=mm&r=g\",\"caption\":\"La Gu\u00eda de Pamplona\"}}]}<\/script>\n<!-- \/ Yoast SEO plugin. -->","yoast_head_json":{"title":"El grupo de trabajo sobre el \u201cbotell\u00f3n\u201d celebra su segunda reuni\u00f3n valorando distintas propuestas para hacer frente a los problemas de convivencia","description":"Representantes de todos los grupos municipales se han sumado a un foro de reflexi\u00f3n en el que se dan cita vecindarios, hosteler\u00eda, juventud e instituciones","robots":{"index":"index","follow":"follow","max-snippet":"max-snippet:-1","max-image-preview":"max-image-preview:large","max-video-preview":"max-video-preview:-1"},"canonical":"https:\/\/www.laguiadepamplona.com\/actualidad\/el-grupo-de-trabajo-sobre-el-botellon-celebra-su-segunda-reunion-valorando-distintas-propuestas-para-hacer-frente-a-los-problemas-de-convivencia\/","og_locale":"es_ES","og_type":"article","og_title":"El grupo de trabajo sobre el \u201cbotell\u00f3n\u201d celebra su segunda reuni\u00f3n valorando distintas propuestas para hacer frente a los problemas de convivencia","og_description":"Representantes de todos los grupos municipales se han sumado a un foro de reflexi\u00f3n en el que se dan cita vecindarios, hosteler\u00eda, juventud e instituciones","og_url":"https:\/\/www.laguiadepamplona.com\/actualidad\/el-grupo-de-trabajo-sobre-el-botellon-celebra-su-segunda-reunion-valorando-distintas-propuestas-para-hacer-frente-a-los-problemas-de-convivencia\/","og_site_name":"La Gu\u00eda de Pamplona","article_publisher":"https:\/\/www.facebook.com\/laguiadepamplonacom-133175176762273\/?ref=hl","article_published_time":"2021-10-13T16:58:37+00:00","article_modified_time":"2023-04-11T09:48:52+00:00","og_image":[{"width":1920,"height":1080,"url":"https:\/\/www.laguiadepamplona.com\/actualidad\/wp-content\/uploads\/2021\/08\/ayuntamiento-pamplona2.jpg","type":"image\/jpeg"}],"author":"La Gu\u00eda de Pamplona","twitter_card":"summary_large_image","twitter_creator":"@LaGuiadPamplona","twitter_site":"@LaGuiadPamplona","twitter_misc":{"Escrito por":"La Gu\u00eda de Pamplona","Tiempo de lectura":"3 minutos"},"schema":{"@context":"https:\/\/schema.org","@graph":[{"@type":"Article","@id":"https:\/\/www.laguiadepamplona.com\/actualidad\/el-grupo-de-trabajo-sobre-el-botellon-celebra-su-segunda-reunion-valorando-distintas-propuestas-para-hacer-frente-a-los-problemas-de-convivencia\/#article","isPartOf":{"@id":"https:\/\/www.laguiadepamplona.com\/actualidad\/el-grupo-de-trabajo-sobre-el-botellon-celebra-su-segunda-reunion-valorando-distintas-propuestas-para-hacer-frente-a-los-problemas-de-convivencia\/"},"author":{"name":"La Gu\u00eda de Pamplona","@id":"https:\/\/www.laguiadepamplona.com\/actualidad\/#\/schema\/person\/efe887376f0213d4657c93adc50b1fdb"},"headline":"El grupo de trabajo sobre el \u201cbotell\u00f3n\u201d celebra su segunda reuni\u00f3n valorando distintas propuestas para hacer frente a los problemas de convivencia","datePublished":"2021-10-13T16:58:37+00:00","dateModified":"2023-04-11T09:48:52+00:00","mainEntityOfPage":{"@id":"https:\/\/www.laguiadepamplona.com\/actualidad\/el-grupo-de-trabajo-sobre-el-botellon-celebra-su-segunda-reunion-valorando-distintas-propuestas-para-hacer-frente-a-los-problemas-de-convivencia\/"},"wordCount":642,"commentCount":0,"publisher":{"@id":"https:\/\/www.laguiadepamplona.com\/actualidad\/#organization"},"image":{"@id":"https:\/\/www.laguiadepamplona.com\/actualidad\/el-grupo-de-trabajo-sobre-el-botellon-celebra-su-segunda-reunion-valorando-distintas-propuestas-para-hacer-frente-a-los-problemas-de-convivencia\/#primaryimage"},"thumbnailUrl":"https:\/\/www.laguiadepamplona.com\/actualidad\/wp-content\/uploads\/2021\/08\/ayuntamiento-pamplona2.jpg","articleSection":["Ayto Pamplona"],"inLanguage":"es","potentialAction":[{"@type":"CommentAction","name":"Comment","target":["https:\/\/www.laguiadepamplona.com\/actualidad\/el-grupo-de-trabajo-sobre-el-botellon-celebra-su-segunda-reunion-valorando-distintas-propuestas-para-hacer-frente-a-los-problemas-de-convivencia\/#respond"]}]},{"@type":"WebPage","@id":"https:\/\/www.laguiadepamplona.com\/actualidad\/el-grupo-de-trabajo-sobre-el-botellon-celebra-su-segunda-reunion-valorando-distintas-propuestas-para-hacer-frente-a-los-problemas-de-convivencia\/","url":"https:\/\/www.laguiadepamplona.com\/actualidad\/el-grupo-de-trabajo-sobre-el-botellon-celebra-su-segunda-reunion-valorando-distintas-propuestas-para-hacer-frente-a-los-problemas-de-convivencia\/","name":"El grupo de trabajo sobre el \u201cbotell\u00f3n\u201d celebra su segunda reuni\u00f3n valorando distintas propuestas para hacer frente a los problemas de convivencia","isPartOf":{"@id":"https:\/\/www.laguiadepamplona.com\/actualidad\/#website"},"primaryImageOfPage":{"@id":"https:\/\/www.laguiadepamplona.com\/actualidad\/el-grupo-de-trabajo-sobre-el-botellon-celebra-su-segunda-reunion-valorando-distintas-propuestas-para-hacer-frente-a-los-problemas-de-convivencia\/#primaryimage"},"image":{"@id":"https:\/\/www.laguiadepamplona.com\/actualidad\/el-grupo-de-trabajo-sobre-el-botellon-celebra-su-segunda-reunion-valorando-distintas-propuestas-para-hacer-frente-a-los-problemas-de-convivencia\/#primaryimage"},"thumbnailUrl":"https:\/\/www.laguiadepamplona.com\/actualidad\/wp-content\/uploads\/2021\/08\/ayuntamiento-pamplona2.jpg","datePublished":"2021-10-13T16:58:37+00:00","dateModified":"2023-04-11T09:48:52+00:00","description":"Representantes de todos los grupos municipales se han sumado a un foro de reflexi\u00f3n en el que se dan cita vecindarios, hosteler\u00eda, juventud e instituciones","breadcrumb":{"@id":"https:\/\/www.laguiadepamplona.com\/actualidad\/el-grupo-de-trabajo-sobre-el-botellon-celebra-su-segunda-reunion-valorando-distintas-propuestas-para-hacer-frente-a-los-problemas-de-convivencia\/#breadcrumb"},"inLanguage":"es","potentialAction":[{"@type":"ReadAction","target":["https:\/\/www.laguiadepamplona.com\/actualidad\/el-grupo-de-trabajo-sobre-el-botellon-celebra-su-segunda-reunion-valorando-distintas-propuestas-para-hacer-frente-a-los-problemas-de-convivencia\/"]}]},{"@type":"ImageObject","inLanguage":"es","@id":"https:\/\/www.laguiadepamplona.com\/actualidad\/el-grupo-de-trabajo-sobre-el-botellon-celebra-su-segunda-reunion-valorando-distintas-propuestas-para-hacer-frente-a-los-problemas-de-convivencia\/#primaryimage","url":"https:\/\/www.laguiadepamplona.com\/actualidad\/wp-content\/uploads\/2021\/08\/ayuntamiento-pamplona2.jpg","contentUrl":"https:\/\/www.laguiadepamplona.com\/actualidad\/wp-content\/uploads\/2021\/08\/ayuntamiento-pamplona2.jpg","width":1920,"height":1080,"caption":"ayuntamiento pamplona"},{"@type":"BreadcrumbList","@id":"https:\/\/www.laguiadepamplona.com\/actualidad\/el-grupo-de-trabajo-sobre-el-botellon-celebra-su-segunda-reunion-valorando-distintas-propuestas-para-hacer-frente-a-los-problemas-de-convivencia\/#breadcrumb","itemListElement":[{"@type":"ListItem","position":1,"name":"Portada","item":"https:\/\/www.laguiadepamplona.com\/actualidad\/"},{"@type":"ListItem","position":2,"name":"El grupo de trabajo sobre el \u201cbotell\u00f3n\u201d celebra su segunda reuni\u00f3n valorando distintas propuestas para hacer frente a los problemas de convivencia"}]},{"@type":"WebSite","@id":"https:\/\/www.laguiadepamplona.com\/actualidad\/#website","url":"https:\/\/www.laguiadepamplona.com\/actualidad\/","name":"La gu\u00eda de Pamplona","description":"Noticias de Pamplona","publisher":{"@id":"https:\/\/www.laguiadepamplona.com\/actualidad\/#organization"},"potentialAction":[{"@type":"SearchAction","target":{"@type":"EntryPoint","urlTemplate":"https:\/\/www.laguiadepamplona.com\/actualidad\/?s={search_term_string}"},"query-input":{"@type":"PropertyValueSpecification","valueRequired":true,"valueName":"search_term_string"}}],"inLanguage":"es"},{"@type":"Organization","@id":"https:\/\/www.laguiadepamplona.com\/actualidad\/#organization","name":"La Gu\u00eda de Pamplona \/ Noticias","url":"https:\/\/www.laguiadepamplona.com\/actualidad\/","logo":{"@type":"ImageObject","inLanguage":"es","@id":"https:\/\/www.laguiadepamplona.com\/actualidad\/#\/schema\/logo\/image\/","url":"https:\/\/www.laguiadepamplona.com\/actualidad\/wp-content\/uploads\/2018\/11\/logo-laguiadepamplona18-web1.png","contentUrl":"https:\/\/www.laguiadepamplona.com\/actualidad\/wp-content\/uploads\/2018\/11\/logo-laguiadepamplona18-web1.png","width":600,"height":196,"caption":"La Gu\u00eda de Pamplona \/ Noticias"},"image":{"@id":"https:\/\/www.laguiadepamplona.com\/actualidad\/#\/schema\/logo\/image\/"},"sameAs":["https:\/\/www.facebook.com\/laguiadepamplonacom-133175176762273\/?ref=hl","https:\/\/x.com\/LaGuiadPamplona","https:\/\/www.instagram.com\/la_guia_de_pamplona\/","https:\/\/www.youtube.com\/user\/laguiadepamplona"]},{"@type":"Person","@id":"https:\/\/www.laguiadepamplona.com\/actualidad\/#\/schema\/person\/efe887376f0213d4657c93adc50b1fdb","name":"La Gu\u00eda de Pamplona","image":{"@type":"ImageObject","inLanguage":"es","@id":"https:\/\/secure.gravatar.com\/avatar\/b6992f131dc8d30ab0dff15446e9d346d9dbd95992de0fef795073f5ea83a81c?s=96&d=mm&r=g","url":"https:\/\/secure.gravatar.com\/avatar\/b6992f131dc8d30ab0dff15446e9d346d9dbd95992de0fef795073f5ea83a81c?s=96&d=mm&r=g","contentUrl":"https:\/\/secure.gravatar.com\/avatar\/b6992f131dc8d30ab0dff15446e9d346d9dbd95992de0fef795073f5ea83a81c?s=96&d=mm&r=g","caption":"La Gu\u00eda de Pamplona"}}]}},"post_mailing_queue_ids":[],"_links":{"self":[{"href":"https:\/\/www.laguiadepamplona.com\/actualidad\/wp-json\/wp\/v2\/posts\/36976","targetHints":{"allow":["GET"]}}],"collection":[{"href":"https:\/\/www.laguiadepamplona.com\/actualidad\/wp-json\/wp\/v2\/posts"}],"about":[{"href":"https:\/\/www.laguiadepamplona.com\/actualidad\/wp-json\/wp\/v2\/types\/post"}],"author":[{"embeddable":true,"href":"https:\/\/www.laguiadepamplona.com\/actualidad\/wp-json\/wp\/v2\/users\/1"}],"replies":[{"embeddable":true,"href":"https:\/\/www.laguiadepamplona.com\/actualidad\/wp-json\/wp\/v2\/comments?post=36976"}],"version-history":[{"count":0,"href":"https:\/\/www.laguiadepamplona.com\/actualidad\/wp-json\/wp\/v2\/posts\/36976\/revisions"}],"wp:featuredmedia":[{"embeddable":true,"href":"https:\/\/www.laguiadepamplona.com\/actualidad\/wp-json\/wp\/v2\/media\/36074"}],"wp:attachment":[{"href":"https:\/\/www.laguiadepamplona.com\/actualidad\/wp-json\/wp\/v2\/media?parent=36976"}],"wp:term":[{"taxonomy":"category","embeddable":true,"href":"https:\/\/www.laguiadepamplona.com\/actualidad\/wp-json\/wp\/v2\/categories?post=36976"},{"taxonomy":"post_tag","embeddable":true,"href":"https:\/\/www.laguiadepamplona.com\/actualidad\/wp-json\/wp\/v2\/tags?post=36976"}],"curies":[{"name":"wp","href":"https:\/\/api.w.org\/{rel}","templated":true}]}}