{"id":36935,"date":"2021-10-11T12:40:47","date_gmt":"2021-10-11T10:40:47","guid":{"rendered":"https:\/\/www.laguiadepamplona.com\/actualidad\/?p=36935"},"modified":"2023-04-11T11:48:53","modified_gmt":"2023-04-11T09:48:53","slug":"los-aseos-publicos-de-la-ciudadela-estaran-reformados-para-final-de-ano-con-una-inversion-del-ayuntamiento-de-119-000-euros","status":"publish","type":"post","link":"https:\/\/www.laguiadepamplona.com\/actualidad\/los-aseos-publicos-de-la-ciudadela-estaran-reformados-para-final-de-ano-con-una-inversion-del-ayuntamiento-de-119-000-euros\/","title":{"rendered":"Los aseos p\u00fablicos de la Ciudadela estar\u00e1n reformados para final de a\u00f1o con una inversi\u00f3n del Ayuntamiento de 119.000 euros"},"content":{"rendered":"<h5>La intervenci\u00f3n consistir\u00e1 principalmente en la reforma interior de la caserna con la renovaci\u00f3n completa del espacio y una nueva distribuci\u00f3n<\/h5>\n<p><!--more--><\/p>\n<p>El Ayuntamiento de Pamplona va a invertir 119.415 euros en la reforma de los aseos p\u00fablicos de la Ciudadela que estar\u00e1 acabada para finales de a\u00f1o. Conllevar\u00e1n la renovaci\u00f3n completa del espacio cre\u00e1ndose una nueva distribuci\u00f3n. La Junta de Gobierno Local ha aprobado la adjudicaci\u00f3n de la contrataci\u00f3n de las obras a favor de Erki Construcci\u00f3n Sostenible S.L. Los trabajos tienen un plazo de ejecuci\u00f3n de 2 meses y una garant\u00eda de 3 a\u00f1os. El precio de licitaci\u00f3n era de 133.817 euros con lo que la rebaja ha sido del 11%.<\/p>\n<p><script async src=\"\/\/pagead2.googlesyndication.com\/pagead\/js\/adsbygoogle.js\"><\/script><br \/>\n<!-- Noticias La Guia de Pamplona --><br \/>\n<ins class=\"adsbygoogle\"\nstyle=\"display:block\"\ndata-ad-client=\"ca-pub-6943679897239327\"\ndata-ad-slot=\"7048180777\"\ndata-ad-format=\"auto\"><\/ins><br \/>\n<script>\n(adsbygoogle = window.adsbygoogle || []).push({});\n<\/script><\/p>\n<p>Los aseos est\u00e1n ubicados en una de las 13 casernas que se encuentran junto a la Puerta de Socorro y no se ha efectuado ninguna obra en ellos desde que se hicieron, en la d\u00e9cada de los 70. La intervenci\u00f3n consiste principalmente en la reforma interior de la caserna, sin que los trabajos afecten al exterior ni al proyecto de impermeabilizaci\u00f3n de las Casernas de la Puerta de Socorro que se ejecutar\u00e1 pr\u00f3ximamente. La superficie total \u00fatil sobre la que se va a actuar es de 90,60 m\u00b2. La actuaci\u00f3n se llevar\u00e1 a cabo tras el acuerdo presupuestario entre los grupos de Navarra Suma y Socialistas del Ayuntamiento de Pamplona.<\/p>\n<p>El proyecto de la reforma, realizado por personal t\u00e9cnico municipal, ha tenido en cuenta que las murallas y la Ciudadela de Pamplona est\u00e1n protegidas por la Ley 16\/1985 de 25 de junio del Patrimonio Hist\u00f3rico Espa\u00f1ol. Esto obligar\u00e1 a que durante la actuaci\u00f3n se tenga especial cuidado en el tratamiento de los materiales y que la empresa contar\u00e1 con personal cualificado. Las obras se realizar\u00e1n minimizando las afecciones al paso peatonal teniendo en cuenta que es una zona de tr\u00e1nsito.<\/p>\n<p><script async src=\"\/\/pagead2.googlesyndication.com\/pagead\/js\/adsbygoogle.js\"><\/script><br \/>\n<!-- Noticias La Guia de Pamplona --><br \/>\n<ins class=\"adsbygoogle\"\nstyle=\"display:block\"\ndata-ad-client=\"ca-pub-6943679897239327\"\ndata-ad-slot=\"7048180777\"\ndata-ad-format=\"auto\"><\/ins><br \/>\n<script>\n(adsbygoogle = window.adsbygoogle || []).push({});\n<\/script><\/p>\n<p><strong>Se derriban tabiques, se cambia carpinter\u00eda y se limpian los muros interiores<\/strong><\/p>\n<p>Las obras comenzar\u00e1n con el derribo de los actuales tabiques de separaci\u00f3n, ejecutados con ladrillo y revestimiento cer\u00e1mico, as\u00ed como del revestimiento interior de ladrillo realizado junto a las paredes de la b\u00f3veda. Se retirar\u00e1n todas las carpinter\u00edas de madera que se encuentran en un mal estado debido a la humedad existente y se limpiar\u00e1n los muros interiores, limpieza que se llevar\u00e1 a cabo con cepillos de cerdas naturales. Asimismo, se retiran los aparatos sanitarios, los lavabos y los sistemas iluminaci\u00f3n actuales.<\/p>\n<p>Las nuevas particiones se realizar\u00e1n con estructura met\u00e1lica revestida de paneles fen\u00f3licos muy resistentes a la humedad, a una altura de 2,30 metros y en color negro mate. Se colocar\u00e1 una iluminaci\u00f3n general mediante luminaria lineal suspendida, as\u00ed como aparatos sanitarios y puertas. El suelo ser\u00e1 de gres rectificado similar al colocado en la caserna del Fort\u00edn de San Bartolom\u00e9, que permitir\u00e1 una f\u00e1cil limpieza. Por \u00faltimo, se dotar\u00e1 al espacio de una ventilaci\u00f3n mediante extractor. Las instalaciones de telefon\u00eda se mantendr\u00e1n, modificando su posici\u00f3n.<\/p>\n","protected":false},"excerpt":{"rendered":"<p>La intervenci\u00f3n consistir\u00e1 principalmente en la reforma interior de la caserna con la renovaci\u00f3n completa del espacio y una nueva distribuci\u00f3n<\/p>\n","protected":false},"author":1,"featured_media":36936,"comment_status":"open","ping_status":"closed","sticky":false,"template":"","format":"standard","meta":{"footnotes":""},"categories":[2],"tags":[],"class_list":["post-36935","post","type-post","status-publish","format-standard","has-post-thumbnail","hentry","category-ayuntamiento-pamplona"],"yoast_head":"<!-- This site is optimized with the Yoast SEO plugin v27.5 - https:\/\/yoast.com\/product\/yoast-seo-wordpress\/ -->\n<title>Los aseos p\u00fablicos de la Ciudadela estar\u00e1n reformados para final de a\u00f1o con una inversi\u00f3n del Ayuntamiento de 119.000 euros<\/title>\n<meta name=\"description\" content=\"La intervenci\u00f3n consistir\u00e1 principalmente en la reforma interior de la caserna con la renovaci\u00f3n completa del espacio y una nueva distribuci\u00f3n\" \/>\n<meta name=\"robots\" content=\"index, follow, max-snippet:-1, max-image-preview:large, max-video-preview:-1\" \/>\n<link rel=\"canonical\" href=\"https:\/\/www.laguiadepamplona.com\/actualidad\/los-aseos-publicos-de-la-ciudadela-estaran-reformados-para-final-de-ano-con-una-inversion-del-ayuntamiento-de-119-000-euros\/\" \/>\n<meta property=\"og:locale\" content=\"es_ES\" \/>\n<meta property=\"og:type\" content=\"article\" \/>\n<meta property=\"og:title\" content=\"Los aseos p\u00fablicos de la Ciudadela estar\u00e1n reformados para final de a\u00f1o con una inversi\u00f3n del Ayuntamiento de 119.000 euros\" \/>\n<meta property=\"og:description\" content=\"La intervenci\u00f3n consistir\u00e1 principalmente en la reforma interior de la caserna con la renovaci\u00f3n completa del espacio y una nueva distribuci\u00f3n\" \/>\n<meta property=\"og:url\" content=\"https:\/\/www.laguiadepamplona.com\/actualidad\/los-aseos-publicos-de-la-ciudadela-estaran-reformados-para-final-de-ano-con-una-inversion-del-ayuntamiento-de-119-000-euros\/\" \/>\n<meta property=\"og:site_name\" content=\"La Gu\u00eda de Pamplona\" \/>\n<meta property=\"article:publisher\" content=\"https:\/\/www.facebook.com\/laguiadepamplonacom-133175176762273\/?ref=hl\" \/>\n<meta property=\"article:published_time\" content=\"2021-10-11T10:40:47+00:00\" \/>\n<meta property=\"article:modified_time\" content=\"2023-04-11T09:48:53+00:00\" \/>\n<meta property=\"og:image\" content=\"https:\/\/www.laguiadepamplona.com\/actualidad\/wp-content\/uploads\/2021\/10\/banos-publicos.jpg\" \/>\n\t<meta property=\"og:image:width\" content=\"1920\" \/>\n\t<meta property=\"og:image:height\" content=\"1280\" \/>\n\t<meta property=\"og:image:type\" content=\"image\/jpeg\" \/>\n<meta name=\"author\" content=\"La Gu\u00eda de Pamplona\" \/>\n<meta name=\"twitter:card\" content=\"summary_large_image\" \/>\n<meta name=\"twitter:creator\" content=\"@LaGuiadPamplona\" \/>\n<meta name=\"twitter:site\" content=\"@LaGuiadPamplona\" \/>\n<meta name=\"twitter:label1\" content=\"Escrito por\" \/>\n\t<meta name=\"twitter:data1\" content=\"La Gu\u00eda de Pamplona\" \/>\n\t<meta name=\"twitter:label2\" content=\"Tiempo de lectura\" \/>\n\t<meta name=\"twitter:data2\" content=\"3 minutos\" \/>\n<script type=\"application\/ld+json\" class=\"yoast-schema-graph\">{\"@context\":\"https:\\\/\\\/schema.org\",\"@graph\":[{\"@type\":\"Article\",\"@id\":\"https:\\\/\\\/www.laguiadepamplona.com\\\/actualidad\\\/los-aseos-publicos-de-la-ciudadela-estaran-reformados-para-final-de-ano-con-una-inversion-del-ayuntamiento-de-119-000-euros\\\/#article\",\"isPartOf\":{\"@id\":\"https:\\\/\\\/www.laguiadepamplona.com\\\/actualidad\\\/los-aseos-publicos-de-la-ciudadela-estaran-reformados-para-final-de-ano-con-una-inversion-del-ayuntamiento-de-119-000-euros\\\/\"},\"author\":{\"name\":\"La Gu\u00eda de Pamplona\",\"@id\":\"https:\\\/\\\/www.laguiadepamplona.com\\\/actualidad\\\/#\\\/schema\\\/person\\\/efe887376f0213d4657c93adc50b1fdb\"},\"headline\":\"Los aseos p\u00fablicos de la Ciudadela estar\u00e1n reformados para final de a\u00f1o con una inversi\u00f3n del Ayuntamiento de 119.000 euros\",\"datePublished\":\"2021-10-11T10:40:47+00:00\",\"dateModified\":\"2023-04-11T09:48:53+00:00\",\"mainEntityOfPage\":{\"@id\":\"https:\\\/\\\/www.laguiadepamplona.com\\\/actualidad\\\/los-aseos-publicos-de-la-ciudadela-estaran-reformados-para-final-de-ano-con-una-inversion-del-ayuntamiento-de-119-000-euros\\\/\"},\"wordCount\":542,\"commentCount\":0,\"publisher\":{\"@id\":\"https:\\\/\\\/www.laguiadepamplona.com\\\/actualidad\\\/#organization\"},\"image\":{\"@id\":\"https:\\\/\\\/www.laguiadepamplona.com\\\/actualidad\\\/los-aseos-publicos-de-la-ciudadela-estaran-reformados-para-final-de-ano-con-una-inversion-del-ayuntamiento-de-119-000-euros\\\/#primaryimage\"},\"thumbnailUrl\":\"https:\\\/\\\/www.laguiadepamplona.com\\\/actualidad\\\/wp-content\\\/uploads\\\/2021\\\/10\\\/banos-publicos.jpg\",\"articleSection\":[\"Ayto Pamplona\"],\"inLanguage\":\"es\",\"potentialAction\":[{\"@type\":\"CommentAction\",\"name\":\"Comment\",\"target\":[\"https:\\\/\\\/www.laguiadepamplona.com\\\/actualidad\\\/los-aseos-publicos-de-la-ciudadela-estaran-reformados-para-final-de-ano-con-una-inversion-del-ayuntamiento-de-119-000-euros\\\/#respond\"]}]},{\"@type\":\"WebPage\",\"@id\":\"https:\\\/\\\/www.laguiadepamplona.com\\\/actualidad\\\/los-aseos-publicos-de-la-ciudadela-estaran-reformados-para-final-de-ano-con-una-inversion-del-ayuntamiento-de-119-000-euros\\\/\",\"url\":\"https:\\\/\\\/www.laguiadepamplona.com\\\/actualidad\\\/los-aseos-publicos-de-la-ciudadela-estaran-reformados-para-final-de-ano-con-una-inversion-del-ayuntamiento-de-119-000-euros\\\/\",\"name\":\"Los aseos p\u00fablicos de la Ciudadela estar\u00e1n reformados para final de a\u00f1o con una inversi\u00f3n del Ayuntamiento de 119.000 euros\",\"isPartOf\":{\"@id\":\"https:\\\/\\\/www.laguiadepamplona.com\\\/actualidad\\\/#website\"},\"primaryImageOfPage\":{\"@id\":\"https:\\\/\\\/www.laguiadepamplona.com\\\/actualidad\\\/los-aseos-publicos-de-la-ciudadela-estaran-reformados-para-final-de-ano-con-una-inversion-del-ayuntamiento-de-119-000-euros\\\/#primaryimage\"},\"image\":{\"@id\":\"https:\\\/\\\/www.laguiadepamplona.com\\\/actualidad\\\/los-aseos-publicos-de-la-ciudadela-estaran-reformados-para-final-de-ano-con-una-inversion-del-ayuntamiento-de-119-000-euros\\\/#primaryimage\"},\"thumbnailUrl\":\"https:\\\/\\\/www.laguiadepamplona.com\\\/actualidad\\\/wp-content\\\/uploads\\\/2021\\\/10\\\/banos-publicos.jpg\",\"datePublished\":\"2021-10-11T10:40:47+00:00\",\"dateModified\":\"2023-04-11T09:48:53+00:00\",\"description\":\"La intervenci\u00f3n consistir\u00e1 principalmente en la reforma interior de la caserna con la renovaci\u00f3n completa del espacio y una nueva distribuci\u00f3n\",\"breadcrumb\":{\"@id\":\"https:\\\/\\\/www.laguiadepamplona.com\\\/actualidad\\\/los-aseos-publicos-de-la-ciudadela-estaran-reformados-para-final-de-ano-con-una-inversion-del-ayuntamiento-de-119-000-euros\\\/#breadcrumb\"},\"inLanguage\":\"es\",\"potentialAction\":[{\"@type\":\"ReadAction\",\"target\":[\"https:\\\/\\\/www.laguiadepamplona.com\\\/actualidad\\\/los-aseos-publicos-de-la-ciudadela-estaran-reformados-para-final-de-ano-con-una-inversion-del-ayuntamiento-de-119-000-euros\\\/\"]}]},{\"@type\":\"ImageObject\",\"inLanguage\":\"es\",\"@id\":\"https:\\\/\\\/www.laguiadepamplona.com\\\/actualidad\\\/los-aseos-publicos-de-la-ciudadela-estaran-reformados-para-final-de-ano-con-una-inversion-del-ayuntamiento-de-119-000-euros\\\/#primaryimage\",\"url\":\"https:\\\/\\\/www.laguiadepamplona.com\\\/actualidad\\\/wp-content\\\/uploads\\\/2021\\\/10\\\/banos-publicos.jpg\",\"contentUrl\":\"https:\\\/\\\/www.laguiadepamplona.com\\\/actualidad\\\/wp-content\\\/uploads\\\/2021\\\/10\\\/banos-publicos.jpg\",\"width\":1920,\"height\":1280},{\"@type\":\"BreadcrumbList\",\"@id\":\"https:\\\/\\\/www.laguiadepamplona.com\\\/actualidad\\\/los-aseos-publicos-de-la-ciudadela-estaran-reformados-para-final-de-ano-con-una-inversion-del-ayuntamiento-de-119-000-euros\\\/#breadcrumb\",\"itemListElement\":[{\"@type\":\"ListItem\",\"position\":1,\"name\":\"Portada\",\"item\":\"https:\\\/\\\/www.laguiadepamplona.com\\\/actualidad\\\/\"},{\"@type\":\"ListItem\",\"position\":2,\"name\":\"Los aseos p\u00fablicos de la Ciudadela estar\u00e1n reformados para final de a\u00f1o con una inversi\u00f3n del Ayuntamiento de 119.000 euros\"}]},{\"@type\":\"WebSite\",\"@id\":\"https:\\\/\\\/www.laguiadepamplona.com\\\/actualidad\\\/#website\",\"url\":\"https:\\\/\\\/www.laguiadepamplona.com\\\/actualidad\\\/\",\"name\":\"La gu\u00eda de Pamplona\",\"description\":\"Noticias de Pamplona\",\"publisher\":{\"@id\":\"https:\\\/\\\/www.laguiadepamplona.com\\\/actualidad\\\/#organization\"},\"potentialAction\":[{\"@type\":\"SearchAction\",\"target\":{\"@type\":\"EntryPoint\",\"urlTemplate\":\"https:\\\/\\\/www.laguiadepamplona.com\\\/actualidad\\\/?s={search_term_string}\"},\"query-input\":{\"@type\":\"PropertyValueSpecification\",\"valueRequired\":true,\"valueName\":\"search_term_string\"}}],\"inLanguage\":\"es\"},{\"@type\":\"Organization\",\"@id\":\"https:\\\/\\\/www.laguiadepamplona.com\\\/actualidad\\\/#organization\",\"name\":\"La Gu\u00eda de Pamplona \\\/ Noticias\",\"url\":\"https:\\\/\\\/www.laguiadepamplona.com\\\/actualidad\\\/\",\"logo\":{\"@type\":\"ImageObject\",\"inLanguage\":\"es\",\"@id\":\"https:\\\/\\\/www.laguiadepamplona.com\\\/actualidad\\\/#\\\/schema\\\/logo\\\/image\\\/\",\"url\":\"https:\\\/\\\/www.laguiadepamplona.com\\\/actualidad\\\/wp-content\\\/uploads\\\/2018\\\/11\\\/logo-laguiadepamplona18-web1.png\",\"contentUrl\":\"https:\\\/\\\/www.laguiadepamplona.com\\\/actualidad\\\/wp-content\\\/uploads\\\/2018\\\/11\\\/logo-laguiadepamplona18-web1.png\",\"width\":600,\"height\":196,\"caption\":\"La Gu\u00eda de Pamplona \\\/ Noticias\"},\"image\":{\"@id\":\"https:\\\/\\\/www.laguiadepamplona.com\\\/actualidad\\\/#\\\/schema\\\/logo\\\/image\\\/\"},\"sameAs\":[\"https:\\\/\\\/www.facebook.com\\\/laguiadepamplonacom-133175176762273\\\/?ref=hl\",\"https:\\\/\\\/x.com\\\/LaGuiadPamplona\",\"https:\\\/\\\/www.instagram.com\\\/la_guia_de_pamplona\\\/\",\"https:\\\/\\\/www.youtube.com\\\/user\\\/laguiadepamplona\"]},{\"@type\":\"Person\",\"@id\":\"https:\\\/\\\/www.laguiadepamplona.com\\\/actualidad\\\/#\\\/schema\\\/person\\\/efe887376f0213d4657c93adc50b1fdb\",\"name\":\"La Gu\u00eda de Pamplona\",\"image\":{\"@type\":\"ImageObject\",\"inLanguage\":\"es\",\"@id\":\"https:\\\/\\\/secure.gravatar.com\\\/avatar\\\/b6992f131dc8d30ab0dff15446e9d346d9dbd95992de0fef795073f5ea83a81c?s=96&d=mm&r=g\",\"url\":\"https:\\\/\\\/secure.gravatar.com\\\/avatar\\\/b6992f131dc8d30ab0dff15446e9d346d9dbd95992de0fef795073f5ea83a81c?s=96&d=mm&r=g\",\"contentUrl\":\"https:\\\/\\\/secure.gravatar.com\\\/avatar\\\/b6992f131dc8d30ab0dff15446e9d346d9dbd95992de0fef795073f5ea83a81c?s=96&d=mm&r=g\",\"caption\":\"La Gu\u00eda de Pamplona\"}}]}<\/script>\n<!-- \/ Yoast SEO plugin. -->","yoast_head_json":{"title":"Los aseos p\u00fablicos de la Ciudadela estar\u00e1n reformados para final de a\u00f1o con una inversi\u00f3n del Ayuntamiento de 119.000 euros","description":"La intervenci\u00f3n consistir\u00e1 principalmente en la reforma interior de la caserna con la renovaci\u00f3n completa del espacio y una nueva distribuci\u00f3n","robots":{"index":"index","follow":"follow","max-snippet":"max-snippet:-1","max-image-preview":"max-image-preview:large","max-video-preview":"max-video-preview:-1"},"canonical":"https:\/\/www.laguiadepamplona.com\/actualidad\/los-aseos-publicos-de-la-ciudadela-estaran-reformados-para-final-de-ano-con-una-inversion-del-ayuntamiento-de-119-000-euros\/","og_locale":"es_ES","og_type":"article","og_title":"Los aseos p\u00fablicos de la Ciudadela estar\u00e1n reformados para final de a\u00f1o con una inversi\u00f3n del Ayuntamiento de 119.000 euros","og_description":"La intervenci\u00f3n consistir\u00e1 principalmente en la reforma interior de la caserna con la renovaci\u00f3n completa del espacio y una nueva distribuci\u00f3n","og_url":"https:\/\/www.laguiadepamplona.com\/actualidad\/los-aseos-publicos-de-la-ciudadela-estaran-reformados-para-final-de-ano-con-una-inversion-del-ayuntamiento-de-119-000-euros\/","og_site_name":"La Gu\u00eda de Pamplona","article_publisher":"https:\/\/www.facebook.com\/laguiadepamplonacom-133175176762273\/?ref=hl","article_published_time":"2021-10-11T10:40:47+00:00","article_modified_time":"2023-04-11T09:48:53+00:00","og_image":[{"width":1920,"height":1280,"url":"https:\/\/www.laguiadepamplona.com\/actualidad\/wp-content\/uploads\/2021\/10\/banos-publicos.jpg","type":"image\/jpeg"}],"author":"La Gu\u00eda de Pamplona","twitter_card":"summary_large_image","twitter_creator":"@LaGuiadPamplona","twitter_site":"@LaGuiadPamplona","twitter_misc":{"Escrito por":"La Gu\u00eda de Pamplona","Tiempo de lectura":"3 minutos"},"schema":{"@context":"https:\/\/schema.org","@graph":[{"@type":"Article","@id":"https:\/\/www.laguiadepamplona.com\/actualidad\/los-aseos-publicos-de-la-ciudadela-estaran-reformados-para-final-de-ano-con-una-inversion-del-ayuntamiento-de-119-000-euros\/#article","isPartOf":{"@id":"https:\/\/www.laguiadepamplona.com\/actualidad\/los-aseos-publicos-de-la-ciudadela-estaran-reformados-para-final-de-ano-con-una-inversion-del-ayuntamiento-de-119-000-euros\/"},"author":{"name":"La Gu\u00eda de Pamplona","@id":"https:\/\/www.laguiadepamplona.com\/actualidad\/#\/schema\/person\/efe887376f0213d4657c93adc50b1fdb"},"headline":"Los aseos p\u00fablicos de la Ciudadela estar\u00e1n reformados para final de a\u00f1o con una inversi\u00f3n del Ayuntamiento de 119.000 euros","datePublished":"2021-10-11T10:40:47+00:00","dateModified":"2023-04-11T09:48:53+00:00","mainEntityOfPage":{"@id":"https:\/\/www.laguiadepamplona.com\/actualidad\/los-aseos-publicos-de-la-ciudadela-estaran-reformados-para-final-de-ano-con-una-inversion-del-ayuntamiento-de-119-000-euros\/"},"wordCount":542,"commentCount":0,"publisher":{"@id":"https:\/\/www.laguiadepamplona.com\/actualidad\/#organization"},"image":{"@id":"https:\/\/www.laguiadepamplona.com\/actualidad\/los-aseos-publicos-de-la-ciudadela-estaran-reformados-para-final-de-ano-con-una-inversion-del-ayuntamiento-de-119-000-euros\/#primaryimage"},"thumbnailUrl":"https:\/\/www.laguiadepamplona.com\/actualidad\/wp-content\/uploads\/2021\/10\/banos-publicos.jpg","articleSection":["Ayto Pamplona"],"inLanguage":"es","potentialAction":[{"@type":"CommentAction","name":"Comment","target":["https:\/\/www.laguiadepamplona.com\/actualidad\/los-aseos-publicos-de-la-ciudadela-estaran-reformados-para-final-de-ano-con-una-inversion-del-ayuntamiento-de-119-000-euros\/#respond"]}]},{"@type":"WebPage","@id":"https:\/\/www.laguiadepamplona.com\/actualidad\/los-aseos-publicos-de-la-ciudadela-estaran-reformados-para-final-de-ano-con-una-inversion-del-ayuntamiento-de-119-000-euros\/","url":"https:\/\/www.laguiadepamplona.com\/actualidad\/los-aseos-publicos-de-la-ciudadela-estaran-reformados-para-final-de-ano-con-una-inversion-del-ayuntamiento-de-119-000-euros\/","name":"Los aseos p\u00fablicos de la Ciudadela estar\u00e1n reformados para final de a\u00f1o con una inversi\u00f3n del Ayuntamiento de 119.000 euros","isPartOf":{"@id":"https:\/\/www.laguiadepamplona.com\/actualidad\/#website"},"primaryImageOfPage":{"@id":"https:\/\/www.laguiadepamplona.com\/actualidad\/los-aseos-publicos-de-la-ciudadela-estaran-reformados-para-final-de-ano-con-una-inversion-del-ayuntamiento-de-119-000-euros\/#primaryimage"},"image":{"@id":"https:\/\/www.laguiadepamplona.com\/actualidad\/los-aseos-publicos-de-la-ciudadela-estaran-reformados-para-final-de-ano-con-una-inversion-del-ayuntamiento-de-119-000-euros\/#primaryimage"},"thumbnailUrl":"https:\/\/www.laguiadepamplona.com\/actualidad\/wp-content\/uploads\/2021\/10\/banos-publicos.jpg","datePublished":"2021-10-11T10:40:47+00:00","dateModified":"2023-04-11T09:48:53+00:00","description":"La intervenci\u00f3n consistir\u00e1 principalmente en la reforma interior de la caserna con la renovaci\u00f3n completa del espacio y una nueva distribuci\u00f3n","breadcrumb":{"@id":"https:\/\/www.laguiadepamplona.com\/actualidad\/los-aseos-publicos-de-la-ciudadela-estaran-reformados-para-final-de-ano-con-una-inversion-del-ayuntamiento-de-119-000-euros\/#breadcrumb"},"inLanguage":"es","potentialAction":[{"@type":"ReadAction","target":["https:\/\/www.laguiadepamplona.com\/actualidad\/los-aseos-publicos-de-la-ciudadela-estaran-reformados-para-final-de-ano-con-una-inversion-del-ayuntamiento-de-119-000-euros\/"]}]},{"@type":"ImageObject","inLanguage":"es","@id":"https:\/\/www.laguiadepamplona.com\/actualidad\/los-aseos-publicos-de-la-ciudadela-estaran-reformados-para-final-de-ano-con-una-inversion-del-ayuntamiento-de-119-000-euros\/#primaryimage","url":"https:\/\/www.laguiadepamplona.com\/actualidad\/wp-content\/uploads\/2021\/10\/banos-publicos.jpg","contentUrl":"https:\/\/www.laguiadepamplona.com\/actualidad\/wp-content\/uploads\/2021\/10\/banos-publicos.jpg","width":1920,"height":1280},{"@type":"BreadcrumbList","@id":"https:\/\/www.laguiadepamplona.com\/actualidad\/los-aseos-publicos-de-la-ciudadela-estaran-reformados-para-final-de-ano-con-una-inversion-del-ayuntamiento-de-119-000-euros\/#breadcrumb","itemListElement":[{"@type":"ListItem","position":1,"name":"Portada","item":"https:\/\/www.laguiadepamplona.com\/actualidad\/"},{"@type":"ListItem","position":2,"name":"Los aseos p\u00fablicos de la Ciudadela estar\u00e1n reformados para final de a\u00f1o con una inversi\u00f3n del Ayuntamiento de 119.000 euros"}]},{"@type":"WebSite","@id":"https:\/\/www.laguiadepamplona.com\/actualidad\/#website","url":"https:\/\/www.laguiadepamplona.com\/actualidad\/","name":"La gu\u00eda de Pamplona","description":"Noticias de Pamplona","publisher":{"@id":"https:\/\/www.laguiadepamplona.com\/actualidad\/#organization"},"potentialAction":[{"@type":"SearchAction","target":{"@type":"EntryPoint","urlTemplate":"https:\/\/www.laguiadepamplona.com\/actualidad\/?s={search_term_string}"},"query-input":{"@type":"PropertyValueSpecification","valueRequired":true,"valueName":"search_term_string"}}],"inLanguage":"es"},{"@type":"Organization","@id":"https:\/\/www.laguiadepamplona.com\/actualidad\/#organization","name":"La Gu\u00eda de Pamplona \/ Noticias","url":"https:\/\/www.laguiadepamplona.com\/actualidad\/","logo":{"@type":"ImageObject","inLanguage":"es","@id":"https:\/\/www.laguiadepamplona.com\/actualidad\/#\/schema\/logo\/image\/","url":"https:\/\/www.laguiadepamplona.com\/actualidad\/wp-content\/uploads\/2018\/11\/logo-laguiadepamplona18-web1.png","contentUrl":"https:\/\/www.laguiadepamplona.com\/actualidad\/wp-content\/uploads\/2018\/11\/logo-laguiadepamplona18-web1.png","width":600,"height":196,"caption":"La Gu\u00eda de Pamplona \/ Noticias"},"image":{"@id":"https:\/\/www.laguiadepamplona.com\/actualidad\/#\/schema\/logo\/image\/"},"sameAs":["https:\/\/www.facebook.com\/laguiadepamplonacom-133175176762273\/?ref=hl","https:\/\/x.com\/LaGuiadPamplona","https:\/\/www.instagram.com\/la_guia_de_pamplona\/","https:\/\/www.youtube.com\/user\/laguiadepamplona"]},{"@type":"Person","@id":"https:\/\/www.laguiadepamplona.com\/actualidad\/#\/schema\/person\/efe887376f0213d4657c93adc50b1fdb","name":"La Gu\u00eda de Pamplona","image":{"@type":"ImageObject","inLanguage":"es","@id":"https:\/\/secure.gravatar.com\/avatar\/b6992f131dc8d30ab0dff15446e9d346d9dbd95992de0fef795073f5ea83a81c?s=96&d=mm&r=g","url":"https:\/\/secure.gravatar.com\/avatar\/b6992f131dc8d30ab0dff15446e9d346d9dbd95992de0fef795073f5ea83a81c?s=96&d=mm&r=g","contentUrl":"https:\/\/secure.gravatar.com\/avatar\/b6992f131dc8d30ab0dff15446e9d346d9dbd95992de0fef795073f5ea83a81c?s=96&d=mm&r=g","caption":"La Gu\u00eda de Pamplona"}}]}},"post_mailing_queue_ids":[],"_links":{"self":[{"href":"https:\/\/www.laguiadepamplona.com\/actualidad\/wp-json\/wp\/v2\/posts\/36935","targetHints":{"allow":["GET"]}}],"collection":[{"href":"https:\/\/www.laguiadepamplona.com\/actualidad\/wp-json\/wp\/v2\/posts"}],"about":[{"href":"https:\/\/www.laguiadepamplona.com\/actualidad\/wp-json\/wp\/v2\/types\/post"}],"author":[{"embeddable":true,"href":"https:\/\/www.laguiadepamplona.com\/actualidad\/wp-json\/wp\/v2\/users\/1"}],"replies":[{"embeddable":true,"href":"https:\/\/www.laguiadepamplona.com\/actualidad\/wp-json\/wp\/v2\/comments?post=36935"}],"version-history":[{"count":0,"href":"https:\/\/www.laguiadepamplona.com\/actualidad\/wp-json\/wp\/v2\/posts\/36935\/revisions"}],"wp:featuredmedia":[{"embeddable":true,"href":"https:\/\/www.laguiadepamplona.com\/actualidad\/wp-json\/wp\/v2\/media\/36936"}],"wp:attachment":[{"href":"https:\/\/www.laguiadepamplona.com\/actualidad\/wp-json\/wp\/v2\/media?parent=36935"}],"wp:term":[{"taxonomy":"category","embeddable":true,"href":"https:\/\/www.laguiadepamplona.com\/actualidad\/wp-json\/wp\/v2\/categories?post=36935"},{"taxonomy":"post_tag","embeddable":true,"href":"https:\/\/www.laguiadepamplona.com\/actualidad\/wp-json\/wp\/v2\/tags?post=36935"}],"curies":[{"name":"wp","href":"https:\/\/api.w.org\/{rel}","templated":true}]}}