{"id":36918,"date":"2021-10-08T17:13:37","date_gmt":"2021-10-08T15:13:37","guid":{"rendered":"https:\/\/www.laguiadepamplona.com\/actualidad\/?p=36918"},"modified":"2023-04-11T11:48:53","modified_gmt":"2023-04-11T09:48:53","slug":"el-ayuntamiento-de-pamplona-construira-un-fronton-infanto-juvenil-en-mendillorri-en-una-parcela-ubicada-junto-al-centro-comunitario-antzara","status":"publish","type":"post","link":"https:\/\/www.laguiadepamplona.com\/actualidad\/el-ayuntamiento-de-pamplona-construira-un-fronton-infanto-juvenil-en-mendillorri-en-una-parcela-ubicada-junto-al-centro-comunitario-antzara\/","title":{"rendered":"El Ayuntamiento de Pamplona construir\u00e1 un front\u00f3n infanto-juvenil en Mendillorri, en una parcela ubicada junto al Centro Comunitario Antzara"},"content":{"rendered":"<h5>La Junta de Gobierno aprueba la licitaci\u00f3n de las obras, que se prev\u00e9n comenzar antes de final de a\u00f1o, con un presupuesto de 291.897,27 euros<\/h5>\n<p><!--more--><\/p>\n<p>El barrio de Mendillorri contar\u00e1 para el primer semestre del a\u00f1o que viene con un front\u00f3n infanto-juvenil que el Ayuntamiento de Pamplona construir\u00e1 en una parcela junto al Centro Comunitario Antzara. La Junta de Gobierno Local ha aprobado el expediente de contrataci\u00f3n de las obras, que se licitan con un presupuesto de 291.897,27 euros. Se prev\u00e9 comenzar la construcci\u00f3n en diciembre, con un plazo de ejecuci\u00f3n de cuatro meses.<\/p>\n<p><script async src=\"\/\/pagead2.googlesyndication.com\/pagead\/js\/adsbygoogle.js\"><\/script><br \/>\n<!-- Noticias La Guia de Pamplona --><br \/>\n<ins class=\"adsbygoogle\"\nstyle=\"display:block\"\ndata-ad-client=\"ca-pub-6943679897239327\"\ndata-ad-slot=\"7048180777\"\ndata-ad-format=\"auto\"><\/ins><br \/>\n<script>\n(adsbygoogle = window.adsbygoogle || []).push({});\n<\/script><\/p>\n<p>El front\u00f3n contar\u00e1 con frontis y pared lateral, sin cumplir con las medidas necesarias para su uso reglado, pues su finalidad es generar un espacio de ocio deportivo para menores y j\u00f3venes, sin otra pretensi\u00f3n que la pr\u00e1ctica deportiva. La nueva instalaci\u00f3n tendr\u00e1 una pared lateral de 25 metros de largo y un frontis de 15 metros de ancho, de los que 10 se corresponden con la zona de juego. La altura de ese frontis ser\u00e1 de 13,20 metros, incluida una red de protecci\u00f3n en la parte superior. El front\u00f3n se construir\u00e1 algo soterrado, por debajo el nivel de la acera debido al desnivel del terreno, y quedar\u00e1 resguardado, pues desde la acera se ver\u00e1 la trasera de la pared lateral.<\/p>\n<p>Se adecuar\u00e1 tambi\u00e9n el entorno para generar los accesos a la instalaci\u00f3n, a trav\u00e9s de un camino que se habilitar\u00e1 por detr\u00e1s del frontis, orientado este hacia el norte. As\u00ed las cosas, el proyecto incluye la ejecuci\u00f3n del front\u00f3n descubierto; el camino de acceso; su alumbrado, recogida de aguas y vertido a la red general de saneamiento; y la acometida de abastecimiento para colocar una fuente.<\/p>\n<p><script async src=\"\/\/pagead2.googlesyndication.com\/pagead\/js\/adsbygoogle.js\"><\/script><br \/>\n<!-- Noticias La Guia de Pamplona --><br \/>\n<ins class=\"adsbygoogle\"\nstyle=\"display:block\"\ndata-ad-client=\"ca-pub-6943679897239327\"\ndata-ad-slot=\"7048180777\"\ndata-ad-format=\"auto\"><\/ins><br \/>\n<script>\n(adsbygoogle = window.adsbygoogle || []).push({});\n<\/script><\/p>\n<p>La parcela en la que se construir\u00e1 el front\u00f3n en un espacio sin edificar de la calle Consejo de Sarriguren, que actualmente acoge una zona de esparcimiento canino. La parcela se encuentra sin urbanizar, por lo que hay que acercar los suministros e instalaciones necesarias. El front\u00f3n se une a dotaciones p\u00fablicas en esa misma calle como el Centro Comunitario, Civivox Mendillorri, el Centro de Salud o el polideportivo y trinquete del barrio.<\/p>\n<p>El Ayuntamiento de Pamplona atiende de esta forma una demanda vecinal del barrio. En 2012 se realiz\u00f3 un estudio para construir un front\u00f3n reglamentario con gradas, iluminaci\u00f3n y cuadro t\u00e9cnico con previsi\u00f3n incluso de que fuera cubierto. Ese proyecto finalmente no se llev\u00f3 adelante. Este a\u00f1o se ha retomado la idea y, tras estudiar diferentes ubicaciones y soluciones, se ha planteado este proyecto de front\u00f3n infanto-juvenil, que cumple adem\u00e1s las condiciones presupuestarias disponibles.<\/p>\n","protected":false},"excerpt":{"rendered":"<p>La Junta de Gobierno aprueba la licitaci\u00f3n de las obras, que se prev\u00e9n comenzar antes de final de a\u00f1o, con un presupuesto de 291.897,27 euros<\/p>\n","protected":false},"author":1,"featured_media":36919,"comment_status":"open","ping_status":"closed","sticky":false,"template":"","format":"standard","meta":{"footnotes":""},"categories":[2],"tags":[],"class_list":["post-36918","post","type-post","status-publish","format-standard","has-post-thumbnail","hentry","category-ayuntamiento-pamplona"],"yoast_head":"<!-- This site is optimized with the Yoast SEO plugin v27.5 - https:\/\/yoast.com\/product\/yoast-seo-wordpress\/ -->\n<title>El Ayuntamiento de Pamplona construir\u00e1 un front\u00f3n infanto-juvenil en Mendillorri, en una parcela ubicada junto al Centro Comunitario Antzara<\/title>\n<meta name=\"description\" content=\"La Junta de Gobierno aprueba la licitaci\u00f3n de las obras, que se prev\u00e9n comenzar antes de final de a\u00f1o, con un presupuesto de 291.897,27 euros\" \/>\n<meta name=\"robots\" content=\"index, follow, max-snippet:-1, max-image-preview:large, max-video-preview:-1\" \/>\n<link rel=\"canonical\" href=\"https:\/\/www.laguiadepamplona.com\/actualidad\/el-ayuntamiento-de-pamplona-construira-un-fronton-infanto-juvenil-en-mendillorri-en-una-parcela-ubicada-junto-al-centro-comunitario-antzara\/\" \/>\n<meta property=\"og:locale\" content=\"es_ES\" \/>\n<meta property=\"og:type\" content=\"article\" \/>\n<meta property=\"og:title\" content=\"El Ayuntamiento de Pamplona construir\u00e1 un front\u00f3n infanto-juvenil en Mendillorri, en una parcela ubicada junto al Centro Comunitario Antzara\" \/>\n<meta property=\"og:description\" content=\"La Junta de Gobierno aprueba la licitaci\u00f3n de las obras, que se prev\u00e9n comenzar antes de final de a\u00f1o, con un presupuesto de 291.897,27 euros\" \/>\n<meta property=\"og:url\" content=\"https:\/\/www.laguiadepamplona.com\/actualidad\/el-ayuntamiento-de-pamplona-construira-un-fronton-infanto-juvenil-en-mendillorri-en-una-parcela-ubicada-junto-al-centro-comunitario-antzara\/\" \/>\n<meta property=\"og:site_name\" content=\"La Gu\u00eda de Pamplona\" \/>\n<meta property=\"article:publisher\" content=\"https:\/\/www.facebook.com\/laguiadepamplonacom-133175176762273\/?ref=hl\" \/>\n<meta property=\"article:published_time\" content=\"2021-10-08T15:13:37+00:00\" \/>\n<meta property=\"article:modified_time\" content=\"2023-04-11T09:48:53+00:00\" \/>\n<meta property=\"og:image\" content=\"https:\/\/www.laguiadepamplona.com\/actualidad\/wp-content\/uploads\/2021\/10\/vista_-aerea_Mendillorri-6.jpg\" \/>\n\t<meta property=\"og:image:width\" content=\"1920\" \/>\n\t<meta property=\"og:image:height\" content=\"1285\" \/>\n\t<meta property=\"og:image:type\" content=\"image\/jpeg\" \/>\n<meta name=\"author\" content=\"La Gu\u00eda de Pamplona\" \/>\n<meta name=\"twitter:card\" content=\"summary_large_image\" \/>\n<meta name=\"twitter:creator\" content=\"@LaGuiadPamplona\" \/>\n<meta name=\"twitter:site\" content=\"@LaGuiadPamplona\" \/>\n<meta name=\"twitter:label1\" content=\"Escrito por\" \/>\n\t<meta name=\"twitter:data1\" content=\"La Gu\u00eda de Pamplona\" \/>\n\t<meta name=\"twitter:label2\" content=\"Tiempo de lectura\" \/>\n\t<meta name=\"twitter:data2\" content=\"2 minutos\" \/>\n<script type=\"application\/ld+json\" class=\"yoast-schema-graph\">{\"@context\":\"https:\\\/\\\/schema.org\",\"@graph\":[{\"@type\":\"Article\",\"@id\":\"https:\\\/\\\/www.laguiadepamplona.com\\\/actualidad\\\/el-ayuntamiento-de-pamplona-construira-un-fronton-infanto-juvenil-en-mendillorri-en-una-parcela-ubicada-junto-al-centro-comunitario-antzara\\\/#article\",\"isPartOf\":{\"@id\":\"https:\\\/\\\/www.laguiadepamplona.com\\\/actualidad\\\/el-ayuntamiento-de-pamplona-construira-un-fronton-infanto-juvenil-en-mendillorri-en-una-parcela-ubicada-junto-al-centro-comunitario-antzara\\\/\"},\"author\":{\"name\":\"La Gu\u00eda de Pamplona\",\"@id\":\"https:\\\/\\\/www.laguiadepamplona.com\\\/actualidad\\\/#\\\/schema\\\/person\\\/efe887376f0213d4657c93adc50b1fdb\"},\"headline\":\"El Ayuntamiento de Pamplona construir\u00e1 un front\u00f3n infanto-juvenil en Mendillorri, en una parcela ubicada junto al Centro Comunitario Antzara\",\"datePublished\":\"2021-10-08T15:13:37+00:00\",\"dateModified\":\"2023-04-11T09:48:53+00:00\",\"mainEntityOfPage\":{\"@id\":\"https:\\\/\\\/www.laguiadepamplona.com\\\/actualidad\\\/el-ayuntamiento-de-pamplona-construira-un-fronton-infanto-juvenil-en-mendillorri-en-una-parcela-ubicada-junto-al-centro-comunitario-antzara\\\/\"},\"wordCount\":471,\"commentCount\":0,\"publisher\":{\"@id\":\"https:\\\/\\\/www.laguiadepamplona.com\\\/actualidad\\\/#organization\"},\"image\":{\"@id\":\"https:\\\/\\\/www.laguiadepamplona.com\\\/actualidad\\\/el-ayuntamiento-de-pamplona-construira-un-fronton-infanto-juvenil-en-mendillorri-en-una-parcela-ubicada-junto-al-centro-comunitario-antzara\\\/#primaryimage\"},\"thumbnailUrl\":\"https:\\\/\\\/www.laguiadepamplona.com\\\/actualidad\\\/wp-content\\\/uploads\\\/2021\\\/10\\\/vista_-aerea_Mendillorri-6.jpg\",\"articleSection\":[\"Ayto Pamplona\"],\"inLanguage\":\"es\",\"potentialAction\":[{\"@type\":\"CommentAction\",\"name\":\"Comment\",\"target\":[\"https:\\\/\\\/www.laguiadepamplona.com\\\/actualidad\\\/el-ayuntamiento-de-pamplona-construira-un-fronton-infanto-juvenil-en-mendillorri-en-una-parcela-ubicada-junto-al-centro-comunitario-antzara\\\/#respond\"]}]},{\"@type\":\"WebPage\",\"@id\":\"https:\\\/\\\/www.laguiadepamplona.com\\\/actualidad\\\/el-ayuntamiento-de-pamplona-construira-un-fronton-infanto-juvenil-en-mendillorri-en-una-parcela-ubicada-junto-al-centro-comunitario-antzara\\\/\",\"url\":\"https:\\\/\\\/www.laguiadepamplona.com\\\/actualidad\\\/el-ayuntamiento-de-pamplona-construira-un-fronton-infanto-juvenil-en-mendillorri-en-una-parcela-ubicada-junto-al-centro-comunitario-antzara\\\/\",\"name\":\"El Ayuntamiento de Pamplona construir\u00e1 un front\u00f3n infanto-juvenil en Mendillorri, en una parcela ubicada junto al Centro Comunitario Antzara\",\"isPartOf\":{\"@id\":\"https:\\\/\\\/www.laguiadepamplona.com\\\/actualidad\\\/#website\"},\"primaryImageOfPage\":{\"@id\":\"https:\\\/\\\/www.laguiadepamplona.com\\\/actualidad\\\/el-ayuntamiento-de-pamplona-construira-un-fronton-infanto-juvenil-en-mendillorri-en-una-parcela-ubicada-junto-al-centro-comunitario-antzara\\\/#primaryimage\"},\"image\":{\"@id\":\"https:\\\/\\\/www.laguiadepamplona.com\\\/actualidad\\\/el-ayuntamiento-de-pamplona-construira-un-fronton-infanto-juvenil-en-mendillorri-en-una-parcela-ubicada-junto-al-centro-comunitario-antzara\\\/#primaryimage\"},\"thumbnailUrl\":\"https:\\\/\\\/www.laguiadepamplona.com\\\/actualidad\\\/wp-content\\\/uploads\\\/2021\\\/10\\\/vista_-aerea_Mendillorri-6.jpg\",\"datePublished\":\"2021-10-08T15:13:37+00:00\",\"dateModified\":\"2023-04-11T09:48:53+00:00\",\"description\":\"La Junta de Gobierno aprueba la licitaci\u00f3n de las obras, que se prev\u00e9n comenzar antes de final de a\u00f1o, con un presupuesto de 291.897,27 euros\",\"breadcrumb\":{\"@id\":\"https:\\\/\\\/www.laguiadepamplona.com\\\/actualidad\\\/el-ayuntamiento-de-pamplona-construira-un-fronton-infanto-juvenil-en-mendillorri-en-una-parcela-ubicada-junto-al-centro-comunitario-antzara\\\/#breadcrumb\"},\"inLanguage\":\"es\",\"potentialAction\":[{\"@type\":\"ReadAction\",\"target\":[\"https:\\\/\\\/www.laguiadepamplona.com\\\/actualidad\\\/el-ayuntamiento-de-pamplona-construira-un-fronton-infanto-juvenil-en-mendillorri-en-una-parcela-ubicada-junto-al-centro-comunitario-antzara\\\/\"]}]},{\"@type\":\"ImageObject\",\"inLanguage\":\"es\",\"@id\":\"https:\\\/\\\/www.laguiadepamplona.com\\\/actualidad\\\/el-ayuntamiento-de-pamplona-construira-un-fronton-infanto-juvenil-en-mendillorri-en-una-parcela-ubicada-junto-al-centro-comunitario-antzara\\\/#primaryimage\",\"url\":\"https:\\\/\\\/www.laguiadepamplona.com\\\/actualidad\\\/wp-content\\\/uploads\\\/2021\\\/10\\\/vista_-aerea_Mendillorri-6.jpg\",\"contentUrl\":\"https:\\\/\\\/www.laguiadepamplona.com\\\/actualidad\\\/wp-content\\\/uploads\\\/2021\\\/10\\\/vista_-aerea_Mendillorri-6.jpg\",\"width\":1920,\"height\":1285},{\"@type\":\"BreadcrumbList\",\"@id\":\"https:\\\/\\\/www.laguiadepamplona.com\\\/actualidad\\\/el-ayuntamiento-de-pamplona-construira-un-fronton-infanto-juvenil-en-mendillorri-en-una-parcela-ubicada-junto-al-centro-comunitario-antzara\\\/#breadcrumb\",\"itemListElement\":[{\"@type\":\"ListItem\",\"position\":1,\"name\":\"Portada\",\"item\":\"https:\\\/\\\/www.laguiadepamplona.com\\\/actualidad\\\/\"},{\"@type\":\"ListItem\",\"position\":2,\"name\":\"El Ayuntamiento de Pamplona construir\u00e1 un front\u00f3n infanto-juvenil en Mendillorri, en una parcela ubicada junto al Centro Comunitario Antzara\"}]},{\"@type\":\"WebSite\",\"@id\":\"https:\\\/\\\/www.laguiadepamplona.com\\\/actualidad\\\/#website\",\"url\":\"https:\\\/\\\/www.laguiadepamplona.com\\\/actualidad\\\/\",\"name\":\"La gu\u00eda de Pamplona\",\"description\":\"Noticias de Pamplona\",\"publisher\":{\"@id\":\"https:\\\/\\\/www.laguiadepamplona.com\\\/actualidad\\\/#organization\"},\"potentialAction\":[{\"@type\":\"SearchAction\",\"target\":{\"@type\":\"EntryPoint\",\"urlTemplate\":\"https:\\\/\\\/www.laguiadepamplona.com\\\/actualidad\\\/?s={search_term_string}\"},\"query-input\":{\"@type\":\"PropertyValueSpecification\",\"valueRequired\":true,\"valueName\":\"search_term_string\"}}],\"inLanguage\":\"es\"},{\"@type\":\"Organization\",\"@id\":\"https:\\\/\\\/www.laguiadepamplona.com\\\/actualidad\\\/#organization\",\"name\":\"La Gu\u00eda de Pamplona \\\/ Noticias\",\"url\":\"https:\\\/\\\/www.laguiadepamplona.com\\\/actualidad\\\/\",\"logo\":{\"@type\":\"ImageObject\",\"inLanguage\":\"es\",\"@id\":\"https:\\\/\\\/www.laguiadepamplona.com\\\/actualidad\\\/#\\\/schema\\\/logo\\\/image\\\/\",\"url\":\"https:\\\/\\\/www.laguiadepamplona.com\\\/actualidad\\\/wp-content\\\/uploads\\\/2018\\\/11\\\/logo-laguiadepamplona18-web1.png\",\"contentUrl\":\"https:\\\/\\\/www.laguiadepamplona.com\\\/actualidad\\\/wp-content\\\/uploads\\\/2018\\\/11\\\/logo-laguiadepamplona18-web1.png\",\"width\":600,\"height\":196,\"caption\":\"La Gu\u00eda de Pamplona \\\/ Noticias\"},\"image\":{\"@id\":\"https:\\\/\\\/www.laguiadepamplona.com\\\/actualidad\\\/#\\\/schema\\\/logo\\\/image\\\/\"},\"sameAs\":[\"https:\\\/\\\/www.facebook.com\\\/laguiadepamplonacom-133175176762273\\\/?ref=hl\",\"https:\\\/\\\/x.com\\\/LaGuiadPamplona\",\"https:\\\/\\\/www.instagram.com\\\/la_guia_de_pamplona\\\/\",\"https:\\\/\\\/www.youtube.com\\\/user\\\/laguiadepamplona\"]},{\"@type\":\"Person\",\"@id\":\"https:\\\/\\\/www.laguiadepamplona.com\\\/actualidad\\\/#\\\/schema\\\/person\\\/efe887376f0213d4657c93adc50b1fdb\",\"name\":\"La Gu\u00eda de Pamplona\",\"image\":{\"@type\":\"ImageObject\",\"inLanguage\":\"es\",\"@id\":\"https:\\\/\\\/secure.gravatar.com\\\/avatar\\\/b6992f131dc8d30ab0dff15446e9d346d9dbd95992de0fef795073f5ea83a81c?s=96&d=mm&r=g\",\"url\":\"https:\\\/\\\/secure.gravatar.com\\\/avatar\\\/b6992f131dc8d30ab0dff15446e9d346d9dbd95992de0fef795073f5ea83a81c?s=96&d=mm&r=g\",\"contentUrl\":\"https:\\\/\\\/secure.gravatar.com\\\/avatar\\\/b6992f131dc8d30ab0dff15446e9d346d9dbd95992de0fef795073f5ea83a81c?s=96&d=mm&r=g\",\"caption\":\"La Gu\u00eda de Pamplona\"}}]}<\/script>\n<!-- \/ Yoast SEO plugin. -->","yoast_head_json":{"title":"El Ayuntamiento de Pamplona construir\u00e1 un front\u00f3n infanto-juvenil en Mendillorri, en una parcela ubicada junto al Centro Comunitario Antzara","description":"La Junta de Gobierno aprueba la licitaci\u00f3n de las obras, que se prev\u00e9n comenzar antes de final de a\u00f1o, con un presupuesto de 291.897,27 euros","robots":{"index":"index","follow":"follow","max-snippet":"max-snippet:-1","max-image-preview":"max-image-preview:large","max-video-preview":"max-video-preview:-1"},"canonical":"https:\/\/www.laguiadepamplona.com\/actualidad\/el-ayuntamiento-de-pamplona-construira-un-fronton-infanto-juvenil-en-mendillorri-en-una-parcela-ubicada-junto-al-centro-comunitario-antzara\/","og_locale":"es_ES","og_type":"article","og_title":"El Ayuntamiento de Pamplona construir\u00e1 un front\u00f3n infanto-juvenil en Mendillorri, en una parcela ubicada junto al Centro Comunitario Antzara","og_description":"La Junta de Gobierno aprueba la licitaci\u00f3n de las obras, que se prev\u00e9n comenzar antes de final de a\u00f1o, con un presupuesto de 291.897,27 euros","og_url":"https:\/\/www.laguiadepamplona.com\/actualidad\/el-ayuntamiento-de-pamplona-construira-un-fronton-infanto-juvenil-en-mendillorri-en-una-parcela-ubicada-junto-al-centro-comunitario-antzara\/","og_site_name":"La Gu\u00eda de Pamplona","article_publisher":"https:\/\/www.facebook.com\/laguiadepamplonacom-133175176762273\/?ref=hl","article_published_time":"2021-10-08T15:13:37+00:00","article_modified_time":"2023-04-11T09:48:53+00:00","og_image":[{"width":1920,"height":1285,"url":"https:\/\/www.laguiadepamplona.com\/actualidad\/wp-content\/uploads\/2021\/10\/vista_-aerea_Mendillorri-6.jpg","type":"image\/jpeg"}],"author":"La Gu\u00eda de Pamplona","twitter_card":"summary_large_image","twitter_creator":"@LaGuiadPamplona","twitter_site":"@LaGuiadPamplona","twitter_misc":{"Escrito por":"La Gu\u00eda de Pamplona","Tiempo de lectura":"2 minutos"},"schema":{"@context":"https:\/\/schema.org","@graph":[{"@type":"Article","@id":"https:\/\/www.laguiadepamplona.com\/actualidad\/el-ayuntamiento-de-pamplona-construira-un-fronton-infanto-juvenil-en-mendillorri-en-una-parcela-ubicada-junto-al-centro-comunitario-antzara\/#article","isPartOf":{"@id":"https:\/\/www.laguiadepamplona.com\/actualidad\/el-ayuntamiento-de-pamplona-construira-un-fronton-infanto-juvenil-en-mendillorri-en-una-parcela-ubicada-junto-al-centro-comunitario-antzara\/"},"author":{"name":"La Gu\u00eda de Pamplona","@id":"https:\/\/www.laguiadepamplona.com\/actualidad\/#\/schema\/person\/efe887376f0213d4657c93adc50b1fdb"},"headline":"El Ayuntamiento de Pamplona construir\u00e1 un front\u00f3n infanto-juvenil en Mendillorri, en una parcela ubicada junto al Centro Comunitario Antzara","datePublished":"2021-10-08T15:13:37+00:00","dateModified":"2023-04-11T09:48:53+00:00","mainEntityOfPage":{"@id":"https:\/\/www.laguiadepamplona.com\/actualidad\/el-ayuntamiento-de-pamplona-construira-un-fronton-infanto-juvenil-en-mendillorri-en-una-parcela-ubicada-junto-al-centro-comunitario-antzara\/"},"wordCount":471,"commentCount":0,"publisher":{"@id":"https:\/\/www.laguiadepamplona.com\/actualidad\/#organization"},"image":{"@id":"https:\/\/www.laguiadepamplona.com\/actualidad\/el-ayuntamiento-de-pamplona-construira-un-fronton-infanto-juvenil-en-mendillorri-en-una-parcela-ubicada-junto-al-centro-comunitario-antzara\/#primaryimage"},"thumbnailUrl":"https:\/\/www.laguiadepamplona.com\/actualidad\/wp-content\/uploads\/2021\/10\/vista_-aerea_Mendillorri-6.jpg","articleSection":["Ayto Pamplona"],"inLanguage":"es","potentialAction":[{"@type":"CommentAction","name":"Comment","target":["https:\/\/www.laguiadepamplona.com\/actualidad\/el-ayuntamiento-de-pamplona-construira-un-fronton-infanto-juvenil-en-mendillorri-en-una-parcela-ubicada-junto-al-centro-comunitario-antzara\/#respond"]}]},{"@type":"WebPage","@id":"https:\/\/www.laguiadepamplona.com\/actualidad\/el-ayuntamiento-de-pamplona-construira-un-fronton-infanto-juvenil-en-mendillorri-en-una-parcela-ubicada-junto-al-centro-comunitario-antzara\/","url":"https:\/\/www.laguiadepamplona.com\/actualidad\/el-ayuntamiento-de-pamplona-construira-un-fronton-infanto-juvenil-en-mendillorri-en-una-parcela-ubicada-junto-al-centro-comunitario-antzara\/","name":"El Ayuntamiento de Pamplona construir\u00e1 un front\u00f3n infanto-juvenil en Mendillorri, en una parcela ubicada junto al Centro Comunitario Antzara","isPartOf":{"@id":"https:\/\/www.laguiadepamplona.com\/actualidad\/#website"},"primaryImageOfPage":{"@id":"https:\/\/www.laguiadepamplona.com\/actualidad\/el-ayuntamiento-de-pamplona-construira-un-fronton-infanto-juvenil-en-mendillorri-en-una-parcela-ubicada-junto-al-centro-comunitario-antzara\/#primaryimage"},"image":{"@id":"https:\/\/www.laguiadepamplona.com\/actualidad\/el-ayuntamiento-de-pamplona-construira-un-fronton-infanto-juvenil-en-mendillorri-en-una-parcela-ubicada-junto-al-centro-comunitario-antzara\/#primaryimage"},"thumbnailUrl":"https:\/\/www.laguiadepamplona.com\/actualidad\/wp-content\/uploads\/2021\/10\/vista_-aerea_Mendillorri-6.jpg","datePublished":"2021-10-08T15:13:37+00:00","dateModified":"2023-04-11T09:48:53+00:00","description":"La Junta de Gobierno aprueba la licitaci\u00f3n de las obras, que se prev\u00e9n comenzar antes de final de a\u00f1o, con un presupuesto de 291.897,27 euros","breadcrumb":{"@id":"https:\/\/www.laguiadepamplona.com\/actualidad\/el-ayuntamiento-de-pamplona-construira-un-fronton-infanto-juvenil-en-mendillorri-en-una-parcela-ubicada-junto-al-centro-comunitario-antzara\/#breadcrumb"},"inLanguage":"es","potentialAction":[{"@type":"ReadAction","target":["https:\/\/www.laguiadepamplona.com\/actualidad\/el-ayuntamiento-de-pamplona-construira-un-fronton-infanto-juvenil-en-mendillorri-en-una-parcela-ubicada-junto-al-centro-comunitario-antzara\/"]}]},{"@type":"ImageObject","inLanguage":"es","@id":"https:\/\/www.laguiadepamplona.com\/actualidad\/el-ayuntamiento-de-pamplona-construira-un-fronton-infanto-juvenil-en-mendillorri-en-una-parcela-ubicada-junto-al-centro-comunitario-antzara\/#primaryimage","url":"https:\/\/www.laguiadepamplona.com\/actualidad\/wp-content\/uploads\/2021\/10\/vista_-aerea_Mendillorri-6.jpg","contentUrl":"https:\/\/www.laguiadepamplona.com\/actualidad\/wp-content\/uploads\/2021\/10\/vista_-aerea_Mendillorri-6.jpg","width":1920,"height":1285},{"@type":"BreadcrumbList","@id":"https:\/\/www.laguiadepamplona.com\/actualidad\/el-ayuntamiento-de-pamplona-construira-un-fronton-infanto-juvenil-en-mendillorri-en-una-parcela-ubicada-junto-al-centro-comunitario-antzara\/#breadcrumb","itemListElement":[{"@type":"ListItem","position":1,"name":"Portada","item":"https:\/\/www.laguiadepamplona.com\/actualidad\/"},{"@type":"ListItem","position":2,"name":"El Ayuntamiento de Pamplona construir\u00e1 un front\u00f3n infanto-juvenil en Mendillorri, en una parcela ubicada junto al Centro Comunitario Antzara"}]},{"@type":"WebSite","@id":"https:\/\/www.laguiadepamplona.com\/actualidad\/#website","url":"https:\/\/www.laguiadepamplona.com\/actualidad\/","name":"La gu\u00eda de Pamplona","description":"Noticias de Pamplona","publisher":{"@id":"https:\/\/www.laguiadepamplona.com\/actualidad\/#organization"},"potentialAction":[{"@type":"SearchAction","target":{"@type":"EntryPoint","urlTemplate":"https:\/\/www.laguiadepamplona.com\/actualidad\/?s={search_term_string}"},"query-input":{"@type":"PropertyValueSpecification","valueRequired":true,"valueName":"search_term_string"}}],"inLanguage":"es"},{"@type":"Organization","@id":"https:\/\/www.laguiadepamplona.com\/actualidad\/#organization","name":"La Gu\u00eda de Pamplona \/ Noticias","url":"https:\/\/www.laguiadepamplona.com\/actualidad\/","logo":{"@type":"ImageObject","inLanguage":"es","@id":"https:\/\/www.laguiadepamplona.com\/actualidad\/#\/schema\/logo\/image\/","url":"https:\/\/www.laguiadepamplona.com\/actualidad\/wp-content\/uploads\/2018\/11\/logo-laguiadepamplona18-web1.png","contentUrl":"https:\/\/www.laguiadepamplona.com\/actualidad\/wp-content\/uploads\/2018\/11\/logo-laguiadepamplona18-web1.png","width":600,"height":196,"caption":"La Gu\u00eda de Pamplona \/ Noticias"},"image":{"@id":"https:\/\/www.laguiadepamplona.com\/actualidad\/#\/schema\/logo\/image\/"},"sameAs":["https:\/\/www.facebook.com\/laguiadepamplonacom-133175176762273\/?ref=hl","https:\/\/x.com\/LaGuiadPamplona","https:\/\/www.instagram.com\/la_guia_de_pamplona\/","https:\/\/www.youtube.com\/user\/laguiadepamplona"]},{"@type":"Person","@id":"https:\/\/www.laguiadepamplona.com\/actualidad\/#\/schema\/person\/efe887376f0213d4657c93adc50b1fdb","name":"La Gu\u00eda de Pamplona","image":{"@type":"ImageObject","inLanguage":"es","@id":"https:\/\/secure.gravatar.com\/avatar\/b6992f131dc8d30ab0dff15446e9d346d9dbd95992de0fef795073f5ea83a81c?s=96&d=mm&r=g","url":"https:\/\/secure.gravatar.com\/avatar\/b6992f131dc8d30ab0dff15446e9d346d9dbd95992de0fef795073f5ea83a81c?s=96&d=mm&r=g","contentUrl":"https:\/\/secure.gravatar.com\/avatar\/b6992f131dc8d30ab0dff15446e9d346d9dbd95992de0fef795073f5ea83a81c?s=96&d=mm&r=g","caption":"La Gu\u00eda de Pamplona"}}]}},"post_mailing_queue_ids":[],"_links":{"self":[{"href":"https:\/\/www.laguiadepamplona.com\/actualidad\/wp-json\/wp\/v2\/posts\/36918","targetHints":{"allow":["GET"]}}],"collection":[{"href":"https:\/\/www.laguiadepamplona.com\/actualidad\/wp-json\/wp\/v2\/posts"}],"about":[{"href":"https:\/\/www.laguiadepamplona.com\/actualidad\/wp-json\/wp\/v2\/types\/post"}],"author":[{"embeddable":true,"href":"https:\/\/www.laguiadepamplona.com\/actualidad\/wp-json\/wp\/v2\/users\/1"}],"replies":[{"embeddable":true,"href":"https:\/\/www.laguiadepamplona.com\/actualidad\/wp-json\/wp\/v2\/comments?post=36918"}],"version-history":[{"count":0,"href":"https:\/\/www.laguiadepamplona.com\/actualidad\/wp-json\/wp\/v2\/posts\/36918\/revisions"}],"wp:featuredmedia":[{"embeddable":true,"href":"https:\/\/www.laguiadepamplona.com\/actualidad\/wp-json\/wp\/v2\/media\/36919"}],"wp:attachment":[{"href":"https:\/\/www.laguiadepamplona.com\/actualidad\/wp-json\/wp\/v2\/media?parent=36918"}],"wp:term":[{"taxonomy":"category","embeddable":true,"href":"https:\/\/www.laguiadepamplona.com\/actualidad\/wp-json\/wp\/v2\/categories?post=36918"},{"taxonomy":"post_tag","embeddable":true,"href":"https:\/\/www.laguiadepamplona.com\/actualidad\/wp-json\/wp\/v2\/tags?post=36918"}],"curies":[{"name":"wp","href":"https:\/\/api.w.org\/{rel}","templated":true}]}}