{"id":36915,"date":"2021-10-08T17:11:37","date_gmt":"2021-10-08T15:11:37","guid":{"rendered":"https:\/\/www.laguiadepamplona.com\/actualidad\/?p=36915"},"modified":"2023-04-11T11:48:53","modified_gmt":"2023-04-11T09:48:53","slug":"2020-pamplona-en-casa-la-mirada-artistica-del-fotografo-pedro-pegenaute-que-invita-a-pensar-sobre-la-arquitectura-tras-la-covid-19","status":"publish","type":"post","link":"https:\/\/www.laguiadepamplona.com\/actualidad\/2020-pamplona-en-casa-la-mirada-artistica-del-fotografo-pedro-pegenaute-que-invita-a-pensar-sobre-la-arquitectura-tras-la-covid-19\/","title":{"rendered":"\u201c2020 Pamplona en casa\u201d, la mirada art\u00edstica del fot\u00f3grafo Pedro Pegenaute que invita a pensar sobre la arquitectura tras la COVID 19"},"content":{"rendered":"<h4>El Palacio del Condestable acoger\u00e1 hasta el 21 de noviembre sus instant\u00e1neas acompa\u00f1adas por las reflexiones que han suscitado en arquitectos<\/h4>\n<p><!--more--><\/p>\n<p>\u201cUna soledad que impresiona por lo que tiene de visi\u00f3n de un mundo sin nosotros\u201d (Patxi Mangado); \u201cLlega un momento en el que la arquitectura adquiere valor no solo por lo que es, sino por su poder de transformaci\u00f3n. Y en este caso, sin lugar a dudas, desde esta oportunidad debe seguir siendo la herramienta para mejorarnos\u201d (Carlos Pereda\/ \u00d3scar P\u00e9rez). Estas son algunas de las reflexiones que han suscitado en un conjunto de arquitectos las instant\u00e1neas que el fot\u00f3grafo Pedro Pegenaute hizo durante el confinamiento de la COVID 19.<\/p>\n<p>El Palacio del Condestable acoger\u00e1 desde el 8 de octubre hasta el 21 de noviembre \u201c2020 Pamplona en casa\u201d, un proyecto expositivo realizado por el fot\u00f3grafo pamplon\u00e9s que hoy ha presentado p\u00fablicamente, acompa\u00f1ado por el alcalde de Pamplona, Enrique Maya; el presidente de la Delegaci\u00f3n Navarra del Colegio Vasco Navarro de Arquitectos (COAVN), Josetxo V\u00e9laz y el director de Fundaci\u00f3n Caja Navarra; Javier Fern\u00e1ndez. La muestra est\u00e1 compuesta por 97 fotograf\u00edas impresas acompa\u00f1adas de 51 reflexiones, material audiovisual, un cat\u00e1logo, y el cortometraje \u201cFragmentos de una vida\u201d (15\u00b4).<\/p>\n<p><script async src=\"\/\/pagead2.googlesyndication.com\/pagead\/js\/adsbygoogle.js\"><\/script><br \/>\n<!-- Noticias La Guia de Pamplona --><br \/>\n<ins class=\"adsbygoogle\"\nstyle=\"display:block\"\ndata-ad-client=\"ca-pub-6943679897239327\"\ndata-ad-slot=\"7048180777\"\ndata-ad-format=\"auto\"><\/ins><br \/>\n<script>\n(adsbygoogle = window.adsbygoogle || []).push({});\n<\/script><\/p>\n<p>El objetivo de Pegenaute es invitar al espectador a realizar una reflexi\u00f3n acerca de la forma de vida actual, adem\u00e1s de rendir tributo a Pamplona y sus gentes, y a todas las v\u00edctimas de la pandemia. El autor, durante el confinamiento sinti\u00f3 la necesidad de registrar, a trav\u00e9s de la imagen, las consecuencias de la pandemia en Pamplona desconocida. Comenz\u00f3 retratando su propia casa como espacio privado y luego desplaz\u00f3 su mirada a espacios p\u00fablicos y edificios, para acabar ampliando su objetivo a otras escenas cotidianas en la anormalidad del momento.<\/p>\n<p>La casa habitada, la ciudad deshabitada\u2026 en definitiva, la arquitectura como una de las protagonistas de la pandemia fueron el origen de las fotograf\u00edas. Luego contact\u00f3 con distintos arquitectos y profesionales de ese sector que accedieron a realizar una reflexi\u00f3n acerca de la situaci\u00f3n actual, inspir\u00e1ndose en sus im\u00e1genes.<\/p>\n<p><script async src=\"\/\/pagead2.googlesyndication.com\/pagead\/js\/adsbygoogle.js\"><\/script><br \/>\n<!-- Noticias La Guia de Pamplona --><br \/>\n<ins class=\"adsbygoogle\"\nstyle=\"display:block\"\ndata-ad-client=\"ca-pub-6943679897239327\"\ndata-ad-slot=\"7048180777\"\ndata-ad-format=\"auto\"><\/ins><br \/>\n<script>\n(adsbygoogle = window.adsbygoogle || []).push({});\n<\/script><\/p>\n<p>\u201c2020 Pamplona en casa\u201d parte del programa \u201cInnovacultural 2020\u201d, cuenta con la colaboraci\u00f3n de Fundaci\u00f3n Caja Navarra y Fundaci\u00f3n La Caixa, la delegaci\u00f3n navarra de COAVN y el Ayuntamiento de Pamplona.<\/p>\n<p><strong>\u201cFragmentos de una vida\u201d<\/strong><\/p>\n<p>La muestra de im\u00e1genes y textos va acompa\u00f1ada de un audiovisual de 15 minutos que se empez\u00f3 a rodar en los primeros d\u00edas de confinamiento. En cada fotograma est\u00e1 indicado el d\u00eda y la hora en que transcurri\u00f3 cada uno para situar en el tiempo al espectador. Iniciado en casa, con los miembros de su familia como figurantes, la pel\u00edcula transcurre en el silencio, en el vac\u00edo de las calles, en la vida nocturna iluminada en las ventanas de las viviendas\u2026 im\u00e1genes que hablan del confinamiento local, que es tambi\u00e9n un confinamiento inesperado y global.<\/p>\n<p>La edici\u00f3n y posproducci\u00f3n de la pel\u00edcula ha corrido a cargo de cineasta Navarro Natxo Leuza, un profesional con una d\u00e9cada de trayectoria en el mundo del cine y que el pasado a\u00f1o realiz\u00f3 y dirigi\u00f3 el largometraje documental Enrique Villareal \u201cEl Drogas\u201d. Leuza, junto con la arquitecta experta en comunicaci\u00f3n, Marta Poch, la periodista especializada en estrategias de marca M\u00e0ria Su\u00e0rez, el dise\u00f1ador gr\u00e1fico Ferm\u00edn Urd\u00e1noz, el sonidista cinematogr\u00e1fico Daniel Ciaurriz y Carlos C\u00e1novas, como impresor de las fotograf\u00edas, forman el equipo de profesionales que han colaborado con Pegenaute para plasmar su idea.<\/p>\n<p>\u2018Fragmentos de una vida\u2019 se proyectar\u00e1 en cinco pases en los que el autor estar\u00e1 presente. Tendr\u00e1n lugar los d\u00edas 18 y 26 de octubre; 5, 12 y 17 de noviembre, a las 19.30 horas en el Sal\u00f3n de Actos del Palacio del Condestable. Las proyecciones tendr\u00e1n entrada libre hasta completar el aforo.<\/p>\n<p><script async src=\"\/\/pagead2.googlesyndication.com\/pagead\/js\/adsbygoogle.js\"><\/script><br \/>\n<!-- Noticias La Guia de Pamplona --><br \/>\n<ins class=\"adsbygoogle\"\nstyle=\"display:block\"\ndata-ad-client=\"ca-pub-6943679897239327\"\ndata-ad-slot=\"7048180777\"\ndata-ad-format=\"auto\"><\/ins><br \/>\n<script>\n(adsbygoogle = window.adsbygoogle || []).push({});\n<\/script><\/p>\n<p><strong>El autor<\/strong><\/p>\n<p>Pedro Pegenaute (Pamplona, 1977) es un fot\u00f3grafo profesional especializado en arquitectura desde el 2005, a\u00f1o en el que aparca su trayectoria como arquitecto t\u00e9cnico para dedicarse exclusivamente a la fotograf\u00eda. Desde entonces trabaja con arquitectos y editoriales de prestigio nacional e internacional. Ha recibido varios galardones en concursos de fotograf\u00eda que premian su particular mirada.<\/p>\n<p>Sus trabajos han formado parte de numerosas exposiciones de arquitectura en ciudades como Barcelona, Tokio, Los \u00c1ngeles, Nueva York, Londres, etc. Su obra personal se ha mostrado en exposiciones individuales desde 2003, a\u00f1o en el que comienza a ser adquirida por particulares y colecciones privadas, a la vez que recibe numerosos encargos de realizaci\u00f3n de murales de gran formato para espacios interiores. En los \u00faltimos a\u00f1os la reflexi\u00f3n por \u201clo humano de la arquitectura\u201d y las nuevas formas de representaci\u00f3n visual le han llevado a ensayar tambi\u00e9n en el campo audiovisual, creando videos, desde su mirada esencial como fot\u00f3grafo.<\/p>\n","protected":false},"excerpt":{"rendered":"<p>El Palacio del Condestable acoger\u00e1 hasta el 21 de noviembre sus instant\u00e1neas acompa\u00f1adas por las reflexiones que han suscitado en arquitectos<\/p>\n","protected":false},"author":1,"featured_media":36916,"comment_status":"open","ping_status":"closed","sticky":false,"template":"","format":"standard","meta":{"footnotes":""},"categories":[2],"tags":[],"class_list":["post-36915","post","type-post","status-publish","format-standard","has-post-thumbnail","hentry","category-ayuntamiento-pamplona"],"yoast_head":"<!-- This site is optimized with the Yoast SEO plugin v27.5 - https:\/\/yoast.com\/product\/yoast-seo-wordpress\/ -->\n<title>\u201c2020 Pamplona en casa\u201d, la mirada art\u00edstica del fot\u00f3grafo Pedro Pegenaute que invita a pensar sobre la arquitectura tras la COVID 19<\/title>\n<meta name=\"description\" content=\"El Palacio del Condestable acoger\u00e1 hasta el 21 de noviembre sus instant\u00e1neas acompa\u00f1adas por las reflexiones que han suscitado en arquitectos\" \/>\n<meta name=\"robots\" content=\"index, follow, max-snippet:-1, max-image-preview:large, max-video-preview:-1\" \/>\n<link rel=\"canonical\" href=\"https:\/\/www.laguiadepamplona.com\/actualidad\/2020-pamplona-en-casa-la-mirada-artistica-del-fotografo-pedro-pegenaute-que-invita-a-pensar-sobre-la-arquitectura-tras-la-covid-19\/\" \/>\n<meta property=\"og:locale\" content=\"es_ES\" \/>\n<meta property=\"og:type\" content=\"article\" \/>\n<meta property=\"og:title\" content=\"\u201c2020 Pamplona en casa\u201d, la mirada art\u00edstica del fot\u00f3grafo Pedro Pegenaute que invita a pensar sobre la arquitectura tras la COVID 19\" \/>\n<meta property=\"og:description\" content=\"El Palacio del Condestable acoger\u00e1 hasta el 21 de noviembre sus instant\u00e1neas acompa\u00f1adas por las reflexiones que han suscitado en arquitectos\" \/>\n<meta property=\"og:url\" content=\"https:\/\/www.laguiadepamplona.com\/actualidad\/2020-pamplona-en-casa-la-mirada-artistica-del-fotografo-pedro-pegenaute-que-invita-a-pensar-sobre-la-arquitectura-tras-la-covid-19\/\" \/>\n<meta property=\"og:site_name\" content=\"La Gu\u00eda de Pamplona\" \/>\n<meta property=\"article:publisher\" content=\"https:\/\/www.facebook.com\/laguiadepamplonacom-133175176762273\/?ref=hl\" \/>\n<meta property=\"article:published_time\" content=\"2021-10-08T15:11:37+00:00\" \/>\n<meta property=\"article:modified_time\" content=\"2023-04-11T09:48:53+00:00\" \/>\n<meta property=\"og:image\" content=\"https:\/\/www.laguiadepamplona.com\/actualidad\/wp-content\/uploads\/2021\/10\/2020-Pamplona-en-casa.jpg\" \/>\n\t<meta property=\"og:image:width\" content=\"1784\" \/>\n\t<meta property=\"og:image:height\" content=\"1287\" \/>\n\t<meta property=\"og:image:type\" content=\"image\/jpeg\" \/>\n<meta name=\"author\" content=\"La Gu\u00eda de Pamplona\" \/>\n<meta name=\"twitter:card\" content=\"summary_large_image\" \/>\n<meta name=\"twitter:creator\" content=\"@LaGuiadPamplona\" \/>\n<meta name=\"twitter:site\" content=\"@LaGuiadPamplona\" \/>\n<meta name=\"twitter:label1\" content=\"Escrito por\" \/>\n\t<meta name=\"twitter:data1\" content=\"La Gu\u00eda de Pamplona\" \/>\n\t<meta name=\"twitter:label2\" content=\"Tiempo de lectura\" \/>\n\t<meta name=\"twitter:data2\" content=\"4 minutos\" \/>\n<script type=\"application\/ld+json\" class=\"yoast-schema-graph\">{\"@context\":\"https:\\\/\\\/schema.org\",\"@graph\":[{\"@type\":\"Article\",\"@id\":\"https:\\\/\\\/www.laguiadepamplona.com\\\/actualidad\\\/2020-pamplona-en-casa-la-mirada-artistica-del-fotografo-pedro-pegenaute-que-invita-a-pensar-sobre-la-arquitectura-tras-la-covid-19\\\/#article\",\"isPartOf\":{\"@id\":\"https:\\\/\\\/www.laguiadepamplona.com\\\/actualidad\\\/2020-pamplona-en-casa-la-mirada-artistica-del-fotografo-pedro-pegenaute-que-invita-a-pensar-sobre-la-arquitectura-tras-la-covid-19\\\/\"},\"author\":{\"name\":\"La Gu\u00eda de Pamplona\",\"@id\":\"https:\\\/\\\/www.laguiadepamplona.com\\\/actualidad\\\/#\\\/schema\\\/person\\\/efe887376f0213d4657c93adc50b1fdb\"},\"headline\":\"\u201c2020 Pamplona en casa\u201d, la mirada art\u00edstica del fot\u00f3grafo Pedro Pegenaute que invita a pensar sobre la arquitectura tras la COVID 19\",\"datePublished\":\"2021-10-08T15:11:37+00:00\",\"dateModified\":\"2023-04-11T09:48:53+00:00\",\"mainEntityOfPage\":{\"@id\":\"https:\\\/\\\/www.laguiadepamplona.com\\\/actualidad\\\/2020-pamplona-en-casa-la-mirada-artistica-del-fotografo-pedro-pegenaute-que-invita-a-pensar-sobre-la-arquitectura-tras-la-covid-19\\\/\"},\"wordCount\":845,\"commentCount\":0,\"publisher\":{\"@id\":\"https:\\\/\\\/www.laguiadepamplona.com\\\/actualidad\\\/#organization\"},\"image\":{\"@id\":\"https:\\\/\\\/www.laguiadepamplona.com\\\/actualidad\\\/2020-pamplona-en-casa-la-mirada-artistica-del-fotografo-pedro-pegenaute-que-invita-a-pensar-sobre-la-arquitectura-tras-la-covid-19\\\/#primaryimage\"},\"thumbnailUrl\":\"https:\\\/\\\/www.laguiadepamplona.com\\\/actualidad\\\/wp-content\\\/uploads\\\/2021\\\/10\\\/2020-Pamplona-en-casa.jpg\",\"articleSection\":[\"Ayto Pamplona\"],\"inLanguage\":\"es\",\"potentialAction\":[{\"@type\":\"CommentAction\",\"name\":\"Comment\",\"target\":[\"https:\\\/\\\/www.laguiadepamplona.com\\\/actualidad\\\/2020-pamplona-en-casa-la-mirada-artistica-del-fotografo-pedro-pegenaute-que-invita-a-pensar-sobre-la-arquitectura-tras-la-covid-19\\\/#respond\"]}]},{\"@type\":\"WebPage\",\"@id\":\"https:\\\/\\\/www.laguiadepamplona.com\\\/actualidad\\\/2020-pamplona-en-casa-la-mirada-artistica-del-fotografo-pedro-pegenaute-que-invita-a-pensar-sobre-la-arquitectura-tras-la-covid-19\\\/\",\"url\":\"https:\\\/\\\/www.laguiadepamplona.com\\\/actualidad\\\/2020-pamplona-en-casa-la-mirada-artistica-del-fotografo-pedro-pegenaute-que-invita-a-pensar-sobre-la-arquitectura-tras-la-covid-19\\\/\",\"name\":\"\u201c2020 Pamplona en casa\u201d, la mirada art\u00edstica del fot\u00f3grafo Pedro Pegenaute que invita a pensar sobre la arquitectura tras la COVID 19\",\"isPartOf\":{\"@id\":\"https:\\\/\\\/www.laguiadepamplona.com\\\/actualidad\\\/#website\"},\"primaryImageOfPage\":{\"@id\":\"https:\\\/\\\/www.laguiadepamplona.com\\\/actualidad\\\/2020-pamplona-en-casa-la-mirada-artistica-del-fotografo-pedro-pegenaute-que-invita-a-pensar-sobre-la-arquitectura-tras-la-covid-19\\\/#primaryimage\"},\"image\":{\"@id\":\"https:\\\/\\\/www.laguiadepamplona.com\\\/actualidad\\\/2020-pamplona-en-casa-la-mirada-artistica-del-fotografo-pedro-pegenaute-que-invita-a-pensar-sobre-la-arquitectura-tras-la-covid-19\\\/#primaryimage\"},\"thumbnailUrl\":\"https:\\\/\\\/www.laguiadepamplona.com\\\/actualidad\\\/wp-content\\\/uploads\\\/2021\\\/10\\\/2020-Pamplona-en-casa.jpg\",\"datePublished\":\"2021-10-08T15:11:37+00:00\",\"dateModified\":\"2023-04-11T09:48:53+00:00\",\"description\":\"El Palacio del Condestable acoger\u00e1 hasta el 21 de noviembre sus instant\u00e1neas acompa\u00f1adas por las reflexiones que han suscitado en arquitectos\",\"breadcrumb\":{\"@id\":\"https:\\\/\\\/www.laguiadepamplona.com\\\/actualidad\\\/2020-pamplona-en-casa-la-mirada-artistica-del-fotografo-pedro-pegenaute-que-invita-a-pensar-sobre-la-arquitectura-tras-la-covid-19\\\/#breadcrumb\"},\"inLanguage\":\"es\",\"potentialAction\":[{\"@type\":\"ReadAction\",\"target\":[\"https:\\\/\\\/www.laguiadepamplona.com\\\/actualidad\\\/2020-pamplona-en-casa-la-mirada-artistica-del-fotografo-pedro-pegenaute-que-invita-a-pensar-sobre-la-arquitectura-tras-la-covid-19\\\/\"]}]},{\"@type\":\"ImageObject\",\"inLanguage\":\"es\",\"@id\":\"https:\\\/\\\/www.laguiadepamplona.com\\\/actualidad\\\/2020-pamplona-en-casa-la-mirada-artistica-del-fotografo-pedro-pegenaute-que-invita-a-pensar-sobre-la-arquitectura-tras-la-covid-19\\\/#primaryimage\",\"url\":\"https:\\\/\\\/www.laguiadepamplona.com\\\/actualidad\\\/wp-content\\\/uploads\\\/2021\\\/10\\\/2020-Pamplona-en-casa.jpg\",\"contentUrl\":\"https:\\\/\\\/www.laguiadepamplona.com\\\/actualidad\\\/wp-content\\\/uploads\\\/2021\\\/10\\\/2020-Pamplona-en-casa.jpg\",\"width\":1784,\"height\":1287},{\"@type\":\"BreadcrumbList\",\"@id\":\"https:\\\/\\\/www.laguiadepamplona.com\\\/actualidad\\\/2020-pamplona-en-casa-la-mirada-artistica-del-fotografo-pedro-pegenaute-que-invita-a-pensar-sobre-la-arquitectura-tras-la-covid-19\\\/#breadcrumb\",\"itemListElement\":[{\"@type\":\"ListItem\",\"position\":1,\"name\":\"Portada\",\"item\":\"https:\\\/\\\/www.laguiadepamplona.com\\\/actualidad\\\/\"},{\"@type\":\"ListItem\",\"position\":2,\"name\":\"\u201c2020 Pamplona en casa\u201d, la mirada art\u00edstica del fot\u00f3grafo Pedro Pegenaute que invita a pensar sobre la arquitectura tras la COVID 19\"}]},{\"@type\":\"WebSite\",\"@id\":\"https:\\\/\\\/www.laguiadepamplona.com\\\/actualidad\\\/#website\",\"url\":\"https:\\\/\\\/www.laguiadepamplona.com\\\/actualidad\\\/\",\"name\":\"La gu\u00eda de Pamplona\",\"description\":\"Noticias de Pamplona\",\"publisher\":{\"@id\":\"https:\\\/\\\/www.laguiadepamplona.com\\\/actualidad\\\/#organization\"},\"potentialAction\":[{\"@type\":\"SearchAction\",\"target\":{\"@type\":\"EntryPoint\",\"urlTemplate\":\"https:\\\/\\\/www.laguiadepamplona.com\\\/actualidad\\\/?s={search_term_string}\"},\"query-input\":{\"@type\":\"PropertyValueSpecification\",\"valueRequired\":true,\"valueName\":\"search_term_string\"}}],\"inLanguage\":\"es\"},{\"@type\":\"Organization\",\"@id\":\"https:\\\/\\\/www.laguiadepamplona.com\\\/actualidad\\\/#organization\",\"name\":\"La Gu\u00eda de Pamplona \\\/ Noticias\",\"url\":\"https:\\\/\\\/www.laguiadepamplona.com\\\/actualidad\\\/\",\"logo\":{\"@type\":\"ImageObject\",\"inLanguage\":\"es\",\"@id\":\"https:\\\/\\\/www.laguiadepamplona.com\\\/actualidad\\\/#\\\/schema\\\/logo\\\/image\\\/\",\"url\":\"https:\\\/\\\/www.laguiadepamplona.com\\\/actualidad\\\/wp-content\\\/uploads\\\/2018\\\/11\\\/logo-laguiadepamplona18-web1.png\",\"contentUrl\":\"https:\\\/\\\/www.laguiadepamplona.com\\\/actualidad\\\/wp-content\\\/uploads\\\/2018\\\/11\\\/logo-laguiadepamplona18-web1.png\",\"width\":600,\"height\":196,\"caption\":\"La Gu\u00eda de Pamplona \\\/ Noticias\"},\"image\":{\"@id\":\"https:\\\/\\\/www.laguiadepamplona.com\\\/actualidad\\\/#\\\/schema\\\/logo\\\/image\\\/\"},\"sameAs\":[\"https:\\\/\\\/www.facebook.com\\\/laguiadepamplonacom-133175176762273\\\/?ref=hl\",\"https:\\\/\\\/x.com\\\/LaGuiadPamplona\",\"https:\\\/\\\/www.instagram.com\\\/la_guia_de_pamplona\\\/\",\"https:\\\/\\\/www.youtube.com\\\/user\\\/laguiadepamplona\"]},{\"@type\":\"Person\",\"@id\":\"https:\\\/\\\/www.laguiadepamplona.com\\\/actualidad\\\/#\\\/schema\\\/person\\\/efe887376f0213d4657c93adc50b1fdb\",\"name\":\"La Gu\u00eda de Pamplona\",\"image\":{\"@type\":\"ImageObject\",\"inLanguage\":\"es\",\"@id\":\"https:\\\/\\\/secure.gravatar.com\\\/avatar\\\/b6992f131dc8d30ab0dff15446e9d346d9dbd95992de0fef795073f5ea83a81c?s=96&d=mm&r=g\",\"url\":\"https:\\\/\\\/secure.gravatar.com\\\/avatar\\\/b6992f131dc8d30ab0dff15446e9d346d9dbd95992de0fef795073f5ea83a81c?s=96&d=mm&r=g\",\"contentUrl\":\"https:\\\/\\\/secure.gravatar.com\\\/avatar\\\/b6992f131dc8d30ab0dff15446e9d346d9dbd95992de0fef795073f5ea83a81c?s=96&d=mm&r=g\",\"caption\":\"La Gu\u00eda de Pamplona\"}}]}<\/script>\n<!-- \/ Yoast SEO plugin. -->","yoast_head_json":{"title":"\u201c2020 Pamplona en casa\u201d, la mirada art\u00edstica del fot\u00f3grafo Pedro Pegenaute que invita a pensar sobre la arquitectura tras la COVID 19","description":"El Palacio del Condestable acoger\u00e1 hasta el 21 de noviembre sus instant\u00e1neas acompa\u00f1adas por las reflexiones que han suscitado en arquitectos","robots":{"index":"index","follow":"follow","max-snippet":"max-snippet:-1","max-image-preview":"max-image-preview:large","max-video-preview":"max-video-preview:-1"},"canonical":"https:\/\/www.laguiadepamplona.com\/actualidad\/2020-pamplona-en-casa-la-mirada-artistica-del-fotografo-pedro-pegenaute-que-invita-a-pensar-sobre-la-arquitectura-tras-la-covid-19\/","og_locale":"es_ES","og_type":"article","og_title":"\u201c2020 Pamplona en casa\u201d, la mirada art\u00edstica del fot\u00f3grafo Pedro Pegenaute que invita a pensar sobre la arquitectura tras la COVID 19","og_description":"El Palacio del Condestable acoger\u00e1 hasta el 21 de noviembre sus instant\u00e1neas acompa\u00f1adas por las reflexiones que han suscitado en arquitectos","og_url":"https:\/\/www.laguiadepamplona.com\/actualidad\/2020-pamplona-en-casa-la-mirada-artistica-del-fotografo-pedro-pegenaute-que-invita-a-pensar-sobre-la-arquitectura-tras-la-covid-19\/","og_site_name":"La Gu\u00eda de Pamplona","article_publisher":"https:\/\/www.facebook.com\/laguiadepamplonacom-133175176762273\/?ref=hl","article_published_time":"2021-10-08T15:11:37+00:00","article_modified_time":"2023-04-11T09:48:53+00:00","og_image":[{"width":1784,"height":1287,"url":"https:\/\/www.laguiadepamplona.com\/actualidad\/wp-content\/uploads\/2021\/10\/2020-Pamplona-en-casa.jpg","type":"image\/jpeg"}],"author":"La Gu\u00eda de Pamplona","twitter_card":"summary_large_image","twitter_creator":"@LaGuiadPamplona","twitter_site":"@LaGuiadPamplona","twitter_misc":{"Escrito por":"La Gu\u00eda de Pamplona","Tiempo de lectura":"4 minutos"},"schema":{"@context":"https:\/\/schema.org","@graph":[{"@type":"Article","@id":"https:\/\/www.laguiadepamplona.com\/actualidad\/2020-pamplona-en-casa-la-mirada-artistica-del-fotografo-pedro-pegenaute-que-invita-a-pensar-sobre-la-arquitectura-tras-la-covid-19\/#article","isPartOf":{"@id":"https:\/\/www.laguiadepamplona.com\/actualidad\/2020-pamplona-en-casa-la-mirada-artistica-del-fotografo-pedro-pegenaute-que-invita-a-pensar-sobre-la-arquitectura-tras-la-covid-19\/"},"author":{"name":"La Gu\u00eda de Pamplona","@id":"https:\/\/www.laguiadepamplona.com\/actualidad\/#\/schema\/person\/efe887376f0213d4657c93adc50b1fdb"},"headline":"\u201c2020 Pamplona en casa\u201d, la mirada art\u00edstica del fot\u00f3grafo Pedro Pegenaute que invita a pensar sobre la arquitectura tras la COVID 19","datePublished":"2021-10-08T15:11:37+00:00","dateModified":"2023-04-11T09:48:53+00:00","mainEntityOfPage":{"@id":"https:\/\/www.laguiadepamplona.com\/actualidad\/2020-pamplona-en-casa-la-mirada-artistica-del-fotografo-pedro-pegenaute-que-invita-a-pensar-sobre-la-arquitectura-tras-la-covid-19\/"},"wordCount":845,"commentCount":0,"publisher":{"@id":"https:\/\/www.laguiadepamplona.com\/actualidad\/#organization"},"image":{"@id":"https:\/\/www.laguiadepamplona.com\/actualidad\/2020-pamplona-en-casa-la-mirada-artistica-del-fotografo-pedro-pegenaute-que-invita-a-pensar-sobre-la-arquitectura-tras-la-covid-19\/#primaryimage"},"thumbnailUrl":"https:\/\/www.laguiadepamplona.com\/actualidad\/wp-content\/uploads\/2021\/10\/2020-Pamplona-en-casa.jpg","articleSection":["Ayto Pamplona"],"inLanguage":"es","potentialAction":[{"@type":"CommentAction","name":"Comment","target":["https:\/\/www.laguiadepamplona.com\/actualidad\/2020-pamplona-en-casa-la-mirada-artistica-del-fotografo-pedro-pegenaute-que-invita-a-pensar-sobre-la-arquitectura-tras-la-covid-19\/#respond"]}]},{"@type":"WebPage","@id":"https:\/\/www.laguiadepamplona.com\/actualidad\/2020-pamplona-en-casa-la-mirada-artistica-del-fotografo-pedro-pegenaute-que-invita-a-pensar-sobre-la-arquitectura-tras-la-covid-19\/","url":"https:\/\/www.laguiadepamplona.com\/actualidad\/2020-pamplona-en-casa-la-mirada-artistica-del-fotografo-pedro-pegenaute-que-invita-a-pensar-sobre-la-arquitectura-tras-la-covid-19\/","name":"\u201c2020 Pamplona en casa\u201d, la mirada art\u00edstica del fot\u00f3grafo Pedro Pegenaute que invita a pensar sobre la arquitectura tras la COVID 19","isPartOf":{"@id":"https:\/\/www.laguiadepamplona.com\/actualidad\/#website"},"primaryImageOfPage":{"@id":"https:\/\/www.laguiadepamplona.com\/actualidad\/2020-pamplona-en-casa-la-mirada-artistica-del-fotografo-pedro-pegenaute-que-invita-a-pensar-sobre-la-arquitectura-tras-la-covid-19\/#primaryimage"},"image":{"@id":"https:\/\/www.laguiadepamplona.com\/actualidad\/2020-pamplona-en-casa-la-mirada-artistica-del-fotografo-pedro-pegenaute-que-invita-a-pensar-sobre-la-arquitectura-tras-la-covid-19\/#primaryimage"},"thumbnailUrl":"https:\/\/www.laguiadepamplona.com\/actualidad\/wp-content\/uploads\/2021\/10\/2020-Pamplona-en-casa.jpg","datePublished":"2021-10-08T15:11:37+00:00","dateModified":"2023-04-11T09:48:53+00:00","description":"El Palacio del Condestable acoger\u00e1 hasta el 21 de noviembre sus instant\u00e1neas acompa\u00f1adas por las reflexiones que han suscitado en arquitectos","breadcrumb":{"@id":"https:\/\/www.laguiadepamplona.com\/actualidad\/2020-pamplona-en-casa-la-mirada-artistica-del-fotografo-pedro-pegenaute-que-invita-a-pensar-sobre-la-arquitectura-tras-la-covid-19\/#breadcrumb"},"inLanguage":"es","potentialAction":[{"@type":"ReadAction","target":["https:\/\/www.laguiadepamplona.com\/actualidad\/2020-pamplona-en-casa-la-mirada-artistica-del-fotografo-pedro-pegenaute-que-invita-a-pensar-sobre-la-arquitectura-tras-la-covid-19\/"]}]},{"@type":"ImageObject","inLanguage":"es","@id":"https:\/\/www.laguiadepamplona.com\/actualidad\/2020-pamplona-en-casa-la-mirada-artistica-del-fotografo-pedro-pegenaute-que-invita-a-pensar-sobre-la-arquitectura-tras-la-covid-19\/#primaryimage","url":"https:\/\/www.laguiadepamplona.com\/actualidad\/wp-content\/uploads\/2021\/10\/2020-Pamplona-en-casa.jpg","contentUrl":"https:\/\/www.laguiadepamplona.com\/actualidad\/wp-content\/uploads\/2021\/10\/2020-Pamplona-en-casa.jpg","width":1784,"height":1287},{"@type":"BreadcrumbList","@id":"https:\/\/www.laguiadepamplona.com\/actualidad\/2020-pamplona-en-casa-la-mirada-artistica-del-fotografo-pedro-pegenaute-que-invita-a-pensar-sobre-la-arquitectura-tras-la-covid-19\/#breadcrumb","itemListElement":[{"@type":"ListItem","position":1,"name":"Portada","item":"https:\/\/www.laguiadepamplona.com\/actualidad\/"},{"@type":"ListItem","position":2,"name":"\u201c2020 Pamplona en casa\u201d, la mirada art\u00edstica del fot\u00f3grafo Pedro Pegenaute que invita a pensar sobre la arquitectura tras la COVID 19"}]},{"@type":"WebSite","@id":"https:\/\/www.laguiadepamplona.com\/actualidad\/#website","url":"https:\/\/www.laguiadepamplona.com\/actualidad\/","name":"La gu\u00eda de Pamplona","description":"Noticias de Pamplona","publisher":{"@id":"https:\/\/www.laguiadepamplona.com\/actualidad\/#organization"},"potentialAction":[{"@type":"SearchAction","target":{"@type":"EntryPoint","urlTemplate":"https:\/\/www.laguiadepamplona.com\/actualidad\/?s={search_term_string}"},"query-input":{"@type":"PropertyValueSpecification","valueRequired":true,"valueName":"search_term_string"}}],"inLanguage":"es"},{"@type":"Organization","@id":"https:\/\/www.laguiadepamplona.com\/actualidad\/#organization","name":"La Gu\u00eda de Pamplona \/ Noticias","url":"https:\/\/www.laguiadepamplona.com\/actualidad\/","logo":{"@type":"ImageObject","inLanguage":"es","@id":"https:\/\/www.laguiadepamplona.com\/actualidad\/#\/schema\/logo\/image\/","url":"https:\/\/www.laguiadepamplona.com\/actualidad\/wp-content\/uploads\/2018\/11\/logo-laguiadepamplona18-web1.png","contentUrl":"https:\/\/www.laguiadepamplona.com\/actualidad\/wp-content\/uploads\/2018\/11\/logo-laguiadepamplona18-web1.png","width":600,"height":196,"caption":"La Gu\u00eda de Pamplona \/ Noticias"},"image":{"@id":"https:\/\/www.laguiadepamplona.com\/actualidad\/#\/schema\/logo\/image\/"},"sameAs":["https:\/\/www.facebook.com\/laguiadepamplonacom-133175176762273\/?ref=hl","https:\/\/x.com\/LaGuiadPamplona","https:\/\/www.instagram.com\/la_guia_de_pamplona\/","https:\/\/www.youtube.com\/user\/laguiadepamplona"]},{"@type":"Person","@id":"https:\/\/www.laguiadepamplona.com\/actualidad\/#\/schema\/person\/efe887376f0213d4657c93adc50b1fdb","name":"La Gu\u00eda de Pamplona","image":{"@type":"ImageObject","inLanguage":"es","@id":"https:\/\/secure.gravatar.com\/avatar\/b6992f131dc8d30ab0dff15446e9d346d9dbd95992de0fef795073f5ea83a81c?s=96&d=mm&r=g","url":"https:\/\/secure.gravatar.com\/avatar\/b6992f131dc8d30ab0dff15446e9d346d9dbd95992de0fef795073f5ea83a81c?s=96&d=mm&r=g","contentUrl":"https:\/\/secure.gravatar.com\/avatar\/b6992f131dc8d30ab0dff15446e9d346d9dbd95992de0fef795073f5ea83a81c?s=96&d=mm&r=g","caption":"La Gu\u00eda de Pamplona"}}]}},"post_mailing_queue_ids":[],"_links":{"self":[{"href":"https:\/\/www.laguiadepamplona.com\/actualidad\/wp-json\/wp\/v2\/posts\/36915","targetHints":{"allow":["GET"]}}],"collection":[{"href":"https:\/\/www.laguiadepamplona.com\/actualidad\/wp-json\/wp\/v2\/posts"}],"about":[{"href":"https:\/\/www.laguiadepamplona.com\/actualidad\/wp-json\/wp\/v2\/types\/post"}],"author":[{"embeddable":true,"href":"https:\/\/www.laguiadepamplona.com\/actualidad\/wp-json\/wp\/v2\/users\/1"}],"replies":[{"embeddable":true,"href":"https:\/\/www.laguiadepamplona.com\/actualidad\/wp-json\/wp\/v2\/comments?post=36915"}],"version-history":[{"count":0,"href":"https:\/\/www.laguiadepamplona.com\/actualidad\/wp-json\/wp\/v2\/posts\/36915\/revisions"}],"wp:featuredmedia":[{"embeddable":true,"href":"https:\/\/www.laguiadepamplona.com\/actualidad\/wp-json\/wp\/v2\/media\/36916"}],"wp:attachment":[{"href":"https:\/\/www.laguiadepamplona.com\/actualidad\/wp-json\/wp\/v2\/media?parent=36915"}],"wp:term":[{"taxonomy":"category","embeddable":true,"href":"https:\/\/www.laguiadepamplona.com\/actualidad\/wp-json\/wp\/v2\/categories?post=36915"},{"taxonomy":"post_tag","embeddable":true,"href":"https:\/\/www.laguiadepamplona.com\/actualidad\/wp-json\/wp\/v2\/tags?post=36915"}],"curies":[{"name":"wp","href":"https:\/\/api.w.org\/{rel}","templated":true}]}}