{"id":36912,"date":"2021-10-08T13:39:05","date_gmt":"2021-10-08T11:39:05","guid":{"rendered":"https:\/\/www.laguiadepamplona.com\/actualidad\/?p=36912"},"modified":"2023-04-11T11:48:53","modified_gmt":"2023-04-11T09:48:53","slug":"el-ayuntamiento-de-pamplona-se-une-este-domingo-al-dia-mundial-de-la-salud-mental-iluminando-de-color-blanco-la-fachada-de-la-casa-consistorial","status":"publish","type":"post","link":"https:\/\/www.laguiadepamplona.com\/actualidad\/el-ayuntamiento-de-pamplona-se-une-este-domingo-al-dia-mundial-de-la-salud-mental-iluminando-de-color-blanco-la-fachada-de-la-casa-consistorial\/","title":{"rendered":"El Ayuntamiento de Pamplona se une este domingo al D\u00eda Mundial de la Salud Mental iluminando de color blanco la fachada de la Casa Consistorial"},"content":{"rendered":"<h5>Se colabora con la Asociaci\u00f3n Navarra para la Salud Mental en unos momentos en los que la pandemia ha tenido un gran impacto sobre estas afecciones<\/h5>\n<p><!--more--><\/p>\n<p>La fachada de la Casa Consistorial se iluminar\u00e1 este domingo de color blanco con motivo de la conmemoraci\u00f3n del D\u00eda Mundial de la Salud Mental, en unos momentos en los que la pandemia est\u00e1 teniendo un gran impacto en torno a todo lo relacionado con ella. Este gesto se llevar\u00e1 a cabo tras la solicitud de la Asociaci\u00f3n Navarra para la Salud Mental (ANASAPS), que trabaja en la Comunidad foral con los afectados por estas patolog\u00edas y sus familiares.<\/p>\n<p><script async src=\"\/\/pagead2.googlesyndication.com\/pagead\/js\/adsbygoogle.js\"><\/script><br \/>\n<!-- Noticias La Guia de Pamplona --><br \/>\n<ins class=\"adsbygoogle\"\nstyle=\"display:block\"\ndata-ad-client=\"ca-pub-6943679897239327\"\ndata-ad-slot=\"7048180777\"\ndata-ad-format=\"auto\"><\/ins><br \/>\n<script>\n(adsbygoogle = window.adsbygoogle || []).push({});\n<\/script><\/p>\n<p>Este domingo, 10 de octubre, se celebra el D\u00eda Mundial de la Salud Mental bajo el lema \u2018Atenci\u00f3n de salud mental para todos: hag\u00e1mosla realidad\u2019. Se trata de un momento clave, ya que la Organizaci\u00f3n Mundial de la Salud reconoce que la pandemia ha tenido un impacto muy negativo en este \u00e1mbito, especialmente en algunos grupos de profesionales, en las personas que viven solas y las que tienen afecciones mentales preexistentes.<\/p>\n<p>ANASAPS, la Asociaci\u00f3n Navarra para la Salud Mental, es una entidad sin \u00e1nimo de lucro integrada por personas con enfermedad mental, familiares y todos los interesados en colaborar con la promoci\u00f3n de este tipo de patolog\u00edas. Su labor se centra en facilitar apoyos personalizados a estos colectivos a trav\u00e9s de diferentes programas y servicios. EL principal objetivo de sus trabajos es logar una mejora de la autonom\u00eda personal, calidad de vida e inclusi\u00f3n en la comunidad de estas personas, asegurando la condici\u00f3n de ciudadanos de pleno derecho.<\/p>\n","protected":false},"excerpt":{"rendered":"<p>Se colabora con la Asociaci\u00f3n Navarra para la Salud Mental en unos momentos en los que la pandemia ha tenido un gran impacto sobre estas afecciones<\/p>\n","protected":false},"author":1,"featured_media":33271,"comment_status":"open","ping_status":"closed","sticky":false,"template":"","format":"standard","meta":{"footnotes":""},"categories":[2],"tags":[],"class_list":["post-36912","post","type-post","status-publish","format-standard","has-post-thumbnail","hentry","category-ayuntamiento-pamplona"],"yoast_head":"<!-- This site is optimized with the Yoast SEO plugin v27.5 - https:\/\/yoast.com\/product\/yoast-seo-wordpress\/ -->\n<title>El Ayuntamiento de Pamplona se une este domingo al D\u00eda Mundial de la Salud Mental iluminando de color blanco la fachada de la Casa Consistorial<\/title>\n<meta name=\"description\" content=\"Se colabora con la Asociaci\u00f3n Navarra para la Salud Mental en unos momentos en los que la pandemia ha tenido un gran impacto sobre estas afecciones\" \/>\n<meta name=\"robots\" content=\"index, follow, max-snippet:-1, max-image-preview:large, max-video-preview:-1\" \/>\n<link rel=\"canonical\" href=\"https:\/\/www.laguiadepamplona.com\/actualidad\/el-ayuntamiento-de-pamplona-se-une-este-domingo-al-dia-mundial-de-la-salud-mental-iluminando-de-color-blanco-la-fachada-de-la-casa-consistorial\/\" \/>\n<meta property=\"og:locale\" content=\"es_ES\" \/>\n<meta property=\"og:type\" content=\"article\" \/>\n<meta property=\"og:title\" content=\"El Ayuntamiento de Pamplona se une este domingo al D\u00eda Mundial de la Salud Mental iluminando de color blanco la fachada de la Casa Consistorial\" \/>\n<meta property=\"og:description\" content=\"Se colabora con la Asociaci\u00f3n Navarra para la Salud Mental en unos momentos en los que la pandemia ha tenido un gran impacto sobre estas afecciones\" \/>\n<meta property=\"og:url\" content=\"https:\/\/www.laguiadepamplona.com\/actualidad\/el-ayuntamiento-de-pamplona-se-une-este-domingo-al-dia-mundial-de-la-salud-mental-iluminando-de-color-blanco-la-fachada-de-la-casa-consistorial\/\" \/>\n<meta property=\"og:site_name\" content=\"La Gu\u00eda de Pamplona\" \/>\n<meta property=\"article:publisher\" content=\"https:\/\/www.facebook.com\/laguiadepamplonacom-133175176762273\/?ref=hl\" \/>\n<meta property=\"article:published_time\" content=\"2021-10-08T11:39:05+00:00\" \/>\n<meta property=\"article:modified_time\" content=\"2023-04-11T09:48:53+00:00\" \/>\n<meta property=\"og:image\" content=\"https:\/\/www.laguiadepamplona.com\/actualidad\/wp-content\/uploads\/2021\/02\/plaza_consistorial_fachada_nocturna_ayuntamiento.jpg\" \/>\n\t<meta property=\"og:image:width\" content=\"1920\" \/>\n\t<meta property=\"og:image:height\" content=\"1280\" \/>\n\t<meta property=\"og:image:type\" content=\"image\/jpeg\" \/>\n<meta name=\"author\" content=\"La Gu\u00eda de Pamplona\" \/>\n<meta name=\"twitter:card\" content=\"summary_large_image\" \/>\n<meta name=\"twitter:creator\" content=\"@LaGuiadPamplona\" \/>\n<meta name=\"twitter:site\" content=\"@LaGuiadPamplona\" \/>\n<meta name=\"twitter:label1\" content=\"Escrito por\" \/>\n\t<meta name=\"twitter:data1\" content=\"La Gu\u00eda de Pamplona\" \/>\n\t<meta name=\"twitter:label2\" content=\"Tiempo de lectura\" \/>\n\t<meta name=\"twitter:data2\" content=\"2 minutos\" \/>\n<script type=\"application\/ld+json\" class=\"yoast-schema-graph\">{\"@context\":\"https:\\\/\\\/schema.org\",\"@graph\":[{\"@type\":\"Article\",\"@id\":\"https:\\\/\\\/www.laguiadepamplona.com\\\/actualidad\\\/el-ayuntamiento-de-pamplona-se-une-este-domingo-al-dia-mundial-de-la-salud-mental-iluminando-de-color-blanco-la-fachada-de-la-casa-consistorial\\\/#article\",\"isPartOf\":{\"@id\":\"https:\\\/\\\/www.laguiadepamplona.com\\\/actualidad\\\/el-ayuntamiento-de-pamplona-se-une-este-domingo-al-dia-mundial-de-la-salud-mental-iluminando-de-color-blanco-la-fachada-de-la-casa-consistorial\\\/\"},\"author\":{\"name\":\"La Gu\u00eda de Pamplona\",\"@id\":\"https:\\\/\\\/www.laguiadepamplona.com\\\/actualidad\\\/#\\\/schema\\\/person\\\/efe887376f0213d4657c93adc50b1fdb\"},\"headline\":\"El Ayuntamiento de Pamplona se une este domingo al D\u00eda Mundial de la Salud Mental iluminando de color blanco la fachada de la Casa Consistorial\",\"datePublished\":\"2021-10-08T11:39:05+00:00\",\"dateModified\":\"2023-04-11T09:48:53+00:00\",\"mainEntityOfPage\":{\"@id\":\"https:\\\/\\\/www.laguiadepamplona.com\\\/actualidad\\\/el-ayuntamiento-de-pamplona-se-une-este-domingo-al-dia-mundial-de-la-salud-mental-iluminando-de-color-blanco-la-fachada-de-la-casa-consistorial\\\/\"},\"wordCount\":304,\"commentCount\":0,\"publisher\":{\"@id\":\"https:\\\/\\\/www.laguiadepamplona.com\\\/actualidad\\\/#organization\"},\"image\":{\"@id\":\"https:\\\/\\\/www.laguiadepamplona.com\\\/actualidad\\\/el-ayuntamiento-de-pamplona-se-une-este-domingo-al-dia-mundial-de-la-salud-mental-iluminando-de-color-blanco-la-fachada-de-la-casa-consistorial\\\/#primaryimage\"},\"thumbnailUrl\":\"https:\\\/\\\/www.laguiadepamplona.com\\\/actualidad\\\/wp-content\\\/uploads\\\/2021\\\/02\\\/plaza_consistorial_fachada_nocturna_ayuntamiento.jpg\",\"articleSection\":[\"Ayto Pamplona\"],\"inLanguage\":\"es\",\"potentialAction\":[{\"@type\":\"CommentAction\",\"name\":\"Comment\",\"target\":[\"https:\\\/\\\/www.laguiadepamplona.com\\\/actualidad\\\/el-ayuntamiento-de-pamplona-se-une-este-domingo-al-dia-mundial-de-la-salud-mental-iluminando-de-color-blanco-la-fachada-de-la-casa-consistorial\\\/#respond\"]}]},{\"@type\":\"WebPage\",\"@id\":\"https:\\\/\\\/www.laguiadepamplona.com\\\/actualidad\\\/el-ayuntamiento-de-pamplona-se-une-este-domingo-al-dia-mundial-de-la-salud-mental-iluminando-de-color-blanco-la-fachada-de-la-casa-consistorial\\\/\",\"url\":\"https:\\\/\\\/www.laguiadepamplona.com\\\/actualidad\\\/el-ayuntamiento-de-pamplona-se-une-este-domingo-al-dia-mundial-de-la-salud-mental-iluminando-de-color-blanco-la-fachada-de-la-casa-consistorial\\\/\",\"name\":\"El Ayuntamiento de Pamplona se une este domingo al D\u00eda Mundial de la Salud Mental iluminando de color blanco la fachada de la Casa Consistorial\",\"isPartOf\":{\"@id\":\"https:\\\/\\\/www.laguiadepamplona.com\\\/actualidad\\\/#website\"},\"primaryImageOfPage\":{\"@id\":\"https:\\\/\\\/www.laguiadepamplona.com\\\/actualidad\\\/el-ayuntamiento-de-pamplona-se-une-este-domingo-al-dia-mundial-de-la-salud-mental-iluminando-de-color-blanco-la-fachada-de-la-casa-consistorial\\\/#primaryimage\"},\"image\":{\"@id\":\"https:\\\/\\\/www.laguiadepamplona.com\\\/actualidad\\\/el-ayuntamiento-de-pamplona-se-une-este-domingo-al-dia-mundial-de-la-salud-mental-iluminando-de-color-blanco-la-fachada-de-la-casa-consistorial\\\/#primaryimage\"},\"thumbnailUrl\":\"https:\\\/\\\/www.laguiadepamplona.com\\\/actualidad\\\/wp-content\\\/uploads\\\/2021\\\/02\\\/plaza_consistorial_fachada_nocturna_ayuntamiento.jpg\",\"datePublished\":\"2021-10-08T11:39:05+00:00\",\"dateModified\":\"2023-04-11T09:48:53+00:00\",\"description\":\"Se colabora con la Asociaci\u00f3n Navarra para la Salud Mental en unos momentos en los que la pandemia ha tenido un gran impacto sobre estas afecciones\",\"breadcrumb\":{\"@id\":\"https:\\\/\\\/www.laguiadepamplona.com\\\/actualidad\\\/el-ayuntamiento-de-pamplona-se-une-este-domingo-al-dia-mundial-de-la-salud-mental-iluminando-de-color-blanco-la-fachada-de-la-casa-consistorial\\\/#breadcrumb\"},\"inLanguage\":\"es\",\"potentialAction\":[{\"@type\":\"ReadAction\",\"target\":[\"https:\\\/\\\/www.laguiadepamplona.com\\\/actualidad\\\/el-ayuntamiento-de-pamplona-se-une-este-domingo-al-dia-mundial-de-la-salud-mental-iluminando-de-color-blanco-la-fachada-de-la-casa-consistorial\\\/\"]}]},{\"@type\":\"ImageObject\",\"inLanguage\":\"es\",\"@id\":\"https:\\\/\\\/www.laguiadepamplona.com\\\/actualidad\\\/el-ayuntamiento-de-pamplona-se-une-este-domingo-al-dia-mundial-de-la-salud-mental-iluminando-de-color-blanco-la-fachada-de-la-casa-consistorial\\\/#primaryimage\",\"url\":\"https:\\\/\\\/www.laguiadepamplona.com\\\/actualidad\\\/wp-content\\\/uploads\\\/2021\\\/02\\\/plaza_consistorial_fachada_nocturna_ayuntamiento.jpg\",\"contentUrl\":\"https:\\\/\\\/www.laguiadepamplona.com\\\/actualidad\\\/wp-content\\\/uploads\\\/2021\\\/02\\\/plaza_consistorial_fachada_nocturna_ayuntamiento.jpg\",\"width\":1920,\"height\":1280},{\"@type\":\"BreadcrumbList\",\"@id\":\"https:\\\/\\\/www.laguiadepamplona.com\\\/actualidad\\\/el-ayuntamiento-de-pamplona-se-une-este-domingo-al-dia-mundial-de-la-salud-mental-iluminando-de-color-blanco-la-fachada-de-la-casa-consistorial\\\/#breadcrumb\",\"itemListElement\":[{\"@type\":\"ListItem\",\"position\":1,\"name\":\"Portada\",\"item\":\"https:\\\/\\\/www.laguiadepamplona.com\\\/actualidad\\\/\"},{\"@type\":\"ListItem\",\"position\":2,\"name\":\"El Ayuntamiento de Pamplona se une este domingo al D\u00eda Mundial de la Salud Mental iluminando de color blanco la fachada de la Casa Consistorial\"}]},{\"@type\":\"WebSite\",\"@id\":\"https:\\\/\\\/www.laguiadepamplona.com\\\/actualidad\\\/#website\",\"url\":\"https:\\\/\\\/www.laguiadepamplona.com\\\/actualidad\\\/\",\"name\":\"La gu\u00eda de Pamplona\",\"description\":\"Noticias de Pamplona\",\"publisher\":{\"@id\":\"https:\\\/\\\/www.laguiadepamplona.com\\\/actualidad\\\/#organization\"},\"potentialAction\":[{\"@type\":\"SearchAction\",\"target\":{\"@type\":\"EntryPoint\",\"urlTemplate\":\"https:\\\/\\\/www.laguiadepamplona.com\\\/actualidad\\\/?s={search_term_string}\"},\"query-input\":{\"@type\":\"PropertyValueSpecification\",\"valueRequired\":true,\"valueName\":\"search_term_string\"}}],\"inLanguage\":\"es\"},{\"@type\":\"Organization\",\"@id\":\"https:\\\/\\\/www.laguiadepamplona.com\\\/actualidad\\\/#organization\",\"name\":\"La Gu\u00eda de Pamplona \\\/ Noticias\",\"url\":\"https:\\\/\\\/www.laguiadepamplona.com\\\/actualidad\\\/\",\"logo\":{\"@type\":\"ImageObject\",\"inLanguage\":\"es\",\"@id\":\"https:\\\/\\\/www.laguiadepamplona.com\\\/actualidad\\\/#\\\/schema\\\/logo\\\/image\\\/\",\"url\":\"https:\\\/\\\/www.laguiadepamplona.com\\\/actualidad\\\/wp-content\\\/uploads\\\/2018\\\/11\\\/logo-laguiadepamplona18-web1.png\",\"contentUrl\":\"https:\\\/\\\/www.laguiadepamplona.com\\\/actualidad\\\/wp-content\\\/uploads\\\/2018\\\/11\\\/logo-laguiadepamplona18-web1.png\",\"width\":600,\"height\":196,\"caption\":\"La Gu\u00eda de Pamplona \\\/ Noticias\"},\"image\":{\"@id\":\"https:\\\/\\\/www.laguiadepamplona.com\\\/actualidad\\\/#\\\/schema\\\/logo\\\/image\\\/\"},\"sameAs\":[\"https:\\\/\\\/www.facebook.com\\\/laguiadepamplonacom-133175176762273\\\/?ref=hl\",\"https:\\\/\\\/x.com\\\/LaGuiadPamplona\",\"https:\\\/\\\/www.instagram.com\\\/la_guia_de_pamplona\\\/\",\"https:\\\/\\\/www.youtube.com\\\/user\\\/laguiadepamplona\"]},{\"@type\":\"Person\",\"@id\":\"https:\\\/\\\/www.laguiadepamplona.com\\\/actualidad\\\/#\\\/schema\\\/person\\\/efe887376f0213d4657c93adc50b1fdb\",\"name\":\"La Gu\u00eda de Pamplona\",\"image\":{\"@type\":\"ImageObject\",\"inLanguage\":\"es\",\"@id\":\"https:\\\/\\\/secure.gravatar.com\\\/avatar\\\/b6992f131dc8d30ab0dff15446e9d346d9dbd95992de0fef795073f5ea83a81c?s=96&d=mm&r=g\",\"url\":\"https:\\\/\\\/secure.gravatar.com\\\/avatar\\\/b6992f131dc8d30ab0dff15446e9d346d9dbd95992de0fef795073f5ea83a81c?s=96&d=mm&r=g\",\"contentUrl\":\"https:\\\/\\\/secure.gravatar.com\\\/avatar\\\/b6992f131dc8d30ab0dff15446e9d346d9dbd95992de0fef795073f5ea83a81c?s=96&d=mm&r=g\",\"caption\":\"La Gu\u00eda de Pamplona\"}}]}<\/script>\n<!-- \/ Yoast SEO plugin. -->","yoast_head_json":{"title":"El Ayuntamiento de Pamplona se une este domingo al D\u00eda Mundial de la Salud Mental iluminando de color blanco la fachada de la Casa Consistorial","description":"Se colabora con la Asociaci\u00f3n Navarra para la Salud Mental en unos momentos en los que la pandemia ha tenido un gran impacto sobre estas afecciones","robots":{"index":"index","follow":"follow","max-snippet":"max-snippet:-1","max-image-preview":"max-image-preview:large","max-video-preview":"max-video-preview:-1"},"canonical":"https:\/\/www.laguiadepamplona.com\/actualidad\/el-ayuntamiento-de-pamplona-se-une-este-domingo-al-dia-mundial-de-la-salud-mental-iluminando-de-color-blanco-la-fachada-de-la-casa-consistorial\/","og_locale":"es_ES","og_type":"article","og_title":"El Ayuntamiento de Pamplona se une este domingo al D\u00eda Mundial de la Salud Mental iluminando de color blanco la fachada de la Casa Consistorial","og_description":"Se colabora con la Asociaci\u00f3n Navarra para la Salud Mental en unos momentos en los que la pandemia ha tenido un gran impacto sobre estas afecciones","og_url":"https:\/\/www.laguiadepamplona.com\/actualidad\/el-ayuntamiento-de-pamplona-se-une-este-domingo-al-dia-mundial-de-la-salud-mental-iluminando-de-color-blanco-la-fachada-de-la-casa-consistorial\/","og_site_name":"La Gu\u00eda de Pamplona","article_publisher":"https:\/\/www.facebook.com\/laguiadepamplonacom-133175176762273\/?ref=hl","article_published_time":"2021-10-08T11:39:05+00:00","article_modified_time":"2023-04-11T09:48:53+00:00","og_image":[{"width":1920,"height":1280,"url":"https:\/\/www.laguiadepamplona.com\/actualidad\/wp-content\/uploads\/2021\/02\/plaza_consistorial_fachada_nocturna_ayuntamiento.jpg","type":"image\/jpeg"}],"author":"La Gu\u00eda de Pamplona","twitter_card":"summary_large_image","twitter_creator":"@LaGuiadPamplona","twitter_site":"@LaGuiadPamplona","twitter_misc":{"Escrito por":"La Gu\u00eda de Pamplona","Tiempo de lectura":"2 minutos"},"schema":{"@context":"https:\/\/schema.org","@graph":[{"@type":"Article","@id":"https:\/\/www.laguiadepamplona.com\/actualidad\/el-ayuntamiento-de-pamplona-se-une-este-domingo-al-dia-mundial-de-la-salud-mental-iluminando-de-color-blanco-la-fachada-de-la-casa-consistorial\/#article","isPartOf":{"@id":"https:\/\/www.laguiadepamplona.com\/actualidad\/el-ayuntamiento-de-pamplona-se-une-este-domingo-al-dia-mundial-de-la-salud-mental-iluminando-de-color-blanco-la-fachada-de-la-casa-consistorial\/"},"author":{"name":"La Gu\u00eda de Pamplona","@id":"https:\/\/www.laguiadepamplona.com\/actualidad\/#\/schema\/person\/efe887376f0213d4657c93adc50b1fdb"},"headline":"El Ayuntamiento de Pamplona se une este domingo al D\u00eda Mundial de la Salud Mental iluminando de color blanco la fachada de la Casa Consistorial","datePublished":"2021-10-08T11:39:05+00:00","dateModified":"2023-04-11T09:48:53+00:00","mainEntityOfPage":{"@id":"https:\/\/www.laguiadepamplona.com\/actualidad\/el-ayuntamiento-de-pamplona-se-une-este-domingo-al-dia-mundial-de-la-salud-mental-iluminando-de-color-blanco-la-fachada-de-la-casa-consistorial\/"},"wordCount":304,"commentCount":0,"publisher":{"@id":"https:\/\/www.laguiadepamplona.com\/actualidad\/#organization"},"image":{"@id":"https:\/\/www.laguiadepamplona.com\/actualidad\/el-ayuntamiento-de-pamplona-se-une-este-domingo-al-dia-mundial-de-la-salud-mental-iluminando-de-color-blanco-la-fachada-de-la-casa-consistorial\/#primaryimage"},"thumbnailUrl":"https:\/\/www.laguiadepamplona.com\/actualidad\/wp-content\/uploads\/2021\/02\/plaza_consistorial_fachada_nocturna_ayuntamiento.jpg","articleSection":["Ayto Pamplona"],"inLanguage":"es","potentialAction":[{"@type":"CommentAction","name":"Comment","target":["https:\/\/www.laguiadepamplona.com\/actualidad\/el-ayuntamiento-de-pamplona-se-une-este-domingo-al-dia-mundial-de-la-salud-mental-iluminando-de-color-blanco-la-fachada-de-la-casa-consistorial\/#respond"]}]},{"@type":"WebPage","@id":"https:\/\/www.laguiadepamplona.com\/actualidad\/el-ayuntamiento-de-pamplona-se-une-este-domingo-al-dia-mundial-de-la-salud-mental-iluminando-de-color-blanco-la-fachada-de-la-casa-consistorial\/","url":"https:\/\/www.laguiadepamplona.com\/actualidad\/el-ayuntamiento-de-pamplona-se-une-este-domingo-al-dia-mundial-de-la-salud-mental-iluminando-de-color-blanco-la-fachada-de-la-casa-consistorial\/","name":"El Ayuntamiento de Pamplona se une este domingo al D\u00eda Mundial de la Salud Mental iluminando de color blanco la fachada de la Casa Consistorial","isPartOf":{"@id":"https:\/\/www.laguiadepamplona.com\/actualidad\/#website"},"primaryImageOfPage":{"@id":"https:\/\/www.laguiadepamplona.com\/actualidad\/el-ayuntamiento-de-pamplona-se-une-este-domingo-al-dia-mundial-de-la-salud-mental-iluminando-de-color-blanco-la-fachada-de-la-casa-consistorial\/#primaryimage"},"image":{"@id":"https:\/\/www.laguiadepamplona.com\/actualidad\/el-ayuntamiento-de-pamplona-se-une-este-domingo-al-dia-mundial-de-la-salud-mental-iluminando-de-color-blanco-la-fachada-de-la-casa-consistorial\/#primaryimage"},"thumbnailUrl":"https:\/\/www.laguiadepamplona.com\/actualidad\/wp-content\/uploads\/2021\/02\/plaza_consistorial_fachada_nocturna_ayuntamiento.jpg","datePublished":"2021-10-08T11:39:05+00:00","dateModified":"2023-04-11T09:48:53+00:00","description":"Se colabora con la Asociaci\u00f3n Navarra para la Salud Mental en unos momentos en los que la pandemia ha tenido un gran impacto sobre estas afecciones","breadcrumb":{"@id":"https:\/\/www.laguiadepamplona.com\/actualidad\/el-ayuntamiento-de-pamplona-se-une-este-domingo-al-dia-mundial-de-la-salud-mental-iluminando-de-color-blanco-la-fachada-de-la-casa-consistorial\/#breadcrumb"},"inLanguage":"es","potentialAction":[{"@type":"ReadAction","target":["https:\/\/www.laguiadepamplona.com\/actualidad\/el-ayuntamiento-de-pamplona-se-une-este-domingo-al-dia-mundial-de-la-salud-mental-iluminando-de-color-blanco-la-fachada-de-la-casa-consistorial\/"]}]},{"@type":"ImageObject","inLanguage":"es","@id":"https:\/\/www.laguiadepamplona.com\/actualidad\/el-ayuntamiento-de-pamplona-se-une-este-domingo-al-dia-mundial-de-la-salud-mental-iluminando-de-color-blanco-la-fachada-de-la-casa-consistorial\/#primaryimage","url":"https:\/\/www.laguiadepamplona.com\/actualidad\/wp-content\/uploads\/2021\/02\/plaza_consistorial_fachada_nocturna_ayuntamiento.jpg","contentUrl":"https:\/\/www.laguiadepamplona.com\/actualidad\/wp-content\/uploads\/2021\/02\/plaza_consistorial_fachada_nocturna_ayuntamiento.jpg","width":1920,"height":1280},{"@type":"BreadcrumbList","@id":"https:\/\/www.laguiadepamplona.com\/actualidad\/el-ayuntamiento-de-pamplona-se-une-este-domingo-al-dia-mundial-de-la-salud-mental-iluminando-de-color-blanco-la-fachada-de-la-casa-consistorial\/#breadcrumb","itemListElement":[{"@type":"ListItem","position":1,"name":"Portada","item":"https:\/\/www.laguiadepamplona.com\/actualidad\/"},{"@type":"ListItem","position":2,"name":"El Ayuntamiento de Pamplona se une este domingo al D\u00eda Mundial de la Salud Mental iluminando de color blanco la fachada de la Casa Consistorial"}]},{"@type":"WebSite","@id":"https:\/\/www.laguiadepamplona.com\/actualidad\/#website","url":"https:\/\/www.laguiadepamplona.com\/actualidad\/","name":"La gu\u00eda de Pamplona","description":"Noticias de Pamplona","publisher":{"@id":"https:\/\/www.laguiadepamplona.com\/actualidad\/#organization"},"potentialAction":[{"@type":"SearchAction","target":{"@type":"EntryPoint","urlTemplate":"https:\/\/www.laguiadepamplona.com\/actualidad\/?s={search_term_string}"},"query-input":{"@type":"PropertyValueSpecification","valueRequired":true,"valueName":"search_term_string"}}],"inLanguage":"es"},{"@type":"Organization","@id":"https:\/\/www.laguiadepamplona.com\/actualidad\/#organization","name":"La Gu\u00eda de Pamplona \/ Noticias","url":"https:\/\/www.laguiadepamplona.com\/actualidad\/","logo":{"@type":"ImageObject","inLanguage":"es","@id":"https:\/\/www.laguiadepamplona.com\/actualidad\/#\/schema\/logo\/image\/","url":"https:\/\/www.laguiadepamplona.com\/actualidad\/wp-content\/uploads\/2018\/11\/logo-laguiadepamplona18-web1.png","contentUrl":"https:\/\/www.laguiadepamplona.com\/actualidad\/wp-content\/uploads\/2018\/11\/logo-laguiadepamplona18-web1.png","width":600,"height":196,"caption":"La Gu\u00eda de Pamplona \/ Noticias"},"image":{"@id":"https:\/\/www.laguiadepamplona.com\/actualidad\/#\/schema\/logo\/image\/"},"sameAs":["https:\/\/www.facebook.com\/laguiadepamplonacom-133175176762273\/?ref=hl","https:\/\/x.com\/LaGuiadPamplona","https:\/\/www.instagram.com\/la_guia_de_pamplona\/","https:\/\/www.youtube.com\/user\/laguiadepamplona"]},{"@type":"Person","@id":"https:\/\/www.laguiadepamplona.com\/actualidad\/#\/schema\/person\/efe887376f0213d4657c93adc50b1fdb","name":"La Gu\u00eda de Pamplona","image":{"@type":"ImageObject","inLanguage":"es","@id":"https:\/\/secure.gravatar.com\/avatar\/b6992f131dc8d30ab0dff15446e9d346d9dbd95992de0fef795073f5ea83a81c?s=96&d=mm&r=g","url":"https:\/\/secure.gravatar.com\/avatar\/b6992f131dc8d30ab0dff15446e9d346d9dbd95992de0fef795073f5ea83a81c?s=96&d=mm&r=g","contentUrl":"https:\/\/secure.gravatar.com\/avatar\/b6992f131dc8d30ab0dff15446e9d346d9dbd95992de0fef795073f5ea83a81c?s=96&d=mm&r=g","caption":"La Gu\u00eda de Pamplona"}}]}},"post_mailing_queue_ids":[],"_links":{"self":[{"href":"https:\/\/www.laguiadepamplona.com\/actualidad\/wp-json\/wp\/v2\/posts\/36912","targetHints":{"allow":["GET"]}}],"collection":[{"href":"https:\/\/www.laguiadepamplona.com\/actualidad\/wp-json\/wp\/v2\/posts"}],"about":[{"href":"https:\/\/www.laguiadepamplona.com\/actualidad\/wp-json\/wp\/v2\/types\/post"}],"author":[{"embeddable":true,"href":"https:\/\/www.laguiadepamplona.com\/actualidad\/wp-json\/wp\/v2\/users\/1"}],"replies":[{"embeddable":true,"href":"https:\/\/www.laguiadepamplona.com\/actualidad\/wp-json\/wp\/v2\/comments?post=36912"}],"version-history":[{"count":0,"href":"https:\/\/www.laguiadepamplona.com\/actualidad\/wp-json\/wp\/v2\/posts\/36912\/revisions"}],"wp:featuredmedia":[{"embeddable":true,"href":"https:\/\/www.laguiadepamplona.com\/actualidad\/wp-json\/wp\/v2\/media\/33271"}],"wp:attachment":[{"href":"https:\/\/www.laguiadepamplona.com\/actualidad\/wp-json\/wp\/v2\/media?parent=36912"}],"wp:term":[{"taxonomy":"category","embeddable":true,"href":"https:\/\/www.laguiadepamplona.com\/actualidad\/wp-json\/wp\/v2\/categories?post=36912"},{"taxonomy":"post_tag","embeddable":true,"href":"https:\/\/www.laguiadepamplona.com\/actualidad\/wp-json\/wp\/v2\/tags?post=36912"}],"curies":[{"name":"wp","href":"https:\/\/api.w.org\/{rel}","templated":true}]}}