{"id":36903,"date":"2021-10-08T13:27:11","date_gmt":"2021-10-08T11:27:11","guid":{"rendered":"https:\/\/www.laguiadepamplona.com\/actualidad\/?p=36903"},"modified":"2023-04-11T11:48:54","modified_gmt":"2023-04-11T09:48:54","slug":"el-ayuntamiento-de-pamplona-cubrira-varias-pistas-polideportivas-del-colegio-publico-ermitagana-y-generara-una-zona-ajardinada-en-el-patio","status":"publish","type":"post","link":"https:\/\/www.laguiadepamplona.com\/actualidad\/el-ayuntamiento-de-pamplona-cubrira-varias-pistas-polideportivas-del-colegio-publico-ermitagana-y-generara-una-zona-ajardinada-en-el-patio\/","title":{"rendered":"El Ayuntamiento de Pamplona cubrir\u00e1 varias pistas polideportivas del Colegio P\u00fablico Ermitaga\u00f1a y generar\u00e1 una zona ajardinada en el patio"},"content":{"rendered":"<h5>Las obras cuentan con un presupuesto de 825.858,14 euros y un plazo de ejecuci\u00f3n de cuatro meses<\/h5>\n<p><!--more--><\/p>\n<p>La Junta de Gobierno Local del Ayuntamiento de Pamplona ha aprobado la licitaci\u00f3n del contrato para cubrir parte de las pistas polideportivas del CPEIP Ermitaga\u00f1a. En concreto, se trata de la pista deportiva de balonmano o futbol sala, que se encuentra en el acceso al recinto por la plaza P\u00edo Baroja. La cubierta proteger\u00e1, dicho pista y otras dos pistas de minibasket en su sentido trasversal. El presupuesto de licitaci\u00f3n asciende a 825.858,14 euros, con un plazo de ejecuci\u00f3n de cuatro meses. Se prev\u00e9 que los trabajos puedan comenzar en el mes de diciembre.<\/p>\n<p><script async src=\"\/\/pagead2.googlesyndication.com\/pagead\/js\/adsbygoogle.js\"><\/script><br \/>\n<!-- Noticias La Guia de Pamplona --><br \/>\n<ins class=\"adsbygoogle\"\nstyle=\"display:block\"\ndata-ad-client=\"ca-pub-6943679897239327\"\ndata-ad-slot=\"7048180777\"\ndata-ad-format=\"auto\"><\/ins><br \/>\n<script>\n(adsbygoogle = window.adsbygoogle || []).push({});\n<\/script><\/p>\n<p>La actuaci\u00f3n incluye la cubrici\u00f3n de las pistas polideportivas con una estructura de madera laminada y envolvente, la adecuaci\u00f3n y pavimentaci\u00f3n de la nueva superficie para el desarrollo de diferentes actividades deportivas, la creaci\u00f3n de dos parterres ajardinados, as\u00ed como la ejecuci\u00f3n de nuevas redes de saneamiento de pluviales, alumbrado y riego y la instalaci\u00f3n del equipamiento urbano y deportivo necesario. Las obras responden a la necesidad de ampliar y mejorar la disponibilidad de las pistas polideportivas sitas en el patio del CPEIP Ermitaga\u00f1a, de modo que en d\u00edas de lluvia o de intensa insolaci\u00f3n puedan ser utilizadas por las personas usuarias.<\/p>\n<p>La superficie cubierta alcanzar\u00e1 los 1.333,75 m<sup>2<\/sup> con unas dimensiones de 48,50 x 27,50 metros. La cubierta de las pistas deportivas se resuelve con una cubierta a 2 aguas, con una pendiente del 10%. La anchura entre ejes de estructura es de 23,50 metros y se resuelve con 8 p\u00f3rticos de madera laminada equidistantes con un frente total entre ejes de 44,80 metros. Los pilares que sustentan la cubierta tendr\u00e1n una doble inclinaci\u00f3n, perpendicular a su base en la cara interior e inclinada en las secciones exteriores para obtener as\u00ed una mayor superficie cubierta.<\/p>\n<p><script async src=\"\/\/pagead2.googlesyndication.com\/pagead\/js\/adsbygoogle.js\"><\/script><br \/>\n<!-- Noticias La Guia de Pamplona --><br \/>\n<ins class=\"adsbygoogle\"\nstyle=\"display:block\"\ndata-ad-client=\"ca-pub-6943679897239327\"\ndata-ad-slot=\"7048180777\"\ndata-ad-format=\"auto\"><\/ins><br \/>\n<script>\n(adsbygoogle = window.adsbygoogle || []).push({});\n<\/script><\/p>\n<p>Se generar\u00e1, asimismo, una nueva zona ajardinada, divida en dos parterres de 323,29 m<sup>2<\/sup> y 275,82 m<sup>2<\/sup>, que delimitar\u00e1n el acceso a las pistas desde el propio patio, dando as\u00ed una mayor riqueza a un espacio predominado por el asfalto.<\/p>\n","protected":false},"excerpt":{"rendered":"<p>Las obras cuentan con un presupuesto de 825.858,14 euros y un plazo de ejecuci\u00f3n de cuatro meses<\/p>\n","protected":false},"author":1,"featured_media":36904,"comment_status":"open","ping_status":"closed","sticky":false,"template":"","format":"standard","meta":{"footnotes":""},"categories":[2],"tags":[],"class_list":["post-36903","post","type-post","status-publish","format-standard","has-post-thumbnail","hentry","category-ayuntamiento-pamplona"],"yoast_head":"<!-- This site is optimized with the Yoast SEO plugin v27.5 - https:\/\/yoast.com\/product\/yoast-seo-wordpress\/ -->\n<title>El Ayuntamiento de Pamplona cubrir\u00e1 varias pistas polideportivas del Colegio P\u00fablico Ermitaga\u00f1a y generar\u00e1 una zona ajardinada en el patio<\/title>\n<meta name=\"description\" content=\"Las obras cuentan con un presupuesto de 825.858,14 euros y un plazo de ejecuci\u00f3n de cuatro meses\" \/>\n<meta name=\"robots\" content=\"index, follow, max-snippet:-1, max-image-preview:large, max-video-preview:-1\" \/>\n<link rel=\"canonical\" href=\"https:\/\/www.laguiadepamplona.com\/actualidad\/el-ayuntamiento-de-pamplona-cubrira-varias-pistas-polideportivas-del-colegio-publico-ermitagana-y-generara-una-zona-ajardinada-en-el-patio\/\" \/>\n<meta property=\"og:locale\" content=\"es_ES\" \/>\n<meta property=\"og:type\" content=\"article\" \/>\n<meta property=\"og:title\" content=\"El Ayuntamiento de Pamplona cubrir\u00e1 varias pistas polideportivas del Colegio P\u00fablico Ermitaga\u00f1a y generar\u00e1 una zona ajardinada en el patio\" \/>\n<meta property=\"og:description\" content=\"Las obras cuentan con un presupuesto de 825.858,14 euros y un plazo de ejecuci\u00f3n de cuatro meses\" \/>\n<meta property=\"og:url\" content=\"https:\/\/www.laguiadepamplona.com\/actualidad\/el-ayuntamiento-de-pamplona-cubrira-varias-pistas-polideportivas-del-colegio-publico-ermitagana-y-generara-una-zona-ajardinada-en-el-patio\/\" \/>\n<meta property=\"og:site_name\" content=\"La Gu\u00eda de Pamplona\" \/>\n<meta property=\"article:publisher\" content=\"https:\/\/www.facebook.com\/laguiadepamplonacom-133175176762273\/?ref=hl\" \/>\n<meta property=\"article:published_time\" content=\"2021-10-08T11:27:11+00:00\" \/>\n<meta property=\"article:modified_time\" content=\"2023-04-11T09:48:54+00:00\" \/>\n<meta property=\"og:image\" content=\"https:\/\/www.laguiadepamplona.com\/actualidad\/wp-content\/uploads\/2021\/10\/patio.jpg\" \/>\n\t<meta property=\"og:image:width\" content=\"1243\" \/>\n\t<meta property=\"og:image:height\" content=\"827\" \/>\n\t<meta property=\"og:image:type\" content=\"image\/jpeg\" \/>\n<meta name=\"author\" content=\"La Gu\u00eda de Pamplona\" \/>\n<meta name=\"twitter:card\" content=\"summary_large_image\" \/>\n<meta name=\"twitter:creator\" content=\"@LaGuiadPamplona\" \/>\n<meta name=\"twitter:site\" content=\"@LaGuiadPamplona\" \/>\n<meta name=\"twitter:label1\" content=\"Escrito por\" \/>\n\t<meta name=\"twitter:data1\" content=\"La Gu\u00eda de Pamplona\" \/>\n\t<meta name=\"twitter:label2\" content=\"Tiempo de lectura\" \/>\n\t<meta name=\"twitter:data2\" content=\"2 minutos\" \/>\n<script type=\"application\/ld+json\" class=\"yoast-schema-graph\">{\"@context\":\"https:\\\/\\\/schema.org\",\"@graph\":[{\"@type\":\"Article\",\"@id\":\"https:\\\/\\\/www.laguiadepamplona.com\\\/actualidad\\\/el-ayuntamiento-de-pamplona-cubrira-varias-pistas-polideportivas-del-colegio-publico-ermitagana-y-generara-una-zona-ajardinada-en-el-patio\\\/#article\",\"isPartOf\":{\"@id\":\"https:\\\/\\\/www.laguiadepamplona.com\\\/actualidad\\\/el-ayuntamiento-de-pamplona-cubrira-varias-pistas-polideportivas-del-colegio-publico-ermitagana-y-generara-una-zona-ajardinada-en-el-patio\\\/\"},\"author\":{\"name\":\"La Gu\u00eda de Pamplona\",\"@id\":\"https:\\\/\\\/www.laguiadepamplona.com\\\/actualidad\\\/#\\\/schema\\\/person\\\/efe887376f0213d4657c93adc50b1fdb\"},\"headline\":\"El Ayuntamiento de Pamplona cubrir\u00e1 varias pistas polideportivas del Colegio P\u00fablico Ermitaga\u00f1a y generar\u00e1 una zona ajardinada en el patio\",\"datePublished\":\"2021-10-08T11:27:11+00:00\",\"dateModified\":\"2023-04-11T09:48:54+00:00\",\"mainEntityOfPage\":{\"@id\":\"https:\\\/\\\/www.laguiadepamplona.com\\\/actualidad\\\/el-ayuntamiento-de-pamplona-cubrira-varias-pistas-polideportivas-del-colegio-publico-ermitagana-y-generara-una-zona-ajardinada-en-el-patio\\\/\"},\"wordCount\":377,\"commentCount\":0,\"publisher\":{\"@id\":\"https:\\\/\\\/www.laguiadepamplona.com\\\/actualidad\\\/#organization\"},\"image\":{\"@id\":\"https:\\\/\\\/www.laguiadepamplona.com\\\/actualidad\\\/el-ayuntamiento-de-pamplona-cubrira-varias-pistas-polideportivas-del-colegio-publico-ermitagana-y-generara-una-zona-ajardinada-en-el-patio\\\/#primaryimage\"},\"thumbnailUrl\":\"https:\\\/\\\/www.laguiadepamplona.com\\\/actualidad\\\/wp-content\\\/uploads\\\/2021\\\/10\\\/patio.jpg\",\"articleSection\":[\"Ayto Pamplona\"],\"inLanguage\":\"es\",\"potentialAction\":[{\"@type\":\"CommentAction\",\"name\":\"Comment\",\"target\":[\"https:\\\/\\\/www.laguiadepamplona.com\\\/actualidad\\\/el-ayuntamiento-de-pamplona-cubrira-varias-pistas-polideportivas-del-colegio-publico-ermitagana-y-generara-una-zona-ajardinada-en-el-patio\\\/#respond\"]}]},{\"@type\":\"WebPage\",\"@id\":\"https:\\\/\\\/www.laguiadepamplona.com\\\/actualidad\\\/el-ayuntamiento-de-pamplona-cubrira-varias-pistas-polideportivas-del-colegio-publico-ermitagana-y-generara-una-zona-ajardinada-en-el-patio\\\/\",\"url\":\"https:\\\/\\\/www.laguiadepamplona.com\\\/actualidad\\\/el-ayuntamiento-de-pamplona-cubrira-varias-pistas-polideportivas-del-colegio-publico-ermitagana-y-generara-una-zona-ajardinada-en-el-patio\\\/\",\"name\":\"El Ayuntamiento de Pamplona cubrir\u00e1 varias pistas polideportivas del Colegio P\u00fablico Ermitaga\u00f1a y generar\u00e1 una zona ajardinada en el patio\",\"isPartOf\":{\"@id\":\"https:\\\/\\\/www.laguiadepamplona.com\\\/actualidad\\\/#website\"},\"primaryImageOfPage\":{\"@id\":\"https:\\\/\\\/www.laguiadepamplona.com\\\/actualidad\\\/el-ayuntamiento-de-pamplona-cubrira-varias-pistas-polideportivas-del-colegio-publico-ermitagana-y-generara-una-zona-ajardinada-en-el-patio\\\/#primaryimage\"},\"image\":{\"@id\":\"https:\\\/\\\/www.laguiadepamplona.com\\\/actualidad\\\/el-ayuntamiento-de-pamplona-cubrira-varias-pistas-polideportivas-del-colegio-publico-ermitagana-y-generara-una-zona-ajardinada-en-el-patio\\\/#primaryimage\"},\"thumbnailUrl\":\"https:\\\/\\\/www.laguiadepamplona.com\\\/actualidad\\\/wp-content\\\/uploads\\\/2021\\\/10\\\/patio.jpg\",\"datePublished\":\"2021-10-08T11:27:11+00:00\",\"dateModified\":\"2023-04-11T09:48:54+00:00\",\"description\":\"Las obras cuentan con un presupuesto de 825.858,14 euros y un plazo de ejecuci\u00f3n de cuatro meses\",\"breadcrumb\":{\"@id\":\"https:\\\/\\\/www.laguiadepamplona.com\\\/actualidad\\\/el-ayuntamiento-de-pamplona-cubrira-varias-pistas-polideportivas-del-colegio-publico-ermitagana-y-generara-una-zona-ajardinada-en-el-patio\\\/#breadcrumb\"},\"inLanguage\":\"es\",\"potentialAction\":[{\"@type\":\"ReadAction\",\"target\":[\"https:\\\/\\\/www.laguiadepamplona.com\\\/actualidad\\\/el-ayuntamiento-de-pamplona-cubrira-varias-pistas-polideportivas-del-colegio-publico-ermitagana-y-generara-una-zona-ajardinada-en-el-patio\\\/\"]}]},{\"@type\":\"ImageObject\",\"inLanguage\":\"es\",\"@id\":\"https:\\\/\\\/www.laguiadepamplona.com\\\/actualidad\\\/el-ayuntamiento-de-pamplona-cubrira-varias-pistas-polideportivas-del-colegio-publico-ermitagana-y-generara-una-zona-ajardinada-en-el-patio\\\/#primaryimage\",\"url\":\"https:\\\/\\\/www.laguiadepamplona.com\\\/actualidad\\\/wp-content\\\/uploads\\\/2021\\\/10\\\/patio.jpg\",\"contentUrl\":\"https:\\\/\\\/www.laguiadepamplona.com\\\/actualidad\\\/wp-content\\\/uploads\\\/2021\\\/10\\\/patio.jpg\",\"width\":1243,\"height\":827},{\"@type\":\"BreadcrumbList\",\"@id\":\"https:\\\/\\\/www.laguiadepamplona.com\\\/actualidad\\\/el-ayuntamiento-de-pamplona-cubrira-varias-pistas-polideportivas-del-colegio-publico-ermitagana-y-generara-una-zona-ajardinada-en-el-patio\\\/#breadcrumb\",\"itemListElement\":[{\"@type\":\"ListItem\",\"position\":1,\"name\":\"Portada\",\"item\":\"https:\\\/\\\/www.laguiadepamplona.com\\\/actualidad\\\/\"},{\"@type\":\"ListItem\",\"position\":2,\"name\":\"El Ayuntamiento de Pamplona cubrir\u00e1 varias pistas polideportivas del Colegio P\u00fablico Ermitaga\u00f1a y generar\u00e1 una zona ajardinada en el patio\"}]},{\"@type\":\"WebSite\",\"@id\":\"https:\\\/\\\/www.laguiadepamplona.com\\\/actualidad\\\/#website\",\"url\":\"https:\\\/\\\/www.laguiadepamplona.com\\\/actualidad\\\/\",\"name\":\"La gu\u00eda de Pamplona\",\"description\":\"Noticias de Pamplona\",\"publisher\":{\"@id\":\"https:\\\/\\\/www.laguiadepamplona.com\\\/actualidad\\\/#organization\"},\"potentialAction\":[{\"@type\":\"SearchAction\",\"target\":{\"@type\":\"EntryPoint\",\"urlTemplate\":\"https:\\\/\\\/www.laguiadepamplona.com\\\/actualidad\\\/?s={search_term_string}\"},\"query-input\":{\"@type\":\"PropertyValueSpecification\",\"valueRequired\":true,\"valueName\":\"search_term_string\"}}],\"inLanguage\":\"es\"},{\"@type\":\"Organization\",\"@id\":\"https:\\\/\\\/www.laguiadepamplona.com\\\/actualidad\\\/#organization\",\"name\":\"La Gu\u00eda de Pamplona \\\/ Noticias\",\"url\":\"https:\\\/\\\/www.laguiadepamplona.com\\\/actualidad\\\/\",\"logo\":{\"@type\":\"ImageObject\",\"inLanguage\":\"es\",\"@id\":\"https:\\\/\\\/www.laguiadepamplona.com\\\/actualidad\\\/#\\\/schema\\\/logo\\\/image\\\/\",\"url\":\"https:\\\/\\\/www.laguiadepamplona.com\\\/actualidad\\\/wp-content\\\/uploads\\\/2018\\\/11\\\/logo-laguiadepamplona18-web1.png\",\"contentUrl\":\"https:\\\/\\\/www.laguiadepamplona.com\\\/actualidad\\\/wp-content\\\/uploads\\\/2018\\\/11\\\/logo-laguiadepamplona18-web1.png\",\"width\":600,\"height\":196,\"caption\":\"La Gu\u00eda de Pamplona \\\/ Noticias\"},\"image\":{\"@id\":\"https:\\\/\\\/www.laguiadepamplona.com\\\/actualidad\\\/#\\\/schema\\\/logo\\\/image\\\/\"},\"sameAs\":[\"https:\\\/\\\/www.facebook.com\\\/laguiadepamplonacom-133175176762273\\\/?ref=hl\",\"https:\\\/\\\/x.com\\\/LaGuiadPamplona\",\"https:\\\/\\\/www.instagram.com\\\/la_guia_de_pamplona\\\/\",\"https:\\\/\\\/www.youtube.com\\\/user\\\/laguiadepamplona\"]},{\"@type\":\"Person\",\"@id\":\"https:\\\/\\\/www.laguiadepamplona.com\\\/actualidad\\\/#\\\/schema\\\/person\\\/efe887376f0213d4657c93adc50b1fdb\",\"name\":\"La Gu\u00eda de Pamplona\",\"image\":{\"@type\":\"ImageObject\",\"inLanguage\":\"es\",\"@id\":\"https:\\\/\\\/secure.gravatar.com\\\/avatar\\\/b6992f131dc8d30ab0dff15446e9d346d9dbd95992de0fef795073f5ea83a81c?s=96&d=mm&r=g\",\"url\":\"https:\\\/\\\/secure.gravatar.com\\\/avatar\\\/b6992f131dc8d30ab0dff15446e9d346d9dbd95992de0fef795073f5ea83a81c?s=96&d=mm&r=g\",\"contentUrl\":\"https:\\\/\\\/secure.gravatar.com\\\/avatar\\\/b6992f131dc8d30ab0dff15446e9d346d9dbd95992de0fef795073f5ea83a81c?s=96&d=mm&r=g\",\"caption\":\"La Gu\u00eda de Pamplona\"}}]}<\/script>\n<!-- \/ Yoast SEO plugin. -->","yoast_head_json":{"title":"El Ayuntamiento de Pamplona cubrir\u00e1 varias pistas polideportivas del Colegio P\u00fablico Ermitaga\u00f1a y generar\u00e1 una zona ajardinada en el patio","description":"Las obras cuentan con un presupuesto de 825.858,14 euros y un plazo de ejecuci\u00f3n de cuatro meses","robots":{"index":"index","follow":"follow","max-snippet":"max-snippet:-1","max-image-preview":"max-image-preview:large","max-video-preview":"max-video-preview:-1"},"canonical":"https:\/\/www.laguiadepamplona.com\/actualidad\/el-ayuntamiento-de-pamplona-cubrira-varias-pistas-polideportivas-del-colegio-publico-ermitagana-y-generara-una-zona-ajardinada-en-el-patio\/","og_locale":"es_ES","og_type":"article","og_title":"El Ayuntamiento de Pamplona cubrir\u00e1 varias pistas polideportivas del Colegio P\u00fablico Ermitaga\u00f1a y generar\u00e1 una zona ajardinada en el patio","og_description":"Las obras cuentan con un presupuesto de 825.858,14 euros y un plazo de ejecuci\u00f3n de cuatro meses","og_url":"https:\/\/www.laguiadepamplona.com\/actualidad\/el-ayuntamiento-de-pamplona-cubrira-varias-pistas-polideportivas-del-colegio-publico-ermitagana-y-generara-una-zona-ajardinada-en-el-patio\/","og_site_name":"La Gu\u00eda de Pamplona","article_publisher":"https:\/\/www.facebook.com\/laguiadepamplonacom-133175176762273\/?ref=hl","article_published_time":"2021-10-08T11:27:11+00:00","article_modified_time":"2023-04-11T09:48:54+00:00","og_image":[{"width":1243,"height":827,"url":"https:\/\/www.laguiadepamplona.com\/actualidad\/wp-content\/uploads\/2021\/10\/patio.jpg","type":"image\/jpeg"}],"author":"La Gu\u00eda de Pamplona","twitter_card":"summary_large_image","twitter_creator":"@LaGuiadPamplona","twitter_site":"@LaGuiadPamplona","twitter_misc":{"Escrito por":"La Gu\u00eda de Pamplona","Tiempo de lectura":"2 minutos"},"schema":{"@context":"https:\/\/schema.org","@graph":[{"@type":"Article","@id":"https:\/\/www.laguiadepamplona.com\/actualidad\/el-ayuntamiento-de-pamplona-cubrira-varias-pistas-polideportivas-del-colegio-publico-ermitagana-y-generara-una-zona-ajardinada-en-el-patio\/#article","isPartOf":{"@id":"https:\/\/www.laguiadepamplona.com\/actualidad\/el-ayuntamiento-de-pamplona-cubrira-varias-pistas-polideportivas-del-colegio-publico-ermitagana-y-generara-una-zona-ajardinada-en-el-patio\/"},"author":{"name":"La Gu\u00eda de Pamplona","@id":"https:\/\/www.laguiadepamplona.com\/actualidad\/#\/schema\/person\/efe887376f0213d4657c93adc50b1fdb"},"headline":"El Ayuntamiento de Pamplona cubrir\u00e1 varias pistas polideportivas del Colegio P\u00fablico Ermitaga\u00f1a y generar\u00e1 una zona ajardinada en el patio","datePublished":"2021-10-08T11:27:11+00:00","dateModified":"2023-04-11T09:48:54+00:00","mainEntityOfPage":{"@id":"https:\/\/www.laguiadepamplona.com\/actualidad\/el-ayuntamiento-de-pamplona-cubrira-varias-pistas-polideportivas-del-colegio-publico-ermitagana-y-generara-una-zona-ajardinada-en-el-patio\/"},"wordCount":377,"commentCount":0,"publisher":{"@id":"https:\/\/www.laguiadepamplona.com\/actualidad\/#organization"},"image":{"@id":"https:\/\/www.laguiadepamplona.com\/actualidad\/el-ayuntamiento-de-pamplona-cubrira-varias-pistas-polideportivas-del-colegio-publico-ermitagana-y-generara-una-zona-ajardinada-en-el-patio\/#primaryimage"},"thumbnailUrl":"https:\/\/www.laguiadepamplona.com\/actualidad\/wp-content\/uploads\/2021\/10\/patio.jpg","articleSection":["Ayto Pamplona"],"inLanguage":"es","potentialAction":[{"@type":"CommentAction","name":"Comment","target":["https:\/\/www.laguiadepamplona.com\/actualidad\/el-ayuntamiento-de-pamplona-cubrira-varias-pistas-polideportivas-del-colegio-publico-ermitagana-y-generara-una-zona-ajardinada-en-el-patio\/#respond"]}]},{"@type":"WebPage","@id":"https:\/\/www.laguiadepamplona.com\/actualidad\/el-ayuntamiento-de-pamplona-cubrira-varias-pistas-polideportivas-del-colegio-publico-ermitagana-y-generara-una-zona-ajardinada-en-el-patio\/","url":"https:\/\/www.laguiadepamplona.com\/actualidad\/el-ayuntamiento-de-pamplona-cubrira-varias-pistas-polideportivas-del-colegio-publico-ermitagana-y-generara-una-zona-ajardinada-en-el-patio\/","name":"El Ayuntamiento de Pamplona cubrir\u00e1 varias pistas polideportivas del Colegio P\u00fablico Ermitaga\u00f1a y generar\u00e1 una zona ajardinada en el patio","isPartOf":{"@id":"https:\/\/www.laguiadepamplona.com\/actualidad\/#website"},"primaryImageOfPage":{"@id":"https:\/\/www.laguiadepamplona.com\/actualidad\/el-ayuntamiento-de-pamplona-cubrira-varias-pistas-polideportivas-del-colegio-publico-ermitagana-y-generara-una-zona-ajardinada-en-el-patio\/#primaryimage"},"image":{"@id":"https:\/\/www.laguiadepamplona.com\/actualidad\/el-ayuntamiento-de-pamplona-cubrira-varias-pistas-polideportivas-del-colegio-publico-ermitagana-y-generara-una-zona-ajardinada-en-el-patio\/#primaryimage"},"thumbnailUrl":"https:\/\/www.laguiadepamplona.com\/actualidad\/wp-content\/uploads\/2021\/10\/patio.jpg","datePublished":"2021-10-08T11:27:11+00:00","dateModified":"2023-04-11T09:48:54+00:00","description":"Las obras cuentan con un presupuesto de 825.858,14 euros y un plazo de ejecuci\u00f3n de cuatro meses","breadcrumb":{"@id":"https:\/\/www.laguiadepamplona.com\/actualidad\/el-ayuntamiento-de-pamplona-cubrira-varias-pistas-polideportivas-del-colegio-publico-ermitagana-y-generara-una-zona-ajardinada-en-el-patio\/#breadcrumb"},"inLanguage":"es","potentialAction":[{"@type":"ReadAction","target":["https:\/\/www.laguiadepamplona.com\/actualidad\/el-ayuntamiento-de-pamplona-cubrira-varias-pistas-polideportivas-del-colegio-publico-ermitagana-y-generara-una-zona-ajardinada-en-el-patio\/"]}]},{"@type":"ImageObject","inLanguage":"es","@id":"https:\/\/www.laguiadepamplona.com\/actualidad\/el-ayuntamiento-de-pamplona-cubrira-varias-pistas-polideportivas-del-colegio-publico-ermitagana-y-generara-una-zona-ajardinada-en-el-patio\/#primaryimage","url":"https:\/\/www.laguiadepamplona.com\/actualidad\/wp-content\/uploads\/2021\/10\/patio.jpg","contentUrl":"https:\/\/www.laguiadepamplona.com\/actualidad\/wp-content\/uploads\/2021\/10\/patio.jpg","width":1243,"height":827},{"@type":"BreadcrumbList","@id":"https:\/\/www.laguiadepamplona.com\/actualidad\/el-ayuntamiento-de-pamplona-cubrira-varias-pistas-polideportivas-del-colegio-publico-ermitagana-y-generara-una-zona-ajardinada-en-el-patio\/#breadcrumb","itemListElement":[{"@type":"ListItem","position":1,"name":"Portada","item":"https:\/\/www.laguiadepamplona.com\/actualidad\/"},{"@type":"ListItem","position":2,"name":"El Ayuntamiento de Pamplona cubrir\u00e1 varias pistas polideportivas del Colegio P\u00fablico Ermitaga\u00f1a y generar\u00e1 una zona ajardinada en el patio"}]},{"@type":"WebSite","@id":"https:\/\/www.laguiadepamplona.com\/actualidad\/#website","url":"https:\/\/www.laguiadepamplona.com\/actualidad\/","name":"La gu\u00eda de Pamplona","description":"Noticias de Pamplona","publisher":{"@id":"https:\/\/www.laguiadepamplona.com\/actualidad\/#organization"},"potentialAction":[{"@type":"SearchAction","target":{"@type":"EntryPoint","urlTemplate":"https:\/\/www.laguiadepamplona.com\/actualidad\/?s={search_term_string}"},"query-input":{"@type":"PropertyValueSpecification","valueRequired":true,"valueName":"search_term_string"}}],"inLanguage":"es"},{"@type":"Organization","@id":"https:\/\/www.laguiadepamplona.com\/actualidad\/#organization","name":"La Gu\u00eda de Pamplona \/ Noticias","url":"https:\/\/www.laguiadepamplona.com\/actualidad\/","logo":{"@type":"ImageObject","inLanguage":"es","@id":"https:\/\/www.laguiadepamplona.com\/actualidad\/#\/schema\/logo\/image\/","url":"https:\/\/www.laguiadepamplona.com\/actualidad\/wp-content\/uploads\/2018\/11\/logo-laguiadepamplona18-web1.png","contentUrl":"https:\/\/www.laguiadepamplona.com\/actualidad\/wp-content\/uploads\/2018\/11\/logo-laguiadepamplona18-web1.png","width":600,"height":196,"caption":"La Gu\u00eda de Pamplona \/ Noticias"},"image":{"@id":"https:\/\/www.laguiadepamplona.com\/actualidad\/#\/schema\/logo\/image\/"},"sameAs":["https:\/\/www.facebook.com\/laguiadepamplonacom-133175176762273\/?ref=hl","https:\/\/x.com\/LaGuiadPamplona","https:\/\/www.instagram.com\/la_guia_de_pamplona\/","https:\/\/www.youtube.com\/user\/laguiadepamplona"]},{"@type":"Person","@id":"https:\/\/www.laguiadepamplona.com\/actualidad\/#\/schema\/person\/efe887376f0213d4657c93adc50b1fdb","name":"La Gu\u00eda de Pamplona","image":{"@type":"ImageObject","inLanguage":"es","@id":"https:\/\/secure.gravatar.com\/avatar\/b6992f131dc8d30ab0dff15446e9d346d9dbd95992de0fef795073f5ea83a81c?s=96&d=mm&r=g","url":"https:\/\/secure.gravatar.com\/avatar\/b6992f131dc8d30ab0dff15446e9d346d9dbd95992de0fef795073f5ea83a81c?s=96&d=mm&r=g","contentUrl":"https:\/\/secure.gravatar.com\/avatar\/b6992f131dc8d30ab0dff15446e9d346d9dbd95992de0fef795073f5ea83a81c?s=96&d=mm&r=g","caption":"La Gu\u00eda de Pamplona"}}]}},"post_mailing_queue_ids":[],"_links":{"self":[{"href":"https:\/\/www.laguiadepamplona.com\/actualidad\/wp-json\/wp\/v2\/posts\/36903","targetHints":{"allow":["GET"]}}],"collection":[{"href":"https:\/\/www.laguiadepamplona.com\/actualidad\/wp-json\/wp\/v2\/posts"}],"about":[{"href":"https:\/\/www.laguiadepamplona.com\/actualidad\/wp-json\/wp\/v2\/types\/post"}],"author":[{"embeddable":true,"href":"https:\/\/www.laguiadepamplona.com\/actualidad\/wp-json\/wp\/v2\/users\/1"}],"replies":[{"embeddable":true,"href":"https:\/\/www.laguiadepamplona.com\/actualidad\/wp-json\/wp\/v2\/comments?post=36903"}],"version-history":[{"count":0,"href":"https:\/\/www.laguiadepamplona.com\/actualidad\/wp-json\/wp\/v2\/posts\/36903\/revisions"}],"wp:featuredmedia":[{"embeddable":true,"href":"https:\/\/www.laguiadepamplona.com\/actualidad\/wp-json\/wp\/v2\/media\/36904"}],"wp:attachment":[{"href":"https:\/\/www.laguiadepamplona.com\/actualidad\/wp-json\/wp\/v2\/media?parent=36903"}],"wp:term":[{"taxonomy":"category","embeddable":true,"href":"https:\/\/www.laguiadepamplona.com\/actualidad\/wp-json\/wp\/v2\/categories?post=36903"},{"taxonomy":"post_tag","embeddable":true,"href":"https:\/\/www.laguiadepamplona.com\/actualidad\/wp-json\/wp\/v2\/tags?post=36903"}],"curies":[{"name":"wp","href":"https:\/\/api.w.org\/{rel}","templated":true}]}}