{"id":36898,"date":"2021-10-07T16:47:32","date_gmt":"2021-10-07T14:47:32","guid":{"rendered":"https:\/\/www.laguiadepamplona.com\/actualidad\/?p=36898"},"modified":"2023-04-11T11:48:54","modified_gmt":"2023-04-11T09:48:54","slug":"el-ayuntamiento-de-pamplona-manifiesta-su-apoyo-al-plan-especial-para-la-reconstruccion-de-la-palma-y-traslada-su-carino-a-quienes-han-perdido-sus-propiedades","status":"publish","type":"post","link":"https:\/\/www.laguiadepamplona.com\/actualidad\/el-ayuntamiento-de-pamplona-manifiesta-su-apoyo-al-plan-especial-para-la-reconstruccion-de-la-palma-y-traslada-su-carino-a-quienes-han-perdido-sus-propiedades\/","title":{"rendered":"El Ayuntamiento de Pamplona manifiesta su apoyo al Plan Especial para la Reconstrucci\u00f3n de La Palma y traslada su cari\u00f1o a quienes han perdido sus propiedades"},"content":{"rendered":"<h5>El Pleno ha aprobado esta tarde la declaraci\u00f3n institucional \u2018Con La Palma. Seguiremos estando. Cerca. Siempre\u2019<\/h5>\n<p><!--more--><\/p>\n<p>El Pleno del Ayuntamiento de Pamplona ha aprobado una declaraci\u00f3n institucional en la que \u201cmanifiesta toda la predisposici\u00f3n y el apoyo necesario a cuantas actuaciones de coordinaci\u00f3n puedan favorecer la implementaci\u00f3n del Plan Especial para la Reconstrucci\u00f3n de La Palma anunciado por el Gobierno\u201d y \u201ctraslada todo su apoyo a las personas evacuadas de sus hogares y, muy especialmente, nuestro cari\u00f1o a quienes han perdido sus viviendas, sus cultivos o cualquier otros bien bajo la lava\u201d.<\/p>\n<p><script async src=\"\/\/pagead2.googlesyndication.com\/pagead\/js\/adsbygoogle.js\"><\/script><br \/>\n<!-- Noticias La Guia de Pamplona --><br \/>\n<ins class=\"adsbygoogle\"\nstyle=\"display:block\"\ndata-ad-client=\"ca-pub-6943679897239327\"\ndata-ad-slot=\"7048180777\"\ndata-ad-format=\"auto\"><\/ins><br \/>\n<script>\n(adsbygoogle = window.adsbygoogle || []).push({});\n<\/script><\/p>\n<p>Bajo el t\u00edtulo, \u2018Con La Palma. Seguiremos estando. Cerca. Siempre\u2019, el texto recoge el agradecimiento \u201cal trabajo incansable que est\u00e1n desarrollando los equipos de emergencia, Cuerpos y Fuerzas de Seguridad del Estado, organizaciones no gubernamentales, Ej\u00e9rcito, polic\u00edas locales, profesionales del sector sanitario, medios de comunicaci\u00f3n y tantos colectivos que con su labor sobre el terreno contribuyen a reducir las consecuencias de este fen\u00f3meno de la naturaleza\u201d.<\/p>\n<p>Asimismo, \u201cofrece toda la ayuda y colaboraci\u00f3n a los Ayuntamientos de los municipios m\u00e1s directamente afectados, Llanos de Aridane y El Paso, instituciones que est\u00e1n demostrando, junto al Cabildo Insular de La Palma, la importancia de las Administraciones m\u00e1s cercanas en momentos enormemente dif\u00edciles\u201d.<\/p>\n<p><script async src=\"\/\/pagead2.googlesyndication.com\/pagead\/js\/adsbygoogle.js\"><\/script><br \/>\n<!-- Noticias La Guia de Pamplona --><br \/>\n<ins class=\"adsbygoogle\"\nstyle=\"display:block\"\ndata-ad-client=\"ca-pub-6943679897239327\"\ndata-ad-slot=\"7048180777\"\ndata-ad-format=\"auto\"><\/ins><br \/>\n<script>\n(adsbygoogle = window.adsbygoogle || []).push({});\n<\/script><\/p>\n<p>La declaraci\u00f3n institucional finaliza manifestando \u201cexpresamente su apoyo a la provincia de M\u00e1laga por el incendio de Sierra Bermeja, entre cuyos municipios est\u00e1 el de Estepona y asimismo a todos los afectados por el incendio en el municipio de Navalacruz en la provincia de \u00c1vila\u201d.<\/p>\n<p>De esta manera, el Ayuntamiento de Pamplona ha hecho suya la declaraci\u00f3n aprobada por la Junta de Gobierno de la Federaci\u00f3n Espa\u00f1ola de Municipios y Provincias el pasado 28 de septiembre que mostraba el apoyo solidario a la isla de La Palma y a otros municipios afectados por cat\u00e1strofes naturales e inclemencias meteorol\u00f3gicas.<\/p>\n","protected":false},"excerpt":{"rendered":"<p>El Pleno ha aprobado esta tarde la declaraci\u00f3n institucional \u2018Con La Palma. Seguiremos estando. Cerca. Siempre\u2019<\/p>\n","protected":false},"author":1,"featured_media":36899,"comment_status":"open","ping_status":"closed","sticky":false,"template":"","format":"standard","meta":{"footnotes":""},"categories":[2],"tags":[],"class_list":["post-36898","post","type-post","status-publish","format-standard","has-post-thumbnail","hentry","category-ayuntamiento-pamplona"],"yoast_head":"<!-- This site is optimized with the Yoast SEO plugin v27.5 - https:\/\/yoast.com\/product\/yoast-seo-wordpress\/ -->\n<title>El Ayuntamiento de Pamplona manifiesta su apoyo al Plan Especial para la Reconstrucci\u00f3n de La Palma y traslada su cari\u00f1o a quienes han perdido sus propiedades<\/title>\n<meta name=\"description\" content=\"El Pleno ha aprobado esta tarde la declaraci\u00f3n institucional \u2018Con La Palma. Seguiremos estando. Cerca. Siempre\u2019\" \/>\n<meta name=\"robots\" content=\"index, follow, max-snippet:-1, max-image-preview:large, max-video-preview:-1\" \/>\n<link rel=\"canonical\" href=\"https:\/\/www.laguiadepamplona.com\/actualidad\/el-ayuntamiento-de-pamplona-manifiesta-su-apoyo-al-plan-especial-para-la-reconstruccion-de-la-palma-y-traslada-su-carino-a-quienes-han-perdido-sus-propiedades\/\" \/>\n<meta property=\"og:locale\" content=\"es_ES\" \/>\n<meta property=\"og:type\" content=\"article\" \/>\n<meta property=\"og:title\" content=\"El Ayuntamiento de Pamplona manifiesta su apoyo al Plan Especial para la Reconstrucci\u00f3n de La Palma y traslada su cari\u00f1o a quienes han perdido sus propiedades\" \/>\n<meta property=\"og:description\" content=\"El Pleno ha aprobado esta tarde la declaraci\u00f3n institucional \u2018Con La Palma. Seguiremos estando. Cerca. Siempre\u2019\" \/>\n<meta property=\"og:url\" content=\"https:\/\/www.laguiadepamplona.com\/actualidad\/el-ayuntamiento-de-pamplona-manifiesta-su-apoyo-al-plan-especial-para-la-reconstruccion-de-la-palma-y-traslada-su-carino-a-quienes-han-perdido-sus-propiedades\/\" \/>\n<meta property=\"og:site_name\" content=\"La Gu\u00eda de Pamplona\" \/>\n<meta property=\"article:publisher\" content=\"https:\/\/www.facebook.com\/laguiadepamplonacom-133175176762273\/?ref=hl\" \/>\n<meta property=\"article:published_time\" content=\"2021-10-07T14:47:32+00:00\" \/>\n<meta property=\"article:modified_time\" content=\"2023-04-11T09:48:54+00:00\" \/>\n<meta property=\"og:image\" content=\"https:\/\/www.laguiadepamplona.com\/actualidad\/wp-content\/uploads\/2021\/10\/la-palma-volcan.jpg\" \/>\n\t<meta property=\"og:image:width\" content=\"1200\" \/>\n\t<meta property=\"og:image:height\" content=\"675\" \/>\n\t<meta property=\"og:image:type\" content=\"image\/jpeg\" \/>\n<meta name=\"author\" content=\"La Gu\u00eda de Pamplona\" \/>\n<meta name=\"twitter:card\" content=\"summary_large_image\" \/>\n<meta name=\"twitter:creator\" content=\"@LaGuiadPamplona\" \/>\n<meta name=\"twitter:site\" content=\"@LaGuiadPamplona\" \/>\n<meta name=\"twitter:label1\" content=\"Escrito por\" \/>\n\t<meta name=\"twitter:data1\" content=\"La Gu\u00eda de Pamplona\" \/>\n\t<meta name=\"twitter:label2\" content=\"Tiempo de lectura\" \/>\n\t<meta name=\"twitter:data2\" content=\"2 minutos\" \/>\n<script type=\"application\/ld+json\" class=\"yoast-schema-graph\">{\"@context\":\"https:\\\/\\\/schema.org\",\"@graph\":[{\"@type\":\"Article\",\"@id\":\"https:\\\/\\\/www.laguiadepamplona.com\\\/actualidad\\\/el-ayuntamiento-de-pamplona-manifiesta-su-apoyo-al-plan-especial-para-la-reconstruccion-de-la-palma-y-traslada-su-carino-a-quienes-han-perdido-sus-propiedades\\\/#article\",\"isPartOf\":{\"@id\":\"https:\\\/\\\/www.laguiadepamplona.com\\\/actualidad\\\/el-ayuntamiento-de-pamplona-manifiesta-su-apoyo-al-plan-especial-para-la-reconstruccion-de-la-palma-y-traslada-su-carino-a-quienes-han-perdido-sus-propiedades\\\/\"},\"author\":{\"name\":\"La Gu\u00eda de Pamplona\",\"@id\":\"https:\\\/\\\/www.laguiadepamplona.com\\\/actualidad\\\/#\\\/schema\\\/person\\\/efe887376f0213d4657c93adc50b1fdb\"},\"headline\":\"El Ayuntamiento de Pamplona manifiesta su apoyo al Plan Especial para la Reconstrucci\u00f3n de La Palma y traslada su cari\u00f1o a quienes han perdido sus propiedades\",\"datePublished\":\"2021-10-07T14:47:32+00:00\",\"dateModified\":\"2023-04-11T09:48:54+00:00\",\"mainEntityOfPage\":{\"@id\":\"https:\\\/\\\/www.laguiadepamplona.com\\\/actualidad\\\/el-ayuntamiento-de-pamplona-manifiesta-su-apoyo-al-plan-especial-para-la-reconstruccion-de-la-palma-y-traslada-su-carino-a-quienes-han-perdido-sus-propiedades\\\/\"},\"wordCount\":352,\"commentCount\":0,\"publisher\":{\"@id\":\"https:\\\/\\\/www.laguiadepamplona.com\\\/actualidad\\\/#organization\"},\"image\":{\"@id\":\"https:\\\/\\\/www.laguiadepamplona.com\\\/actualidad\\\/el-ayuntamiento-de-pamplona-manifiesta-su-apoyo-al-plan-especial-para-la-reconstruccion-de-la-palma-y-traslada-su-carino-a-quienes-han-perdido-sus-propiedades\\\/#primaryimage\"},\"thumbnailUrl\":\"https:\\\/\\\/www.laguiadepamplona.com\\\/actualidad\\\/wp-content\\\/uploads\\\/2021\\\/10\\\/la-palma-volcan.jpg\",\"articleSection\":[\"Ayto Pamplona\"],\"inLanguage\":\"es\",\"potentialAction\":[{\"@type\":\"CommentAction\",\"name\":\"Comment\",\"target\":[\"https:\\\/\\\/www.laguiadepamplona.com\\\/actualidad\\\/el-ayuntamiento-de-pamplona-manifiesta-su-apoyo-al-plan-especial-para-la-reconstruccion-de-la-palma-y-traslada-su-carino-a-quienes-han-perdido-sus-propiedades\\\/#respond\"]}]},{\"@type\":\"WebPage\",\"@id\":\"https:\\\/\\\/www.laguiadepamplona.com\\\/actualidad\\\/el-ayuntamiento-de-pamplona-manifiesta-su-apoyo-al-plan-especial-para-la-reconstruccion-de-la-palma-y-traslada-su-carino-a-quienes-han-perdido-sus-propiedades\\\/\",\"url\":\"https:\\\/\\\/www.laguiadepamplona.com\\\/actualidad\\\/el-ayuntamiento-de-pamplona-manifiesta-su-apoyo-al-plan-especial-para-la-reconstruccion-de-la-palma-y-traslada-su-carino-a-quienes-han-perdido-sus-propiedades\\\/\",\"name\":\"El Ayuntamiento de Pamplona manifiesta su apoyo al Plan Especial para la Reconstrucci\u00f3n de La Palma y traslada su cari\u00f1o a quienes han perdido sus propiedades\",\"isPartOf\":{\"@id\":\"https:\\\/\\\/www.laguiadepamplona.com\\\/actualidad\\\/#website\"},\"primaryImageOfPage\":{\"@id\":\"https:\\\/\\\/www.laguiadepamplona.com\\\/actualidad\\\/el-ayuntamiento-de-pamplona-manifiesta-su-apoyo-al-plan-especial-para-la-reconstruccion-de-la-palma-y-traslada-su-carino-a-quienes-han-perdido-sus-propiedades\\\/#primaryimage\"},\"image\":{\"@id\":\"https:\\\/\\\/www.laguiadepamplona.com\\\/actualidad\\\/el-ayuntamiento-de-pamplona-manifiesta-su-apoyo-al-plan-especial-para-la-reconstruccion-de-la-palma-y-traslada-su-carino-a-quienes-han-perdido-sus-propiedades\\\/#primaryimage\"},\"thumbnailUrl\":\"https:\\\/\\\/www.laguiadepamplona.com\\\/actualidad\\\/wp-content\\\/uploads\\\/2021\\\/10\\\/la-palma-volcan.jpg\",\"datePublished\":\"2021-10-07T14:47:32+00:00\",\"dateModified\":\"2023-04-11T09:48:54+00:00\",\"description\":\"El Pleno ha aprobado esta tarde la declaraci\u00f3n institucional \u2018Con La Palma. Seguiremos estando. Cerca. Siempre\u2019\",\"breadcrumb\":{\"@id\":\"https:\\\/\\\/www.laguiadepamplona.com\\\/actualidad\\\/el-ayuntamiento-de-pamplona-manifiesta-su-apoyo-al-plan-especial-para-la-reconstruccion-de-la-palma-y-traslada-su-carino-a-quienes-han-perdido-sus-propiedades\\\/#breadcrumb\"},\"inLanguage\":\"es\",\"potentialAction\":[{\"@type\":\"ReadAction\",\"target\":[\"https:\\\/\\\/www.laguiadepamplona.com\\\/actualidad\\\/el-ayuntamiento-de-pamplona-manifiesta-su-apoyo-al-plan-especial-para-la-reconstruccion-de-la-palma-y-traslada-su-carino-a-quienes-han-perdido-sus-propiedades\\\/\"]}]},{\"@type\":\"ImageObject\",\"inLanguage\":\"es\",\"@id\":\"https:\\\/\\\/www.laguiadepamplona.com\\\/actualidad\\\/el-ayuntamiento-de-pamplona-manifiesta-su-apoyo-al-plan-especial-para-la-reconstruccion-de-la-palma-y-traslada-su-carino-a-quienes-han-perdido-sus-propiedades\\\/#primaryimage\",\"url\":\"https:\\\/\\\/www.laguiadepamplona.com\\\/actualidad\\\/wp-content\\\/uploads\\\/2021\\\/10\\\/la-palma-volcan.jpg\",\"contentUrl\":\"https:\\\/\\\/www.laguiadepamplona.com\\\/actualidad\\\/wp-content\\\/uploads\\\/2021\\\/10\\\/la-palma-volcan.jpg\",\"width\":1200,\"height\":675},{\"@type\":\"BreadcrumbList\",\"@id\":\"https:\\\/\\\/www.laguiadepamplona.com\\\/actualidad\\\/el-ayuntamiento-de-pamplona-manifiesta-su-apoyo-al-plan-especial-para-la-reconstruccion-de-la-palma-y-traslada-su-carino-a-quienes-han-perdido-sus-propiedades\\\/#breadcrumb\",\"itemListElement\":[{\"@type\":\"ListItem\",\"position\":1,\"name\":\"Portada\",\"item\":\"https:\\\/\\\/www.laguiadepamplona.com\\\/actualidad\\\/\"},{\"@type\":\"ListItem\",\"position\":2,\"name\":\"El Ayuntamiento de Pamplona manifiesta su apoyo al Plan Especial para la Reconstrucci\u00f3n de La Palma y traslada su cari\u00f1o a quienes han perdido sus propiedades\"}]},{\"@type\":\"WebSite\",\"@id\":\"https:\\\/\\\/www.laguiadepamplona.com\\\/actualidad\\\/#website\",\"url\":\"https:\\\/\\\/www.laguiadepamplona.com\\\/actualidad\\\/\",\"name\":\"La gu\u00eda de Pamplona\",\"description\":\"Noticias de Pamplona\",\"publisher\":{\"@id\":\"https:\\\/\\\/www.laguiadepamplona.com\\\/actualidad\\\/#organization\"},\"potentialAction\":[{\"@type\":\"SearchAction\",\"target\":{\"@type\":\"EntryPoint\",\"urlTemplate\":\"https:\\\/\\\/www.laguiadepamplona.com\\\/actualidad\\\/?s={search_term_string}\"},\"query-input\":{\"@type\":\"PropertyValueSpecification\",\"valueRequired\":true,\"valueName\":\"search_term_string\"}}],\"inLanguage\":\"es\"},{\"@type\":\"Organization\",\"@id\":\"https:\\\/\\\/www.laguiadepamplona.com\\\/actualidad\\\/#organization\",\"name\":\"La Gu\u00eda de Pamplona \\\/ Noticias\",\"url\":\"https:\\\/\\\/www.laguiadepamplona.com\\\/actualidad\\\/\",\"logo\":{\"@type\":\"ImageObject\",\"inLanguage\":\"es\",\"@id\":\"https:\\\/\\\/www.laguiadepamplona.com\\\/actualidad\\\/#\\\/schema\\\/logo\\\/image\\\/\",\"url\":\"https:\\\/\\\/www.laguiadepamplona.com\\\/actualidad\\\/wp-content\\\/uploads\\\/2018\\\/11\\\/logo-laguiadepamplona18-web1.png\",\"contentUrl\":\"https:\\\/\\\/www.laguiadepamplona.com\\\/actualidad\\\/wp-content\\\/uploads\\\/2018\\\/11\\\/logo-laguiadepamplona18-web1.png\",\"width\":600,\"height\":196,\"caption\":\"La Gu\u00eda de Pamplona \\\/ Noticias\"},\"image\":{\"@id\":\"https:\\\/\\\/www.laguiadepamplona.com\\\/actualidad\\\/#\\\/schema\\\/logo\\\/image\\\/\"},\"sameAs\":[\"https:\\\/\\\/www.facebook.com\\\/laguiadepamplonacom-133175176762273\\\/?ref=hl\",\"https:\\\/\\\/x.com\\\/LaGuiadPamplona\",\"https:\\\/\\\/www.instagram.com\\\/la_guia_de_pamplona\\\/\",\"https:\\\/\\\/www.youtube.com\\\/user\\\/laguiadepamplona\"]},{\"@type\":\"Person\",\"@id\":\"https:\\\/\\\/www.laguiadepamplona.com\\\/actualidad\\\/#\\\/schema\\\/person\\\/efe887376f0213d4657c93adc50b1fdb\",\"name\":\"La Gu\u00eda de Pamplona\",\"image\":{\"@type\":\"ImageObject\",\"inLanguage\":\"es\",\"@id\":\"https:\\\/\\\/secure.gravatar.com\\\/avatar\\\/b6992f131dc8d30ab0dff15446e9d346d9dbd95992de0fef795073f5ea83a81c?s=96&d=mm&r=g\",\"url\":\"https:\\\/\\\/secure.gravatar.com\\\/avatar\\\/b6992f131dc8d30ab0dff15446e9d346d9dbd95992de0fef795073f5ea83a81c?s=96&d=mm&r=g\",\"contentUrl\":\"https:\\\/\\\/secure.gravatar.com\\\/avatar\\\/b6992f131dc8d30ab0dff15446e9d346d9dbd95992de0fef795073f5ea83a81c?s=96&d=mm&r=g\",\"caption\":\"La Gu\u00eda de Pamplona\"}}]}<\/script>\n<!-- \/ Yoast SEO plugin. -->","yoast_head_json":{"title":"El Ayuntamiento de Pamplona manifiesta su apoyo al Plan Especial para la Reconstrucci\u00f3n de La Palma y traslada su cari\u00f1o a quienes han perdido sus propiedades","description":"El Pleno ha aprobado esta tarde la declaraci\u00f3n institucional \u2018Con La Palma. Seguiremos estando. Cerca. Siempre\u2019","robots":{"index":"index","follow":"follow","max-snippet":"max-snippet:-1","max-image-preview":"max-image-preview:large","max-video-preview":"max-video-preview:-1"},"canonical":"https:\/\/www.laguiadepamplona.com\/actualidad\/el-ayuntamiento-de-pamplona-manifiesta-su-apoyo-al-plan-especial-para-la-reconstruccion-de-la-palma-y-traslada-su-carino-a-quienes-han-perdido-sus-propiedades\/","og_locale":"es_ES","og_type":"article","og_title":"El Ayuntamiento de Pamplona manifiesta su apoyo al Plan Especial para la Reconstrucci\u00f3n de La Palma y traslada su cari\u00f1o a quienes han perdido sus propiedades","og_description":"El Pleno ha aprobado esta tarde la declaraci\u00f3n institucional \u2018Con La Palma. Seguiremos estando. Cerca. Siempre\u2019","og_url":"https:\/\/www.laguiadepamplona.com\/actualidad\/el-ayuntamiento-de-pamplona-manifiesta-su-apoyo-al-plan-especial-para-la-reconstruccion-de-la-palma-y-traslada-su-carino-a-quienes-han-perdido-sus-propiedades\/","og_site_name":"La Gu\u00eda de Pamplona","article_publisher":"https:\/\/www.facebook.com\/laguiadepamplonacom-133175176762273\/?ref=hl","article_published_time":"2021-10-07T14:47:32+00:00","article_modified_time":"2023-04-11T09:48:54+00:00","og_image":[{"width":1200,"height":675,"url":"https:\/\/www.laguiadepamplona.com\/actualidad\/wp-content\/uploads\/2021\/10\/la-palma-volcan.jpg","type":"image\/jpeg"}],"author":"La Gu\u00eda de Pamplona","twitter_card":"summary_large_image","twitter_creator":"@LaGuiadPamplona","twitter_site":"@LaGuiadPamplona","twitter_misc":{"Escrito por":"La Gu\u00eda de Pamplona","Tiempo de lectura":"2 minutos"},"schema":{"@context":"https:\/\/schema.org","@graph":[{"@type":"Article","@id":"https:\/\/www.laguiadepamplona.com\/actualidad\/el-ayuntamiento-de-pamplona-manifiesta-su-apoyo-al-plan-especial-para-la-reconstruccion-de-la-palma-y-traslada-su-carino-a-quienes-han-perdido-sus-propiedades\/#article","isPartOf":{"@id":"https:\/\/www.laguiadepamplona.com\/actualidad\/el-ayuntamiento-de-pamplona-manifiesta-su-apoyo-al-plan-especial-para-la-reconstruccion-de-la-palma-y-traslada-su-carino-a-quienes-han-perdido-sus-propiedades\/"},"author":{"name":"La Gu\u00eda de Pamplona","@id":"https:\/\/www.laguiadepamplona.com\/actualidad\/#\/schema\/person\/efe887376f0213d4657c93adc50b1fdb"},"headline":"El Ayuntamiento de Pamplona manifiesta su apoyo al Plan Especial para la Reconstrucci\u00f3n de La Palma y traslada su cari\u00f1o a quienes han perdido sus propiedades","datePublished":"2021-10-07T14:47:32+00:00","dateModified":"2023-04-11T09:48:54+00:00","mainEntityOfPage":{"@id":"https:\/\/www.laguiadepamplona.com\/actualidad\/el-ayuntamiento-de-pamplona-manifiesta-su-apoyo-al-plan-especial-para-la-reconstruccion-de-la-palma-y-traslada-su-carino-a-quienes-han-perdido-sus-propiedades\/"},"wordCount":352,"commentCount":0,"publisher":{"@id":"https:\/\/www.laguiadepamplona.com\/actualidad\/#organization"},"image":{"@id":"https:\/\/www.laguiadepamplona.com\/actualidad\/el-ayuntamiento-de-pamplona-manifiesta-su-apoyo-al-plan-especial-para-la-reconstruccion-de-la-palma-y-traslada-su-carino-a-quienes-han-perdido-sus-propiedades\/#primaryimage"},"thumbnailUrl":"https:\/\/www.laguiadepamplona.com\/actualidad\/wp-content\/uploads\/2021\/10\/la-palma-volcan.jpg","articleSection":["Ayto Pamplona"],"inLanguage":"es","potentialAction":[{"@type":"CommentAction","name":"Comment","target":["https:\/\/www.laguiadepamplona.com\/actualidad\/el-ayuntamiento-de-pamplona-manifiesta-su-apoyo-al-plan-especial-para-la-reconstruccion-de-la-palma-y-traslada-su-carino-a-quienes-han-perdido-sus-propiedades\/#respond"]}]},{"@type":"WebPage","@id":"https:\/\/www.laguiadepamplona.com\/actualidad\/el-ayuntamiento-de-pamplona-manifiesta-su-apoyo-al-plan-especial-para-la-reconstruccion-de-la-palma-y-traslada-su-carino-a-quienes-han-perdido-sus-propiedades\/","url":"https:\/\/www.laguiadepamplona.com\/actualidad\/el-ayuntamiento-de-pamplona-manifiesta-su-apoyo-al-plan-especial-para-la-reconstruccion-de-la-palma-y-traslada-su-carino-a-quienes-han-perdido-sus-propiedades\/","name":"El Ayuntamiento de Pamplona manifiesta su apoyo al Plan Especial para la Reconstrucci\u00f3n de La Palma y traslada su cari\u00f1o a quienes han perdido sus propiedades","isPartOf":{"@id":"https:\/\/www.laguiadepamplona.com\/actualidad\/#website"},"primaryImageOfPage":{"@id":"https:\/\/www.laguiadepamplona.com\/actualidad\/el-ayuntamiento-de-pamplona-manifiesta-su-apoyo-al-plan-especial-para-la-reconstruccion-de-la-palma-y-traslada-su-carino-a-quienes-han-perdido-sus-propiedades\/#primaryimage"},"image":{"@id":"https:\/\/www.laguiadepamplona.com\/actualidad\/el-ayuntamiento-de-pamplona-manifiesta-su-apoyo-al-plan-especial-para-la-reconstruccion-de-la-palma-y-traslada-su-carino-a-quienes-han-perdido-sus-propiedades\/#primaryimage"},"thumbnailUrl":"https:\/\/www.laguiadepamplona.com\/actualidad\/wp-content\/uploads\/2021\/10\/la-palma-volcan.jpg","datePublished":"2021-10-07T14:47:32+00:00","dateModified":"2023-04-11T09:48:54+00:00","description":"El Pleno ha aprobado esta tarde la declaraci\u00f3n institucional \u2018Con La Palma. Seguiremos estando. Cerca. Siempre\u2019","breadcrumb":{"@id":"https:\/\/www.laguiadepamplona.com\/actualidad\/el-ayuntamiento-de-pamplona-manifiesta-su-apoyo-al-plan-especial-para-la-reconstruccion-de-la-palma-y-traslada-su-carino-a-quienes-han-perdido-sus-propiedades\/#breadcrumb"},"inLanguage":"es","potentialAction":[{"@type":"ReadAction","target":["https:\/\/www.laguiadepamplona.com\/actualidad\/el-ayuntamiento-de-pamplona-manifiesta-su-apoyo-al-plan-especial-para-la-reconstruccion-de-la-palma-y-traslada-su-carino-a-quienes-han-perdido-sus-propiedades\/"]}]},{"@type":"ImageObject","inLanguage":"es","@id":"https:\/\/www.laguiadepamplona.com\/actualidad\/el-ayuntamiento-de-pamplona-manifiesta-su-apoyo-al-plan-especial-para-la-reconstruccion-de-la-palma-y-traslada-su-carino-a-quienes-han-perdido-sus-propiedades\/#primaryimage","url":"https:\/\/www.laguiadepamplona.com\/actualidad\/wp-content\/uploads\/2021\/10\/la-palma-volcan.jpg","contentUrl":"https:\/\/www.laguiadepamplona.com\/actualidad\/wp-content\/uploads\/2021\/10\/la-palma-volcan.jpg","width":1200,"height":675},{"@type":"BreadcrumbList","@id":"https:\/\/www.laguiadepamplona.com\/actualidad\/el-ayuntamiento-de-pamplona-manifiesta-su-apoyo-al-plan-especial-para-la-reconstruccion-de-la-palma-y-traslada-su-carino-a-quienes-han-perdido-sus-propiedades\/#breadcrumb","itemListElement":[{"@type":"ListItem","position":1,"name":"Portada","item":"https:\/\/www.laguiadepamplona.com\/actualidad\/"},{"@type":"ListItem","position":2,"name":"El Ayuntamiento de Pamplona manifiesta su apoyo al Plan Especial para la Reconstrucci\u00f3n de La Palma y traslada su cari\u00f1o a quienes han perdido sus propiedades"}]},{"@type":"WebSite","@id":"https:\/\/www.laguiadepamplona.com\/actualidad\/#website","url":"https:\/\/www.laguiadepamplona.com\/actualidad\/","name":"La gu\u00eda de Pamplona","description":"Noticias de Pamplona","publisher":{"@id":"https:\/\/www.laguiadepamplona.com\/actualidad\/#organization"},"potentialAction":[{"@type":"SearchAction","target":{"@type":"EntryPoint","urlTemplate":"https:\/\/www.laguiadepamplona.com\/actualidad\/?s={search_term_string}"},"query-input":{"@type":"PropertyValueSpecification","valueRequired":true,"valueName":"search_term_string"}}],"inLanguage":"es"},{"@type":"Organization","@id":"https:\/\/www.laguiadepamplona.com\/actualidad\/#organization","name":"La Gu\u00eda de Pamplona \/ Noticias","url":"https:\/\/www.laguiadepamplona.com\/actualidad\/","logo":{"@type":"ImageObject","inLanguage":"es","@id":"https:\/\/www.laguiadepamplona.com\/actualidad\/#\/schema\/logo\/image\/","url":"https:\/\/www.laguiadepamplona.com\/actualidad\/wp-content\/uploads\/2018\/11\/logo-laguiadepamplona18-web1.png","contentUrl":"https:\/\/www.laguiadepamplona.com\/actualidad\/wp-content\/uploads\/2018\/11\/logo-laguiadepamplona18-web1.png","width":600,"height":196,"caption":"La Gu\u00eda de Pamplona \/ Noticias"},"image":{"@id":"https:\/\/www.laguiadepamplona.com\/actualidad\/#\/schema\/logo\/image\/"},"sameAs":["https:\/\/www.facebook.com\/laguiadepamplonacom-133175176762273\/?ref=hl","https:\/\/x.com\/LaGuiadPamplona","https:\/\/www.instagram.com\/la_guia_de_pamplona\/","https:\/\/www.youtube.com\/user\/laguiadepamplona"]},{"@type":"Person","@id":"https:\/\/www.laguiadepamplona.com\/actualidad\/#\/schema\/person\/efe887376f0213d4657c93adc50b1fdb","name":"La Gu\u00eda de Pamplona","image":{"@type":"ImageObject","inLanguage":"es","@id":"https:\/\/secure.gravatar.com\/avatar\/b6992f131dc8d30ab0dff15446e9d346d9dbd95992de0fef795073f5ea83a81c?s=96&d=mm&r=g","url":"https:\/\/secure.gravatar.com\/avatar\/b6992f131dc8d30ab0dff15446e9d346d9dbd95992de0fef795073f5ea83a81c?s=96&d=mm&r=g","contentUrl":"https:\/\/secure.gravatar.com\/avatar\/b6992f131dc8d30ab0dff15446e9d346d9dbd95992de0fef795073f5ea83a81c?s=96&d=mm&r=g","caption":"La Gu\u00eda de Pamplona"}}]}},"post_mailing_queue_ids":[],"_links":{"self":[{"href":"https:\/\/www.laguiadepamplona.com\/actualidad\/wp-json\/wp\/v2\/posts\/36898","targetHints":{"allow":["GET"]}}],"collection":[{"href":"https:\/\/www.laguiadepamplona.com\/actualidad\/wp-json\/wp\/v2\/posts"}],"about":[{"href":"https:\/\/www.laguiadepamplona.com\/actualidad\/wp-json\/wp\/v2\/types\/post"}],"author":[{"embeddable":true,"href":"https:\/\/www.laguiadepamplona.com\/actualidad\/wp-json\/wp\/v2\/users\/1"}],"replies":[{"embeddable":true,"href":"https:\/\/www.laguiadepamplona.com\/actualidad\/wp-json\/wp\/v2\/comments?post=36898"}],"version-history":[{"count":0,"href":"https:\/\/www.laguiadepamplona.com\/actualidad\/wp-json\/wp\/v2\/posts\/36898\/revisions"}],"wp:featuredmedia":[{"embeddable":true,"href":"https:\/\/www.laguiadepamplona.com\/actualidad\/wp-json\/wp\/v2\/media\/36899"}],"wp:attachment":[{"href":"https:\/\/www.laguiadepamplona.com\/actualidad\/wp-json\/wp\/v2\/media?parent=36898"}],"wp:term":[{"taxonomy":"category","embeddable":true,"href":"https:\/\/www.laguiadepamplona.com\/actualidad\/wp-json\/wp\/v2\/categories?post=36898"},{"taxonomy":"post_tag","embeddable":true,"href":"https:\/\/www.laguiadepamplona.com\/actualidad\/wp-json\/wp\/v2\/tags?post=36898"}],"curies":[{"name":"wp","href":"https:\/\/api.w.org\/{rel}","templated":true}]}}