{"id":36880,"date":"2021-10-07T16:26:28","date_gmt":"2021-10-07T14:26:28","guid":{"rendered":"https:\/\/www.laguiadepamplona.com\/actualidad\/?p=36880"},"modified":"2023-04-11T11:48:54","modified_gmt":"2023-04-11T09:48:54","slug":"pamplona-explica-sus-politicas-de-sostenibilidad-a-representantes-del-proyecto-europeo-demecol-en-el-que-participan-cinco-centros-escolares-de-cinco-paises","status":"publish","type":"post","link":"https:\/\/www.laguiadepamplona.com\/actualidad\/pamplona-explica-sus-politicas-de-sostenibilidad-a-representantes-del-proyecto-europeo-demecol-en-el-que-participan-cinco-centros-escolares-de-cinco-paises\/","title":{"rendered":"Pamplona explica sus pol\u00edticas de sostenibilidad a representantes del proyecto europeo Demecol+, en el que participan cinco centros escolares de cinco pa\u00edses"},"content":{"rendered":"<p><!--more--><\/p>\n<p>La fotolinera de la estaci\u00f3n de autobuses y las acciones que el Ayuntamiento de Pamplona ha llevado a cabo en materia de sostenibilidad han sido los ejes de la jornada de trabajo desarrollada ayer por la tarde con representantes del proyecto europeo Demecol+, en torno a la ecolog\u00eda y la democracia. Se trata de un proyecto financiado por los fondos europeos Erasmus+ en el que participan cinco colegios de cinco pa\u00edses (Alemania, Francia, Austria, Hungr\u00eda y Espa\u00f1a), concretamente en Pamplona, el Colegio San Cernin.<\/p>\n<p><script async src=\"\/\/pagead2.googlesyndication.com\/pagead\/js\/adsbygoogle.js\"><\/script><br \/>\n<!-- Noticias La Guia de Pamplona --><br \/>\n<ins class=\"adsbygoogle\"\nstyle=\"display:block\"\ndata-ad-client=\"ca-pub-6943679897239327\"\ndata-ad-slot=\"7048180777\"\ndata-ad-format=\"auto\"><\/ins><br \/>\n<script>\n(adsbygoogle = window.adsbygoogle || []).push({});\n<\/script><\/p>\n<p>La jornada de trabajo consisti\u00f3 en una exposici\u00f3n en el \u00e1rea de Proyectos Estrat\u00e9gico, Movilidad y Sostenibilidad en la que el director de Proyectos y Obras, Movilidad y Sostenibilidad, Alejandro Astibia, y el responsable de la Agencia Energ\u00e9tica Municipal, Javier Zardoya, dieron a conocer las l\u00edneas estrat\u00e9gicas del Ayuntamiento de Pamplona en materia de energ\u00edas renovables e instalaciones fotovoltaicas de autoconsumo. Despu\u00e9s, realizaron una visita a la fotolinera, ubicada en la estaci\u00f3n de autobuses, que cuenta con una instalaci\u00f3n fotovoltaica con 270 paneles en una superficie de 500 metros cuadrados, que suministra energ\u00eda al edificio y al poste de recarga r\u00e1pida para coches el\u00e9ctricos. Por \u00faltimo, visitaron tambi\u00e9n la Ciudadela y el entorno recinto amurallado como ejemplos de cuidado del patrimonio y de los espacios verdes de la ciudad.<\/p>\n<p>El proyecto lleva el t\u00edtulo de \u2018La participaci\u00f3n democr\u00e1tica y la ecolog\u00eda: un proyecto para desarrollar conciencia europea y comportamientos democr\u00e1ticos en un entorno sostenible\u2019. En la visita ha participado profesorado de Alemania, Austria y Francia, adem\u00e1s del Colegio San Cernin. Con esta visita a Pamplona se ha retomado este proyecto, paralizado por la pandemia de la COVID-19, en la que se combinan experiencias propias de cada centro escolar, como el proyecto de San Cernin para reducir el desperdicio de comida en el colegio, con el conocimiento de las pol\u00edticas de sostenibilidad de las entidades locales.<\/p>\n","protected":false},"excerpt":{"rendered":"","protected":false},"author":1,"featured_media":36881,"comment_status":"open","ping_status":"closed","sticky":false,"template":"","format":"standard","meta":{"footnotes":""},"categories":[2],"tags":[],"class_list":["post-36880","post","type-post","status-publish","format-standard","has-post-thumbnail","hentry","category-ayuntamiento-pamplona"],"yoast_head":"<!-- This site is optimized with the Yoast SEO plugin v27.5 - https:\/\/yoast.com\/product\/yoast-seo-wordpress\/ -->\n<title>Pamplona explica sus pol\u00edticas de sostenibilidad a representantes del proyecto europeo Demecol+, en el que participan cinco centros escolares de cinco pa\u00edses<\/title>\n<meta name=\"description\" content=\"La fotolinera de la estaci\u00f3n de autobuses y las acciones que el Ayto ha llevado a cabo en materia de sostenibilidad han sido los ejes de la jornada de trabajo\" \/>\n<meta name=\"robots\" content=\"index, follow, max-snippet:-1, max-image-preview:large, max-video-preview:-1\" \/>\n<link rel=\"canonical\" href=\"https:\/\/www.laguiadepamplona.com\/actualidad\/pamplona-explica-sus-politicas-de-sostenibilidad-a-representantes-del-proyecto-europeo-demecol-en-el-que-participan-cinco-centros-escolares-de-cinco-paises\/\" \/>\n<meta property=\"og:locale\" content=\"es_ES\" \/>\n<meta property=\"og:type\" content=\"article\" \/>\n<meta property=\"og:title\" content=\"Pamplona explica sus pol\u00edticas de sostenibilidad a representantes del proyecto europeo Demecol+, en el que participan cinco centros escolares de cinco pa\u00edses\" \/>\n<meta property=\"og:description\" content=\"La fotolinera de la estaci\u00f3n de autobuses y las acciones que el Ayto ha llevado a cabo en materia de sostenibilidad han sido los ejes de la jornada de trabajo\" \/>\n<meta property=\"og:url\" content=\"https:\/\/www.laguiadepamplona.com\/actualidad\/pamplona-explica-sus-politicas-de-sostenibilidad-a-representantes-del-proyecto-europeo-demecol-en-el-que-participan-cinco-centros-escolares-de-cinco-paises\/\" \/>\n<meta property=\"og:site_name\" content=\"La Gu\u00eda de Pamplona\" \/>\n<meta property=\"article:publisher\" content=\"https:\/\/www.facebook.com\/laguiadepamplonacom-133175176762273\/?ref=hl\" \/>\n<meta property=\"article:published_time\" content=\"2021-10-07T14:26:28+00:00\" \/>\n<meta property=\"article:modified_time\" content=\"2023-04-11T09:48:54+00:00\" \/>\n<meta property=\"og:image\" content=\"https:\/\/www.laguiadepamplona.com\/actualidad\/wp-content\/uploads\/2021\/10\/renovablesjmg8333.jpg\" \/>\n\t<meta property=\"og:image:width\" content=\"1920\" \/>\n\t<meta property=\"og:image:height\" content=\"1280\" \/>\n\t<meta property=\"og:image:type\" content=\"image\/jpeg\" \/>\n<meta name=\"author\" content=\"La Gu\u00eda de Pamplona\" \/>\n<meta name=\"twitter:card\" content=\"summary_large_image\" \/>\n<meta name=\"twitter:creator\" content=\"@LaGuiadPamplona\" \/>\n<meta name=\"twitter:site\" content=\"@LaGuiadPamplona\" \/>\n<meta name=\"twitter:label1\" content=\"Escrito por\" \/>\n\t<meta name=\"twitter:data1\" content=\"La Gu\u00eda de Pamplona\" \/>\n\t<meta name=\"twitter:label2\" content=\"Tiempo de lectura\" \/>\n\t<meta name=\"twitter:data2\" content=\"2 minutos\" \/>\n<script type=\"application\/ld+json\" class=\"yoast-schema-graph\">{\"@context\":\"https:\\\/\\\/schema.org\",\"@graph\":[{\"@type\":\"Article\",\"@id\":\"https:\\\/\\\/www.laguiadepamplona.com\\\/actualidad\\\/pamplona-explica-sus-politicas-de-sostenibilidad-a-representantes-del-proyecto-europeo-demecol-en-el-que-participan-cinco-centros-escolares-de-cinco-paises\\\/#article\",\"isPartOf\":{\"@id\":\"https:\\\/\\\/www.laguiadepamplona.com\\\/actualidad\\\/pamplona-explica-sus-politicas-de-sostenibilidad-a-representantes-del-proyecto-europeo-demecol-en-el-que-participan-cinco-centros-escolares-de-cinco-paises\\\/\"},\"author\":{\"name\":\"La Gu\u00eda de Pamplona\",\"@id\":\"https:\\\/\\\/www.laguiadepamplona.com\\\/actualidad\\\/#\\\/schema\\\/person\\\/efe887376f0213d4657c93adc50b1fdb\"},\"headline\":\"Pamplona explica sus pol\u00edticas de sostenibilidad a representantes del proyecto europeo Demecol+, en el que participan cinco centros escolares de cinco pa\u00edses\",\"datePublished\":\"2021-10-07T14:26:28+00:00\",\"dateModified\":\"2023-04-11T09:48:54+00:00\",\"mainEntityOfPage\":{\"@id\":\"https:\\\/\\\/www.laguiadepamplona.com\\\/actualidad\\\/pamplona-explica-sus-politicas-de-sostenibilidad-a-representantes-del-proyecto-europeo-demecol-en-el-que-participan-cinco-centros-escolares-de-cinco-paises\\\/\"},\"wordCount\":356,\"commentCount\":0,\"publisher\":{\"@id\":\"https:\\\/\\\/www.laguiadepamplona.com\\\/actualidad\\\/#organization\"},\"image\":{\"@id\":\"https:\\\/\\\/www.laguiadepamplona.com\\\/actualidad\\\/pamplona-explica-sus-politicas-de-sostenibilidad-a-representantes-del-proyecto-europeo-demecol-en-el-que-participan-cinco-centros-escolares-de-cinco-paises\\\/#primaryimage\"},\"thumbnailUrl\":\"https:\\\/\\\/www.laguiadepamplona.com\\\/actualidad\\\/wp-content\\\/uploads\\\/2021\\\/10\\\/renovablesjmg8333.jpg\",\"articleSection\":[\"Ayto Pamplona\"],\"inLanguage\":\"es\",\"potentialAction\":[{\"@type\":\"CommentAction\",\"name\":\"Comment\",\"target\":[\"https:\\\/\\\/www.laguiadepamplona.com\\\/actualidad\\\/pamplona-explica-sus-politicas-de-sostenibilidad-a-representantes-del-proyecto-europeo-demecol-en-el-que-participan-cinco-centros-escolares-de-cinco-paises\\\/#respond\"]}]},{\"@type\":\"WebPage\",\"@id\":\"https:\\\/\\\/www.laguiadepamplona.com\\\/actualidad\\\/pamplona-explica-sus-politicas-de-sostenibilidad-a-representantes-del-proyecto-europeo-demecol-en-el-que-participan-cinco-centros-escolares-de-cinco-paises\\\/\",\"url\":\"https:\\\/\\\/www.laguiadepamplona.com\\\/actualidad\\\/pamplona-explica-sus-politicas-de-sostenibilidad-a-representantes-del-proyecto-europeo-demecol-en-el-que-participan-cinco-centros-escolares-de-cinco-paises\\\/\",\"name\":\"Pamplona explica sus pol\u00edticas de sostenibilidad a representantes del proyecto europeo Demecol+, en el que participan cinco centros escolares de cinco pa\u00edses\",\"isPartOf\":{\"@id\":\"https:\\\/\\\/www.laguiadepamplona.com\\\/actualidad\\\/#website\"},\"primaryImageOfPage\":{\"@id\":\"https:\\\/\\\/www.laguiadepamplona.com\\\/actualidad\\\/pamplona-explica-sus-politicas-de-sostenibilidad-a-representantes-del-proyecto-europeo-demecol-en-el-que-participan-cinco-centros-escolares-de-cinco-paises\\\/#primaryimage\"},\"image\":{\"@id\":\"https:\\\/\\\/www.laguiadepamplona.com\\\/actualidad\\\/pamplona-explica-sus-politicas-de-sostenibilidad-a-representantes-del-proyecto-europeo-demecol-en-el-que-participan-cinco-centros-escolares-de-cinco-paises\\\/#primaryimage\"},\"thumbnailUrl\":\"https:\\\/\\\/www.laguiadepamplona.com\\\/actualidad\\\/wp-content\\\/uploads\\\/2021\\\/10\\\/renovablesjmg8333.jpg\",\"datePublished\":\"2021-10-07T14:26:28+00:00\",\"dateModified\":\"2023-04-11T09:48:54+00:00\",\"description\":\"La fotolinera de la estaci\u00f3n de autobuses y las acciones que el Ayto ha llevado a cabo en materia de sostenibilidad han sido los ejes de la jornada de trabajo\",\"breadcrumb\":{\"@id\":\"https:\\\/\\\/www.laguiadepamplona.com\\\/actualidad\\\/pamplona-explica-sus-politicas-de-sostenibilidad-a-representantes-del-proyecto-europeo-demecol-en-el-que-participan-cinco-centros-escolares-de-cinco-paises\\\/#breadcrumb\"},\"inLanguage\":\"es\",\"potentialAction\":[{\"@type\":\"ReadAction\",\"target\":[\"https:\\\/\\\/www.laguiadepamplona.com\\\/actualidad\\\/pamplona-explica-sus-politicas-de-sostenibilidad-a-representantes-del-proyecto-europeo-demecol-en-el-que-participan-cinco-centros-escolares-de-cinco-paises\\\/\"]}]},{\"@type\":\"ImageObject\",\"inLanguage\":\"es\",\"@id\":\"https:\\\/\\\/www.laguiadepamplona.com\\\/actualidad\\\/pamplona-explica-sus-politicas-de-sostenibilidad-a-representantes-del-proyecto-europeo-demecol-en-el-que-participan-cinco-centros-escolares-de-cinco-paises\\\/#primaryimage\",\"url\":\"https:\\\/\\\/www.laguiadepamplona.com\\\/actualidad\\\/wp-content\\\/uploads\\\/2021\\\/10\\\/renovablesjmg8333.jpg\",\"contentUrl\":\"https:\\\/\\\/www.laguiadepamplona.com\\\/actualidad\\\/wp-content\\\/uploads\\\/2021\\\/10\\\/renovablesjmg8333.jpg\",\"width\":1920,\"height\":1280,\"caption\":\"A* Jes\u00fas Garzaron F* 2021_10_06 T* Energ\u00edas renovables. Visita L* Estaci\u00f3n autobuses\"},{\"@type\":\"BreadcrumbList\",\"@id\":\"https:\\\/\\\/www.laguiadepamplona.com\\\/actualidad\\\/pamplona-explica-sus-politicas-de-sostenibilidad-a-representantes-del-proyecto-europeo-demecol-en-el-que-participan-cinco-centros-escolares-de-cinco-paises\\\/#breadcrumb\",\"itemListElement\":[{\"@type\":\"ListItem\",\"position\":1,\"name\":\"Portada\",\"item\":\"https:\\\/\\\/www.laguiadepamplona.com\\\/actualidad\\\/\"},{\"@type\":\"ListItem\",\"position\":2,\"name\":\"Pamplona explica sus pol\u00edticas de sostenibilidad a representantes del proyecto europeo Demecol+, en el que participan cinco centros escolares de cinco pa\u00edses\"}]},{\"@type\":\"WebSite\",\"@id\":\"https:\\\/\\\/www.laguiadepamplona.com\\\/actualidad\\\/#website\",\"url\":\"https:\\\/\\\/www.laguiadepamplona.com\\\/actualidad\\\/\",\"name\":\"La gu\u00eda de Pamplona\",\"description\":\"Noticias de Pamplona\",\"publisher\":{\"@id\":\"https:\\\/\\\/www.laguiadepamplona.com\\\/actualidad\\\/#organization\"},\"potentialAction\":[{\"@type\":\"SearchAction\",\"target\":{\"@type\":\"EntryPoint\",\"urlTemplate\":\"https:\\\/\\\/www.laguiadepamplona.com\\\/actualidad\\\/?s={search_term_string}\"},\"query-input\":{\"@type\":\"PropertyValueSpecification\",\"valueRequired\":true,\"valueName\":\"search_term_string\"}}],\"inLanguage\":\"es\"},{\"@type\":\"Organization\",\"@id\":\"https:\\\/\\\/www.laguiadepamplona.com\\\/actualidad\\\/#organization\",\"name\":\"La Gu\u00eda de Pamplona \\\/ Noticias\",\"url\":\"https:\\\/\\\/www.laguiadepamplona.com\\\/actualidad\\\/\",\"logo\":{\"@type\":\"ImageObject\",\"inLanguage\":\"es\",\"@id\":\"https:\\\/\\\/www.laguiadepamplona.com\\\/actualidad\\\/#\\\/schema\\\/logo\\\/image\\\/\",\"url\":\"https:\\\/\\\/www.laguiadepamplona.com\\\/actualidad\\\/wp-content\\\/uploads\\\/2018\\\/11\\\/logo-laguiadepamplona18-web1.png\",\"contentUrl\":\"https:\\\/\\\/www.laguiadepamplona.com\\\/actualidad\\\/wp-content\\\/uploads\\\/2018\\\/11\\\/logo-laguiadepamplona18-web1.png\",\"width\":600,\"height\":196,\"caption\":\"La Gu\u00eda de Pamplona \\\/ Noticias\"},\"image\":{\"@id\":\"https:\\\/\\\/www.laguiadepamplona.com\\\/actualidad\\\/#\\\/schema\\\/logo\\\/image\\\/\"},\"sameAs\":[\"https:\\\/\\\/www.facebook.com\\\/laguiadepamplonacom-133175176762273\\\/?ref=hl\",\"https:\\\/\\\/x.com\\\/LaGuiadPamplona\",\"https:\\\/\\\/www.instagram.com\\\/la_guia_de_pamplona\\\/\",\"https:\\\/\\\/www.youtube.com\\\/user\\\/laguiadepamplona\"]},{\"@type\":\"Person\",\"@id\":\"https:\\\/\\\/www.laguiadepamplona.com\\\/actualidad\\\/#\\\/schema\\\/person\\\/efe887376f0213d4657c93adc50b1fdb\",\"name\":\"La Gu\u00eda de Pamplona\",\"image\":{\"@type\":\"ImageObject\",\"inLanguage\":\"es\",\"@id\":\"https:\\\/\\\/secure.gravatar.com\\\/avatar\\\/b6992f131dc8d30ab0dff15446e9d346d9dbd95992de0fef795073f5ea83a81c?s=96&d=mm&r=g\",\"url\":\"https:\\\/\\\/secure.gravatar.com\\\/avatar\\\/b6992f131dc8d30ab0dff15446e9d346d9dbd95992de0fef795073f5ea83a81c?s=96&d=mm&r=g\",\"contentUrl\":\"https:\\\/\\\/secure.gravatar.com\\\/avatar\\\/b6992f131dc8d30ab0dff15446e9d346d9dbd95992de0fef795073f5ea83a81c?s=96&d=mm&r=g\",\"caption\":\"La Gu\u00eda de Pamplona\"}}]}<\/script>\n<!-- \/ Yoast SEO plugin. -->","yoast_head_json":{"title":"Pamplona explica sus pol\u00edticas de sostenibilidad a representantes del proyecto europeo Demecol+, en el que participan cinco centros escolares de cinco pa\u00edses","description":"La fotolinera de la estaci\u00f3n de autobuses y las acciones que el Ayto ha llevado a cabo en materia de sostenibilidad han sido los ejes de la jornada de trabajo","robots":{"index":"index","follow":"follow","max-snippet":"max-snippet:-1","max-image-preview":"max-image-preview:large","max-video-preview":"max-video-preview:-1"},"canonical":"https:\/\/www.laguiadepamplona.com\/actualidad\/pamplona-explica-sus-politicas-de-sostenibilidad-a-representantes-del-proyecto-europeo-demecol-en-el-que-participan-cinco-centros-escolares-de-cinco-paises\/","og_locale":"es_ES","og_type":"article","og_title":"Pamplona explica sus pol\u00edticas de sostenibilidad a representantes del proyecto europeo Demecol+, en el que participan cinco centros escolares de cinco pa\u00edses","og_description":"La fotolinera de la estaci\u00f3n de autobuses y las acciones que el Ayto ha llevado a cabo en materia de sostenibilidad han sido los ejes de la jornada de trabajo","og_url":"https:\/\/www.laguiadepamplona.com\/actualidad\/pamplona-explica-sus-politicas-de-sostenibilidad-a-representantes-del-proyecto-europeo-demecol-en-el-que-participan-cinco-centros-escolares-de-cinco-paises\/","og_site_name":"La Gu\u00eda de Pamplona","article_publisher":"https:\/\/www.facebook.com\/laguiadepamplonacom-133175176762273\/?ref=hl","article_published_time":"2021-10-07T14:26:28+00:00","article_modified_time":"2023-04-11T09:48:54+00:00","og_image":[{"width":1920,"height":1280,"url":"https:\/\/www.laguiadepamplona.com\/actualidad\/wp-content\/uploads\/2021\/10\/renovablesjmg8333.jpg","type":"image\/jpeg"}],"author":"La Gu\u00eda de Pamplona","twitter_card":"summary_large_image","twitter_creator":"@LaGuiadPamplona","twitter_site":"@LaGuiadPamplona","twitter_misc":{"Escrito por":"La Gu\u00eda de Pamplona","Tiempo de lectura":"2 minutos"},"schema":{"@context":"https:\/\/schema.org","@graph":[{"@type":"Article","@id":"https:\/\/www.laguiadepamplona.com\/actualidad\/pamplona-explica-sus-politicas-de-sostenibilidad-a-representantes-del-proyecto-europeo-demecol-en-el-que-participan-cinco-centros-escolares-de-cinco-paises\/#article","isPartOf":{"@id":"https:\/\/www.laguiadepamplona.com\/actualidad\/pamplona-explica-sus-politicas-de-sostenibilidad-a-representantes-del-proyecto-europeo-demecol-en-el-que-participan-cinco-centros-escolares-de-cinco-paises\/"},"author":{"name":"La Gu\u00eda de Pamplona","@id":"https:\/\/www.laguiadepamplona.com\/actualidad\/#\/schema\/person\/efe887376f0213d4657c93adc50b1fdb"},"headline":"Pamplona explica sus pol\u00edticas de sostenibilidad a representantes del proyecto europeo Demecol+, en el que participan cinco centros escolares de cinco pa\u00edses","datePublished":"2021-10-07T14:26:28+00:00","dateModified":"2023-04-11T09:48:54+00:00","mainEntityOfPage":{"@id":"https:\/\/www.laguiadepamplona.com\/actualidad\/pamplona-explica-sus-politicas-de-sostenibilidad-a-representantes-del-proyecto-europeo-demecol-en-el-que-participan-cinco-centros-escolares-de-cinco-paises\/"},"wordCount":356,"commentCount":0,"publisher":{"@id":"https:\/\/www.laguiadepamplona.com\/actualidad\/#organization"},"image":{"@id":"https:\/\/www.laguiadepamplona.com\/actualidad\/pamplona-explica-sus-politicas-de-sostenibilidad-a-representantes-del-proyecto-europeo-demecol-en-el-que-participan-cinco-centros-escolares-de-cinco-paises\/#primaryimage"},"thumbnailUrl":"https:\/\/www.laguiadepamplona.com\/actualidad\/wp-content\/uploads\/2021\/10\/renovablesjmg8333.jpg","articleSection":["Ayto Pamplona"],"inLanguage":"es","potentialAction":[{"@type":"CommentAction","name":"Comment","target":["https:\/\/www.laguiadepamplona.com\/actualidad\/pamplona-explica-sus-politicas-de-sostenibilidad-a-representantes-del-proyecto-europeo-demecol-en-el-que-participan-cinco-centros-escolares-de-cinco-paises\/#respond"]}]},{"@type":"WebPage","@id":"https:\/\/www.laguiadepamplona.com\/actualidad\/pamplona-explica-sus-politicas-de-sostenibilidad-a-representantes-del-proyecto-europeo-demecol-en-el-que-participan-cinco-centros-escolares-de-cinco-paises\/","url":"https:\/\/www.laguiadepamplona.com\/actualidad\/pamplona-explica-sus-politicas-de-sostenibilidad-a-representantes-del-proyecto-europeo-demecol-en-el-que-participan-cinco-centros-escolares-de-cinco-paises\/","name":"Pamplona explica sus pol\u00edticas de sostenibilidad a representantes del proyecto europeo Demecol+, en el que participan cinco centros escolares de cinco pa\u00edses","isPartOf":{"@id":"https:\/\/www.laguiadepamplona.com\/actualidad\/#website"},"primaryImageOfPage":{"@id":"https:\/\/www.laguiadepamplona.com\/actualidad\/pamplona-explica-sus-politicas-de-sostenibilidad-a-representantes-del-proyecto-europeo-demecol-en-el-que-participan-cinco-centros-escolares-de-cinco-paises\/#primaryimage"},"image":{"@id":"https:\/\/www.laguiadepamplona.com\/actualidad\/pamplona-explica-sus-politicas-de-sostenibilidad-a-representantes-del-proyecto-europeo-demecol-en-el-que-participan-cinco-centros-escolares-de-cinco-paises\/#primaryimage"},"thumbnailUrl":"https:\/\/www.laguiadepamplona.com\/actualidad\/wp-content\/uploads\/2021\/10\/renovablesjmg8333.jpg","datePublished":"2021-10-07T14:26:28+00:00","dateModified":"2023-04-11T09:48:54+00:00","description":"La fotolinera de la estaci\u00f3n de autobuses y las acciones que el Ayto ha llevado a cabo en materia de sostenibilidad han sido los ejes de la jornada de trabajo","breadcrumb":{"@id":"https:\/\/www.laguiadepamplona.com\/actualidad\/pamplona-explica-sus-politicas-de-sostenibilidad-a-representantes-del-proyecto-europeo-demecol-en-el-que-participan-cinco-centros-escolares-de-cinco-paises\/#breadcrumb"},"inLanguage":"es","potentialAction":[{"@type":"ReadAction","target":["https:\/\/www.laguiadepamplona.com\/actualidad\/pamplona-explica-sus-politicas-de-sostenibilidad-a-representantes-del-proyecto-europeo-demecol-en-el-que-participan-cinco-centros-escolares-de-cinco-paises\/"]}]},{"@type":"ImageObject","inLanguage":"es","@id":"https:\/\/www.laguiadepamplona.com\/actualidad\/pamplona-explica-sus-politicas-de-sostenibilidad-a-representantes-del-proyecto-europeo-demecol-en-el-que-participan-cinco-centros-escolares-de-cinco-paises\/#primaryimage","url":"https:\/\/www.laguiadepamplona.com\/actualidad\/wp-content\/uploads\/2021\/10\/renovablesjmg8333.jpg","contentUrl":"https:\/\/www.laguiadepamplona.com\/actualidad\/wp-content\/uploads\/2021\/10\/renovablesjmg8333.jpg","width":1920,"height":1280,"caption":"A* Jes\u00fas Garzaron F* 2021_10_06 T* Energ\u00edas renovables. Visita L* Estaci\u00f3n autobuses"},{"@type":"BreadcrumbList","@id":"https:\/\/www.laguiadepamplona.com\/actualidad\/pamplona-explica-sus-politicas-de-sostenibilidad-a-representantes-del-proyecto-europeo-demecol-en-el-que-participan-cinco-centros-escolares-de-cinco-paises\/#breadcrumb","itemListElement":[{"@type":"ListItem","position":1,"name":"Portada","item":"https:\/\/www.laguiadepamplona.com\/actualidad\/"},{"@type":"ListItem","position":2,"name":"Pamplona explica sus pol\u00edticas de sostenibilidad a representantes del proyecto europeo Demecol+, en el que participan cinco centros escolares de cinco pa\u00edses"}]},{"@type":"WebSite","@id":"https:\/\/www.laguiadepamplona.com\/actualidad\/#website","url":"https:\/\/www.laguiadepamplona.com\/actualidad\/","name":"La gu\u00eda de Pamplona","description":"Noticias de Pamplona","publisher":{"@id":"https:\/\/www.laguiadepamplona.com\/actualidad\/#organization"},"potentialAction":[{"@type":"SearchAction","target":{"@type":"EntryPoint","urlTemplate":"https:\/\/www.laguiadepamplona.com\/actualidad\/?s={search_term_string}"},"query-input":{"@type":"PropertyValueSpecification","valueRequired":true,"valueName":"search_term_string"}}],"inLanguage":"es"},{"@type":"Organization","@id":"https:\/\/www.laguiadepamplona.com\/actualidad\/#organization","name":"La Gu\u00eda de Pamplona \/ Noticias","url":"https:\/\/www.laguiadepamplona.com\/actualidad\/","logo":{"@type":"ImageObject","inLanguage":"es","@id":"https:\/\/www.laguiadepamplona.com\/actualidad\/#\/schema\/logo\/image\/","url":"https:\/\/www.laguiadepamplona.com\/actualidad\/wp-content\/uploads\/2018\/11\/logo-laguiadepamplona18-web1.png","contentUrl":"https:\/\/www.laguiadepamplona.com\/actualidad\/wp-content\/uploads\/2018\/11\/logo-laguiadepamplona18-web1.png","width":600,"height":196,"caption":"La Gu\u00eda de Pamplona \/ Noticias"},"image":{"@id":"https:\/\/www.laguiadepamplona.com\/actualidad\/#\/schema\/logo\/image\/"},"sameAs":["https:\/\/www.facebook.com\/laguiadepamplonacom-133175176762273\/?ref=hl","https:\/\/x.com\/LaGuiadPamplona","https:\/\/www.instagram.com\/la_guia_de_pamplona\/","https:\/\/www.youtube.com\/user\/laguiadepamplona"]},{"@type":"Person","@id":"https:\/\/www.laguiadepamplona.com\/actualidad\/#\/schema\/person\/efe887376f0213d4657c93adc50b1fdb","name":"La Gu\u00eda de Pamplona","image":{"@type":"ImageObject","inLanguage":"es","@id":"https:\/\/secure.gravatar.com\/avatar\/b6992f131dc8d30ab0dff15446e9d346d9dbd95992de0fef795073f5ea83a81c?s=96&d=mm&r=g","url":"https:\/\/secure.gravatar.com\/avatar\/b6992f131dc8d30ab0dff15446e9d346d9dbd95992de0fef795073f5ea83a81c?s=96&d=mm&r=g","contentUrl":"https:\/\/secure.gravatar.com\/avatar\/b6992f131dc8d30ab0dff15446e9d346d9dbd95992de0fef795073f5ea83a81c?s=96&d=mm&r=g","caption":"La Gu\u00eda de Pamplona"}}]}},"post_mailing_queue_ids":[],"_links":{"self":[{"href":"https:\/\/www.laguiadepamplona.com\/actualidad\/wp-json\/wp\/v2\/posts\/36880","targetHints":{"allow":["GET"]}}],"collection":[{"href":"https:\/\/www.laguiadepamplona.com\/actualidad\/wp-json\/wp\/v2\/posts"}],"about":[{"href":"https:\/\/www.laguiadepamplona.com\/actualidad\/wp-json\/wp\/v2\/types\/post"}],"author":[{"embeddable":true,"href":"https:\/\/www.laguiadepamplona.com\/actualidad\/wp-json\/wp\/v2\/users\/1"}],"replies":[{"embeddable":true,"href":"https:\/\/www.laguiadepamplona.com\/actualidad\/wp-json\/wp\/v2\/comments?post=36880"}],"version-history":[{"count":0,"href":"https:\/\/www.laguiadepamplona.com\/actualidad\/wp-json\/wp\/v2\/posts\/36880\/revisions"}],"wp:featuredmedia":[{"embeddable":true,"href":"https:\/\/www.laguiadepamplona.com\/actualidad\/wp-json\/wp\/v2\/media\/36881"}],"wp:attachment":[{"href":"https:\/\/www.laguiadepamplona.com\/actualidad\/wp-json\/wp\/v2\/media?parent=36880"}],"wp:term":[{"taxonomy":"category","embeddable":true,"href":"https:\/\/www.laguiadepamplona.com\/actualidad\/wp-json\/wp\/v2\/categories?post=36880"},{"taxonomy":"post_tag","embeddable":true,"href":"https:\/\/www.laguiadepamplona.com\/actualidad\/wp-json\/wp\/v2\/tags?post=36880"}],"curies":[{"name":"wp","href":"https:\/\/api.w.org\/{rel}","templated":true}]}}