{"id":36873,"date":"2021-10-07T13:40:19","date_gmt":"2021-10-07T11:40:19","guid":{"rendered":"https:\/\/www.laguiadepamplona.com\/actualidad\/?p=36873"},"modified":"2023-04-11T11:48:54","modified_gmt":"2023-04-11T09:48:54","slug":"ultimo-fin-de-semana-que-los-comercios-salen-a-la-calle-con-sus-productos-para-impulsar-las-compras-seguras-y-dar-vida-a-las-calles","status":"publish","type":"post","link":"https:\/\/www.laguiadepamplona.com\/actualidad\/ultimo-fin-de-semana-que-los-comercios-salen-a-la-calle-con-sus-productos-para-impulsar-las-compras-seguras-y-dar-vida-a-las-calles\/","title":{"rendered":"\u00daltimo fin de semana que los comercios salen a la calle con sus productos para impulsar las compras seguras y dar vida a las calles"},"content":{"rendered":"<h5>El Ayuntamiento conceder\u00e1 por \u00faltima vez permisos especiales para apoyar al comercio local<\/h5>\n<p><!--more--><\/p>\n<p>La campa\u00f1a <strong>\u2018<\/strong>El comercio de Pamplona sale a la calle\u2019, iniciativa que el Ayuntamiento de Pamplona puso en marcha en mayo para apoyar al comercio local, llega a su fin. Este viernes y s\u00e1bado ser\u00e1n los \u00faltimos d\u00edas en los que el Consistorio conceda permisos especiales para que los establecimientos puedan sacar los productos m\u00e1s all\u00e1 de sus escaparates. El objetivo es impulsar la actividad comercial en unos momentos complicados debido a las consecuencias econ\u00f3micas que est\u00e1 dejando la pandemia. Para ello, apuesta por las compras seguras al minimizar las concentraciones de clientela en el interior y por unas calles m\u00e1s vivas y atractivas.<\/p>\n<p>El programa se ha venido celebrando un fin de semana al mes en colaboraci\u00f3n con las asociaciones de comerciantes de la ciudad. El Consistorio pamplon\u00e9s concede permisos a los negocios para que expongan las mercanc\u00edas que venden en su interior en la v\u00eda p\u00fablica, como forma de llamar la atenci\u00f3n y visibilizar mejor su oferta.<\/p>\n<p>En octubre, los comercios de Pamplona que se apunten podr\u00e1n sacar sus productos a la calle en la puerta de los establecimientos para visilibilizar su oferta comercial durante el viernes d\u00eda 8 y el s\u00e1bado 9 por la ma\u00f1ana.<\/p>\n<p><script async src=\"\/\/pagead2.googlesyndication.com\/pagead\/js\/adsbygoogle.js\"><\/script><br \/>\n<!-- Noticias La Guia de Pamplona --><br \/>\n<ins class=\"adsbygoogle\"\nstyle=\"display:block\"\ndata-ad-client=\"ca-pub-6943679897239327\"\ndata-ad-slot=\"7048180777\"\ndata-ad-format=\"auto\"><\/ins><br \/>\n<script>\n(adsbygoogle = window.adsbygoogle || []).push({});\n<\/script><\/p>\n<p><strong>Apoyar al comercio local teniendo en cuenta la situaci\u00f3n sanitaria<\/strong><\/p>\n<p>\u2018El comercio de Pamplona sale a la calle\u2019 comenz\u00f3 a celebrarse en mayo, el mes en el que, antes de la crisis sanitaria, se hab\u00eda desarrollado durante 16 a\u00f1os el programa \u2018Comercio hace ciudad\u2019. Ofrec\u00eda actividades para todos los p\u00fablicos en las calles de diferentes zonas comerciales del centro y los barrios de Pamplona. El a\u00f1o pasado, debido a la pandemia y el confinamiento, fue imposible programar eventos en la calle. La situaci\u00f3n sanitaria actual tampoco ha permitido dise\u00f1ar acciones que inviten a concentraciones de personas por las calles y plazas, por lo que se ha optado por una idea que conjugue el impulso comercial y la protecci\u00f3n de la salud.<\/p>\n<p>La iniciativa llega a todos los barrios, pero tiene mayor presencia de establecimientos en aquellas zonas que cuentan con asociaci\u00f3n de comerciantes: Casco Antiguo, Ensanche, Iturrama, Zona Comercial Mart\u00edn Azpilcueta San Juan, Ermitaga\u00f1a y Mendebaldea, San Jorge-Sanduzelai, Rochapea, Txantrea y Mendillorri. Polic\u00eda Municipal comprobar\u00e1 que todos los establecimientos con presencia en la calle forman parte de la iniciativa.<\/p>\n<p><script async src=\"\/\/pagead2.googlesyndication.com\/pagead\/js\/adsbygoogle.js\"><\/script><br \/>\n<!-- Noticias La Guia de Pamplona --><br \/>\n<ins class=\"adsbygoogle\"\nstyle=\"display:block\"\ndata-ad-client=\"ca-pub-6943679897239327\"\ndata-ad-slot=\"7048180777\"\ndata-ad-format=\"auto\"><\/ins><br \/>\n<script>\n(adsbygoogle = window.adsbygoogle || []).push({});\n<\/script><\/p>\n<p><strong>Apuntarse en las asociaciones o en <a href=\"mailto:comercioyturismo@pamplona.es\">comercioyturismo@pamplona.es<\/a><\/strong><\/p>\n<p>Los comercios pueden apuntarse para participar a trav\u00e9s de su asociaci\u00f3n y quienes no est\u00e9n asociados han de escribir al \u00e1rea de Comercio y Turismo, al correo electr\u00f3nico <a href=\"mailto:comercioyturismo@pamplona.es\">comercioyturismo@pamplona.es<\/a>. Los datos que hay que facilitar son el nombre del comercio, la calle en la que est\u00e1 ubicado y el n\u00famero, c\u00f3digo postal, zona comercial y subsector. Los establecimientos de alimentaci\u00f3n que se inscriban deber\u00e1n atender a las instrucciones complementarias que en cada caso se consideren procedentes desde la inspecci\u00f3n de Sanidad. No se puede exponer ni vender en v\u00eda p\u00fablica productos de alimentaci\u00f3n frescos que requieran refrigeraci\u00f3n.<\/p>\n<p>Las condiciones que deben cumplir los negocios interesados en participar en la actividad son no ocupar m\u00e1s metros lineales de los que tiene la fachada del local ni m\u00e1s de dos metros de profundidad. Como se organiza en \u00e9poca de buenas condiciones climatol\u00f3gicas, no se permite instalar carpas ni megafon\u00eda o sonido ambiente. La recomendaci\u00f3n es sacar mobiliario ligero como percheros, mesitas y peque\u00f1os expositores y que no obstaculicen el acceso a portales u otros locales. Tienen que retirarse cuando concluya la jornada comercial.<\/p>\n<p>La anchura m\u00ednima libre de paso para los peatones por la acera es de 2 metros por lo que las aceras de menos de 2 metros no pueden usarse. La distancia entre las personas compradoras es de 1,5 metros.<\/p>\n","protected":false},"excerpt":{"rendered":"<p>El Ayuntamiento conceder\u00e1 por \u00faltima vez permisos especiales para apoyar al comercio local<\/p>\n","protected":false},"author":1,"featured_media":35788,"comment_status":"open","ping_status":"closed","sticky":false,"template":"","format":"standard","meta":{"footnotes":""},"categories":[2],"tags":[],"class_list":["post-36873","post","type-post","status-publish","format-standard","has-post-thumbnail","hentry","category-ayuntamiento-pamplona"],"yoast_head":"<!-- This site is optimized with the Yoast SEO plugin v27.5 - https:\/\/yoast.com\/product\/yoast-seo-wordpress\/ -->\n<title>\u00daltimo fin de semana que los comercios salen a la calle con sus productos para impulsar las compras seguras y dar vida a las calles<\/title>\n<meta name=\"description\" content=\"El Ayuntamiento conceder\u00e1 por \u00faltima vez permisos especiales para apoyar al comercio local\" \/>\n<meta name=\"robots\" content=\"index, follow, max-snippet:-1, max-image-preview:large, max-video-preview:-1\" \/>\n<link rel=\"canonical\" href=\"https:\/\/www.laguiadepamplona.com\/actualidad\/ultimo-fin-de-semana-que-los-comercios-salen-a-la-calle-con-sus-productos-para-impulsar-las-compras-seguras-y-dar-vida-a-las-calles\/\" \/>\n<meta property=\"og:locale\" content=\"es_ES\" \/>\n<meta property=\"og:type\" content=\"article\" \/>\n<meta property=\"og:title\" content=\"\u00daltimo fin de semana que los comercios salen a la calle con sus productos para impulsar las compras seguras y dar vida a las calles\" \/>\n<meta property=\"og:description\" content=\"El Ayuntamiento conceder\u00e1 por \u00faltima vez permisos especiales para apoyar al comercio local\" \/>\n<meta property=\"og:url\" content=\"https:\/\/www.laguiadepamplona.com\/actualidad\/ultimo-fin-de-semana-que-los-comercios-salen-a-la-calle-con-sus-productos-para-impulsar-las-compras-seguras-y-dar-vida-a-las-calles\/\" \/>\n<meta property=\"og:site_name\" content=\"La Gu\u00eda de Pamplona\" \/>\n<meta property=\"article:publisher\" content=\"https:\/\/www.facebook.com\/laguiadepamplonacom-133175176762273\/?ref=hl\" \/>\n<meta property=\"article:published_time\" content=\"2021-10-07T11:40:19+00:00\" \/>\n<meta property=\"article:modified_time\" content=\"2023-04-11T09:48:54+00:00\" \/>\n<meta property=\"og:image\" content=\"https:\/\/www.laguiadepamplona.com\/actualidad\/wp-content\/uploads\/2021\/07\/comercio_jgv7379_0.jpg\" \/>\n\t<meta property=\"og:image:width\" content=\"1920\" \/>\n\t<meta property=\"og:image:height\" content=\"1280\" \/>\n\t<meta property=\"og:image:type\" content=\"image\/jpeg\" \/>\n<meta name=\"author\" content=\"La Gu\u00eda de Pamplona\" \/>\n<meta name=\"twitter:card\" content=\"summary_large_image\" \/>\n<meta name=\"twitter:creator\" content=\"@LaGuiadPamplona\" \/>\n<meta name=\"twitter:site\" content=\"@LaGuiadPamplona\" \/>\n<meta name=\"twitter:label1\" content=\"Escrito por\" \/>\n\t<meta name=\"twitter:data1\" content=\"La Gu\u00eda de Pamplona\" \/>\n\t<meta name=\"twitter:label2\" content=\"Tiempo de lectura\" \/>\n\t<meta name=\"twitter:data2\" content=\"3 minutos\" \/>\n<script type=\"application\/ld+json\" class=\"yoast-schema-graph\">{\"@context\":\"https:\\\/\\\/schema.org\",\"@graph\":[{\"@type\":\"Article\",\"@id\":\"https:\\\/\\\/www.laguiadepamplona.com\\\/actualidad\\\/ultimo-fin-de-semana-que-los-comercios-salen-a-la-calle-con-sus-productos-para-impulsar-las-compras-seguras-y-dar-vida-a-las-calles\\\/#article\",\"isPartOf\":{\"@id\":\"https:\\\/\\\/www.laguiadepamplona.com\\\/actualidad\\\/ultimo-fin-de-semana-que-los-comercios-salen-a-la-calle-con-sus-productos-para-impulsar-las-compras-seguras-y-dar-vida-a-las-calles\\\/\"},\"author\":{\"name\":\"La Gu\u00eda de Pamplona\",\"@id\":\"https:\\\/\\\/www.laguiadepamplona.com\\\/actualidad\\\/#\\\/schema\\\/person\\\/efe887376f0213d4657c93adc50b1fdb\"},\"headline\":\"\u00daltimo fin de semana que los comercios salen a la calle con sus productos para impulsar las compras seguras y dar vida a las calles\",\"datePublished\":\"2021-10-07T11:40:19+00:00\",\"dateModified\":\"2023-04-11T09:48:54+00:00\",\"mainEntityOfPage\":{\"@id\":\"https:\\\/\\\/www.laguiadepamplona.com\\\/actualidad\\\/ultimo-fin-de-semana-que-los-comercios-salen-a-la-calle-con-sus-productos-para-impulsar-las-compras-seguras-y-dar-vida-a-las-calles\\\/\"},\"wordCount\":690,\"commentCount\":0,\"publisher\":{\"@id\":\"https:\\\/\\\/www.laguiadepamplona.com\\\/actualidad\\\/#organization\"},\"image\":{\"@id\":\"https:\\\/\\\/www.laguiadepamplona.com\\\/actualidad\\\/ultimo-fin-de-semana-que-los-comercios-salen-a-la-calle-con-sus-productos-para-impulsar-las-compras-seguras-y-dar-vida-a-las-calles\\\/#primaryimage\"},\"thumbnailUrl\":\"https:\\\/\\\/www.laguiadepamplona.com\\\/actualidad\\\/wp-content\\\/uploads\\\/2021\\\/07\\\/comercio_jgv7379_0.jpg\",\"articleSection\":[\"Ayto Pamplona\"],\"inLanguage\":\"es\",\"potentialAction\":[{\"@type\":\"CommentAction\",\"name\":\"Comment\",\"target\":[\"https:\\\/\\\/www.laguiadepamplona.com\\\/actualidad\\\/ultimo-fin-de-semana-que-los-comercios-salen-a-la-calle-con-sus-productos-para-impulsar-las-compras-seguras-y-dar-vida-a-las-calles\\\/#respond\"]}]},{\"@type\":\"WebPage\",\"@id\":\"https:\\\/\\\/www.laguiadepamplona.com\\\/actualidad\\\/ultimo-fin-de-semana-que-los-comercios-salen-a-la-calle-con-sus-productos-para-impulsar-las-compras-seguras-y-dar-vida-a-las-calles\\\/\",\"url\":\"https:\\\/\\\/www.laguiadepamplona.com\\\/actualidad\\\/ultimo-fin-de-semana-que-los-comercios-salen-a-la-calle-con-sus-productos-para-impulsar-las-compras-seguras-y-dar-vida-a-las-calles\\\/\",\"name\":\"\u00daltimo fin de semana que los comercios salen a la calle con sus productos para impulsar las compras seguras y dar vida a las calles\",\"isPartOf\":{\"@id\":\"https:\\\/\\\/www.laguiadepamplona.com\\\/actualidad\\\/#website\"},\"primaryImageOfPage\":{\"@id\":\"https:\\\/\\\/www.laguiadepamplona.com\\\/actualidad\\\/ultimo-fin-de-semana-que-los-comercios-salen-a-la-calle-con-sus-productos-para-impulsar-las-compras-seguras-y-dar-vida-a-las-calles\\\/#primaryimage\"},\"image\":{\"@id\":\"https:\\\/\\\/www.laguiadepamplona.com\\\/actualidad\\\/ultimo-fin-de-semana-que-los-comercios-salen-a-la-calle-con-sus-productos-para-impulsar-las-compras-seguras-y-dar-vida-a-las-calles\\\/#primaryimage\"},\"thumbnailUrl\":\"https:\\\/\\\/www.laguiadepamplona.com\\\/actualidad\\\/wp-content\\\/uploads\\\/2021\\\/07\\\/comercio_jgv7379_0.jpg\",\"datePublished\":\"2021-10-07T11:40:19+00:00\",\"dateModified\":\"2023-04-11T09:48:54+00:00\",\"description\":\"El Ayuntamiento conceder\u00e1 por \u00faltima vez permisos especiales para apoyar al comercio local\",\"breadcrumb\":{\"@id\":\"https:\\\/\\\/www.laguiadepamplona.com\\\/actualidad\\\/ultimo-fin-de-semana-que-los-comercios-salen-a-la-calle-con-sus-productos-para-impulsar-las-compras-seguras-y-dar-vida-a-las-calles\\\/#breadcrumb\"},\"inLanguage\":\"es\",\"potentialAction\":[{\"@type\":\"ReadAction\",\"target\":[\"https:\\\/\\\/www.laguiadepamplona.com\\\/actualidad\\\/ultimo-fin-de-semana-que-los-comercios-salen-a-la-calle-con-sus-productos-para-impulsar-las-compras-seguras-y-dar-vida-a-las-calles\\\/\"]}]},{\"@type\":\"ImageObject\",\"inLanguage\":\"es\",\"@id\":\"https:\\\/\\\/www.laguiadepamplona.com\\\/actualidad\\\/ultimo-fin-de-semana-que-los-comercios-salen-a-la-calle-con-sus-productos-para-impulsar-las-compras-seguras-y-dar-vida-a-las-calles\\\/#primaryimage\",\"url\":\"https:\\\/\\\/www.laguiadepamplona.com\\\/actualidad\\\/wp-content\\\/uploads\\\/2021\\\/07\\\/comercio_jgv7379_0.jpg\",\"contentUrl\":\"https:\\\/\\\/www.laguiadepamplona.com\\\/actualidad\\\/wp-content\\\/uploads\\\/2021\\\/07\\\/comercio_jgv7379_0.jpg\",\"width\":1920,\"height\":1280,\"caption\":\"A* Jes\u00fas Garzaron F* 2021_06_11 T* Comercio hace Ciudad L* Casco Antiguo y Ensanche de Pamplona\"},{\"@type\":\"BreadcrumbList\",\"@id\":\"https:\\\/\\\/www.laguiadepamplona.com\\\/actualidad\\\/ultimo-fin-de-semana-que-los-comercios-salen-a-la-calle-con-sus-productos-para-impulsar-las-compras-seguras-y-dar-vida-a-las-calles\\\/#breadcrumb\",\"itemListElement\":[{\"@type\":\"ListItem\",\"position\":1,\"name\":\"Portada\",\"item\":\"https:\\\/\\\/www.laguiadepamplona.com\\\/actualidad\\\/\"},{\"@type\":\"ListItem\",\"position\":2,\"name\":\"\u00daltimo fin de semana que los comercios salen a la calle con sus productos para impulsar las compras seguras y dar vida a las calles\"}]},{\"@type\":\"WebSite\",\"@id\":\"https:\\\/\\\/www.laguiadepamplona.com\\\/actualidad\\\/#website\",\"url\":\"https:\\\/\\\/www.laguiadepamplona.com\\\/actualidad\\\/\",\"name\":\"La gu\u00eda de Pamplona\",\"description\":\"Noticias de Pamplona\",\"publisher\":{\"@id\":\"https:\\\/\\\/www.laguiadepamplona.com\\\/actualidad\\\/#organization\"},\"potentialAction\":[{\"@type\":\"SearchAction\",\"target\":{\"@type\":\"EntryPoint\",\"urlTemplate\":\"https:\\\/\\\/www.laguiadepamplona.com\\\/actualidad\\\/?s={search_term_string}\"},\"query-input\":{\"@type\":\"PropertyValueSpecification\",\"valueRequired\":true,\"valueName\":\"search_term_string\"}}],\"inLanguage\":\"es\"},{\"@type\":\"Organization\",\"@id\":\"https:\\\/\\\/www.laguiadepamplona.com\\\/actualidad\\\/#organization\",\"name\":\"La Gu\u00eda de Pamplona \\\/ Noticias\",\"url\":\"https:\\\/\\\/www.laguiadepamplona.com\\\/actualidad\\\/\",\"logo\":{\"@type\":\"ImageObject\",\"inLanguage\":\"es\",\"@id\":\"https:\\\/\\\/www.laguiadepamplona.com\\\/actualidad\\\/#\\\/schema\\\/logo\\\/image\\\/\",\"url\":\"https:\\\/\\\/www.laguiadepamplona.com\\\/actualidad\\\/wp-content\\\/uploads\\\/2018\\\/11\\\/logo-laguiadepamplona18-web1.png\",\"contentUrl\":\"https:\\\/\\\/www.laguiadepamplona.com\\\/actualidad\\\/wp-content\\\/uploads\\\/2018\\\/11\\\/logo-laguiadepamplona18-web1.png\",\"width\":600,\"height\":196,\"caption\":\"La Gu\u00eda de Pamplona \\\/ Noticias\"},\"image\":{\"@id\":\"https:\\\/\\\/www.laguiadepamplona.com\\\/actualidad\\\/#\\\/schema\\\/logo\\\/image\\\/\"},\"sameAs\":[\"https:\\\/\\\/www.facebook.com\\\/laguiadepamplonacom-133175176762273\\\/?ref=hl\",\"https:\\\/\\\/x.com\\\/LaGuiadPamplona\",\"https:\\\/\\\/www.instagram.com\\\/la_guia_de_pamplona\\\/\",\"https:\\\/\\\/www.youtube.com\\\/user\\\/laguiadepamplona\"]},{\"@type\":\"Person\",\"@id\":\"https:\\\/\\\/www.laguiadepamplona.com\\\/actualidad\\\/#\\\/schema\\\/person\\\/efe887376f0213d4657c93adc50b1fdb\",\"name\":\"La Gu\u00eda de Pamplona\",\"image\":{\"@type\":\"ImageObject\",\"inLanguage\":\"es\",\"@id\":\"https:\\\/\\\/secure.gravatar.com\\\/avatar\\\/b6992f131dc8d30ab0dff15446e9d346d9dbd95992de0fef795073f5ea83a81c?s=96&d=mm&r=g\",\"url\":\"https:\\\/\\\/secure.gravatar.com\\\/avatar\\\/b6992f131dc8d30ab0dff15446e9d346d9dbd95992de0fef795073f5ea83a81c?s=96&d=mm&r=g\",\"contentUrl\":\"https:\\\/\\\/secure.gravatar.com\\\/avatar\\\/b6992f131dc8d30ab0dff15446e9d346d9dbd95992de0fef795073f5ea83a81c?s=96&d=mm&r=g\",\"caption\":\"La Gu\u00eda de Pamplona\"}}]}<\/script>\n<!-- \/ Yoast SEO plugin. -->","yoast_head_json":{"title":"\u00daltimo fin de semana que los comercios salen a la calle con sus productos para impulsar las compras seguras y dar vida a las calles","description":"El Ayuntamiento conceder\u00e1 por \u00faltima vez permisos especiales para apoyar al comercio local","robots":{"index":"index","follow":"follow","max-snippet":"max-snippet:-1","max-image-preview":"max-image-preview:large","max-video-preview":"max-video-preview:-1"},"canonical":"https:\/\/www.laguiadepamplona.com\/actualidad\/ultimo-fin-de-semana-que-los-comercios-salen-a-la-calle-con-sus-productos-para-impulsar-las-compras-seguras-y-dar-vida-a-las-calles\/","og_locale":"es_ES","og_type":"article","og_title":"\u00daltimo fin de semana que los comercios salen a la calle con sus productos para impulsar las compras seguras y dar vida a las calles","og_description":"El Ayuntamiento conceder\u00e1 por \u00faltima vez permisos especiales para apoyar al comercio local","og_url":"https:\/\/www.laguiadepamplona.com\/actualidad\/ultimo-fin-de-semana-que-los-comercios-salen-a-la-calle-con-sus-productos-para-impulsar-las-compras-seguras-y-dar-vida-a-las-calles\/","og_site_name":"La Gu\u00eda de Pamplona","article_publisher":"https:\/\/www.facebook.com\/laguiadepamplonacom-133175176762273\/?ref=hl","article_published_time":"2021-10-07T11:40:19+00:00","article_modified_time":"2023-04-11T09:48:54+00:00","og_image":[{"width":1920,"height":1280,"url":"https:\/\/www.laguiadepamplona.com\/actualidad\/wp-content\/uploads\/2021\/07\/comercio_jgv7379_0.jpg","type":"image\/jpeg"}],"author":"La Gu\u00eda de Pamplona","twitter_card":"summary_large_image","twitter_creator":"@LaGuiadPamplona","twitter_site":"@LaGuiadPamplona","twitter_misc":{"Escrito por":"La Gu\u00eda de Pamplona","Tiempo de lectura":"3 minutos"},"schema":{"@context":"https:\/\/schema.org","@graph":[{"@type":"Article","@id":"https:\/\/www.laguiadepamplona.com\/actualidad\/ultimo-fin-de-semana-que-los-comercios-salen-a-la-calle-con-sus-productos-para-impulsar-las-compras-seguras-y-dar-vida-a-las-calles\/#article","isPartOf":{"@id":"https:\/\/www.laguiadepamplona.com\/actualidad\/ultimo-fin-de-semana-que-los-comercios-salen-a-la-calle-con-sus-productos-para-impulsar-las-compras-seguras-y-dar-vida-a-las-calles\/"},"author":{"name":"La Gu\u00eda de Pamplona","@id":"https:\/\/www.laguiadepamplona.com\/actualidad\/#\/schema\/person\/efe887376f0213d4657c93adc50b1fdb"},"headline":"\u00daltimo fin de semana que los comercios salen a la calle con sus productos para impulsar las compras seguras y dar vida a las calles","datePublished":"2021-10-07T11:40:19+00:00","dateModified":"2023-04-11T09:48:54+00:00","mainEntityOfPage":{"@id":"https:\/\/www.laguiadepamplona.com\/actualidad\/ultimo-fin-de-semana-que-los-comercios-salen-a-la-calle-con-sus-productos-para-impulsar-las-compras-seguras-y-dar-vida-a-las-calles\/"},"wordCount":690,"commentCount":0,"publisher":{"@id":"https:\/\/www.laguiadepamplona.com\/actualidad\/#organization"},"image":{"@id":"https:\/\/www.laguiadepamplona.com\/actualidad\/ultimo-fin-de-semana-que-los-comercios-salen-a-la-calle-con-sus-productos-para-impulsar-las-compras-seguras-y-dar-vida-a-las-calles\/#primaryimage"},"thumbnailUrl":"https:\/\/www.laguiadepamplona.com\/actualidad\/wp-content\/uploads\/2021\/07\/comercio_jgv7379_0.jpg","articleSection":["Ayto Pamplona"],"inLanguage":"es","potentialAction":[{"@type":"CommentAction","name":"Comment","target":["https:\/\/www.laguiadepamplona.com\/actualidad\/ultimo-fin-de-semana-que-los-comercios-salen-a-la-calle-con-sus-productos-para-impulsar-las-compras-seguras-y-dar-vida-a-las-calles\/#respond"]}]},{"@type":"WebPage","@id":"https:\/\/www.laguiadepamplona.com\/actualidad\/ultimo-fin-de-semana-que-los-comercios-salen-a-la-calle-con-sus-productos-para-impulsar-las-compras-seguras-y-dar-vida-a-las-calles\/","url":"https:\/\/www.laguiadepamplona.com\/actualidad\/ultimo-fin-de-semana-que-los-comercios-salen-a-la-calle-con-sus-productos-para-impulsar-las-compras-seguras-y-dar-vida-a-las-calles\/","name":"\u00daltimo fin de semana que los comercios salen a la calle con sus productos para impulsar las compras seguras y dar vida a las calles","isPartOf":{"@id":"https:\/\/www.laguiadepamplona.com\/actualidad\/#website"},"primaryImageOfPage":{"@id":"https:\/\/www.laguiadepamplona.com\/actualidad\/ultimo-fin-de-semana-que-los-comercios-salen-a-la-calle-con-sus-productos-para-impulsar-las-compras-seguras-y-dar-vida-a-las-calles\/#primaryimage"},"image":{"@id":"https:\/\/www.laguiadepamplona.com\/actualidad\/ultimo-fin-de-semana-que-los-comercios-salen-a-la-calle-con-sus-productos-para-impulsar-las-compras-seguras-y-dar-vida-a-las-calles\/#primaryimage"},"thumbnailUrl":"https:\/\/www.laguiadepamplona.com\/actualidad\/wp-content\/uploads\/2021\/07\/comercio_jgv7379_0.jpg","datePublished":"2021-10-07T11:40:19+00:00","dateModified":"2023-04-11T09:48:54+00:00","description":"El Ayuntamiento conceder\u00e1 por \u00faltima vez permisos especiales para apoyar al comercio local","breadcrumb":{"@id":"https:\/\/www.laguiadepamplona.com\/actualidad\/ultimo-fin-de-semana-que-los-comercios-salen-a-la-calle-con-sus-productos-para-impulsar-las-compras-seguras-y-dar-vida-a-las-calles\/#breadcrumb"},"inLanguage":"es","potentialAction":[{"@type":"ReadAction","target":["https:\/\/www.laguiadepamplona.com\/actualidad\/ultimo-fin-de-semana-que-los-comercios-salen-a-la-calle-con-sus-productos-para-impulsar-las-compras-seguras-y-dar-vida-a-las-calles\/"]}]},{"@type":"ImageObject","inLanguage":"es","@id":"https:\/\/www.laguiadepamplona.com\/actualidad\/ultimo-fin-de-semana-que-los-comercios-salen-a-la-calle-con-sus-productos-para-impulsar-las-compras-seguras-y-dar-vida-a-las-calles\/#primaryimage","url":"https:\/\/www.laguiadepamplona.com\/actualidad\/wp-content\/uploads\/2021\/07\/comercio_jgv7379_0.jpg","contentUrl":"https:\/\/www.laguiadepamplona.com\/actualidad\/wp-content\/uploads\/2021\/07\/comercio_jgv7379_0.jpg","width":1920,"height":1280,"caption":"A* Jes\u00fas Garzaron F* 2021_06_11 T* Comercio hace Ciudad L* Casco Antiguo y Ensanche de Pamplona"},{"@type":"BreadcrumbList","@id":"https:\/\/www.laguiadepamplona.com\/actualidad\/ultimo-fin-de-semana-que-los-comercios-salen-a-la-calle-con-sus-productos-para-impulsar-las-compras-seguras-y-dar-vida-a-las-calles\/#breadcrumb","itemListElement":[{"@type":"ListItem","position":1,"name":"Portada","item":"https:\/\/www.laguiadepamplona.com\/actualidad\/"},{"@type":"ListItem","position":2,"name":"\u00daltimo fin de semana que los comercios salen a la calle con sus productos para impulsar las compras seguras y dar vida a las calles"}]},{"@type":"WebSite","@id":"https:\/\/www.laguiadepamplona.com\/actualidad\/#website","url":"https:\/\/www.laguiadepamplona.com\/actualidad\/","name":"La gu\u00eda de Pamplona","description":"Noticias de Pamplona","publisher":{"@id":"https:\/\/www.laguiadepamplona.com\/actualidad\/#organization"},"potentialAction":[{"@type":"SearchAction","target":{"@type":"EntryPoint","urlTemplate":"https:\/\/www.laguiadepamplona.com\/actualidad\/?s={search_term_string}"},"query-input":{"@type":"PropertyValueSpecification","valueRequired":true,"valueName":"search_term_string"}}],"inLanguage":"es"},{"@type":"Organization","@id":"https:\/\/www.laguiadepamplona.com\/actualidad\/#organization","name":"La Gu\u00eda de Pamplona \/ Noticias","url":"https:\/\/www.laguiadepamplona.com\/actualidad\/","logo":{"@type":"ImageObject","inLanguage":"es","@id":"https:\/\/www.laguiadepamplona.com\/actualidad\/#\/schema\/logo\/image\/","url":"https:\/\/www.laguiadepamplona.com\/actualidad\/wp-content\/uploads\/2018\/11\/logo-laguiadepamplona18-web1.png","contentUrl":"https:\/\/www.laguiadepamplona.com\/actualidad\/wp-content\/uploads\/2018\/11\/logo-laguiadepamplona18-web1.png","width":600,"height":196,"caption":"La Gu\u00eda de Pamplona \/ Noticias"},"image":{"@id":"https:\/\/www.laguiadepamplona.com\/actualidad\/#\/schema\/logo\/image\/"},"sameAs":["https:\/\/www.facebook.com\/laguiadepamplonacom-133175176762273\/?ref=hl","https:\/\/x.com\/LaGuiadPamplona","https:\/\/www.instagram.com\/la_guia_de_pamplona\/","https:\/\/www.youtube.com\/user\/laguiadepamplona"]},{"@type":"Person","@id":"https:\/\/www.laguiadepamplona.com\/actualidad\/#\/schema\/person\/efe887376f0213d4657c93adc50b1fdb","name":"La Gu\u00eda de Pamplona","image":{"@type":"ImageObject","inLanguage":"es","@id":"https:\/\/secure.gravatar.com\/avatar\/b6992f131dc8d30ab0dff15446e9d346d9dbd95992de0fef795073f5ea83a81c?s=96&d=mm&r=g","url":"https:\/\/secure.gravatar.com\/avatar\/b6992f131dc8d30ab0dff15446e9d346d9dbd95992de0fef795073f5ea83a81c?s=96&d=mm&r=g","contentUrl":"https:\/\/secure.gravatar.com\/avatar\/b6992f131dc8d30ab0dff15446e9d346d9dbd95992de0fef795073f5ea83a81c?s=96&d=mm&r=g","caption":"La Gu\u00eda de Pamplona"}}]}},"post_mailing_queue_ids":[],"_links":{"self":[{"href":"https:\/\/www.laguiadepamplona.com\/actualidad\/wp-json\/wp\/v2\/posts\/36873","targetHints":{"allow":["GET"]}}],"collection":[{"href":"https:\/\/www.laguiadepamplona.com\/actualidad\/wp-json\/wp\/v2\/posts"}],"about":[{"href":"https:\/\/www.laguiadepamplona.com\/actualidad\/wp-json\/wp\/v2\/types\/post"}],"author":[{"embeddable":true,"href":"https:\/\/www.laguiadepamplona.com\/actualidad\/wp-json\/wp\/v2\/users\/1"}],"replies":[{"embeddable":true,"href":"https:\/\/www.laguiadepamplona.com\/actualidad\/wp-json\/wp\/v2\/comments?post=36873"}],"version-history":[{"count":0,"href":"https:\/\/www.laguiadepamplona.com\/actualidad\/wp-json\/wp\/v2\/posts\/36873\/revisions"}],"wp:featuredmedia":[{"embeddable":true,"href":"https:\/\/www.laguiadepamplona.com\/actualidad\/wp-json\/wp\/v2\/media\/35788"}],"wp:attachment":[{"href":"https:\/\/www.laguiadepamplona.com\/actualidad\/wp-json\/wp\/v2\/media?parent=36873"}],"wp:term":[{"taxonomy":"category","embeddable":true,"href":"https:\/\/www.laguiadepamplona.com\/actualidad\/wp-json\/wp\/v2\/categories?post=36873"},{"taxonomy":"post_tag","embeddable":true,"href":"https:\/\/www.laguiadepamplona.com\/actualidad\/wp-json\/wp\/v2\/tags?post=36873"}],"curies":[{"name":"wp","href":"https:\/\/api.w.org\/{rel}","templated":true}]}}