{"id":36863,"date":"2021-10-07T13:36:52","date_gmt":"2021-10-07T11:36:52","guid":{"rendered":"https:\/\/www.laguiadepamplona.com\/actualidad\/?p=36863"},"modified":"2023-04-11T11:48:54","modified_gmt":"2023-04-11T09:48:54","slug":"el-nuevo-polideportivo-municipal-en-buztintxuri-sera-un-gran-pabellon-inteligente-sostenible-y-eficiente-desde-el-punto-de-vista-energetico","status":"publish","type":"post","link":"https:\/\/www.laguiadepamplona.com\/actualidad\/el-nuevo-polideportivo-municipal-en-buztintxuri-sera-un-gran-pabellon-inteligente-sostenible-y-eficiente-desde-el-punto-de-vista-energetico\/","title":{"rendered":"El nuevo Polideportivo municipal en Buztintxuri ser\u00e1 un gran pabell\u00f3n inteligente, sostenible y eficiente desde el punto de vista energ\u00e9tico"},"content":{"rendered":"<h5>La Junta de Gobierno Local adjudica a OM ARQ la redacci\u00f3n del proyecto y la direcci\u00f3n de las obras de construcci\u00f3n de sus casi 4.000 m<sup>2<\/sup> de superficie<\/h5>\n<p><!--more--><\/p>\n<div id='gallery-1' class='gallery galleryid-36863 gallery-columns-3 gallery-size-medium'><figure class='gallery-item'>\n\t\t\t<div class='gallery-icon landscape'>\n\t\t\t\t<a href='https:\/\/www.laguiadepamplona.com\/actualidad\/wp-content\/uploads\/2021\/10\/polideportivo.jpg'><img loading=\"lazy\" decoding=\"async\" width=\"500\" height=\"265\" src=\"https:\/\/www.laguiadepamplona.com\/actualidad\/wp-content\/uploads\/2021\/10\/polideportivo-567x300.jpg\" class=\"attachment-medium size-medium\" alt=\"\" srcset=\"https:\/\/www.laguiadepamplona.com\/actualidad\/wp-content\/uploads\/2021\/10\/polideportivo-567x300.jpg 567w, https:\/\/www.laguiadepamplona.com\/actualidad\/wp-content\/uploads\/2021\/10\/polideportivo-1024x541.jpg 1024w, https:\/\/www.laguiadepamplona.com\/actualidad\/wp-content\/uploads\/2021\/10\/polideportivo-768x406.jpg 768w, https:\/\/www.laguiadepamplona.com\/actualidad\/wp-content\/uploads\/2021\/10\/polideportivo-640x338.jpg 640w, https:\/\/www.laguiadepamplona.com\/actualidad\/wp-content\/uploads\/2021\/10\/polideportivo.jpg 1396w\" sizes=\"auto, (max-width: 500px) 100vw, 500px\" \/><\/a>\n\t\t\t<\/div><\/figure><figure class='gallery-item'>\n\t\t\t<div class='gallery-icon landscape'>\n\t\t\t\t<a href='https:\/\/www.laguiadepamplona.com\/actualidad\/wp-content\/uploads\/2021\/10\/polideportivo2_0.jpg'><img loading=\"lazy\" decoding=\"async\" width=\"449\" height=\"300\" src=\"https:\/\/www.laguiadepamplona.com\/actualidad\/wp-content\/uploads\/2021\/10\/polideportivo2_0-449x300.jpg\" class=\"attachment-medium size-medium\" alt=\"\" srcset=\"https:\/\/www.laguiadepamplona.com\/actualidad\/wp-content\/uploads\/2021\/10\/polideportivo2_0-449x300.jpg 449w, https:\/\/www.laguiadepamplona.com\/actualidad\/wp-content\/uploads\/2021\/10\/polideportivo2_0-1021x682.jpg 1021w, https:\/\/www.laguiadepamplona.com\/actualidad\/wp-content\/uploads\/2021\/10\/polideportivo2_0-768x513.jpg 768w, https:\/\/www.laguiadepamplona.com\/actualidad\/wp-content\/uploads\/2021\/10\/polideportivo2_0-640x427.jpg 640w, https:\/\/www.laguiadepamplona.com\/actualidad\/wp-content\/uploads\/2021\/10\/polideportivo2_0.jpg 1301w\" sizes=\"auto, (max-width: 449px) 100vw, 449px\" \/><\/a>\n\t\t\t<\/div><\/figure><figure class='gallery-item'>\n\t\t\t<div class='gallery-icon landscape'>\n\t\t\t\t<a href='https:\/\/www.laguiadepamplona.com\/actualidad\/wp-content\/uploads\/2021\/10\/polideportivo3.jpg'><img loading=\"lazy\" decoding=\"async\" width=\"500\" height=\"260\" src=\"https:\/\/www.laguiadepamplona.com\/actualidad\/wp-content\/uploads\/2021\/10\/polideportivo3-577x300.jpg\" class=\"attachment-medium size-medium\" alt=\"\" srcset=\"https:\/\/www.laguiadepamplona.com\/actualidad\/wp-content\/uploads\/2021\/10\/polideportivo3-577x300.jpg 577w, https:\/\/www.laguiadepamplona.com\/actualidad\/wp-content\/uploads\/2021\/10\/polideportivo3-1024x533.jpg 1024w, https:\/\/www.laguiadepamplona.com\/actualidad\/wp-content\/uploads\/2021\/10\/polideportivo3-768x400.jpg 768w, https:\/\/www.laguiadepamplona.com\/actualidad\/wp-content\/uploads\/2021\/10\/polideportivo3-640x333.jpg 640w, https:\/\/www.laguiadepamplona.com\/actualidad\/wp-content\/uploads\/2021\/10\/polideportivo3.jpg 1401w\" sizes=\"auto, (max-width: 500px) 100vw, 500px\" \/><\/a>\n\t\t\t<\/div><\/figure>\n\t\t<\/div>\n\n<p>El nuevo Polideportivo p\u00fablico de Butzintxuri ser\u00e1 un edificio compacto y accesible, de casi 4.000 m<sup>2<\/sup> de superficie \u00fatil, con una zona ajardinada en su entorno y una entrada general a trav\u00e9s de un porche desde la calle Victor Eusa, en la zona m\u00e1s llana de la parcela. La imagen del edificio se caracteriza por la aparici\u00f3n de tres grandes lucernarios, con orientaci\u00f3n noroeste, que coinciden con las tres pistas transversales en las que se podr\u00e1 dividir la pista principal de 1.696 m\u00b2 con que estar\u00e1 dotada esta infraestructura.<\/p>\n<p>&nbsp;<br \/>\n<script async src=\"\/\/pagead2.googlesyndication.com\/pagead\/js\/adsbygoogle.js\"><\/script><br \/>\n<!-- Noticias La Guia de Pamplona --><br \/>\n<ins class=\"adsbygoogle\"\nstyle=\"display:block\"\ndata-ad-client=\"ca-pub-6943679897239327\"\ndata-ad-slot=\"7048180777\"\ndata-ad-format=\"auto\"><\/ins><br \/>\n<script>\n(adsbygoogle = window.adsbygoogle || []).push({});\n<\/script><\/p>\n<p>Esta ma\u00f1ana el concejal delegado de Proyectos Estrat\u00e9gicos, Movilidad y Sostenibilidad, Ferm\u00edn Alonso, ha presentado en rueda de prensa las l\u00edneas generales de la propuesta dise\u00f1ada por la empresa OM ARQ. La Junta de Gobierno Local adjudica este jueves el contrato para la redacci\u00f3n del proyecto final y, en su caso, la direcci\u00f3n de las obras de construcci\u00f3n de esta nueva infraestructura de la ciudad. El importe final de la adjudicaci\u00f3n ha sido de 246.840 euros. El proyecto se est\u00e1 tramitando gracias al acuerdo presupuestario entre los grupos Navarra Suma y Socialistas del Ayuntamiento de Pamplona.<\/p>\n<p>El de Buztintxuri ser\u00e1 el noveno polideportivo municipal en la ciudad, con los de Arrosad\u00eda, Azpilaga\u00f1a, Ermitaga\u00f1a, Ezkaba, Jos\u00e9 Mar\u00eda Iribarren, Mendillorri, Rochapea y San Jorge. Tendr\u00e1 un anillo interior de paseo abierto al p\u00fablico o para hacer el calentamiento antes de los partidos, e incluir\u00e1 dos grandes salas multiusos y un grader\u00edo para 260 espectadores. Su cercan\u00eda a los centros escolares del barrio facilitar\u00e1 el acceso del alumnado a la infraestructura para las clases de educaci\u00f3n f\u00edsica y la actividad deportiva escolar y, como en el resto de polideportivos municipales, habr\u00e1 un sistema de acceso a sus espacios a trav\u00e9s de entidades deportivas (federaciones y clubes), asociaciones vecinales o solicitudes individuales.<\/p>\n<p>&nbsp;<br \/>\n<script async src=\"\/\/pagead2.googlesyndication.com\/pagead\/js\/adsbygoogle.js\"><\/script><br \/>\n<!-- Noticias La Guia de Pamplona --><br \/>\n<ins class=\"adsbygoogle\"\nstyle=\"display:block\"\ndata-ad-client=\"ca-pub-6943679897239327\"\ndata-ad-slot=\"7048180777\"\ndata-ad-format=\"auto\"><\/ins><br \/>\n<script>\n(adsbygoogle = window.adsbygoogle || []).push({});\n<\/script><\/p>\n<p><strong>Sostenible e inteligente<\/strong><\/p>\n<p>Dise\u00f1ado seg\u00fan el est\u00e1ndar Passivhaus de bajo consumo energ\u00e9tico, adem\u00e1s de los habituales aislamientos t\u00e9rmicos, contar\u00e1 con diversos sistemas de energ\u00eda renovable, como placas solares, o de reaprovechamiento de energ\u00eda usando, por ejemplo, aerotermia, un sistema que extrae la energ\u00eda ambiental contenida en la temperatura del aire y la transfiere a la habitaci\u00f3n o al agua corriente. Tambi\u00e9n se instalar\u00e1n dispositivos de recuperaci\u00f3n del calor basados en la temperatura del agua debajo de los platos de ducha y se contar\u00e1 con sistemas eficientes de ventilaci\u00f3n. El polideportivo se dotar\u00e1 de pantallas t\u00e1ctiles y paneles que cumplan una funci\u00f3n did\u00e1ctica sobre la gesti\u00f3n energ\u00e9tica de la infraestructura para dar informaci\u00f3n y sensibilizar a la ciudadan\u00eda.<\/p>\n<p>El futuro Polideportivo municipal de Buztintxuri ser\u00e1 un edificio sostenible, construido en lo posible con materiales de procedencia local (menos de 200 km) y elementos con bajas emisiones de CO2 en su fabricaci\u00f3n, y mantendr\u00e1 un dise\u00f1o de iluminaci\u00f3n eficiente alternando aprovechamiento de la luz solar y luminarias LED. Adem\u00e1s, est\u00e1 previsto que las llamadas \u201caguas grises\u201d, las procedentes de lavabos y duchas que presentan un bajo nivel de contaminaci\u00f3n, se puedan reutilizar en cisternas de sanitarios o en riego por goteo en zonas verdes, gracias al uso de tecnolog\u00eda con tratamiento f\u00edsico-biol\u00f3gico mediante biorreactores de membranas. La nueva infraestructura fomentar\u00e1 la movilidad ciclista de sus usuarios con 20 aparcabicis y la movilidad el\u00e9ctrica a trav\u00e9s de la instalaci\u00f3n de un sistema de recarga de veh\u00edculos.<\/p>\n<p>Con una arquitectura, tanto cableada, como inal\u00e1mbrica, gran parte de los sistemas de gesti\u00f3n del polideportivo se podr\u00e1n controlar mediante un software libre, con sistema multiprotocolo y multiplataforma. As\u00ed, los datos de monitoreo se podr\u00e1n integrar en la Plataforma Ciudad del Ayuntamiento de Pamplona.<\/p>\n<p>&nbsp;<br \/>\n<script async src=\"\/\/pagead2.googlesyndication.com\/pagead\/js\/adsbygoogle.js\"><\/script><br \/>\n<!-- Noticias La Guia de Pamplona --><br \/>\n<ins class=\"adsbygoogle\"\nstyle=\"display:block\"\ndata-ad-client=\"ca-pub-6943679897239327\"\ndata-ad-slot=\"7048180777\"\ndata-ad-format=\"auto\"><\/ins><br \/>\n<script>\n(adsbygoogle = window.adsbygoogle || []).push({});\n<\/script><\/p>\n<p><strong>El pabell\u00f3n m\u00e1s grande de la ciudad<\/strong><\/p>\n<p>El nuevo polideportivo municipal tendr\u00e1 en planta baja (3.290 m<sup>2<\/sup> de superficie \u00fatil) una pista de 1.696 m\u00b2 de superficie conforme marcan las normas NIDE del Consejo Superior de Deportes Este espacio principal, permitir\u00e1 el juego longitudinal de numerosos deportes oficiales (baloncesto, balonmano, voleibol, b\u00e1dminton, etc.) y no oficiales (por ejemplo, los cursos deportivos municipales). Transversalmente, se podr\u00e1n generar tres zonas de uso simult\u00e1neo de m\u00e1s de 500 m\u00b2 cada una, mediante cortinas automatizadas. Esta versatilidad permitir\u00e1 acoger, por ejemplo, hasta tres partidos oficiales de baloncesto. Tambi\u00e9n en esa misma planta habr\u00e1 dos salas de 225 m2 para la pr\u00e1ctica deportiva con un almac\u00e9n anexo a cada una en las que se programar\u00e1n cursos municipales, se realizar\u00e1n pr\u00e1cticas de artes marciales o se destinar\u00e1n a salas de musculaci\u00f3n. Se completar\u00e1 el espacio con aseos, vestuarios y la recepci\u00f3n\/control de accesos.<\/p>\n<p>En la segunda planta (655 m<sup>2<\/sup> de superficie \u00fatil) lo previsto es la instalaci\u00f3n de un grader\u00edo con cabida para 260 espectadores (205 m<sup>2<\/sup>), as\u00ed como un circuito circular de paseo\/carrera suave perimetral de 450 m<sup>2<\/sup> para los calentamientos o para el uso de cualquier persona que desee andar en ese espacio en lugar de en la calle.<\/p>\n<p>La altura m\u00ednima hasta la cubierta ser\u00e1 de 9 metros, lo que permitir\u00e1 la realizaci\u00f3n de competiciones oficiales de gimnasia<span style=\"text-decoration: line-through;\">,<\/span> una modalidad deportiva que hoy solo tienen cabida en el polideportivo de Mendillorri.<\/p>\n","protected":false},"excerpt":{"rendered":"<p>La Junta de Gobierno Local adjudica a OM ARQ la redacci\u00f3n del proyecto y la direcci\u00f3n de las obras de construcci\u00f3n de sus casi 4.000 m2 de superficie<\/p>\n","protected":false},"author":1,"featured_media":36864,"comment_status":"open","ping_status":"closed","sticky":false,"template":"","format":"standard","meta":{"footnotes":""},"categories":[2],"tags":[],"class_list":["post-36863","post","type-post","status-publish","format-standard","has-post-thumbnail","hentry","category-ayuntamiento-pamplona"],"yoast_head":"<!-- This site is optimized with the Yoast SEO plugin v27.5 - https:\/\/yoast.com\/product\/yoast-seo-wordpress\/ -->\n<title>El nuevo Polideportivo municipal en Buztintxuri ser\u00e1 un gran pabell\u00f3n inteligente, sostenible y eficiente desde el punto de vista energ\u00e9tico<\/title>\n<meta name=\"description\" content=\"La Junta de Gobierno Local adjudica a OM ARQ la redacci\u00f3n del proyecto y la direcci\u00f3n de las obras de construcci\u00f3n de sus casi 4.000 m2 de superficie\" \/>\n<meta name=\"robots\" content=\"index, follow, max-snippet:-1, max-image-preview:large, max-video-preview:-1\" \/>\n<link rel=\"canonical\" href=\"https:\/\/www.laguiadepamplona.com\/actualidad\/el-nuevo-polideportivo-municipal-en-buztintxuri-sera-un-gran-pabellon-inteligente-sostenible-y-eficiente-desde-el-punto-de-vista-energetico\/\" \/>\n<meta property=\"og:locale\" content=\"es_ES\" \/>\n<meta property=\"og:type\" content=\"article\" \/>\n<meta property=\"og:title\" content=\"El nuevo Polideportivo municipal en Buztintxuri ser\u00e1 un gran pabell\u00f3n inteligente, sostenible y eficiente desde el punto de vista energ\u00e9tico\" \/>\n<meta property=\"og:description\" content=\"La Junta de Gobierno Local adjudica a OM ARQ la redacci\u00f3n del proyecto y la direcci\u00f3n de las obras de construcci\u00f3n de sus casi 4.000 m2 de superficie\" \/>\n<meta property=\"og:url\" content=\"https:\/\/www.laguiadepamplona.com\/actualidad\/el-nuevo-polideportivo-municipal-en-buztintxuri-sera-un-gran-pabellon-inteligente-sostenible-y-eficiente-desde-el-punto-de-vista-energetico\/\" \/>\n<meta property=\"og:site_name\" content=\"La Gu\u00eda de Pamplona\" \/>\n<meta property=\"article:publisher\" content=\"https:\/\/www.facebook.com\/laguiadepamplonacom-133175176762273\/?ref=hl\" \/>\n<meta property=\"article:published_time\" content=\"2021-10-07T11:36:52+00:00\" \/>\n<meta property=\"article:modified_time\" content=\"2023-04-11T09:48:54+00:00\" \/>\n<meta property=\"og:image\" content=\"https:\/\/www.laguiadepamplona.com\/actualidad\/wp-content\/uploads\/2021\/10\/polideportivo.jpg\" \/>\n\t<meta property=\"og:image:width\" content=\"1396\" \/>\n\t<meta property=\"og:image:height\" content=\"738\" \/>\n\t<meta property=\"og:image:type\" content=\"image\/jpeg\" \/>\n<meta name=\"author\" content=\"La Gu\u00eda de Pamplona\" \/>\n<meta name=\"twitter:card\" content=\"summary_large_image\" \/>\n<meta name=\"twitter:creator\" content=\"@LaGuiadPamplona\" \/>\n<meta name=\"twitter:site\" content=\"@LaGuiadPamplona\" \/>\n<meta name=\"twitter:label1\" content=\"Escrito por\" \/>\n\t<meta name=\"twitter:data1\" content=\"La Gu\u00eda de Pamplona\" \/>\n\t<meta name=\"twitter:label2\" content=\"Tiempo de lectura\" \/>\n\t<meta name=\"twitter:data2\" content=\"4 minutos\" \/>\n<script type=\"application\/ld+json\" class=\"yoast-schema-graph\">{\"@context\":\"https:\\\/\\\/schema.org\",\"@graph\":[{\"@type\":\"Article\",\"@id\":\"https:\\\/\\\/www.laguiadepamplona.com\\\/actualidad\\\/el-nuevo-polideportivo-municipal-en-buztintxuri-sera-un-gran-pabellon-inteligente-sostenible-y-eficiente-desde-el-punto-de-vista-energetico\\\/#article\",\"isPartOf\":{\"@id\":\"https:\\\/\\\/www.laguiadepamplona.com\\\/actualidad\\\/el-nuevo-polideportivo-municipal-en-buztintxuri-sera-un-gran-pabellon-inteligente-sostenible-y-eficiente-desde-el-punto-de-vista-energetico\\\/\"},\"author\":{\"name\":\"La Gu\u00eda de Pamplona\",\"@id\":\"https:\\\/\\\/www.laguiadepamplona.com\\\/actualidad\\\/#\\\/schema\\\/person\\\/efe887376f0213d4657c93adc50b1fdb\"},\"headline\":\"El nuevo Polideportivo municipal en Buztintxuri ser\u00e1 un gran pabell\u00f3n inteligente, sostenible y eficiente desde el punto de vista energ\u00e9tico\",\"datePublished\":\"2021-10-07T11:36:52+00:00\",\"dateModified\":\"2023-04-11T09:48:54+00:00\",\"mainEntityOfPage\":{\"@id\":\"https:\\\/\\\/www.laguiadepamplona.com\\\/actualidad\\\/el-nuevo-polideportivo-municipal-en-buztintxuri-sera-un-gran-pabellon-inteligente-sostenible-y-eficiente-desde-el-punto-de-vista-energetico\\\/\"},\"wordCount\":950,\"commentCount\":0,\"publisher\":{\"@id\":\"https:\\\/\\\/www.laguiadepamplona.com\\\/actualidad\\\/#organization\"},\"image\":{\"@id\":\"https:\\\/\\\/www.laguiadepamplona.com\\\/actualidad\\\/el-nuevo-polideportivo-municipal-en-buztintxuri-sera-un-gran-pabellon-inteligente-sostenible-y-eficiente-desde-el-punto-de-vista-energetico\\\/#primaryimage\"},\"thumbnailUrl\":\"https:\\\/\\\/www.laguiadepamplona.com\\\/actualidad\\\/wp-content\\\/uploads\\\/2021\\\/10\\\/polideportivo.jpg\",\"articleSection\":[\"Ayto Pamplona\"],\"inLanguage\":\"es\",\"potentialAction\":[{\"@type\":\"CommentAction\",\"name\":\"Comment\",\"target\":[\"https:\\\/\\\/www.laguiadepamplona.com\\\/actualidad\\\/el-nuevo-polideportivo-municipal-en-buztintxuri-sera-un-gran-pabellon-inteligente-sostenible-y-eficiente-desde-el-punto-de-vista-energetico\\\/#respond\"]}]},{\"@type\":\"WebPage\",\"@id\":\"https:\\\/\\\/www.laguiadepamplona.com\\\/actualidad\\\/el-nuevo-polideportivo-municipal-en-buztintxuri-sera-un-gran-pabellon-inteligente-sostenible-y-eficiente-desde-el-punto-de-vista-energetico\\\/\",\"url\":\"https:\\\/\\\/www.laguiadepamplona.com\\\/actualidad\\\/el-nuevo-polideportivo-municipal-en-buztintxuri-sera-un-gran-pabellon-inteligente-sostenible-y-eficiente-desde-el-punto-de-vista-energetico\\\/\",\"name\":\"El nuevo Polideportivo municipal en Buztintxuri ser\u00e1 un gran pabell\u00f3n inteligente, sostenible y eficiente desde el punto de vista energ\u00e9tico\",\"isPartOf\":{\"@id\":\"https:\\\/\\\/www.laguiadepamplona.com\\\/actualidad\\\/#website\"},\"primaryImageOfPage\":{\"@id\":\"https:\\\/\\\/www.laguiadepamplona.com\\\/actualidad\\\/el-nuevo-polideportivo-municipal-en-buztintxuri-sera-un-gran-pabellon-inteligente-sostenible-y-eficiente-desde-el-punto-de-vista-energetico\\\/#primaryimage\"},\"image\":{\"@id\":\"https:\\\/\\\/www.laguiadepamplona.com\\\/actualidad\\\/el-nuevo-polideportivo-municipal-en-buztintxuri-sera-un-gran-pabellon-inteligente-sostenible-y-eficiente-desde-el-punto-de-vista-energetico\\\/#primaryimage\"},\"thumbnailUrl\":\"https:\\\/\\\/www.laguiadepamplona.com\\\/actualidad\\\/wp-content\\\/uploads\\\/2021\\\/10\\\/polideportivo.jpg\",\"datePublished\":\"2021-10-07T11:36:52+00:00\",\"dateModified\":\"2023-04-11T09:48:54+00:00\",\"description\":\"La Junta de Gobierno Local adjudica a OM ARQ la redacci\u00f3n del proyecto y la direcci\u00f3n de las obras de construcci\u00f3n de sus casi 4.000 m2 de superficie\",\"breadcrumb\":{\"@id\":\"https:\\\/\\\/www.laguiadepamplona.com\\\/actualidad\\\/el-nuevo-polideportivo-municipal-en-buztintxuri-sera-un-gran-pabellon-inteligente-sostenible-y-eficiente-desde-el-punto-de-vista-energetico\\\/#breadcrumb\"},\"inLanguage\":\"es\",\"potentialAction\":[{\"@type\":\"ReadAction\",\"target\":[\"https:\\\/\\\/www.laguiadepamplona.com\\\/actualidad\\\/el-nuevo-polideportivo-municipal-en-buztintxuri-sera-un-gran-pabellon-inteligente-sostenible-y-eficiente-desde-el-punto-de-vista-energetico\\\/\"]}]},{\"@type\":\"ImageObject\",\"inLanguage\":\"es\",\"@id\":\"https:\\\/\\\/www.laguiadepamplona.com\\\/actualidad\\\/el-nuevo-polideportivo-municipal-en-buztintxuri-sera-un-gran-pabellon-inteligente-sostenible-y-eficiente-desde-el-punto-de-vista-energetico\\\/#primaryimage\",\"url\":\"https:\\\/\\\/www.laguiadepamplona.com\\\/actualidad\\\/wp-content\\\/uploads\\\/2021\\\/10\\\/polideportivo.jpg\",\"contentUrl\":\"https:\\\/\\\/www.laguiadepamplona.com\\\/actualidad\\\/wp-content\\\/uploads\\\/2021\\\/10\\\/polideportivo.jpg\",\"width\":1396,\"height\":738},{\"@type\":\"BreadcrumbList\",\"@id\":\"https:\\\/\\\/www.laguiadepamplona.com\\\/actualidad\\\/el-nuevo-polideportivo-municipal-en-buztintxuri-sera-un-gran-pabellon-inteligente-sostenible-y-eficiente-desde-el-punto-de-vista-energetico\\\/#breadcrumb\",\"itemListElement\":[{\"@type\":\"ListItem\",\"position\":1,\"name\":\"Portada\",\"item\":\"https:\\\/\\\/www.laguiadepamplona.com\\\/actualidad\\\/\"},{\"@type\":\"ListItem\",\"position\":2,\"name\":\"El nuevo Polideportivo municipal en Buztintxuri ser\u00e1 un gran pabell\u00f3n inteligente, sostenible y eficiente desde el punto de vista energ\u00e9tico\"}]},{\"@type\":\"WebSite\",\"@id\":\"https:\\\/\\\/www.laguiadepamplona.com\\\/actualidad\\\/#website\",\"url\":\"https:\\\/\\\/www.laguiadepamplona.com\\\/actualidad\\\/\",\"name\":\"La gu\u00eda de Pamplona\",\"description\":\"Noticias de Pamplona\",\"publisher\":{\"@id\":\"https:\\\/\\\/www.laguiadepamplona.com\\\/actualidad\\\/#organization\"},\"potentialAction\":[{\"@type\":\"SearchAction\",\"target\":{\"@type\":\"EntryPoint\",\"urlTemplate\":\"https:\\\/\\\/www.laguiadepamplona.com\\\/actualidad\\\/?s={search_term_string}\"},\"query-input\":{\"@type\":\"PropertyValueSpecification\",\"valueRequired\":true,\"valueName\":\"search_term_string\"}}],\"inLanguage\":\"es\"},{\"@type\":\"Organization\",\"@id\":\"https:\\\/\\\/www.laguiadepamplona.com\\\/actualidad\\\/#organization\",\"name\":\"La Gu\u00eda de Pamplona \\\/ Noticias\",\"url\":\"https:\\\/\\\/www.laguiadepamplona.com\\\/actualidad\\\/\",\"logo\":{\"@type\":\"ImageObject\",\"inLanguage\":\"es\",\"@id\":\"https:\\\/\\\/www.laguiadepamplona.com\\\/actualidad\\\/#\\\/schema\\\/logo\\\/image\\\/\",\"url\":\"https:\\\/\\\/www.laguiadepamplona.com\\\/actualidad\\\/wp-content\\\/uploads\\\/2018\\\/11\\\/logo-laguiadepamplona18-web1.png\",\"contentUrl\":\"https:\\\/\\\/www.laguiadepamplona.com\\\/actualidad\\\/wp-content\\\/uploads\\\/2018\\\/11\\\/logo-laguiadepamplona18-web1.png\",\"width\":600,\"height\":196,\"caption\":\"La Gu\u00eda de Pamplona \\\/ Noticias\"},\"image\":{\"@id\":\"https:\\\/\\\/www.laguiadepamplona.com\\\/actualidad\\\/#\\\/schema\\\/logo\\\/image\\\/\"},\"sameAs\":[\"https:\\\/\\\/www.facebook.com\\\/laguiadepamplonacom-133175176762273\\\/?ref=hl\",\"https:\\\/\\\/x.com\\\/LaGuiadPamplona\",\"https:\\\/\\\/www.instagram.com\\\/la_guia_de_pamplona\\\/\",\"https:\\\/\\\/www.youtube.com\\\/user\\\/laguiadepamplona\"]},{\"@type\":\"Person\",\"@id\":\"https:\\\/\\\/www.laguiadepamplona.com\\\/actualidad\\\/#\\\/schema\\\/person\\\/efe887376f0213d4657c93adc50b1fdb\",\"name\":\"La Gu\u00eda de Pamplona\",\"image\":{\"@type\":\"ImageObject\",\"inLanguage\":\"es\",\"@id\":\"https:\\\/\\\/secure.gravatar.com\\\/avatar\\\/b6992f131dc8d30ab0dff15446e9d346d9dbd95992de0fef795073f5ea83a81c?s=96&d=mm&r=g\",\"url\":\"https:\\\/\\\/secure.gravatar.com\\\/avatar\\\/b6992f131dc8d30ab0dff15446e9d346d9dbd95992de0fef795073f5ea83a81c?s=96&d=mm&r=g\",\"contentUrl\":\"https:\\\/\\\/secure.gravatar.com\\\/avatar\\\/b6992f131dc8d30ab0dff15446e9d346d9dbd95992de0fef795073f5ea83a81c?s=96&d=mm&r=g\",\"caption\":\"La Gu\u00eda de Pamplona\"}}]}<\/script>\n<!-- \/ Yoast SEO plugin. -->","yoast_head_json":{"title":"El nuevo Polideportivo municipal en Buztintxuri ser\u00e1 un gran pabell\u00f3n inteligente, sostenible y eficiente desde el punto de vista energ\u00e9tico","description":"La Junta de Gobierno Local adjudica a OM ARQ la redacci\u00f3n del proyecto y la direcci\u00f3n de las obras de construcci\u00f3n de sus casi 4.000 m2 de superficie","robots":{"index":"index","follow":"follow","max-snippet":"max-snippet:-1","max-image-preview":"max-image-preview:large","max-video-preview":"max-video-preview:-1"},"canonical":"https:\/\/www.laguiadepamplona.com\/actualidad\/el-nuevo-polideportivo-municipal-en-buztintxuri-sera-un-gran-pabellon-inteligente-sostenible-y-eficiente-desde-el-punto-de-vista-energetico\/","og_locale":"es_ES","og_type":"article","og_title":"El nuevo Polideportivo municipal en Buztintxuri ser\u00e1 un gran pabell\u00f3n inteligente, sostenible y eficiente desde el punto de vista energ\u00e9tico","og_description":"La Junta de Gobierno Local adjudica a OM ARQ la redacci\u00f3n del proyecto y la direcci\u00f3n de las obras de construcci\u00f3n de sus casi 4.000 m2 de superficie","og_url":"https:\/\/www.laguiadepamplona.com\/actualidad\/el-nuevo-polideportivo-municipal-en-buztintxuri-sera-un-gran-pabellon-inteligente-sostenible-y-eficiente-desde-el-punto-de-vista-energetico\/","og_site_name":"La Gu\u00eda de Pamplona","article_publisher":"https:\/\/www.facebook.com\/laguiadepamplonacom-133175176762273\/?ref=hl","article_published_time":"2021-10-07T11:36:52+00:00","article_modified_time":"2023-04-11T09:48:54+00:00","og_image":[{"width":1396,"height":738,"url":"https:\/\/www.laguiadepamplona.com\/actualidad\/wp-content\/uploads\/2021\/10\/polideportivo.jpg","type":"image\/jpeg"}],"author":"La Gu\u00eda de Pamplona","twitter_card":"summary_large_image","twitter_creator":"@LaGuiadPamplona","twitter_site":"@LaGuiadPamplona","twitter_misc":{"Escrito por":"La Gu\u00eda de Pamplona","Tiempo de lectura":"4 minutos"},"schema":{"@context":"https:\/\/schema.org","@graph":[{"@type":"Article","@id":"https:\/\/www.laguiadepamplona.com\/actualidad\/el-nuevo-polideportivo-municipal-en-buztintxuri-sera-un-gran-pabellon-inteligente-sostenible-y-eficiente-desde-el-punto-de-vista-energetico\/#article","isPartOf":{"@id":"https:\/\/www.laguiadepamplona.com\/actualidad\/el-nuevo-polideportivo-municipal-en-buztintxuri-sera-un-gran-pabellon-inteligente-sostenible-y-eficiente-desde-el-punto-de-vista-energetico\/"},"author":{"name":"La Gu\u00eda de Pamplona","@id":"https:\/\/www.laguiadepamplona.com\/actualidad\/#\/schema\/person\/efe887376f0213d4657c93adc50b1fdb"},"headline":"El nuevo Polideportivo municipal en Buztintxuri ser\u00e1 un gran pabell\u00f3n inteligente, sostenible y eficiente desde el punto de vista energ\u00e9tico","datePublished":"2021-10-07T11:36:52+00:00","dateModified":"2023-04-11T09:48:54+00:00","mainEntityOfPage":{"@id":"https:\/\/www.laguiadepamplona.com\/actualidad\/el-nuevo-polideportivo-municipal-en-buztintxuri-sera-un-gran-pabellon-inteligente-sostenible-y-eficiente-desde-el-punto-de-vista-energetico\/"},"wordCount":950,"commentCount":0,"publisher":{"@id":"https:\/\/www.laguiadepamplona.com\/actualidad\/#organization"},"image":{"@id":"https:\/\/www.laguiadepamplona.com\/actualidad\/el-nuevo-polideportivo-municipal-en-buztintxuri-sera-un-gran-pabellon-inteligente-sostenible-y-eficiente-desde-el-punto-de-vista-energetico\/#primaryimage"},"thumbnailUrl":"https:\/\/www.laguiadepamplona.com\/actualidad\/wp-content\/uploads\/2021\/10\/polideportivo.jpg","articleSection":["Ayto Pamplona"],"inLanguage":"es","potentialAction":[{"@type":"CommentAction","name":"Comment","target":["https:\/\/www.laguiadepamplona.com\/actualidad\/el-nuevo-polideportivo-municipal-en-buztintxuri-sera-un-gran-pabellon-inteligente-sostenible-y-eficiente-desde-el-punto-de-vista-energetico\/#respond"]}]},{"@type":"WebPage","@id":"https:\/\/www.laguiadepamplona.com\/actualidad\/el-nuevo-polideportivo-municipal-en-buztintxuri-sera-un-gran-pabellon-inteligente-sostenible-y-eficiente-desde-el-punto-de-vista-energetico\/","url":"https:\/\/www.laguiadepamplona.com\/actualidad\/el-nuevo-polideportivo-municipal-en-buztintxuri-sera-un-gran-pabellon-inteligente-sostenible-y-eficiente-desde-el-punto-de-vista-energetico\/","name":"El nuevo Polideportivo municipal en Buztintxuri ser\u00e1 un gran pabell\u00f3n inteligente, sostenible y eficiente desde el punto de vista energ\u00e9tico","isPartOf":{"@id":"https:\/\/www.laguiadepamplona.com\/actualidad\/#website"},"primaryImageOfPage":{"@id":"https:\/\/www.laguiadepamplona.com\/actualidad\/el-nuevo-polideportivo-municipal-en-buztintxuri-sera-un-gran-pabellon-inteligente-sostenible-y-eficiente-desde-el-punto-de-vista-energetico\/#primaryimage"},"image":{"@id":"https:\/\/www.laguiadepamplona.com\/actualidad\/el-nuevo-polideportivo-municipal-en-buztintxuri-sera-un-gran-pabellon-inteligente-sostenible-y-eficiente-desde-el-punto-de-vista-energetico\/#primaryimage"},"thumbnailUrl":"https:\/\/www.laguiadepamplona.com\/actualidad\/wp-content\/uploads\/2021\/10\/polideportivo.jpg","datePublished":"2021-10-07T11:36:52+00:00","dateModified":"2023-04-11T09:48:54+00:00","description":"La Junta de Gobierno Local adjudica a OM ARQ la redacci\u00f3n del proyecto y la direcci\u00f3n de las obras de construcci\u00f3n de sus casi 4.000 m2 de superficie","breadcrumb":{"@id":"https:\/\/www.laguiadepamplona.com\/actualidad\/el-nuevo-polideportivo-municipal-en-buztintxuri-sera-un-gran-pabellon-inteligente-sostenible-y-eficiente-desde-el-punto-de-vista-energetico\/#breadcrumb"},"inLanguage":"es","potentialAction":[{"@type":"ReadAction","target":["https:\/\/www.laguiadepamplona.com\/actualidad\/el-nuevo-polideportivo-municipal-en-buztintxuri-sera-un-gran-pabellon-inteligente-sostenible-y-eficiente-desde-el-punto-de-vista-energetico\/"]}]},{"@type":"ImageObject","inLanguage":"es","@id":"https:\/\/www.laguiadepamplona.com\/actualidad\/el-nuevo-polideportivo-municipal-en-buztintxuri-sera-un-gran-pabellon-inteligente-sostenible-y-eficiente-desde-el-punto-de-vista-energetico\/#primaryimage","url":"https:\/\/www.laguiadepamplona.com\/actualidad\/wp-content\/uploads\/2021\/10\/polideportivo.jpg","contentUrl":"https:\/\/www.laguiadepamplona.com\/actualidad\/wp-content\/uploads\/2021\/10\/polideportivo.jpg","width":1396,"height":738},{"@type":"BreadcrumbList","@id":"https:\/\/www.laguiadepamplona.com\/actualidad\/el-nuevo-polideportivo-municipal-en-buztintxuri-sera-un-gran-pabellon-inteligente-sostenible-y-eficiente-desde-el-punto-de-vista-energetico\/#breadcrumb","itemListElement":[{"@type":"ListItem","position":1,"name":"Portada","item":"https:\/\/www.laguiadepamplona.com\/actualidad\/"},{"@type":"ListItem","position":2,"name":"El nuevo Polideportivo municipal en Buztintxuri ser\u00e1 un gran pabell\u00f3n inteligente, sostenible y eficiente desde el punto de vista energ\u00e9tico"}]},{"@type":"WebSite","@id":"https:\/\/www.laguiadepamplona.com\/actualidad\/#website","url":"https:\/\/www.laguiadepamplona.com\/actualidad\/","name":"La gu\u00eda de Pamplona","description":"Noticias de Pamplona","publisher":{"@id":"https:\/\/www.laguiadepamplona.com\/actualidad\/#organization"},"potentialAction":[{"@type":"SearchAction","target":{"@type":"EntryPoint","urlTemplate":"https:\/\/www.laguiadepamplona.com\/actualidad\/?s={search_term_string}"},"query-input":{"@type":"PropertyValueSpecification","valueRequired":true,"valueName":"search_term_string"}}],"inLanguage":"es"},{"@type":"Organization","@id":"https:\/\/www.laguiadepamplona.com\/actualidad\/#organization","name":"La Gu\u00eda de Pamplona \/ Noticias","url":"https:\/\/www.laguiadepamplona.com\/actualidad\/","logo":{"@type":"ImageObject","inLanguage":"es","@id":"https:\/\/www.laguiadepamplona.com\/actualidad\/#\/schema\/logo\/image\/","url":"https:\/\/www.laguiadepamplona.com\/actualidad\/wp-content\/uploads\/2018\/11\/logo-laguiadepamplona18-web1.png","contentUrl":"https:\/\/www.laguiadepamplona.com\/actualidad\/wp-content\/uploads\/2018\/11\/logo-laguiadepamplona18-web1.png","width":600,"height":196,"caption":"La Gu\u00eda de Pamplona \/ Noticias"},"image":{"@id":"https:\/\/www.laguiadepamplona.com\/actualidad\/#\/schema\/logo\/image\/"},"sameAs":["https:\/\/www.facebook.com\/laguiadepamplonacom-133175176762273\/?ref=hl","https:\/\/x.com\/LaGuiadPamplona","https:\/\/www.instagram.com\/la_guia_de_pamplona\/","https:\/\/www.youtube.com\/user\/laguiadepamplona"]},{"@type":"Person","@id":"https:\/\/www.laguiadepamplona.com\/actualidad\/#\/schema\/person\/efe887376f0213d4657c93adc50b1fdb","name":"La Gu\u00eda de Pamplona","image":{"@type":"ImageObject","inLanguage":"es","@id":"https:\/\/secure.gravatar.com\/avatar\/b6992f131dc8d30ab0dff15446e9d346d9dbd95992de0fef795073f5ea83a81c?s=96&d=mm&r=g","url":"https:\/\/secure.gravatar.com\/avatar\/b6992f131dc8d30ab0dff15446e9d346d9dbd95992de0fef795073f5ea83a81c?s=96&d=mm&r=g","contentUrl":"https:\/\/secure.gravatar.com\/avatar\/b6992f131dc8d30ab0dff15446e9d346d9dbd95992de0fef795073f5ea83a81c?s=96&d=mm&r=g","caption":"La Gu\u00eda de Pamplona"}}]}},"post_mailing_queue_ids":[],"_links":{"self":[{"href":"https:\/\/www.laguiadepamplona.com\/actualidad\/wp-json\/wp\/v2\/posts\/36863","targetHints":{"allow":["GET"]}}],"collection":[{"href":"https:\/\/www.laguiadepamplona.com\/actualidad\/wp-json\/wp\/v2\/posts"}],"about":[{"href":"https:\/\/www.laguiadepamplona.com\/actualidad\/wp-json\/wp\/v2\/types\/post"}],"author":[{"embeddable":true,"href":"https:\/\/www.laguiadepamplona.com\/actualidad\/wp-json\/wp\/v2\/users\/1"}],"replies":[{"embeddable":true,"href":"https:\/\/www.laguiadepamplona.com\/actualidad\/wp-json\/wp\/v2\/comments?post=36863"}],"version-history":[{"count":0,"href":"https:\/\/www.laguiadepamplona.com\/actualidad\/wp-json\/wp\/v2\/posts\/36863\/revisions"}],"wp:featuredmedia":[{"embeddable":true,"href":"https:\/\/www.laguiadepamplona.com\/actualidad\/wp-json\/wp\/v2\/media\/36864"}],"wp:attachment":[{"href":"https:\/\/www.laguiadepamplona.com\/actualidad\/wp-json\/wp\/v2\/media?parent=36863"}],"wp:term":[{"taxonomy":"category","embeddable":true,"href":"https:\/\/www.laguiadepamplona.com\/actualidad\/wp-json\/wp\/v2\/categories?post=36863"},{"taxonomy":"post_tag","embeddable":true,"href":"https:\/\/www.laguiadepamplona.com\/actualidad\/wp-json\/wp\/v2\/tags?post=36863"}],"curies":[{"name":"wp","href":"https:\/\/api.w.org\/{rel}","templated":true}]}}