{"id":36857,"date":"2021-10-06T13:37:03","date_gmt":"2021-10-06T11:37:03","guid":{"rendered":"https:\/\/www.laguiadepamplona.com\/actualidad\/?p=36857"},"modified":"2023-04-11T11:48:54","modified_gmt":"2023-04-11T09:48:54","slug":"convocado-el-concurso-de-fotografia-enfoca-2021-que-servira-ademas-para-seleccionar-las-imagenes-que-ilustraran-el-calendario-municipal-del-ano-que-viene","status":"publish","type":"post","link":"https:\/\/www.laguiadepamplona.com\/actualidad\/convocado-el-concurso-de-fotografia-enfoca-2021-que-servira-ademas-para-seleccionar-las-imagenes-que-ilustraran-el-calendario-municipal-del-ano-que-viene\/","title":{"rendered":"Convocado el concurso de fotograf\u00eda Enfoca 2021 que servir\u00e1, adem\u00e1s, para seleccionar las im\u00e1genes que ilustrar\u00e1n el calendario municipal del a\u00f1o que viene"},"content":{"rendered":"<h5>La inscripci\u00f3n y presentaci\u00f3n de fotos, una por autor, se realizar\u00e1 mediante un <a href=\"http:\/\/www.pamplonaescultura.es\/convocatoria-para-el-concurso-enfoca-pamplona-2021\/\" target=\"_blank\" rel=\"noopener\">formulario on line<\/a>, en un plazo que concluye el 30 de octubre a las 21 horas<\/h5>\n<p><!--more--><\/p>\n<p>El Ayuntamiento de Pamplona, a trav\u00e9s de la red Civivox, organiza un a\u00f1o m\u00e1s el concurso de fotograf\u00eda Enfoca 2021. Una convocatoria que busca fotograf\u00edas de Pamplona que reflejen una mirada personal de la ciudad. Este concurso sirve, adem\u00e1s, para seleccionar las doce fotograf\u00edas que ilustrar\u00e1n el tradicional calendario municipal que se reparte gratuitamente a la ciudadan\u00eda en el mes de diciembre. El a\u00f1o pasado se recibieron un total de 741 fotograf\u00edas de 291 autores.<\/p>\n<p><script async src=\"\/\/pagead2.googlesyndication.com\/pagead\/js\/adsbygoogle.js\"><\/script><br \/>\n<!-- Noticias La Guia de Pamplona --><br \/>\n<ins class=\"adsbygoogle\"\nstyle=\"display:block\"\ndata-ad-client=\"ca-pub-6943679897239327\"\ndata-ad-slot=\"7048180777\"\ndata-ad-format=\"auto\"><\/ins><br \/>\n<script>\n(adsbygoogle = window.adsbygoogle || []).push({});\n<\/script><\/p>\n<p>Una de las novedades de esta edici\u00f3n tiene que ver con la inscripci\u00f3n al concurso, que se debe realizar on line a trav\u00e9s de un <a href=\"http:\/\/www.pamplonaescultura.es\/convocatoria-para-el-concurso-enfoca-pamplona-2021\/\" target=\"_blank\" rel=\"noopener\">formulario<\/a> en la web\u00a0 <a href=\"http:\/\/www.pamplonaescultura.es\" target=\"_blank\" rel=\"noopener\">www.pamplonaescultura.es<\/a>, donde tambi\u00e9n se podr\u00e1n consultar las bases de esta convocatoria. Se podr\u00e1 presentar una fotograf\u00eda in\u00e9dita por persona y no se admitir\u00e1n a concurso fotograf\u00edas ya publicadas o premiadas en otros cert\u00e1menes. La t\u00e9cnica es libre y \u00fanicamente se podr\u00e1n presentar en formato digital. En concreto, en formato JPEG (resoluci\u00f3n de al menos 72ppp), con peso m\u00e1ximo de 2MB y un tama\u00f1o de 28 x 38 cent\u00edmetros (vertical u horizontal).<\/p>\n<p>Para facilitar el trabajo del jurado t\u00e9cnico, quien presenta las fotograf\u00edas se hace responsable de la autorizaci\u00f3n y\/o consentimiento de la persona o personas que aparecen en ellas. En el formulario de inscripci\u00f3n online se registrar\u00e1n los datos personas, fecha y lugar de nacimiento, direcci\u00f3n, tel\u00e9fono y correo electr\u00f3nico. Adem\u00e1s, se deber\u00e1 indicar la fecha de realizaci\u00f3n de la instant\u00e1nea, el lugar exacto y una breve descripci\u00f3n de la fotograf\u00eda.<\/p>\n<p><script async src=\"\/\/pagead2.googlesyndication.com\/pagead\/js\/adsbygoogle.js\"><\/script><br \/>\n<!-- Noticias La Guia de Pamplona --><br \/>\n<ins class=\"adsbygoogle\"\nstyle=\"display:block\"\ndata-ad-client=\"ca-pub-6943679897239327\"\ndata-ad-slot=\"7048180777\"\ndata-ad-format=\"auto\"><\/ins><br \/>\n<script>\n(adsbygoogle = window.adsbygoogle || []).push({});\n<\/script><\/p>\n<p>El concurso establece tres premios a las tres mejores fotograf\u00edas de 900, 600 y 500 euros, respectivamente. Adem\u00e1s, se seleccionar\u00e1n las doce im\u00e1genes que ilustrar\u00e1n el calendario municipal de 2022. Cada una de ellas obtendr\u00e1 un premio de 150 euros. Si el jurado lo considera oportuno, podr\u00e1 conceder hasta un m\u00e1ximo de cinco menciones especiales. Las fotograf\u00edas premiadas y sus derechos de uso pasar\u00e1n a ser propiedad del Ayuntamiento de Pamplona. Se prev\u00e9 que los premios se entreguen en diciembre, mes en el que se abrir\u00e1 al p\u00fablico una exposici\u00f3n con una selecci\u00f3n de las fotograf\u00edas presentadas. El jurado t\u00e9cnico estar\u00e1 formado por profesionales de la fotograf\u00eda y personal t\u00e9cnico del Ayuntamiento de Pamplona.<\/p>\n","protected":false},"excerpt":{"rendered":"<p>La inscripci\u00f3n y presentaci\u00f3n de fotos, una por autor, se realizar\u00e1 mediante un formulario on line, en un plazo que concluye el 30 de octubre a las 21 horas<\/p>\n","protected":false},"author":1,"featured_media":36858,"comment_status":"open","ping_status":"closed","sticky":false,"template":"","format":"standard","meta":{"footnotes":""},"categories":[2],"tags":[],"class_list":["post-36857","post","type-post","status-publish","format-standard","has-post-thumbnail","hentry","category-ayuntamiento-pamplona"],"yoast_head":"<!-- This site is optimized with the Yoast SEO plugin v27.5 - https:\/\/yoast.com\/product\/yoast-seo-wordpress\/ -->\n<title>Convocado el concurso de fotograf\u00eda Enfoca 2021 que servir\u00e1, adem\u00e1s, para seleccionar las im\u00e1genes que ilustrar\u00e1n el calendario municipal del a\u00f1o que viene<\/title>\n<meta name=\"description\" content=\"La inscripci\u00f3n y presentaci\u00f3n de fotos, una por autor, se realizar\u00e1 mediante un formulario on line, en un plazo que concluye el 30 de octubre a las 21 horas\" \/>\n<meta name=\"robots\" content=\"index, follow, max-snippet:-1, max-image-preview:large, max-video-preview:-1\" \/>\n<link rel=\"canonical\" href=\"https:\/\/www.laguiadepamplona.com\/actualidad\/convocado-el-concurso-de-fotografia-enfoca-2021-que-servira-ademas-para-seleccionar-las-imagenes-que-ilustraran-el-calendario-municipal-del-ano-que-viene\/\" \/>\n<meta property=\"og:locale\" content=\"es_ES\" \/>\n<meta property=\"og:type\" content=\"article\" \/>\n<meta property=\"og:title\" content=\"Convocado el concurso de fotograf\u00eda Enfoca 2021 que servir\u00e1, adem\u00e1s, para seleccionar las im\u00e1genes que ilustrar\u00e1n el calendario municipal del a\u00f1o que viene\" \/>\n<meta property=\"og:description\" content=\"La inscripci\u00f3n y presentaci\u00f3n de fotos, una por autor, se realizar\u00e1 mediante un formulario on line, en un plazo que concluye el 30 de octubre a las 21 horas\" \/>\n<meta property=\"og:url\" content=\"https:\/\/www.laguiadepamplona.com\/actualidad\/convocado-el-concurso-de-fotografia-enfoca-2021-que-servira-ademas-para-seleccionar-las-imagenes-que-ilustraran-el-calendario-municipal-del-ano-que-viene\/\" \/>\n<meta property=\"og:site_name\" content=\"La Gu\u00eda de Pamplona\" \/>\n<meta property=\"article:publisher\" content=\"https:\/\/www.facebook.com\/laguiadepamplonacom-133175176762273\/?ref=hl\" \/>\n<meta property=\"article:published_time\" content=\"2021-10-06T11:37:03+00:00\" \/>\n<meta property=\"article:modified_time\" content=\"2023-04-11T09:48:54+00:00\" \/>\n<meta property=\"og:image\" content=\"https:\/\/www.laguiadepamplona.com\/actualidad\/wp-content\/uploads\/2021\/10\/ENFOCA-PAMPLONA-2020_PRIMER-PREMIO-870x480-1.jpg\" \/>\n\t<meta property=\"og:image:width\" content=\"870\" \/>\n\t<meta property=\"og:image:height\" content=\"480\" \/>\n\t<meta property=\"og:image:type\" content=\"image\/jpeg\" \/>\n<meta name=\"author\" content=\"La Gu\u00eda de Pamplona\" \/>\n<meta name=\"twitter:card\" content=\"summary_large_image\" \/>\n<meta name=\"twitter:creator\" content=\"@LaGuiadPamplona\" \/>\n<meta name=\"twitter:site\" content=\"@LaGuiadPamplona\" \/>\n<meta name=\"twitter:label1\" content=\"Escrito por\" \/>\n\t<meta name=\"twitter:data1\" content=\"La Gu\u00eda de Pamplona\" \/>\n\t<meta name=\"twitter:label2\" content=\"Tiempo de lectura\" \/>\n\t<meta name=\"twitter:data2\" content=\"2 minutos\" \/>\n<script type=\"application\/ld+json\" class=\"yoast-schema-graph\">{\"@context\":\"https:\\\/\\\/schema.org\",\"@graph\":[{\"@type\":\"Article\",\"@id\":\"https:\\\/\\\/www.laguiadepamplona.com\\\/actualidad\\\/convocado-el-concurso-de-fotografia-enfoca-2021-que-servira-ademas-para-seleccionar-las-imagenes-que-ilustraran-el-calendario-municipal-del-ano-que-viene\\\/#article\",\"isPartOf\":{\"@id\":\"https:\\\/\\\/www.laguiadepamplona.com\\\/actualidad\\\/convocado-el-concurso-de-fotografia-enfoca-2021-que-servira-ademas-para-seleccionar-las-imagenes-que-ilustraran-el-calendario-municipal-del-ano-que-viene\\\/\"},\"author\":{\"name\":\"La Gu\u00eda de Pamplona\",\"@id\":\"https:\\\/\\\/www.laguiadepamplona.com\\\/actualidad\\\/#\\\/schema\\\/person\\\/efe887376f0213d4657c93adc50b1fdb\"},\"headline\":\"Convocado el concurso de fotograf\u00eda Enfoca 2021 que servir\u00e1, adem\u00e1s, para seleccionar las im\u00e1genes que ilustrar\u00e1n el calendario municipal del a\u00f1o que viene\",\"datePublished\":\"2021-10-06T11:37:03+00:00\",\"dateModified\":\"2023-04-11T09:48:54+00:00\",\"mainEntityOfPage\":{\"@id\":\"https:\\\/\\\/www.laguiadepamplona.com\\\/actualidad\\\/convocado-el-concurso-de-fotografia-enfoca-2021-que-servira-ademas-para-seleccionar-las-imagenes-que-ilustraran-el-calendario-municipal-del-ano-que-viene\\\/\"},\"wordCount\":463,\"commentCount\":0,\"publisher\":{\"@id\":\"https:\\\/\\\/www.laguiadepamplona.com\\\/actualidad\\\/#organization\"},\"image\":{\"@id\":\"https:\\\/\\\/www.laguiadepamplona.com\\\/actualidad\\\/convocado-el-concurso-de-fotografia-enfoca-2021-que-servira-ademas-para-seleccionar-las-imagenes-que-ilustraran-el-calendario-municipal-del-ano-que-viene\\\/#primaryimage\"},\"thumbnailUrl\":\"https:\\\/\\\/www.laguiadepamplona.com\\\/actualidad\\\/wp-content\\\/uploads\\\/2021\\\/10\\\/ENFOCA-PAMPLONA-2020_PRIMER-PREMIO-870x480-1.jpg\",\"articleSection\":[\"Ayto Pamplona\"],\"inLanguage\":\"es\",\"potentialAction\":[{\"@type\":\"CommentAction\",\"name\":\"Comment\",\"target\":[\"https:\\\/\\\/www.laguiadepamplona.com\\\/actualidad\\\/convocado-el-concurso-de-fotografia-enfoca-2021-que-servira-ademas-para-seleccionar-las-imagenes-que-ilustraran-el-calendario-municipal-del-ano-que-viene\\\/#respond\"]}]},{\"@type\":\"WebPage\",\"@id\":\"https:\\\/\\\/www.laguiadepamplona.com\\\/actualidad\\\/convocado-el-concurso-de-fotografia-enfoca-2021-que-servira-ademas-para-seleccionar-las-imagenes-que-ilustraran-el-calendario-municipal-del-ano-que-viene\\\/\",\"url\":\"https:\\\/\\\/www.laguiadepamplona.com\\\/actualidad\\\/convocado-el-concurso-de-fotografia-enfoca-2021-que-servira-ademas-para-seleccionar-las-imagenes-que-ilustraran-el-calendario-municipal-del-ano-que-viene\\\/\",\"name\":\"Convocado el concurso de fotograf\u00eda Enfoca 2021 que servir\u00e1, adem\u00e1s, para seleccionar las im\u00e1genes que ilustrar\u00e1n el calendario municipal del a\u00f1o que viene\",\"isPartOf\":{\"@id\":\"https:\\\/\\\/www.laguiadepamplona.com\\\/actualidad\\\/#website\"},\"primaryImageOfPage\":{\"@id\":\"https:\\\/\\\/www.laguiadepamplona.com\\\/actualidad\\\/convocado-el-concurso-de-fotografia-enfoca-2021-que-servira-ademas-para-seleccionar-las-imagenes-que-ilustraran-el-calendario-municipal-del-ano-que-viene\\\/#primaryimage\"},\"image\":{\"@id\":\"https:\\\/\\\/www.laguiadepamplona.com\\\/actualidad\\\/convocado-el-concurso-de-fotografia-enfoca-2021-que-servira-ademas-para-seleccionar-las-imagenes-que-ilustraran-el-calendario-municipal-del-ano-que-viene\\\/#primaryimage\"},\"thumbnailUrl\":\"https:\\\/\\\/www.laguiadepamplona.com\\\/actualidad\\\/wp-content\\\/uploads\\\/2021\\\/10\\\/ENFOCA-PAMPLONA-2020_PRIMER-PREMIO-870x480-1.jpg\",\"datePublished\":\"2021-10-06T11:37:03+00:00\",\"dateModified\":\"2023-04-11T09:48:54+00:00\",\"description\":\"La inscripci\u00f3n y presentaci\u00f3n de fotos, una por autor, se realizar\u00e1 mediante un formulario on line, en un plazo que concluye el 30 de octubre a las 21 horas\",\"breadcrumb\":{\"@id\":\"https:\\\/\\\/www.laguiadepamplona.com\\\/actualidad\\\/convocado-el-concurso-de-fotografia-enfoca-2021-que-servira-ademas-para-seleccionar-las-imagenes-que-ilustraran-el-calendario-municipal-del-ano-que-viene\\\/#breadcrumb\"},\"inLanguage\":\"es\",\"potentialAction\":[{\"@type\":\"ReadAction\",\"target\":[\"https:\\\/\\\/www.laguiadepamplona.com\\\/actualidad\\\/convocado-el-concurso-de-fotografia-enfoca-2021-que-servira-ademas-para-seleccionar-las-imagenes-que-ilustraran-el-calendario-municipal-del-ano-que-viene\\\/\"]}]},{\"@type\":\"ImageObject\",\"inLanguage\":\"es\",\"@id\":\"https:\\\/\\\/www.laguiadepamplona.com\\\/actualidad\\\/convocado-el-concurso-de-fotografia-enfoca-2021-que-servira-ademas-para-seleccionar-las-imagenes-que-ilustraran-el-calendario-municipal-del-ano-que-viene\\\/#primaryimage\",\"url\":\"https:\\\/\\\/www.laguiadepamplona.com\\\/actualidad\\\/wp-content\\\/uploads\\\/2021\\\/10\\\/ENFOCA-PAMPLONA-2020_PRIMER-PREMIO-870x480-1.jpg\",\"contentUrl\":\"https:\\\/\\\/www.laguiadepamplona.com\\\/actualidad\\\/wp-content\\\/uploads\\\/2021\\\/10\\\/ENFOCA-PAMPLONA-2020_PRIMER-PREMIO-870x480-1.jpg\",\"width\":870,\"height\":480},{\"@type\":\"BreadcrumbList\",\"@id\":\"https:\\\/\\\/www.laguiadepamplona.com\\\/actualidad\\\/convocado-el-concurso-de-fotografia-enfoca-2021-que-servira-ademas-para-seleccionar-las-imagenes-que-ilustraran-el-calendario-municipal-del-ano-que-viene\\\/#breadcrumb\",\"itemListElement\":[{\"@type\":\"ListItem\",\"position\":1,\"name\":\"Portada\",\"item\":\"https:\\\/\\\/www.laguiadepamplona.com\\\/actualidad\\\/\"},{\"@type\":\"ListItem\",\"position\":2,\"name\":\"Convocado el concurso de fotograf\u00eda Enfoca 2021 que servir\u00e1, adem\u00e1s, para seleccionar las im\u00e1genes que ilustrar\u00e1n el calendario municipal del a\u00f1o que viene\"}]},{\"@type\":\"WebSite\",\"@id\":\"https:\\\/\\\/www.laguiadepamplona.com\\\/actualidad\\\/#website\",\"url\":\"https:\\\/\\\/www.laguiadepamplona.com\\\/actualidad\\\/\",\"name\":\"La gu\u00eda de Pamplona\",\"description\":\"Noticias de Pamplona\",\"publisher\":{\"@id\":\"https:\\\/\\\/www.laguiadepamplona.com\\\/actualidad\\\/#organization\"},\"potentialAction\":[{\"@type\":\"SearchAction\",\"target\":{\"@type\":\"EntryPoint\",\"urlTemplate\":\"https:\\\/\\\/www.laguiadepamplona.com\\\/actualidad\\\/?s={search_term_string}\"},\"query-input\":{\"@type\":\"PropertyValueSpecification\",\"valueRequired\":true,\"valueName\":\"search_term_string\"}}],\"inLanguage\":\"es\"},{\"@type\":\"Organization\",\"@id\":\"https:\\\/\\\/www.laguiadepamplona.com\\\/actualidad\\\/#organization\",\"name\":\"La Gu\u00eda de Pamplona \\\/ Noticias\",\"url\":\"https:\\\/\\\/www.laguiadepamplona.com\\\/actualidad\\\/\",\"logo\":{\"@type\":\"ImageObject\",\"inLanguage\":\"es\",\"@id\":\"https:\\\/\\\/www.laguiadepamplona.com\\\/actualidad\\\/#\\\/schema\\\/logo\\\/image\\\/\",\"url\":\"https:\\\/\\\/www.laguiadepamplona.com\\\/actualidad\\\/wp-content\\\/uploads\\\/2018\\\/11\\\/logo-laguiadepamplona18-web1.png\",\"contentUrl\":\"https:\\\/\\\/www.laguiadepamplona.com\\\/actualidad\\\/wp-content\\\/uploads\\\/2018\\\/11\\\/logo-laguiadepamplona18-web1.png\",\"width\":600,\"height\":196,\"caption\":\"La Gu\u00eda de Pamplona \\\/ Noticias\"},\"image\":{\"@id\":\"https:\\\/\\\/www.laguiadepamplona.com\\\/actualidad\\\/#\\\/schema\\\/logo\\\/image\\\/\"},\"sameAs\":[\"https:\\\/\\\/www.facebook.com\\\/laguiadepamplonacom-133175176762273\\\/?ref=hl\",\"https:\\\/\\\/x.com\\\/LaGuiadPamplona\",\"https:\\\/\\\/www.instagram.com\\\/la_guia_de_pamplona\\\/\",\"https:\\\/\\\/www.youtube.com\\\/user\\\/laguiadepamplona\"]},{\"@type\":\"Person\",\"@id\":\"https:\\\/\\\/www.laguiadepamplona.com\\\/actualidad\\\/#\\\/schema\\\/person\\\/efe887376f0213d4657c93adc50b1fdb\",\"name\":\"La Gu\u00eda de Pamplona\",\"image\":{\"@type\":\"ImageObject\",\"inLanguage\":\"es\",\"@id\":\"https:\\\/\\\/secure.gravatar.com\\\/avatar\\\/b6992f131dc8d30ab0dff15446e9d346d9dbd95992de0fef795073f5ea83a81c?s=96&d=mm&r=g\",\"url\":\"https:\\\/\\\/secure.gravatar.com\\\/avatar\\\/b6992f131dc8d30ab0dff15446e9d346d9dbd95992de0fef795073f5ea83a81c?s=96&d=mm&r=g\",\"contentUrl\":\"https:\\\/\\\/secure.gravatar.com\\\/avatar\\\/b6992f131dc8d30ab0dff15446e9d346d9dbd95992de0fef795073f5ea83a81c?s=96&d=mm&r=g\",\"caption\":\"La Gu\u00eda de Pamplona\"}}]}<\/script>\n<!-- \/ Yoast SEO plugin. -->","yoast_head_json":{"title":"Convocado el concurso de fotograf\u00eda Enfoca 2021 que servir\u00e1, adem\u00e1s, para seleccionar las im\u00e1genes que ilustrar\u00e1n el calendario municipal del a\u00f1o que viene","description":"La inscripci\u00f3n y presentaci\u00f3n de fotos, una por autor, se realizar\u00e1 mediante un formulario on line, en un plazo que concluye el 30 de octubre a las 21 horas","robots":{"index":"index","follow":"follow","max-snippet":"max-snippet:-1","max-image-preview":"max-image-preview:large","max-video-preview":"max-video-preview:-1"},"canonical":"https:\/\/www.laguiadepamplona.com\/actualidad\/convocado-el-concurso-de-fotografia-enfoca-2021-que-servira-ademas-para-seleccionar-las-imagenes-que-ilustraran-el-calendario-municipal-del-ano-que-viene\/","og_locale":"es_ES","og_type":"article","og_title":"Convocado el concurso de fotograf\u00eda Enfoca 2021 que servir\u00e1, adem\u00e1s, para seleccionar las im\u00e1genes que ilustrar\u00e1n el calendario municipal del a\u00f1o que viene","og_description":"La inscripci\u00f3n y presentaci\u00f3n de fotos, una por autor, se realizar\u00e1 mediante un formulario on line, en un plazo que concluye el 30 de octubre a las 21 horas","og_url":"https:\/\/www.laguiadepamplona.com\/actualidad\/convocado-el-concurso-de-fotografia-enfoca-2021-que-servira-ademas-para-seleccionar-las-imagenes-que-ilustraran-el-calendario-municipal-del-ano-que-viene\/","og_site_name":"La Gu\u00eda de Pamplona","article_publisher":"https:\/\/www.facebook.com\/laguiadepamplonacom-133175176762273\/?ref=hl","article_published_time":"2021-10-06T11:37:03+00:00","article_modified_time":"2023-04-11T09:48:54+00:00","og_image":[{"width":870,"height":480,"url":"https:\/\/www.laguiadepamplona.com\/actualidad\/wp-content\/uploads\/2021\/10\/ENFOCA-PAMPLONA-2020_PRIMER-PREMIO-870x480-1.jpg","type":"image\/jpeg"}],"author":"La Gu\u00eda de Pamplona","twitter_card":"summary_large_image","twitter_creator":"@LaGuiadPamplona","twitter_site":"@LaGuiadPamplona","twitter_misc":{"Escrito por":"La Gu\u00eda de Pamplona","Tiempo de lectura":"2 minutos"},"schema":{"@context":"https:\/\/schema.org","@graph":[{"@type":"Article","@id":"https:\/\/www.laguiadepamplona.com\/actualidad\/convocado-el-concurso-de-fotografia-enfoca-2021-que-servira-ademas-para-seleccionar-las-imagenes-que-ilustraran-el-calendario-municipal-del-ano-que-viene\/#article","isPartOf":{"@id":"https:\/\/www.laguiadepamplona.com\/actualidad\/convocado-el-concurso-de-fotografia-enfoca-2021-que-servira-ademas-para-seleccionar-las-imagenes-que-ilustraran-el-calendario-municipal-del-ano-que-viene\/"},"author":{"name":"La Gu\u00eda de Pamplona","@id":"https:\/\/www.laguiadepamplona.com\/actualidad\/#\/schema\/person\/efe887376f0213d4657c93adc50b1fdb"},"headline":"Convocado el concurso de fotograf\u00eda Enfoca 2021 que servir\u00e1, adem\u00e1s, para seleccionar las im\u00e1genes que ilustrar\u00e1n el calendario municipal del a\u00f1o que viene","datePublished":"2021-10-06T11:37:03+00:00","dateModified":"2023-04-11T09:48:54+00:00","mainEntityOfPage":{"@id":"https:\/\/www.laguiadepamplona.com\/actualidad\/convocado-el-concurso-de-fotografia-enfoca-2021-que-servira-ademas-para-seleccionar-las-imagenes-que-ilustraran-el-calendario-municipal-del-ano-que-viene\/"},"wordCount":463,"commentCount":0,"publisher":{"@id":"https:\/\/www.laguiadepamplona.com\/actualidad\/#organization"},"image":{"@id":"https:\/\/www.laguiadepamplona.com\/actualidad\/convocado-el-concurso-de-fotografia-enfoca-2021-que-servira-ademas-para-seleccionar-las-imagenes-que-ilustraran-el-calendario-municipal-del-ano-que-viene\/#primaryimage"},"thumbnailUrl":"https:\/\/www.laguiadepamplona.com\/actualidad\/wp-content\/uploads\/2021\/10\/ENFOCA-PAMPLONA-2020_PRIMER-PREMIO-870x480-1.jpg","articleSection":["Ayto Pamplona"],"inLanguage":"es","potentialAction":[{"@type":"CommentAction","name":"Comment","target":["https:\/\/www.laguiadepamplona.com\/actualidad\/convocado-el-concurso-de-fotografia-enfoca-2021-que-servira-ademas-para-seleccionar-las-imagenes-que-ilustraran-el-calendario-municipal-del-ano-que-viene\/#respond"]}]},{"@type":"WebPage","@id":"https:\/\/www.laguiadepamplona.com\/actualidad\/convocado-el-concurso-de-fotografia-enfoca-2021-que-servira-ademas-para-seleccionar-las-imagenes-que-ilustraran-el-calendario-municipal-del-ano-que-viene\/","url":"https:\/\/www.laguiadepamplona.com\/actualidad\/convocado-el-concurso-de-fotografia-enfoca-2021-que-servira-ademas-para-seleccionar-las-imagenes-que-ilustraran-el-calendario-municipal-del-ano-que-viene\/","name":"Convocado el concurso de fotograf\u00eda Enfoca 2021 que servir\u00e1, adem\u00e1s, para seleccionar las im\u00e1genes que ilustrar\u00e1n el calendario municipal del a\u00f1o que viene","isPartOf":{"@id":"https:\/\/www.laguiadepamplona.com\/actualidad\/#website"},"primaryImageOfPage":{"@id":"https:\/\/www.laguiadepamplona.com\/actualidad\/convocado-el-concurso-de-fotografia-enfoca-2021-que-servira-ademas-para-seleccionar-las-imagenes-que-ilustraran-el-calendario-municipal-del-ano-que-viene\/#primaryimage"},"image":{"@id":"https:\/\/www.laguiadepamplona.com\/actualidad\/convocado-el-concurso-de-fotografia-enfoca-2021-que-servira-ademas-para-seleccionar-las-imagenes-que-ilustraran-el-calendario-municipal-del-ano-que-viene\/#primaryimage"},"thumbnailUrl":"https:\/\/www.laguiadepamplona.com\/actualidad\/wp-content\/uploads\/2021\/10\/ENFOCA-PAMPLONA-2020_PRIMER-PREMIO-870x480-1.jpg","datePublished":"2021-10-06T11:37:03+00:00","dateModified":"2023-04-11T09:48:54+00:00","description":"La inscripci\u00f3n y presentaci\u00f3n de fotos, una por autor, se realizar\u00e1 mediante un formulario on line, en un plazo que concluye el 30 de octubre a las 21 horas","breadcrumb":{"@id":"https:\/\/www.laguiadepamplona.com\/actualidad\/convocado-el-concurso-de-fotografia-enfoca-2021-que-servira-ademas-para-seleccionar-las-imagenes-que-ilustraran-el-calendario-municipal-del-ano-que-viene\/#breadcrumb"},"inLanguage":"es","potentialAction":[{"@type":"ReadAction","target":["https:\/\/www.laguiadepamplona.com\/actualidad\/convocado-el-concurso-de-fotografia-enfoca-2021-que-servira-ademas-para-seleccionar-las-imagenes-que-ilustraran-el-calendario-municipal-del-ano-que-viene\/"]}]},{"@type":"ImageObject","inLanguage":"es","@id":"https:\/\/www.laguiadepamplona.com\/actualidad\/convocado-el-concurso-de-fotografia-enfoca-2021-que-servira-ademas-para-seleccionar-las-imagenes-que-ilustraran-el-calendario-municipal-del-ano-que-viene\/#primaryimage","url":"https:\/\/www.laguiadepamplona.com\/actualidad\/wp-content\/uploads\/2021\/10\/ENFOCA-PAMPLONA-2020_PRIMER-PREMIO-870x480-1.jpg","contentUrl":"https:\/\/www.laguiadepamplona.com\/actualidad\/wp-content\/uploads\/2021\/10\/ENFOCA-PAMPLONA-2020_PRIMER-PREMIO-870x480-1.jpg","width":870,"height":480},{"@type":"BreadcrumbList","@id":"https:\/\/www.laguiadepamplona.com\/actualidad\/convocado-el-concurso-de-fotografia-enfoca-2021-que-servira-ademas-para-seleccionar-las-imagenes-que-ilustraran-el-calendario-municipal-del-ano-que-viene\/#breadcrumb","itemListElement":[{"@type":"ListItem","position":1,"name":"Portada","item":"https:\/\/www.laguiadepamplona.com\/actualidad\/"},{"@type":"ListItem","position":2,"name":"Convocado el concurso de fotograf\u00eda Enfoca 2021 que servir\u00e1, adem\u00e1s, para seleccionar las im\u00e1genes que ilustrar\u00e1n el calendario municipal del a\u00f1o que viene"}]},{"@type":"WebSite","@id":"https:\/\/www.laguiadepamplona.com\/actualidad\/#website","url":"https:\/\/www.laguiadepamplona.com\/actualidad\/","name":"La gu\u00eda de Pamplona","description":"Noticias de Pamplona","publisher":{"@id":"https:\/\/www.laguiadepamplona.com\/actualidad\/#organization"},"potentialAction":[{"@type":"SearchAction","target":{"@type":"EntryPoint","urlTemplate":"https:\/\/www.laguiadepamplona.com\/actualidad\/?s={search_term_string}"},"query-input":{"@type":"PropertyValueSpecification","valueRequired":true,"valueName":"search_term_string"}}],"inLanguage":"es"},{"@type":"Organization","@id":"https:\/\/www.laguiadepamplona.com\/actualidad\/#organization","name":"La Gu\u00eda de Pamplona \/ Noticias","url":"https:\/\/www.laguiadepamplona.com\/actualidad\/","logo":{"@type":"ImageObject","inLanguage":"es","@id":"https:\/\/www.laguiadepamplona.com\/actualidad\/#\/schema\/logo\/image\/","url":"https:\/\/www.laguiadepamplona.com\/actualidad\/wp-content\/uploads\/2018\/11\/logo-laguiadepamplona18-web1.png","contentUrl":"https:\/\/www.laguiadepamplona.com\/actualidad\/wp-content\/uploads\/2018\/11\/logo-laguiadepamplona18-web1.png","width":600,"height":196,"caption":"La Gu\u00eda de Pamplona \/ Noticias"},"image":{"@id":"https:\/\/www.laguiadepamplona.com\/actualidad\/#\/schema\/logo\/image\/"},"sameAs":["https:\/\/www.facebook.com\/laguiadepamplonacom-133175176762273\/?ref=hl","https:\/\/x.com\/LaGuiadPamplona","https:\/\/www.instagram.com\/la_guia_de_pamplona\/","https:\/\/www.youtube.com\/user\/laguiadepamplona"]},{"@type":"Person","@id":"https:\/\/www.laguiadepamplona.com\/actualidad\/#\/schema\/person\/efe887376f0213d4657c93adc50b1fdb","name":"La Gu\u00eda de Pamplona","image":{"@type":"ImageObject","inLanguage":"es","@id":"https:\/\/secure.gravatar.com\/avatar\/b6992f131dc8d30ab0dff15446e9d346d9dbd95992de0fef795073f5ea83a81c?s=96&d=mm&r=g","url":"https:\/\/secure.gravatar.com\/avatar\/b6992f131dc8d30ab0dff15446e9d346d9dbd95992de0fef795073f5ea83a81c?s=96&d=mm&r=g","contentUrl":"https:\/\/secure.gravatar.com\/avatar\/b6992f131dc8d30ab0dff15446e9d346d9dbd95992de0fef795073f5ea83a81c?s=96&d=mm&r=g","caption":"La Gu\u00eda de Pamplona"}}]}},"post_mailing_queue_ids":[],"_links":{"self":[{"href":"https:\/\/www.laguiadepamplona.com\/actualidad\/wp-json\/wp\/v2\/posts\/36857","targetHints":{"allow":["GET"]}}],"collection":[{"href":"https:\/\/www.laguiadepamplona.com\/actualidad\/wp-json\/wp\/v2\/posts"}],"about":[{"href":"https:\/\/www.laguiadepamplona.com\/actualidad\/wp-json\/wp\/v2\/types\/post"}],"author":[{"embeddable":true,"href":"https:\/\/www.laguiadepamplona.com\/actualidad\/wp-json\/wp\/v2\/users\/1"}],"replies":[{"embeddable":true,"href":"https:\/\/www.laguiadepamplona.com\/actualidad\/wp-json\/wp\/v2\/comments?post=36857"}],"version-history":[{"count":0,"href":"https:\/\/www.laguiadepamplona.com\/actualidad\/wp-json\/wp\/v2\/posts\/36857\/revisions"}],"wp:featuredmedia":[{"embeddable":true,"href":"https:\/\/www.laguiadepamplona.com\/actualidad\/wp-json\/wp\/v2\/media\/36858"}],"wp:attachment":[{"href":"https:\/\/www.laguiadepamplona.com\/actualidad\/wp-json\/wp\/v2\/media?parent=36857"}],"wp:term":[{"taxonomy":"category","embeddable":true,"href":"https:\/\/www.laguiadepamplona.com\/actualidad\/wp-json\/wp\/v2\/categories?post=36857"},{"taxonomy":"post_tag","embeddable":true,"href":"https:\/\/www.laguiadepamplona.com\/actualidad\/wp-json\/wp\/v2\/tags?post=36857"}],"curies":[{"name":"wp","href":"https:\/\/api.w.org\/{rel}","templated":true}]}}