{"id":36809,"date":"2021-10-05T16:04:41","date_gmt":"2021-10-05T14:04:41","guid":{"rendered":"https:\/\/www.laguiadepamplona.com\/actualidad\/?p=36809"},"modified":"2023-04-11T11:48:55","modified_gmt":"2023-04-11T09:48:55","slug":"mas-de-108-000-personas-han-disfrutado-este-verano-del-programa-cultural-viva-pamplona-viva-organizado-por-el-ayuntamiento","status":"publish","type":"post","link":"https:\/\/www.laguiadepamplona.com\/actualidad\/mas-de-108-000-personas-han-disfrutado-este-verano-del-programa-cultural-viva-pamplona-viva-organizado-por-el-ayuntamiento\/","title":{"rendered":"M\u00e1s de 108.000 personas han disfrutado este verano del programa cultural \u00a1Viva Pamplona, viva! organizado por el Ayuntamiento"},"content":{"rendered":"<h5>Se han organizado m\u00e1s de 400 actividades entre actuaciones musicales, artes esc\u00e9nicas, talleres o exposiciones que han llegado a todos los barrios de la ciudad<\/h5>\n<p><!--more--><\/p>\n<p>Las m\u00e1s de 400 actividades culturales del programa \u2018\u00a1Viva Pamplona viva!\u2019 organizadas a lo largo de todo el verano por el Ayuntamiento de Pamplona han sumado 108.231 asistentes. Este programa se puso en marcha como respuesta a la cancelaci\u00f3n de los Sanfermines por segundo a\u00f1o consecutivo, con el objetivo de dotar a la ciudad de un paquete de propuestas culturales variadas, gratuitas en su gran mayor\u00eda, que se pudieran disfrutar en entornos que evitasen la propagaci\u00f3n del virus, y con el compromiso de que todos los d\u00edas del verano hubiera alguna actividad programada. La Ciudadela, con un escenario al aire libre y todas sus salas de exposiciones abiertas, ha sido el principal punto de encuentro de \u2018\u00a1Viva Pamplona viva!\u2019, que ha llegado tambi\u00e9n al patio del Palacio de Ezpeleta, y a multitud de plazas y parques tanto del centro de la capital, como de cada uno de sus barrios.<\/p>\n<p>El Ayuntamiento instal\u00f3 al inicio del verano un escenario al aire libre en el recinto amurallado de la Ciudadela, en una ubicaci\u00f3n que permit\u00eda controlar el aforo y distribuir a los asistentes para garantizar la distancia social recomendada. Este lugar se ha convertido en el centro de la programaci\u00f3n de \u2018\u00a1Viva Pamplona viva!\u2019, acogiendo, por ejemplo, los conciertos de \u2018Noches de Ciudadela\u2019 que ha tra\u00eddo las noches de los viernes y los s\u00e1bados a artistas de primera l\u00ednea nacional. En total, acudieron a estas citas casi 11.100 personas, con ocho citas que agotaron sus localidades y otras cuatro con un aforo superior a las 600 personas.<\/p>\n<p>El escenario al aire libre de la Ciudadela tambi\u00e9n ha acogido el espect\u00e1culo de la Comparsa \u2018Baile de gigantes\u2019. Se pon\u00eda en marcha como la \u00fanica soluci\u00f3n pr\u00e1ctica para que los m\u00e1s peque\u00f1os pudieran ver a los gigantes, cabezudos y kilikis en acci\u00f3n dos a\u00f1os despu\u00e9s respetando las medidas sanitarias vigentes. En total se programaron 18 sesiones y todas las invitaciones -distribuidas a trav\u00e9s de la web para evitar atraer a un gran n\u00famero de personas a un lugar f\u00edsico- se agotaron en pocas horas o incluso minutos, hasta completar los 14.400 asistentes.<\/p>\n<p><script async src=\"\/\/pagead2.googlesyndication.com\/pagead\/js\/adsbygoogle.js\"><\/script><br \/>\n<!-- Noticias La Guia de Pamplona --><br \/>\n<ins class=\"adsbygoogle\"\nstyle=\"display:block\"\ndata-ad-client=\"ca-pub-6943679897239327\"\ndata-ad-slot=\"7048180777\"\ndata-ad-format=\"auto\"><\/ins><br \/>\n<script>\n(adsbygoogle = window.adsbygoogle || []).push({});\n<\/script><\/p>\n<p><strong>Festivales, m\u00fasica en directo y artes circenses<\/strong><\/p>\n<p>El Festival de las Murallas volvi\u00f3 un a\u00f1o m\u00e1s a la Ciudadela con espect\u00e1culos adaptados a la normativa sanitaria vigente de los que han podido disfrutar m\u00e1s de 8.000 personas. Cabe destacar el espect\u00e1culo inaugural, de la mano del grupo local Suakai, que este a\u00f1o se traslad\u00f3 a la Vuelta del Castillo en busca de m\u00e1s espacio, y el espect\u00e1culo \u2018Volatineros\u2019, que tom\u00f3 las murallas de los fosos como escenario. Adem\u00e1s, se realizaron catorce pases de un espect\u00e1culo que homenajeaba a la funambulista pamplonesa Remigia Echarren, la \u2018Reina del Arga\u2019 en el centenario de su fallecimiento. En la recta final del verano, la Ciudadela tambi\u00e9n acogi\u00f3 el festival \u2018Musica en marcha\u2019, en el que los j\u00f3venes talentos de la ciudad pudieron actuar desde el escenario al aire libre durante dos tardes.<\/p>\n<p>El escenario de Ciudadela ha tenido una programaci\u00f3n constante a lo largo de todo el verano, ofreciendo propuestas para todos los gustos. Los \u2018Jueves de jazz\u2019 llevaron hasta el recinto amurallado cuatro conciertos, de los que disfrutaron casi 1.800 personas. Las bandas de m\u00fasica de Navarra tambi\u00e9n se subieron al escenario ofreciendo nueve conciertos de diferentes g\u00e9neros, de los que pudieron disfrutar m\u00e1s de 2.800 personas. Las asociaciones culturales de inmigrantes de la ciudad, por su parte, pudieron mostrar en este espacio su trabajo y sus tradiciones con dos ciclos en torno al folklore a los que acudieron casi 3.200 personas. \u2018Melod\u00edas del mundo\u2019, \u2018El d\u00eda de la \u00f3pera\u2019 o una cita gratuita con la Orquesta sinf\u00f3nica de Navarra fueron otras de las citas a las que dio cobijo este escenario.<\/p>\n<p>Dentro de los festivales que se han llevado a cabo en este recinto y que han contado con venta de entradas, el festival \u2018Pim Pam Ville\u2019 se celebr\u00f3 por segundo a\u00f1o consecutivo en la Ciudadela, donde congreg\u00f3 a casi un millar de personas. Este recinto nuevamente fue una de las sedes del festival \u2018Flamenco on Fire\u2019, que tambi\u00e9n hizo parada en el balc\u00f3n de la Casa Consistorial, y los palacios de Ezpeleta y Condestable, con una afluencia total de 2.330 personas.<\/p>\n<p><script async src=\"\/\/pagead2.googlesyndication.com\/pagead\/js\/adsbygoogle.js\"><\/script><br \/>\n<!-- Noticias La Guia de Pamplona --><br \/>\n<ins class=\"adsbygoogle\"\nstyle=\"display:block\"\ndata-ad-client=\"ca-pub-6943679897239327\"\ndata-ad-slot=\"7048180777\"\ndata-ad-format=\"auto\"><\/ins><br \/>\n<script>\n(adsbygoogle = window.adsbygoogle || []).push({});\n<\/script><\/p>\n<p><strong>Cultura en decenas de puntos repartidos por toda la ciudad y sus barrios<\/strong><\/p>\n<p>El Jito Alai acogi\u00f3 un a\u00f1o m\u00e1s las actuaciones del festival \u2018Danzad, danzad, malditos\u2019, con cuatro citas en las tardes de los s\u00e1bados que congregaron en total a m\u00e1s de 2.200 personas. Los viernes por la tarde, la Plaza de la O se convert\u00eda en el mejor lugar para ver \u2018Atardecer Pamplona\u2019 acompa\u00f1ados por el arte, la tecnolog\u00eda y el medio ambiente. M\u00e1s de 3.000 personas acudieron a alguna de las citas que se programaron. Otras tantas asistieron a alguno de los doce conciertos programados en varios puntos de la ciudad dentro de la iniciativa \u2018Salas de m\u00fasica en la calle\u2019. Se trataba de apoyar a los grupos locales y a los negocios de hosteler\u00eda que habitualmente programan sus conciertos, y que, debido a la pandemia, no lo hab\u00edan podido hacer en los \u00faltimos meses. Un programa de m\u00fasica en vivo al que complet\u00f3 el ciclo \u2018Enklaves\u2019, que llev\u00f3 los sonidos locales hasta puntos singulares de la ciudad, con una audiencia total de m\u00e1s de 1.600 personas.<\/p>\n<p>La Pamplonesa se ha acercado a los barrios programando a lo largo del verano ocho conciertos en otros tantos puntos, que han disfrutado m\u00e1s de dos mil personas. Casi 4.000 personas disfrutaron a lo largo del mes de agosto de una noche de cine de verano en Pamplona. El programa \u2018Noches de cine\u2019 ha cumplido este a\u00f1o su 25 aniversario demostrando su arraigo en los barrios de la ciudad, que tambi\u00e9n han sido el escenario de los 32 conciertos organizados por alguno de los grupos no profesionales del cat\u00e1logo municipal, con una afluencia total de unas 4.800 personas. Este verano, por primera vez se organiz\u00f3 un alarde de txistularis nocturno, que se program\u00f3 en la Plaza del Castillo y al que asistieron las 750 personas que permit\u00eda el l\u00edmite del aforo del recinto acotado. El parque de la Runa del barrio de la Rochapea acogi\u00f3 adem\u00e1s el festival \u2018Mujeres al frente\u2019, que congreg\u00f3 a casi 1.200 personas.<\/p>\n<p><script async src=\"\/\/pagead2.googlesyndication.com\/pagead\/js\/adsbygoogle.js\"><\/script><br \/>\n<!-- Noticias La Guia de Pamplona --><br \/>\n<ins class=\"adsbygoogle\"\nstyle=\"display:block\"\ndata-ad-client=\"ca-pub-6943679897239327\"\ndata-ad-slot=\"7048180777\"\ndata-ad-format=\"auto\"><\/ins><br \/>\n<script>\n(adsbygoogle = window.adsbygoogle || []).push({});\n<\/script><\/p>\n<p><strong>El patio del Palacio de Ezpeleta, otro punto de encuentro de \u2018\u00a1Viva Pamplona viva!\u2019<\/strong><\/p>\n<p>El Patio del Palacio de Ezpeleta, por motivos de organizaci\u00f3n y seguridad frente al Covid-19, ha sido uno de los lugares que ha concentrado gran parte de las actividades programadas por \u2018\u00a1Viva Pamplona viva!\u2019. All\u00ed se desarrollaron los conciertos en familia de \u2018Versionando\u2019, el ciclo \u2018Respirando m\u00fasica en familia\u2019 o propuestas de artes de calle y diversos talleres. En total, 3.363 personas disfrutaron de alguna de estas actividades. Adem\u00e1s, los m\u00e1s peque\u00f1os pudieron disfrutar en la Ciudadela de un plan para jugar y disfrutar en euskera, gracias a la iniciativa \u2018Mihiluze\u2019.<\/p>\n<p><script async src=\"\/\/pagead2.googlesyndication.com\/pagead\/js\/adsbygoogle.js\"><\/script><br \/>\n<!-- Noticias La Guia de Pamplona --><br \/>\n<ins class=\"adsbygoogle\"\nstyle=\"display:block\"\ndata-ad-client=\"ca-pub-6943679897239327\"\ndata-ad-slot=\"7048180777\"\ndata-ad-format=\"auto\"><\/ins><br \/>\n<script>\n(adsbygoogle = window.adsbygoogle || []).push({});\n<\/script><\/p>\n<p>Exposiciones en torno a los Sanfermines en la Ciudadela y Condestable<\/p>\n<p>En el segundo a\u00f1o consecutivo sin sanfermines, la programaci\u00f3n de \u2018\u00a1Viva Pamplona viva!\u2019 quer\u00eda hacer un homenaje a las fiestas a trav\u00e9s de las exposiciones. De este modo, se plantearon varias muestras entre Ciudadela y el Palacio de Condestable centradas en la tem\u00e1tica de San Ferm\u00edn, pero con diferentes enfoques. En total, a lo largo del verano, visitaron alguna de las exposiciones m\u00e1s de 30.000 personas.<\/p>\n<p>As\u00ed, se recordaron Sanfermines pasados a trav\u00e9s de la mirada de fot\u00f3grafos como Inge Morath o Jim Hollander. Tambi\u00e9n se pudo disfrutar de las visiones art\u00edsticas de unos sanfermines en \u00e9poca del Covid-19, de una treintena de pintores y escultores navarros. Adem\u00e1s, se hizo un homenaje a los carteles anunciadores de las fiestas de San Ferm\u00edn, y se trasmiti\u00f3 a los asistentes la sensaci\u00f3n que se vive en Pamplona del 6 al 14 de julio a trav\u00e9s de un montaje audiovisual.<\/p>\n<p>Tambi\u00e9n en torno a los Sanfermines, el programa \u2018\u00a1Viva Pamplona viva!\u2019 ofreci\u00f3 dos propuestas de rutas literarias. Se trata de recorridos guiados por la ciudad que, del 6 al 14 de julio abordaron el tema de las fiestas y de c\u00f3mo \u00e9stas han sido reflejadas en la literatura universal. Una vez superados estos d\u00edas, las rutas abordaron tambi\u00e9n otros referentes de la ciudad. Esta actividad se ofreci\u00f3 tanto en castellano como en euskera.<\/p>\n","protected":false},"excerpt":{"rendered":"<p>Se han organizado m\u00e1s de 400 actividades entre actuaciones musicales, artes esc\u00e9nicas, talleres o exposiciones que han llegado a todos los barrios de la ciudad<\/p>\n","protected":false},"author":1,"featured_media":34499,"comment_status":"open","ping_status":"closed","sticky":false,"template":"","format":"standard","meta":{"footnotes":""},"categories":[2],"tags":[],"class_list":["post-36809","post","type-post","status-publish","format-standard","has-post-thumbnail","hentry","category-ayuntamiento-pamplona"],"yoast_head":"<!-- This site is optimized with the Yoast SEO plugin v27.5 - https:\/\/yoast.com\/product\/yoast-seo-wordpress\/ -->\n<title>M\u00e1s de 108.000 personas han disfrutado este verano del programa cultural \u00a1Viva Pamplona, viva! organizado por el Ayuntamiento<\/title>\n<meta name=\"description\" content=\"Se han organizado m\u00e1s de 400 actividades entre actuaciones musicales, artes esc\u00e9nicas, talleres o exposiciones que han llegado a todos los barrios de la ciudad\" \/>\n<meta name=\"robots\" content=\"index, follow, max-snippet:-1, max-image-preview:large, max-video-preview:-1\" \/>\n<link rel=\"canonical\" href=\"https:\/\/www.laguiadepamplona.com\/actualidad\/mas-de-108-000-personas-han-disfrutado-este-verano-del-programa-cultural-viva-pamplona-viva-organizado-por-el-ayuntamiento\/\" \/>\n<meta property=\"og:locale\" content=\"es_ES\" \/>\n<meta property=\"og:type\" content=\"article\" \/>\n<meta property=\"og:title\" content=\"M\u00e1s de 108.000 personas han disfrutado este verano del programa cultural \u00a1Viva Pamplona, viva! organizado por el Ayuntamiento\" \/>\n<meta property=\"og:description\" content=\"Se han organizado m\u00e1s de 400 actividades entre actuaciones musicales, artes esc\u00e9nicas, talleres o exposiciones que han llegado a todos los barrios de la ciudad\" \/>\n<meta property=\"og:url\" content=\"https:\/\/www.laguiadepamplona.com\/actualidad\/mas-de-108-000-personas-han-disfrutado-este-verano-del-programa-cultural-viva-pamplona-viva-organizado-por-el-ayuntamiento\/\" \/>\n<meta property=\"og:site_name\" content=\"La Gu\u00eda de Pamplona\" \/>\n<meta property=\"article:publisher\" content=\"https:\/\/www.facebook.com\/laguiadepamplonacom-133175176762273\/?ref=hl\" \/>\n<meta property=\"article:published_time\" content=\"2021-10-05T14:04:41+00:00\" \/>\n<meta property=\"article:modified_time\" content=\"2023-04-11T09:48:55+00:00\" \/>\n<meta property=\"og:image\" content=\"https:\/\/www.laguiadepamplona.com\/actualidad\/wp-content\/uploads\/2021\/04\/viva-pamplona-viva.jpg\" \/>\n\t<meta property=\"og:image:width\" content=\"1500\" \/>\n\t<meta property=\"og:image:height\" content=\"746\" \/>\n\t<meta property=\"og:image:type\" content=\"image\/jpeg\" \/>\n<meta name=\"author\" content=\"La Gu\u00eda de Pamplona\" \/>\n<meta name=\"twitter:card\" content=\"summary_large_image\" \/>\n<meta name=\"twitter:creator\" content=\"@LaGuiadPamplona\" \/>\n<meta name=\"twitter:site\" content=\"@LaGuiadPamplona\" \/>\n<meta name=\"twitter:label1\" content=\"Escrito por\" \/>\n\t<meta name=\"twitter:data1\" content=\"La Gu\u00eda de Pamplona\" \/>\n\t<meta name=\"twitter:label2\" content=\"Tiempo de lectura\" \/>\n\t<meta name=\"twitter:data2\" content=\"7 minutos\" \/>\n<script type=\"application\/ld+json\" class=\"yoast-schema-graph\">{\"@context\":\"https:\\\/\\\/schema.org\",\"@graph\":[{\"@type\":\"Article\",\"@id\":\"https:\\\/\\\/www.laguiadepamplona.com\\\/actualidad\\\/mas-de-108-000-personas-han-disfrutado-este-verano-del-programa-cultural-viva-pamplona-viva-organizado-por-el-ayuntamiento\\\/#article\",\"isPartOf\":{\"@id\":\"https:\\\/\\\/www.laguiadepamplona.com\\\/actualidad\\\/mas-de-108-000-personas-han-disfrutado-este-verano-del-programa-cultural-viva-pamplona-viva-organizado-por-el-ayuntamiento\\\/\"},\"author\":{\"name\":\"La Gu\u00eda de Pamplona\",\"@id\":\"https:\\\/\\\/www.laguiadepamplona.com\\\/actualidad\\\/#\\\/schema\\\/person\\\/efe887376f0213d4657c93adc50b1fdb\"},\"headline\":\"M\u00e1s de 108.000 personas han disfrutado este verano del programa cultural \u00a1Viva Pamplona, viva! organizado por el Ayuntamiento\",\"datePublished\":\"2021-10-05T14:04:41+00:00\",\"dateModified\":\"2023-04-11T09:48:55+00:00\",\"mainEntityOfPage\":{\"@id\":\"https:\\\/\\\/www.laguiadepamplona.com\\\/actualidad\\\/mas-de-108-000-personas-han-disfrutado-este-verano-del-programa-cultural-viva-pamplona-viva-organizado-por-el-ayuntamiento\\\/\"},\"wordCount\":1483,\"commentCount\":0,\"publisher\":{\"@id\":\"https:\\\/\\\/www.laguiadepamplona.com\\\/actualidad\\\/#organization\"},\"image\":{\"@id\":\"https:\\\/\\\/www.laguiadepamplona.com\\\/actualidad\\\/mas-de-108-000-personas-han-disfrutado-este-verano-del-programa-cultural-viva-pamplona-viva-organizado-por-el-ayuntamiento\\\/#primaryimage\"},\"thumbnailUrl\":\"https:\\\/\\\/www.laguiadepamplona.com\\\/actualidad\\\/wp-content\\\/uploads\\\/2021\\\/04\\\/viva-pamplona-viva.jpg\",\"articleSection\":[\"Ayto Pamplona\"],\"inLanguage\":\"es\",\"potentialAction\":[{\"@type\":\"CommentAction\",\"name\":\"Comment\",\"target\":[\"https:\\\/\\\/www.laguiadepamplona.com\\\/actualidad\\\/mas-de-108-000-personas-han-disfrutado-este-verano-del-programa-cultural-viva-pamplona-viva-organizado-por-el-ayuntamiento\\\/#respond\"]}]},{\"@type\":\"WebPage\",\"@id\":\"https:\\\/\\\/www.laguiadepamplona.com\\\/actualidad\\\/mas-de-108-000-personas-han-disfrutado-este-verano-del-programa-cultural-viva-pamplona-viva-organizado-por-el-ayuntamiento\\\/\",\"url\":\"https:\\\/\\\/www.laguiadepamplona.com\\\/actualidad\\\/mas-de-108-000-personas-han-disfrutado-este-verano-del-programa-cultural-viva-pamplona-viva-organizado-por-el-ayuntamiento\\\/\",\"name\":\"M\u00e1s de 108.000 personas han disfrutado este verano del programa cultural \u00a1Viva Pamplona, viva! organizado por el Ayuntamiento\",\"isPartOf\":{\"@id\":\"https:\\\/\\\/www.laguiadepamplona.com\\\/actualidad\\\/#website\"},\"primaryImageOfPage\":{\"@id\":\"https:\\\/\\\/www.laguiadepamplona.com\\\/actualidad\\\/mas-de-108-000-personas-han-disfrutado-este-verano-del-programa-cultural-viva-pamplona-viva-organizado-por-el-ayuntamiento\\\/#primaryimage\"},\"image\":{\"@id\":\"https:\\\/\\\/www.laguiadepamplona.com\\\/actualidad\\\/mas-de-108-000-personas-han-disfrutado-este-verano-del-programa-cultural-viva-pamplona-viva-organizado-por-el-ayuntamiento\\\/#primaryimage\"},\"thumbnailUrl\":\"https:\\\/\\\/www.laguiadepamplona.com\\\/actualidad\\\/wp-content\\\/uploads\\\/2021\\\/04\\\/viva-pamplona-viva.jpg\",\"datePublished\":\"2021-10-05T14:04:41+00:00\",\"dateModified\":\"2023-04-11T09:48:55+00:00\",\"description\":\"Se han organizado m\u00e1s de 400 actividades entre actuaciones musicales, artes esc\u00e9nicas, talleres o exposiciones que han llegado a todos los barrios de la ciudad\",\"breadcrumb\":{\"@id\":\"https:\\\/\\\/www.laguiadepamplona.com\\\/actualidad\\\/mas-de-108-000-personas-han-disfrutado-este-verano-del-programa-cultural-viva-pamplona-viva-organizado-por-el-ayuntamiento\\\/#breadcrumb\"},\"inLanguage\":\"es\",\"potentialAction\":[{\"@type\":\"ReadAction\",\"target\":[\"https:\\\/\\\/www.laguiadepamplona.com\\\/actualidad\\\/mas-de-108-000-personas-han-disfrutado-este-verano-del-programa-cultural-viva-pamplona-viva-organizado-por-el-ayuntamiento\\\/\"]}]},{\"@type\":\"ImageObject\",\"inLanguage\":\"es\",\"@id\":\"https:\\\/\\\/www.laguiadepamplona.com\\\/actualidad\\\/mas-de-108-000-personas-han-disfrutado-este-verano-del-programa-cultural-viva-pamplona-viva-organizado-por-el-ayuntamiento\\\/#primaryimage\",\"url\":\"https:\\\/\\\/www.laguiadepamplona.com\\\/actualidad\\\/wp-content\\\/uploads\\\/2021\\\/04\\\/viva-pamplona-viva.jpg\",\"contentUrl\":\"https:\\\/\\\/www.laguiadepamplona.com\\\/actualidad\\\/wp-content\\\/uploads\\\/2021\\\/04\\\/viva-pamplona-viva.jpg\",\"width\":1500,\"height\":746},{\"@type\":\"BreadcrumbList\",\"@id\":\"https:\\\/\\\/www.laguiadepamplona.com\\\/actualidad\\\/mas-de-108-000-personas-han-disfrutado-este-verano-del-programa-cultural-viva-pamplona-viva-organizado-por-el-ayuntamiento\\\/#breadcrumb\",\"itemListElement\":[{\"@type\":\"ListItem\",\"position\":1,\"name\":\"Portada\",\"item\":\"https:\\\/\\\/www.laguiadepamplona.com\\\/actualidad\\\/\"},{\"@type\":\"ListItem\",\"position\":2,\"name\":\"M\u00e1s de 108.000 personas han disfrutado este verano del programa cultural \u00a1Viva Pamplona, viva! organizado por el Ayuntamiento\"}]},{\"@type\":\"WebSite\",\"@id\":\"https:\\\/\\\/www.laguiadepamplona.com\\\/actualidad\\\/#website\",\"url\":\"https:\\\/\\\/www.laguiadepamplona.com\\\/actualidad\\\/\",\"name\":\"La gu\u00eda de Pamplona\",\"description\":\"Noticias de Pamplona\",\"publisher\":{\"@id\":\"https:\\\/\\\/www.laguiadepamplona.com\\\/actualidad\\\/#organization\"},\"potentialAction\":[{\"@type\":\"SearchAction\",\"target\":{\"@type\":\"EntryPoint\",\"urlTemplate\":\"https:\\\/\\\/www.laguiadepamplona.com\\\/actualidad\\\/?s={search_term_string}\"},\"query-input\":{\"@type\":\"PropertyValueSpecification\",\"valueRequired\":true,\"valueName\":\"search_term_string\"}}],\"inLanguage\":\"es\"},{\"@type\":\"Organization\",\"@id\":\"https:\\\/\\\/www.laguiadepamplona.com\\\/actualidad\\\/#organization\",\"name\":\"La Gu\u00eda de Pamplona \\\/ Noticias\",\"url\":\"https:\\\/\\\/www.laguiadepamplona.com\\\/actualidad\\\/\",\"logo\":{\"@type\":\"ImageObject\",\"inLanguage\":\"es\",\"@id\":\"https:\\\/\\\/www.laguiadepamplona.com\\\/actualidad\\\/#\\\/schema\\\/logo\\\/image\\\/\",\"url\":\"https:\\\/\\\/www.laguiadepamplona.com\\\/actualidad\\\/wp-content\\\/uploads\\\/2018\\\/11\\\/logo-laguiadepamplona18-web1.png\",\"contentUrl\":\"https:\\\/\\\/www.laguiadepamplona.com\\\/actualidad\\\/wp-content\\\/uploads\\\/2018\\\/11\\\/logo-laguiadepamplona18-web1.png\",\"width\":600,\"height\":196,\"caption\":\"La Gu\u00eda de Pamplona \\\/ Noticias\"},\"image\":{\"@id\":\"https:\\\/\\\/www.laguiadepamplona.com\\\/actualidad\\\/#\\\/schema\\\/logo\\\/image\\\/\"},\"sameAs\":[\"https:\\\/\\\/www.facebook.com\\\/laguiadepamplonacom-133175176762273\\\/?ref=hl\",\"https:\\\/\\\/x.com\\\/LaGuiadPamplona\",\"https:\\\/\\\/www.instagram.com\\\/la_guia_de_pamplona\\\/\",\"https:\\\/\\\/www.youtube.com\\\/user\\\/laguiadepamplona\"]},{\"@type\":\"Person\",\"@id\":\"https:\\\/\\\/www.laguiadepamplona.com\\\/actualidad\\\/#\\\/schema\\\/person\\\/efe887376f0213d4657c93adc50b1fdb\",\"name\":\"La Gu\u00eda de Pamplona\",\"image\":{\"@type\":\"ImageObject\",\"inLanguage\":\"es\",\"@id\":\"https:\\\/\\\/secure.gravatar.com\\\/avatar\\\/b6992f131dc8d30ab0dff15446e9d346d9dbd95992de0fef795073f5ea83a81c?s=96&d=mm&r=g\",\"url\":\"https:\\\/\\\/secure.gravatar.com\\\/avatar\\\/b6992f131dc8d30ab0dff15446e9d346d9dbd95992de0fef795073f5ea83a81c?s=96&d=mm&r=g\",\"contentUrl\":\"https:\\\/\\\/secure.gravatar.com\\\/avatar\\\/b6992f131dc8d30ab0dff15446e9d346d9dbd95992de0fef795073f5ea83a81c?s=96&d=mm&r=g\",\"caption\":\"La Gu\u00eda de Pamplona\"}}]}<\/script>\n<!-- \/ Yoast SEO plugin. -->","yoast_head_json":{"title":"M\u00e1s de 108.000 personas han disfrutado este verano del programa cultural \u00a1Viva Pamplona, viva! organizado por el Ayuntamiento","description":"Se han organizado m\u00e1s de 400 actividades entre actuaciones musicales, artes esc\u00e9nicas, talleres o exposiciones que han llegado a todos los barrios de la ciudad","robots":{"index":"index","follow":"follow","max-snippet":"max-snippet:-1","max-image-preview":"max-image-preview:large","max-video-preview":"max-video-preview:-1"},"canonical":"https:\/\/www.laguiadepamplona.com\/actualidad\/mas-de-108-000-personas-han-disfrutado-este-verano-del-programa-cultural-viva-pamplona-viva-organizado-por-el-ayuntamiento\/","og_locale":"es_ES","og_type":"article","og_title":"M\u00e1s de 108.000 personas han disfrutado este verano del programa cultural \u00a1Viva Pamplona, viva! organizado por el Ayuntamiento","og_description":"Se han organizado m\u00e1s de 400 actividades entre actuaciones musicales, artes esc\u00e9nicas, talleres o exposiciones que han llegado a todos los barrios de la ciudad","og_url":"https:\/\/www.laguiadepamplona.com\/actualidad\/mas-de-108-000-personas-han-disfrutado-este-verano-del-programa-cultural-viva-pamplona-viva-organizado-por-el-ayuntamiento\/","og_site_name":"La Gu\u00eda de Pamplona","article_publisher":"https:\/\/www.facebook.com\/laguiadepamplonacom-133175176762273\/?ref=hl","article_published_time":"2021-10-05T14:04:41+00:00","article_modified_time":"2023-04-11T09:48:55+00:00","og_image":[{"width":1500,"height":746,"url":"https:\/\/www.laguiadepamplona.com\/actualidad\/wp-content\/uploads\/2021\/04\/viva-pamplona-viva.jpg","type":"image\/jpeg"}],"author":"La Gu\u00eda de Pamplona","twitter_card":"summary_large_image","twitter_creator":"@LaGuiadPamplona","twitter_site":"@LaGuiadPamplona","twitter_misc":{"Escrito por":"La Gu\u00eda de Pamplona","Tiempo de lectura":"7 minutos"},"schema":{"@context":"https:\/\/schema.org","@graph":[{"@type":"Article","@id":"https:\/\/www.laguiadepamplona.com\/actualidad\/mas-de-108-000-personas-han-disfrutado-este-verano-del-programa-cultural-viva-pamplona-viva-organizado-por-el-ayuntamiento\/#article","isPartOf":{"@id":"https:\/\/www.laguiadepamplona.com\/actualidad\/mas-de-108-000-personas-han-disfrutado-este-verano-del-programa-cultural-viva-pamplona-viva-organizado-por-el-ayuntamiento\/"},"author":{"name":"La Gu\u00eda de Pamplona","@id":"https:\/\/www.laguiadepamplona.com\/actualidad\/#\/schema\/person\/efe887376f0213d4657c93adc50b1fdb"},"headline":"M\u00e1s de 108.000 personas han disfrutado este verano del programa cultural \u00a1Viva Pamplona, viva! organizado por el Ayuntamiento","datePublished":"2021-10-05T14:04:41+00:00","dateModified":"2023-04-11T09:48:55+00:00","mainEntityOfPage":{"@id":"https:\/\/www.laguiadepamplona.com\/actualidad\/mas-de-108-000-personas-han-disfrutado-este-verano-del-programa-cultural-viva-pamplona-viva-organizado-por-el-ayuntamiento\/"},"wordCount":1483,"commentCount":0,"publisher":{"@id":"https:\/\/www.laguiadepamplona.com\/actualidad\/#organization"},"image":{"@id":"https:\/\/www.laguiadepamplona.com\/actualidad\/mas-de-108-000-personas-han-disfrutado-este-verano-del-programa-cultural-viva-pamplona-viva-organizado-por-el-ayuntamiento\/#primaryimage"},"thumbnailUrl":"https:\/\/www.laguiadepamplona.com\/actualidad\/wp-content\/uploads\/2021\/04\/viva-pamplona-viva.jpg","articleSection":["Ayto Pamplona"],"inLanguage":"es","potentialAction":[{"@type":"CommentAction","name":"Comment","target":["https:\/\/www.laguiadepamplona.com\/actualidad\/mas-de-108-000-personas-han-disfrutado-este-verano-del-programa-cultural-viva-pamplona-viva-organizado-por-el-ayuntamiento\/#respond"]}]},{"@type":"WebPage","@id":"https:\/\/www.laguiadepamplona.com\/actualidad\/mas-de-108-000-personas-han-disfrutado-este-verano-del-programa-cultural-viva-pamplona-viva-organizado-por-el-ayuntamiento\/","url":"https:\/\/www.laguiadepamplona.com\/actualidad\/mas-de-108-000-personas-han-disfrutado-este-verano-del-programa-cultural-viva-pamplona-viva-organizado-por-el-ayuntamiento\/","name":"M\u00e1s de 108.000 personas han disfrutado este verano del programa cultural \u00a1Viva Pamplona, viva! organizado por el Ayuntamiento","isPartOf":{"@id":"https:\/\/www.laguiadepamplona.com\/actualidad\/#website"},"primaryImageOfPage":{"@id":"https:\/\/www.laguiadepamplona.com\/actualidad\/mas-de-108-000-personas-han-disfrutado-este-verano-del-programa-cultural-viva-pamplona-viva-organizado-por-el-ayuntamiento\/#primaryimage"},"image":{"@id":"https:\/\/www.laguiadepamplona.com\/actualidad\/mas-de-108-000-personas-han-disfrutado-este-verano-del-programa-cultural-viva-pamplona-viva-organizado-por-el-ayuntamiento\/#primaryimage"},"thumbnailUrl":"https:\/\/www.laguiadepamplona.com\/actualidad\/wp-content\/uploads\/2021\/04\/viva-pamplona-viva.jpg","datePublished":"2021-10-05T14:04:41+00:00","dateModified":"2023-04-11T09:48:55+00:00","description":"Se han organizado m\u00e1s de 400 actividades entre actuaciones musicales, artes esc\u00e9nicas, talleres o exposiciones que han llegado a todos los barrios de la ciudad","breadcrumb":{"@id":"https:\/\/www.laguiadepamplona.com\/actualidad\/mas-de-108-000-personas-han-disfrutado-este-verano-del-programa-cultural-viva-pamplona-viva-organizado-por-el-ayuntamiento\/#breadcrumb"},"inLanguage":"es","potentialAction":[{"@type":"ReadAction","target":["https:\/\/www.laguiadepamplona.com\/actualidad\/mas-de-108-000-personas-han-disfrutado-este-verano-del-programa-cultural-viva-pamplona-viva-organizado-por-el-ayuntamiento\/"]}]},{"@type":"ImageObject","inLanguage":"es","@id":"https:\/\/www.laguiadepamplona.com\/actualidad\/mas-de-108-000-personas-han-disfrutado-este-verano-del-programa-cultural-viva-pamplona-viva-organizado-por-el-ayuntamiento\/#primaryimage","url":"https:\/\/www.laguiadepamplona.com\/actualidad\/wp-content\/uploads\/2021\/04\/viva-pamplona-viva.jpg","contentUrl":"https:\/\/www.laguiadepamplona.com\/actualidad\/wp-content\/uploads\/2021\/04\/viva-pamplona-viva.jpg","width":1500,"height":746},{"@type":"BreadcrumbList","@id":"https:\/\/www.laguiadepamplona.com\/actualidad\/mas-de-108-000-personas-han-disfrutado-este-verano-del-programa-cultural-viva-pamplona-viva-organizado-por-el-ayuntamiento\/#breadcrumb","itemListElement":[{"@type":"ListItem","position":1,"name":"Portada","item":"https:\/\/www.laguiadepamplona.com\/actualidad\/"},{"@type":"ListItem","position":2,"name":"M\u00e1s de 108.000 personas han disfrutado este verano del programa cultural \u00a1Viva Pamplona, viva! organizado por el Ayuntamiento"}]},{"@type":"WebSite","@id":"https:\/\/www.laguiadepamplona.com\/actualidad\/#website","url":"https:\/\/www.laguiadepamplona.com\/actualidad\/","name":"La gu\u00eda de Pamplona","description":"Noticias de Pamplona","publisher":{"@id":"https:\/\/www.laguiadepamplona.com\/actualidad\/#organization"},"potentialAction":[{"@type":"SearchAction","target":{"@type":"EntryPoint","urlTemplate":"https:\/\/www.laguiadepamplona.com\/actualidad\/?s={search_term_string}"},"query-input":{"@type":"PropertyValueSpecification","valueRequired":true,"valueName":"search_term_string"}}],"inLanguage":"es"},{"@type":"Organization","@id":"https:\/\/www.laguiadepamplona.com\/actualidad\/#organization","name":"La Gu\u00eda de Pamplona \/ Noticias","url":"https:\/\/www.laguiadepamplona.com\/actualidad\/","logo":{"@type":"ImageObject","inLanguage":"es","@id":"https:\/\/www.laguiadepamplona.com\/actualidad\/#\/schema\/logo\/image\/","url":"https:\/\/www.laguiadepamplona.com\/actualidad\/wp-content\/uploads\/2018\/11\/logo-laguiadepamplona18-web1.png","contentUrl":"https:\/\/www.laguiadepamplona.com\/actualidad\/wp-content\/uploads\/2018\/11\/logo-laguiadepamplona18-web1.png","width":600,"height":196,"caption":"La Gu\u00eda de Pamplona \/ Noticias"},"image":{"@id":"https:\/\/www.laguiadepamplona.com\/actualidad\/#\/schema\/logo\/image\/"},"sameAs":["https:\/\/www.facebook.com\/laguiadepamplonacom-133175176762273\/?ref=hl","https:\/\/x.com\/LaGuiadPamplona","https:\/\/www.instagram.com\/la_guia_de_pamplona\/","https:\/\/www.youtube.com\/user\/laguiadepamplona"]},{"@type":"Person","@id":"https:\/\/www.laguiadepamplona.com\/actualidad\/#\/schema\/person\/efe887376f0213d4657c93adc50b1fdb","name":"La Gu\u00eda de Pamplona","image":{"@type":"ImageObject","inLanguage":"es","@id":"https:\/\/secure.gravatar.com\/avatar\/b6992f131dc8d30ab0dff15446e9d346d9dbd95992de0fef795073f5ea83a81c?s=96&d=mm&r=g","url":"https:\/\/secure.gravatar.com\/avatar\/b6992f131dc8d30ab0dff15446e9d346d9dbd95992de0fef795073f5ea83a81c?s=96&d=mm&r=g","contentUrl":"https:\/\/secure.gravatar.com\/avatar\/b6992f131dc8d30ab0dff15446e9d346d9dbd95992de0fef795073f5ea83a81c?s=96&d=mm&r=g","caption":"La Gu\u00eda de Pamplona"}}]}},"post_mailing_queue_ids":[],"_links":{"self":[{"href":"https:\/\/www.laguiadepamplona.com\/actualidad\/wp-json\/wp\/v2\/posts\/36809","targetHints":{"allow":["GET"]}}],"collection":[{"href":"https:\/\/www.laguiadepamplona.com\/actualidad\/wp-json\/wp\/v2\/posts"}],"about":[{"href":"https:\/\/www.laguiadepamplona.com\/actualidad\/wp-json\/wp\/v2\/types\/post"}],"author":[{"embeddable":true,"href":"https:\/\/www.laguiadepamplona.com\/actualidad\/wp-json\/wp\/v2\/users\/1"}],"replies":[{"embeddable":true,"href":"https:\/\/www.laguiadepamplona.com\/actualidad\/wp-json\/wp\/v2\/comments?post=36809"}],"version-history":[{"count":0,"href":"https:\/\/www.laguiadepamplona.com\/actualidad\/wp-json\/wp\/v2\/posts\/36809\/revisions"}],"wp:featuredmedia":[{"embeddable":true,"href":"https:\/\/www.laguiadepamplona.com\/actualidad\/wp-json\/wp\/v2\/media\/34499"}],"wp:attachment":[{"href":"https:\/\/www.laguiadepamplona.com\/actualidad\/wp-json\/wp\/v2\/media?parent=36809"}],"wp:term":[{"taxonomy":"category","embeddable":true,"href":"https:\/\/www.laguiadepamplona.com\/actualidad\/wp-json\/wp\/v2\/categories?post=36809"},{"taxonomy":"post_tag","embeddable":true,"href":"https:\/\/www.laguiadepamplona.com\/actualidad\/wp-json\/wp\/v2\/tags?post=36809"}],"curies":[{"name":"wp","href":"https:\/\/api.w.org\/{rel}","templated":true}]}}